{"id":10613,"date":"2023-06-14T17:01:03","date_gmt":"2023-06-14T15:01:03","guid":{"rendered":"https:\/\/woblink.com\/blog\/?p=10613"},"modified":"2023-06-14T17:03:28","modified_gmt":"2023-06-14T15:03:28","slug":"przygotuj-swoj-koszyk-na-noc-ebookow-740-ebookow-do-1499-zl","status":"publish","type":"post","link":"https:\/\/woblink.com\/blog\/przygotuj-swoj-koszyk-na-noc-ebookow-740-ebookow-do-1499-zl\/","title":{"rendered":"Przygotuj sw\u00f3j koszyk na\u2026 NOC EBOOK\u00d3W! 740 ebook\u00f3w do 14,99 z\u0142"},"content":{"rendered":"<p><strong>Wracamy z kolejn\u0105 ods\u0142on\u0105 bezsennej Nocy Ebook\u00f3w! Ju\u017c dzi\u015b od godziny 18:00 do 6:00 nast\u0119pnego dnia w naszym sklepie internetowym znajdziecie ponad 700 tytu\u0142\u00f3w w cenie nie przekraczaj\u0105cej 14,99 z\u0142!<\/strong><\/p>\n<p><!--more--><\/p>\n<h2>Bezsenna Noc Ebook\u00f3w!<\/h2>\n<p>Ju\u017c dzi\u015b, w nocy z 15 na 16 czerwca, w naszym sklepie internetowym znajdziecie ponad 700 ebook\u00f3w w cenach nie przekraczaj\u0105cych 14,99 z\u0142 i rabatach si\u0119gaj\u0105cych 82%! Tytu\u0142\u00f3w, jakie znalaz\u0142y si\u0119 w tej wyj\u0105tkowej promocji jest bardzo du\u017co, dlatego \u017ceby u\u0142atwi\u0107 wam wyb\u00f3r i nocne \u0142owy, przedstawiamy jedena\u015bcie wartych uwagi pozycji tegorocznej Nocy Ebook\u00f3w.<\/p>\n<h3>G\u0142usza \u2013 Anna Goc, Wydawnictwo Dowody<br \/>\nCena 7,99 z\u0142<\/h3>\n<figure id=\"attachment_10637\" aria-describedby=\"caption-attachment-10637\" style=\"width: 199px\" class=\"wp-caption alignright\"><a href=\"https:\/\/woblink.com\/ebook\/glusza-anna-goc-265372u\"><img decoding=\"async\" loading=\"lazy\" class=\"wp-image-10637 size-medium\" src=\"https:\/\/i0.wp.com\/woblink.com\/blog\/wp-content\/uploads\/6351c5ba1ae7c-1.jpeg?resize=199%2C300&#038;ssl=1\" alt=\"\" width=\"199\" height=\"300\" srcset=\"https:\/\/i0.wp.com\/woblink.com\/blog\/wp-content\/uploads\/6351c5ba1ae7c-1.jpeg?resize=199%2C300&amp;ssl=1 199w, https:\/\/i0.wp.com\/woblink.com\/blog\/wp-content\/uploads\/6351c5ba1ae7c-1.jpeg?w=567&amp;ssl=1 567w\" sizes=\"(max-width: 199px) 100vw, 199px\" data-recalc-dims=\"1\" \/><\/a><figcaption id=\"caption-attachment-10637\" class=\"wp-caption-text\"><center><b>Kup <a href=\"https:\/\/woblink.com\/ebook\/glusza-anna-goc-265372u\">ebooka <i>G\u0142usza<\/i> <\/a> na Woblink.com<\/b><\/center><\/figcaption><\/figure>\n<p>Nasz\u0105 list\u0119 otwiera Anna Goc i jej reporta\u017c \u201eG\u0142usza\u201d, za kt\u00f3ry zosta\u0142a uhonorowana Nagrod\u0105 im. Ryszarda Kapu\u015bci\u0144skiego 2023. Na kartach ksi\u0105\u017cki Anna Goc oddaje g\u0142os g\u0142uchym, aby opowiedzieli o sobie sami \u2013 dot\u0105d m\u00f3wili o nich przede wszystkim ci, kt\u00f3rzy s\u0142ysz\u0105.<\/p>\n<p dir=\"auto\">Wychowawca z internatu dla g\u0142uchych dzieci zn\u0119ca\u0142 si\u0119 nad nimi fizycznie i psychicznie. G\u0142ucha kobieta miga, \u017ce wychowankowie nie mogli nikomu powiedzie\u0107 o skandalicznym traktowaniu: wi\u0119kszo\u015b\u0107 z nich nie potrafi\u0142a m\u00f3wi\u0107, a ich matki nie nauczy\u0142y si\u0119 nigdy j\u0119zyka migowego.<\/p>\n<p dir=\"auto\">Nies\u0142ysz\u0105ca kobieta w ci\u0105\u017cy trafi\u0142a do szpitala. Nikt z personelu nie wezwa\u0142 t\u0142umacza, wi\u0119c jej syn \u2013 ucze\u0144 podstaw\u00f3wki \u2013\u00a0 musia\u0142 przekaza\u0107 mamie, \u017ce noworodka nie uda\u0142o si\u0119 uratowa\u0107.<\/p>\n<p dir=\"auto\">Anna Goc zadaje pytania m.in. o to, czy ludzi mo\u017cna opu\u015bci\u0107 j\u0119zykowo, nie da\u0107 im prawa do j\u0119zyka, albo nak\u0142ania\u0107 do nauczenia si\u0119 innego \u2013 tego, kt\u00f3rym pos\u0142uguje si\u0119 wi\u0119kszo\u015b\u0107, chocia\u017c dla wielu z nich to zadanie niewykonalne.<\/p>\n<figure id=\"attachment_10638\" aria-describedby=\"caption-attachment-10638\" style=\"width: 192px\" class=\"wp-caption alignleft\"><a href=\"https:\/\/woblink.com\/ebook\/szczelina-jozef-karika-138986u\"><img decoding=\"async\" loading=\"lazy\" class=\"wp-image-10638 size-medium\" src=\"https:\/\/i0.wp.com\/woblink.com\/blog\/wp-content\/uploads\/5e81763aa5001-1.jpeg?resize=192%2C300&#038;ssl=1\" alt=\"\" width=\"192\" height=\"300\" srcset=\"https:\/\/i0.wp.com\/woblink.com\/blog\/wp-content\/uploads\/5e81763aa5001-1.jpeg?resize=192%2C300&amp;ssl=1 192w, https:\/\/i0.wp.com\/woblink.com\/blog\/wp-content\/uploads\/5e81763aa5001-1.jpeg?w=548&amp;ssl=1 548w\" sizes=\"(max-width: 192px) 100vw, 192px\" data-recalc-dims=\"1\" \/><\/a><figcaption id=\"caption-attachment-10638\" class=\"wp-caption-text\"><center><b>Kup <a href=\"https:\/\/woblink.com\/ebook\/szczelina-jozef-karika-138986u\">ebooka <i>Szczelina<\/i> <\/a> na Woblink.com<\/b><\/center><\/figcaption><\/figure>\n<h3>Szczelina \u2013 Jozef Karika, t\u0142um. Joanna Betlej, Wydawnictwo Stara Szko\u0142a<br \/>\nCena 9,99<\/h3>\n<p>Fani opowie\u015bci z dreszczykiem powinni zwr\u00f3ci\u0107 uwag\u0119 na \u201eSzczelin\u0119\u201d Jozefa Kariki. To przera\u017caj\u0105ca historia, w kt\u00f3rej prawda miesza si\u0119 z fikcj\u0105, a czytelnik do samego fina\u0142u nie ma pewno\u015bci czy wydarzenia przedstawione w ksi\u0105\u017cce wydarzy\u0142y si\u0119 naprawd\u0119.<\/p>\n<p>Na kartach powie\u015bci autor opisuje seri\u0119 tajemniczych zdarze\u0144 do jakich dochodzi w s\u0142owackich g\u00f3rach. Cz\u0119\u015b\u0107 zaginionych znika bez \u015bladu, po innych pozostaj\u0105 tylko zw\u0142oki. S\u0105 jeszcze tacy, kt\u00f3rzy si\u0119 odnale\u017ali, jednak nie byli ju\u017c tymi samymi lud\u017ami, co wcze\u015bniej&#8230;<\/p>\n<figure id=\"attachment_10639\" aria-describedby=\"caption-attachment-10639\" style=\"width: 192px\" class=\"wp-caption alignright\"><a href=\"https:\/\/woblink.com\/ebook\/wrony-petra-dvorakova-201794u\"><img decoding=\"async\" loading=\"lazy\" class=\"wp-image-10639 size-medium\" src=\"https:\/\/i0.wp.com\/woblink.com\/blog\/wp-content\/uploads\/5fbaed9ed104c-4.jpeg?resize=192%2C300&#038;ssl=1\" alt=\"\" width=\"192\" height=\"300\" srcset=\"https:\/\/i0.wp.com\/woblink.com\/blog\/wp-content\/uploads\/5fbaed9ed104c-4.jpeg?resize=192%2C300&amp;ssl=1 192w, https:\/\/i0.wp.com\/woblink.com\/blog\/wp-content\/uploads\/5fbaed9ed104c-4.jpeg?w=548&amp;ssl=1 548w\" sizes=\"(max-width: 192px) 100vw, 192px\" data-recalc-dims=\"1\" \/><\/a><figcaption id=\"caption-attachment-10639\" class=\"wp-caption-text\"><center><b>Kup <a href=\"https:\/\/woblink.com\/ebook\/wrony-petra-dvorakova-201794u\">ebooka <i>Wrony<\/i> <\/a> na Woblink.com<\/b><\/center><\/figcaption><\/figure>\n<p>Podczas pracy na budowie Igor, kt\u00f3ry dopiero co sko\u0144czy\u0142 studia, odkrywa tajemniczy sejf. Znajduje w nim p\u0142yty gramofonowe sprzed lat. Po ods\u0142uchaniu s\u0142yszy na nich g\u0142os cz\u0142owieka, kt\u00f3rzy prze kilka miesi\u0119cy b\u0142\u0105ka\u0142 si\u0119 w g\u00f3rach Trybecza. Ch\u0142opak postanawia dowiedzie\u0107 si\u0119, jaki sekret kryj\u0105 s\u0142owackie g\u00f3ry.<\/p>\n<h3>Wrony\u00a0\u2013 Petra Dvorakova, t\u0142um. Miros\u0142aw \u015amigielski, Wydawnictwo Stara Szko\u0142a<br \/>\nCena: 9,99 z\u0142<\/h3>\n<p>Kolejn\u0105 propozycj\u0105 z tegorocznej Nocy Ebook\u00f3w jest poruszaj\u0105ca i pe\u0142na emocji powie\u015b\u0107 pt. \u201eWrony\u201d. Ksi\u0105\u017cka Petry Dvorakovej to kameralna opowie\u015b\u0107 o \u015bwietle i mroku, kt\u00f3ra b\u0142yskawicznie podbi\u0142a serca polskich czytelnik\u00f3w. Dwunastoletnia Basia, jej starsza siostra Kasia i rodzice tworz\u0105 typow\u0105, pozornie szcz\u0119\u015bliw\u0105 rodzin\u0119. Jednak pod p\u0142aszczykiem normalno\u015bci kryj\u0105 si\u0119 wzajemne pretensje, problemy oraz brak zrozumienia. Dojrzewaj\u0105ca Basia zaczyna odkrywa\u0107 w sobie talent plastyczny. Niestety im bardziej stara si\u0119 \u017cy\u0107 w zgodzie z sam\u0105 sob\u0105, tym usilniej rodzina chce \u015bci\u0105gn\u0105\u0107 j\u0105 w stron\u0119 bierno\u015bci i przeci\u0119tno\u015bci.<\/p>\n<figure id=\"attachment_10640\" aria-describedby=\"caption-attachment-10640\" style=\"width: 199px\" class=\"wp-caption alignleft\"><a href=\"https:\/\/woblink.com\/ebook\/glod-saga-wolynska-joanna-jax-242438u\"><img decoding=\"async\" loading=\"lazy\" class=\"wp-image-10640 size-medium\" src=\"https:\/\/i0.wp.com\/woblink.com\/blog\/wp-content\/uploads\/623a557a5e4f2-1.jpeg?resize=199%2C300&#038;ssl=1\" alt=\"\" width=\"199\" height=\"300\" srcset=\"https:\/\/i0.wp.com\/woblink.com\/blog\/wp-content\/uploads\/623a557a5e4f2-1.jpeg?resize=199%2C300&amp;ssl=1 199w, https:\/\/i0.wp.com\/woblink.com\/blog\/wp-content\/uploads\/623a557a5e4f2-1.jpeg?w=566&amp;ssl=1 566w\" sizes=\"(max-width: 199px) 100vw, 199px\" data-recalc-dims=\"1\" \/><\/a><figcaption id=\"caption-attachment-10640\" class=\"wp-caption-text\"><center><b>Kup <a href=\"https:\/\/woblink.com\/ebook\/glod-saga-wolynska-joanna-jax-242438u\">ebooka <i>G\u0142\u00f3d<\/i> <\/a> na Woblink.com<\/b><\/center><\/figcaption><\/figure>\n<p>Czy dziewczynka ma szans\u0119 na ucieczk\u0119 z \u017cyciowej pu\u0142apki? Czy przepa\u015b\u0107 mi\u0119dzy ni\u0105 a rodzicami jest mo\u017cliwa do przeskoczenia?<\/p>\n<p>Ksi\u0105\u017cka ta by\u0142a trzecim najcz\u0119\u015bciej wybieranym tytu\u0142em w akcji Czytaj PL 2022.<\/p>\n<h3>G\u0142\u00f3d. Saga wo\u0142y\u0144ska \u2013 Joanna Jax, Wydawnictwo Skarpa Warszawska<br \/>\nCena: 11,99 z\u0142<\/h3>\n<p>Joanna Jax to polska pisarka specjalizuj\u0105ca si\u0119 w powie\u015bciach historycznych i sagach rodzinnych. Jedn\u0105 z nich jest Saga wo\u0142y\u0144ska, kt\u00f3r\u0105 otwiera \u201eG\u0142\u00f3d\u201d.\u00a0 To anga\u017cuj\u0105ca opowie\u015b\u0107 o ludzkiej godno\u015bci, cz\u0142owiecze\u0144stwie i ogromnej determinacji, \u017ceby zazna\u0107 chocia\u017c odrobiny szcz\u0119\u015bcia. A przede wszystkim z niezwykle skomplikowanych ludzkich uczuciach i losach, kt\u00f3rych si\u0142a mo\u017ce by\u0107 niezwykle niszcz\u0105ca&#8230;<\/p>\n<figure id=\"attachment_10641\" aria-describedby=\"caption-attachment-10641\" style=\"width: 192px\" class=\"wp-caption alignright\"><a href=\"https:\/\/woblink.com\/ebook\/po-sloncu-jonas-eika-287424u\"><img decoding=\"async\" loading=\"lazy\" class=\"wp-image-10641 size-medium\" src=\"https:\/\/i0.wp.com\/woblink.com\/blog\/wp-content\/uploads\/645a5171cc991.jpeg?resize=192%2C300&#038;ssl=1\" alt=\"\" width=\"192\" height=\"300\" srcset=\"https:\/\/i0.wp.com\/woblink.com\/blog\/wp-content\/uploads\/645a5171cc991.jpeg?resize=192%2C300&amp;ssl=1 192w, https:\/\/i0.wp.com\/woblink.com\/blog\/wp-content\/uploads\/645a5171cc991.jpeg?w=548&amp;ssl=1 548w\" sizes=\"(max-width: 192px) 100vw, 192px\" data-recalc-dims=\"1\" \/><\/a><figcaption id=\"caption-attachment-10641\" class=\"wp-caption-text\"><center><b>Kup <a href=\"https:\/\/woblink.com\/ebook\/po-sloncu-jonas-eika-287424u\">ebooka <i>Po s\u0142o\u0144cu<\/i> <\/a> na Woblink.com<\/b><\/center><\/figcaption><\/figure>\n<p>Wissarion Zinowjew i Nadia Szewczenko walcz\u0105 o przetrwanie w czasie ho\u0142odomoru. Z kolei Marta Osadkowska i Marcel Lema\u0144ski walcz\u0105 o mi\u0142o\u015b\u0107, kt\u00f3rej zupe\u0142nie nikt z ich otoczenia nie daje szans.<\/p>\n<p>Autorka po raz kolejny udowadnia, \u017ce ma niezwyk\u0142\u0105 zdolno\u015b\u0107 do kreowania bohater\u00f3w, kt\u00f3rych losy splataj\u0105 si\u0119 z historycznymi wydarzeniami.<\/p>\n<h3>Po s\u0142o\u0144cu \u2013 Jonas Eika, t\u0142um. Maciej Bobula, Wydawnictwo Artrage<br \/>\nCena 12,99 z\u0142<\/h3>\n<p>Nasz\u0105 kolejn\u0105 propozycj\u0105 jest \u201ePo s\u0142o\u0144cu\u201d \u2013 ksi\u0105\u017cka nominowana do Mi\u0119dzynarodowej Nagrody Bookera 2022.<\/p>\n<p>Konsultant IT nie pojawia si\u0119 na um\u00f3wionym spotkaniu w Kopenhadze i wpl\u0105tuje si\u0119 w handel instrumentami pochodnymi. M\u0142ody ch\u0142opak pracuje w klubie pla\u017cowym w Canc\u00fan i musi walczy\u0107 o przetrwanie. Mi\u0142osny tr\u00f3jk\u0105t w londy\u0144skim p\u00f3\u0142\u015bwiatku rozpada si\u0119. Pogr\u0105\u017cony w wielkiej \u017ca\u0142obie m\u0119\u017cczyzna chce za wszelk\u0105 cen\u0119 po\u0142\u0105czy\u0107 si\u0119 z nieziemsk\u0105 maszyn\u0105 znajduj\u0105c\u0105 si\u0119 na pustyni w Nevadzie.<\/p>\n<figure id=\"attachment_10642\" aria-describedby=\"caption-attachment-10642\" style=\"width: 198px\" class=\"wp-caption alignleft\"><a href=\"https:\/\/woblink.com\/ebook\/golab-i-waz-shelby-mahurin-189166u\"><img decoding=\"async\" loading=\"lazy\" class=\"wp-image-10642 size-medium\" src=\"https:\/\/i0.wp.com\/woblink.com\/blog\/wp-content\/uploads\/5ee9416bde78d.jpeg?resize=198%2C300&#038;ssl=1\" alt=\"\" width=\"198\" height=\"300\" srcset=\"https:\/\/i0.wp.com\/woblink.com\/blog\/wp-content\/uploads\/5ee9416bde78d.jpeg?resize=198%2C300&amp;ssl=1 198w, https:\/\/i0.wp.com\/woblink.com\/blog\/wp-content\/uploads\/5ee9416bde78d.jpeg?w=563&amp;ssl=1 563w\" sizes=\"(max-width: 198px) 100vw, 198px\" data-recalc-dims=\"1\" \/><\/a><figcaption id=\"caption-attachment-10642\" class=\"wp-caption-text\"><center><b>Kup <a href=\"https:\/\/woblink.com\/ebook\/golab-i-waz-shelby-mahurin-189166u\">ebooka <i>Go\u0142\u0105b i w\u0105\u017c<\/i> <\/a> na Woblink.com<\/b><\/center><\/figcaption><\/figure>\n<p>Jonas Eika w \u201ePo s\u0142o\u0144cu\u201d eksploruje zglobalizowany \u015bwiat zdefiniowany przez kapitalizm oraz przepe\u0142niony po\u017c\u0105daniem. Autor zderza pi\u0119kno z grotesk\u0105, niezwyk\u0142\u0105 moc wyobra\u017ani z hiperrealizmem.<\/p>\n<h3>Go\u0142\u0105b i w\u0105\u017c \u2013 Shelby Mahurin, t\u0142um. Agnieszka Kalus, Wydawnictwo We need YA<br \/>\nCena: 13,99 z\u0142<\/h3>\n<blockquote><p>Genialny debiut, pe\u0142en wszystkiego, co kocham: z nietuzinkow\u0105 bohaterk\u0105 z krwi i ko\u015bci, pokr\u0119conym i \u015bmierciono\u015bnym systemem magii oraz p\u0142omiennym romansem, kt\u00f3ry sprawia\u0142, \u017ce zarywa\u0142am noce, czytaj\u0105c kolejne strony. Go\u0142\u0105b i w\u0105\u017c to absolutna pere\u0142ka w\u015br\u00f3d ksi\u0105\u017cek.<br \/>\nSarah J. Maas<\/p><\/blockquote>\n<p>Louise dwa lata temu wyrzek\u0142a si\u0119 swoich mocy i uciek\u0142a z sabatu. Jej plan by\u0142 prosty \u2013 chcia\u0142a ukry\u0107 si\u0119 w Cesarine i \u017cy\u0107 z tego, co uda si\u0119 jej zdoby\u0107 dzi\u0119ki sprytowi. Niestety tu, w mie\u015bcie ow\u0142adni\u0119tym strachem przed magi\u0105, osoby takie jak Lou s\u0105 \u015bciganie i palone na stosach.<\/p>\n<figure id=\"attachment_10643\" aria-describedby=\"caption-attachment-10643\" style=\"width: 211px\" class=\"wp-caption alignright\"><a href=\"https:\/\/woblink.com\/ebook\/wieczny-grunwald-szczepan-twardoch-227371u\"><img decoding=\"async\" loading=\"lazy\" class=\"wp-image-10643 size-medium\" src=\"https:\/\/i0.wp.com\/woblink.com\/blog\/wp-content\/uploads\/63ece18e3e43a.jpeg?resize=211%2C300&#038;ssl=1\" alt=\"\" width=\"211\" height=\"300\" srcset=\"https:\/\/i0.wp.com\/woblink.com\/blog\/wp-content\/uploads\/63ece18e3e43a.jpeg?resize=211%2C300&amp;ssl=1 211w, https:\/\/i0.wp.com\/woblink.com\/blog\/wp-content\/uploads\/63ece18e3e43a.jpeg?w=570&amp;ssl=1 570w\" sizes=\"(max-width: 211px) 100vw, 211px\" data-recalc-dims=\"1\" \/><\/a><figcaption id=\"caption-attachment-10643\" class=\"wp-caption-text\"><center><b>Kup <a href=\"https:\/\/woblink.com\/ebook\/wieczny-grunwald-szczepan-twardoch-227371u\">ebooka <i>Wieczny Grunwald<\/i> <\/a> na Woblink.com<\/b><\/center><\/figcaption><\/figure>\n<p>Reid Diggory jest \u0142owc\u0105 czarownic na us\u0142ugach Ko\u015bcio\u0142a. Kieruje si\u0119 w \u017cyciu jedn\u0105 zasad\u0105: wied\u017amy musz\u0105 zgin\u0105\u0107!<\/p>\n<p>\u015acie\u017cki dw\u00f3jki bohater\u00f3w mia\u0142y si\u0119 nigdy nie przeci\u0105\u0107, jednak pewien rozkaz zmusza ich do niemo\u017cliwego \u2013 ma\u0142\u017ce\u0144stwa.<\/p>\n<h3>Wieczny Grunwald \u2013 Szczepan Twardoch, Wydawnictwo Literackie<br \/>\nCena: 13,99 z\u0142<\/h3>\n<p>To w\u0142a\u015bnie od tej powie\u015bci, zdaniem wielu krytyk\u00f3w, z pe\u0142n\u0105 moc\u0105 ruszy\u0142a era Szczepana Twardocha. \u201eWieczny Grunwald\u201d zosta\u0142 wydany przez Narodowe Centrum Kultury w 2010 roku w ramach obchod\u00f3w 600. rocznicy Bitwy pod Grunwaldem. Autor bierze na warsztat relacje polsko-niemieckie, rozprawia si\u0119 z mitem polskiego wallenrodyzmu oraz mia\u017cd\u017cy stereotypy etosu rycerskiego.<\/p>\n<p>To opowie\u015b\u0107 o b\u0119karcie, synu kr\u00f3la Kazimierza, kt\u00f3ry po \u015bmierci rodzic\u00f3w stara si\u0119 dowiedzie\u0107, kim jest. Prawowitym synem monarchy czy b\u0119kartem? Rycerzem czy morderc\u0105? Niemcem czy Polakiem? Podr\u00f3\u017c, w kt\u00f3r\u0105 wyrusza, poprowadzi go a\u017c pod pola Grunwaldu.<\/p>\n<figure id=\"attachment_10644\" aria-describedby=\"caption-attachment-10644\" style=\"width: 198px\" class=\"wp-caption alignleft\"><a href=\"https:\/\/woblink.com\/ebook\/daleko-od-babiej-gory-irena-malysa-286253u\"><img decoding=\"async\" loading=\"lazy\" class=\"wp-image-10644 size-medium\" src=\"https:\/\/i0.wp.com\/woblink.com\/blog\/wp-content\/uploads\/6448522b1561e.jpeg?resize=198%2C300&#038;ssl=1\" alt=\"\" width=\"198\" height=\"300\" srcset=\"https:\/\/i0.wp.com\/woblink.com\/blog\/wp-content\/uploads\/6448522b1561e.jpeg?resize=198%2C300&amp;ssl=1 198w, https:\/\/i0.wp.com\/woblink.com\/blog\/wp-content\/uploads\/6448522b1561e.jpeg?w=563&amp;ssl=1 563w\" sizes=\"(max-width: 198px) 100vw, 198px\" data-recalc-dims=\"1\" \/><\/a><figcaption id=\"caption-attachment-10644\" class=\"wp-caption-text\"><center><b>Kup <a href=\"https:\/\/woblink.com\/ebook\/daleko-od-babiej-gory-irena-malysa-286253u\">ebooka <i>Daleko od Babiej G\u00f3ry<\/i> <\/a> na Woblink.com<\/b><\/center><\/figcaption><\/figure>\n<h3>Daleko od Babiej G\u00f3ry \u2013 Irena Ma\u0142ysa, Wydawnictwo Kobiece<br \/>\nCena: 14,99 z\u0142<\/h3>\n<p>Irena Ma\u0142ysa wraca z kolejn\u0105 ods\u0142on\u0105 los\u00f3w Ba\u015bki Zajdy, policjantki spod Babiej G\u00f3ry. Tym razem bohaterka przyje\u017cd\u017ca do Mys\u0142owic, na pogrzeb ciotki Ewy. Pojawia si\u0119 tam pierwszy raz od dawna. Kiedy\u015b, jako ma\u0142a dziewczynka co roku sp\u0119dza\u0142a na \u015al\u0105sku wakacje. Przy kameralnej Zawoi Mys\u0142owice wydawa\u0142y si\u0119 jej zawsze gigantycznym, pe\u0142nym tajemnic miastem.<\/p>\n<p>Ba\u015bka, za namowami swojej matki, chce sp\u0119dzi\u0107 urlop na remontowaniu mieszkania po ciotce. Liczy na to, \u017ce zmiana otoczenia pomo\u017ce jej zapomnie\u0107 o katastrofalnych wydarzeniach z Krakowa. Bohaterka chce te\u017c odbudowa\u0107 wi\u0119\u017a z rodzin\u0105 ze \u015al\u0105ska i odnowi\u0107 relacj\u0119 z kole\u017cank\u0105 z dawnych lat.<\/p>\n<p>Szybko okazuje si\u0119, \u017ce Mys\u0142owice kryj\u0105 mroczne sekrety. Kilka miesi\u0119cy temu zamordowano c\u00f3rk\u0119 Wieczork\u00f3w, a zab\u00f3jca do dzi\u015b nie zosta\u0142 z\u0142apany. Mimo, \u017ce Ba\u015bka obiecywa\u0142a sobie, \u017ce na urlopie nie b\u0119dzie rozwi\u0105zywa\u0107 \u017cadnych zagadek kryminalnych, to kiedy znika c\u00f3rka jej kole\u017canki, policjantka anga\u017cuje si\u0119 w poszukiwania. Czy uda jej si\u0119 odnale\u017a\u0107 zaginion\u0105? Jakie sekrety skrywa stara kopalnia? Co \u0142\u0105czy emigracyjn\u0105 histori\u0119 Mys\u0142owic z zab\u00f3jstwami nastolatek?<\/p>\n<h3>Siedem si\u00f3str \u2013 Lucinda Riley, t\u0142um. Marzenna R\u0105czkowska Maria Pstr\u0105gowska, Wydawnictwo Albatros<br \/>\nCena: 14,99 z\u0142<\/h3>\n<figure id=\"attachment_10645\" aria-describedby=\"caption-attachment-10645\" style=\"width: 196px\" class=\"wp-caption alignright\"><a href=\"https:\/\/woblink.com\/ebook\/siedem-siostr-lucinda-riley-287850u\"><img decoding=\"async\" loading=\"lazy\" class=\"wp-image-10645 size-medium\" src=\"https:\/\/i0.wp.com\/woblink.com\/blog\/wp-content\/uploads\/646402b270d17.jpeg?resize=196%2C300&#038;ssl=1\" alt=\"\" width=\"196\" height=\"300\" srcset=\"https:\/\/i0.wp.com\/woblink.com\/blog\/wp-content\/uploads\/646402b270d17.jpeg?resize=196%2C300&amp;ssl=1 196w, https:\/\/i0.wp.com\/woblink.com\/blog\/wp-content\/uploads\/646402b270d17.jpeg?w=559&amp;ssl=1 559w\" sizes=\"(max-width: 196px) 100vw, 196px\" data-recalc-dims=\"1\" \/><\/a><figcaption id=\"caption-attachment-10645\" class=\"wp-caption-text\"><center><b>Kup <a href=\"https:\/\/woblink.com\/ebook\/siedem-siostr-lucinda-riley-287850u\">ebooka <i>Siedem si\u00f3str<\/i> <\/a> na Woblink.com<\/b><\/center><\/figcaption><\/figure>\n<p>Na li\u015bcie polecanych tytu\u0142\u00f3w Nocy Ebook\u00f3w nie mog\u0142o zabrakn\u0105\u0107 \u201eSiedmiu si\u00f3str\u201d Lucindy Riley. To pierwszy tom bestsellerowej i porywaj\u0105cej sagi serii pod tym samym tytu\u0142em, kt\u00f3ra podbi\u0142a serca czytelniczek na ca\u0142ym \u015bwiecie. Na kartach cyklu autorka opowiada histori\u0119 adoptowanych si\u00f3str, ich podr\u00f3\u017cach w poszukiwaniu swoich korzeni, a tak\u017ce o ich pe\u0142nym sekret\u00f3w przybranym ojcu.<\/p>\n<p>Ka\u017cda z sze\u015bciu si\u00f3str u\u0142o\u017cy\u0142a sobie \u017cycie po swojemu i rzadko kiedy mog\u0105 wszystkie spotka\u0107 si\u0119 razem. Do rodzinnej posiad\u0142o\u015bci \u015bci\u0105ga je nieoczekiwana wiadomo\u015b\u0107 o \u015bmierci ojca. M\u0119\u017cczyzna zostawi\u0142 ka\u017cdej z nich list i wskaz\u00f3wki, kt\u00f3re mog\u0105 pom\u00f3c im w odkryciu korzeni \u2013 a tak\u017ce w znalezieniu odpowiedzi na pytania o si\u00f3dm\u0105 siostr\u0119.<\/p>\n<p>Maja, najstarsza z dziewcz\u0105t, pod\u0105\u017caj\u0105c za wskaz\u00f3wkami Pa Salta, dociera do Rio de Janeiro. Na miejscu poznaje przystojnego brazylijskiego pisarza. M\u0119\u017cczyzna pokazuje jej miasto i pomaga rozwi\u0105za\u0107 zagadk\u0119 pochodzenia Mai.<\/p>\n<p>Osiemdziesi\u0105t lat wcze\u015bniej prababka bohaterki, Izabela, na \u017cyczenie ojca zar\u0119czy\u0142a si\u0119 z arystokrat\u0105, kt\u00f3rego nigdy nie kocha\u0142a. Narzeczony pozwoli\u0142 jej na ostatni przed \u015blubem wyjazd z przyjaci\u00f3\u0142kami. Izabela trafia do Pary\u017ca. W mie\u015bcie mi\u0142o\u015bci spotyka ambitnego rze\u017abiarza. Od tego momentu nic ju\u017c nie b\u0119dzie takie jak wcze\u015bniej.<\/p>\n<figure id=\"attachment_10646\" aria-describedby=\"caption-attachment-10646\" style=\"width: 215px\" class=\"wp-caption alignleft\"><a href=\"https:\/\/woblink.com\/ebook\/zimowla-dominika-slowik-161676u\"><img decoding=\"async\" loading=\"lazy\" class=\"wp-image-10646 size-medium\" src=\"https:\/\/i0.wp.com\/woblink.com\/blog\/wp-content\/uploads\/5e816736ae5d9.jpeg?resize=215%2C300&#038;ssl=1\" alt=\"\" width=\"215\" height=\"300\" srcset=\"https:\/\/i0.wp.com\/woblink.com\/blog\/wp-content\/uploads\/5e816736ae5d9.jpeg?resize=215%2C300&amp;ssl=1 215w, https:\/\/i0.wp.com\/woblink.com\/blog\/wp-content\/uploads\/5e816736ae5d9.jpeg?w=570&amp;ssl=1 570w\" sizes=\"(max-width: 215px) 100vw, 215px\" data-recalc-dims=\"1\" \/><\/a><figcaption id=\"caption-attachment-10646\" class=\"wp-caption-text\"><center><b>Kup <a href=\"https:\/\/woblink.com\/ebook\/zimowla-dominika-slowik-161676u\">ebooka <i>Zimowla<\/i> <\/a> na Woblink.com<\/b><\/center><\/figcaption><\/figure>\n<p>Czy dzi\u0119ki poznaniu swojej przesz\u0142o\u015bci Maja odnajdzie drog\u0119 do szcz\u0119\u015bcia?<\/p>\n<h3>Zimowla \u2013 Dominika S\u0142owik, Wydawnictwo Znak<br \/>\nCena 14,99 z\u0142<\/h3>\n<p>\u201eZimowla\u201d to obszerna powie\u015b\u0107 Dominiki S\u0142owik, laureatki Paszportu \u201ePolityki\u201d 2019. Akcja ksi\u0105\u017cki rozgrywa si\u0119 w Cukr\u00f3wce, ma\u0142ym, fikcyjnym miasteczku, znajduj\u0105cym si\u0119 gdzie\u015b w wojew\u00f3dztwie ma\u0142opolskim. W okolicy zaczynaj\u0105 dzia\u0107 si\u0119 dziwne i cz\u0119sto niewyt\u0142umaczalne rzeczy. Szar\u0105 codzienno\u015b\u0107 przerywaj\u0105 nietypowe zachowania mieszka\u0144c\u00f3w Cukr\u00f3wki i tajemnicze zdarzenia, jak chocia\u017cby mimowolne dzwonienie ko\u015bcielnych dzwon\u00f3w. Ponadto nastoletnich bohater\u00f3w zaczyna dostrzega\u0107 kolejne dziwno\u015bci \u2013 a\u017c pewnego dnia znajduj\u0105 w pobliskim stawie zw\u0142oki cz\u0142owieka.<\/p>\n<p>Ksi\u0105\u017cka doczeka\u0142a si\u0119 swojej teatralnej adaptacji. W lutym 2021 roku w krakowskim Teatrze S\u0142owackiego odby\u0142a si\u0119 premiera spektaklu o tej samej nazwie.<\/p>\n<h3>Modlitwa o deszcz \u2013 Wojciech Jagielski, Wydawnictwo Znak<br \/>\nCena 14,99 z\u0142<\/h3>\n<figure id=\"attachment_10647\" aria-describedby=\"caption-attachment-10647\" style=\"width: 206px\" class=\"wp-caption alignright\"><a href=\"https:\/\/woblink.com\/ebook\/modlitwa-o-deszcz-wojciech-jagielski-20641u\"><img decoding=\"async\" loading=\"lazy\" class=\"wp-image-10647 size-medium\" src=\"https:\/\/i0.wp.com\/woblink.com\/blog\/wp-content\/uploads\/5e81490f4585e.jpeg?resize=206%2C300&#038;ssl=1\" alt=\"\" width=\"206\" height=\"300\" srcset=\"https:\/\/i0.wp.com\/woblink.com\/blog\/wp-content\/uploads\/5e81490f4585e.jpeg?resize=206%2C300&amp;ssl=1 206w, https:\/\/i0.wp.com\/woblink.com\/blog\/wp-content\/uploads\/5e81490f4585e.jpeg?w=570&amp;ssl=1 570w\" sizes=\"(max-width: 206px) 100vw, 206px\" data-recalc-dims=\"1\" \/><\/a><figcaption id=\"caption-attachment-10647\" class=\"wp-caption-text\"><center><b>Kup <a href=\"https:\/\/woblink.com\/ebook\/modlitwa-o-deszcz-wojciech-jagielski-20641u\">ebooka <i>Modlitwa o deszcz<\/i> <\/a> na Woblink.com<\/b><\/center><\/figcaption><\/figure>\n<p>Wojciech Jagielski jest reporterem, pisarzem i dziennikarzem. Swoj\u0105 karier\u0119 zaczyna\u0142 w latach 80. jako dziennikarz PAP. Pracowa\u0142 w \u201eGazecie Wyborczej\u201d, a obecnie jest zwi\u0105zany z \u201eTygodnikiem Powszechnym\u201d. Wsp\u00f3\u0142pracuje r\u00f3wnie\u017c z \u201eLe Monde\u201d oraz BBC. Zajmuje si\u0119 przede wszystkim tematyk\u0105 Afryki, Azji \u015arodkowej oraz Kaukazu. Jest autorem takich publikacji jak m.in. \u201eWie\u017ce z kamienia\u201d, \u201eWypalanie traw\u201d \u201eNa Wsch\u00f3d od Zachodu\u201d i \u201eModlitwa o deszcz\u201d.<\/p>\n<p>Ostatni z tytu\u0142\u00f3w nie tylko osi\u0105gn\u0105\u0142 status bestsellera, ale tak\u017ce otrzyma\u0142 wiele presti\u017cowych wyr\u00f3\u017cnie\u0144: nominacj\u0119 do Nagrody Literackiej Nike, \u201eBursztynowego Motyla\u201d w VIII edycji Konkursu im. Arkadego Fiedlera na najlepsz\u0105 ksi\u0105\u017ck\u0119 podr\u00f3\u017cnicz\u0105 roku oraz Nagrod\u0119 im. ks. J\u00f3zefa Tischnera.<\/p>\n<p>Osama ibn Ladin czy Mu\u0142\u0142a Omar stali si\u0119 uosobieniem l\u0119k\u00f3w zachodniego \u015bwiata przed islamskim terroryzmem. Afganistan to kraj, kt\u00f3ry wychowa\u0142 mud\u017cahedin\u00f3w i talib\u00f3w. Wojciech Jagielski w &#8222;Modlitwie o deszcz&#8221;\u00a0 przybli\u017ca czytelnik\u00f3w do zrozumienia jego fenomenu. W Afganistanie \u015bcieraj\u0105 si\u0119 interesy wielu pot\u0119g \u015bwiata. To w\u0142a\u015bnie tam zacz\u0105\u0142 si\u0119 rozpad ZSRR. I to w\u0142a\u015bnie Afganistan wystawi\u0142 na szwank reputacj\u0119 USA jako najpot\u0119\u017cniejszego mocarstwa na ca\u0142ym \u015bwiecie.<\/p>\n","protected":false},"excerpt":{"rendered":"<p>Wracamy z kolejn\u0105 ods\u0142on\u0105 bezsennej Nocy Ebook\u00f3w! Ju\u017c dzi\u015b od godziny 18:00 do 6:00 nast\u0119pnego dnia w naszym sklepie internetowym znajdziecie ponad 700 tytu\u0142\u00f3w w cenie nie przekraczaj\u0105cej 14,99 z\u0142! Bezsenna Noc Ebook\u00f3w! Ju\u017c dzi\u015b, w nocy z 15 na 16 czerwca, w naszym sklepie&#8230;<\/p>\n","protected":false},"author":7,"featured_media":10620,"comment_status":"closed","ping_status":"open","sticky":false,"template":"","format":"standard","meta":[],"categories":[96],"tags":[],"yoast_head":"<!-- This site is optimized with the Yoast SEO plugin v20.11 - https:\/\/yoast.com\/wordpress\/plugins\/seo\/ -->\n<title>Przygotuj sw\u00f3j koszyk na\u2026 NOC EBOOK\u00d3W! 740 ebook\u00f3w do 14,99 z\u0142 - Woblink<\/title>\n<meta name=\"description\" content=\"Wracamy z kolejn\u0105 ods\u0142on\u0105 bezsennej Nocy Ebook\u00f3w! W nocy z 15 na 16 czerwca, w Woblinku znajdziecie ponad 700 ebook\u00f3w w wyj\u0105tkowych cenach.\" \/>\n<meta name=\"robots\" content=\"index, follow, max-snippet:-1, max-image-preview:large, max-video-preview:-1\" \/>\n<link rel=\"canonical\" href=\"https:\/\/woblink.com\/blog\/przygotuj-swoj-koszyk-na-noc-ebookow-740-ebookow-do-1499-zl\/\" \/>\n<meta property=\"og:locale\" content=\"pl_PL\" \/>\n<meta property=\"og:type\" content=\"article\" \/>\n<meta property=\"og:title\" content=\"Przygotuj sw\u00f3j koszyk na\u2026 NOC EBOOK\u00d3W! 740 ebook\u00f3w do 14,99 z\u0142 - Woblink\" \/>\n<meta property=\"og:description\" content=\"Wracamy z kolejn\u0105 ods\u0142on\u0105 bezsennej Nocy Ebook\u00f3w! W nocy z 15 na 16 czerwca, w Woblinku znajdziecie ponad 700 ebook\u00f3w w wyj\u0105tkowych cenach.\" \/>\n<meta property=\"og:url\" content=\"https:\/\/woblink.com\/blog\/przygotuj-swoj-koszyk-na-noc-ebookow-740-ebookow-do-1499-zl\/\" \/>\n<meta property=\"og:site_name\" content=\"Woblink\" \/>\n<meta property=\"article:publisher\" content=\"https:\/\/facebook.com\/woblink\" \/>\n<meta property=\"article:published_time\" content=\"2023-06-14T15:01:03+00:00\" \/>\n<meta property=\"article:modified_time\" content=\"2023-06-14T15:03:28+00:00\" \/>\n<meta property=\"og:image\" content=\"https:\/\/woblink.com\/blog\/wp-content\/uploads\/blog1-3.jpg\" \/>\n\t<meta property=\"og:image:width\" content=\"1011\" \/>\n\t<meta property=\"og:image:height\" content=\"690\" \/>\n\t<meta property=\"og:image:type\" content=\"image\/jpeg\" \/>\n<meta name=\"author\" content=\"Redakcja Woblinka\" \/>\n<meta name=\"twitter:card\" content=\"summary_large_image\" \/>\n<meta name=\"twitter:creator\" content=\"@woblink_com\" \/>\n<meta name=\"twitter:site\" content=\"@woblink_com\" \/>\n<meta name=\"twitter:label1\" content=\"Napisane przez\" \/>\n\t<meta name=\"twitter:data1\" content=\"Redakcja Woblinka\" \/>\n\t<meta name=\"twitter:label2\" content=\"Szacowany czas czytania\" \/>\n\t<meta name=\"twitter:data2\" content=\"13 minut\" \/>\n<script type=\"application\/ld+json\" class=\"yoast-schema-graph\">{\"@context\":\"https:\/\/schema.org\",\"@graph\":[{\"@type\":\"Article\",\"@id\":\"https:\/\/woblink.com\/blog\/przygotuj-swoj-koszyk-na-noc-ebookow-740-ebookow-do-1499-zl\/#article\",\"isPartOf\":{\"@id\":\"https:\/\/woblink.com\/blog\/przygotuj-swoj-koszyk-na-noc-ebookow-740-ebookow-do-1499-zl\/\"},\"author\":{\"name\":\"Redakcja Woblinka\",\"@id\":\"https:\/\/woblink.com\/blog\/#\/schema\/person\/8ab6b79d64fa54209272130c4c3b1e95\"},\"headline\":\"Przygotuj sw\u00f3j koszyk na\u2026 NOC EBOOK\u00d3W! 740 ebook\u00f3w do 14,99 z\u0142\",\"datePublished\":\"2023-06-14T15:01:03+00:00\",\"dateModified\":\"2023-06-14T15:03:28+00:00\",\"mainEntityOfPage\":{\"@id\":\"https:\/\/woblink.com\/blog\/przygotuj-swoj-koszyk-na-noc-ebookow-740-ebookow-do-1499-zl\/\"},\"wordCount\":2118,\"publisher\":{\"@id\":\"https:\/\/woblink.com\/blog\/#organization\"},\"articleSection\":[\"Ebooki\"],\"inLanguage\":\"pl-PL\"},{\"@type\":\"WebPage\",\"@id\":\"https:\/\/woblink.com\/blog\/przygotuj-swoj-koszyk-na-noc-ebookow-740-ebookow-do-1499-zl\/\",\"url\":\"https:\/\/woblink.com\/blog\/przygotuj-swoj-koszyk-na-noc-ebookow-740-ebookow-do-1499-zl\/\",\"name\":\"Przygotuj sw\u00f3j koszyk na\u2026 NOC EBOOK\u00d3W! 740 ebook\u00f3w do 14,99 z\u0142 - Woblink\",\"isPartOf\":{\"@id\":\"https:\/\/woblink.com\/blog\/#website\"},\"datePublished\":\"2023-06-14T15:01:03+00:00\",\"dateModified\":\"2023-06-14T15:03:28+00:00\",\"description\":\"Wracamy z kolejn\u0105 ods\u0142on\u0105 bezsennej Nocy Ebook\u00f3w! W nocy z 15 na 16 czerwca, w Woblinku znajdziecie ponad 700 ebook\u00f3w w wyj\u0105tkowych cenach.\",\"breadcrumb\":{\"@id\":\"https:\/\/woblink.com\/blog\/przygotuj-swoj-koszyk-na-noc-ebookow-740-ebookow-do-1499-zl\/#breadcrumb\"},\"inLanguage\":\"pl-PL\",\"potentialAction\":[{\"@type\":\"ReadAction\",\"target\":[\"https:\/\/woblink.com\/blog\/przygotuj-swoj-koszyk-na-noc-ebookow-740-ebookow-do-1499-zl\/\"]}]},{\"@type\":\"BreadcrumbList\",\"@id\":\"https:\/\/woblink.com\/blog\/przygotuj-swoj-koszyk-na-noc-ebookow-740-ebookow-do-1499-zl\/#breadcrumb\",\"itemListElement\":[{\"@type\":\"ListItem\",\"position\":1,\"name\":\"Strona g\u0142\u00f3wna\",\"item\":\"https:\/\/woblink.com\/blog\/\"},{\"@type\":\"ListItem\",\"position\":2,\"name\":\"Przygotuj sw\u00f3j koszyk na\u2026 NOC EBOOK\u00d3W! 740 ebook\u00f3w do 14,99 z\u0142\"}]},{\"@type\":\"WebSite\",\"@id\":\"https:\/\/woblink.com\/blog\/#website\",\"url\":\"https:\/\/woblink.com\/blog\/\",\"name\":\"Woblink\",\"description\":\"najlepszy firmowy blog o ksi\u0105\u017ckach\",\"publisher\":{\"@id\":\"https:\/\/woblink.com\/blog\/#organization\"},\"potentialAction\":[{\"@type\":\"SearchAction\",\"target\":{\"@type\":\"EntryPoint\",\"urlTemplate\":\"https:\/\/woblink.com\/blog\/?s={search_term_string}\"},\"query-input\":\"required name=search_term_string\"}],\"inLanguage\":\"pl-PL\"},{\"@type\":\"Organization\",\"@id\":\"https:\/\/woblink.com\/blog\/#organization\",\"name\":\"Woblink\",\"url\":\"https:\/\/woblink.com\/blog\/\",\"logo\":{\"@type\":\"ImageObject\",\"inLanguage\":\"pl-PL\",\"@id\":\"https:\/\/woblink.com\/blog\/#\/schema\/logo\/image\/\",\"url\":\"https:\/\/i0.wp.com\/woblink.com\/blog\/wp-content\/uploads\/2019\/04\/nw_logoB.png?fit=185%2C42&ssl=1\",\"contentUrl\":\"https:\/\/i0.wp.com\/woblink.com\/blog\/wp-content\/uploads\/2019\/04\/nw_logoB.png?fit=185%2C42&ssl=1\",\"width\":185,\"height\":42,\"caption\":\"Woblink\"},\"image\":{\"@id\":\"https:\/\/woblink.com\/blog\/#\/schema\/logo\/image\/\"},\"sameAs\":[\"https:\/\/facebook.com\/woblink\",\"https:\/\/twitter.com\/woblink_com\",\"https:\/\/www.instagram.com\/woblink_com\",\"https:\/\/www.linkedin.com\/company\/woblink\/\"]},{\"@type\":\"Person\",\"@id\":\"https:\/\/woblink.com\/blog\/#\/schema\/person\/8ab6b79d64fa54209272130c4c3b1e95\",\"name\":\"Redakcja Woblinka\",\"image\":{\"@type\":\"ImageObject\",\"inLanguage\":\"pl-PL\",\"@id\":\"https:\/\/woblink.com\/blog\/#\/schema\/person\/image\/\",\"url\":\"https:\/\/secure.gravatar.com\/avatar\/f23ae80a7c9da060bee5f8310913478b?s=96&d=mm&r=g\",\"contentUrl\":\"https:\/\/secure.gravatar.com\/avatar\/f23ae80a7c9da060bee5f8310913478b?s=96&d=mm&r=g\",\"caption\":\"Redakcja Woblinka\"},\"url\":\"https:\/\/woblink.com\/blog\/author\/krasny\/\"}]}<\/script>\n<!-- \/ Yoast SEO plugin. -->","yoast_head_json":{"title":"Przygotuj sw\u00f3j koszyk na\u2026 NOC EBOOK\u00d3W! 740 ebook\u00f3w do 14,99 z\u0142 - Woblink","description":"Wracamy z kolejn\u0105 ods\u0142on\u0105 bezsennej Nocy Ebook\u00f3w! W nocy z 15 na 16 czerwca, w Woblinku znajdziecie ponad 700 ebook\u00f3w w wyj\u0105tkowych cenach.","robots":{"index":"index","follow":"follow","max-snippet":"max-snippet:-1","max-image-preview":"max-image-preview:large","max-video-preview":"max-video-preview:-1"},"canonical":"https:\/\/woblink.com\/blog\/przygotuj-swoj-koszyk-na-noc-ebookow-740-ebookow-do-1499-zl\/","og_locale":"pl_PL","og_type":"article","og_title":"Przygotuj sw\u00f3j koszyk na\u2026 NOC EBOOK\u00d3W! 740 ebook\u00f3w do 14,99 z\u0142 - Woblink","og_description":"Wracamy z kolejn\u0105 ods\u0142on\u0105 bezsennej Nocy Ebook\u00f3w! W nocy z 15 na 16 czerwca, w Woblinku znajdziecie ponad 700 ebook\u00f3w w wyj\u0105tkowych cenach.","og_url":"https:\/\/woblink.com\/blog\/przygotuj-swoj-koszyk-na-noc-ebookow-740-ebookow-do-1499-zl\/","og_site_name":"Woblink","article_publisher":"https:\/\/facebook.com\/woblink","article_published_time":"2023-06-14T15:01:03+00:00","article_modified_time":"2023-06-14T15:03:28+00:00","og_image":[{"width":1011,"height":690,"url":"https:\/\/woblink.com\/blog\/wp-content\/uploads\/blog1-3.jpg","type":"image\/jpeg"}],"author":"Redakcja Woblinka","twitter_card":"summary_large_image","twitter_creator":"@woblink_com","twitter_site":"@woblink_com","twitter_misc":{"Napisane przez":"Redakcja Woblinka","Szacowany czas czytania":"13 minut"},"schema":{"@context":"https:\/\/schema.org","@graph":[{"@type":"Article","@id":"https:\/\/woblink.com\/blog\/przygotuj-swoj-koszyk-na-noc-ebookow-740-ebookow-do-1499-zl\/#article","isPartOf":{"@id":"https:\/\/woblink.com\/blog\/przygotuj-swoj-koszyk-na-noc-ebookow-740-ebookow-do-1499-zl\/"},"author":{"name":"Redakcja Woblinka","@id":"https:\/\/woblink.com\/blog\/#\/schema\/person\/8ab6b79d64fa54209272130c4c3b1e95"},"headline":"Przygotuj sw\u00f3j koszyk na\u2026 NOC EBOOK\u00d3W! 740 ebook\u00f3w do 14,99 z\u0142","datePublished":"2023-06-14T15:01:03+00:00","dateModified":"2023-06-14T15:03:28+00:00","mainEntityOfPage":{"@id":"https:\/\/woblink.com\/blog\/przygotuj-swoj-koszyk-na-noc-ebookow-740-ebookow-do-1499-zl\/"},"wordCount":2118,"publisher":{"@id":"https:\/\/woblink.com\/blog\/#organization"},"articleSection":["Ebooki"],"inLanguage":"pl-PL"},{"@type":"WebPage","@id":"https:\/\/woblink.com\/blog\/przygotuj-swoj-koszyk-na-noc-ebookow-740-ebookow-do-1499-zl\/","url":"https:\/\/woblink.com\/blog\/przygotuj-swoj-koszyk-na-noc-ebookow-740-ebookow-do-1499-zl\/","name":"Przygotuj sw\u00f3j koszyk na\u2026 NOC EBOOK\u00d3W! 740 ebook\u00f3w do 14,99 z\u0142 - Woblink","isPartOf":{"@id":"https:\/\/woblink.com\/blog\/#website"},"datePublished":"2023-06-14T15:01:03+00:00","dateModified":"2023-06-14T15:03:28+00:00","description":"Wracamy z kolejn\u0105 ods\u0142on\u0105 bezsennej Nocy Ebook\u00f3w! W nocy z 15 na 16 czerwca, w Woblinku znajdziecie ponad 700 ebook\u00f3w w wyj\u0105tkowych cenach.","breadcrumb":{"@id":"https:\/\/woblink.com\/blog\/przygotuj-swoj-koszyk-na-noc-ebookow-740-ebookow-do-1499-zl\/#breadcrumb"},"inLanguage":"pl-PL","potentialAction":[{"@type":"ReadAction","target":["https:\/\/woblink.com\/blog\/przygotuj-swoj-koszyk-na-noc-ebookow-740-ebookow-do-1499-zl\/"]}]},{"@type":"BreadcrumbList","@id":"https:\/\/woblink.com\/blog\/przygotuj-swoj-koszyk-na-noc-ebookow-740-ebookow-do-1499-zl\/#breadcrumb","itemListElement":[{"@type":"ListItem","position":1,"name":"Strona g\u0142\u00f3wna","item":"https:\/\/woblink.com\/blog\/"},{"@type":"ListItem","position":2,"name":"Przygotuj sw\u00f3j koszyk na\u2026 NOC EBOOK\u00d3W! 740 ebook\u00f3w do 14,99 z\u0142"}]},{"@type":"WebSite","@id":"https:\/\/woblink.com\/blog\/#website","url":"https:\/\/woblink.com\/blog\/","name":"Woblink","description":"najlepszy firmowy blog o ksi\u0105\u017ckach","publisher":{"@id":"https:\/\/woblink.com\/blog\/#organization"},"potentialAction":[{"@type":"SearchAction","target":{"@type":"EntryPoint","urlTemplate":"https:\/\/woblink.com\/blog\/?s={search_term_string}"},"query-input":"required name=search_term_string"}],"inLanguage":"pl-PL"},{"@type":"Organization","@id":"https:\/\/woblink.com\/blog\/#organization","name":"Woblink","url":"https:\/\/woblink.com\/blog\/","logo":{"@type":"ImageObject","inLanguage":"pl-PL","@id":"https:\/\/woblink.com\/blog\/#\/schema\/logo\/image\/","url":"https:\/\/i0.wp.com\/woblink.com\/blog\/wp-content\/uploads\/2019\/04\/nw_logoB.png?fit=185%2C42&ssl=1","contentUrl":"https:\/\/i0.wp.com\/woblink.com\/blog\/wp-content\/uploads\/2019\/04\/nw_logoB.png?fit=185%2C42&ssl=1","width":185,"height":42,"caption":"Woblink"},"image":{"@id":"https:\/\/woblink.com\/blog\/#\/schema\/logo\/image\/"},"sameAs":["https:\/\/facebook.com\/woblink","https:\/\/twitter.com\/woblink_com","https:\/\/www.instagram.com\/woblink_com","https:\/\/www.linkedin.com\/company\/woblink\/"]},{"@type":"Person","@id":"https:\/\/woblink.com\/blog\/#\/schema\/person\/8ab6b79d64fa54209272130c4c3b1e95","name":"Redakcja Woblinka","image":{"@type":"ImageObject","inLanguage":"pl-PL","@id":"https:\/\/woblink.com\/blog\/#\/schema\/person\/image\/","url":"https:\/\/secure.gravatar.com\/avatar\/f23ae80a7c9da060bee5f8310913478b?s=96&d=mm&r=g","contentUrl":"https:\/\/secure.gravatar.com\/avatar\/f23ae80a7c9da060bee5f8310913478b?s=96&d=mm&r=g","caption":"Redakcja Woblinka"},"url":"https:\/\/woblink.com\/blog\/author\/krasny\/"}]}},"jetpack_featured_media_url":"https:\/\/i0.wp.com\/woblink.com\/blog\/wp-content\/uploads\/blog1-3.jpg?fit=1011%2C690&ssl=1","_links":{"self":[{"href":"https:\/\/woblink.com\/blog\/wp-json\/wp\/v2\/posts\/10613"}],"collection":[{"href":"https:\/\/woblink.com\/blog\/wp-json\/wp\/v2\/posts"}],"about":[{"href":"https:\/\/woblink.com\/blog\/wp-json\/wp\/v2\/types\/post"}],"author":[{"embeddable":true,"href":"https:\/\/woblink.com\/blog\/wp-json\/wp\/v2\/users\/7"}],"replies":[{"embeddable":true,"href":"https:\/\/woblink.com\/blog\/wp-json\/wp\/v2\/comments?post=10613"}],"version-history":[{"count":12,"href":"https:\/\/woblink.com\/blog\/wp-json\/wp\/v2\/posts\/10613\/revisions"}],"predecessor-version":[{"id":10648,"href":"https:\/\/woblink.com\/blog\/wp-json\/wp\/v2\/posts\/10613\/revisions\/10648"}],"wp:featuredmedia":[{"embeddable":true,"href":"https:\/\/woblink.com\/blog\/wp-json\/wp\/v2\/media\/10620"}],"wp:attachment":[{"href":"https:\/\/woblink.com\/blog\/wp-json\/wp\/v2\/media?parent=10613"}],"wp:term":[{"taxonomy":"category","embeddable":true,"href":"https:\/\/woblink.com\/blog\/wp-json\/wp\/v2\/categories?post=10613"},{"taxonomy":"post_tag","embeddable":true,"href":"https:\/\/woblink.com\/blog\/wp-json\/wp\/v2\/tags?post=10613"}],"curies":[{"name":"wp","href":"https:\/\/api.w.org\/{rel}","templated":true}]}}