{"id":10622,"date":"2023-06-14T10:13:44","date_gmt":"2023-06-14T08:13:44","guid":{"rendered":"https:\/\/woblink.com\/blog\/?p=10622"},"modified":"2023-06-14T10:26:54","modified_gmt":"2023-06-14T08:26:54","slug":"zmarl-cormac-mccarthy-autor-kultowej-drogi","status":"publish","type":"post","link":"https:\/\/woblink.com\/blog\/zmarl-cormac-mccarthy-autor-kultowej-drogi\/","title":{"rendered":"Zmar\u0142 Cormac McCarthy, autor kultowej \u201eDrogi\u201d"},"content":{"rendered":"<p><strong><span class=\"x193iq5w xeuugli x13faqbe x1vvkbs x1xmvt09 x1lliihq x1s928wv xhkezso x1gmr53x x1cpjm7i x1fgarty x1943h6x xudqn12 x3x7a5m x6prxxf xvq8zen xo1l8bm xzsf02u x1yc453h\" dir=\"auto\">W wieku 89 lat zmar\u0142 Cormac McCarthy, kultowy ameryka\u0144ski pisarz. By\u0142 autorem wielu rewelacyjnych powie\u015bci m.in. \u201eTo nie jest kraj dla starych ludzi\u201d czy uhonorowanej Pulitzerem \u201eDrogi\u201d.<\/span> <span class=\"x193iq5w xeuugli x13faqbe x1vvkbs x1xmvt09 x1lliihq x1s928wv xhkezso x1gmr53x x1cpjm7i x1fgarty x1943h6x xudqn12 x3x7a5m x6prxxf xvq8zen xo1l8bm xzsf02u x1yc453h\" dir=\"auto\">McCarthy<\/span> zmar\u0142 13 czerwca w swoim domu w Santa Fe w stanie Nowy Meksyk.<br \/>\n<\/strong><\/p>\n<p><!--more--><\/p>\n<p>13 czerwca zmar\u0142 <strong><a href=\"https:\/\/woblink.com\/autor\/cormac-mccarthy-5198\">Cormac McCarthy<\/a><\/strong>, jeden z najwa\u017cniejszych ameryka\u0144skich wsp\u00f3\u0142czesnych pisarzy. Pisarz odszed\u0142 z przyczyn maturalnych, w swoim domu w Santa Fe w Nowym Meksyku. Informacj\u0119 o jego \u015bmierci opublikowa\u0142 Penguin Random House, ameryka\u0144ski wydawca ksi\u0105\u017cek McCarthy\u2019ego.<\/p>\n<p>Cormac McCarthy jest znany przede wszystkim z rewelacyjnych powie\u015bci. Spod jego pi\u00f3ra wysz\u0142y takie tytu\u0142y jak m.in. \u201e<strong><a href=\"https:\/\/woblink.com\/ebook\/krwawy-poludnik-cormac-mccarthy-3014u\">Krwawy po\u0142udnik<\/a><\/strong>\u201d, <strong><a href=\"https:\/\/woblink.com\/ebook\/to-nie-jest-kraj-dla-starych-ludzi-cormac-mccarthy-9021u\">\u201eTo nie jest kraj dla starych ludzi<\/a><\/strong>\u201d, \u201e<strong><a href=\"https:\/\/woblink.com\/ebook\/droga-cormac-mccarthy-2938u\">Droga<\/a><\/strong>\u201d, \u201e<strong><a href=\"https:\/\/woblink.com\/ebook\/racze-konie-cormac-mccarthy-3152u\">R\u0105cze konie<\/a><\/strong>\u201d. By\u0142 r\u00f3wnie\u017c dramaturgiem i scenarzyst\u0105.<\/p>\n<p><iframe loading=\"lazy\" style=\"border: none; overflow: hidden;\" src=\"https:\/\/www.facebook.com\/plugins\/post.php?href=https%3A%2F%2Fwww.facebook.com%2FCormacMcCarthyAuthor%2Fposts%2Fpfbid0iHpQsbhDgSeuUPYThj8CPmKaEQCeShrrYiVmU5GoXmvQY7u6fYjiEb7y4jq71VDBl&amp;show_text=true&amp;width=500\" width=\"500\" height=\"654\" frameborder=\"0\" scrolling=\"no\" allowfullscreen=\"allowfullscreen\"><\/iframe><\/p>\n<p>Cormac McCarthy nale\u017cy do grona najwa\u017cniejszych wsp\u00f3\u0142czesnych pisarzy ameryka\u0144skich. Krytycy cz\u0119sto okre\u015blaj\u0105 go mianem\u00a0 literackiego spadkobiercy Williama Faulknera, ameryka\u0144skiego laureata Nagrody Nobla. Obu pisarzy \u0142\u0105czy surowy styl literacki oraz tematyka poruszana na kartach ksi\u0105\u017cek.<\/p>\n<figure id=\"attachment_10629\" aria-describedby=\"caption-attachment-10629\" style=\"width: 189px\" class=\"wp-caption alignright\"><a href=\"https:\/\/woblink.com\/ebook\/to-nie-jest-kraj-dla-starych-ludzi-cormac-mccarthy-9021u\"><img decoding=\"async\" loading=\"lazy\" class=\"wp-image-10629 size-medium\" src=\"https:\/\/i0.wp.com\/woblink.com\/blog\/wp-content\/uploads\/63eb1b5493046.jpeg?resize=189%2C300&#038;ssl=1\" alt=\"\" width=\"189\" height=\"300\" srcset=\"https:\/\/i0.wp.com\/woblink.com\/blog\/wp-content\/uploads\/63eb1b5493046.jpeg?resize=189%2C300&amp;ssl=1 189w, https:\/\/i0.wp.com\/woblink.com\/blog\/wp-content\/uploads\/63eb1b5493046.jpeg?w=538&amp;ssl=1 538w\" sizes=\"(max-width: 189px) 100vw, 189px\" data-recalc-dims=\"1\" \/><\/a><figcaption id=\"caption-attachment-10629\" class=\"wp-caption-text\"><center><b>Kup <a href=\"https:\/\/woblink.com\/ksiazka\/to-nie-jest-kraj-dla-starych-ludzi-wyd-2022-cormac-mccarthy-262983\">ksi\u0105\u017ck\u0119<\/a> lub <a href=\"https:\/\/woblink.com\/ebook\/to-nie-jest-kraj-dla-starych-ludzi-cormac-mccarthy-9021u\">ebooka <i>To nie jest kraj dla starych ludzi<\/i><\/a> na Woblink.com<\/b><\/center><\/figcaption><\/figure>\n<p>McCarthy pisze przede wszystkim o surowym, brutalnym obliczu po\u0142udnia Stan\u00f3w Zjednoczonych.<\/p>\n<h3>Cormac McCarthy \u2013 laureat presti\u017cowych nagr\u00f3d literackich<\/h3>\n<p>Cormac McCarthy jest laureatem wielu topowych nagr\u00f3d literackich. Za swoj\u0105 debiutanck\u0105 powie\u015b\u0107 pt. \u201eStra\u017cnik sadu\u201d otrzyma\u0142 Nagrod\u0119 Faulknera. Z kolei za \u201eR\u0105cze konie\u201d zosta\u0142 uhonorowany takimi wyr\u00f3\u017cnieniami jak National Book Award oraz National Book Critics Circle Award. Wydana w 2006 roku \u201eDroga\u201d zosta\u0142a uhonorowana Nagrod\u0105 Pulitzera i osi\u0105gn\u0119\u0142a status kultowej. Pisarz od at znajdowa\u0142 si\u0119 w \u015bcis\u0142ym gronie kandydat\u00f3w do Nagrody Nobla w dziedzinie literatury.<\/p>\n<h3>Ekranizacje powie\u015bci McCarthy\u2019ego<\/h3>\n<figure id=\"attachment_10625\" aria-describedby=\"caption-attachment-10625\" style=\"width: 190px\" class=\"wp-caption alignleft\"><a href=\"https:\/\/woblink.com\/ebook\/droga-cormac-mccarthy-2938u\"><img decoding=\"async\" loading=\"lazy\" class=\"wp-image-10625 size-medium\" src=\"https:\/\/i0.wp.com\/woblink.com\/blog\/wp-content\/uploads\/63eb1a263309f.jpeg?resize=190%2C300&#038;ssl=1\" alt=\"\" width=\"190\" height=\"300\" srcset=\"https:\/\/i0.wp.com\/woblink.com\/blog\/wp-content\/uploads\/63eb1a263309f.jpeg?resize=190%2C300&amp;ssl=1 190w, https:\/\/i0.wp.com\/woblink.com\/blog\/wp-content\/uploads\/63eb1a263309f.jpeg?resize=420%2C660&amp;ssl=1 420w, https:\/\/i0.wp.com\/woblink.com\/blog\/wp-content\/uploads\/63eb1a263309f.jpeg?w=541&amp;ssl=1 541w\" sizes=\"(max-width: 190px) 100vw, 190px\" data-recalc-dims=\"1\" \/><\/a><figcaption id=\"caption-attachment-10625\" class=\"wp-caption-text\"><center><strong>Kup <a href=\"https:\/\/woblink.com\/ebook\/droga-cormac-mccarthy-2938u\">ebooka<\/a>, <a href=\"https:\/\/woblink.com\/audiobook\/droga-cormac-mccarthy-151833\">audiobooka<\/a> lub <a href=\"https:\/\/woblink.com\/ksiazka\/droga-cormac-mccarthy-242430\">ksi\u0105\u017ck\u0119 papierow\u0105 <i>Droga<\/i><\/a> na Woblink.com<\/strong><\/center><\/figcaption><\/figure>\n<p>Znaczna cz\u0119\u015b\u0107 dzie\u0142 McCarthy\u2019ego zosta\u0142a zekranizowana \u2013 na ekran trafi\u0142y m.in. \u201eR\u0105cze konie\u201d, \u201eDroga\u201d i \u201eTo nie jest kraj dla starych ludzi\u201d. W\u015br\u00f3d ekranizacji dzie\u0142 pisarza najwi\u0119kszy sukces osi\u0105gn\u0105\u0142 film \u201eTo nie jest kraj dla starych ludzi\u201d w re\u017cyserii Ethana i Joela Coen\u00f3w. Produkcja dosta\u0142a a\u017c 4 Oscary: za najlepsz\u0105 re\u017cyseri\u0119, za najlepsz\u0105 rol\u0119 drugoplanow\u0105, za najlepszy scenariusz adaptowany i za najlepszy film roku.<\/p>\n<h3>Droga<\/h3>\n<p>Jedn\u0105 z najpopularniejszych powie\u015bci McCarthy\u2019ego jest \u201eDroga\u201d, kt\u00f3ra r\u00f3\u017cni si\u0119 tematycznie od pozosta\u0142ych ksi\u0105\u017cek jego pi\u00f3ra. To postapokaliptyczna opowie\u015b\u0107 o w\u0119dr\u00f3wce ojca i syna przez \u015bwiat zniszczony w wyniku katastrofy nuklearnej. To w\u0142a\u015bnie za t\u0119 powie\u015b\u0107 McCarthy otrzyma\u0142 Nagrod\u0119 Pulitzera. To jedna z najbardziej presti\u017cowych ameryka\u0144skich nagr\u00f3d przyznawana w dziedzinach dziennikarstwa, literatury pi\u0119knej i muzyki.<\/p>\n<p>Ksi\u0105\u017cka zosta\u0142a bestsellerem dziennika \u201eThe New York Times\u201d. W 2009 roku ukaza\u0142a si\u0119 ekranizacja ksi\u0105\u017cki w re\u017cyserii Johna Hillcoata. W roli g\u0142\u00f3wnej wyst\u0105pi\u0142 Viggo Mortensen, w filmie zagrali r\u00f3wnie\u017c Robert Duvall, Charlize Theron oraz Guy Pearce.<\/p>\n<h3>Stella Maris i Pasa\u017cer<\/h3>\n<p>Pod koniec zesz\u0142ego roku ukaza\u0142y si\u0119 najnowsze powie\u015bci Cormaca McCarthy\u2019ego. W Polsce zostan\u0105 wydane nak\u0142adem Wydawnictwa Literackiego: \u201eStella Maris\u201d 18 czerwca i \u201ePasa\u017cer\u201d 28 czerwca.<\/p>\n<h4>Stella Maris \u2013 Cormac McCarthy, t\u0142um. Robert Sud\u00f3\u0142, Wydawnictwo Literackie<img decoding=\"async\" loading=\"lazy\" class=\"size-medium wp-image-10624 alignright\" src=\"https:\/\/i0.wp.com\/woblink.com\/blog\/wp-content\/uploads\/6599906995165.webp?resize=189%2C300&#038;ssl=1\" alt=\"\" width=\"189\" height=\"300\" srcset=\"https:\/\/i0.wp.com\/woblink.com\/blog\/wp-content\/uploads\/6599906995165.webp?resize=189%2C300&amp;ssl=1 189w, https:\/\/i0.wp.com\/woblink.com\/blog\/wp-content\/uploads\/6599906995165.webp?w=600&amp;ssl=1 600w\" sizes=\"(max-width: 189px) 100vw, 189px\" data-recalc-dims=\"1\" \/><\/h4>\n<p>Jesie\u0144, 1972 rok. Do tytu\u0142owego zak\u0142adu psychiatrycznego trafia dwudziestoletnia Alicia Western, genialna skrzypaczka, doktorantka na Wydziale Matematyki Uniwersytetu Chicagowskiego i c\u00f3rka naukowca, kt\u00f3ry wsp\u00f3\u0142pracowa\u0142 z Oppenheimerem przy Projekcie Manhattan. Dziewczyna cierpi na depresj\u0119 i halucynacje. W rejestracji usi\u0142uje odda\u0107 reklam\u00f3wk\u0119 z czterdziestoma tysi\u0105cami dolar\u00f3w. Alicia uciek\u0142a z W\u0142och, gdzie jej brat Bobby, kierowca Formu\u0142y 2 i utalentowany fizyk le\u017cy w \u015bpi\u0105czce po wypadku na torze rajdowym. Terapeucie opowiada o dzieci\u0144stwie w Los Alamos, mechanice kwantowej, barwach liczb, Schopenhauerze i zakazanych marzeniach. W tej intelektualnej potyczce to pacjentka jest g\u00f3r\u0105 i nigdy nie wiadomo\u2026 kiedy k\u0142amie.<\/p>\n<p>Co jest z\u0142udzeniem? A co prawd\u0105? Dzika i z\u0142owroga eksploracja nauki podwa\u017caj\u0105ca nasze poj\u0119cia Boga, prawdy i istnienia. Studium nieuleczalnej t\u0119sknoty i \u017ca\u0142oby.<\/p>\n<p>Powie\u015b\u0107 uka\u017c\u0119 si\u0119 18 czerwca tego roku. <img decoding=\"async\" loading=\"lazy\" class=\"size-medium wp-image-10547 alignleft jetpack-lazy-image jetpack-lazy-image--handled\" src=\"https:\/\/i0.wp.com\/woblink.com\/blog\/wp-content\/uploads\/7199906995171.jpg?resize=190%2C300&amp;ssl=1\" sizes=\"(max-width: 190px) 100vw, 190px\" srcset=\"https:\/\/i0.wp.com\/woblink.com\/blog\/wp-content\/uploads\/7199906995171.jpg?resize=190%2C300&amp;ssl=1 190w, https:\/\/i0.wp.com\/woblink.com\/blog\/wp-content\/uploads\/7199906995171.jpg?resize=647%2C1024&amp;ssl=1 647w, https:\/\/i0.wp.com\/woblink.com\/blog\/wp-content\/uploads\/7199906995171.jpg?resize=600%2C950&amp;ssl=1 600w, https:\/\/i0.wp.com\/woblink.com\/blog\/wp-content\/uploads\/7199906995171.jpg?resize=420%2C660&amp;ssl=1 420w, https:\/\/i0.wp.com\/woblink.com\/blog\/wp-content\/uploads\/7199906995171.jpg?w=709&amp;ssl=1 709w\" alt=\"\" width=\"190\" height=\"300\" data-recalc-dims=\"1\" data-lazy-loaded=\"1\" \/><\/p>\n<h4>Pasa\u017cer \u2013 Cormac McCarthy, t\u0142um. Robert Sud\u00f3\u0142, Wydawnictwo Literackie<\/h4>\n<p>Rok 1980. Bobby Western ma ju\u017c za sob\u0105 karier\u0119 kierowcy rajdowego. M\u0119\u017cczyzna wci\u0105\u017c nie potrafi pogodzi\u0107 si\u0119 ze strat\u0105 ukochanej siostry i \u015bmierci\u0105 ojca. Bobby pracuje jako nurek g\u0142\u0119binowy. Zostaje wezwany na miejsce katastrofy pewnego samolotu. Odkrywa brak czarnej skrzynki, torby pilota i cia\u0142a jednego z pasa\u017cer\u00f3w. Wygl\u0105da na to, \u017ce kto\u015b by\u0107 tu wcze\u015bniej. Sytuacja wydaje si\u0119 dziwna: media milcz\u0105 o wypadku, mieszkanie Bobby\u2019ego zostaje przeszukane, konto bankowe zablokowane. Spraw\u0105 zaczynaj\u0105 interesowa\u0107 si\u0119 agenci federalni. W co Bobby si\u0119 wpakowa\u0142? I czy ta sprawa ma co\u015b wsp\u00f3lnego z histori\u0105 jego rodziny?<\/p>\n<p>Sensacyjna fabu\u0142a powie\u015bci wci\u0105ga czytelnik\u00f3w w skomplikowan\u0105 intelektualn\u0105 gr\u0119. Thriller, powie\u015b\u0107 egzystencjalna, mroczny dramat o mi\u0142o\u015bci i winie, a wszystko to pod patronatem Szekspir i greckich mit\u00f3w.<\/p>\n<blockquote class=\"wp-embedded-content\" data-secret=\"htKCYRROep\"><p><a href=\"https:\/\/woblink.com\/blog\/cormac-mccarthy-powraca-z-dwiema-powiesciami-premiera-juz-w-czerwcu\/\">Cormac McCarthy powraca z dwiema powie\u015bciami. Premiera ju\u017c w czerwcu!<\/a><\/p><\/blockquote>\n<p><iframe class=\"wp-embedded-content\" sandbox=\"allow-scripts\" security=\"restricted\" style=\"position: absolute; clip: rect(1px, 1px, 1px, 1px);\" title=\"&#8222;Cormac McCarthy powraca z dwiema powie\u015bciami. Premiera ju\u017c w czerwcu!&#8221; &#8212; Woblink\" src=\"https:\/\/woblink.com\/blog\/cormac-mccarthy-powraca-z-dwiema-powiesciami-premiera-juz-w-czerwcu\/embed\/#?secret=G9O1MircCo#?secret=htKCYRROep\" data-secret=\"htKCYRROep\" width=\"500\" height=\"282\" frameborder=\"0\" marginwidth=\"0\" marginheight=\"0\" scrolling=\"no\"><\/iframe><\/p>\n<p>Zdj\u0119cie wyr\u00f3\u017cniaj\u0105ce: \u00a9 Laura Ware (wykorzystane dzi\u0119ki uprzejmo\u015bci Wydawnictwa Literackiego)<\/p>\n","protected":false},"excerpt":{"rendered":"<p>W wieku 89 lat zmar\u0142 Cormac McCarthy, kultowy ameryka\u0144ski pisarz. By\u0142 autorem wielu rewelacyjnych powie\u015bci m.in. \u201eTo nie jest kraj dla starych ludzi\u201d czy uhonorowanej Pulitzerem \u201eDrogi\u201d. McCarthy zmar\u0142 13 czerwca w swoim domu w Santa Fe w stanie Nowy Meksyk. 13 czerwca zmar\u0142 Cormac&#8230;<\/p>\n","protected":false},"author":7,"featured_media":10623,"comment_status":"closed","ping_status":"open","sticky":false,"template":"","format":"standard","meta":[],"categories":[87],"tags":[],"yoast_head":"<!-- This site is optimized with the Yoast SEO plugin v20.11 - https:\/\/yoast.com\/wordpress\/plugins\/seo\/ -->\n<title>Zmar\u0142 Cormac McCarthy, autor kultowej \u201eDrogi\u201d - Woblink<\/title>\n<meta name=\"description\" content=\"W wieku 89 lat zmar\u0142 Cormac McCarthy, kultowy ameryka\u0144ski pisarz. By\u0142 autorem wielu powie\u015bci np. uhonorowanej Pulitzerem \u201eDrogi\u201d.\" \/>\n<meta name=\"robots\" content=\"index, follow, max-snippet:-1, max-image-preview:large, max-video-preview:-1\" \/>\n<link rel=\"canonical\" href=\"https:\/\/woblink.com\/blog\/zmarl-cormac-mccarthy-autor-kultowej-drogi\/\" \/>\n<meta property=\"og:locale\" content=\"pl_PL\" \/>\n<meta property=\"og:type\" content=\"article\" \/>\n<meta property=\"og:title\" content=\"Zmar\u0142 Cormac McCarthy, autor kultowej \u201eDrogi\u201d - Woblink\" \/>\n<meta property=\"og:description\" content=\"W wieku 89 lat zmar\u0142 Cormac McCarthy, kultowy ameryka\u0144ski pisarz. By\u0142 autorem wielu powie\u015bci np. uhonorowanej Pulitzerem \u201eDrogi\u201d.\" \/>\n<meta property=\"og:url\" content=\"https:\/\/woblink.com\/blog\/zmarl-cormac-mccarthy-autor-kultowej-drogi\/\" \/>\n<meta property=\"og:site_name\" content=\"Woblink\" \/>\n<meta property=\"article:publisher\" content=\"https:\/\/facebook.com\/woblink\" \/>\n<meta property=\"article:published_time\" content=\"2023-06-14T08:13:44+00:00\" \/>\n<meta property=\"article:modified_time\" content=\"2023-06-14T08:26:54+00:00\" \/>\n<meta property=\"og:image\" content=\"https:\/\/woblink.com\/blog\/wp-content\/uploads\/wywiad-6.jpg\" \/>\n\t<meta property=\"og:image:width\" content=\"1011\" \/>\n\t<meta property=\"og:image:height\" content=\"690\" \/>\n\t<meta property=\"og:image:type\" content=\"image\/jpeg\" \/>\n<meta name=\"author\" content=\"Redakcja Woblinka\" \/>\n<meta name=\"twitter:card\" content=\"summary_large_image\" \/>\n<meta name=\"twitter:creator\" content=\"@woblink_com\" \/>\n<meta name=\"twitter:site\" content=\"@woblink_com\" \/>\n<meta name=\"twitter:label1\" content=\"Napisane przez\" \/>\n\t<meta name=\"twitter:data1\" content=\"Redakcja Woblinka\" \/>\n\t<meta name=\"twitter:label2\" content=\"Szacowany czas czytania\" \/>\n\t<meta name=\"twitter:data2\" content=\"6 minut\" \/>\n<script type=\"application\/ld+json\" class=\"yoast-schema-graph\">{\"@context\":\"https:\/\/schema.org\",\"@graph\":[{\"@type\":\"Article\",\"@id\":\"https:\/\/woblink.com\/blog\/zmarl-cormac-mccarthy-autor-kultowej-drogi\/#article\",\"isPartOf\":{\"@id\":\"https:\/\/woblink.com\/blog\/zmarl-cormac-mccarthy-autor-kultowej-drogi\/\"},\"author\":{\"name\":\"Redakcja Woblinka\",\"@id\":\"https:\/\/woblink.com\/blog\/#\/schema\/person\/8ab6b79d64fa54209272130c4c3b1e95\"},\"headline\":\"Zmar\u0142 Cormac McCarthy, autor kultowej \u201eDrogi\u201d\",\"datePublished\":\"2023-06-14T08:13:44+00:00\",\"dateModified\":\"2023-06-14T08:26:54+00:00\",\"mainEntityOfPage\":{\"@id\":\"https:\/\/woblink.com\/blog\/zmarl-cormac-mccarthy-autor-kultowej-drogi\/\"},\"wordCount\":855,\"publisher\":{\"@id\":\"https:\/\/woblink.com\/blog\/#organization\"},\"articleSection\":[\"Aktualno\u015bci\"],\"inLanguage\":\"pl-PL\"},{\"@type\":\"WebPage\",\"@id\":\"https:\/\/woblink.com\/blog\/zmarl-cormac-mccarthy-autor-kultowej-drogi\/\",\"url\":\"https:\/\/woblink.com\/blog\/zmarl-cormac-mccarthy-autor-kultowej-drogi\/\",\"name\":\"Zmar\u0142 Cormac McCarthy, autor kultowej \u201eDrogi\u201d - Woblink\",\"isPartOf\":{\"@id\":\"https:\/\/woblink.com\/blog\/#website\"},\"datePublished\":\"2023-06-14T08:13:44+00:00\",\"dateModified\":\"2023-06-14T08:26:54+00:00\",\"description\":\"W wieku 89 lat zmar\u0142 Cormac McCarthy, kultowy ameryka\u0144ski pisarz. By\u0142 autorem wielu powie\u015bci np. uhonorowanej Pulitzerem \u201eDrogi\u201d.\",\"breadcrumb\":{\"@id\":\"https:\/\/woblink.com\/blog\/zmarl-cormac-mccarthy-autor-kultowej-drogi\/#breadcrumb\"},\"inLanguage\":\"pl-PL\",\"potentialAction\":[{\"@type\":\"ReadAction\",\"target\":[\"https:\/\/woblink.com\/blog\/zmarl-cormac-mccarthy-autor-kultowej-drogi\/\"]}]},{\"@type\":\"BreadcrumbList\",\"@id\":\"https:\/\/woblink.com\/blog\/zmarl-cormac-mccarthy-autor-kultowej-drogi\/#breadcrumb\",\"itemListElement\":[{\"@type\":\"ListItem\",\"position\":1,\"name\":\"Strona g\u0142\u00f3wna\",\"item\":\"https:\/\/woblink.com\/blog\/\"},{\"@type\":\"ListItem\",\"position\":2,\"name\":\"Zmar\u0142 Cormac McCarthy, autor kultowej \u201eDrogi\u201d\"}]},{\"@type\":\"WebSite\",\"@id\":\"https:\/\/woblink.com\/blog\/#website\",\"url\":\"https:\/\/woblink.com\/blog\/\",\"name\":\"Woblink\",\"description\":\"najlepszy firmowy blog o ksi\u0105\u017ckach\",\"publisher\":{\"@id\":\"https:\/\/woblink.com\/blog\/#organization\"},\"potentialAction\":[{\"@type\":\"SearchAction\",\"target\":{\"@type\":\"EntryPoint\",\"urlTemplate\":\"https:\/\/woblink.com\/blog\/?s={search_term_string}\"},\"query-input\":\"required name=search_term_string\"}],\"inLanguage\":\"pl-PL\"},{\"@type\":\"Organization\",\"@id\":\"https:\/\/woblink.com\/blog\/#organization\",\"name\":\"Woblink\",\"url\":\"https:\/\/woblink.com\/blog\/\",\"logo\":{\"@type\":\"ImageObject\",\"inLanguage\":\"pl-PL\",\"@id\":\"https:\/\/woblink.com\/blog\/#\/schema\/logo\/image\/\",\"url\":\"https:\/\/i0.wp.com\/woblink.com\/blog\/wp-content\/uploads\/2019\/04\/nw_logoB.png?fit=185%2C42&ssl=1\",\"contentUrl\":\"https:\/\/i0.wp.com\/woblink.com\/blog\/wp-content\/uploads\/2019\/04\/nw_logoB.png?fit=185%2C42&ssl=1\",\"width\":185,\"height\":42,\"caption\":\"Woblink\"},\"image\":{\"@id\":\"https:\/\/woblink.com\/blog\/#\/schema\/logo\/image\/\"},\"sameAs\":[\"https:\/\/facebook.com\/woblink\",\"https:\/\/twitter.com\/woblink_com\",\"https:\/\/www.instagram.com\/woblink_com\",\"https:\/\/www.linkedin.com\/company\/woblink\/\"]},{\"@type\":\"Person\",\"@id\":\"https:\/\/woblink.com\/blog\/#\/schema\/person\/8ab6b79d64fa54209272130c4c3b1e95\",\"name\":\"Redakcja Woblinka\",\"image\":{\"@type\":\"ImageObject\",\"inLanguage\":\"pl-PL\",\"@id\":\"https:\/\/woblink.com\/blog\/#\/schema\/person\/image\/\",\"url\":\"https:\/\/secure.gravatar.com\/avatar\/f23ae80a7c9da060bee5f8310913478b?s=96&d=mm&r=g\",\"contentUrl\":\"https:\/\/secure.gravatar.com\/avatar\/f23ae80a7c9da060bee5f8310913478b?s=96&d=mm&r=g\",\"caption\":\"Redakcja Woblinka\"},\"url\":\"https:\/\/woblink.com\/blog\/author\/krasny\/\"}]}<\/script>\n<!-- \/ Yoast SEO plugin. -->","yoast_head_json":{"title":"Zmar\u0142 Cormac McCarthy, autor kultowej \u201eDrogi\u201d - Woblink","description":"W wieku 89 lat zmar\u0142 Cormac McCarthy, kultowy ameryka\u0144ski pisarz. By\u0142 autorem wielu powie\u015bci np. uhonorowanej Pulitzerem \u201eDrogi\u201d.","robots":{"index":"index","follow":"follow","max-snippet":"max-snippet:-1","max-image-preview":"max-image-preview:large","max-video-preview":"max-video-preview:-1"},"canonical":"https:\/\/woblink.com\/blog\/zmarl-cormac-mccarthy-autor-kultowej-drogi\/","og_locale":"pl_PL","og_type":"article","og_title":"Zmar\u0142 Cormac McCarthy, autor kultowej \u201eDrogi\u201d - Woblink","og_description":"W wieku 89 lat zmar\u0142 Cormac McCarthy, kultowy ameryka\u0144ski pisarz. By\u0142 autorem wielu powie\u015bci np. uhonorowanej Pulitzerem \u201eDrogi\u201d.","og_url":"https:\/\/woblink.com\/blog\/zmarl-cormac-mccarthy-autor-kultowej-drogi\/","og_site_name":"Woblink","article_publisher":"https:\/\/facebook.com\/woblink","article_published_time":"2023-06-14T08:13:44+00:00","article_modified_time":"2023-06-14T08:26:54+00:00","og_image":[{"width":1011,"height":690,"url":"https:\/\/woblink.com\/blog\/wp-content\/uploads\/wywiad-6.jpg","type":"image\/jpeg"}],"author":"Redakcja Woblinka","twitter_card":"summary_large_image","twitter_creator":"@woblink_com","twitter_site":"@woblink_com","twitter_misc":{"Napisane przez":"Redakcja Woblinka","Szacowany czas czytania":"6 minut"},"schema":{"@context":"https:\/\/schema.org","@graph":[{"@type":"Article","@id":"https:\/\/woblink.com\/blog\/zmarl-cormac-mccarthy-autor-kultowej-drogi\/#article","isPartOf":{"@id":"https:\/\/woblink.com\/blog\/zmarl-cormac-mccarthy-autor-kultowej-drogi\/"},"author":{"name":"Redakcja Woblinka","@id":"https:\/\/woblink.com\/blog\/#\/schema\/person\/8ab6b79d64fa54209272130c4c3b1e95"},"headline":"Zmar\u0142 Cormac McCarthy, autor kultowej \u201eDrogi\u201d","datePublished":"2023-06-14T08:13:44+00:00","dateModified":"2023-06-14T08:26:54+00:00","mainEntityOfPage":{"@id":"https:\/\/woblink.com\/blog\/zmarl-cormac-mccarthy-autor-kultowej-drogi\/"},"wordCount":855,"publisher":{"@id":"https:\/\/woblink.com\/blog\/#organization"},"articleSection":["Aktualno\u015bci"],"inLanguage":"pl-PL"},{"@type":"WebPage","@id":"https:\/\/woblink.com\/blog\/zmarl-cormac-mccarthy-autor-kultowej-drogi\/","url":"https:\/\/woblink.com\/blog\/zmarl-cormac-mccarthy-autor-kultowej-drogi\/","name":"Zmar\u0142 Cormac McCarthy, autor kultowej \u201eDrogi\u201d - Woblink","isPartOf":{"@id":"https:\/\/woblink.com\/blog\/#website"},"datePublished":"2023-06-14T08:13:44+00:00","dateModified":"2023-06-14T08:26:54+00:00","description":"W wieku 89 lat zmar\u0142 Cormac McCarthy, kultowy ameryka\u0144ski pisarz. By\u0142 autorem wielu powie\u015bci np. uhonorowanej Pulitzerem \u201eDrogi\u201d.","breadcrumb":{"@id":"https:\/\/woblink.com\/blog\/zmarl-cormac-mccarthy-autor-kultowej-drogi\/#breadcrumb"},"inLanguage":"pl-PL","potentialAction":[{"@type":"ReadAction","target":["https:\/\/woblink.com\/blog\/zmarl-cormac-mccarthy-autor-kultowej-drogi\/"]}]},{"@type":"BreadcrumbList","@id":"https:\/\/woblink.com\/blog\/zmarl-cormac-mccarthy-autor-kultowej-drogi\/#breadcrumb","itemListElement":[{"@type":"ListItem","position":1,"name":"Strona g\u0142\u00f3wna","item":"https:\/\/woblink.com\/blog\/"},{"@type":"ListItem","position":2,"name":"Zmar\u0142 Cormac McCarthy, autor kultowej \u201eDrogi\u201d"}]},{"@type":"WebSite","@id":"https:\/\/woblink.com\/blog\/#website","url":"https:\/\/woblink.com\/blog\/","name":"Woblink","description":"najlepszy firmowy blog o ksi\u0105\u017ckach","publisher":{"@id":"https:\/\/woblink.com\/blog\/#organization"},"potentialAction":[{"@type":"SearchAction","target":{"@type":"EntryPoint","urlTemplate":"https:\/\/woblink.com\/blog\/?s={search_term_string}"},"query-input":"required name=search_term_string"}],"inLanguage":"pl-PL"},{"@type":"Organization","@id":"https:\/\/woblink.com\/blog\/#organization","name":"Woblink","url":"https:\/\/woblink.com\/blog\/","logo":{"@type":"ImageObject","inLanguage":"pl-PL","@id":"https:\/\/woblink.com\/blog\/#\/schema\/logo\/image\/","url":"https:\/\/i0.wp.com\/woblink.com\/blog\/wp-content\/uploads\/2019\/04\/nw_logoB.png?fit=185%2C42&ssl=1","contentUrl":"https:\/\/i0.wp.com\/woblink.com\/blog\/wp-content\/uploads\/2019\/04\/nw_logoB.png?fit=185%2C42&ssl=1","width":185,"height":42,"caption":"Woblink"},"image":{"@id":"https:\/\/woblink.com\/blog\/#\/schema\/logo\/image\/"},"sameAs":["https:\/\/facebook.com\/woblink","https:\/\/twitter.com\/woblink_com","https:\/\/www.instagram.com\/woblink_com","https:\/\/www.linkedin.com\/company\/woblink\/"]},{"@type":"Person","@id":"https:\/\/woblink.com\/blog\/#\/schema\/person\/8ab6b79d64fa54209272130c4c3b1e95","name":"Redakcja Woblinka","image":{"@type":"ImageObject","inLanguage":"pl-PL","@id":"https:\/\/woblink.com\/blog\/#\/schema\/person\/image\/","url":"https:\/\/secure.gravatar.com\/avatar\/f23ae80a7c9da060bee5f8310913478b?s=96&d=mm&r=g","contentUrl":"https:\/\/secure.gravatar.com\/avatar\/f23ae80a7c9da060bee5f8310913478b?s=96&d=mm&r=g","caption":"Redakcja Woblinka"},"url":"https:\/\/woblink.com\/blog\/author\/krasny\/"}]}},"jetpack_featured_media_url":"https:\/\/i0.wp.com\/woblink.com\/blog\/wp-content\/uploads\/wywiad-6.jpg?fit=1011%2C690&ssl=1","_links":{"self":[{"href":"https:\/\/woblink.com\/blog\/wp-json\/wp\/v2\/posts\/10622"}],"collection":[{"href":"https:\/\/woblink.com\/blog\/wp-json\/wp\/v2\/posts"}],"about":[{"href":"https:\/\/woblink.com\/blog\/wp-json\/wp\/v2\/types\/post"}],"author":[{"embeddable":true,"href":"https:\/\/woblink.com\/blog\/wp-json\/wp\/v2\/users\/7"}],"replies":[{"embeddable":true,"href":"https:\/\/woblink.com\/blog\/wp-json\/wp\/v2\/comments?post=10622"}],"version-history":[{"count":4,"href":"https:\/\/woblink.com\/blog\/wp-json\/wp\/v2\/posts\/10622\/revisions"}],"predecessor-version":[{"id":10631,"href":"https:\/\/woblink.com\/blog\/wp-json\/wp\/v2\/posts\/10622\/revisions\/10631"}],"wp:featuredmedia":[{"embeddable":true,"href":"https:\/\/woblink.com\/blog\/wp-json\/wp\/v2\/media\/10623"}],"wp:attachment":[{"href":"https:\/\/woblink.com\/blog\/wp-json\/wp\/v2\/media?parent=10622"}],"wp:term":[{"taxonomy":"category","embeddable":true,"href":"https:\/\/woblink.com\/blog\/wp-json\/wp\/v2\/categories?post=10622"},{"taxonomy":"post_tag","embeddable":true,"href":"https:\/\/woblink.com\/blog\/wp-json\/wp\/v2\/tags?post=10622"}],"curies":[{"name":"wp","href":"https:\/\/api.w.org\/{rel}","templated":true}]}}