{"id":11100,"date":"2023-10-05T13:19:05","date_gmt":"2023-10-05T11:19:05","guid":{"rendered":"https:\/\/woblink.com\/blog\/?p=11100"},"modified":"2023-11-28T21:19:52","modified_gmt":"2023-11-28T20:19:52","slug":"jon-fosse-laureatem-literackiej-nagroda-nobla-2023","status":"publish","type":"post","link":"https:\/\/woblink.com\/blog\/jon-fosse-laureatem-literackiej-nagroda-nobla-2023\/","title":{"rendered":"Jon Fosse laureatem literackiej Nagrody Nobla 2023"},"content":{"rendered":"<div style=\"font-weight: bold;\"><strong>Literacka Nagroda Nobla 2023<\/strong> \u2013 poznali\u015bmy zwyci\u0119zc\u0119! W tym roku <strong>laureatem Nagrody Nobla w dziedzinie literatury zosta\u0142 Jon Fosse<\/strong>.<\/div>\n<p><!--more--><\/p>\n<p><strong>Spis tre\u015bci:<\/strong><\/p>\n<ul>\n<li><a href=\"#jon-fosse-laureatem-literackiej-nagrody-nobla-2023\">Jon Fosse laureatem literackiej Nagrody Nobla 2023<\/a><\/li>\n<li><a href=\"#jon-fosse\">Jon Fosse<\/a><\/li>\n<li><a href=\"#drugie-imie-septologia-1-2\">\u201eDrugie imi\u0119. Septologia I-II\u201d \u2013 Jon Fosse, Wydawnictwo ArtRage<\/a><\/li>\n<li><a href=\"#literacka-nagroda-nobla-2023\">Literacka Nagroda Nobla 2023<\/a><\/li>\n<\/ul>\n<h2 id=\"jon-fosse-laureatem-literackiej-nagrody-nobla-2023\">Jon Fosse laureatem literackiej Nagrody Nobla 2023<\/h2>\n<p>5 pa\u017adziernika po godzinie 13.00 poznali\u015bmy <strong>120. laureata Nagrody Nobla w dziedzinie literatury<\/strong>. Wyr\u00f3\u017cnienie otrzyma\u0142 norweski pisarz <strong>Jon Fosse<\/strong>! Og\u0142oszenie werdyktu mo\u017cecie obejrze\u0107 na oficjalnym kanale <a href=\"https:\/\/www.youtube.com\/c\/NobelPrize\" rel=\"nofollow\">The Nobel Prize na YouTubie<\/a>:<\/p>\n<p><iframe loading=\"lazy\" title=\"Announcement of the 2023 Nobel Prize in Literature\" width=\"500\" height=\"281\" src=\"https:\/\/www.youtube.com\/embed\/gnN_po2389E?feature=oembed&#038;enablejsapi=1&#038;origin=https:\/\/woblink.com\" frameborder=\"0\" allow=\"accelerometer; autoplay; clipboard-write; encrypted-media; gyroscope; picture-in-picture; web-share\" allowfullscreen><\/iframe><\/p>\n<p>W uzasadnieniu Akademia Szwedzka przekaza\u0142a, \u017ce Jon Fosse otrzyma\u0142 medal <i>\u201eza nowatorskie sztuki i proz\u0119, kt\u00f3re daj\u0105 wyraz temu, co niewypowiedziane\u201d<\/i>.<\/p>\n<h2 id=\"jon-fosse\">Jon Fosse<\/h2>\n<p><strong>Jon Fosse to norweski pisarz i dramaturg. Jest uznawany za jednego z najwybitniejszych wsp\u00f3\u0142czesnych dramatopisarzy norweskich<\/strong>. Pisze w j\u0119zyku nynorsk. Jego tw\u00f3rczo\u015b\u0107 jest zaliczana do norweskiego postmodernizmu. W swoim dorobku literackim ma powie\u015bci, poezj\u0119, ksi\u0105\u017cki dla dzieci, sztuki teatralne i eseje. Jego publikacje przet\u0142umaczono na\u00a0 ponad 40 j\u0119zyk\u00f3w, tak\u017ce polski, a dramaty wystawiono na ponad 120 scenach \u015bwiata.<\/p>\n<p>Zadebiutowa\u0142 w 1983 roku ksi\u0105\u017ck\u0105 \u201eCzerwone, czarne\u201d. Jego pierwsza sztuka teatralna \u201eNigdy si\u0119 nie roz\u0142\u0105czymy\u201d, zosta\u0142a wystawiona w roku 1994. Jego najpopularniejsze dramaty to to \u201eImi\u0119\u201d (1995) i \u201eDziecko\u201d (1997).<\/p>\n<p>We wrze\u015bniu tego roku na polskim rynku, nak\u0142adem wydawnictwa ArtRage, ukaza\u0142 si\u0119 pierwszy i drugi tom opus magnum Fossego \u2013 \u201eSeptologii\u201d.<\/p>\n<h2 id=\"drugie-imie-septologia-1-2\">\u201eDrugie imi\u0119. Septologia I-II\u201d \u2013 Jon Fosse, Wydawnictwo ArtRage<\/h2>\n<figure id=\"attachment_11107\" aria-describedby=\"caption-attachment-11107\" style=\"width: 212px\" class=\"wp-caption alignright\"><a href=\"https:\/\/woblink.com\/ebook\/drugie-imie-jon-fosse-300366u\"><img decoding=\"async\" loading=\"lazy\" class=\"wp-image-11107 size-medium\" src=\"https:\/\/i0.wp.com\/woblink.com\/blog\/wp-content\/uploads\/650ee0c23c14b.jpeg?resize=212%2C300&#038;ssl=1\" alt=\"Jon Fosse \u2013 Drugie imi\u0119. Septologia I-II\" width=\"212\" height=\"300\" srcset=\"https:\/\/i0.wp.com\/woblink.com\/blog\/wp-content\/uploads\/650ee0c23c14b.jpeg?resize=212%2C300&amp;ssl=1 212w, https:\/\/i0.wp.com\/woblink.com\/blog\/wp-content\/uploads\/650ee0c23c14b.jpeg?w=570&amp;ssl=1 570w\" sizes=\"(max-width: 212px) 100vw, 212px\" data-recalc-dims=\"1\" \/><\/a><figcaption id=\"caption-attachment-11107\" class=\"wp-caption-text\"><center><b>Kup ksi\u0105\u017ck\u0119 lub <a href=\"https:\/\/woblink.com\/ebook\/drugie-imie-jon-fosse-300366u\">ebooka Drugie imi\u0119. Septologia I-II<\/a> na Woblink.com<\/b><\/center><\/figcaption><\/figure>\n<blockquote><p>Pisarstwo Fossego poch\u0142ania czytelnika, jest czym\u015b, w czym czytelnik znika niby wiatr w ciemno\u015bciach. (\u2026) Jego g\u0142osu nie spos\u00f3b pomyli\u0107.<br \/>\nKarl Ove Knausg\u00e5rd<\/p><\/blockquote>\n<p>Opis wydawcy:<br \/>\nMalarz i wdowiec Asle mieszka samotnie w domu w Dylgja. Jedynymi osobami, z kt\u00f3rymi wci\u0105\u017c si\u0119 widuje, s\u0105 jego s\u0105siad, rybak \u00c5sleik i Beyer, w\u0142a\u015bciciel galerii w Bj\u00f8rgvin, kilka godzin jazdy na po\u0142udnie. W Bj\u00f8rgvin mieszka tak\u017ce drugi Asle, jego sobowt\u00f3r, a mo\u017ce cie\u0144 albo druga wersja tego samego \u017cycia? Pierwszy z nich sta\u0142 si\u0119 religijny, rzuci\u0142 picie i odni\u00f3s\u0142 sukces, drugiemu przypad\u0142 trudniejszy los. Wszystko powoli zmierza do spotkania obu malarzy.<\/p>\n<p><strong>W tej porywaj\u0105cej rytmem, hipnotycznej prozie Fosse stawia fundamentalne pytania: co czyni nas tym, kim jeste\u015bmy? Dlaczego prowadzimy takie, a nie inne \u017cycie<\/strong>? Z pomoc\u0105 retrospekcji norweski mistrz portretuje \u017cycie obu malarzy, tworz\u0105c przejmuj\u0105cy obraz kondycji ludzkiej.<\/p>\n<p><strong>Septologia opowiada o sprawach najwa\u017cniejszych: o naturze sztuki, Bogu, przemijaniu, na\u0142ogach, mi\u0142o\u015bci i \u015bmierci<\/strong>.<\/p>\n<h2 id=\"literacka-nagroda-nobla-2023\">Literacka Nagroda Nobla 2023<\/h2>\n<p><strong>W tym roku poznali\u015bmy 120. laureata Nagrody Nobla w dziedzinie literatury<\/strong>. Dwa lata temu Fundacja Noblowska zdecydowa\u0142a o podniesieniu warto\u015bci tegorocznej nagrody pieni\u0119\u017cnej o 1 mln koron. Obecnie zatem nagroda wynosi 10 mln koron. Jest to r\u00f3wnowarto\u015b\u0107 950 tys. euro. Swoj\u0105 decyzj\u0119 motywowa\u0142a popraw\u0105 stanu finans\u00f3w fundacji oraz wol\u0119 utrzymania presti\u017cu Nagrody Nobla.<\/p>\n<p class=\"art_paragraph\">Warto przypomnie\u0107, \u017ce w wyniku skandalu w Akademii Szwedzkiej, w 2018 roku nie wy\u0142oniono laureata. W nast\u0119pstwie tej decyzji, w ubieg\u0142ym roku og\u0142oszony zosta\u0142 podw\u00f3jny werdykt \u2013 wyr\u00f3\u017cnienie otrzymali <a href=\"https:\/\/woblink.com\/autor\/olga-tokarczuk-6050\">Olga Tokarczuk<\/a> (za rok 2018) i <a href=\"https:\/\/woblink.com\/autor\/peter-handke-116939\">Peter Handke<\/a> (za rok 2019). Za rok 2020 nagrod\u0119 otrzyma\u0142a z kolei <a href=\"https:\/\/woblink.com\/autor\/louise-gluck-103773\">Louise Gl\u00fcck<\/a>, a za rok 2021 z medalem wr\u00f3ci\u0142 do domu Abdulrazak Gurnah. W zesz\u0142ym roku laureatk\u0105 literackiej Nagroda Nobla zosta\u0142a Annie Ernaux.<\/p>\n<blockquote class=\"wp-embedded-content\" data-secret=\"EfgqMvtgtj\"><p><a href=\"https:\/\/woblink.com\/blog\/annie-ernaux-laureatka-nagrody-nobla-w-dziedzinie-literatury-2022\/\">Annie Ernaux laureatk\u0105 Nagrody Nobla w dziedzinie literatury 2022<\/a><\/p><\/blockquote>\n<p><iframe class=\"wp-embedded-content\" sandbox=\"allow-scripts\" security=\"restricted\" style=\"position: absolute; clip: rect(1px, 1px, 1px, 1px);\" title=\"&#8222;Annie Ernaux laureatk\u0105 Nagrody Nobla w dziedzinie literatury 2022&#8221; &#8212; Woblink\" src=\"https:\/\/woblink.com\/blog\/annie-ernaux-laureatka-nagrody-nobla-w-dziedzinie-literatury-2022\/embed\/#?secret=VZpPCm3BdC#?secret=EfgqMvtgtj\" data-secret=\"EfgqMvtgtj\" width=\"500\" height=\"282\" frameborder=\"0\" marginwidth=\"0\" marginheight=\"0\" scrolling=\"no\"><\/iframe><\/p>\n<p>&nbsp;<\/p>\n<p>Grafika na zdj\u0119ciu wyr\u00f3\u017cniaj\u0105cym pochodzi ze strony <a href=\"https:\/\/www.nobelprize.org\/prizes\/literature\/\">https:\/\/www.nobelprize.org\/prizes\/literature\/<\/a><\/p>\n","protected":false},"excerpt":{"rendered":"<p>Literacka Nagroda Nobla 2023 \u2013 poznali\u015bmy zwyci\u0119zc\u0119! W tym roku laureatem Nagrody Nobla w dziedzinie literatury zosta\u0142 Jon Fosse. Spis tre\u015bci: Jon Fosse laureatem literackiej Nagrody Nobla 2023 Jon Fosse \u201eDrugie imi\u0119. Septologia I-II\u201d \u2013 Jon Fosse, Wydawnictwo ArtRage Literacka Nagroda Nobla 2023 Jon Fosse&#8230;<\/p>\n","protected":false},"author":7,"featured_media":11112,"comment_status":"closed","ping_status":"open","sticky":false,"template":"","format":"standard","meta":[],"categories":[87,79],"tags":[],"yoast_head":"<!-- This site is optimized with the Yoast SEO plugin v20.11 - https:\/\/yoast.com\/wordpress\/plugins\/seo\/ -->\n<title>Laureat Literackiej Nagody Nobla 2023 - Jon Fosse - Woblink<\/title>\n<meta name=\"description\" content=\"Literacka Nagroda Nobla 2023 \u2013 poznali\u015bmy zwyci\u0119zc\u0119! W tym roku laureatem Nagrody Nobla w dziedzinie literatury zosta\u0142 Jon Fosse. Sprawd\u017a!\" \/>\n<meta name=\"robots\" content=\"index, follow, max-snippet:-1, max-image-preview:large, max-video-preview:-1\" \/>\n<link rel=\"canonical\" href=\"https:\/\/woblink.com\/blog\/jon-fosse-laureatem-literackiej-nagroda-nobla-2023\/\" \/>\n<meta property=\"og:locale\" content=\"pl_PL\" \/>\n<meta property=\"og:type\" content=\"article\" \/>\n<meta property=\"og:title\" content=\"Laureat Literackiej Nagody Nobla 2023 - Jon Fosse - Woblink\" \/>\n<meta property=\"og:description\" content=\"Literacka Nagroda Nobla 2023 \u2013 poznali\u015bmy zwyci\u0119zc\u0119! W tym roku laureatem Nagrody Nobla w dziedzinie literatury zosta\u0142 Jon Fosse. Sprawd\u017a!\" \/>\n<meta property=\"og:url\" content=\"https:\/\/woblink.com\/blog\/jon-fosse-laureatem-literackiej-nagroda-nobla-2023\/\" \/>\n<meta property=\"og:site_name\" content=\"Woblink\" \/>\n<meta property=\"article:publisher\" content=\"https:\/\/facebook.com\/woblink\" \/>\n<meta property=\"article:published_time\" content=\"2023-10-05T11:19:05+00:00\" \/>\n<meta property=\"article:modified_time\" content=\"2023-11-28T20:19:52+00:00\" \/>\n<meta property=\"og:image\" content=\"https:\/\/woblink.com\/blog\/wp-content\/uploads\/blog-10.jpg\" \/>\n\t<meta property=\"og:image:width\" content=\"1011\" \/>\n\t<meta property=\"og:image:height\" content=\"690\" \/>\n\t<meta property=\"og:image:type\" content=\"image\/jpeg\" \/>\n<meta name=\"author\" content=\"Redakcja Woblinka\" \/>\n<meta name=\"twitter:card\" content=\"summary_large_image\" \/>\n<meta name=\"twitter:creator\" content=\"@woblink_com\" \/>\n<meta name=\"twitter:site\" content=\"@woblink_com\" \/>\n<meta name=\"twitter:label1\" content=\"Napisane przez\" \/>\n\t<meta name=\"twitter:data1\" content=\"Redakcja Woblinka\" \/>\n\t<meta name=\"twitter:label2\" content=\"Szacowany czas czytania\" \/>\n\t<meta name=\"twitter:data2\" content=\"4 minuty\" \/>\n<script type=\"application\/ld+json\" class=\"yoast-schema-graph\">{\"@context\":\"https:\/\/schema.org\",\"@graph\":[{\"@type\":\"Article\",\"@id\":\"https:\/\/woblink.com\/blog\/jon-fosse-laureatem-literackiej-nagroda-nobla-2023\/#article\",\"isPartOf\":{\"@id\":\"https:\/\/woblink.com\/blog\/jon-fosse-laureatem-literackiej-nagroda-nobla-2023\/\"},\"author\":{\"name\":\"Redakcja Woblinka\",\"@id\":\"https:\/\/woblink.com\/blog\/#\/schema\/person\/8ab6b79d64fa54209272130c4c3b1e95\"},\"headline\":\"Jon Fosse laureatem literackiej Nagrody Nobla 2023\",\"datePublished\":\"2023-10-05T11:19:05+00:00\",\"dateModified\":\"2023-11-28T20:19:52+00:00\",\"mainEntityOfPage\":{\"@id\":\"https:\/\/woblink.com\/blog\/jon-fosse-laureatem-literackiej-nagroda-nobla-2023\/\"},\"wordCount\":591,\"publisher\":{\"@id\":\"https:\/\/woblink.com\/blog\/#organization\"},\"articleSection\":[\"Aktualno\u015bci\",\"Nagrody literackie\"],\"inLanguage\":\"pl-PL\"},{\"@type\":\"WebPage\",\"@id\":\"https:\/\/woblink.com\/blog\/jon-fosse-laureatem-literackiej-nagroda-nobla-2023\/\",\"url\":\"https:\/\/woblink.com\/blog\/jon-fosse-laureatem-literackiej-nagroda-nobla-2023\/\",\"name\":\"Laureat Literackiej Nagody Nobla 2023 - Jon Fosse - Woblink\",\"isPartOf\":{\"@id\":\"https:\/\/woblink.com\/blog\/#website\"},\"datePublished\":\"2023-10-05T11:19:05+00:00\",\"dateModified\":\"2023-11-28T20:19:52+00:00\",\"description\":\"Literacka Nagroda Nobla 2023 \u2013 poznali\u015bmy zwyci\u0119zc\u0119! W tym roku laureatem Nagrody Nobla w dziedzinie literatury zosta\u0142 Jon Fosse. Sprawd\u017a!\",\"breadcrumb\":{\"@id\":\"https:\/\/woblink.com\/blog\/jon-fosse-laureatem-literackiej-nagroda-nobla-2023\/#breadcrumb\"},\"inLanguage\":\"pl-PL\",\"potentialAction\":[{\"@type\":\"ReadAction\",\"target\":[\"https:\/\/woblink.com\/blog\/jon-fosse-laureatem-literackiej-nagroda-nobla-2023\/\"]}]},{\"@type\":\"BreadcrumbList\",\"@id\":\"https:\/\/woblink.com\/blog\/jon-fosse-laureatem-literackiej-nagroda-nobla-2023\/#breadcrumb\",\"itemListElement\":[{\"@type\":\"ListItem\",\"position\":1,\"name\":\"Strona g\u0142\u00f3wna\",\"item\":\"https:\/\/woblink.com\/blog\/\"},{\"@type\":\"ListItem\",\"position\":2,\"name\":\"Jon Fosse laureatem literackiej Nagrody Nobla 2023\"}]},{\"@type\":\"WebSite\",\"@id\":\"https:\/\/woblink.com\/blog\/#website\",\"url\":\"https:\/\/woblink.com\/blog\/\",\"name\":\"Woblink\",\"description\":\"najlepszy firmowy blog o ksi\u0105\u017ckach\",\"publisher\":{\"@id\":\"https:\/\/woblink.com\/blog\/#organization\"},\"potentialAction\":[{\"@type\":\"SearchAction\",\"target\":{\"@type\":\"EntryPoint\",\"urlTemplate\":\"https:\/\/woblink.com\/blog\/?s={search_term_string}\"},\"query-input\":\"required name=search_term_string\"}],\"inLanguage\":\"pl-PL\"},{\"@type\":\"Organization\",\"@id\":\"https:\/\/woblink.com\/blog\/#organization\",\"name\":\"Woblink\",\"url\":\"https:\/\/woblink.com\/blog\/\",\"logo\":{\"@type\":\"ImageObject\",\"inLanguage\":\"pl-PL\",\"@id\":\"https:\/\/woblink.com\/blog\/#\/schema\/logo\/image\/\",\"url\":\"https:\/\/i0.wp.com\/woblink.com\/blog\/wp-content\/uploads\/2019\/04\/nw_logoB.png?fit=185%2C42&ssl=1\",\"contentUrl\":\"https:\/\/i0.wp.com\/woblink.com\/blog\/wp-content\/uploads\/2019\/04\/nw_logoB.png?fit=185%2C42&ssl=1\",\"width\":185,\"height\":42,\"caption\":\"Woblink\"},\"image\":{\"@id\":\"https:\/\/woblink.com\/blog\/#\/schema\/logo\/image\/\"},\"sameAs\":[\"https:\/\/facebook.com\/woblink\",\"https:\/\/twitter.com\/woblink_com\",\"https:\/\/www.instagram.com\/woblink_com\",\"https:\/\/www.linkedin.com\/company\/woblink\/\"]},{\"@type\":\"Person\",\"@id\":\"https:\/\/woblink.com\/blog\/#\/schema\/person\/8ab6b79d64fa54209272130c4c3b1e95\",\"name\":\"Redakcja Woblinka\",\"image\":{\"@type\":\"ImageObject\",\"inLanguage\":\"pl-PL\",\"@id\":\"https:\/\/woblink.com\/blog\/#\/schema\/person\/image\/\",\"url\":\"https:\/\/secure.gravatar.com\/avatar\/f23ae80a7c9da060bee5f8310913478b?s=96&d=mm&r=g\",\"contentUrl\":\"https:\/\/secure.gravatar.com\/avatar\/f23ae80a7c9da060bee5f8310913478b?s=96&d=mm&r=g\",\"caption\":\"Redakcja Woblinka\"},\"url\":\"https:\/\/woblink.com\/blog\/author\/krasny\/\"}]}<\/script>\n<!-- \/ Yoast SEO plugin. -->","yoast_head_json":{"title":"Laureat Literackiej Nagody Nobla 2023 - Jon Fosse - Woblink","description":"Literacka Nagroda Nobla 2023 \u2013 poznali\u015bmy zwyci\u0119zc\u0119! W tym roku laureatem Nagrody Nobla w dziedzinie literatury zosta\u0142 Jon Fosse. Sprawd\u017a!","robots":{"index":"index","follow":"follow","max-snippet":"max-snippet:-1","max-image-preview":"max-image-preview:large","max-video-preview":"max-video-preview:-1"},"canonical":"https:\/\/woblink.com\/blog\/jon-fosse-laureatem-literackiej-nagroda-nobla-2023\/","og_locale":"pl_PL","og_type":"article","og_title":"Laureat Literackiej Nagody Nobla 2023 - Jon Fosse - Woblink","og_description":"Literacka Nagroda Nobla 2023 \u2013 poznali\u015bmy zwyci\u0119zc\u0119! W tym roku laureatem Nagrody Nobla w dziedzinie literatury zosta\u0142 Jon Fosse. Sprawd\u017a!","og_url":"https:\/\/woblink.com\/blog\/jon-fosse-laureatem-literackiej-nagroda-nobla-2023\/","og_site_name":"Woblink","article_publisher":"https:\/\/facebook.com\/woblink","article_published_time":"2023-10-05T11:19:05+00:00","article_modified_time":"2023-11-28T20:19:52+00:00","og_image":[{"width":1011,"height":690,"url":"https:\/\/woblink.com\/blog\/wp-content\/uploads\/blog-10.jpg","type":"image\/jpeg"}],"author":"Redakcja Woblinka","twitter_card":"summary_large_image","twitter_creator":"@woblink_com","twitter_site":"@woblink_com","twitter_misc":{"Napisane przez":"Redakcja Woblinka","Szacowany czas czytania":"4 minuty"},"schema":{"@context":"https:\/\/schema.org","@graph":[{"@type":"Article","@id":"https:\/\/woblink.com\/blog\/jon-fosse-laureatem-literackiej-nagroda-nobla-2023\/#article","isPartOf":{"@id":"https:\/\/woblink.com\/blog\/jon-fosse-laureatem-literackiej-nagroda-nobla-2023\/"},"author":{"name":"Redakcja Woblinka","@id":"https:\/\/woblink.com\/blog\/#\/schema\/person\/8ab6b79d64fa54209272130c4c3b1e95"},"headline":"Jon Fosse laureatem literackiej Nagrody Nobla 2023","datePublished":"2023-10-05T11:19:05+00:00","dateModified":"2023-11-28T20:19:52+00:00","mainEntityOfPage":{"@id":"https:\/\/woblink.com\/blog\/jon-fosse-laureatem-literackiej-nagroda-nobla-2023\/"},"wordCount":591,"publisher":{"@id":"https:\/\/woblink.com\/blog\/#organization"},"articleSection":["Aktualno\u015bci","Nagrody literackie"],"inLanguage":"pl-PL"},{"@type":"WebPage","@id":"https:\/\/woblink.com\/blog\/jon-fosse-laureatem-literackiej-nagroda-nobla-2023\/","url":"https:\/\/woblink.com\/blog\/jon-fosse-laureatem-literackiej-nagroda-nobla-2023\/","name":"Laureat Literackiej Nagody Nobla 2023 - Jon Fosse - Woblink","isPartOf":{"@id":"https:\/\/woblink.com\/blog\/#website"},"datePublished":"2023-10-05T11:19:05+00:00","dateModified":"2023-11-28T20:19:52+00:00","description":"Literacka Nagroda Nobla 2023 \u2013 poznali\u015bmy zwyci\u0119zc\u0119! W tym roku laureatem Nagrody Nobla w dziedzinie literatury zosta\u0142 Jon Fosse. Sprawd\u017a!","breadcrumb":{"@id":"https:\/\/woblink.com\/blog\/jon-fosse-laureatem-literackiej-nagroda-nobla-2023\/#breadcrumb"},"inLanguage":"pl-PL","potentialAction":[{"@type":"ReadAction","target":["https:\/\/woblink.com\/blog\/jon-fosse-laureatem-literackiej-nagroda-nobla-2023\/"]}]},{"@type":"BreadcrumbList","@id":"https:\/\/woblink.com\/blog\/jon-fosse-laureatem-literackiej-nagroda-nobla-2023\/#breadcrumb","itemListElement":[{"@type":"ListItem","position":1,"name":"Strona g\u0142\u00f3wna","item":"https:\/\/woblink.com\/blog\/"},{"@type":"ListItem","position":2,"name":"Jon Fosse laureatem literackiej Nagrody Nobla 2023"}]},{"@type":"WebSite","@id":"https:\/\/woblink.com\/blog\/#website","url":"https:\/\/woblink.com\/blog\/","name":"Woblink","description":"najlepszy firmowy blog o ksi\u0105\u017ckach","publisher":{"@id":"https:\/\/woblink.com\/blog\/#organization"},"potentialAction":[{"@type":"SearchAction","target":{"@type":"EntryPoint","urlTemplate":"https:\/\/woblink.com\/blog\/?s={search_term_string}"},"query-input":"required name=search_term_string"}],"inLanguage":"pl-PL"},{"@type":"Organization","@id":"https:\/\/woblink.com\/blog\/#organization","name":"Woblink","url":"https:\/\/woblink.com\/blog\/","logo":{"@type":"ImageObject","inLanguage":"pl-PL","@id":"https:\/\/woblink.com\/blog\/#\/schema\/logo\/image\/","url":"https:\/\/i0.wp.com\/woblink.com\/blog\/wp-content\/uploads\/2019\/04\/nw_logoB.png?fit=185%2C42&ssl=1","contentUrl":"https:\/\/i0.wp.com\/woblink.com\/blog\/wp-content\/uploads\/2019\/04\/nw_logoB.png?fit=185%2C42&ssl=1","width":185,"height":42,"caption":"Woblink"},"image":{"@id":"https:\/\/woblink.com\/blog\/#\/schema\/logo\/image\/"},"sameAs":["https:\/\/facebook.com\/woblink","https:\/\/twitter.com\/woblink_com","https:\/\/www.instagram.com\/woblink_com","https:\/\/www.linkedin.com\/company\/woblink\/"]},{"@type":"Person","@id":"https:\/\/woblink.com\/blog\/#\/schema\/person\/8ab6b79d64fa54209272130c4c3b1e95","name":"Redakcja Woblinka","image":{"@type":"ImageObject","inLanguage":"pl-PL","@id":"https:\/\/woblink.com\/blog\/#\/schema\/person\/image\/","url":"https:\/\/secure.gravatar.com\/avatar\/f23ae80a7c9da060bee5f8310913478b?s=96&d=mm&r=g","contentUrl":"https:\/\/secure.gravatar.com\/avatar\/f23ae80a7c9da060bee5f8310913478b?s=96&d=mm&r=g","caption":"Redakcja Woblinka"},"url":"https:\/\/woblink.com\/blog\/author\/krasny\/"}]}},"jetpack_featured_media_url":"https:\/\/i0.wp.com\/woblink.com\/blog\/wp-content\/uploads\/blog-10.jpg?fit=1011%2C690&ssl=1","_links":{"self":[{"href":"https:\/\/woblink.com\/blog\/wp-json\/wp\/v2\/posts\/11100"}],"collection":[{"href":"https:\/\/woblink.com\/blog\/wp-json\/wp\/v2\/posts"}],"about":[{"href":"https:\/\/woblink.com\/blog\/wp-json\/wp\/v2\/types\/post"}],"author":[{"embeddable":true,"href":"https:\/\/woblink.com\/blog\/wp-json\/wp\/v2\/users\/7"}],"replies":[{"embeddable":true,"href":"https:\/\/woblink.com\/blog\/wp-json\/wp\/v2\/comments?post=11100"}],"version-history":[{"count":10,"href":"https:\/\/woblink.com\/blog\/wp-json\/wp\/v2\/posts\/11100\/revisions"}],"predecessor-version":[{"id":11268,"href":"https:\/\/woblink.com\/blog\/wp-json\/wp\/v2\/posts\/11100\/revisions\/11268"}],"wp:featuredmedia":[{"embeddable":true,"href":"https:\/\/woblink.com\/blog\/wp-json\/wp\/v2\/media\/11112"}],"wp:attachment":[{"href":"https:\/\/woblink.com\/blog\/wp-json\/wp\/v2\/media?parent=11100"}],"wp:term":[{"taxonomy":"category","embeddable":true,"href":"https:\/\/woblink.com\/blog\/wp-json\/wp\/v2\/categories?post=11100"},{"taxonomy":"post_tag","embeddable":true,"href":"https:\/\/woblink.com\/blog\/wp-json\/wp\/v2\/tags?post=11100"}],"curies":[{"name":"wp","href":"https:\/\/api.w.org\/{rel}","templated":true}]}}