{"id":1141,"date":"2019-09-24T15:53:21","date_gmt":"2019-09-24T13:53:21","guid":{"rendered":"https:\/\/woblink.com\/blog\/?p=1141"},"modified":"2019-10-03T11:41:44","modified_gmt":"2019-10-03T09:41:44","slug":"the-guardian-olga-tokarczuk-na-liscie-100-ksiazek-xxi-wieku","status":"publish","type":"post","link":"https:\/\/woblink.com\/blog\/the-guardian-olga-tokarczuk-na-liscie-100-ksiazek-xxi-wieku\/","title":{"rendered":"\u201eThe Guardian\u201d: Olga Tokarczuk na li\u015bcie 100 ksi\u0105\u017cek XXI wieku"},"content":{"rendered":"<p><strong>Powie\u015b\u0107 Olgi Tokarczuk \u201eProwad\u017a sw\u00f3j p\u0142ug przez ko\u015bci umar\u0142ych\u201d (\u201cDrive Your Plow Over The Bones Of The Dead\u201d) znalaz\u0142a si\u0119 w\u015br\u00f3d 100 najlepszych ksi\u0105\u017cek wydanych w XXI wieku wed\u0142ug \u201eGuardiana\u201d. W pierwszej dziesi\u0105tce listy uplasowa\u0142y si\u0119 ksi\u0105\u017cki dwukrotnej laureatki Bookera Hilary Mantel, noblist\u00f3w Kazuo Ishiguro i Swiet\u0142any Aleksijewicz.<\/strong><\/p>\n<p><!--more--><\/p>\n<p>Wyr\u00f3\u017cniona przez \u201eGuardiana\u201d powie\u015b\u0107 \u201eProwad\u017a sw\u00f3j p\u0142ug przez ko\u015bci umar\u0142ych\u201d, przet\u0142umaczona na angielski przez Antoni\u0119 Lloyd-Jones, by\u0142a nominowana do tegorocznej Nagrody Bookera oraz znalaz\u0142a si\u0119 w finale National Book Award.<\/p>\n<figure id=\"attachment_1103\" aria-describedby=\"caption-attachment-1103\" style=\"width: 191px\" class=\"wp-caption aligncenter\"><a href=\"https:\/\/woblink.com\/ebook\/prowadz-swoj-plug-przez-kosci-umarlych-olga-tokarczuk-6733\"><img decoding=\"async\" loading=\"lazy\" class=\"wp-image-1103 size-medium\" src=\"https:\/\/i0.wp.com\/woblink.com\/blog\/wp-content\/uploads\/2019\/09\/prowad\u017a_sw\u00f3j_p\u0142ug.jpg?resize=191%2C300&#038;ssl=1\" alt=\"Prowad\u017a sw\u00f3j p\u0142ug przez ko\u015bci umar\u0142ych\" width=\"191\" height=\"300\" srcset=\"https:\/\/i0.wp.com\/woblink.com\/blog\/wp-content\/uploads\/2019\/09\/prowad\u017a_sw\u00f3j_p\u0142ug.jpg?resize=191%2C300&amp;ssl=1 191w, https:\/\/i0.wp.com\/woblink.com\/blog\/wp-content\/uploads\/2019\/09\/prowad\u017a_sw\u00f3j_p\u0142ug.jpg?resize=420%2C660&amp;ssl=1 420w, https:\/\/i0.wp.com\/woblink.com\/blog\/wp-content\/uploads\/2019\/09\/prowad\u017a_sw\u00f3j_p\u0142ug.jpg?w=545&amp;ssl=1 545w\" sizes=\"(max-width: 191px) 100vw, 191px\" data-recalc-dims=\"1\" \/><\/a><figcaption id=\"caption-attachment-1103\" class=\"wp-caption-text\"><center><strong>Kup <a href=\"https:\/\/woblink.com\/ebook\/prowadz-swoj-plug-przez-kosci-umarlych-olga-tokarczuk-6733\">ebooka<\/a>, <a href=\"https:\/\/woblink.com\/ksiazka\/prowadz-swoj-plug-przez-kosci-umarlych-tokarczuk-olga-53074\">ksi\u0105\u017ck\u0119<\/a> lub <a href=\"https:\/\/woblink.com\/audiobook\/prowadz-swoj-plug-przez-kosci-umarlych-olga-tokarczuk-28691\">audiobooka<\/a> na Woblink.com<\/strong><\/center><\/figcaption><\/figure>\n<h3 style=\"text-align: center;\"><strong>Top 100 ksia\u017cek XXI wieku wg \u201eGuardiana\u201d<\/strong><\/h3>\n<p style=\"text-align: center;\">Na pierwszych dziesi\u0119ciu miejscach \u201cGuardiana\u201d znalaz\u0142y si\u0119:<\/p>\n<p style=\"text-align: center;\"><strong>1. Hilary Mantel \u2013 \u201eW komnatach Wolf Hall\u201d<\/strong><\/p>\n<figure id=\"attachment_1142\" aria-describedby=\"caption-attachment-1142\" style=\"width: 196px\" class=\"wp-caption aligncenter\"><a href=\"https:\/\/woblink.com\/ksiazka\/w-komnatach-wolf-hall-mantel-hilary-97809\"><img decoding=\"async\" loading=\"lazy\" class=\"wp-image-1142 size-medium\" src=\"https:\/\/i0.wp.com\/woblink.com\/blog\/wp-content\/uploads\/2019\/09\/hilarymantell.jpeg?resize=196%2C300&#038;ssl=1\" alt=\"Hilary Mantel\" width=\"196\" height=\"300\" srcset=\"https:\/\/i0.wp.com\/woblink.com\/blog\/wp-content\/uploads\/2019\/09\/hilarymantell.jpeg?resize=196%2C300&amp;ssl=1 196w, https:\/\/i0.wp.com\/woblink.com\/blog\/wp-content\/uploads\/2019\/09\/hilarymantell.jpeg?w=500&amp;ssl=1 500w\" sizes=\"(max-width: 196px) 100vw, 196px\" data-recalc-dims=\"1\" \/><\/a><figcaption id=\"caption-attachment-1142\" class=\"wp-caption-text\"><center><strong>Kup <a href=\"https:\/\/woblink.com\/ksiazka\/w-komnatach-wolf-hall-mantel-hilary-97809\">audiobooka na CD<\/a> na Woblink.com<\/strong><\/center><\/figcaption><\/figure>\n<p style=\"text-align: center;\"><strong>2. Marilynne Robinson \u2013 \u201eGilead\u201d<\/strong><\/p>\n<p><img decoding=\"async\" loading=\"lazy\" class=\"size-medium wp-image-1145 aligncenter\" src=\"https:\/\/i0.wp.com\/woblink.com\/blog\/wp-content\/uploads\/2019\/09\/gilead.jpg?resize=200%2C300&#038;ssl=1\" alt=\"\" width=\"200\" height=\"300\" srcset=\"https:\/\/i0.wp.com\/woblink.com\/blog\/wp-content\/uploads\/2019\/09\/gilead.jpg?resize=200%2C300&amp;ssl=1 200w, https:\/\/i0.wp.com\/woblink.com\/blog\/wp-content\/uploads\/2019\/09\/gilead.jpg?resize=768%2C1152&amp;ssl=1 768w, https:\/\/i0.wp.com\/woblink.com\/blog\/wp-content\/uploads\/2019\/09\/gilead.jpg?resize=683%2C1024&amp;ssl=1 683w, https:\/\/i0.wp.com\/woblink.com\/blog\/wp-content\/uploads\/2019\/09\/gilead.jpg?resize=600%2C900&amp;ssl=1 600w, https:\/\/i0.wp.com\/woblink.com\/blog\/wp-content\/uploads\/2019\/09\/gilead.jpg?w=1400&amp;ssl=1 1400w\" sizes=\"(max-width: 200px) 100vw, 200px\" data-recalc-dims=\"1\" \/><\/p>\n<p style=\"text-align: center;\"><strong>3. Swiat\u0142ana Aleksijewicz \u2013 \u201eCzasy secondhand. Koniec czerwonego cz\u0142owieka\u201d<\/strong><\/p>\n<figure id=\"attachment_1144\" aria-describedby=\"caption-attachment-1144\" style=\"width: 186px\" class=\"wp-caption aligncenter\"><a href=\"https:\/\/woblink.com\/audiobook\/czasy-secondhand-swietlana-aleksijewicz-24757\"><img decoding=\"async\" loading=\"lazy\" class=\"wp-image-1144 size-medium\" src=\"https:\/\/i0.wp.com\/woblink.com\/blog\/wp-content\/uploads\/2019\/09\/1965345-pdw_book_cover.jpg?resize=186%2C300&#038;ssl=1\" alt=\"Czasy secondhand\" width=\"186\" height=\"300\" srcset=\"https:\/\/i0.wp.com\/woblink.com\/blog\/wp-content\/uploads\/2019\/09\/1965345-pdw_book_cover.jpg?resize=186%2C300&amp;ssl=1 186w, https:\/\/i0.wp.com\/woblink.com\/blog\/wp-content\/uploads\/2019\/09\/1965345-pdw_book_cover.jpg?w=529&amp;ssl=1 529w\" sizes=\"(max-width: 186px) 100vw, 186px\" data-recalc-dims=\"1\" \/><\/a><figcaption id=\"caption-attachment-1144\" class=\"wp-caption-text\"><center><strong>Kup <a href=\"https:\/\/woblink.com\/ksiazka\/czasy-secondhand-koniec-czerwonego-czlowieka-aleksijewicz-swietlana-82887\">ksi\u0105\u017ck\u0119<\/a>, <a href=\"https:\/\/woblink.com\/ebook\/czasy-secondhand-koniec-czerwonego-czlowieka-swietlana-aleksijewicz-jerzy-czech-15971\">ebooka<\/a> lub <a href=\"https:\/\/woblink.com\/audiobook\/czasy-secondhand-swietlana-aleksijewicz-24757\">audiobooka<\/a> na Woblink.com<\/strong><\/center><\/figcaption><\/figure>\n<p style=\"text-align: center;\"><strong>4. Kazuo Ishiguro \u2013 \u201eNie opuszczaj mnie\u201d<\/strong><\/p>\n<figure id=\"attachment_1143\" aria-describedby=\"caption-attachment-1143\" style=\"width: 200px\" class=\"wp-caption aligncenter\"><a href=\"https:\/\/woblink.com\/ebook\/nie-opuszczaj-mnie-kazuo-ishiguro-andrzej-szulc-35126\"><img decoding=\"async\" loading=\"lazy\" class=\"wp-image-1143 size-medium\" src=\"https:\/\/i0.wp.com\/woblink.com\/blog\/wp-content\/uploads\/2019\/09\/1367189-nie-opuszczaj-mnie.jpg?resize=200%2C300&#038;ssl=1\" alt=\"Nie opuszczaj mnie\" width=\"200\" height=\"300\" srcset=\"https:\/\/i0.wp.com\/woblink.com\/blog\/wp-content\/uploads\/2019\/09\/1367189-nie-opuszczaj-mnie.jpg?resize=200%2C300&amp;ssl=1 200w, https:\/\/i0.wp.com\/woblink.com\/blog\/wp-content\/uploads\/2019\/09\/1367189-nie-opuszczaj-mnie.jpg?w=570&amp;ssl=1 570w\" sizes=\"(max-width: 200px) 100vw, 200px\" data-recalc-dims=\"1\" \/><\/a><figcaption id=\"caption-attachment-1143\" class=\"wp-caption-text\"><center><strong>Kup <a href=\"https:\/\/woblink.com\/ksiazka\/nie-opuszczaj-mnie-ishiguro-kazuo-72078\">ksi\u0105\u017ck\u0119<\/a>, <a href=\"https:\/\/woblink.com\/ebook\/nie-opuszczaj-mnie-kazuo-ishiguro-andrzej-szulc-35126\">ebooka<\/a> lub <a href=\"https:\/\/woblink.com\/audiobook\/nie-opuszczaj-mnie-ishiguro-kazuo-164078\">audiobooka<\/a> na Woblink.com<\/strong><\/center><\/figcaption><\/figure>\n<p style=\"text-align: center;\"><strong>5. W.G. Sebald \u2013 \u201eAusterlitz\u201d<\/strong><\/p>\n<p style=\"text-align: center;\"><img decoding=\"async\" loading=\"lazy\" class=\"alignnone size-medium wp-image-1146\" src=\"https:\/\/i0.wp.com\/woblink.com\/blog\/wp-content\/uploads\/2019\/09\/250px-Austerlitz_novel_cover.png?resize=205%2C300&#038;ssl=1\" alt=\"\" width=\"205\" height=\"300\" srcset=\"https:\/\/i0.wp.com\/woblink.com\/blog\/wp-content\/uploads\/2019\/09\/250px-Austerlitz_novel_cover.png?resize=205%2C300&amp;ssl=1 205w, https:\/\/i0.wp.com\/woblink.com\/blog\/wp-content\/uploads\/2019\/09\/250px-Austerlitz_novel_cover.png?w=250&amp;ssl=1 250w\" sizes=\"(max-width: 205px) 100vw, 205px\" data-recalc-dims=\"1\" \/><br \/>\n<strong>6. Philip Pullman \u2013 \u201eBursztynowa luneta\u201d (tom 3. z cyklu \u201eMroczne materie\u201d)<\/strong><\/p>\n<p style=\"text-align: center;\"><img decoding=\"async\" loading=\"lazy\" class=\"alignnone size-medium wp-image-1147\" src=\"https:\/\/i0.wp.com\/woblink.com\/blog\/wp-content\/uploads\/2019\/09\/46496_bursztynowa-luneta_316.jpg?resize=191%2C300&#038;ssl=1\" alt=\"\" width=\"191\" height=\"300\" srcset=\"https:\/\/i0.wp.com\/woblink.com\/blog\/wp-content\/uploads\/2019\/09\/46496_bursztynowa-luneta_316.jpg?resize=191%2C300&amp;ssl=1 191w, https:\/\/i0.wp.com\/woblink.com\/blog\/wp-content\/uploads\/2019\/09\/46496_bursztynowa-luneta_316.jpg?w=316&amp;ssl=1 316w\" sizes=\"(max-width: 191px) 100vw, 191px\" data-recalc-dims=\"1\" \/><br \/>\n<strong>7. Ta-Nehisi Coates \u2013 \u201cBetween the World and Me\u201d (brak t\u0142umaczenia na j\u0119zyk polski)<\/strong><\/p>\n<p style=\"text-align: center;\"><img decoding=\"async\" loading=\"lazy\" class=\"alignnone size-medium wp-image-1150\" src=\"https:\/\/i0.wp.com\/woblink.com\/blog\/wp-content\/uploads\/2019\/09\/81-K4IjzYSL.jpg?resize=198%2C300&#038;ssl=1\" alt=\"\" width=\"198\" height=\"300\" srcset=\"https:\/\/i0.wp.com\/woblink.com\/blog\/wp-content\/uploads\/2019\/09\/81-K4IjzYSL.jpg?resize=198%2C300&amp;ssl=1 198w, https:\/\/i0.wp.com\/woblink.com\/blog\/wp-content\/uploads\/2019\/09\/81-K4IjzYSL.jpg?resize=768%2C1167&amp;ssl=1 768w, https:\/\/i0.wp.com\/woblink.com\/blog\/wp-content\/uploads\/2019\/09\/81-K4IjzYSL.jpg?resize=674%2C1024&amp;ssl=1 674w, https:\/\/i0.wp.com\/woblink.com\/blog\/wp-content\/uploads\/2019\/09\/81-K4IjzYSL.jpg?resize=600%2C911&amp;ssl=1 600w, https:\/\/i0.wp.com\/woblink.com\/blog\/wp-content\/uploads\/2019\/09\/81-K4IjzYSL.jpg?w=790&amp;ssl=1 790w\" sizes=\"(max-width: 198px) 100vw, 198px\" data-recalc-dims=\"1\" \/><\/p>\n<p style=\"text-align: center;\"><strong>8. Ali Smith \u2013 \u201cAutumn\u201d (brak t\u0142umaczenia na j\u0119zyk polski)<\/strong><\/p>\n<p style=\"text-align: center;\"><img decoding=\"async\" loading=\"lazy\" class=\"size-medium wp-image-1151 aligncenter\" src=\"https:\/\/i0.wp.com\/woblink.com\/blog\/wp-content\/uploads\/2019\/09\/28446947._SY475_.jpg?resize=186%2C300&#038;ssl=1\" alt=\"\" width=\"186\" height=\"300\" srcset=\"https:\/\/i0.wp.com\/woblink.com\/blog\/wp-content\/uploads\/2019\/09\/28446947._SY475_.jpg?resize=186%2C300&amp;ssl=1 186w, https:\/\/i0.wp.com\/woblink.com\/blog\/wp-content\/uploads\/2019\/09\/28446947._SY475_.jpg?w=295&amp;ssl=1 295w\" sizes=\"(max-width: 186px) 100vw, 186px\" data-recalc-dims=\"1\" \/><\/p>\n<p style=\"text-align: center;\"><strong>9. David Mitchell \u2013 \u201eAtlas chmur\u201d<\/strong><\/p>\n<figure id=\"attachment_1148\" aria-describedby=\"caption-attachment-1148\" style=\"width: 200px\" class=\"wp-caption aligncenter\"><a href=\"https:\/\/woblink.com\/audiobook\/atlas-chmur-mitchell-david-167120\"><img decoding=\"async\" loading=\"lazy\" class=\"wp-image-1148 size-medium\" src=\"https:\/\/i0.wp.com\/woblink.com\/blog\/wp-content\/uploads\/2019\/09\/atlaschmur.jpg?resize=200%2C300&#038;ssl=1\" alt=\"Atlas Chmur\" width=\"200\" height=\"300\" srcset=\"https:\/\/i0.wp.com\/woblink.com\/blog\/wp-content\/uploads\/2019\/09\/atlaschmur.jpg?resize=200%2C300&amp;ssl=1 200w, https:\/\/i0.wp.com\/woblink.com\/blog\/wp-content\/uploads\/2019\/09\/atlaschmur.jpg?w=334&amp;ssl=1 334w\" sizes=\"(max-width: 200px) 100vw, 200px\" data-recalc-dims=\"1\" \/><\/a><figcaption id=\"caption-attachment-1148\" class=\"wp-caption-text\"><center><strong>Kup <a href=\"https:\/\/woblink.com\/audiobook\/atlas-chmur-mitchell-david-167120\">audiobooka<\/a> na Woblink.com<\/strong><\/center><\/figcaption><\/figure>\n<p style=\"text-align: center;\"><strong>10. Chimamanda Ngozi Adichie \u2013 \u201ePo\u0142\u00f3wka \u017c\u00f3\u0142tego s\u0142o\u0144ca\u201d.<\/strong><\/p>\n<p><img decoding=\"async\" loading=\"lazy\" class=\"size-medium wp-image-1149 aligncenter\" src=\"https:\/\/i0.wp.com\/woblink.com\/blog\/wp-content\/uploads\/2019\/09\/5af427d2ccc0d.jpeg?resize=206%2C300&#038;ssl=1\" alt=\"\" width=\"206\" height=\"300\" srcset=\"https:\/\/i0.wp.com\/woblink.com\/blog\/wp-content\/uploads\/2019\/09\/5af427d2ccc0d.jpeg?resize=206%2C300&amp;ssl=1 206w, https:\/\/i0.wp.com\/woblink.com\/blog\/wp-content\/uploads\/2019\/09\/5af427d2ccc0d.jpeg?w=500&amp;ssl=1 500w\" sizes=\"(max-width: 206px) 100vw, 206px\" data-recalc-dims=\"1\" \/><\/p>\n<p>&nbsp;<\/p>\n<p>Pe\u0142n\u0105 list\u0119 znajdziecie na stronie \u201e<strong><a href=\"https:\/\/www.theguardian.com\/books\/2019\/sep\/21\/best-books-of-the-21st-century\">Guardiana<\/a><\/strong>\u201d.<\/p>\n","protected":false},"excerpt":{"rendered":"<p>Powie\u015b\u0107 Olgi Tokarczuk \u201eProwad\u017a sw\u00f3j p\u0142ug przez ko\u015bci umar\u0142ych\u201d (\u201cDrive Your Plow Over The Bones Of The Dead\u201d) znalaz\u0142a si\u0119 w\u015br\u00f3d 100 najlepszych ksi\u0105\u017cek wydanych w XXI wieku wed\u0142ug \u201eGuardiana\u201d. W pierwszej dziesi\u0105tce listy uplasowa\u0142y si\u0119 ksi\u0105\u017cki dwukrotnej laureatki Bookera Hilary Mantel, noblist\u00f3w Kazuo Ishiguro&#8230;<\/p>\n","protected":false},"author":9,"featured_media":1154,"comment_status":"closed","ping_status":"open","sticky":false,"template":"","format":"standard","meta":[],"categories":[87,86,79,80],"tags":[],"yoast_head":"<!-- This site is optimized with the Yoast SEO plugin v20.11 - https:\/\/yoast.com\/wordpress\/plugins\/seo\/ -->\n<title>\u201eThe Guardian\u201d: Olga Tokarczuk na li\u015bcie 100 ksi\u0105\u017cek XXI wieku - Woblink<\/title>\n<meta name=\"description\" content=\"Powie\u015b\u0107 Olgi Tokarczuk \u201eProwad\u017a sw\u00f3j p\u0142ug przez ko\u015bci umar\u0142ych\u201d znalaz\u0142a si\u0119 w\u015br\u00f3d 100 najlepszych ksi\u0105\u017cek wydanych w XXI wieku wed\u0142ug \u201eGuardiana\u201d.\" \/>\n<meta name=\"robots\" content=\"index, follow, max-snippet:-1, max-image-preview:large, max-video-preview:-1\" \/>\n<link rel=\"canonical\" href=\"https:\/\/woblink.com\/blog\/the-guardian-olga-tokarczuk-na-liscie-100-ksiazek-xxi-wieku\/\" \/>\n<meta property=\"og:locale\" content=\"pl_PL\" \/>\n<meta property=\"og:type\" content=\"article\" \/>\n<meta property=\"og:title\" content=\"\u201eThe Guardian\u201d: Olga Tokarczuk na li\u015bcie 100 ksi\u0105\u017cek XXI wieku - Woblink\" \/>\n<meta property=\"og:description\" content=\"Powie\u015b\u0107 Olgi Tokarczuk \u201eProwad\u017a sw\u00f3j p\u0142ug przez ko\u015bci umar\u0142ych\u201d znalaz\u0142a si\u0119 w\u015br\u00f3d 100 najlepszych ksi\u0105\u017cek wydanych w XXI wieku wed\u0142ug \u201eGuardiana\u201d.\" \/>\n<meta property=\"og:url\" content=\"https:\/\/woblink.com\/blog\/the-guardian-olga-tokarczuk-na-liscie-100-ksiazek-xxi-wieku\/\" \/>\n<meta property=\"og:site_name\" content=\"Woblink\" \/>\n<meta property=\"article:publisher\" content=\"https:\/\/facebook.com\/woblink\" \/>\n<meta property=\"article:published_time\" content=\"2019-09-24T13:53:21+00:00\" \/>\n<meta property=\"article:modified_time\" content=\"2019-10-03T09:41:44+00:00\" \/>\n<meta property=\"og:image\" content=\"https:\/\/i0.wp.com\/woblink.com\/blog\/wp-content\/uploads\/2019\/09\/theguardian-1.png?fit=1011%2C690&ssl=1\" \/>\n\t<meta property=\"og:image:width\" content=\"1011\" \/>\n\t<meta property=\"og:image:height\" content=\"690\" \/>\n\t<meta property=\"og:image:type\" content=\"image\/png\" \/>\n<meta name=\"author\" content=\"Kuba Krasny\" \/>\n<meta name=\"twitter:card\" content=\"summary_large_image\" \/>\n<meta name=\"twitter:creator\" content=\"@woblink_com\" \/>\n<meta name=\"twitter:site\" content=\"@woblink_com\" \/>\n<meta name=\"twitter:label1\" content=\"Napisane przez\" \/>\n\t<meta name=\"twitter:data1\" content=\"Kuba Krasny\" \/>\n\t<meta name=\"twitter:label2\" content=\"Szacowany czas czytania\" \/>\n\t<meta name=\"twitter:data2\" content=\"1 minuta\" \/>\n<script type=\"application\/ld+json\" class=\"yoast-schema-graph\">{\"@context\":\"https:\/\/schema.org\",\"@graph\":[{\"@type\":\"Article\",\"@id\":\"https:\/\/woblink.com\/blog\/the-guardian-olga-tokarczuk-na-liscie-100-ksiazek-xxi-wieku\/#article\",\"isPartOf\":{\"@id\":\"https:\/\/woblink.com\/blog\/the-guardian-olga-tokarczuk-na-liscie-100-ksiazek-xxi-wieku\/\"},\"author\":{\"name\":\"Kuba Krasny\",\"@id\":\"https:\/\/woblink.com\/blog\/#\/schema\/person\/0a84040f0c4e7108333b308a80c2cb95\"},\"headline\":\"\u201eThe Guardian\u201d: Olga Tokarczuk na li\u015bcie 100 ksi\u0105\u017cek XXI wieku\",\"datePublished\":\"2019-09-24T13:53:21+00:00\",\"dateModified\":\"2019-10-03T09:41:44+00:00\",\"mainEntityOfPage\":{\"@id\":\"https:\/\/woblink.com\/blog\/the-guardian-olga-tokarczuk-na-liscie-100-ksiazek-xxi-wieku\/\"},\"wordCount\":281,\"publisher\":{\"@id\":\"https:\/\/woblink.com\/blog\/#organization\"},\"articleSection\":[\"Aktualno\u015bci\",\"Ciekawostki o pisarzach\",\"Nagrody literackie\",\"O ksi\u0105\u017ckach\"],\"inLanguage\":\"pl-PL\"},{\"@type\":\"WebPage\",\"@id\":\"https:\/\/woblink.com\/blog\/the-guardian-olga-tokarczuk-na-liscie-100-ksiazek-xxi-wieku\/\",\"url\":\"https:\/\/woblink.com\/blog\/the-guardian-olga-tokarczuk-na-liscie-100-ksiazek-xxi-wieku\/\",\"name\":\"\u201eThe Guardian\u201d: Olga Tokarczuk na li\u015bcie 100 ksi\u0105\u017cek XXI wieku - Woblink\",\"isPartOf\":{\"@id\":\"https:\/\/woblink.com\/blog\/#website\"},\"datePublished\":\"2019-09-24T13:53:21+00:00\",\"dateModified\":\"2019-10-03T09:41:44+00:00\",\"description\":\"Powie\u015b\u0107 Olgi Tokarczuk \u201eProwad\u017a sw\u00f3j p\u0142ug przez ko\u015bci umar\u0142ych\u201d znalaz\u0142a si\u0119 w\u015br\u00f3d 100 najlepszych ksi\u0105\u017cek wydanych w XXI wieku wed\u0142ug \u201eGuardiana\u201d.\",\"breadcrumb\":{\"@id\":\"https:\/\/woblink.com\/blog\/the-guardian-olga-tokarczuk-na-liscie-100-ksiazek-xxi-wieku\/#breadcrumb\"},\"inLanguage\":\"pl-PL\",\"potentialAction\":[{\"@type\":\"ReadAction\",\"target\":[\"https:\/\/woblink.com\/blog\/the-guardian-olga-tokarczuk-na-liscie-100-ksiazek-xxi-wieku\/\"]}]},{\"@type\":\"BreadcrumbList\",\"@id\":\"https:\/\/woblink.com\/blog\/the-guardian-olga-tokarczuk-na-liscie-100-ksiazek-xxi-wieku\/#breadcrumb\",\"itemListElement\":[{\"@type\":\"ListItem\",\"position\":1,\"name\":\"Strona g\u0142\u00f3wna\",\"item\":\"https:\/\/woblink.com\/blog\/\"},{\"@type\":\"ListItem\",\"position\":2,\"name\":\"\u201eThe Guardian\u201d: Olga Tokarczuk na li\u015bcie 100 ksi\u0105\u017cek XXI wieku\"}]},{\"@type\":\"WebSite\",\"@id\":\"https:\/\/woblink.com\/blog\/#website\",\"url\":\"https:\/\/woblink.com\/blog\/\",\"name\":\"Woblink\",\"description\":\"najlepszy firmowy blog o ksi\u0105\u017ckach\",\"publisher\":{\"@id\":\"https:\/\/woblink.com\/blog\/#organization\"},\"potentialAction\":[{\"@type\":\"SearchAction\",\"target\":{\"@type\":\"EntryPoint\",\"urlTemplate\":\"https:\/\/woblink.com\/blog\/?s={search_term_string}\"},\"query-input\":\"required name=search_term_string\"}],\"inLanguage\":\"pl-PL\"},{\"@type\":\"Organization\",\"@id\":\"https:\/\/woblink.com\/blog\/#organization\",\"name\":\"Woblink\",\"url\":\"https:\/\/woblink.com\/blog\/\",\"logo\":{\"@type\":\"ImageObject\",\"inLanguage\":\"pl-PL\",\"@id\":\"https:\/\/woblink.com\/blog\/#\/schema\/logo\/image\/\",\"url\":\"https:\/\/i0.wp.com\/woblink.com\/blog\/wp-content\/uploads\/2019\/04\/nw_logoB.png?fit=185%2C42&ssl=1\",\"contentUrl\":\"https:\/\/i0.wp.com\/woblink.com\/blog\/wp-content\/uploads\/2019\/04\/nw_logoB.png?fit=185%2C42&ssl=1\",\"width\":185,\"height\":42,\"caption\":\"Woblink\"},\"image\":{\"@id\":\"https:\/\/woblink.com\/blog\/#\/schema\/logo\/image\/\"},\"sameAs\":[\"https:\/\/facebook.com\/woblink\",\"https:\/\/twitter.com\/woblink_com\",\"https:\/\/www.instagram.com\/woblink_com\",\"https:\/\/www.linkedin.com\/company\/woblink\/\"]},{\"@type\":\"Person\",\"@id\":\"https:\/\/woblink.com\/blog\/#\/schema\/person\/0a84040f0c4e7108333b308a80c2cb95\",\"name\":\"Kuba Krasny\",\"image\":{\"@type\":\"ImageObject\",\"inLanguage\":\"pl-PL\",\"@id\":\"https:\/\/woblink.com\/blog\/#\/schema\/person\/image\/\",\"url\":\"https:\/\/secure.gravatar.com\/avatar\/d541da02588ccfbc10bc80b632d485cd?s=96&d=mm&r=g\",\"contentUrl\":\"https:\/\/secure.gravatar.com\/avatar\/d541da02588ccfbc10bc80b632d485cd?s=96&d=mm&r=g\",\"caption\":\"Kuba Krasny\"},\"url\":\"https:\/\/woblink.com\/blog\/author\/kubakrasny\/\"}]}<\/script>\n<!-- \/ Yoast SEO plugin. -->","yoast_head_json":{"title":"\u201eThe Guardian\u201d: Olga Tokarczuk na li\u015bcie 100 ksi\u0105\u017cek XXI wieku - Woblink","description":"Powie\u015b\u0107 Olgi Tokarczuk \u201eProwad\u017a sw\u00f3j p\u0142ug przez ko\u015bci umar\u0142ych\u201d znalaz\u0142a si\u0119 w\u015br\u00f3d 100 najlepszych ksi\u0105\u017cek wydanych w XXI wieku wed\u0142ug \u201eGuardiana\u201d.","robots":{"index":"index","follow":"follow","max-snippet":"max-snippet:-1","max-image-preview":"max-image-preview:large","max-video-preview":"max-video-preview:-1"},"canonical":"https:\/\/woblink.com\/blog\/the-guardian-olga-tokarczuk-na-liscie-100-ksiazek-xxi-wieku\/","og_locale":"pl_PL","og_type":"article","og_title":"\u201eThe Guardian\u201d: Olga Tokarczuk na li\u015bcie 100 ksi\u0105\u017cek XXI wieku - Woblink","og_description":"Powie\u015b\u0107 Olgi Tokarczuk \u201eProwad\u017a sw\u00f3j p\u0142ug przez ko\u015bci umar\u0142ych\u201d znalaz\u0142a si\u0119 w\u015br\u00f3d 100 najlepszych ksi\u0105\u017cek wydanych w XXI wieku wed\u0142ug \u201eGuardiana\u201d.","og_url":"https:\/\/woblink.com\/blog\/the-guardian-olga-tokarczuk-na-liscie-100-ksiazek-xxi-wieku\/","og_site_name":"Woblink","article_publisher":"https:\/\/facebook.com\/woblink","article_published_time":"2019-09-24T13:53:21+00:00","article_modified_time":"2019-10-03T09:41:44+00:00","og_image":[{"width":1011,"height":690,"url":"https:\/\/i0.wp.com\/woblink.com\/blog\/wp-content\/uploads\/2019\/09\/theguardian-1.png?fit=1011%2C690&ssl=1","type":"image\/png"}],"author":"Kuba Krasny","twitter_card":"summary_large_image","twitter_creator":"@woblink_com","twitter_site":"@woblink_com","twitter_misc":{"Napisane przez":"Kuba Krasny","Szacowany czas czytania":"1 minuta"},"schema":{"@context":"https:\/\/schema.org","@graph":[{"@type":"Article","@id":"https:\/\/woblink.com\/blog\/the-guardian-olga-tokarczuk-na-liscie-100-ksiazek-xxi-wieku\/#article","isPartOf":{"@id":"https:\/\/woblink.com\/blog\/the-guardian-olga-tokarczuk-na-liscie-100-ksiazek-xxi-wieku\/"},"author":{"name":"Kuba Krasny","@id":"https:\/\/woblink.com\/blog\/#\/schema\/person\/0a84040f0c4e7108333b308a80c2cb95"},"headline":"\u201eThe Guardian\u201d: Olga Tokarczuk na li\u015bcie 100 ksi\u0105\u017cek XXI wieku","datePublished":"2019-09-24T13:53:21+00:00","dateModified":"2019-10-03T09:41:44+00:00","mainEntityOfPage":{"@id":"https:\/\/woblink.com\/blog\/the-guardian-olga-tokarczuk-na-liscie-100-ksiazek-xxi-wieku\/"},"wordCount":281,"publisher":{"@id":"https:\/\/woblink.com\/blog\/#organization"},"articleSection":["Aktualno\u015bci","Ciekawostki o pisarzach","Nagrody literackie","O ksi\u0105\u017ckach"],"inLanguage":"pl-PL"},{"@type":"WebPage","@id":"https:\/\/woblink.com\/blog\/the-guardian-olga-tokarczuk-na-liscie-100-ksiazek-xxi-wieku\/","url":"https:\/\/woblink.com\/blog\/the-guardian-olga-tokarczuk-na-liscie-100-ksiazek-xxi-wieku\/","name":"\u201eThe Guardian\u201d: Olga Tokarczuk na li\u015bcie 100 ksi\u0105\u017cek XXI wieku - Woblink","isPartOf":{"@id":"https:\/\/woblink.com\/blog\/#website"},"datePublished":"2019-09-24T13:53:21+00:00","dateModified":"2019-10-03T09:41:44+00:00","description":"Powie\u015b\u0107 Olgi Tokarczuk \u201eProwad\u017a sw\u00f3j p\u0142ug przez ko\u015bci umar\u0142ych\u201d znalaz\u0142a si\u0119 w\u015br\u00f3d 100 najlepszych ksi\u0105\u017cek wydanych w XXI wieku wed\u0142ug \u201eGuardiana\u201d.","breadcrumb":{"@id":"https:\/\/woblink.com\/blog\/the-guardian-olga-tokarczuk-na-liscie-100-ksiazek-xxi-wieku\/#breadcrumb"},"inLanguage":"pl-PL","potentialAction":[{"@type":"ReadAction","target":["https:\/\/woblink.com\/blog\/the-guardian-olga-tokarczuk-na-liscie-100-ksiazek-xxi-wieku\/"]}]},{"@type":"BreadcrumbList","@id":"https:\/\/woblink.com\/blog\/the-guardian-olga-tokarczuk-na-liscie-100-ksiazek-xxi-wieku\/#breadcrumb","itemListElement":[{"@type":"ListItem","position":1,"name":"Strona g\u0142\u00f3wna","item":"https:\/\/woblink.com\/blog\/"},{"@type":"ListItem","position":2,"name":"\u201eThe Guardian\u201d: Olga Tokarczuk na li\u015bcie 100 ksi\u0105\u017cek XXI wieku"}]},{"@type":"WebSite","@id":"https:\/\/woblink.com\/blog\/#website","url":"https:\/\/woblink.com\/blog\/","name":"Woblink","description":"najlepszy firmowy blog o ksi\u0105\u017ckach","publisher":{"@id":"https:\/\/woblink.com\/blog\/#organization"},"potentialAction":[{"@type":"SearchAction","target":{"@type":"EntryPoint","urlTemplate":"https:\/\/woblink.com\/blog\/?s={search_term_string}"},"query-input":"required name=search_term_string"}],"inLanguage":"pl-PL"},{"@type":"Organization","@id":"https:\/\/woblink.com\/blog\/#organization","name":"Woblink","url":"https:\/\/woblink.com\/blog\/","logo":{"@type":"ImageObject","inLanguage":"pl-PL","@id":"https:\/\/woblink.com\/blog\/#\/schema\/logo\/image\/","url":"https:\/\/i0.wp.com\/woblink.com\/blog\/wp-content\/uploads\/2019\/04\/nw_logoB.png?fit=185%2C42&ssl=1","contentUrl":"https:\/\/i0.wp.com\/woblink.com\/blog\/wp-content\/uploads\/2019\/04\/nw_logoB.png?fit=185%2C42&ssl=1","width":185,"height":42,"caption":"Woblink"},"image":{"@id":"https:\/\/woblink.com\/blog\/#\/schema\/logo\/image\/"},"sameAs":["https:\/\/facebook.com\/woblink","https:\/\/twitter.com\/woblink_com","https:\/\/www.instagram.com\/woblink_com","https:\/\/www.linkedin.com\/company\/woblink\/"]},{"@type":"Person","@id":"https:\/\/woblink.com\/blog\/#\/schema\/person\/0a84040f0c4e7108333b308a80c2cb95","name":"Kuba Krasny","image":{"@type":"ImageObject","inLanguage":"pl-PL","@id":"https:\/\/woblink.com\/blog\/#\/schema\/person\/image\/","url":"https:\/\/secure.gravatar.com\/avatar\/d541da02588ccfbc10bc80b632d485cd?s=96&d=mm&r=g","contentUrl":"https:\/\/secure.gravatar.com\/avatar\/d541da02588ccfbc10bc80b632d485cd?s=96&d=mm&r=g","caption":"Kuba Krasny"},"url":"https:\/\/woblink.com\/blog\/author\/kubakrasny\/"}]}},"jetpack_featured_media_url":"https:\/\/i0.wp.com\/woblink.com\/blog\/wp-content\/uploads\/2019\/09\/theguardian-1.png?fit=1011%2C690&ssl=1","_links":{"self":[{"href":"https:\/\/woblink.com\/blog\/wp-json\/wp\/v2\/posts\/1141"}],"collection":[{"href":"https:\/\/woblink.com\/blog\/wp-json\/wp\/v2\/posts"}],"about":[{"href":"https:\/\/woblink.com\/blog\/wp-json\/wp\/v2\/types\/post"}],"author":[{"embeddable":true,"href":"https:\/\/woblink.com\/blog\/wp-json\/wp\/v2\/users\/9"}],"replies":[{"embeddable":true,"href":"https:\/\/woblink.com\/blog\/wp-json\/wp\/v2\/comments?post=1141"}],"version-history":[{"count":2,"href":"https:\/\/woblink.com\/blog\/wp-json\/wp\/v2\/posts\/1141\/revisions"}],"predecessor-version":[{"id":1177,"href":"https:\/\/woblink.com\/blog\/wp-json\/wp\/v2\/posts\/1141\/revisions\/1177"}],"wp:featuredmedia":[{"embeddable":true,"href":"https:\/\/woblink.com\/blog\/wp-json\/wp\/v2\/media\/1154"}],"wp:attachment":[{"href":"https:\/\/woblink.com\/blog\/wp-json\/wp\/v2\/media?parent=1141"}],"wp:term":[{"taxonomy":"category","embeddable":true,"href":"https:\/\/woblink.com\/blog\/wp-json\/wp\/v2\/categories?post=1141"},{"taxonomy":"post_tag","embeddable":true,"href":"https:\/\/woblink.com\/blog\/wp-json\/wp\/v2\/tags?post=1141"}],"curies":[{"name":"wp","href":"https:\/\/api.w.org\/{rel}","templated":true}]}}