{"id":1155,"date":"2019-09-25T13:09:42","date_gmt":"2019-09-25T11:09:42","guid":{"rendered":"https:\/\/woblink.com\/blog\/?p=1155"},"modified":"2019-09-25T13:14:27","modified_gmt":"2019-09-25T11:14:27","slug":"we-wroclawiu-powstaje-mural-marka-krajewskiego","status":"publish","type":"post","link":"https:\/\/woblink.com\/blog\/we-wroclawiu-powstaje-mural-marka-krajewskiego\/","title":{"rendered":"We Wroc\u0142awiu powstaje mural Marka Krajewskiego"},"content":{"rendered":"<p><strong>W tym roku przypada 20 rocznica pracy artystycznej Marka Krajewskiego. Z okazji jubileuszu mistrza polskiego krymina\u0142u, we Wroc\u0142awiu, przy ulicy Jedno\u015bci Narodowej 42\/44a powstaje mural z podobiznami autora oraz bohater\u00f3w jego kultowych krymina\u0142\u00f3w. Uroczyste ods\u0142oni\u0119cie muralu odb\u0119dzie si\u0119 2 pa\u017adziernika o godzinie 12.00. Na wydarzeniu pojawi si\u0119 sam autor.\u00a0<\/strong><\/p>\n<p><!--more--><br \/>\n<img decoding=\"async\" loading=\"lazy\" class=\"aligncenter wp-image-1160 \" src=\"https:\/\/i0.wp.com\/woblink.com\/blog\/wp-content\/uploads\/2019\/09\/fot._A_Michal_J._Gadek_.jpg?resize=569%2C855&#038;ssl=1\" alt=\"\" width=\"569\" height=\"855\" srcset=\"https:\/\/i0.wp.com\/woblink.com\/blog\/wp-content\/uploads\/2019\/09\/fot._A_Michal_J._Gadek_.jpg?w=600&amp;ssl=1 600w, https:\/\/i0.wp.com\/woblink.com\/blog\/wp-content\/uploads\/2019\/09\/fot._A_Michal_J._Gadek_.jpg?resize=200%2C300&amp;ssl=1 200w\" sizes=\"(max-width: 569px) 100vw, 569px\" data-recalc-dims=\"1\" \/><\/p>\n<h4><strong>Mural Marka Krajewskiego<\/strong><\/h4>\n<p>Data ods\u0142oni\u0119cia muralu wi\u0105\u017ce si\u0119 nie tylko z jubileuszem pracy artystycznej Marka Krajewskiego. W ksi\u0119garniach niebawem uka\u017ce si\u0119 kolejna powie\u015b\u0107 pisarza pod tytu\u0142em \u201eMock. Golem\u201d. Ksi\u0105\u017cka b\u0119dzie dost\u0119pna do kupienia od 16 pa\u017adziernika. Powstanie muralu jest wsp\u00f3ln\u0105 inicjatyw\u0105 miasta Wroc\u0142awia oraz Wydawnictwa Znak. Autorem projektu grafiki jest Micha\u0142 Paw\u0142owski, natomiast wykonawcami \u2013 grupa NieTak i \u0141ukasz Zasadni. Partnerami projektu s\u0105: Wroc\u0142aw \u2013 miasto spotka\u0144 BNP Paribas Sigma Coatings &#8211; sponsor farb elewacyjnych Malowanie Artystyczne, grupa NieTak i jej koordynator, pan \u0141ukasz Zasadni &#8211; wykonawca muralu.<\/p>\n<p><img decoding=\"async\" loading=\"lazy\" class=\"wp-image-1164 size-large aligncenter\" src=\"https:\/\/i0.wp.com\/woblink.com\/blog\/wp-content\/uploads\/2019\/09\/kraj22-1-e1569409987608-576x1024.jpg?resize=576%2C1024&#038;ssl=1\" alt=\"\" width=\"576\" height=\"1024\" data-recalc-dims=\"1\" \/><\/p>\n<p>&nbsp;<\/p>\n<h4><strong>Mock. Golem<\/strong><\/h4>\n<p>16 pa\u017adziernika uka\u017ce si\u0119 ksi\u0105\u017cka \u201eMock. Golem\u201d. B\u0119dzie to ju\u017c dziesi\u0105ta powie\u015b\u0107 bezpo\u015brednio po\u015bwi\u0119cona pracy Eberharda Mocka oraz czwarta dotycz\u0105ca m\u0142odo\u015bci jednego z g\u0142\u00f3wnym bohater\u00f3w Marka Krajewskiego.<\/p>\n<p><strong>Opis ksi\u0105\u017cki:<\/strong><\/p>\n<p>Breslau, 1920. W mie\u015bcie pojawia si\u0119 sekta \u201emesjaszy\u201d, kt\u00f3rzy na ulicach wpadaj\u0105 w taneczny trans. Przewodzi im cyniczny dwulicowy guru Theodor Jauch \u2013 \u201eta\u0144cz\u0105cy Jan Chrzciciel\u201d, kt\u00f3ry umiej\u0119tnie podsyca tl\u0105cy si\u0119 w mie\u015bcie antysemityzm. Wkr\u00f3tce on sam stanie si\u0119 narz\u0119dziem w r\u0119kach spiskowc\u00f3w, kt\u00f3rzy nie cofn\u0105 si\u0119 przed niczym, by osi\u0105gn\u0105\u0107 sw\u00f3j cel.<\/p>\n<p>Eberhard Mock zmaga si\u0119 z najstraszniejszym ze swoich demon\u00f3w \u2013 demonem alkoholizmu. Ka\u017cdego dnia walczy z samym sob\u0105 i pr\u00f3buje rozwik\u0142a\u0107 mroczn\u0105 tajemnic\u0119 zagini\u0119cia ma\u0142ej Rosemarie. Wie, \u017ce je\u015bli odnajdzie dziewczynk\u0119, raz na zawsze wyrwie si\u0119 ze szpon\u00f3w na\u0142ogu. By tego dokona\u0107, podejmuje si\u0119 wykonania niebezpiecznego zlecenia. Jeszcze nie wie, \u017ce ka\u017cdy jego ruch \u015bledzi tajne sprzysi\u0119\u017cenie.<\/p>\n<p>Krok za krokiem Mock zbli\u017ca si\u0119 do rozwi\u0105zania zagadki i poznaje coraz bardziej przera\u017caj\u0105ce strony natury ludzkiej.<\/p>\n<p>Wkr\u00f3tce odkryje, kto jest jego przyjacielem, a kto wrogiem.<br \/>\nWkr\u00f3tce zmieni si\u0119 w budz\u0105c\u0105 lito\u015b\u0107 i przera\u017cenie kreatur\u0119.<br \/>\nWkr\u00f3tce spotka z\u0142o, o kt\u00f3rego istnieniu nawet nie \u015bni\u0142.<\/p>\n<p style=\"text-align: right;\"><span style=\"font-size: 12px;\">\u017ar\u00f3d\u0142o: www.wydawnictwoznak.pl<\/span><\/p>\n<p style=\"text-align: right;\"><span style=\"font-size: 12px;\">autorami zdj\u0119\u0107 wyr\u00f3\u017cniaj\u0105cych jest Micha\u0142 J. Gadek<\/span><\/p>\n<p><img decoding=\"async\" loading=\"lazy\" class=\"aligncenter wp-image-1158 size-large\" src=\"https:\/\/i0.wp.com\/woblink.com\/blog\/wp-content\/uploads\/2019\/09\/mock_golem.jpg?resize=699%2C1024&#038;ssl=1\" alt=\"\" width=\"699\" height=\"1024\" srcset=\"https:\/\/i0.wp.com\/woblink.com\/blog\/wp-content\/uploads\/2019\/09\/mock_golem.jpg?resize=699%2C1024&amp;ssl=1 699w, https:\/\/i0.wp.com\/woblink.com\/blog\/wp-content\/uploads\/2019\/09\/mock_golem.jpg?resize=205%2C300&amp;ssl=1 205w, https:\/\/i0.wp.com\/woblink.com\/blog\/wp-content\/uploads\/2019\/09\/mock_golem.jpg?resize=768%2C1125&amp;ssl=1 768w, https:\/\/i0.wp.com\/woblink.com\/blog\/wp-content\/uploads\/2019\/09\/mock_golem.jpg?resize=600%2C879&amp;ssl=1 600w, https:\/\/i0.wp.com\/woblink.com\/blog\/wp-content\/uploads\/2019\/09\/mock_golem.jpg?w=1701&amp;ssl=1 1701w\" sizes=\"(max-width: 699px) 100vw, 699px\" data-recalc-dims=\"1\" \/><\/p>\n<p>&nbsp;<\/p>\n<p>&nbsp;<\/p>\n<p>&nbsp;<\/p>\n<p>&nbsp;<\/p>\n","protected":false},"excerpt":{"rendered":"<p>W tym roku przypada 20 rocznica pracy artystycznej Marka Krajewskiego. Z okazji jubileuszu mistrza polskiego krymina\u0142u, we Wroc\u0142awiu, przy ulicy Jedno\u015bci Narodowej 42\/44a powstaje mural z podobiznami autora oraz bohater\u00f3w jego kultowych krymina\u0142\u00f3w. Uroczyste ods\u0142oni\u0119cie muralu odb\u0119dzie si\u0119 2 pa\u017adziernika o godzinie 12.00. Na wydarzeniu&#8230;<\/p>\n","protected":false},"author":7,"featured_media":1157,"comment_status":"closed","ping_status":"open","sticky":false,"template":"","format":"standard","meta":[],"categories":[87,86],"tags":[],"yoast_head":"<!-- This site is optimized with the Yoast SEO plugin v20.11 - https:\/\/yoast.com\/wordpress\/plugins\/seo\/ -->\n<title>We Wroc\u0142awiu powstaje mural Marka Krajewskiego - Woblink<\/title>\n<meta name=\"description\" content=\"We Wroc\u0142awiu, z okazji jubileuszu 20 lat pracy artystycznej, powstaje mural Marka Krajewskiego. Oficjalne ods\u0142oni\u0119cie odb\u0119dzie si\u0119 2 pa\u017adziernika.\" \/>\n<meta name=\"robots\" content=\"index, follow, max-snippet:-1, max-image-preview:large, max-video-preview:-1\" \/>\n<link rel=\"canonical\" href=\"https:\/\/woblink.com\/blog\/we-wroclawiu-powstaje-mural-marka-krajewskiego\/\" \/>\n<meta property=\"og:locale\" content=\"pl_PL\" \/>\n<meta property=\"og:type\" content=\"article\" \/>\n<meta property=\"og:title\" content=\"We Wroc\u0142awiu powstaje mural Marka Krajewskiego - Woblink\" \/>\n<meta property=\"og:description\" content=\"We Wroc\u0142awiu, z okazji jubileuszu 20 lat pracy artystycznej, powstaje mural Marka Krajewskiego. Oficjalne ods\u0142oni\u0119cie odb\u0119dzie si\u0119 2 pa\u017adziernika.\" \/>\n<meta property=\"og:url\" content=\"https:\/\/woblink.com\/blog\/we-wroclawiu-powstaje-mural-marka-krajewskiego\/\" \/>\n<meta property=\"og:site_name\" content=\"Woblink\" \/>\n<meta property=\"article:publisher\" content=\"https:\/\/facebook.com\/woblink\" \/>\n<meta property=\"article:published_time\" content=\"2019-09-25T11:09:42+00:00\" \/>\n<meta property=\"article:modified_time\" content=\"2019-09-25T11:14:27+00:00\" \/>\n<meta property=\"og:image\" content=\"https:\/\/i0.wp.com\/woblink.com\/blog\/wp-content\/uploads\/2019\/09\/krajewski-1.png?fit=1011%2C690&ssl=1\" \/>\n\t<meta property=\"og:image:width\" content=\"1011\" \/>\n\t<meta property=\"og:image:height\" content=\"690\" \/>\n\t<meta property=\"og:image:type\" content=\"image\/png\" \/>\n<meta name=\"author\" content=\"Redakcja Woblinka\" \/>\n<meta name=\"twitter:card\" content=\"summary_large_image\" \/>\n<meta name=\"twitter:creator\" content=\"@woblink_com\" \/>\n<meta name=\"twitter:site\" content=\"@woblink_com\" \/>\n<meta name=\"twitter:label1\" content=\"Napisane przez\" \/>\n\t<meta name=\"twitter:data1\" content=\"Redakcja Woblinka\" \/>\n\t<meta name=\"twitter:label2\" content=\"Szacowany czas czytania\" \/>\n\t<meta name=\"twitter:data2\" content=\"2 minuty\" \/>\n<script type=\"application\/ld+json\" class=\"yoast-schema-graph\">{\"@context\":\"https:\/\/schema.org\",\"@graph\":[{\"@type\":\"Article\",\"@id\":\"https:\/\/woblink.com\/blog\/we-wroclawiu-powstaje-mural-marka-krajewskiego\/#article\",\"isPartOf\":{\"@id\":\"https:\/\/woblink.com\/blog\/we-wroclawiu-powstaje-mural-marka-krajewskiego\/\"},\"author\":{\"name\":\"Redakcja Woblinka\",\"@id\":\"https:\/\/woblink.com\/blog\/#\/schema\/person\/8ab6b79d64fa54209272130c4c3b1e95\"},\"headline\":\"We Wroc\u0142awiu powstaje mural Marka Krajewskiego\",\"datePublished\":\"2019-09-25T11:09:42+00:00\",\"dateModified\":\"2019-09-25T11:14:27+00:00\",\"mainEntityOfPage\":{\"@id\":\"https:\/\/woblink.com\/blog\/we-wroclawiu-powstaje-mural-marka-krajewskiego\/\"},\"wordCount\":413,\"publisher\":{\"@id\":\"https:\/\/woblink.com\/blog\/#organization\"},\"articleSection\":[\"Aktualno\u015bci\",\"Ciekawostki o pisarzach\"],\"inLanguage\":\"pl-PL\"},{\"@type\":\"WebPage\",\"@id\":\"https:\/\/woblink.com\/blog\/we-wroclawiu-powstaje-mural-marka-krajewskiego\/\",\"url\":\"https:\/\/woblink.com\/blog\/we-wroclawiu-powstaje-mural-marka-krajewskiego\/\",\"name\":\"We Wroc\u0142awiu powstaje mural Marka Krajewskiego - Woblink\",\"isPartOf\":{\"@id\":\"https:\/\/woblink.com\/blog\/#website\"},\"datePublished\":\"2019-09-25T11:09:42+00:00\",\"dateModified\":\"2019-09-25T11:14:27+00:00\",\"description\":\"We Wroc\u0142awiu, z okazji jubileuszu 20 lat pracy artystycznej, powstaje mural Marka Krajewskiego. Oficjalne ods\u0142oni\u0119cie odb\u0119dzie si\u0119 2 pa\u017adziernika.\",\"breadcrumb\":{\"@id\":\"https:\/\/woblink.com\/blog\/we-wroclawiu-powstaje-mural-marka-krajewskiego\/#breadcrumb\"},\"inLanguage\":\"pl-PL\",\"potentialAction\":[{\"@type\":\"ReadAction\",\"target\":[\"https:\/\/woblink.com\/blog\/we-wroclawiu-powstaje-mural-marka-krajewskiego\/\"]}]},{\"@type\":\"BreadcrumbList\",\"@id\":\"https:\/\/woblink.com\/blog\/we-wroclawiu-powstaje-mural-marka-krajewskiego\/#breadcrumb\",\"itemListElement\":[{\"@type\":\"ListItem\",\"position\":1,\"name\":\"Strona g\u0142\u00f3wna\",\"item\":\"https:\/\/woblink.com\/blog\/\"},{\"@type\":\"ListItem\",\"position\":2,\"name\":\"We Wroc\u0142awiu powstaje mural Marka Krajewskiego\"}]},{\"@type\":\"WebSite\",\"@id\":\"https:\/\/woblink.com\/blog\/#website\",\"url\":\"https:\/\/woblink.com\/blog\/\",\"name\":\"Woblink\",\"description\":\"najlepszy firmowy blog o ksi\u0105\u017ckach\",\"publisher\":{\"@id\":\"https:\/\/woblink.com\/blog\/#organization\"},\"potentialAction\":[{\"@type\":\"SearchAction\",\"target\":{\"@type\":\"EntryPoint\",\"urlTemplate\":\"https:\/\/woblink.com\/blog\/?s={search_term_string}\"},\"query-input\":\"required name=search_term_string\"}],\"inLanguage\":\"pl-PL\"},{\"@type\":\"Organization\",\"@id\":\"https:\/\/woblink.com\/blog\/#organization\",\"name\":\"Woblink\",\"url\":\"https:\/\/woblink.com\/blog\/\",\"logo\":{\"@type\":\"ImageObject\",\"inLanguage\":\"pl-PL\",\"@id\":\"https:\/\/woblink.com\/blog\/#\/schema\/logo\/image\/\",\"url\":\"https:\/\/i0.wp.com\/woblink.com\/blog\/wp-content\/uploads\/2019\/04\/nw_logoB.png?fit=185%2C42&ssl=1\",\"contentUrl\":\"https:\/\/i0.wp.com\/woblink.com\/blog\/wp-content\/uploads\/2019\/04\/nw_logoB.png?fit=185%2C42&ssl=1\",\"width\":185,\"height\":42,\"caption\":\"Woblink\"},\"image\":{\"@id\":\"https:\/\/woblink.com\/blog\/#\/schema\/logo\/image\/\"},\"sameAs\":[\"https:\/\/facebook.com\/woblink\",\"https:\/\/twitter.com\/woblink_com\",\"https:\/\/www.instagram.com\/woblink_com\",\"https:\/\/www.linkedin.com\/company\/woblink\/\"]},{\"@type\":\"Person\",\"@id\":\"https:\/\/woblink.com\/blog\/#\/schema\/person\/8ab6b79d64fa54209272130c4c3b1e95\",\"name\":\"Redakcja Woblinka\",\"image\":{\"@type\":\"ImageObject\",\"inLanguage\":\"pl-PL\",\"@id\":\"https:\/\/woblink.com\/blog\/#\/schema\/person\/image\/\",\"url\":\"https:\/\/secure.gravatar.com\/avatar\/f23ae80a7c9da060bee5f8310913478b?s=96&d=mm&r=g\",\"contentUrl\":\"https:\/\/secure.gravatar.com\/avatar\/f23ae80a7c9da060bee5f8310913478b?s=96&d=mm&r=g\",\"caption\":\"Redakcja Woblinka\"},\"url\":\"https:\/\/woblink.com\/blog\/author\/krasny\/\"}]}<\/script>\n<!-- \/ Yoast SEO plugin. -->","yoast_head_json":{"title":"We Wroc\u0142awiu powstaje mural Marka Krajewskiego - Woblink","description":"We Wroc\u0142awiu, z okazji jubileuszu 20 lat pracy artystycznej, powstaje mural Marka Krajewskiego. Oficjalne ods\u0142oni\u0119cie odb\u0119dzie si\u0119 2 pa\u017adziernika.","robots":{"index":"index","follow":"follow","max-snippet":"max-snippet:-1","max-image-preview":"max-image-preview:large","max-video-preview":"max-video-preview:-1"},"canonical":"https:\/\/woblink.com\/blog\/we-wroclawiu-powstaje-mural-marka-krajewskiego\/","og_locale":"pl_PL","og_type":"article","og_title":"We Wroc\u0142awiu powstaje mural Marka Krajewskiego - Woblink","og_description":"We Wroc\u0142awiu, z okazji jubileuszu 20 lat pracy artystycznej, powstaje mural Marka Krajewskiego. Oficjalne ods\u0142oni\u0119cie odb\u0119dzie si\u0119 2 pa\u017adziernika.","og_url":"https:\/\/woblink.com\/blog\/we-wroclawiu-powstaje-mural-marka-krajewskiego\/","og_site_name":"Woblink","article_publisher":"https:\/\/facebook.com\/woblink","article_published_time":"2019-09-25T11:09:42+00:00","article_modified_time":"2019-09-25T11:14:27+00:00","og_image":[{"width":1011,"height":690,"url":"https:\/\/i0.wp.com\/woblink.com\/blog\/wp-content\/uploads\/2019\/09\/krajewski-1.png?fit=1011%2C690&ssl=1","type":"image\/png"}],"author":"Redakcja Woblinka","twitter_card":"summary_large_image","twitter_creator":"@woblink_com","twitter_site":"@woblink_com","twitter_misc":{"Napisane przez":"Redakcja Woblinka","Szacowany czas czytania":"2 minuty"},"schema":{"@context":"https:\/\/schema.org","@graph":[{"@type":"Article","@id":"https:\/\/woblink.com\/blog\/we-wroclawiu-powstaje-mural-marka-krajewskiego\/#article","isPartOf":{"@id":"https:\/\/woblink.com\/blog\/we-wroclawiu-powstaje-mural-marka-krajewskiego\/"},"author":{"name":"Redakcja Woblinka","@id":"https:\/\/woblink.com\/blog\/#\/schema\/person\/8ab6b79d64fa54209272130c4c3b1e95"},"headline":"We Wroc\u0142awiu powstaje mural Marka Krajewskiego","datePublished":"2019-09-25T11:09:42+00:00","dateModified":"2019-09-25T11:14:27+00:00","mainEntityOfPage":{"@id":"https:\/\/woblink.com\/blog\/we-wroclawiu-powstaje-mural-marka-krajewskiego\/"},"wordCount":413,"publisher":{"@id":"https:\/\/woblink.com\/blog\/#organization"},"articleSection":["Aktualno\u015bci","Ciekawostki o pisarzach"],"inLanguage":"pl-PL"},{"@type":"WebPage","@id":"https:\/\/woblink.com\/blog\/we-wroclawiu-powstaje-mural-marka-krajewskiego\/","url":"https:\/\/woblink.com\/blog\/we-wroclawiu-powstaje-mural-marka-krajewskiego\/","name":"We Wroc\u0142awiu powstaje mural Marka Krajewskiego - Woblink","isPartOf":{"@id":"https:\/\/woblink.com\/blog\/#website"},"datePublished":"2019-09-25T11:09:42+00:00","dateModified":"2019-09-25T11:14:27+00:00","description":"We Wroc\u0142awiu, z okazji jubileuszu 20 lat pracy artystycznej, powstaje mural Marka Krajewskiego. Oficjalne ods\u0142oni\u0119cie odb\u0119dzie si\u0119 2 pa\u017adziernika.","breadcrumb":{"@id":"https:\/\/woblink.com\/blog\/we-wroclawiu-powstaje-mural-marka-krajewskiego\/#breadcrumb"},"inLanguage":"pl-PL","potentialAction":[{"@type":"ReadAction","target":["https:\/\/woblink.com\/blog\/we-wroclawiu-powstaje-mural-marka-krajewskiego\/"]}]},{"@type":"BreadcrumbList","@id":"https:\/\/woblink.com\/blog\/we-wroclawiu-powstaje-mural-marka-krajewskiego\/#breadcrumb","itemListElement":[{"@type":"ListItem","position":1,"name":"Strona g\u0142\u00f3wna","item":"https:\/\/woblink.com\/blog\/"},{"@type":"ListItem","position":2,"name":"We Wroc\u0142awiu powstaje mural Marka Krajewskiego"}]},{"@type":"WebSite","@id":"https:\/\/woblink.com\/blog\/#website","url":"https:\/\/woblink.com\/blog\/","name":"Woblink","description":"najlepszy firmowy blog o ksi\u0105\u017ckach","publisher":{"@id":"https:\/\/woblink.com\/blog\/#organization"},"potentialAction":[{"@type":"SearchAction","target":{"@type":"EntryPoint","urlTemplate":"https:\/\/woblink.com\/blog\/?s={search_term_string}"},"query-input":"required name=search_term_string"}],"inLanguage":"pl-PL"},{"@type":"Organization","@id":"https:\/\/woblink.com\/blog\/#organization","name":"Woblink","url":"https:\/\/woblink.com\/blog\/","logo":{"@type":"ImageObject","inLanguage":"pl-PL","@id":"https:\/\/woblink.com\/blog\/#\/schema\/logo\/image\/","url":"https:\/\/i0.wp.com\/woblink.com\/blog\/wp-content\/uploads\/2019\/04\/nw_logoB.png?fit=185%2C42&ssl=1","contentUrl":"https:\/\/i0.wp.com\/woblink.com\/blog\/wp-content\/uploads\/2019\/04\/nw_logoB.png?fit=185%2C42&ssl=1","width":185,"height":42,"caption":"Woblink"},"image":{"@id":"https:\/\/woblink.com\/blog\/#\/schema\/logo\/image\/"},"sameAs":["https:\/\/facebook.com\/woblink","https:\/\/twitter.com\/woblink_com","https:\/\/www.instagram.com\/woblink_com","https:\/\/www.linkedin.com\/company\/woblink\/"]},{"@type":"Person","@id":"https:\/\/woblink.com\/blog\/#\/schema\/person\/8ab6b79d64fa54209272130c4c3b1e95","name":"Redakcja Woblinka","image":{"@type":"ImageObject","inLanguage":"pl-PL","@id":"https:\/\/woblink.com\/blog\/#\/schema\/person\/image\/","url":"https:\/\/secure.gravatar.com\/avatar\/f23ae80a7c9da060bee5f8310913478b?s=96&d=mm&r=g","contentUrl":"https:\/\/secure.gravatar.com\/avatar\/f23ae80a7c9da060bee5f8310913478b?s=96&d=mm&r=g","caption":"Redakcja Woblinka"},"url":"https:\/\/woblink.com\/blog\/author\/krasny\/"}]}},"jetpack_featured_media_url":"https:\/\/i0.wp.com\/woblink.com\/blog\/wp-content\/uploads\/2019\/09\/krajewski-1.png?fit=1011%2C690&ssl=1","_links":{"self":[{"href":"https:\/\/woblink.com\/blog\/wp-json\/wp\/v2\/posts\/1155"}],"collection":[{"href":"https:\/\/woblink.com\/blog\/wp-json\/wp\/v2\/posts"}],"about":[{"href":"https:\/\/woblink.com\/blog\/wp-json\/wp\/v2\/types\/post"}],"author":[{"embeddable":true,"href":"https:\/\/woblink.com\/blog\/wp-json\/wp\/v2\/users\/7"}],"replies":[{"embeddable":true,"href":"https:\/\/woblink.com\/blog\/wp-json\/wp\/v2\/comments?post=1155"}],"version-history":[{"count":4,"href":"https:\/\/woblink.com\/blog\/wp-json\/wp\/v2\/posts\/1155\/revisions"}],"predecessor-version":[{"id":1166,"href":"https:\/\/woblink.com\/blog\/wp-json\/wp\/v2\/posts\/1155\/revisions\/1166"}],"wp:featuredmedia":[{"embeddable":true,"href":"https:\/\/woblink.com\/blog\/wp-json\/wp\/v2\/media\/1157"}],"wp:attachment":[{"href":"https:\/\/woblink.com\/blog\/wp-json\/wp\/v2\/media?parent=1155"}],"wp:term":[{"taxonomy":"category","embeddable":true,"href":"https:\/\/woblink.com\/blog\/wp-json\/wp\/v2\/categories?post=1155"},{"taxonomy":"post_tag","embeddable":true,"href":"https:\/\/woblink.com\/blog\/wp-json\/wp\/v2\/tags?post=1155"}],"curies":[{"name":"wp","href":"https:\/\/api.w.org\/{rel}","templated":true}]}}