{"id":12358,"date":"2024-08-09T13:20:49","date_gmt":"2024-08-09T11:20:49","guid":{"rendered":"https:\/\/woblink.com\/blog\/?p=12358"},"modified":"2024-09-27T12:32:36","modified_gmt":"2024-09-27T10:32:36","slug":"rod-smoka-ksiazka-a-serial-top-10-roznic","status":"publish","type":"post","link":"https:\/\/woblink.com\/blog\/rod-smoka-ksiazka-a-serial-top-10-roznic\/","title":{"rendered":"&#8222;R\u00f3d Smoka&#8221; ksi\u0105\u017cka a serial &#8211; Top 10 r\u00f3\u017cnic"},"content":{"rendered":"<p>  <strong>Te wakacje sp\u0119dzimy w Westeros! \u201eR\u00f3d smoka\u201d powraca z drugim sezonem, a to oznacza, \u017ce poznamy dalsze losy dynastii Targaryen\u00f3w<\/strong>. Oczywi\u015bcie, czytelnicy s\u0105 o krok do przodu, bo akurat t\u0119 histori\u0119 George R.R. Martin doko\u0144czy\u0142 przed emisj\u0105 serialu. \u201eOgie\u0144 i krew\u201d, dwutomowa opowie\u015b\u0107 o krwawych dziejach kr\u00f3lewskiego rodu, to napisany z rozmachem prequel do \u201ePie\u015bni Lodu i Ognia\u201d. Po sukcesie \u201eGry o tron\u201d popularno\u015b\u0107 \u201eRodu smoka\u201d by\u0142a niemal gwarantowana, jednak widzowie obawiali si\u0119, \u017ce tw\u00f3rcy serialu znowu posun\u0105 si\u0119 za daleko w swojej interpretacji literackiego orygina\u0142u. Na szcz\u0119\u015bcie okaza\u0142o si\u0119, \u017ce \u201eR\u00f3d smoka\u201d to znakomita adaptacja, cho\u0107 w wielu miejscach odbiega od pierwowzoru. W tym artykule postanowili\u015bmy wytropi\u0107 najwa\u017cniejsze r\u00f3\u017cnice mi\u0119dzy serialem a ksi\u0105\u017ck\u0105. Zapraszamy do lektury!<\/strong><\/p>\n<h2>Czy \u201eR\u00f3d smoka\u201d jest na podstawie ksi\u0105\u017cki?<\/h2>\n<p>  Serial si\u0119ga tak naprawd\u0119 do fragmentu powie\u015bci, a to wszystko dlatego, \u017ce <a href=\"https:\/\/woblink.com\/autor\/george-r-r-martin-4494\">George R.R. Martin<\/a> napisa\u0142 t\u0119 ksi\u0105\u017ck\u0119 w troch\u0119 innej konwencji ni\u017c cykl \u201ePie\u015b\u0144 Lodu i Ognia\u201d. Autor na\u015bladuje w &#8222;Ogniu i krwi&#8221; spos\u00f3b pisania kronik. A samo dzie\u0142o funkcjonuje w uniwersum jako <b>sprawozdanie historyczne z czas\u00f3w panowania dynastii Targaryen\u00f3w<\/b>. \u017bartobliwie por\u00f3wnuje si\u0119 &#8222;Ogie\u0144 i krew&#8221; do &#8222;<a href=\"https:\/\/woblink.com\/audiobook\/silmarillion-j-r-r-tolkien-281529\">Silmarillionu<\/a>&#8221; Tolkiena. Taniec Smok\u00f3w, czyli fragment, kt\u00f3ry zosta\u0142 przeniesiony na ekran, to zaledwie cz\u0119\u015b\u0107 tej obszernej (i krwawej) historii. Natomiast, nie istnieje <strong>ksi\u0105\u017cka &#8222;R\u00f3d Smoka&#8221;<\/strong>.<\/p>\n<p>  <a href=\"https:\/\/woblink.com\/ebook\/ogien-i-krew-cz-1-george-r-r-martin-135091u\"><img decoding=\"async\" loading=\"lazy\" class=\"alignnone\" src=\"https:\/\/i0.wp.com\/woblink.com\/blog\/wp-content\/uploads\/665fc52c0f0cf.jpeg?resize=198%2C300&#038;ssl=1\" alt=\"R\u00f3d smoka ksi\u0105\u017cka a serial\" width=\"198\" height=\"300\" data-recalc-dims=\"1\" \/><\/a><\/p>\n<p>  <b>Kup <a href=\"https:\/\/woblink.com\/ebook\/ogien-i-krew-cz-1-george-r-r-martin-135091u\"> Ogie\u0144 i krew. Cz\u0119\u015b\u0107 1 Ebook<\/a> na Woblink.com<\/b><\/p>\n<p>  Ze wzgl\u0119du na specyficzny spos\u00f3b, w jaki jest napisana \u201eOgie\u0144 i krew\u201d, tw\u00f3rcy serialu maj\u0105 du\u017co wi\u0119cej wolno\u015bci w adaptacji. Lub wi\u0119cej wyzwa\u0144? Trudno to jednoznacznie oceni\u0107. \u201eAutor\u201d \u2013 Arcymaester Gyldayn \u2013 pos\u0142uguje si\u0119 r\u00f3\u017cnymi przekazami przy opowiadaniu historii, by zachowa\u0107 obiektywno\u015b\u0107, jak to zwykle bywa przy tworzeniu prawdziwej historycznej publikacji. Jednak, jak mo\u017cemy si\u0119 domy\u015bli\u0107, brakuje mu detali, kt\u00f3re tworz\u0105 histori\u0119 \u017cyw\u0105. <strong>I tu wkraczaj\u0105 scenarzy\u015bci, roztropnie manewruj\u0105cy mi\u0119dzy r\u00f3\u017cnymi \u017ar\u00f3d\u0142ami wykorzystywanymi w ksi\u0105\u017cce<\/strong>. Musimy przyzna\u0107, \u017ce uda\u0142o im si\u0119 przekszta\u0142ci\u0107 kronikarsk\u0105 wersj\u0119 <a href=\"https:\/\/woblink.com\/ebook\/taniec-ze-smokami-cz-1-george-r-r-martin-8147u\">Ta\u0144ca Smok\u00f3w<\/a> w sp\u00f3jn\u0105 i krwist\u0105 opowie\u015b\u0107.<\/p>\n<h3>Sezon 1: najwa\u017cniejsze r\u00f3\u017cnice mi\u0119dzy ksi\u0105\u017ck\u0105 a serialem<\/h3>\n<p>  <strong>R\u00f3d Smoka sezon 1<\/strong> to zaledwie wst\u0119p do Ta\u0144ca Smok\u00f3w, czyli brutalnej walki o sukcesj\u0119 na tronie Westeros. Mamy szans\u0119 pozna\u0107 g\u0142\u00f3wnych bohater\u00f3w wiele lat przed konfliktem. <b>Jeste\u015bmy \u015bwiadkami przyja\u017ani Rhaenyry Targaryen i Alicent Hightower.<\/b> To jedna z najciekawszych zmian wprowadzonych przez tw\u00f3rc\u00f3w serialu. <strong>W ksi\u0105\u017ckach bohaterki nie s\u0105 w tym samym wieku, a ju\u017c na pewno nigdy nie by\u0142y drogimi przyjaci\u00f3\u0142kami<\/strong>. Wersja serialowa jest du\u017co bardziej dramatyczna, poniewa\u017c nak\u0142ada na ca\u0142y konflikt wi\u0119cej g\u0142\u0119bi. Sama posta\u0107 Alicent Hightower jest te\u017c du\u017co bardziej z\u0142o\u017cona ni\u017c w literackim oryginale. Wsp\u00f3\u0142czujemy jej, gdy jako dziewczynka zostaje wydana za m\u0105\u017c za du\u017co starszego kr\u00f3la Viserysa. Obserwujemy, jak traci przez to zaufanie Rhaenyry, a tak\u017ce jak pr\u00f3buje odnale\u017a\u0107 si\u0119 w nowej roli. Jej przej\u015bcia s\u0105 trudne, naznaczone brakiem mi\u0142o\u015bci i samotno\u015bci\u0105. W ksi\u0105\u017cce informacje o Alicent nie s\u0105 jednoznaczne \u2013 arcymaester Gyldayn podaje jednak, \u017ce Viserys m\u00f3g\u0142 mie\u0107 nawet romans z Alicent, gdy kr\u00f3lowa Aemma jeszcze \u017cy\u0142a. <b>Zdecydowanie wi\u0119c trudniej kibicowa\u0107 sprawie Alicent, bazuj\u0105c tylko na &#8222;Ogniu i krwi&#8221;.<\/b> Ciekawym dodatkiem \u2013 zw\u0142aszcza dla fan\u00f3w \u201ePie\u015bni Lodu i Ognia\u201d jest <b>ujawnienie przez Viserysa przepowiedni (czy raczej snu) Aegona Zdobywcy<\/b>. Jest to ni mniej, ni wi\u0119cej tylko przepowiednia, kt\u00f3r\u0105 dobrze znamy z \u201eGry o tron\u201d o obiecanym ksi\u0119ciu (lub ksi\u0119\u017cniczce), kt\u00f3ry (kt\u00f3ra) ma ochroni\u0107 Westeros, gdy wielkie niebezpiecze\u0144stwo nadci\u0105gnie zza Muru. Viserys przekazuje t\u0119 przepowiedni\u0119 Rhaenyrze, ale by\u0107 mo\u017ce wa\u017cniejsze jest to, \u017ce w momencie swojej \u015bmierci ponownie wspomina Aegona Zdobywc\u0119. Obecna przy tym Alicent mylnie interpretuje s\u0142owa swojego umieraj\u0105cego m\u0119\u017ca, s\u0105dz\u0105c, \u017ce \u017cyczeniem Viserysa jest, by ich syn Aegon (z pewno\u015bci\u0105 nie Zdobywca) zasiad\u0142 na tronie. W ten spos\u00f3b troch\u0119 \u0142atwiej jest nam uwierzy\u0107 w intencje Alicent. Warto wspomnie\u0107 tak\u017ce o drobnej, ale znacz\u0105cej modyfikacji przy scenie \u015bmierci Lucerysa Velaryona, drugiego syna Rhaenyry. W\u00a0 ksi\u0105\u017cce to tak\u017ce Aemond Targaryen jest odpowiedzialny za zabicie swojego siostrze\u0144ca, ale jest to czyn w pe\u0142ni intencjonalny. W serialu natomiast widzimy, \u017ce<b> Aemond traci panowanie nad swoim smokiem i z tego powodu umiera Lucerys<\/b>. Oczywi\u015bcie konsekwencje s\u0105 takie same, ale po raz kolejny mamy szans\u0119 zaobserwowa\u0107 Dru\u017cyn\u0119 Zielonych w troch\u0119 \u0142agodniejszym \u015bwietle.<\/p>\n<h2>Sezon 2: Top 10 r\u00f3\u017cnic pomi\u0119dzy serialem a ksi\u0105\u017ck\u0105<\/h2>\n<p>  <a href=\"https:\/\/woblink.com\/ebook\/ogien-i-krew-czesc-2-george-r-r-martin-142106u\"><img decoding=\"async\" loading=\"lazy\" class=\"alignnone\" src=\"https:\/\/i0.wp.com\/woblink.com\/blog\/wp-content\/uploads\/6670e9310a71b.jpeg?resize=205%2C300&#038;ssl=1\" alt=\"Rod smoka: top 10 roznic pomiedzy ksiazka a serialem\" width=\"205\" height=\"300\" data-recalc-dims=\"1\" \/><\/a><br \/>\n  <b>Kup <a href=\"https:\/\/woblink.com\/ebook\/ogien-i-krew-czesc-2-george-r-r-martin-142106u\">ebooka Ogie\u0144 i krew. Cz\u0119\u015b\u0107 2<\/a> na Woblink.com<\/b><\/p>\n<p>  Pierwszy sezon postawi\u0142 wysoko poprzeczk\u0119, wi\u0119c tw\u00f3rcy mieli przed sob\u0105 jeszcze wi\u0119ksze wyzwanie. <strong>R\u00f3d Smoka sezon 2\u00a0to czas, w kt\u00f3rym powinni\u015bmy zobaczy\u0107 Taniec Smok\u00f3w w pe\u0142nym wydaniu<\/strong>. \u015amier\u0107 Lucerysa by\u0142a zaledwie wst\u0119pem. Okazuje si\u0119 jednak, \u017ce wi\u0119kszo\u015b\u0107 star\u0107 jeszcze przed nami. Mimo mocnego pocz\u0105tku, sezon drugi ma pewne braki, kt\u00f3re wynikaj\u0105 z ci\u0119\u0107 bud\u017cetowych. Niestety nie by\u0142o dane nam zobaczy\u0107 prawie \u017cadnej wi\u0119kszej bitwy, a to dopiero pocz\u0105tek zmian wprowadzonych przez producent\u00f3w. Ale zacznijmy od pocz\u0105tku &#8211; czym r\u00f3\u017cni si\u0119 serial od ksi\u0105\u017cki Georga R.R. Martina?<\/p>\n<h3>1. Romans Alicent i Cristona Cole\u2019a<\/h3>\n<p>  Pierwszym szokuj\u0105cym odkryciem tego sezonu jest intymna relacja kr\u00f3lowej Alicent i lorda dow\u00f3dcy Cristona Cole&#8217;a. Bohater\u00f3w po\u0142\u0105czy\u0142a nienawi\u015b\u0107 do Rhaenyry.\u00a0 Cho\u0107 ju\u017c dawno zawi\u0105zali sojusz, nie spodziewali\u015bmy si\u0119, \u017ce dojdzie mi\u0119dzy nimi do romansu! Zw\u0142aszcza, \u017ce oboje bardzo g\u0142o\u015bno deklarowali swoj\u0105 pogard\u0119 do pozazwi\u0105zkowych skok\u00f3w Rhaenyry. C\u00f3\u017c, zdecydowanie mo\u017cemy og\u0142osi\u0107 Alicent i Cole&#8217;a par\u0105 najwi\u0119kszych hipokryt\u00f3w w serialu. <b>W &#8222;Ogniu i krwi&#8221; bynajmniej nie spotkamy takiego w\u0105tku.<\/b> Ta zmiana jest powi\u0105zana \u015bci\u015ble z ko\u0144cow\u0105 scen\u0105 odcinka. Porozmawiajmy wi\u0119c o Blood and Cheese, w polskim t\u0142umaczeniu znanych jako Jucha i Twar\u00f3g&#8230;<\/p>\n<h3>2. Jucha i Twar\u00f3g<\/h3>\n<p>  Odcinek pierwszy nosi tytu\u0142 &#8222;Syn za syna&#8221;, wi\u0119c scena zemsty Dru\u017cyny Czarnych by\u0142a nieunikniona. Jest to prawdopodobnie jedno z najmroczniejszych w\u0105tk\u00f3w w uniwersum Georga R.R. Martina. W &#8222;Ogniu i krwi&#8221; Daemon obiecuje pom\u015bci\u0107 Lucerysa. I do tego momentu serial pozostaje ca\u0142kiem wierny swojemu orygina\u0142owi. <b>Daemon udaje si\u0119 do Kr\u00f3lewskiej Przystani i znajduje zbir\u00f3w, kt\u00f3rzy wype\u0142niliby polecenie kr\u00f3lowej.<\/b> Rhaenyra domaga si\u0119 w serialu jednak g\u0142owy Aemonda i to jego zab\u00f3jstwo zleca Daemon. A przynajmniej tyle si\u0119 dowiadujemy. To, czy Daemon zezwoli\u0142 na morderstwo Jaehaerysa, czyli syna Aegona, pozostaje niewiadom\u0105. Fani zareagowali raczej negatywnie na zmiany, kt\u00f3re wprowadzono. <b>Scena zosta\u0142a z\u0142agodzona w stosunku do tego, co mo\u017cemy przeczyta\u0107 w &#8222;Ogniu i krwi&#8221;<\/b>. W ksi\u0105\u017cce Jucha i Twar\u00f3g r\u00f3wnie\u017c ka\u017c\u0105 Helaenie wybra\u0107 dziecko, kt\u00f3re umrze. Matka jednak d\u0142ugo si\u0119 waha i w ko\u0144cu wybiera najm\u0142odszego Maelora. Zamiast tego na oczach Helaeny Jucha i Twar\u00f3g odcinaj\u0105 g\u0142ow\u0119 najstarszemu, Jaehaerysowi. <b>W komnacie obecna jest tak\u017ce Alicent, czego nie mo\u017cemy powiedzie\u0107 o jej serialowej wersji.<\/b> W &#8222;Rodzie smoka&#8221; Alicent jest w tym czasie razem z Cristonem Colem, kt\u00f3ry powinien zapewne pilnowa\u0107 dzieci Aegona&#8230; Serialowa Helaena natomiast od razu wskazuje na Jaehaerysa. Jej posta\u0107 jest jednak nieco bardziej skomplikowana ni\u017c w ksi\u0105\u017cce. Ju\u017c w pierwszym sezonie mogli\u015bmy us\u0142ysze\u0107 z jej ust kilka dziwacznych zda\u0144, kt\u00f3re by\u0142y w rzeczywisto\u015bci czym\u015b na kszta\u0142t przepowiadania przysz\u0142o\u015bci. Helaena na pocz\u0105tku tego odcinka przyznaje, \u017ce boi si\u0119 szczur\u00f3w, co jest odniesieniem do Juchy i Twarogu, udaj\u0105cych szczuro\u0142ap\u00f3w, by dosta\u0107 si\u0119 do zamku. Reakcja Helaeny na \u015bmier\u0107 swojego syna jest by\u0107 mo\u017ce wi\u0119c wierna temu, jaki pomys\u0142 na t\u0119 bohaterk\u0119 maj\u0105 tw\u00f3rcy serialu.<\/p>\n<h3>3. Spotkanie Rhaenyry i Alicent<\/h3>\n<p>  W trzecim odcinku Rhaenyra wci\u0105\u017c waha si\u0119 przed podj\u0119ciem brutalnych dzia\u0142a\u0144 wojennych. Cho\u0107 Daemon zarzuca jej s\u0142abo\u015b\u0107, jasne jest dla widza, \u017ce Rhaenyra jest \u015bwiadoma, na jak\u0105 skal\u0119 mo\u017ce rozwin\u0105\u0107 si\u0119 konflikt. Zw\u0142aszcza je\u015bli smoki zmierz\u0105 si\u0119 ze smokami. <strong>Dlatego postanawia raz jeszcze powalczy\u0107 o pok\u00f3j i wybiera si\u0119 do Kr\u00f3lewskiej Przystani, by spotka\u0107 si\u0119 z Alicent.<\/strong> Ponownie organizatorem wycieczki jest Mysaria, kt\u00f3rej kontakty w Westeros zdaj\u0105 si\u0119 nie mie\u0107 ko\u0144ca. Rhaenyra dostaje si\u0119 ukradkiem do septu, gdzie ma okazj\u0119 porozmawia\u0107 z Alicent na osobno\u015bci. To z pewno\u015bci\u0105 jedna z ciekawszych interakcji, jakie mogli\u015bmy dotychczas zobaczy\u0107 na ekranie. No w\u0142a\u015bnie, na ekranie \u2013 ca\u0142y w\u0105tek wyprawy Rhaenyry do Kr\u00f3lewskiej Przystani jest oryginalnym pomys\u0142em tw\u00f3rc\u00f3w serialu.<\/p>\n<p>  Rhaenyrze nie udaje si\u0119 przekona\u0107 Alicent, cho\u0107 na tym etapie Alicent i tak pewnie nie zdo\u0142a\u0142aby powstrzyma\u0107 \u017c\u0105dnego krwi Aegona. Dostajemy za to potwierdzenie, \u017ce umieraj\u0105cy kr\u00f3l Viserys nie zmieni\u0142 zdania w ostatniej chwili \u2013 tak jak pisali\u015bmy wy\u017cej, Viserys wspomina\u0142 Aegona Zdobywc\u0119, a nie swojego najstarszego syna. Alicent si\u0119 pomyli\u0142a&#8230; Czy ca\u0142y konflikt m\u00f3g\u0142by by\u0107 unikniony gdyby Targaryenowie nie nadu\u017cywali imienia Aegon przy nazywaniu swoich dzieci? Oczywi\u015bcie, \u017ce nie, ale to ciekawy paradoks.<\/p>\n<h3>4. Bitwa o Rook&#8217;s Rest<\/h3>\n<p>  <strong>W czwartym odcinku w ko\u0144cu mogli\u015bmy obejrze\u0107 starcie smok\u00f3w!<\/strong> Cho\u0107 rezultat jest taki sam, jak w &#8222;Ogniu i krwi<em>&#8222;<\/em>, tw\u00f3rcy serialu wprowadzili pewne zmiany. Do\u0142\u0105czenie Aegona do bitwy nie jest niespodziank\u0105, w ksi\u0105\u017cce Aemond i Aegon czekaj\u0105 na przybycie Rhaenys i razem j\u0105 atakuj\u0105. W serialu napi\u0119cie mi\u0119dzy bra\u0107mi jest ju\u017c dobrze widoczne od kilku odcink\u00f3w, Aegon nie szcz\u0119dzi swojemu bratu uszczypliwo\u015bci, kt\u00f3re dot\u0105d Aemond znosi\u0142 bez s\u0142owa. C\u00f3\u017c, gdyby Aegon by\u0142 nieco bardziej spostrzegawczy, prawdopodobnie dostrzeg\u0142by nienawi\u015b\u0107 Aemonda &#8211; oraz jego ambicj\u0119. A\u017c dwukrotnie zasugerowano w serialu, \u017ce m\u0142odszy brat chcia\u0142by pozbawi\u0107 \u017cycia kr\u00f3la. Najpierw podczas walki, gdy zamiast przyj\u015b\u0107 mu na pomoc, bezdusznie kieruje ogie\u0144 w jego stron\u0119, a nast\u0119pnie gdy Criston Cole widzi, jak Aemond wyci\u0105ga miecz przy poleg\u0142ym Aegonie.<\/p>\n<p>  W &#8222;Ogniu i krwi<em>&#8222;<\/em> kr\u00f3l ma drugiego syna, kt\u00f3ry po \u015bmierci Jaehaerysa, jest pierwszy w kolejce do tronu.<strong> Z kolei w serialu bezpo\u015brednim nast\u0119pc\u0105 Aegona jest Aemond&#8230;<\/strong> I powoli zyskuje coraz wi\u0119cej w\u0142adzy. Najpierw, zdobywaj\u0105c sobie miejsce w radzie wojennej &#8211; podczas kt\u00f3rej wprost podwa\u017ca pozycj\u0119 Aegona i robi z niego g\u0142upca, a nast\u0119pnie otrzymuj\u0105c tytu\u0142 regenta. W ksi\u0105\u017cce Aemond nie ma konkurenta do tego tytu\u0142u, w serialu sytuacja jest nieco bardziej skomplikowana. Alicent wyci\u0105ga swoj\u0105 r\u0119k\u0119 po w\u0142adz\u0119, lecz brutalnie zostaje ona odtr\u0105cona. Co ciekawe &#8211; nawet jej kochanek, Criston Cole, nie staje po jej stronie. Widzimy wi\u0119c, \u017ce Alicent traci wp\u0142ywy oraz kontrol\u0119 nad swoimi dzie\u0107mi. Co si\u0119 jednak stanie, gdy Aegon si\u0119 wybudzi?<\/p>\n<h3>5. Daemon w Harrenhal<\/h3>\n<p>  W uniwersum George&#8217;a R.R. Martina Harrenhal cieszy si\u0119 ponur\u0105 s\u0142aw\u0105. Rody, kt\u00f3re obejmuj\u0105 ten pot\u0119\u017cny zamek za swoj\u0105 siedzib\u0119, trac\u0105 pot\u0119g\u0119 albo ca\u0142kowicie upadaj\u0105. Pobyt Daemona w Harrenhal odpowiada tym wyobra\u017ceniom, wydaje si\u0119, \u017ce Targaryen trafi\u0142 do nawiedzonego domostwa. <strong>W ka\u017cdym odcinku trapi\u0105 go coraz bardziej niepokoj\u0105ce wizje &#8211; a w tym wszystkim uwidacznia si\u0119 dusz\u0105ce go poczucie winy.<\/strong> Od pierwszego sezonu tw\u00f3rcy serialu konsekwentnie buduj\u0105 wizerunek Daemona. Ksi\u0105\u017c\u0119 obsesyjnie pragn\u0105\u0142 w\u0142adzy nawet, gdy Viserys zasiada\u0142 na tronie. W pi\u0105tym odcinku Daemon wprost nazywa si\u0119 kr\u00f3lem i nic nie wskazuje na to, by mia\u0142 powr\u00f3ci\u0107 do Rhaenyry. Jest to pomys\u0142 tw\u00f3rc\u00f3w <em>Rodu smoka<\/em>, w ksi\u0105\u017cce Daemon jest wierny swojej kr\u00f3lowej.<\/p>\n<h3>6. Mysaria i Rhaenyra<\/h3>\n<p>  Mysaria sta\u0142a si\u0119 wiern\u0105 doradczyni\u0105 kr\u00f3lowej Rhaenyry po tym, jak uratowa\u0142a jej \u017cycie w drugim odcinku. To ona ostrzeg\u0142a stra\u017cnik\u00f3w, \u017ce do zamku dosta\u0142 si\u0119 sir Arryk. Od kilku odcink\u00f3w kobiety stopniowo zbli\u017ca\u0142y si\u0119 do siebie, zw\u0142aszcza \u017ce pozostali doradcy kr\u00f3lowej nie spe\u0142niaj\u0105 si\u0119 w swojej roli. Mysaria zorganizowa\u0142a Rhaneyrze wycieczk\u0119 do Kr\u00f3lewskiej Przystani, a tak\u017ce przekona\u0142a j\u0105 o sile prostaczk\u00f3w. I rzeczywi\u015bcie spiskowanie kobiet przynios\u0142o efekty, gdy mieszka\u0144cy stolicy zacz\u0119li przek\u0142ada\u0107 swoje niezadowolenie na ksi\u0119cia Aemonda. Wys\u0142anie im jedzenia by\u0142o chwytem PR-owym, jaki z pewno\u015bci\u0105 zyska\u0142by uznanie Otto Hightowera&#8230;<\/p>\n<p>  <strong>Niespodziewanym zwrotem akcji okaza\u0142o si\u0119 jednak zbli\u017cenie si\u0119 kobiet i ich poca\u0142unek.<\/strong> Jak przyznaje Emma D&#8217;Arcy (Rhaenyra Targaryen) by\u0142a to improwizacja! W &#8222;Ogniu i krwi<em>&#8221; <\/em>romans mi\u0119dzy nimi si\u0119 nie pojawia, jednak wiadomo \u017ce Rhaenyra mia\u0142a intymn\u0105 relacj\u0119 z Laen\u0105 Velaryon (poprzedni\u0105 \u017con\u0105 Daemona).<\/p>\n<h3><strong>7. Nowy smoczy je\u017adziec<\/strong><\/h3>\n<p>  Po stracie Rhaenys, kr\u00f3lowa Rhaenyra zosta\u0142a w nieciekawej sytuacji. Bez swojego najwi\u0119kszego smoka jakakolwiek szansa na pokonanie Vhagar jest raczej nik\u0142a.\u00a0 Oczywistym rozwi\u0105zaniem okaza\u0142o si\u0119 znalezienie smoczych je\u017ad\u017ac\u00f3w po\u015br\u00f3d krewnych Targaryen\u00f3w. W ksi\u0105\u017cce wiele os\u00f3b traci \u017cycie, pr\u00f3buj\u0105c okie\u0142zna\u0107 smoka, lecz w ko\u0144cu triumfuje Addam z Hull, b\u0119kart Corlysa Velaryona. <strong>W serialu ten w\u0105tek zosta\u0142 lekko zmieniony, gdy\u017c to smok &#8211; Morski Dym &#8211; dokonuje wyboru!<\/strong> Prawdopodobnie Addam przypomina mu Leanora Velaryona, swojego ostatniego je\u017ad\u017aca.<\/p>\n<h3>8. <strong>Czy dziedzictwo Jacaerysa jest zagro\u017cone?<\/strong><\/h3>\n<p>  Po triumfie Addama Mysaria przekonuje Rhaenyr\u0119, \u017ce powinna szuka\u0107 smoczych je\u017ad\u017ac\u00f3w w\u015br\u00f3d swoich nisko urodzonych krewnych. <strong>Prostaczkowie ze stolicy przekonani o w\u0142asnym kr\u00f3lewskim pochodzeniu, odpowiadaj\u0105 na wezwanie i t\u0142umnie gromadz\u0105 si\u0119 na Smoczej Skale.<\/strong> Okie\u0142znanie smoka, cho\u0107 przera\u017caj\u0105ce, jest dla nich szans\u0105 na odmian\u0119 losu. Nie wzbudza to powszechnej aprobaty, a Jacaerys jest jedn\u0105 z os\u00f3b, kt\u00f3re konfrontuj\u0105 kr\u00f3low\u0105 osobi\u015bcie. Dla Jace\u2019a wi\u0105\u017ce si\u0119 to z problemem dziedzictwa. Jego pochodzenie by\u0142o ju\u017c publicznie kwestionowane, ale brak srebrzystych w\u0142os\u00f3w rekompensowa\u0142o mu zawsze posiadanie smoka\u2026 Co je\u017celi inni b\u0119karci Targaryen\u00f3w uznaj\u0105, \u017ce maj\u0105 takie same prawa do tronu? <strong>W &#8222;Ogniu i krwi<em>&#8222;<\/em> z kolei to w\u0142a\u015bnie najstarszy syn Rhaenyry jest inicjatorem szukania nowych smoczych je\u017ad\u017ac\u00f3w.<\/strong><\/p>\n<h3>9. Otto Hightower w wi\u0119zieniu<\/h3>\n<p>  Po tym, jak Aegon zwolni\u0142 swojego dziadka z obowi\u0105zk\u00f3w namiestnika, Otto Hightower mia\u0142 si\u0119 uda\u0107 do Starego Miasta. \u015alad jednak po nim zagin\u0105\u0142. W finale otrzymujemy jasn\u0105 odpowied\u017a na to, dlaczego nie pojawi\u0142y si\u0119 \u017cadne wiadomo\u015bci od Hightowera. <strong>Otto zosta\u0142 wrzucony do loch\u00f3w. Gdzie i przez kogo?<\/strong> Niestety serial nie podaje nam jeszcze odpowiedzi na to pytanie. W ksi\u0105\u017cce nie ma takiej sytuacji. W &#8222;Ogniu i krwi&#8221; Otto jest pomys\u0142odawc\u0105 sojuszu z Triarchi\u0105. Tego w\u0105tku tw\u00f3rcy serialu nie pomin\u0119li, poniewa\u017c sceny z Triarchii pojawi\u0142y si\u0119 w fina\u0142owym odcinku, jednak oczywi\u015bcie bez udzia\u0142u Hightowera i w troch\u0119 zmienionej formie. W ksi\u0105\u017cce sojusz zosta\u0142 zawarty drog\u0105 listown\u0105, bez konieczno\u015bci, by Tyland Lannister tapla\u0142 si\u0119 w b\u0142ocie.<\/p>\n<h3>10. Spotkanie Alicent i Rhaenyry&#8230; Znowu<\/h3>\n<p>  W fina\u0142owym odcinku drugiego sezonu Rhaenyra i Alicent ponownie rozmawiaj\u0105 twarz\u0105 w twarz. Tym razem to Alicent odwiedza by\u0142\u0105 przyjaci\u00f3\u0142k\u0119. Jak si\u0119 okazuje, dostanie si\u0119 na teren wroga nie jest takie trudne. Oczywi\u015bcie, ca\u0142a scena jest pomys\u0142em producent\u00f3w i nie mia\u0142a miejsca w ksi\u0105\u017cce. Najbardziej szokuj\u0105cy jest jednak temat rozmowy. <strong>Alicent oferuje poddanie si\u0119 Kr\u00f3lewskiej Przystani i zapowiada, \u017ce gdy Aemond opu\u015bci stolic\u0119, ona sama otworzy bramy i pozwoli Rhaenyrze zaj\u0105\u0107 tron.\u00a0<\/strong>Nie jest to jednak zadowalaj\u0105ca propozycja dla kr\u00f3lowej Czarnych, poniewa\u017c Rhaenyra \u017c\u0105da dodatkowo zemsty za \u015bmier\u0107 swojego syna. G\u0142owa Aegona za propozycj\u0119 pokoju? O dziwo Alicent si\u0119 zgadza! Kobieta musia\u0142a dozna\u0107 w poprzednim odcinku wielkiej przemiany duchowej podczas swojej wycieczki poza miasto, bo jeszcze nie tak dawno katowa\u0142a si\u0119 my\u015bl\u0105, \u017ce to jej s\u0142owa doprowadzi\u0142y do obra\u017ce\u0144, jakie dozna\u0142 w starciu o Rook&#8217;s Rest.<\/p>\n<p>  Jak jednak zareaguje Rhaenyra, gdy dowie si\u0119, \u017ce Aegon ukradkiem opu\u015bci\u0142 Kr\u00f3lewsk\u0105 Przysta\u0144?<\/p>\n<p>  <b>Fina\u0142 drugiego sezonu wywo\u0142a\u0142 mieszane opinie w\u015br\u00f3d fan\u00f3w. R\u00f3d smoka ma mie\u0107 \u0142\u0105cznie 4 sezony. Produkcja trzeciego rozpocznie si\u0119 prawdopodobnie pocz\u0105tkiem 2025 roku. Wcze\u015bniej jednak b\u0119dziemy mieli okazj\u0119 obejrze\u0107 kolejny serial z uniwersum Gry o tron &#8211; &#8222;A Knight of the Seven Kingdoms&#8221;.\u00a0<\/b><\/p>\n<p style=\"text-align: right;\"><i>Julia G\u00f3rniak<\/i><\/p>\n<hr \/>\n<p>  <b><img decoding=\"async\" loading=\"lazy\" class=\"alignleft wp-image-12536\" src=\"https:\/\/i0.wp.com\/woblink.com\/blog\/wp-content\/uploads\/IMG_7915.png?resize=167%2C241&#038;ssl=1\" alt=\"ksiaszka a serial rod smoka\" width=\"167\" height=\"241\" srcset=\"https:\/\/i0.wp.com\/woblink.com\/blog\/wp-content\/uploads\/IMG_7915.png?resize=208%2C300&amp;ssl=1 208w, https:\/\/i0.wp.com\/woblink.com\/blog\/wp-content\/uploads\/IMG_7915.png?resize=712%2C1024&amp;ssl=1 712w, https:\/\/i0.wp.com\/woblink.com\/blog\/wp-content\/uploads\/IMG_7915.png?resize=768%2C1105&amp;ssl=1 768w, https:\/\/i0.wp.com\/woblink.com\/blog\/wp-content\/uploads\/IMG_7915.png?resize=1067%2C1536&amp;ssl=1 1067w, https:\/\/i0.wp.com\/woblink.com\/blog\/wp-content\/uploads\/IMG_7915.png?resize=1423%2C2048&amp;ssl=1 1423w, https:\/\/i0.wp.com\/woblink.com\/blog\/wp-content\/uploads\/IMG_7915.png?w=1640&amp;ssl=1 1640w\" sizes=\"(max-width: 167px) 100vw, 167px\" data-recalc-dims=\"1\" \/>O autorce artyku\u0142u<\/b><\/p>\n<p>  Wielbicielka fantastyki, dziwnych plot twist\u00f3w i jeszcze dziwniejszych ksi\u0105\u017cek.<br \/>\n  Zawsze czyta kilka tytu\u0142\u00f3w na raz i nigdy &#8211; nigdy! &#8211; nie wychodzi z domu bez czytnika.<\/p>\n<p>  Rocznik 01. Studentka Polonistyki.<\/p>\n","protected":false},"excerpt":{"rendered":"<p>Te wakacje sp\u0119dzimy w Westeros! \u201eR\u00f3d smoka\u201d powraca z drugim sezonem, a to oznacza, \u017ce poznamy dalsze losy dynastii Targaryen\u00f3w. Oczywi\u015bcie, czytelnicy s\u0105 o krok do przodu, bo akurat t\u0119 histori\u0119 George R.R. Martin doko\u0144czy\u0142 przed emisj\u0105 serialu. \u201eOgie\u0144 i krew\u201d, dwutomowa opowie\u015b\u0107 o krwawych&#8230;<\/p>\n","protected":false},"author":19,"featured_media":12359,"comment_status":"closed","ping_status":"open","sticky":false,"template":"","format":"standard","meta":[],"categories":[77,84],"tags":[315,314],"yoast_head":"<!-- This site is optimized with the Yoast SEO plugin v20.11 - https:\/\/yoast.com\/wordpress\/plugins\/seo\/ -->\n<title>R\u00f3d Smoka ksi\u0105\u017cka a serial. Top 10 r\u00f3\u017cnic - Woblink<\/title>\n<meta name=\"description\" content=\"Poznaj r\u00f3\u017cnice mi\u0119dzy ksi\u0105\u017ck\u0105 George&#039;a R.R. Martina a pierwszym i drugim sezonem &quot;Rodu smoka&quot;. Odkryj, jak serial przedstawia Ta\u0144ce Smok\u00f3w!\" \/>\n<meta name=\"robots\" content=\"index, follow, max-snippet:-1, max-image-preview:large, max-video-preview:-1\" \/>\n<link rel=\"canonical\" href=\"https:\/\/woblink.com\/blog\/rod-smoka-ksiazka-a-serial-top-10-roznic\/\" \/>\n<meta property=\"og:locale\" content=\"pl_PL\" \/>\n<meta property=\"og:type\" content=\"article\" \/>\n<meta property=\"og:title\" content=\"R\u00f3d Smoka ksi\u0105\u017cka a serial. Top 10 r\u00f3\u017cnic - Woblink\" \/>\n<meta property=\"og:description\" content=\"Poznaj r\u00f3\u017cnice mi\u0119dzy ksi\u0105\u017ck\u0105 George&#039;a R.R. Martina a pierwszym i drugim sezonem &quot;Rodu smoka&quot;. Odkryj, jak serial przedstawia Ta\u0144ce Smok\u00f3w!\" \/>\n<meta property=\"og:url\" content=\"https:\/\/woblink.com\/blog\/rod-smoka-ksiazka-a-serial-top-10-roznic\/\" \/>\n<meta property=\"og:site_name\" content=\"Woblink\" \/>\n<meta property=\"article:publisher\" content=\"https:\/\/facebook.com\/woblink\" \/>\n<meta property=\"article:published_time\" content=\"2024-08-09T11:20:49+00:00\" \/>\n<meta property=\"article:modified_time\" content=\"2024-09-27T10:32:36+00:00\" \/>\n<meta property=\"og:image\" content=\"https:\/\/woblink.com\/blog\/wp-content\/uploads\/blog-5-1.jpg\" \/>\n\t<meta property=\"og:image:width\" content=\"1011\" \/>\n\t<meta property=\"og:image:height\" content=\"690\" \/>\n\t<meta property=\"og:image:type\" content=\"image\/jpeg\" \/>\n<meta name=\"author\" content=\"Julia\" \/>\n<meta name=\"twitter:card\" content=\"summary_large_image\" \/>\n<meta name=\"twitter:creator\" content=\"@woblink_com\" \/>\n<meta name=\"twitter:site\" content=\"@woblink_com\" \/>\n<meta name=\"twitter:label1\" content=\"Napisane przez\" \/>\n\t<meta name=\"twitter:data1\" content=\"Julia\" \/>\n\t<meta name=\"twitter:label2\" content=\"Szacowany czas czytania\" \/>\n\t<meta name=\"twitter:data2\" content=\"15 minut\" \/>\n<script type=\"application\/ld+json\" class=\"yoast-schema-graph\">{\"@context\":\"https:\/\/schema.org\",\"@graph\":[{\"@type\":\"Article\",\"@id\":\"https:\/\/woblink.com\/blog\/rod-smoka-ksiazka-a-serial-top-10-roznic\/#article\",\"isPartOf\":{\"@id\":\"https:\/\/woblink.com\/blog\/rod-smoka-ksiazka-a-serial-top-10-roznic\/\"},\"author\":{\"name\":\"Julia\",\"@id\":\"https:\/\/woblink.com\/blog\/#\/schema\/person\/92be97438f8b6e276e75dd978b2a939f\"},\"headline\":\"&#8222;R\u00f3d Smoka&#8221; ksi\u0105\u017cka a serial &#8211; Top 10 r\u00f3\u017cnic\",\"datePublished\":\"2024-08-09T11:20:49+00:00\",\"dateModified\":\"2024-09-27T10:32:36+00:00\",\"mainEntityOfPage\":{\"@id\":\"https:\/\/woblink.com\/blog\/rod-smoka-ksiazka-a-serial-top-10-roznic\/\"},\"wordCount\":2812,\"publisher\":{\"@id\":\"https:\/\/woblink.com\/blog\/#organization\"},\"keywords\":[\"gra o tron\",\"r\u00f3d smoka\"],\"articleSection\":[\"Fantastyka\",\"Filmy na podstawie ksi\u0105\u017cek\"],\"inLanguage\":\"pl-PL\"},{\"@type\":\"WebPage\",\"@id\":\"https:\/\/woblink.com\/blog\/rod-smoka-ksiazka-a-serial-top-10-roznic\/\",\"url\":\"https:\/\/woblink.com\/blog\/rod-smoka-ksiazka-a-serial-top-10-roznic\/\",\"name\":\"R\u00f3d Smoka ksi\u0105\u017cka a serial. Top 10 r\u00f3\u017cnic - Woblink\",\"isPartOf\":{\"@id\":\"https:\/\/woblink.com\/blog\/#website\"},\"datePublished\":\"2024-08-09T11:20:49+00:00\",\"dateModified\":\"2024-09-27T10:32:36+00:00\",\"description\":\"Poznaj r\u00f3\u017cnice mi\u0119dzy ksi\u0105\u017ck\u0105 George'a R.R. Martina a pierwszym i drugim sezonem \\\"Rodu smoka\\\". Odkryj, jak serial przedstawia Ta\u0144ce Smok\u00f3w!\",\"breadcrumb\":{\"@id\":\"https:\/\/woblink.com\/blog\/rod-smoka-ksiazka-a-serial-top-10-roznic\/#breadcrumb\"},\"inLanguage\":\"pl-PL\",\"potentialAction\":[{\"@type\":\"ReadAction\",\"target\":[\"https:\/\/woblink.com\/blog\/rod-smoka-ksiazka-a-serial-top-10-roznic\/\"]}]},{\"@type\":\"BreadcrumbList\",\"@id\":\"https:\/\/woblink.com\/blog\/rod-smoka-ksiazka-a-serial-top-10-roznic\/#breadcrumb\",\"itemListElement\":[{\"@type\":\"ListItem\",\"position\":1,\"name\":\"Strona g\u0142\u00f3wna\",\"item\":\"https:\/\/woblink.com\/blog\/\"},{\"@type\":\"ListItem\",\"position\":2,\"name\":\"&#8222;R\u00f3d Smoka&#8221; ksi\u0105\u017cka a serial &#8211; Top 10 r\u00f3\u017cnic\"}]},{\"@type\":\"WebSite\",\"@id\":\"https:\/\/woblink.com\/blog\/#website\",\"url\":\"https:\/\/woblink.com\/blog\/\",\"name\":\"Woblink\",\"description\":\"najlepszy firmowy blog o ksi\u0105\u017ckach\",\"publisher\":{\"@id\":\"https:\/\/woblink.com\/blog\/#organization\"},\"potentialAction\":[{\"@type\":\"SearchAction\",\"target\":{\"@type\":\"EntryPoint\",\"urlTemplate\":\"https:\/\/woblink.com\/blog\/?s={search_term_string}\"},\"query-input\":\"required name=search_term_string\"}],\"inLanguage\":\"pl-PL\"},{\"@type\":\"Organization\",\"@id\":\"https:\/\/woblink.com\/blog\/#organization\",\"name\":\"Woblink\",\"url\":\"https:\/\/woblink.com\/blog\/\",\"logo\":{\"@type\":\"ImageObject\",\"inLanguage\":\"pl-PL\",\"@id\":\"https:\/\/woblink.com\/blog\/#\/schema\/logo\/image\/\",\"url\":\"https:\/\/i0.wp.com\/woblink.com\/blog\/wp-content\/uploads\/2019\/04\/nw_logoB.png?fit=185%2C42&ssl=1\",\"contentUrl\":\"https:\/\/i0.wp.com\/woblink.com\/blog\/wp-content\/uploads\/2019\/04\/nw_logoB.png?fit=185%2C42&ssl=1\",\"width\":185,\"height\":42,\"caption\":\"Woblink\"},\"image\":{\"@id\":\"https:\/\/woblink.com\/blog\/#\/schema\/logo\/image\/\"},\"sameAs\":[\"https:\/\/facebook.com\/woblink\",\"https:\/\/twitter.com\/woblink_com\",\"https:\/\/www.instagram.com\/woblink_com\",\"https:\/\/www.linkedin.com\/company\/woblink\/\"]},{\"@type\":\"Person\",\"@id\":\"https:\/\/woblink.com\/blog\/#\/schema\/person\/92be97438f8b6e276e75dd978b2a939f\",\"name\":\"Julia\",\"image\":{\"@type\":\"ImageObject\",\"inLanguage\":\"pl-PL\",\"@id\":\"https:\/\/woblink.com\/blog\/#\/schema\/person\/image\/\",\"url\":\"https:\/\/secure.gravatar.com\/avatar\/19c21b7bfd287e7bc5a47d55b8b86a97?s=96&d=mm&r=g\",\"contentUrl\":\"https:\/\/secure.gravatar.com\/avatar\/19c21b7bfd287e7bc5a47d55b8b86a97?s=96&d=mm&r=g\",\"caption\":\"Julia\"},\"url\":\"https:\/\/woblink.com\/blog\/author\/julia\/\"}]}<\/script>\n<!-- \/ Yoast SEO plugin. -->","yoast_head_json":{"title":"R\u00f3d Smoka ksi\u0105\u017cka a serial. Top 10 r\u00f3\u017cnic - Woblink","description":"Poznaj r\u00f3\u017cnice mi\u0119dzy ksi\u0105\u017ck\u0105 George'a R.R. Martina a pierwszym i drugim sezonem \"Rodu smoka\". Odkryj, jak serial przedstawia Ta\u0144ce Smok\u00f3w!","robots":{"index":"index","follow":"follow","max-snippet":"max-snippet:-1","max-image-preview":"max-image-preview:large","max-video-preview":"max-video-preview:-1"},"canonical":"https:\/\/woblink.com\/blog\/rod-smoka-ksiazka-a-serial-top-10-roznic\/","og_locale":"pl_PL","og_type":"article","og_title":"R\u00f3d Smoka ksi\u0105\u017cka a serial. Top 10 r\u00f3\u017cnic - Woblink","og_description":"Poznaj r\u00f3\u017cnice mi\u0119dzy ksi\u0105\u017ck\u0105 George'a R.R. Martina a pierwszym i drugim sezonem \"Rodu smoka\". Odkryj, jak serial przedstawia Ta\u0144ce Smok\u00f3w!","og_url":"https:\/\/woblink.com\/blog\/rod-smoka-ksiazka-a-serial-top-10-roznic\/","og_site_name":"Woblink","article_publisher":"https:\/\/facebook.com\/woblink","article_published_time":"2024-08-09T11:20:49+00:00","article_modified_time":"2024-09-27T10:32:36+00:00","og_image":[{"width":1011,"height":690,"url":"https:\/\/woblink.com\/blog\/wp-content\/uploads\/blog-5-1.jpg","type":"image\/jpeg"}],"author":"Julia","twitter_card":"summary_large_image","twitter_creator":"@woblink_com","twitter_site":"@woblink_com","twitter_misc":{"Napisane przez":"Julia","Szacowany czas czytania":"15 minut"},"schema":{"@context":"https:\/\/schema.org","@graph":[{"@type":"Article","@id":"https:\/\/woblink.com\/blog\/rod-smoka-ksiazka-a-serial-top-10-roznic\/#article","isPartOf":{"@id":"https:\/\/woblink.com\/blog\/rod-smoka-ksiazka-a-serial-top-10-roznic\/"},"author":{"name":"Julia","@id":"https:\/\/woblink.com\/blog\/#\/schema\/person\/92be97438f8b6e276e75dd978b2a939f"},"headline":"&#8222;R\u00f3d Smoka&#8221; ksi\u0105\u017cka a serial &#8211; Top 10 r\u00f3\u017cnic","datePublished":"2024-08-09T11:20:49+00:00","dateModified":"2024-09-27T10:32:36+00:00","mainEntityOfPage":{"@id":"https:\/\/woblink.com\/blog\/rod-smoka-ksiazka-a-serial-top-10-roznic\/"},"wordCount":2812,"publisher":{"@id":"https:\/\/woblink.com\/blog\/#organization"},"keywords":["gra o tron","r\u00f3d smoka"],"articleSection":["Fantastyka","Filmy na podstawie ksi\u0105\u017cek"],"inLanguage":"pl-PL"},{"@type":"WebPage","@id":"https:\/\/woblink.com\/blog\/rod-smoka-ksiazka-a-serial-top-10-roznic\/","url":"https:\/\/woblink.com\/blog\/rod-smoka-ksiazka-a-serial-top-10-roznic\/","name":"R\u00f3d Smoka ksi\u0105\u017cka a serial. Top 10 r\u00f3\u017cnic - Woblink","isPartOf":{"@id":"https:\/\/woblink.com\/blog\/#website"},"datePublished":"2024-08-09T11:20:49+00:00","dateModified":"2024-09-27T10:32:36+00:00","description":"Poznaj r\u00f3\u017cnice mi\u0119dzy ksi\u0105\u017ck\u0105 George'a R.R. Martina a pierwszym i drugim sezonem \"Rodu smoka\". Odkryj, jak serial przedstawia Ta\u0144ce Smok\u00f3w!","breadcrumb":{"@id":"https:\/\/woblink.com\/blog\/rod-smoka-ksiazka-a-serial-top-10-roznic\/#breadcrumb"},"inLanguage":"pl-PL","potentialAction":[{"@type":"ReadAction","target":["https:\/\/woblink.com\/blog\/rod-smoka-ksiazka-a-serial-top-10-roznic\/"]}]},{"@type":"BreadcrumbList","@id":"https:\/\/woblink.com\/blog\/rod-smoka-ksiazka-a-serial-top-10-roznic\/#breadcrumb","itemListElement":[{"@type":"ListItem","position":1,"name":"Strona g\u0142\u00f3wna","item":"https:\/\/woblink.com\/blog\/"},{"@type":"ListItem","position":2,"name":"&#8222;R\u00f3d Smoka&#8221; ksi\u0105\u017cka a serial &#8211; Top 10 r\u00f3\u017cnic"}]},{"@type":"WebSite","@id":"https:\/\/woblink.com\/blog\/#website","url":"https:\/\/woblink.com\/blog\/","name":"Woblink","description":"najlepszy firmowy blog o ksi\u0105\u017ckach","publisher":{"@id":"https:\/\/woblink.com\/blog\/#organization"},"potentialAction":[{"@type":"SearchAction","target":{"@type":"EntryPoint","urlTemplate":"https:\/\/woblink.com\/blog\/?s={search_term_string}"},"query-input":"required name=search_term_string"}],"inLanguage":"pl-PL"},{"@type":"Organization","@id":"https:\/\/woblink.com\/blog\/#organization","name":"Woblink","url":"https:\/\/woblink.com\/blog\/","logo":{"@type":"ImageObject","inLanguage":"pl-PL","@id":"https:\/\/woblink.com\/blog\/#\/schema\/logo\/image\/","url":"https:\/\/i0.wp.com\/woblink.com\/blog\/wp-content\/uploads\/2019\/04\/nw_logoB.png?fit=185%2C42&ssl=1","contentUrl":"https:\/\/i0.wp.com\/woblink.com\/blog\/wp-content\/uploads\/2019\/04\/nw_logoB.png?fit=185%2C42&ssl=1","width":185,"height":42,"caption":"Woblink"},"image":{"@id":"https:\/\/woblink.com\/blog\/#\/schema\/logo\/image\/"},"sameAs":["https:\/\/facebook.com\/woblink","https:\/\/twitter.com\/woblink_com","https:\/\/www.instagram.com\/woblink_com","https:\/\/www.linkedin.com\/company\/woblink\/"]},{"@type":"Person","@id":"https:\/\/woblink.com\/blog\/#\/schema\/person\/92be97438f8b6e276e75dd978b2a939f","name":"Julia","image":{"@type":"ImageObject","inLanguage":"pl-PL","@id":"https:\/\/woblink.com\/blog\/#\/schema\/person\/image\/","url":"https:\/\/secure.gravatar.com\/avatar\/19c21b7bfd287e7bc5a47d55b8b86a97?s=96&d=mm&r=g","contentUrl":"https:\/\/secure.gravatar.com\/avatar\/19c21b7bfd287e7bc5a47d55b8b86a97?s=96&d=mm&r=g","caption":"Julia"},"url":"https:\/\/woblink.com\/blog\/author\/julia\/"}]}},"jetpack_featured_media_url":"https:\/\/i0.wp.com\/woblink.com\/blog\/wp-content\/uploads\/blog-5-1.jpg?fit=1011%2C690&ssl=1","_links":{"self":[{"href":"https:\/\/woblink.com\/blog\/wp-json\/wp\/v2\/posts\/12358"}],"collection":[{"href":"https:\/\/woblink.com\/blog\/wp-json\/wp\/v2\/posts"}],"about":[{"href":"https:\/\/woblink.com\/blog\/wp-json\/wp\/v2\/types\/post"}],"author":[{"embeddable":true,"href":"https:\/\/woblink.com\/blog\/wp-json\/wp\/v2\/users\/19"}],"replies":[{"embeddable":true,"href":"https:\/\/woblink.com\/blog\/wp-json\/wp\/v2\/comments?post=12358"}],"version-history":[{"count":23,"href":"https:\/\/woblink.com\/blog\/wp-json\/wp\/v2\/posts\/12358\/revisions"}],"predecessor-version":[{"id":12870,"href":"https:\/\/woblink.com\/blog\/wp-json\/wp\/v2\/posts\/12358\/revisions\/12870"}],"wp:featuredmedia":[{"embeddable":true,"href":"https:\/\/woblink.com\/blog\/wp-json\/wp\/v2\/media\/12359"}],"wp:attachment":[{"href":"https:\/\/woblink.com\/blog\/wp-json\/wp\/v2\/media?parent=12358"}],"wp:term":[{"taxonomy":"category","embeddable":true,"href":"https:\/\/woblink.com\/blog\/wp-json\/wp\/v2\/categories?post=12358"},{"taxonomy":"post_tag","embeddable":true,"href":"https:\/\/woblink.com\/blog\/wp-json\/wp\/v2\/tags?post=12358"}],"curies":[{"name":"wp","href":"https:\/\/api.w.org\/{rel}","templated":true}]}}