{"id":12702,"date":"2024-08-12T10:36:33","date_gmt":"2024-08-12T08:36:33","guid":{"rendered":"https:\/\/woblink.com\/blog\/?p=12702"},"modified":"2024-09-27T12:20:30","modified_gmt":"2024-09-27T10:20:30","slug":"krotka-historia-ebooka-czyli-ile-lat-ma-pierwsza-ksiazka-elektroniczna","status":"publish","type":"post","link":"https:\/\/woblink.com\/blog\/krotka-historia-ebooka-czyli-ile-lat-ma-pierwsza-ksiazka-elektroniczna\/","title":{"rendered":"Kr\u00f3tka historia ebooka, czyli ile lat ma pierwsza ksi\u0105\u017cka elektroniczna"},"content":{"rendered":"<p><strong>Ksi\u0105\u017cki elektroniczne ju\u017c na dobre zago\u015bci\u0142y w codzienno\u015bci ksi\u0105\u017ckoholik\u00f3w. Obecnie du\u017ca cz\u0119\u015b\u0107 z nas nie wyobra\u017ca sobie dnia bez ebooka. W ko\u0144cu lektur\u0105 w tym formacie mo\u017cna cieszy\u0107 si\u0119 zawsze i wsz\u0119dzie, wystarczy mie\u0107 pod r\u0119k\u0105 czytnik, b\u0105d\u017a telefon. Ale od czego wszystko si\u0119 zacz\u0119\u0142o? I co z ksi\u0105\u017ck\u0105 elektroniczn\u0105 ma wsp\u00f3lnego Stephen King?<\/strong><\/p>\n<p><!--more--><\/p>\n<h2>Historia powstawania ebooka<\/h2>\n<h3 dir=\"auto\" style=\"text-align: center;\"><strong>&#8212;&#8212;&#8211;1930&#8212;&#8212;-<\/strong><\/h3>\n<p dir=\"auto\" style=\"text-align: center;\">\u201eThe Readies\u201d Boba Browna: Pierwsza koncepcja<\/p>\n<p dir=\"auto\"><strong>Historia ebooka rozpoczyna si\u0119 ju\u017c w pierwszej po\u0142owie XX wieku<\/strong>. Bob Brown wydaje ksi\u0105\u017ck\u0119, w kt\u00f3rej <strong>przedstawia koncepcj\u0119 nadej\u015bcia ery maszyn<\/strong>. Napisa\u0142 o swoim pomy\u015ble na czytnik ebook\u00f3w, kt\u00f3ry umo\u017cliwi\u0142by ludziom czytanie ksi\u0105\u017cek na ekranie. Wpad\u0142 na ten pomys\u0142 po tym, jak obejrza\u0142 swoje pierwsze \u201etalkie\u201d, czyli film zawieraj\u0105cy d\u017awi\u0119k. Nazwa\u0142 ten pomys\u0142 na czytnik \u201ereadies\u201d, bawi\u0105c si\u0119 terminem \u201etalkie\u201d. Wed\u0142ug opisu owo urz\u0105dzenie mia\u0142o mi\u0119dzy innymi umo\u017cliwia\u0107 wyb\u00f3r rozmiaru czcionki, a tak\u017ce zmniejszenie zu\u017cycie papieru.<\/p>\n<h3 dir=\"auto\" style=\"text-align: center;\"><strong>&#8212;&#8212;-1949&#8212;&#8212;<\/strong><\/h3>\n<p dir=\"auto\" style=\"text-align: center;\">\u201eEnciclopedia Mec\u00e1nica\u201d: Wczesny prototyp czytnika<\/p>\n<p dir=\"auto\">W 1949 hiszpa\u0144ska nauczycielka <strong>\u00c1ngela Ruiz Robles<\/strong> stara\u0142a si\u0119 odnale\u017a\u0107 spos\u00f3b na to, by jej uczniowie nie musieli nosi\u0107 tak ci\u0119\u017ckich tornistr\u00f3w. Zaproponowa\u0142a <strong>prototyp mechanicznej encyklopedii \u2013\u201eEnciclopedia Mec\u00e1nica\u201d.<\/strong> By\u0142a to metalowa walizka, w kt\u00f3rej zawarte by\u0142y rolki z tekstem i ilustracjami, kt\u00f3re mia\u0142y przesuwa\u0107 si\u0119 za pomoc\u0105 spr\u0119\u017conego powietrza. \u00c1ngela Ruiz Robles dok\u0142adnie rozpisa\u0142a plany rozwoju czytnika. Urz\u0105dzenie mia\u0142o zawiera\u0107 dodatkowo nagrania audio, kalkulator, lampk\u0119 do czytania i szk\u0142o powi\u0119kszaj\u0105ce. Wynalazek cieszy\u0142 si\u0119 sporym zainteresowaniem, jednak nie trafi\u0142 nigdy do sprzeda\u017cy. Jeden z prototyp\u00f3w urz\u0105dzenia hiszpanki znajduje si\u0119 w Narodowym Muzeum Nauki i Technologii w A Coru\u00f1a w Hiszpanii.<\/p>\n<p dir=\"auto\">R\u00f3wnie\u017c w 1949 roku zapocz\u0105tkowano projekt <strong>Index Thomisticus<\/strong>, czyli elektroniczny indeks zebranych prac \u015awi\u0119tego Tomasza z Akwinu. Rozpocz\u0105\u0142 go w\u0142oski ksi\u0105dz Roberto Busa, kt\u00f3ry nale\u017ca\u0142 do zakonu jezuit\u00f3w.<\/p>\n<h3 dir=\"auto\" style=\"text-align: center;\"><strong>&#8212;&#8211;1960&#8212;&#8212;<\/strong><\/h3>\n<p dir=\"auto\" style=\"text-align: center;\">Lata 60.: Dalsze poszukiwania doskona\u0142ego ebooka<\/p>\n<p dir=\"auto\">W tych latach pojawi\u0142o si\u0119 kilka projekt\u00f3w, kt\u00f3re mo\u017cna uzna\u0107 za prekursorskie wzgl\u0119dem wsp\u00f3\u0142czesnych ebook\u00f3w. Warto wymieni\u0107 tutaj projekt NLS (oN-Line System) kierowany przez Douga Engelbarta ze Stanford Research Institute (SRI) oraz projekty Hypertext Editing System i FRESS (File Retrieval and Editing System) kierowane przez Andriesa van Dama z Brown University. Dokumenty FRESS dzia\u0142a\u0142y na systemach IBM. By\u0142y zdolne do dynamicznego formatowania dla r\u00f3\u017cnych u\u017cytkownik\u00f3w czy wy\u015bwietlaczy. Zawiera\u0142y r\u00f3wnie\u017c automatyczne spisy tre\u015bci.<\/p>\n<p dir=\"auto\">Projekt NLS by\u0142 pierwszym tego typu przedsi\u0119wzi\u0119ciem, w kt\u00f3rym wykorzystywano hipertekst, myszk\u0119, monitory skanowania rastrowego, programy do prezentacji, system okienek, a tak\u017ce szereg innych rozwi\u0105za\u0144 wykorzystywanych w przysz\u0142ych projektach komputerowych.<\/p>\n<p dir=\"auto\"><strong>Powszechnie uwa\u017ca si\u0119, \u017ce w latach 60. Van Dam uku\u0142 termin \u201eksi\u0105\u017cka elektroniczna\u201d.<\/strong><\/p>\n<h3 style=\"text-align: center;\" data-pm-slice=\"1 1 []\"><strong>&#8212;-1971&#8212;-<\/strong><\/h3>\n<p style=\"text-align: center;\">Michael Stern Hart i Projekt Gutenberg<\/p>\n<p>To w\u0142a\u015bnie <strong>Michael Stern Hart jest uznawany za wynalazc\u0119 ebooka. <\/strong>W ramach Projektu Gutenberg tworzy cyfrow\u0105 wersj\u0119 Deklaracji Niepodleg\u0142o\u015bci Stan\u00f3w Zjednoczonych. Dokument ten jest uznawany za pierwszy ebook, a tak\u017ce pierwsz\u0105 pozycj\u0119 wspomnianego projektu. Deklaracja zosta\u0142a\u00a0napisana zwyk\u0142ym tekstem, aby m\u00f3c j\u0105 pobiera\u0107 i przegl\u0105da\u0107 na innych urz\u0105dzeniach.<\/p>\n<p>Jest to rok prze\u0142omowy, gdy\u017c wtedy uda\u0142o si\u0119 stworzy\u0107 po raz pierwszy pe\u0142n\u0105 cyfrow\u0105 wersj\u0119 dokumentu, a tak\u017ce wys\u0142a\u0107 pierwszego e-maila. Warto podkre\u015bli\u0107, \u017ce Michael Stern Hart nie poprzesta\u0142 wy\u0142\u0105cznie na tek\u015bcie Deklaracji Niepodleg\u0142o\u015bci Stan\u00f3w Zjednoczonych.<\/p>\n<p>Projekt Gutenberg, za\u0142o\u017cony 1 grudnia 1971 roku, to najstarsza na \u015bwiecie internetowa biblioteka cyfrowa i inicjatywa polegaj\u0105ca na udost\u0119pnianiu w internecie elektronicznych wersji ksi\u0105\u017cek istniej\u0105cych w wersji papierowej, kt\u00f3rych prawa autorskie wygas\u0142y.<\/p>\n<h3 style=\"text-align: center;\" data-pm-slice=\"1 1 []\"><strong>&#8212;&#8212;1985&#8212;&#8211;<\/strong><\/h3>\n<p style=\"text-align: center;\">Voyager Company: Pora na rozszerzone wersje ksi\u0105\u017cek<\/p>\n<p>W tym roku zostaje za\u0142o\u017cona <strong>Voyager Company<\/strong>, czyli jedna z pierwszych firm produkuj\u0105cych CD-ROM-y. Okr\u0105g\u0142y no\u015bnik zaczyna zyskiwa\u0107 popularno\u015b\u0107, a firma za jego po\u015brednictwem zaczyna dystrybuowa\u0107 tre\u015bci multimedialne. Od tej pory <strong>niekt\u00f3re ksi\u0105\u017cki papierowe zaczynaj\u0105 mie\u0107 swoje rozszerzone wersje<\/strong>. W\u015br\u00f3d nich znajduj\u0105 si\u0119, np. \u201cJurassic Park\u201d Michaela Crichtona czy \u201cVirtual Light\u201d Williama Gibsona.<\/p>\n<p>Biblioteka Projektu Gutenberg liczy ponad 300 tytu\u0142\u00f3w.<\/p>\n<h3 style=\"text-align: center;\" data-pm-slice=\"1 1 []\"><strong>&#8212;-1993&#8212;&#8211;<\/strong><\/h3>\n<p style=\"text-align: center;\">Digital Book: ksi\u0105\u017cki na dyskietkach<\/p>\n<p>Firma <strong>Digital Book wprowadza do swojej oferty 50 cyfrowych ksi\u0105\u017cek na dyskietkach<\/strong>. Wszystkie przedstawiane s\u0105 w formacie DBF (Digital Book Format).<\/p>\n<h3 style=\"text-align: center;\" data-pm-slice=\"1 1 []\"><strong>&#8212;&#8212;2000&#8212;&#8212;<\/strong><\/h3>\n<p style=\"text-align: center;\">Pierwszy masowo sprzedawany ebook: \u201cRiding the Bullet\u201d Stephena Kinga<\/p>\n<p>Kr\u00f3l grozy \u2013 Stephen King \u2013 zaskakuje swoich czytelnik\u00f3w na pocz\u0105tku nowego milenium i publikuje swoj\u0105 kolejn\u0105 ksi\u0105\u017ck\u0119\u2026 tym razem w Internecie! Jego <strong>\u201cRiding the Bullet\u201d debiutuje jako pierwszy masowo sprzedawany ebook<\/strong>, a by j\u0105 pobra\u0107 wystarczy\u0142o zap\u0142aci\u0107 2,5 dolara. W ci\u0105gu pierwszego dnia ksi\u0105\u017cka zosta\u0142a pobrana 400 000 razy! Polski tytu\u0142 tej publikacji to \u201eJazda na kuli\u201d. Utw\u00f3r znalaz\u0142 si\u0119 w zbiorze opowiada\u0144 Kinga pt. \u201e<a href=\"https:\/\/woblink.com\/ebook\/wszystko-jest-wzgledne-14-mrocznych-opowiesci-stephen-king-23848u\">Wszystko jest wzgl\u0119dne. 14 mrocznych opowie\u015bci<\/a>\u201d i ukaza\u0142 si\u0119 w naszym kraju w 2002 roku.<\/p>\n<h3 style=\"text-align: center;\"><strong>&#8212;&#8212;2002&#8212;&#8212;<\/strong><\/h3>\n<p style=\"text-align: center;\">Sprzeda\u017c ksi\u0105\u017cek w wersji elektronicznej<\/p>\n<p><b>Random House<\/b> i <b>HarperCollins<\/b>, czyli dwa ogromne i znacz\u0105ce wydawnictwa zaczynaj\u0105 sprzedawa\u0107 swoje publikacje tak\u017ce w wersji elektronicznej.<\/p>\n<h3 style=\"text-align: center;\"><strong>&#8212;&#8212;2007&#8212;&#8212;<\/strong><\/h3>\n<p style=\"text-align: center;\">Pierwszy czytnik Kindle<\/p>\n<p><strong>Amazon<\/strong> wchodzi na rynek ameryka\u0144ski ze swoim pierwszym czytnikiem ebook\u00f3w sprzedawanym wy\u0142\u0105cznie w USA w cenie 399 dolar\u00f3w \u2013 <strong>Kindle 1<\/strong>. By\u0142 to czytnik z darmowym \u0142\u0105czem internetowym.<\/p>\n<p>W tym samym roku za\u0142o\u017cona zostaje mi\u0119dzynarodowa korporacja produkuj\u0105c\u0105 pod mark\u0105 <strong>PocketBook<\/strong> czytniki ksi\u0105\u017cek elektronicznych z ekranem wykonanym w technologii<strong> E Ink<\/strong>. Rozpoczynaj\u0105 si\u0119 prace nad pierwszych czytnikiem PocketBook.<\/p>\n<p>Apple rozpoczyna produkcj\u0119 iPhone\u2019\u00f3w.<\/p>\n<h3 style=\"text-align: center;\"><strong>&#8212;&#8212;2009&#8212;&#8212;<\/strong><\/h3>\n<p style=\"text-align: center;\">Kindle dost\u0119pny poza USA<\/p>\n<p>Amazon wprowadza do sprzeda\u017cy drug\u0105 wersj\u0119 czytnika <strong>Kindle. Tym razem jest ona dost\u0119pna tak\u017ce dla klient\u00f3w spoza Stan\u00f3w Zjednoczonych<\/strong>.<\/p>\n<p>W Polsce, we Wroc\u0142awiu, powstaje firma <strong>inkBOOK<\/strong>. Pocz\u0105tkowo zajmuje si\u0119 dystrybucj\u0105 czytnik\u00f3w ebook\u00f3w, by w kolejnych latach sta\u0107 si\u0119 pierwszym polskim producentem tego typu urz\u0105dze\u0144.<\/p>\n<h3 style=\"text-align: center;\"><strong>&#8212;&#8212;2010&#8212;&#8212;<\/strong><\/h3>\n<p style=\"text-align: center;\">Pocz\u0105tki Woblinka<\/p>\n<p><strong>Apple udost\u0119pnia na iPadach iBooksa.<\/strong><\/p>\n<p><strong>Woblink rozpoczyna sprzeda\u017c pierwszych ebook\u00f3w poprzez aplikacj\u0119 iOS<\/strong>. Wkr\u00f3tce potem, ebooki zacz\u0119\u0142y by\u0107 dost\u0119pne tak\u017ce w aplikacji Android oraz w wersji webowej sklepu.<\/p>\n<h3 style=\"text-align: center;\"><strong>&#8212;&#8212;2013&#8212;&#8211;<\/strong><\/h3>\n<p style=\"text-align: center;\">Podwaliny akcji Czytaj PL<\/p>\n<p><strong>Inicjatywa darmowej wirtualnej biblioteki ksi\u0105\u017cek zrodzi\u0142a si\u0119 w 2013 roku wraz z nadaniem Krakowowi tytu\u0142u Miasta Literatury UNESCO<\/strong>. W nast\u0119pnym roku akcja ruszy\u0142a ju\u017c pod nazw\u0105 Czytaj PL. Z ka\u017cdym kolejnym rokiem zyskiwa\u0142a coraz wi\u0119ksz\u0105 popularno\u015b\u0107 i obecnie stanowi jedn\u0105 z najwa\u017cniejszych inicjatyw promuj\u0105cych czytelnictwo zar\u00f3wno w Polsce, jak i na ca\u0142ym \u015bwiecie.<\/p>\n<h3 style=\"text-align: center;\"><strong>&#8212;&#8212;2016&#8212;&#8211;<\/strong><\/h3>\n<p style=\"text-align: center;\">Biblioteka Projektu Gutenberg wci\u0105\u017c rozwijana<\/p>\n<p>Biblioteka Projektu Gutenberg liczy <strong>ponad 50 tysi\u0119cy tytu\u0142\u00f3w<\/strong>. W\u015br\u00f3d nich s\u0105 r\u00f3wnie\u017c teksty w j\u0119zyku polskim.<\/p>\n","protected":false},"excerpt":{"rendered":"<p>Ksi\u0105\u017cki elektroniczne ju\u017c na dobre zago\u015bci\u0142y w codzienno\u015bci ksi\u0105\u017ckoholik\u00f3w. Obecnie du\u017ca cz\u0119\u015b\u0107 z nas nie wyobra\u017ca sobie dnia bez ebooka. W ko\u0144cu lektur\u0105 w tym formacie mo\u017cna cieszy\u0107 si\u0119 zawsze i wsz\u0119dzie, wystarczy mie\u0107 pod r\u0119k\u0105 czytnik, b\u0105d\u017a telefon. Ale od czego wszystko si\u0119 zacz\u0119\u0142o?&#8230;<\/p>\n","protected":false},"author":7,"featured_media":12731,"comment_status":"closed","ping_status":"open","sticky":false,"template":"","format":"standard","meta":[],"categories":[96],"tags":[],"yoast_head":"<!-- This site is optimized with the Yoast SEO plugin v20.11 - https:\/\/yoast.com\/wordpress\/plugins\/seo\/ -->\n<title>Kr\u00f3tka historia ebooka, czyli ile lat ma pierwsza ksi\u0105\u017cka elektroniczna - Woblink<\/title>\n<meta name=\"description\" content=\"Ksi\u0105\u017cki elektroniczne ju\u017c na dobre zago\u015bci\u0142y w codzienno\u015bci ksi\u0105\u017ckoholik\u00f3w.Ale od czego wszystko si\u0119 zacz\u0119\u0142o? Oto kr\u00f3tka historia ebooka.\" \/>\n<meta name=\"robots\" content=\"index, follow, max-snippet:-1, max-image-preview:large, max-video-preview:-1\" \/>\n<link rel=\"canonical\" href=\"https:\/\/woblink.com\/blog\/krotka-historia-ebooka-czyli-ile-lat-ma-pierwsza-ksiazka-elektroniczna\/\" \/>\n<meta property=\"og:locale\" content=\"pl_PL\" \/>\n<meta property=\"og:type\" content=\"article\" \/>\n<meta property=\"og:title\" content=\"Kr\u00f3tka historia ebooka, czyli ile lat ma pierwsza ksi\u0105\u017cka elektroniczna - Woblink\" \/>\n<meta property=\"og:description\" content=\"Ksi\u0105\u017cki elektroniczne ju\u017c na dobre zago\u015bci\u0142y w codzienno\u015bci ksi\u0105\u017ckoholik\u00f3w.Ale od czego wszystko si\u0119 zacz\u0119\u0142o? Oto kr\u00f3tka historia ebooka.\" \/>\n<meta property=\"og:url\" content=\"https:\/\/woblink.com\/blog\/krotka-historia-ebooka-czyli-ile-lat-ma-pierwsza-ksiazka-elektroniczna\/\" \/>\n<meta property=\"og:site_name\" content=\"Woblink\" \/>\n<meta property=\"article:publisher\" content=\"https:\/\/facebook.com\/woblink\" \/>\n<meta property=\"article:published_time\" content=\"2024-08-12T08:36:33+00:00\" \/>\n<meta property=\"article:modified_time\" content=\"2024-09-27T10:20:30+00:00\" \/>\n<meta property=\"og:image\" content=\"https:\/\/woblink.com\/blog\/wp-content\/uploads\/fdfdfdfdf.png\" \/>\n\t<meta property=\"og:image:width\" content=\"1011\" \/>\n\t<meta property=\"og:image:height\" content=\"690\" \/>\n\t<meta property=\"og:image:type\" content=\"image\/png\" \/>\n<meta name=\"author\" content=\"Redakcja Woblinka\" \/>\n<meta name=\"twitter:card\" content=\"summary_large_image\" \/>\n<meta name=\"twitter:creator\" content=\"@woblink_com\" \/>\n<meta name=\"twitter:site\" content=\"@woblink_com\" \/>\n<meta name=\"twitter:label1\" content=\"Napisane przez\" \/>\n\t<meta name=\"twitter:data1\" content=\"Redakcja Woblinka\" \/>\n\t<meta name=\"twitter:label2\" content=\"Szacowany czas czytania\" \/>\n\t<meta name=\"twitter:data2\" content=\"6 minut\" \/>\n<script type=\"application\/ld+json\" class=\"yoast-schema-graph\">{\"@context\":\"https:\/\/schema.org\",\"@graph\":[{\"@type\":\"Article\",\"@id\":\"https:\/\/woblink.com\/blog\/krotka-historia-ebooka-czyli-ile-lat-ma-pierwsza-ksiazka-elektroniczna\/#article\",\"isPartOf\":{\"@id\":\"https:\/\/woblink.com\/blog\/krotka-historia-ebooka-czyli-ile-lat-ma-pierwsza-ksiazka-elektroniczna\/\"},\"author\":{\"name\":\"Redakcja Woblinka\",\"@id\":\"https:\/\/woblink.com\/blog\/#\/schema\/person\/8ab6b79d64fa54209272130c4c3b1e95\"},\"headline\":\"Kr\u00f3tka historia ebooka, czyli ile lat ma pierwsza ksi\u0105\u017cka elektroniczna\",\"datePublished\":\"2024-08-12T08:36:33+00:00\",\"dateModified\":\"2024-09-27T10:20:30+00:00\",\"mainEntityOfPage\":{\"@id\":\"https:\/\/woblink.com\/blog\/krotka-historia-ebooka-czyli-ile-lat-ma-pierwsza-ksiazka-elektroniczna\/\"},\"wordCount\":1162,\"publisher\":{\"@id\":\"https:\/\/woblink.com\/blog\/#organization\"},\"articleSection\":[\"Ebooki\"],\"inLanguage\":\"pl-PL\"},{\"@type\":\"WebPage\",\"@id\":\"https:\/\/woblink.com\/blog\/krotka-historia-ebooka-czyli-ile-lat-ma-pierwsza-ksiazka-elektroniczna\/\",\"url\":\"https:\/\/woblink.com\/blog\/krotka-historia-ebooka-czyli-ile-lat-ma-pierwsza-ksiazka-elektroniczna\/\",\"name\":\"Kr\u00f3tka historia ebooka, czyli ile lat ma pierwsza ksi\u0105\u017cka elektroniczna - Woblink\",\"isPartOf\":{\"@id\":\"https:\/\/woblink.com\/blog\/#website\"},\"datePublished\":\"2024-08-12T08:36:33+00:00\",\"dateModified\":\"2024-09-27T10:20:30+00:00\",\"description\":\"Ksi\u0105\u017cki elektroniczne ju\u017c na dobre zago\u015bci\u0142y w codzienno\u015bci ksi\u0105\u017ckoholik\u00f3w.Ale od czego wszystko si\u0119 zacz\u0119\u0142o? Oto kr\u00f3tka historia ebooka.\",\"breadcrumb\":{\"@id\":\"https:\/\/woblink.com\/blog\/krotka-historia-ebooka-czyli-ile-lat-ma-pierwsza-ksiazka-elektroniczna\/#breadcrumb\"},\"inLanguage\":\"pl-PL\",\"potentialAction\":[{\"@type\":\"ReadAction\",\"target\":[\"https:\/\/woblink.com\/blog\/krotka-historia-ebooka-czyli-ile-lat-ma-pierwsza-ksiazka-elektroniczna\/\"]}]},{\"@type\":\"BreadcrumbList\",\"@id\":\"https:\/\/woblink.com\/blog\/krotka-historia-ebooka-czyli-ile-lat-ma-pierwsza-ksiazka-elektroniczna\/#breadcrumb\",\"itemListElement\":[{\"@type\":\"ListItem\",\"position\":1,\"name\":\"Strona g\u0142\u00f3wna\",\"item\":\"https:\/\/woblink.com\/blog\/\"},{\"@type\":\"ListItem\",\"position\":2,\"name\":\"Kr\u00f3tka historia ebooka, czyli ile lat ma pierwsza ksi\u0105\u017cka elektroniczna\"}]},{\"@type\":\"WebSite\",\"@id\":\"https:\/\/woblink.com\/blog\/#website\",\"url\":\"https:\/\/woblink.com\/blog\/\",\"name\":\"Woblink\",\"description\":\"najlepszy firmowy blog o ksi\u0105\u017ckach\",\"publisher\":{\"@id\":\"https:\/\/woblink.com\/blog\/#organization\"},\"potentialAction\":[{\"@type\":\"SearchAction\",\"target\":{\"@type\":\"EntryPoint\",\"urlTemplate\":\"https:\/\/woblink.com\/blog\/?s={search_term_string}\"},\"query-input\":\"required name=search_term_string\"}],\"inLanguage\":\"pl-PL\"},{\"@type\":\"Organization\",\"@id\":\"https:\/\/woblink.com\/blog\/#organization\",\"name\":\"Woblink\",\"url\":\"https:\/\/woblink.com\/blog\/\",\"logo\":{\"@type\":\"ImageObject\",\"inLanguage\":\"pl-PL\",\"@id\":\"https:\/\/woblink.com\/blog\/#\/schema\/logo\/image\/\",\"url\":\"https:\/\/i0.wp.com\/woblink.com\/blog\/wp-content\/uploads\/2019\/04\/nw_logoB.png?fit=185%2C42&ssl=1\",\"contentUrl\":\"https:\/\/i0.wp.com\/woblink.com\/blog\/wp-content\/uploads\/2019\/04\/nw_logoB.png?fit=185%2C42&ssl=1\",\"width\":185,\"height\":42,\"caption\":\"Woblink\"},\"image\":{\"@id\":\"https:\/\/woblink.com\/blog\/#\/schema\/logo\/image\/\"},\"sameAs\":[\"https:\/\/facebook.com\/woblink\",\"https:\/\/twitter.com\/woblink_com\",\"https:\/\/www.instagram.com\/woblink_com\",\"https:\/\/www.linkedin.com\/company\/woblink\/\"]},{\"@type\":\"Person\",\"@id\":\"https:\/\/woblink.com\/blog\/#\/schema\/person\/8ab6b79d64fa54209272130c4c3b1e95\",\"name\":\"Redakcja Woblinka\",\"image\":{\"@type\":\"ImageObject\",\"inLanguage\":\"pl-PL\",\"@id\":\"https:\/\/woblink.com\/blog\/#\/schema\/person\/image\/\",\"url\":\"https:\/\/secure.gravatar.com\/avatar\/f23ae80a7c9da060bee5f8310913478b?s=96&d=mm&r=g\",\"contentUrl\":\"https:\/\/secure.gravatar.com\/avatar\/f23ae80a7c9da060bee5f8310913478b?s=96&d=mm&r=g\",\"caption\":\"Redakcja Woblinka\"},\"url\":\"https:\/\/woblink.com\/blog\/author\/krasny\/\"}]}<\/script>\n<!-- \/ Yoast SEO plugin. -->","yoast_head_json":{"title":"Kr\u00f3tka historia ebooka, czyli ile lat ma pierwsza ksi\u0105\u017cka elektroniczna - Woblink","description":"Ksi\u0105\u017cki elektroniczne ju\u017c na dobre zago\u015bci\u0142y w codzienno\u015bci ksi\u0105\u017ckoholik\u00f3w.Ale od czego wszystko si\u0119 zacz\u0119\u0142o? Oto kr\u00f3tka historia ebooka.","robots":{"index":"index","follow":"follow","max-snippet":"max-snippet:-1","max-image-preview":"max-image-preview:large","max-video-preview":"max-video-preview:-1"},"canonical":"https:\/\/woblink.com\/blog\/krotka-historia-ebooka-czyli-ile-lat-ma-pierwsza-ksiazka-elektroniczna\/","og_locale":"pl_PL","og_type":"article","og_title":"Kr\u00f3tka historia ebooka, czyli ile lat ma pierwsza ksi\u0105\u017cka elektroniczna - Woblink","og_description":"Ksi\u0105\u017cki elektroniczne ju\u017c na dobre zago\u015bci\u0142y w codzienno\u015bci ksi\u0105\u017ckoholik\u00f3w.Ale od czego wszystko si\u0119 zacz\u0119\u0142o? Oto kr\u00f3tka historia ebooka.","og_url":"https:\/\/woblink.com\/blog\/krotka-historia-ebooka-czyli-ile-lat-ma-pierwsza-ksiazka-elektroniczna\/","og_site_name":"Woblink","article_publisher":"https:\/\/facebook.com\/woblink","article_published_time":"2024-08-12T08:36:33+00:00","article_modified_time":"2024-09-27T10:20:30+00:00","og_image":[{"width":1011,"height":690,"url":"https:\/\/woblink.com\/blog\/wp-content\/uploads\/fdfdfdfdf.png","type":"image\/png"}],"author":"Redakcja Woblinka","twitter_card":"summary_large_image","twitter_creator":"@woblink_com","twitter_site":"@woblink_com","twitter_misc":{"Napisane przez":"Redakcja Woblinka","Szacowany czas czytania":"6 minut"},"schema":{"@context":"https:\/\/schema.org","@graph":[{"@type":"Article","@id":"https:\/\/woblink.com\/blog\/krotka-historia-ebooka-czyli-ile-lat-ma-pierwsza-ksiazka-elektroniczna\/#article","isPartOf":{"@id":"https:\/\/woblink.com\/blog\/krotka-historia-ebooka-czyli-ile-lat-ma-pierwsza-ksiazka-elektroniczna\/"},"author":{"name":"Redakcja Woblinka","@id":"https:\/\/woblink.com\/blog\/#\/schema\/person\/8ab6b79d64fa54209272130c4c3b1e95"},"headline":"Kr\u00f3tka historia ebooka, czyli ile lat ma pierwsza ksi\u0105\u017cka elektroniczna","datePublished":"2024-08-12T08:36:33+00:00","dateModified":"2024-09-27T10:20:30+00:00","mainEntityOfPage":{"@id":"https:\/\/woblink.com\/blog\/krotka-historia-ebooka-czyli-ile-lat-ma-pierwsza-ksiazka-elektroniczna\/"},"wordCount":1162,"publisher":{"@id":"https:\/\/woblink.com\/blog\/#organization"},"articleSection":["Ebooki"],"inLanguage":"pl-PL"},{"@type":"WebPage","@id":"https:\/\/woblink.com\/blog\/krotka-historia-ebooka-czyli-ile-lat-ma-pierwsza-ksiazka-elektroniczna\/","url":"https:\/\/woblink.com\/blog\/krotka-historia-ebooka-czyli-ile-lat-ma-pierwsza-ksiazka-elektroniczna\/","name":"Kr\u00f3tka historia ebooka, czyli ile lat ma pierwsza ksi\u0105\u017cka elektroniczna - Woblink","isPartOf":{"@id":"https:\/\/woblink.com\/blog\/#website"},"datePublished":"2024-08-12T08:36:33+00:00","dateModified":"2024-09-27T10:20:30+00:00","description":"Ksi\u0105\u017cki elektroniczne ju\u017c na dobre zago\u015bci\u0142y w codzienno\u015bci ksi\u0105\u017ckoholik\u00f3w.Ale od czego wszystko si\u0119 zacz\u0119\u0142o? Oto kr\u00f3tka historia ebooka.","breadcrumb":{"@id":"https:\/\/woblink.com\/blog\/krotka-historia-ebooka-czyli-ile-lat-ma-pierwsza-ksiazka-elektroniczna\/#breadcrumb"},"inLanguage":"pl-PL","potentialAction":[{"@type":"ReadAction","target":["https:\/\/woblink.com\/blog\/krotka-historia-ebooka-czyli-ile-lat-ma-pierwsza-ksiazka-elektroniczna\/"]}]},{"@type":"BreadcrumbList","@id":"https:\/\/woblink.com\/blog\/krotka-historia-ebooka-czyli-ile-lat-ma-pierwsza-ksiazka-elektroniczna\/#breadcrumb","itemListElement":[{"@type":"ListItem","position":1,"name":"Strona g\u0142\u00f3wna","item":"https:\/\/woblink.com\/blog\/"},{"@type":"ListItem","position":2,"name":"Kr\u00f3tka historia ebooka, czyli ile lat ma pierwsza ksi\u0105\u017cka elektroniczna"}]},{"@type":"WebSite","@id":"https:\/\/woblink.com\/blog\/#website","url":"https:\/\/woblink.com\/blog\/","name":"Woblink","description":"najlepszy firmowy blog o ksi\u0105\u017ckach","publisher":{"@id":"https:\/\/woblink.com\/blog\/#organization"},"potentialAction":[{"@type":"SearchAction","target":{"@type":"EntryPoint","urlTemplate":"https:\/\/woblink.com\/blog\/?s={search_term_string}"},"query-input":"required name=search_term_string"}],"inLanguage":"pl-PL"},{"@type":"Organization","@id":"https:\/\/woblink.com\/blog\/#organization","name":"Woblink","url":"https:\/\/woblink.com\/blog\/","logo":{"@type":"ImageObject","inLanguage":"pl-PL","@id":"https:\/\/woblink.com\/blog\/#\/schema\/logo\/image\/","url":"https:\/\/i0.wp.com\/woblink.com\/blog\/wp-content\/uploads\/2019\/04\/nw_logoB.png?fit=185%2C42&ssl=1","contentUrl":"https:\/\/i0.wp.com\/woblink.com\/blog\/wp-content\/uploads\/2019\/04\/nw_logoB.png?fit=185%2C42&ssl=1","width":185,"height":42,"caption":"Woblink"},"image":{"@id":"https:\/\/woblink.com\/blog\/#\/schema\/logo\/image\/"},"sameAs":["https:\/\/facebook.com\/woblink","https:\/\/twitter.com\/woblink_com","https:\/\/www.instagram.com\/woblink_com","https:\/\/www.linkedin.com\/company\/woblink\/"]},{"@type":"Person","@id":"https:\/\/woblink.com\/blog\/#\/schema\/person\/8ab6b79d64fa54209272130c4c3b1e95","name":"Redakcja Woblinka","image":{"@type":"ImageObject","inLanguage":"pl-PL","@id":"https:\/\/woblink.com\/blog\/#\/schema\/person\/image\/","url":"https:\/\/secure.gravatar.com\/avatar\/f23ae80a7c9da060bee5f8310913478b?s=96&d=mm&r=g","contentUrl":"https:\/\/secure.gravatar.com\/avatar\/f23ae80a7c9da060bee5f8310913478b?s=96&d=mm&r=g","caption":"Redakcja Woblinka"},"url":"https:\/\/woblink.com\/blog\/author\/krasny\/"}]}},"jetpack_featured_media_url":"https:\/\/i0.wp.com\/woblink.com\/blog\/wp-content\/uploads\/fdfdfdfdf.png?fit=1011%2C690&ssl=1","_links":{"self":[{"href":"https:\/\/woblink.com\/blog\/wp-json\/wp\/v2\/posts\/12702"}],"collection":[{"href":"https:\/\/woblink.com\/blog\/wp-json\/wp\/v2\/posts"}],"about":[{"href":"https:\/\/woblink.com\/blog\/wp-json\/wp\/v2\/types\/post"}],"author":[{"embeddable":true,"href":"https:\/\/woblink.com\/blog\/wp-json\/wp\/v2\/users\/7"}],"replies":[{"embeddable":true,"href":"https:\/\/woblink.com\/blog\/wp-json\/wp\/v2\/comments?post=12702"}],"version-history":[{"count":11,"href":"https:\/\/woblink.com\/blog\/wp-json\/wp\/v2\/posts\/12702\/revisions"}],"predecessor-version":[{"id":12868,"href":"https:\/\/woblink.com\/blog\/wp-json\/wp\/v2\/posts\/12702\/revisions\/12868"}],"wp:featuredmedia":[{"embeddable":true,"href":"https:\/\/woblink.com\/blog\/wp-json\/wp\/v2\/media\/12731"}],"wp:attachment":[{"href":"https:\/\/woblink.com\/blog\/wp-json\/wp\/v2\/media?parent=12702"}],"wp:term":[{"taxonomy":"category","embeddable":true,"href":"https:\/\/woblink.com\/blog\/wp-json\/wp\/v2\/categories?post=12702"},{"taxonomy":"post_tag","embeddable":true,"href":"https:\/\/woblink.com\/blog\/wp-json\/wp\/v2\/tags?post=12702"}],"curies":[{"name":"wp","href":"https:\/\/api.w.org\/{rel}","templated":true}]}}