{"id":13142,"date":"2025-01-30T12:19:40","date_gmt":"2025-01-30T11:19:40","guid":{"rendered":"https:\/\/woblink.com\/blog\/?p=13142"},"modified":"2025-12-03T10:20:12","modified_gmt":"2025-12-03T09:20:12","slug":"oscary-2025-nominowane-filmy-i-ksiazki-bez-ktorych-by-nie-powstaly","status":"publish","type":"post","link":"https:\/\/woblink.com\/blog\/oscary-2025-nominowane-filmy-i-ksiazki-bez-ktorych-by-nie-powstaly\/","title":{"rendered":"Oscary 2025: Nominowane filmy i ksi\u0105\u017cki, bez kt\u00f3rych by nie powsta\u0142y"},"content":{"rendered":"<p><b>Po raz kolejny mo\u017cemy powita\u0107 w naszej przestrzeni Sylwi\u0119 Feliszek \u2013 bookstagramerk\u0119 oraz tw\u00f3rczyni\u0119 internetow\u0105, znan\u0105 z zami\u0142owania do film\u00f3w, ksi\u0105\u017cek i komiks\u00f3w. Sylwia od lat przygl\u0105da si\u0119 r\u00f3\u017cnym trendom, recenzuje interesuj\u0105ce pozycje, a co najwa\u017cniejsza, poleca te, obok kt\u00f3rych nie mo\u017cna przej\u015b\u0107 oboj\u0119tnie. Tym razem na tapet we\u017amie list\u0119 nominacji do 97. Oscar\u00f3w. Jeste\u015bcie ciekawi ksi\u0105\u017cek (i nie tylko), na podstawie kt\u00f3rych powsta\u0142y wyr\u00f3\u017cnione produkcje? Zapraszamy do lektury!<\/b><\/p>\n<p><!--more--><\/p>\n<h2><b>Oscary 2025<\/b><\/h2>\n<p><span style=\"font-weight: 400;\">W ko\u0144cu s\u0105! Po dw\u00f3ch zmianach terminu og\u0142oszenia spowodowanych po\u017carami w Los Angeles, mo\u017cemy cieszy\u0107 si\u0119 pe\u0142n\u0105 list\u0105 nominacji do 97. Oscar\u00f3w.<\/span><\/p>\n<p><span style=\"font-weight: 400;\">Niekt\u00f3re z nominowanych film\u00f3w nie powsta\u0142yby, gdyby nie osoby autorskie i ich ksi\u0105\u017cki, kt\u00f3re sta\u0142y si\u0119 inspiracj\u0105 dla tw\u00f3rc\u00f3w, producent\u00f3w, scenarzyst\u00f3w i re\u017cyser\u00f3w. Dzi\u015b przyjrzymy si\u0119 bli\u017cej nie tylko pozycjom, kt\u00f3re s\u0105 podstaw\u0105 film\u00f3w nominowanych w tym roku do Oscara za najlepszy scenariusz adaptowany, ale tak\u017ce innym, kt\u00f3re s\u0105 adaptacj\u0105, ale nie pojawi\u0142y si\u0119 w tej kategorii.<\/span><\/p>\n<h3><b>Filmy nominowane za NAJLEPSZY SCENARIUSZ ADAPTOWANY<\/b><\/h3>\n<h4><strong>\u201eKompletnie nieznany\u201d na podstawie \u201eDylan Goes Electric!: Newport, Seeger, Dylan, and the Night That Split the Sixties\u201d Elijaha Walda<\/strong><\/h4>\n<p><span style=\"font-weight: 400;\">Elijah Wald to jeden z najwybitniejszych krytyk\u00f3w \u015bwiata muzyki. W 2015 wyda\u0142 ksi\u0105\u017ck\u0119 o Bobie Dylanie, by upami\u0119tni\u0107 50. rocznic\u0119 wyst\u0105pienia artysty na Newport Folk Festival (25 lipca 1965 rok). Jej tytu\u0142 bezpo\u015brednio nawi\u0105zuje do wydarzenia, kt\u00f3re zrewolucjonizowa\u0142o muzyk\u0119 XX wieku i moment, w kt\u00f3rym Bob Dylan wyszed\u0142 na scen\u0119 w towarzystwie zespo\u0142u, graj\u0105cego muzyk\u0119 elektroniczn\u0105, i po raz pierwszy zaprezentowa\u0142 hit \u201eLike a Rolling Stone\u201d.<\/span><\/p>\n<p><span style=\"font-weight: 400;\">\u201eKompletnie nieznany\u201d koncentruje si\u0119 na tym definiuj\u0105cym i uciele\u015bniaj\u0105cym lata 60. prze\u0142omie, ukazuj\u0105c artystyczn\u0105 ewolucj\u0119 tw\u00f3rcy oraz wydarzenia z \u017cycia, kt\u00f3re mia\u0142y znacz\u0105cy wp\u0142yw na jego rozw\u00f3j w tym obszarze. Film czerpie wiele inspiracji z ksi\u0105\u017cki Walda, ale tw\u00f3rcy wprowadzili r\u00f3wnie\u017c elementy fikcyjne, rozwijaj\u0105ce obraz Boba Dylana i rzeczywisto\u015b\u0107, w kt\u00f3rej tworzy\u0142.<\/span><\/p>\n<p><span style=\"font-weight: 400;\">Zagadkowy tytu\u0142 (ang. \u201eA Complete Unknown\u201d) ma podw\u00f3jne znaczenie. Z jednej strony nawi\u0105zuje do s\u0142\u00f3w prze\u0142omowej piosenki \u201eLike a Rolling Stone\u201d: \u201eHow does it feel? To be on your own, with no direction home, <\/span><b>a complete unknown<\/b><span style=\"font-weight: 400;\">&#8230;\u201d odnosz\u0105cej si\u0119 do poczucia zagubienia, odizolowania, ale tak\u017ce wolno\u015bci. Jednocze\u015bnie podkre\u015bla zmienno\u015b\u0107 stylu Boba Dylana na wielu obszarach jego \u017cycia, przez co artysta wymyka si\u0119 jednoznacznym definicjom.<\/span><\/p>\n<p><span style=\"font-weight: 400;\">W roli g\u0142\u00f3wnej mo\u017cemy zobaczy\u0107 nominowanego do Oscara Timoth\u00e9e Chalamet (\u201eDiuna\u201d, \u201eTamte dni, tamte noce\u201d) oraz towarzysz\u0105cych mu Edwarda Northona (\u201ePodziemny kr\u0105g\u201d, \u201eBirdman\u201d) i Elle Fanning (\u201eWszystkie jasne miejsca\u201d, \u201eCzarownica\u201d).<\/span><\/p>\n<p><span style=\"font-weight: 400;\">Na ten moment ksi\u0105\u017cka nie jest dost\u0119pna w Polsce, ale w tym roku wypada 60. rocznica pami\u0119tnego wyst\u0119pu Boba Dylana na Newport Folk Festival, wi\u0119c by\u0107 mo\u017ce jakie\u015b wydawnictwo si\u0119 ni\u0105 zainteresuje.<\/span><\/p>\n<p><iframe loading=\"lazy\" title=\"A COMPLETE UNKNOWN | Official Trailer | Searchlight Pictures\" width=\"500\" height=\"281\" src=\"https:\/\/www.youtube.com\/embed\/FdV-Cs5o8mc?feature=oembed\" frameborder=\"0\" allow=\"accelerometer; autoplay; clipboard-write; encrypted-media; gyroscope; picture-in-picture; web-share\" referrerpolicy=\"strict-origin-when-cross-origin\" allowfullscreen><\/iframe><\/p>\n<p><span style=\"font-weight: 400;\"><strong>Dost\u0119pno\u015b\u0107:<\/strong> kino<\/span><\/p>\n<p><span style=\"font-weight: 400;\"><strong>Gatunek:<\/strong> biografia muzyczna, dramat<\/span><\/p>\n<h4><strong>\u201eKonklawe\u201d na podstawie powie\u015bci Roberta Harrisa<\/strong><\/h4>\n<figure id=\"attachment_13146\" aria-describedby=\"caption-attachment-13146\" style=\"width: 196px\" class=\"wp-caption aligncenter\"><img decoding=\"async\" loading=\"lazy\" class=\"size-medium wp-image-13146\" src=\"https:\/\/i0.wp.com\/woblink.com\/blog\/wp-content\/uploads\/671261607b42f.png?resize=196%2C300&#038;ssl=1\" alt=\"\" width=\"196\" height=\"300\" srcset=\"https:\/\/i0.wp.com\/woblink.com\/blog\/wp-content\/uploads\/671261607b42f.png?resize=196%2C300&amp;ssl=1 196w, https:\/\/i0.wp.com\/woblink.com\/blog\/wp-content\/uploads\/671261607b42f.png?w=560&amp;ssl=1 560w\" sizes=\"(max-width: 196px) 100vw, 196px\" data-recalc-dims=\"1\" \/><figcaption id=\"caption-attachment-13146\" class=\"wp-caption-text\"><center><strong>Kup <a href=\"https:\/\/woblink.com\/ebook\/konklawe-robert-harris-359021u\">ebooka Konklawe<\/a> na Woblink.com<\/strong><\/center><\/figcaption><\/figure>\n<p><span style=\"font-weight: 400;\">Robert Harris, znany g\u0142\u00f3wnie z powie\u015bci historycznych i thriller\u00f3w politycznych, jest jednym z najbardziej uznanych brytyjskich pisarzy, dziennikarzy i scenarzyst\u00f3w,. Dorobi\u0142 si\u0119 ju\u017c kilku ekranizacji swoich ksi\u0105\u017cek, jak cho\u0107by \u201eAutor widmo\u201d czy \u201eOficer i szpieg\u201d w re\u017cyserii Romana Pola\u0144skiego, kt\u00f3re zosta\u0142y wyr\u00f3\u017cnione nagrodami Biennale i Cezarami. Tym razem za adaptacj\u0119 jego powie\u015bci zabra\u0142 si\u0119 Edward Berger \u2013 znany m.in z produkcji \u201eNa Zachodzie bez zmian\u201d (nagrodzonej podczas 95. ceremonii wr\u0119czenia Oscar\u00f3w nagrod\u0105 w trzech kategoriach), w kt\u00f3rym \u015bwietnie odda\u0142 surowy klimat czas\u00f3w I wojny \u015bwiatowej.<\/span><\/p>\n<p><span style=\"font-weight: 400;\">\u201eKonklawe\u201d opowiada o zamieszaniu, jakie wprowadza nag\u0142a \u015bmier\u0107 znienawidzonego przez Kuri\u0119 papie\u017ca, w grono kardyna\u0142\u00f3w. Jednemu z nich, Lomeliemu (w filmie jako Lawrence), kt\u00f3ry niedawno przeszed\u0142 kryzys wiary, przypada przyw\u00f3dztwo w przeprowadzeniu konklawe. Podczas wybor\u00f3w na jaw wychodz\u0105 niepokoj\u0105ce tajemnice, a w\u015br\u00f3d zamkni\u0119tych w Kaplicy Syksty\u0144skiej elektor\u00f3w narasta coraz wi\u0119ksze napi\u0119cie.<\/span><\/p>\n<p><span style=\"font-weight: 400;\">W roli g\u0142\u00f3wnej mo\u017cemy zobaczy\u0107 nominowanego do Oscara Ralpha Fiennesa (\u201eHarry Potter i Czara Ognia\u201d, \u201eGrand Budapest Hotel\u201d).<\/span><\/p>\n<p><iframe loading=\"lazy\" title=\"KONKLAWE | Zwiastun PL | W kinach od 8 listopada\" width=\"500\" height=\"281\" src=\"https:\/\/www.youtube.com\/embed\/C6tXecYuDCM?feature=oembed\" frameborder=\"0\" allow=\"accelerometer; autoplay; clipboard-write; encrypted-media; gyroscope; picture-in-picture; web-share\" referrerpolicy=\"strict-origin-when-cross-origin\" allowfullscreen><\/iframe><\/p>\n<p><span style=\"font-weight: 400;\">Nominowany tak\u017ce w kategorii: Najlepszy film, Najlepszy aktor pierwszoplanowy (Ralph Fiennes), Najlepsza aktorka drugoplanowa (Isabella Rossellini), Najlepsza muzyka, Najlepsza scenografia, Najlepsze kostiumy, Najlepszy monta\u017c<\/span><\/p>\n<p><span style=\"font-weight: 400;\"><strong>Gatunek:<\/strong> thriller<\/span><\/p>\n<p><span style=\"font-weight: 400;\"><strong>Dost\u0119pno\u015b\u0107:<\/strong> kino<\/span><\/p>\n<h4><strong>\u201eEmilia P\u00e9rez\u201d inspirowana powie\u015bci\u0105 \u201e\u00c9coute\u201d Borisa Razona<\/strong><\/h4>\n<p><span style=\"font-weight: 400;\">\u201e\u00c9coute\u201d jest powie\u015bci\u0105 autobiograficzn\u0105 o do\u015bwiadczeniu \u015bmierci klinicznej i \u201epowrocie do \u017cycia\u201d, wydan\u0105 w 2011 roku. Opiera si\u0119 na prze\u017cyciach Borisa Razona, kt\u00f3ry w m\u0142odym wieku nagle zachorowa\u0142, do\u015bwiadczy\u0142 parali\u017cu i zapad\u0142 w \u015bpi\u0105czk\u0119. Nie brzmi jak fabu\u0142a filmu \u201eEmilia P\u00e9rez\u201d, prawda?<\/span><\/p>\n<p><span style=\"font-weight: 400;\">To dlatego, \u017ce re\u017cyser Jacques Audiard zainspirowa\u0142 si\u0119 jedynie jednym z pomniejszych w\u0105tk\u00f3w powie\u015bci. Przeczyta\u0142 on \u201e\u00c9coute\u201d sze\u015b\u0107 lat przed premier\u0105 filmu i zainteresowa\u0142 si\u0119 postaci\u0105 transp\u0142ciowej meksyka\u0144skiej handlarki narkotyk\u00f3w, kt\u00f3ra pojawia si\u0119 w po\u0142owie ksi\u0105\u017cki. Nie by\u0142a ona rozwini\u0119ta pod wzgl\u0119dem charakterologicznym, wi\u0119c Audiard sam postanowi\u0142 eksplorowa\u0107 jej histori\u0119, tworz\u0105c unikaln\u0105 fabu\u0142\u0119 r\u00f3\u017cni\u0105c\u0105 si\u0119 od materia\u0142u \u017ar\u00f3d\u0142owego.<\/span><\/p>\n<p><span style=\"font-weight: 400;\">W filmie mo\u017cemy zobaczy\u0107 nominowane do Oscara Karl\u0119 Sof\u00ed\u0119 Gasc\u00f3n i Zoe Salda\u00f1\u0119 (\u201eStra\u017cnicy Galaktyki\u201d, \u201eAvatar\u201d).<\/span><\/p>\n<p><span style=\"font-weight: 400;\">Najbardziej uznana przez tegoroczne nominacje \u201eEmilia P\u00e9rez\u201d zosta\u0142a zainspirowana przez ksi\u0105\u017ck\u0119, kt\u00f3ra niestety nie zosta\u0142a jeszcze wydana na polskim rynku.<\/span><\/p>\n<p><iframe loading=\"lazy\" title=\"Emilia P\u00e9rez (2024) oficjalny zwiastun PL, w kinach od 28 lutego\" width=\"500\" height=\"281\" src=\"https:\/\/www.youtube.com\/embed\/5sceawet5Xs?feature=oembed\" frameborder=\"0\" allow=\"accelerometer; autoplay; clipboard-write; encrypted-media; gyroscope; picture-in-picture; web-share\" referrerpolicy=\"strict-origin-when-cross-origin\" allowfullscreen><\/iframe><\/p>\n<p><span style=\"font-weight: 400;\">Nominowany tak\u017ce w kategorii: Najlepszy film, Najlepsza aktorka pierwszoplanowa (Karla Sof\u00eda Gasc\u00f3n), Najlepsza aktorka drugoplanowa (Zoe Salda\u00f1a), Najlepszy re\u017cyser, Najlepsza muzyka, Najlepsze zdj\u0119cia, Najlepszy monta\u017c, Najlepszy d\u017awi\u0119k, Najlepsza piosenka (<\/span><i><span style=\"font-weight: 400;\">El Mal<\/span><\/i><span style=\"font-weight: 400;\"> i <\/span><i><span style=\"font-weight: 400;\">Mi Camino<\/span><\/i><span style=\"font-weight: 400;\">), Najlepsza charakteryzacja i fryzury, Najlepszy film mi\u0119dzynarodowy<\/span><\/p>\n<p><span style=\"font-weight: 400;\"><strong>Gatunek:<\/strong> dramat, musical, thriller<\/span><\/p>\n<p><span style=\"font-weight: 400;\"><strong>Dost\u0119pno\u015b\u0107:<\/strong> kino (od 28 lutego)<\/span><\/p>\n<h4><strong>\u201eNickel Boys\u201d na podstawie \u201eMiedziak\u00f3w\u201d Colsona Whiteheada<\/strong><\/h4>\n<figure id=\"attachment_13147\" aria-describedby=\"caption-attachment-13147\" style=\"width: 196px\" class=\"wp-caption aligncenter\"><img decoding=\"async\" loading=\"lazy\" class=\"size-medium wp-image-13147\" src=\"https:\/\/i0.wp.com\/woblink.com\/blog\/wp-content\/uploads\/5e8134fbae1c8.png?resize=196%2C300&#038;ssl=1\" alt=\"\" width=\"196\" height=\"300\" srcset=\"https:\/\/i0.wp.com\/woblink.com\/blog\/wp-content\/uploads\/5e8134fbae1c8.png?resize=196%2C300&amp;ssl=1 196w, https:\/\/i0.wp.com\/woblink.com\/blog\/wp-content\/uploads\/5e8134fbae1c8.png?w=560&amp;ssl=1 560w\" sizes=\"(max-width: 196px) 100vw, 196px\" data-recalc-dims=\"1\" \/><figcaption id=\"caption-attachment-13147\" class=\"wp-caption-text\"><center><strong>Kup <a href=\"https:\/\/woblink.com\/ebook\/miedziaki-colson-whitehead-170561u\">ebooka Miedziaki<\/a> na Woblink.com<\/strong><\/center><\/figcaption><\/figure>\n<p><span style=\"font-weight: 400;\">Colson Whitehead jest ameryka\u0144skim pisarzem, uznawanym za jednego z najwa\u017cniejszych wsp\u00f3\u0142czesnych autor\u00f3w, \u0142\u0105cz\u0105cym w swojej tw\u00f3rczo\u015bci literatur\u0119 pi\u0119kn\u0105 oraz komentarz spo\u0142eczny i kontekst historyczny. Nie boi si\u0119 robi\u0107 wnikliwych analiz podsumowuj\u0105cych kondycj\u0119 ludzko\u015bci w kontek\u015bcie przesz\u0142o\u015bci i wsp\u00f3\u0142czesno\u015bci oraz porusza\u0107 problematyk\u0119 rasizmu w Stanach Zjednoczonych. Za swoje \u201eMiedziaki\u201d, b\u0119d\u0105ce materia\u0142em \u017ar\u00f3d\u0142owym do filmu \u201eNickel Boys\u201d, zdoby\u0142 drug\u0105 w swojej karierze nagrod\u0119 Pulitzera.<\/span><\/p>\n<p><span style=\"font-weight: 400;\">Ksi\u0105\u017cka zosta\u0142a zainspirowana prawdziwymi wydarzeniami i tak, jak ekranizacja opowiada histori\u0119 dw\u00f3ch wychowank\u00f3w florydzkiego zak\u0142adu poprawczego. Czarnosk\u00f3rych ch\u0142opak\u00f3w, Elwooda i Turnera, \u0142\u0105czy wielka przyja\u017a\u0144, kt\u00f3ra pozwala im przetrwa\u0107 najci\u0119\u017csze chwile w plac\u00f3wce, gdy jej mroczne tajemnice zaczynaj\u0105 wychodzi\u0107 na jaw.<\/span><\/p>\n<p><span style=\"font-weight: 400;\">W rolach g\u0142\u00f3wnych mo\u017cemy zobaczy\u0107 Ethana Herisse\u2019a (\u201eJak nas widz\u0105\u201d) i Brandona Wilsona (\u201eDroga powrotna\u201d).<\/span><\/p>\n<p><iframe loading=\"lazy\" title=\"Nickel Boys | Official Trailer 2\" width=\"500\" height=\"281\" src=\"https:\/\/www.youtube.com\/embed\/8HZKgYknVN0?feature=oembed\" frameborder=\"0\" allow=\"accelerometer; autoplay; clipboard-write; encrypted-media; gyroscope; picture-in-picture; web-share\" referrerpolicy=\"strict-origin-when-cross-origin\" allowfullscreen><\/iframe><\/p>\n<p><span style=\"font-weight: 400;\">Nominowany tak\u017ce w kategorii: Najlepszy film<\/span><\/p>\n<p><span style=\"font-weight: 400;\"><strong>Gatunek:<\/strong> dramat<\/span><\/p>\n<p><span style=\"font-weight: 400;\"><strong>Dost\u0119pno\u015b\u0107:<\/strong> niedost\u0119pny w Polsce z legalnych \u017ar\u00f3de\u0142<\/span><\/p>\n<h4><strong>\u201eSing Sing\u201d na podstawie historii Clarence\u2019a \u201eDivine Eye\u201d Maclina i Johna \u201eDivine G\u201d Whitfielda<\/strong><\/h4>\n<p><span style=\"font-weight: 400;\">Nie wszystkie filmy z nominacj\u0105 do Oscara za najlepszy scenariusz adaptowany s\u0105 stworzone na podstawie powie\u015bci. Niekt\u00f3re pisze samo \u017cycie, a cz\u0142owiek tylko je uporz\u0105dkowuje i nieco koloryzuje ca\u0142o\u015b\u0107. Tak w\u0142a\u015bnie by\u0142o w przypadku \u201eSing Sing\u201d.<\/span><\/p>\n<p><span style=\"font-weight: 400;\">Scenariusz powsta\u0142 na podstawie historii Clarence\u2019a Maclina i Johna \u201eDivine\u2019a G\u201d Whitfielda, graj\u0105cego r\u00f3wnie\u017c g\u0142\u00f3wn\u0105 rol\u0119. Zostali oni zainspirowani programem \u201eRehabilitation Through the Arts\u201d (ang. \u201eResocjalizacja poprzez sztuk\u0119\u201d), w ramach kt\u00f3rego osadzeni w wi\u0119zieniu o zaostrzonym rygorze Sing Sing, mogli uczestniczy\u0107 w zaj\u0119ciach teatralnych.<\/span><\/p>\n<p><span style=\"font-weight: 400;\">Tak\u017ce w samej produkcji pojawili si\u0119 zar\u00f3wno profesjonalni aktorzy, jak i byli wi\u0119\u017aniowie, kt\u00f3rzy podczas odbywania kary brali udzia\u0142 w programie.<\/span><\/p>\n<p><iframe loading=\"lazy\" title=\"Sing Sing | Official Trailer HD | A24\" width=\"500\" height=\"281\" src=\"https:\/\/www.youtube.com\/embed\/j3dXc6P3zH8?feature=oembed\" frameborder=\"0\" allow=\"accelerometer; autoplay; clipboard-write; encrypted-media; gyroscope; picture-in-picture; web-share\" referrerpolicy=\"strict-origin-when-cross-origin\" allowfullscreen><\/iframe><\/p>\n<p><span style=\"font-weight: 400;\">Nominowany tak\u017ce w kategorii: Najlepszy aktor pierwszoplanowy (Colman Domingo), Najlepsza piosenka <\/span><i><span style=\"font-weight: 400;\">(Like a Bird<\/span><\/i><span style=\"font-weight: 400;\">)<\/span><\/p>\n<p><span style=\"font-weight: 400;\"><strong>Gatunek:<\/strong> dramat<\/span><\/p>\n<p><span style=\"font-weight: 400;\"><strong>Dost\u0119pno\u015b\u0107:<\/strong> niedost\u0119pny w Polsce z legalnych \u017ar\u00f3de\u0142<\/span><\/p>\n<h3><b>Filmy nominowane w INNYCH KATEGORIACH<\/b><\/h3>\n<h4><strong>\u201eWicked\u201d na podstawie \u201eWicked: \u017bycie i czasy Z\u0142ej Czarownicy z Zachodu\u201d Gregory\u2019ego Maguire\u2019a<\/strong><\/h4>\n<figure id=\"attachment_13148\" aria-describedby=\"caption-attachment-13148\" style=\"width: 196px\" class=\"wp-caption aligncenter\"><img decoding=\"async\" loading=\"lazy\" class=\"size-medium wp-image-13148\" src=\"https:\/\/i0.wp.com\/woblink.com\/blog\/wp-content\/uploads\/674e77fe794f3.png?resize=196%2C300&#038;ssl=1\" alt=\"\" width=\"196\" height=\"300\" srcset=\"https:\/\/i0.wp.com\/woblink.com\/blog\/wp-content\/uploads\/674e77fe794f3.png?resize=196%2C300&amp;ssl=1 196w, https:\/\/i0.wp.com\/woblink.com\/blog\/wp-content\/uploads\/674e77fe794f3.png?w=560&amp;ssl=1 560w\" sizes=\"(max-width: 196px) 100vw, 196px\" data-recalc-dims=\"1\" \/><figcaption id=\"caption-attachment-13148\" class=\"wp-caption-text\"><center><strong>Kup <a href=\"https:\/\/woblink.com\/ebook\/wicked-zycie-i-czasy-zlej-czarownicy-z-zachodu-gregory-maguire-361207u\">ebooka Wicked. \u017bycie i czasy Z\u0142ej Czarownicy z Zachodu<\/a> na Woblink.com<\/strong><\/center><\/figcaption><\/figure>\n<p><span style=\"font-weight: 400;\">Prawd\u0105 jest, \u017ce film \u201eWicked\u201d powsta\u0142 bezpo\u015brednio na podstawie brodwayowskiego musicalu \u201eWicked: The Untold Story of the Witches of Oz\u201d, debiutuj\u0105cego w 2003 roku. Jednak do teatru zawita\u0142 on w\u0142a\u015bnie dzi\u0119ki powie\u015bci \u201eWicked: \u017bycie i czasy Z\u0142ej Czarownicy z Zachodu\u201d Gregory\u2019ego Maguire\u2019a z 1995 roku. Ksi\u0105\u017cka nadawa\u0142a zupe\u0142nie nowego kontekstu klasycznemu <\/span><a href=\"https:\/\/woblink.com\/ebook\/czarnoksieznik-z-krainy-oz-l-frank-baum-313832u\"><span style=\"font-weight: 400;\">\u201eCzarnoksi\u0119\u017cnikowi z Krainy Oz\u201d L. Franka Bauma<\/span><\/a><span style=\"font-weight: 400;\">, kt\u00f3ry jest uznawany za fundament ameryka\u0144skiej i \u015bwiatowej literatury fantasy.<\/span><\/p>\n<p><span style=\"font-weight: 400;\">Niezale\u017cnie od formy, zar\u00f3wno ksi\u0105\u017cka, musical teatralny, jak i filmowy, opowiadaj\u0105 t\u0119 sam\u0105 histori\u0119, ukazuj\u0105c\u0105 Elphab\u0119 (Z\u0142\u0105 Czarownic\u0119 z Zachodu) i Glind\u0119 (Dobr\u0105 Czarownic\u0119 z P\u00f3\u0142nocy) w innym kontek\u015bcie \u2013 jeszcze zanim w Krainie Oz pojawi\u0142a si\u0119 Dorotka.<\/span><\/p>\n<p><span style=\"font-weight: 400;\">W g\u0142\u00f3wnych rolach mo\u017cemy zobaczy\u0107 nominowane do Oscara za te role Cynthi\u0119 Erivo (\u201eLuther: Zmrok\u201d, \u201eOutsider\u201d) oraz Arian\u0119 Grande (\u201eNie patrz w g\u00f3r\u0119\u201d).<\/span><\/p>\n<p><iframe loading=\"lazy\" title=\"Wicked - Official Trailer 2\" width=\"500\" height=\"281\" src=\"https:\/\/www.youtube.com\/embed\/pqi45Qhq3CI?feature=oembed\" frameborder=\"0\" allow=\"accelerometer; autoplay; clipboard-write; encrypted-media; gyroscope; picture-in-picture; web-share\" referrerpolicy=\"strict-origin-when-cross-origin\" allowfullscreen><\/iframe><\/p>\n<p><span style=\"font-weight: 400;\">Nominowany w kategorii: Najlepszy film, Najlepsza aktorka pierwszoplanowa (Cynthia Erivo), Najlepsza aktorka drugoplanowa (Ariana Grande), Najlepsza muzyka, Najlepsza scenografia, Najlepsze kostiumy, Najlepszy monta\u017c, Najlepszy d\u017awi\u0119k, Najlepsze efekty specjalne, Najlepsza charakteryzacja i fryzury<\/span><\/p>\n<p><span style=\"font-weight: 400;\"><strong>Gatunek:<\/strong> fantasy, musical, przygodowy<\/span><\/p>\n<p><span style=\"font-weight: 400;\"><strong>Dost\u0119pno\u015b\u0107:<\/strong> kino<\/span><\/p>\n<h4><strong>\u201eDiuna: Cz\u0119\u015b\u0107 druga\u201d na podstawie powie\u015bci Franka Herberta<\/strong><\/h4>\n<figure id=\"attachment_13149\" aria-describedby=\"caption-attachment-13149\" style=\"width: 196px\" class=\"wp-caption aligncenter\"><img decoding=\"async\" loading=\"lazy\" class=\"size-medium wp-image-13149\" src=\"https:\/\/i0.wp.com\/woblink.com\/blog\/wp-content\/uploads\/673814fa62425.png?resize=196%2C300&#038;ssl=1\" alt=\"\" width=\"196\" height=\"300\" srcset=\"https:\/\/i0.wp.com\/woblink.com\/blog\/wp-content\/uploads\/673814fa62425.png?resize=196%2C300&amp;ssl=1 196w, https:\/\/i0.wp.com\/woblink.com\/blog\/wp-content\/uploads\/673814fa62425.png?w=560&amp;ssl=1 560w\" sizes=\"(max-width: 196px) 100vw, 196px\" data-recalc-dims=\"1\" \/><figcaption id=\"caption-attachment-13149\" class=\"wp-caption-text\"><center><strong>Kup <a href=\"https:\/\/woblink.com\/ebook\/diuna-frank-herbert-189096u\">ebooka Diuna<\/a> na Woblink.com<\/strong><\/center><\/figcaption><\/figure>\n<p><span style=\"font-weight: 400;\">Klasyka polskiej i \u015bwiatowej literatury science fiction. Epicka, zapieraj\u0105ca dech w piersiach i stanowi\u0105ca kamie\u0144 milowy w swoim gatunku powie\u015b\u0107 \u201eDiuna\u201d Franka Herberta zyska\u0142a uznanie poza granicami Polski ju\u017c dawno temu, zdobywaj\u0105c m.in. nagrod\u0119 Hugo oraz Nebula. W 2021 roku w ko\u0144cu doczeka\u0142a si\u0119 godnej i r\u00f3wnie rozbudowanej, co sama powie\u015b\u0107, ekranizacji.<\/span><\/p>\n<p><span style=\"font-weight: 400;\">\u201eDiuna: Cz\u0119\u015b\u0107 druga\u201d skupia si\u0119 na drugiej po\u0142owie pierwszej ksi\u0105\u017cki z serii i jest bezpo\u015bredni\u0105 kontynuacj\u0105 pierwszej cz\u0119\u015bci filmu. Re\u017cyser Denis Villeneuve zapewnia, \u017ce druga cz\u0119\u015b\u0107 jest jeszcze bardziej intensywna ni\u017c pierwsza, dzi\u0119ki wype\u0142nieniu jej wi\u0119ksz\u0105 liczb\u0105 bitew i akcji.<\/span><\/p>\n<p><span style=\"font-weight: 400;\">W rolach g\u0142\u00f3wnych ponownie mo\u017cemy zobaczy\u0107 Timoth\u00e9e Chalamet (\u201eTamte dni, tamte noce\u201d, \u201eWonka\u201d) i Zenday\u0119 (\u201eEuforia\u201d, \u201eKr\u00f3l rozrywki\u201d), do kt\u00f3rych do\u0142\u0105czaj\u0105 m.in. Florence Pugh (\u201eMa\u0142e kobietki\u201d, \u201eOppenheimer\u201d) i Austin Butler (\u201eElvis\u201d, \u201ePewnego razu\u2026 w Hollywood\u201d).<\/span><\/p>\n<p><iframe loading=\"lazy\" title=\"Diuna: Cz\u0119\u015b\u0107 druga - Oficjalny zwiastun #2 PL\" width=\"500\" height=\"281\" src=\"https:\/\/www.youtube.com\/embed\/ANgIWiAxq_U?feature=oembed\" frameborder=\"0\" allow=\"accelerometer; autoplay; clipboard-write; encrypted-media; gyroscope; picture-in-picture; web-share\" referrerpolicy=\"strict-origin-when-cross-origin\" allowfullscreen><\/iframe><\/p>\n<p><span style=\"font-weight: 400;\">Nominowany w kategorii: Najlepszy film, Najlepsze zdj\u0119cia, Najlepsza scenografia, Najlepszy d\u017awi\u0119k, Najlepsze efekty specjalne<\/span><\/p>\n<p><span style=\"font-weight: 400;\"><strong>Gatunek:<\/strong> sci-fi<\/span><\/p>\n<p><span style=\"font-weight: 400;\"><strong>Dost\u0119pno\u015b\u0107:<\/strong> Max<\/span><\/p>\n<h4><strong>\u201eNosferatu\u201d na podstawie \u201eDrakuli\u201d Brama Stokera<\/strong><\/h4>\n<figure id=\"attachment_13150\" aria-describedby=\"caption-attachment-13150\" style=\"width: 196px\" class=\"wp-caption aligncenter\"><img decoding=\"async\" loading=\"lazy\" class=\"size-medium wp-image-13150\" src=\"https:\/\/i0.wp.com\/woblink.com\/blog\/wp-content\/uploads\/67726434e9857.png?resize=196%2C300&#038;ssl=1\" alt=\"\" width=\"196\" height=\"300\" srcset=\"https:\/\/i0.wp.com\/woblink.com\/blog\/wp-content\/uploads\/67726434e9857.png?resize=196%2C300&amp;ssl=1 196w, https:\/\/i0.wp.com\/woblink.com\/blog\/wp-content\/uploads\/67726434e9857.png?w=560&amp;ssl=1 560w\" sizes=\"(max-width: 196px) 100vw, 196px\" data-recalc-dims=\"1\" \/><figcaption id=\"caption-attachment-13150\" class=\"wp-caption-text\"><center><strong>Kup <a href=\"https:\/\/woblink.com\/ebook\/drakula-bram-stoker-276913u\">ebooka Drakula<\/a> na Woblink.com<\/strong><\/center><\/figcaption><\/figure>\n<p><span style=\"font-weight: 400;\">W 1897 roku, dzi\u0119ki Bramowi Stokerowi, ludzko\u015b\u0107 zyska\u0142a nowe monstrum, kt\u00f3rego mog\u0142a si\u0119 ba\u0107 po zapadni\u0119ciu zmroku. Tworz\u0105c \u201eDrakul\u0119\u201d, irlandzki pisarz inspirowa\u0142 si\u0119 reputacj\u0105 Vlada Palownika oraz klasycznym gotykiem i literatur\u0105 z tego gatunku \u2013 w szczeg\u00f3lno\u015bci <\/span><a href=\"https:\/\/woblink.com\/ebook\/frankenstein-mary-shelley-277029u\"><span style=\"font-weight: 400;\">\u201eFrankensteinem\u201d Mary Shelley<\/span><\/a><span style=\"font-weight: 400;\"> oraz <\/span><a href=\"https:\/\/woblink.com\/ebook\/carmilla-joseph-sheridan-le-fanu-341386u\"><span style=\"font-weight: 400;\">\u201eCarmill\u0105\u201d Sheridana Le Fanu<\/span><\/a><span style=\"font-weight: 400;\">.<\/span><\/p>\n<p><span style=\"font-weight: 400;\">Mimo swojej oryginalno\u015bci i rozsiewaniu grozy, dzie\u0142o Stokera zyska\u0142o najwi\u0119ksz\u0105 popularno\u015b\u0107 dopiero po jego \u015bmierci. W 1922 roku \u2013 10 lat po \u015bmierci pisarza \u2013 F.W. Murnau postanowi\u0142 zekranizowa\u0107 \u201eDrakul\u0119\u201d. Jednak nie uzyska\u0142 on praw do ksi\u0105\u017cki od Florence Balcombe \u2013 wdowy po Bramie Stokerze \u2013 o kt\u00f3re zacz\u0105\u0142 stara\u0107 si\u0119 ju\u017c po nakr\u0119ceniu filmu. Nie zrezygnowa\u0142 on z projektu, zmieni\u0142 jedynie imiona postaci i niekt\u00f3re elementy fabu\u0142y, np. hrabia Drakula sta\u0142 si\u0119 hrabi\u0105 Orlokiem, a miejsce akcji przeniesiono do Niemiec.<\/span><\/p>\n<p><span style=\"font-weight: 400;\">Po premierze filmu Florence Balcombe pozwa\u0142a studio i wygra\u0142a proces. S\u0105d nakaza\u0142 zniszczenie wszystkich kopii \u201eNosferatu\u201d, jednak kilka z nich si\u0119 uchowa\u0142o, co pozwoli\u0142o, by sta\u0142 si\u0119 on klasykiem kina niemego i jednym z najwa\u017cniejszych dzie\u0142 w historii horroru, a dzi\u0119ki g\u0142o\u015bnemu procesowi film zyska\u0142 dodatkow\u0105 s\u0142aw\u0119.<\/span><\/p>\n<p><span style=\"font-weight: 400;\">I tak w\u0142a\u015bnie dochodzimy do momentu, w kt\u00f3rym w 2025 roku b\u0119dziemy mogli cieszy\u0107 si\u0119 30-kt\u00f3r\u0105\u015b adaptacj\u0105 \u201eDrakuli\u201d. Tym razem w re\u017cyserii Roberta Eggersa, znanego z fenomenalnej \u201eCzarownicy\u201d i \u201eLighthouse\u201d.<\/span><\/p>\n<p><span style=\"font-weight: 400;\">W rolach g\u0142\u00f3wnych zobaczymy Billa Skarsg\u00e5rda, kt\u00f3ry \u015bwietnie radzi sobie z odgrywaniem mro\u017c\u0105cych krew w \u017cy\u0142ach charakter\u00f3w; Nicholasa Houlta, kt\u00f3rego b\u0119dzie to drugi w ostatnim czasie film w wampirycznych klimatach (przyk\u0142adem jest \u201eRenfield\u201d, gdzie gra\u0142 tytu\u0142ow\u0105 rol\u0119 s\u0142ugi pot\u0119\u017cnego wampira) i Lily-Rose Depp (\u201eIdol\u201d, \u201eKr\u00f3l\u201d).<\/span><\/p>\n<p><iframe loading=\"lazy\" title=\"NOSFERATU | Oficjalny zwiastun (Universal Studios) - HD\" width=\"500\" height=\"281\" src=\"https:\/\/www.youtube.com\/embed\/C52rDVxX4F0?feature=oembed\" frameborder=\"0\" allow=\"accelerometer; autoplay; clipboard-write; encrypted-media; gyroscope; picture-in-picture; web-share\" referrerpolicy=\"strict-origin-when-cross-origin\" allowfullscreen><\/iframe><\/p>\n<p><span style=\"font-weight: 400;\">Nominowany w kategorii: Najlepsze zdj\u0119cia, Najlepsza scenografia, Najlepsze kostiumy, Najlepsza charakteryzacja i fryzury<\/span><\/p>\n<p><span style=\"font-weight: 400;\"><strong>Gatunek:<\/strong> horror<\/span><\/p>\n<p><span style=\"font-weight: 400;\"><strong>Dost\u0119pno\u015b\u0107:<\/strong> kino (od 21 lutego)<\/span><\/p>\n<h4><strong>\u201eDziki robot\u201d na podstawie ksi\u0105\u017cki Petera Browna<\/strong><\/h4>\n<p><span style=\"font-weight: 400;\">Peter Brown jest uznanym ameryka\u0144skim pisarzem i ilustratorem. Jego powie\u015bci z gatunku literatury dzieci\u0119cej wyr\u00f3\u017cniaj\u0105 si\u0119 pi\u0119kn\u0105 narracj\u0105, wra\u017cliwo\u015bci\u0105, wyj\u0105tkowym przes\u0142aniem oraz grafikami, kt\u00f3rych jest autorem. Jego \u201eDziki robot\u201d zosta\u0142 opublikowany w 2016 roku i opowiada o przygodach robota Roza, kt\u00f3ry w wyniku zbiegu okoliczno\u015bci trafia na niezamieszkan\u0105 przez ludzi wysp\u0119.<\/span><\/p>\n<p><span style=\"font-weight: 400;\">Film na podstawie ksi\u0105\u017cki zosta\u0142 zanimowany komputerowo, ale estetyk\u0105 przypomina akwarel\u0119. Styl by\u0142 inspirowany klasycznymi filmami Disneya, Hayao Miyazakiego (Studio Ghibli) oraz oryginalnymi ilustracjami Petera Browna. Re\u017cyserem filmu jest Chris Sanders, kt\u00f3ry pracowa\u0142 przy takich tytu\u0142ach, jak \u201eLilo i Stich\u201d czy \u201eJak wytresowa\u0107 smoka\u201d. Je\u017celi chodzi o fabu\u0142\u0119, jest ona wiernym oddaniem ksi\u0105\u017cki.<\/span><\/p>\n<p><span style=\"font-weight: 400;\">W oryginalnej wersji j\u0119zykowej g\u0142osu bohaterom u\u017cyczyli m.in. Lupita Nyong&#8217;o (\u201eCzarna pantera\u201d, \u201eCiche miejsce: Dzie\u0144 pierwszy\u201d), Pedro Pascal (\u201eGra o tron\u201d, \u201eGladiator II\u201d) i Kit Connor (\u201eHeartstopper\u201d, \u201eRocketman\u201d).<\/span><\/p>\n<p><span style=\"font-weight: 400;\">W 2018 roku powsta\u0142a literacka kontynuacja \u2013 \u201eDziki robot powraca\u201d \u2013 kt\u00f3ra rozwija w\u0105tki z pierwszej cz\u0119\u015bci. DreamWorks ju\u017c potwierdzi\u0142o, \u017ce trwaj\u0105 prace nad kolejn\u0105 cz\u0119\u015bci\u0105 filmu, co jest na pewno dobr\u0105 decyzj\u0105, bior\u0105c pod uwag\u0119 box office \u201eDzikiego robota\u201d i zdobyte przez niego nagrody.<\/span><\/p>\n<p><iframe loading=\"lazy\" title=\"Dziki robot - Zwiastun PL (Official Trailer)\" width=\"500\" height=\"281\" src=\"https:\/\/www.youtube.com\/embed\/eivV7JQjjSk?feature=oembed\" frameborder=\"0\" allow=\"accelerometer; autoplay; clipboard-write; encrypted-media; gyroscope; picture-in-picture; web-share\" referrerpolicy=\"strict-origin-when-cross-origin\" allowfullscreen><\/iframe><\/p>\n<p><span style=\"font-weight: 400;\">Nominowany w kategorii: Najlepszy d\u0142ugometra\u017cowy film animowany, Najlepsza muzyka, Najlepszy d\u017awi\u0119k<\/span><\/p>\n<p><span style=\"font-weight: 400;\"><strong>Gatunek:<\/strong> animacja, przygodowy<\/span><\/p>\n<p><span style=\"font-weight: 400;\"><strong>Dost\u0119pno\u015b\u0107:<\/strong> TV Smart (wypo\u017cyczenie), Prime Video (wypo\u017cyczenie), Apple TV (wypo\u017cyczenie), Canal+ (wypo\u017cyczenie)<\/span><\/p>\n<h4><strong>\u201eI\u2019m Still Here\u201d na podstawie \u201eAinda estou aqui\u201d Marcelo Rubensa Paiva\u2019i<\/strong><\/h4>\n<p><span style=\"font-weight: 400;\">\u201eAinda estou aqui\u201d to biografia Eunice Paiva\u2019i, matki autora, kt\u00f3ra by\u0142a wyj\u0105tkow\u0105 i siln\u0105 kobiet\u0105. Po\u015blubi\u0142a kongresmena Rubensa Paiv\u0119 i jako matka pi\u0105tki dzieci \u2013 w tym w\u0142a\u015bnie Marcelo Rubensa Paiva\u2019i \u2013 postanowi\u0142a walczy\u0107 o sprawiedliwo\u015b\u0107 po jego morderstwie politycznym. Zosta\u0142a prawnikiem i obro\u0144c\u0105 praw rdzennej ludno\u015bci.<\/span><\/p>\n<p><span style=\"font-weight: 400;\">Film \u201eI\u2019m Still Here\u201d jest oparty bezpo\u015brednio na wspomnieniach Marcelo Rubensa Paiva\u2019i i faktycznych wydarzeniach, kt\u00f3re mia\u0142y miejsce na pocz\u0105tku lat 70. w Rio de Janeiro. W\u00f3wczas polityka brazylijskiego rz\u0105du by\u0142a bardzo burzliwa, a w\u0142adza dyktatorska stara\u0142a si\u0119 umocni\u0107 swoj\u0105 pozycj\u0119 stosuj\u0105c terror, areszty i zastraszanie wobec obywateli. Re\u017cyserem filmu jest uznany na \u015bwiecie Brazylijczyk Walter Salles, wyr\u00f3\u017cniony m.in. dwiema nagrodami BAFTA oraz na Festiwalu Filmowym w Cannes.<\/span><\/p>\n<p><span style=\"font-weight: 400;\">Do tej pory ksi\u0105\u017cka \u201eAinda estou aqui\u201d nie doczeka\u0142a si\u0119 premiery na rynku polskim.<\/span><\/p>\n<p><iframe loading=\"lazy\" title=\"I&#039;M STILL HERE | Official Trailer (2025)\" width=\"500\" height=\"281\" src=\"https:\/\/www.youtube.com\/embed\/gDunV808Yf4?feature=oembed\" frameborder=\"0\" allow=\"accelerometer; autoplay; clipboard-write; encrypted-media; gyroscope; picture-in-picture; web-share\" referrerpolicy=\"strict-origin-when-cross-origin\" allowfullscreen><\/iframe><\/p>\n<p><span style=\"font-weight: 400;\">Nominowany w kategorii: Najlepszy film, Najlepsza aktorka pierwszoplanowa (Fernanda Torres), Najlepszy film mi\u0119dzynarodowy<\/span><\/p>\n<p><span style=\"font-weight: 400;\"><strong>Gatunek:<\/strong> biografia, dramat<\/span><\/p>\n<p><span style=\"font-weight: 400;\"><strong>Dost\u0119pno\u015b\u0107:<\/strong> niedost\u0119pny w Polsce z legalnych \u017ar\u00f3de\u0142<\/span><\/p>\n<h4><strong>\u201eBatalion 6888\u201d na podstawie artyku\u0142u \u201eFighting a Two-Front War\u201d Kevina M. Hymela<\/strong><\/h4>\n<p><span style=\"font-weight: 400;\">Kevin M. Hymel jest m.in. historykiem specjalizuj\u0105cym si\u0119 w armii USA, felietonist\u0105 oraz oprowadzaj\u0105cym wycieczki po polach, na kt\u00f3rych bitwy stoczy\u0142 oficer George S. Patton. W 2019 roku na \u0142amach \u201eWWII History Magazine\u201d zosta\u0142 opublikowany jego s\u0142awny artyku\u0142 \u201eFighting a Two-Front War\u201d (ang. \u201eWalka na dwa fronty\u201d), kt\u00f3ry zainspirowa\u0142 producentk\u0119 Carlot\u0119 Espinos\u0119 do skontaktowania si\u0119 z re\u017cyserem Tylerem Perry i stworzenia filmu \u201eBatalion 6888\u201d.<\/span><\/p>\n<p><span style=\"font-weight: 400;\">Batalion 6888 by\u0142 Centralnym Batalionem Pocztowym, kt\u00f3ry jako pierwsza i jedyna jednostka armii stacjonuj\u0105ca w Europie podczas II wojny \u015bwiatowej, werbowa\u0142a tylko czarne kobiety. Zmagaj\u0105c si\u0119 z segregacj\u0105 rasow\u0105 i seksizmem, 855 kobiet mia\u0142o za zadanie posortowa\u0107, skatalogowa\u0107 i przygotowa\u0107 do dostarczenia ponad 17 milion\u00f3w zaleg\u0142ych przesy\u0142ek pocztowych do ameryka\u0144skich \u017co\u0142nierzy, walcz\u0105cych za granicami kraju oraz ich bliskich w USA.<\/span><\/p>\n<p><span style=\"font-weight: 400;\">To ju\u017c kolejny film Tylera Perry\u2019ego, kt\u00f3ry opowiada o historii czarnych i czarnej spo\u0142eczno\u015bci na przestrzeni lat. Jako aktor wyst\u0105pi\u0142 tak\u017ce w \u201eZaginionej dziewczynie\u201d.<\/span><\/p>\n<p><span style=\"font-weight: 400;\">W g\u0142\u00f3wnych rolach mo\u017cemy zobaczy\u0107 Kerry Washington (\u201eDjango\u201d), Ebony Obsidian (\u201eGdyby ulica Beale umia\u0142a m\u00f3wi\u0107\u201d) i Milaun\u0119 Jackson (\u201eSpos\u00f3b na morderstwo\u201d).<\/span><\/p>\n<p><iframe loading=\"lazy\" title=\"Batalion 6888 | Oficjalny zwiastun | Netflix\" width=\"500\" height=\"281\" src=\"https:\/\/www.youtube.com\/embed\/JcfAUKc5n0A?feature=oembed\" frameborder=\"0\" allow=\"accelerometer; autoplay; clipboard-write; encrypted-media; gyroscope; picture-in-picture; web-share\" referrerpolicy=\"strict-origin-when-cross-origin\" allowfullscreen><\/iframe><\/p>\n<p><span style=\"font-weight: 400;\">Nominowany w kategorii: Najlepsza piosenka (<\/span><i><span style=\"font-weight: 400;\">The Journey<\/span><\/i><span style=\"font-weight: 400;\">)<\/span><\/p>\n<p><span style=\"font-weight: 400;\"><strong>Gatunek:<\/strong> dramat wojenny<\/span><\/p>\n<p><span style=\"font-weight: 400;\"><strong>Dost\u0119pno\u015b\u0107:<\/strong> Netflix<\/span><\/p>\n<h4><strong>\u201eKr\u00f3lestwo Planety Ma\u0142p\u201d na podstawie ksi\u0105\u017cki \u201ePlaneta ma\u0142p\u201d Pierre&#8217;a Boulle&#8217;a<\/strong><\/h4>\n<figure id=\"attachment_13151\" aria-describedby=\"caption-attachment-13151\" style=\"width: 196px\" class=\"wp-caption aligncenter\"><img decoding=\"async\" loading=\"lazy\" class=\"size-medium wp-image-13151\" src=\"https:\/\/i0.wp.com\/woblink.com\/blog\/wp-content\/uploads\/644674ed1b893-1.png?resize=196%2C300&#038;ssl=1\" alt=\"\" width=\"196\" height=\"300\" srcset=\"https:\/\/i0.wp.com\/woblink.com\/blog\/wp-content\/uploads\/644674ed1b893-1.png?resize=196%2C300&amp;ssl=1 196w, https:\/\/i0.wp.com\/woblink.com\/blog\/wp-content\/uploads\/644674ed1b893-1.png?w=560&amp;ssl=1 560w\" sizes=\"(max-width: 196px) 100vw, 196px\" data-recalc-dims=\"1\" \/><figcaption id=\"caption-attachment-13151\" class=\"wp-caption-text\"><center><strong>Kup <a href=\"https:\/\/woblink.com\/ebook\/planeta-malp-pierre-boulle-286455u\">ebooka Planeta ma\u0142p<\/a> na Woblink.com<\/strong><\/center><\/figcaption><\/figure>\n<p><span style=\"font-weight: 400;\">Powie\u015b\u0107 \u201ePlaneta Ma\u0142p\u201d Pierre&#8217;a Boulle\u2019a zosta\u0142a opublikowana w 1963 roku i jako satyryczny komentarz do ludzkiej natury i ewolucji, sta\u0142a si\u0119 klasykiem gatunku science fiction. Na jej podstawie ju\u017c w 1968 roku powsta\u0142 pierwszy film o tym samym tytule i do XXI wieku stworzono ich kilka, ale najwi\u0119ksz\u0105 s\u0142aw\u0119 zdoby\u0142a ekranizacja Tima Burtona z 2001 roku. Dopiero 10 lat p\u00f3\u017aniej zdecydowano si\u0119 si\u0119gn\u0105\u0107 kolejny raz po ten materia\u0142 \u017ar\u00f3d\u0142owy i stworzy\u0107 \u201eGenez\u0119 planety ma\u0142p\u201d, kt\u00f3ra zapocz\u0105tkowa\u0142a now\u0105 seri\u0119, kt\u00f3rej najnowsz\u0105 cz\u0119\u015bci\u0105 jest \u201eKr\u00f3lestwo Planety Ma\u0142p\u201d.<\/span><\/p>\n<p><span style=\"font-weight: 400;\">Nie jest ona wiern\u0105 ekranizacj\u0105 ksi\u0105\u017cki Pierre&#8217;a Boulle\u2019a, ale czerpie z idei i mechanizm\u00f3w stworzonego przez niego \u015bwiata. Film opowiada o dalszym rozwoju spo\u0142eczno\u015bci inteligentnych ma\u0142p w \u015bwiecie, w kt\u00f3rym ludzie stracili dominacj\u0119. Re\u017cyserem zosta\u0142 Wes Ball (\u201eWi\u0119zie\u0144 labiryntu\u201d).\u00a0<\/span><\/p>\n<p><span style=\"font-weight: 400;\">W rolach g\u0142\u00f3wnych mo\u017cemy zobaczy\u0107 Owena Teague\u2019a (\u201eTo\u201d, \u201eGad\u201d) i Frey\u0119 Allan (\u201eWied\u017amin\u201d, \u201eWojna \u015bwiat\u00f3w\u201d).<\/span><\/p>\n<p><iframe loading=\"lazy\" title=\"Kr\u00f3lestwo planety ma\u0142p - zwiastun IMAX [napisy]\" width=\"500\" height=\"281\" src=\"https:\/\/www.youtube.com\/embed\/CcuPXCWmGAQ?feature=oembed\" frameborder=\"0\" allow=\"accelerometer; autoplay; clipboard-write; encrypted-media; gyroscope; picture-in-picture; web-share\" referrerpolicy=\"strict-origin-when-cross-origin\" allowfullscreen><\/iframe><\/p>\n<p><span style=\"font-weight: 400;\">Nominowany w kategorii: Najlepsze efekty specjalne<\/span><\/p>\n<p><span style=\"font-weight: 400;\"><strong>Gatunek:<\/strong> akcja, sci-fi<\/span><\/p>\n<p><span style=\"font-weight: 400;\"><strong>Dost\u0119pno\u015b\u0107:<\/strong> Disney+<\/span><\/p>\n<h4><strong>\u201eMagic Candies\u201d na podstawie ksi\u0105\u017cki Heeny Baek<\/strong><\/h4>\n<p><span style=\"font-weight: 400;\">Heeny Baek to po\u0142udniowokorea\u0144ska pisarka i ilustratorka, kt\u00f3ra w swoich pracach graficznych tworzy elementy r\u0119kodzielnicze (np. autorskie figurki) oraz wykorzystuje techniki cyfrowe, co nadaje im niepowtarzalny charakter. Jej ksi\u0105\u017cka \u201eMagic Candies\u201d opowiada histori\u0119 Dong-Dong\u2019a, kt\u00f3ry po zjedzeniu magicznych cukierk\u00f3w zaczyna rozmawia\u0107 z przedmiotami, poznawa\u0107 ich my\u015bli i uczucia. Ch\u0142opiec wyrusza w pi\u0119kn\u0105 podr\u00f3\u017c, poszerzaj\u0105c\u0105 jego spojrzenie na \u015bwiat i rozwijaj\u0105c\u0105 empati\u0119.<\/span><\/p>\n<p><span style=\"font-weight: 400;\">Kr\u00f3tkometra\u017cowy film wiernie oddaje ducha i przes\u0142anie ksi\u0105\u017cki oraz wzbogaca je o dodatkowe elementy, rozwijaj\u0105ce \u015bwiat g\u0142\u00f3wnego bohatera. Styl zosta\u0142 zainspirowany autorskimi ilustracjami Heeny Baek, a do jego oddania u\u017cyto techniki 3D CGI, nadaj\u0105c mu jednocze\u015bnie nowoczesno\u015bci i komfortowego uroku.<\/span><\/p>\n<p><span style=\"font-weight: 400;\">Niestety, ksi\u0105\u017cka nie doczeka\u0142a si\u0119 jeszcze premiery na rynku polskim, co tylko podkre\u015bla to, jak wiele cudownych historii z literatury dzieci\u0119cej mamy jeszcze do odkrycia.<\/span><\/p>\n<p><iframe loading=\"lazy\" title=\"Magic Candies Trailer\" width=\"500\" height=\"281\" src=\"https:\/\/www.youtube.com\/embed\/xzofxljh-rw?feature=oembed\" frameborder=\"0\" allow=\"accelerometer; autoplay; clipboard-write; encrypted-media; gyroscope; picture-in-picture; web-share\" referrerpolicy=\"strict-origin-when-cross-origin\" allowfullscreen><\/iframe><\/p>\n<p><span style=\"font-weight: 400;\">Nominowany w kategorii: Najlepszy kr\u00f3tkometra\u017cowy film animowany<\/span><\/p>\n<p><span style=\"font-weight: 400;\"><strong>Gatunek:<\/strong> animacja, kr\u00f3tkometra\u017cowy<\/span><\/p>\n<p><span style=\"font-weight: 400;\"><strong>Dost\u0119pno\u015b\u0107:<\/strong> niedost\u0119pny w Polsce z legalnych \u017ar\u00f3de\u0142<\/span><\/p>\n<p><strong>Gala wr\u0119czenia 97. Oscar\u00f3w odb\u0119dzie si\u0119 ju\u017c 3 marca, wi\u0119c warto spieszy\u0107 si\u0119 z nadrabianiem ksi\u0105\u017cek i nominowanych film\u00f3w na ich podstawie \ud83d\ude0a<\/strong><\/p>\n<p>&nbsp;<\/p>\n<hr \/>\n<p><b>O autorce artyku\u0142u<\/b><\/p>\n<p><span style=\"font-weight: 400;\">Tw\u00f3rczyni Instagrama <\/span><a href=\"https:\/\/www.instagram.com\/lifebyfelicja\/\"><span style=\"font-weight: 400;\">@lifebyfelicja<\/span><\/a><span style=\"font-weight: 400;\">, gdzie dzieli si\u0119 przemy\u015bleniami na temat ksi\u0105\u017cek i swoim codziennym \u017cyciem.<\/span><\/p>\n<p><span style=\"font-weight: 400;\">Wraz ze swoim partnerem tworzy Instagram <\/span><a href=\"http:\/\/watchersi.tv\"><span style=\"font-weight: 400;\">@watchersi.tv<\/span><\/a><span style=\"font-weight: 400;\">, skupiaj\u0105cy si\u0119 na kinematografii i filmowo-serialowych poleceniach.<\/span><\/p>\n<p><span style=\"font-weight: 400;\">Wielbicielka romans\u00f3w, romantasy, literatury gotyckiej oraz horror\u00f3w, dramat\u00f3w i dokument\u00f3w true crime. Kocha jesie\u0144, wampiry, audiobooki i kresk\u00f3wki.<\/span><\/p>\n","protected":false},"excerpt":{"rendered":"<p>Po raz kolejny mo\u017cemy powita\u0107 w naszej przestrzeni Sylwi\u0119 Feliszek \u2013 bookstagramerk\u0119 oraz tw\u00f3rczyni\u0119 internetow\u0105, znan\u0105 z zami\u0142owania do film\u00f3w, ksi\u0105\u017cek i komiks\u00f3w. Sylwia od lat przygl\u0105da si\u0119 r\u00f3\u017cnym trendom, recenzuje interesuj\u0105ce pozycje, a co najwa\u017cniejsza, poleca te, obok kt\u00f3rych nie mo\u017cna przej\u015b\u0107 oboj\u0119tnie. Tym&#8230;<\/p>\n","protected":false},"author":19,"featured_media":13143,"comment_status":"closed","ping_status":"open","sticky":false,"template":"","format":"standard","meta":[],"categories":[81],"tags":[],"yoast_head":"<!-- This site is optimized with the Yoast SEO plugin v20.11 - https:\/\/yoast.com\/wordpress\/plugins\/seo\/ -->\n<title>Oscary 2025: Nominowane filmy i ksi\u0105\u017cki, bez kt\u00f3rych by nie powsta\u0142y - Woblink<\/title>\n<meta name=\"description\" content=\"Jeste\u015bcie ciekawi ksi\u0105\u017cek (i nie tylko), na podstawie kt\u00f3rych powsta\u0142y wyr\u00f3\u017cnione produkcje? Zapraszamy do lektury!\" \/>\n<meta name=\"robots\" content=\"index, follow, max-snippet:-1, max-image-preview:large, max-video-preview:-1\" \/>\n<link rel=\"canonical\" href=\"https:\/\/woblink.com\/blog\/oscary-2025-nominowane-filmy-i-ksiazki-bez-ktorych-by-nie-powstaly\/\" \/>\n<meta property=\"og:locale\" content=\"pl_PL\" \/>\n<meta property=\"og:type\" content=\"article\" \/>\n<meta property=\"og:title\" content=\"Oscary 2025: Nominowane filmy i ksi\u0105\u017cki, bez kt\u00f3rych by nie powsta\u0142y - Woblink\" \/>\n<meta property=\"og:description\" content=\"Jeste\u015bcie ciekawi ksi\u0105\u017cek (i nie tylko), na podstawie kt\u00f3rych powsta\u0142y wyr\u00f3\u017cnione produkcje? Zapraszamy do lektury!\" \/>\n<meta property=\"og:url\" content=\"https:\/\/woblink.com\/blog\/oscary-2025-nominowane-filmy-i-ksiazki-bez-ktorych-by-nie-powstaly\/\" \/>\n<meta property=\"og:site_name\" content=\"Woblink\" \/>\n<meta property=\"article:publisher\" content=\"https:\/\/facebook.com\/woblink\" \/>\n<meta property=\"article:published_time\" content=\"2025-01-30T11:19:40+00:00\" \/>\n<meta property=\"article:modified_time\" content=\"2025-12-03T09:20:12+00:00\" \/>\n<meta property=\"og:image\" content=\"https:\/\/woblink.com\/blog\/wp-content\/uploads\/blog-10-1.jpg\" \/>\n\t<meta property=\"og:image:width\" content=\"1011\" \/>\n\t<meta property=\"og:image:height\" content=\"690\" \/>\n\t<meta property=\"og:image:type\" content=\"image\/jpeg\" \/>\n<meta name=\"author\" content=\"Julia\" \/>\n<meta name=\"twitter:card\" content=\"summary_large_image\" \/>\n<meta name=\"twitter:creator\" content=\"@woblink_com\" \/>\n<meta name=\"twitter:site\" content=\"@woblink_com\" \/>\n<meta name=\"twitter:label1\" content=\"Napisane przez\" \/>\n\t<meta name=\"twitter:data1\" content=\"Julia\" \/>\n\t<meta name=\"twitter:label2\" content=\"Szacowany czas czytania\" \/>\n\t<meta name=\"twitter:data2\" content=\"18 minut\" \/>\n<script type=\"application\/ld+json\" class=\"yoast-schema-graph\">{\"@context\":\"https:\/\/schema.org\",\"@graph\":[{\"@type\":\"Article\",\"@id\":\"https:\/\/woblink.com\/blog\/oscary-2025-nominowane-filmy-i-ksiazki-bez-ktorych-by-nie-powstaly\/#article\",\"isPartOf\":{\"@id\":\"https:\/\/woblink.com\/blog\/oscary-2025-nominowane-filmy-i-ksiazki-bez-ktorych-by-nie-powstaly\/\"},\"author\":{\"name\":\"Julia\",\"@id\":\"https:\/\/woblink.com\/blog\/#\/schema\/person\/92be97438f8b6e276e75dd978b2a939f\"},\"headline\":\"Oscary 2025: Nominowane filmy i ksi\u0105\u017cki, bez kt\u00f3rych by nie powsta\u0142y\",\"datePublished\":\"2025-01-30T11:19:40+00:00\",\"dateModified\":\"2025-12-03T09:20:12+00:00\",\"mainEntityOfPage\":{\"@id\":\"https:\/\/woblink.com\/blog\/oscary-2025-nominowane-filmy-i-ksiazki-bez-ktorych-by-nie-powstaly\/\"},\"wordCount\":3354,\"publisher\":{\"@id\":\"https:\/\/woblink.com\/blog\/#organization\"},\"articleSection\":[\"Rankingi ksi\u0105\u017cek\"],\"inLanguage\":\"pl-PL\"},{\"@type\":\"WebPage\",\"@id\":\"https:\/\/woblink.com\/blog\/oscary-2025-nominowane-filmy-i-ksiazki-bez-ktorych-by-nie-powstaly\/\",\"url\":\"https:\/\/woblink.com\/blog\/oscary-2025-nominowane-filmy-i-ksiazki-bez-ktorych-by-nie-powstaly\/\",\"name\":\"Oscary 2025: Nominowane filmy i ksi\u0105\u017cki, bez kt\u00f3rych by nie powsta\u0142y - Woblink\",\"isPartOf\":{\"@id\":\"https:\/\/woblink.com\/blog\/#website\"},\"datePublished\":\"2025-01-30T11:19:40+00:00\",\"dateModified\":\"2025-12-03T09:20:12+00:00\",\"description\":\"Jeste\u015bcie ciekawi ksi\u0105\u017cek (i nie tylko), na podstawie kt\u00f3rych powsta\u0142y wyr\u00f3\u017cnione produkcje? Zapraszamy do lektury!\",\"breadcrumb\":{\"@id\":\"https:\/\/woblink.com\/blog\/oscary-2025-nominowane-filmy-i-ksiazki-bez-ktorych-by-nie-powstaly\/#breadcrumb\"},\"inLanguage\":\"pl-PL\",\"potentialAction\":[{\"@type\":\"ReadAction\",\"target\":[\"https:\/\/woblink.com\/blog\/oscary-2025-nominowane-filmy-i-ksiazki-bez-ktorych-by-nie-powstaly\/\"]}]},{\"@type\":\"BreadcrumbList\",\"@id\":\"https:\/\/woblink.com\/blog\/oscary-2025-nominowane-filmy-i-ksiazki-bez-ktorych-by-nie-powstaly\/#breadcrumb\",\"itemListElement\":[{\"@type\":\"ListItem\",\"position\":1,\"name\":\"Strona g\u0142\u00f3wna\",\"item\":\"https:\/\/woblink.com\/blog\/\"},{\"@type\":\"ListItem\",\"position\":2,\"name\":\"Oscary 2025: Nominowane filmy i ksi\u0105\u017cki, bez kt\u00f3rych by nie powsta\u0142y\"}]},{\"@type\":\"WebSite\",\"@id\":\"https:\/\/woblink.com\/blog\/#website\",\"url\":\"https:\/\/woblink.com\/blog\/\",\"name\":\"Woblink\",\"description\":\"najlepszy firmowy blog o ksi\u0105\u017ckach\",\"publisher\":{\"@id\":\"https:\/\/woblink.com\/blog\/#organization\"},\"potentialAction\":[{\"@type\":\"SearchAction\",\"target\":{\"@type\":\"EntryPoint\",\"urlTemplate\":\"https:\/\/woblink.com\/blog\/?s={search_term_string}\"},\"query-input\":\"required name=search_term_string\"}],\"inLanguage\":\"pl-PL\"},{\"@type\":\"Organization\",\"@id\":\"https:\/\/woblink.com\/blog\/#organization\",\"name\":\"Woblink\",\"url\":\"https:\/\/woblink.com\/blog\/\",\"logo\":{\"@type\":\"ImageObject\",\"inLanguage\":\"pl-PL\",\"@id\":\"https:\/\/woblink.com\/blog\/#\/schema\/logo\/image\/\",\"url\":\"https:\/\/i0.wp.com\/woblink.com\/blog\/wp-content\/uploads\/2019\/04\/nw_logoB.png?fit=185%2C42&ssl=1\",\"contentUrl\":\"https:\/\/i0.wp.com\/woblink.com\/blog\/wp-content\/uploads\/2019\/04\/nw_logoB.png?fit=185%2C42&ssl=1\",\"width\":185,\"height\":42,\"caption\":\"Woblink\"},\"image\":{\"@id\":\"https:\/\/woblink.com\/blog\/#\/schema\/logo\/image\/\"},\"sameAs\":[\"https:\/\/facebook.com\/woblink\",\"https:\/\/twitter.com\/woblink_com\",\"https:\/\/www.instagram.com\/woblink_com\",\"https:\/\/www.linkedin.com\/company\/woblink\/\"]},{\"@type\":\"Person\",\"@id\":\"https:\/\/woblink.com\/blog\/#\/schema\/person\/92be97438f8b6e276e75dd978b2a939f\",\"name\":\"Julia\",\"image\":{\"@type\":\"ImageObject\",\"inLanguage\":\"pl-PL\",\"@id\":\"https:\/\/woblink.com\/blog\/#\/schema\/person\/image\/\",\"url\":\"https:\/\/secure.gravatar.com\/avatar\/19c21b7bfd287e7bc5a47d55b8b86a97?s=96&d=mm&r=g\",\"contentUrl\":\"https:\/\/secure.gravatar.com\/avatar\/19c21b7bfd287e7bc5a47d55b8b86a97?s=96&d=mm&r=g\",\"caption\":\"Julia\"},\"url\":\"https:\/\/woblink.com\/blog\/author\/julia\/\"}]}<\/script>\n<!-- \/ Yoast SEO plugin. -->","yoast_head_json":{"title":"Oscary 2025: Nominowane filmy i ksi\u0105\u017cki, bez kt\u00f3rych by nie powsta\u0142y - Woblink","description":"Jeste\u015bcie ciekawi ksi\u0105\u017cek (i nie tylko), na podstawie kt\u00f3rych powsta\u0142y wyr\u00f3\u017cnione produkcje? Zapraszamy do lektury!","robots":{"index":"index","follow":"follow","max-snippet":"max-snippet:-1","max-image-preview":"max-image-preview:large","max-video-preview":"max-video-preview:-1"},"canonical":"https:\/\/woblink.com\/blog\/oscary-2025-nominowane-filmy-i-ksiazki-bez-ktorych-by-nie-powstaly\/","og_locale":"pl_PL","og_type":"article","og_title":"Oscary 2025: Nominowane filmy i ksi\u0105\u017cki, bez kt\u00f3rych by nie powsta\u0142y - Woblink","og_description":"Jeste\u015bcie ciekawi ksi\u0105\u017cek (i nie tylko), na podstawie kt\u00f3rych powsta\u0142y wyr\u00f3\u017cnione produkcje? Zapraszamy do lektury!","og_url":"https:\/\/woblink.com\/blog\/oscary-2025-nominowane-filmy-i-ksiazki-bez-ktorych-by-nie-powstaly\/","og_site_name":"Woblink","article_publisher":"https:\/\/facebook.com\/woblink","article_published_time":"2025-01-30T11:19:40+00:00","article_modified_time":"2025-12-03T09:20:12+00:00","og_image":[{"width":1011,"height":690,"url":"https:\/\/woblink.com\/blog\/wp-content\/uploads\/blog-10-1.jpg","type":"image\/jpeg"}],"author":"Julia","twitter_card":"summary_large_image","twitter_creator":"@woblink_com","twitter_site":"@woblink_com","twitter_misc":{"Napisane przez":"Julia","Szacowany czas czytania":"18 minut"},"schema":{"@context":"https:\/\/schema.org","@graph":[{"@type":"Article","@id":"https:\/\/woblink.com\/blog\/oscary-2025-nominowane-filmy-i-ksiazki-bez-ktorych-by-nie-powstaly\/#article","isPartOf":{"@id":"https:\/\/woblink.com\/blog\/oscary-2025-nominowane-filmy-i-ksiazki-bez-ktorych-by-nie-powstaly\/"},"author":{"name":"Julia","@id":"https:\/\/woblink.com\/blog\/#\/schema\/person\/92be97438f8b6e276e75dd978b2a939f"},"headline":"Oscary 2025: Nominowane filmy i ksi\u0105\u017cki, bez kt\u00f3rych by nie powsta\u0142y","datePublished":"2025-01-30T11:19:40+00:00","dateModified":"2025-12-03T09:20:12+00:00","mainEntityOfPage":{"@id":"https:\/\/woblink.com\/blog\/oscary-2025-nominowane-filmy-i-ksiazki-bez-ktorych-by-nie-powstaly\/"},"wordCount":3354,"publisher":{"@id":"https:\/\/woblink.com\/blog\/#organization"},"articleSection":["Rankingi ksi\u0105\u017cek"],"inLanguage":"pl-PL"},{"@type":"WebPage","@id":"https:\/\/woblink.com\/blog\/oscary-2025-nominowane-filmy-i-ksiazki-bez-ktorych-by-nie-powstaly\/","url":"https:\/\/woblink.com\/blog\/oscary-2025-nominowane-filmy-i-ksiazki-bez-ktorych-by-nie-powstaly\/","name":"Oscary 2025: Nominowane filmy i ksi\u0105\u017cki, bez kt\u00f3rych by nie powsta\u0142y - Woblink","isPartOf":{"@id":"https:\/\/woblink.com\/blog\/#website"},"datePublished":"2025-01-30T11:19:40+00:00","dateModified":"2025-12-03T09:20:12+00:00","description":"Jeste\u015bcie ciekawi ksi\u0105\u017cek (i nie tylko), na podstawie kt\u00f3rych powsta\u0142y wyr\u00f3\u017cnione produkcje? Zapraszamy do lektury!","breadcrumb":{"@id":"https:\/\/woblink.com\/blog\/oscary-2025-nominowane-filmy-i-ksiazki-bez-ktorych-by-nie-powstaly\/#breadcrumb"},"inLanguage":"pl-PL","potentialAction":[{"@type":"ReadAction","target":["https:\/\/woblink.com\/blog\/oscary-2025-nominowane-filmy-i-ksiazki-bez-ktorych-by-nie-powstaly\/"]}]},{"@type":"BreadcrumbList","@id":"https:\/\/woblink.com\/blog\/oscary-2025-nominowane-filmy-i-ksiazki-bez-ktorych-by-nie-powstaly\/#breadcrumb","itemListElement":[{"@type":"ListItem","position":1,"name":"Strona g\u0142\u00f3wna","item":"https:\/\/woblink.com\/blog\/"},{"@type":"ListItem","position":2,"name":"Oscary 2025: Nominowane filmy i ksi\u0105\u017cki, bez kt\u00f3rych by nie powsta\u0142y"}]},{"@type":"WebSite","@id":"https:\/\/woblink.com\/blog\/#website","url":"https:\/\/woblink.com\/blog\/","name":"Woblink","description":"najlepszy firmowy blog o ksi\u0105\u017ckach","publisher":{"@id":"https:\/\/woblink.com\/blog\/#organization"},"potentialAction":[{"@type":"SearchAction","target":{"@type":"EntryPoint","urlTemplate":"https:\/\/woblink.com\/blog\/?s={search_term_string}"},"query-input":"required name=search_term_string"}],"inLanguage":"pl-PL"},{"@type":"Organization","@id":"https:\/\/woblink.com\/blog\/#organization","name":"Woblink","url":"https:\/\/woblink.com\/blog\/","logo":{"@type":"ImageObject","inLanguage":"pl-PL","@id":"https:\/\/woblink.com\/blog\/#\/schema\/logo\/image\/","url":"https:\/\/i0.wp.com\/woblink.com\/blog\/wp-content\/uploads\/2019\/04\/nw_logoB.png?fit=185%2C42&ssl=1","contentUrl":"https:\/\/i0.wp.com\/woblink.com\/blog\/wp-content\/uploads\/2019\/04\/nw_logoB.png?fit=185%2C42&ssl=1","width":185,"height":42,"caption":"Woblink"},"image":{"@id":"https:\/\/woblink.com\/blog\/#\/schema\/logo\/image\/"},"sameAs":["https:\/\/facebook.com\/woblink","https:\/\/twitter.com\/woblink_com","https:\/\/www.instagram.com\/woblink_com","https:\/\/www.linkedin.com\/company\/woblink\/"]},{"@type":"Person","@id":"https:\/\/woblink.com\/blog\/#\/schema\/person\/92be97438f8b6e276e75dd978b2a939f","name":"Julia","image":{"@type":"ImageObject","inLanguage":"pl-PL","@id":"https:\/\/woblink.com\/blog\/#\/schema\/person\/image\/","url":"https:\/\/secure.gravatar.com\/avatar\/19c21b7bfd287e7bc5a47d55b8b86a97?s=96&d=mm&r=g","contentUrl":"https:\/\/secure.gravatar.com\/avatar\/19c21b7bfd287e7bc5a47d55b8b86a97?s=96&d=mm&r=g","caption":"Julia"},"url":"https:\/\/woblink.com\/blog\/author\/julia\/"}]}},"jetpack_featured_media_url":"https:\/\/i0.wp.com\/woblink.com\/blog\/wp-content\/uploads\/blog-10-1.jpg?fit=1011%2C690&ssl=1","_links":{"self":[{"href":"https:\/\/woblink.com\/blog\/wp-json\/wp\/v2\/posts\/13142"}],"collection":[{"href":"https:\/\/woblink.com\/blog\/wp-json\/wp\/v2\/posts"}],"about":[{"href":"https:\/\/woblink.com\/blog\/wp-json\/wp\/v2\/types\/post"}],"author":[{"embeddable":true,"href":"https:\/\/woblink.com\/blog\/wp-json\/wp\/v2\/users\/19"}],"replies":[{"embeddable":true,"href":"https:\/\/woblink.com\/blog\/wp-json\/wp\/v2\/comments?post=13142"}],"version-history":[{"count":7,"href":"https:\/\/woblink.com\/blog\/wp-json\/wp\/v2\/posts\/13142\/revisions"}],"predecessor-version":[{"id":13156,"href":"https:\/\/woblink.com\/blog\/wp-json\/wp\/v2\/posts\/13142\/revisions\/13156"}],"wp:featuredmedia":[{"embeddable":true,"href":"https:\/\/woblink.com\/blog\/wp-json\/wp\/v2\/media\/13143"}],"wp:attachment":[{"href":"https:\/\/woblink.com\/blog\/wp-json\/wp\/v2\/media?parent=13142"}],"wp:term":[{"taxonomy":"category","embeddable":true,"href":"https:\/\/woblink.com\/blog\/wp-json\/wp\/v2\/categories?post=13142"},{"taxonomy":"post_tag","embeddable":true,"href":"https:\/\/woblink.com\/blog\/wp-json\/wp\/v2\/tags?post=13142"}],"curies":[{"name":"wp","href":"https:\/\/api.w.org\/{rel}","templated":true}]}}