{"id":13452,"date":"2025-05-09T16:00:13","date_gmt":"2025-05-09T14:00:13","guid":{"rendered":"https:\/\/woblink.com\/blog\/?p=13452"},"modified":"2025-12-03T09:56:28","modified_gmt":"2025-12-03T08:56:28","slug":"nagroda-wielkiego-kalibru-2025","status":"publish","type":"post","link":"https:\/\/woblink.com\/blog\/nagroda-wielkiego-kalibru-2025\/","title":{"rendered":"Nagroda Wielkiego Kalibru 2025"},"content":{"rendered":"<p><strong>Og\u0142oszono kr\u00f3tk\u0105 list\u0119 nominowanych do Nagrody Wielkiego Kalibru! Nagroda przyznawana jest przez Stowarzyszenie Mi\u0142o\u015bnik\u00f3w Krymina\u0142u i Sensacji \u201eTrup w szafie\u201d od 2004 roku.\u00a0 Na li\u015bcie znalaz\u0142o si\u0119 siedem tytu\u0142\u00f3w, kt\u00f3re b\u0119d\u0105 mia\u0142y szans\u0119 na t\u0105 nagrod\u0119.\u00a0Nazwisko laureata lub laureatki zostanie og\u0142oszone 31 maja, podczas gali w trakcie Mi\u0119dzynarodowego Festiwalu Krymina\u0142u Wroc\u0142aw 2025.<br \/>\n<\/strong><\/p>\n<p><!--more--><\/p>\n<h2><strong>Weronika Mathia <\/strong>laureatk\u0105 Nagrody Wielkiego Kalibru 2025 <strong>za powie\u015b\u0107 \u201eSzept\u201d<\/strong><\/h2>\n<p><strong>Tegoroczn\u0105 laureatk\u0105 Nagrody Wielkiego Kalibru zosta\u0142a Weronika Mathia za powie\u015b\u0107 \u201eSzept\u201d wydan\u0105 nak\u0142adem Wydawnictwa Czwarta Strona.<\/strong> Opr\u00f3cz Nagrody Wielkiego Kalibru autorka zosta\u0142a r\u00f3wnie\u017c laureatk\u0105 Nagroda Wielkiego Kalibru Czytelnik\u00f3w. Nagrod\u0119 Specjaln\u0105 <span class=\"x193iq5w xeuugli x13faqbe x1vvkbs x1xmvt09 x1lliihq x1s928wv xhkezso x1gmr53x x1cpjm7i x1fgarty x1943h6x xudqn12 x3x7a5m x6prxxf xvq8zen xo1l8bm xzsf02u x1yc453h\" dir=\"auto\"> im. Janiny Paradowskiej<\/span> otrzyma\u0142 Maciej Ro\u017cen za \u201eZ\u0142\u0105 krew\u201d (Wydawnictwo Znak).<\/p>\n<p>Wi\u0119cej o laureatach i ich ksi\u0105\u017ckach przeczytacie w poni\u017cszym artykule:<\/p>\n<blockquote class=\"wp-embedded-content\" data-secret=\"kyVaZDdynj\"><p><a href=\"https:\/\/woblink.com\/blog\/weronika-mathia-laureatka-nagrody-wielkiego-kalibru-2025\/\">Weronika Mathia laureatk\u0105 Nagrody Wielkiego Kalibru 2025<\/a><\/p><\/blockquote>\n<p><iframe class=\"wp-embedded-content\" sandbox=\"allow-scripts\" security=\"restricted\" style=\"position: absolute; clip: rect(1px, 1px, 1px, 1px);\" title=\"&#8222;Weronika Mathia laureatk\u0105 Nagrody Wielkiego Kalibru 2025&#8221; &#8212; Woblink\" src=\"https:\/\/woblink.com\/blog\/weronika-mathia-laureatka-nagrody-wielkiego-kalibru-2025\/embed\/#?secret=78JXMQkBYv#?secret=kyVaZDdynj\" data-secret=\"kyVaZDdynj\" width=\"500\" height=\"282\" frameborder=\"0\" marginwidth=\"0\" marginheight=\"0\" scrolling=\"no\"><\/iframe><\/p>\n<h2>Nagroda Wielkiego Kalibru 2025 \u2013 kr\u00f3tka lista nominowanych<\/h2>\n<p>7 maja poznali\u015bmy kr\u00f3tk\u0105 list\u0119 nominowanych do tegorocznej edycji Nagrody Wielkiego Kalibru. Za wyb\u00f3r finalist\u00f3w odpowiada jury w sk\u0142adzie <span class=\"x193iq5w xeuugli x13faqbe x1vvkbs x1xmvt09 x1lliihq x1s928wv xhkezso x1gmr53x x1cpjm7i x1fgarty x1943h6x xudqn12 x3x7a5m x6prxxf xvq8zen xo1l8bm xzsf02u x1yc453h\" dir=\"auto\">prof. Ma\u0142gorzata Omilanowska-Kilja\u0144czyk (przewodnicz\u0105ca), prof. Bernadetta Darska, prof. Anna Gemra, Piotr Kofta, dr Anna Marchewka.<\/span><\/p>\n<p>Tego, kto wygra owo wyr\u00f3\u017cnienie dowiemy si\u0119 w sobot\u0119 31 maja w czasie gali maj\u0105cej miejsce podczas Mi\u0119dzynarodowego Festiwalu Krymina\u0142u Wroc\u0142aw 2025.<span class=\"x193iq5w xeuugli x13faqbe x1vvkbs x1xmvt09 x1lliihq x1s928wv xhkezso x1gmr53x x1cpjm7i x1fgarty x1943h6x xudqn12 x3x7a5m x6prxxf xvq8zen xo1l8bm xzsf02u x1yc453h\" dir=\"auto\"> Podczas tej samej uroczysto\u015bci wr\u0119czona zostanie r\u00f3wnie\u017c Nagroda Czytelnik\u00f3w Wielkiego Kalibru, a tak\u017ce Nagroda Specjalna im. Janiny Paradowskiej. <\/span><\/p>\n<p>Wiadomo ju\u017c, \u017ce\u00a0<span class=\"x193iq5w xeuugli x13faqbe x1vvkbs x1xmvt09 x1lliihq x1s928wv xhkezso x1gmr53x x1cpjm7i x1fgarty x1943h6x xudqn12 x3x7a5m x6prxxf xvq8zen xo1l8bm xzsf02u x1yc453h\" dir=\"auto\">I Nagroda Honorowa Wielkiego Kalibru trafi do hiszpa\u0144skiego pisarza <strong><a href=\"https:\/\/woblink.com\/autor\/juan-gomez-jurado-8797\">Juana G\u00f3meza-Jurado<\/a><\/strong>. To autor g\u0142o\u015bnego cyklu Uniwersum Reina Roja. W Polsce powie\u015bci tego autora ukazuj\u0105 si\u0119 pod szyldem wydawnictwa Sine Qua Non. Autor sugeruje, \u017ceby ksi\u0105\u017cki w tym cyklu czyta\u0107 w nast\u0119puj\u0105cej kolejno\u015bci: <a href=\"https:\/\/woblink.com\/ebook\/pacjent-gomez-jurado-juan-351864u\">Pacjent<\/a>, <a href=\"https:\/\/woblink.com\/audiobook\/sekretna-historia-pana-white-a-gomez-jurado-juan-357733\">Sekretna historia pana White\u2019a<\/a>, <a href=\"https:\/\/woblink.com\/ebook\/blizna-juan-gomez-jurado-310727u\">Blizna<\/a>, <a href=\"https:\/\/woblink.com\/ebook\/reina-roja-czerwona-krolowa-juan-gomez-jurado-286431u\">Reina Roja. Czerwona Kr\u00f3lowa<\/a>, <a href=\"https:\/\/woblink.com\/ebook\/loba-negra-czarna-wilczyca-juan-gomez-jurado-291860u\">Loba Negra. Czarna Wilczyca<\/a>, <a href=\"https:\/\/woblink.com\/ebook\/rey-blanco-bialy-krol-juan-gomez-jurado-297966u\">Rey Blanco. Bia\u0142y Kr\u00f3l<\/a>, <a href=\"https:\/\/woblink.com\/ebook\/todo-arde-wszystko-plonie-juan-gomez-jurado-357772u\">Todo Arde. Wszystko p\u0142onie<\/a>. W ramach serii ukaza\u0142a si\u0119 jeszcze jedna powie\u015b\u0107 \u2013 Todo Vuelve \u2013 ale na razie nie ukaza\u0142a si\u0119 w polskim przek\u0142adzie.<br \/>\n<\/span><\/p>\n<figure id=\"attachment_13642\" aria-describedby=\"caption-attachment-13642\" style=\"width: 204px\" class=\"wp-caption aligncenter\"><a href=\"https:\/\/woblink.com\/ebook\/pacjent-gomez-jurado-juan-351864u\"><img decoding=\"async\" loading=\"lazy\" class=\"wp-image-13642 size-medium\" src=\"https:\/\/i0.wp.com\/woblink.com\/blog\/wp-content\/uploads\/66b5ef16c74fb.jpeg?resize=204%2C300&#038;ssl=1\" alt=\"\" width=\"204\" height=\"300\" srcset=\"https:\/\/i0.wp.com\/woblink.com\/blog\/wp-content\/uploads\/66b5ef16c74fb.jpeg?resize=204%2C300&amp;ssl=1 204w, https:\/\/i0.wp.com\/woblink.com\/blog\/wp-content\/uploads\/66b5ef16c74fb.jpeg?w=570&amp;ssl=1 570w\" sizes=\"(max-width: 204px) 100vw, 204px\" data-recalc-dims=\"1\" \/><\/a><figcaption id=\"caption-attachment-13642\" class=\"wp-caption-text\"><center><b>Kup <a href=\"https:\/\/woblink.com\/ebook\/pacjent-gomez-jurado-juan-351864u\">ebooka <i>Pacjent<\/i><\/a> na Woblink.com<\/b><\/center><\/figcaption><\/figure>\n<h4><b>\u201eSues Dei\u201d \u2013 Jakub \u0106wiek, Wydawnictwo Pulp Books<\/b><\/h4>\n<p>W tej inspirowanej prawdziwymi wydarzeniami ksi\u0105\u017cce, poznamy histori\u0119 dziej\u0105c\u0105 si\u0119 wok\u00f3\u0142 napadu na autokar, kt\u00f3rym podr\u00f3\u017cowali pielgrzymi. Poznamy tu losy kochaj\u0105cego kino Proboszcza i m\u0142odego wikarego na nowej parafii, jak r\u00f3wnie\u017c wdowy po znanym policjancie, kt\u00f3ry skrywa\u0142 mroczne sekrety.<\/p>\n<figure id=\"attachment_13471\" aria-describedby=\"caption-attachment-13471\" style=\"width: 209px\" class=\"wp-caption aligncenter\"><a href=\"https:\/\/woblink.com\/ksiazka\/sues-dei-jakub-cwiek-362356\"><img decoding=\"async\" loading=\"lazy\" class=\"wp-image-13471 size-medium\" src=\"https:\/\/i0.wp.com\/woblink.com\/blog\/wp-content\/uploads\/6746ffee15256.jpeg?resize=209%2C300&#038;ssl=1\" alt=\"\" width=\"209\" height=\"300\" srcset=\"https:\/\/i0.wp.com\/woblink.com\/blog\/wp-content\/uploads\/6746ffee15256.jpeg?resize=209%2C300&amp;ssl=1 209w, https:\/\/i0.wp.com\/woblink.com\/blog\/wp-content\/uploads\/6746ffee15256.jpeg?w=500&amp;ssl=1 500w\" sizes=\"(max-width: 209px) 100vw, 209px\" data-recalc-dims=\"1\" \/><\/a><figcaption id=\"caption-attachment-13471\" class=\"wp-caption-text\"><center><b>Kup <a href=\"https:\/\/woblink.com\/ksiazka\/sues-dei-jakub-cwiek-362356\">ksi\u0105\u017ck\u0119 papierow\u0105<i>Sues Dei<\/i><\/a> na Woblink.com<\/b><\/center><\/figcaption><\/figure>\n<h4><b>\u201eCz\u0142owiek bez przysz\u0142o\u015bci\u201d\u2013 Tomasz Duszy\u0144ski, Wydawnictwo SQN<\/b><\/h4>\n<p>Trzecia cz\u0119\u015b\u0107 cyklu o Komisarzu Wr\u00f3blu. Sprawa zagadkowych morderstw, dziej\u0105cych si\u0119 w targanej trudami wojny, Warszawie. Akcja zaczyna si\u0119 w 1939 roku, kiedy w niewyja\u015bnionych okoliczno\u015bciach w stolicy zaczynaj\u0105 pojawia\u0107 si\u0119 cia\u0142a brutalnie okaleczonych m\u0119\u017cczyzn.<\/p>\n<figure id=\"attachment_13469\" aria-describedby=\"caption-attachment-13469\" style=\"width: 194px\" class=\"wp-caption aligncenter\"><a href=\"https:\/\/woblink.com\/ksiazka\/czlowiek-bez-przyszlosci-tomasz-duszynski-307262\"><img decoding=\"async\" loading=\"lazy\" class=\"wp-image-13469 size-medium\" src=\"https:\/\/i0.wp.com\/woblink.com\/blog\/wp-content\/uploads\/659e77d033e95.jpeg?resize=194%2C300&#038;ssl=1\" alt=\"\" width=\"194\" height=\"300\" srcset=\"https:\/\/i0.wp.com\/woblink.com\/blog\/wp-content\/uploads\/659e77d033e95.jpeg?resize=194%2C300&amp;ssl=1 194w, https:\/\/i0.wp.com\/woblink.com\/blog\/wp-content\/uploads\/659e77d033e95.jpeg?w=554&amp;ssl=1 554w\" sizes=\"(max-width: 194px) 100vw, 194px\" data-recalc-dims=\"1\" \/><\/a><figcaption id=\"caption-attachment-13469\" class=\"wp-caption-text\"><center><b>Kup <a href=\"https:\/\/woblink.com\/ksiazka\/czlowiek-bez-przyszlosci-tomasz-duszynski-307262\">ksi\u0105\u017ck\u0119 papierow\u0105<i> Cz\u0142owiek bez przysz\u0142o\u015bci <\/i><\/a> na Woblink.com<\/b><\/center><\/figcaption><\/figure>\n<h4><b>\u201eSzept\u201d \u2013 Weronika Mathia, Czwarta Strona Krymina\u0142u<\/b><\/h4>\n<p>Na brzegu i\u0142awskiego jeziora zostaj\u0105 znalezione zw\u0142oki nastolatki. W spraw\u0119 anga\u017cuje si\u0119 m\u0142odsza inspektor Dominika Sajna. Stara si\u0119 o powr\u00f3t do pracy w wydziale kryminalnym by podj\u0105\u0107 si\u0119 rozwi\u0105zania zab\u00f3jstwa Kai Dolnej.<\/p>\n<figure id=\"attachment_13461\" aria-describedby=\"caption-attachment-13461\" style=\"width: 198px\" class=\"wp-caption aligncenter\"><a href=\"https:\/\/woblink.com\/ebook\/szept-weronika-mathia-338314u\"><img decoding=\"async\" loading=\"lazy\" class=\"wp-image-13461 size-medium\" src=\"https:\/\/i0.wp.com\/woblink.com\/blog\/wp-content\/uploads\/661504ef4d7d0.jpeg?resize=198%2C300&#038;ssl=1\" alt=\"\" width=\"198\" height=\"300\" srcset=\"https:\/\/i0.wp.com\/woblink.com\/blog\/wp-content\/uploads\/661504ef4d7d0.jpeg?resize=198%2C300&amp;ssl=1 198w, https:\/\/i0.wp.com\/woblink.com\/blog\/wp-content\/uploads\/661504ef4d7d0.jpeg?w=563&amp;ssl=1 563w\" sizes=\"(max-width: 198px) 100vw, 198px\" data-recalc-dims=\"1\" \/><\/a><figcaption id=\"caption-attachment-13461\" class=\"wp-caption-text\"><center><b>Kup <a href=\"https:\/\/woblink.com\/ebook\/szept-weronika-mathia-338314u\">ebooka <i>Szept<\/i><\/a> na Woblink.com<\/b><\/center><\/figcaption><\/figure>\n<h4><b>\u201eK\u0142y\u201d \u2013 J\u0119drzej Pasierski, Wydawnictwo Czarne<\/b><\/h4>\n<p>Kolejna, 8, cz\u0119\u015b\u0107 cyklu o Ninie Wari\u0142ow. Tym razem zmierzy si\u0119 z zagadk\u0105 tajemniczej \u015bmierci Kaliny \u2013 aktywistki dzia\u0142aj\u0105cej na terenach beskidzkich las\u00f3w. Jednak na drodze do prawdy stan\u0105 jej my\u015bliwi z Beskidu Niskiego.<\/p>\n<figure id=\"attachment_13462\" aria-describedby=\"caption-attachment-13462\" style=\"width: 183px\" class=\"wp-caption aligncenter\"><a href=\"https:\/\/woblink.com\/ebook\/kly-jedrzej-pasierski-355491u\"><img decoding=\"async\" loading=\"lazy\" class=\"wp-image-13462 size-medium\" src=\"https:\/\/i0.wp.com\/woblink.com\/blog\/wp-content\/uploads\/67e373ea58c9c.jpeg?resize=183%2C300&#038;ssl=1\" alt=\"\" width=\"183\" height=\"300\" srcset=\"https:\/\/i0.wp.com\/woblink.com\/blog\/wp-content\/uploads\/67e373ea58c9c.jpeg?resize=183%2C300&amp;ssl=1 183w, https:\/\/i0.wp.com\/woblink.com\/blog\/wp-content\/uploads\/67e373ea58c9c.jpeg?w=521&amp;ssl=1 521w\" sizes=\"(max-width: 183px) 100vw, 183px\" data-recalc-dims=\"1\" \/><\/a><figcaption id=\"caption-attachment-13462\" class=\"wp-caption-text\"><center><b>Kup <a href=\"https:\/\/woblink.com\/ebook\/kly-jedrzej-pasierski-355491u\">ebooka <i>K\u0142y<\/i><\/a> na Woblink.com<\/b><\/center><\/figcaption><\/figure>\n<h4><b>\u201e\u0179r\u00f3d\u0142o\u201d \u2013 J\u0119drzej Pasierski, Wydawnictwo Czarne<\/b><\/h4>\n<p>Ksi\u0105\u017cka to 7 tom przyg\u00f3d komisarz Niny Wari\u0142ow. Trafi ona do doliny Popradu, gdzie b\u0119dzie stara\u0142a si\u0119 rozwi\u0105za\u0107 spraw\u0119 \u015bmierci znanego podr\u00f3\u017cnika i jego \u017cony.<\/p>\n<figure id=\"attachment_13463\" aria-describedby=\"caption-attachment-13463\" style=\"width: 182px\" class=\"wp-caption aligncenter\"><a href=\"https:\/\/woblink.com\/ebook\/zrodlo-jedrzej-pasierski-307302u\"><img decoding=\"async\" loading=\"lazy\" class=\"wp-image-13463 size-medium\" src=\"https:\/\/i0.wp.com\/woblink.com\/blog\/wp-content\/uploads\/67e37397c4de0.png?resize=182%2C300&#038;ssl=1\" alt=\"\" width=\"182\" height=\"300\" srcset=\"https:\/\/i0.wp.com\/woblink.com\/blog\/wp-content\/uploads\/67e37397c4de0.png?resize=182%2C300&amp;ssl=1 182w, https:\/\/i0.wp.com\/woblink.com\/blog\/wp-content\/uploads\/67e37397c4de0.png?w=520&amp;ssl=1 520w\" sizes=\"(max-width: 182px) 100vw, 182px\" data-recalc-dims=\"1\" \/><\/a><figcaption id=\"caption-attachment-13463\" class=\"wp-caption-text\"><center><b>Kup <a href=\"https:\/\/woblink.com\/ebook\/zrodlo-jedrzej-pasierski-307302u\">ebooka <i>\u0179r\u00f3d\u0142o<\/i><\/a> na Woblink.com<\/b><\/center><\/figcaption><\/figure>\n<h4><b>\u201eZ\u0142a krew\u201d \u2013 Maciej Ro\u017cen Autor,\u00a0 Wydawnictwo Znak<\/b><\/h4>\n<p>Historia ma miejsce w miejscowo\u015bci Topice. Julia, c\u00f3rka lokalnego biznesmena, zosta\u0142a brutalnie zamordowana. Morderca udusi\u0142 m\u0142od\u0105 dziewczyn\u0119, a nast\u0119pnie wyd\u0142uba\u0142 oczy. Spraw\u0105 zajmie si\u0119 podkomisarz Ada Heldisz, kt\u00f3ra zosta\u0142a przeniesiona z Komendy Sto\u0142ecznej. Zmaga si\u0119 z atakami paniki i problemami, kt\u00f3re bezwzgl\u0119dny morderca b\u0119dzie si\u0119 stara\u0142 wykorzysta\u0107.<\/p>\n<figure id=\"attachment_13464\" aria-describedby=\"caption-attachment-13464\" style=\"width: 196px\" class=\"wp-caption aligncenter\"><a href=\"https:\/\/woblink.com\/ebook\/zla-krew-maciej-rozen-315566u\"><img decoding=\"async\" loading=\"lazy\" class=\"wp-image-13464 size-medium\" src=\"https:\/\/i0.wp.com\/woblink.com\/blog\/wp-content\/uploads\/66546c120633a.jpeg?resize=196%2C300&#038;ssl=1\" alt=\"\" width=\"196\" height=\"300\" srcset=\"https:\/\/i0.wp.com\/woblink.com\/blog\/wp-content\/uploads\/66546c120633a.jpeg?resize=196%2C300&amp;ssl=1 196w, https:\/\/i0.wp.com\/woblink.com\/blog\/wp-content\/uploads\/66546c120633a.jpeg?w=558&amp;ssl=1 558w\" sizes=\"(max-width: 196px) 100vw, 196px\" data-recalc-dims=\"1\" \/><\/a><figcaption id=\"caption-attachment-13464\" class=\"wp-caption-text\"><center><b>Kup <a href=\"https:\/\/woblink.com\/ebook\/zla-krew-maciej-rozen-315566u\">ebooka <i>Z\u0142a krew<\/i><\/a> na Woblink.com<\/b><\/center><\/figcaption><\/figure>\n<h4><b>\u201ePsy go\u0144cze\u201d \u2013 Joanna Ufnalska, Wydawnictwo Pulp Books<\/b><\/h4>\n<p>Akcja dzieje si\u0119 w 1922 roku, w \u0141odzi. Gdzie funkcjonariusz Urz\u0119du \u015aledczego, Jakub, b\u0119dzie prowadzi\u0142 dochodzenie w sprawie morderstwa ksi\u0119dza. W tym samym czasie odnalezione zostaj\u0105 tajemnicze urny z prochami, pewien m\u0142ody ch\u0142opak znika w niewyja\u015bnionych okoliczno\u015bciach.<\/p>\n<figure id=\"attachment_13467\" aria-describedby=\"caption-attachment-13467\" style=\"width: 270px\" class=\"wp-caption aligncenter\"><a href=\"https:\/\/woblink.com\/audiobook\/psy-goncze-ufnalska-joanna-370246\"><img decoding=\"async\" loading=\"lazy\" class=\"wp-image-13467 size-full\" src=\"https:\/\/i0.wp.com\/woblink.com\/blog\/wp-content\/uploads\/67aada904f1d6.png?resize=270%2C270&#038;ssl=1\" alt=\"\" width=\"270\" height=\"270\" srcset=\"https:\/\/i0.wp.com\/woblink.com\/blog\/wp-content\/uploads\/67aada904f1d6.png?w=270&amp;ssl=1 270w, https:\/\/i0.wp.com\/woblink.com\/blog\/wp-content\/uploads\/67aada904f1d6.png?resize=150%2C150&amp;ssl=1 150w\" sizes=\"(max-width: 270px) 100vw, 270px\" data-recalc-dims=\"1\" \/><\/a><figcaption id=\"caption-attachment-13467\" class=\"wp-caption-text\"><center><b>Kup <a href=\"https:\/\/woblink.com\/audiobook\/psy-goncze-ufnalska-joanna-370246\">audiobooka <i>Psy go\u0144cze <\/i><\/a> na Woblink.com<\/b><\/center><\/figcaption><\/figure>\n<p><strong>Nagroda Wielkiego Kalibru jest przyznawana od 2004 roku.<\/strong> Pierwszym laureatem wyr\u00f3\u017cnienia zosta\u0142 Marek Krajewski. W zesz\u0142ym roku nagroda pow\u0119drowa\u0142a do\u00a0 Agnieszki Gracy za powie\u015b\u0107 \u201eCzarny poniedzia\u0142ek\u201d. To debiutancka powie\u015b\u0107 autorki, w kt\u00f3rej dochodzi do odnalezienia zw\u0142ok m\u0142odej kobiety. Zdaniem prokuratury pope\u0142ni\u0142a samob\u00f3jstwo. Jednak siostra zmar\u0142ej jest przekonana, \u017ce to nieprawda. W spraw\u0119 anga\u017cuje si\u0119 Iga Bagi\u0144ska, ekspolicjantka, kt\u00f3ra w\u0142a\u015bnie zosta\u0142a prywatn\u0105 detektywk\u0105. \u017beby tego dokona\u0107, b\u0119dzie musia\u0142a zag\u0142\u0119bi\u0107 si\u0119 w \u015bwiat kobiecej dominacji, zdrad, zazdro\u015bci i wybuja\u0142ych ambicji.<\/p>\n<blockquote class=\"wp-embedded-content\" data-secret=\"rGe6SOMpN4\"><p><a href=\"https:\/\/woblink.com\/blog\/nagroda-wielkiego-kalibru-2024-agnieszka-graca-laureatka\/\">Nagroda Wielkiego Kalibru 2024: Agnieszka Graca laureatk\u0105<\/a><\/p><\/blockquote>\n<p><iframe class=\"wp-embedded-content\" sandbox=\"allow-scripts\" security=\"restricted\" style=\"position: absolute; clip: rect(1px, 1px, 1px, 1px);\" title=\"&#8222;Nagroda Wielkiego Kalibru 2024: Agnieszka Graca laureatk\u0105&#8221; &#8212; Woblink\" src=\"https:\/\/woblink.com\/blog\/nagroda-wielkiego-kalibru-2024-agnieszka-graca-laureatka\/embed\/#?secret=g2c4FnxOe2#?secret=rGe6SOMpN4\" data-secret=\"rGe6SOMpN4\" width=\"500\" height=\"282\" frameborder=\"0\" marginwidth=\"0\" marginheight=\"0\" scrolling=\"no\"><\/iframe><\/p>\n<p>W tym roku <strong>Nagroda Wielkiego Kalibru<\/strong> zostanie przyznana po raz dwudziesty drugi. Na d\u0142ugiej li\u015bcie nominowanych znalaz\u0142o si\u0119 17 tytu\u0142\u00f3w wybranych spo\u015br\u00f3d kilkuset powie\u015bci kryminalnych i sensacyjnych, kt\u00f3re zosta\u0142y napisane w j\u0119zyku polskim i wydane w 2024 roku. W\u015br\u00f3d nich znalaz\u0142y si\u0119 ksi\u0105\u017cki pisarek i pisarzy posiadaj\u0105cy nominacj\u0119 b\u0105d\u017a Nagrod\u0119 Wielkiego Kalibru w swoim dorobku, ale tak\u017ce debiutant\u00f3w.<\/p>\n<p><strong>Ksi\u0105\u017cki finalistki poznamy 5 maja, a tego, kto zostanie uhonorowany Nagroda Wielkiego Kalibru dowiemy si\u0119 31 maja.<\/strong><\/p>\n<h2 style=\"text-align: center;\">Nagroda Wielkiego Kalibru 2025 \u2013 d\u0142uga lista nominowanych<\/h2>\n<h4>\u201eRodzinny interes\u201d \u2013 Wojciech Chmielarz, Wydawnictwo Marginesy<\/h4>\n<p>Kolejna cz\u0119\u015b\u0107 cyklu o Bezimiennym. W tej cz\u0119\u015bci poznamy histori\u0119 tajemniczego zagini\u0119cia w okolicach Wyspy Wolin.<\/p>\n<figure id=\"attachment_13455\" aria-describedby=\"caption-attachment-13455\" style=\"width: 193px\" class=\"wp-caption aligncenter\"><a href=\"https:\/\/woblink.com\/ebook\/rodzinny-interes-wojciech-chmielarz-356483u\"><img decoding=\"async\" loading=\"lazy\" class=\"wp-image-13455 size-medium\" src=\"https:\/\/i0.wp.com\/woblink.com\/blog\/wp-content\/uploads\/671274926d077.jpeg?resize=193%2C300&#038;ssl=1\" alt=\"Nagroda Wielkiego Kalibru 2025 - d\u0142uga lista nominowanych - Rodzinny interes\" width=\"193\" height=\"300\" srcset=\"https:\/\/i0.wp.com\/woblink.com\/blog\/wp-content\/uploads\/671274926d077.jpeg?resize=193%2C300&amp;ssl=1 193w, https:\/\/i0.wp.com\/woblink.com\/blog\/wp-content\/uploads\/671274926d077.jpeg?w=550&amp;ssl=1 550w\" sizes=\"(max-width: 193px) 100vw, 193px\" data-recalc-dims=\"1\" \/><\/a><figcaption id=\"caption-attachment-13455\" class=\"wp-caption-text\"><center><b>Kup <a href=\"https:\/\/woblink.com\/ebook\/rodzinny-interes-wojciech-chmielarz-356483u\">ebooka <i>Rodzinny interes <\/i><\/a> na Woblink.com<\/b><\/center><\/figcaption><\/figure>\n<h4>\u201eKr\u00f3tkie po\u017cegnanie\u201d \u2013 \u00a0Mariusz Czubaj, Wydawnictwo Znak<\/h4>\n<p>G\u0142\u00f3wny bohater, B\u0142a\u017cej Janczar, przekonuje si\u0119 jak szybko, ca\u0142e \u017cycie mo\u017ce stan\u0105\u0107 na g\u0142owie.<\/p>\n<figure id=\"attachment_13456\" aria-describedby=\"caption-attachment-13456\" style=\"width: 206px\" class=\"wp-caption aligncenter\"><a href=\"https:\/\/woblink.com\/ebook\/krotkie-pozegnanie-mariusz-czubaj-338569u\"><img decoding=\"async\" loading=\"lazy\" class=\"wp-image-13456 size-medium\" src=\"https:\/\/i0.wp.com\/woblink.com\/blog\/wp-content\/uploads\/66546be7a7766.jpeg?resize=206%2C300&#038;ssl=1\" alt=\"Kr\u00f3tkie po\u017cegnanie - nagroda wielkiego kalibru 2025\" width=\"206\" height=\"300\" srcset=\"https:\/\/i0.wp.com\/woblink.com\/blog\/wp-content\/uploads\/66546be7a7766.jpeg?resize=206%2C300&amp;ssl=1 206w, https:\/\/i0.wp.com\/woblink.com\/blog\/wp-content\/uploads\/66546be7a7766.jpeg?w=570&amp;ssl=1 570w\" sizes=\"(max-width: 206px) 100vw, 206px\" data-recalc-dims=\"1\" \/><\/a><figcaption id=\"caption-attachment-13456\" class=\"wp-caption-text\"><center><b>Kup <a href=\"https:\/\/woblink.com\/ebook\/krotkie-pozegnanie-mariusz-czubaj-338569u\">ebooka <i>Kr\u00f3tkie po\u017cegnanie <\/i><\/a> na Woblink.com<\/b><\/center><\/figcaption><\/figure>\n<h4>\u201eSues Dei\u201d \u2013 Jakub \u0106wiek, Wydawnictwo Pulp Books<\/h4>\n<p>Ksi\u0105\u017cka inspirowana jest prawdziwymi wydarzeniami. To sensacyjno-kryminalna historia dziej\u0105ca si\u0119 na Podlasiu, gdzie dochodzi do napadu na autokar pe\u0142en pielgrzym\u00f3w.<\/p>\n<figure id=\"attachment_13471\" aria-describedby=\"caption-attachment-13471\" style=\"width: 209px\" class=\"wp-caption aligncenter\"><a href=\"https:\/\/woblink.com\/ksiazka\/sues-dei-jakub-cwiek-362356\"><img decoding=\"async\" loading=\"lazy\" class=\"wp-image-13471 size-medium\" src=\"https:\/\/i0.wp.com\/woblink.com\/blog\/wp-content\/uploads\/6746ffee15256.jpeg?resize=209%2C300&#038;ssl=1\" alt=\"Nagroda Wielkiego Kalibru 2025 - d\u0142uga lista nominowanych - Sues Dei\" width=\"209\" height=\"300\" srcset=\"https:\/\/i0.wp.com\/woblink.com\/blog\/wp-content\/uploads\/6746ffee15256.jpeg?resize=209%2C300&amp;ssl=1 209w, https:\/\/i0.wp.com\/woblink.com\/blog\/wp-content\/uploads\/6746ffee15256.jpeg?w=500&amp;ssl=1 500w\" sizes=\"(max-width: 209px) 100vw, 209px\" data-recalc-dims=\"1\" \/><\/a><figcaption id=\"caption-attachment-13471\" class=\"wp-caption-text\"><center><b>Kup <a href=\"https:\/\/woblink.com\/ksiazka\/sues-dei-jakub-cwiek-362356\">ksi\u0105\u017ck\u0119 papierow\u0105<i>Sues Dei<\/i><\/a> na Woblink.com<\/b><\/center><\/figcaption><\/figure>\n<h4>\u201ePoca\u0142unek Judasza\u201d \u2013 Ryszard \u0106wirlej, Wydawnictwo Muza<\/h4>\n<p>Druga cz\u0119\u015b\u0107 cyklu \u201eProkuratorka Brygida Bocian\u201d. Historia osadzona w przechodz\u0105cej zmiany systemowe, Polsce lat 90.<\/p>\n<figure id=\"attachment_13457\" aria-describedby=\"caption-attachment-13457\" style=\"width: 191px\" class=\"wp-caption aligncenter\"><a href=\"https:\/\/woblink.com\/ebook\/pocalunek-judasza-ryszard-cwirlej-315381u\"><img decoding=\"async\" loading=\"lazy\" class=\"wp-image-13457 size-medium\" src=\"https:\/\/i0.wp.com\/woblink.com\/blog\/wp-content\/uploads\/65e5d8fd0036c.jpeg?resize=191%2C300&#038;ssl=1\" alt=\"poca\u0142unek judasza - nagroda wielkiego kalibru 2025\" width=\"191\" height=\"300\" srcset=\"https:\/\/i0.wp.com\/woblink.com\/blog\/wp-content\/uploads\/65e5d8fd0036c.jpeg?resize=191%2C300&amp;ssl=1 191w, https:\/\/i0.wp.com\/woblink.com\/blog\/wp-content\/uploads\/65e5d8fd0036c.jpeg?resize=420%2C660&amp;ssl=1 420w, https:\/\/i0.wp.com\/woblink.com\/blog\/wp-content\/uploads\/65e5d8fd0036c.jpeg?w=543&amp;ssl=1 543w\" sizes=\"(max-width: 191px) 100vw, 191px\" data-recalc-dims=\"1\" \/><\/a><figcaption id=\"caption-attachment-13457\" class=\"wp-caption-text\"><center><b>Kup <a href=\"https:\/\/woblink.com\/ebook\/pocalunek-judasza-ryszard-cwirlej-315381u\">ebooka <i>Poca\u0142unek Judasza <\/i><\/a> na Woblink.com<\/b><\/center><\/figcaption><\/figure>\n<h4>\u201eZ\u0142y Samarytanin\u201d \u2013 Jarek Dobrowolski, Sinister Project<\/h4>\n<p>Policja Pa\u0144stwowa \u0142apie morderc\u0119 prawie natychmiast, po tym jak zamordowa\u0142 trzy zakonnice. Jednak to odkrycie kim jest ten cz\u0142owiek, i jakie skrywa sekrety, b\u0119dzie prawdziw\u0105 zagadk\u0105 do rozwi\u0105zania.<\/p>\n<p><img decoding=\"async\" loading=\"lazy\" class=\"aligncenter wp-image-13470 size-medium\" src=\"https:\/\/i0.wp.com\/woblink.com\/blog\/wp-content\/uploads\/1188700-352x500-1.jpg?resize=211%2C300&#038;ssl=1\" alt=\"Z\u0142y Samarytanin - nagroda wielkiego kalibru 2025\" width=\"211\" height=\"300\" srcset=\"https:\/\/i0.wp.com\/woblink.com\/blog\/wp-content\/uploads\/1188700-352x500-1.jpg?resize=211%2C300&amp;ssl=1 211w, https:\/\/i0.wp.com\/woblink.com\/blog\/wp-content\/uploads\/1188700-352x500-1.jpg?w=352&amp;ssl=1 352w\" sizes=\"(max-width: 211px) 100vw, 211px\" data-recalc-dims=\"1\" \/><\/p>\n<h4>\u201eCz\u0142owiek bez przysz\u0142o\u015bci\u201d\u2013 Tomasz Duszy\u0144ski, Wydawnictwo SQN<\/h4>\n<p>W trzecim tomie z cyklu \u201eKomisarz Wr\u00f3bel\u201d, bohater b\u0119dzie zmuszony prowadzi\u0107 \u015bledztwo w ruinach umieraj\u0105cego miasta.<\/p>\n<figure id=\"attachment_13469\" aria-describedby=\"caption-attachment-13469\" style=\"width: 194px\" class=\"wp-caption aligncenter\"><a href=\"https:\/\/woblink.com\/ksiazka\/czlowiek-bez-przyszlosci-tomasz-duszynski-307262\"><img decoding=\"async\" loading=\"lazy\" class=\"wp-image-13469 size-medium\" src=\"https:\/\/i0.wp.com\/woblink.com\/blog\/wp-content\/uploads\/659e77d033e95.jpeg?resize=194%2C300&#038;ssl=1\" alt=\"Cz\u0142owiek bez przysz\u0142o\u015bci - nagroda wielkiego kalibru 2025\" width=\"194\" height=\"300\" srcset=\"https:\/\/i0.wp.com\/woblink.com\/blog\/wp-content\/uploads\/659e77d033e95.jpeg?resize=194%2C300&amp;ssl=1 194w, https:\/\/i0.wp.com\/woblink.com\/blog\/wp-content\/uploads\/659e77d033e95.jpeg?w=554&amp;ssl=1 554w\" sizes=\"(max-width: 194px) 100vw, 194px\" data-recalc-dims=\"1\" \/><\/a><figcaption id=\"caption-attachment-13469\" class=\"wp-caption-text\"><center><b>Kup <a href=\"https:\/\/woblink.com\/ksiazka\/czlowiek-bez-przyszlosci-tomasz-duszynski-307262\">ksi\u0105\u017ck\u0119 papierow\u0105<i>Cz\u0142owiek bez przysz\u0142o\u015bci <\/i><\/a> na Woblink.com<\/b><\/center><\/figcaption><\/figure>\n<h4>\u201eRuiny\u201d \u2013 Ma\u0142gorzata i Micha\u0142 Ku\u017ami\u0144scy, Wydawnictwo Dolno\u015bl\u0105skie<\/h4>\n<p>Kryminalna historia, w kt\u00f3rej bohaterowie b\u0119d\u0105 musieli zmierzy\u0107 si\u0119 nie tylko z gwa\u0142town\u0105 \u015bmierci\u0105. Na przeciw nich stanie r\u00f3wnie\u017c ich w\u0142asna przesz\u0142o\u015b\u0107.<\/p>\n<figure id=\"attachment_13458\" aria-describedby=\"caption-attachment-13458\" style=\"width: 201px\" class=\"wp-caption aligncenter\"><a href=\"https:\/\/woblink.com\/ebook\/ruiny-michal-kuzminski-malgorzata-fugiel-kuzminska-345300u\"><img decoding=\"async\" loading=\"lazy\" class=\"wp-image-13458 size-medium\" src=\"https:\/\/i0.wp.com\/woblink.com\/blog\/wp-content\/uploads\/665fc7031d5af-1.jpeg?resize=201%2C300&#038;ssl=1\" alt=\"Nagroda Wielkiego Kalibru 2025 - d\u0142uga lista nominowanych - Ruiny\" width=\"201\" height=\"300\" srcset=\"https:\/\/i0.wp.com\/woblink.com\/blog\/wp-content\/uploads\/665fc7031d5af-1.jpeg?resize=201%2C300&amp;ssl=1 201w, https:\/\/i0.wp.com\/woblink.com\/blog\/wp-content\/uploads\/665fc7031d5af-1.jpeg?w=570&amp;ssl=1 570w\" sizes=\"(max-width: 201px) 100vw, 201px\" data-recalc-dims=\"1\" \/><\/a><figcaption id=\"caption-attachment-13458\" class=\"wp-caption-text\"><center><b>Kup <a href=\"https:\/\/woblink.com\/ebook\/ruiny-michal-kuzminski-malgorzata-fugiel-kuzminska-345300u\">ebooka <i>Ruiny <\/i><\/a> na Woblink.com<\/b><\/center><\/figcaption><\/figure>\n<h4>\u201eObsesja powzi\u0119tej zemsty\u201d \u2013 Stefan G\u00f3rawski, Wydawnictwo CM<\/h4>\n<p>Sier\u017cant Hieronim Wrosta, poszukuje mordercy swojej matki. Poprzysi\u0105g\u0142 mu zemst\u0119, a na drodze do jej realizacji, mo\u017ce popa\u015b\u0107 w obsesj\u0119.<\/p>\n<p><img decoding=\"async\" loading=\"lazy\" class=\"aligncenter wp-image-13468 size-medium\" src=\"https:\/\/i0.wp.com\/woblink.com\/blog\/wp-content\/uploads\/1222336-352x500-1.jpg?resize=211%2C300&#038;ssl=1\" alt=\"Obsesja powzi\u0119tej zemsty - nagroda wielkiego kalibru 2025\" width=\"211\" height=\"300\" srcset=\"https:\/\/i0.wp.com\/woblink.com\/blog\/wp-content\/uploads\/1222336-352x500-1.jpg?resize=211%2C300&amp;ssl=1 211w, https:\/\/i0.wp.com\/woblink.com\/blog\/wp-content\/uploads\/1222336-352x500-1.jpg?w=352&amp;ssl=1 352w\" sizes=\"(max-width: 211px) 100vw, 211px\" data-recalc-dims=\"1\" \/><\/p>\n<h4>\u201eTurnia\u201d \u2013 Anna Klejzerowicz, Wydawnictwo Purple Book<\/h4>\n<p>W latach dziewi\u0119\u0107dziesi\u0105tych, w Zakopanym, znika Karolina Olsza\u0144ska. Trzydzie\u015bci lat p\u00f3\u017aniej, jej siostrzenica Lena, postanawia rozwi\u0105za\u0107 spraw\u0119 zagini\u0119cia.<\/p>\n<figure id=\"attachment_13459\" aria-describedby=\"caption-attachment-13459\" style=\"width: 192px\" class=\"wp-caption aligncenter\"><a href=\"https:\/\/woblink.com\/ebook\/turnia-anna-klejzerowicz-345424u\"><img decoding=\"async\" loading=\"lazy\" class=\"wp-image-13459 size-medium\" src=\"https:\/\/i0.wp.com\/woblink.com\/blog\/wp-content\/uploads\/67e37021549ca.jpeg?resize=192%2C300&#038;ssl=1\" alt=\"Nagroda Wielkiego Kalibru 2025 - d\u0142uga lista nominowanych - Turnia\" width=\"192\" height=\"300\" srcset=\"https:\/\/i0.wp.com\/woblink.com\/blog\/wp-content\/uploads\/67e37021549ca.jpeg?resize=192%2C300&amp;ssl=1 192w, https:\/\/i0.wp.com\/woblink.com\/blog\/wp-content\/uploads\/67e37021549ca.jpeg?w=548&amp;ssl=1 548w\" sizes=\"(max-width: 192px) 100vw, 192px\" data-recalc-dims=\"1\" \/><\/a><figcaption id=\"caption-attachment-13459\" class=\"wp-caption-text\"><center><b>Kup <a href=\"https:\/\/woblink.com\/ebook\/turnia-anna-klejzerowicz-345424u\">ebooka <i>Turnia <\/i><\/a> na Woblink.com<\/b><\/center><\/figcaption><\/figure>\n<h4>\u201eNie zaznasz spokoju\u201d \u2013 Ma\u0142gorzata \u0141atka, Wydawnictwo HarperCollins Polska<\/h4>\n<p>Spokojne miasteczko na po\u0142udniu Polski, mierzy si\u0119 z niespodziewan\u0105 tragedi\u0105.<\/p>\n<figure id=\"attachment_13460\" aria-describedby=\"caption-attachment-13460\" style=\"width: 202px\" class=\"wp-caption aligncenter\"><a href=\"https:\/\/woblink.com\/ebook\/nie-zaznasz-spokoju-malgorzata-latka-351746u\"><img decoding=\"async\" loading=\"lazy\" class=\"wp-image-13460 size-medium\" src=\"https:\/\/i0.wp.com\/woblink.com\/blog\/wp-content\/uploads\/67ea9b818e19e.jpeg?resize=202%2C300&#038;ssl=1\" alt=\"Nie zaznasz spokoju - nagroda wielkiego kalibru 2025\" width=\"202\" height=\"300\" srcset=\"https:\/\/i0.wp.com\/woblink.com\/blog\/wp-content\/uploads\/67ea9b818e19e.jpeg?resize=202%2C300&amp;ssl=1 202w, https:\/\/i0.wp.com\/woblink.com\/blog\/wp-content\/uploads\/67ea9b818e19e.jpeg?w=570&amp;ssl=1 570w\" sizes=\"(max-width: 202px) 100vw, 202px\" data-recalc-dims=\"1\" \/><\/a><figcaption id=\"caption-attachment-13460\" class=\"wp-caption-text\"><center><b>Kup <a href=\"https:\/\/woblink.com\/ebook\/nie-zaznasz-spokoju-malgorzata-latka-351746u\">ebooka <i>Nie zaznasz spokoju<\/i><\/a> na Woblink.com<\/b><\/center><\/figcaption><\/figure>\n<h4>\u201eSzept\u201d \u2013 Weronika Mathia, Czwarta Strona Krymina\u0142u<\/h4>\n<p>Na brzegu I\u0142awskiego jeziora, zostaj\u0105 znalezione zw\u0142oki martwej nastolatki.<\/p>\n<figure id=\"attachment_13461\" aria-describedby=\"caption-attachment-13461\" style=\"width: 198px\" class=\"wp-caption aligncenter\"><a href=\"https:\/\/woblink.com\/ebook\/szept-weronika-mathia-338314u\"><img decoding=\"async\" loading=\"lazy\" class=\"wp-image-13461 size-medium\" src=\"https:\/\/i0.wp.com\/woblink.com\/blog\/wp-content\/uploads\/661504ef4d7d0.jpeg?resize=198%2C300&#038;ssl=1\" alt=\"Szept - nagroda wielkiego kalibru 2025\" width=\"198\" height=\"300\" srcset=\"https:\/\/i0.wp.com\/woblink.com\/blog\/wp-content\/uploads\/661504ef4d7d0.jpeg?resize=198%2C300&amp;ssl=1 198w, https:\/\/i0.wp.com\/woblink.com\/blog\/wp-content\/uploads\/661504ef4d7d0.jpeg?w=563&amp;ssl=1 563w\" sizes=\"(max-width: 198px) 100vw, 198px\" data-recalc-dims=\"1\" \/><\/a><figcaption id=\"caption-attachment-13461\" class=\"wp-caption-text\"><center><b>Kup <a href=\"https:\/\/woblink.com\/ebook\/szept-weronika-mathia-338314u\">ebooka <i>Szept<\/i><\/a> na Woblink.com<\/b><\/center><\/figcaption><\/figure>\n<h4>\u201eK\u0142y\u201d \u2013 J\u0119drzej Pasierski, Wydawnictwo Czarne<\/h4>\n<p>Ksi\u0105\u017cka to 8 tom cyklu \u201eNina Wari\u0142ow\u201d. W dolinie Brzennej dochodzi do tajemniczej \u015bmierci Kaliny. Nina Wari\u0142ow pod\u0105\u017cy tropy prowadz\u0105cym przez beskidzkie lasy.<\/p>\n<figure id=\"attachment_13462\" aria-describedby=\"caption-attachment-13462\" style=\"width: 183px\" class=\"wp-caption aligncenter\"><a href=\"https:\/\/woblink.com\/ebook\/kly-jedrzej-pasierski-355491u\"><img decoding=\"async\" loading=\"lazy\" class=\"wp-image-13462 size-medium\" src=\"https:\/\/i0.wp.com\/woblink.com\/blog\/wp-content\/uploads\/67e373ea58c9c.jpeg?resize=183%2C300&#038;ssl=1\" alt=\"Nagroda Wielkiego Kalibru 2025 - d\u0142uga lista nominowanych - K\u0142y\" width=\"183\" height=\"300\" srcset=\"https:\/\/i0.wp.com\/woblink.com\/blog\/wp-content\/uploads\/67e373ea58c9c.jpeg?resize=183%2C300&amp;ssl=1 183w, https:\/\/i0.wp.com\/woblink.com\/blog\/wp-content\/uploads\/67e373ea58c9c.jpeg?w=521&amp;ssl=1 521w\" sizes=\"(max-width: 183px) 100vw, 183px\" data-recalc-dims=\"1\" \/><\/a><figcaption id=\"caption-attachment-13462\" class=\"wp-caption-text\"><center><b>Kup <a href=\"https:\/\/woblink.com\/ebook\/kly-jedrzej-pasierski-355491u\">ebooka <i>K\u0142y<\/i><\/a> na Woblink.com<\/b><\/center><\/figcaption><\/figure>\n<h4>\u201e\u0179r\u00f3d\u0142o\u201d \u2013 J\u0119drzej Pasierski, Wydawnictwo Czarne<\/h4>\n<p>Jest to 7 tom cyklu \u201eNina Wari\u0142ow\u201d. Komisarz Nina Wari\u0142ow trafi do doliny Popradu. Podejmie si\u0119 rozwi\u0105zania zagadki stoj\u0105cej za cia\u0142ami znanego podr\u00f3\u017cnika i jego \u017cony.<\/p>\n<figure id=\"attachment_13463\" aria-describedby=\"caption-attachment-13463\" style=\"width: 182px\" class=\"wp-caption aligncenter\"><a href=\"https:\/\/woblink.com\/ebook\/zrodlo-jedrzej-pasierski-307302u\"><img decoding=\"async\" loading=\"lazy\" class=\"wp-image-13463 size-medium\" src=\"https:\/\/i0.wp.com\/woblink.com\/blog\/wp-content\/uploads\/67e37397c4de0.png?resize=182%2C300&#038;ssl=1\" alt=\"\u0179r\u00f3d\u0142o - nagroda wielkiego kalibru 2025\" width=\"182\" height=\"300\" srcset=\"https:\/\/i0.wp.com\/woblink.com\/blog\/wp-content\/uploads\/67e37397c4de0.png?resize=182%2C300&amp;ssl=1 182w, https:\/\/i0.wp.com\/woblink.com\/blog\/wp-content\/uploads\/67e37397c4de0.png?w=520&amp;ssl=1 520w\" sizes=\"(max-width: 182px) 100vw, 182px\" data-recalc-dims=\"1\" \/><\/a><figcaption id=\"caption-attachment-13463\" class=\"wp-caption-text\"><center><b>Kup <a href=\"https:\/\/woblink.com\/ebook\/zrodlo-jedrzej-pasierski-307302u\">ebooka <i>\u0179r\u00f3d\u0142o<\/i><\/a> na Woblink.com<\/b><\/center><\/figcaption><\/figure>\n<h4>\u201eZ\u0142a krew\u201d \u2013 Maciej Ro\u017cen Autor,\u00a0 Wydawnictwo Znak<\/h4>\n<p>Podkomisarz Ada Heldisz poprowadzi spraw\u0119 morderstwa m\u0142odej dziewczyny. Julia, c\u00f3rka miejscowego prominenta, zosta\u0142a brutalnie uduszona.<\/p>\n<figure id=\"attachment_13464\" aria-describedby=\"caption-attachment-13464\" style=\"width: 196px\" class=\"wp-caption aligncenter\"><a href=\"https:\/\/woblink.com\/ebook\/zla-krew-maciej-rozen-315566u\"><img decoding=\"async\" loading=\"lazy\" class=\"wp-image-13464 size-medium\" src=\"https:\/\/i0.wp.com\/woblink.com\/blog\/wp-content\/uploads\/66546c120633a.jpeg?resize=196%2C300&#038;ssl=1\" alt=\"Z\u0142a krew - nagroda wielkiego kalibru 2025\" width=\"196\" height=\"300\" srcset=\"https:\/\/i0.wp.com\/woblink.com\/blog\/wp-content\/uploads\/66546c120633a.jpeg?resize=196%2C300&amp;ssl=1 196w, https:\/\/i0.wp.com\/woblink.com\/blog\/wp-content\/uploads\/66546c120633a.jpeg?w=558&amp;ssl=1 558w\" sizes=\"(max-width: 196px) 100vw, 196px\" data-recalc-dims=\"1\" \/><\/a><figcaption id=\"caption-attachment-13464\" class=\"wp-caption-text\"><center><b>Kup <a href=\"https:\/\/woblink.com\/ebook\/zla-krew-maciej-rozen-315566u\">ebooka <i>Z\u0142a krew<\/i><\/a> na Woblink.com<\/b><\/center><\/figcaption><\/figure>\n<h4>\u201e\u017b\u00f3\u0142\u0107\u201d \u2013 Ma\u0142gorzata Oliwia Sobczak, Wydawnictwo W.A.B.<\/h4>\n<p>Znalezione zw\u0142oki, pomimo podci\u0119tych \u017cy\u0142, okazuj\u0105 si\u0119 nie by\u0107 samob\u00f3jstwem. Prokurator Bilski wraz z policj\u0105 musz\u0105 odkry\u0107 co naprawd\u0119 si\u0119 wydarzy\u0142o.<\/p>\n<figure id=\"attachment_13465\" aria-describedby=\"caption-attachment-13465\" style=\"width: 200px\" class=\"wp-caption aligncenter\"><a href=\"https:\/\/woblink.com\/ebook\/kolory-zla-zolc-malgorzata-oliwia-sobczak-345247u\"><img decoding=\"async\" loading=\"lazy\" class=\"wp-image-13465 size-medium\" src=\"https:\/\/i0.wp.com\/woblink.com\/blog\/wp-content\/uploads\/665da407cb276.jpeg?resize=200%2C300&#038;ssl=1\" alt=\"Nagroda Wielkiego Kalibru 2025 - d\u0142uga lista nominowanych - \u017b\u00f3\u0142\u0107\" width=\"200\" height=\"300\" srcset=\"https:\/\/i0.wp.com\/woblink.com\/blog\/wp-content\/uploads\/665da407cb276.jpeg?resize=200%2C300&amp;ssl=1 200w, https:\/\/i0.wp.com\/woblink.com\/blog\/wp-content\/uploads\/665da407cb276.jpeg?w=570&amp;ssl=1 570w\" sizes=\"(max-width: 200px) 100vw, 200px\" data-recalc-dims=\"1\" \/><\/a><figcaption id=\"caption-attachment-13465\" class=\"wp-caption-text\"><center><b>Kup <a href=\"https:\/\/woblink.com\/ebook\/kolory-zla-zolc-malgorzata-oliwia-sobczak-345247u\">ebooka <i>\u017b\u00f3\u0142\u0107<\/i><\/a> na Woblink.com<\/b><\/center><\/figcaption><\/figure>\n<h4>\u201ePsy go\u0144cze\u201d \u2013 Joanna Ufnalska, Wydawnictwo Pulp Books<\/h4>\n<p>W \u0141odzi roku 1922 dochodzi do morderstwa ksi\u0119dza. Spraw\u0105 zajmie si\u0119 Jakub, funkcjonariusz \u0141\u00f3dzkiego Urz\u0119du \u015aledczego.<\/p>\n<figure id=\"attachment_13467\" aria-describedby=\"caption-attachment-13467\" style=\"width: 270px\" class=\"wp-caption aligncenter\"><a href=\"https:\/\/woblink.com\/audiobook\/psy-goncze-ufnalska-joanna-370246\"><img decoding=\"async\" loading=\"lazy\" class=\"wp-image-13467 size-full\" src=\"https:\/\/i0.wp.com\/woblink.com\/blog\/wp-content\/uploads\/67aada904f1d6.png?resize=270%2C270&#038;ssl=1\" alt=\"Psy go\u0144cze - nagroda wielkiego kalibru 2025\" width=\"270\" height=\"270\" srcset=\"https:\/\/i0.wp.com\/woblink.com\/blog\/wp-content\/uploads\/67aada904f1d6.png?w=270&amp;ssl=1 270w, https:\/\/i0.wp.com\/woblink.com\/blog\/wp-content\/uploads\/67aada904f1d6.png?resize=150%2C150&amp;ssl=1 150w\" sizes=\"(max-width: 270px) 100vw, 270px\" data-recalc-dims=\"1\" \/><\/a><figcaption id=\"caption-attachment-13467\" class=\"wp-caption-text\"><center><b>Kup <a href=\"https:\/\/woblink.com\/audiobook\/psy-goncze-ufnalska-joanna-370246\">audiobooka <i>Psy go\u0144cze <\/i><\/a> na Woblink.com<\/b><\/center><\/figcaption><\/figure>\n<h4>&#8222;Trzcinowisko\u201d \u2013 \u00a0Kinga W\u00f3jcik, Wydawnictwo Pr\u00f3szy\u0144ski i S-ka<\/h4>\n<p>Jest to pierwsza cz\u0119\u015b\u0107 cyklu o detektywie Aleksandrze Zamojskim. Sprawa Ewy Ostaszewskiej, kt\u00f3rej zw\u0142oki zosta\u0142y odnalezione w trzcinowisku przez policj\u0119.<\/p>\n<figure id=\"attachment_13466\" aria-describedby=\"caption-attachment-13466\" style=\"width: 205px\" class=\"wp-caption aligncenter\"><a href=\"https:\/\/woblink.com\/ebook\/trzcinowisko-kinga-wojcik-315807u\"><img decoding=\"async\" loading=\"lazy\" class=\"wp-image-13466 size-medium\" src=\"https:\/\/i0.wp.com\/woblink.com\/blog\/wp-content\/uploads\/67e36fa493ee6.jpeg?resize=205%2C300&#038;ssl=1\" alt=\"Trzcinowisko - nagroda wielkiego kalibru 2025\" width=\"205\" height=\"300\" srcset=\"https:\/\/i0.wp.com\/woblink.com\/blog\/wp-content\/uploads\/67e36fa493ee6.jpeg?resize=205%2C300&amp;ssl=1 205w, https:\/\/i0.wp.com\/woblink.com\/blog\/wp-content\/uploads\/67e36fa493ee6.jpeg?w=570&amp;ssl=1 570w\" sizes=\"(max-width: 205px) 100vw, 205px\" data-recalc-dims=\"1\" \/><\/a><figcaption id=\"caption-attachment-13466\" class=\"wp-caption-text\"><center><b>Kup <a href=\"https:\/\/woblink.com\/ebook\/trzcinowisko-kinga-wojcik-315807u\">ebooka <i>Trzcinowisko <\/i><\/a> na Woblink.com<\/b><\/center><\/figcaption><\/figure>\n<p><span class=\"x193iq5w xeuugli x13faqbe x1vvkbs x1xmvt09 x1lliihq x1s928wv xhkezso x1gmr53x x1cpjm7i x1fgarty x1943h6x xudqn12 x3x7a5m x6prxxf xvq8zen xo1l8bm xzsf02u x1yc453h\" dir=\"auto\">Wyboru dokona\u0142o jury w sk\u0142adzie: prof. Ma\u0142gorzata Omilanowska-Kilja\u0144czyk (przewodnicz\u0105ca), prof. Bernadetta Darska, prof. Anna Gemra, Piotr Kofta, dr Anna Marchewka. To samo jury do 5 maja 2025 roku wy\u0142oni 7 ksi\u0105\u017cek finalistek.<br \/>\n<\/span><\/p>\n<p><strong>Nagroda Wielkiego Kalibru zostanie wr\u0119czona 31 maja, podczas gali w trakcie Mi\u0119dzynarodowego Festiwalu Krymina\u0142u Wroc\u0142aw 2025.<\/strong><\/p>\n<p>Opr\u00f3cz nagrody g\u0142\u00f3wnej, tradycyjnie zostanie wr\u0119czona r\u00f3wnie\u017c Nagroda Czytelnik\u00f3w.<br \/>\n<iframe loading=\"lazy\" style=\"border: none; overflow: hidden;\" src=\"https:\/\/www.facebook.com\/plugins\/post.php?href=https%3A%2F%2Fwww.facebook.com%2FFestiwalKryminalu%2Fposts%2Fpfbid02fLwyT71ix9UCAFE82NsM9xHicd5B1MkxvWa7QVdy3KBqo3aXAr5snXPzjBkh72ifl&amp;show_text=true&amp;width=500\" width=\"500\" height=\"601\" frameborder=\"0\" scrolling=\"no\" allowfullscreen=\"allowfullscreen\"><\/iframe><\/p>\n","protected":false},"excerpt":{"rendered":"<p>Og\u0142oszono kr\u00f3tk\u0105 list\u0119 nominowanych do Nagrody Wielkiego Kalibru! Nagroda przyznawana jest przez Stowarzyszenie Mi\u0142o\u015bnik\u00f3w Krymina\u0142u i Sensacji \u201eTrup w szafie\u201d od 2004 roku.\u00a0 Na li\u015bcie znalaz\u0142o si\u0119 siedem tytu\u0142\u00f3w, kt\u00f3re b\u0119d\u0105 mia\u0142y szans\u0119 na t\u0105 nagrod\u0119.\u00a0Nazwisko laureata lub laureatki zostanie og\u0142oszone 31 maja, podczas gali&#8230;<\/p>\n","protected":false},"author":7,"featured_media":13639,"comment_status":"closed","ping_status":"open","sticky":false,"template":"","format":"standard","meta":[],"categories":[81],"tags":[],"yoast_head":"<!-- This site is optimized with the Yoast SEO plugin v20.11 - https:\/\/yoast.com\/wordpress\/plugins\/seo\/ -->\n<title>Nagroda Wielkiego Kalibru 2025 - Woblink<\/title>\n<meta name=\"description\" content=\"Nagroda Wielkiego Kalibru 2025 - znamy d\u0142ug\u0105 list\u0119 nominowanych! A na niej mi\u0119dzy innymi J\u0119drzej Pasierski i Wojciech Chmielarz.\" \/>\n<meta name=\"robots\" content=\"index, follow, max-snippet:-1, max-image-preview:large, max-video-preview:-1\" \/>\n<link rel=\"canonical\" href=\"https:\/\/woblink.com\/blog\/nagroda-wielkiego-kalibru-2025\/\" \/>\n<meta property=\"og:locale\" content=\"pl_PL\" \/>\n<meta property=\"og:type\" content=\"article\" \/>\n<meta property=\"og:title\" content=\"Nagroda Wielkiego Kalibru 2025 - Woblink\" \/>\n<meta property=\"og:description\" content=\"Nagroda Wielkiego Kalibru 2025 - znamy d\u0142ug\u0105 list\u0119 nominowanych! A na niej mi\u0119dzy innymi J\u0119drzej Pasierski i Wojciech Chmielarz.\" \/>\n<meta property=\"og:url\" content=\"https:\/\/woblink.com\/blog\/nagroda-wielkiego-kalibru-2025\/\" \/>\n<meta property=\"og:site_name\" content=\"Woblink\" \/>\n<meta property=\"article:publisher\" content=\"https:\/\/facebook.com\/woblink\" \/>\n<meta property=\"article:published_time\" content=\"2025-05-09T14:00:13+00:00\" \/>\n<meta property=\"article:modified_time\" content=\"2025-12-03T08:56:28+00:00\" \/>\n<meta property=\"og:image\" content=\"https:\/\/woblink.com\/blog\/wp-content\/uploads\/blog-34.jpg\" \/>\n\t<meta property=\"og:image:width\" content=\"1011\" \/>\n\t<meta property=\"og:image:height\" content=\"690\" \/>\n\t<meta property=\"og:image:type\" content=\"image\/jpeg\" \/>\n<meta name=\"author\" content=\"Redakcja Woblinka\" \/>\n<meta name=\"twitter:card\" content=\"summary_large_image\" \/>\n<meta name=\"twitter:creator\" content=\"@woblink_com\" \/>\n<meta name=\"twitter:site\" content=\"@woblink_com\" \/>\n<meta name=\"twitter:label1\" content=\"Napisane przez\" \/>\n\t<meta name=\"twitter:data1\" content=\"Redakcja Woblinka\" \/>\n\t<meta name=\"twitter:label2\" content=\"Szacowany czas czytania\" \/>\n\t<meta name=\"twitter:data2\" content=\"14 minut\" \/>\n<script type=\"application\/ld+json\" class=\"yoast-schema-graph\">{\"@context\":\"https:\/\/schema.org\",\"@graph\":[{\"@type\":\"Article\",\"@id\":\"https:\/\/woblink.com\/blog\/nagroda-wielkiego-kalibru-2025\/#article\",\"isPartOf\":{\"@id\":\"https:\/\/woblink.com\/blog\/nagroda-wielkiego-kalibru-2025\/\"},\"author\":{\"name\":\"Redakcja Woblinka\",\"@id\":\"https:\/\/woblink.com\/blog\/#\/schema\/person\/8ab6b79d64fa54209272130c4c3b1e95\"},\"headline\":\"Nagroda Wielkiego Kalibru 2025\",\"datePublished\":\"2025-05-09T14:00:13+00:00\",\"dateModified\":\"2025-12-03T08:56:28+00:00\",\"mainEntityOfPage\":{\"@id\":\"https:\/\/woblink.com\/blog\/nagroda-wielkiego-kalibru-2025\/\"},\"wordCount\":1813,\"publisher\":{\"@id\":\"https:\/\/woblink.com\/blog\/#organization\"},\"articleSection\":[\"Rankingi ksi\u0105\u017cek\"],\"inLanguage\":\"pl-PL\"},{\"@type\":\"WebPage\",\"@id\":\"https:\/\/woblink.com\/blog\/nagroda-wielkiego-kalibru-2025\/\",\"url\":\"https:\/\/woblink.com\/blog\/nagroda-wielkiego-kalibru-2025\/\",\"name\":\"Nagroda Wielkiego Kalibru 2025 - Woblink\",\"isPartOf\":{\"@id\":\"https:\/\/woblink.com\/blog\/#website\"},\"datePublished\":\"2025-05-09T14:00:13+00:00\",\"dateModified\":\"2025-12-03T08:56:28+00:00\",\"description\":\"Nagroda Wielkiego Kalibru 2025 - znamy d\u0142ug\u0105 list\u0119 nominowanych! A na niej mi\u0119dzy innymi J\u0119drzej Pasierski i Wojciech Chmielarz.\",\"breadcrumb\":{\"@id\":\"https:\/\/woblink.com\/blog\/nagroda-wielkiego-kalibru-2025\/#breadcrumb\"},\"inLanguage\":\"pl-PL\",\"potentialAction\":[{\"@type\":\"ReadAction\",\"target\":[\"https:\/\/woblink.com\/blog\/nagroda-wielkiego-kalibru-2025\/\"]}]},{\"@type\":\"BreadcrumbList\",\"@id\":\"https:\/\/woblink.com\/blog\/nagroda-wielkiego-kalibru-2025\/#breadcrumb\",\"itemListElement\":[{\"@type\":\"ListItem\",\"position\":1,\"name\":\"Strona g\u0142\u00f3wna\",\"item\":\"https:\/\/woblink.com\/blog\/\"},{\"@type\":\"ListItem\",\"position\":2,\"name\":\"Nagroda Wielkiego Kalibru 2025\"}]},{\"@type\":\"WebSite\",\"@id\":\"https:\/\/woblink.com\/blog\/#website\",\"url\":\"https:\/\/woblink.com\/blog\/\",\"name\":\"Woblink\",\"description\":\"najlepszy firmowy blog o ksi\u0105\u017ckach\",\"publisher\":{\"@id\":\"https:\/\/woblink.com\/blog\/#organization\"},\"potentialAction\":[{\"@type\":\"SearchAction\",\"target\":{\"@type\":\"EntryPoint\",\"urlTemplate\":\"https:\/\/woblink.com\/blog\/?s={search_term_string}\"},\"query-input\":\"required name=search_term_string\"}],\"inLanguage\":\"pl-PL\"},{\"@type\":\"Organization\",\"@id\":\"https:\/\/woblink.com\/blog\/#organization\",\"name\":\"Woblink\",\"url\":\"https:\/\/woblink.com\/blog\/\",\"logo\":{\"@type\":\"ImageObject\",\"inLanguage\":\"pl-PL\",\"@id\":\"https:\/\/woblink.com\/blog\/#\/schema\/logo\/image\/\",\"url\":\"https:\/\/i0.wp.com\/woblink.com\/blog\/wp-content\/uploads\/2019\/04\/nw_logoB.png?fit=185%2C42&ssl=1\",\"contentUrl\":\"https:\/\/i0.wp.com\/woblink.com\/blog\/wp-content\/uploads\/2019\/04\/nw_logoB.png?fit=185%2C42&ssl=1\",\"width\":185,\"height\":42,\"caption\":\"Woblink\"},\"image\":{\"@id\":\"https:\/\/woblink.com\/blog\/#\/schema\/logo\/image\/\"},\"sameAs\":[\"https:\/\/facebook.com\/woblink\",\"https:\/\/twitter.com\/woblink_com\",\"https:\/\/www.instagram.com\/woblink_com\",\"https:\/\/www.linkedin.com\/company\/woblink\/\"]},{\"@type\":\"Person\",\"@id\":\"https:\/\/woblink.com\/blog\/#\/schema\/person\/8ab6b79d64fa54209272130c4c3b1e95\",\"name\":\"Redakcja Woblinka\",\"image\":{\"@type\":\"ImageObject\",\"inLanguage\":\"pl-PL\",\"@id\":\"https:\/\/woblink.com\/blog\/#\/schema\/person\/image\/\",\"url\":\"https:\/\/secure.gravatar.com\/avatar\/f23ae80a7c9da060bee5f8310913478b?s=96&d=mm&r=g\",\"contentUrl\":\"https:\/\/secure.gravatar.com\/avatar\/f23ae80a7c9da060bee5f8310913478b?s=96&d=mm&r=g\",\"caption\":\"Redakcja Woblinka\"},\"url\":\"https:\/\/woblink.com\/blog\/author\/krasny\/\"}]}<\/script>\n<!-- \/ Yoast SEO plugin. -->","yoast_head_json":{"title":"Nagroda Wielkiego Kalibru 2025 - Woblink","description":"Nagroda Wielkiego Kalibru 2025 - znamy d\u0142ug\u0105 list\u0119 nominowanych! A na niej mi\u0119dzy innymi J\u0119drzej Pasierski i Wojciech Chmielarz.","robots":{"index":"index","follow":"follow","max-snippet":"max-snippet:-1","max-image-preview":"max-image-preview:large","max-video-preview":"max-video-preview:-1"},"canonical":"https:\/\/woblink.com\/blog\/nagroda-wielkiego-kalibru-2025\/","og_locale":"pl_PL","og_type":"article","og_title":"Nagroda Wielkiego Kalibru 2025 - Woblink","og_description":"Nagroda Wielkiego Kalibru 2025 - znamy d\u0142ug\u0105 list\u0119 nominowanych! A na niej mi\u0119dzy innymi J\u0119drzej Pasierski i Wojciech Chmielarz.","og_url":"https:\/\/woblink.com\/blog\/nagroda-wielkiego-kalibru-2025\/","og_site_name":"Woblink","article_publisher":"https:\/\/facebook.com\/woblink","article_published_time":"2025-05-09T14:00:13+00:00","article_modified_time":"2025-12-03T08:56:28+00:00","og_image":[{"width":1011,"height":690,"url":"https:\/\/woblink.com\/blog\/wp-content\/uploads\/blog-34.jpg","type":"image\/jpeg"}],"author":"Redakcja Woblinka","twitter_card":"summary_large_image","twitter_creator":"@woblink_com","twitter_site":"@woblink_com","twitter_misc":{"Napisane przez":"Redakcja Woblinka","Szacowany czas czytania":"14 minut"},"schema":{"@context":"https:\/\/schema.org","@graph":[{"@type":"Article","@id":"https:\/\/woblink.com\/blog\/nagroda-wielkiego-kalibru-2025\/#article","isPartOf":{"@id":"https:\/\/woblink.com\/blog\/nagroda-wielkiego-kalibru-2025\/"},"author":{"name":"Redakcja Woblinka","@id":"https:\/\/woblink.com\/blog\/#\/schema\/person\/8ab6b79d64fa54209272130c4c3b1e95"},"headline":"Nagroda Wielkiego Kalibru 2025","datePublished":"2025-05-09T14:00:13+00:00","dateModified":"2025-12-03T08:56:28+00:00","mainEntityOfPage":{"@id":"https:\/\/woblink.com\/blog\/nagroda-wielkiego-kalibru-2025\/"},"wordCount":1813,"publisher":{"@id":"https:\/\/woblink.com\/blog\/#organization"},"articleSection":["Rankingi ksi\u0105\u017cek"],"inLanguage":"pl-PL"},{"@type":"WebPage","@id":"https:\/\/woblink.com\/blog\/nagroda-wielkiego-kalibru-2025\/","url":"https:\/\/woblink.com\/blog\/nagroda-wielkiego-kalibru-2025\/","name":"Nagroda Wielkiego Kalibru 2025 - Woblink","isPartOf":{"@id":"https:\/\/woblink.com\/blog\/#website"},"datePublished":"2025-05-09T14:00:13+00:00","dateModified":"2025-12-03T08:56:28+00:00","description":"Nagroda Wielkiego Kalibru 2025 - znamy d\u0142ug\u0105 list\u0119 nominowanych! A na niej mi\u0119dzy innymi J\u0119drzej Pasierski i Wojciech Chmielarz.","breadcrumb":{"@id":"https:\/\/woblink.com\/blog\/nagroda-wielkiego-kalibru-2025\/#breadcrumb"},"inLanguage":"pl-PL","potentialAction":[{"@type":"ReadAction","target":["https:\/\/woblink.com\/blog\/nagroda-wielkiego-kalibru-2025\/"]}]},{"@type":"BreadcrumbList","@id":"https:\/\/woblink.com\/blog\/nagroda-wielkiego-kalibru-2025\/#breadcrumb","itemListElement":[{"@type":"ListItem","position":1,"name":"Strona g\u0142\u00f3wna","item":"https:\/\/woblink.com\/blog\/"},{"@type":"ListItem","position":2,"name":"Nagroda Wielkiego Kalibru 2025"}]},{"@type":"WebSite","@id":"https:\/\/woblink.com\/blog\/#website","url":"https:\/\/woblink.com\/blog\/","name":"Woblink","description":"najlepszy firmowy blog o ksi\u0105\u017ckach","publisher":{"@id":"https:\/\/woblink.com\/blog\/#organization"},"potentialAction":[{"@type":"SearchAction","target":{"@type":"EntryPoint","urlTemplate":"https:\/\/woblink.com\/blog\/?s={search_term_string}"},"query-input":"required name=search_term_string"}],"inLanguage":"pl-PL"},{"@type":"Organization","@id":"https:\/\/woblink.com\/blog\/#organization","name":"Woblink","url":"https:\/\/woblink.com\/blog\/","logo":{"@type":"ImageObject","inLanguage":"pl-PL","@id":"https:\/\/woblink.com\/blog\/#\/schema\/logo\/image\/","url":"https:\/\/i0.wp.com\/woblink.com\/blog\/wp-content\/uploads\/2019\/04\/nw_logoB.png?fit=185%2C42&ssl=1","contentUrl":"https:\/\/i0.wp.com\/woblink.com\/blog\/wp-content\/uploads\/2019\/04\/nw_logoB.png?fit=185%2C42&ssl=1","width":185,"height":42,"caption":"Woblink"},"image":{"@id":"https:\/\/woblink.com\/blog\/#\/schema\/logo\/image\/"},"sameAs":["https:\/\/facebook.com\/woblink","https:\/\/twitter.com\/woblink_com","https:\/\/www.instagram.com\/woblink_com","https:\/\/www.linkedin.com\/company\/woblink\/"]},{"@type":"Person","@id":"https:\/\/woblink.com\/blog\/#\/schema\/person\/8ab6b79d64fa54209272130c4c3b1e95","name":"Redakcja Woblinka","image":{"@type":"ImageObject","inLanguage":"pl-PL","@id":"https:\/\/woblink.com\/blog\/#\/schema\/person\/image\/","url":"https:\/\/secure.gravatar.com\/avatar\/f23ae80a7c9da060bee5f8310913478b?s=96&d=mm&r=g","contentUrl":"https:\/\/secure.gravatar.com\/avatar\/f23ae80a7c9da060bee5f8310913478b?s=96&d=mm&r=g","caption":"Redakcja Woblinka"},"url":"https:\/\/woblink.com\/blog\/author\/krasny\/"}]}},"jetpack_featured_media_url":"https:\/\/i0.wp.com\/woblink.com\/blog\/wp-content\/uploads\/blog-34.jpg?fit=1011%2C690&ssl=1","_links":{"self":[{"href":"https:\/\/woblink.com\/blog\/wp-json\/wp\/v2\/posts\/13452"}],"collection":[{"href":"https:\/\/woblink.com\/blog\/wp-json\/wp\/v2\/posts"}],"about":[{"href":"https:\/\/woblink.com\/blog\/wp-json\/wp\/v2\/types\/post"}],"author":[{"embeddable":true,"href":"https:\/\/woblink.com\/blog\/wp-json\/wp\/v2\/users\/7"}],"replies":[{"embeddable":true,"href":"https:\/\/woblink.com\/blog\/wp-json\/wp\/v2\/comments?post=13452"}],"version-history":[{"count":9,"href":"https:\/\/woblink.com\/blog\/wp-json\/wp\/v2\/posts\/13452\/revisions"}],"predecessor-version":[{"id":13750,"href":"https:\/\/woblink.com\/blog\/wp-json\/wp\/v2\/posts\/13452\/revisions\/13750"}],"wp:featuredmedia":[{"embeddable":true,"href":"https:\/\/woblink.com\/blog\/wp-json\/wp\/v2\/media\/13639"}],"wp:attachment":[{"href":"https:\/\/woblink.com\/blog\/wp-json\/wp\/v2\/media?parent=13452"}],"wp:term":[{"taxonomy":"category","embeddable":true,"href":"https:\/\/woblink.com\/blog\/wp-json\/wp\/v2\/categories?post=13452"},{"taxonomy":"post_tag","embeddable":true,"href":"https:\/\/woblink.com\/blog\/wp-json\/wp\/v2\/tags?post=13452"}],"curies":[{"name":"wp","href":"https:\/\/api.w.org\/{rel}","templated":true}]}}