{"id":13594,"date":"2025-04-29T10:11:11","date_gmt":"2025-04-29T08:11:11","guid":{"rendered":"https:\/\/woblink.com\/blog\/?p=13594"},"modified":"2025-04-29T10:13:10","modified_gmt":"2025-04-29T08:13:10","slug":"sztuka-to-cos-wiecej-niz-praca-i-hobby-to-styl-zycia-wywiad-z-karolina-wozniak-kuratorka-kawai-art-gallery","status":"publish","type":"post","link":"https:\/\/woblink.com\/blog\/sztuka-to-cos-wiecej-niz-praca-i-hobby-to-styl-zycia-wywiad-z-karolina-wozniak-kuratorka-kawai-art-gallery\/","title":{"rendered":"\u201eSztuka to co\u015b wi\u0119cej ni\u017c praca i hobby, to styl \u017cycia\u201d \u2013  wywiad z Karolin\u0105 Wo\u017aniak, kuratork\u0105 Kawai Art Gallery"},"content":{"rendered":"<p><strong>S\u0105 osoby, kt\u00f3re nie tylko patrz\u0105 na \u015bwiat przez pryzmat sztuki, ale te\u017c tworz\u0105 wok\u00f3\u0142 siebie przestrze\u0144, kt\u00f3ra inspiruje. Do tego grona bez w\u0105tpienia nale\u017cy Karolina Wo\u017aniak \u2013 modelka, influencerka, za\u0142o\u017cycielka jedynej w Polsce galerii po\u015bwi\u0119conej pop-artowi. Z okazji przypadaj\u0105cego w kwietniu \u015awiatowego Dnia Sztuki zaprosili\u015bmy Pani\u0105 Karolin\u0119 do rozmowy na temat sztuki wsp\u00f3\u0142czesnej, fenomenu pop-artu oraz wp\u0142ywie literatury na tw\u00f3rczo\u015b\u0107 artystyczn\u0105. Porozmawiamy o inspiracjach, o tytu\u0142ach, kt\u00f3re zostaj\u0105 w g\u0142owie na d\u0142ugo, o tym, jak sztuka zmienia \u015bwiat. Zapraszamy do lektury inspiruj\u0105cej rozmowy, w kt\u00f3rej spotykaj\u0105 si\u0119 sztuka, literatura i ogromna pasja!<\/strong><\/p>\n<p><!--more--><\/p>\n<h2>Wywiad z Karolin\u0105 Wo\u017aniak<\/h2>\n<h5><strong>Zacznijmy od czego\u015b prostego, ale bardzo wa\u017cnego. Pani Karolino, czym w\u0142a\u015bciwie jest dla Pani sztuka we wsp\u00f3\u0142czesnym \u015bwiecie \u2013 jako kuratorki, ale r\u00f3wnie\u017c odbiorczyni? Jak\u0105 rol\u0119 pe\u0142ni obecnie w Pani \u017cyciu?<\/strong><\/h5>\n<p>Sztuka jest nieod\u0142\u0105cznym elementem mojego \u017cycia. To zdanie mo\u017ce zabrzmie\u0107 jak bana\u0142, ale w moim przypadku jest ca\u0142kowicie prawdziwe. Na co dzie\u0144 prowadz\u0119 jedyn\u0105 w Polsce galeri\u0119 po\u015bwi\u0119con\u0105 pop-artowi \u2013 to moja praca, kt\u00f3ra jednocze\u015bnie jest moj\u0105 pasj\u0105. Sp\u0119dzam dni zanurzona w \u015bwiecie obraz\u00f3w, instalacji i kreatywnych pomys\u0142\u00f3w, kt\u00f3re sama pomagam wprowadza\u0107 w \u017cycie. Ka\u017cda wystawa, kt\u00f3r\u0105 przygotowuj\u0119, jest dla mnie form\u0105 wyrazu \u2013 nie tylko artyst\u00f3w, kt\u00f3rych prace pokazuj\u0119, ale tak\u017ce moj\u0105 w\u0142asn\u0105, bo jako kuratorka decyduj\u0119 o kontek\u015bcie i przekazie ekspozycji.<\/p>\n<p><strong>Na koniec dnia sztuka to dla mnie co\u015b wi\u0119cej ni\u017c praca czy hobby \u2013 to STYL \u017bYCIA.<\/strong> Ka\u017cdy dzie\u0144 zaczynam od otoczenia si\u0119 czym\u015b kreatywnym, cho\u0107by drobiazgiem: ulubiony kubek z grafik\u0105 pop-artow\u0105 przy porannej kawie przypomina mi, \u017ce \u017cycie jest barwne. W drodze do galerii podziwiam mural na s\u0105siednim budynku, a wieczorem zamiast bezmy\u015blnie scrollowa\u0107 w telefonie, wol\u0119 obejrze\u0107 album z grafikami Tamary \u0141empickiej albo poczyta\u0107 o nowych trendach w sztuce. Nie wyobra\u017cam ju\u017c sobie \u017cycia bez tych wszystkich bod\u017ac\u00f3w i inspiracji.<\/p>\n<p><img decoding=\"async\" loading=\"lazy\" class=\"alignleft wp-image-13598\" src=\"https:\/\/i0.wp.com\/woblink.com\/blog\/wp-content\/uploads\/image3.jpeg?resize=264%2C394&#038;ssl=1\" alt=\"\" width=\"264\" height=\"394\" srcset=\"https:\/\/i0.wp.com\/woblink.com\/blog\/wp-content\/uploads\/image3.jpeg?resize=201%2C300&amp;ssl=1 201w, https:\/\/i0.wp.com\/woblink.com\/blog\/wp-content\/uploads\/image3.jpeg?w=428&amp;ssl=1 428w\" sizes=\"(max-width: 264px) 100vw, 264px\" data-recalc-dims=\"1\" \/><\/p>\n<h5><strong>Jest Pani inicjatork\u0105 oraz za\u0142o\u017cycielk\u0105 pierwszej i jak dot\u0105d jedynej w Polsce galerii pop-art Kawai Art Gallery. Gdyby mia\u0142a Pani w kilku zdaniach opisa\u0107 ide\u0119 pop-artu komu\u015b, kto nigdy wcze\u015bniej si\u0119 z nim nie zetkn\u0105\u0142 \u2013 jak by to brzmia\u0142o?<\/strong><\/h5>\n<p><strong>Pop-art to przede wszystkim sarkazm i ironia<\/strong> \u2013 artystyczny prztyczek wymierzony w nasze przywary, konsumpcjonizm i skrywane s\u0142abo\u015bci. Za pozornie \u0142adnym lub zabawnym obrazkiem cz\u0119sto kryje si\u0119 wytkni\u0119cie w\u0142a\u015bnie tych s\u0142abo\u015bci. Jednocze\u015bnie pop-art to czysta ekspresja, wyraziste kolory i ci\u0105g\u0142a zabawa technik\u0105.<\/p>\n<p>Prowadz\u0119 jedyn\u0105 w Polsce galeri\u0119 pop-artu i nawet gdy wydaje mi si\u0119, \u017ce widzia\u0142am ju\u017c wszystko, arty\u015bci wci\u0105\u017c potrafi\u0105 mnie zaskoczy\u0107. Za ka\u017cdym razem \u0142\u0105cz\u0105 r\u00f3\u017cne \u015brodki wyrazu z elementami sztuki u\u017cytkowej, tworz\u0105c niesamowite kombinacje.<\/p>\n<p>Pop-art to tak\u017ce sztuka, kt\u00f3ra autentycznie wp\u0142ywa na samopoczucie \u2013 jest energetyzuj\u0105ca i intensywna. Gdy obcuj\u0119 z pop-artem, czuj\u0119 si\u0119, jakbym wypi\u0142a podw\u00f3jne espresso \u2013 ten rodzaj sztuki ma niesamowity wp\u0142yw na m\u00f3j nastr\u00f3j.<\/p>\n<p>Pop-art jest nurtem jedynym w swoim rodzaju \u2013 jako pierwszy wprowadzi\u0142 do galerii sztuki elementy codzienno\u015bci: reklamy, komiksy, opakowania po produktach. Dzi\u0119ki temu sztuka sta\u0142a si\u0119 bardziej przyst\u0119pna i bliska zwyk\u0142ym ludziom. Mimo \u017ce kierunek ten narodzi\u0142 si\u0119 blisko siedemdziesi\u0105t lat temu, do dzi\u015b pozostaje aktualny. Wsp\u00f3\u0142cze\u015bni tw\u00f3rcy nadal czerpi\u0105 z popkultury, tworz\u0105c dzie\u0142a, kt\u00f3re trafiaj\u0105 do odbiorc\u00f3w i celnie komentuj\u0105 nasz\u0105 rzeczywisto\u015b\u0107 pe\u0142n\u0105 medi\u00f3w i konsumpcjonizmu.<\/p>\n<h5><strong>Za ka\u017cd\u0105 wra\u017cliwo\u015bci\u0105 artystyczn\u0105 stoj\u0105 ludzie, dzie\u0142a i idee, kt\u00f3re nas ukszta\u0142towa\u0142y. Kt\u00f3rzy arty\u015bci, autorzy, my\u015bliciele \u2013 wsp\u00f3\u0142cze\u015bni lub klasyczni \u2013 mieli najwi\u0119kszy wp\u0142yw na Pani podej\u015bcie do sztuki? Czy pami\u0119ta Pani momenty, w kt\u00f3rych zetkni\u0119cie si\u0119 z ich tw\u00f3rczo\u015bci\u0105 co\u015b w Pani otworzy\u0142o lub zmieni\u0142o na trwa\u0142e?<\/strong><\/h5>\n<p>Cho\u0107 dzi\u015b zajmuj\u0119 si\u0119 g\u0142\u00f3wnie pop-artem i jestem prekursork\u0105 tego nurtu w Polsce, to od zawsze porusza\u0142y mnie prace artyst\u00f3w tak\u017ce z innych kierunk\u00f3w. Na przyk\u0142ad <strong>van Gogh<\/strong> \u2013 jego tw\u00f3rczo\u015b\u0107 niesie ze sob\u0105 zupe\u0142nie inny ci\u0119\u017car emocjonalny, gdy zna si\u0119 jego \u017cyciorys. Cz\u0142owiek patrzy na te obrazy inaczej, g\u0142\u0119biej, z wi\u0119ksz\u0105 empati\u0105. Dla mnie historia, kt\u00f3ra stoi za artyst\u0105, bardzo cz\u0119sto ma ogromny wp\u0142yw na to, jak odbieram jego sztuk\u0119.<\/p>\n<p>Zawsze fascynowa\u0142a mnie te\u017c <strong>Tamara \u0141empicka<\/strong> \u2013 kr\u00f3lowa art d\u00e9co, kobieta o niesamowitej sile charakteru. Jej podej\u015bcie do koloru, forma, odwaga, bunt \u2013 to by\u0142 feminizm w czystej postaci, zanim ktokolwiek tak to nazwa\u0142. Uwa\u017cam, \u017ce swoj\u0105 postaw\u0105 utorowa\u0142a drog\u0119 wielu kobietom w \u015bwiecie sztuki, pokazuj\u0105c, \u017ce mo\u017cna by\u0107 niezale\u017cn\u0105, bezkompromisow\u0105 i odwa\u017cn\u0105 \u2013 i nie przeprasza\u0107 za to.<\/p>\n<p>Je\u015bli chodzi o pop-art, nie mog\u0119 nie wspomnie\u0107 <strong>Andy\u2019ego Warhola<\/strong> \u2013 pioniera i absolutnie intryguj\u0105c\u0105 posta\u0107. Jego osobowo\u015b\u0107, spos\u00f3b my\u015blenia i prowokacja \u2013 to wszystko by\u0142o cz\u0119\u015bci\u0105 jego sztuki. Uwielbiam, gdy sztuka nie ko\u0144czy si\u0119 na obrazie \u2013 tylko ma swoj\u0105 histori\u0119, kontekst, osobowo\u015b\u0107 tw\u00f3rcy. Dla mnie w\u0142a\u015bnie ten \u201eca\u0142okszta\u0142t\u201d wywo\u0142uje najwi\u0119cej emocji i sprawia, \u017ce obraz staje si\u0119 czym\u015b wi\u0119cej ni\u017c tylko wizualnym komunikatem.<\/p>\n<p><img decoding=\"async\" loading=\"lazy\" class=\" wp-image-13599 aligncenter\" src=\"https:\/\/i0.wp.com\/woblink.com\/blog\/wp-content\/uploads\/image11.jpeg?resize=468%2C309&#038;ssl=1\" alt=\"\" width=\"468\" height=\"309\" srcset=\"https:\/\/i0.wp.com\/woblink.com\/blog\/wp-content\/uploads\/image11.jpeg?resize=300%2C198&amp;ssl=1 300w, https:\/\/i0.wp.com\/woblink.com\/blog\/wp-content\/uploads\/image11.jpeg?resize=1024%2C675&amp;ssl=1 1024w, https:\/\/i0.wp.com\/woblink.com\/blog\/wp-content\/uploads\/image11.jpeg?resize=768%2C506&amp;ssl=1 768w, https:\/\/i0.wp.com\/woblink.com\/blog\/wp-content\/uploads\/image11.jpeg?w=1280&amp;ssl=1 1280w\" sizes=\"(max-width: 468px) 100vw, 468px\" data-recalc-dims=\"1\" \/><\/p>\n<p>M\u00f3wi\u0105c o wsp\u00f3\u0142czesnych artyst\u00f3w, ogromny wp\u0142yw na moj\u0105 drog\u0119 mia\u0142a wsp\u00f3\u0142praca z francuskimi tw\u00f3rcami: <strong>Erikiem Salinem<\/strong> i <strong>G\u00e9raldine Morin<\/strong>. To oni pokazali mi, jak mo\u017cna sarkastycznie i jednocze\u015bnie b\u0142yskotliwie skomentowa\u0107 dzisiejszy \u015bwiat konsumpcji. Jedna z ich prac \u2013 gablota stylizowana na aptek\u0119 pierwszej pomocy, wype\u0142niona \u201epigu\u0142kami\u201d z nazwami marek luksusowych ubra\u0144 i samochod\u00f3w \u2013 dosadnie ukazuj\u0105ca fakt, i\u017c niekt\u00f3rzy w\u0142a\u015bnie tak podchodz\u0105 do rzeczy materialnych. To dok\u0142adnie ten typ sztuki, kt\u00f3ry lubi\u0119 najbardziej: prowokuj\u0105ca, trafna i daj\u0105ca do my\u015blenia, bez zb\u0119dnego moralizowania.<\/p>\n<p>Nie mog\u0119 te\u017c nie wspomnie\u0107 o <strong>Eddy\u2019m Votalone<\/strong> \u2013 Kawai by\u0142a pierwsz\u0105 galeri\u0105, kt\u00f3ra z nim wsp\u00f3\u0142pracowa\u0142a. Dzi\u015b jego prace s\u0105 rozchwytywane przez galerie na ca\u0142ym \u015bwiecie. Tworzy w unikalnej technice pop-baroque \u2013 \u0142\u0105czy barokowe ramy z nowoczesnym pop-artem. To absolutne MASTERPIECES. Takie projekty utwierdzaj\u0105 mnie w przekonaniu, \u017ce <strong>w pop-arcie wci\u0105\u017c mo\u017cna odkrywa\u0107 nowe kierunki, bez powielania utartych schemat\u00f3w.<\/strong><\/p>\n<h5><strong>Czy istniej\u0105 ksi\u0105\u017cki, kt\u00f3re szczeg\u00f3lnie wp\u0142yn\u0119\u0142y na Pani postrzeganie sztuki? Jakie pozycje chcia\u0142aby Pani poleci\u0107?<\/strong><\/h5>\n<p>Bardzo poruszy\u0142a mnie biografia van Gogha, ale te\u017c Tamary \u0141empickiej \u2013 i my\u015bl\u0119, \u017ce ta druga to absolutna pozycja obowi\u0105zkowa dla ka\u017cdego, kto interesuje si\u0119 sztuk\u0105, zw\u0142aszcza je\u015bli jest Polakiem. Tamara to nasza narodowa duma, cho\u0107 wci\u0105\u017c zbyt ma\u0142o doceniana w Polsce. A przecie\u017c za jej pi\u0119knymi, odwa\u017cnymi pracami stoi nie tylko wyj\u0105tkowy talent, ale te\u017c trudny, wyboisty \u017cyciorys \u2013 ucieczka przed wojn\u0105, samotno\u015b\u0107, nie\u0142atwe relacje rodzinne. To wszystko czu\u0107 w jej obrazach. \u0141empicka by\u0142a kobiet\u0105, kt\u00f3ra wiedzia\u0142a, czego chce, i mia\u0142a odwag\u0119 to realizowa\u0107 \u2013 mimo czas\u00f3w, kt\u00f3re tej odwagi nie u\u0142atwia\u0142y.<\/p>\n<figure id=\"attachment_13604\" aria-describedby=\"caption-attachment-13604\" style=\"width: 226px\" class=\"wp-caption aligncenter\"><img decoding=\"async\" loading=\"lazy\" class=\"size-medium wp-image-13604\" src=\"https:\/\/i0.wp.com\/woblink.com\/blog\/wp-content\/uploads\/660d2b2195de9.jpeg?resize=226%2C300&#038;ssl=1\" alt=\"\" width=\"226\" height=\"300\" srcset=\"https:\/\/i0.wp.com\/woblink.com\/blog\/wp-content\/uploads\/660d2b2195de9.jpeg?resize=226%2C300&amp;ssl=1 226w, https:\/\/i0.wp.com\/woblink.com\/blog\/wp-content\/uploads\/660d2b2195de9.jpeg?w=570&amp;ssl=1 570w\" sizes=\"(max-width: 226px) 100vw, 226px\" data-recalc-dims=\"1\" \/><figcaption id=\"caption-attachment-13604\" class=\"wp-caption-text\"><center><strong>Kup <a href=\"https:\/\/woblink.com\/ksiazka\/tamara-lempicka-marisa-lempicka-maria-annapotocka-312288\">ksi\u0105\u017ck\u0119 Tamara \u0141empicka <\/a> na Woblink.com<\/strong><\/center><\/figcaption><\/figure>\n<p>Bardzo ciekawa by\u0142a dla mnie r\u00f3wnie\u017c ksi\u0105\u017cka \u201eBy\u0107 jak Caravaggio\u201d, opowiadaj\u0105ca histori\u0119 jednego z najbardziej znanych fa\u0142szerzy obraz\u00f3w. Pozycja nie tylko fascynuj\u0105ca pod wzgl\u0119dem psychologicznym, ale te\u017c otwieraj\u0105ca oczy na realia rynku sztuki. \u015awietnie pokazuje, jak \u0142atwo manipulowa\u0107 warto\u015bci\u0105 dzie\u0142a i jak wiele w tym \u015bwiecie zale\u017cy nie tylko od talentu, ale od nazwiska, kontakt\u00f3w i odpowiedniego PR-u. Czyta si\u0119 to jak dobry thriller, a jednocze\u015bnie zostawia z refleksj\u0105, jak bardzo sztuka potrafi by\u0107 towarem \u2013 i jak cienka bywa granica mi\u0119dzy geniuszem a mistyfikacj\u0105.<\/p>\n<figure style=\"width: 217px\" class=\"wp-caption aligncenter\"><img decoding=\"async\" loading=\"lazy\" class=\"\" src=\"https:\/\/i0.wp.com\/woblink.com\/image-cache\/sellable_cover\/products\/images\/662b7b1c43643.jpeg?resize=217%2C329&#038;ssl=1\" alt=\"\" width=\"217\" height=\"329\" data-recalc-dims=\"1\" \/><figcaption class=\"wp-caption-text\"><center><strong>Kup <a href=\"https:\/\/woblink.com\/ksiazka\/byc-jak-caravaggio-zycie-i-oszustwa-genialnego-falszerza-dziel-sztuki-giampiero-ambrosi-tony-tetro-340876?szukaj=byc+jak+caravaggio&amp;gdzie=books\">ebooka By\u0107 jak Caravaggio <\/a> na Woblink.com<\/strong><\/center><\/figcaption><\/figure>\n<h5><strong>W pop-arcie granice mi\u0119dzy kultur\u0105 wysok\u0105 i popularn\u0105 cz\u0119sto si\u0119 zacieraj\u0105, a przedmioty codziennego u\u017cytku zyskuj\u0105 status dzie\u0142 sztuki. Czy w tym kontek\u015bcie uwa\u017ca Pani, \u017ce ksi\u0105\u017cka \u2013 niezale\u017cnie od formy \u2013 mo\u017ce by\u0107 traktowana jako forma sztuki? Je\u015bli tak, to co decyduje o jej artystycznej warto\u015bci: tre\u015b\u0107, forma, spos\u00f3b wydania, a mo\u017ce co\u015b jeszcze?<\/strong><\/h5>\n<p>Zdecydowanie. Ksi\u0105\u017cka, wiersz, s\u0142owo pisane \u2013 to tak\u017ce sztuka. I to sztuka przez du\u017ce S. Dla mnie pi\u0119kna literatura, erudycja, precyzyjny dob\u00f3r s\u0142\u00f3w potrafi\u0105 poruszy\u0107 r\u00f3wnie mocno, jak wybitny obraz wisz\u0105cy w muzeum. Dobre zdanie zostaje w g\u0142owie na d\u0142ugo \u2013 potrafi zainspirowa\u0107, da\u0107 do my\u015blenia albo nawet co\u015b w cz\u0142owieku prze\u0142ama\u0107.<\/p>\n<p>Poza tym dzi\u015b mamy te\u017c ksi\u0105\u017cki-albumy, kt\u00f3re same w sobie s\u0105 ma\u0142ymi dzie\u0142ami sztuki \u2013 oprawione z ogromnym wyczuciem estetyki, stanowi\u0105 nie tylko warto\u015b\u0107 merytoryczn\u0105, ale i wizualn\u0105. Mog\u0105 by\u0107 ozdob\u0105 salonu, ale te\u017c \u017ar\u00f3d\u0142em codziennej inspiracji.<\/p>\n<p>Sama mam w domu sporo biografii i album\u00f3w po\u015bwi\u0119conych wybitnym artystom \u2013 nie tylko z my\u015bl\u0105 o czytaniu, ale te\u017c jako element mojej przestrzeni. One nie tylko opowiadaj\u0105 historie, ale te\u017c buduj\u0105 klimat miejsca, w kt\u00f3rym przebywam. I to jest dla mnie idealne po\u0142\u0105czenie \u2013 tre\u015b\u0107 i forma, g\u0142\u0119bia i estetyka.<\/p>\n<p><strong><img decoding=\"async\" loading=\"lazy\" class=\" wp-image-13600 alignright\" src=\"https:\/\/i0.wp.com\/woblink.com\/blog\/wp-content\/uploads\/image9.jpeg?resize=306%2C408&#038;ssl=1\" alt=\"\" width=\"306\" height=\"408\" srcset=\"https:\/\/i0.wp.com\/woblink.com\/blog\/wp-content\/uploads\/image9-rotated.jpeg?resize=225%2C300&amp;ssl=1 225w, https:\/\/i0.wp.com\/woblink.com\/blog\/wp-content\/uploads\/image9-rotated.jpeg?w=480&amp;ssl=1 480w\" sizes=\"(max-width: 306px) 100vw, 306px\" data-recalc-dims=\"1\" \/><\/strong><\/p>\n<h5><strong>W Kawai Art Gallery cz\u0119sto pojawiaj\u0105 si\u0119 prace balansuj\u0105ce na granicy sztuki wizualnej, kultury masowej i osobistych historii tw\u00f3rc\u00f3w. Czy w\u015br\u00f3d prezentowanych prac pojawiaj\u0105 si\u0119 odniesienia do literatury? A mo\u017ce arty\u015bci, z kt\u00f3rymi ma Pani przyjemno\u015b\u0107 wsp\u00f3\u0142pracowa\u0107, czerpi\u0105 inspiracj\u0119 z ksi\u0105\u017cek, poezji lub innych form narracyjnych, takich jak komiksy?<\/strong><\/h5>\n<p>Wsp\u00f3\u0142cze\u015bni arty\u015bci pop-artowi w du\u017cej mierze koncentruj\u0105 si\u0119 na kulturze masowej, dlatego cz\u0119\u015bciej pojawiaj\u0105 si\u0119 w ich pracach odniesienia do komiks\u00f3w ni\u017c do klasycznej literatury. Komiks, jako medium wizualne, idealnie wpisuje si\u0119 w j\u0119zyk pop-artu \u2013 jest prosty, bezpo\u015bredni, kolorowy, a jednocze\u015bnie potrafi nie\u015b\u0107 bardzo mocny przekaz.<\/p>\n<p>W wielu obrazach prezentowanych w Kawai Art Gallery mo\u017cna znale\u017a\u0107 fragmenty ilustracji komiksowych, kola\u017ce z charakterystycznymi planszami czy dialogami, kt\u00f3re buduj\u0105 szerszy kontekst i cz\u0119sto kontrastuj\u0105 z powa\u017cniejszym tematem pracy.<\/p>\n<p>Pop-art z natury jest zabawn\u0105 form\u0105. Arty\u015bci cz\u0119sto si\u0119gaj\u0105 po ironi\u0119, \u017cart, lekk\u0105 stylistyk\u0119, co nie znaczy, \u017ce unikaj\u0105 trudnych temat\u00f3w. Wr\u0119cz przeciwnie \u2013 w\u0142a\u015bnie dzi\u0119ki temu kontrastowi mi\u0119dzy \u201elekkim\u201d stylem a ci\u0119\u017cszym przekazem, te prace potrafi\u0105 uderzy\u0107 najmocniej. <strong>To sztuka, kt\u00f3ra nie zawsze krzyczy \u2013 ale jak ju\u017c co\u015b powie, to trafia celnie.<\/strong><\/p>\n<h5><strong>Pop-art od zawsze przyci\u0105ga uwag\u0119 swoj\u0105 form\u0105 \u2013 jest kolorowy, wyrazisty, \u0142atwo trafia do odbiorcy, zw\u0142aszcza m\u0142odszego pokolenia wychowanego na obrazach. Czy Pani zdaniem sztuka pop-artu mo\u017ce by\u0107 narz\u0119dziem do promowania czytelnictwa \u2013 na przyk\u0142ad poprzez \u0142\u0105czenie tre\u015bci wizualnych z ksi\u0105\u017ckowymi motywami, cytatami, ok\u0142adkami lub postaciami literackimi?<\/strong><\/h5>\n<p>My\u015bl\u0119, \u017ce zdecydowanie tak \u2013 to \u015bwietny spos\u00f3b na zaszczepienie mi\u0142o\u015bci do literatury, zw\u0142aszcza w\u015br\u00f3d m\u0142odszych odbiorc\u00f3w. Pop-art ma t\u0119 przewag\u0119, \u017ce jego forma jest lu\u017ana, przyst\u0119pna, czasem zabawna, a przez to o wiele lepiej trafia do wyobra\u017ani m\u0142odych ludzi ni\u017c patetyczny ton czy narzucanie \u201eco nale\u017cy czyta\u0107\u201d.<\/p>\n<p>Poprzez nawi\u0105zania do ok\u0142adek ksi\u0105\u017cek, cytat\u00f3w, a nawet postaci literackich mo\u017cna przemyci\u0107 tre\u015b\u0107 w spos\u00f3b atrakcyjny wizualnie \u2013 a przecie\u017c m\u0142odsze pokolenia s\u0105 dzi\u015b wychowane g\u0142\u00f3wnie na obrazie, nie na tek\u015bcie. Dlatego w\u0142a\u015bnie \u0142\u0105czenie sztuki wizualnej z literatur\u0105 to moim zdaniem strza\u0142 w dziesi\u0105tk\u0119.<\/p>\n<p>I powiem szczerze \u2013 tym pytaniem totalnie mnie Pani zainspirowa\u0142a. Chodzi mi ju\u017c po g\u0142owie pomys\u0142 na specjaln\u0105 akcj\u0119 i projekt wystawowy \u0142\u0105cz\u0105cy pop-art z literatur\u0105. Kto wie, mo\u017ce powstanie ca\u0142a seria prac inspirowanych kultowymi ksi\u0105\u017ckami albo autorami\u2026<\/p>\n<h5><strong>Wsp\u00f3\u0142czesna sztuka, w tym pop-art, coraz cz\u0119\u015bciej zabiera g\u0142os w wa\u017cnych spo\u0142ecznie tematach. Jakie znaczenie, Pani zdaniem, mo\u017ce mie\u0107 sztuka jako narz\u0119dzie wspieraj\u0105ce warto\u015bci takie jak edukacja, empatia czy otwarto\u015b\u0107 na r\u00f3\u017cnorodno\u015b\u0107? Czy widzi Pani, \u017ce odbiorcy reaguj\u0105 na te tre\u015bci i potrafi\u0105 odczytywa\u0107 je poza sam\u0105 estetyk\u0105?<\/strong><\/h5>\n<p>Powiem tak \u2013 tak jak pi\u0119kno le\u017cy w oku patrz\u0105cego, tak samo jest z interpretacj\u0105 obrazu. <strong>Sztuka to lustro, w kt\u00f3rym odbijaj\u0105 si\u0119 nasze warto\u015bci, przekonania, ale te\u017c deficyty<\/strong>. Ka\u017cdy patrzy przez sw\u00f3j w\u0142asny filtr, i w\u0142a\u015bnie dlatego sztuka ma tak\u0105 si\u0142\u0119.<\/p>\n<p>Uwa\u017cam, \u017ce ka\u017cda forma sztuki \u2013 r\u00f3wnie\u017c pop-art \u2013 jest zaproszeniem do dyskusji. Arty\u015bci bardzo cz\u0119sto poruszaj\u0105 tematy spo\u0142eczne, \u015brodowiskowe, zwi\u0105zane z to\u017csamo\u015bci\u0105, tolerancj\u0105, r\u00f3\u017cnorodno\u015bci\u0105. Pop-art, mimo swojej pozornie lekkiej formy, potrafi celnie wbi\u0107 szpil\u0119 tam, gdzie trzeba \u2013 bez nad\u0119cia, ale z moc\u0105.<\/p>\n<p>Wprowadzanie takich temat\u00f3w do \u015bwiata sztuki to spos\u00f3b na oswajanie rzeczywisto\u015bci, kt\u00f3rej nie da si\u0119 ju\u017c d\u0142u\u017cej ignorowa\u0107. To nie moralizowanie, tylko przypomnienie, \u017ce pewne kwestie s\u0105 \u2013 i trzeba je widzie\u0107, m\u00f3wi\u0107 o nich, czu\u0107 je.<\/p>\n<p>Widz\u0119 te\u017c, \u017ce odbiorcy reaguj\u0105 \u2013 czasem zaskoczeni, czasem poruszeni, ale rzadko oboj\u0119tni. I to dla mnie najwi\u0119kszy sygna\u0142, \u017ce to dzia\u0142a. Od dobrej dyskusji zaczyna si\u0119 otwarto\u015b\u0107 na zmian\u0119, a z niej mo\u017ce si\u0119 urodzi\u0107 realna si\u0142a do dzia\u0142ania. <strong>Sztuka mo\u017ce by\u0107 tym pierwszym impulsem. I cz\u0119sto w\u0142a\u015bnie jest.<\/strong><\/p>\n<p>&nbsp;<\/p>\n<p>\u2013\u2013\u2013\u2013\u2013\u2013\u2013\u2013\u2013\u2013\u2013\u2013\u2013\u2013\u2013\u2013\u2013\u2013<\/p>\n<p>Za ciekaw\u0105 i niezwykle inspiruj\u0105c\u0105 rozmow\u0119 serdecznie dzi\u0119kujemy <a href=\"https:\/\/www.instagram.com\/karolinawozniak\/?hl=pl\"><strong>Karolinie Wo\u017aniak<\/strong><\/a> \u2013 modelce, influencerce, mi\u0142o\u015bniczce sztuki i kuratorce warszawskiej galerii pop-artu. A pasjonat\u00f3w sztuki gor\u0105co zach\u0119camy r\u00f3wnie\u017c do odwiedzenia <a href=\"https:\/\/www.kawaiartgallery.com\/\"><strong>Kawai Art Gallery<\/strong><\/a> \u2013 jedynego takiego w Polsce miejsca, gdzie kr\u00f3luje pop-art!<\/p>\n<p style=\"text-align: right;\">Zdj\u0119cia pochodz\u0105 z archiwum prywatnego pani Karoliny Wo\u017aniak<\/p>\n<p style=\"text-align: right;\"><em>Wywiad przeprowadzi\u0142a Julia Pierzchnica<\/em><\/p>\n","protected":false},"excerpt":{"rendered":"<p>S\u0105 osoby, kt\u00f3re nie tylko patrz\u0105 na \u015bwiat przez pryzmat sztuki, ale te\u017c tworz\u0105 wok\u00f3\u0142 siebie przestrze\u0144, kt\u00f3ra inspiruje. Do tego grona bez w\u0105tpienia nale\u017cy Karolina Wo\u017aniak \u2013 modelka, influencerka, za\u0142o\u017cycielka jedynej w Polsce galerii po\u015bwi\u0119conej pop-artowi. Z okazji przypadaj\u0105cego w kwietniu \u015awiatowego Dnia Sztuki&#8230;<\/p>\n","protected":false},"author":19,"featured_media":13595,"comment_status":"closed","ping_status":"open","sticky":false,"template":"","format":"standard","meta":[],"categories":[87],"tags":[],"yoast_head":"<!-- This site is optimized with the Yoast SEO plugin v20.11 - https:\/\/yoast.com\/wordpress\/plugins\/seo\/ -->\n<title>Sztuka to co\u015b wi\u0119cej ni\u017c praca i hobby, to styl \u017cycia \u2013 wywiad z Karolin\u0105 Wo\u017aniak - Woblink<\/title>\n<meta name=\"description\" content=\"Z okazji \u015awiatowego Dnia Sztuki zaprosili\u015bmy Pani\u0105 Karolin\u0119 Wo\u017aniak do rozmowy na temat sztuki wsp\u00f3\u0142czesnej, fenomenu pop-artu oraz wp\u0142ywie literatury na tw\u00f3rczo\u015b\u0107 artystyczn\u0105.\" \/>\n<meta name=\"robots\" content=\"index, follow, max-snippet:-1, max-image-preview:large, max-video-preview:-1\" \/>\n<link rel=\"canonical\" href=\"https:\/\/woblink.com\/blog\/sztuka-to-cos-wiecej-niz-praca-i-hobby-to-styl-zycia-wywiad-z-karolina-wozniak-kuratorka-kawai-art-gallery\/\" \/>\n<meta property=\"og:locale\" content=\"pl_PL\" \/>\n<meta property=\"og:type\" content=\"article\" \/>\n<meta property=\"og:title\" content=\"Sztuka to co\u015b wi\u0119cej ni\u017c praca i hobby, to styl \u017cycia \u2013 wywiad z Karolin\u0105 Wo\u017aniak - Woblink\" \/>\n<meta property=\"og:description\" content=\"Z okazji \u015awiatowego Dnia Sztuki zaprosili\u015bmy Pani\u0105 Karolin\u0119 Wo\u017aniak do rozmowy na temat sztuki wsp\u00f3\u0142czesnej, fenomenu pop-artu oraz wp\u0142ywie literatury na tw\u00f3rczo\u015b\u0107 artystyczn\u0105.\" \/>\n<meta property=\"og:url\" content=\"https:\/\/woblink.com\/blog\/sztuka-to-cos-wiecej-niz-praca-i-hobby-to-styl-zycia-wywiad-z-karolina-wozniak-kuratorka-kawai-art-gallery\/\" \/>\n<meta property=\"og:site_name\" content=\"Woblink\" \/>\n<meta property=\"article:publisher\" content=\"https:\/\/facebook.com\/woblink\" \/>\n<meta property=\"article:published_time\" content=\"2025-04-29T08:11:11+00:00\" \/>\n<meta property=\"article:modified_time\" content=\"2025-04-29T08:13:10+00:00\" \/>\n<meta property=\"og:image\" content=\"https:\/\/woblink.com\/blog\/wp-content\/uploads\/blog_7.jpg\" \/>\n\t<meta property=\"og:image:width\" content=\"1011\" \/>\n\t<meta property=\"og:image:height\" content=\"690\" \/>\n\t<meta property=\"og:image:type\" content=\"image\/jpeg\" \/>\n<meta name=\"author\" content=\"Julia\" \/>\n<meta name=\"twitter:card\" content=\"summary_large_image\" \/>\n<meta name=\"twitter:creator\" content=\"@woblink_com\" \/>\n<meta name=\"twitter:site\" content=\"@woblink_com\" \/>\n<meta name=\"twitter:label1\" content=\"Napisane przez\" \/>\n\t<meta name=\"twitter:data1\" content=\"Julia\" \/>\n\t<meta name=\"twitter:label2\" content=\"Szacowany czas czytania\" \/>\n\t<meta name=\"twitter:data2\" content=\"13 minut\" \/>\n<script type=\"application\/ld+json\" class=\"yoast-schema-graph\">{\"@context\":\"https:\/\/schema.org\",\"@graph\":[{\"@type\":\"Article\",\"@id\":\"https:\/\/woblink.com\/blog\/sztuka-to-cos-wiecej-niz-praca-i-hobby-to-styl-zycia-wywiad-z-karolina-wozniak-kuratorka-kawai-art-gallery\/#article\",\"isPartOf\":{\"@id\":\"https:\/\/woblink.com\/blog\/sztuka-to-cos-wiecej-niz-praca-i-hobby-to-styl-zycia-wywiad-z-karolina-wozniak-kuratorka-kawai-art-gallery\/\"},\"author\":{\"name\":\"Julia\",\"@id\":\"https:\/\/woblink.com\/blog\/#\/schema\/person\/92be97438f8b6e276e75dd978b2a939f\"},\"headline\":\"\u201eSztuka to co\u015b wi\u0119cej ni\u017c praca i hobby, to styl \u017cycia\u201d \u2013 wywiad z Karolin\u0105 Wo\u017aniak, kuratork\u0105 Kawai Art Gallery\",\"datePublished\":\"2025-04-29T08:11:11+00:00\",\"dateModified\":\"2025-04-29T08:13:10+00:00\",\"mainEntityOfPage\":{\"@id\":\"https:\/\/woblink.com\/blog\/sztuka-to-cos-wiecej-niz-praca-i-hobby-to-styl-zycia-wywiad-z-karolina-wozniak-kuratorka-kawai-art-gallery\/\"},\"wordCount\":2331,\"publisher\":{\"@id\":\"https:\/\/woblink.com\/blog\/#organization\"},\"articleSection\":[\"Aktualno\u015bci\"],\"inLanguage\":\"pl-PL\"},{\"@type\":\"WebPage\",\"@id\":\"https:\/\/woblink.com\/blog\/sztuka-to-cos-wiecej-niz-praca-i-hobby-to-styl-zycia-wywiad-z-karolina-wozniak-kuratorka-kawai-art-gallery\/\",\"url\":\"https:\/\/woblink.com\/blog\/sztuka-to-cos-wiecej-niz-praca-i-hobby-to-styl-zycia-wywiad-z-karolina-wozniak-kuratorka-kawai-art-gallery\/\",\"name\":\"Sztuka to co\u015b wi\u0119cej ni\u017c praca i hobby, to styl \u017cycia \u2013 wywiad z Karolin\u0105 Wo\u017aniak - Woblink\",\"isPartOf\":{\"@id\":\"https:\/\/woblink.com\/blog\/#website\"},\"datePublished\":\"2025-04-29T08:11:11+00:00\",\"dateModified\":\"2025-04-29T08:13:10+00:00\",\"description\":\"Z okazji \u015awiatowego Dnia Sztuki zaprosili\u015bmy Pani\u0105 Karolin\u0119 Wo\u017aniak do rozmowy na temat sztuki wsp\u00f3\u0142czesnej, fenomenu pop-artu oraz wp\u0142ywie literatury na tw\u00f3rczo\u015b\u0107 artystyczn\u0105.\",\"breadcrumb\":{\"@id\":\"https:\/\/woblink.com\/blog\/sztuka-to-cos-wiecej-niz-praca-i-hobby-to-styl-zycia-wywiad-z-karolina-wozniak-kuratorka-kawai-art-gallery\/#breadcrumb\"},\"inLanguage\":\"pl-PL\",\"potentialAction\":[{\"@type\":\"ReadAction\",\"target\":[\"https:\/\/woblink.com\/blog\/sztuka-to-cos-wiecej-niz-praca-i-hobby-to-styl-zycia-wywiad-z-karolina-wozniak-kuratorka-kawai-art-gallery\/\"]}]},{\"@type\":\"BreadcrumbList\",\"@id\":\"https:\/\/woblink.com\/blog\/sztuka-to-cos-wiecej-niz-praca-i-hobby-to-styl-zycia-wywiad-z-karolina-wozniak-kuratorka-kawai-art-gallery\/#breadcrumb\",\"itemListElement\":[{\"@type\":\"ListItem\",\"position\":1,\"name\":\"Strona g\u0142\u00f3wna\",\"item\":\"https:\/\/woblink.com\/blog\/\"},{\"@type\":\"ListItem\",\"position\":2,\"name\":\"\u201eSztuka to co\u015b wi\u0119cej ni\u017c praca i hobby, to styl \u017cycia\u201d \u2013 wywiad z Karolin\u0105 Wo\u017aniak, kuratork\u0105 Kawai Art Gallery\"}]},{\"@type\":\"WebSite\",\"@id\":\"https:\/\/woblink.com\/blog\/#website\",\"url\":\"https:\/\/woblink.com\/blog\/\",\"name\":\"Woblink\",\"description\":\"najlepszy firmowy blog o ksi\u0105\u017ckach\",\"publisher\":{\"@id\":\"https:\/\/woblink.com\/blog\/#organization\"},\"potentialAction\":[{\"@type\":\"SearchAction\",\"target\":{\"@type\":\"EntryPoint\",\"urlTemplate\":\"https:\/\/woblink.com\/blog\/?s={search_term_string}\"},\"query-input\":\"required name=search_term_string\"}],\"inLanguage\":\"pl-PL\"},{\"@type\":\"Organization\",\"@id\":\"https:\/\/woblink.com\/blog\/#organization\",\"name\":\"Woblink\",\"url\":\"https:\/\/woblink.com\/blog\/\",\"logo\":{\"@type\":\"ImageObject\",\"inLanguage\":\"pl-PL\",\"@id\":\"https:\/\/woblink.com\/blog\/#\/schema\/logo\/image\/\",\"url\":\"https:\/\/i0.wp.com\/woblink.com\/blog\/wp-content\/uploads\/2019\/04\/nw_logoB.png?fit=185%2C42&ssl=1\",\"contentUrl\":\"https:\/\/i0.wp.com\/woblink.com\/blog\/wp-content\/uploads\/2019\/04\/nw_logoB.png?fit=185%2C42&ssl=1\",\"width\":185,\"height\":42,\"caption\":\"Woblink\"},\"image\":{\"@id\":\"https:\/\/woblink.com\/blog\/#\/schema\/logo\/image\/\"},\"sameAs\":[\"https:\/\/facebook.com\/woblink\",\"https:\/\/twitter.com\/woblink_com\",\"https:\/\/www.instagram.com\/woblink_com\",\"https:\/\/www.linkedin.com\/company\/woblink\/\"]},{\"@type\":\"Person\",\"@id\":\"https:\/\/woblink.com\/blog\/#\/schema\/person\/92be97438f8b6e276e75dd978b2a939f\",\"name\":\"Julia\",\"image\":{\"@type\":\"ImageObject\",\"inLanguage\":\"pl-PL\",\"@id\":\"https:\/\/woblink.com\/blog\/#\/schema\/person\/image\/\",\"url\":\"https:\/\/secure.gravatar.com\/avatar\/19c21b7bfd287e7bc5a47d55b8b86a97?s=96&d=mm&r=g\",\"contentUrl\":\"https:\/\/secure.gravatar.com\/avatar\/19c21b7bfd287e7bc5a47d55b8b86a97?s=96&d=mm&r=g\",\"caption\":\"Julia\"},\"url\":\"https:\/\/woblink.com\/blog\/author\/julia\/\"}]}<\/script>\n<!-- \/ Yoast SEO plugin. -->","yoast_head_json":{"title":"Sztuka to co\u015b wi\u0119cej ni\u017c praca i hobby, to styl \u017cycia \u2013 wywiad z Karolin\u0105 Wo\u017aniak - Woblink","description":"Z okazji \u015awiatowego Dnia Sztuki zaprosili\u015bmy Pani\u0105 Karolin\u0119 Wo\u017aniak do rozmowy na temat sztuki wsp\u00f3\u0142czesnej, fenomenu pop-artu oraz wp\u0142ywie literatury na tw\u00f3rczo\u015b\u0107 artystyczn\u0105.","robots":{"index":"index","follow":"follow","max-snippet":"max-snippet:-1","max-image-preview":"max-image-preview:large","max-video-preview":"max-video-preview:-1"},"canonical":"https:\/\/woblink.com\/blog\/sztuka-to-cos-wiecej-niz-praca-i-hobby-to-styl-zycia-wywiad-z-karolina-wozniak-kuratorka-kawai-art-gallery\/","og_locale":"pl_PL","og_type":"article","og_title":"Sztuka to co\u015b wi\u0119cej ni\u017c praca i hobby, to styl \u017cycia \u2013 wywiad z Karolin\u0105 Wo\u017aniak - Woblink","og_description":"Z okazji \u015awiatowego Dnia Sztuki zaprosili\u015bmy Pani\u0105 Karolin\u0119 Wo\u017aniak do rozmowy na temat sztuki wsp\u00f3\u0142czesnej, fenomenu pop-artu oraz wp\u0142ywie literatury na tw\u00f3rczo\u015b\u0107 artystyczn\u0105.","og_url":"https:\/\/woblink.com\/blog\/sztuka-to-cos-wiecej-niz-praca-i-hobby-to-styl-zycia-wywiad-z-karolina-wozniak-kuratorka-kawai-art-gallery\/","og_site_name":"Woblink","article_publisher":"https:\/\/facebook.com\/woblink","article_published_time":"2025-04-29T08:11:11+00:00","article_modified_time":"2025-04-29T08:13:10+00:00","og_image":[{"width":1011,"height":690,"url":"https:\/\/woblink.com\/blog\/wp-content\/uploads\/blog_7.jpg","type":"image\/jpeg"}],"author":"Julia","twitter_card":"summary_large_image","twitter_creator":"@woblink_com","twitter_site":"@woblink_com","twitter_misc":{"Napisane przez":"Julia","Szacowany czas czytania":"13 minut"},"schema":{"@context":"https:\/\/schema.org","@graph":[{"@type":"Article","@id":"https:\/\/woblink.com\/blog\/sztuka-to-cos-wiecej-niz-praca-i-hobby-to-styl-zycia-wywiad-z-karolina-wozniak-kuratorka-kawai-art-gallery\/#article","isPartOf":{"@id":"https:\/\/woblink.com\/blog\/sztuka-to-cos-wiecej-niz-praca-i-hobby-to-styl-zycia-wywiad-z-karolina-wozniak-kuratorka-kawai-art-gallery\/"},"author":{"name":"Julia","@id":"https:\/\/woblink.com\/blog\/#\/schema\/person\/92be97438f8b6e276e75dd978b2a939f"},"headline":"\u201eSztuka to co\u015b wi\u0119cej ni\u017c praca i hobby, to styl \u017cycia\u201d \u2013 wywiad z Karolin\u0105 Wo\u017aniak, kuratork\u0105 Kawai Art Gallery","datePublished":"2025-04-29T08:11:11+00:00","dateModified":"2025-04-29T08:13:10+00:00","mainEntityOfPage":{"@id":"https:\/\/woblink.com\/blog\/sztuka-to-cos-wiecej-niz-praca-i-hobby-to-styl-zycia-wywiad-z-karolina-wozniak-kuratorka-kawai-art-gallery\/"},"wordCount":2331,"publisher":{"@id":"https:\/\/woblink.com\/blog\/#organization"},"articleSection":["Aktualno\u015bci"],"inLanguage":"pl-PL"},{"@type":"WebPage","@id":"https:\/\/woblink.com\/blog\/sztuka-to-cos-wiecej-niz-praca-i-hobby-to-styl-zycia-wywiad-z-karolina-wozniak-kuratorka-kawai-art-gallery\/","url":"https:\/\/woblink.com\/blog\/sztuka-to-cos-wiecej-niz-praca-i-hobby-to-styl-zycia-wywiad-z-karolina-wozniak-kuratorka-kawai-art-gallery\/","name":"Sztuka to co\u015b wi\u0119cej ni\u017c praca i hobby, to styl \u017cycia \u2013 wywiad z Karolin\u0105 Wo\u017aniak - Woblink","isPartOf":{"@id":"https:\/\/woblink.com\/blog\/#website"},"datePublished":"2025-04-29T08:11:11+00:00","dateModified":"2025-04-29T08:13:10+00:00","description":"Z okazji \u015awiatowego Dnia Sztuki zaprosili\u015bmy Pani\u0105 Karolin\u0119 Wo\u017aniak do rozmowy na temat sztuki wsp\u00f3\u0142czesnej, fenomenu pop-artu oraz wp\u0142ywie literatury na tw\u00f3rczo\u015b\u0107 artystyczn\u0105.","breadcrumb":{"@id":"https:\/\/woblink.com\/blog\/sztuka-to-cos-wiecej-niz-praca-i-hobby-to-styl-zycia-wywiad-z-karolina-wozniak-kuratorka-kawai-art-gallery\/#breadcrumb"},"inLanguage":"pl-PL","potentialAction":[{"@type":"ReadAction","target":["https:\/\/woblink.com\/blog\/sztuka-to-cos-wiecej-niz-praca-i-hobby-to-styl-zycia-wywiad-z-karolina-wozniak-kuratorka-kawai-art-gallery\/"]}]},{"@type":"BreadcrumbList","@id":"https:\/\/woblink.com\/blog\/sztuka-to-cos-wiecej-niz-praca-i-hobby-to-styl-zycia-wywiad-z-karolina-wozniak-kuratorka-kawai-art-gallery\/#breadcrumb","itemListElement":[{"@type":"ListItem","position":1,"name":"Strona g\u0142\u00f3wna","item":"https:\/\/woblink.com\/blog\/"},{"@type":"ListItem","position":2,"name":"\u201eSztuka to co\u015b wi\u0119cej ni\u017c praca i hobby, to styl \u017cycia\u201d \u2013 wywiad z Karolin\u0105 Wo\u017aniak, kuratork\u0105 Kawai Art Gallery"}]},{"@type":"WebSite","@id":"https:\/\/woblink.com\/blog\/#website","url":"https:\/\/woblink.com\/blog\/","name":"Woblink","description":"najlepszy firmowy blog o ksi\u0105\u017ckach","publisher":{"@id":"https:\/\/woblink.com\/blog\/#organization"},"potentialAction":[{"@type":"SearchAction","target":{"@type":"EntryPoint","urlTemplate":"https:\/\/woblink.com\/blog\/?s={search_term_string}"},"query-input":"required name=search_term_string"}],"inLanguage":"pl-PL"},{"@type":"Organization","@id":"https:\/\/woblink.com\/blog\/#organization","name":"Woblink","url":"https:\/\/woblink.com\/blog\/","logo":{"@type":"ImageObject","inLanguage":"pl-PL","@id":"https:\/\/woblink.com\/blog\/#\/schema\/logo\/image\/","url":"https:\/\/i0.wp.com\/woblink.com\/blog\/wp-content\/uploads\/2019\/04\/nw_logoB.png?fit=185%2C42&ssl=1","contentUrl":"https:\/\/i0.wp.com\/woblink.com\/blog\/wp-content\/uploads\/2019\/04\/nw_logoB.png?fit=185%2C42&ssl=1","width":185,"height":42,"caption":"Woblink"},"image":{"@id":"https:\/\/woblink.com\/blog\/#\/schema\/logo\/image\/"},"sameAs":["https:\/\/facebook.com\/woblink","https:\/\/twitter.com\/woblink_com","https:\/\/www.instagram.com\/woblink_com","https:\/\/www.linkedin.com\/company\/woblink\/"]},{"@type":"Person","@id":"https:\/\/woblink.com\/blog\/#\/schema\/person\/92be97438f8b6e276e75dd978b2a939f","name":"Julia","image":{"@type":"ImageObject","inLanguage":"pl-PL","@id":"https:\/\/woblink.com\/blog\/#\/schema\/person\/image\/","url":"https:\/\/secure.gravatar.com\/avatar\/19c21b7bfd287e7bc5a47d55b8b86a97?s=96&d=mm&r=g","contentUrl":"https:\/\/secure.gravatar.com\/avatar\/19c21b7bfd287e7bc5a47d55b8b86a97?s=96&d=mm&r=g","caption":"Julia"},"url":"https:\/\/woblink.com\/blog\/author\/julia\/"}]}},"jetpack_featured_media_url":"https:\/\/i0.wp.com\/woblink.com\/blog\/wp-content\/uploads\/blog_7.jpg?fit=1011%2C690&ssl=1","_links":{"self":[{"href":"https:\/\/woblink.com\/blog\/wp-json\/wp\/v2\/posts\/13594"}],"collection":[{"href":"https:\/\/woblink.com\/blog\/wp-json\/wp\/v2\/posts"}],"about":[{"href":"https:\/\/woblink.com\/blog\/wp-json\/wp\/v2\/types\/post"}],"author":[{"embeddable":true,"href":"https:\/\/woblink.com\/blog\/wp-json\/wp\/v2\/users\/19"}],"replies":[{"embeddable":true,"href":"https:\/\/woblink.com\/blog\/wp-json\/wp\/v2\/comments?post=13594"}],"version-history":[{"count":11,"href":"https:\/\/woblink.com\/blog\/wp-json\/wp\/v2\/posts\/13594\/revisions"}],"predecessor-version":[{"id":13675,"href":"https:\/\/woblink.com\/blog\/wp-json\/wp\/v2\/posts\/13594\/revisions\/13675"}],"wp:featuredmedia":[{"embeddable":true,"href":"https:\/\/woblink.com\/blog\/wp-json\/wp\/v2\/media\/13595"}],"wp:attachment":[{"href":"https:\/\/woblink.com\/blog\/wp-json\/wp\/v2\/media?parent=13594"}],"wp:term":[{"taxonomy":"category","embeddable":true,"href":"https:\/\/woblink.com\/blog\/wp-json\/wp\/v2\/categories?post=13594"},{"taxonomy":"post_tag","embeddable":true,"href":"https:\/\/woblink.com\/blog\/wp-json\/wp\/v2\/tags?post=13594"}],"curies":[{"name":"wp","href":"https:\/\/api.w.org\/{rel}","templated":true}]}}