{"id":1705,"date":"2025-02-21T16:15:49","date_gmt":"2025-02-21T15:15:49","guid":{"rendered":"https:\/\/woblink.com\/blog\/?p=1705"},"modified":"2025-12-03T10:19:05","modified_gmt":"2025-12-03T09:19:05","slug":"tlusty-czwartek-grube-ebooki-ktore-zmiescisz-w-kazdym-czytniku","status":"publish","type":"post","link":"https:\/\/woblink.com\/blog\/tlusty-czwartek-grube-ebooki-ktore-zmiescisz-w-kazdym-czytniku\/","title":{"rendered":"T\u0142usty czwartek: grube ebooki, kt\u00f3re zmie\u015bcisz w ka\u017cdym czytniku"},"content":{"rendered":"<p align=\"justify\"><b>T\u0142usty czwartek to tradycja obchodzona g\u0142\u00f3wnie w Polsce i katolickiej cz\u0119\u015bci Niemiec. Zwyczajowo, w ostatni czwartek przed rozpocz\u0119ciem Wielkiego Postu ludzie jedz\u0105 t\u0142uste s\u0142odycze \u2013 g\u0142\u00f3wnie p\u0105czki i chrust, zwany te\u017c faworkami. T\u0142usty czwartek otwiera ostatni karnawa\u0142owy tydzie\u0144, kt\u00f3ry ko\u0144czy \u015aroda Popielcowa. Z tej okazji wychodzimy naprzeciw potrzebom czytelniczych marato\u0144czyk\u00f3w i proponujemy smakowite grube ksi\u0105\u017cki!<\/b><\/p>\n<p><!--more--><\/p>\n<p><b>Spis tre\u015bci<\/b><\/p>\n<ul>\n<li><a href=\"#grube-ksiazki---ebooki-ktore-zmiescisz-w-kazdym-czytniku\">Grube ksi\u0105\u017cki &#8211; ebooki, kt\u00f3re zmie\u015bcisz w ka\u017cdym czytniku<\/a>\n<ul>\n<li><a href=\"#male-zycie--hanya-yanagihara-tlum-jolanta-kozak-wydawnictwo-wab816-stron\">\u201eMa\u0142e \u017cycie\u201d \u2013 Hanya Yanagihara, t\u0142um. Jolanta Kozak, Wydawnictwo W.A.B.<br \/>\n816 stron<\/a><\/li>\n<li><a href=\"#demon-copperhead--barbara-kingsolver-tlum-kaja-gucio-wydawnictwo-filia608-stron\">\u201eDemon Copperhead\u201d \u2013 Barbara Kingsolver, t\u0142um. Kaja Gucio, Wydawnictwo Filia<br \/>\n608 stron<\/a><\/li>\n<li><a href=\"#wartka-smierc--robert-galbraith-jk-rowling-tlum-anna-gralak-wydawnictwo-dolnoslaskie960-stron\">\u201eWartka \u015bmier\u0107\u201d \u2013 Robert Galbraith (J.K. Rowling), t\u0142um. Anna Gralak, Wydawnictwo Dolno\u015bl\u0105skie<br \/>\n960 stron<\/a><\/li>\n<li><a href=\"#babel-czyli-o-koniecznosci-pomocy--rebecca-f-kuang-tlum-grzegorz-komerski-wydawnictwo-fabryka-slow768-stron\">\u201eBabel, czyli o konieczno\u015bci pomocy\u201d \u2013 Rebecca F. Kuang, t\u0142um. Grzegorz Komerski, Wydawnictwo Fabryka S\u0142\u00f3w<br \/>\n768 stron<\/a><\/li>\n<li><a href=\"#ksiegi-jakubowe--olga-tokarczuk-wydawnictwo-literackie914-stron\">\u201eKsi\u0119gi Jakubowe\u201d \u2013 Olga Tokarczuk, Wydawnictwo Literackie<br \/>\n914 stron<\/a><\/li>\n<li><a href=\"#swiatlo-ktorego-nie-widac--anthony-doerr-tlum-tomasz-wyzynski-wydawnictwo-poznanskie600-stron\">\u00a0\u201e\u015awiat\u0142o, kt\u00f3rego nie wida\u0107\u201d \u2013 Anthony Doerr, t\u0142um. Tomasz Wy\u017cy\u0144ski, Wydawnictwo Pozna\u0144skie<br \/>\n600 stron<\/a><\/li>\n<li><a href=\"#plutopia--kate-brown-tlum-tomasz-bieron-wydawnictwo-czarne600-stron\">\u00a0\u201ePlutopia\u201d \u2013 Kate Brown, t\u0142um. Tomasz Biero\u0144, Wydawnictwo Czarne<br \/>\n600 stron<\/a><\/li>\n<li><a href=\"#szczygiel--donna-tartt-tlum-jerzy-kozlowski-wydawnictwo-znak848-stron\">\u201eSzczygie\u0142\u201d\u00a0 \u2013 Donna Tartt, t\u0142um. Jerzy Koz\u0142owski, Wydawnictwo Znak<br \/>\n848 stron<\/a><\/li>\n<li><a href=\"#my-narod--jill-lepore-tlum-jan-szkudlinski-wydawnictwo-poznanskie848-stron\">\u201eMy, nar\u00f3d\u201d \u2013 Jill Lepore, t\u0142um. Jan Szkudli\u0144ski, Wydawnictwo Pozna\u0144skie<br \/>\n848 stron<\/a><\/li>\n<li><a href=\"#bracia-karamazow--fiodor-dostojewski-tlum-adam-pomorski-wydawnictwo-znak916-strony\">\u201eBracia Karamazow\u201d \u2013 Fiodor Dostojewski, t\u0142um. Adam Pomorski, Wydawnictwo Znak<br \/>\n916 strony<\/a><\/li>\n<li><a href=\"#lod--jacek-dukaj-wydawnictwo-literackie1054-strony\">\u201eL\u00f3d\u201d \u2013 Jacek Dukaj, Wydawnictwo Literackie<br \/>\n1054 strony<\/a><\/li>\n<li><a href=\"#gorzko-gorzko--joanna-bator-wydawnictwo-znak656-stron\">\u201eGorzko, gorzko\u201d \u2013 Joanna Bator, Wydawnictwo Znak<br \/>\n656 stron<\/a><\/li>\n<li><a href=\"#glod--martin-caparros-tlum-marta-szafranska-brandt-wydawnictwo-literackie716-stron\">\u201eG\u0142\u00f3d\u201d \u2013 Mart\u00edn Caparr\u00f3s, t\u0142um. Marta Szafra\u0144ska-Brandt, Wydawnictwo Literackie<br \/>\n716 stron<\/a><\/li>\n<li><a href=\"#pielgrzym--terry-hayes-tlum-maciej-szymanski-dom-wydawniczy-rebis784-strony\">\u201ePielgrzym\u201d \u2013 Terry Hayes, t\u0142um. Maciej Szyma\u0144ski, Dom Wydawniczy Rebis<br \/>\n784 strony<\/a><\/li>\n<li><a href=\"#4321--paul-auster-tlum-maria-makuch-wydawnictwo-znak848-stron\">\u201e4321\u201d \u2013 Paul Auster, t\u0142um. Maria Makuch, Wydawnictwo Znak<br \/>\n848 stron<\/a><\/li>\n<li><a href=\"#bastion--stephen-king-tlum-robert-lipski-wydawnictwo-albatros1166-stron\">\u201eBastion\u201d \u2013 Stephen King, t\u0142um. Robert Lipski, Wydawnictwo Albatros<br \/>\n1166 stron<\/a><\/li>\n<li><a href=\"#zlodziejka--sarah-waters-tlum-magdalena-moltzan-malkowska-wydawnictwo-proszynski-media728-stron\">\u201eZ\u0142odziejka\u201d \u2013 Sarah Waters, t\u0142um. Magdalena Moltzan-Ma\u0142kowska, Wydawnictwo Pr\u00f3szy\u0144ski Media<br \/>\n728 stron<\/a><\/li>\n<\/ul>\n<\/li>\n<\/ul>\n<h2 id=\"grube-ksiazki---ebooki-ktore-zmiescisz-w-kazdym-czytniku\">Grube ksi\u0105\u017cki &#8211; ebooki, kt\u00f3re zmie\u015bcisz w ka\u017cdym czytniku<\/h2>\n<figure id=\"attachment_13241\" aria-describedby=\"caption-attachment-13241\" style=\"width: 194px\" class=\"wp-caption alignright\"><a href=\"https:\/\/woblink.com\/ebook\/ziemiomorze-wydanie-rozszerzone-ilustrowane-barwione-brzegi-ursula-k-le-guin-354352u\"><img decoding=\"async\" loading=\"lazy\" class=\"wp-image-13241 size-medium\" src=\"https:\/\/i0.wp.com\/woblink.com\/blog\/wp-content\/uploads\/66e8de0a85105.jpeg?resize=194%2C300&#038;ssl=1\" alt=\"grube ksi\u0105\u017cki - Ziemiomorze\" width=\"194\" height=\"300\" srcset=\"https:\/\/i0.wp.com\/woblink.com\/blog\/wp-content\/uploads\/66e8de0a85105.jpeg?resize=194%2C300&amp;ssl=1 194w, https:\/\/i0.wp.com\/woblink.com\/blog\/wp-content\/uploads\/66e8de0a85105.jpeg?w=554&amp;ssl=1 554w\" sizes=\"(max-width: 194px) 100vw, 194px\" data-recalc-dims=\"1\" \/><\/a><figcaption id=\"caption-attachment-13241\" class=\"wp-caption-text\"><center><b>Kup <a href=\"https:\/\/woblink.com\/ebook\/ziemiomorze-wydanie-rozszerzone-ilustrowane-barwione-brzegi-ursula-k-le-guin-354352u\">ebooka <i>Ziemiomorze<\/i><\/a> na Woblink.com<\/b><\/center><\/figcaption><\/figure>\n<h3>Ziemiomorze. Wydanie rozszerzone \u2013 \u00a0Ursula K. Le Guin, t\u0142um. Agnieszka Sylwanowicz Stanis\u0142aw Bara\u0144czak Piotr W. Cholewa Paulina Braiter, Wydawnictwo Pr\u00f3szy\u0144ski i S-ka<br \/>\nLiczba stron: 1144<\/h3>\n<p>Rozszerzone wydanie kultowego \u201eZiemiomorza\u201d Ursuli K. Le Guin liczy a\u017c 1144 strony! To jeden z najznakomitszych cykli literatury fantasty, por\u00f3wnywany do dzie\u0142 C.S. Lewisa czy J.R.R. Tolkiena.<\/p>\n<p>W swoim obszernym dziele Le Guin opisuje malowniczy \u015bwiat pe\u0142en wysp, smok\u00f3w oraz tajemnic. Najwa\u017cniejsza w nim jest r\u00f3wnowaga mi\u0119dzy buduj\u0105cymi go si\u0142ami. G\u0142\u00f3wnym protagonist\u0105 \u201eZmiemiomorza\u201d jest czarnoksi\u0119\u017cnik Ged, a poszczeg\u00f3lne cz\u0119\u015bci opowiadaj\u0105 jego losy, od najm\u0142odszych lat, a\u017c po czasy, kiedy czary staj\u0105 si\u0119 niebezpiecznym narz\u0119dziem.<\/p>\n<figure id=\"attachment_13242\" aria-describedby=\"caption-attachment-13242\" style=\"width: 198px\" class=\"wp-caption alignleft\"><a href=\"https:\/\/woblink.com\/ebook\/rok-szaranczy-terry-hayes-339617u\"><img decoding=\"async\" loading=\"lazy\" class=\"wp-image-13242 size-medium\" src=\"https:\/\/i0.wp.com\/woblink.com\/blog\/wp-content\/uploads\/67380fc4eb6d8.jpeg?resize=198%2C300&#038;ssl=1\" alt=\"\" width=\"198\" height=\"300\" srcset=\"https:\/\/i0.wp.com\/woblink.com\/blog\/wp-content\/uploads\/67380fc4eb6d8.jpeg?resize=198%2C300&amp;ssl=1 198w, https:\/\/i0.wp.com\/woblink.com\/blog\/wp-content\/uploads\/67380fc4eb6d8.jpeg?w=564&amp;ssl=1 564w\" sizes=\"(max-width: 198px) 100vw, 198px\" data-recalc-dims=\"1\" \/><\/a><figcaption id=\"caption-attachment-13242\" class=\"wp-caption-text\"><center><b>Kup <a href=\"https:\/\/woblink.com\/ebook\/rok-szaranczy-terry-hayes-339617u\">ebooka <i>Rok szara\u0144czy<\/i><\/a> na Woblink.com<\/b><\/center><\/figcaption><\/figure>\n<h3>Rok szara\u0144czy \u2013 Terry Hayes, t\u0142um. Maciej Szyma\u0144ski, Wydawnictwo Rebis<br \/>\nLiczba stron: 768<\/h3>\n<p>\u201eRok szara\u0144czy\u201d to d\u0142ugo wyczekiwany powr\u00f3t autora bestsellerowego \u201ePielgrzyma\u201d. Ludzko\u015b\u0107 staje na rozdro\u017cu. Jedna droga wiedzie ku przysz\u0142o\u015bci. Druga ku ostatecznej zag\u0142adzie. Kolejnej szansy ju\u017c nie b\u0119dzie.<\/p>\n<p>Kane jest tajnym agentem i specjalist\u0105 od Region\u00f3w Niedost\u0119pnych. Jego zadanie jest bardzo proste. Musi wkroczy\u0107, wype\u0142ni\u0107 misj\u0119 i wr\u00f3ci\u0107.<\/p>\n<p>Niespodziewanie na pograniczu Iranu, Pakistanu i Afganistanu Kane spotyka przeciwnika gotowego pchn\u0105\u0107 ca\u0142y \u015bwiat ku katastrofie. To budz\u0105cy postrach, inteligentny i okrutnego cz\u0142owiek z r\u0119kami splamionymi krwi\u0105 i \u00a0ow\u0142adni\u0119tego zemst\u0105.<\/p>\n<figure id=\"attachment_13243\" aria-describedby=\"caption-attachment-13243\" style=\"width: 194px\" class=\"wp-caption alignright\"><a href=\"https:\/\/woblink.com\/ebook\/wellness-nathan-hill-338571u\"><img decoding=\"async\" loading=\"lazy\" class=\"wp-image-13243 size-medium\" src=\"https:\/\/i0.wp.com\/woblink.com\/blog\/wp-content\/uploads\/6616a00624261-1.jpeg?resize=194%2C300&#038;ssl=1\" alt=\"\" width=\"194\" height=\"300\" srcset=\"https:\/\/i0.wp.com\/woblink.com\/blog\/wp-content\/uploads\/6616a00624261-1.jpeg?resize=194%2C300&amp;ssl=1 194w, https:\/\/i0.wp.com\/woblink.com\/blog\/wp-content\/uploads\/6616a00624261-1.jpeg?w=554&amp;ssl=1 554w\" sizes=\"(max-width: 194px) 100vw, 194px\" data-recalc-dims=\"1\" \/><\/a><figcaption id=\"caption-attachment-13243\" class=\"wp-caption-text\"><center><b>Kup <a href=\"https:\/\/woblink.com\/ebook\/wellness-nathan-hill-338571u\">ebooka <i>Wellness <\/i><\/a> na Woblink.com<\/b><\/center><\/figcaption><\/figure>\n<h3>Wellness \u2013 Nathan Hill, t\u0142um. Jerzy Koz\u0142owskie, Wydawnictwo Znak<br \/>\nLiczba stron: 688<\/h3>\n<p>Nathan Hill, autor licz\u0105cych sobie prawie 900 stron \u201eNiks\u00f3w\u201d prezentuje czytelnikom kolejn\u0105 wielow\u0105tkow\u0105, d\u0142ug\u0105 opowie\u015b\u0107 . Tym razem stawia pytanie o to, czy mi\u0142o\u015b\u0107 od pierwszego wejrzenia mo\u017ce trwa\u0107 ca\u0142e \u017cycie.<\/p>\n<p>Elizabeth i Jack spotykaj\u0105 si\u0119 i od razu staj\u0105 si\u0119 nieroz\u0142\u0105czni. Po dw\u00f3ch wsp\u00f3lnie sp\u0119dzonych dekadach orientuj\u0105 si\u0119, \u017ce ich zwi\u0105zek to iluzja. Zamiast nami\u0119tno\u015bci czuj\u0105 rozczarowanie. A przecie\u017c dopiero co kupili sw\u00f3j wymarzony dom. Co stanie si\u0119 z ich relacj\u0105?<\/p>\n<figure id=\"attachment_13244\" aria-describedby=\"caption-attachment-13244\" style=\"width: 188px\" class=\"wp-caption alignleft\"><a href=\"https:\/\/woblink.com\/ebook\/miraz-henrik-fexeus-camilla-laeckberg-339395u\"><img decoding=\"async\" loading=\"lazy\" class=\"wp-image-13244 size-medium\" src=\"https:\/\/i0.wp.com\/woblink.com\/blog\/wp-content\/uploads\/66738adc7482c-1.jpeg?resize=188%2C300&#038;ssl=1\" alt=\"grube ksi\u0105\u017cki - Mira\u017c\" width=\"188\" height=\"300\" srcset=\"https:\/\/i0.wp.com\/woblink.com\/blog\/wp-content\/uploads\/66738adc7482c-1.jpeg?resize=188%2C300&amp;ssl=1 188w, https:\/\/i0.wp.com\/woblink.com\/blog\/wp-content\/uploads\/66738adc7482c-1.jpeg?w=535&amp;ssl=1 535w\" sizes=\"(max-width: 188px) 100vw, 188px\" data-recalc-dims=\"1\" \/><\/a><figcaption id=\"caption-attachment-13244\" class=\"wp-caption-text\"><center><b>Kup <a href=\"https:\/\/woblink.com\/ebook\/miraz-henrik-fexeus-camilla-laeckberg-339395u\">ebooka <i>Mira\u017c <\/i><\/a> na Woblink.com<\/b><\/center><\/figcaption><\/figure>\n<h3>Mira\u017c \u2013 Henrik Fexeus, Camilla L\u00e4ckberg, t\u0142um. Inga Sawicka, Wydawnictwo Czarna Owca<br \/>\nLiczba stron: 640<\/h3>\n<p>\u201eMira\u017c\u201d to trzecia i ostatnia cz\u0119\u015b\u0107 opas\u0142ej serii powie\u015bci duetu L\u00e4ckberg &amp; Fexeus o charyzmatycznym mentali\u015bcie i intryguj\u0105cej inspektor.<\/p>\n<p>Zimowy Sztokholm. Kto\u015b grozi szwedzkiemu ministrowi sprawiedliwo\u015bci. W tym samym czasie tw\u00f3rca murali przypadkowo trafia w metrze na stert\u0119 ko\u015bci. Szcz\u0105tki okazuj\u0105 si\u0119 nale\u017ce\u0107 do poszukiwanego od kilku miesi\u0119cy znanego finansisty. Do rozwi\u0105zania tej sprawy zostaje oddelegowany zesp\u00f3\u0142 Miny Dabiry. O pomoc w dochodzeniu zostaje poproszony mentalista Vincent Walder. M\u0119\u017cczyzna wci\u0105\u017c zmaga si\u0119 z problemami zar\u00f3wno rodzinnymi i zawodowymi. Dodatkowo nie potrafi przesta\u0107 my\u015ble\u0107 o Minie.<\/p>\n<p>Niespodziewanie w metrze dochodzi do odnalezienia kolejnego ludzkiego szkieletu. Wystawia to na pr\u00f3b\u0119 skuteczno\u015b\u0107 ca\u0142ego zespo\u0142u.<\/p>\n<figure id=\"attachment_13245\" aria-describedby=\"caption-attachment-13245\" style=\"width: 198px\" class=\"wp-caption alignright\"><a href=\"https:\/\/woblink.com\/ebook\/columbine-strzaly-w-amerykanskim-liceum-dave-cullen-258632u\"><img decoding=\"async\" loading=\"lazy\" class=\"wp-image-13245 size-medium\" src=\"https:\/\/i0.wp.com\/woblink.com\/blog\/wp-content\/uploads\/62f2def3944ba-2.jpeg?resize=198%2C300&#038;ssl=1\" alt=\"grube ksi\u0105\u017cki - Columbine\" width=\"198\" height=\"300\" srcset=\"https:\/\/i0.wp.com\/woblink.com\/blog\/wp-content\/uploads\/62f2def3944ba-2.jpeg?resize=198%2C300&amp;ssl=1 198w, https:\/\/i0.wp.com\/woblink.com\/blog\/wp-content\/uploads\/62f2def3944ba-2.jpeg?w=563&amp;ssl=1 563w\" sizes=\"(max-width: 198px) 100vw, 198px\" data-recalc-dims=\"1\" \/><\/a><figcaption id=\"caption-attachment-13245\" class=\"wp-caption-text\"><center><b>Kup <a href=\"https:\/\/woblink.com\/ebook\/columbine-strzaly-w-amerykanskim-liceum-dave-cullen-258632u\">ebooka <i>Columbine<\/i><\/a> na Woblink.com<\/b><\/center><\/figcaption><\/figure>\n<h3>Columbine. Strza\u0142y w ameryka\u0144skim liceum \u2013 Dave Cullen, t\u0142um. Adrian Stachowski, Wydawnictwo Pozna\u0144skie<br \/>\nLiczba stron: 640<\/h3>\n<p>\u201eColumbine\u201d Dave\u2019a Cullena jest okre\u015blane mianem arcydzie\u0142a true crime o najg\u0142o\u015bniejszej szkolnej strzelaninie w historii.<\/p>\n<p>Eric Harris i Dylan Klebold wygl\u0105dali na zwyk\u0142ych licealist\u00f3w. Chodzili do szko\u0142y, podrywali dziewczyny, podejmowali pierwsze prace, Lata chwila mieli stan\u0105\u0107 u progu doros\u0142o\u015bci i i\u015b\u0107 na studnia. Jednak na wiele miesi\u0119cy przed balem zacz\u0119li planowa\u0107 zamach bombowy na swoj\u0105 szko\u0142\u0119 na przedmie\u015bciach Denver. Do tragedii dosz\u0142o 20 kwietnia 1999 roku. Bomby nie wybuch\u0142y, ale Eric i Dylan zastrzelili dwana\u015bcioro uczni\u00f3w i nauczyciela. Ranili jeszcze kolejne dwadzie\u015bcia cztery osoby. To wydarzenie przesz\u0142o do historii jako masakra w liceum Columbine.<\/p>\n<p>Autor ksi\u0105\u017cki by\u0142 jednym z pierwszych dziennikarzy na miejscu zdarzenia. Korzystaj\u0105c z obszernego materia\u0142u i w\u0142asnych do\u015bwiadcze\u0144 stworzy\u0142 wielokrotnie nagradzany klasyk wsp\u00f3\u0142czesnego reporta\u017cu.<\/p>\n<figure id=\"attachment_13246\" aria-describedby=\"caption-attachment-13246\" style=\"width: 209px\" class=\"wp-caption alignleft\"><a href=\"https:\/\/woblink.com\/ebook\/im-mroczniej-tym-lepiej-stephen-king-342199u\"><img decoding=\"async\" loading=\"lazy\" class=\"wp-image-13246 size-medium\" src=\"https:\/\/i0.wp.com\/woblink.com\/blog\/wp-content\/uploads\/66426cb4af8f8-1.jpeg?resize=209%2C300&#038;ssl=1\" alt=\"\" width=\"209\" height=\"300\" srcset=\"https:\/\/i0.wp.com\/woblink.com\/blog\/wp-content\/uploads\/66426cb4af8f8-1.jpeg?resize=209%2C300&amp;ssl=1 209w, https:\/\/i0.wp.com\/woblink.com\/blog\/wp-content\/uploads\/66426cb4af8f8-1.jpeg?w=570&amp;ssl=1 570w\" sizes=\"(max-width: 209px) 100vw, 209px\" data-recalc-dims=\"1\" \/><\/a><figcaption id=\"caption-attachment-13246\" class=\"wp-caption-text\"><center><b>Kup <a href=\"https:\/\/woblink.com\/ebook\/im-mroczniej-tym-lepiej-stephen-king-342199u\">ebooka <i>Im mroczniej, tym lepiej<\/i><\/a> na Woblink.com<\/b><\/center><\/figcaption><\/figure>\n<h3>Im mroczniej, tym lepiej \u2013 Stephen King, t\u0142um. Janusz Ochab, Wydawnictwo Albatros<br \/>\nLiczba stron: 624<\/h3>\n<p>Na li\u015bcie najd\u0142u\u017cszych ksi\u0105\u017cek nie mog\u0142o zabrakn\u0105\u0107 Stephena Kinga \u2013 znaczna cz\u0119\u015b\u0107 powie\u015bci mistrza horroru liczy sobie ponad 500 stron.<\/p>\n<p>\u201eIm mroczniej, tym lepiej\u201d to zbi\u00f3r dwunastu opowiada\u0144 ameryka\u0144skiego kr\u00f3la grozy \u2013 od kr\u00f3ciutkich nowej, przez d\u0142u\u017csze fabu\u0142y, a\u017c po minipowie\u015b\u0107. Czytelnicy znajd\u0105 tu zar\u00f3wno klasyczne horrory, jak i krymina\u0142y, a nawet proz\u0119 obyczajow\u0105.<\/p>\n<p>To Stephen King taki, jakiego jego fani lubi\u0105 najbardziej!<\/p>\n<figure id=\"attachment_13247\" aria-describedby=\"caption-attachment-13247\" style=\"width: 196px\" class=\"wp-caption alignright\"><a href=\"https:\/\/woblink.com\/ebook\/nexus-yuval-noah-harari-356851u\"><img decoding=\"async\" loading=\"lazy\" class=\"wp-image-13247 size-medium\" src=\"https:\/\/i0.wp.com\/woblink.com\/blog\/wp-content\/uploads\/6779f30a7f207.jpeg?resize=196%2C300&#038;ssl=1\" alt=\"grube ksi\u0105\u017cki - Nexus\" width=\"196\" height=\"300\" srcset=\"https:\/\/i0.wp.com\/woblink.com\/blog\/wp-content\/uploads\/6779f30a7f207.jpeg?resize=196%2C300&amp;ssl=1 196w, https:\/\/i0.wp.com\/woblink.com\/blog\/wp-content\/uploads\/6779f30a7f207.jpeg?w=560&amp;ssl=1 560w\" sizes=\"(max-width: 196px) 100vw, 196px\" data-recalc-dims=\"1\" \/><\/a><figcaption id=\"caption-attachment-13247\" class=\"wp-caption-text\"><center><b>Kup <a href=\"https:\/\/woblink.com\/ebook\/nexus-yuval-noah-harari-356851u\">ebooka <i>Nexus<\/i><\/a> na Woblink.com<\/b><\/center><\/figcaption><\/figure>\n<h3>Nexus Kr\u00f3tka historia informacji \u2013 Yuval Noah Harari, t\u0142um. Justyn Hunia, Wydawnictwo Literackie<br \/>\nLiczba stron: 616<\/h3>\n<p>W \u201eNexusie\u201d Yuval Noah Harari opowiada o ludzkiej podr\u00f3\u017cy od epoki kamienia do ery informacji i o wyborach, kt\u00f3rych nale\u017cy dokona\u0107, \u017ceby przetrwa\u0107. Autor zach\u0119ca czytelnik\u00f3w do zastanowienia si\u0119, w jaki spos\u00f3b przep\u0142yw informacji stworzy\u0142 \u015bwiat, jaki znamy obecnie. I dlaczego mu tak bardzo zagra\u017ca. Proponuje r\u00f3wnie\u017c przeanalizowa\u0107, w jaki spos\u00f3b systemy takie jak Ko\u015bci\u00f3\u0142 katolicki czy Cesarstwo Rzymskie pos\u0142ugiwa\u0142y si\u0119 informacj\u0105, \u017ceby osi\u0105gn\u0105\u0107 za\u0142o\u017cone cele \u2013 zar\u00f3wno te dobre, jak i z\u0142e.<\/p>\n<figure id=\"attachment_13248\" aria-describedby=\"caption-attachment-13248\" style=\"width: 199px\" class=\"wp-caption alignleft\"><a href=\"https:\/\/woblink.com\/ebook\/onyx-storm-onyksowa-burza-rebecca-yarros-370537u\"><img decoding=\"async\" loading=\"lazy\" class=\"wp-image-13248 size-medium\" src=\"https:\/\/i0.wp.com\/woblink.com\/blog\/wp-content\/uploads\/67b5a372ed74e.jpeg?resize=199%2C300&#038;ssl=1\" alt=\"\" width=\"199\" height=\"300\" srcset=\"https:\/\/i0.wp.com\/woblink.com\/blog\/wp-content\/uploads\/67b5a372ed74e.jpeg?resize=199%2C300&amp;ssl=1 199w, https:\/\/i0.wp.com\/woblink.com\/blog\/wp-content\/uploads\/67b5a372ed74e.jpeg?w=566&amp;ssl=1 566w\" sizes=\"(max-width: 199px) 100vw, 199px\" data-recalc-dims=\"1\" \/><\/a><figcaption id=\"caption-attachment-13248\" class=\"wp-caption-text\"><center><b>Kup <a href=\"https:\/\/woblink.com\/ebook\/onyx-storm-onyksowa-burza-rebecca-yarros-370537u\">ebooka <i>Onyx Storm<\/i><\/a> na Woblink.com<\/b><\/center><\/figcaption><\/figure>\n<h3>Onyx Storm. Onyksowa burza \u2013 Rebecca Yarros, t\u0142um. Sylwia Chojnacka, Wydawnictwo Filia<br \/>\nLiczba stron: 608<\/h3>\n<p>\u201eOnyx Storm\u201c to kontynuacja mi\u0119dzynarodowych bestseller\u00f3w \u201eFourth Wing\u201d i \u201eIron Flame\u201d. Wszystkie trzy nale\u017c\u0105 do bij\u0105cej rekordy popularno\u015bci na ca\u0142ym \u015bwiecie serii Emperium i ka\u017cda z nich mog\u0142aby znale\u017a\u0107 si\u0119 na li\u015bcie grubych ksi\u0105\u017cek: pierwszy tom \u201eFourth Wing\u201d liczy 522 strony, a jego kontynuacja \u201eIron Flame\u201d a\u017c 704!<\/p>\n<p>W \u201eOnyksowej burzy\u201d Rebecca Yarros kontynuuje opowie\u015b\u0107 o losach Violet Sorrengail, kt\u00f3ra po nauce w Basgiath War College staje w obliczu zbli\u017caj\u0105cej si\u0119 wojny. Protagonistka musi znale\u017a\u0107 sojusznik\u00f3w i dotrze\u0107 do prawdy. Seria Empireum zdoby\u0142a uznanie czytelnik\u00f3w dzi\u0119ki po\u0142\u0105czeniu element\u00f3w fantasy i romansu z wartk\u0105 akcj\u0105.<\/p>\n<figure id=\"attachment_13249\" aria-describedby=\"caption-attachment-13249\" style=\"width: 207px\" class=\"wp-caption alignright\"><a href=\"https:\/\/woblink.com\/ebook\/zadlo-murray-paul-366722u\"><img decoding=\"async\" loading=\"lazy\" class=\"wp-image-13249 size-medium\" src=\"https:\/\/i0.wp.com\/woblink.com\/blog\/wp-content\/uploads\/67a2d596c7687.jpeg?resize=207%2C300&#038;ssl=1\" alt=\"\" width=\"207\" height=\"300\" srcset=\"https:\/\/i0.wp.com\/woblink.com\/blog\/wp-content\/uploads\/67a2d596c7687.jpeg?resize=207%2C300&amp;ssl=1 207w, https:\/\/i0.wp.com\/woblink.com\/blog\/wp-content\/uploads\/67a2d596c7687.jpeg?w=570&amp;ssl=1 570w\" sizes=\"(max-width: 207px) 100vw, 207px\" data-recalc-dims=\"1\" \/><\/a><figcaption id=\"caption-attachment-13249\" class=\"wp-caption-text\"><center><b>Kup <a href=\"https:\/\/woblink.com\/ebook\/zadlo-murray-paul-366722u\">ebooka <i>\u017b\u0105d\u0142o<\/i><\/a> na Woblink.com<\/b><\/center><\/figcaption><\/figure>\n<h3>\u017b\u0105d\u0142o \u2013 Paul Murray, t\u0142um. \u0141ukasz Witczak, Wydawnictwi Filtry<br \/>\nLiczba stron: 568<\/h3>\n<p>\u201e\u017b\u0105d\u0142o\u201d to d\u0142ugo wyczekiwana powie\u015b\u0107 Paula Murraya i ksi\u0105\u017cka okrzykni\u0119ta przez wielu krytyk\u00f3w najlepsz\u0105 powie\u015bci\u0105 ostatnich lat. Przynios\u0142a Murrayowi liczne nagrody, mi\u0119dzy innymi Eason Novel of The Year oraz Nero Gold Prize. Znalaz\u0142a si\u0119 te\u017c w finale Nagrody Bookera.<\/p>\n<p>Autor na jej kartach kre\u015bli obszern\u0105 i realistyczn\u0105 sag\u0119 rodzinn\u0105, w kt\u00f3rej dysfunkcje s\u0105 zwierciad\u0142em s\u0142abo\u015bci ca\u0142ego spo\u0142ecze\u0144stwa.<\/p>\n<p>Dotychczas dochodowy biznes samochodowy Dickiego podupada. Jego zona sprzedaje swoj\u0105 bi\u017cuteri\u0119 na eBayu. Z kolei nastoletnia c\u00f3rka pary, Cass \u2013 niegdy\u015b szkolna prymuska \u2013 obecnie chce tylko dotrwa\u0107 do egzamin\u00f3w pij\u0105c na um\u00f3r. Jej dwunastoletni brat , wprowadza ostatnie poprawki w swoim planie ucieczki w domu.<\/p>\n<p>Kiedy wszystko posz\u0142o tak bardzo nie tak?<\/p>\n<figure id=\"attachment_13250\" aria-describedby=\"caption-attachment-13250\" style=\"width: 196px\" class=\"wp-caption alignleft\"><a href=\"https:\/\/woblink.com\/ebook\/biblia-jadowitego-drzewa-barbara-kingsolver-370334u\"><img decoding=\"async\" loading=\"lazy\" class=\"wp-image-13250 size-medium\" src=\"https:\/\/i0.wp.com\/woblink.com\/blog\/wp-content\/uploads\/67ab2dfd010e9.jpeg?resize=196%2C300&#038;ssl=1\" alt=\"\" width=\"196\" height=\"300\" srcset=\"https:\/\/i0.wp.com\/woblink.com\/blog\/wp-content\/uploads\/67ab2dfd010e9.jpeg?resize=196%2C300&amp;ssl=1 196w, https:\/\/i0.wp.com\/woblink.com\/blog\/wp-content\/uploads\/67ab2dfd010e9.jpeg?w=558&amp;ssl=1 558w\" sizes=\"(max-width: 196px) 100vw, 196px\" data-recalc-dims=\"1\" \/><\/a><figcaption id=\"caption-attachment-13250\" class=\"wp-caption-text\"><center><b>Kup <a href=\"https:\/\/woblink.com\/ebook\/biblia-jadowitego-drzewa-barbara-kingsolver-370334u\">ebooka <i>Biblia jadowitego drzewa<\/i><\/a> na Woblink.com<\/b><\/center><\/figcaption><\/figure>\n<h3>Biblia jadowitego drzewa \u2013 Barbara Kingsolver, t\u0142um. Tomasz Biero\u0144, Wydawnictwo Albatros<br \/>\nLiczba stron: 544<\/h3>\n<p>\u201eBiblia jadowitego drzewa\u201d to powie\u015b\u0107 laureatki Pulitzera i podw\u00f3jnej zdobywczyni nagrody Women\u2019s Prize for Fiction (za powie\u015bci Odyseja i Demon Copperhead) oraz finalistki Orange Prize.<\/p>\n<p>Barbara Kingsolver opowiada na karach powie\u015bci histori\u0119 \u017cony i czterech c\u00f3rek Nathana Price\u2019a, fanatycznego kaznodziei, kt\u00f3ry przenosi rodzin\u0119 i misj\u0119 do Konga, w samo centrum burzliwych przemian. Przeprowadzka z ameryka\u0144skiego stanu Georgia do wioski Kilanga w Kongo Belgijskim, oka\u017ce si\u0119 ogromnym wyzwaniem.<\/p>\n<h3 id=\"male-zycie--hanya-yanagihara-tlum-jolanta-kozak-wydawnictwo-wab816-stron\">\u201eMa\u0142e \u017cycie\u201d \u2013 Hanya Yanagihara, t\u0142um. Jolanta Kozak, Wydawnictwo W.A.B.<br \/>\n816 stron<\/h3>\n<figure id=\"attachment_11638\" aria-describedby=\"caption-attachment-11638\" style=\"width: 200px\" class=\"wp-caption alignright\"><a href=\"https:\/\/woblink.com\/ebook\/male-zycie-hanya-yanagihara-219956u\"><img decoding=\"async\" loading=\"lazy\" class=\"wp-image-11638 size-medium\" src=\"https:\/\/i0.wp.com\/woblink.com\/blog\/wp-content\/uploads\/60e849503de8b.jpeg?resize=200%2C300&#038;ssl=1\" alt=\"grube ksi\u0105\u017cki - Ma\u0142e \u017cycie\" width=\"200\" height=\"300\" srcset=\"https:\/\/i0.wp.com\/woblink.com\/blog\/wp-content\/uploads\/60e849503de8b.jpeg?resize=200%2C300&amp;ssl=1 200w, https:\/\/i0.wp.com\/woblink.com\/blog\/wp-content\/uploads\/60e849503de8b.jpeg?w=570&amp;ssl=1 570w\" sizes=\"(max-width: 200px) 100vw, 200px\" data-recalc-dims=\"1\" \/><\/a><figcaption id=\"caption-attachment-11638\" class=\"wp-caption-text\"><center><b>Kup <a href=\"https:\/\/woblink.com\/ebook\/male-zycie-hanya-yanagihara-219956u\">ebooka Ma\u0142e \u017cycie <\/a> na Woblink.com<\/b><\/center><\/figcaption><\/figure>\n<p>\u201eMa\u0142e \u017cycie\u201d to poruszaj\u0105cy obraz dojrzewania, sukcesu, przyja\u017ani i traumy. <strong>Okrzykni\u0119to j\u0105 najg\u0142o\u015bniejsza ameryka\u0144sk\u0105 powie\u015bci\u0105 2015 roku, kt\u00f3ra wzbudzi\u0142a fal\u0119 zachwytu, a tak\u017ce szeroko zakrojon\u0105 dyskusj\u0119 zar\u00f3wno w\u015br\u00f3d krytyk\u00f3w, jak i czytelnik\u00f3w.<\/strong><b><br \/>\n<\/b><\/p>\n<p><strong>Na 816 stronach autorka opisuje kilkadziesi\u0105t lat \u017cycia czw\u00f3rki przyjaci\u00f3\u0142.<\/strong> Czytelnicy poznaj\u0105 ich w momencie uko\u0144czenia studi\u00f3w i przeprowadzki do Nowego Jorku. Temperamentny JB jest malarzem i z czasem zaczyna brylowa\u0107 w kr\u0119gach nowojorskiej bohemy. Malcolm zostaje uznanym architektem. Z kolei Willem robi b\u0142yskotliw\u0105 karier\u0119 aktorsk\u0105. Najbardziej tajemniczy z nich, przejawiaj\u0105cy znaczny talent matematyczny Jude, jako prawnik odnosi sukces za sukcesem.<\/p>\n<p>W przeciwie\u0144stwie do przyjaci\u00f3\u0142 nigdy jednak nie wspomina o swojej przesz\u0142o\u015bci czy o rodzinie, cho\u0107 powa\u017cne problemy zdrowotne i emocjonalne wskazuj\u0105 na to, \u017ce w jego \u017cyciu wydarzy\u0142o si\u0119 co\u015b, o czym nie potrafi zapomnie\u0107.<\/p>\n<p>JB, Malcolm oraz Willem\u00a0 zaczynaj\u0105 odkrywa\u0107 straszn\u0105 prawd\u0119 o \u017cyciu przyjaciela. Nadchodzi czas pr\u00f3by empatii i dojrza\u0142o\u015bci. Co b\u0119d\u0105 gotowi po\u015bwi\u0119ci\u0107, by ratowa\u0107 pogr\u0105\u017caj\u0105cego si\u0119 w mroku Jude\u2019a, ?<\/p>\n<figure id=\"attachment_11639\" aria-describedby=\"caption-attachment-11639\" style=\"width: 199px\" class=\"wp-caption alignleft\"><a href=\"https:\/\/woblink.com\/ebook\/demon-copperhead-barbara-kingsolver-301551u\"><img decoding=\"async\" loading=\"lazy\" class=\"wp-image-11639 size-medium\" src=\"https:\/\/i0.wp.com\/woblink.com\/blog\/wp-content\/uploads\/651fb4651823e-1.jpeg?resize=199%2C300&#038;ssl=1\" alt=\"d\u0142ugie ksi\u0105\u017cki - Demon Copperhead\" width=\"199\" height=\"300\" srcset=\"https:\/\/i0.wp.com\/woblink.com\/blog\/wp-content\/uploads\/651fb4651823e-1.jpeg?resize=199%2C300&amp;ssl=1 199w, https:\/\/i0.wp.com\/woblink.com\/blog\/wp-content\/uploads\/651fb4651823e-1.jpeg?w=566&amp;ssl=1 566w\" sizes=\"(max-width: 199px) 100vw, 199px\" data-recalc-dims=\"1\" \/><\/a><figcaption id=\"caption-attachment-11639\" class=\"wp-caption-text\"><center><strong>Kup <a href=\"https:\/\/woblink.com\/ksiazka\/demon-copperhead-barbara-kingsolver-298233\">ksi\u0105\u017ck\u0119 papierow\u0105 Demon Copperhead <\/a> na Woblink.com<\/strong><\/center><\/figcaption><\/figure>\n<h3 id=\"demon-copperhead--barbara-kingsolver-tlum-kaja-gucio-wydawnictwo-filia608-stron\">\u201eDemon Copperhead\u201d \u2013 Barbara Kingsolver, t\u0142um. Kaja Gucio, Wydawnictwo Filia<br \/>\n608 stron<\/h3>\n<p><strong>Kolejnym licz\u0105cym ponad 500 stron i wartym uwagi tytu\u0142em jest \u201eDemon Copperhead\u201d.<\/strong> Powie\u015b\u0107 zosta\u0142a jedn\u0105 z dziesi\u0119ciu najlepszych ksi\u0105\u017cek 2022 roku wed\u0142ug \u201eNew York Timesa\u201d i laureatk\u0105 Nagrody Pulitzera 2023. <a href=\"https:\/\/woblink.com\/autor\/barbara-kingsolver-8402\">Barbara Kingsolver<\/a> otrzyma\u0142a za ni\u0105 Women&#8217;s Prize for Fiction.<\/p>\n<p>Tytu\u0142owy Demon Copperhead przychodzi na \u015bwiat w starej przyczepie, u podn\u00f3\u017ca Appalach\u00f3w. Nie ma nic, poza odziedziczonymi po ojcu rudymi w\u0142osami i urod\u0105, a tak\u017ce zjadliwym dowcipem i wybitnym darem przetrwania. W jego \u017cy\u0142ach p\u0142ynie gniew, zdradzonych przez elity, g\u00f3rniczych rodzin z Appalach\u00f3w. W owym \u015bwiecie na bohatera czekaj\u0105 tylko uzale\u017cnienia, opieka zast\u0119pcza, skomplikowane mi\u0142o\u015bci i liczne straty. Jednak w jego historii jest r\u00f3wnie\u017c iskierka nadziei oraz humoru.<\/p>\n<p>Czy Demon Copperhead mo\u017ce by\u0107 wsp\u00f3\u0142czesnym wcieleniem dickensowskiego Davida Copperfielda? <strong>Autorka przenosi t\u0119 wiktoria\u0144sk\u0105 powie\u015b\u0107 na wsp\u00f3\u0142czesne ameryka\u0144skie Po\u0142udnie i wysy\u0142a swojego protagonist\u0119 Demona w brutaln\u0105 i wspania\u0142\u0105 podr\u00f3\u017c.<\/strong><\/p>\n<h3 id=\"wartka-smierc--robert-galbraith-jk-rowling-tlum-anna-gralak-wydawnictwo-dolnoslaskie960-stron\">\u201eWartka \u015bmier\u0107\u201d \u2013 Robert Galbraith (J.K. Rowling), t\u0142um. Anna Gralak, Wydawnictwo Dolno\u015bl\u0105skie<br \/>\n960 stron<b><br \/>\n<\/b><\/h3>\n<figure id=\"attachment_11640\" aria-describedby=\"caption-attachment-11640\" style=\"width: 194px\" class=\"wp-caption alignright\"><a href=\"https:\/\/woblink.com\/ebook\/wartka-smierc-j-k-rowling-robert-galbraith-305400u\"><img decoding=\"async\" loading=\"lazy\" class=\"wp-image-11640 size-medium\" src=\"https:\/\/i0.wp.com\/woblink.com\/blog\/wp-content\/uploads\/65c05f210fae7.jpeg?resize=194%2C300&#038;ssl=1\" alt=\"grube ebooki - wartka \u015bmier\u0107\" width=\"194\" height=\"300\" srcset=\"https:\/\/i0.wp.com\/woblink.com\/blog\/wp-content\/uploads\/65c05f210fae7.jpeg?resize=194%2C300&amp;ssl=1 194w, https:\/\/i0.wp.com\/woblink.com\/blog\/wp-content\/uploads\/65c05f210fae7.jpeg?w=552&amp;ssl=1 552w\" sizes=\"(max-width: 194px) 100vw, 194px\" data-recalc-dims=\"1\" \/><\/a><figcaption id=\"caption-attachment-11640\" class=\"wp-caption-text\"><center><b>Kup <a href=\"https:\/\/woblink.com\/ebook\/wartka-smierc-j-k-rowling-robert-galbraith-305400u\">ebooka Wartka \u015bmier\u0107<\/a> na Woblink.com<\/b><\/center><\/figcaption><\/figure>\n<p>Wielbicielom obszernych cykli kryminalnych powinna przypa\u015b\u0107 do gustu seria z Cormoranem Strikem. <strong>Ka\u017cdy z tom\u00f3w liczy kilkaset stron \u2013 \u201eWartka \u015bmier\u0107\u201d ma ich a\u017c 960!<\/strong><\/p>\n<p><strong>W tej cz\u0119\u015bci do Cormorana Strike\u2019a zg\u0142asza si\u0119 zaniepokojony ojciec, kt\u00f3rego syn przy\u0142\u0105czy\u0142 si\u0119 do sekty religijnej gdzie\u015b w wiejskiej g\u0142uszy hrabstwa Norfolk.<\/strong><\/p>\n<p>Powszechny Ko\u015bci\u00f3\u0142 Humanitarny to na pierwszy rzut oka pokojowa organizacja d\u0105\u017c\u0105ca do zmiany \u015bwiata na lepsze. Strike odkrywa jednak, \u017ce pod szlachetnymi frazesami kryj\u0105 si\u0119 nieczyste intencje i seria tajemniczych zgon\u00f3w. \u017beby ratowa\u0107 ch\u0142opaka, wsp\u00f3lniczka Cormorana \u2013 Robin Ellacott \u2013 postanawia zinfiltrowa\u0107 sekt\u0119. Nie mo\u017ce nawet przypuszcza\u0107 jak\u0105 przyjdzie jej zap\u0142aci\u0107 za swoje zawodowe ambicje.<\/p>\n<h3 id=\"babel-czyli-o-koniecznosci-pomocy--rebecca-f-kuang-tlum-grzegorz-komerski-wydawnictwo-fabryka-slow768-stron\">\u201eBabel, czyli o konieczno\u015bci pomocy\u201d \u2013 Rebecca F. Kuang, t\u0142um. Grzegorz Komerski, Wydawnictwo Fabryka S\u0142\u00f3w<br \/>\n768 stron<b><br \/>\n<\/b><b><\/b><\/h3>\n<figure id=\"attachment_11641\" aria-describedby=\"caption-attachment-11641\" style=\"width: 198px\" class=\"wp-caption alignleft\"><a href=\"https:\/\/woblink.com\/ebook\/babel-rebecca-kuang-282358u\"><img decoding=\"async\" loading=\"lazy\" class=\"wp-image-11641 size-medium\" src=\"https:\/\/i0.wp.com\/woblink.com\/blog\/wp-content\/uploads\/6569ce0dc477b.jpeg?resize=198%2C300&#038;ssl=1\" alt=\"d\u0142ugie ksi\u0105\u017cki - Babel, czyli o konieczno\u015bci przemocy\" width=\"198\" height=\"300\" srcset=\"https:\/\/i0.wp.com\/woblink.com\/blog\/wp-content\/uploads\/6569ce0dc477b.jpeg?resize=198%2C300&amp;ssl=1 198w, https:\/\/i0.wp.com\/woblink.com\/blog\/wp-content\/uploads\/6569ce0dc477b.jpeg?w=563&amp;ssl=1 563w\" sizes=\"(max-width: 198px) 100vw, 198px\" data-recalc-dims=\"1\" \/><\/a><figcaption id=\"caption-attachment-11641\" class=\"wp-caption-text\"><center><strong>Kup <a href=\"https:\/\/woblink.com\/ebook\/babel-rebecca-kuang-282358u\">ebooka Babel<\/a> na Woblink.com<\/strong><\/center><\/figcaption><\/figure>\n<p><a href=\"https:\/\/woblink.com\/autor\/rebecca-f-kuang-90625\">Rebecca F. Kuang<\/a>, nagradzana autorka g\u0142o\u015bnego cyklu \u201eWojna makowa\u201d, <strong>prezentuje licz\u0105c\u0105 768 stron ksi\u0105\u017ck\u0119 w stylu dark academia pt. \u201eBabel, czyli o konieczno\u015bci przemocy\u201d.<\/strong><\/p>\n<p>Robin, osierocony p\u00f3\u0142-Chi\u0144czyk, trafia do Anglii, gdzie ma tylko jedno zadanie: uczy\u0107 si\u0119. Musi zdobywa\u0107 wiedz\u0119 i poznawa\u0107 nowe j\u0119zyki \u017ceby odpracowa\u0107 d\u0142ug wobec Imperium w oksfordzkim instytucie Babel. \u017bycie Robina zmienia si\u0119 niespodziewanie, kiedy pewnej nocy ch\u0142opak poznaje pewnego cz\u0142owieka. Bli\u017aniaczo podobnego fizycznie, jednak \u017cyj\u0105cego wed\u0142ug diametralnie innych zasad.<\/p>\n<p>To spotkanie zburzy misternie budowany \u015bwiat Robina. Zniweczy jego poczucie sprawiedliwo\u015bci, wypali z\u0142udne poczucie bezpiecze\u0144stwa, a tak\u017ce zmusi do zadania sobie pytania: komu nale\u017cy si\u0119 moja wierno\u015b\u0107?<\/p>\n<h3 id=\"ksiegi-jakubowe--olga-tokarczuk-wydawnictwo-literackie914-stron\">\u201eKsi\u0119gi Jakubowe\u201d \u2013 Olga Tokarczuk, Wydawnictwo Literackie<br \/>\n914 stron<\/h3>\n<figure id=\"attachment_9830\" aria-describedby=\"caption-attachment-9830\" style=\"width: 200px\" class=\"wp-caption alignright\"><a href=\"https:\/\/woblink.com\/ebook\/ksiegi-jakubowe-olga-tokarczuk-205656u\"><img decoding=\"async\" loading=\"lazy\" class=\"wp-image-9830 size-medium\" src=\"https:\/\/i0.wp.com\/woblink.com\/blog\/wp-content\/uploads\/63ecdeb7ddae6.jpeg?resize=200%2C300&#038;ssl=1\" alt=\"Ksi\u0119gi Jakubowe, d\u0142ugie powie\u015bci ebooki\" width=\"200\" height=\"300\" srcset=\"https:\/\/i0.wp.com\/woblink.com\/blog\/wp-content\/uploads\/63ecdeb7ddae6.jpeg?resize=200%2C300&amp;ssl=1 200w, https:\/\/i0.wp.com\/woblink.com\/blog\/wp-content\/uploads\/63ecdeb7ddae6.jpeg?w=569&amp;ssl=1 569w\" sizes=\"(max-width: 200px) 100vw, 200px\" data-recalc-dims=\"1\" \/><\/a><figcaption id=\"caption-attachment-9830\" class=\"wp-caption-text\"><center><strong>Kup <a href=\"https:\/\/woblink.com\/ksiazka\/ksiegi-jakubowe-olga-tokarczuk-248263\">ksi\u0105\u017ck\u0119 papierow\u0105 Ksi\u0119gi Jakubowe<\/a> na Woblink.com<\/strong><\/center><\/figcaption><\/figure>\n<p align=\"justify\"><span style=\"font-weight: 400;\"><strong>\u201eKsi\u0119gi Jakubowe\u201d to najgrubsza ksi\u0105\u017cka Olgi Tokarczuk, laureatki Nagrody Nobla w dziedzinie literatury.<\/strong> Przesz\u0142o 900-stronicowa powie\u015b\u0107 to efekt kilkuletniej, tytanicznej pracy autorki. <a href=\"https:\/\/woblink.com\/autor\/olga-tokarczuk-6050\">Olga Tokarczuk<\/a> przedstawia w niej losy Jakuba Franka, filozofa i pisarza, kt\u00f3ry przewodzi\u0142 \u017cydowskiej sekcie frankist\u00f3w. T\u0142em opowie\u015bci jest wielobarwna Rzeczpospolita Obojga Narod\u00f3w. <strong>W 2015 roku, za \u201eKsi\u0119gi Jakubowe\u201d Tokarczuk otrzyma\u0142a podw\u00f3jn\u0105 Nagrod\u0119 Literack\u0105 Nike \u2013 wyborem jury oraz czytelnik\u00f3w.<\/strong><\/span><\/p>\n<blockquote><p>Nagrodzona ksi\u0105\u017cka jest wspania\u0142\u0105 pochwa\u0142\u0105 r\u00f3\u017cnorodno\u015bci i bogactwa m\u00f3wi\u0105cego \u015bwiata, kt\u00f3ry nie ma kulturowego centrum, do kt\u00f3rego ka\u017cdy sk\u0105d\u015b przyby\u0142 i ma do opowiedzenia swoj\u0105 histori\u0119. Nie ma wiod\u0105cego narratora, nie ma g\u0142\u00f3wnego bohatera, ka\u017cdy ma swoj\u0105 wersj\u0119. \u015awiat puchnie i trzeszczy od nadmiaru opowie\u015bci. Nie sprosta im encyklopedia, rozsadz\u0105 ka\u017cd\u0105 historyczn\u0105 narracj\u0119. Jedynie ucho Boga mo\u017ce je pomie\u015bci\u0107, zrozumie\u0107 i nada\u0107 sens uniwersalny.<br \/>\nRyszard Kozio\u0142ek, Laudacja, Nagroda Literacka Nike 2015<\/p><\/blockquote>\n<h3 id=\"swiatlo-ktorego-nie-widac--anthony-doerr-tlum-tomasz-wyzynski-wydawnictwo-poznanskie600-stron\">\u00a0\u201e\u015awiat\u0142o, kt\u00f3rego nie wida\u0107\u201d \u2013 Anthony Doerr, t\u0142um. Tomasz Wy\u017cy\u0144ski, Wydawnictwo Pozna\u0144skie<br \/>\n600 stron<\/h3>\n<figure id=\"attachment_9829\" aria-describedby=\"caption-attachment-9829\" style=\"width: 198px\" class=\"wp-caption alignleft\"><a href=\"https:\/\/woblink.com\/ebook\/swiatlo-ktorego-nie-widac-anthony-doerr-271088u\"><img decoding=\"async\" loading=\"lazy\" class=\"wp-image-9829 size-medium\" src=\"https:\/\/i0.wp.com\/woblink.com\/blog\/wp-content\/uploads\/63d06b07eb388.jpeg?resize=198%2C300&#038;ssl=1\" alt=\"d\u0142ugie powie\u015bci - \u015awiat\u0142o, kt\u00f3rego nie wida\u0107\" width=\"198\" height=\"300\" srcset=\"https:\/\/i0.wp.com\/woblink.com\/blog\/wp-content\/uploads\/63d06b07eb388.jpeg?resize=198%2C300&amp;ssl=1 198w, https:\/\/i0.wp.com\/woblink.com\/blog\/wp-content\/uploads\/63d06b07eb388.jpeg?w=563&amp;ssl=1 563w\" sizes=\"(max-width: 198px) 100vw, 198px\" data-recalc-dims=\"1\" \/><\/a><figcaption id=\"caption-attachment-9829\" class=\"wp-caption-text\"><center><b>Kup <a href=\"https:\/\/woblink.com\/ksiazka\/swiatlo-ktorego-nie-widac-anthony-doerr-279191\">ksi\u0105\u017ck\u0119 \u015awiat\u0142o, kt\u00f3rego nie wida\u0107<\/a> na Woblink.com<\/b><\/center><\/figcaption><\/figure>\n<p align=\"justify\"><strong>\u201e\u015awiat\u0142o, kt\u00f3rego nie wida\u0107\u201d to osza\u0142amiaj\u0105ca i uhonorowana nagrod\u0105 Pulitzera powie\u015b\u0107, kt\u00f3rej autorem jest <a href=\"https:\/\/woblink.com\/autor\/anthony-doerr-14366\">Anthony Doerr<\/a>.<\/strong><\/p>\n<p align=\"justify\">Niewidoma Marie-Laure mieszka w Pary\u017cu niedaleko Muzeum Historii Naturalnej, gdzie pracuje jej ojciec. Ma dwana\u015bcie lat, kiedy nazi\u015bci okupuj\u0105 jej miasto i razem z ojcem ucieka do Saint-Malo w Bretanii. Maj\u0105 przy sobie pewniej klejnot, jeden z najcenniejszych zabytk\u00f3w muzeum.<\/p>\n<p align=\"justify\">W g\u00f3rniczym miasteczku w Niemczech Werner Pfenning, osierocony ch\u0142opiec, s\u0142ucha ukochanego radia b\u0119d\u0105cego dla niego \u017ar\u00f3d\u0142em wiedzy o \u015bwiecie. Nied\u0142ugo p\u00f3\u017aniej Werner stanie si\u0119 ekspertem w tworzeniu i naprawianiu urz\u0105dze\u0144. Zostanie wcielony do elitarnej jednostki nazistowskiej, kt\u00f3rej zadaniem jest namierzenia radiostacji wroga.<\/p>\n<p align=\"justify\"><strong>Zr\u0119cznie przeplataj\u0105c \u017cycie dw\u00f3jki bohater\u00f3w, autor pokazuje, w jaki spos\u00f3b, wbrew wszelkim przeciwno\u015bciom, ludzie staraj\u0105 si\u0119 by\u0107 dla siebie dobrzy i przetrwa\u0107 koszmar wojny.<\/strong><\/p>\n<h3 id=\"plutopia--kate-brown-tlum-tomasz-bieron-wydawnictwo-czarne600-stron\">\u00a0\u201ePlutopia\u201d \u2013 Kate Brown, t\u0142um. Tomasz Biero\u0144, Wydawnictwo Czarne<br \/>\n600 stron<b><br \/>\n<\/b><\/h3>\n<figure id=\"attachment_9831\" aria-describedby=\"caption-attachment-9831\" style=\"width: 188px\" class=\"wp-caption alignright\"><a href=\"https:\/\/woblink.com\/ebook\/plutopia-kate-brown-22459u\"><img decoding=\"async\" loading=\"lazy\" class=\"wp-image-9831 size-medium\" src=\"https:\/\/i0.wp.com\/woblink.com\/blog\/wp-content\/uploads\/63ecc69fc5ad7.jpeg?resize=188%2C300&#038;ssl=1\" alt=\"d\u0142ugie powie\u015bci ebooki - Plutopia \" width=\"188\" height=\"300\" srcset=\"https:\/\/i0.wp.com\/woblink.com\/blog\/wp-content\/uploads\/63ecc69fc5ad7.jpeg?resize=188%2C300&amp;ssl=1 188w, https:\/\/i0.wp.com\/woblink.com\/blog\/wp-content\/uploads\/63ecc69fc5ad7.jpeg?w=537&amp;ssl=1 537w\" sizes=\"(max-width: 188px) 100vw, 188px\" data-recalc-dims=\"1\" \/><\/a><figcaption id=\"caption-attachment-9831\" class=\"wp-caption-text\"><center><b>Kup <a href=\"https:\/\/woblink.com\/ebook\/plutopia-kate-brown-22459u\">ebooka Plutopia<\/a> na Woblink.com<\/b><\/center><\/figcaption><\/figure>\n<p align=\"justify\"><span style=\"font-weight: 400;\"><a href=\"https:\/\/woblink.com\/autor\/kate-brown-17011\">Kate Brown<\/a> to znana badaczka miejsc zwi\u0105zanych z nieodpowiedzialnym u\u017cyciem energii atomowej. Za swoje publikacje \u2013 ksi\u0105\u017cki i artyku\u0142y \u2013 otrzyma\u0142a wiele presti\u017cowych nagr\u00f3d. <strong>W licz\u0105cej przesz\u0142o 600 stron \u201ePlutopii\u201d opisa\u0142a histori\u0119 dw\u00f3ch miasteczek \u2013 rosyjskiego Oziorska i ameryka\u0144skiego Richland.<\/strong> Mimo \u017ce dzieli je kilkana\u015bcie tysi\u0119cy kilometr\u00f3w i znajduj\u0105 si\u0119 na r\u00f3\u017cnych kontynentach, to \u0142\u0105czy je skrywany w nich sekret. Do obu miejscowo\u015bci w\u0142adze \u015bci\u0105ga\u0142y pracownik\u00f3w, oferuj\u0105c im znakomite warunki \u017cycia. Jedynym warunkiem otrzymania pracy i lokum by\u0142o utrzymywanie tego co si\u0119 dzieje na miejscu w \u015bcis\u0142ej tajemnicy. Na miejscu bowiem pozyskiwany by\u0142 pluton \u2013 czynnik niezb\u0119dny do tworzenia broni atomowej.<\/span><\/p>\n<p align=\"justify\"><span style=\"font-weight: 400;\">Opisane przez Brown miasta widma, przez dziesi\u0119ciolecia by\u0142y praktycznie niewidoczne na mapach. Reporterka zbieraj\u0105c materia\u0142 do ksi\u0105\u017cki ryzykowa\u0142a wiele, bowiem tajemnice zwi\u0105zane z nieodpowiednim magazynowaniem, wyciekiem i utylizowaniem radioaktywnych substancji s\u0105 pilnie strze\u017cone przez rz\u0105dy i s\u0142u\u017cby specjalne.<\/span><\/p>\n<p align=\"justify\"><strong>Ksi\u0105\u017cka zdoby\u0142a wiele nagr\u00f3d<\/strong>: Nagrod\u0119 Ameryka\u0144skich Historyk\u00f3w im. Ellisa W. Hawleya, Nagrod\u0119 Ameryka\u0144skiego Stowarzyszenia Historycznego im. Alberta J. Baveridge\u2019a , Nagrod\u0119 Ameryka\u0144skiego Stowarzyszenia Historii Przyrodniczej im. George\u2019a Perkinsa Marsha, Nagrod\u0119 Stowarzyszenia Nauk S\u0142owia\u0144skich, Wschodnioeuropejskich i Euroazjatyckich im. Wayne\u2019a S. Vucinicha, Nagrod\u0119 Heldt w kategorii Najlepsza Ksi\u0105\u017cka Nauk S\u0142owia\u0144skich\/Wschodnioeuropejskich\/Euroazjatyckich Stowarzyszenia Kobiet w Naukach S\u0142owia\u0144skich oraz Nagrod\u0119 im. Roberta G. Athearna.<\/p>\n<figure id=\"attachment_9833\" aria-describedby=\"caption-attachment-9833\" style=\"width: 218px\" class=\"wp-caption alignleft\"><a href=\"https:\/\/woblink.com\/ebook\/szczygiel-nagroda-pulitzera-2014-donna-tartt-15935u\"><img decoding=\"async\" loading=\"lazy\" class=\"wp-image-9833 size-medium\" src=\"https:\/\/i0.wp.com\/woblink.com\/blog\/wp-content\/uploads\/627cfe271b913.jpeg?resize=218%2C300&#038;ssl=1\" alt=\"grube ksi\u0105\u017cki - Szczygie\u0142\" width=\"218\" height=\"300\" srcset=\"https:\/\/i0.wp.com\/woblink.com\/blog\/wp-content\/uploads\/627cfe271b913.jpeg?resize=218%2C300&amp;ssl=1 218w, https:\/\/i0.wp.com\/woblink.com\/blog\/wp-content\/uploads\/627cfe271b913.jpeg?w=570&amp;ssl=1 570w\" sizes=\"(max-width: 218px) 100vw, 218px\" data-recalc-dims=\"1\" \/><\/a><figcaption id=\"caption-attachment-9833\" class=\"wp-caption-text\"><center><b>Kup <a href=\"https:\/\/woblink.com\/ebook\/szczygiel-nagroda-pulitzera-2014-donna-tartt-15935u\">ebooka Szczygie\u0142<\/a> na Woblink.com<\/b><\/center><\/figcaption><\/figure>\n<h3 id=\"szczygiel--donna-tartt-tlum-jerzy-kozlowski-wydawnictwo-znak848-stron\">\u201eSzczygie\u0142\u201d\u00a0 \u2013 Donna Tartt, t\u0142um. Jerzy Koz\u0142owski, Wydawnictwo Znak<br \/>\n848 stron<\/h3>\n<p align=\"justify\"><span style=\"font-weight: 400;\">G\u0142\u00f3wny bohater powie\u015bci, Theo Decker, cudem uchodzi ca\u0142o z zamachu terrorystycznego przeprowadzonego w muzeum. W ruinach budynku ch\u0142opak dostrzega obraz Carela Fabritiusa, tytu\u0142owego \u201eSzczyg\u0142a\u201d. Obraz by\u0142 ulubionym dzie\u0142em matki Theo, kt\u00f3ra niestety nie prze\u017cy\u0142a zamachu. Ch\u0142opak postanawia wyruszy\u0107 w podr\u00f3\u017c, zabiera w ni\u0105 znalezione dzie\u0142o. Niestety okazuje si\u0119, \u017ce przyw\u0142aszczenie obrazu nie by\u0142o legalne \u2013 Theo wpada w k\u0142opoty, przetrzymuj\u0105c dzie\u0142o ryzykuje wiele, \u0142\u0105cznie z tym, \u017ce zagro\u017cone b\u0119dzie jego \u017cycie.<\/span><\/p>\n<p align=\"justify\"><span style=\"font-weight: 400;\"><strong>\u201eSzczygie\u0142\u201d jest cz\u0119sto okre\u015blany, jako najwi\u0119ksze wydarzenie literackie ostatniej dekady<\/strong> \u2013 powie\u015b\u0107 zdoby\u0142a Nagrod\u0119 Pulitzera, Andrew Carnegie Medal for Excellence in Fiction i Malaparte Prize, by\u0142a nominowana do National Book Critics Circle Award, Women\u2019s Prize for Fiction i ALA Notable Books. Zosta\u0142a wybrana najlepsz\u0105 ksi\u0105\u017ck\u0105 roku 2013 przez \u201eNew York Timesa\u201d, znalaz\u0142a si\u0119 na listach najlepszych powie\u015bci wielu opiniotw\u00f3rczych medi\u00f3w.<\/span><\/p>\n<h3 id=\"my-narod--jill-lepore-tlum-jan-szkudlinski-wydawnictwo-poznanskie848-stron\">\u201eMy, nar\u00f3d\u201d \u2013 Jill Lepore, t\u0142um. Jan Szkudli\u0144ski, Wydawnictwo Pozna\u0144skie<br \/>\n848 stron<\/h3>\n<figure id=\"attachment_9834\" aria-describedby=\"caption-attachment-9834\" style=\"width: 198px\" class=\"wp-caption alignright\"><a href=\"https:\/\/woblink.com\/ebook\/my-narod-jill-lepore-197802u\"><img decoding=\"async\" loading=\"lazy\" class=\"wp-image-9834 size-medium\" src=\"https:\/\/i0.wp.com\/woblink.com\/blog\/wp-content\/uploads\/5f993a911b7ae.jpeg?resize=198%2C300&#038;ssl=1\" alt=\" d\u0142ugie powie\u015bci - My, nar\u00f3d\" width=\"198\" height=\"300\" srcset=\"https:\/\/i0.wp.com\/woblink.com\/blog\/wp-content\/uploads\/5f993a911b7ae.jpeg?resize=198%2C300&amp;ssl=1 198w, https:\/\/i0.wp.com\/woblink.com\/blog\/wp-content\/uploads\/5f993a911b7ae.jpeg?w=563&amp;ssl=1 563w\" sizes=\"(max-width: 198px) 100vw, 198px\" data-recalc-dims=\"1\" \/><\/a><figcaption id=\"caption-attachment-9834\" class=\"wp-caption-text\"><center><b>Kup <a href=\"https:\/\/woblink.com\/ebook\/my-narod-jill-lepore-197802u\">ebooka My, nar\u00f3d<\/a> na Woblink.com<\/b><\/center><\/figcaption><\/figure>\n<p align=\"justify\"><strong>Jill Lepore przedstawia histori\u0119 Stan\u00f3w Zjednoczonych w zaskakuj\u0105cej interpretacji<\/strong>. Wychodz\u0105c od g\u0142\u00f3wnych ameryka\u0144skich idei, tych \u201eoczywistych prawd\u201d, o kt\u00f3rych m\u00f3wi\u0142 Jefferson \u2013 politycznej r\u00f3wno\u015bci, praw naturalnych i suwerenno\u015bci narodu \u2013 autorka zadaje podstawowe pytanie: Czy burzliwa historia Ameryki dowodzi tych prawd, czy te\u017c im zaprzecza?<\/p>\n<p align=\"justify\"><strong>Lepore \u015bledzi ich obecno\u015b\u0107 od czas\u00f3w pierwszych pionier\u00f3w po izolacjonist\u00f3w, od w\u0142a\u015bcicieli niewolnik\u00f3w po obro\u0144c\u00f3w praw cz\u0142owieka, od pocz\u0105tk\u00f3w prasy drukarskiej po Facebooka<\/strong>. Stwierdza te\u017c, \u017ce sprzeczno\u015bci w nich zawarte buduj\u0105 nar\u00f3d, kt\u00f3ry chce walczy\u0107 o sens swojej historii.<\/p>\n<figure id=\"attachment_9835\" aria-describedby=\"caption-attachment-9835\" style=\"width: 206px\" class=\"wp-caption alignleft\"><a href=\"https:\/\/woblink.com\/ebook\/bracia-karamazow-fiodor-dostojewski-11356u\"><img decoding=\"async\" loading=\"lazy\" class=\"wp-image-9835 size-medium\" src=\"https:\/\/i0.wp.com\/woblink.com\/blog\/wp-content\/uploads\/62dfb840ebcea.jpeg?resize=206%2C300&#038;ssl=1\" alt=\"grube ebooki - Bracia Karamazow\" width=\"206\" height=\"300\" srcset=\"https:\/\/i0.wp.com\/woblink.com\/blog\/wp-content\/uploads\/62dfb840ebcea.jpeg?resize=206%2C300&amp;ssl=1 206w, https:\/\/i0.wp.com\/woblink.com\/blog\/wp-content\/uploads\/62dfb840ebcea.jpeg?w=570&amp;ssl=1 570w\" sizes=\"(max-width: 206px) 100vw, 206px\" data-recalc-dims=\"1\" \/><\/a><figcaption id=\"caption-attachment-9835\" class=\"wp-caption-text\"><center><b>Kup <a href=\"https:\/\/woblink.com\/ebook\/bracia-karamazow-fiodor-dostojewski-11356u\">ebooka Bracia Karamazow <\/a> na Woblink.com<\/b><\/center><\/figcaption><\/figure>\n<h3 id=\"bracia-karamazow--fiodor-dostojewski-tlum-adam-pomorski-wydawnictwo-znak916-strony\">\u201eBracia Karamazow\u201d \u2013 Fiodor Dostojewski, t\u0142um. Adam Pomorski, Wydawnictwo Znak<br \/>\n916 strony<\/h3>\n<p align=\"justify\">W bibliografii <a href=\"https:\/\/woblink.com\/autor\/fiodor-dostojewski-7410\">Fiodora Dostojewskiego<\/a>, jednego z najwa\u017cniejszych rosyjskich pisarzy, ci\u0119\u017cko znale\u017a\u0107 \u201ecienkie\u201d ksi\u0105\u017cki.<\/p>\n<p align=\"justify\">W\u015br\u00f3d najd\u0142u\u017cszych dzie\u0142 autora \u201eZbrodni i kary\u201d warto wymieni\u0107 <strong>\u201eBraci Karamazow\u201d \u2013 przesz\u0142o 900-stronicow\u0105 powie\u015b\u0107 o zab\u00f3jstwie ojca, w kt\u00f3re zamieszani s\u0105 jego trzej synowie.<\/strong> To historia o mi\u0142o\u015bci, nami\u0119tno\u015bci i zbrodni. Ksi\u0105\u017cka nale\u017cy do najwa\u017cniejszych dzie\u0142 \u015bwiatowej literatury, doczeka\u0142a si\u0119 setek adaptacji teatralnych i filmowych.<\/p>\n<h3 id=\"lod--jacek-dukaj-wydawnictwo-literackie1054-strony\">\u201eL\u00f3d\u201d \u2013 Jacek Dukaj, Wydawnictwo Literackie<br \/>\n1054 strony<\/h3>\n<figure id=\"attachment_9836\" aria-describedby=\"caption-attachment-9836\" style=\"width: 210px\" class=\"wp-caption alignright\"><a href=\"https:\/\/woblink.com\/ebook\/lod-jacek-dukaj-3914u\"><img decoding=\"async\" loading=\"lazy\" class=\"wp-image-9836 size-medium\" src=\"https:\/\/i0.wp.com\/woblink.com\/blog\/wp-content\/uploads\/63eb1a84eaa8d.jpeg?resize=210%2C300&#038;ssl=1\" alt=\"d\u0142ugie powie\u015bci ebooki - L\u00f3d\" width=\"210\" height=\"300\" srcset=\"https:\/\/i0.wp.com\/woblink.com\/blog\/wp-content\/uploads\/63eb1a84eaa8d.jpeg?resize=210%2C300&amp;ssl=1 210w, https:\/\/i0.wp.com\/woblink.com\/blog\/wp-content\/uploads\/63eb1a84eaa8d.jpeg?w=570&amp;ssl=1 570w\" sizes=\"(max-width: 210px) 100vw, 210px\" data-recalc-dims=\"1\" \/><\/a><figcaption id=\"caption-attachment-9836\" class=\"wp-caption-text\"><center><b>Kup <a href=\"https:\/\/woblink.com\/ebook\/lod-jacek-dukaj-3914u\">ebooka L\u00f3d<\/a> na Woblink.com<\/b><\/center><\/figcaption><\/figure>\n<p align=\"justify\">\u201eL\u00f3d\u201d autorstwa <a href=\"https:\/\/woblink.com\/autor\/jacek-dukaj-5801\">Jacka Dukaja<\/a>\u00a0to ksi\u0105\u017cka dla mi\u0142o\u015bnik\u00f3w historii alternatywnej, steampunku i wielkich powie\u015bci napisanych z fantazj\u0105 i rozmachem. <strong>Fabu\u0142a dzie\u0142a Dukaja rozgrywa si\u0119 w alternatywnym \u015bwiecie, w kt\u00f3rym nie dosz\u0142o do wybuchu I wojny \u015bwiatowej.<\/strong> Benedykt Gieros\u0142awski, g\u0142\u00f3wny bohater \u201eLodu\u201d, rusza w podr\u00f3\u017c Kolej\u0105 Transsyberyjsk\u0105. Ma za zadanie odszukanie swojego taty. Wed\u0142ug carskiej bezpieki i tajnych informator\u00f3w ojciec Benedykta potrafi rozmawia\u0107 z anio\u0142ami mrozu, lutymi.<\/p>\n<p align=\"justify\">N<strong>a przesz\u0142o 1000 stronach Dukaj opisa\u0142 podr\u00f3\u017c przez skuty lodem \u015bwiat, w kt\u00f3rym rz\u0105dz\u0105 nieznane si\u0142y.<\/strong><\/p>\n<h3 id=\"gorzko-gorzko--joanna-bator-wydawnictwo-znak656-stron\">\u201eGorzko, gorzko\u201d \u2013 Joanna Bator, Wydawnictwo Znak<br \/>\n656 stron<\/h3>\n<figure id=\"attachment_9837\" aria-describedby=\"caption-attachment-9837\" style=\"width: 210px\" class=\"wp-caption alignleft\"><a href=\"https:\/\/woblink.com\/ebook\/gorzko-gorzko-joanna-bator-201242u\"><img decoding=\"async\" loading=\"lazy\" class=\"wp-image-9837 size-medium\" src=\"https:\/\/i0.wp.com\/woblink.com\/blog\/wp-content\/uploads\/627cf9020c854.jpeg?resize=210%2C300&#038;ssl=1\" alt=\"grube powie\u015bci - Gorzko, gorzko\" width=\"210\" height=\"300\" srcset=\"https:\/\/i0.wp.com\/woblink.com\/blog\/wp-content\/uploads\/627cf9020c854.jpeg?resize=210%2C300&amp;ssl=1 210w, https:\/\/i0.wp.com\/woblink.com\/blog\/wp-content\/uploads\/627cf9020c854.jpeg?w=570&amp;ssl=1 570w\" sizes=\"(max-width: 210px) 100vw, 210px\" data-recalc-dims=\"1\" \/><\/a><figcaption id=\"caption-attachment-9837\" class=\"wp-caption-text\"><center><strong>Kup <a href=\"https:\/\/woblink.com\/audiobook\/gorzko-gorzko-joanna-bator-208543\">audiobooka Gorzko, gorzko<\/a> na Woblink.com<\/strong><\/center><\/figcaption><\/figure>\n<p align=\"justify\"><i>Gorzko, gorzko<\/i>\u00a0to opowie\u015b\u0107 o pragnieniu mi\u0142o\u015bci i wolno\u015bci, kt\u00f3re dojrzewa w \u017cyciu i marzeniach czterech pokole\u0144 kobiet. Dlaczego Berta pope\u0142ni\u0142a zbrodni\u0119? Kiedy Barbara nauczy\u0142a si\u0119 tak dobrze rzuca\u0107 no\u017cem? Dlaczego Violetta otworzy\u0142a wek Pandory i co w nim by\u0142o? Czy Kalinie uda si\u0119 pozna\u0107 prawd\u0119? Histori\u0119 Berty, Barbary i Violetty opowiada Kalina, kt\u00f3ra w Wa\u0142brzychu, Unis\u0142awiu \u015al\u0105skim i Soko\u0142owsku odnajduje brakuj\u0105ce fragmenty rodzinnej historii i zszywa je w ca\u0142o\u015b\u0107. Mozolnie rekonstruuj\u0105c pami\u0119\u0107 swej naznaczonej traum\u0105 rodziny, mierzy si\u0119 zarazem z w\u0142asn\u0105 mi\u0142osn\u0105 utrat\u0105.<\/p>\n<p align=\"justify\"><strong>Realizm i magiczno\u015b\u0107\u00a0<i>Gorzko, gorzko<\/i>\u00a0nadaj\u0105 tej wci\u0105gaj\u0105cej sadze niepowtarzalny styl i niepokoj\u0105cy urok, dzi\u0119ki czemu na d\u0142ugo zostaje ona w czytelniku.\u00a0<\/strong><i>Gorzko, gorzko<\/i>\u00a0to nowatorsko i odwa\u017cnie opowiedziana historia mi\u0142osna i nienawistna, okrutna i czu\u0142a, kt\u00f3ra budzi lito\u015b\u0107 i trwog\u0119, nios\u0105c ostatecznie nadziej\u0119 na katharsis.<\/p>\n<h3 id=\"glod--martin-caparros-tlum-marta-szafranska-brandt-wydawnictwo-literackie716-stron\">\u201eG\u0142\u00f3d\u201d \u2013 Mart\u00edn Caparr\u00f3s, t\u0142um. Marta Szafra\u0144ska-Brandt, Wydawnictwo Literackie<br \/>\n716 stron<\/h3>\n<figure id=\"attachment_9838\" aria-describedby=\"caption-attachment-9838\" style=\"width: 207px\" class=\"wp-caption alignright\"><a href=\"https:\/\/woblink.com\/ebook\/glod-martin-caparros-271370u\"><img decoding=\"async\" loading=\"lazy\" class=\"wp-image-9838 size-medium\" src=\"https:\/\/i0.wp.com\/woblink.com\/blog\/wp-content\/uploads\/63eb1df227717.jpeg?resize=207%2C300&#038;ssl=1\" alt=\"D\u0142ugie powie\u015bci - G\u0142\u00f3d\" width=\"207\" height=\"300\" srcset=\"https:\/\/i0.wp.com\/woblink.com\/blog\/wp-content\/uploads\/63eb1df227717.jpeg?resize=207%2C300&amp;ssl=1 207w, https:\/\/i0.wp.com\/woblink.com\/blog\/wp-content\/uploads\/63eb1df227717.jpeg?w=570&amp;ssl=1 570w\" sizes=\"(max-width: 207px) 100vw, 207px\" data-recalc-dims=\"1\" \/><\/a><figcaption id=\"caption-attachment-9838\" class=\"wp-caption-text\"><center><b>Kup <a href=\"https:\/\/woblink.com\/ksiazka\/glod-martin-caparros-280198\">ksi\u0105\u017ck\u0119 G\u0142\u00f3d<\/a> na Woblink.com<\/b><\/center><\/figcaption><\/figure>\n<p align=\"justify\"><span style=\"font-weight: 400;\"><strong>To jedna z najwa\u017cniejszych ksi\u0105\u017cek non-fiction ostatnich lat, okre\u015blana mianem reporta\u017cu totalnego.<\/strong> Prawie 800 milion\u00f3w ludzi na \u015bwiecie cierpi g\u0142\u00f3d. Co dziewi\u0105ty cz\u0142owiek na \u015bwiecie nie ma co je\u015b\u0107, a niemal po\u0142owa dzieci, kt\u00f3re nie do\u017cywaj\u0105 pi\u0105tego roku \u017cycia umiera z powodu skrajnego niedo\u017cywienia. <\/span><\/p>\n<p align=\"justify\"><span style=\"font-weight: 400;\"><strong>W swojej ksi\u0105\u017cce Caparr\u00f3s opisuje problem g\u0142odu pod wzgl\u0119dem kulturowym, historycznym, politycznym i klimatycznym.<\/strong> Pokazuje, \u017ce g\u0142\u00f3d ma r\u00f3\u017cne oblicza w r\u00f3\u017cnych miejscach na \u015bwiecie &#8211; cz\u0142owieka \u017cyj\u0105cego na wysypisku \u015bmieci w Ameryce Po\u0142udniowej, Amerykanina \u017cywi\u0105cego si\u0119 w darmowej jad\u0142odajni czy ubogiego mieszka\u0144ca Indii. Ta ksi\u0105\u017cka zostaje z czytelnikiem na d\u0142ugo po zako\u0144czonej lekturze i pozostawia go z licznymi pytaniami i rozwa\u017caniami.<\/span><\/p>\n<figure id=\"attachment_9839\" aria-describedby=\"caption-attachment-9839\" style=\"width: 188px\" class=\"wp-caption alignleft\"><a href=\"https:\/\/woblink.com\/ebook\/pielgrzym-terry-hayes-10261u\"><img decoding=\"async\" loading=\"lazy\" class=\"wp-image-9839 size-medium\" src=\"https:\/\/i0.wp.com\/woblink.com\/blog\/wp-content\/uploads\/63ed8414d1341.jpeg?resize=188%2C300&#038;ssl=1\" alt=\"Pielgrzym - d\u0142ugie powie\u015bci ebooki\" width=\"188\" height=\"300\" srcset=\"https:\/\/i0.wp.com\/woblink.com\/blog\/wp-content\/uploads\/63ed8414d1341.jpeg?resize=188%2C300&amp;ssl=1 188w, https:\/\/i0.wp.com\/woblink.com\/blog\/wp-content\/uploads\/63ed8414d1341.jpeg?w=536&amp;ssl=1 536w\" sizes=\"(max-width: 188px) 100vw, 188px\" data-recalc-dims=\"1\" \/><\/a><figcaption id=\"caption-attachment-9839\" class=\"wp-caption-text\"><center><b>Kup <a href=\"https:\/\/woblink.com\/ebook\/pielgrzym-terry-hayes-10261u\">ebooka Pielgrzym<\/a> na Woblink.com<\/b><\/center><\/figcaption><\/figure>\n<h3 id=\"pielgrzym--terry-hayes-tlum-maciej-szymanski-dom-wydawniczy-rebis784-strony\">\u201ePielgrzym\u201d \u2013 Terry Hayes, t\u0142um. Maciej Szyma\u0144ski, Dom Wydawniczy Rebis<br \/>\n784 strony<\/h3>\n<p align=\"justify\"><span style=\"font-weight: 400;\"><strong>\u201ePielgrzym\u201d Terry\u2019ego Hayesa to elektryzuj\u0105cy thriller \u0142\u0105cz\u0105cy w sobie cechy najlepszych powie\u015bci tego gatunku na czele z \u201eDniem Szakala\u201d, \u201eHomelandem\u201d i cyklem \u201eJason Bourne\u201d.<\/strong> Tytu\u0142owy \u201ePielgrzym\u201d to kryptonim oficjalnie nie istniej\u0105cego cz\u0142owieka. Dawniej mia\u0142 dowodzi\u0107 tajnym wydzia\u0142em wewn\u0119trznym wywiadu USA. Swoje do\u015bwiadczenie zawodowe opisa\u0142 w ksi\u0105\u017cce. Nie przewidzia\u0142, \u017ce mo\u017ce sta\u0107 si\u0119 ona podr\u0119cznikiem mordercy\u2026\u00a0<\/span><\/p>\n<p align=\"justify\"><span style=\"font-weight: 400;\">Kobieta zamordowana w jednym z hoteli na Manhattanie. Publicznie \u015bci\u0119ty m\u0119\u017cczyzna w Arabii Saudyjskiej. Oczy ukradzione \u017cywemu cz\u0142owiekowi w Syrii. Ludzkie szcz\u0105tki na zboczu g\u00f3ry w Hindukuszu. Spisek, kt\u00f3rego celem jest mro\u017c\u0105ca krew w \u017cy\u0142ach zbrodnia przeciwko ca\u0142ej ludzko\u015bci i jedna ni\u0107 \u0142\u0105cz\u0105ca wszystkie te wydarzenia. A tak\u017ce jeden cz\u0142owiek, kt\u00f3ry mo\u017ce podj\u0105\u0107 wyzwanie &#8211; Pielgrzym.\u00a0<\/span><\/p>\n<h3 id=\"4321--paul-auster-tlum-maria-makuch-wydawnictwo-znak848-stron\">\u201e4321\u201d \u2013 Paul Auster<img decoding=\"async\" loading=\"lazy\" class=\"size-medium wp-image-9840 alignright\" src=\"https:\/\/i0.wp.com\/woblink.com\/blog\/wp-content\/uploads\/624566-352x500.jpg?resize=211%2C300&#038;ssl=1\" alt=\"4321, d\u0142ugie powie\u015bci ebooki\" width=\"211\" height=\"300\" srcset=\"https:\/\/i0.wp.com\/woblink.com\/blog\/wp-content\/uploads\/624566-352x500.jpg?resize=211%2C300&amp;ssl=1 211w, https:\/\/i0.wp.com\/woblink.com\/blog\/wp-content\/uploads\/624566-352x500.jpg?resize=352%2C500&amp;ssl=1 352w\" sizes=\"(max-width: 211px) 100vw, 211px\" data-recalc-dims=\"1\" \/>, t\u0142um. Maria Makuch, Wydawnictwo Znak<br \/>\n848 stron<\/h3>\n<p align=\"justify\"><span style=\"font-weight: 400;\">To najnowsza i najd\u0142u\u017csza powie\u015b\u0107 Paula Austera, autora \u201eTrylogii nowojorskiej\u201d. <strong>\u201e4321\u201d jest misternie skonstruowan\u0105 opowie\u015bciach o czterech losach jednego cz\u0142owieka, Archibalda Isaaca Fergusona, po\u0142\u0105czonych pojawiaj\u0105c\u0105 si\u0119 w ka\u017cdej \u201cwersji\u201d historii niegasn\u0105c\u0105 mi\u0142o\u015bci\u0105 jak\u0105 bohater pa\u0142a do Amy Schneiderman.<\/strong><br \/>\n<\/span><\/p>\n<p align=\"justify\"><span style=\"font-weight: 400;\"><strong>Paul Auster opisa\u0142 losy i \u017cycie g\u0142\u00f3wnego bohatera z uwzgl\u0119dnieniem wp\u0142ywaj\u0105cych na nie wybor\u00f3w<\/strong>. Pokazuje jak wielk\u0105 rol\u0119 w \u017cyciu ka\u017cdego cz\u0142owieka odgrywa przypadek i jak wiele mo\u017ce zmieni\u0107 pozornie b\u0142aha decyzja. Powie\u015b\u0107 \u201e4321\u201d otrzyma\u0142o w 2017 roku nominacj\u0119 do Man Booker Prize.\u00a0<\/span><\/p>\n<figure id=\"attachment_9841\" aria-describedby=\"caption-attachment-9841\" style=\"width: 210px\" class=\"wp-caption alignleft\"><a href=\"https:\/\/woblink.com\/ebook\/bastion-stephen-king-177633u\"><img decoding=\"async\" loading=\"lazy\" class=\"wp-image-9841 size-medium\" src=\"https:\/\/i0.wp.com\/woblink.com\/blog\/wp-content\/uploads\/5e817e41688b7-1.jpeg?resize=210%2C300&#038;ssl=1\" alt=\"d\u0142ugie ksi\u0105\u017cki - Bastion\" width=\"210\" height=\"300\" srcset=\"https:\/\/i0.wp.com\/woblink.com\/blog\/wp-content\/uploads\/5e817e41688b7-1.jpeg?resize=210%2C300&amp;ssl=1 210w, https:\/\/i0.wp.com\/woblink.com\/blog\/wp-content\/uploads\/5e817e41688b7-1.jpeg?w=570&amp;ssl=1 570w\" sizes=\"(max-width: 210px) 100vw, 210px\" data-recalc-dims=\"1\" \/><\/a><figcaption id=\"caption-attachment-9841\" class=\"wp-caption-text\"><center><b>Kup <a href=\"https:\/\/woblink.com\/ebook\/bastion-stephen-king-177633u\">ebooka Bastion<\/a> na Woblink.com<\/b><\/center><\/figcaption><\/figure>\n<h3 id=\"bastion--stephen-king-tlum-robert-lipski-wydawnictwo-albatros1166-stron\">\u201eBastion\u201d \u2013 Stephen King, t\u0142um. Robert Lipski, Wydawnictwo Albatros<br \/>\n1166 stron<\/h3>\n<p align=\"justify\"><span style=\"font-weight: 400;\"><a href=\"https:\/\/woblink.com\/autor\/stephen-king-3690\">Stephen King<\/a>, ameryka\u0144ski mistrz grozy, znany jest z pisania opas\u0142ych powie\u015bci. Jego najnowsza ksi\u0105\u017cka \u201eInstytut\u201d liczy\u0142a prawie 700 stron, a zekranizowane niedawno \u201eTo\u201d z Billem Skarsg\u00e5rdem w roli demonicznego klauna ma ich ponad tysi\u0105c. <strong>Najd\u0142u\u017csz\u0105 powie\u015bci\u0105 napisan\u0105 przez Kinga jest obecnie \u201eBastion\u201d (1166 stron)<\/strong>. Ksi\u0105\u017cka zosta\u0142a wydana po raz pierwszy w 1978 roku. Jest zaliczana do postapokaliptycznej fantastyki z elementami horroru i cz\u0119sto uwa\u017ca si\u0119 j\u0105 za magnum opus autora. <\/span><\/p>\n<p align=\"justify\"><span style=\"font-weight: 400;\"><strong>Nowoczesna bro\u0144 biologiczna przynosi \u015bwiatu zag\u0142ad\u0119 &#8211; ludzko\u015b\u0107 umiera bez \u017cadnych wybuch\u00f3w czy atak\u00f3w terrorystycznych.<\/strong> Nieliczni, kt\u00f3rym uda\u0142o si\u0119 przetrwa\u0107 zaczynaj\u0105 \u015bni\u0107. Ich wizje wskazuj\u0105 im drog\u0119, a tak\u017ce zwiastuj\u0105 pojawienie si\u0119 Wys\u0142annik\u00f3w Dobra i Z\u0142a. Ka\u017cdy b\u0119dzie musia\u0142 samodzielnie dokona\u0107 wyboru i pod\u0105\u017cy\u0107 obran\u0105 \u015bcie\u017ck\u0105.<\/span><\/p>\n<h3 id=\"zlodziejka--sarah-waters-tlum-magdalena-moltzan-malkowska-wydawnictwo-proszynski-media728-stron\">\u201eZ\u0142odziejka\u201d \u2013 Sarah Waters, t\u0142um. Magdalena Moltzan-Ma\u0142kowska, Wydawnictwo Pr\u00f3szy\u0144ski Media<br \/>\n<strong>728 stron<\/strong><\/h3>\n<figure id=\"attachment_9842\" aria-describedby=\"caption-attachment-9842\" style=\"width: 196px\" class=\"wp-caption alignright\"><a href=\"https:\/\/woblink.com\/ebook\/zlodziejka-sarah-waters-262071u\"><img decoding=\"async\" loading=\"lazy\" class=\"wp-image-9842 size-medium\" src=\"https:\/\/i0.wp.com\/woblink.com\/blog\/wp-content\/uploads\/63ecc426b42a5-1.jpeg?resize=196%2C300&#038;ssl=1\" alt=\"grubie powie\u015bci - Z\u0142odziejka\" width=\"196\" height=\"300\" srcset=\"https:\/\/i0.wp.com\/woblink.com\/blog\/wp-content\/uploads\/63ecc426b42a5-1.jpeg?resize=196%2C300&amp;ssl=1 196w, https:\/\/i0.wp.com\/woblink.com\/blog\/wp-content\/uploads\/63ecc426b42a5-1.jpeg?w=560&amp;ssl=1 560w\" sizes=\"(max-width: 196px) 100vw, 196px\" data-recalc-dims=\"1\" \/><\/a><figcaption id=\"caption-attachment-9842\" class=\"wp-caption-text\"><center><strong>Kup <a href=\"https:\/\/woblink.com\/audiobook\/zlodziejka-sarah-waters-261659\">audiobooka Z\u0142odziejka<\/a> na Woblink.com<\/strong><\/center><\/figcaption><\/figure>\n<p align=\"justify\"><span style=\"font-weight: 400;\">W tym zestawieniu mog\u0142a znale\u017a\u0107 si\u0119 prawie ka\u017cda ksi\u0105\u017cki autorstwa <a href=\"https:\/\/woblink.com\/autor\/sarah-waters-12555\">Sary Waters<\/a>. <\/span><\/p>\n<p align=\"justify\"><span style=\"font-weight: 400;\"><strong>To brytyjska pisarka, znawczyni powie\u015bci wiktoria\u0144skiej z doktoratem z brytyjskiej literatury w zakresie gay and lesbian historical fiction.<\/strong> Waters znana jest ze z\u0142o\u017conych, rozbudowanych i intryguj\u0105cych opowie\u015bci osadzonych w XIX wiecznej Anglii. W \u201eZ\u0142odziejce\u201d opisa\u0142a niezwyk\u0142\u0105 i bardzo zaskakuj\u0105c\u0105 histori\u0119. <\/span><\/p>\n<p align=\"justify\"><span style=\"font-weight: 400;\">Ca\u0142o\u015b\u0107 utrzyma\u0142a w duchu dzie\u0142 Dickensa i Wilkiego Collinsa. Rok 1862, wiktoria\u0144ska Anglia. Susan i Maud maj\u0105 po osiemna\u015bcie lat, obie straci\u0142y matki i obie s\u0105 sierotami. Sue to c\u00f3rka z\u0142odziejki i morderczyni. Mieszka w Londynie w domu pewnego oszusta, gdzie ka\u017cdego dnia za\u0142atwia si\u0119 brudne interesy. Maud jest wykszta\u0142con\u0105 dam\u0105 i wychowuje si\u0119 w posiad\u0142o\u015bci wuja w Briar. Pewnego dnia losy dziewcz\u0105t \u0142\u0105cz\u0105 si\u0119.\u00a0<\/span><\/p>\n<p align=\"justify\"><strong>\u201eZ\u0142odziejka\u201d zosta\u0142a uhonorowana nagrod\u0105 Stowarzyszenia Autor\u00f3w Powie\u015bci kryminalnych w dziedzinie kryminalnej powie\u015bci historycznej.\u00a0<\/strong><\/p>\n<p align=\"justify\">Grubych tom\u00f3w na Woblinku nie brakuje! Je\u015bli czytali\u015bcie wszystkie wymienione tytu\u0142y to koniecznie zobaczcie promocj\u0119, w kt\u00f3rej zebrali\u015bmy dla was najciekawsze <a href=\"https:\/\/woblink.com\/katalog\/ebooki\/promocje?promocje=9562\">grube ksi\u0105\u017cki na t\u0142usty czwartek<\/a>!<\/p>\n","protected":false},"excerpt":{"rendered":"<p>T\u0142usty czwartek to tradycja obchodzona g\u0142\u00f3wnie w Polsce i katolickiej cz\u0119\u015bci Niemiec. Zwyczajowo, w ostatni czwartek przed rozpocz\u0119ciem Wielkiego Postu ludzie jedz\u0105 t\u0142uste s\u0142odycze \u2013 g\u0142\u00f3wnie p\u0105czki i chrust, zwany te\u017c faworkami. T\u0142usty czwartek otwiera ostatni karnawa\u0142owy tydzie\u0144, kt\u00f3ry ko\u0144czy \u015aroda Popielcowa. Z tej okazji&#8230;<\/p>\n","protected":false},"author":7,"featured_media":13240,"comment_status":"closed","ping_status":"open","sticky":false,"template":"","format":"standard","meta":[],"categories":[81],"tags":[293],"yoast_head":"<!-- This site is optimized with the Yoast SEO plugin v20.11 - https:\/\/yoast.com\/wordpress\/plugins\/seo\/ -->\n<title>D\u0142ugie powie\u015bci - grube ebooki i ksi\u0105\u017cki powy\u017cej 500 stron - Woblink<\/title>\n<meta name=\"description\" content=\"Jedzenie p\u0105czk\u00f3w to nie twoja bajka? Mamy rozwi\u0105zanie, w ramach t\u0142ustego czwartku mo\u017cecie si\u0119gn\u0105\u0107 po grube ksi\u0105\u017cki! Sprawd\u017a nasze zestawienie!\" \/>\n<meta name=\"robots\" content=\"index, follow, max-snippet:-1, max-image-preview:large, max-video-preview:-1\" \/>\n<link rel=\"canonical\" href=\"https:\/\/woblink.com\/blog\/tlusty-czwartek-grube-ebooki-ktore-zmiescisz-w-kazdym-czytniku\/\" \/>\n<meta property=\"og:locale\" content=\"pl_PL\" \/>\n<meta property=\"og:type\" content=\"article\" \/>\n<meta property=\"og:title\" content=\"D\u0142ugie powie\u015bci - grube ebooki i ksi\u0105\u017cki powy\u017cej 500 stron - Woblink\" \/>\n<meta property=\"og:description\" content=\"Jedzenie p\u0105czk\u00f3w to nie twoja bajka? Mamy rozwi\u0105zanie, w ramach t\u0142ustego czwartku mo\u017cecie si\u0119gn\u0105\u0107 po grube ksi\u0105\u017cki! Sprawd\u017a nasze zestawienie!\" \/>\n<meta property=\"og:url\" content=\"https:\/\/woblink.com\/blog\/tlusty-czwartek-grube-ebooki-ktore-zmiescisz-w-kazdym-czytniku\/\" \/>\n<meta property=\"og:site_name\" content=\"Woblink\" \/>\n<meta property=\"article:publisher\" content=\"https:\/\/facebook.com\/woblink\" \/>\n<meta property=\"article:published_time\" content=\"2025-02-21T15:15:49+00:00\" \/>\n<meta property=\"article:modified_time\" content=\"2025-12-03T09:19:05+00:00\" \/>\n<meta property=\"og:image\" content=\"https:\/\/woblink.com\/blog\/wp-content\/uploads\/blog_3.jpg\" \/>\n\t<meta property=\"og:image:width\" content=\"1007\" \/>\n\t<meta property=\"og:image:height\" content=\"687\" \/>\n\t<meta property=\"og:image:type\" content=\"image\/jpeg\" \/>\n<meta name=\"author\" content=\"Redakcja Woblinka\" \/>\n<meta name=\"twitter:card\" content=\"summary_large_image\" \/>\n<meta name=\"twitter:creator\" content=\"@woblink_com\" \/>\n<meta name=\"twitter:site\" content=\"@woblink_com\" \/>\n<meta name=\"twitter:label1\" content=\"Napisane przez\" \/>\n\t<meta name=\"twitter:data1\" content=\"Redakcja Woblinka\" \/>\n\t<meta name=\"twitter:label2\" content=\"Szacowany czas czytania\" \/>\n\t<meta name=\"twitter:data2\" content=\"28 minut\" \/>\n<script type=\"application\/ld+json\" class=\"yoast-schema-graph\">{\"@context\":\"https:\/\/schema.org\",\"@graph\":[{\"@type\":\"Article\",\"@id\":\"https:\/\/woblink.com\/blog\/tlusty-czwartek-grube-ebooki-ktore-zmiescisz-w-kazdym-czytniku\/#article\",\"isPartOf\":{\"@id\":\"https:\/\/woblink.com\/blog\/tlusty-czwartek-grube-ebooki-ktore-zmiescisz-w-kazdym-czytniku\/\"},\"author\":{\"name\":\"Redakcja Woblinka\",\"@id\":\"https:\/\/woblink.com\/blog\/#\/schema\/person\/8ab6b79d64fa54209272130c4c3b1e95\"},\"headline\":\"T\u0142usty czwartek: grube ebooki, kt\u00f3re zmie\u015bcisz w ka\u017cdym czytniku\",\"datePublished\":\"2025-02-21T15:15:49+00:00\",\"dateModified\":\"2025-12-03T09:19:05+00:00\",\"mainEntityOfPage\":{\"@id\":\"https:\/\/woblink.com\/blog\/tlusty-czwartek-grube-ebooki-ktore-zmiescisz-w-kazdym-czytniku\/\"},\"wordCount\":4505,\"publisher\":{\"@id\":\"https:\/\/woblink.com\/blog\/#organization\"},\"keywords\":[\"grube ksi\u0105\u017cki\"],\"articleSection\":[\"Rankingi ksi\u0105\u017cek\"],\"inLanguage\":\"pl-PL\"},{\"@type\":\"WebPage\",\"@id\":\"https:\/\/woblink.com\/blog\/tlusty-czwartek-grube-ebooki-ktore-zmiescisz-w-kazdym-czytniku\/\",\"url\":\"https:\/\/woblink.com\/blog\/tlusty-czwartek-grube-ebooki-ktore-zmiescisz-w-kazdym-czytniku\/\",\"name\":\"D\u0142ugie powie\u015bci - grube ebooki i ksi\u0105\u017cki powy\u017cej 500 stron - Woblink\",\"isPartOf\":{\"@id\":\"https:\/\/woblink.com\/blog\/#website\"},\"datePublished\":\"2025-02-21T15:15:49+00:00\",\"dateModified\":\"2025-12-03T09:19:05+00:00\",\"description\":\"Jedzenie p\u0105czk\u00f3w to nie twoja bajka? Mamy rozwi\u0105zanie, w ramach t\u0142ustego czwartku mo\u017cecie si\u0119gn\u0105\u0107 po grube ksi\u0105\u017cki! Sprawd\u017a nasze zestawienie!\",\"breadcrumb\":{\"@id\":\"https:\/\/woblink.com\/blog\/tlusty-czwartek-grube-ebooki-ktore-zmiescisz-w-kazdym-czytniku\/#breadcrumb\"},\"inLanguage\":\"pl-PL\",\"potentialAction\":[{\"@type\":\"ReadAction\",\"target\":[\"https:\/\/woblink.com\/blog\/tlusty-czwartek-grube-ebooki-ktore-zmiescisz-w-kazdym-czytniku\/\"]}]},{\"@type\":\"BreadcrumbList\",\"@id\":\"https:\/\/woblink.com\/blog\/tlusty-czwartek-grube-ebooki-ktore-zmiescisz-w-kazdym-czytniku\/#breadcrumb\",\"itemListElement\":[{\"@type\":\"ListItem\",\"position\":1,\"name\":\"Strona g\u0142\u00f3wna\",\"item\":\"https:\/\/woblink.com\/blog\/\"},{\"@type\":\"ListItem\",\"position\":2,\"name\":\"T\u0142usty czwartek: grube ebooki, kt\u00f3re zmie\u015bcisz w ka\u017cdym czytniku\"}]},{\"@type\":\"WebSite\",\"@id\":\"https:\/\/woblink.com\/blog\/#website\",\"url\":\"https:\/\/woblink.com\/blog\/\",\"name\":\"Woblink\",\"description\":\"najlepszy firmowy blog o ksi\u0105\u017ckach\",\"publisher\":{\"@id\":\"https:\/\/woblink.com\/blog\/#organization\"},\"potentialAction\":[{\"@type\":\"SearchAction\",\"target\":{\"@type\":\"EntryPoint\",\"urlTemplate\":\"https:\/\/woblink.com\/blog\/?s={search_term_string}\"},\"query-input\":\"required name=search_term_string\"}],\"inLanguage\":\"pl-PL\"},{\"@type\":\"Organization\",\"@id\":\"https:\/\/woblink.com\/blog\/#organization\",\"name\":\"Woblink\",\"url\":\"https:\/\/woblink.com\/blog\/\",\"logo\":{\"@type\":\"ImageObject\",\"inLanguage\":\"pl-PL\",\"@id\":\"https:\/\/woblink.com\/blog\/#\/schema\/logo\/image\/\",\"url\":\"https:\/\/i0.wp.com\/woblink.com\/blog\/wp-content\/uploads\/2019\/04\/nw_logoB.png?fit=185%2C42&ssl=1\",\"contentUrl\":\"https:\/\/i0.wp.com\/woblink.com\/blog\/wp-content\/uploads\/2019\/04\/nw_logoB.png?fit=185%2C42&ssl=1\",\"width\":185,\"height\":42,\"caption\":\"Woblink\"},\"image\":{\"@id\":\"https:\/\/woblink.com\/blog\/#\/schema\/logo\/image\/\"},\"sameAs\":[\"https:\/\/facebook.com\/woblink\",\"https:\/\/twitter.com\/woblink_com\",\"https:\/\/www.instagram.com\/woblink_com\",\"https:\/\/www.linkedin.com\/company\/woblink\/\"]},{\"@type\":\"Person\",\"@id\":\"https:\/\/woblink.com\/blog\/#\/schema\/person\/8ab6b79d64fa54209272130c4c3b1e95\",\"name\":\"Redakcja Woblinka\",\"image\":{\"@type\":\"ImageObject\",\"inLanguage\":\"pl-PL\",\"@id\":\"https:\/\/woblink.com\/blog\/#\/schema\/person\/image\/\",\"url\":\"https:\/\/secure.gravatar.com\/avatar\/f23ae80a7c9da060bee5f8310913478b?s=96&d=mm&r=g\",\"contentUrl\":\"https:\/\/secure.gravatar.com\/avatar\/f23ae80a7c9da060bee5f8310913478b?s=96&d=mm&r=g\",\"caption\":\"Redakcja Woblinka\"},\"url\":\"https:\/\/woblink.com\/blog\/author\/krasny\/\"}]}<\/script>\n<!-- \/ Yoast SEO plugin. -->","yoast_head_json":{"title":"D\u0142ugie powie\u015bci - grube ebooki i ksi\u0105\u017cki powy\u017cej 500 stron - Woblink","description":"Jedzenie p\u0105czk\u00f3w to nie twoja bajka? Mamy rozwi\u0105zanie, w ramach t\u0142ustego czwartku mo\u017cecie si\u0119gn\u0105\u0107 po grube ksi\u0105\u017cki! Sprawd\u017a nasze zestawienie!","robots":{"index":"index","follow":"follow","max-snippet":"max-snippet:-1","max-image-preview":"max-image-preview:large","max-video-preview":"max-video-preview:-1"},"canonical":"https:\/\/woblink.com\/blog\/tlusty-czwartek-grube-ebooki-ktore-zmiescisz-w-kazdym-czytniku\/","og_locale":"pl_PL","og_type":"article","og_title":"D\u0142ugie powie\u015bci - grube ebooki i ksi\u0105\u017cki powy\u017cej 500 stron - Woblink","og_description":"Jedzenie p\u0105czk\u00f3w to nie twoja bajka? Mamy rozwi\u0105zanie, w ramach t\u0142ustego czwartku mo\u017cecie si\u0119gn\u0105\u0107 po grube ksi\u0105\u017cki! Sprawd\u017a nasze zestawienie!","og_url":"https:\/\/woblink.com\/blog\/tlusty-czwartek-grube-ebooki-ktore-zmiescisz-w-kazdym-czytniku\/","og_site_name":"Woblink","article_publisher":"https:\/\/facebook.com\/woblink","article_published_time":"2025-02-21T15:15:49+00:00","article_modified_time":"2025-12-03T09:19:05+00:00","og_image":[{"width":1007,"height":687,"url":"https:\/\/woblink.com\/blog\/wp-content\/uploads\/blog_3.jpg","type":"image\/jpeg"}],"author":"Redakcja Woblinka","twitter_card":"summary_large_image","twitter_creator":"@woblink_com","twitter_site":"@woblink_com","twitter_misc":{"Napisane przez":"Redakcja Woblinka","Szacowany czas czytania":"28 minut"},"schema":{"@context":"https:\/\/schema.org","@graph":[{"@type":"Article","@id":"https:\/\/woblink.com\/blog\/tlusty-czwartek-grube-ebooki-ktore-zmiescisz-w-kazdym-czytniku\/#article","isPartOf":{"@id":"https:\/\/woblink.com\/blog\/tlusty-czwartek-grube-ebooki-ktore-zmiescisz-w-kazdym-czytniku\/"},"author":{"name":"Redakcja Woblinka","@id":"https:\/\/woblink.com\/blog\/#\/schema\/person\/8ab6b79d64fa54209272130c4c3b1e95"},"headline":"T\u0142usty czwartek: grube ebooki, kt\u00f3re zmie\u015bcisz w ka\u017cdym czytniku","datePublished":"2025-02-21T15:15:49+00:00","dateModified":"2025-12-03T09:19:05+00:00","mainEntityOfPage":{"@id":"https:\/\/woblink.com\/blog\/tlusty-czwartek-grube-ebooki-ktore-zmiescisz-w-kazdym-czytniku\/"},"wordCount":4505,"publisher":{"@id":"https:\/\/woblink.com\/blog\/#organization"},"keywords":["grube ksi\u0105\u017cki"],"articleSection":["Rankingi ksi\u0105\u017cek"],"inLanguage":"pl-PL"},{"@type":"WebPage","@id":"https:\/\/woblink.com\/blog\/tlusty-czwartek-grube-ebooki-ktore-zmiescisz-w-kazdym-czytniku\/","url":"https:\/\/woblink.com\/blog\/tlusty-czwartek-grube-ebooki-ktore-zmiescisz-w-kazdym-czytniku\/","name":"D\u0142ugie powie\u015bci - grube ebooki i ksi\u0105\u017cki powy\u017cej 500 stron - Woblink","isPartOf":{"@id":"https:\/\/woblink.com\/blog\/#website"},"datePublished":"2025-02-21T15:15:49+00:00","dateModified":"2025-12-03T09:19:05+00:00","description":"Jedzenie p\u0105czk\u00f3w to nie twoja bajka? Mamy rozwi\u0105zanie, w ramach t\u0142ustego czwartku mo\u017cecie si\u0119gn\u0105\u0107 po grube ksi\u0105\u017cki! Sprawd\u017a nasze zestawienie!","breadcrumb":{"@id":"https:\/\/woblink.com\/blog\/tlusty-czwartek-grube-ebooki-ktore-zmiescisz-w-kazdym-czytniku\/#breadcrumb"},"inLanguage":"pl-PL","potentialAction":[{"@type":"ReadAction","target":["https:\/\/woblink.com\/blog\/tlusty-czwartek-grube-ebooki-ktore-zmiescisz-w-kazdym-czytniku\/"]}]},{"@type":"BreadcrumbList","@id":"https:\/\/woblink.com\/blog\/tlusty-czwartek-grube-ebooki-ktore-zmiescisz-w-kazdym-czytniku\/#breadcrumb","itemListElement":[{"@type":"ListItem","position":1,"name":"Strona g\u0142\u00f3wna","item":"https:\/\/woblink.com\/blog\/"},{"@type":"ListItem","position":2,"name":"T\u0142usty czwartek: grube ebooki, kt\u00f3re zmie\u015bcisz w ka\u017cdym czytniku"}]},{"@type":"WebSite","@id":"https:\/\/woblink.com\/blog\/#website","url":"https:\/\/woblink.com\/blog\/","name":"Woblink","description":"najlepszy firmowy blog o ksi\u0105\u017ckach","publisher":{"@id":"https:\/\/woblink.com\/blog\/#organization"},"potentialAction":[{"@type":"SearchAction","target":{"@type":"EntryPoint","urlTemplate":"https:\/\/woblink.com\/blog\/?s={search_term_string}"},"query-input":"required name=search_term_string"}],"inLanguage":"pl-PL"},{"@type":"Organization","@id":"https:\/\/woblink.com\/blog\/#organization","name":"Woblink","url":"https:\/\/woblink.com\/blog\/","logo":{"@type":"ImageObject","inLanguage":"pl-PL","@id":"https:\/\/woblink.com\/blog\/#\/schema\/logo\/image\/","url":"https:\/\/i0.wp.com\/woblink.com\/blog\/wp-content\/uploads\/2019\/04\/nw_logoB.png?fit=185%2C42&ssl=1","contentUrl":"https:\/\/i0.wp.com\/woblink.com\/blog\/wp-content\/uploads\/2019\/04\/nw_logoB.png?fit=185%2C42&ssl=1","width":185,"height":42,"caption":"Woblink"},"image":{"@id":"https:\/\/woblink.com\/blog\/#\/schema\/logo\/image\/"},"sameAs":["https:\/\/facebook.com\/woblink","https:\/\/twitter.com\/woblink_com","https:\/\/www.instagram.com\/woblink_com","https:\/\/www.linkedin.com\/company\/woblink\/"]},{"@type":"Person","@id":"https:\/\/woblink.com\/blog\/#\/schema\/person\/8ab6b79d64fa54209272130c4c3b1e95","name":"Redakcja Woblinka","image":{"@type":"ImageObject","inLanguage":"pl-PL","@id":"https:\/\/woblink.com\/blog\/#\/schema\/person\/image\/","url":"https:\/\/secure.gravatar.com\/avatar\/f23ae80a7c9da060bee5f8310913478b?s=96&d=mm&r=g","contentUrl":"https:\/\/secure.gravatar.com\/avatar\/f23ae80a7c9da060bee5f8310913478b?s=96&d=mm&r=g","caption":"Redakcja Woblinka"},"url":"https:\/\/woblink.com\/blog\/author\/krasny\/"}]}},"jetpack_featured_media_url":"https:\/\/i0.wp.com\/woblink.com\/blog\/wp-content\/uploads\/blog_3.jpg?fit=1007%2C687&ssl=1","_links":{"self":[{"href":"https:\/\/woblink.com\/blog\/wp-json\/wp\/v2\/posts\/1705"}],"collection":[{"href":"https:\/\/woblink.com\/blog\/wp-json\/wp\/v2\/posts"}],"about":[{"href":"https:\/\/woblink.com\/blog\/wp-json\/wp\/v2\/types\/post"}],"author":[{"embeddable":true,"href":"https:\/\/woblink.com\/blog\/wp-json\/wp\/v2\/users\/7"}],"replies":[{"embeddable":true,"href":"https:\/\/woblink.com\/blog\/wp-json\/wp\/v2\/comments?post=1705"}],"version-history":[{"count":20,"href":"https:\/\/woblink.com\/blog\/wp-json\/wp\/v2\/posts\/1705\/revisions"}],"predecessor-version":[{"id":13251,"href":"https:\/\/woblink.com\/blog\/wp-json\/wp\/v2\/posts\/1705\/revisions\/13251"}],"wp:featuredmedia":[{"embeddable":true,"href":"https:\/\/woblink.com\/blog\/wp-json\/wp\/v2\/media\/13240"}],"wp:attachment":[{"href":"https:\/\/woblink.com\/blog\/wp-json\/wp\/v2\/media?parent=1705"}],"wp:term":[{"taxonomy":"category","embeddable":true,"href":"https:\/\/woblink.com\/blog\/wp-json\/wp\/v2\/categories?post=1705"},{"taxonomy":"post_tag","embeddable":true,"href":"https:\/\/woblink.com\/blog\/wp-json\/wp\/v2\/tags?post=1705"}],"curies":[{"name":"wp","href":"https:\/\/api.w.org\/{rel}","templated":true}]}}