{"id":1848,"date":"2020-03-20T17:48:31","date_gmt":"2020-03-20T16:48:31","guid":{"rendered":"https:\/\/woblink.com\/blog\/?p=1848"},"modified":"2020-03-20T19:27:59","modified_gmt":"2020-03-20T18:27:59","slug":"ebooki-wydawnictwa-znak-do-60-taniej-promocja-na-cala-oferte","status":"publish","type":"post","link":"https:\/\/woblink.com\/blog\/ebooki-wydawnictwa-znak-do-60-taniej-promocja-na-cala-oferte\/","title":{"rendered":"Ebooki Wydawnictwa Znak do -60% taniej (promocja na ca\u0142\u0105 ofert\u0119)!"},"content":{"rendered":"<p><strong>Zosta\u0144 w domu i czytaj ebooki Wydawnictwa Znak. Dzisiaj na Woblink.com, wystartowa\u0142a promocja na ebooki Wydawnictwa Znak. Znalaz\u0142y si\u0119 w niej reporta\u017ce, powie\u015bci historyczne i obyczajowe, literatura pi\u0119kna, krymina\u0142y, poradniki, thrillery i wiele wi\u0119cej! Nie zapomnieli\u015bmy tak\u017ce o najm\u0142odszych czytelnikach. W naszej promocji znajdziecie du\u017co nowo\u015bci i bestseller\u00f3w, a przeceny si\u0119gaj\u0105 a\u017c 60%. Promocja obejmuje ca\u0142\u0105 ofert\u0119! Aby u\u0142atwi\u0107 wam wyb\u00f3r przygotowali\u015bmy propozycje ksi\u0105\u017cek, na kt\u00f3re warto zwr\u00f3ci\u0107 szczeg\u00f3ln\u0105 uwag\u0119.\u00a0<\/strong><\/p>\n<p><!--more--><\/p>\n<h3><b>Nowo\u015bci Wydawnictwa Znak<\/b><\/h3>\n<p><span style=\"font-weight: 400;\">Najwa\u017cniejszym szczeg\u00f3\u0142em promocji ze Znakiem, jest to, \u017ce w jej sk\u0142ad wchodz\u0105 nie tylko stare, ale r\u00f3wnie\u017c zupe\u0142nie \u015bwie\u017ce tytu\u0142y. Dlatego szczeg\u00f3lnie polecamy niedawno wydane ksi\u0105\u017cki. W\u015br\u00f3d nich warto wymieni\u0107 obszern\u0105 biografi\u0119 Anny <strong><a href=\"https:\/\/woblink.com\/ebook\/walentynowicz-anna-szuka-raju-dorota-karas-marek-sterlingow-51541\">Walentynowicz<\/a><\/strong>, <strong><a href=\"https:\/\/woblink.com\/ebook\/wory-tajemnice-rosyjskiej-supermafii-pawel-cichawa-galeotti-mark-51028\">reporta\u017c o tajemnicach rosyjskiej mafii<\/a> <\/strong>i\u201e<strong><a href=\"https:\/\/woblink.com\/ebook\/drzazga-miroslaw-tryczyk-50887\">Drzazg\u0119\u201d \u2013 wstrz\u0105saj\u0105cy reporta\u017c o rodzinnych tajemnicach.<\/a><\/strong>\u00a0<\/span><\/p>\n<figure id=\"attachment_1856\" aria-describedby=\"caption-attachment-1856\" style=\"width: 200px\" class=\"wp-caption aligncenter\"><a href=\"https:\/\/woblink.com\/ebook\/walentynowicz-anna-szuka-raju-dorota-karas-marek-sterlingow-51541\"><img decoding=\"async\" loading=\"lazy\" class=\"wp-image-1856 size-medium\" src=\"https:\/\/i0.wp.com\/woblink.com\/blog\/wp-content\/uploads\/2020\/03\/2345469-walentynowicz-anna-szuka-raju.jpg?resize=200%2C300&#038;ssl=1\" alt=\"walentynowicz znak promocja\" width=\"200\" height=\"300\" srcset=\"https:\/\/i0.wp.com\/woblink.com\/blog\/wp-content\/uploads\/2020\/03\/2345469-walentynowicz-anna-szuka-raju.jpg?resize=200%2C300&amp;ssl=1 200w, https:\/\/i0.wp.com\/woblink.com\/blog\/wp-content\/uploads\/2020\/03\/2345469-walentynowicz-anna-szuka-raju.jpg?w=570&amp;ssl=1 570w\" sizes=\"(max-width: 200px) 100vw, 200px\" data-recalc-dims=\"1\" \/><\/a><figcaption id=\"caption-attachment-1856\" class=\"wp-caption-text\"><center><strong>Kup <a href=\"https:\/\/woblink.com\/ebook\/walentynowicz-anna-szuka-raju-dorota-karas-marek-sterlingow-51541\">ebooka<\/a> na Woblink.com<\/strong><\/center><\/figcaption><\/figure>\n<h3><b>Wies\u0142aw My\u015bliwski<\/b><\/h3>\n<p><span style=\"font-weight: 400;\">W promocji Znaku znajdziecie tak\u017ce sze\u015b\u0107 z siedmiu powie\u015bci Wies\u0142awa My\u015bliwskiego. My\u015bliwski jest jednym z najbardziej utytu\u0142owanych polskich pisarzy. Dwukrotnie zdobywa\u0142 Nagrod\u0119 Literack\u0105 Nike! Jego powie\u015bci wpisuj\u0105 si\u0119 w tzw. nurt ch\u0142opski. My\u015bliwski przez wiele lat redagowa\u0142 pismo \u201eRegiony\u201d po\u015bwi\u0119cone ratowaniu relikt\u00f3w pi\u015bmienniczych ch\u0142op\u00f3w. Dzi\u0119ki opowie\u015bciom us\u0142yszanym od ch\u0142op\u00f3w, My\u015bliwski pozna\u0142 bajki, legendy i przer\u00f3\u017cne historie, kt\u00f3rymi inspirowa\u0142 si\u0119 przy pisaniu swoich ksi\u0105\u017cek. Szczeg\u00f3lnie polecamy \u201e<strong><a href=\"https:\/\/woblink.com\/ebook\/traktat-o-luskaniu-fasoli-2018-wieslaw-mysliwski-51087\">Traktat o \u0142uskaniu fasoli<\/a><\/strong>\u201d i \u201e<strong><a href=\"https:\/\/woblink.com\/ebook\/widnokrag-2019-wieslaw-mysliwski-51025\">Widnokr\u0105g<\/a><\/strong>\u201d, powie\u015bci za kt\u00f3re pisarz otrzyma\u0142 \u201eNike\u201c.<\/span><\/p>\n<figure id=\"attachment_1850\" aria-describedby=\"caption-attachment-1850\" style=\"width: 200px\" class=\"wp-caption aligncenter\"><a href=\"https:\/\/woblink.com\/ebook\/traktat-o-luskaniu-fasoli-2018-wieslaw-mysliwski-51087\"><img decoding=\"async\" loading=\"lazy\" class=\"wp-image-1850 size-medium\" src=\"https:\/\/i0.wp.com\/woblink.com\/blog\/wp-content\/uploads\/2020\/03\/2320868-traktat-o-luskaniu-fasoli-2018.jpg?resize=200%2C300&#038;ssl=1\" alt=\"znak promocja my\u015bliwski\" width=\"200\" height=\"300\" srcset=\"https:\/\/i0.wp.com\/woblink.com\/blog\/wp-content\/uploads\/2020\/03\/2320868-traktat-o-luskaniu-fasoli-2018.jpg?resize=200%2C300&amp;ssl=1 200w, https:\/\/i0.wp.com\/woblink.com\/blog\/wp-content\/uploads\/2020\/03\/2320868-traktat-o-luskaniu-fasoli-2018.jpg?w=570&amp;ssl=1 570w\" sizes=\"(max-width: 200px) 100vw, 200px\" data-recalc-dims=\"1\" \/><\/a><figcaption id=\"caption-attachment-1850\" class=\"wp-caption-text\"><center><strong>Kup <a href=\"https:\/\/woblink.com\/ebook\/traktat-o-luskaniu-fasoli-2018-wieslaw-mysliwski-51087\">ebooka<\/a> na Woblink.com<\/strong><\/center><\/figcaption><\/figure>\n<h3><b>Klasyka Znaku za po\u0142ow\u0119 ceny!<\/b><\/h3>\n<p><span style=\"font-weight: 400;\">Z okazji 50-lecia istnienia, Wydawnictwo Znak wyda\u0142o 50 wielkich dzie\u0142 literatury. Domowa kwarantanna to czas by je nadrobi\u0107. W promocji znajdziecie m.in. ebooki \u201e<strong><a href=\"https:\/\/woblink.com\/ebook\/mistrz-i-malgorzata-michail-bulhakow-28624\">Mistrza i Ma\u0142gorzaty<\/a><\/strong>\u201d Michai\u0142a Bu\u0142hakowa, \u201e<strong><a href=\"https:\/\/woblink.com\/ebook\/bracia-karamazow-fiodor-dostojewski-14729\">Braci Karamazow<\/a><\/strong>\u201d i \u201e<strong><a href=\"https:\/\/woblink.com\/ebook\/biesy-fiodor-dostojewski-14728\">Biesy<\/a><\/strong>\u201d Fiodora Dostojewskiego, \u201e<strong><a href=\"https:\/\/woblink.com\/ebook\/martwe-dusze-mikolaj-gogol-14139\">Martwe dusze<\/a><\/strong>\u201d Miko\u0142aja Gogola, \u201e<strong><a href=\"https:\/\/woblink.com\/ebook\/jadro-ciemnosci-joseph-conrad-10302\">J\u0105dro ciemno\u015bci<\/a><\/strong>\u201d Josepha Conrada. Wszystkie za po\u0142ow\u0119 ceny!<\/span><\/p>\n<figure id=\"attachment_1849\" aria-describedby=\"caption-attachment-1849\" style=\"width: 200px\" class=\"wp-caption aligncenter\"><a href=\"https:\/\/woblink.com\/ebook\/jadro-ciemnosci-joseph-conrad-10302\"><img decoding=\"async\" loading=\"lazy\" class=\"wp-image-1849 size-medium\" src=\"https:\/\/i0.wp.com\/woblink.com\/blog\/wp-content\/uploads\/2020\/03\/384460-jadro-ciemnosci.jpg?resize=200%2C300&#038;ssl=1\" alt=\"Wydawnictwo Znak promocja\" width=\"200\" height=\"300\" srcset=\"https:\/\/i0.wp.com\/woblink.com\/blog\/wp-content\/uploads\/2020\/03\/384460-jadro-ciemnosci.jpg?resize=200%2C300&amp;ssl=1 200w, https:\/\/i0.wp.com\/woblink.com\/blog\/wp-content\/uploads\/2020\/03\/384460-jadro-ciemnosci.jpg?w=570&amp;ssl=1 570w\" sizes=\"(max-width: 200px) 100vw, 200px\" data-recalc-dims=\"1\" \/><\/a><figcaption id=\"caption-attachment-1849\" class=\"wp-caption-text\"><center><strong>Kup <a href=\"https:\/\/woblink.com\/ebook\/jadro-ciemnosci-joseph-conrad-10302\">ebooka<\/a> na Woblink.com<\/strong><\/center><\/figcaption><\/figure>\n<h3><b>Krymina\u0142y Marka Krajewskiego<\/b><\/h3>\n<p><span style=\"font-weight: 400;\">Mi\u0142o\u015bnikom krymina\u0142\u00f3w szczeg\u00f3lnie polecamy ksi\u0105\u017cki Marka Krajewskiego, laureata Nagrody Wielkiego Kalibru i Paszportu \u201ePolityki\u201d. W promocji znalaz\u0142y si\u0119 wszystkie jego powie\u015bci. Zar\u00f3wno te, kt\u00f3rych akcja rozgrywa si\u0119 we Wroc\u0142awiu, z Eberhardem Mockiem w roli g\u0142\u00f3wnej, jak i lwowskie przygody Edwarda Popielskiego. Powie\u015bci Krajewskiego okre\u015bla si\u0119 mianem krymina\u0142\u00f3w noir, w kt\u00f3rych zwykle mamy do czynienia z brutaln\u0105 zbrodni\u0105 i niezwykle zawi\u0142ym \u015bledztwem. A wszystko sk\u0105pane w mrocznej i g\u0119stej atmosferze najbardziej niebezpiecznych dzielnic Wroc\u0142awia i Lwowa.<\/span><\/p>\n<figure id=\"attachment_994\" aria-describedby=\"caption-attachment-994\" style=\"width: 199px\" class=\"wp-caption aligncenter\"><a href=\"https:\/\/woblink.com\/ksiazka\/erynie-krajewski-marek-80266\"><img decoding=\"async\" loading=\"lazy\" class=\"wp-image-994 size-medium\" src=\"https:\/\/i0.wp.com\/woblink.com\/blog\/wp-content\/uploads\/2019\/09\/5af3f6071ab80.jpeg?resize=199%2C300&#038;ssl=1\" alt=\"Erynie\" width=\"199\" height=\"300\" srcset=\"https:\/\/i0.wp.com\/woblink.com\/blog\/wp-content\/uploads\/2019\/09\/5af3f6071ab80.jpeg?resize=199%2C300&amp;ssl=1 199w, https:\/\/i0.wp.com\/woblink.com\/blog\/wp-content\/uploads\/2019\/09\/5af3f6071ab80.jpeg?w=332&amp;ssl=1 332w\" sizes=\"(max-width: 199px) 100vw, 199px\" data-recalc-dims=\"1\" \/><\/a><figcaption id=\"caption-attachment-994\" class=\"wp-caption-text\"><center><strong>Kup <a href=\"https:\/\/woblink.com\/ksiazka\/erynie-krajewski-marek-80266\">ksi\u0105\u017ck\u0119<\/a> lub <a href=\"https:\/\/woblink.com\/ebook\/erynie-i-cz-trylogii-marek-krajewski-2338\">ebooka<\/a> na Woblink.com<\/strong><\/center><\/figcaption><\/figure>\n<h3><b>Poradniki Malcolma Gladwella\u00a0<\/b><\/h3>\n<p><span style=\"font-weight: 400;\">Je\u015bli interesujecie si\u0119 marketingiem i psychologi\u0105, to ksi\u0105\u017cki Malcolma Gladwella na pewno przypadn\u0105 wam do gustu. Glawell jest publicyst\u0105 \u201eNew Yorkera\u201d i autorem bestsellerowych poradnik\u00f3w. Pisane przez niego reporta\u017ce o zachowaniach konsument\u00f3w, nowojorskiej przest\u0119pczo\u015bci i testach osobowo\u015bci pokazuj\u0105 jego ogromne zainteresowanie socjologi\u0105, marketingiem oraz psychologi\u0105. Wszystkie ksi\u0105\u017cki autorstwa Gladwella z miejsca stawa\u0142y si\u0119 bestsellerami, a \u201eTimes\u201d og\u0142osi\u0142 go jednym ze 100 najbardziej wp\u0142ywowych ludzi \u015bwiata. My polecamy szczeg\u00f3lnie \u201e<strong><a href=\"https:\/\/woblink.com\/ebook\/blysk-malcolm-gladwell-42473\">B\u0142ysk<\/a><\/strong>\u201d, \u201e<strong><a href=\"https:\/\/woblink.com\/ebook\/punkt-przelomowy-malcolm-gladwell-42476\">Punkt prze\u0142omowy<\/a><\/strong>\u201d, a tak\u017ce \u201e<strong><a href=\"https:\/\/woblink.com\/ebook\/jak-rozmawiac-z-nieznajomymi-co-powinnismy-wiedziec-o-ludziach-o-ktorych-nic-nie-wiemy-malcolm-gladwell-agnieszka-sobolewska-51084\">Jak rozmawia\u0107 z nieznajomymi<\/a><\/strong>\u201d.<\/span><\/p>\n<figure id=\"attachment_1857\" aria-describedby=\"caption-attachment-1857\" style=\"width: 200px\" class=\"wp-caption aligncenter\"><a href=\"https:\/\/woblink.com\/ebook\/blysk-malcolm-gladwell-42473\"><img decoding=\"async\" loading=\"lazy\" class=\"wp-image-1857 size-medium\" src=\"https:\/\/i0.wp.com\/woblink.com\/blog\/wp-content\/uploads\/2020\/03\/1847590-blysk-1.jpg?resize=200%2C300&#038;ssl=1\" alt=\"\" width=\"200\" height=\"300\" srcset=\"https:\/\/i0.wp.com\/woblink.com\/blog\/wp-content\/uploads\/2020\/03\/1847590-blysk-1.jpg?resize=200%2C300&amp;ssl=1 200w, https:\/\/i0.wp.com\/woblink.com\/blog\/wp-content\/uploads\/2020\/03\/1847590-blysk-1.jpg?w=570&amp;ssl=1 570w\" sizes=\"(max-width: 200px) 100vw, 200px\" data-recalc-dims=\"1\" \/><\/a><figcaption id=\"caption-attachment-1857\" class=\"wp-caption-text\"><center><strong>Kup <a href=\"https:\/\/woblink.com\/ebook\/blysk-malcolm-gladwell-42473\">ebooka<\/a> na Woblink.com<\/strong><\/center><\/figcaption><\/figure>\n<h3><b>Magdalena Kordel<\/b><\/h3>\n<p><span style=\"font-weight: 400;\">Magdalena Kordel to poczytna autorka literatury kobiecej. W swoich powie\u015bciach \u0142\u0105czy literatur\u0119 obyczajow\u0105 z romansem. Zacz\u0119\u0142a pisa\u0107 ksi\u0105\u017cki, aby poradzi\u0107 sobie z przesz\u0142o\u015bci\u0105 \u2013 szybko okaza\u0142o si\u0119 jednak, \u017ce jej proza cieszy si\u0119 du\u017c\u0105 popularno\u015bci\u0105. Dotychczas Magdalena Kordel wyda\u0142a prawie 20 powie\u015bci. Do najpoczytniejszych serii autorki nale\u017c\u0105 \u201e<strong><a href=\"https:\/\/woblink.com\/ebook\/uroczysko-magdalena-kordel-21602\">Uroczysko<\/a><\/strong>\u201d, \u201eMiasteczko\u201d oraz \u201e<strong><a href=\"https:\/\/woblink.com\/ebook\/malownicze-tajemnica-bzow-magdalena-kordel-20044\">Malownicze<\/a><\/strong>\u201d. Je\u015bli lubicie anga\u017cuj\u0105ce historie o mi\u0142o\u015bci, rodzinnych sekretach i sile marze\u0144 polecamy si\u0119gn\u0105\u0107 po \u201e<strong><a href=\"https:\/\/woblink.com\/ebook\/serce-w-oblokach-magdalena-kordel-42342\">Serce w ob\u0142okach<\/a><\/strong>\u201d,\u00a0 \u201e<strong><a href=\"https:\/\/woblink.com\/ebook\/okno-z-widokiem-magdalena-kordel-50686\">Okno z widokiem<\/a><\/strong>\u201d czy \u201e<strong><a href=\"https:\/\/woblink.com\/ebook\/wino-z-malwina-magdalena-kordel-43148\">Wino z Malwin\u0105\u201d<\/a><\/strong>.<\/span><\/p>\n<figure id=\"attachment_1855\" aria-describedby=\"caption-attachment-1855\" style=\"width: 200px\" class=\"wp-caption aligncenter\"><a href=\"https:\/\/woblink.com\/ebook\/okno-z-widokiem-magdalena-kordel-50686\"><img decoding=\"async\" loading=\"lazy\" class=\"wp-image-1855 size-medium\" src=\"https:\/\/i0.wp.com\/woblink.com\/blog\/wp-content\/uploads\/2020\/03\/2301349-okno-z-widokiem.jpg?resize=200%2C300&#038;ssl=1\" alt=\"znak magdalena kordel promocja\" width=\"200\" height=\"300\" srcset=\"https:\/\/i0.wp.com\/woblink.com\/blog\/wp-content\/uploads\/2020\/03\/2301349-okno-z-widokiem.jpg?resize=200%2C300&amp;ssl=1 200w, https:\/\/i0.wp.com\/woblink.com\/blog\/wp-content\/uploads\/2020\/03\/2301349-okno-z-widokiem.jpg?w=570&amp;ssl=1 570w\" sizes=\"(max-width: 200px) 100vw, 200px\" data-recalc-dims=\"1\" \/><\/a><figcaption id=\"caption-attachment-1855\" class=\"wp-caption-text\"><center><strong>Kup <a href=\"https:\/\/woblink.com\/ebook\/okno-z-widokiem-magdalena-kordel-50686\">ebooka<\/a> na Woblink.com<\/strong><\/center><\/figcaption><\/figure>\n<h3><b>Bestsellerowe powie\u015bci obyczajowe\u00a0 Jojo Moyes\u00a0<\/b><\/h3>\n<p><span style=\"font-weight: 400;\">W promocji na ebooki Wydawnictwa Znak znalaz\u0142y si\u0119 r\u00f3wnie\u017c poruszaj\u0105ce powie\u015bci Jojo Moyes, jednej z najpopularniejszych autorek literatury kobiecej.\u00a0<\/span><\/p>\n<p><span style=\"font-weight: 400;\">Autorka tworzy przede wszystkim pe\u0142ne emocji i wzrusze\u0144 opowie\u015bci o kobietach i dla kobiet. Czytelniczki jej prozy ceni\u0105 autork\u0119 zw\u0142aszcza za rozbudowane, dopracowane i wiarygodne w\u0105tki obyczajowe, a tak\u017ce za dobrze napisane postacie. Jojo Moyes porusza w swoich ksi\u0105\u017ckach wa\u017cne oraz trudne tematy &#8211; a wszystko to z wyczuciem i humorem. Szczeg\u00f3lnej uwadze polecamy powie\u015b\u0107 \u201e<strong><a href=\"https:\/\/woblink.com\/ebook\/zanim-sie-pojawiles-jojo-moyes-38402\">Zanim si\u0119 pojawi\u0142e\u015b<\/a><\/strong>\u201d, kt\u00f3ra zaraz po premierze sta\u0142a si\u0119 \u015bwiatowym fenomenem. Na jej podstawie powsta\u0142 film pod tym samym tytu\u0142em z Emili\u0105 Clarke w roli g\u0142\u00f3wnej. Warto si\u0119gn\u0105\u0107 tak\u017ce po najnowsz\u0105 ksi\u0105\u017ck\u0119 autorki, \u201e<strong><a href=\"https:\/\/woblink.com\/ebook\/swiatlo-w-srodku-nocy-jojo-moyes-50885\">\u015awiat\u0142o w \u015brodku nocy<\/a><\/strong>\u201d. To opowie\u015b\u0107 o odwa\u017cnych i niepokornych kobietach, kt\u00f3re nie boj\u0105 si\u0119 zawalczy\u0107 o wolno\u015b\u0107.\u00a0<\/span><\/p>\n<figure id=\"attachment_1826\" aria-describedby=\"caption-attachment-1826\" style=\"width: 200px\" class=\"wp-caption aligncenter\"><a href=\"https:\/\/woblink.com\/ebook\/swiatlo-w-srodku-nocy-jojo-moyes-50885\"><img decoding=\"async\" loading=\"lazy\" class=\"wp-image-1826 size-medium\" src=\"https:\/\/i0.wp.com\/woblink.com\/blog\/wp-content\/uploads\/2020\/03\/2309454-swiatlo-w-srodku-nocy-1.jpg?resize=200%2C300&#038;ssl=1\" alt=\"\" width=\"200\" height=\"300\" srcset=\"https:\/\/i0.wp.com\/woblink.com\/blog\/wp-content\/uploads\/2020\/03\/2309454-swiatlo-w-srodku-nocy-1.jpg?resize=200%2C300&amp;ssl=1 200w, https:\/\/i0.wp.com\/woblink.com\/blog\/wp-content\/uploads\/2020\/03\/2309454-swiatlo-w-srodku-nocy-1.jpg?w=570&amp;ssl=1 570w\" sizes=\"(max-width: 200px) 100vw, 200px\" data-recalc-dims=\"1\" \/><\/a><figcaption id=\"caption-attachment-1826\" class=\"wp-caption-text\"><center><strong>Kup <a href=\"https:\/\/woblink.com\/ebook\/swiatlo-w-srodku-nocy-jojo-moyes-50885\">ebooka<\/a> na Woblink.com<\/strong><\/center><\/figcaption><\/figure>\n<h3><b>Cykl \u201eCzas burz\u201d Charlotte Link<\/b><\/h3>\n<p><span style=\"font-weight: 400;\">To niemiecka autorka, kt\u00f3rej powie\u015bci przet\u0142umaczono na kilkana\u015bcie j\u0119zyk\u00f3w. W samych Niemczech jej ksi\u0105\u017cki sprzedano w liczbie przekraczaj\u0105cej 12 milion\u00f3w egzemplarzy. Niedawno swoj\u0105 premier\u0105 mia\u0142a powie\u015b\u0107 \u201e<strong><a href=\"https:\/\/woblink.com\/ebook\/czas-burz-charlotte-link-50432\">Czas burz<\/a><\/strong>\u201d, kt\u00f3ra otwiera now\u0105 wielopokoleniow\u0105 sag\u0119, opowiadaj\u0105c\u0105 o niez\u0142omnej sile kobiet z rodu Domberg\u00f3w. Ka\u017cda z bohaterek b\u0119dzie musia\u0142a zmierzy\u0107 si\u0119 z przeciwno\u015bciami losu, skomplikowan\u0105 mi\u0142o\u015bci\u0105 oraz w\u0142asnymi s\u0142abo\u015bciami.\u00a0<\/span><\/p>\n<figure id=\"attachment_1827\" aria-describedby=\"caption-attachment-1827\" style=\"width: 200px\" class=\"wp-caption aligncenter\"><a href=\"https:\/\/woblink.com\/ebook\/czas-burz-charlotte-link-50432\"><img decoding=\"async\" loading=\"lazy\" class=\"wp-image-1827 size-medium\" src=\"https:\/\/i0.wp.com\/woblink.com\/blog\/wp-content\/uploads\/2020\/03\/2293578-czas-burz.jpg?resize=200%2C300&#038;ssl=1\" alt=\"\" width=\"200\" height=\"300\" srcset=\"https:\/\/i0.wp.com\/woblink.com\/blog\/wp-content\/uploads\/2020\/03\/2293578-czas-burz.jpg?resize=200%2C300&amp;ssl=1 200w, https:\/\/i0.wp.com\/woblink.com\/blog\/wp-content\/uploads\/2020\/03\/2293578-czas-burz.jpg?w=570&amp;ssl=1 570w\" sizes=\"(max-width: 200px) 100vw, 200px\" data-recalc-dims=\"1\" \/><\/a><figcaption id=\"caption-attachment-1827\" class=\"wp-caption-text\"><center><strong>Kup <a href=\"https:\/\/woblink.com\/ebook\/czas-burz-charlotte-link-50432\">ebooka<\/a> na Woblink.com<\/strong><\/center><\/figcaption><\/figure>\n<h2><b>Znak Emotikon \u2013 ksi\u0105\u017cki dla m\u0142odszych czytelnik\u00f3w<\/b><\/h2>\n<h3><b>Ksi\u0105\u017cki Roalda Dahla<\/b><\/h3>\n<p><span style=\"font-weight: 400;\">Roald Dahl to jeden z najpopularniejszych autor\u00f3w niebanalnych i ambitnych ksi\u0105\u017cek dla dzieci, kt\u00f3rymi zaczytuj\u0105 si\u0119 tak\u017ce doro\u015bli czytelnicy. Prawie ka\u017cda ksi\u0105\u017cka pisarza osi\u0105gn\u0119\u0142a status bestsellera, a wiele z nich doczeka\u0142o si\u0119 cz\u0119sto rewelacyjnych ekranizacji. Po ksi\u0105\u017cki Dahla si\u0119gali tacy re\u017cyserzy jak Wes Anderson, Tim Burton czy Steven Spielberg.\u00a0<\/span><\/p>\n<figure id=\"attachment_1854\" aria-describedby=\"caption-attachment-1854\" style=\"width: 200px\" class=\"wp-caption aligncenter\"><a href=\"https:\/\/woblink.com\/ebook\/fantastyczny-pan-lis-roald-dahl-32059\"><img decoding=\"async\" loading=\"lazy\" class=\"wp-image-1854 size-medium\" src=\"https:\/\/i0.wp.com\/woblink.com\/blog\/wp-content\/uploads\/2020\/03\/1163422-n-a.jpg?resize=200%2C300&#038;ssl=1\" alt=\"fantastyczny pan lis promocja znak \" width=\"200\" height=\"300\" srcset=\"https:\/\/i0.wp.com\/woblink.com\/blog\/wp-content\/uploads\/2020\/03\/1163422-n-a.jpg?resize=200%2C300&amp;ssl=1 200w, https:\/\/i0.wp.com\/woblink.com\/blog\/wp-content\/uploads\/2020\/03\/1163422-n-a.jpg?w=570&amp;ssl=1 570w\" sizes=\"(max-width: 200px) 100vw, 200px\" data-recalc-dims=\"1\" \/><\/a><figcaption id=\"caption-attachment-1854\" class=\"wp-caption-text\"><center><strong>Kup <a href=\"https:\/\/woblink.com\/ebook\/fantastyczny-pan-lis-roald-dahl-32059\">ebooka<\/a> na Woblink.com<\/strong><\/center><\/figcaption><\/figure>\n<p><span style=\"font-weight: 400;\">Bohaterowie ksi\u0105\u017cek Roalda Dahla to cz\u0119sto dzieci wyj\u0105tkowe, nierozumiane i do\u015bwiadczone przez los, skrajnie ubogie, osierocone, b\u0105d\u017a takie, kt\u00f3rych rodzic\u0119 s\u0105 zupe\u0142nie wobec nich oboj\u0119tni. Szczeg\u00f3lnie polecamy \u201e<strong><a href=\"https:\/\/woblink.com\/ebook\/wiedzmy-roald-dahl-32446\">Wied\u017amy<\/a><\/strong>\u201d, \u201e<strong><a href=\"https:\/\/woblink.com\/ebook\/billy-i-miniputki-roald-dahl-35571\">Billy&#8217;ego i Miniputki<\/a><\/strong>\u201d i \u201e<strong><a href=\"https:\/\/woblink.com\/ebook\/fantastyczny-pan-lis-roald-dahl-32059\">Fantastycznego Pana Lisa<\/a><\/strong>\u201d.<\/span><\/p>\n<h3><b>Cykl \u201eMagiczne drzewo\u201d Andrzeja Maleszki\u00a0<\/b><\/h3>\n<p><span style=\"font-weight: 400;\">M\u0142odszym czytelnikom proponujemy tak\u017ce cykl \u201e<strong><a href=\"https:\/\/woblink.com\/katalog?szukasz=magiczne+drzewo\">Magiczne drzewo<\/a><\/strong>\u201d autorstwa Andrzeja Maleszki. Ta bestsellerowa seria powie\u015bci dla dzieci i m\u0142odzie\u017cy by\u0142a kilkakrotnie ekranizowana, a prawami do scenariusza interesowa\u0142 si\u0119 mi\u0119dzy innymi sam Disney. Serialowa ekranizacja \u201eMagicznego drzewa\u201d zosta\u0142a uhonorowana Emmy Award. Powie\u015bciowy cykl Maleszki utrzymany jest w konwencji realistyczno-magicznej. W pierwszym tomie nosz\u0105cym tytu\u0142 \u201e<strong><a href=\"https:\/\/woblink.com\/ebook\/magiczne-drzewo-czerwone-krzeslo-tom-1-andrzej-maleszka-30284\">Czerwone krzes\u0142o<\/a><\/strong>\u201d Kuki wy\u0142awia z rzeki obdarzone pot\u0119\u017cn\u0105 moc\u0105 tytu\u0142owe czerwone krzes\u0142o. Przedmiot ten ma moc spe\u0142niania \u017cycze\u0144, tych dobrych, jak i z\u0142ych.\u00a0<\/span><\/p>\n<figure id=\"attachment_1853\" aria-describedby=\"caption-attachment-1853\" style=\"width: 200px\" class=\"wp-caption aligncenter\"><a href=\"https:\/\/woblink.com\/ebook\/magiczne-drzewo-czerwone-krzeslo-tom-1-andrzej-maleszka-30284\"><img decoding=\"async\" loading=\"lazy\" class=\"wp-image-1853 size-medium\" src=\"https:\/\/i0.wp.com\/woblink.com\/blog\/wp-content\/uploads\/2020\/03\/1051815-magiczne-drzewo-czerwone-krzeslo.jpg?resize=200%2C300&#038;ssl=1\" alt=\"magiczne drzewo maleszka znak promocja\" width=\"200\" height=\"300\" srcset=\"https:\/\/i0.wp.com\/woblink.com\/blog\/wp-content\/uploads\/2020\/03\/1051815-magiczne-drzewo-czerwone-krzeslo.jpg?resize=200%2C300&amp;ssl=1 200w, https:\/\/i0.wp.com\/woblink.com\/blog\/wp-content\/uploads\/2020\/03\/1051815-magiczne-drzewo-czerwone-krzeslo.jpg?w=570&amp;ssl=1 570w\" sizes=\"(max-width: 200px) 100vw, 200px\" data-recalc-dims=\"1\" \/><\/a><figcaption id=\"caption-attachment-1853\" class=\"wp-caption-text\"><center><strong>Kup <a href=\"https:\/\/woblink.com\/ebook\/magiczne-drzewo-czerwone-krzeslo-tom-1-andrzej-maleszka-30284\">ebooka<\/a> na Woblink.com<\/strong><\/center><\/figcaption><\/figure>\n<h3><b>\u201eDamy, dziewuchy, dziewczyny\u201d, Anna Dziewitt-Meller<\/b><b>\u00a0<\/b><\/h3>\n<p><span style=\"font-weight: 400;\">Seria Anny Dziewitt-Meller to idealna propozycja dla m\u0142odszych i starszych czytelnik\u00f3w, kt\u00f3rzy chc\u0105 dowiedzie\u0107 si\u0119 czego\u015b o wybitnych kobietach oraz ich osi\u0105gni\u0119ciach. W pierwszej cz\u0119\u015bci nosz\u0105cej tytu\u0142 \u201e<strong><a href=\"https:\/\/woblink.com\/ebook\/damy-dziewuchy-dziewczyny-anna-dziewit-meller-35000\">Historia w sp\u00f3dnicy<\/a><\/strong>\u201d autorka przedstawi\u0142a postacie mniej lub bardziej znanych Polek i opisuje ich dokonania. W ksi\u0105\u017cce zosta\u0142y opisane mi\u0119dzy innymi Maria Sk\u0142odowska-Curie, Maria Komornicka, Irena Sendlerowa czy Stefania Wilczy\u0144ska. Drugi tom \u2013 \u201e<strong><a href=\"https:\/\/woblink.com\/ebook\/damy-dziewuchy-dziewczyny-podroze-w-spodnicy-anna-dziewit-meller-40921\">Podr\u00f3\u017ce w sp\u00f3dnicy<\/a><\/strong>\u201d przedstawia bohaterki, kt\u00f3rych osi\u0105gni\u0119cia zwi\u0105zane s\u0105 z odkryciami geograficznymi czy podr\u00f3\u017cami.\u00a0<\/span><\/p>\n<figure id=\"attachment_1852\" aria-describedby=\"caption-attachment-1852\" style=\"width: 200px\" class=\"wp-caption aligncenter\"><a href=\"https:\/\/woblink.com\/ebook\/damy-dziewuchy-dziewczyny-anna-dziewit-meller-35000\"><img decoding=\"async\" loading=\"lazy\" class=\"wp-image-1852 size-medium\" src=\"https:\/\/i0.wp.com\/woblink.com\/blog\/wp-content\/uploads\/2020\/03\/1360742-damy-dziewuchy-dziewczyny.jpg?resize=200%2C300&#038;ssl=1\" alt=\"Damy, dziewuchy, dziewczyny\" width=\"200\" height=\"300\" srcset=\"https:\/\/i0.wp.com\/woblink.com\/blog\/wp-content\/uploads\/2020\/03\/1360742-damy-dziewuchy-dziewczyny.jpg?resize=200%2C300&amp;ssl=1 200w, https:\/\/i0.wp.com\/woblink.com\/blog\/wp-content\/uploads\/2020\/03\/1360742-damy-dziewuchy-dziewczyny.jpg?w=570&amp;ssl=1 570w\" sizes=\"(max-width: 200px) 100vw, 200px\" data-recalc-dims=\"1\" \/><\/a><figcaption id=\"caption-attachment-1852\" class=\"wp-caption-text\"><center><strong>Kup <a href=\"https:\/\/woblink.com\/ebook\/damy-dziewuchy-dziewczyny-anna-dziewit-meller-35000\">ebooka<\/a> na Woblink.com<\/strong><\/center><\/figcaption><\/figure>\n<p><span style=\"font-weight: 400;\">Promocja na ebooki <strong><span style=\"text-decoration: underline;\">Wydawnictwa Znak trwa do 26 marca<\/span><\/strong>. \u017byczymy udanych zakup\u00f3w i satysfakcjonuj\u0105cej lektury!\u00a0<\/span><\/p>\n<figure id=\"attachment_1860\" aria-describedby=\"caption-attachment-1860\" style=\"width: 1024px\" class=\"wp-caption aligncenter\"><a href=\"https:\/\/woblink.com\/wydawca\/znak\/ebooki\"><img decoding=\"async\" loading=\"lazy\" class=\"wp-image-1860 size-large\" src=\"https:\/\/i0.wp.com\/woblink.com\/blog\/wp-content\/uploads\/2020\/03\/Zrzut-ekranu-2020-03-20-o-17.50.13.png?resize=1024%2C350&#038;ssl=1\" alt=\"promocja ebooki -60% znak ca\u0142a oferta\" width=\"1024\" height=\"350\" srcset=\"https:\/\/i0.wp.com\/woblink.com\/blog\/wp-content\/uploads\/2020\/03\/Zrzut-ekranu-2020-03-20-o-17.50.13.png?resize=1024%2C350&amp;ssl=1 1024w, https:\/\/i0.wp.com\/woblink.com\/blog\/wp-content\/uploads\/2020\/03\/Zrzut-ekranu-2020-03-20-o-17.50.13.png?resize=300%2C102&amp;ssl=1 300w, https:\/\/i0.wp.com\/woblink.com\/blog\/wp-content\/uploads\/2020\/03\/Zrzut-ekranu-2020-03-20-o-17.50.13.png?resize=768%2C262&amp;ssl=1 768w, https:\/\/i0.wp.com\/woblink.com\/blog\/wp-content\/uploads\/2020\/03\/Zrzut-ekranu-2020-03-20-o-17.50.13.png?resize=600%2C205&amp;ssl=1 600w, https:\/\/i0.wp.com\/woblink.com\/blog\/wp-content\/uploads\/2020\/03\/Zrzut-ekranu-2020-03-20-o-17.50.13.png?w=1116&amp;ssl=1 1116w\" sizes=\"(max-width: 1000px) 100vw, 1000px\" data-recalc-dims=\"1\" \/><\/a><figcaption id=\"caption-attachment-1860\" class=\"wp-caption-text\"><center><strong>Zobacz <a href=\"https:\/\/woblink.com\/wydawca\/znak\/ebooki\">promocj\u0119<\/a> na Woblink.com<\/strong><\/center><\/figcaption><\/figure>\n","protected":false},"excerpt":{"rendered":"<p>Zosta\u0144 w domu i czytaj ebooki Wydawnictwa Znak. Dzisiaj na Woblink.com, wystartowa\u0142a promocja na ebooki Wydawnictwa Znak. Znalaz\u0142y si\u0119 w niej reporta\u017ce, powie\u015bci historyczne i obyczajowe, literatura pi\u0119kna, krymina\u0142y, poradniki, thrillery i wiele wi\u0119cej! Nie zapomnieli\u015bmy tak\u017ce o najm\u0142odszych czytelnikach. W naszej promocji znajdziecie du\u017co&#8230;<\/p>\n","protected":false},"author":7,"featured_media":1851,"comment_status":"closed","ping_status":"open","sticky":false,"template":"","format":"standard","meta":[],"categories":[87,78,90,80],"tags":[],"yoast_head":"<!-- This site is optimized with the Yoast SEO plugin v20.11 - https:\/\/yoast.com\/wordpress\/plugins\/seo\/ -->\n<title>Ebooki Wydawnictwa Znak do -60% taniej (promocja na ca\u0142\u0105 ofert\u0119)! - Woblink<\/title>\n<meta name=\"robots\" content=\"index, follow, max-snippet:-1, max-image-preview:large, max-video-preview:-1\" \/>\n<link rel=\"canonical\" href=\"https:\/\/woblink.com\/blog\/ebooki-wydawnictwa-znak-do-60-taniej-promocja-na-cala-oferte\/\" \/>\n<meta property=\"og:locale\" content=\"pl_PL\" \/>\n<meta property=\"og:type\" content=\"article\" \/>\n<meta property=\"og:title\" content=\"Ebooki Wydawnictwa Znak do -60% taniej (promocja na ca\u0142\u0105 ofert\u0119)! - Woblink\" \/>\n<meta property=\"og:description\" content=\"Zosta\u0144 w domu i czytaj ebooki Wydawnictwa Znak. Dzisiaj na Woblink.com, wystartowa\u0142a promocja na ebooki Wydawnictwa Znak. Znalaz\u0142y si\u0119 w niej reporta\u017ce, powie\u015bci historyczne i obyczajowe, literatura pi\u0119kna, krymina\u0142y, poradniki, thrillery i wiele wi\u0119cej! Nie zapomnieli\u015bmy tak\u017ce o najm\u0142odszych czytelnikach. W naszej promocji znajdziecie du\u017co...\" \/>\n<meta property=\"og:url\" content=\"https:\/\/woblink.com\/blog\/ebooki-wydawnictwa-znak-do-60-taniej-promocja-na-cala-oferte\/\" \/>\n<meta property=\"og:site_name\" content=\"Woblink\" \/>\n<meta property=\"article:publisher\" content=\"https:\/\/facebook.com\/woblink\" \/>\n<meta property=\"article:published_time\" content=\"2020-03-20T16:48:31+00:00\" \/>\n<meta property=\"article:modified_time\" content=\"2020-03-20T18:27:59+00:00\" \/>\n<meta property=\"og:image\" content=\"https:\/\/i0.wp.com\/woblink.com\/blog\/wp-content\/uploads\/2020\/03\/znak_promocja.png?fit=1011%2C690&ssl=1\" \/>\n\t<meta property=\"og:image:width\" content=\"1011\" \/>\n\t<meta property=\"og:image:height\" content=\"690\" \/>\n\t<meta property=\"og:image:type\" content=\"image\/png\" \/>\n<meta name=\"author\" content=\"Redakcja Woblinka\" \/>\n<meta name=\"twitter:card\" content=\"summary_large_image\" \/>\n<meta name=\"twitter:creator\" content=\"@woblink_com\" \/>\n<meta name=\"twitter:site\" content=\"@woblink_com\" \/>\n<meta name=\"twitter:label1\" content=\"Napisane przez\" \/>\n\t<meta name=\"twitter:data1\" content=\"Redakcja Woblinka\" \/>\n\t<meta name=\"twitter:label2\" content=\"Szacowany czas czytania\" \/>\n\t<meta name=\"twitter:data2\" content=\"7 minut\" \/>\n<script type=\"application\/ld+json\" class=\"yoast-schema-graph\">{\"@context\":\"https:\/\/schema.org\",\"@graph\":[{\"@type\":\"Article\",\"@id\":\"https:\/\/woblink.com\/blog\/ebooki-wydawnictwa-znak-do-60-taniej-promocja-na-cala-oferte\/#article\",\"isPartOf\":{\"@id\":\"https:\/\/woblink.com\/blog\/ebooki-wydawnictwa-znak-do-60-taniej-promocja-na-cala-oferte\/\"},\"author\":{\"name\":\"Redakcja Woblinka\",\"@id\":\"https:\/\/woblink.com\/blog\/#\/schema\/person\/8ab6b79d64fa54209272130c4c3b1e95\"},\"headline\":\"Ebooki Wydawnictwa Znak do -60% taniej (promocja na ca\u0142\u0105 ofert\u0119)!\",\"datePublished\":\"2020-03-20T16:48:31+00:00\",\"dateModified\":\"2020-03-20T18:27:59+00:00\",\"mainEntityOfPage\":{\"@id\":\"https:\/\/woblink.com\/blog\/ebooki-wydawnictwa-znak-do-60-taniej-promocja-na-cala-oferte\/\"},\"wordCount\":1334,\"publisher\":{\"@id\":\"https:\/\/woblink.com\/blog\/#organization\"},\"articleSection\":[\"Aktualno\u015bci\",\"Ksi\u0105\u017cki 2019\",\"Nowo\u015bci na Woblinku\",\"O ksi\u0105\u017ckach\"],\"inLanguage\":\"pl-PL\"},{\"@type\":\"WebPage\",\"@id\":\"https:\/\/woblink.com\/blog\/ebooki-wydawnictwa-znak-do-60-taniej-promocja-na-cala-oferte\/\",\"url\":\"https:\/\/woblink.com\/blog\/ebooki-wydawnictwa-znak-do-60-taniej-promocja-na-cala-oferte\/\",\"name\":\"Ebooki Wydawnictwa Znak do -60% taniej (promocja na ca\u0142\u0105 ofert\u0119)! - Woblink\",\"isPartOf\":{\"@id\":\"https:\/\/woblink.com\/blog\/#website\"},\"datePublished\":\"2020-03-20T16:48:31+00:00\",\"dateModified\":\"2020-03-20T18:27:59+00:00\",\"breadcrumb\":{\"@id\":\"https:\/\/woblink.com\/blog\/ebooki-wydawnictwa-znak-do-60-taniej-promocja-na-cala-oferte\/#breadcrumb\"},\"inLanguage\":\"pl-PL\",\"potentialAction\":[{\"@type\":\"ReadAction\",\"target\":[\"https:\/\/woblink.com\/blog\/ebooki-wydawnictwa-znak-do-60-taniej-promocja-na-cala-oferte\/\"]}]},{\"@type\":\"BreadcrumbList\",\"@id\":\"https:\/\/woblink.com\/blog\/ebooki-wydawnictwa-znak-do-60-taniej-promocja-na-cala-oferte\/#breadcrumb\",\"itemListElement\":[{\"@type\":\"ListItem\",\"position\":1,\"name\":\"Strona g\u0142\u00f3wna\",\"item\":\"https:\/\/woblink.com\/blog\/\"},{\"@type\":\"ListItem\",\"position\":2,\"name\":\"Ebooki Wydawnictwa Znak do -60% taniej (promocja na ca\u0142\u0105 ofert\u0119)!\"}]},{\"@type\":\"WebSite\",\"@id\":\"https:\/\/woblink.com\/blog\/#website\",\"url\":\"https:\/\/woblink.com\/blog\/\",\"name\":\"Woblink\",\"description\":\"najlepszy firmowy blog o ksi\u0105\u017ckach\",\"publisher\":{\"@id\":\"https:\/\/woblink.com\/blog\/#organization\"},\"potentialAction\":[{\"@type\":\"SearchAction\",\"target\":{\"@type\":\"EntryPoint\",\"urlTemplate\":\"https:\/\/woblink.com\/blog\/?s={search_term_string}\"},\"query-input\":\"required name=search_term_string\"}],\"inLanguage\":\"pl-PL\"},{\"@type\":\"Organization\",\"@id\":\"https:\/\/woblink.com\/blog\/#organization\",\"name\":\"Woblink\",\"url\":\"https:\/\/woblink.com\/blog\/\",\"logo\":{\"@type\":\"ImageObject\",\"inLanguage\":\"pl-PL\",\"@id\":\"https:\/\/woblink.com\/blog\/#\/schema\/logo\/image\/\",\"url\":\"https:\/\/i0.wp.com\/woblink.com\/blog\/wp-content\/uploads\/2019\/04\/nw_logoB.png?fit=185%2C42&ssl=1\",\"contentUrl\":\"https:\/\/i0.wp.com\/woblink.com\/blog\/wp-content\/uploads\/2019\/04\/nw_logoB.png?fit=185%2C42&ssl=1\",\"width\":185,\"height\":42,\"caption\":\"Woblink\"},\"image\":{\"@id\":\"https:\/\/woblink.com\/blog\/#\/schema\/logo\/image\/\"},\"sameAs\":[\"https:\/\/facebook.com\/woblink\",\"https:\/\/twitter.com\/woblink_com\",\"https:\/\/www.instagram.com\/woblink_com\",\"https:\/\/www.linkedin.com\/company\/woblink\/\"]},{\"@type\":\"Person\",\"@id\":\"https:\/\/woblink.com\/blog\/#\/schema\/person\/8ab6b79d64fa54209272130c4c3b1e95\",\"name\":\"Redakcja Woblinka\",\"image\":{\"@type\":\"ImageObject\",\"inLanguage\":\"pl-PL\",\"@id\":\"https:\/\/woblink.com\/blog\/#\/schema\/person\/image\/\",\"url\":\"https:\/\/secure.gravatar.com\/avatar\/f23ae80a7c9da060bee5f8310913478b?s=96&d=mm&r=g\",\"contentUrl\":\"https:\/\/secure.gravatar.com\/avatar\/f23ae80a7c9da060bee5f8310913478b?s=96&d=mm&r=g\",\"caption\":\"Redakcja Woblinka\"},\"url\":\"https:\/\/woblink.com\/blog\/author\/krasny\/\"}]}<\/script>\n<!-- \/ Yoast SEO plugin. -->","yoast_head_json":{"title":"Ebooki Wydawnictwa Znak do -60% taniej (promocja na ca\u0142\u0105 ofert\u0119)! - Woblink","robots":{"index":"index","follow":"follow","max-snippet":"max-snippet:-1","max-image-preview":"max-image-preview:large","max-video-preview":"max-video-preview:-1"},"canonical":"https:\/\/woblink.com\/blog\/ebooki-wydawnictwa-znak-do-60-taniej-promocja-na-cala-oferte\/","og_locale":"pl_PL","og_type":"article","og_title":"Ebooki Wydawnictwa Znak do -60% taniej (promocja na ca\u0142\u0105 ofert\u0119)! - Woblink","og_description":"Zosta\u0144 w domu i czytaj ebooki Wydawnictwa Znak. Dzisiaj na Woblink.com, wystartowa\u0142a promocja na ebooki Wydawnictwa Znak. Znalaz\u0142y si\u0119 w niej reporta\u017ce, powie\u015bci historyczne i obyczajowe, literatura pi\u0119kna, krymina\u0142y, poradniki, thrillery i wiele wi\u0119cej! Nie zapomnieli\u015bmy tak\u017ce o najm\u0142odszych czytelnikach. W naszej promocji znajdziecie du\u017co...","og_url":"https:\/\/woblink.com\/blog\/ebooki-wydawnictwa-znak-do-60-taniej-promocja-na-cala-oferte\/","og_site_name":"Woblink","article_publisher":"https:\/\/facebook.com\/woblink","article_published_time":"2020-03-20T16:48:31+00:00","article_modified_time":"2020-03-20T18:27:59+00:00","og_image":[{"width":1011,"height":690,"url":"https:\/\/i0.wp.com\/woblink.com\/blog\/wp-content\/uploads\/2020\/03\/znak_promocja.png?fit=1011%2C690&ssl=1","type":"image\/png"}],"author":"Redakcja Woblinka","twitter_card":"summary_large_image","twitter_creator":"@woblink_com","twitter_site":"@woblink_com","twitter_misc":{"Napisane przez":"Redakcja Woblinka","Szacowany czas czytania":"7 minut"},"schema":{"@context":"https:\/\/schema.org","@graph":[{"@type":"Article","@id":"https:\/\/woblink.com\/blog\/ebooki-wydawnictwa-znak-do-60-taniej-promocja-na-cala-oferte\/#article","isPartOf":{"@id":"https:\/\/woblink.com\/blog\/ebooki-wydawnictwa-znak-do-60-taniej-promocja-na-cala-oferte\/"},"author":{"name":"Redakcja Woblinka","@id":"https:\/\/woblink.com\/blog\/#\/schema\/person\/8ab6b79d64fa54209272130c4c3b1e95"},"headline":"Ebooki Wydawnictwa Znak do -60% taniej (promocja na ca\u0142\u0105 ofert\u0119)!","datePublished":"2020-03-20T16:48:31+00:00","dateModified":"2020-03-20T18:27:59+00:00","mainEntityOfPage":{"@id":"https:\/\/woblink.com\/blog\/ebooki-wydawnictwa-znak-do-60-taniej-promocja-na-cala-oferte\/"},"wordCount":1334,"publisher":{"@id":"https:\/\/woblink.com\/blog\/#organization"},"articleSection":["Aktualno\u015bci","Ksi\u0105\u017cki 2019","Nowo\u015bci na Woblinku","O ksi\u0105\u017ckach"],"inLanguage":"pl-PL"},{"@type":"WebPage","@id":"https:\/\/woblink.com\/blog\/ebooki-wydawnictwa-znak-do-60-taniej-promocja-na-cala-oferte\/","url":"https:\/\/woblink.com\/blog\/ebooki-wydawnictwa-znak-do-60-taniej-promocja-na-cala-oferte\/","name":"Ebooki Wydawnictwa Znak do -60% taniej (promocja na ca\u0142\u0105 ofert\u0119)! - Woblink","isPartOf":{"@id":"https:\/\/woblink.com\/blog\/#website"},"datePublished":"2020-03-20T16:48:31+00:00","dateModified":"2020-03-20T18:27:59+00:00","breadcrumb":{"@id":"https:\/\/woblink.com\/blog\/ebooki-wydawnictwa-znak-do-60-taniej-promocja-na-cala-oferte\/#breadcrumb"},"inLanguage":"pl-PL","potentialAction":[{"@type":"ReadAction","target":["https:\/\/woblink.com\/blog\/ebooki-wydawnictwa-znak-do-60-taniej-promocja-na-cala-oferte\/"]}]},{"@type":"BreadcrumbList","@id":"https:\/\/woblink.com\/blog\/ebooki-wydawnictwa-znak-do-60-taniej-promocja-na-cala-oferte\/#breadcrumb","itemListElement":[{"@type":"ListItem","position":1,"name":"Strona g\u0142\u00f3wna","item":"https:\/\/woblink.com\/blog\/"},{"@type":"ListItem","position":2,"name":"Ebooki Wydawnictwa Znak do -60% taniej (promocja na ca\u0142\u0105 ofert\u0119)!"}]},{"@type":"WebSite","@id":"https:\/\/woblink.com\/blog\/#website","url":"https:\/\/woblink.com\/blog\/","name":"Woblink","description":"najlepszy firmowy blog o ksi\u0105\u017ckach","publisher":{"@id":"https:\/\/woblink.com\/blog\/#organization"},"potentialAction":[{"@type":"SearchAction","target":{"@type":"EntryPoint","urlTemplate":"https:\/\/woblink.com\/blog\/?s={search_term_string}"},"query-input":"required name=search_term_string"}],"inLanguage":"pl-PL"},{"@type":"Organization","@id":"https:\/\/woblink.com\/blog\/#organization","name":"Woblink","url":"https:\/\/woblink.com\/blog\/","logo":{"@type":"ImageObject","inLanguage":"pl-PL","@id":"https:\/\/woblink.com\/blog\/#\/schema\/logo\/image\/","url":"https:\/\/i0.wp.com\/woblink.com\/blog\/wp-content\/uploads\/2019\/04\/nw_logoB.png?fit=185%2C42&ssl=1","contentUrl":"https:\/\/i0.wp.com\/woblink.com\/blog\/wp-content\/uploads\/2019\/04\/nw_logoB.png?fit=185%2C42&ssl=1","width":185,"height":42,"caption":"Woblink"},"image":{"@id":"https:\/\/woblink.com\/blog\/#\/schema\/logo\/image\/"},"sameAs":["https:\/\/facebook.com\/woblink","https:\/\/twitter.com\/woblink_com","https:\/\/www.instagram.com\/woblink_com","https:\/\/www.linkedin.com\/company\/woblink\/"]},{"@type":"Person","@id":"https:\/\/woblink.com\/blog\/#\/schema\/person\/8ab6b79d64fa54209272130c4c3b1e95","name":"Redakcja Woblinka","image":{"@type":"ImageObject","inLanguage":"pl-PL","@id":"https:\/\/woblink.com\/blog\/#\/schema\/person\/image\/","url":"https:\/\/secure.gravatar.com\/avatar\/f23ae80a7c9da060bee5f8310913478b?s=96&d=mm&r=g","contentUrl":"https:\/\/secure.gravatar.com\/avatar\/f23ae80a7c9da060bee5f8310913478b?s=96&d=mm&r=g","caption":"Redakcja Woblinka"},"url":"https:\/\/woblink.com\/blog\/author\/krasny\/"}]}},"jetpack_featured_media_url":"https:\/\/i0.wp.com\/woblink.com\/blog\/wp-content\/uploads\/2020\/03\/znak_promocja.png?fit=1011%2C690&ssl=1","_links":{"self":[{"href":"https:\/\/woblink.com\/blog\/wp-json\/wp\/v2\/posts\/1848"}],"collection":[{"href":"https:\/\/woblink.com\/blog\/wp-json\/wp\/v2\/posts"}],"about":[{"href":"https:\/\/woblink.com\/blog\/wp-json\/wp\/v2\/types\/post"}],"author":[{"embeddable":true,"href":"https:\/\/woblink.com\/blog\/wp-json\/wp\/v2\/users\/7"}],"replies":[{"embeddable":true,"href":"https:\/\/woblink.com\/blog\/wp-json\/wp\/v2\/comments?post=1848"}],"version-history":[{"count":5,"href":"https:\/\/woblink.com\/blog\/wp-json\/wp\/v2\/posts\/1848\/revisions"}],"predecessor-version":[{"id":1859,"href":"https:\/\/woblink.com\/blog\/wp-json\/wp\/v2\/posts\/1848\/revisions\/1859"}],"wp:featuredmedia":[{"embeddable":true,"href":"https:\/\/woblink.com\/blog\/wp-json\/wp\/v2\/media\/1851"}],"wp:attachment":[{"href":"https:\/\/woblink.com\/blog\/wp-json\/wp\/v2\/media?parent=1848"}],"wp:term":[{"taxonomy":"category","embeddable":true,"href":"https:\/\/woblink.com\/blog\/wp-json\/wp\/v2\/categories?post=1848"},{"taxonomy":"post_tag","embeddable":true,"href":"https:\/\/woblink.com\/blog\/wp-json\/wp\/v2\/tags?post=1848"}],"curies":[{"name":"wp","href":"https:\/\/api.w.org\/{rel}","templated":true}]}}