{"id":2383,"date":"2020-06-02T15:03:25","date_gmt":"2020-06-02T13:03:25","guid":{"rendered":"https:\/\/woblink.com\/blog\/?p=2383"},"modified":"2020-06-03T10:52:25","modified_gmt":"2020-06-03T08:52:25","slug":"bestsellery-maja-2020-ebooki","status":"publish","type":"post","link":"https:\/\/woblink.com\/blog\/bestsellery-maja-2020-ebooki\/","title":{"rendered":"Bestsellery maja 2020 \u2013 ebooki"},"content":{"rendered":"<p><strong>Marek Krajewski, Remigiusz Mr\u00f3z, Joanna Gierak-Onoszko, Stefanie Stahl, Wojciech Chmielarz \u2013 ksi\u0105\u017cki tych pisarzy i pisarek, w formie ebook\u00f3w, kupowali\u015bcie w maju najcz\u0119\u015bciej. W pierwszej dziesi\u0105tce kwietniowych bestseller\u00f3w znalaz\u0142y si\u0119 nowo\u015bci, ale wiele z tytu\u0142\u00f3w wraca do czo\u0142\u00f3wki. S\u0105 te\u017c tytu\u0142y, kt\u00f3re od bardzo dawna nie znikaj\u0105 z list najpopularniejszych ebook\u00f3w Woblinka. Tradycyjnie najwi\u0119ksz\u0105 popularno\u015bci\u0105 cieszy\u0142y si\u0119 reporta\u017ce, krymina\u0142y i powie\u015bci obyczajowe. Przedstawiamy bestsellery maja 2020.<\/strong><\/p>\n<p><!--more--><\/p>\n<figure id=\"attachment_2388\" aria-describedby=\"caption-attachment-2388\" style=\"width: 700px\" class=\"wp-caption aligncenter\"><a href=\"https:\/\/woblink.com\/katalog\/ebooki\/promocje?promocje=5088\"><img decoding=\"async\" loading=\"lazy\" class=\"wp-image-2388\" src=\"https:\/\/i0.wp.com\/woblink.com\/blog\/wp-content\/uploads\/2020\/06\/bestsellery_maja.jpg?resize=700%2C478&#038;ssl=1\" alt=\"\" width=\"700\" height=\"478\" srcset=\"https:\/\/i0.wp.com\/woblink.com\/blog\/wp-content\/uploads\/2020\/06\/bestsellery_maja.jpg?w=1011&amp;ssl=1 1011w, https:\/\/i0.wp.com\/woblink.com\/blog\/wp-content\/uploads\/2020\/06\/bestsellery_maja.jpg?resize=300%2C205&amp;ssl=1 300w, https:\/\/i0.wp.com\/woblink.com\/blog\/wp-content\/uploads\/2020\/06\/bestsellery_maja.jpg?resize=768%2C524&amp;ssl=1 768w, https:\/\/i0.wp.com\/woblink.com\/blog\/wp-content\/uploads\/2020\/06\/bestsellery_maja.jpg?resize=600%2C409&amp;ssl=1 600w\" sizes=\"(max-width: 700px) 100vw, 700px\" data-recalc-dims=\"1\" \/><\/a><figcaption id=\"caption-attachment-2388\" class=\"wp-caption-text\"><center><strong>Znajd\u017a <a href=\"https:\/\/woblink.com\/katalog\/ebooki\/promocje?promocje=5088\">promocj\u0119<\/a> na Woblink.com<\/strong><\/center><\/figcaption><\/figure>\n<h2><strong>Bestsellery kwiecie\u0144 2020 \u2013 ebooki<\/strong><\/h2>\n<h3 style=\"text-align: center;\"><strong>I miejsce: <\/strong><b>\u201ePomocnik kata\u201d \u2013 Marek Krajewski<\/b><\/h3>\n<p><span style=\"font-weight: 400;\">Na pierwszym miejscu uplasowa\u0142a si\u0119 najnowsza powie\u015b\u0107 Marka Krajewskiego pt. \u201ePomocnik kata\u201d. Jest to kolejny tom szpiegowskich przyg\u00f3d Edwarda Popielskiego. Fabu\u0142a ksia\u017cki rozgrywa si\u0119 w czerwcu 1927 roku. Trwa napi\u0119cie mi\u0119dzy ZSRR i Polsk\u0105. Na dworcu w Warszawie zastrzelony zostaje ambasador Zwi\u0105zku Radzieckiego. Do akcji wkracza Edward Popielski, funkcjonariusz tajnych s\u0142u\u017cb Rzeczpospolitej.<\/span><\/p>\n<figure id=\"attachment_2089\" aria-describedby=\"caption-attachment-2089\" style=\"width: 204px\" class=\"wp-caption aligncenter\"><a href=\"https:\/\/woblink.com\/ebook\/pomocnik-kata-marek-krajewski-186510u\"><img decoding=\"async\" loading=\"lazy\" class=\"wp-image-2089 size-medium\" src=\"https:\/\/i0.wp.com\/woblink.com\/blog\/wp-content\/uploads\/2020\/04\/Krajewski_Pomocnik-kata_front.jpg?resize=204%2C300&#038;ssl=1\" alt=\"Pomocnik kata bestsellery woblink ksi\u0105\u017cka promocja\" width=\"204\" height=\"300\" srcset=\"https:\/\/i0.wp.com\/woblink.com\/blog\/wp-content\/uploads\/2020\/04\/Krajewski_Pomocnik-kata_front.jpg?resize=204%2C300&amp;ssl=1 204w, https:\/\/i0.wp.com\/woblink.com\/blog\/wp-content\/uploads\/2020\/04\/Krajewski_Pomocnik-kata_front.jpg?resize=768%2C1129&amp;ssl=1 768w, https:\/\/i0.wp.com\/woblink.com\/blog\/wp-content\/uploads\/2020\/04\/Krajewski_Pomocnik-kata_front.jpg?resize=697%2C1024&amp;ssl=1 697w, https:\/\/i0.wp.com\/woblink.com\/blog\/wp-content\/uploads\/2020\/04\/Krajewski_Pomocnik-kata_front.jpg?resize=600%2C882&amp;ssl=1 600w, https:\/\/i0.wp.com\/woblink.com\/blog\/wp-content\/uploads\/2020\/04\/Krajewski_Pomocnik-kata_front.jpg?w=1695&amp;ssl=1 1695w\" sizes=\"(max-width: 204px) 100vw, 204px\" data-recalc-dims=\"1\" \/><\/a><figcaption id=\"caption-attachment-2089\" class=\"wp-caption-text\"><center><strong>Kup <a href=\"https:\/\/woblink.com\/ebook\/pomocnik-kata-marek-krajewski-186510u\">ebooka<\/a> na Woblink.com<\/strong><\/center><\/figcaption><\/figure>\n<h3><b>II miejsce: \u201eWyrwa\u201d \u2013 Wojciech Chmielarz<\/b><\/h3>\n<p>Na li\u015bcie bestseller\u00f3w Woblinka debiutuje \u201eWyrwa\u201c Wojciecha Chmielarza. I to od razu na podium! \u201eWyrwa\u201d to opowie\u015b\u0107 o m\u0119\u017cczyznach, kt\u00f3rzy dzielili uczucie do jednej kobiety. Obaj te\u017c musz\u0105 zmierzy\u0107 si\u0119 z tajemnic\u0105 jej \u015bmierci. To tak\u017ce historia o poczuciu straty i g\u0142uchej rozpaczy, kt\u00f3re zmieniaj\u0105 si\u0119 szukaj\u0105cy uj\u015bcia gniew. To wreszcie opowie\u015b\u0107 o spl\u0105tanych uczuciach, trudnej przyja\u017ani i o konsekwencjach \u017cyciowych b\u0142\u0119d\u00f3w. I o tym, \u017ce mo\u017cna niewiele wiedzie\u0107 o kim\u015b, z kim mieszka si\u0119 pod jednym dachem.<\/p>\n<figure id=\"attachment_2073\" aria-describedby=\"caption-attachment-2073\" style=\"width: 193px\" class=\"wp-caption aligncenter\"><a href=\"https:\/\/woblink.com\/ebook\/wyrwa-wojciech-chmielarz-186269u\"><img decoding=\"async\" loading=\"lazy\" class=\"wp-image-2073 size-medium\" src=\"https:\/\/i0.wp.com\/woblink.com\/blog\/wp-content\/uploads\/2020\/04\/5ea2bc4fddd6f.jpeg?resize=193%2C300&#038;ssl=1\" alt=\"Wyrwa Wojciech Chmielarz premiera wywiad\" width=\"193\" height=\"300\" srcset=\"https:\/\/i0.wp.com\/woblink.com\/blog\/wp-content\/uploads\/2020\/04\/5ea2bc4fddd6f.jpeg?resize=193%2C300&amp;ssl=1 193w, https:\/\/i0.wp.com\/woblink.com\/blog\/wp-content\/uploads\/2020\/04\/5ea2bc4fddd6f.jpeg?w=550&amp;ssl=1 550w\" sizes=\"(max-width: 193px) 100vw, 193px\" data-recalc-dims=\"1\" \/><\/a><figcaption id=\"caption-attachment-2073\" class=\"wp-caption-text\"><center><strong>Kup \u201eWyrw\u0119\u201d w formie <a href=\"https:\/\/woblink.com\/ebook\/wyrwa-wojciech-chmielarz-186269u\">ebooka<\/a>, <a href=\"https:\/\/woblink.com\/audiobook\/wyrwa-wojciech-chmielarz-186844\">audiobooka<\/a> lub <a href=\"https:\/\/woblink.com\/ksiazka\/wyrwa-wojciech-chmielarz-185553\">ksi\u0105\u017cki papierowej<\/a>!<\/strong><\/center><\/figcaption><\/figure>\n<h3 style=\"text-align: center;\">III miejsce: \u201eLot 202\u201d \u2013 Remigiusz Mr\u00f3z<\/h3>\n<p>\u201eLot 2020\u201d to najnowsza powie\u015b\u0107 Remigiusza Mroza, autora bestsellerowego cyklu z Joann\u0105 Chy\u0142k\u0105 w roli g\u0142\u00f3wnej.<\/p>\n<p>Nowa Huta, zwyczajna pi\u0105tkowa noc. O drugiej pi\u0119tna\u015bcie kamery miejskiego monitoringu u zbiegu dw\u00f3ch ulic rejestruj\u0105 m\u0142odego ch\u0142opaka. Co dziwne, nie ma go na nagraniach z nast\u0119pnej przecznicy. Kilka lat p\u00f3\u017aniej podkomisarz Agnieszka Oliwa znajduje cia\u0142o zaginionego ch\u0142opaka w Opolu. Wszystkie \u015blady wskazuj\u0105 na to, \u017ce pope\u0142ni\u0142 wyj\u0105tkowo osobliwe samob\u00f3jstwo.<\/p>\n<p>Tymczasem z warszawskiego Okr\u0119cia startuje samolot z premierem na pok\u0142adzie. Ten pozornie zwyczajny lot do Toronto ma potrwa\u0107 dziewi\u0119\u0107 godzin i trzydzie\u015bci pi\u0119\u0107 minut. Jednak bardzo szybko okazuje si\u0119, \u017ce najprawdopodobniej samolot nie dotrze do celu. Rozpoczyna si\u0119 wy\u015bcig z czasem. Jedyn\u0105 poszlak\u0105 w tej sprawie jest m\u0142ody ch\u0142opak, kt\u00f3ry niegdy\u015b zagin\u0105\u0142 na Nowej Hucie.<\/p>\n<figure id=\"attachment_2175\" aria-describedby=\"caption-attachment-2175\" style=\"width: 199px\" class=\"wp-caption aligncenter\"><a href=\"https:\/\/woblink.com\/ebook\/lot-202-przedsprzedaz-remigiusz-mroz-187292u\"><img decoding=\"async\" loading=\"lazy\" class=\"wp-image-2175 size-medium\" src=\"https:\/\/i0.wp.com\/woblink.com\/blog\/wp-content\/uploads\/2020\/05\/LOT_202.jpg?resize=199%2C300&#038;ssl=1\" alt=\"Lot 202\" width=\"199\" height=\"300\" srcset=\"https:\/\/i0.wp.com\/woblink.com\/blog\/wp-content\/uploads\/2020\/05\/LOT_202.jpg?resize=199%2C300&amp;ssl=1 199w, https:\/\/i0.wp.com\/woblink.com\/blog\/wp-content\/uploads\/2020\/05\/LOT_202.jpg?resize=768%2C1160&amp;ssl=1 768w, https:\/\/i0.wp.com\/woblink.com\/blog\/wp-content\/uploads\/2020\/05\/LOT_202.jpg?resize=678%2C1024&amp;ssl=1 678w, https:\/\/i0.wp.com\/woblink.com\/blog\/wp-content\/uploads\/2020\/05\/LOT_202.jpg?resize=600%2C906&amp;ssl=1 600w, https:\/\/i0.wp.com\/woblink.com\/blog\/wp-content\/uploads\/2020\/05\/LOT_202.jpg?w=1600&amp;ssl=1 1600w\" sizes=\"(max-width: 199px) 100vw, 199px\" data-recalc-dims=\"1\" \/><\/a><figcaption id=\"caption-attachment-2175\" class=\"wp-caption-text\"><center><strong>Kup <a href=\"https:\/\/woblink.com\/ebook\/lot-202-przedsprzedaz-remigiusz-mroz-187292u\">ebooka <\/a>na Woblink.com<\/strong><span style=\"font-family: -apple-system, BlinkMacSystemFont, 'Segoe UI', Roboto, Oxygen-Sans, Ubuntu, Cantarell, 'Helvetica Neue', sans-serif; font-size: 16px;\">\u00a0<\/span><\/center><\/figcaption><\/figure>\n<h3 style=\"text-align: center;\"><strong>IV miejsce: \u201eEkstradycja\u201d \u2013 Remigiusz Mr\u00f3z<br \/>\n<\/strong><\/h3>\n<p>Czwarte miejsce na li\u015bcie najcz\u0119\u015bciej kupowanych ebook\u00f3w zaj\u0119\u0142a \u201eEkstradycja\u201d, jedenasty tom bestsellerowego cyku Remigiusza Mroza. Od ucieczki Joanny Chy\u0142ki min\u0119\u0142o kilka miesi\u0119cy. Wszelki \u015blad po niej zagin\u0105\u0142. Nikt nie jest w stanie odnale\u017a\u0107 jakiegokolwiek tropu &#8211; nawet pomimo tego, \u017ce za Chy\u0142k\u0105 wystawiono Europejski Nakaz Aresztowania. Ju\u017c nawet Kordian przestaje wierzy\u0107, \u017ce kobieta znajdzie spos\u00f3b, aby si\u0119 z nim skontaktowa\u0107. Tymczasem Ory\u0144ski musi zmierzy\u0107 si\u0119 ze spraw\u0105 m\u0119\u017cczyzny, kt\u00f3ry wybudzi\u0142 si\u0119 w\u0142a\u015bnie ze \u015bpi\u0105czki. Jest oskar\u017cony o zastrzelenie trzech os\u00f3b w jednej z restauracji na Powi\u015blu. M\u0119\u017cczyzna nie pami\u0119ta prawie niczego, co sta\u0142o si\u0119 zanim zapad\u0142 w trwaj\u0105c\u0105 ponad rok \u015bpi\u0105czk\u0119. Pami\u0119ta tylko jedno &#8211; ma dla Ory\u0144skiego wiadomo\u015b\u0107 od Chy\u0142ki.<\/p>\n<figure id=\"attachment_2138\" aria-describedby=\"caption-attachment-2138\" style=\"width: 198px\" class=\"wp-caption aligncenter\"><a href=\"https:\/\/woblink.com\/ebook\/ekstradycja-remigiusz-mroz-183494u\"><img decoding=\"async\" loading=\"lazy\" class=\"wp-image-2138 size-medium\" src=\"https:\/\/i0.wp.com\/woblink.com\/blog\/wp-content\/uploads\/2020\/05\/5e819b9ec0870.jpeg?resize=198%2C300&#038;ssl=1\" alt=\"Bestsellery kwiecie\u0144\" width=\"198\" height=\"300\" srcset=\"https:\/\/i0.wp.com\/woblink.com\/blog\/wp-content\/uploads\/2020\/05\/5e819b9ec0870.jpeg?resize=198%2C300&amp;ssl=1 198w, https:\/\/i0.wp.com\/woblink.com\/blog\/wp-content\/uploads\/2020\/05\/5e819b9ec0870.jpeg?w=565&amp;ssl=1 565w\" sizes=\"(max-width: 198px) 100vw, 198px\" data-recalc-dims=\"1\" \/><\/a><figcaption id=\"caption-attachment-2138\" class=\"wp-caption-text\"><center><strong>Kup <a href=\"https:\/\/woblink.com\/ebook\/ekstradycja-remigiusz-mroz-183494u\">ebooka<\/a> lub <a href=\"https:\/\/woblink.com\/ksiazka\/ekstradycja-remigiusz-mroz-184279\">ksi\u0105\u017ck\u0119 <\/a>na Woblink.com<\/strong><\/center><\/figcaption><\/figure>\n<h3 style=\"text-align: center;\"><strong>V miejsce \u201e27 \u015bmierci Toby&#8217;ego Obeda\u201d \u2013 Joanna Gierak-Onoszko<br \/>\n<\/strong><\/h3>\n<p>Na pi\u0105tym miejscu majowych bestseller\u00f3w znalaz\u0142 si\u0119 ksi\u0105\u017cka \u201e27 \u015bmierci Toby&#8217;ego Obeda\u201d Joanny Gierak-Onoszko.\u00a0 G\u0142\u00f3wnym &#8222;bohaterem&#8221; jest tutaj Kanada. Autorka ukazuje mroczn\u0105 stron\u0119 kraju, kt\u00f3rzy powszechnie kojarzony jest z kultur\u0105 i tolerancj\u0105. Tymczasem prawda o Kanadzie jest du\u017co bardziej z\u0142o\u017cona. Reporta\u017c otrzyma\u0142 Nagrod\u0119 Publiczno\u015bci Nagrody im. Ryszarda Kapu\u015bci\u0144skiego.<\/p>\n<figure id=\"attachment_2144\" aria-describedby=\"caption-attachment-2144\" style=\"width: 199px\" class=\"wp-caption aligncenter\"><a href=\"https:\/\/woblink.com\/ebook\/27-smierci-toby-ego-obeda-joanna-gierak-onoszko-175300u\"><img decoding=\"async\" loading=\"lazy\" class=\"wp-image-2144 size-medium\" src=\"https:\/\/i0.wp.com\/woblink.com\/blog\/wp-content\/uploads\/2020\/05\/5e816d6e9fdd8.png?resize=199%2C300&#038;ssl=1\" alt=\"\" width=\"199\" height=\"300\" srcset=\"https:\/\/i0.wp.com\/woblink.com\/blog\/wp-content\/uploads\/2020\/05\/5e816d6e9fdd8.png?resize=199%2C300&amp;ssl=1 199w, https:\/\/i0.wp.com\/woblink.com\/blog\/wp-content\/uploads\/2020\/05\/5e816d6e9fdd8.png?w=567&amp;ssl=1 567w\" sizes=\"(max-width: 199px) 100vw, 199px\" data-recalc-dims=\"1\" \/><\/a><figcaption id=\"caption-attachment-2144\" class=\"wp-caption-text\"><center><strong>Kup <a href=\"https:\/\/woblink.com\/ebook\/27-smierci-toby-ego-obeda-joanna-gierak-onoszko-175300u\">ebooka <\/a>na Woblink.com<\/strong><\/center><\/figcaption><\/figure>\n<h3 style=\"text-align: center;\"><strong>VI miejsce: \u201eKochaj najlepiej jak potrafisz\u201d \u2013 Stefanie Stahl<\/strong><\/h3>\n<p><span style=\"font-weight: 400;\">Sz\u00f3ste miejsce na li\u015bcie najcz\u0119\u015bciej kupowanych ebook\u00f3w w maju zaj\u0105\u0142 poradnik \u201eKochaj najlepiej, jak potrafisz\u201d. Jego autork\u0105 jest niemiecka terapeutka i psycholo\u017cka, kt\u00f3ra prowadzi seminaria dotycz\u0105ce mi\u0142o\u015bci oraz l\u0119ku przed zwi\u0105zkami. W \u201eKochaj najlepiej, jak potrafisz\u201d pisze m.in. o relacjach mi\u0119dzyludzkich i o tym, \u017ce w ka\u017cdym znajduje si\u0119 potencja\u0142, do stworzenia udanego zwi\u0105zku. Stefanie Stahl pokazuje r\u00f3wnie\u017c, jak du\u017ce znaczenie w naszym \u017cyciu odgrywa kszta\u0142towanie wra\u017cliwo\u015bci i emocjonalno\u015bci w dzieci\u0144stwie.<\/span><\/p>\n<figure id=\"attachment_1768\" aria-describedby=\"caption-attachment-1768\" style=\"width: 200px\" class=\"wp-caption aligncenter\"><a href=\"https:\/\/woblink.com\/ebook\/kochaj-najlepiej-jak-potrafisz-stefanie-stahl-50593\"><img decoding=\"async\" loading=\"lazy\" class=\"wp-image-1768 size-medium\" src=\"https:\/\/i0.wp.com\/woblink.com\/blog\/wp-content\/uploads\/2020\/03\/2298335-kochaj-najlepiej-jak-potrafisz.jpg?resize=200%2C300&#038;ssl=1\" alt=\"Bestsellery luty 2020\" width=\"200\" height=\"300\" srcset=\"https:\/\/i0.wp.com\/woblink.com\/blog\/wp-content\/uploads\/2020\/03\/2298335-kochaj-najlepiej-jak-potrafisz.jpg?resize=200%2C300&amp;ssl=1 200w, https:\/\/i0.wp.com\/woblink.com\/blog\/wp-content\/uploads\/2020\/03\/2298335-kochaj-najlepiej-jak-potrafisz.jpg?w=570&amp;ssl=1 570w\" sizes=\"(max-width: 200px) 100vw, 200px\" data-recalc-dims=\"1\" \/><\/a><figcaption id=\"caption-attachment-1768\" class=\"wp-caption-text\"><center><strong>Kup <a href=\"https:\/\/woblink.com\/ebook\/kochaj-najlepiej-jak-potrafisz-stefanie-stahl-50593\">ebooka<\/a> lub <a href=\"https:\/\/woblink.com\/ksiazka\/kochaj-najlepiej-jak-potrafisz-o-sztuce-bycia-razem-stefanie-stahl-178103\">ksi\u0105\u017ck\u0119 <\/a>na Woblink.com<\/strong><\/center><\/figcaption><\/figure>\n<p>&nbsp;<\/p>\n<h3><b>VII miejsce: \u201eG\u0142osy z za\u015bwiat\u00f3w\u201d \u2013 Remigiusz Mr\u00f3z<\/b><\/h3>\n<p><span style=\"font-weight: 400;\">Do czo\u0142\u00f3wki wraca kontynuacja \u201eList\u00f3w zza grobu\u201d Remigiusza Mroza \u2013 \u201eG\u0142osy z za\u015bwiat\u00f3w\u201d. Seweryn Zaorski zaczyna uk\u0142ada\u0107 swoje \u017cycie na nowo. Niestety do zak\u0142adu patomorfologii w \u017beromicach zaczynaj\u0105 trafia\u0107 zw\u0142oki dzieci z ca\u0142ej okolicy. Nikt nie mo\u017ce ustali\u0107, co jest przyczyn\u0105 tajemniczych zgon\u00f3w, gdy\u017c nic nie wskazuje na to, \u017ce dzieci zosta\u0142y zamordowane. Jak zatem zgin\u0119\u0142y?\u00a0<\/span><\/p>\n<figure id=\"attachment_1769\" aria-describedby=\"caption-attachment-1769\" style=\"width: 200px\" class=\"wp-caption aligncenter\"><a href=\"https:\/\/woblink.com\/ebook\/glosy-z-zaswiatow-remigiusz-mroz-50659\"><img decoding=\"async\" loading=\"lazy\" class=\"wp-image-1769 size-medium\" src=\"https:\/\/i0.wp.com\/woblink.com\/blog\/wp-content\/uploads\/2020\/03\/2303047-glosy-z-zaswiatow.jpg?resize=200%2C300&#038;ssl=1\" alt=\"\" width=\"200\" height=\"300\" srcset=\"https:\/\/i0.wp.com\/woblink.com\/blog\/wp-content\/uploads\/2020\/03\/2303047-glosy-z-zaswiatow.jpg?resize=200%2C300&amp;ssl=1 200w, https:\/\/i0.wp.com\/woblink.com\/blog\/wp-content\/uploads\/2020\/03\/2303047-glosy-z-zaswiatow.jpg?w=570&amp;ssl=1 570w\" sizes=\"(max-width: 200px) 100vw, 200px\" data-recalc-dims=\"1\" \/><\/a><figcaption id=\"caption-attachment-1769\" class=\"wp-caption-text\"><center><strong>Kup <a href=\"https:\/\/woblink.com\/ebook\/glosy-z-zaswiatow-remigiusz-mroz-50659\">ebooka<\/a> lub <a href=\"https:\/\/woblink.com\/audiobook\/glosy-z-zaswiatow-remigiusz-mroz-177955\">audiobooka <\/a>na Woblink.com<\/strong><\/center><\/figcaption><\/figure>\n<div class=\"mceTemp\"><\/div>\n<p>&nbsp;<\/p>\n<h3><b>VII miejsce: \u201eSzczelina\u201d \u2013 Jozef Karika<\/b><\/h3>\n<p><span style=\"font-weight: 400;\">\u201eSzczelina\u201d od wielu miesi\u0119cy znajduje si\u0119 w\u015br\u00f3d najch\u0119tniej kupowanych ebook\u00f3w na Woblinku. Wci\u0105gaj\u0105ca fabu\u0142a, w tle zagadka Trybecza \u2013 pasma g\u00f3rskiego na S\u0142owacji. O tym miejscu od dziesi\u0119cioleci kr\u0105\u017c\u0105 legendy. Podobno znikaj\u0105 tak ludzie, a w okolicy dochodzi do zjawisk paranormalnych. Po analizie setek artyku\u0142\u00f3w na ten temat Jozef Karika postanowi\u0142 napisa\u0107 powie\u015b\u0107, w kt\u00f3rej lawiruje na granicy snu i jawy, prawdy i fikcji literackiej. Tym razem \u201eSzczelina\u201d znalaz\u0142a si\u0119 na si\u00f3dmym miejscu.<\/span><\/p>\n<figure id=\"attachment_368\" aria-describedby=\"caption-attachment-368\" style=\"width: 200px\" class=\"wp-caption aligncenter\"><a href=\"https:\/\/woblink.com\/ksiazka\/szczelina-karika-jozef-139483\"><img decoding=\"async\" loading=\"lazy\" class=\"wp-image-368 size-medium\" src=\"https:\/\/i0.wp.com\/woblink.com\/blog\/wp-content\/uploads\/2019\/04\/1663231-szczelina.jpg?resize=200%2C300&#038;ssl=1\" alt=\"Szczelina\" width=\"200\" height=\"300\" srcset=\"https:\/\/i0.wp.com\/woblink.com\/blog\/wp-content\/uploads\/2019\/04\/1663231-szczelina.jpg?resize=200%2C300&amp;ssl=1 200w, https:\/\/i0.wp.com\/woblink.com\/blog\/wp-content\/uploads\/2019\/04\/1663231-szczelina.jpg?w=570&amp;ssl=1 570w\" sizes=\"(max-width: 200px) 100vw, 200px\" data-recalc-dims=\"1\" \/><\/a><figcaption id=\"caption-attachment-368\" class=\"wp-caption-text\"><center><strong>Kup <a href=\"https:\/\/woblink.com\/ebook\/szczelina-jozef-karika-joanna-betlej-40943\">ebooka<\/a> lub <a href=\"https:\/\/woblink.com\/ksiazka\/szczelina-karika-jozef-139483\">ksi\u0105\u017ck\u0119 <\/a>na Woblink.com<\/strong><\/center><\/figcaption><\/figure>\n<p>&nbsp;<\/p>\n<h3><b>XIX miejsce: \u201eZadra\u201d \u2013 Robert Ma\u0142ecki<\/b><\/h3>\n<p><span style=\"font-weight: 400;\">Na XIX miejscu ebookowych bestseller\u00f3w znalaz\u0142a si\u0119 \u201eZadra\u201d \u2013 najnowszy krymina\u0142 Roberta Ma\u0142eckiego, laureata Nagrody Wielkiego Kalibru. Powie\u015b\u0107 jest trzeci\u0105 cz\u0119\u015bci\u0105 cyklu z komisarzem Bernardem Grossem w roli g\u0142\u00f3wnej. Tym razem policjant spraw\u0119 ko\u015bci odnalezionych niedaleko Grodna. Nowe tropy prowadz\u0105 go do sprawy tajemniczego zagini\u0119cia student\u00f3w sprzed lat. Prawda do jakiej dobrze Gross oka\u017ce si\u0119 zatrwa\u017caj\u0105ca. \u201eZadra\u201d jest mroczn\u0105 opowie\u015bci\u0105 o \u015bmierci i o niszcz\u0105cej sile mi\u0142o\u015bci.\u00a0<\/span><\/p>\n<figure id=\"attachment_1774\" aria-describedby=\"caption-attachment-1774\" style=\"width: 200px\" class=\"wp-caption aligncenter\"><a href=\"&lt;center&gt;&lt;strong&gt;Kup &lt;a href=&quot;https:\/\/woblink.com\/ebook\/zadra-robert-malecki-50455&quot;&gt;ebooka&lt;\/a&gt; lub &lt;a href=&quot;https:\/\/woblink.com\/audiobook\/zadra-robert-malecki-177503&quot;&gt;audiobooka &lt;\/a&gt;na Woblink.com&lt;\/strong&gt;&lt;\/center&gt;\"><img decoding=\"async\" loading=\"lazy\" class=\"wp-image-1774 size-medium\" src=\"https:\/\/i0.wp.com\/woblink.com\/blog\/wp-content\/uploads\/2020\/03\/2294130-zadra.jpg?resize=200%2C300&#038;ssl=1\" alt=\"Bestsellery luty 2020\" width=\"200\" height=\"300\" srcset=\"https:\/\/i0.wp.com\/woblink.com\/blog\/wp-content\/uploads\/2020\/03\/2294130-zadra.jpg?resize=200%2C300&amp;ssl=1 200w, https:\/\/i0.wp.com\/woblink.com\/blog\/wp-content\/uploads\/2020\/03\/2294130-zadra.jpg?w=570&amp;ssl=1 570w\" sizes=\"(max-width: 200px) 100vw, 200px\" data-recalc-dims=\"1\" \/><\/a><figcaption id=\"caption-attachment-1774\" class=\"wp-caption-text\"><center><strong>Kup <a href=\"https:\/\/woblink.com\/ebook\/zadra-robert-malecki-50455\">ebooka<\/a> lub <a href=\"https:\/\/woblink.com\/audiobook\/zadra-robert-malecki-177503\">audiobooka <\/a>na Woblink.com<\/strong><\/center><\/figcaption><\/figure>\n<h3 style=\"text-align: center;\"><b>X miejsce: \u201eZimowla\u201d \u2013 Dominika S\u0142owik<\/b><\/h3>\n<p><span style=\"font-weight: 400;\">Do pierwszej dziesi\u0105tki wraca \u201eZimowla\u201d. W po\u0142owie stycznia Dominika S\u0142owik dosta\u0142a za ni\u0105 Paszport Polityki w kategorii literatura. Akcja powie\u015bci rozgrywa si\u0119 w Cukr\u00f3wce \u2013 ma\u0142ym miasteczku po\u0142o\u017conym w Dolinie Zmornickiej, w kt\u00f3rym \u017cycie p\u0142ynie bardzo powoli. Pewnego dnia zaczynaj\u0105 si\u0119 w nim dzia\u0107 dziwne rzeczy. Szar\u0105 codzienno\u015b\u0107 przerywaj\u0105 nietypowe zachowania jej mieszka\u0144c\u00f3w i tajemnicze zdarzenia, jak chocia\u017cby mimowolne dzwonienie ko\u015bcielnych dzwon\u00f3w.\u00a0<\/span><\/p>\n<p><span style=\"font-weight: 400;\">Warto przypomnie\u0107, \u017ce \u201eZimowl\u0119\u201d w formie ebooka kupicie tylko w ksi\u0119garni internetowej Woblink.com.<\/span><\/p>\n<figure id=\"attachment_1507\" aria-describedby=\"caption-attachment-1507\" style=\"width: 200px\" class=\"wp-caption aligncenter\"><a href=\"https:\/\/woblink.com\/ebook\/zimowla-dominika-slowik-46523\"><img decoding=\"async\" loading=\"lazy\" class=\"wp-image-1507 size-medium\" src=\"https:\/\/i0.wp.com\/woblink.com\/blog\/wp-content\/uploads\/2020\/01\/1994903-zimowla.jpg?resize=200%2C300&#038;ssl=1\" alt=\"bestsellery zimowla stycze\u0144 paszport polityki s\u0142owik\" width=\"200\" height=\"300\" srcset=\"https:\/\/i0.wp.com\/woblink.com\/blog\/wp-content\/uploads\/2020\/01\/1994903-zimowla.jpg?resize=200%2C300&amp;ssl=1 200w, https:\/\/i0.wp.com\/woblink.com\/blog\/wp-content\/uploads\/2020\/01\/1994903-zimowla.jpg?w=570&amp;ssl=1 570w\" sizes=\"(max-width: 200px) 100vw, 200px\" data-recalc-dims=\"1\" \/><\/a><figcaption id=\"caption-attachment-1507\" class=\"wp-caption-text\"><center><strong>Kup <a href=\"https:\/\/woblink.com\/ebook\/zimowla-dominika-slowik-46523\">ebooka<\/a> lub <a href=\"https:\/\/woblink.com\/ksiazka\/zimowla-dominika-slowik-162221\">ksi\u0105\u017ck\u0119<\/a> na Woblink.com<\/strong><\/center><\/figcaption><\/figure>\n<p>&nbsp;<\/p>\n<h2><strong>Bestsellery kwiecie\u0144 2020 \u2013 druga dziesi\u0105tka<\/strong><\/h2>\n<h3><strong>XI miejsce: \u201e<a href=\"https:\/\/woblink.com\/ebook\/odkryj-swoje-wewnetrzne-dziecko-stefanie-stahl-171619u\">Odkryj swoje wewn\u0119trzne dziecki<\/a>\u201d \u2013 Stefanie Stahl<\/strong><\/h3>\n<h3><strong>XII miejsce: \u201e<a href=\"https:\/\/woblink.com\/ebook\/wyloguj-swoj-mozg-anders-hansen-177265u\">Wyloguj sw\u00f3j m\u00f3zg<\/a>\u201d \u2013 Anders Hansen<\/strong><\/h3>\n<h3>XIII miejsce: \u201e<strong><a href=\"https:\/\/woblink.com\/ebook\/podroz-cilki-anna-pol-heather-morris-kaja-gucio-olech-michal-177189u\">Podr\u00f3\u017c Cilki<\/a><\/strong>\u201c \u2013 Heather Morris<\/h3>\n<h3><strong>XIV miejsce: <\/strong><strong>\u201e<\/strong><a href=\"https:\/\/woblink.com\/ebook\/zaufasz-mi-diana-brzezinska-177196u\">Zaufasz mi<\/a><strong>\u201d \u2013 Diana Brzezi\u0144ska<\/strong><\/h3>\n<h3><strong>XV miejsce <\/strong><strong>\u201e<\/strong><a href=\"https:\/\/woblink.com\/ebook\/ciemnosc-jozef-karika-178319u\">Ciemno\u015b\u0107<\/a><strong>\u201d \u2013 Jozef Karika\u00a0<\/strong><\/h3>\n<h3><strong>XVI miejsce: <\/strong><strong>\u201e<\/strong><a href=\"https:\/\/woblink.com\/ebook\/dzentelmen-w-moskwie-amor-towles-31861u\">D\u017centelmen w Moskwie<\/a><strong>\u201d \u2013 Amor Towels <\/strong><\/h3>\n<h3>XVII miejsce: \u201e<strong><a href=\"https:\/\/woblink.com\/ebook\/szadz-karolina-macios-igor-brejdygant-mariusz-banachowicz-32233u\">Szad\u017a<\/a><\/strong>\u201d \u2013 Igor Brejdygant<\/h3>\n<h3>XVIII miejsce: \u201e<a href=\"https:\/\/woblink.com\/ebook\/jak-czytac-ludzi-radzi-agent-fbi-robin-dreeke-cameron-stauth-184018u\">Jak czyta\u0107 ludzi \u2013 radzi agent FBI<\/a>\u201d \u2013 Robin Dreeke, Cameron Stauth<\/h3>\n<h3><strong>XIX miejsce: \u201e<\/strong><a href=\"https:\/\/woblink.com\/ebook\/jesli-zatesknie-anna-ficner-ogonowska-182147u\">Je\u015bli zat\u0119skni\u0119<\/a><strong>\u201d \u2013 Anna Ficner Ogonowska<\/strong><\/h3>\n<h3><strong>XX miejsce: \u201e<\/strong><a href=\"https:\/\/woblink.com\/ebook\/365-dni-blanka-lipinska-177957u\">365 dni<\/a><strong>\u201d \u2013 Blanka Lipi\u0144ska<\/strong><\/h3>\n<p>Wszystkie ebooki z powy\u017cszej listy znajdziecie u nas w promocyjnych cenach! <strong><a href=\"https:\/\/woblink.com\/katalog\/ebooki\/promocje?promocje=4997\">Promocja<\/a><\/strong> potrwa do 14 maja.<\/p>\n<p>&nbsp;<\/p>\n","protected":false},"excerpt":{"rendered":"<p>Marek Krajewski, Remigiusz Mr\u00f3z, Joanna Gierak-Onoszko, Stefanie Stahl, Wojciech Chmielarz \u2013 ksi\u0105\u017cki tych pisarzy i pisarek, w formie ebook\u00f3w, kupowali\u015bcie w maju najcz\u0119\u015bciej. W pierwszej dziesi\u0105tce kwietniowych bestseller\u00f3w znalaz\u0142y si\u0119 nowo\u015bci, ale wiele z tytu\u0142\u00f3w wraca do czo\u0142\u00f3wki. S\u0105 te\u017c tytu\u0142y, kt\u00f3re od bardzo dawna&#8230;<\/p>\n","protected":false},"author":7,"featured_media":2388,"comment_status":"closed","ping_status":"open","sticky":false,"template":"","format":"standard","meta":[],"categories":[87,80],"tags":[],"yoast_head":"<!-- This site is optimized with the Yoast SEO plugin v20.11 - https:\/\/yoast.com\/wordpress\/plugins\/seo\/ -->\n<title>Bestsellery maja 2020 \u2013 ebooki - Woblink<\/title>\n<meta name=\"description\" content=\"Bestsellery maja 2020: Krajewski, Mr\u00f3z, Gierak-Onoszko, Stahl, Chmielarz \u2013 ksi\u0105\u017cki tych autor\u00f3w, w formie ebook\u00f3w, kupowali\u015bcie w maju najcz\u0119\u015bciej.\" \/>\n<meta name=\"robots\" content=\"index, follow, max-snippet:-1, max-image-preview:large, max-video-preview:-1\" \/>\n<link rel=\"canonical\" href=\"https:\/\/woblink.com\/blog\/bestsellery-maja-2020-ebooki\/\" \/>\n<meta property=\"og:locale\" content=\"pl_PL\" \/>\n<meta property=\"og:type\" content=\"article\" \/>\n<meta property=\"og:title\" content=\"Bestsellery maja 2020 \u2013 ebooki - Woblink\" \/>\n<meta property=\"og:description\" content=\"Bestsellery maja 2020: Krajewski, Mr\u00f3z, Gierak-Onoszko, Stahl, Chmielarz \u2013 ksi\u0105\u017cki tych autor\u00f3w, w formie ebook\u00f3w, kupowali\u015bcie w maju najcz\u0119\u015bciej.\" \/>\n<meta property=\"og:url\" content=\"https:\/\/woblink.com\/blog\/bestsellery-maja-2020-ebooki\/\" \/>\n<meta property=\"og:site_name\" content=\"Woblink\" \/>\n<meta property=\"article:publisher\" content=\"https:\/\/facebook.com\/woblink\" \/>\n<meta property=\"article:published_time\" content=\"2020-06-02T13:03:25+00:00\" \/>\n<meta property=\"article:modified_time\" content=\"2020-06-03T08:52:25+00:00\" \/>\n<meta property=\"og:image\" content=\"https:\/\/i0.wp.com\/woblink.com\/blog\/wp-content\/uploads\/2020\/06\/bestsellery_maja.jpg?fit=1011%2C690&ssl=1\" \/>\n\t<meta property=\"og:image:width\" content=\"1011\" \/>\n\t<meta property=\"og:image:height\" content=\"690\" \/>\n\t<meta property=\"og:image:type\" content=\"image\/jpeg\" \/>\n<meta name=\"author\" content=\"Redakcja Woblinka\" \/>\n<meta name=\"twitter:card\" content=\"summary_large_image\" \/>\n<meta name=\"twitter:creator\" content=\"@woblink_com\" \/>\n<meta name=\"twitter:site\" content=\"@woblink_com\" \/>\n<meta name=\"twitter:label1\" content=\"Napisane przez\" \/>\n\t<meta name=\"twitter:data1\" content=\"Redakcja Woblinka\" \/>\n\t<meta name=\"twitter:label2\" content=\"Szacowany czas czytania\" \/>\n\t<meta name=\"twitter:data2\" content=\"7 minut\" \/>\n<script type=\"application\/ld+json\" class=\"yoast-schema-graph\">{\"@context\":\"https:\/\/schema.org\",\"@graph\":[{\"@type\":\"Article\",\"@id\":\"https:\/\/woblink.com\/blog\/bestsellery-maja-2020-ebooki\/#article\",\"isPartOf\":{\"@id\":\"https:\/\/woblink.com\/blog\/bestsellery-maja-2020-ebooki\/\"},\"author\":{\"name\":\"Redakcja Woblinka\",\"@id\":\"https:\/\/woblink.com\/blog\/#\/schema\/person\/8ab6b79d64fa54209272130c4c3b1e95\"},\"headline\":\"Bestsellery maja 2020 \u2013 ebooki\",\"datePublished\":\"2020-06-02T13:03:25+00:00\",\"dateModified\":\"2020-06-03T08:52:25+00:00\",\"mainEntityOfPage\":{\"@id\":\"https:\/\/woblink.com\/blog\/bestsellery-maja-2020-ebooki\/\"},\"wordCount\":1321,\"publisher\":{\"@id\":\"https:\/\/woblink.com\/blog\/#organization\"},\"articleSection\":[\"Aktualno\u015bci\",\"O ksi\u0105\u017ckach\"],\"inLanguage\":\"pl-PL\"},{\"@type\":\"WebPage\",\"@id\":\"https:\/\/woblink.com\/blog\/bestsellery-maja-2020-ebooki\/\",\"url\":\"https:\/\/woblink.com\/blog\/bestsellery-maja-2020-ebooki\/\",\"name\":\"Bestsellery maja 2020 \u2013 ebooki - Woblink\",\"isPartOf\":{\"@id\":\"https:\/\/woblink.com\/blog\/#website\"},\"datePublished\":\"2020-06-02T13:03:25+00:00\",\"dateModified\":\"2020-06-03T08:52:25+00:00\",\"description\":\"Bestsellery maja 2020: Krajewski, Mr\u00f3z, Gierak-Onoszko, Stahl, Chmielarz \u2013 ksi\u0105\u017cki tych autor\u00f3w, w formie ebook\u00f3w, kupowali\u015bcie w maju najcz\u0119\u015bciej.\",\"breadcrumb\":{\"@id\":\"https:\/\/woblink.com\/blog\/bestsellery-maja-2020-ebooki\/#breadcrumb\"},\"inLanguage\":\"pl-PL\",\"potentialAction\":[{\"@type\":\"ReadAction\",\"target\":[\"https:\/\/woblink.com\/blog\/bestsellery-maja-2020-ebooki\/\"]}]},{\"@type\":\"BreadcrumbList\",\"@id\":\"https:\/\/woblink.com\/blog\/bestsellery-maja-2020-ebooki\/#breadcrumb\",\"itemListElement\":[{\"@type\":\"ListItem\",\"position\":1,\"name\":\"Strona g\u0142\u00f3wna\",\"item\":\"https:\/\/woblink.com\/blog\/\"},{\"@type\":\"ListItem\",\"position\":2,\"name\":\"Bestsellery maja 2020 \u2013 ebooki\"}]},{\"@type\":\"WebSite\",\"@id\":\"https:\/\/woblink.com\/blog\/#website\",\"url\":\"https:\/\/woblink.com\/blog\/\",\"name\":\"Woblink\",\"description\":\"najlepszy firmowy blog o ksi\u0105\u017ckach\",\"publisher\":{\"@id\":\"https:\/\/woblink.com\/blog\/#organization\"},\"potentialAction\":[{\"@type\":\"SearchAction\",\"target\":{\"@type\":\"EntryPoint\",\"urlTemplate\":\"https:\/\/woblink.com\/blog\/?s={search_term_string}\"},\"query-input\":\"required name=search_term_string\"}],\"inLanguage\":\"pl-PL\"},{\"@type\":\"Organization\",\"@id\":\"https:\/\/woblink.com\/blog\/#organization\",\"name\":\"Woblink\",\"url\":\"https:\/\/woblink.com\/blog\/\",\"logo\":{\"@type\":\"ImageObject\",\"inLanguage\":\"pl-PL\",\"@id\":\"https:\/\/woblink.com\/blog\/#\/schema\/logo\/image\/\",\"url\":\"https:\/\/i0.wp.com\/woblink.com\/blog\/wp-content\/uploads\/2019\/04\/nw_logoB.png?fit=185%2C42&ssl=1\",\"contentUrl\":\"https:\/\/i0.wp.com\/woblink.com\/blog\/wp-content\/uploads\/2019\/04\/nw_logoB.png?fit=185%2C42&ssl=1\",\"width\":185,\"height\":42,\"caption\":\"Woblink\"},\"image\":{\"@id\":\"https:\/\/woblink.com\/blog\/#\/schema\/logo\/image\/\"},\"sameAs\":[\"https:\/\/facebook.com\/woblink\",\"https:\/\/twitter.com\/woblink_com\",\"https:\/\/www.instagram.com\/woblink_com\",\"https:\/\/www.linkedin.com\/company\/woblink\/\"]},{\"@type\":\"Person\",\"@id\":\"https:\/\/woblink.com\/blog\/#\/schema\/person\/8ab6b79d64fa54209272130c4c3b1e95\",\"name\":\"Redakcja Woblinka\",\"image\":{\"@type\":\"ImageObject\",\"inLanguage\":\"pl-PL\",\"@id\":\"https:\/\/woblink.com\/blog\/#\/schema\/person\/image\/\",\"url\":\"https:\/\/secure.gravatar.com\/avatar\/f23ae80a7c9da060bee5f8310913478b?s=96&d=mm&r=g\",\"contentUrl\":\"https:\/\/secure.gravatar.com\/avatar\/f23ae80a7c9da060bee5f8310913478b?s=96&d=mm&r=g\",\"caption\":\"Redakcja Woblinka\"},\"url\":\"https:\/\/woblink.com\/blog\/author\/krasny\/\"}]}<\/script>\n<!-- \/ Yoast SEO plugin. -->","yoast_head_json":{"title":"Bestsellery maja 2020 \u2013 ebooki - Woblink","description":"Bestsellery maja 2020: Krajewski, Mr\u00f3z, Gierak-Onoszko, Stahl, Chmielarz \u2013 ksi\u0105\u017cki tych autor\u00f3w, w formie ebook\u00f3w, kupowali\u015bcie w maju najcz\u0119\u015bciej.","robots":{"index":"index","follow":"follow","max-snippet":"max-snippet:-1","max-image-preview":"max-image-preview:large","max-video-preview":"max-video-preview:-1"},"canonical":"https:\/\/woblink.com\/blog\/bestsellery-maja-2020-ebooki\/","og_locale":"pl_PL","og_type":"article","og_title":"Bestsellery maja 2020 \u2013 ebooki - Woblink","og_description":"Bestsellery maja 2020: Krajewski, Mr\u00f3z, Gierak-Onoszko, Stahl, Chmielarz \u2013 ksi\u0105\u017cki tych autor\u00f3w, w formie ebook\u00f3w, kupowali\u015bcie w maju najcz\u0119\u015bciej.","og_url":"https:\/\/woblink.com\/blog\/bestsellery-maja-2020-ebooki\/","og_site_name":"Woblink","article_publisher":"https:\/\/facebook.com\/woblink","article_published_time":"2020-06-02T13:03:25+00:00","article_modified_time":"2020-06-03T08:52:25+00:00","og_image":[{"width":1011,"height":690,"url":"https:\/\/i0.wp.com\/woblink.com\/blog\/wp-content\/uploads\/2020\/06\/bestsellery_maja.jpg?fit=1011%2C690&ssl=1","type":"image\/jpeg"}],"author":"Redakcja Woblinka","twitter_card":"summary_large_image","twitter_creator":"@woblink_com","twitter_site":"@woblink_com","twitter_misc":{"Napisane przez":"Redakcja Woblinka","Szacowany czas czytania":"7 minut"},"schema":{"@context":"https:\/\/schema.org","@graph":[{"@type":"Article","@id":"https:\/\/woblink.com\/blog\/bestsellery-maja-2020-ebooki\/#article","isPartOf":{"@id":"https:\/\/woblink.com\/blog\/bestsellery-maja-2020-ebooki\/"},"author":{"name":"Redakcja Woblinka","@id":"https:\/\/woblink.com\/blog\/#\/schema\/person\/8ab6b79d64fa54209272130c4c3b1e95"},"headline":"Bestsellery maja 2020 \u2013 ebooki","datePublished":"2020-06-02T13:03:25+00:00","dateModified":"2020-06-03T08:52:25+00:00","mainEntityOfPage":{"@id":"https:\/\/woblink.com\/blog\/bestsellery-maja-2020-ebooki\/"},"wordCount":1321,"publisher":{"@id":"https:\/\/woblink.com\/blog\/#organization"},"articleSection":["Aktualno\u015bci","O ksi\u0105\u017ckach"],"inLanguage":"pl-PL"},{"@type":"WebPage","@id":"https:\/\/woblink.com\/blog\/bestsellery-maja-2020-ebooki\/","url":"https:\/\/woblink.com\/blog\/bestsellery-maja-2020-ebooki\/","name":"Bestsellery maja 2020 \u2013 ebooki - Woblink","isPartOf":{"@id":"https:\/\/woblink.com\/blog\/#website"},"datePublished":"2020-06-02T13:03:25+00:00","dateModified":"2020-06-03T08:52:25+00:00","description":"Bestsellery maja 2020: Krajewski, Mr\u00f3z, Gierak-Onoszko, Stahl, Chmielarz \u2013 ksi\u0105\u017cki tych autor\u00f3w, w formie ebook\u00f3w, kupowali\u015bcie w maju najcz\u0119\u015bciej.","breadcrumb":{"@id":"https:\/\/woblink.com\/blog\/bestsellery-maja-2020-ebooki\/#breadcrumb"},"inLanguage":"pl-PL","potentialAction":[{"@type":"ReadAction","target":["https:\/\/woblink.com\/blog\/bestsellery-maja-2020-ebooki\/"]}]},{"@type":"BreadcrumbList","@id":"https:\/\/woblink.com\/blog\/bestsellery-maja-2020-ebooki\/#breadcrumb","itemListElement":[{"@type":"ListItem","position":1,"name":"Strona g\u0142\u00f3wna","item":"https:\/\/woblink.com\/blog\/"},{"@type":"ListItem","position":2,"name":"Bestsellery maja 2020 \u2013 ebooki"}]},{"@type":"WebSite","@id":"https:\/\/woblink.com\/blog\/#website","url":"https:\/\/woblink.com\/blog\/","name":"Woblink","description":"najlepszy firmowy blog o ksi\u0105\u017ckach","publisher":{"@id":"https:\/\/woblink.com\/blog\/#organization"},"potentialAction":[{"@type":"SearchAction","target":{"@type":"EntryPoint","urlTemplate":"https:\/\/woblink.com\/blog\/?s={search_term_string}"},"query-input":"required name=search_term_string"}],"inLanguage":"pl-PL"},{"@type":"Organization","@id":"https:\/\/woblink.com\/blog\/#organization","name":"Woblink","url":"https:\/\/woblink.com\/blog\/","logo":{"@type":"ImageObject","inLanguage":"pl-PL","@id":"https:\/\/woblink.com\/blog\/#\/schema\/logo\/image\/","url":"https:\/\/i0.wp.com\/woblink.com\/blog\/wp-content\/uploads\/2019\/04\/nw_logoB.png?fit=185%2C42&ssl=1","contentUrl":"https:\/\/i0.wp.com\/woblink.com\/blog\/wp-content\/uploads\/2019\/04\/nw_logoB.png?fit=185%2C42&ssl=1","width":185,"height":42,"caption":"Woblink"},"image":{"@id":"https:\/\/woblink.com\/blog\/#\/schema\/logo\/image\/"},"sameAs":["https:\/\/facebook.com\/woblink","https:\/\/twitter.com\/woblink_com","https:\/\/www.instagram.com\/woblink_com","https:\/\/www.linkedin.com\/company\/woblink\/"]},{"@type":"Person","@id":"https:\/\/woblink.com\/blog\/#\/schema\/person\/8ab6b79d64fa54209272130c4c3b1e95","name":"Redakcja Woblinka","image":{"@type":"ImageObject","inLanguage":"pl-PL","@id":"https:\/\/woblink.com\/blog\/#\/schema\/person\/image\/","url":"https:\/\/secure.gravatar.com\/avatar\/f23ae80a7c9da060bee5f8310913478b?s=96&d=mm&r=g","contentUrl":"https:\/\/secure.gravatar.com\/avatar\/f23ae80a7c9da060bee5f8310913478b?s=96&d=mm&r=g","caption":"Redakcja Woblinka"},"url":"https:\/\/woblink.com\/blog\/author\/krasny\/"}]}},"jetpack_featured_media_url":"https:\/\/i0.wp.com\/woblink.com\/blog\/wp-content\/uploads\/2020\/06\/bestsellery_maja.jpg?fit=1011%2C690&ssl=1","_links":{"self":[{"href":"https:\/\/woblink.com\/blog\/wp-json\/wp\/v2\/posts\/2383"}],"collection":[{"href":"https:\/\/woblink.com\/blog\/wp-json\/wp\/v2\/posts"}],"about":[{"href":"https:\/\/woblink.com\/blog\/wp-json\/wp\/v2\/types\/post"}],"author":[{"embeddable":true,"href":"https:\/\/woblink.com\/blog\/wp-json\/wp\/v2\/users\/7"}],"replies":[{"embeddable":true,"href":"https:\/\/woblink.com\/blog\/wp-json\/wp\/v2\/comments?post=2383"}],"version-history":[{"count":6,"href":"https:\/\/woblink.com\/blog\/wp-json\/wp\/v2\/posts\/2383\/revisions"}],"predecessor-version":[{"id":2434,"href":"https:\/\/woblink.com\/blog\/wp-json\/wp\/v2\/posts\/2383\/revisions\/2434"}],"wp:featuredmedia":[{"embeddable":true,"href":"https:\/\/woblink.com\/blog\/wp-json\/wp\/v2\/media\/2388"}],"wp:attachment":[{"href":"https:\/\/woblink.com\/blog\/wp-json\/wp\/v2\/media?parent=2383"}],"wp:term":[{"taxonomy":"category","embeddable":true,"href":"https:\/\/woblink.com\/blog\/wp-json\/wp\/v2\/categories?post=2383"},{"taxonomy":"post_tag","embeddable":true,"href":"https:\/\/woblink.com\/blog\/wp-json\/wp\/v2\/tags?post=2383"}],"curies":[{"name":"wp","href":"https:\/\/api.w.org\/{rel}","templated":true}]}}