{"id":2568,"date":"2020-06-30T11:10:38","date_gmt":"2020-06-30T09:10:38","guid":{"rendered":"https:\/\/woblink.com\/blog\/?p=2568"},"modified":"2020-06-30T13:53:40","modified_gmt":"2020-06-30T11:53:40","slug":"nagroda-angelus-2020-znamy-nominacje","status":"publish","type":"post","link":"https:\/\/woblink.com\/blog\/nagroda-angelus-2020-znamy-nominacje\/","title":{"rendered":"Nagroda Angelus 2020 \u2013 znamy nominacje"},"content":{"rendered":"<p><strong>Poznali\u015bmy d\u0142ug\u0105 list\u0119 ksi\u0105\u017cek nominowanych do tegorocznej edycji Literackiej Nagrody Europy \u015arodkowej ANGELUS! Spo\u015br\u00f3d 131 zg\u0142oszonych ksi\u0105\u017cek, jury wybra\u0142o 14 tytu\u0142\u00f3w. Laureata b\u0105d\u017a laureatk\u0119 poznamy 17 pa\u017adziernika, podczas wsp\u00f3lnej gali Angelusa i Wroc\u0142awskiej Nagrody Poetyckiej Silesius. Na zwyci\u0119zc\u0119 czeka statuetka oraz czek w wysoko\u015bci 150 tys. z\u0142.<\/strong><\/p>\n<p><!--more--><\/p>\n<h3><img decoding=\"async\" loading=\"lazy\" class=\"aligncenter wp-image-2570 size-full\" src=\"https:\/\/i0.wp.com\/woblink.com\/blog\/wp-content\/uploads\/2020\/06\/angelus.jpg?resize=960%2C720&#038;ssl=1\" alt=\"\" width=\"960\" height=\"720\" srcset=\"https:\/\/i0.wp.com\/woblink.com\/blog\/wp-content\/uploads\/2020\/06\/angelus.jpg?w=960&amp;ssl=1 960w, https:\/\/i0.wp.com\/woblink.com\/blog\/wp-content\/uploads\/2020\/06\/angelus.jpg?resize=300%2C225&amp;ssl=1 300w, https:\/\/i0.wp.com\/woblink.com\/blog\/wp-content\/uploads\/2020\/06\/angelus.jpg?resize=768%2C576&amp;ssl=1 768w, https:\/\/i0.wp.com\/woblink.com\/blog\/wp-content\/uploads\/2020\/06\/angelus.jpg?resize=600%2C450&amp;ssl=1 600w\" sizes=\"(max-width: 960px) 100vw, 960px\" data-recalc-dims=\"1\" \/><\/h3>\n<h3>Nagroda Literacka Europy \u015arodkowej Angelus 2020 &#8211; d\u0142uga lista nominowanych:<\/h3>\n<p>1.<span class=\"text_exposed_show\">\u00a0Magdalena Grochowska, &#8222;W czasach szale\u0144stwa&#8221;,\u00a0<a href=\"https:\/\/www.facebook.com\/WYDAWNICTWOAGORA\/?__xts__%5B0%5D=68.ARBtgtpHqQsGhfLRMpIPq_SvX2fHURA7YPIUBrVbi6OaNJ4_hrPTjAPTDv1QUqoedMG9wEs-Wz8VXZEWX0PT9HkYb2kL6aIAEiU5XO34CNACyiN30sjbX7eBaYCYwc_eGVWmL0RV7zi6Wa8HyrTijN0xxERZDFG5xwOCX6AL7Ijlb5BxW-G84f-gQJowrbX7nzeQIAQHVvEW70Hxo5VBWdzsFJ9dEWhBk3G0UFNYJYi0k4Fd3eJdNxHCA3FOmPGUYOtp1VepuAPdbx17QxEa8TDxkIhOHYecuqObBqI1OF22KqpILFOY5NacMfXnqggaKz__X-Ie_AS5HRTFfG2KjQGiaMqfFdeB92sUFxFrIhUPE1N86ur1C2s&amp;__xts__%5B1%5D=68.ARCjP76CuUH6nS-NAJMozcoEQme98z4DfjieYq_wDYHdfRX_redhcdVkXEG72hFV6mD0G33LP59As4Y4oWAtsk9w6CIvEIUgJRrsJhVgq9--ZmoFFg93WekhyCpjskv9Ily3jNtbZLW0EaqTfre9FEhXbLyNNcUFKfZHDy6VLJKMNxx3B-G23p9233dkgxYtK6SNgs6-5RDTBHomHzf1TyBGX78itNv_KsXNvhDyPk_vhDwlxSWIbwzVSLsqK9zhPP9xUeSYw4RksBnK0uj366ozB7wSkV8rbXtB6RnP7igd2ej_zxgMEtgx3hB5wPrNeQq415SsPz-pL9ogvg9yodzkRSMC3gJI4eybYJCuOiPB-F2_SdU-_l3fTq_AkEZY2a3c&amp;__tn__=K%2AF&amp;eid=ARCkLBBCN8BuhQWt8uD12hSabkpGPJlM1ygpAzE5iu2wiuk5Yp43BWQ9libs43OEAcw6XKt3t_xS--Ls\" data-hovercard=\"\/ajax\/hovercard\/page.php?id=336438736394843&amp;extragetparams=%7B%22__tn__%22%3A%22%2CdK%2AF-R%22%2C%22eid%22%3A%22ARCkLBBCN8BuhQWt8uD12hSabkpGPJlM1ygpAzE5iu2wiuk5Yp43BWQ9libs43OEAcw6XKt3t_xS--Ls%22%2C%22directed_target_id%22%3Anull%2C%22groups_location%22%3Anull%7D\" data-hovercard-prefer-more-content-show=\"1\">Wydawnictwo AGORA<\/a>\u00a0(Polska)<br \/>\n2. Kapka Kassabova, &#8222;<strong><a href=\"https:\/\/woblink.com\/ebook\/granica-na-krawedzi-europy-maciej-kositorny-kapka-kassabova-139872u\">Granica. Na kraw\u0119dzi Europy<\/a><\/strong>&#8222;, t\u0142um. Maciej Kositorny,\u00a0<a href=\"https:\/\/www.facebook.com\/WydawnictwoCzarne\/?__xts__%5B0%5D=68.ARBtgtpHqQsGhfLRMpIPq_SvX2fHURA7YPIUBrVbi6OaNJ4_hrPTjAPTDv1QUqoedMG9wEs-Wz8VXZEWX0PT9HkYb2kL6aIAEiU5XO34CNACyiN30sjbX7eBaYCYwc_eGVWmL0RV7zi6Wa8HyrTijN0xxERZDFG5xwOCX6AL7Ijlb5BxW-G84f-gQJowrbX7nzeQIAQHVvEW70Hxo5VBWdzsFJ9dEWhBk3G0UFNYJYi0k4Fd3eJdNxHCA3FOmPGUYOtp1VepuAPdbx17QxEa8TDxkIhOHYecuqObBqI1OF22KqpILFOY5NacMfXnqggaKz__X-Ie_AS5HRTFfG2KjQGiaMqfFdeB92sUFxFrIhUPE1N86ur1C2s&amp;__xts__%5B1%5D=68.ARCjP76CuUH6nS-NAJMozcoEQme98z4DfjieYq_wDYHdfRX_redhcdVkXEG72hFV6mD0G33LP59As4Y4oWAtsk9w6CIvEIUgJRrsJhVgq9--ZmoFFg93WekhyCpjskv9Ily3jNtbZLW0EaqTfre9FEhXbLyNNcUFKfZHDy6VLJKMNxx3B-G23p9233dkgxYtK6SNgs6-5RDTBHomHzf1TyBGX78itNv_KsXNvhDyPk_vhDwlxSWIbwzVSLsqK9zhPP9xUeSYw4RksBnK0uj366ozB7wSkV8rbXtB6RnP7igd2ej_zxgMEtgx3hB5wPrNeQq415SsPz-pL9ogvg9yodzkRSMC3gJI4eybYJCuOiPB-F2_SdU-_l3fTq_AkEZY2a3c&amp;__tn__=K%2AF&amp;eid=ARDw9fOgu_lG6WcwYsAw4IY-w-SyRhqqqyTlZ7zsNzXS074eiG8O32WkUbU7EJK85I8g4zK-0r23B4bo\" data-hovercard=\"\/ajax\/hovercard\/page.php?id=46605451482&amp;extragetparams=%7B%22__tn__%22%3A%22%2CdK%2AF-R%22%2C%22eid%22%3A%22ARDw9fOgu_lG6WcwYsAw4IY-w-SyRhqqqyTlZ7zsNzXS074eiG8O32WkUbU7EJK85I8g4zK-0r23B4bo%22%2C%22directed_target_id%22%3Anull%2C%22groups_location%22%3Anull%7D\" data-hovercard-prefer-more-content-show=\"1\">Wydawnictwo Czarne<\/a>\u00a0(Bu\u0142garia)<br \/>\n3. Siergiej Lebiediew, &#8222;Dzieci Kronosa&#8221;, t\u0142um. Grzegorz Szymczak, Wydawnictwo\u00a0<a id=\"js_qyt\" href=\"https:\/\/www.facebook.com\/WydawnictwoClaroscuro\/?__xts__%5B0%5D=68.ARBtgtpHqQsGhfLRMpIPq_SvX2fHURA7YPIUBrVbi6OaNJ4_hrPTjAPTDv1QUqoedMG9wEs-Wz8VXZEWX0PT9HkYb2kL6aIAEiU5XO34CNACyiN30sjbX7eBaYCYwc_eGVWmL0RV7zi6Wa8HyrTijN0xxERZDFG5xwOCX6AL7Ijlb5BxW-G84f-gQJowrbX7nzeQIAQHVvEW70Hxo5VBWdzsFJ9dEWhBk3G0UFNYJYi0k4Fd3eJdNxHCA3FOmPGUYOtp1VepuAPdbx17QxEa8TDxkIhOHYecuqObBqI1OF22KqpILFOY5NacMfXnqggaKz__X-Ie_AS5HRTFfG2KjQGiaMqfFdeB92sUFxFrIhUPE1N86ur1C2s&amp;__xts__%5B1%5D=68.ARCjP76CuUH6nS-NAJMozcoEQme98z4DfjieYq_wDYHdfRX_redhcdVkXEG72hFV6mD0G33LP59As4Y4oWAtsk9w6CIvEIUgJRrsJhVgq9--ZmoFFg93WekhyCpjskv9Ily3jNtbZLW0EaqTfre9FEhXbLyNNcUFKfZHDy6VLJKMNxx3B-G23p9233dkgxYtK6SNgs6-5RDTBHomHzf1TyBGX78itNv_KsXNvhDyPk_vhDwlxSWIbwzVSLsqK9zhPP9xUeSYw4RksBnK0uj366ozB7wSkV8rbXtB6RnP7igd2ej_zxgMEtgx3hB5wPrNeQq415SsPz-pL9ogvg9yodzkRSMC3gJI4eybYJCuOiPB-F2_SdU-_l3fTq_AkEZY2a3c&amp;__tn__=K%2AF&amp;eid=ARCpGWRlTIiep8BpOyLlQVU4HCPju2t8jloHWeST3hca5R5dVOfbHqPQ-5US6STPsv7jj7bt9K13vlJY\" data-hovercard=\"\/ajax\/hovercard\/page.php?id=116663088347798&amp;extragetparams=%7B%22__tn__%22%3A%22%2CdK%2AF-R%22%2C%22eid%22%3A%22ARCpGWRlTIiep8BpOyLlQVU4HCPju2t8jloHWeST3hca5R5dVOfbHqPQ-5US6STPsv7jj7bt9K13vlJY%22%2C%22directed_target_id%22%3Anull%2C%22groups_location%22%3Anull%7D\" data-hovercard-prefer-more-content-show=\"1\" aria-describedby=\"u_tj_1\" aria-owns=\"\">Claroscuro Publishing House<\/a>\u00a0(Rosja)<br \/>\n4. Miko\u0142aj \u0141ozi\u0144ski, &#8222;<strong><a href=\"https:\/\/woblink.com\/ebook\/stramer-mikolaj-lozi-nski-163082u\">Stramer<\/a><\/strong>&#8222;,\u00a0<a href=\"https:\/\/www.facebook.com\/wydawnictwoliterackie\/?__xts__%5B0%5D=68.ARBtgtpHqQsGhfLRMpIPq_SvX2fHURA7YPIUBrVbi6OaNJ4_hrPTjAPTDv1QUqoedMG9wEs-Wz8VXZEWX0PT9HkYb2kL6aIAEiU5XO34CNACyiN30sjbX7eBaYCYwc_eGVWmL0RV7zi6Wa8HyrTijN0xxERZDFG5xwOCX6AL7Ijlb5BxW-G84f-gQJowrbX7nzeQIAQHVvEW70Hxo5VBWdzsFJ9dEWhBk3G0UFNYJYi0k4Fd3eJdNxHCA3FOmPGUYOtp1VepuAPdbx17QxEa8TDxkIhOHYecuqObBqI1OF22KqpILFOY5NacMfXnqggaKz__X-Ie_AS5HRTFfG2KjQGiaMqfFdeB92sUFxFrIhUPE1N86ur1C2s&amp;__xts__%5B1%5D=68.ARCjP76CuUH6nS-NAJMozcoEQme98z4DfjieYq_wDYHdfRX_redhcdVkXEG72hFV6mD0G33LP59As4Y4oWAtsk9w6CIvEIUgJRrsJhVgq9--ZmoFFg93WekhyCpjskv9Ily3jNtbZLW0EaqTfre9FEhXbLyNNcUFKfZHDy6VLJKMNxx3B-G23p9233dkgxYtK6SNgs6-5RDTBHomHzf1TyBGX78itNv_KsXNvhDyPk_vhDwlxSWIbwzVSLsqK9zhPP9xUeSYw4RksBnK0uj366ozB7wSkV8rbXtB6RnP7igd2ej_zxgMEtgx3hB5wPrNeQq415SsPz-pL9ogvg9yodzkRSMC3gJI4eybYJCuOiPB-F2_SdU-_l3fTq_AkEZY2a3c&amp;__tn__=K%2AF&amp;eid=ARD_yr2SsfD8B5FFgypDsOmnEHkayKcZuVlxL8gVvIB0OPDYOz0czxAkg3Ep3Ye9wULCilMu3jmSEco1\" data-hovercard=\"\/ajax\/hovercard\/page.php?id=112113475531209&amp;extragetparams=%7B%22__tn__%22%3A%22%2CdK%2AF-R%22%2C%22eid%22%3A%22ARD_yr2SsfD8B5FFgypDsOmnEHkayKcZuVlxL8gVvIB0OPDYOz0czxAkg3Ep3Ye9wULCilMu3jmSEco1%22%2C%22directed_target_id%22%3Anull%2C%22groups_location%22%3Anull%7D\" data-hovercard-prefer-more-content-show=\"1\">Wydawnictwo Literackie<\/a>\u00a0(Polska)<br \/>\n5. Tania Malarczuk, &#8222;Zapomnienie&#8221;, t\u0142um. Marcin Gaczkowski,\u00a0<a href=\"https:\/\/www.facebook.com\/warstwy\/?__xts__%5B0%5D=68.ARBtgtpHqQsGhfLRMpIPq_SvX2fHURA7YPIUBrVbi6OaNJ4_hrPTjAPTDv1QUqoedMG9wEs-Wz8VXZEWX0PT9HkYb2kL6aIAEiU5XO34CNACyiN30sjbX7eBaYCYwc_eGVWmL0RV7zi6Wa8HyrTijN0xxERZDFG5xwOCX6AL7Ijlb5BxW-G84f-gQJowrbX7nzeQIAQHVvEW70Hxo5VBWdzsFJ9dEWhBk3G0UFNYJYi0k4Fd3eJdNxHCA3FOmPGUYOtp1VepuAPdbx17QxEa8TDxkIhOHYecuqObBqI1OF22KqpILFOY5NacMfXnqggaKz__X-Ie_AS5HRTFfG2KjQGiaMqfFdeB92sUFxFrIhUPE1N86ur1C2s&amp;__xts__%5B1%5D=68.ARCjP76CuUH6nS-NAJMozcoEQme98z4DfjieYq_wDYHdfRX_redhcdVkXEG72hFV6mD0G33LP59As4Y4oWAtsk9w6CIvEIUgJRrsJhVgq9--ZmoFFg93WekhyCpjskv9Ily3jNtbZLW0EaqTfre9FEhXbLyNNcUFKfZHDy6VLJKMNxx3B-G23p9233dkgxYtK6SNgs6-5RDTBHomHzf1TyBGX78itNv_KsXNvhDyPk_vhDwlxSWIbwzVSLsqK9zhPP9xUeSYw4RksBnK0uj366ozB7wSkV8rbXtB6RnP7igd2ej_zxgMEtgx3hB5wPrNeQq415SsPz-pL9ogvg9yodzkRSMC3gJI4eybYJCuOiPB-F2_SdU-_l3fTq_AkEZY2a3c&amp;__tn__=K%2AF&amp;eid=ARATuf0yCZHrdlE_a3pvwnDpdYf5eqJ_WHu4AtiN2U8oxIdbZC1sYZG8cQ1SdCMV1e0HT8LR7VcfnS02\" data-hovercard=\"\/ajax\/hovercard\/page.php?id=1405228546394582&amp;extragetparams=%7B%22__tn__%22%3A%22%2CdK%2AF-R%22%2C%22eid%22%3A%22ARATuf0yCZHrdlE_a3pvwnDpdYf5eqJ_WHu4AtiN2U8oxIdbZC1sYZG8cQ1SdCMV1e0HT8LR7VcfnS02%22%2C%22directed_target_id%22%3Anull%2C%22groups_location%22%3Anull%7D\" data-hovercard-prefer-more-content-show=\"1\">Wydawnictwo Warstwy<\/a>\u00a0(Ukraina)<br \/>\n6. Alena Morn\u0161tajnov\u00e1, &#8222;Hana&#8221;, t\u0142um. Tomasz Grabi\u0144ski,\u00a0<a href=\"https:\/\/www.facebook.com\/Wydawnictwo-Amaltea-1486854684913388\/?__xts__%5B0%5D=68.ARBtgtpHqQsGhfLRMpIPq_SvX2fHURA7YPIUBrVbi6OaNJ4_hrPTjAPTDv1QUqoedMG9wEs-Wz8VXZEWX0PT9HkYb2kL6aIAEiU5XO34CNACyiN30sjbX7eBaYCYwc_eGVWmL0RV7zi6Wa8HyrTijN0xxERZDFG5xwOCX6AL7Ijlb5BxW-G84f-gQJowrbX7nzeQIAQHVvEW70Hxo5VBWdzsFJ9dEWhBk3G0UFNYJYi0k4Fd3eJdNxHCA3FOmPGUYOtp1VepuAPdbx17QxEa8TDxkIhOHYecuqObBqI1OF22KqpILFOY5NacMfXnqggaKz__X-Ie_AS5HRTFfG2KjQGiaMqfFdeB92sUFxFrIhUPE1N86ur1C2s&amp;__xts__%5B1%5D=68.ARCjP76CuUH6nS-NAJMozcoEQme98z4DfjieYq_wDYHdfRX_redhcdVkXEG72hFV6mD0G33LP59As4Y4oWAtsk9w6CIvEIUgJRrsJhVgq9--ZmoFFg93WekhyCpjskv9Ily3jNtbZLW0EaqTfre9FEhXbLyNNcUFKfZHDy6VLJKMNxx3B-G23p9233dkgxYtK6SNgs6-5RDTBHomHzf1TyBGX78itNv_KsXNvhDyPk_vhDwlxSWIbwzVSLsqK9zhPP9xUeSYw4RksBnK0uj366ozB7wSkV8rbXtB6RnP7igd2ej_zxgMEtgx3hB5wPrNeQq415SsPz-pL9ogvg9yodzkRSMC3gJI4eybYJCuOiPB-F2_SdU-_l3fTq_AkEZY2a3c&amp;__tn__=K%2AF&amp;eid=ARBHm5uqhcRr728Cow8QkQStxggQKdExfkVUPhVzNpRfc-W5byZHhkK-fwF8JBiN-VOEICLroqVavtsA\" data-hovercard=\"\/ajax\/hovercard\/page.php?id=1486854684913388&amp;extragetparams=%7B%22__tn__%22%3A%22%2CdK%2AF-R%22%2C%22eid%22%3A%22ARBHm5uqhcRr728Cow8QkQStxggQKdExfkVUPhVzNpRfc-W5byZHhkK-fwF8JBiN-VOEICLroqVavtsA%22%2C%22directed_target_id%22%3Anull%2C%22groups_location%22%3Anull%7D\" data-hovercard-prefer-more-content-show=\"1\">Wydawnictwo Amaltea<\/a>\u00a0(Czechy)<br \/>\n7. Izabela Morska, &#8222;<strong><a href=\"https:\/\/woblink.com\/ebook\/znikanie-izabela-morska-161986u\">Znikanie<\/a><\/strong>&#8222;,\u00a0<a href=\"https:\/\/www.facebook.com\/krecimnieczytanie\/?__xts__%5B0%5D=68.ARBtgtpHqQsGhfLRMpIPq_SvX2fHURA7YPIUBrVbi6OaNJ4_hrPTjAPTDv1QUqoedMG9wEs-Wz8VXZEWX0PT9HkYb2kL6aIAEiU5XO34CNACyiN30sjbX7eBaYCYwc_eGVWmL0RV7zi6Wa8HyrTijN0xxERZDFG5xwOCX6AL7Ijlb5BxW-G84f-gQJowrbX7nzeQIAQHVvEW70Hxo5VBWdzsFJ9dEWhBk3G0UFNYJYi0k4Fd3eJdNxHCA3FOmPGUYOtp1VepuAPdbx17QxEa8TDxkIhOHYecuqObBqI1OF22KqpILFOY5NacMfXnqggaKz__X-Ie_AS5HRTFfG2KjQGiaMqfFdeB92sUFxFrIhUPE1N86ur1C2s&amp;__xts__%5B1%5D=68.ARCjP76CuUH6nS-NAJMozcoEQme98z4DfjieYq_wDYHdfRX_redhcdVkXEG72hFV6mD0G33LP59As4Y4oWAtsk9w6CIvEIUgJRrsJhVgq9--ZmoFFg93WekhyCpjskv9Ily3jNtbZLW0EaqTfre9FEhXbLyNNcUFKfZHDy6VLJKMNxx3B-G23p9233dkgxYtK6SNgs6-5RDTBHomHzf1TyBGX78itNv_KsXNvhDyPk_vhDwlxSWIbwzVSLsqK9zhPP9xUeSYw4RksBnK0uj366ozB7wSkV8rbXtB6RnP7igd2ej_zxgMEtgx3hB5wPrNeQq415SsPz-pL9ogvg9yodzkRSMC3gJI4eybYJCuOiPB-F2_SdU-_l3fTq_AkEZY2a3c&amp;__tn__=K%2AF&amp;eid=ARAVz6U-G32E4mUfG2zklpl39BlsuIWrq9wkCwlEWmXlqO5TlAmc-eTgCUeClNiA7-hn4HHH1rqHpOyd\" data-hovercard=\"\/ajax\/hovercard\/page.php?id=106444682767181&amp;extragetparams=%7B%22__tn__%22%3A%22%2CdK%2AF-R%22%2C%22eid%22%3A%22ARAVz6U-G32E4mUfG2zklpl39BlsuIWrq9wkCwlEWmXlqO5TlAmc-eTgCUeClNiA7-hn4HHH1rqHpOyd%22%2C%22directed_target_id%22%3Anull%2C%22groups_location%22%3Anull%7D\" data-hovercard-prefer-more-content-show=\"1\">Znak literanova<\/a>\u00a0(Polska)<br \/>\n8. P\u00e9ter N\u00e1das, &#8222;Biblia i inne historie&#8221;, t\u0142um. El\u017cbieta Sobolewska,\u00a0<a href=\"https:\/\/www.facebook.com\/BLiterackie\/?__xts__%5B0%5D=68.ARBtgtpHqQsGhfLRMpIPq_SvX2fHURA7YPIUBrVbi6OaNJ4_hrPTjAPTDv1QUqoedMG9wEs-Wz8VXZEWX0PT9HkYb2kL6aIAEiU5XO34CNACyiN30sjbX7eBaYCYwc_eGVWmL0RV7zi6Wa8HyrTijN0xxERZDFG5xwOCX6AL7Ijlb5BxW-G84f-gQJowrbX7nzeQIAQHVvEW70Hxo5VBWdzsFJ9dEWhBk3G0UFNYJYi0k4Fd3eJdNxHCA3FOmPGUYOtp1VepuAPdbx17QxEa8TDxkIhOHYecuqObBqI1OF22KqpILFOY5NacMfXnqggaKz__X-Ie_AS5HRTFfG2KjQGiaMqfFdeB92sUFxFrIhUPE1N86ur1C2s&amp;__xts__%5B1%5D=68.ARCjP76CuUH6nS-NAJMozcoEQme98z4DfjieYq_wDYHdfRX_redhcdVkXEG72hFV6mD0G33LP59As4Y4oWAtsk9w6CIvEIUgJRrsJhVgq9--ZmoFFg93WekhyCpjskv9Ily3jNtbZLW0EaqTfre9FEhXbLyNNcUFKfZHDy6VLJKMNxx3B-G23p9233dkgxYtK6SNgs6-5RDTBHomHzf1TyBGX78itNv_KsXNvhDyPk_vhDwlxSWIbwzVSLsqK9zhPP9xUeSYw4RksBnK0uj366ozB7wSkV8rbXtB6RnP7igd2ej_zxgMEtgx3hB5wPrNeQq415SsPz-pL9ogvg9yodzkRSMC3gJI4eybYJCuOiPB-F2_SdU-_l3fTq_AkEZY2a3c&amp;__tn__=K%2AF&amp;eid=ARAyarywBR6fAhHu1_Sqta4KH1lmVQXWVkztB-svttIzEwDX0phXC2YHYxm_84blDBHhKjv67h9bKK43\" data-hovercard=\"\/ajax\/hovercard\/page.php?id=1399028857028256&amp;extragetparams=%7B%22__tn__%22%3A%22%2CdK%2AF-R%22%2C%22eid%22%3A%22ARAyarywBR6fAhHu1_Sqta4KH1lmVQXWVkztB-svttIzEwDX0phXC2YHYxm_84blDBHhKjv67h9bKK43%22%2C%22directed_target_id%22%3Anull%2C%22groups_location%22%3Anull%7D\" data-hovercard-prefer-more-content-show=\"1\">Biuro Literackie<\/a>\u00a0(W\u0119gry)<br \/>\n9. Marcin Polak, &#8222;<strong><a href=\"https:\/\/woblink.com\/ebook\/stany-uprzywilejowane-polak-marcin-189119u\">Stany uprzywilejowane<\/a><\/strong>&#8222;,\u00a0<a href=\"https:\/\/www.facebook.com\/wydoddo\/?__xts__%5B0%5D=68.ARBtgtpHqQsGhfLRMpIPq_SvX2fHURA7YPIUBrVbi6OaNJ4_hrPTjAPTDv1QUqoedMG9wEs-Wz8VXZEWX0PT9HkYb2kL6aIAEiU5XO34CNACyiN30sjbX7eBaYCYwc_eGVWmL0RV7zi6Wa8HyrTijN0xxERZDFG5xwOCX6AL7Ijlb5BxW-G84f-gQJowrbX7nzeQIAQHVvEW70Hxo5VBWdzsFJ9dEWhBk3G0UFNYJYi0k4Fd3eJdNxHCA3FOmPGUYOtp1VepuAPdbx17QxEa8TDxkIhOHYecuqObBqI1OF22KqpILFOY5NacMfXnqggaKz__X-Ie_AS5HRTFfG2KjQGiaMqfFdeB92sUFxFrIhUPE1N86ur1C2s&amp;__xts__%5B1%5D=68.ARCjP76CuUH6nS-NAJMozcoEQme98z4DfjieYq_wDYHdfRX_redhcdVkXEG72hFV6mD0G33LP59As4Y4oWAtsk9w6CIvEIUgJRrsJhVgq9--ZmoFFg93WekhyCpjskv9Ily3jNtbZLW0EaqTfre9FEhXbLyNNcUFKfZHDy6VLJKMNxx3B-G23p9233dkgxYtK6SNgs6-5RDTBHomHzf1TyBGX78itNv_KsXNvhDyPk_vhDwlxSWIbwzVSLsqK9zhPP9xUeSYw4RksBnK0uj366ozB7wSkV8rbXtB6RnP7igd2ej_zxgMEtgx3hB5wPrNeQq415SsPz-pL9ogvg9yodzkRSMC3gJI4eybYJCuOiPB-F2_SdU-_l3fTq_AkEZY2a3c&amp;__tn__=K%2AF&amp;eid=ARC5aIR7H_SzpYMwfCmglTjsWHG7NNJNWFNwr9DKXLmlZ5NnYKodzjzb-VuBjbj5bvRLOh7bnE7tkRZG\" data-hovercard=\"\/ajax\/hovercard\/page.php?id=406592802749383&amp;extragetparams=%7B%22__tn__%22%3A%22%2CdK%2AF-R%22%2C%22eid%22%3A%22ARC5aIR7H_SzpYMwfCmglTjsWHG7NNJNWFNwr9DKXLmlZ5NnYKodzjzb-VuBjbj5bvRLOh7bnE7tkRZG%22%2C%22directed_target_id%22%3Anull%2C%22groups_location%22%3Anull%7D\" data-hovercard-prefer-more-content-show=\"1\">Wydawnictwo &#8222;Od Do&#8221;<\/a>\u00a0(Polska)<br \/>\n10. Pawe\u0142 Piotr Reszka, &#8222;<strong><a href=\"https:\/\/woblink.com\/ksiazka\/pluczki-w-poszukiwaniu-zydowskiego-zlota-pawel-p-reszka-172376\">P\u0142uczki. Poszukiwacze \u017cydowskiego z\u0142ota<\/a><\/strong>&#8222;, Wydawnictwo Agora (Polska)<br \/>\n11. Hanna Sukare, &#8222;<strong><a href=\"https:\/\/woblink.com\/ksiazka\/zakurzony-jezyk-sukare-hanna-154891\">Zakurzony j\u0119zyk<\/a><\/strong>&#8222;, t\u0142um. S\u0142awa Lisiecka, Wydawnictwo OD DO (Austria)<br \/>\n12. Natalka \u015aniadanko, &#8222;Frau M\u00fcller nie zamierza p\u0142aci\u0107 wi\u0119cej&#8221;, t\u0142um. Bohdan Zadura, Warsztaty Kultury (Ukraina)<br \/>\n13. Goran Vojnovi\u0107, &#8222;<strong><a href=\"https:\/\/woblink.com\/ebook\/moja-jugoslawia-goran-vojnovi-c-188864u\">Moja Jugos\u0142awia<\/a><\/strong>&#8222;, t\u0142um. Joanna Pomorska,\u00a0<a href=\"https:\/\/www.facebook.com\/Wydawnictwo.Akademickie.SEDNO\/?__xts__%5B0%5D=68.ARBtgtpHqQsGhfLRMpIPq_SvX2fHURA7YPIUBrVbi6OaNJ4_hrPTjAPTDv1QUqoedMG9wEs-Wz8VXZEWX0PT9HkYb2kL6aIAEiU5XO34CNACyiN30sjbX7eBaYCYwc_eGVWmL0RV7zi6Wa8HyrTijN0xxERZDFG5xwOCX6AL7Ijlb5BxW-G84f-gQJowrbX7nzeQIAQHVvEW70Hxo5VBWdzsFJ9dEWhBk3G0UFNYJYi0k4Fd3eJdNxHCA3FOmPGUYOtp1VepuAPdbx17QxEa8TDxkIhOHYecuqObBqI1OF22KqpILFOY5NacMfXnqggaKz__X-Ie_AS5HRTFfG2KjQGiaMqfFdeB92sUFxFrIhUPE1N86ur1C2s&amp;__xts__%5B1%5D=68.ARCjP76CuUH6nS-NAJMozcoEQme98z4DfjieYq_wDYHdfRX_redhcdVkXEG72hFV6mD0G33LP59As4Y4oWAtsk9w6CIvEIUgJRrsJhVgq9--ZmoFFg93WekhyCpjskv9Ily3jNtbZLW0EaqTfre9FEhXbLyNNcUFKfZHDy6VLJKMNxx3B-G23p9233dkgxYtK6SNgs6-5RDTBHomHzf1TyBGX78itNv_KsXNvhDyPk_vhDwlxSWIbwzVSLsqK9zhPP9xUeSYw4RksBnK0uj366ozB7wSkV8rbXtB6RnP7igd2ej_zxgMEtgx3hB5wPrNeQq415SsPz-pL9ogvg9yodzkRSMC3gJI4eybYJCuOiPB-F2_SdU-_l3fTq_AkEZY2a3c&amp;__tn__=K%2AF&amp;eid=ARApj8E3SOhAa_P1tcu1E5hnTuSd9cv6os6s1TEe91KtImNfAH2mAY3Eb7vgMFEN4JOnNsOHAog26KLt\" data-hovercard=\"\/ajax\/hovercard\/page.php?id=1454361978129223&amp;extragetparams=%7B%22__tn__%22%3A%22%2CdK%2AF-R%22%2C%22eid%22%3A%22ARApj8E3SOhAa_P1tcu1E5hnTuSd9cv6os6s1TEe91KtImNfAH2mAY3Eb7vgMFEN4JOnNsOHAog26KLt%22%2C%22directed_target_id%22%3Anull%2C%22groups_location%22%3Anull%7D\" data-hovercard-prefer-more-content-show=\"1\">Wydawnictwo Akademickie SEDNO<\/a>\u00a0(S\u0142owenia)<br \/>\n14. Serhij \u017badan, &#8222;<strong><a href=\"https:\/\/woblink.com\/ebook\/internat-serhij-zadan-michal-petryk-142445u\">Internat<\/a><\/strong>&#8222;, t\u0142um. Micha\u0142 Petryk, Wydawnictwo Czarne (Ukraina)<\/span><\/p>\n<h3><span class=\"text_exposed_show\">Literacka Nagroda Europy \u015arodkowej Angelus \u2013 kr\u00f3tka lista<\/span><\/h3>\n<p>Spo\u015br\u00f3d 14 wy\u017cej wymienionych tytu\u0142\u00f3w, we wrze\u015bniu jury wybierze siedem, kt\u00f3re znajd\u0105 si\u0119 w \u015bcis\u0142ym finale. Po raz pierwszy w historii Nagrody, wszyscy finali\u015bci otrzymaj\u0105 nagrody w wysoko\u015bci 5 tys. z\u0142otych. Bez zmian zwyci\u0119zca otrzyma 150 tys. z\u0142. Nale\u017cy te\u017c pami\u0119ta\u0107 o wyr\u00f3\u017cnieniu dla autora lub autorki przek\u0142adu ksi\u0105\u017cki, kt\u00f3ra zdoby\u0142a g\u0142\u00f3wn\u0105 nagrod\u0119. Je\u017celi trafi\u0142a ona do polskiego autora, jury wskazuje t\u0142umacza innej, t\u0142umaczonej ksi\u0105\u017cki, kt\u00f3ra znalaz\u0142a si\u0119 w finale. W tym roku nagroda za przek\u0142ad wzros\u0142a do 40 tys. z\u0142!<\/p>\n<p><span class=\"text_exposed_show\">Kolejn\u0105 zmian\u0105 jest dodatkowe uhonorowanie zdobywcy Nagrody im. Natalii Gorbaniewskiej przyznawanej w plebiscycie internetowym przez czytelnik\u00f3w. Do tej pory by\u0142o to wyr\u00f3\u017cnienie czysto symboliczne. Od 2020 roku laureat lub laureatka dostanie zaproszenie na trzymiesi\u0119czne stypendium pisarskie do Wroc\u0142awia.<\/span><\/p>\n<p style=\"text-align: right;\"><em><span class=\"text_exposed_show\">Fot. wyr\u00f3\u017cniaj\u0105ca artyku\u0142 \u2013 <a href=\"https:\/\/www.facebook.com\/jemczekoladespadaj?__tn__=K%2AF&amp;eid=ARDtCAo5ZovX9Fnw-w584rC0wghEuxsboy3avlkkqvC_uD9Z7bRbMIuuco0NT1G9MjD7icGlAHHg5JiR&amp;__xts__%5B0%5D=68.ARCjP76CuUH6nS-NAJMozcoEQme98z4DfjieYq_wDYHdfRX_redhcdVkXEG72hFV6mD0G33LP59As4Y4oWAtsk9w6CIvEIUgJRrsJhVgq9--ZmoFFg93WekhyCpjskv9Ily3jNtbZLW0EaqTfre9FEhXbLyNNcUFKfZHDy6VLJKMNxx3B-G23p9233dkgxYtK6SNgs6-5RDTBHomHzf1TyBGX78itNv_KsXNvhDyPk_vhDwlxSWIbwzVSLsqK9zhPP9xUeSYw4RksBnK0uj366ozB7wSkV8rbXtB6RnP7igd2ej_zxgMEtgx3hB5wPrNeQq415SsPz-pL9ogvg9yodzkRSMC3gJI4eybYJCuOiPB-F2_SdU-_l3fTq_AkEZY2a3c\" data-hovercard=\"\/ajax\/hovercard\/user.php?id=100000594436699&amp;extragetparams=%7B%22__tn__%22%3A%22%2CdK%2AF-R%22%2C%22eid%22%3A%22ARDtCAo5ZovX9Fnw-w584rC0wghEuxsboy3avlkkqvC_uD9Z7bRbMIuuco0NT1G9MjD7icGlAHHg5JiR%22%2C%22directed_target_id%22%3Anull%2C%22groups_location%22%3Anull%7D\" data-hovercard-prefer-more-content-show=\"1\">Agata Matkowska<\/a>\u00a0<\/span><\/em><\/p>\n","protected":false},"excerpt":{"rendered":"<p>Poznali\u015bmy d\u0142ug\u0105 list\u0119 ksi\u0105\u017cek nominowanych do tegorocznej edycji Literackiej Nagrody Europy \u015arodkowej ANGELUS! Spo\u015br\u00f3d 131 zg\u0142oszonych ksi\u0105\u017cek, jury wybra\u0142o 14 tytu\u0142\u00f3w. Laureata b\u0105d\u017a laureatk\u0119 poznamy 17 pa\u017adziernika, podczas wsp\u00f3lnej gali Angelusa i Wroc\u0142awskiej Nagrody Poetyckiej Silesius. Na zwyci\u0119zc\u0119 czeka statuetka oraz czek w wysoko\u015bci 150&#8230;<\/p>\n","protected":false},"author":7,"featured_media":2570,"comment_status":"closed","ping_status":"open","sticky":false,"template":"","format":"standard","meta":[],"categories":[87,79],"tags":[],"yoast_head":"<!-- This site is optimized with the Yoast SEO plugin v20.11 - https:\/\/yoast.com\/wordpress\/plugins\/seo\/ -->\n<title>Nagroda Angelus 2020 \u2013 znamy nominacje - Woblink<\/title>\n<meta name=\"robots\" content=\"index, follow, max-snippet:-1, max-image-preview:large, max-video-preview:-1\" \/>\n<link rel=\"canonical\" href=\"https:\/\/woblink.com\/blog\/nagroda-angelus-2020-znamy-nominacje\/\" \/>\n<meta property=\"og:locale\" content=\"pl_PL\" \/>\n<meta property=\"og:type\" content=\"article\" \/>\n<meta property=\"og:title\" content=\"Nagroda Angelus 2020 \u2013 znamy nominacje - Woblink\" \/>\n<meta property=\"og:description\" content=\"Poznali\u015bmy d\u0142ug\u0105 list\u0119 ksi\u0105\u017cek nominowanych do tegorocznej edycji Literackiej Nagrody Europy \u015arodkowej ANGELUS! Spo\u015br\u00f3d 131 zg\u0142oszonych ksi\u0105\u017cek, jury wybra\u0142o 14 tytu\u0142\u00f3w. Laureata b\u0105d\u017a laureatk\u0119 poznamy 17 pa\u017adziernika, podczas wsp\u00f3lnej gali Angelusa i Wroc\u0142awskiej Nagrody Poetyckiej Silesius. Na zwyci\u0119zc\u0119 czeka statuetka oraz czek w wysoko\u015bci 150...\" \/>\n<meta property=\"og:url\" content=\"https:\/\/woblink.com\/blog\/nagroda-angelus-2020-znamy-nominacje\/\" \/>\n<meta property=\"og:site_name\" content=\"Woblink\" \/>\n<meta property=\"article:publisher\" content=\"https:\/\/facebook.com\/woblink\" \/>\n<meta property=\"article:published_time\" content=\"2020-06-30T09:10:38+00:00\" \/>\n<meta property=\"article:modified_time\" content=\"2020-06-30T11:53:40+00:00\" \/>\n<meta property=\"og:image\" content=\"https:\/\/i0.wp.com\/woblink.com\/blog\/wp-content\/uploads\/2020\/06\/angelus.jpg?fit=960%2C720&ssl=1\" \/>\n\t<meta property=\"og:image:width\" content=\"960\" \/>\n\t<meta property=\"og:image:height\" content=\"720\" \/>\n\t<meta property=\"og:image:type\" content=\"image\/jpeg\" \/>\n<meta name=\"author\" content=\"Redakcja Woblinka\" \/>\n<meta name=\"twitter:card\" content=\"summary_large_image\" \/>\n<meta name=\"twitter:creator\" content=\"@woblink_com\" \/>\n<meta name=\"twitter:site\" content=\"@woblink_com\" \/>\n<meta name=\"twitter:label1\" content=\"Napisane przez\" \/>\n\t<meta name=\"twitter:data1\" content=\"Redakcja Woblinka\" \/>\n\t<meta name=\"twitter:label2\" content=\"Szacowany czas czytania\" \/>\n\t<meta name=\"twitter:data2\" content=\"2 minuty\" \/>\n<script type=\"application\/ld+json\" class=\"yoast-schema-graph\">{\"@context\":\"https:\/\/schema.org\",\"@graph\":[{\"@type\":\"Article\",\"@id\":\"https:\/\/woblink.com\/blog\/nagroda-angelus-2020-znamy-nominacje\/#article\",\"isPartOf\":{\"@id\":\"https:\/\/woblink.com\/blog\/nagroda-angelus-2020-znamy-nominacje\/\"},\"author\":{\"name\":\"Redakcja Woblinka\",\"@id\":\"https:\/\/woblink.com\/blog\/#\/schema\/person\/8ab6b79d64fa54209272130c4c3b1e95\"},\"headline\":\"Nagroda Angelus 2020 \u2013 znamy nominacje\",\"datePublished\":\"2020-06-30T09:10:38+00:00\",\"dateModified\":\"2020-06-30T11:53:40+00:00\",\"mainEntityOfPage\":{\"@id\":\"https:\/\/woblink.com\/blog\/nagroda-angelus-2020-znamy-nominacje\/\"},\"wordCount\":400,\"publisher\":{\"@id\":\"https:\/\/woblink.com\/blog\/#organization\"},\"articleSection\":[\"Aktualno\u015bci\",\"Nagrody literackie\"],\"inLanguage\":\"pl-PL\"},{\"@type\":\"WebPage\",\"@id\":\"https:\/\/woblink.com\/blog\/nagroda-angelus-2020-znamy-nominacje\/\",\"url\":\"https:\/\/woblink.com\/blog\/nagroda-angelus-2020-znamy-nominacje\/\",\"name\":\"Nagroda Angelus 2020 \u2013 znamy nominacje - Woblink\",\"isPartOf\":{\"@id\":\"https:\/\/woblink.com\/blog\/#website\"},\"datePublished\":\"2020-06-30T09:10:38+00:00\",\"dateModified\":\"2020-06-30T11:53:40+00:00\",\"breadcrumb\":{\"@id\":\"https:\/\/woblink.com\/blog\/nagroda-angelus-2020-znamy-nominacje\/#breadcrumb\"},\"inLanguage\":\"pl-PL\",\"potentialAction\":[{\"@type\":\"ReadAction\",\"target\":[\"https:\/\/woblink.com\/blog\/nagroda-angelus-2020-znamy-nominacje\/\"]}]},{\"@type\":\"BreadcrumbList\",\"@id\":\"https:\/\/woblink.com\/blog\/nagroda-angelus-2020-znamy-nominacje\/#breadcrumb\",\"itemListElement\":[{\"@type\":\"ListItem\",\"position\":1,\"name\":\"Strona g\u0142\u00f3wna\",\"item\":\"https:\/\/woblink.com\/blog\/\"},{\"@type\":\"ListItem\",\"position\":2,\"name\":\"Nagroda Angelus 2020 \u2013 znamy nominacje\"}]},{\"@type\":\"WebSite\",\"@id\":\"https:\/\/woblink.com\/blog\/#website\",\"url\":\"https:\/\/woblink.com\/blog\/\",\"name\":\"Woblink\",\"description\":\"najlepszy firmowy blog o ksi\u0105\u017ckach\",\"publisher\":{\"@id\":\"https:\/\/woblink.com\/blog\/#organization\"},\"potentialAction\":[{\"@type\":\"SearchAction\",\"target\":{\"@type\":\"EntryPoint\",\"urlTemplate\":\"https:\/\/woblink.com\/blog\/?s={search_term_string}\"},\"query-input\":\"required name=search_term_string\"}],\"inLanguage\":\"pl-PL\"},{\"@type\":\"Organization\",\"@id\":\"https:\/\/woblink.com\/blog\/#organization\",\"name\":\"Woblink\",\"url\":\"https:\/\/woblink.com\/blog\/\",\"logo\":{\"@type\":\"ImageObject\",\"inLanguage\":\"pl-PL\",\"@id\":\"https:\/\/woblink.com\/blog\/#\/schema\/logo\/image\/\",\"url\":\"https:\/\/i0.wp.com\/woblink.com\/blog\/wp-content\/uploads\/2019\/04\/nw_logoB.png?fit=185%2C42&ssl=1\",\"contentUrl\":\"https:\/\/i0.wp.com\/woblink.com\/blog\/wp-content\/uploads\/2019\/04\/nw_logoB.png?fit=185%2C42&ssl=1\",\"width\":185,\"height\":42,\"caption\":\"Woblink\"},\"image\":{\"@id\":\"https:\/\/woblink.com\/blog\/#\/schema\/logo\/image\/\"},\"sameAs\":[\"https:\/\/facebook.com\/woblink\",\"https:\/\/twitter.com\/woblink_com\",\"https:\/\/www.instagram.com\/woblink_com\",\"https:\/\/www.linkedin.com\/company\/woblink\/\"]},{\"@type\":\"Person\",\"@id\":\"https:\/\/woblink.com\/blog\/#\/schema\/person\/8ab6b79d64fa54209272130c4c3b1e95\",\"name\":\"Redakcja Woblinka\",\"image\":{\"@type\":\"ImageObject\",\"inLanguage\":\"pl-PL\",\"@id\":\"https:\/\/woblink.com\/blog\/#\/schema\/person\/image\/\",\"url\":\"https:\/\/secure.gravatar.com\/avatar\/f23ae80a7c9da060bee5f8310913478b?s=96&d=mm&r=g\",\"contentUrl\":\"https:\/\/secure.gravatar.com\/avatar\/f23ae80a7c9da060bee5f8310913478b?s=96&d=mm&r=g\",\"caption\":\"Redakcja Woblinka\"},\"url\":\"https:\/\/woblink.com\/blog\/author\/krasny\/\"}]}<\/script>\n<!-- \/ Yoast SEO plugin. -->","yoast_head_json":{"title":"Nagroda Angelus 2020 \u2013 znamy nominacje - Woblink","robots":{"index":"index","follow":"follow","max-snippet":"max-snippet:-1","max-image-preview":"max-image-preview:large","max-video-preview":"max-video-preview:-1"},"canonical":"https:\/\/woblink.com\/blog\/nagroda-angelus-2020-znamy-nominacje\/","og_locale":"pl_PL","og_type":"article","og_title":"Nagroda Angelus 2020 \u2013 znamy nominacje - Woblink","og_description":"Poznali\u015bmy d\u0142ug\u0105 list\u0119 ksi\u0105\u017cek nominowanych do tegorocznej edycji Literackiej Nagrody Europy \u015arodkowej ANGELUS! Spo\u015br\u00f3d 131 zg\u0142oszonych ksi\u0105\u017cek, jury wybra\u0142o 14 tytu\u0142\u00f3w. Laureata b\u0105d\u017a laureatk\u0119 poznamy 17 pa\u017adziernika, podczas wsp\u00f3lnej gali Angelusa i Wroc\u0142awskiej Nagrody Poetyckiej Silesius. Na zwyci\u0119zc\u0119 czeka statuetka oraz czek w wysoko\u015bci 150...","og_url":"https:\/\/woblink.com\/blog\/nagroda-angelus-2020-znamy-nominacje\/","og_site_name":"Woblink","article_publisher":"https:\/\/facebook.com\/woblink","article_published_time":"2020-06-30T09:10:38+00:00","article_modified_time":"2020-06-30T11:53:40+00:00","og_image":[{"width":960,"height":720,"url":"https:\/\/i0.wp.com\/woblink.com\/blog\/wp-content\/uploads\/2020\/06\/angelus.jpg?fit=960%2C720&ssl=1","type":"image\/jpeg"}],"author":"Redakcja Woblinka","twitter_card":"summary_large_image","twitter_creator":"@woblink_com","twitter_site":"@woblink_com","twitter_misc":{"Napisane przez":"Redakcja Woblinka","Szacowany czas czytania":"2 minuty"},"schema":{"@context":"https:\/\/schema.org","@graph":[{"@type":"Article","@id":"https:\/\/woblink.com\/blog\/nagroda-angelus-2020-znamy-nominacje\/#article","isPartOf":{"@id":"https:\/\/woblink.com\/blog\/nagroda-angelus-2020-znamy-nominacje\/"},"author":{"name":"Redakcja Woblinka","@id":"https:\/\/woblink.com\/blog\/#\/schema\/person\/8ab6b79d64fa54209272130c4c3b1e95"},"headline":"Nagroda Angelus 2020 \u2013 znamy nominacje","datePublished":"2020-06-30T09:10:38+00:00","dateModified":"2020-06-30T11:53:40+00:00","mainEntityOfPage":{"@id":"https:\/\/woblink.com\/blog\/nagroda-angelus-2020-znamy-nominacje\/"},"wordCount":400,"publisher":{"@id":"https:\/\/woblink.com\/blog\/#organization"},"articleSection":["Aktualno\u015bci","Nagrody literackie"],"inLanguage":"pl-PL"},{"@type":"WebPage","@id":"https:\/\/woblink.com\/blog\/nagroda-angelus-2020-znamy-nominacje\/","url":"https:\/\/woblink.com\/blog\/nagroda-angelus-2020-znamy-nominacje\/","name":"Nagroda Angelus 2020 \u2013 znamy nominacje - Woblink","isPartOf":{"@id":"https:\/\/woblink.com\/blog\/#website"},"datePublished":"2020-06-30T09:10:38+00:00","dateModified":"2020-06-30T11:53:40+00:00","breadcrumb":{"@id":"https:\/\/woblink.com\/blog\/nagroda-angelus-2020-znamy-nominacje\/#breadcrumb"},"inLanguage":"pl-PL","potentialAction":[{"@type":"ReadAction","target":["https:\/\/woblink.com\/blog\/nagroda-angelus-2020-znamy-nominacje\/"]}]},{"@type":"BreadcrumbList","@id":"https:\/\/woblink.com\/blog\/nagroda-angelus-2020-znamy-nominacje\/#breadcrumb","itemListElement":[{"@type":"ListItem","position":1,"name":"Strona g\u0142\u00f3wna","item":"https:\/\/woblink.com\/blog\/"},{"@type":"ListItem","position":2,"name":"Nagroda Angelus 2020 \u2013 znamy nominacje"}]},{"@type":"WebSite","@id":"https:\/\/woblink.com\/blog\/#website","url":"https:\/\/woblink.com\/blog\/","name":"Woblink","description":"najlepszy firmowy blog o ksi\u0105\u017ckach","publisher":{"@id":"https:\/\/woblink.com\/blog\/#organization"},"potentialAction":[{"@type":"SearchAction","target":{"@type":"EntryPoint","urlTemplate":"https:\/\/woblink.com\/blog\/?s={search_term_string}"},"query-input":"required name=search_term_string"}],"inLanguage":"pl-PL"},{"@type":"Organization","@id":"https:\/\/woblink.com\/blog\/#organization","name":"Woblink","url":"https:\/\/woblink.com\/blog\/","logo":{"@type":"ImageObject","inLanguage":"pl-PL","@id":"https:\/\/woblink.com\/blog\/#\/schema\/logo\/image\/","url":"https:\/\/i0.wp.com\/woblink.com\/blog\/wp-content\/uploads\/2019\/04\/nw_logoB.png?fit=185%2C42&ssl=1","contentUrl":"https:\/\/i0.wp.com\/woblink.com\/blog\/wp-content\/uploads\/2019\/04\/nw_logoB.png?fit=185%2C42&ssl=1","width":185,"height":42,"caption":"Woblink"},"image":{"@id":"https:\/\/woblink.com\/blog\/#\/schema\/logo\/image\/"},"sameAs":["https:\/\/facebook.com\/woblink","https:\/\/twitter.com\/woblink_com","https:\/\/www.instagram.com\/woblink_com","https:\/\/www.linkedin.com\/company\/woblink\/"]},{"@type":"Person","@id":"https:\/\/woblink.com\/blog\/#\/schema\/person\/8ab6b79d64fa54209272130c4c3b1e95","name":"Redakcja Woblinka","image":{"@type":"ImageObject","inLanguage":"pl-PL","@id":"https:\/\/woblink.com\/blog\/#\/schema\/person\/image\/","url":"https:\/\/secure.gravatar.com\/avatar\/f23ae80a7c9da060bee5f8310913478b?s=96&d=mm&r=g","contentUrl":"https:\/\/secure.gravatar.com\/avatar\/f23ae80a7c9da060bee5f8310913478b?s=96&d=mm&r=g","caption":"Redakcja Woblinka"},"url":"https:\/\/woblink.com\/blog\/author\/krasny\/"}]}},"jetpack_featured_media_url":"https:\/\/i0.wp.com\/woblink.com\/blog\/wp-content\/uploads\/2020\/06\/angelus.jpg?fit=960%2C720&ssl=1","_links":{"self":[{"href":"https:\/\/woblink.com\/blog\/wp-json\/wp\/v2\/posts\/2568"}],"collection":[{"href":"https:\/\/woblink.com\/blog\/wp-json\/wp\/v2\/posts"}],"about":[{"href":"https:\/\/woblink.com\/blog\/wp-json\/wp\/v2\/types\/post"}],"author":[{"embeddable":true,"href":"https:\/\/woblink.com\/blog\/wp-json\/wp\/v2\/users\/7"}],"replies":[{"embeddable":true,"href":"https:\/\/woblink.com\/blog\/wp-json\/wp\/v2\/comments?post=2568"}],"version-history":[{"count":3,"href":"https:\/\/woblink.com\/blog\/wp-json\/wp\/v2\/posts\/2568\/revisions"}],"predecessor-version":[{"id":3199,"href":"https:\/\/woblink.com\/blog\/wp-json\/wp\/v2\/posts\/2568\/revisions\/3199"}],"wp:featuredmedia":[{"embeddable":true,"href":"https:\/\/woblink.com\/blog\/wp-json\/wp\/v2\/media\/2570"}],"wp:attachment":[{"href":"https:\/\/woblink.com\/blog\/wp-json\/wp\/v2\/media?parent=2568"}],"wp:term":[{"taxonomy":"category","embeddable":true,"href":"https:\/\/woblink.com\/blog\/wp-json\/wp\/v2\/categories?post=2568"},{"taxonomy":"post_tag","embeddable":true,"href":"https:\/\/woblink.com\/blog\/wp-json\/wp\/v2\/tags?post=2568"}],"curies":[{"name":"wp","href":"https:\/\/api.w.org\/{rel}","templated":true}]}}