{"id":2573,"date":"2020-07-01T09:17:39","date_gmt":"2020-07-01T07:17:39","guid":{"rendered":"https:\/\/woblink.com\/blog\/?p=2573"},"modified":"2020-07-01T09:17:39","modified_gmt":"2020-07-01T07:17:39","slug":"nagroda-im-gombrowicza-2020-nominacje","status":"publish","type":"post","link":"https:\/\/woblink.com\/blog\/nagroda-im-gombrowicza-2020-nominacje\/","title":{"rendered":"Nagroda im. Gombrowicza 2020 \u2013 nominacje"},"content":{"rendered":"<p class=\"p3\"><strong><span class=\"s1\">Spo\u015br\u00f3d stu pi\u0119ciu ksi\u0105\u017cek zg\u0142oszonych w tym roku do Nagrody Literackiej im. Witolda Gombrowicza Kapitu\u0142a wskaza\u0142a pi\u0119\u0107 nominowanych tytu\u0142\u00f3w.<span class=\"Apple-converted-space\">\u00a0 <\/span>Laureata konkursu poznamy we wrze\u015bniu. To pi\u0105ta edycja Nagrody przyznawanej przez Prezydenta Radomia, kt\u00f3rej wsp\u00f3\u0142organizatorem jest Muzeum Witolda Gombrowicza. Wyr\u00f3\u017cnieniu patronuje Rita Gombrowicz. Mecenasem jest Jaros\u0142aw Krzy\u017canowski, a Partnerem G\u0142\u00f3wnym Unidevelopment S.A. Nagroda przyznawana jest za debiut lub drug\u0105 ksi\u0105\u017ck\u0119 napisan\u0105 proz\u0105 artystyczn\u0105, w j\u0119zyku polskim.<\/span><\/strong><\/p>\n<p><!--more--><\/p>\n<p>Z wielk\u0105 dum\u0105 og\u0142aszamy, \u017ce a\u017c trzy ksi\u0105\u017cki nominowane do Nagrody im. Witolda Gombrowicza mogli\u015bcie czyta\u0107 ca\u0142kowicie za darmo w ramach akcji Czytaj PL. Podczas zimowej edycji specjalnej w akcji dost\u0119pny by\u0142 ebook \u201ePatyki, badyle\u201d Urszuli Zaj\u0105czkowskiej, natomiast podczas edycji \u201ePole\u0107 dalej\u201d na kwarantanne, mogli\u015bcie czyta\u0107 \u201eDropie\u201d Natalki Suszczy\u0144skiej i \u201eMap\u0119\u201d Barbary Sadurskiej!<\/p>\n<h2 class=\"p4\"><span class=\"s1\">Nagroda im. Witolda Gombrowicza 2020 \u2013 nominacje<\/span><\/h2>\n<h3 class=\"p4\"><span class=\"s1\">1. <b>Joanna Gierak-Onoszko<\/b> za ksi\u0105\u017ck\u0119 \u201e27 \u015bmierci Toby\u2019ego Obeda\u201d opublikowan\u0105 przez Wydawnictwo Dowody na Istnienie;<\/span><\/h3>\n<figure id=\"attachment_1611\" aria-describedby=\"caption-attachment-1611\" style=\"width: 199px\" class=\"wp-caption aligncenter\"><a href=\"https:\/\/woblink.com\/ebook\/27-smierci-toby-ego-obeda-joanna-gierak-onoszko-49918\"><img decoding=\"async\" loading=\"lazy\" class=\"wp-image-1611 size-medium\" src=\"https:\/\/i0.wp.com\/woblink.com\/blog\/wp-content\/uploads\/2020\/01\/Joanna-Gierak-Onoszko-27-\u015bmierci-Tobyego-Obeda.png?resize=199%2C300&#038;ssl=1\" alt=\"nagroda nike 27 \u015bmierci\" width=\"199\" height=\"300\" srcset=\"https:\/\/i0.wp.com\/woblink.com\/blog\/wp-content\/uploads\/2020\/01\/Joanna-Gierak-Onoszko-27-\u015bmierci-Tobyego-Obeda.png?resize=199%2C300&amp;ssl=1 199w, https:\/\/i0.wp.com\/woblink.com\/blog\/wp-content\/uploads\/2020\/01\/Joanna-Gierak-Onoszko-27-\u015bmierci-Tobyego-Obeda.png?resize=768%2C1158&amp;ssl=1 768w, https:\/\/i0.wp.com\/woblink.com\/blog\/wp-content\/uploads\/2020\/01\/Joanna-Gierak-Onoszko-27-\u015bmierci-Tobyego-Obeda.png?resize=679%2C1024&amp;ssl=1 679w, https:\/\/i0.wp.com\/woblink.com\/blog\/wp-content\/uploads\/2020\/01\/Joanna-Gierak-Onoszko-27-\u015bmierci-Tobyego-Obeda.png?resize=600%2C905&amp;ssl=1 600w, https:\/\/i0.wp.com\/woblink.com\/blog\/wp-content\/uploads\/2020\/01\/Joanna-Gierak-Onoszko-27-\u015bmierci-Tobyego-Obeda.png?w=827&amp;ssl=1 827w\" sizes=\"(max-width: 199px) 100vw, 199px\" data-recalc-dims=\"1\" \/><\/a><figcaption id=\"caption-attachment-1611\" class=\"wp-caption-text\"><center><strong>Kup <a href=\"https:\/\/woblink.com\/ebook\/27-smierci-toby-ego-obeda-joanna-gierak-onoszko-49918\">ebooka<\/a> lub <a href=\"https:\/\/woblink.com\/audiobook\/27-smierci-toby-ego-obeda-joanna-gierak-onoszko-175836\">audiobooka <\/a>na Woblink.com<\/strong><\/center><\/figcaption><\/figure>\n<h3 class=\"p4\"><span class=\"s1\">2. <b>Dorota Kotas<\/b> za \u201ePustostany\u201d wydane przez Wydawnictwo Niebieska Studnia;<\/span><\/h3>\n<figure id=\"attachment_2576\" aria-describedby=\"caption-attachment-2576\" style=\"width: 199px\" class=\"wp-caption aligncenter\"><a href=\"https:\/\/woblink.com\/ebook\/pustostany-kotas-dorota-187802u\"><img decoding=\"async\" loading=\"lazy\" class=\"wp-image-2576 size-medium\" src=\"https:\/\/i0.wp.com\/woblink.com\/blog\/wp-content\/uploads\/2020\/07\/5ec5004dc6687.jpeg?resize=199%2C300&#038;ssl=1\" alt=\"pustostany gombrowicza nagroda ebook kotas\" width=\"199\" height=\"300\" srcset=\"https:\/\/i0.wp.com\/woblink.com\/blog\/wp-content\/uploads\/2020\/07\/5ec5004dc6687.jpeg?resize=199%2C300&amp;ssl=1 199w, https:\/\/i0.wp.com\/woblink.com\/blog\/wp-content\/uploads\/2020\/07\/5ec5004dc6687.jpeg?w=566&amp;ssl=1 566w\" sizes=\"(max-width: 199px) 100vw, 199px\" data-recalc-dims=\"1\" \/><\/a><figcaption id=\"caption-attachment-2576\" class=\"wp-caption-text\"><center><strong>Kup <a href=\"https:\/\/woblink.com\/ebook\/pustostany-kotas-dorota-187802u\">ebooka<\/a> lub <a href=\"https:\/\/woblink.com\/ksiazka\/pustostany-kotas-dorota-179037\">ksi\u0105\u017ck\u0119 papierow\u0105<\/a> na Woblink.com<\/strong><\/center><\/figcaption><\/figure>\n<h3 class=\"p4\"><span class=\"s1\">3. <b>Barbara Sadurska<\/b> za \u201eMap\u0119\u201d wydan\u0105 przez Nisz\u0119;<\/span><\/h3>\n<figure id=\"attachment_1920\" aria-describedby=\"caption-attachment-1920\" style=\"width: 195px\" class=\"wp-caption aligncenter\"><a href=\"https:\/\/woblink.com\/ebook\/mapa-sadurska-barbara-184570u\"><img decoding=\"async\" loading=\"lazy\" class=\"wp-image-1920 size-medium\" src=\"https:\/\/i0.wp.com\/woblink.com\/blog\/wp-content\/uploads\/2020\/03\/5e8202929ae1c.jpeg?resize=195%2C300&#038;ssl=1\" alt=\"mapa sadurska ebooki nisza\" width=\"195\" height=\"300\" srcset=\"https:\/\/i0.wp.com\/woblink.com\/blog\/wp-content\/uploads\/2020\/03\/5e8202929ae1c.jpeg?resize=195%2C300&amp;ssl=1 195w, https:\/\/i0.wp.com\/woblink.com\/blog\/wp-content\/uploads\/2020\/03\/5e8202929ae1c.jpeg?w=555&amp;ssl=1 555w\" sizes=\"(max-width: 195px) 100vw, 195px\" data-recalc-dims=\"1\" \/><\/a><figcaption id=\"caption-attachment-1920\" class=\"wp-caption-text\"><center><strong>Kup <a href=\"https:\/\/woblink.com\/ebook\/mapa-sadurska-barbara-184570u\">ebooka<\/a> lub <a href=\"https:\/\/woblink.com\/ksiazka\/mapa-sadurska-barbara-171230\">ksi\u0105\u017ck\u0119 papierow\u0105<\/a> na Woblink.com<\/strong><\/center><\/figcaption><\/figure>\n<h3><span class=\"s1\">4. <b>Natalka Suszczy\u0144ska<\/b> za zbi\u00f3r opowiada\u0144 \u201eDropie\u201d opublikowany przez Ha!art;<\/span><\/h3>\n<figure id=\"attachment_2574\" aria-describedby=\"caption-attachment-2574\" style=\"width: 188px\" class=\"wp-caption aligncenter\"><a href=\"https:\/\/woblink.com\/ebook\/dropie-natalka-suszczy-nska-184586u\"><img decoding=\"async\" loading=\"lazy\" class=\"wp-image-2574 size-medium\" src=\"https:\/\/i0.wp.com\/woblink.com\/blog\/wp-content\/uploads\/2020\/07\/5e8333df7e42d.jpeg?resize=188%2C300&#038;ssl=1\" alt=\"gombrowicza nagroda 2020 dropie\" width=\"188\" height=\"300\" srcset=\"https:\/\/i0.wp.com\/woblink.com\/blog\/wp-content\/uploads\/2020\/07\/5e8333df7e42d.jpeg?resize=188%2C300&amp;ssl=1 188w, https:\/\/i0.wp.com\/woblink.com\/blog\/wp-content\/uploads\/2020\/07\/5e8333df7e42d.jpeg?w=535&amp;ssl=1 535w\" sizes=\"(max-width: 188px) 100vw, 188px\" data-recalc-dims=\"1\" \/><\/a><figcaption id=\"caption-attachment-2574\" class=\"wp-caption-text\"><center><strong>Kup <a href=\"https:\/\/woblink.com\/ebook\/dropie-natalka-suszczy-nska-184586u\">ebooka<\/a> lub <a href=\"https:\/\/woblink.com\/ksiazka\/dropie-suszczy-nska-natalka-156164\">ksi\u0105\u017ck\u0119 papierow\u0105<\/a> na Woblink.com<\/strong><\/center><\/figcaption><\/figure>\n<h3 class=\"p4\"><span class=\"s1\">5. <b>Urszula Zaj\u0105czkowska<\/b> za ksi\u0105\u017ck\u0119 eseistyczn\u0105 \u201ePatyki, badyle\u201d wydan\u0105 przez Marginesy.<\/span><\/h3>\n<figure id=\"attachment_2575\" aria-describedby=\"caption-attachment-2575\" style=\"width: 194px\" class=\"wp-caption aligncenter\"><a href=\"https:\/\/woblink.com\/ebook\/patyki-badyle-zajaczkowska-urszula-162330u\"><img decoding=\"async\" loading=\"lazy\" class=\"wp-image-2575 size-medium\" src=\"https:\/\/i0.wp.com\/woblink.com\/blog\/wp-content\/uploads\/2020\/07\/5e561dd8410a0.jpeg?resize=194%2C300&#038;ssl=1\" alt=\"gombrowicza nagroda 2020 patyki badyle\" width=\"194\" height=\"300\" srcset=\"https:\/\/i0.wp.com\/woblink.com\/blog\/wp-content\/uploads\/2020\/07\/5e561dd8410a0.jpeg?resize=194%2C300&amp;ssl=1 194w, https:\/\/i0.wp.com\/woblink.com\/blog\/wp-content\/uploads\/2020\/07\/5e561dd8410a0.jpeg?w=500&amp;ssl=1 500w\" sizes=\"(max-width: 194px) 100vw, 194px\" data-recalc-dims=\"1\" \/><\/a><figcaption id=\"caption-attachment-2575\" class=\"wp-caption-text\"><center><strong>Kup <a href=\"https:\/\/woblink.com\/ebook\/patyki-badyle-zajaczkowska-urszula-162330u\">ebooka<\/a> lub <a href=\"https:\/\/woblink.com\/ksiazka\/patyki-badyle-zajaczkowska-urszula-181917\">ksi\u0105\u017ck\u0119 papierow\u0105<\/a> na Woblink.com<\/strong><\/center><\/figcaption><\/figure>\n<p class=\"p4\"><span class=\"s1\">Laureatka nagrody otrzymuje 40 000 z\u0142otych. Od ubieg\u0142orocznej edycji tak\u017ce nominacjom towarzysz\u0105 skromne nagrody pieni\u0119\u017cne. <\/span><\/p>\n<p class=\"p3\"><span class=\"s1\">Nominowanych i laureata wybiera kapitu\u0142a, w sk\u0142ad kt\u00f3rej wchodz\u0105: Jerzy Jarz\u0119bski (przewodnicz\u0105cy), Ewa Graczyk, Anna Ka\u0142u\u017ca, Zofia Kr\u00f3l, Zbigniew Kruszy\u0144ski, J\u00f3zef Olejniczak oraz Justyna Sobolewska<\/span><\/p>\n<p class=\"p4\"><span class=\"s1\">Wszystkie wyr\u00f3\u017cnione ksi\u0105\u017cki to pierwsze prozatorskie publikacje ich autor\u00f3w. Przez najbli\u017csze tygodnie na stronach Nagrody oraz Muzeum Witolda Gombrowicza b\u0119dziemy zamieszcza\u0107 wypowiedzi juror\u00f3w o nominowanych ksi\u0105\u017ckach. Teraz kilka s\u0142\u00f3w o ich autorach.<\/span><\/p>\n<h3><span class=\"s1\">Joanna Gierak-Onoszko<\/span><\/h3>\n<p class=\"p4\"><span class=\"s1\">Joanna Gierak &#8211; Onoszko to dziennikarka, reporta\u017cystka, felietonistka. Studiowa\u0142a na Uniwersytecie Warszawskim i w Instytucie Reporta\u017cu. Publikowa\u0142a m.in.<br \/>\nw Polityce i w Gazecie Wyborczej. Przez kilka lat mieszka\u0142a w Kanadzie i tam w\u0142a\u015bnie powsta\u0142a jej ksi\u0105\u017cka, kt\u00f3ra otrzyma\u0142a te\u017c nominacj\u0119 do Nagrody Nike.<\/span><\/p>\n<h3>Dorota Kotas<\/h3>\n<p class=\"p4\"><span class=\"s1\">Dorota Kotas studiowa\u0142a socjologi\u0119 stosowan\u0105 i antropologi\u0119 spo\u0142eczn\u0105<br \/>\nw Instytucie Stosowanych Nauk Spo\u0142ecznych na Uniwersytecie Warszawskim oraz animacj\u0119 kultury w Instytucie Kultury Polskiej UW. Jest laureatk\u0105 wielu konkurs\u00f3w dziennikarskich, m.in. konkursu dla m\u0142odych dziennikarzy im.<br \/>\nZ. Moszkowicza. Bra\u0142a te\u017c udzia\u0142 w licznych projektach teatralnych<br \/>\ni artystycznych.<\/span><\/p>\n<h3>Barbara Sadurska<\/h3>\n<p class=\"p4\"><span class=\"s1\">Barbara Sadurska to autorka nagradzanych opowiada\u0144 i scenariuszy. Uko\u0144czy\u0142a prawo, specjalizuje si\u0119 w zagadnieniach prawa autorskiego, a tak\u017ce polonistyk\u0119 oraz rozliczne studia podyplomowe, np. na Wydziale Fizyki, Astronomii<br \/>\ni Informatyki Stosowanej Uniwersytetu Jagiello\u0144skiego. Jest te\u017c zwyci\u0119\u017cczyni\u0105 organizowanego przez Onet plebiscytu O!l\u015bnienia 2020 w kategorii literatura.<\/span><\/p>\n<h3><span class=\"s1\">Natalka Suszczy\u0144ska<\/span><\/h3>\n<p class=\"p4\"><span class=\"s1\">Natalka Suszczy\u0144ska, pisarka. Finalistka sz\u00f3stej edycji konkursu literackiego organizowanego w ramach projektu stypendialnego Telewizji Polskiej \u201eDolina kreatywna\u201d \u2013 w 2013 r. Publikowa\u0142a opowiadania mi\u0119dzy innymi<br \/>\nw czasopismach: \u201eRita Baum\u201d, \u201eWakat\u201d, \u201eElewator\u201d, \u201eHelikopter\u201d, \u201eFabularia\u201d<br \/>\ni zinie \u201eGirls to the Front&#8221;.<\/span><\/p>\n<h3><span class=\"s1\">Urszula Zaj\u0105czkowska<\/span><\/h3>\n<p class=\"p4\"><span class=\"s1\">Urszula Zaj\u0105czkowska to poetka, botaniczka, artystka wizualna i muzyk, adiunkt<br \/>\nw Samodzielnym Zak\u0142adzie Botaniki Le\u015bnej SGGW w Warszawie. Studiuje wzrost, anatomi\u0119 i ruchy ro\u015blin. Bada ich aerodynamik\u0119 oraz biomechanik\u0119. Jej debiutancki tomik poezji \u201eAtomy\u201d (2014) by\u0142 nominowany do Wroc\u0142awskiej Nagrody Poetyckiej Silesius w 2015 roku. W 2017 roku otrzyma\u0142a Nagrod\u0119 Ko\u015bcielskich.<\/span><\/p>\n<h3>Festiwal Op\u0119tani Literatur\u0105<\/h3>\n<p class=\"p4\"><span class=\"s1\">Laureata, b\u0105d\u017a laureat\u00f3w Nagrody Gombrowicza poznamy we wrze\u015bniu, jednak inaczej ni\u017c w poprzednich edycjach og\u0142oszeniu zwyci\u0119zcy nie b\u0119dzie towarzyszy\u0142 festiwal OP\u0118TANI LITERATUR\u0104. Ze wzgl\u0119du na ograniczenia zwi\u0105zane<br \/>\nz pandemi\u0105 organizatorzy postanowili przenie\u015b\u0107 wydarzenia festiwalowe oraz wr\u0119czenie Nagrody na listopad, maj\u0105c nadziej\u0119, \u017ce b\u0119dzie on wtedy ca\u0142kowicie dost\u0119pny dla publiczno\u015bci, licznej w poprzednich edycjach.<\/span><\/p>\n<p class=\"p4\"><span class=\"s1\">Nagrod\u0119 w 2015 roku ustanowi\u0142 Radomski Samorz\u0105d, po raz pierwszy zosta\u0142a wr\u0119czona we wrze\u015bniu 2016 r. Kapitu\u0142a wskaza\u0142a w\u00f3wczas dwoje laureat\u00f3w: Weronik\u0119 Murek i Macieja Hena. W drugiej edycji (2017)<span class=\"Apple-converted-space\">\u00a0 <\/span>Nagrod\u0119 Gombrowicza dosta\u0142a Anna Cieplak za powie\u015b\u0107 \u201eMa by\u0107 czysto\u201d, w trzeciej (2018) Marcin Wicha za \u201eRzeczy, kt\u00f3rych nie wyrzuci\u0142em\u201d, za\u015b w czwartej (2019) Olga Hund za \u201ePsy ras drobnych\u201d.<br \/>\n<\/span><\/p>\n<p class=\"p4\"><span class=\"s1\">Nagrod\u0119 i festiwal \u201eOp\u0119tani Literatur\u0105\u201d wspieraj\u0105 tak\u017ce, podobnie jak w poprzednich latach, Wodoci\u0105gi Miejskie w Radomiu. <\/span><\/p>\n<p class=\"p4\"><span class=\"s1\">Patroni medialni V edycji: Gazeta Wyborcza, Ksi\u0105\u017cki. Magazyn do czytania, TVP Kultura, Lubimyczytac.pl. Wsp\u00f3\u0142praca redakcyjna: RMF Classic.<\/span><\/p>\n","protected":false},"excerpt":{"rendered":"<p>Spo\u015br\u00f3d stu pi\u0119ciu ksi\u0105\u017cek zg\u0142oszonych w tym roku do Nagrody Literackiej im. Witolda Gombrowicza Kapitu\u0142a wskaza\u0142a pi\u0119\u0107 nominowanych tytu\u0142\u00f3w.\u00a0 Laureata konkursu poznamy we wrze\u015bniu. To pi\u0105ta edycja Nagrody przyznawanej przez Prezydenta Radomia, kt\u00f3rej wsp\u00f3\u0142organizatorem jest Muzeum Witolda Gombrowicza. Wyr\u00f3\u017cnieniu patronuje Rita Gombrowicz. Mecenasem jest Jaros\u0142aw&#8230;<\/p>\n","protected":false},"author":7,"featured_media":2577,"comment_status":"closed","ping_status":"open","sticky":false,"template":"","format":"standard","meta":[],"categories":[87,79],"tags":[],"yoast_head":"<!-- This site is optimized with the Yoast SEO plugin v20.11 - https:\/\/yoast.com\/wordpress\/plugins\/seo\/ -->\n<title>Nagroda im. Gombrowicza 2020 \u2013 nominacje - Woblink<\/title>\n<meta name=\"description\" content=\"Nagroda Gombrowicza 2020 \u2013 Joanna Gierak-Onoszko, Dorota Kotas, Barbara Sadurska, Natalka Suszczy\u0144ska, Urszula Zaj\u0105czkowska nominowane!\" \/>\n<meta name=\"robots\" content=\"index, follow, max-snippet:-1, max-image-preview:large, max-video-preview:-1\" \/>\n<link rel=\"canonical\" href=\"https:\/\/woblink.com\/blog\/nagroda-im-gombrowicza-2020-nominacje\/\" \/>\n<meta property=\"og:locale\" content=\"pl_PL\" \/>\n<meta property=\"og:type\" content=\"article\" \/>\n<meta property=\"og:title\" content=\"Nagroda im. Gombrowicza 2020 \u2013 nominacje - Woblink\" \/>\n<meta property=\"og:description\" content=\"Nagroda Gombrowicza 2020 \u2013 Joanna Gierak-Onoszko, Dorota Kotas, Barbara Sadurska, Natalka Suszczy\u0144ska, Urszula Zaj\u0105czkowska nominowane!\" \/>\n<meta property=\"og:url\" content=\"https:\/\/woblink.com\/blog\/nagroda-im-gombrowicza-2020-nominacje\/\" \/>\n<meta property=\"og:site_name\" content=\"Woblink\" \/>\n<meta property=\"article:publisher\" content=\"https:\/\/facebook.com\/woblink\" \/>\n<meta property=\"article:published_time\" content=\"2020-07-01T07:17:39+00:00\" \/>\n<meta property=\"og:image\" content=\"https:\/\/i0.wp.com\/woblink.com\/blog\/wp-content\/uploads\/2020\/07\/nagroda-gombrowicza-woblink.png?fit=1011%2C690&ssl=1\" \/>\n\t<meta property=\"og:image:width\" content=\"1011\" \/>\n\t<meta property=\"og:image:height\" content=\"690\" \/>\n\t<meta property=\"og:image:type\" content=\"image\/png\" \/>\n<meta name=\"author\" content=\"Redakcja Woblinka\" \/>\n<meta name=\"twitter:card\" content=\"summary_large_image\" \/>\n<meta name=\"twitter:creator\" content=\"@woblink_com\" \/>\n<meta name=\"twitter:site\" content=\"@woblink_com\" \/>\n<meta name=\"twitter:label1\" content=\"Napisane przez\" \/>\n\t<meta name=\"twitter:data1\" content=\"Redakcja Woblinka\" \/>\n\t<meta name=\"twitter:label2\" content=\"Szacowany czas czytania\" \/>\n\t<meta name=\"twitter:data2\" content=\"4 minuty\" \/>\n<script type=\"application\/ld+json\" class=\"yoast-schema-graph\">{\"@context\":\"https:\/\/schema.org\",\"@graph\":[{\"@type\":\"Article\",\"@id\":\"https:\/\/woblink.com\/blog\/nagroda-im-gombrowicza-2020-nominacje\/#article\",\"isPartOf\":{\"@id\":\"https:\/\/woblink.com\/blog\/nagroda-im-gombrowicza-2020-nominacje\/\"},\"author\":{\"name\":\"Redakcja Woblinka\",\"@id\":\"https:\/\/woblink.com\/blog\/#\/schema\/person\/8ab6b79d64fa54209272130c4c3b1e95\"},\"headline\":\"Nagroda im. Gombrowicza 2020 \u2013 nominacje\",\"datePublished\":\"2020-07-01T07:17:39+00:00\",\"dateModified\":\"2020-07-01T07:17:39+00:00\",\"mainEntityOfPage\":{\"@id\":\"https:\/\/woblink.com\/blog\/nagroda-im-gombrowicza-2020-nominacje\/\"},\"wordCount\":823,\"publisher\":{\"@id\":\"https:\/\/woblink.com\/blog\/#organization\"},\"articleSection\":[\"Aktualno\u015bci\",\"Nagrody literackie\"],\"inLanguage\":\"pl-PL\"},{\"@type\":\"WebPage\",\"@id\":\"https:\/\/woblink.com\/blog\/nagroda-im-gombrowicza-2020-nominacje\/\",\"url\":\"https:\/\/woblink.com\/blog\/nagroda-im-gombrowicza-2020-nominacje\/\",\"name\":\"Nagroda im. Gombrowicza 2020 \u2013 nominacje - Woblink\",\"isPartOf\":{\"@id\":\"https:\/\/woblink.com\/blog\/#website\"},\"datePublished\":\"2020-07-01T07:17:39+00:00\",\"dateModified\":\"2020-07-01T07:17:39+00:00\",\"description\":\"Nagroda Gombrowicza 2020 \u2013 Joanna Gierak-Onoszko, Dorota Kotas, Barbara Sadurska, Natalka Suszczy\u0144ska, Urszula Zaj\u0105czkowska nominowane!\",\"breadcrumb\":{\"@id\":\"https:\/\/woblink.com\/blog\/nagroda-im-gombrowicza-2020-nominacje\/#breadcrumb\"},\"inLanguage\":\"pl-PL\",\"potentialAction\":[{\"@type\":\"ReadAction\",\"target\":[\"https:\/\/woblink.com\/blog\/nagroda-im-gombrowicza-2020-nominacje\/\"]}]},{\"@type\":\"BreadcrumbList\",\"@id\":\"https:\/\/woblink.com\/blog\/nagroda-im-gombrowicza-2020-nominacje\/#breadcrumb\",\"itemListElement\":[{\"@type\":\"ListItem\",\"position\":1,\"name\":\"Strona g\u0142\u00f3wna\",\"item\":\"https:\/\/woblink.com\/blog\/\"},{\"@type\":\"ListItem\",\"position\":2,\"name\":\"Nagroda im. Gombrowicza 2020 \u2013 nominacje\"}]},{\"@type\":\"WebSite\",\"@id\":\"https:\/\/woblink.com\/blog\/#website\",\"url\":\"https:\/\/woblink.com\/blog\/\",\"name\":\"Woblink\",\"description\":\"najlepszy firmowy blog o ksi\u0105\u017ckach\",\"publisher\":{\"@id\":\"https:\/\/woblink.com\/blog\/#organization\"},\"potentialAction\":[{\"@type\":\"SearchAction\",\"target\":{\"@type\":\"EntryPoint\",\"urlTemplate\":\"https:\/\/woblink.com\/blog\/?s={search_term_string}\"},\"query-input\":\"required name=search_term_string\"}],\"inLanguage\":\"pl-PL\"},{\"@type\":\"Organization\",\"@id\":\"https:\/\/woblink.com\/blog\/#organization\",\"name\":\"Woblink\",\"url\":\"https:\/\/woblink.com\/blog\/\",\"logo\":{\"@type\":\"ImageObject\",\"inLanguage\":\"pl-PL\",\"@id\":\"https:\/\/woblink.com\/blog\/#\/schema\/logo\/image\/\",\"url\":\"https:\/\/i0.wp.com\/woblink.com\/blog\/wp-content\/uploads\/2019\/04\/nw_logoB.png?fit=185%2C42&ssl=1\",\"contentUrl\":\"https:\/\/i0.wp.com\/woblink.com\/blog\/wp-content\/uploads\/2019\/04\/nw_logoB.png?fit=185%2C42&ssl=1\",\"width\":185,\"height\":42,\"caption\":\"Woblink\"},\"image\":{\"@id\":\"https:\/\/woblink.com\/blog\/#\/schema\/logo\/image\/\"},\"sameAs\":[\"https:\/\/facebook.com\/woblink\",\"https:\/\/twitter.com\/woblink_com\",\"https:\/\/www.instagram.com\/woblink_com\",\"https:\/\/www.linkedin.com\/company\/woblink\/\"]},{\"@type\":\"Person\",\"@id\":\"https:\/\/woblink.com\/blog\/#\/schema\/person\/8ab6b79d64fa54209272130c4c3b1e95\",\"name\":\"Redakcja Woblinka\",\"image\":{\"@type\":\"ImageObject\",\"inLanguage\":\"pl-PL\",\"@id\":\"https:\/\/woblink.com\/blog\/#\/schema\/person\/image\/\",\"url\":\"https:\/\/secure.gravatar.com\/avatar\/f23ae80a7c9da060bee5f8310913478b?s=96&d=mm&r=g\",\"contentUrl\":\"https:\/\/secure.gravatar.com\/avatar\/f23ae80a7c9da060bee5f8310913478b?s=96&d=mm&r=g\",\"caption\":\"Redakcja Woblinka\"},\"url\":\"https:\/\/woblink.com\/blog\/author\/krasny\/\"}]}<\/script>\n<!-- \/ Yoast SEO plugin. -->","yoast_head_json":{"title":"Nagroda im. Gombrowicza 2020 \u2013 nominacje - Woblink","description":"Nagroda Gombrowicza 2020 \u2013 Joanna Gierak-Onoszko, Dorota Kotas, Barbara Sadurska, Natalka Suszczy\u0144ska, Urszula Zaj\u0105czkowska nominowane!","robots":{"index":"index","follow":"follow","max-snippet":"max-snippet:-1","max-image-preview":"max-image-preview:large","max-video-preview":"max-video-preview:-1"},"canonical":"https:\/\/woblink.com\/blog\/nagroda-im-gombrowicza-2020-nominacje\/","og_locale":"pl_PL","og_type":"article","og_title":"Nagroda im. Gombrowicza 2020 \u2013 nominacje - Woblink","og_description":"Nagroda Gombrowicza 2020 \u2013 Joanna Gierak-Onoszko, Dorota Kotas, Barbara Sadurska, Natalka Suszczy\u0144ska, Urszula Zaj\u0105czkowska nominowane!","og_url":"https:\/\/woblink.com\/blog\/nagroda-im-gombrowicza-2020-nominacje\/","og_site_name":"Woblink","article_publisher":"https:\/\/facebook.com\/woblink","article_published_time":"2020-07-01T07:17:39+00:00","og_image":[{"width":1011,"height":690,"url":"https:\/\/i0.wp.com\/woblink.com\/blog\/wp-content\/uploads\/2020\/07\/nagroda-gombrowicza-woblink.png?fit=1011%2C690&ssl=1","type":"image\/png"}],"author":"Redakcja Woblinka","twitter_card":"summary_large_image","twitter_creator":"@woblink_com","twitter_site":"@woblink_com","twitter_misc":{"Napisane przez":"Redakcja Woblinka","Szacowany czas czytania":"4 minuty"},"schema":{"@context":"https:\/\/schema.org","@graph":[{"@type":"Article","@id":"https:\/\/woblink.com\/blog\/nagroda-im-gombrowicza-2020-nominacje\/#article","isPartOf":{"@id":"https:\/\/woblink.com\/blog\/nagroda-im-gombrowicza-2020-nominacje\/"},"author":{"name":"Redakcja Woblinka","@id":"https:\/\/woblink.com\/blog\/#\/schema\/person\/8ab6b79d64fa54209272130c4c3b1e95"},"headline":"Nagroda im. Gombrowicza 2020 \u2013 nominacje","datePublished":"2020-07-01T07:17:39+00:00","dateModified":"2020-07-01T07:17:39+00:00","mainEntityOfPage":{"@id":"https:\/\/woblink.com\/blog\/nagroda-im-gombrowicza-2020-nominacje\/"},"wordCount":823,"publisher":{"@id":"https:\/\/woblink.com\/blog\/#organization"},"articleSection":["Aktualno\u015bci","Nagrody literackie"],"inLanguage":"pl-PL"},{"@type":"WebPage","@id":"https:\/\/woblink.com\/blog\/nagroda-im-gombrowicza-2020-nominacje\/","url":"https:\/\/woblink.com\/blog\/nagroda-im-gombrowicza-2020-nominacje\/","name":"Nagroda im. Gombrowicza 2020 \u2013 nominacje - Woblink","isPartOf":{"@id":"https:\/\/woblink.com\/blog\/#website"},"datePublished":"2020-07-01T07:17:39+00:00","dateModified":"2020-07-01T07:17:39+00:00","description":"Nagroda Gombrowicza 2020 \u2013 Joanna Gierak-Onoszko, Dorota Kotas, Barbara Sadurska, Natalka Suszczy\u0144ska, Urszula Zaj\u0105czkowska nominowane!","breadcrumb":{"@id":"https:\/\/woblink.com\/blog\/nagroda-im-gombrowicza-2020-nominacje\/#breadcrumb"},"inLanguage":"pl-PL","potentialAction":[{"@type":"ReadAction","target":["https:\/\/woblink.com\/blog\/nagroda-im-gombrowicza-2020-nominacje\/"]}]},{"@type":"BreadcrumbList","@id":"https:\/\/woblink.com\/blog\/nagroda-im-gombrowicza-2020-nominacje\/#breadcrumb","itemListElement":[{"@type":"ListItem","position":1,"name":"Strona g\u0142\u00f3wna","item":"https:\/\/woblink.com\/blog\/"},{"@type":"ListItem","position":2,"name":"Nagroda im. Gombrowicza 2020 \u2013 nominacje"}]},{"@type":"WebSite","@id":"https:\/\/woblink.com\/blog\/#website","url":"https:\/\/woblink.com\/blog\/","name":"Woblink","description":"najlepszy firmowy blog o ksi\u0105\u017ckach","publisher":{"@id":"https:\/\/woblink.com\/blog\/#organization"},"potentialAction":[{"@type":"SearchAction","target":{"@type":"EntryPoint","urlTemplate":"https:\/\/woblink.com\/blog\/?s={search_term_string}"},"query-input":"required name=search_term_string"}],"inLanguage":"pl-PL"},{"@type":"Organization","@id":"https:\/\/woblink.com\/blog\/#organization","name":"Woblink","url":"https:\/\/woblink.com\/blog\/","logo":{"@type":"ImageObject","inLanguage":"pl-PL","@id":"https:\/\/woblink.com\/blog\/#\/schema\/logo\/image\/","url":"https:\/\/i0.wp.com\/woblink.com\/blog\/wp-content\/uploads\/2019\/04\/nw_logoB.png?fit=185%2C42&ssl=1","contentUrl":"https:\/\/i0.wp.com\/woblink.com\/blog\/wp-content\/uploads\/2019\/04\/nw_logoB.png?fit=185%2C42&ssl=1","width":185,"height":42,"caption":"Woblink"},"image":{"@id":"https:\/\/woblink.com\/blog\/#\/schema\/logo\/image\/"},"sameAs":["https:\/\/facebook.com\/woblink","https:\/\/twitter.com\/woblink_com","https:\/\/www.instagram.com\/woblink_com","https:\/\/www.linkedin.com\/company\/woblink\/"]},{"@type":"Person","@id":"https:\/\/woblink.com\/blog\/#\/schema\/person\/8ab6b79d64fa54209272130c4c3b1e95","name":"Redakcja Woblinka","image":{"@type":"ImageObject","inLanguage":"pl-PL","@id":"https:\/\/woblink.com\/blog\/#\/schema\/person\/image\/","url":"https:\/\/secure.gravatar.com\/avatar\/f23ae80a7c9da060bee5f8310913478b?s=96&d=mm&r=g","contentUrl":"https:\/\/secure.gravatar.com\/avatar\/f23ae80a7c9da060bee5f8310913478b?s=96&d=mm&r=g","caption":"Redakcja Woblinka"},"url":"https:\/\/woblink.com\/blog\/author\/krasny\/"}]}},"jetpack_featured_media_url":"https:\/\/i0.wp.com\/woblink.com\/blog\/wp-content\/uploads\/2020\/07\/nagroda-gombrowicza-woblink.png?fit=1011%2C690&ssl=1","_links":{"self":[{"href":"https:\/\/woblink.com\/blog\/wp-json\/wp\/v2\/posts\/2573"}],"collection":[{"href":"https:\/\/woblink.com\/blog\/wp-json\/wp\/v2\/posts"}],"about":[{"href":"https:\/\/woblink.com\/blog\/wp-json\/wp\/v2\/types\/post"}],"author":[{"embeddable":true,"href":"https:\/\/woblink.com\/blog\/wp-json\/wp\/v2\/users\/7"}],"replies":[{"embeddable":true,"href":"https:\/\/woblink.com\/blog\/wp-json\/wp\/v2\/comments?post=2573"}],"version-history":[{"count":2,"href":"https:\/\/woblink.com\/blog\/wp-json\/wp\/v2\/posts\/2573\/revisions"}],"predecessor-version":[{"id":2626,"href":"https:\/\/woblink.com\/blog\/wp-json\/wp\/v2\/posts\/2573\/revisions\/2626"}],"wp:featuredmedia":[{"embeddable":true,"href":"https:\/\/woblink.com\/blog\/wp-json\/wp\/v2\/media\/2577"}],"wp:attachment":[{"href":"https:\/\/woblink.com\/blog\/wp-json\/wp\/v2\/media?parent=2573"}],"wp:term":[{"taxonomy":"category","embeddable":true,"href":"https:\/\/woblink.com\/blog\/wp-json\/wp\/v2\/categories?post=2573"},{"taxonomy":"post_tag","embeddable":true,"href":"https:\/\/woblink.com\/blog\/wp-json\/wp\/v2\/tags?post=2573"}],"curies":[{"name":"wp","href":"https:\/\/api.w.org\/{rel}","templated":true}]}}