{"id":2580,"date":"2020-07-01T16:31:29","date_gmt":"2020-07-01T14:31:29","guid":{"rendered":"https:\/\/woblink.com\/blog\/?p=2580"},"modified":"2020-07-02T09:26:23","modified_gmt":"2020-07-02T07:26:23","slug":"bestsellery-woblinka-top-100-ksiazek-pierwszej-polowy-roku-2020-roku","status":"publish","type":"post","link":"https:\/\/woblink.com\/blog\/bestsellery-woblinka-top-100-ksiazek-pierwszej-polowy-roku-2020-roku\/","title":{"rendered":"Bestsellery Woblinka: Top 100 ebook\u00f3w pierwszej po\u0142owy 2020 roku"},"content":{"rendered":"<h4>Sze\u015b\u0107 miesi\u0119cy min\u0119\u0142o jak jeden dzie\u0144! P\u00f3\u0142 roku za nami, pora na przedstawienie wam najlepiej sprzedaj\u0105cych si\u0119 tytu\u0142\u00f3w tego p\u00f3\u0142rocza w ksi\u0119garni internetowej Woblink! W pierwszej dziesi\u0105tce znalaz\u0142o si\u0119 a\u017c sze\u015b\u0107 krymina\u0142\u00f3w, ale w czo\u0142\u00f3wce jest r\u00f3wnie\u017c reporta\u017c, poradnik i thriller. Zobaczcie koniecznie zestawienie ebookowych bestseller\u00f3w pierwszej po\u0142owy 2020 roku!<\/h4>\n<p><!--more--><\/p>\n<h3 style=\"text-align: center;\"><strong>Bestsellery \u2013 Top 100 ksi\u0105\u017cek pierwszej po\u0142owy roku<\/strong><br \/>\n<strong>1-10<\/strong><\/h3>\n<h4>1. Ekstradycja &#8211; Remigiusz Mr\u00f3z<\/h4>\n<p>Pierwsze miejsce na li\u015bcie 100 najcz\u0119\u015bciej kupowanych ksi\u0105\u017cek w tym roku przypad\u0142o Remigiuszowi Mrozowi i jego powie\u015bci \u201eEkstradycja\u201d. To jedenasty tom bestsellerowego cyklu z Joann\u0105 Chy\u0142k\u0105 w roli g\u0142\u00f3wnej.<\/p>\n<p>Od czasu ucieczki Chy\u0142ki z kraju min\u0119\u0142o ju\u017c kilka miesi\u0119cy. Kobieta nie zostawi\u0142a po sobie nawet najmniejszego \u015bladu. \u017badne s\u0142u\u017cby si\u0119 s\u0105 w stanie jej odnale\u017a\u0107. Przez ca\u0142y ten czas nie skontaktowa\u0142a si\u0119 z ani jedn\u0105 osob\u0105 w Polsce. Nawet Kordian nie wierzy ju\u017c, \u017ce Joanna Chy\u0142ka znajdzie spos\u00f3b, aby si\u0119 do niego odezwa\u0107. Tymczasem Ory\u0144ski przejmuje spraw\u0119 m\u0119\u017cczyzny, kt\u00f3ry w\u0142a\u015bnie wybudzi\u0142 si\u0119 z trwaj\u0105cej rok \u015bpi\u0105czki. Witalij Demczenko zosta\u0142 oskar\u017cony o wtargni\u0119cie do jednej z warszawskich restauracji i zastrzelenie trzech os\u00f3b. S\u0142u\u017cbom nie uda\u0142o si\u0119 znale\u017a\u0107 narz\u0119dzia zbrodni ani \u015bwiadk\u00f3w czy te\u017c ustali\u0107 motywu. Co wi\u0119cej m\u0119\u017cczyzna nie pami\u0119ta prawie nic z tego, co wydarzy\u0142o si\u0119 przed jego \u015bpi\u0105czk\u0105. Pami\u0119ta tylko jedno &#8211; ma dla Ory\u0144skiego wiadomo\u015b\u0107 od Chy\u0142ki.<\/p>\n<figure id=\"attachment_2583\" aria-describedby=\"caption-attachment-2583\" style=\"width: 198px\" class=\"wp-caption aligncenter\"><a href=\"https:\/\/woblink.com\/ebook\/ekstradycja-remigiusz-mr-oz-183494u\"><img decoding=\"async\" loading=\"lazy\" class=\"wp-image-2583 size-medium\" src=\"https:\/\/i0.wp.com\/woblink.com\/blog\/wp-content\/uploads\/2020\/07\/5e819b9ec0870.jpeg?resize=198%2C300&#038;ssl=1\" alt=\"\" width=\"198\" height=\"300\" srcset=\"https:\/\/i0.wp.com\/woblink.com\/blog\/wp-content\/uploads\/2020\/07\/5e819b9ec0870.jpeg?resize=198%2C300&amp;ssl=1 198w, https:\/\/i0.wp.com\/woblink.com\/blog\/wp-content\/uploads\/2020\/07\/5e819b9ec0870.jpeg?w=565&amp;ssl=1 565w\" sizes=\"(max-width: 198px) 100vw, 198px\" data-recalc-dims=\"1\" \/><\/a><figcaption id=\"caption-attachment-2583\" class=\"wp-caption-text\"><center><strong>Kup <a href=\"https:\/\/woblink.com\/ksiazka\/ekstradycja-remigiusz-mr-oz-184279\">ksi\u0105\u017ck\u0119<\/a>, <a href=\"https:\/\/woblink.com\/ebook\/ekstradycja-remigiusz-mr-oz-183494u\">ebooka<\/a> lub <a href=\"https:\/\/woblink.com\/audiobook\/ekstradycja-remigiusz-mr-oz-184176\">audiobooka<\/a> na Woblink.com<\/strong><\/center><\/figcaption><\/figure>\n<h4>2. 27 \u015bmierci Toby&#8217;ego Obeda &#8211; Joanna Gierak-Onoszko<\/h4>\n<p>Na drugim miejscu bestseller\u00f3w p\u00f3\u0142roczna znalaz\u0142a si\u0119 ksi\u0105\u017cka Joanny Gierak-Onoszko \u201e27 \u015bmierci Toby\u2019ego Obeda\u201d. G\u0142ownem &#8222;bohaterem&#8221; jest tu Kanada &#8211; autorka odkrywa przed czytelnikami mroczn\u0105 stron\u0119 kraju, kt\u00f3ry w powszechnej \u015bwiadomo\u015bci uwa\u017cany jest za tolerancyjny i kulturalny. Tymczasem prawda o Kanadzie jest du\u017co bardziej z\u0142o\u017cona. Reporta\u017c \u201e27 \u015bmierci Toby\u2019ego Obeda\u201d otrzyma\u0142 Nagrod\u0119 Publiczno\u015bci Nagrody im. Ryszarda Kapu\u015bci\u0144skiego.<\/p>\n<figure id=\"attachment_2584\" aria-describedby=\"caption-attachment-2584\" style=\"width: 199px\" class=\"wp-caption aligncenter\"><a href=\"https:\/\/woblink.com\/ebook\/27-smierci-toby-ego-obeda-joanna-gierak-onoszko-175300u\"><img decoding=\"async\" loading=\"lazy\" class=\"wp-image-2584 size-medium\" src=\"https:\/\/i0.wp.com\/woblink.com\/blog\/wp-content\/uploads\/2020\/07\/5e816d6e9fdd8.png?resize=199%2C300&#038;ssl=1\" alt=\"\" width=\"199\" height=\"300\" srcset=\"https:\/\/i0.wp.com\/woblink.com\/blog\/wp-content\/uploads\/2020\/07\/5e816d6e9fdd8.png?resize=199%2C300&amp;ssl=1 199w, https:\/\/i0.wp.com\/woblink.com\/blog\/wp-content\/uploads\/2020\/07\/5e816d6e9fdd8.png?w=567&amp;ssl=1 567w\" sizes=\"(max-width: 199px) 100vw, 199px\" data-recalc-dims=\"1\" \/><\/a><figcaption id=\"caption-attachment-2584\" class=\"wp-caption-text\"><center><strong>Kup <a href=\"https:\/\/woblink.com\/ksiazka\/27-smierc-toby-ego-obeda--151532\">ksi\u0105\u017ck\u0119<\/a>, <a href=\"https:\/\/woblink.com\/ebook\/27-smierci-toby-ego-obeda-joanna-gierak-onoszko-175300u\">ebooka<\/a> lub <a href=\"https:\/\/woblink.com\/audiobook\/27-smierci-toby-ego-obeda-joanna-gierak-onoszko-175836\">audiobooka<\/a> na Woblink.com<\/strong><\/center><\/figcaption><\/figure>\n<h4>3. Wyrwa &#8211; Wojciech Chmielarz<\/h4>\n<p>\u015acis\u0142e podium zamyka \u201eWyrwa\u201d. To najnowsza powie\u015b\u0107 Wojciecha Chmielarza b\u0119d\u0105ca po\u0142\u0105czeniem powie\u015bci obyczajowej z pe\u0142nym napi\u0119cia thrillerem . \u201eWyrwa\u201d jest opowie\u015bci\u0105 o dw\u00f3ch zupe\u0142nie r\u00f3\u017cnych m\u0119\u017cczyznach, kt\u00f3rych \u0142\u0105czy jedna kobieta i pewna tajemnica, kt\u00f3r\u0105 b\u0119d\u0105 chcieli rozwik\u0142a\u0107 za wszelk\u0105 cen\u0119. To tak\u017ce historia rozpaczy, straty i tego, jak trudne jest po\u017cegnanie ukochanej osoby. Powie\u015b\u0107 pe\u0142na jest trudnych uczu\u0107, skomplikowanych przyja\u017ani i b\u0142\u0119d\u00f3w, za jakie przyjdzie zap\u0142aci\u0107 bardzo wysok\u0105 cen\u0119. Autor pokazuje tak\u017ce, jak ma\u0142o mo\u017cna wiedzie\u0107 o kim\u015b, z kim mieszka si\u0119 pod jednym dachem.<\/p>\n<figure id=\"attachment_2585\" aria-describedby=\"caption-attachment-2585\" style=\"width: 193px\" class=\"wp-caption aligncenter\"><a href=\"https:\/\/woblink.com\/ebook\/wyrwa-wojciech-chmielarz-186269u\"><img decoding=\"async\" loading=\"lazy\" class=\"wp-image-2585 size-medium\" src=\"https:\/\/i0.wp.com\/woblink.com\/blog\/wp-content\/uploads\/2020\/07\/5ed503cc170fe.jpeg?resize=193%2C300&#038;ssl=1\" alt=\"\" width=\"193\" height=\"300\" srcset=\"https:\/\/i0.wp.com\/woblink.com\/blog\/wp-content\/uploads\/2020\/07\/5ed503cc170fe.jpeg?resize=193%2C300&amp;ssl=1 193w, https:\/\/i0.wp.com\/woblink.com\/blog\/wp-content\/uploads\/2020\/07\/5ed503cc170fe.jpeg?w=550&amp;ssl=1 550w\" sizes=\"(max-width: 193px) 100vw, 193px\" data-recalc-dims=\"1\" \/><\/a><figcaption id=\"caption-attachment-2585\" class=\"wp-caption-text\"><center><strong>Kup <a href=\"https:\/\/woblink.com\/ksiazka\/wyrwa-wojciech-chmielarz-185553\">ksi\u0105\u017ck\u0119<\/a>, <a href=\"https:\/\/woblink.com\/ebook\/wyrwa-wojciech-chmielarz-186269u\">ebooka<\/a> lub <a href=\"https:\/\/woblink.com\/audiobook\/wyrwa-wojciech-chmielarz-186844\">audiobooka<\/a> na Woblink.com<\/strong><\/center><\/figcaption><\/figure>\n<h4><\/h4>\n<h4>4. Kochaj najlepiej, jak potrafisz! &#8211; Stefanie Stahl<\/h4>\n<p>Na kolejnym miejscu znalaz\u0142 si\u0119 poradnik niemieckiej psycholo\u017cki i terapeutki Stefanie Stahl. W \u201eKochaj najlepiej, jak potrafisz!\u201d pisze przede wszystkim o relacjach mi\u0119dzyludzkich oraz o tym, \u017ce ka\u017cdy cz\u0142owiek ma w sobie potencja\u0142 do stworzenia satysfakcjonuj\u0105cego zwi\u0105zku.<\/p>\n<figure id=\"attachment_2586\" aria-describedby=\"caption-attachment-2586\" style=\"width: 198px\" class=\"wp-caption aligncenter\"><a href=\"https:\/\/woblink.com\/ebook\/kochaj-najlepiej-jak-potrafisz-stefanie-stahl-177473u\"><img decoding=\"async\" loading=\"lazy\" class=\"wp-image-2586 size-medium\" src=\"https:\/\/i0.wp.com\/woblink.com\/blog\/wp-content\/uploads\/2020\/07\/5e817be417e33.jpeg?resize=198%2C300&#038;ssl=1\" alt=\"\" width=\"198\" height=\"300\" srcset=\"https:\/\/i0.wp.com\/woblink.com\/blog\/wp-content\/uploads\/2020\/07\/5e817be417e33.jpeg?resize=198%2C300&amp;ssl=1 198w, https:\/\/i0.wp.com\/woblink.com\/blog\/wp-content\/uploads\/2020\/07\/5e817be417e33.jpeg?w=563&amp;ssl=1 563w\" sizes=\"(max-width: 198px) 100vw, 198px\" data-recalc-dims=\"1\" \/><\/a><figcaption id=\"caption-attachment-2586\" class=\"wp-caption-text\"><center><strong>Kup <a href=\"https:\/\/woblink.com\/ksiazka\/kochaj-najlepiej-jak-potrafisz-o-sztuce-bycia-razem-stefanie-stahl-178103\">ksi\u0105\u017ck\u0119<\/a> lub <a href=\"https:\/\/woblink.com\/ebook\/kochaj-najlepiej-jak-potrafisz-stefanie-stahl-177473u\">ebooka<\/a> na Woblink.com<\/strong><\/center><\/figcaption><\/figure>\n<h4>5. Szczelina &#8211; Jozef Karika<\/h4>\n<p>\u201eSzczelina\u201d od miesi\u0119cy nie znika z listy najch\u0119tniej kupowanych ebook\u00f3w na Woblink.com. To klimatyczny horror opowiadaj\u0105cy o zagadkowych zagini\u0119ciach do jakich dochodzi na s\u0142owackim Trybeczu. O tym miejscu od lat kr\u0105\u017c\u0105 legendy \u2013 ludzie znikaj\u0105 bez wie\u015bci, w okolicy dochodzi do tajemniczych zjawisk paranormalnych. Jozef Karika postanowi\u0142 wykorzysta\u0107 je i napisa\u0107 powie\u015b\u0107, w kt\u00f3rej jawa i sen przenikaj\u0105 si\u0119, a czytelnik po zako\u0144czonej lekturze nie mo\u017ce by\u0107 pewny mia\u0142 do czynienia z fikcj\u0105 literack\u0105 czy mo\u017ce przera\u017caj\u0105c\u0105 prawd\u0105.<\/p>\n<figure id=\"attachment_2587\" aria-describedby=\"caption-attachment-2587\" style=\"width: 192px\" class=\"wp-caption aligncenter\"><a href=\"https:\/\/woblink.com\/ebook\/szczelina-jozef-karika-joanna-betlej-138986u\"><img decoding=\"async\" loading=\"lazy\" class=\"wp-image-2587 size-medium\" src=\"https:\/\/i0.wp.com\/woblink.com\/blog\/wp-content\/uploads\/2020\/07\/5e81763aa5001.jpeg?resize=192%2C300&#038;ssl=1\" alt=\"\" width=\"192\" height=\"300\" srcset=\"https:\/\/i0.wp.com\/woblink.com\/blog\/wp-content\/uploads\/2020\/07\/5e81763aa5001.jpeg?resize=192%2C300&amp;ssl=1 192w, https:\/\/i0.wp.com\/woblink.com\/blog\/wp-content\/uploads\/2020\/07\/5e81763aa5001.jpeg?w=548&amp;ssl=1 548w\" sizes=\"(max-width: 192px) 100vw, 192px\" data-recalc-dims=\"1\" \/><\/a><figcaption id=\"caption-attachment-2587\" class=\"wp-caption-text\"><center><strong>Kup <a href=\"https:\/\/woblink.com\/ksiazka\/szczelina-jozef-karika-139483\">ksi\u0105\u017ck\u0119<\/a> lub <a href=\"https:\/\/woblink.com\/ebook\/szczelina-jozef-karika-joanna-betlej-138986u\">ebooka<\/a> na Woblink.com<\/strong><\/center><\/figcaption><\/figure>\n<h4>6. G\u0142osy z za\u015bwiat\u00f3w &#8211; Remigiusz Mr\u00f3z<\/h4>\n<p><span style=\"font-weight: 400;\">Na sz\u00f3stym miejscu plasuj\u0105 si\u0119 \u201eG\u0142osy z za\u015bwiat\u00f3w\u201d czyli kontynuacja \u201eList\u00f3w zza grobu\u201d Remigiusza Mroza. G\u0142\u00f3wny bohater cyklu Seweryn Zaorski zaczyna uk\u0142ada\u0107 swoje \u017cycie od nowa. Niestety do zak\u0142adu patomorfologii w \u017beromicach zaczynaj\u0105 trafia\u0107 zw\u0142oki dzieci z ca\u0142ej okolicy. Ci\u0119\u017cko ustali\u0107 \u015bledczym, co jest przyczyn\u0105 tajemniczych zgon\u00f3w. \u017badne \u015blady nie wskazuj\u0105 na to, \u017ce dzieci zosta\u0142y zamordowane. Jak zatem zgin\u0119\u0142y?\u00a0<\/span><\/p>\n<figure id=\"attachment_2588\" aria-describedby=\"caption-attachment-2588\" style=\"width: 199px\" class=\"wp-caption aligncenter\"><a href=\"https:\/\/woblink.com\/ebook\/glosy-z-za-swiat-ow-remigiusz-mr-oz-177591u\"><img decoding=\"async\" loading=\"lazy\" class=\"wp-image-2588 size-medium\" src=\"https:\/\/i0.wp.com\/woblink.com\/blog\/wp-content\/uploads\/2020\/07\/5e817d9e13ef1.jpeg?resize=199%2C300&#038;ssl=1\" alt=\"\" width=\"199\" height=\"300\" srcset=\"https:\/\/i0.wp.com\/woblink.com\/blog\/wp-content\/uploads\/2020\/07\/5e817d9e13ef1.jpeg?resize=199%2C300&amp;ssl=1 199w, https:\/\/i0.wp.com\/woblink.com\/blog\/wp-content\/uploads\/2020\/07\/5e817d9e13ef1.jpeg?w=566&amp;ssl=1 566w\" sizes=\"(max-width: 199px) 100vw, 199px\" data-recalc-dims=\"1\" \/><\/a><figcaption id=\"caption-attachment-2588\" class=\"wp-caption-text\"><center><strong>Kup <a href=\"https:\/\/woblink.com\/ksiazka\/glosy-z-za-swiat-ow-remigiusz-mr-oz-178864\">ksi\u0105\u017ck\u0119<\/a>, <a href=\"https:\/\/woblink.com\/ebook\/glosy-z-za-swiat-ow-remigiusz-mr-oz-177591u\">ebooka<\/a> lub <a href=\"https:\/\/woblink.com\/audiobook\/glosy-z-za-swiat-ow-remigiusz-mr-oz-177955\">audiobooka<\/a> na Woblink.com<\/strong><\/center><\/figcaption><\/figure>\n<h4>7. Pomocnik kata &#8211; Marek Krajewski<\/h4>\n<p><span style=\"font-weight: 400;\">Na si\u00f3dmym miejscu uplasowa\u0142a si\u0119 powie\u015b\u0107\u00a0 pt. \u201ePomocnik kata\u201d, najnowsza ksi\u0105\u017cka Marka Krajewskiego. Jest to kolejny, po \u201eDziewczynie o czterech palcach\u201d, powie\u015b\u0107 stricte szpiegowska o przygodach Edwarda Popielskiego. Fabu\u0142a ksi\u0105\u017cki rozpoczyna si\u0119 w czerwcu 1927 roku. Trwa napi\u0119cie mi\u0119dzy ZSRR i Polsk\u0105. Na warszawskim dworcu zastrzelony zostaje ambasador Zwi\u0105zku Radzieckiego. Do akcji wkracza Edward Popielski, funkcjonariusz tajnych s\u0142u\u017cb Rzeczpospolitej.<\/span><\/p>\n<figure id=\"attachment_2589\" aria-describedby=\"caption-attachment-2589\" style=\"width: 204px\" class=\"wp-caption aligncenter\"><a href=\"https:\/\/woblink.com\/ebook\/pomocnik-kata-marek-krajewski-186510u\"><img decoding=\"async\" loading=\"lazy\" class=\"wp-image-2589 size-medium\" src=\"https:\/\/i0.wp.com\/woblink.com\/blog\/wp-content\/uploads\/2020\/07\/5eb40701ae036.jpeg?resize=204%2C300&#038;ssl=1\" alt=\"\" width=\"204\" height=\"300\" srcset=\"https:\/\/i0.wp.com\/woblink.com\/blog\/wp-content\/uploads\/2020\/07\/5eb40701ae036.jpeg?resize=204%2C300&amp;ssl=1 204w, https:\/\/i0.wp.com\/woblink.com\/blog\/wp-content\/uploads\/2020\/07\/5eb40701ae036.jpeg?w=570&amp;ssl=1 570w\" sizes=\"(max-width: 204px) 100vw, 204px\" data-recalc-dims=\"1\" \/><\/a><figcaption id=\"caption-attachment-2589\" class=\"wp-caption-text\"><center><strong>Kup <a href=\"https:\/\/woblink.com\/audiobook\/pomocnik-kata-marek-krajewski-187772\">audiobooka<\/a> lub <a href=\"https:\/\/woblink.com\/ebook\/pomocnik-kata-marek-krajewski-186510u\">ebooka<\/a> na Woblink.com<\/strong><\/center><\/figcaption><\/figure>\n<h4>8. Zadra &#8211; Robert Ma\u0142ecki<\/h4>\n<p><span style=\"font-weight: 400;\">Na \u00f3smym miejscu ebookowych bestseller\u00f3w pierwszej po\u0142owy 2020 roku znalaz\u0142a si\u0119 \u201eZadra\u201d \u2013 najnowszy krymina\u0142 Roberta Ma\u0142eckiego, laureata Nagrody Wielkiego Kalibru. \u201eZadra\u201d to trzecia cz\u0119\u015b\u0107 cyklu z komisarzem Bernardem Grossem w roli g\u0142\u00f3wnej. Policjant bada spraw\u0119 ko\u015bci odnalezionych niedaleko Grodna. \u015awie\u017ce tropy prowadz\u0105 go do sprawy tajemniczego zagini\u0119cia student\u00f3w sprzed wielu lat. Prawda do jakiej dociera Gross okazuje si\u0119 zatrwa\u017caj\u0105ca. \u201eZadra\u201d jest mroczn\u0105 opowie\u015bci\u0105 o \u015bmierci i o niszcz\u0105cej sile mi\u0142o\u015bci.\u00a0<\/span><\/p>\n<figure id=\"attachment_2590\" aria-describedby=\"caption-attachment-2590\" style=\"width: 188px\" class=\"wp-caption aligncenter\"><a href=\"https:\/\/woblink.com\/ebook\/zadra-robert-malecki-177312u\"><img decoding=\"async\" loading=\"lazy\" class=\"wp-image-2590 size-medium\" src=\"https:\/\/i0.wp.com\/woblink.com\/blog\/wp-content\/uploads\/2020\/07\/5e81788fbbfbd.jpeg?resize=188%2C300&#038;ssl=1\" alt=\"\" width=\"188\" height=\"300\" srcset=\"https:\/\/i0.wp.com\/woblink.com\/blog\/wp-content\/uploads\/2020\/07\/5e81788fbbfbd.jpeg?resize=188%2C300&amp;ssl=1 188w, https:\/\/i0.wp.com\/woblink.com\/blog\/wp-content\/uploads\/2020\/07\/5e81788fbbfbd.jpeg?w=536&amp;ssl=1 536w\" sizes=\"(max-width: 188px) 100vw, 188px\" data-recalc-dims=\"1\" \/><\/a><figcaption id=\"caption-attachment-2590\" class=\"wp-caption-text\"><center><strong>Kup <a href=\"https:\/\/woblink.com\/ksiazka\/zadra-robert-malecki-178575\">ksi\u0105\u017ck\u0119<\/a>, <a href=\"https:\/\/woblink.com\/ebook\/zadra-robert-malecki-177312u\">ebooka<\/a> lub <a href=\"https:\/\/woblink.com\/audiobook\/zadra-robert-malecki-177503\">audiobooka<\/a> na Woblink.com<\/strong><\/center><\/figcaption><\/figure>\n<h4>9. Odkryj swoje wewn\u0119trzne dziecko &#8211; Stefanie Stahl<\/h4>\n<p>\u201eOdkryj swoje wewn\u0119trzne dziecko\u201d to poradnik niemieckiej specjalistki zajmuj\u0105cej si\u0119 tematami mi\u0142o\u015bci, poczucia w\u0142asnej warto\u015bci, l\u0119ku przed wchodzeniem w bli\u017csze relacje. Z zawodu jest psychologiem i terapeut\u0105. W swoim bestsellerze, kt\u00f3ry w samych Niemczech sprzeda\u0142 si\u0119 w nak\u0142adzie przesz\u0142o miliona egzemplarzy, pisze o odkrywaniu w sobie wewn\u0119trznego dziecka, kt\u00f3re mo\u017ce by\u0107 odpowiedzialne za to, jak i dlaczego. prowadzimy konflikty. Autorka daje kilka wskaz\u00f3wek, jak odkry\u0107, zaakceptowa\u0107 i zaprzyja\u017ani\u0107 si\u0119 z drzemi\u0105c\u0105 w nas m\u0142odzie\u0144cz\u0105 energi\u0105.<\/p>\n<figure id=\"attachment_2591\" aria-describedby=\"caption-attachment-2591\" style=\"width: 198px\" class=\"wp-caption aligncenter\"><a href=\"https:\/\/woblink.com\/ebook\/odkryj-swoje-wewnetrzne-dziecko-stefanie-stahl-171619u\"><img decoding=\"async\" loading=\"lazy\" class=\"wp-image-2591 size-medium\" src=\"https:\/\/i0.wp.com\/woblink.com\/blog\/wp-content\/uploads\/2020\/07\/5e81403f2b208.jpeg?resize=198%2C300&#038;ssl=1\" alt=\"\" width=\"198\" height=\"300\" srcset=\"https:\/\/i0.wp.com\/woblink.com\/blog\/wp-content\/uploads\/2020\/07\/5e81403f2b208.jpeg?resize=198%2C300&amp;ssl=1 198w, https:\/\/i0.wp.com\/woblink.com\/blog\/wp-content\/uploads\/2020\/07\/5e81403f2b208.jpeg?w=563&amp;ssl=1 563w\" sizes=\"(max-width: 198px) 100vw, 198px\" data-recalc-dims=\"1\" \/><\/a><figcaption id=\"caption-attachment-2591\" class=\"wp-caption-text\"><center><strong>Kup <a href=\"https:\/\/woblink.com\/ksiazka\/odkryj-swoje-wewnetrzne-dziecko-klucz-do-rozwiazania-prawie-wszystkich-problem-ow-stefanie-stahl-163697\">ksi\u0105\u017ck\u0119<\/a> lub <a href=\"https:\/\/woblink.com\/ebook\/odkryj-swoje-wewnetrzne-dziecko-stefanie-stahl-171619u\">ebooka<\/a> na Woblink.com<\/strong><\/center><\/figcaption><\/figure>\n<h4>10. Szad\u017a &#8211; Igor Brejdygant<\/h4>\n<p>Premiera nowego serialu, kt\u00f3ra powsta\u0142 na podstawie powie\u015bci Igora Brejdyganta pt. \u201eSzad\u017a\u201d, przyni\u00f3s\u0142 ksi\u0105\u017cce drugie \u017cycie. G\u0142\u00f3wn\u0105 bohaterk\u0105 jest komisarz Agnieszka Polkowska, policjantka \u015bledcza znana z twardych metod pracy, ci\u0119tego j\u0119zyka i nieprzeci\u0119tnej inteligencji. Jest te\u017c bardzo oddana swojej pracy, bardzo osobi\u015bcie odnosi si\u0119 do prowadzonych \u015bledztw. Tym razem b\u0119dzie musia\u0142a stawi\u0107 czo\u0142a rozwi\u0105zania sprawy brutalnych morderstw pope\u0142nianych przez chorego psychicznie m\u0119\u017cczyzn\u0119.<\/p>\n<figure id=\"attachment_2592\" aria-describedby=\"caption-attachment-2592\" style=\"width: 193px\" class=\"wp-caption aligncenter\"><a href=\"https:\/\/woblink.com\/ebook\/szad-z-igor-brejdygant-188360u\"><img decoding=\"async\" loading=\"lazy\" class=\"wp-image-2592 size-medium\" src=\"https:\/\/i0.wp.com\/woblink.com\/blog\/wp-content\/uploads\/2020\/07\/5ed6ccb16afc8.jpeg?resize=193%2C300&#038;ssl=1\" alt=\"\" width=\"193\" height=\"300\" srcset=\"https:\/\/i0.wp.com\/woblink.com\/blog\/wp-content\/uploads\/2020\/07\/5ed6ccb16afc8.jpeg?resize=193%2C300&amp;ssl=1 193w, https:\/\/i0.wp.com\/woblink.com\/blog\/wp-content\/uploads\/2020\/07\/5ed6ccb16afc8.jpeg?w=550&amp;ssl=1 550w\" sizes=\"(max-width: 193px) 100vw, 193px\" data-recalc-dims=\"1\" \/><\/a><figcaption id=\"caption-attachment-2592\" class=\"wp-caption-text\"><center><strong>Kup <a href=\"https:\/\/woblink.com\/audiobook\/szad-z-igor-brejdygant-164228\">audiobooka<\/a> lub <a href=\"https:\/\/woblink.com\/ebook\/szad-z-igor-brejdygant-188360u\">ebooka<\/a> na Woblink.com<\/strong><\/center><\/figcaption><\/figure>\n<h3 style=\"text-align: center;\"><strong>Bestsellery \u2013 <\/strong><strong>Top 100 ksi\u0105\u017cek pierwszej po\u0142owy roku<\/strong><br \/>\n<strong>11-20<\/strong><\/h3>\n<p>11. <strong><a href=\"https:\/\/woblink.com\/ebook\/zimowla-dominika-slowik-161676u\">Zimowla<\/a><\/strong><br \/>\n12. <strong><a href=\"https:\/\/woblink.com\/ebook\/wyloguj-sw-oj-m-ozg-anders-hansen-177265u\">Wyloguj sw\u00f3j m\u00f3zg<\/a><\/strong><br \/>\n13. <strong><a href=\"https:\/\/woblink.com\/ebook\/-swiatlo-w-srodku-nocy-jojo-moyes-178073u\">\u015awiat\u0142o w \u015brodku nocy<\/a><\/strong><br \/>\n14. <strong><a href=\"https:\/\/woblink.com\/ebook\/podr-oz-cilki-anna-pol-heather-morris-kaja-gucio-olech-michal-177189u\">Podr\u00f3\u017c Cilki<\/a><\/strong><br \/>\n15. <strong><a href=\"https:\/\/woblink.com\/ebook\/dzentelmen-w-moskwie-amor-towles-31861u\">D\u017centelmen w Moskwie<\/a><\/strong><br \/>\n16. <strong><a href=\"https:\/\/woblink.com\/ebook\/ciemno-s-c-jozef-karika-178319u\">Ciemno\u015b\u0107<\/a><\/strong><br \/>\n17. <strong><a href=\"https:\/\/woblink.com\/ebook\/zaufasz-mi-diana-brzezi-nska-177196u\">Zaufasz mi<\/a><\/strong><br \/>\n18. <strong><a href=\"https:\/\/woblink.com\/ebook\/male-kobietki-louisa-may-alcott-189336u\">Ma\u0142e kobietki<\/a><\/strong><br \/>\n19. <strong><a href=\"https:\/\/woblink.com\/ebook\/365-dni-blanka-lipi-nska-177957u\">365 dni<\/a><\/strong><br \/>\n20. <strong><a href=\"https:\/\/woblink.com\/ebook\/zmijowisko-wojciech-chmielarz-171832u\">\u017bmijowisko<\/a><\/strong><\/p>\n<h3 style=\"text-align: center;\"><strong>Bestsellery \u2013 <\/strong><strong>Top 100 ksi\u0105\u017cek pierwszej po\u0142owy roku<\/strong><br \/>\n<strong>21-30<\/strong><\/h3>\n<p style=\"text-align: left;\">21. <strong><a href=\"https:\/\/woblink.com\/ebook\/je-sli-zatesknie-anna-ficner-ogonowska-182147u\">Je\u015bli zat\u0119skni\u0119<\/a><\/strong><br \/>\n22. <strong><a href=\"https:\/\/woblink.com\/ebook\/ten-dzie-n-blanka-lipi-nska-180292u\">Ten dzie\u0144<\/a><\/strong><br \/>\n23. <strong><a href=\"https:\/\/woblink.com\/ebook\/matki-i-c-orki-albena-grabowska-171822u\">Matki i c\u00f3rki<\/a><\/strong><br \/>\n24. <strong><a href=\"https:\/\/woblink.com\/ebook\/warsztaty-intymno-sci-agnieszka-szezy-nska-180090u\">Warsztaty intymno\u015bci<\/a><\/strong><br \/>\n25. <strong><a href=\"https:\/\/woblink.com\/ebook\/dlaczego-spimy-jacek-konieczny-walker-matthew-144301u\">Dlaczego \u015bpimy<\/a><\/strong><br \/>\n26. <strong><a href=\"https:\/\/woblink.com\/ebook\/tatuazysta-z-auschwitz-heather-morris-35114u\">Tatua\u017cysta z Auschwitz<\/a><\/strong><br \/>\n27. <strong><a href=\"https:\/\/woblink.com\/ebook\/skaza-robert-malecki-133407u\">Skaza<\/a><\/strong><br \/>\n28. <strong><a href=\"https:\/\/woblink.com\/ebook\/obiecasz-mi-diana-brzezi-nska-185111u\">Obiecasz mi<\/a><\/strong><br \/>\n29. <strong><a href=\"https:\/\/woblink.com\/ebook\/jak-rozmawia-c-z-nieznajomymi-co-powinni-smy-wiedzie-c-o-ludziach-o-kt-orych-nic-nie-wiemy-malcolm-gladwell-agnieszka-sobolewska-180005u\">Jak rozmawia\u0107 z nieznajomymi. Co powinni\u015bmy wiedzie\u0107 o ludziach, o kt\u00f3rych nic nie wiemy<\/a><\/strong><br \/>\n30. <strong><a href=\"https:\/\/woblink.com\/ebook\/unorthodox-jak-porzucilam-swiat-ortodoksyjnych-zyd-ow-deborah-feldman-kamila-slawinski-33141u\">Unorthodox. Jak porzuci\u0142am \u015bwiat ortodoksyjnych \u017byd\u00f3w<\/a><\/strong><\/p>\n<h3 style=\"text-align: center;\"><strong>Bestsellery \u2013 Top 100 ksi\u0105\u017cek pierwszej po\u0142owy roku<\/strong><br \/>\n<strong>31-40<\/strong><\/h3>\n<p>31. <strong><a href=\"https:\/\/woblink.com\/ebook\/denar-dla-szczurolapa-aleksander-r-michalak-133589u\">Denar dla szczuro\u0142apa<\/a><\/strong><br \/>\n32. <strong><a href=\"https:\/\/woblink.com\/ebook\/wyrok-remigiusz-mr-oz-161985u\">Wyrok<\/a><\/strong><br \/>\n33. <strong><a href=\"https:\/\/woblink.com\/ebook\/lot-202-remigiusz-mr-oz-187292u\">Lot 202<\/a><\/strong><br \/>\n34. <strong><a href=\"https:\/\/woblink.com\/ebook\/nie-ma-mariusz-szczygiel-169953u\">Nie ma<\/a><\/strong><br \/>\n35. <strong><a href=\"https:\/\/woblink.com\/ebook\/wada-robert-malecki-147844u\">Wada<\/a><\/strong><br \/>\n36. <strong><a href=\"https:\/\/woblink.com\/ebook\/sapiens-od-zwierzat-do-bog-ow-yuval-noah-harari-justyn-hunia-137848u\">Sapiens. Od zwierz\u0105t do bog\u00f3w<\/a><\/strong><br \/>\n37. <strong><a href=\"https:\/\/woblink.com\/ebook\/jedz-i-chudnij-z-dieta-sirt-irmina-wala-pegierska-justyna-mrowiec-marcin-fabija-nski-miroslawa-szyma-nska-tomasz-zajbt-magdalena-jarzynka-jendrzejewska-ewa-sypnik-pogorzelska-anna-paczuska-anna-staniszewska-185382u\">Jedz i chudnij z diet\u0105 SIRT<\/a><\/strong><br \/>\n38. <strong><a href=\"https:\/\/woblink.com\/ebook\/jak-czyta-c-ludzi-radzi-agent-fbi-robin-dreeke-cameron-stauth-184018u\">Jak czyta\u0107 ludzi &#8211; radzi agent FBI<\/a><\/strong><br \/>\n39. <strong><a href=\"https:\/\/woblink.com\/ebook\/cham-z-kula-w-glowie-ziemowit-szczerek-185216u\">Cham z kul\u0105 w g\u0142owie<\/a><\/strong><br \/>\n40. <strong><a href=\"https:\/\/woblink.com\/ebook\/najlepszy-czeski-stand-up-milos-cermak-ludek-stanek-183529u\">Najlepszy czeski stand-up<\/a><\/strong><\/p>\n<h3 style=\"text-align: center;\"><strong>Bestsellery \u2013 Top 100 ksi\u0105\u017cek pierwszej po\u0142owy roku<\/strong><br \/>\n<strong>41-50<\/strong><\/h3>\n<p>41. <strong><a href=\"https:\/\/woblink.com\/ebook\/idealne-klamstwo-rachel-abbott-andrzej-napieralski-170288u\">Idealne k\u0142amstwo<\/a><\/strong><br \/>\n42. <strong><a href=\"https:\/\/woblink.com\/ebook\/chrobot-tomek-michniewicz-135741u\">Chrobot<\/a><\/strong><br \/>\n43. <strong><a href=\"https:\/\/woblink.com\/ebook\/tragedia-na-przeleczy-diatlowa-lugen-alice-185488u\">Tragedia na Prze\u0142\u0119czy Diat\u0142owa<\/a><\/strong><br \/>\n44. <strong><a href=\"https:\/\/woblink.com\/ebook\/ostatnia-arystokratka-evzen-bocek-15307u\">Ostatnia arystokratka<\/a><\/strong><br \/>\n45.<strong><a href=\"https:\/\/woblink.com\/ebook\/-osme-zycie-dla-brilki-tom-1-nino-haratischwili-21755u\"> \u00d3sme \u017cycie (dla Brilki). Tom 1<\/a><\/strong><br \/>\n46. <strong><a href=\"https:\/\/woblink.com\/ebook\/co-nas-nie-zabije-milkowski-maciej-jennifer-wright-181616u\">Co nas (nie) zabije<\/a><\/strong><br \/>\n47. <strong><a href=\"https:\/\/woblink.com\/ebook\/o-p-olnocy-w-czarnobylu-nieznana-prawda-o-najwiekszej-nuklearnej-katastrofie-adam-higginbotham-170287u\">O p\u00f3\u0142nocy w Czarnobylu. Nieznana prawda o najwi\u0119kszej nuklearnej katastrofie<\/a><\/strong><br \/>\n48. <strong><a href=\"https:\/\/woblink.com\/ebook\/dylemat-b-a-paris-182393u\">Dylemat<\/a><\/strong><br \/>\n49. <strong><a href=\"https:\/\/woblink.com\/ebook\/utracony-swiat-robert-j-szmidt-urszula-gardner-irmina-wala-pegierska-justyna-mrowiec-marcin-fabija-nski-bozena-sek-tomasz-zajbt-mariusz-banachowicz-ben-h-winters-145229u\">Utracony \u015bwiat<\/a><\/strong><br \/>\n50. <strong><a href=\"https:\/\/woblink.com\/ebook\/echo-z-otchlani-remigiusz-mr-oz-180096u\">Echo z otch\u0142ani<\/a><\/strong><\/p>\n<h3 style=\"text-align: center;\"><strong>Bestsellery \u2013Top 100 ksi\u0105\u017cek pierwszej po\u0142owy roku<\/strong><br \/>\n<strong>51-60<\/strong><\/h3>\n<p>51. <strong><a href=\"https:\/\/woblink.com\/ebook\/opuszczone-miasto-robert-j-szmidt-urszula-gardner-irmina-wala-pegierska-justyna-mrowiec-grazyna-jedrzejec-marcin-fabija-nski-bozena-sek-tomasz-zajbt-mariusz-banachowicz-ben-h-winters-124352u\">Opuszczone miasto<\/a><\/strong><br \/>\n52. <strong><a href=\"https:\/\/woblink.com\/ebook\/ksiegi-jakubowe-olga-tokarczuk-11947u\">Ksi\u0119gi Jakubowe<\/a><\/strong><br \/>\n53. <strong><a href=\"https:\/\/woblink.com\/ebook\/prawda-zapisana-w-popiolach-tom-2-krzyk-zagubionych-serc-joanna-jax-182670u\">Prawda zapisana w popio\u0142ach, tom 2: Krzyk zagubionych serc<\/a><\/strong><br \/>\n54. <strong><a href=\"https:\/\/woblink.com\/ebook\/kroki-mordercy-miroslaw-smigielski-michaela-klevisov-a-148322u\">Kroki mordercy<\/a><\/strong><br \/>\n55. <strong><a href=\"https:\/\/woblink.com\/ebook\/ostatni-policjant-robert-j-szmidt-urszula-gardner-justyna-mrowiec-grazyna-jedrzejec-marcin-fabija-nski-agnieszka-trzebska-cwalina-bozena-sek-tomasz-zajbt-mariusz-banachowicz-ben-h-winters-32300u\">Ostatni policjant<\/a><\/strong><br \/>\n56. <strong><a href=\"https:\/\/woblink.com\/ebook\/magiczne-drzewo-czerwone-krzeslo-tom-1-andrzej-maleszka-27189u\">Magiczne Drzewo. Czerwone krzes\u0142o. Tom 1<\/a><\/strong><br \/>\n57. <strong><a href=\"https:\/\/woblink.com\/ebook\/pieprzy-c-to-jak-przesta-c-spelnia-c-cudze-oczekiwania-a-zacza-c-wlasne-lukasz-ku-c-alexandra-reinwarth-180297u\">Pieprzy\u0107 to! Jak przesta\u0107 spe\u0142nia\u0107 cudze oczekiwania, a zacz\u0105\u0107 w\u0142asne<\/a><\/strong><br \/>\n58. <a href=\"https:\/\/woblink.com\/ebook\/milosc-i-inne-obsesje-liane-moriarty-katarzyna-roslan-184251u\"><strong>Mi\u0142o\u015b\u0107 i inne obsesje<\/strong><\/a><br \/>\n59. <strong><a href=\"https:\/\/woblink.com\/ebook\/-swiaty-r-ownolegle-lukasz-lamza-175932u\">\u015awiaty r\u00f3wnoleg\u0142e. Czego ucz\u0105 nas p\u0142askoziemcy, homeopaci i r\u00f3\u017cd\u017ckarze<\/a><\/strong><br \/>\n60. <strong><a href=\"https:\/\/woblink.com\/ebook\/umorzenie-remigiusz-mr-oz-145225u\">Umorzenie<\/a><\/strong><\/p>\n<h3 style=\"text-align: center;\"><strong>Bestsellery \u2013 Top 100 ksi\u0105\u017cek pierwszej po\u0142owy roku<\/strong><br \/>\n<strong>61-70<\/strong><\/h3>\n<p>61. <strong><a href=\"https:\/\/woblink.com\/ebook\/rana-wojciech-chmielarz-156253u\">Rana<\/a><\/strong><br \/>\n62. <strong><a href=\"https:\/\/woblink.com\/ebook\/czas-burz-charlotte-link-177262u\">Czas burz<\/a><\/strong><br \/>\n63. <strong><a href=\"https:\/\/woblink.com\/ebook\/factfulness-dlaczego-swiat-jest-lepszy-niz-my-slimy-czyli-jak-stereotypy-zastapi-c-realna-wiedza-monika-poplawska-hans-rosling-ola-rosling-anna-rosling-ronnlund-137891u\">Factfulness. Dlaczego \u015bwiat jest lepszy, ni\u017c my\u015blimy, czyli jak stereotypy zast\u0105pi\u0107 realn\u0105 wiedz\u0105<\/a><\/strong><br \/>\n64. <strong><a href=\"https:\/\/woblink.com\/ebook\/mindhunter-john-douglas-32313u\">Mindhunter<\/a><\/strong><br \/>\n65. <strong><a href=\"https:\/\/woblink.com\/ebook\/strach-jozef-karika-joanna-betlej-32944u\">Strach<\/a><\/strong><br \/>\n66. <strong><a href=\"https:\/\/woblink.com\/ebook\/serce-gangstera-anna-wolf-177629u\">Serce gangstera<\/a><\/strong><br \/>\n67. <strong><a href=\"https:\/\/woblink.com\/ebook\/wladcy-czasu-katarzyna-okrasko-eva-garcia-saenz-de-urturi-178123u\">W\u0142adcy czasu<\/a><\/strong><br \/>\n68. <strong><a href=\"https:\/\/woblink.com\/ebook\/z-milo-sci-to-wsp-olczuje-agata-romaniuk-147840u\">Z mi\u0142o\u015bci? To wsp\u00f3\u0142czuj\u0119<\/a><\/strong><br \/>\n69. <strong><a href=\"https:\/\/woblink.com\/ebook\/niedopasowani-samantha-young-aldona-mozdzy-nska-kristen-callihan-186313u\">Niedopasowani<\/a><\/strong><br \/>\n70. <strong><a href=\"https:\/\/woblink.com\/ebook\/faworyty-manuela-gretkowska-187066u\">Faworyty<\/a><\/strong><\/p>\n<h3 style=\"text-align: center;\"><strong>Bestsellery \u2013 Top 100 ksi\u0105\u017cek pierwszej po\u0142owy roku<\/strong><br \/>\n<strong>71-80<\/strong><\/h3>\n<p>71. <strong><a href=\"https:\/\/woblink.com\/ebook\/podpalacz-wojciech-chmielarz-33669u\">Podpalacz<\/a><\/strong><br \/>\n72. <strong><a href=\"https:\/\/woblink.com\/ebook\/zawsze-bede-przy-tobie-tomasz-kieres-147097u\">Zawsze b\u0119d\u0119 przy tobie<\/a><\/strong><br \/>\n73. <strong><a href=\"https:\/\/woblink.com\/ebook\/zony-gej-ow-maria-mamczur-184649u\">\u017bony gej\u00f3w<\/a><\/strong><br \/>\n74. <strong><a href=\"https:\/\/woblink.com\/ebook\/wory-tajemnice-rosyjskiej-supermafii-pawel-cichawa-galeotti-mark-178309u\">Wory. Tajemnice rosyjskiej supermafii<\/a><\/strong><br \/>\n75. <strong><a href=\"https:\/\/woblink.com\/ebook\/cienie-wojciech-chmielarz-33668u\">Cienie<\/a><\/strong><br \/>\n76. <strong><a href=\"https:\/\/woblink.com\/ebook\/kontratyp-remigiusz-mr-oz-133826u\">Kontratyp<\/a><\/strong><br \/>\n77. <strong><a href=\"https:\/\/woblink.com\/ebook\/oskarzenie-remigiusz-mr-oz-31893u\">Oskar\u017cenie<\/a><\/strong><br \/>\n78. <strong><a href=\"https:\/\/woblink.com\/ebook\/zaraza-monika-sznajderman-185495u\">Zaraza<\/a><\/strong><br \/>\n79. <strong><a href=\"https:\/\/woblink.com\/ebook\/drzazga-miroslaw-tryczyk-178075u\">Drzazga<\/a><\/strong><br \/>\n80. <strong><a href=\"https:\/\/woblink.com\/ebook\/zycie-fascynujaca-podr-oz-przez-4-miliardy-lat-juan-luis-arsuaga-186240u\">\u017bycie. Fascynuj\u0105ca podr\u00f3\u017c przez 4 miliardy lat<\/a><\/strong><\/p>\n<h3 style=\"text-align: center;\"><strong>Bestsellery \u2013 Top 100 ksi\u0105\u017cek pierwszej po\u0142owy roku<\/strong><br \/>\n<strong>81-90<br \/>\n<\/strong><\/h3>\n<p>81. <strong><a href=\"https:\/\/woblink.com\/ebook\/-osme-zycie-dla-brilki-tom-2-nino-haratischwili-25055u\">\u00d3sme \u017cycie (dla Brilki). Tom 2<\/a><\/strong><br \/>\n82. <strong><a href=\"https:\/\/woblink.com\/ebook\/immunitet-remigiusz-mr-oz-23294u\">Immunitet<\/a><\/strong><br \/>\n83. <strong><a href=\"https:\/\/woblink.com\/ebook\/bieguni-olga-tokarczuk-4435u\">Bieguni<\/a><\/strong><br \/>\n84. <strong><a href=\"https:\/\/woblink.com\/ebook\/bedziesz-moja-diana-brzezi-nska-154273u\">B\u0119dziesz moja<\/a><\/strong><br \/>\n85. <strong><a href=\"https:\/\/woblink.com\/ebook\/inwigilacja-remigiusz-mr-oz-27779u\">Inwigilacja<\/a><\/strong><br \/>\n86. <strong><a href=\"https:\/\/woblink.com\/ebook\/after-4-bez-siebie-nie-przetrwamy-anna-todd-17716u\">After 4. Bez siebie nie przetrwamy<\/a><\/strong><br \/>\n87. <strong><a href=\"https:\/\/woblink.com\/ebook\/o-swiecim-czarna-zima-marcin-kacki-186965u\">O\u015bwi\u0119cim. Czarna zima<\/a><\/strong><br \/>\n88. <strong><a href=\"https:\/\/woblink.com\/ebook\/kasacja-remigiusz-mr-oz-14443u\">Kasacja<\/a><\/strong><br \/>\n89. <strong><a href=\"https:\/\/woblink.com\/ebook\/testament-remigiusz-mr-oz-34347u\">Testament<\/a><\/strong><br \/>\n90. <strong><a href=\"https:\/\/woblink.com\/ebook\/seksuolozki-marta-szarejko-160672u\">Seksuolo\u017cki<\/a><\/strong><\/p>\n<h3 style=\"text-align: center;\"><strong>Bestsellery \u2013 Top 100 ksi\u0105\u017cek pierwszej po\u0142owy roku<\/strong><br \/>\n<strong>91-100<\/strong><\/h3>\n<p>91. <strong><a href=\"https:\/\/woblink.com\/ebook\/siostra-slo-nca-lucinda-riley-185394u\">Siostra S\u0142o\u0144ca<\/a><\/strong><br \/>\n92. <strong><a href=\"https:\/\/woblink.com\/ebook\/rewizja-remigiusz-mr-oz-20743u\">Rewizja<\/a><\/strong><br \/>\n93. <strong><a href=\"https:\/\/woblink.com\/ebook\/spod-kozetki-aga-zano-gigi-vorgan-gary-small-178068u\">Spod kozetki<\/a><\/strong><br \/>\n94. <strong><a href=\"https:\/\/woblink.com\/ebook\/iluzjonista-remigiusz-mr-oz-172689u\">Iluzjonista<\/a><\/strong><br \/>\n95. <strong><a href=\"https:\/\/woblink.com\/ebook\/osiem-miroslaw-smigielski-trestikova-radka-176658u\">Osiem<\/a><\/strong><br \/>\n96. <strong><a href=\"https:\/\/woblink.com\/ebook\/cisza-bialego-miasta-joanna-ostrowska-eva-garcia-saenz-de-urturi-143777u\">Cisza bia\u0142ego miasta<\/a><\/strong><br \/>\n97. <strong><a href=\"https:\/\/woblink.com\/ebook\/dobra-zmiana-katarzyna-klosi-nska-michal-rusinek-176550u\">Dobra zmiana<\/a><\/strong><br \/>\n98. <strong><a href=\"https:\/\/woblink.com\/ebook\/w-kregu-upior-ow-i-wilkolak-ow-bohdan-baranowski-176406u\">W kr\u0119gu upior\u00f3w i wilko\u0142ak\u00f3w. Demonologia s\u0142owia\u0144ska<\/a><\/strong><br \/>\n99. <strong><a href=\"https:\/\/woblink.com\/ebook\/arystokratka-i-fala-przestepstw-na-zamku-kostka-evzen-bocek-141784u\">Arystokratka i fala przest\u0119pstw na zamku Kostka<\/a><\/strong><br \/>\n100. <strong><a href=\"https:\/\/woblink.com\/ebook\/arystokratka-w-ukropie-evzen-bocek-20235u\">Arystokratka w ukropie<\/a><\/strong><\/p>\n<p>Wszystkie ebooki z listy znajdziecie <strong><a href=\"https:\/\/woblink.com\/katalog\/ebooki\/promocje?promocje=5168\">u nas w promocyjnych cenach<\/a><\/strong>.<\/p>\n<p><a href=\"https:\/\/woblink.com\/katalog\/ebooki\/promocje?promocje=5168\"><img decoding=\"async\" loading=\"lazy\" class=\"aligncenter wp-image-2581 size-full\" src=\"https:\/\/i0.wp.com\/woblink.com\/blog\/wp-content\/uploads\/2020\/07\/2385293-promowizard-banner.jpg?resize=763%2C400&#038;ssl=1\" alt=\"\" width=\"763\" height=\"400\" srcset=\"https:\/\/i0.wp.com\/woblink.com\/blog\/wp-content\/uploads\/2020\/07\/2385293-promowizard-banner.jpg?w=763&amp;ssl=1 763w, https:\/\/i0.wp.com\/woblink.com\/blog\/wp-content\/uploads\/2020\/07\/2385293-promowizard-banner.jpg?resize=300%2C157&amp;ssl=1 300w, https:\/\/i0.wp.com\/woblink.com\/blog\/wp-content\/uploads\/2020\/07\/2385293-promowizard-banner.jpg?resize=600%2C315&amp;ssl=1 600w\" sizes=\"(max-width: 763px) 100vw, 763px\" data-recalc-dims=\"1\" \/><\/a><\/p>\n<p>&nbsp;<\/p>\n","protected":false},"excerpt":{"rendered":"<p>Sze\u015b\u0107 miesi\u0119cy min\u0119\u0142o jak jeden dzie\u0144! P\u00f3\u0142 roku za nami, pora na przedstawienie wam najlepiej sprzedaj\u0105cych si\u0119 tytu\u0142\u00f3w tego p\u00f3\u0142rocza w ksi\u0119garni internetowej Woblink! W pierwszej dziesi\u0105tce znalaz\u0142o si\u0119 a\u017c sze\u015b\u0107 krymina\u0142\u00f3w, ale w czo\u0142\u00f3wce jest r\u00f3wnie\u017c reporta\u017c, poradnik i thriller. Zobaczcie koniecznie zestawienie ebookowych&#8230;<\/p>\n","protected":false},"author":7,"featured_media":2619,"comment_status":"closed","ping_status":"open","sticky":false,"template":"","format":"standard","meta":[],"categories":[87,80,81,89],"tags":[],"yoast_head":"<!-- This site is optimized with the Yoast SEO plugin v20.11 - https:\/\/yoast.com\/wordpress\/plugins\/seo\/ -->\n<title>Bestsellery Woblinka: Top 100 ebook\u00f3w pierwszej po\u0142owy 2020 roku - Woblink<\/title>\n<meta name=\"robots\" content=\"index, follow, max-snippet:-1, max-image-preview:large, max-video-preview:-1\" \/>\n<link rel=\"canonical\" href=\"https:\/\/woblink.com\/blog\/bestsellery-woblinka-top-100-ksiazek-pierwszej-polowy-roku-2020-roku\/\" \/>\n<meta property=\"og:locale\" content=\"pl_PL\" \/>\n<meta property=\"og:type\" content=\"article\" \/>\n<meta property=\"og:title\" content=\"Bestsellery Woblinka: Top 100 ebook\u00f3w pierwszej po\u0142owy 2020 roku - Woblink\" \/>\n<meta property=\"og:description\" content=\"Sze\u015b\u0107 miesi\u0119cy min\u0119\u0142o jak jeden dzie\u0144! P\u00f3\u0142 roku za nami, pora na przedstawienie wam najlepiej sprzedaj\u0105cych si\u0119 tytu\u0142\u00f3w tego p\u00f3\u0142rocza w ksi\u0119garni internetowej Woblink! W pierwszej dziesi\u0105tce znalaz\u0142o si\u0119 a\u017c sze\u015b\u0107 krymina\u0142\u00f3w, ale w czo\u0142\u00f3wce jest r\u00f3wnie\u017c reporta\u017c, poradnik i thriller. Zobaczcie koniecznie zestawienie ebookowych...\" \/>\n<meta property=\"og:url\" content=\"https:\/\/woblink.com\/blog\/bestsellery-woblinka-top-100-ksiazek-pierwszej-polowy-roku-2020-roku\/\" \/>\n<meta property=\"og:site_name\" content=\"Woblink\" \/>\n<meta property=\"article:publisher\" content=\"https:\/\/facebook.com\/woblink\" \/>\n<meta property=\"article:published_time\" content=\"2020-07-01T14:31:29+00:00\" \/>\n<meta property=\"article:modified_time\" content=\"2020-07-02T07:26:23+00:00\" \/>\n<meta property=\"og:image\" content=\"https:\/\/i0.wp.com\/woblink.com\/blog\/wp-content\/uploads\/2020\/07\/top100_ebooki.png?fit=1011%2C690&ssl=1\" \/>\n\t<meta property=\"og:image:width\" content=\"1011\" \/>\n\t<meta property=\"og:image:height\" content=\"690\" \/>\n\t<meta property=\"og:image:type\" content=\"image\/png\" \/>\n<meta name=\"author\" content=\"Redakcja Woblinka\" \/>\n<meta name=\"twitter:card\" content=\"summary_large_image\" \/>\n<meta name=\"twitter:creator\" content=\"@woblink_com\" \/>\n<meta name=\"twitter:site\" content=\"@woblink_com\" \/>\n<meta name=\"twitter:label1\" content=\"Napisane przez\" \/>\n\t<meta name=\"twitter:data1\" content=\"Redakcja Woblinka\" \/>\n\t<meta name=\"twitter:label2\" content=\"Szacowany czas czytania\" \/>\n\t<meta name=\"twitter:data2\" content=\"8 minut\" \/>\n<script type=\"application\/ld+json\" class=\"yoast-schema-graph\">{\"@context\":\"https:\/\/schema.org\",\"@graph\":[{\"@type\":\"Article\",\"@id\":\"https:\/\/woblink.com\/blog\/bestsellery-woblinka-top-100-ksiazek-pierwszej-polowy-roku-2020-roku\/#article\",\"isPartOf\":{\"@id\":\"https:\/\/woblink.com\/blog\/bestsellery-woblinka-top-100-ksiazek-pierwszej-polowy-roku-2020-roku\/\"},\"author\":{\"name\":\"Redakcja Woblinka\",\"@id\":\"https:\/\/woblink.com\/blog\/#\/schema\/person\/8ab6b79d64fa54209272130c4c3b1e95\"},\"headline\":\"Bestsellery Woblinka: Top 100 ebook\u00f3w pierwszej po\u0142owy 2020 roku\",\"datePublished\":\"2020-07-01T14:31:29+00:00\",\"dateModified\":\"2020-07-02T07:26:23+00:00\",\"mainEntityOfPage\":{\"@id\":\"https:\/\/woblink.com\/blog\/bestsellery-woblinka-top-100-ksiazek-pierwszej-polowy-roku-2020-roku\/\"},\"wordCount\":1612,\"publisher\":{\"@id\":\"https:\/\/woblink.com\/blog\/#organization\"},\"articleSection\":[\"Aktualno\u015bci\",\"O ksi\u0105\u017ckach\",\"Rankingi ksi\u0105\u017cek\",\"Rynek wydawniczy\"],\"inLanguage\":\"pl-PL\"},{\"@type\":\"WebPage\",\"@id\":\"https:\/\/woblink.com\/blog\/bestsellery-woblinka-top-100-ksiazek-pierwszej-polowy-roku-2020-roku\/\",\"url\":\"https:\/\/woblink.com\/blog\/bestsellery-woblinka-top-100-ksiazek-pierwszej-polowy-roku-2020-roku\/\",\"name\":\"Bestsellery Woblinka: Top 100 ebook\u00f3w pierwszej po\u0142owy 2020 roku - Woblink\",\"isPartOf\":{\"@id\":\"https:\/\/woblink.com\/blog\/#website\"},\"datePublished\":\"2020-07-01T14:31:29+00:00\",\"dateModified\":\"2020-07-02T07:26:23+00:00\",\"breadcrumb\":{\"@id\":\"https:\/\/woblink.com\/blog\/bestsellery-woblinka-top-100-ksiazek-pierwszej-polowy-roku-2020-roku\/#breadcrumb\"},\"inLanguage\":\"pl-PL\",\"potentialAction\":[{\"@type\":\"ReadAction\",\"target\":[\"https:\/\/woblink.com\/blog\/bestsellery-woblinka-top-100-ksiazek-pierwszej-polowy-roku-2020-roku\/\"]}]},{\"@type\":\"BreadcrumbList\",\"@id\":\"https:\/\/woblink.com\/blog\/bestsellery-woblinka-top-100-ksiazek-pierwszej-polowy-roku-2020-roku\/#breadcrumb\",\"itemListElement\":[{\"@type\":\"ListItem\",\"position\":1,\"name\":\"Strona g\u0142\u00f3wna\",\"item\":\"https:\/\/woblink.com\/blog\/\"},{\"@type\":\"ListItem\",\"position\":2,\"name\":\"Bestsellery Woblinka: Top 100 ebook\u00f3w pierwszej po\u0142owy 2020 roku\"}]},{\"@type\":\"WebSite\",\"@id\":\"https:\/\/woblink.com\/blog\/#website\",\"url\":\"https:\/\/woblink.com\/blog\/\",\"name\":\"Woblink\",\"description\":\"najlepszy firmowy blog o ksi\u0105\u017ckach\",\"publisher\":{\"@id\":\"https:\/\/woblink.com\/blog\/#organization\"},\"potentialAction\":[{\"@type\":\"SearchAction\",\"target\":{\"@type\":\"EntryPoint\",\"urlTemplate\":\"https:\/\/woblink.com\/blog\/?s={search_term_string}\"},\"query-input\":\"required name=search_term_string\"}],\"inLanguage\":\"pl-PL\"},{\"@type\":\"Organization\",\"@id\":\"https:\/\/woblink.com\/blog\/#organization\",\"name\":\"Woblink\",\"url\":\"https:\/\/woblink.com\/blog\/\",\"logo\":{\"@type\":\"ImageObject\",\"inLanguage\":\"pl-PL\",\"@id\":\"https:\/\/woblink.com\/blog\/#\/schema\/logo\/image\/\",\"url\":\"https:\/\/i0.wp.com\/woblink.com\/blog\/wp-content\/uploads\/2019\/04\/nw_logoB.png?fit=185%2C42&ssl=1\",\"contentUrl\":\"https:\/\/i0.wp.com\/woblink.com\/blog\/wp-content\/uploads\/2019\/04\/nw_logoB.png?fit=185%2C42&ssl=1\",\"width\":185,\"height\":42,\"caption\":\"Woblink\"},\"image\":{\"@id\":\"https:\/\/woblink.com\/blog\/#\/schema\/logo\/image\/\"},\"sameAs\":[\"https:\/\/facebook.com\/woblink\",\"https:\/\/twitter.com\/woblink_com\",\"https:\/\/www.instagram.com\/woblink_com\",\"https:\/\/www.linkedin.com\/company\/woblink\/\"]},{\"@type\":\"Person\",\"@id\":\"https:\/\/woblink.com\/blog\/#\/schema\/person\/8ab6b79d64fa54209272130c4c3b1e95\",\"name\":\"Redakcja Woblinka\",\"image\":{\"@type\":\"ImageObject\",\"inLanguage\":\"pl-PL\",\"@id\":\"https:\/\/woblink.com\/blog\/#\/schema\/person\/image\/\",\"url\":\"https:\/\/secure.gravatar.com\/avatar\/f23ae80a7c9da060bee5f8310913478b?s=96&d=mm&r=g\",\"contentUrl\":\"https:\/\/secure.gravatar.com\/avatar\/f23ae80a7c9da060bee5f8310913478b?s=96&d=mm&r=g\",\"caption\":\"Redakcja Woblinka\"},\"url\":\"https:\/\/woblink.com\/blog\/author\/krasny\/\"}]}<\/script>\n<!-- \/ Yoast SEO plugin. -->","yoast_head_json":{"title":"Bestsellery Woblinka: Top 100 ebook\u00f3w pierwszej po\u0142owy 2020 roku - Woblink","robots":{"index":"index","follow":"follow","max-snippet":"max-snippet:-1","max-image-preview":"max-image-preview:large","max-video-preview":"max-video-preview:-1"},"canonical":"https:\/\/woblink.com\/blog\/bestsellery-woblinka-top-100-ksiazek-pierwszej-polowy-roku-2020-roku\/","og_locale":"pl_PL","og_type":"article","og_title":"Bestsellery Woblinka: Top 100 ebook\u00f3w pierwszej po\u0142owy 2020 roku - Woblink","og_description":"Sze\u015b\u0107 miesi\u0119cy min\u0119\u0142o jak jeden dzie\u0144! P\u00f3\u0142 roku za nami, pora na przedstawienie wam najlepiej sprzedaj\u0105cych si\u0119 tytu\u0142\u00f3w tego p\u00f3\u0142rocza w ksi\u0119garni internetowej Woblink! W pierwszej dziesi\u0105tce znalaz\u0142o si\u0119 a\u017c sze\u015b\u0107 krymina\u0142\u00f3w, ale w czo\u0142\u00f3wce jest r\u00f3wnie\u017c reporta\u017c, poradnik i thriller. Zobaczcie koniecznie zestawienie ebookowych...","og_url":"https:\/\/woblink.com\/blog\/bestsellery-woblinka-top-100-ksiazek-pierwszej-polowy-roku-2020-roku\/","og_site_name":"Woblink","article_publisher":"https:\/\/facebook.com\/woblink","article_published_time":"2020-07-01T14:31:29+00:00","article_modified_time":"2020-07-02T07:26:23+00:00","og_image":[{"width":1011,"height":690,"url":"https:\/\/i0.wp.com\/woblink.com\/blog\/wp-content\/uploads\/2020\/07\/top100_ebooki.png?fit=1011%2C690&ssl=1","type":"image\/png"}],"author":"Redakcja Woblinka","twitter_card":"summary_large_image","twitter_creator":"@woblink_com","twitter_site":"@woblink_com","twitter_misc":{"Napisane przez":"Redakcja Woblinka","Szacowany czas czytania":"8 minut"},"schema":{"@context":"https:\/\/schema.org","@graph":[{"@type":"Article","@id":"https:\/\/woblink.com\/blog\/bestsellery-woblinka-top-100-ksiazek-pierwszej-polowy-roku-2020-roku\/#article","isPartOf":{"@id":"https:\/\/woblink.com\/blog\/bestsellery-woblinka-top-100-ksiazek-pierwszej-polowy-roku-2020-roku\/"},"author":{"name":"Redakcja Woblinka","@id":"https:\/\/woblink.com\/blog\/#\/schema\/person\/8ab6b79d64fa54209272130c4c3b1e95"},"headline":"Bestsellery Woblinka: Top 100 ebook\u00f3w pierwszej po\u0142owy 2020 roku","datePublished":"2020-07-01T14:31:29+00:00","dateModified":"2020-07-02T07:26:23+00:00","mainEntityOfPage":{"@id":"https:\/\/woblink.com\/blog\/bestsellery-woblinka-top-100-ksiazek-pierwszej-polowy-roku-2020-roku\/"},"wordCount":1612,"publisher":{"@id":"https:\/\/woblink.com\/blog\/#organization"},"articleSection":["Aktualno\u015bci","O ksi\u0105\u017ckach","Rankingi ksi\u0105\u017cek","Rynek wydawniczy"],"inLanguage":"pl-PL"},{"@type":"WebPage","@id":"https:\/\/woblink.com\/blog\/bestsellery-woblinka-top-100-ksiazek-pierwszej-polowy-roku-2020-roku\/","url":"https:\/\/woblink.com\/blog\/bestsellery-woblinka-top-100-ksiazek-pierwszej-polowy-roku-2020-roku\/","name":"Bestsellery Woblinka: Top 100 ebook\u00f3w pierwszej po\u0142owy 2020 roku - Woblink","isPartOf":{"@id":"https:\/\/woblink.com\/blog\/#website"},"datePublished":"2020-07-01T14:31:29+00:00","dateModified":"2020-07-02T07:26:23+00:00","breadcrumb":{"@id":"https:\/\/woblink.com\/blog\/bestsellery-woblinka-top-100-ksiazek-pierwszej-polowy-roku-2020-roku\/#breadcrumb"},"inLanguage":"pl-PL","potentialAction":[{"@type":"ReadAction","target":["https:\/\/woblink.com\/blog\/bestsellery-woblinka-top-100-ksiazek-pierwszej-polowy-roku-2020-roku\/"]}]},{"@type":"BreadcrumbList","@id":"https:\/\/woblink.com\/blog\/bestsellery-woblinka-top-100-ksiazek-pierwszej-polowy-roku-2020-roku\/#breadcrumb","itemListElement":[{"@type":"ListItem","position":1,"name":"Strona g\u0142\u00f3wna","item":"https:\/\/woblink.com\/blog\/"},{"@type":"ListItem","position":2,"name":"Bestsellery Woblinka: Top 100 ebook\u00f3w pierwszej po\u0142owy 2020 roku"}]},{"@type":"WebSite","@id":"https:\/\/woblink.com\/blog\/#website","url":"https:\/\/woblink.com\/blog\/","name":"Woblink","description":"najlepszy firmowy blog o ksi\u0105\u017ckach","publisher":{"@id":"https:\/\/woblink.com\/blog\/#organization"},"potentialAction":[{"@type":"SearchAction","target":{"@type":"EntryPoint","urlTemplate":"https:\/\/woblink.com\/blog\/?s={search_term_string}"},"query-input":"required name=search_term_string"}],"inLanguage":"pl-PL"},{"@type":"Organization","@id":"https:\/\/woblink.com\/blog\/#organization","name":"Woblink","url":"https:\/\/woblink.com\/blog\/","logo":{"@type":"ImageObject","inLanguage":"pl-PL","@id":"https:\/\/woblink.com\/blog\/#\/schema\/logo\/image\/","url":"https:\/\/i0.wp.com\/woblink.com\/blog\/wp-content\/uploads\/2019\/04\/nw_logoB.png?fit=185%2C42&ssl=1","contentUrl":"https:\/\/i0.wp.com\/woblink.com\/blog\/wp-content\/uploads\/2019\/04\/nw_logoB.png?fit=185%2C42&ssl=1","width":185,"height":42,"caption":"Woblink"},"image":{"@id":"https:\/\/woblink.com\/blog\/#\/schema\/logo\/image\/"},"sameAs":["https:\/\/facebook.com\/woblink","https:\/\/twitter.com\/woblink_com","https:\/\/www.instagram.com\/woblink_com","https:\/\/www.linkedin.com\/company\/woblink\/"]},{"@type":"Person","@id":"https:\/\/woblink.com\/blog\/#\/schema\/person\/8ab6b79d64fa54209272130c4c3b1e95","name":"Redakcja Woblinka","image":{"@type":"ImageObject","inLanguage":"pl-PL","@id":"https:\/\/woblink.com\/blog\/#\/schema\/person\/image\/","url":"https:\/\/secure.gravatar.com\/avatar\/f23ae80a7c9da060bee5f8310913478b?s=96&d=mm&r=g","contentUrl":"https:\/\/secure.gravatar.com\/avatar\/f23ae80a7c9da060bee5f8310913478b?s=96&d=mm&r=g","caption":"Redakcja Woblinka"},"url":"https:\/\/woblink.com\/blog\/author\/krasny\/"}]}},"jetpack_featured_media_url":"https:\/\/i0.wp.com\/woblink.com\/blog\/wp-content\/uploads\/2020\/07\/top100_ebooki.png?fit=1011%2C690&ssl=1","_links":{"self":[{"href":"https:\/\/woblink.com\/blog\/wp-json\/wp\/v2\/posts\/2580"}],"collection":[{"href":"https:\/\/woblink.com\/blog\/wp-json\/wp\/v2\/posts"}],"about":[{"href":"https:\/\/woblink.com\/blog\/wp-json\/wp\/v2\/types\/post"}],"author":[{"embeddable":true,"href":"https:\/\/woblink.com\/blog\/wp-json\/wp\/v2\/users\/7"}],"replies":[{"embeddable":true,"href":"https:\/\/woblink.com\/blog\/wp-json\/wp\/v2\/comments?post=2580"}],"version-history":[{"count":6,"href":"https:\/\/woblink.com\/blog\/wp-json\/wp\/v2\/posts\/2580\/revisions"}],"predecessor-version":[{"id":2622,"href":"https:\/\/woblink.com\/blog\/wp-json\/wp\/v2\/posts\/2580\/revisions\/2622"}],"wp:featuredmedia":[{"embeddable":true,"href":"https:\/\/woblink.com\/blog\/wp-json\/wp\/v2\/media\/2619"}],"wp:attachment":[{"href":"https:\/\/woblink.com\/blog\/wp-json\/wp\/v2\/media?parent=2580"}],"wp:term":[{"taxonomy":"category","embeddable":true,"href":"https:\/\/woblink.com\/blog\/wp-json\/wp\/v2\/categories?post=2580"},{"taxonomy":"post_tag","embeddable":true,"href":"https:\/\/woblink.com\/blog\/wp-json\/wp\/v2\/tags?post=2580"}],"curies":[{"name":"wp","href":"https:\/\/api.w.org\/{rel}","templated":true}]}}