{"id":2673,"date":"2020-07-10T12:52:31","date_gmt":"2020-07-10T10:52:31","guid":{"rendered":"https:\/\/woblink.com\/blog\/?p=2673"},"modified":"2020-07-10T12:52:31","modified_gmt":"2020-07-10T10:52:31","slug":"miasto-bialych-kart-w-weekend-wyborczy-za-1499","status":"publish","type":"post","link":"https:\/\/woblink.com\/blog\/miasto-bialych-kart-w-weekend-wyborczy-za-1499\/","title":{"rendered":"\u201eMiasto bia\u0142ych kart\u201d w weekend wyborczy za 14,99"},"content":{"rendered":"<p><strong>12 lipca w Polsce odb\u0119dzie si\u0119 druga tura wybor\u00f3w prezydenckich. Przy tej okazji, czeka na was specjalna promocja, w kt\u00f3rej znajdziecie g\u0142o\u015bn\u0105 powie\u015b\u0107 laureata Literackiej Nagrody Nobla Jos\u00e9 Saramago, po\u015bwi\u0119con\u0105 tematowi wybor\u00f3w, pt. \u201eMiasto bia\u0142ych kart\u201d. Ksi\u0105\u017ck\u0119 w formie ebooka, mo\u017cecie kupi\u0107 za jedyne 14,99! Promocja obowi\u0105zuje w dniach 10-11 lipca 2020.<\/strong><\/p>\n<p><!--more--><\/p>\n<h3>Miasto bia\u0142ych kart<\/h3>\n<p>Portugalski pisarz Jos\u00e9 Saramago, w jednej ze swoich najg\u0142o\u015bniejszych ksi\u0105\u017cek, przedstawi\u0142 miasto, kt\u00f3rego wyborcy postanowili w nietypowy spos\u00f3b skorzysta\u0107 ze swojego prawa wyborczego \u2013 80 procent wyborc\u00f3w wrzuca do urn bia\u0142e niewype\u0142nione karty do g\u0142osowania. Rz\u0105dz\u0105cy odbieraj\u0105 t\u0119 manifestacj\u0119 jako zamach na demokracj\u0119, spisek wymierzony w stron\u0119 w\u0142adzy. Szybko zapada decyzja o wprowadzeniu stanu nadzwyczajnego, a rz\u0105d opuszcza miasto i swoich obywateli. Nikt nie jest w stanie przewidzie\u0107 do czego doprowadz\u0105 decyzje re\u017cimowego uk\u0142adu. W tej niezwyk\u0142ej, wstrz\u0105saj\u0105cej opowie\u015bci Saramago stara si\u0119 zg\u0142\u0119bi\u0107 studium opresyjno\u015bci w\u0142adzy i nieludzkiego traktowania spo\u0142ecze\u0144stwa. Przedstawione w powie\u015bci miasto (nigdy nie pada jego nazwa) mo\u017ce by\u0107 znane czytelnikom z innej wybitnej powie\u015bci Saramago pt. \u201eMiasto \u015blepc\u00f3w\u201d.<\/p>\n<figure id=\"attachment_2676\" aria-describedby=\"caption-attachment-2676\" style=\"width: 198px\" class=\"wp-caption aligncenter\"><a href=\"https:\/\/woblink.com\/ebook\/miasto-bialych-kart-jos-e-saramago-186513u\"><img decoding=\"async\" loading=\"lazy\" class=\"wp-image-2676 size-medium\" src=\"https:\/\/i0.wp.com\/woblink.com\/blog\/wp-content\/uploads\/2020\/07\/miasto_bia\u0142ych_kart.jpeg?resize=198%2C300&#038;ssl=1\" alt=\"miasto bia\u0142ych kart saramago woblink\" width=\"198\" height=\"300\" srcset=\"https:\/\/i0.wp.com\/woblink.com\/blog\/wp-content\/uploads\/2020\/07\/miasto_bia\u0142ych_kart.jpeg?resize=198%2C300&amp;ssl=1 198w, https:\/\/i0.wp.com\/woblink.com\/blog\/wp-content\/uploads\/2020\/07\/miasto_bia\u0142ych_kart.jpeg?w=563&amp;ssl=1 563w\" sizes=\"(max-width: 198px) 100vw, 198px\" data-recalc-dims=\"1\" \/><\/a><figcaption id=\"caption-attachment-2676\" class=\"wp-caption-text\"><center><strong>Kup <a href=\"https:\/\/woblink.com\/ebook\/miasto-bialych-kart-jos-e-saramago-186513u\">ebooka<\/a> w promocji na Woblink.com<\/strong><\/center><\/figcaption><\/figure>\n<h3>Jos\u00e9 Saramago<\/h3>\n<p>Jos\u00e9 Saramago to jeden z najwa\u017cniejszych europejskich pisarzy prze\u0142omu XX i XXI wieku. W 1998 roku otrzyma\u0142 Nagrod\u0119 Nobla w dziedzinie literatury. Popularno\u015b\u0107 i s\u0142aw\u0119 zyska\u0142 bardzo p\u00f3\u017ano, po wydaniu jego trzeciej powie\u015bci pt. \u201eBaltazar i Blimunda\u201d. Mia\u0142 w\u00f3wczas sze\u015b\u0107dziesi\u0105t lat. Otrzyma\u0142 za ni\u0105 presti\u017cow\u0105 nagrod\u0105 portugalskiego PEN Clubu oraz Nagrod\u0105 Literack\u0105 Miasta Lizbona. Kontrowersj\u0119 wzbudzi\u0142 publikacj\u0105 ksi\u0105\u017cki<span style=\"font-weight: 400;\"> \u201e<strong><a href=\"https:\/\/woblink.com\/ebook\/ewangelia-wedlug-jezusa-chrystusa-jos-e-saramago-cezary-dlugosz-177350u\">Ewangelia wed\u0142ug Jezusa Chrystusa<\/a><\/strong>\u201d, w kt\u00f3rej przedstawi\u0142 losy Jezusa nieco inaczej, ni\u017c jest to podane w Biblii. <\/span><span style=\"font-weight: 400;\">Ponadto jest autorem takich ksi\u0105\u017cek, jak \u201e<strong><a href=\"https:\/\/woblink.com\/ebook\/rozterki-smierci-jos-e-saramago-wojciech-charchalis-142086u\">Rozterki \u015bmierci<\/a><\/strong>\u201d, \u201e<strong><a href=\"https:\/\/woblink.com\/ebook\/miasto-slepc-ow-wyd-specjalne-jos-e-saramago-zofia-stanislawska-169971u\">Miasto \u015blepc\u00f3w<\/a><\/strong>\u201d, \u201e<strong><a href=\"https:\/\/woblink.com\/ebook\/kain-jos-e-saramago-7893u\">Kain<\/a><\/strong>\u201d. Wszystkie z nich znajdziecie w ksi\u0119garni Woblink.com w formie ebooka i ksi\u0105\u017cki papierowej.\u00a0<\/span><\/p>\n<figure id=\"attachment_2677\" aria-describedby=\"caption-attachment-2677\" style=\"width: 763px\" class=\"wp-caption aligncenter\"><a href=\"https:\/\/woblink.com\/katalog\/ebooki\/promocje?promocje=5189\"><img decoding=\"async\" loading=\"lazy\" class=\"wp-image-2677 size-full\" src=\"https:\/\/i0.wp.com\/woblink.com\/blog\/wp-content\/uploads\/2020\/07\/miasto_bialych_kart.jpg?resize=763%2C400&#038;ssl=1\" alt=\"Miasto bia\u0142ych kart saramago promocja\" width=\"763\" height=\"400\" srcset=\"https:\/\/i0.wp.com\/woblink.com\/blog\/wp-content\/uploads\/2020\/07\/miasto_bialych_kart.jpg?w=763&amp;ssl=1 763w, https:\/\/i0.wp.com\/woblink.com\/blog\/wp-content\/uploads\/2020\/07\/miasto_bialych_kart.jpg?resize=300%2C157&amp;ssl=1 300w, https:\/\/i0.wp.com\/woblink.com\/blog\/wp-content\/uploads\/2020\/07\/miasto_bialych_kart.jpg?resize=600%2C315&amp;ssl=1 600w\" sizes=\"(max-width: 763px) 100vw, 763px\" data-recalc-dims=\"1\" \/><\/a><figcaption id=\"caption-attachment-2677\" class=\"wp-caption-text\"><center><strong>Znajd\u017a <a href=\"https:\/\/woblink.com\/katalog\/ebooki\/promocje?promocje=5189\">promocj\u0119<\/a> na Woblink.com<\/strong><\/center><\/figcaption><\/figure>\n","protected":false},"excerpt":{"rendered":"<p>12 lipca w Polsce odb\u0119dzie si\u0119 druga tura wybor\u00f3w prezydenckich. Przy tej okazji, czeka na was specjalna promocja, w kt\u00f3rej znajdziecie g\u0142o\u015bn\u0105 powie\u015b\u0107 laureata Literackiej Nagrody Nobla Jos\u00e9 Saramago, po\u015bwi\u0119con\u0105 tematowi wybor\u00f3w, pt. \u201eMiasto bia\u0142ych kart\u201d. Ksi\u0105\u017ck\u0119 w formie ebooka, mo\u017cecie kupi\u0107 za jedyne 14,99!&#8230;<\/p>\n","protected":false},"author":7,"featured_media":2675,"comment_status":"closed","ping_status":"open","sticky":false,"template":"","format":"standard","meta":[],"categories":[87,86,72,89],"tags":[],"yoast_head":"<!-- This site is optimized with the Yoast SEO plugin v20.11 - https:\/\/yoast.com\/wordpress\/plugins\/seo\/ -->\n<title>\u201eMiasto bia\u0142ych kart\u201d w weekend wyborczy za 14,99 - Woblink<\/title>\n<meta name=\"description\" content=\"Przy okazji wybor\u00f3w prezydenckich, \u201eMiasto bia\u0142ych kart\u201d, g\u0142o\u015bn\u0105 powie\u015b\u0107 Jos\u00e9 Saramago, mo\u017cecie kupi\u0107 w formie ebooka za jedyne 14,99!\" \/>\n<meta name=\"robots\" content=\"index, follow, max-snippet:-1, max-image-preview:large, max-video-preview:-1\" \/>\n<link rel=\"canonical\" href=\"https:\/\/woblink.com\/blog\/miasto-bialych-kart-w-weekend-wyborczy-za-1499\/\" \/>\n<meta property=\"og:locale\" content=\"pl_PL\" \/>\n<meta property=\"og:type\" content=\"article\" \/>\n<meta property=\"og:title\" content=\"\u201eMiasto bia\u0142ych kart\u201d w weekend wyborczy za 14,99 - Woblink\" \/>\n<meta property=\"og:description\" content=\"Przy okazji wybor\u00f3w prezydenckich, \u201eMiasto bia\u0142ych kart\u201d, g\u0142o\u015bn\u0105 powie\u015b\u0107 Jos\u00e9 Saramago, mo\u017cecie kupi\u0107 w formie ebooka za jedyne 14,99!\" \/>\n<meta property=\"og:url\" content=\"https:\/\/woblink.com\/blog\/miasto-bialych-kart-w-weekend-wyborczy-za-1499\/\" \/>\n<meta property=\"og:site_name\" content=\"Woblink\" \/>\n<meta property=\"article:publisher\" content=\"https:\/\/facebook.com\/woblink\" \/>\n<meta property=\"article:published_time\" content=\"2020-07-10T10:52:31+00:00\" \/>\n<meta property=\"og:image\" content=\"https:\/\/i0.wp.com\/woblink.com\/blog\/wp-content\/uploads\/2020\/07\/miastobia\u0142ychkart.jpg?fit=1011%2C690&ssl=1\" \/>\n\t<meta property=\"og:image:width\" content=\"1011\" \/>\n\t<meta property=\"og:image:height\" content=\"690\" \/>\n\t<meta property=\"og:image:type\" content=\"image\/jpeg\" \/>\n<meta name=\"author\" content=\"Redakcja Woblinka\" \/>\n<meta name=\"twitter:card\" content=\"summary_large_image\" \/>\n<meta name=\"twitter:creator\" content=\"@woblink_com\" \/>\n<meta name=\"twitter:site\" content=\"@woblink_com\" \/>\n<meta name=\"twitter:label1\" content=\"Napisane przez\" \/>\n\t<meta name=\"twitter:data1\" content=\"Redakcja Woblinka\" \/>\n\t<meta name=\"twitter:label2\" content=\"Szacowany czas czytania\" \/>\n\t<meta name=\"twitter:data2\" content=\"2 minuty\" \/>\n<script type=\"application\/ld+json\" class=\"yoast-schema-graph\">{\"@context\":\"https:\/\/schema.org\",\"@graph\":[{\"@type\":\"Article\",\"@id\":\"https:\/\/woblink.com\/blog\/miasto-bialych-kart-w-weekend-wyborczy-za-1499\/#article\",\"isPartOf\":{\"@id\":\"https:\/\/woblink.com\/blog\/miasto-bialych-kart-w-weekend-wyborczy-za-1499\/\"},\"author\":{\"name\":\"Redakcja Woblinka\",\"@id\":\"https:\/\/woblink.com\/blog\/#\/schema\/person\/8ab6b79d64fa54209272130c4c3b1e95\"},\"headline\":\"\u201eMiasto bia\u0142ych kart\u201d w weekend wyborczy za 14,99\",\"datePublished\":\"2020-07-10T10:52:31+00:00\",\"dateModified\":\"2020-07-10T10:52:31+00:00\",\"mainEntityOfPage\":{\"@id\":\"https:\/\/woblink.com\/blog\/miasto-bialych-kart-w-weekend-wyborczy-za-1499\/\"},\"wordCount\":353,\"publisher\":{\"@id\":\"https:\/\/woblink.com\/blog\/#organization\"},\"articleSection\":[\"Aktualno\u015bci\",\"Ciekawostki o pisarzach\",\"Recenzje ksi\u0105\u017cek\",\"Rynek wydawniczy\"],\"inLanguage\":\"pl-PL\"},{\"@type\":\"WebPage\",\"@id\":\"https:\/\/woblink.com\/blog\/miasto-bialych-kart-w-weekend-wyborczy-za-1499\/\",\"url\":\"https:\/\/woblink.com\/blog\/miasto-bialych-kart-w-weekend-wyborczy-za-1499\/\",\"name\":\"\u201eMiasto bia\u0142ych kart\u201d w weekend wyborczy za 14,99 - Woblink\",\"isPartOf\":{\"@id\":\"https:\/\/woblink.com\/blog\/#website\"},\"datePublished\":\"2020-07-10T10:52:31+00:00\",\"dateModified\":\"2020-07-10T10:52:31+00:00\",\"description\":\"Przy okazji wybor\u00f3w prezydenckich, \u201eMiasto bia\u0142ych kart\u201d, g\u0142o\u015bn\u0105 powie\u015b\u0107 Jos\u00e9 Saramago, mo\u017cecie kupi\u0107 w formie ebooka za jedyne 14,99!\",\"breadcrumb\":{\"@id\":\"https:\/\/woblink.com\/blog\/miasto-bialych-kart-w-weekend-wyborczy-za-1499\/#breadcrumb\"},\"inLanguage\":\"pl-PL\",\"potentialAction\":[{\"@type\":\"ReadAction\",\"target\":[\"https:\/\/woblink.com\/blog\/miasto-bialych-kart-w-weekend-wyborczy-za-1499\/\"]}]},{\"@type\":\"BreadcrumbList\",\"@id\":\"https:\/\/woblink.com\/blog\/miasto-bialych-kart-w-weekend-wyborczy-za-1499\/#breadcrumb\",\"itemListElement\":[{\"@type\":\"ListItem\",\"position\":1,\"name\":\"Strona g\u0142\u00f3wna\",\"item\":\"https:\/\/woblink.com\/blog\/\"},{\"@type\":\"ListItem\",\"position\":2,\"name\":\"\u201eMiasto bia\u0142ych kart\u201d w weekend wyborczy za 14,99\"}]},{\"@type\":\"WebSite\",\"@id\":\"https:\/\/woblink.com\/blog\/#website\",\"url\":\"https:\/\/woblink.com\/blog\/\",\"name\":\"Woblink\",\"description\":\"najlepszy firmowy blog o ksi\u0105\u017ckach\",\"publisher\":{\"@id\":\"https:\/\/woblink.com\/blog\/#organization\"},\"potentialAction\":[{\"@type\":\"SearchAction\",\"target\":{\"@type\":\"EntryPoint\",\"urlTemplate\":\"https:\/\/woblink.com\/blog\/?s={search_term_string}\"},\"query-input\":\"required name=search_term_string\"}],\"inLanguage\":\"pl-PL\"},{\"@type\":\"Organization\",\"@id\":\"https:\/\/woblink.com\/blog\/#organization\",\"name\":\"Woblink\",\"url\":\"https:\/\/woblink.com\/blog\/\",\"logo\":{\"@type\":\"ImageObject\",\"inLanguage\":\"pl-PL\",\"@id\":\"https:\/\/woblink.com\/blog\/#\/schema\/logo\/image\/\",\"url\":\"https:\/\/i0.wp.com\/woblink.com\/blog\/wp-content\/uploads\/2019\/04\/nw_logoB.png?fit=185%2C42&ssl=1\",\"contentUrl\":\"https:\/\/i0.wp.com\/woblink.com\/blog\/wp-content\/uploads\/2019\/04\/nw_logoB.png?fit=185%2C42&ssl=1\",\"width\":185,\"height\":42,\"caption\":\"Woblink\"},\"image\":{\"@id\":\"https:\/\/woblink.com\/blog\/#\/schema\/logo\/image\/\"},\"sameAs\":[\"https:\/\/facebook.com\/woblink\",\"https:\/\/twitter.com\/woblink_com\",\"https:\/\/www.instagram.com\/woblink_com\",\"https:\/\/www.linkedin.com\/company\/woblink\/\"]},{\"@type\":\"Person\",\"@id\":\"https:\/\/woblink.com\/blog\/#\/schema\/person\/8ab6b79d64fa54209272130c4c3b1e95\",\"name\":\"Redakcja Woblinka\",\"image\":{\"@type\":\"ImageObject\",\"inLanguage\":\"pl-PL\",\"@id\":\"https:\/\/woblink.com\/blog\/#\/schema\/person\/image\/\",\"url\":\"https:\/\/secure.gravatar.com\/avatar\/f23ae80a7c9da060bee5f8310913478b?s=96&d=mm&r=g\",\"contentUrl\":\"https:\/\/secure.gravatar.com\/avatar\/f23ae80a7c9da060bee5f8310913478b?s=96&d=mm&r=g\",\"caption\":\"Redakcja Woblinka\"},\"url\":\"https:\/\/woblink.com\/blog\/author\/krasny\/\"}]}<\/script>\n<!-- \/ Yoast SEO plugin. -->","yoast_head_json":{"title":"\u201eMiasto bia\u0142ych kart\u201d w weekend wyborczy za 14,99 - Woblink","description":"Przy okazji wybor\u00f3w prezydenckich, \u201eMiasto bia\u0142ych kart\u201d, g\u0142o\u015bn\u0105 powie\u015b\u0107 Jos\u00e9 Saramago, mo\u017cecie kupi\u0107 w formie ebooka za jedyne 14,99!","robots":{"index":"index","follow":"follow","max-snippet":"max-snippet:-1","max-image-preview":"max-image-preview:large","max-video-preview":"max-video-preview:-1"},"canonical":"https:\/\/woblink.com\/blog\/miasto-bialych-kart-w-weekend-wyborczy-za-1499\/","og_locale":"pl_PL","og_type":"article","og_title":"\u201eMiasto bia\u0142ych kart\u201d w weekend wyborczy za 14,99 - Woblink","og_description":"Przy okazji wybor\u00f3w prezydenckich, \u201eMiasto bia\u0142ych kart\u201d, g\u0142o\u015bn\u0105 powie\u015b\u0107 Jos\u00e9 Saramago, mo\u017cecie kupi\u0107 w formie ebooka za jedyne 14,99!","og_url":"https:\/\/woblink.com\/blog\/miasto-bialych-kart-w-weekend-wyborczy-za-1499\/","og_site_name":"Woblink","article_publisher":"https:\/\/facebook.com\/woblink","article_published_time":"2020-07-10T10:52:31+00:00","og_image":[{"width":1011,"height":690,"url":"https:\/\/i0.wp.com\/woblink.com\/blog\/wp-content\/uploads\/2020\/07\/miastobia\u0142ychkart.jpg?fit=1011%2C690&ssl=1","type":"image\/jpeg"}],"author":"Redakcja Woblinka","twitter_card":"summary_large_image","twitter_creator":"@woblink_com","twitter_site":"@woblink_com","twitter_misc":{"Napisane przez":"Redakcja Woblinka","Szacowany czas czytania":"2 minuty"},"schema":{"@context":"https:\/\/schema.org","@graph":[{"@type":"Article","@id":"https:\/\/woblink.com\/blog\/miasto-bialych-kart-w-weekend-wyborczy-za-1499\/#article","isPartOf":{"@id":"https:\/\/woblink.com\/blog\/miasto-bialych-kart-w-weekend-wyborczy-za-1499\/"},"author":{"name":"Redakcja Woblinka","@id":"https:\/\/woblink.com\/blog\/#\/schema\/person\/8ab6b79d64fa54209272130c4c3b1e95"},"headline":"\u201eMiasto bia\u0142ych kart\u201d w weekend wyborczy za 14,99","datePublished":"2020-07-10T10:52:31+00:00","dateModified":"2020-07-10T10:52:31+00:00","mainEntityOfPage":{"@id":"https:\/\/woblink.com\/blog\/miasto-bialych-kart-w-weekend-wyborczy-za-1499\/"},"wordCount":353,"publisher":{"@id":"https:\/\/woblink.com\/blog\/#organization"},"articleSection":["Aktualno\u015bci","Ciekawostki o pisarzach","Recenzje ksi\u0105\u017cek","Rynek wydawniczy"],"inLanguage":"pl-PL"},{"@type":"WebPage","@id":"https:\/\/woblink.com\/blog\/miasto-bialych-kart-w-weekend-wyborczy-za-1499\/","url":"https:\/\/woblink.com\/blog\/miasto-bialych-kart-w-weekend-wyborczy-za-1499\/","name":"\u201eMiasto bia\u0142ych kart\u201d w weekend wyborczy za 14,99 - Woblink","isPartOf":{"@id":"https:\/\/woblink.com\/blog\/#website"},"datePublished":"2020-07-10T10:52:31+00:00","dateModified":"2020-07-10T10:52:31+00:00","description":"Przy okazji wybor\u00f3w prezydenckich, \u201eMiasto bia\u0142ych kart\u201d, g\u0142o\u015bn\u0105 powie\u015b\u0107 Jos\u00e9 Saramago, mo\u017cecie kupi\u0107 w formie ebooka za jedyne 14,99!","breadcrumb":{"@id":"https:\/\/woblink.com\/blog\/miasto-bialych-kart-w-weekend-wyborczy-za-1499\/#breadcrumb"},"inLanguage":"pl-PL","potentialAction":[{"@type":"ReadAction","target":["https:\/\/woblink.com\/blog\/miasto-bialych-kart-w-weekend-wyborczy-za-1499\/"]}]},{"@type":"BreadcrumbList","@id":"https:\/\/woblink.com\/blog\/miasto-bialych-kart-w-weekend-wyborczy-za-1499\/#breadcrumb","itemListElement":[{"@type":"ListItem","position":1,"name":"Strona g\u0142\u00f3wna","item":"https:\/\/woblink.com\/blog\/"},{"@type":"ListItem","position":2,"name":"\u201eMiasto bia\u0142ych kart\u201d w weekend wyborczy za 14,99"}]},{"@type":"WebSite","@id":"https:\/\/woblink.com\/blog\/#website","url":"https:\/\/woblink.com\/blog\/","name":"Woblink","description":"najlepszy firmowy blog o ksi\u0105\u017ckach","publisher":{"@id":"https:\/\/woblink.com\/blog\/#organization"},"potentialAction":[{"@type":"SearchAction","target":{"@type":"EntryPoint","urlTemplate":"https:\/\/woblink.com\/blog\/?s={search_term_string}"},"query-input":"required name=search_term_string"}],"inLanguage":"pl-PL"},{"@type":"Organization","@id":"https:\/\/woblink.com\/blog\/#organization","name":"Woblink","url":"https:\/\/woblink.com\/blog\/","logo":{"@type":"ImageObject","inLanguage":"pl-PL","@id":"https:\/\/woblink.com\/blog\/#\/schema\/logo\/image\/","url":"https:\/\/i0.wp.com\/woblink.com\/blog\/wp-content\/uploads\/2019\/04\/nw_logoB.png?fit=185%2C42&ssl=1","contentUrl":"https:\/\/i0.wp.com\/woblink.com\/blog\/wp-content\/uploads\/2019\/04\/nw_logoB.png?fit=185%2C42&ssl=1","width":185,"height":42,"caption":"Woblink"},"image":{"@id":"https:\/\/woblink.com\/blog\/#\/schema\/logo\/image\/"},"sameAs":["https:\/\/facebook.com\/woblink","https:\/\/twitter.com\/woblink_com","https:\/\/www.instagram.com\/woblink_com","https:\/\/www.linkedin.com\/company\/woblink\/"]},{"@type":"Person","@id":"https:\/\/woblink.com\/blog\/#\/schema\/person\/8ab6b79d64fa54209272130c4c3b1e95","name":"Redakcja Woblinka","image":{"@type":"ImageObject","inLanguage":"pl-PL","@id":"https:\/\/woblink.com\/blog\/#\/schema\/person\/image\/","url":"https:\/\/secure.gravatar.com\/avatar\/f23ae80a7c9da060bee5f8310913478b?s=96&d=mm&r=g","contentUrl":"https:\/\/secure.gravatar.com\/avatar\/f23ae80a7c9da060bee5f8310913478b?s=96&d=mm&r=g","caption":"Redakcja Woblinka"},"url":"https:\/\/woblink.com\/blog\/author\/krasny\/"}]}},"jetpack_featured_media_url":"https:\/\/i0.wp.com\/woblink.com\/blog\/wp-content\/uploads\/2020\/07\/miastobia\u0142ychkart.jpg?fit=1011%2C690&ssl=1","_links":{"self":[{"href":"https:\/\/woblink.com\/blog\/wp-json\/wp\/v2\/posts\/2673"}],"collection":[{"href":"https:\/\/woblink.com\/blog\/wp-json\/wp\/v2\/posts"}],"about":[{"href":"https:\/\/woblink.com\/blog\/wp-json\/wp\/v2\/types\/post"}],"author":[{"embeddable":true,"href":"https:\/\/woblink.com\/blog\/wp-json\/wp\/v2\/users\/7"}],"replies":[{"embeddable":true,"href":"https:\/\/woblink.com\/blog\/wp-json\/wp\/v2\/comments?post=2673"}],"version-history":[{"count":2,"href":"https:\/\/woblink.com\/blog\/wp-json\/wp\/v2\/posts\/2673\/revisions"}],"predecessor-version":[{"id":2679,"href":"https:\/\/woblink.com\/blog\/wp-json\/wp\/v2\/posts\/2673\/revisions\/2679"}],"wp:featuredmedia":[{"embeddable":true,"href":"https:\/\/woblink.com\/blog\/wp-json\/wp\/v2\/media\/2675"}],"wp:attachment":[{"href":"https:\/\/woblink.com\/blog\/wp-json\/wp\/v2\/media?parent=2673"}],"wp:term":[{"taxonomy":"category","embeddable":true,"href":"https:\/\/woblink.com\/blog\/wp-json\/wp\/v2\/categories?post=2673"},{"taxonomy":"post_tag","embeddable":true,"href":"https:\/\/woblink.com\/blog\/wp-json\/wp\/v2\/tags?post=2673"}],"curies":[{"name":"wp","href":"https:\/\/api.w.org\/{rel}","templated":true}]}}