{"id":3057,"date":"2020-08-25T15:49:44","date_gmt":"2020-08-25T13:49:44","guid":{"rendered":"https:\/\/woblink.com\/blog\/?p=3057"},"modified":"2020-08-28T13:36:45","modified_gmt":"2020-08-28T11:36:45","slug":"zapowiedzi-i-premiery-ksiazek-wrzesien-2020","status":"publish","type":"post","link":"https:\/\/woblink.com\/blog\/zapowiedzi-i-premiery-ksiazek-wrzesien-2020\/","title":{"rendered":"Zapowiedzi i premiery ksi\u0105\u017cek \u2013 wrzesie\u0144 2020"},"content":{"rendered":"<p><strong>Nowe powie\u015bci Jacka Dukaja, Szczepana Twardocha, Jo Nesb\u00f8, Wioletty Grzegorzewskiej, Eleny Ferrante. A to zaledwie wierzcho\u0142ek g\u00f3ry lodowej zapowiedzi i premier ksi\u0105\u017cek jakie przyniesie nam wrzesie\u0144 2020!<\/strong><\/p>\n<p><!--more--><\/p>\n<p>Jesie\u0144 to dla mi\u0142o\u015bnik\u00f3w ksi\u0105\u017cek bardzo intensywna pora roku. Opr\u00f3cz planowanych znakomitych premier odbywaj\u0105 si\u0119 m.in. Conrad Festival, Mi\u0119dzynarodowe Targi Ksi\u0105\u017cki w Krakowie oraz przyznawane s\u0105 presti\u017cowe nagrody literackie \u2013 Nagroda Literacka Nike, Nagroda Conrada, Nagroda Nobla w dziedzinie literatury, Man Booker Prize. A to wszystko na przestrzeni zaledwie dw\u00f3ch miesi\u0119cy. Zobaczmy zatem jakie nowo\u015bci czekaj\u0105 nas we wrze\u015bniu.<\/p>\n<h3 style=\"text-align: center;\">2 wrze\u015bnia 2020<\/h3>\n<h4><strong>Imperium chmur \u2013 Jacek Dukaj<br \/>\n<\/strong><strong>Wydawnictwo Literackie<br \/>\n<\/strong><\/h4>\n<p>Dukaj przedstawia powie\u015b\u0107 inspirowan\u0105 \u201eLalk\u0105\u201d Boles\u0142awa Prusa. Kultura samuraj\u00f3w odchodzi w niepami\u0119\u0107 \u2013 rodzi si\u0119 nowa Japonia. Pisarz przenosi czytelnik\u00f3w w ostatnie lata XIX wieku \u2013 do cesarza Mutsuhito przybywa Stanis\u0142aw Wokulski, delegat Kraju, Kt\u00f3rego Nie Ma. Przedstawia propozycj\u0119 sojuszu, kt\u00f3ry ma opiera\u0107 si\u0119 na odkryciu doktora Geista \u2013 technologii metalu l\u017cejszego ni\u017c powietrze. \u201eImperium chmur\u201d to kolejna dawka literackich popis\u00f3w Jacka Dukaja, znakomicie odnajduj\u0105cego si\u0119 w tworzeniu alternatywnych rzeczywisto\u015bci.<\/p>\n<p><img decoding=\"async\" loading=\"lazy\" class=\"size-medium wp-image-3061 aligncenter\" src=\"https:\/\/i0.wp.com\/woblink.com\/blog\/wp-content\/uploads\/2020\/08\/imperium-chmur-b-iext61195347.jpg?resize=195%2C300&#038;ssl=1\" alt=\"\" width=\"195\" height=\"300\" srcset=\"https:\/\/i0.wp.com\/woblink.com\/blog\/wp-content\/uploads\/2020\/08\/imperium-chmur-b-iext61195347.jpg?resize=195%2C300&amp;ssl=1 195w, https:\/\/i0.wp.com\/woblink.com\/blog\/wp-content\/uploads\/2020\/08\/imperium-chmur-b-iext61195347.jpg?resize=768%2C1185&amp;ssl=1 768w, https:\/\/i0.wp.com\/woblink.com\/blog\/wp-content\/uploads\/2020\/08\/imperium-chmur-b-iext61195347.jpg?resize=664%2C1024&amp;ssl=1 664w, https:\/\/i0.wp.com\/woblink.com\/blog\/wp-content\/uploads\/2020\/08\/imperium-chmur-b-iext61195347.jpg?resize=600%2C925&amp;ssl=1 600w, https:\/\/i0.wp.com\/woblink.com\/blog\/wp-content\/uploads\/2020\/08\/imperium-chmur-b-iext61195347.jpg?w=778&amp;ssl=1 778w\" sizes=\"(max-width: 195px) 100vw, 195px\" data-recalc-dims=\"1\" \/><\/p>\n<h4><strong>Kr\u00f3lestwo \u2013 Jo Nesb\u00f8, t\u0142um. Iwona Zimnicka\u00a0<\/strong><br \/>\n<strong>Wydawnictwo Dolno\u015bl\u0105skie<\/strong><\/h4>\n<p>Nesb\u00f8 powraca z now\u0105 ksi\u0105\u017ck\u0105, tym razem bez Harry&#8217;ego Hole w roli g\u0142\u00f3wnej. Wydawca zapewnia jednak, \u017ce \u201eKr\u00f3lestwo\u201d jest r\u00f3wnie wci\u0105gaj\u0105ce, co poszczeg\u00f3lne tomy s\u0142ynnej serii norweskiego pisarza.<\/p>\n<p>W ma\u0142ej norweskiej g\u00f3rskiej wiosce mieszka mechanik Roy, kt\u00f3ry wiedzie spokojne, proste \u017cycie. Pewnego dnia po latach do miasteczka wraca jego przedsi\u0119biorczy brat Carl z propozycj\u0105 budowy hotelu. Mi\u0119dzy m\u0119\u017cczyznami zaczynaj\u0105 od\u017cywa\u0107 mroczne sekrety z przesz\u0142o\u015bci. Ponadto miejscowy policjant \u015bledczy wznawia \u015bledztwo w sprawie tragicznej \u015bmierci rodzic\u00f3w braci.<\/p>\n<p><img decoding=\"async\" loading=\"lazy\" class=\"size-medium wp-image-3062 aligncenter\" src=\"https:\/\/i0.wp.com\/woblink.com\/blog\/wp-content\/uploads\/2020\/08\/krolestwo-b-iext61334282.jpg?resize=199%2C300&#038;ssl=1\" alt=\"\" width=\"199\" height=\"300\" srcset=\"https:\/\/i0.wp.com\/woblink.com\/blog\/wp-content\/uploads\/2020\/08\/krolestwo-b-iext61334282.jpg?resize=199%2C300&amp;ssl=1 199w, https:\/\/i0.wp.com\/woblink.com\/blog\/wp-content\/uploads\/2020\/08\/krolestwo-b-iext61334282.jpg?resize=768%2C1158&amp;ssl=1 768w, https:\/\/i0.wp.com\/woblink.com\/blog\/wp-content\/uploads\/2020\/08\/krolestwo-b-iext61334282.jpg?resize=679%2C1024&amp;ssl=1 679w, https:\/\/i0.wp.com\/woblink.com\/blog\/wp-content\/uploads\/2020\/08\/krolestwo-b-iext61334282.jpg?resize=600%2C905&amp;ssl=1 600w, https:\/\/i0.wp.com\/woblink.com\/blog\/wp-content\/uploads\/2020\/08\/krolestwo-b-iext61334282.jpg?w=796&amp;ssl=1 796w\" sizes=\"(max-width: 199px) 100vw, 199px\" data-recalc-dims=\"1\" \/><\/p>\n<h4><strong>Zak\u0142amane \u017cycie doros\u0142ych \u2013 Elena Ferrante, t\u0142um. Lucyna Rodziewicz-Dokt\u00f3r<br \/>\nWydawnictwo Sonia Draga<\/strong><\/h4>\n<p>\u201eZak\u0142amane \u017cycie doros\u0142ych\u201d to najnowsza ksi\u0105\u017cka autorstwa tajemniczej pisarki \u2013 Eleny Ferrante. Akcja powie\u015bci rozgrywa si\u0119 w Neapolu, mie\u015bcie rozdartym strachem i nienawi\u015bci\u0105. Neapol podzielony na miasto wzg\u00f3rz i nizin, podobnie jak g\u0142\u00f3wna bohaterka Giovanna, balansuje mi\u0119dzy pi\u0119knem i szpetno\u015bci\u0105, szcz\u0119\u015bciem i smutkiem, sukcesem i upadkiem.<\/p>\n<p><img decoding=\"async\" loading=\"lazy\" class=\"aligncenter wp-image-2922 size-medium\" src=\"https:\/\/i0.wp.com\/woblink.com\/blog\/wp-content\/uploads\/2020\/08\/elena_ferrante_zapowiedz\u0301.jpg?resize=188%2C300&#038;ssl=1\" alt=\"zapowiedzi sierpie\u0144 2020 elena ferrante\" width=\"188\" height=\"300\" srcset=\"https:\/\/i0.wp.com\/woblink.com\/blog\/wp-content\/uploads\/2020\/08\/elena_ferrante_zapowiedz\u0301.jpg?resize=188%2C300&amp;ssl=1 188w, https:\/\/i0.wp.com\/woblink.com\/blog\/wp-content\/uploads\/2020\/08\/elena_ferrante_zapowiedz\u0301.jpg?resize=768%2C1226&amp;ssl=1 768w, https:\/\/i0.wp.com\/woblink.com\/blog\/wp-content\/uploads\/2020\/08\/elena_ferrante_zapowiedz\u0301.jpg?resize=642%2C1024&amp;ssl=1 642w, https:\/\/i0.wp.com\/woblink.com\/blog\/wp-content\/uploads\/2020\/08\/elena_ferrante_zapowiedz\u0301.jpg?resize=600%2C958&amp;ssl=1 600w, https:\/\/i0.wp.com\/woblink.com\/blog\/wp-content\/uploads\/2020\/08\/elena_ferrante_zapowiedz\u0301.jpg?w=1000&amp;ssl=1 1000w\" sizes=\"(max-width: 188px) 100vw, 188px\" data-recalc-dims=\"1\" \/><\/p>\n<h4><strong>Z\u0142ap i ukr\u0119\u0107 \u0142eb. Szpiedzy, k\u0142amstwa i zmowa milczenia wok\u00f3\u0142 gwa\u0142cicieli: Ronan Farrow, t\u0142um. Anna Dzierzgowska, S\u0142awomir Kr\u00f3lak<br \/>\n<\/strong><strong>Wydawnictwo Czarne<\/strong><\/h4>\n<p>2 wrze\u015bnia uka\u017ce si\u0119 kolejna ksi\u0105\u017cka ze znakomitej Serii Ameryka\u0144skiej Wydawnictwa Czarne. \u201eZ\u0142ap i ukr\u0119\u0107 \u0142eb\u201d to efekt \u015bledztwa przeprowadzonego przez Ronana Farrowa, syna Mii Farrow i Woody&#8217;ego Allena. Ronan prowadzi\u0142 \u015bledztwo zwi\u0105zane z przemoc\u0105 seksualn\u0105 w Hollywood, g\u0142\u00f3wnie w g\u0142o\u015bnej sprawie Harveya Weinsteina. Farrow kontaktowa\u0142 si\u0119 z kolejnymi ofiarami Weinsteina, kt\u00f3rych z dnia na dzie\u0144 przybywa\u0142o. Autora reporta\u017cu najbardziej zszokowa\u0142a nie liczba poszkodowanych, a fakt, jak wiele os\u00f3b wiedzia\u0142o o zbrodniczym procederze Weinsteina i uczestniczy\u0142o w tuszowaniu sprawy.<\/p>\n<p><img decoding=\"async\" loading=\"lazy\" class=\"size-medium wp-image-3065 aligncenter\" src=\"https:\/\/i0.wp.com\/woblink.com\/blog\/wp-content\/uploads\/2020\/08\/large_zlap_i_ukrec.jpg?resize=188%2C300&#038;ssl=1\" alt=\"\" width=\"188\" height=\"300\" srcset=\"https:\/\/i0.wp.com\/woblink.com\/blog\/wp-content\/uploads\/2020\/08\/large_zlap_i_ukrec.jpg?resize=188%2C300&amp;ssl=1 188w, https:\/\/i0.wp.com\/woblink.com\/blog\/wp-content\/uploads\/2020\/08\/large_zlap_i_ukrec.jpg?w=380&amp;ssl=1 380w\" sizes=\"(max-width: 188px) 100vw, 188px\" data-recalc-dims=\"1\" \/><\/p>\n<h4>Pandemia \u2013 Pawe\u0142 Kapusta<br \/>\nInsignis<\/h4>\n<p>\u017be powstan\u0105 ksi\u0105\u017cki o pandemii mogli\u015bmy by\u0107 pewni ju\u017c na jej pocz\u0105tku. Wiele z nich na pewno nie b\u0119dzie si\u0119 do niczego nadawa\u0107. Warto jednak zwr\u00f3ci\u0107 na now\u0105 ksi\u0105\u017ck\u0119 Paw\u0142a Kapisty, autora bestseller\u00f3w \u201eGad\u201d i \u201eAgonia\u201d, finalisty Grand Press i Nagrody im. Kapu\u015bci\u0144skiego, laureata Nagrody im. Tora\u0144skiej. Pracownicy hospicj\u00f3w, lekarze, piel\u0119gniarki, sprzedawcy w dyskontach, funkcjonariusze s\u0142u\u017cby wi\u0119ziennej, listonosze, pracownicy zak\u0142ad\u00f3w pogrzebowych, nauczyciele \u2013 to ich \u017cycie w pierwszej kolejno\u015bci ca\u0142kowicie zmieni\u0142a pandemia. Kapusta rozmawia z nimi i stara si\u0119 opisa\u0107 rzeczywisto\u015b\u0107, kt\u00f3r\u0105 okre\u015blamy mianem \u201enowej normalno\u015bci\u201d. Uzupe\u0142nieniem wydania s\u0105 obszerne wywiady z \u201etwarzami\u201d walki z pandemi\u0105: ministrem zdrowia, profesorem \u0141ukaszem Szumowskim oraz profesorem Krzysztofem Simonem. G\u0142os zabieraj\u0105 tak\u017ce profesorowie Witold Or\u0142owski i Marcin Kr\u00f3l.<\/p>\n<p><img decoding=\"async\" loading=\"lazy\" class=\"size-medium wp-image-3103 aligncenter\" src=\"https:\/\/i0.wp.com\/woblink.com\/blog\/wp-content\/uploads\/2020\/08\/2599906670125.jpg?resize=201%2C300&#038;ssl=1\" alt=\"\" width=\"201\" height=\"300\" srcset=\"https:\/\/i0.wp.com\/woblink.com\/blog\/wp-content\/uploads\/2020\/08\/2599906670125.jpg?resize=201%2C300&amp;ssl=1 201w, https:\/\/i0.wp.com\/woblink.com\/blog\/wp-content\/uploads\/2020\/08\/2599906670125.jpg?resize=768%2C1146&amp;ssl=1 768w, https:\/\/i0.wp.com\/woblink.com\/blog\/wp-content\/uploads\/2020\/08\/2599906670125.jpg?resize=686%2C1024&amp;ssl=1 686w, https:\/\/i0.wp.com\/woblink.com\/blog\/wp-content\/uploads\/2020\/08\/2599906670125.jpg?resize=600%2C896&amp;ssl=1 600w, https:\/\/i0.wp.com\/woblink.com\/blog\/wp-content\/uploads\/2020\/08\/2599906670125.jpg?w=804&amp;ssl=1 804w\" sizes=\"(max-width: 201px) 100vw, 201px\" data-recalc-dims=\"1\" \/><\/p>\n<h4><strong>Kraina Lovecrafta \u2013 Matt Ruff<\/strong><br \/>\n<strong>Wydawnictwo W.A.B.<\/strong><\/h4>\n<p>Rok 1954, Chicago. Atticus Turner, by\u0142y \u017co\u0142nierz, wyrusza w drog\u0119 do Nowej Anglii, aby odnale\u017a\u0107 swojego zaginionego ojca. Towarzysz\u0105 mu wuj George i przyjaci\u00f3\u0142ka z dzieci\u0144stwa, Letycja. Podczas podr\u00f3\u017cy napotkaj\u0105 zar\u00f3wno bardzo realistyczne zagro\u017cenia bia\u0142ej Ameryki, jak i duchy i\u015bcie z kart powie\u015bci grozy. Niedawno swoj\u0105 premier\u0119 mia\u0142 wyczekiwany serial Jordana Peela od HBO oparty o ksi\u0105\u017ck\u0119 Matta Ruffa.<\/p>\n<p><img decoding=\"async\" loading=\"lazy\" class=\"size-medium wp-image-3066 aligncenter\" src=\"https:\/\/i0.wp.com\/woblink.com\/blog\/wp-content\/uploads\/2020\/08\/kraina-lovecrafta-b-iext62467439.jpg?resize=201%2C300&#038;ssl=1\" alt=\"\" width=\"201\" height=\"300\" srcset=\"https:\/\/i0.wp.com\/woblink.com\/blog\/wp-content\/uploads\/2020\/08\/kraina-lovecrafta-b-iext62467439.jpg?resize=201%2C300&amp;ssl=1 201w, https:\/\/i0.wp.com\/woblink.com\/blog\/wp-content\/uploads\/2020\/08\/kraina-lovecrafta-b-iext62467439.jpg?resize=768%2C1149&amp;ssl=1 768w, https:\/\/i0.wp.com\/woblink.com\/blog\/wp-content\/uploads\/2020\/08\/kraina-lovecrafta-b-iext62467439.jpg?resize=684%2C1024&amp;ssl=1 684w, https:\/\/i0.wp.com\/woblink.com\/blog\/wp-content\/uploads\/2020\/08\/kraina-lovecrafta-b-iext62467439.jpg?resize=600%2C898&amp;ssl=1 600w, https:\/\/i0.wp.com\/woblink.com\/blog\/wp-content\/uploads\/2020\/08\/kraina-lovecrafta-b-iext62467439.jpg?w=802&amp;ssl=1 802w\" sizes=\"(max-width: 201px) 100vw, 201px\" data-recalc-dims=\"1\" \/><\/p>\n<h4>Jak przej\u0105\u0107 kontrol\u0119 nad \u015bwiatem 2 \u2013 Dorota Mas\u0142owska<br \/>\nWydawnictwo Literackie<\/h4>\n<p>\u201eJak przej\u0105\u0107 kontrol\u0119 nad \u015bwiatem 2\u201d to druga ods\u0142ona przemy\u015ble\u0144, esej\u00f3w, zapisk\u00f3w Doroty Mas\u0142owskiej na temat otaczaj\u0105cego nas, ostatnio gwa\u0142townie przekszta\u0142caj\u0105cego si\u0119, \u015bwiata. Tym razem autorka \u201eInnych ludzi\u201d komentuje rzeczywisto\u015b\u0107 w dobie pandemii koronawirusa. Jak to u Mas\u0142owskiej, na pewno nie zabraknie du\u017cej dawki ci\u0119tego humoru, kiczu i popkultury.<\/p>\n<p><img decoding=\"async\" loading=\"lazy\" class=\"size-medium wp-image-3089 aligncenter\" src=\"https:\/\/i0.wp.com\/woblink.com\/blog\/wp-content\/uploads\/2020\/08\/mas\u0142owska_jak_przejac_kontrole.jpg?resize=194%2C300&#038;ssl=1\" alt=\"\" width=\"194\" height=\"300\" srcset=\"https:\/\/i0.wp.com\/woblink.com\/blog\/wp-content\/uploads\/2020\/08\/mas\u0142owska_jak_przejac_kontrole.jpg?resize=194%2C300&amp;ssl=1 194w, https:\/\/i0.wp.com\/woblink.com\/blog\/wp-content\/uploads\/2020\/08\/mas\u0142owska_jak_przejac_kontrole.jpg?resize=661%2C1024&amp;ssl=1 661w, https:\/\/i0.wp.com\/woblink.com\/blog\/wp-content\/uploads\/2020\/08\/mas\u0142owska_jak_przejac_kontrole.jpg?resize=600%2C930&amp;ssl=1 600w, https:\/\/i0.wp.com\/woblink.com\/blog\/wp-content\/uploads\/2020\/08\/mas\u0142owska_jak_przejac_kontrole.jpg?w=709&amp;ssl=1 709w\" sizes=\"(max-width: 194px) 100vw, 194px\" data-recalc-dims=\"1\" \/><\/p>\n<h3>9 wrze\u015bnia 2020<\/h3>\n<h4>Kowalska. Ta od D\u0105browskiej \u2013 Sylwia Chwedorczuk<br \/>\nWydawnictwo Marginesy<\/h4>\n<p>Anna Kowalska by\u0142a powie\u015bciopisark\u0105, nowelistk\u0105 i redaktork\u0105. Prywatnie za\u015b \u017con\u0105 Jerzego i matk\u0105 Tuli. Ponadto za\u015b partnerk\u0105 Marii D\u0105browskiej. Kowalska zna\u0142a kilka j\u0119zyk\u00f3w, m.in. angielski, grek\u0119, \u0142acin\u0119, niemiecki oraz biegle francuski. Ca\u0142e \u017cycie po\u015bwi\u0119ci\u0142a pisaniu. Dowodem jej determinacji i talentu jest korespondencja prowadzona od 1940 z Mari\u0105 D\u0105browsk\u0105. A<\/p>\n<p>Sylwia Chwedorczuk przywraca pami\u0119\u0107 o pisarce nies\u0142usznie zapomnianej, kt\u00f3ra inspirowa\u0142a m.in. W\u0142adys\u0142awa Broniewskiego, Jaros\u0142awa Iwaszkiewicza i Jana Parandowskiego. To tak\u017ce opowie\u015b\u0107 o \u017cyciu literackim w przedwojennym Lwowie, czasach wojny, powstaniu warszawskim, odradzaj\u0105cym si\u0119 po wojnie Wroc\u0142awiu i rzecz jasna relacji Anny z Mari\u0105.<\/p>\n<h4><img decoding=\"async\" loading=\"lazy\" class=\"size-medium wp-image-3096 aligncenter\" src=\"https:\/\/i0.wp.com\/woblink.com\/blog\/wp-content\/uploads\/2020\/08\/kowalska-ta-od-dabrowskiej-b-iext61195725.jpg?resize=187%2C300&#038;ssl=1\" alt=\"\" width=\"187\" height=\"300\" srcset=\"https:\/\/i0.wp.com\/woblink.com\/blog\/wp-content\/uploads\/2020\/08\/kowalska-ta-od-dabrowskiej-b-iext61195725.jpg?resize=187%2C300&amp;ssl=1 187w, https:\/\/i0.wp.com\/woblink.com\/blog\/wp-content\/uploads\/2020\/08\/kowalska-ta-od-dabrowskiej-b-iext61195725.jpg?resize=639%2C1024&amp;ssl=1 639w, https:\/\/i0.wp.com\/woblink.com\/blog\/wp-content\/uploads\/2020\/08\/kowalska-ta-od-dabrowskiej-b-iext61195725.jpg?resize=600%2C961&amp;ssl=1 600w, https:\/\/i0.wp.com\/woblink.com\/blog\/wp-content\/uploads\/2020\/08\/kowalska-ta-od-dabrowskiej-b-iext61195725.jpg?w=749&amp;ssl=1 749w\" sizes=\"(max-width: 187px) 100vw, 187px\" data-recalc-dims=\"1\" \/><\/h4>\n<h3 style=\"text-align: center;\">16 wrze\u015bnia 2020<\/h3>\n<h4>Cokolwiek powiesz, nic nie m\u00f3w \u2013 Patrick Radden Keefe<br \/>\nWydawnictwo Czarne<\/h4>\n<p>Jedn\u0105 z najgor\u0119tszych premier wrze\u015bnia z pewno\u015bci\u0105 jest reporta\u017c Patricka Raddena Keefe&#8217;a o Irlandii P\u00f3\u0142nocnej, napisany przez pryzmat historii Jean McConville. W grudniu 1972 roku, wdowa i matka dziesi\u0119ciorga dzieci, zosta\u0142a na ich oczach wyszarpana z domu w Belfa\u015bcie przez napastnik\u00f3w w kominiarkach. Kobieta znikn\u0119\u0142a \u2013 wiele lat p\u00f3\u017aniej okaza\u0142o si\u0119, \u017ce IRA skaza\u0142a j\u0105 na \u015bmier\u0107. Zarzuty nigdy nie zosta\u0142y potwierdzone. Wiadomo, \u017ce Jean i jej rodzina padli ofiar\u0105 konfliktu mi\u0119dzy republikanami i lojalistami. Przez blisko trzydzie\u015bci lat ich starcia zbiera\u0142y krwawe \u017cniwo w Irlandii P\u00f3\u0142nocnej. Keefe stara si\u0119 pozna\u0107 losy wdowy, jednocze\u015bnie szukaj\u0105c motywacji bojownik\u00f3w do posuwania si\u0119 do tak brutalnych metod walki.<\/p>\n<p>Ksi\u0105\u017cka otrzyma\u0142a Ameryka\u0144sk\u0105 Nagrod\u0119 Krytyk\u00f3w Literackich oraz Nagrod\u0105 im. George\u2019a Orwella. Zosta\u0142a r\u00f3wnie\u017c wybrana najlepsza ksi\u0105\u017ck\u0105 historyczn\u0105 2019 roku wg Amazona oraz okrzykni\u0119ta najlepszym reporta\u017cem roku wed\u0142ug \u201eTime&#8217;a\u201d. To nie koniec wyr\u00f3\u017cnie\u0144 \u2013 \u201eCokolwiek powiesz, nic nie m\u00f3w\u201d sta\u0142 si\u0119 bestsellerm \u201eNew York Timesa\u201d, wybrany w\u015br\u00f3d dziesi\u0119ciu ksi\u0105\u017cek roku \u201eThe Washington Post\u201d, \u201eThe Wall Street Journal\u201d i \u201eChicago Tribune\u201d. Ponadto to najlepsza ksi\u0105\u017cka roku \u201eThe Economist\u201d, \u201eKirkus\u201d, \u201eVariety\u201d, \u201eLibrary Journal\u201d, \u201eLondon Times\u201d, \u201eVanity Fair\u201d, \u201eThe Atlantic\u201d, \u201eForeign Affairs\u201d, \u201eHuffington Post\u201d i \u201eThe Guardian\u201d. Uffff&#8230;<\/p>\n<p><img decoding=\"async\" loading=\"lazy\" class=\"size-medium wp-image-3090 aligncenter\" src=\"https:\/\/i0.wp.com\/woblink.com\/blog\/wp-content\/uploads\/2020\/08\/large_cokolwiek_powiesz.jpg?resize=187%2C300&#038;ssl=1\" alt=\"\" width=\"187\" height=\"300\" srcset=\"https:\/\/i0.wp.com\/woblink.com\/blog\/wp-content\/uploads\/2020\/08\/large_cokolwiek_powiesz.jpg?resize=187%2C300&amp;ssl=1 187w, https:\/\/i0.wp.com\/woblink.com\/blog\/wp-content\/uploads\/2020\/08\/large_cokolwiek_powiesz.jpg?w=380&amp;ssl=1 380w\" sizes=\"(max-width: 187px) 100vw, 187px\" data-recalc-dims=\"1\" \/><\/p>\n<h4><strong>Powr\u00f3t z Bambuko \u2013 Katarzyna Nosowska<br \/>\n<\/strong><strong>Wydawnictwo Wielka Litera, Kayax<\/strong><\/h4>\n<p>Pierwsza ksi\u0105\u017cka Katarzyny Nosowskiej (<em>A ja \u017cem jej powiedzia\u0142a\u2026<\/em>) okaza\u0142a si\u0119 hitem wydawniczym. Piosenkarka posz\u0142a wi\u0119c za ciosem i we wrze\u015bniu uka\u017ce si\u0119 drugi zbi\u00f3r jej tekst\u00f3w. Du\u017ca dawka humoru i obserwacji podszytych \u017cyciowym do\u015bwiadczeniem. A jak proponuje wydawnictwo Wielka Litera \u2013 lekiem na rozterki zwi\u0105zane z szalej\u0105c\u0105 pandemi\u0105 jest dystans. A tego Nosowskiej na pewno nie brakuje.<\/p>\n<p><img decoding=\"async\" loading=\"lazy\" class=\"size-medium wp-image-3067 aligncenter\" src=\"https:\/\/i0.wp.com\/woblink.com\/blog\/wp-content\/uploads\/2020\/08\/powrot-z-bambuko-b-iext62437929.jpg?resize=187%2C300&#038;ssl=1\" alt=\"\" width=\"187\" height=\"300\" srcset=\"https:\/\/i0.wp.com\/woblink.com\/blog\/wp-content\/uploads\/2020\/08\/powrot-z-bambuko-b-iext62437929.jpg?resize=187%2C300&amp;ssl=1 187w, https:\/\/i0.wp.com\/woblink.com\/blog\/wp-content\/uploads\/2020\/08\/powrot-z-bambuko-b-iext62437929.jpg?resize=637%2C1024&amp;ssl=1 637w, https:\/\/i0.wp.com\/woblink.com\/blog\/wp-content\/uploads\/2020\/08\/powrot-z-bambuko-b-iext62437929.jpg?resize=600%2C965&amp;ssl=1 600w, https:\/\/i0.wp.com\/woblink.com\/blog\/wp-content\/uploads\/2020\/08\/powrot-z-bambuko-b-iext62437929.jpg?w=746&amp;ssl=1 746w\" sizes=\"(max-width: 187px) 100vw, 187px\" data-recalc-dims=\"1\" \/><\/p>\n<h4><strong>Saturnin \u2013 Jakub Ma\u0142ecki<br \/>\n<\/strong><strong>Wydawnictwo Sine Qua Non<\/strong><\/h4>\n<p>Jakub Ma\u0142ecki ze szwajcarsk\u0105 regularno\u015bci\u0105 od 2015 roku wydaje jedn\u0105 ksi\u0105\u017ck\u0119 rocznie. 16 wrze\u015bnia uka\u017ce si\u0119 jego <em>Saturnin.\u00a0<\/em>Ta rozpisana na trzy pokolenia opowie\u015b\u0107 zaczyna si\u0119 znikni\u0119ciem dziadka tytu\u0142owego Saturnina. Satek wraz ze swoj\u0105 matk\u0105 ruszaj\u0105 jego \u015bladem i coraz bardziej zapuszczaj\u0105 si\u0119 w przesz\u0142o\u015b\u0107. To co odkrywaj\u0105 podczas rodzinnego \u015bledztwa ca\u0142kowicie zaburza \u015bwiat, jaki znali do tej pory.<\/p>\n<p><img decoding=\"async\" loading=\"lazy\" class=\"size-medium wp-image-3068 aligncenter\" src=\"https:\/\/i0.wp.com\/woblink.com\/blog\/wp-content\/uploads\/2020\/08\/saturnin-b-iext61662370.jpg?resize=205%2C300&#038;ssl=1\" alt=\"\" width=\"205\" height=\"300\" srcset=\"https:\/\/i0.wp.com\/woblink.com\/blog\/wp-content\/uploads\/2020\/08\/saturnin-b-iext61662370.jpg?resize=205%2C300&amp;ssl=1 205w, https:\/\/i0.wp.com\/woblink.com\/blog\/wp-content\/uploads\/2020\/08\/saturnin-b-iext61662370.jpg?w=563&amp;ssl=1 563w\" sizes=\"(max-width: 205px) 100vw, 205px\" data-recalc-dims=\"1\" \/><\/p>\n<h4><strong>Pokora \u2013 Szczepan Twardoch<br \/>\n<\/strong><strong>Wydawnictwo Literackie<\/strong><\/h4>\n<p>Bez w\u0105tpienia najbardziej wyczekiwan\u0105 premier\u0105 wrze\u015bnia jest nowa powie\u015b\u0107 Szczepana Twardocha. 11 listopada tytu\u0142owy leutnant Pokora wychodzi z berli\u0144skiego szpitala prosto na zrewoltowane ulice miasta. W b\u00f3lach rodzi si\u0119 nowy \u015bwiat, a La Belle \u00c9poque odchodzi w niepami\u0119\u0107. Alois Pokora pozostaje w zawieszeniu \u2013 nie nale\u017ca\u0142 ani do starego, ani tym bardziej do nowego \u015bwiata. Przez swoje pochodzenie ci\u0105gle spotyka si\u0119 z pogard\u0105 i odrzuceniem. Jedynym w co wierzy wydaje si\u0119 by\u0107 erotyczna relacja z perwersyjn\u0105 domin\u0105 Agnes.<\/p>\n<p>W pa\u017adzierniku odb\u0119dzie si\u0119 premiera \u201eKr\u00f3la\u201d, serialowej adaptacji bestsellerowej powie\u015bci Twardocha o tym samym tytule. To kolejny dow\u00f3d na to, \u017ce jesie\u0144 b\u0119dzie nale\u017ce\u0107 do niego.<\/p>\n<p><img decoding=\"async\" loading=\"lazy\" class=\"size-medium wp-image-3064 aligncenter\" src=\"https:\/\/i0.wp.com\/woblink.com\/blog\/wp-content\/uploads\/2020\/08\/pokora-b-iext59654454.jpg?resize=210%2C300&#038;ssl=1\" alt=\"\" width=\"210\" height=\"300\" srcset=\"https:\/\/i0.wp.com\/woblink.com\/blog\/wp-content\/uploads\/2020\/08\/pokora-b-iext59654454.jpg?resize=210%2C300&amp;ssl=1 210w, https:\/\/i0.wp.com\/woblink.com\/blog\/wp-content\/uploads\/2020\/08\/pokora-b-iext59654454.jpg?resize=768%2C1096&amp;ssl=1 768w, https:\/\/i0.wp.com\/woblink.com\/blog\/wp-content\/uploads\/2020\/08\/pokora-b-iext59654454.jpg?resize=718%2C1024&amp;ssl=1 718w, https:\/\/i0.wp.com\/woblink.com\/blog\/wp-content\/uploads\/2020\/08\/pokora-b-iext59654454.jpg?resize=600%2C856&amp;ssl=1 600w, https:\/\/i0.wp.com\/woblink.com\/blog\/wp-content\/uploads\/2020\/08\/pokora-b-iext59654454.jpg?w=841&amp;ssl=1 841w\" sizes=\"(max-width: 210px) 100vw, 210px\" data-recalc-dims=\"1\" \/><\/p>\n<h4><strong>Srebrne skrzyd\u0142a \u2013 Camilla L\u00e4ckberg<br \/>\n<\/strong><strong>Wydawnictwo Czarna Owca<br \/>\n<\/strong><\/h4>\n<p>Drugi tom cyklu Faye i kontynuacja powie\u015bci \u201eZ\u0142otka klatka\u201d. Po zako\u0144czeniu toksycznej relacji Faye rozpocz\u0119\u0142a nowe \u017cycie. Jej by\u0142y m\u0105\u017c trafi\u0142 do wi\u0119zienia, a ona nareszcie mo\u017ce rozwija\u0107 swoj\u0105 karier\u0119. My\u015bla\u0142a, \u017ce najgorsze jest ju\u017c za ni\u0105, ale szybko okazuje si\u0119, jak bardzo si\u0119 myli\u0142a&#8230;<\/p>\n<p><img decoding=\"async\" loading=\"lazy\" class=\"size-medium wp-image-3069 aligncenter\" src=\"https:\/\/i0.wp.com\/woblink.com\/blog\/wp-content\/uploads\/2020\/08\/srebrne-skrzydla-b-iext59698101.jpg?resize=194%2C300&#038;ssl=1\" alt=\"\" width=\"194\" height=\"300\" srcset=\"https:\/\/i0.wp.com\/woblink.com\/blog\/wp-content\/uploads\/2020\/08\/srebrne-skrzydla-b-iext59698101.jpg?resize=194%2C300&amp;ssl=1 194w, https:\/\/i0.wp.com\/woblink.com\/blog\/wp-content\/uploads\/2020\/08\/srebrne-skrzydla-b-iext59698101.jpg?resize=768%2C1189&amp;ssl=1 768w, https:\/\/i0.wp.com\/woblink.com\/blog\/wp-content\/uploads\/2020\/08\/srebrne-skrzydla-b-iext59698101.jpg?resize=661%2C1024&amp;ssl=1 661w, https:\/\/i0.wp.com\/woblink.com\/blog\/wp-content\/uploads\/2020\/08\/srebrne-skrzydla-b-iext59698101.jpg?resize=600%2C929&amp;ssl=1 600w, https:\/\/i0.wp.com\/woblink.com\/blog\/wp-content\/uploads\/2020\/08\/srebrne-skrzydla-b-iext59698101.jpg?w=775&amp;ssl=1 775w\" sizes=\"(max-width: 194px) 100vw, 194px\" data-recalc-dims=\"1\" \/><\/p>\n<h4><strong>Paradoks \u2013 Artur Urbanowicz<\/strong><br \/>\n<strong>Wydawnictwo Vesper<\/strong><\/h4>\n<p>\u201eParadoks\u201d to najnowsza powie\u015b\u0107 Artura Urbanowicza, autora \u201eInkuba&#8221;. Jej g\u0142\u00f3wny bohater Maks jest najlepszym studentem matematyki na ca\u0142ym wydziale. Jest te\u017c chorobliwym perfekcjonist\u0105, kt\u00f3ry gardzi innymi lud\u017ami. Najbardziej jednak pogardza samym sob\u0105, zw\u0142aszcza kiedy pope\u0142ni b\u0142\u0105d. Wymierza sobie wtedy dotkliwe kary. Stopniowo autoagresja Maksa przybiera na sile i zaczynaj\u0105 dr\u0119czy\u0107 go paranoiczne my\u015bli oraz przera\u017caj\u0105ce wizje, w kt\u00f3rych prze\u015bladuje go niebezpieczny sobowt\u00f3r. Ch\u0142opak nie wie jednak, \u017ce prawdziwy koszmar dopiero nadchodzi.<\/p>\n<p><img decoding=\"async\" loading=\"lazy\" class=\"size-medium wp-image-3070 aligncenter\" src=\"https:\/\/i0.wp.com\/woblink.com\/blog\/wp-content\/uploads\/2020\/08\/paradoks-artur-urbanowicz-oprawa-twarda.jpg?resize=270%2C300&#038;ssl=1\" alt=\"\" width=\"270\" height=\"300\" srcset=\"https:\/\/i0.wp.com\/woblink.com\/blog\/wp-content\/uploads\/2020\/08\/paradoks-artur-urbanowicz-oprawa-twarda.jpg?resize=270%2C300&amp;ssl=1 270w, https:\/\/i0.wp.com\/woblink.com\/blog\/wp-content\/uploads\/2020\/08\/paradoks-artur-urbanowicz-oprawa-twarda.jpg?w=550&amp;ssl=1 550w\" sizes=\"(max-width: 270px) 100vw, 270px\" data-recalc-dims=\"1\" \/><\/p>\n<h4><strong>Ok, amen. Mi\u0142o\u015b\u0107 i nienawi\u015b\u0107 w \u015bwiecie nowojorskich chasyd\u00f3w \u2013 Nina Solomin<\/strong><br \/>\n<strong>Wydawnictwo Otwarte<\/strong><\/h4>\n<p>To ksi\u0105\u017cka non-fiction pokazuj\u0105ca zamkni\u0119t\u0105 spo\u0142eczno\u015b\u0107 nowojorskich chasyd\u00f3w. Przewodnikami po tym trudno dost\u0119pnym dla os\u00f3b z zewn\u0105trz \u015bwiecie s\u0105 rozm\u00f3wcy Solomin, ultraortodoksyjni chasydzi, kt\u00f3rzy pokazuj\u0105 czytelnikom satmarski Williamsburg \u2013 pe\u0142en m\u0119\u017cczyzn z pejsami i skromnie ubranych kobiet przestrzegaj\u0105cych surowych zasad, nakaz\u00f3w i zakaz\u00f3w dotycz\u0105cych ka\u017cdego obszaru ich \u017cycia.<br \/>\nCo prawda premiera ksi\u0105\u017cki zosta\u0142a zapowiedziana na 16 wrze\u015bnia, jednak ju\u017c teraz mo\u017cecie kupi\u0107 j\u0105, w formie ebooka, na Woblinku!<\/p>\n<figure id=\"attachment_3063\" aria-describedby=\"caption-attachment-3063\" style=\"width: 198px\" class=\"wp-caption aligncenter\"><a href=\"https:\/\/woblink.com\/ebook\/ok-amen-nina-solomin-192999u\"><img decoding=\"async\" loading=\"lazy\" class=\"wp-image-3063 size-medium\" src=\"https:\/\/i0.wp.com\/woblink.com\/blog\/wp-content\/uploads\/2020\/08\/ok-amen-milosc-i-nienawisc-w-swiecie-nowojorskich-chasydow-b-iext59089720.jpg?resize=198%2C300&#038;ssl=1\" alt=\"\" width=\"198\" height=\"300\" srcset=\"https:\/\/i0.wp.com\/woblink.com\/blog\/wp-content\/uploads\/2020\/08\/ok-amen-milosc-i-nienawisc-w-swiecie-nowojorskich-chasydow-b-iext59089720.jpg?resize=198%2C300&amp;ssl=1 198w, https:\/\/i0.wp.com\/woblink.com\/blog\/wp-content\/uploads\/2020\/08\/ok-amen-milosc-i-nienawisc-w-swiecie-nowojorskich-chasydow-b-iext59089720.jpg?w=500&amp;ssl=1 500w\" sizes=\"(max-width: 198px) 100vw, 198px\" data-recalc-dims=\"1\" \/><\/a><figcaption id=\"caption-attachment-3063\" class=\"wp-caption-text\"><center><strong>Kup <a href=\"https:\/\/woblink.com\/ebook\/ok-amen-nina-solomin-192999u\">ebooka<\/a> na Woblink.com<\/strong><\/center><\/figcaption><\/figure>\n<h4>Bruno. Epoka genialna \u2013 Anna Kaszuba-D\u0119bska<br \/>\nWydawnictwo Znak<\/h4>\n<p>16 wrze\u015bnia uka\u017ce si\u0119 wyczekiwana biografia Brunona Schulza wybitnego polskiego artysty \u017cydowskiego pochodzenia. Schulz pozostawi\u0142 po sobie dwa tomy opowiada\u0144: <em>Sklepy cynamonowe<\/em> oraz <em>Sanatorium pod Klepsydr\u0105<\/em>, oraz kilka pojedynczych utwor\u00f3w, kt\u00f3re nie znalaz\u0142y si\u0119 ostatecznie w wymienionych zbiorach. Mimo skromnego dorobku literackiego, uznawany jest za jednego z najwa\u017cniejszych pisarzy 20-lecia mi\u0119dzywojennego, kt\u00f3ry zyska\u0142 rzesz\u0119 czytelnik\u00f3w na ca\u0142ym \u015bwiecie. Anna Kaszuba-D\u0119bska, autorka ksi\u0105\u017cki \u201eKobiety i Schulz\u201d, tym razem rysuje pe\u0142ny obraz artysty.<\/p>\n<p><img decoding=\"async\" loading=\"lazy\" class=\"size-medium wp-image-3092 aligncenter\" src=\"https:\/\/i0.wp.com\/woblink.com\/blog\/wp-content\/uploads\/2020\/08\/bruno.jpg?resize=212%2C300&#038;ssl=1\" alt=\"\" width=\"212\" height=\"300\" srcset=\"https:\/\/i0.wp.com\/woblink.com\/blog\/wp-content\/uploads\/2020\/08\/bruno.jpg?resize=212%2C300&amp;ssl=1 212w, https:\/\/i0.wp.com\/woblink.com\/blog\/wp-content\/uploads\/2020\/08\/bruno.jpg?resize=768%2C1088&amp;ssl=1 768w, https:\/\/i0.wp.com\/woblink.com\/blog\/wp-content\/uploads\/2020\/08\/bruno.jpg?resize=723%2C1024&amp;ssl=1 723w, https:\/\/i0.wp.com\/woblink.com\/blog\/wp-content\/uploads\/2020\/08\/bruno.jpg?resize=600%2C850&amp;ssl=1 600w, https:\/\/i0.wp.com\/woblink.com\/blog\/wp-content\/uploads\/2020\/08\/bruno.jpg?w=847&amp;ssl=1 847w\" sizes=\"(max-width: 212px) 100vw, 212px\" data-recalc-dims=\"1\" \/><\/p>\n<h3 style=\"text-align: center;\">28 wrze\u015bnia 2020<\/h3>\n<h4><strong>Obudz\u0119 si\u0119 na Shibui \u2013 Anna Cima<\/strong><br \/>\n<strong>Wydawnictwo Dowody na Istnienie<\/strong><\/h4>\n<p>\u201eJana kocha si\u0119 platonicznie w aktorach Kurosawy, czyta Murakamiego i uzale\u017cnia si\u0119 od Japonii. Podr\u00f3\u017c do Tokio i wypowiedziane lekkomy\u015blnie \u017cyczenie staj\u0105 si\u0119 pocz\u0105tkiem jej uwi\u0119zienia w tokijskiej dzielnicy \u2013 Shibuya\u2026\u201d \u2013 opis wydawcy.<\/p>\n<p><img decoding=\"async\" loading=\"lazy\" class=\"size-medium wp-image-3072 aligncenter\" src=\"https:\/\/i0.wp.com\/woblink.com\/blog\/wp-content\/uploads\/2020\/08\/Ann-Cima-Obudze-sie-na-Shibui.jpg?resize=198%2C300&#038;ssl=1\" alt=\"\" width=\"198\" height=\"300\" srcset=\"https:\/\/i0.wp.com\/woblink.com\/blog\/wp-content\/uploads\/2020\/08\/Ann-Cima-Obudze-sie-na-Shibui.jpg?resize=198%2C300&amp;ssl=1 198w, https:\/\/i0.wp.com\/woblink.com\/blog\/wp-content\/uploads\/2020\/08\/Ann-Cima-Obudze-sie-na-Shibui.jpg?w=580&amp;ssl=1 580w\" sizes=\"(max-width: 198px) 100vw, 198px\" data-recalc-dims=\"1\" \/><\/p>\n<h3>28 wrze\u015bnia 2020<\/h3>\n<h4><strong>Burzliwe czasy \u2013 Mario Vargas Llosa, t\u0142um. Marzena Chrobak\u00a0<\/strong><br \/>\n<strong>Wydawnictwo Znak<\/strong><\/h4>\n<p>28 wrze\u015bnia na polskim rynku uka\u017ce si\u0119 t\u0142umaczenie najnowszej powie\u015b\u0107 Mario Vargasa Llosy, laureata literackiej Nagrody Nobla (2015). Tym razem pisarz przenosi czytelnik\u00f3w do Gwatemali lat 50. XX wieku. Baron owocowy zatrudnia Edwarda Bernaysa, kontrowersyjnego i znanego specjalist\u0119 PR. Biznesmen nie ma jednak poj\u0119cia, \u017ce ta decyzja sprowadzi na niego zainteresowanie CIA, a w konsekwencji doprowadzi do jednej z najwi\u0119kszych akcji tajnych s\u0142u\u017cb Stan\u00f3w Zjednoczonych w Ameryce \u0141aci\u0144skiej.<\/p>\n<p><img decoding=\"async\" loading=\"lazy\" class=\"size-medium wp-image-3074 aligncenter\" src=\"https:\/\/i0.wp.com\/woblink.com\/blog\/wp-content\/uploads\/2020\/08\/burzliwe-czasy-b-iext61959286.jpg?resize=205%2C300&#038;ssl=1\" alt=\"\" width=\"205\" height=\"300\" srcset=\"https:\/\/i0.wp.com\/woblink.com\/blog\/wp-content\/uploads\/2020\/08\/burzliwe-czasy-b-iext61959286.jpg?resize=205%2C300&amp;ssl=1 205w, https:\/\/i0.wp.com\/woblink.com\/blog\/wp-content\/uploads\/2020\/08\/burzliwe-czasy-b-iext61959286.jpg?w=341&amp;ssl=1 341w\" sizes=\"(max-width: 205px) 100vw, 205px\" data-recalc-dims=\"1\" \/><\/p>\n<h3 style=\"text-align: center;\">30 wrze\u015bnia 2020<\/h3>\n<h4>Dodatkowa dusza \u2013 Wioletta Grzegorzewska<br \/>\nWydawnictwo Literackie<\/h4>\n<p>W swojej najnowszej ksi\u0105\u017cce Wioletta Grzegorzewska przedstawia opowie\u015b\u0107 inspirowan\u0105 prawdziw\u0105 histori\u0105. II \u015bwiatowa, z poci\u0105gu transportuj\u0105cego \u017byd\u00f3w do Treblinki ucieka m\u0119\u017cczyzna. Jego g\u0142\u00f3wnym celem jest powr\u00f3t do Warszawy i odnalezienie syna. M\u0119\u017cczyzna przed wojn\u0105 by\u0142 przedsi\u0119biorc\u0105, jednak nowa rzeczywisto\u015b\u0107 zmusza go do zmierzenia si\u0119 z dramatyczn\u0105 sytuacja w jakiej si\u0119 znalaz\u0142. Musi przyj\u0105\u0107 now\u0105 to\u017csamo\u015b\u0107 oraz ukrywa\u0107 si\u0119 przed s\u0105siadami, w obawie, \u017ce kt\u00f3ry\u015b go rozpozna. Na dodatek obawia si\u0119 o los syna, kt\u00f3ry anga\u017cuje si\u0119 w dzia\u0142alno\u015b\u0107 konspiracyjn\u0105, mimo \u017ce ma zaledwie trzyna\u015bcie lat.<\/p>\n<p><img decoding=\"async\" loading=\"lazy\" class=\"size-medium wp-image-3102 aligncenter\" src=\"https:\/\/i0.wp.com\/woblink.com\/blog\/wp-content\/uploads\/2020\/08\/dodatkowa-dusza.jpg?resize=182%2C300&#038;ssl=1\" alt=\"\" width=\"182\" height=\"300\" srcset=\"https:\/\/i0.wp.com\/woblink.com\/blog\/wp-content\/uploads\/2020\/08\/dodatkowa-dusza.jpg?resize=182%2C300&amp;ssl=1 182w, https:\/\/i0.wp.com\/woblink.com\/blog\/wp-content\/uploads\/2020\/08\/dodatkowa-dusza.jpg?resize=768%2C1263&amp;ssl=1 768w, https:\/\/i0.wp.com\/woblink.com\/blog\/wp-content\/uploads\/2020\/08\/dodatkowa-dusza.jpg?resize=623%2C1024&amp;ssl=1 623w, https:\/\/i0.wp.com\/woblink.com\/blog\/wp-content\/uploads\/2020\/08\/dodatkowa-dusza.jpg?resize=600%2C986&amp;ssl=1 600w, https:\/\/i0.wp.com\/woblink.com\/blog\/wp-content\/uploads\/2020\/08\/dodatkowa-dusza.jpg?w=1000&amp;ssl=1 1000w\" sizes=\"(max-width: 182px) 100vw, 182px\" data-recalc-dims=\"1\" \/><\/p>\n<h4><strong>Dunkel \u2013 Jakub Bielawski<\/strong><br \/>\n<strong>Wydawnictwo Vesper<\/strong><\/h4>\n<p>Dunkel zabiera czytelnika w podr\u00f3\u017c na Dolny \u015al\u0105sk 1945 roku. Pokazuje, jak wszystko si\u0119 sko\u0144czy\u0142o i zacz\u0119\u0142o. Przedstawia bohater\u00f3w: Frani\u0119, Franciszka, Kazi\u0119 i W\u0142adka, kt\u00f3rych nie da si\u0119 zapomnie\u0107. Dunkiel jest ciemno\u015bci\u0105.<\/p>\n<p><img decoding=\"async\" loading=\"lazy\" class=\"size-medium wp-image-3073 aligncenter\" src=\"https:\/\/i0.wp.com\/woblink.com\/blog\/wp-content\/uploads\/2020\/08\/dunkel-jakub-bielawski-oprawa-twarda.jpg?resize=270%2C300&#038;ssl=1\" alt=\"\" width=\"270\" height=\"300\" srcset=\"https:\/\/i0.wp.com\/woblink.com\/blog\/wp-content\/uploads\/2020\/08\/dunkel-jakub-bielawski-oprawa-twarda.jpg?resize=270%2C300&amp;ssl=1 270w, https:\/\/i0.wp.com\/woblink.com\/blog\/wp-content\/uploads\/2020\/08\/dunkel-jakub-bielawski-oprawa-twarda.jpg?w=550&amp;ssl=1 550w\" sizes=\"(max-width: 270px) 100vw, 270px\" data-recalc-dims=\"1\" \/><\/p>\n<h3>30 wrze\u015bnia 2020<\/h3>\n<h4><strong>Pe\u0142nia mi\u0142o\u015bci \u2013 Sigrid Nunez<\/strong><br \/>\n<strong>Wydawnictwo Pauza<\/strong><\/h4>\n<p>\u201ePe\u0142nia mi\u0142o\u015bci\u201d to nowa powie\u015b\u0107 Sigrid Nunez, autorki ksi\u0105\u017cki \u201ePrzyjaciel\u201d b\u0119d\u0105cej laureatk\u0105 National Book Award.<br \/>\nKobieta opisuje spotkania z lud\u017ami, do kt\u00f3rych dosz\u0142o w ci\u0105gu jej \u017cycia, m.in. z jej napotkanym przypadkiem by\u0142ym, w\u0142a\u015bcicielem Airbnb nie potrafi\u0105cym wchodzi\u0107 w interakcje z go\u015b\u0107mi czy chor\u0105 na raka przyjaci\u00f3\u0142k\u0105 z m\u0142odo\u015bci. Ka\u017cda z tych os\u00f3b chce m\u00f3wi\u0107 o sobie i swoich do\u015bwiadczeniach.<\/p>\n<p><img decoding=\"async\" loading=\"lazy\" class=\"size-medium wp-image-3075 aligncenter\" src=\"https:\/\/i0.wp.com\/woblink.com\/blog\/wp-content\/uploads\/2020\/08\/832568-352x500.jpg?resize=211%2C300&#038;ssl=1\" alt=\"\" width=\"211\" height=\"300\" srcset=\"https:\/\/i0.wp.com\/woblink.com\/blog\/wp-content\/uploads\/2020\/08\/832568-352x500.jpg?resize=211%2C300&amp;ssl=1 211w, https:\/\/i0.wp.com\/woblink.com\/blog\/wp-content\/uploads\/2020\/08\/832568-352x500.jpg?resize=352%2C500&amp;ssl=1 352w\" sizes=\"(max-width: 211px) 100vw, 211px\" data-recalc-dims=\"1\" \/><\/p>\n<h3>30 wrze\u015bnia 2020<\/h3>\n<h4><strong>Wiosna zaginionych \u2013 Anna Ka\u0144toch<\/strong><br \/>\n<strong>Wydawnictwo Marginesy<\/strong><\/h4>\n<p>Krystyna jest emerytowan\u0105 policjantk\u0105. Jako m\u0142oda dziewczyna straci\u0142a brata w bardzo tajemniczych okoliczno\u015bciach. W 1963 roku grupka student\u00f3w wyruszy\u0142a w Tatry. Tr\u00f3jka z nich zosta\u0142a znaleziona martwa, a brat Krystyny zagin\u0105\u0142 bez wie\u015bci. Z wyprawy wr\u00f3ci\u0142 tylko Jacek. Teraz, po ponad po\u0142owie wieku, Krystyna spotyka go w osiedlowych sklepie. Nied\u0142ugo p\u00f3\u017aniej m\u0119\u017cczyzna zostaje zamordowany. \u201eWiosna zaginionych\u201d to powie\u015b\u0107 otwieraj\u0105ca now\u0105 trylogi\u0119 kryminaln\u0105 Anny Ka\u0144toch.<\/p>\n<p><img decoding=\"async\" loading=\"lazy\" class=\"size-medium wp-image-3077 aligncenter\" src=\"https:\/\/i0.wp.com\/woblink.com\/blog\/wp-content\/uploads\/2020\/08\/3x99906683130.jpg?resize=193%2C300&#038;ssl=1\" alt=\"\" width=\"193\" height=\"300\" srcset=\"https:\/\/i0.wp.com\/woblink.com\/blog\/wp-content\/uploads\/2020\/08\/3x99906683130.jpg?resize=193%2C300&amp;ssl=1 193w, https:\/\/i0.wp.com\/woblink.com\/blog\/wp-content\/uploads\/2020\/08\/3x99906683130.jpg?resize=768%2C1196&amp;ssl=1 768w, https:\/\/i0.wp.com\/woblink.com\/blog\/wp-content\/uploads\/2020\/08\/3x99906683130.jpg?resize=658%2C1024&amp;ssl=1 658w, https:\/\/i0.wp.com\/woblink.com\/blog\/wp-content\/uploads\/2020\/08\/3x99906683130.jpg?resize=600%2C934&amp;ssl=1 600w, https:\/\/i0.wp.com\/woblink.com\/blog\/wp-content\/uploads\/2020\/08\/3x99906683130.jpg?w=1000&amp;ssl=1 1000w\" sizes=\"(max-width: 193px) 100vw, 193px\" data-recalc-dims=\"1\" \/><\/p>\n<h3>30 wrze\u015bnia 2020<\/h3>\n<h4><strong>Jak prze\u017cy\u0107 koniec \u015bwiata. Plan na niepewne czasy \u2013 Rawles James Wesley, t\u0142um. Tomasz Jurewicz, Rafa\u0142 Wierzbicki<\/strong><br \/>\n<strong>Wydawnictwo Kompania Mediowa<\/strong><\/h4>\n<p>Atak terrorystyczny, pandemia, katastrofa naturalna czy krach gospodarczy. Czasami jedno wydarzenie wystarczy, \u017ceby przewr\u00f3ci\u0107 nasz \u015bwiat do g\u00f3ry nogami. By\u0142y oficer wywiadu ameryka\u0144skiej armii, James Rawles, wyja\u015bnia wszystko, co trzeba wiedzie\u0107, aby m\u00f3c ochroni\u0107 siebie i swoich bliskich w chwilach najwi\u0119kszego kryzysu. Podpowiada ile jedzenia nale\u017cy zabezpieczy\u0107 w domu, jak filtrowa\u0107 wod\u0119 czy w jaki spos\u00f3b chroni\u0107 w\u0142asne pieni\u0105dze.<\/p>\n<p><img decoding=\"async\" loading=\"lazy\" class=\"size-medium wp-image-3076 aligncenter\" src=\"https:\/\/i0.wp.com\/woblink.com\/blog\/wp-content\/uploads\/2020\/08\/jak-przezyc-koniec-swiata-plan-na-niepewne-czasy-b-iext62019274.jpg?resize=198%2C300&#038;ssl=1\" alt=\"\" width=\"198\" height=\"300\" srcset=\"https:\/\/i0.wp.com\/woblink.com\/blog\/wp-content\/uploads\/2020\/08\/jak-przezyc-koniec-swiata-plan-na-niepewne-czasy-b-iext62019274.jpg?resize=198%2C300&amp;ssl=1 198w, https:\/\/i0.wp.com\/woblink.com\/blog\/wp-content\/uploads\/2020\/08\/jak-przezyc-koniec-swiata-plan-na-niepewne-czasy-b-iext62019274.jpg?resize=768%2C1167&amp;ssl=1 768w, https:\/\/i0.wp.com\/woblink.com\/blog\/wp-content\/uploads\/2020\/08\/jak-przezyc-koniec-swiata-plan-na-niepewne-czasy-b-iext62019274.jpg?resize=674%2C1024&amp;ssl=1 674w, https:\/\/i0.wp.com\/woblink.com\/blog\/wp-content\/uploads\/2020\/08\/jak-przezyc-koniec-swiata-plan-na-niepewne-czasy-b-iext62019274.jpg?resize=600%2C911&amp;ssl=1 600w, https:\/\/i0.wp.com\/woblink.com\/blog\/wp-content\/uploads\/2020\/08\/jak-przezyc-koniec-swiata-plan-na-niepewne-czasy-b-iext62019274.jpg?w=790&amp;ssl=1 790w\" sizes=\"(max-width: 198px) 100vw, 198px\" data-recalc-dims=\"1\" \/><\/p>\n<h4 style=\"text-align: right;\"><em><strong>Wybrali i opracowali Martyna Gancarczyk, Kuba Krasny<\/strong><\/em><\/h4>\n<p>&nbsp;<\/p>\n","protected":false},"excerpt":{"rendered":"<p>Nowe powie\u015bci Jacka Dukaja, Szczepana Twardocha, Jo Nesb\u00f8, Wioletty Grzegorzewskiej, Eleny Ferrante. A to zaledwie wierzcho\u0142ek g\u00f3ry lodowej zapowiedzi i premier ksi\u0105\u017cek jakie przyniesie nam wrzesie\u0144 2020! Jesie\u0144 to dla mi\u0142o\u015bnik\u00f3w ksi\u0105\u017cek bardzo intensywna pora roku. Opr\u00f3cz planowanych znakomitych premier odbywaj\u0105 si\u0119 m.in. Conrad Festival,&#8230;<\/p>\n","protected":false},"author":7,"featured_media":3081,"comment_status":"closed","ping_status":"open","sticky":false,"template":"","format":"standard","meta":[],"categories":[87,82,89,83],"tags":[],"yoast_head":"<!-- This site is optimized with the Yoast SEO plugin v20.11 - https:\/\/yoast.com\/wordpress\/plugins\/seo\/ -->\n<title>Zapowiedzi i premiery ksi\u0105\u017cek \u2013 wrzesie\u0144 2020 - Woblink<\/title>\n<meta name=\"robots\" content=\"index, follow, max-snippet:-1, max-image-preview:large, max-video-preview:-1\" \/>\n<link rel=\"canonical\" href=\"https:\/\/woblink.com\/blog\/zapowiedzi-i-premiery-ksiazek-wrzesien-2020\/\" \/>\n<meta property=\"og:locale\" content=\"pl_PL\" \/>\n<meta property=\"og:type\" content=\"article\" \/>\n<meta property=\"og:title\" content=\"Zapowiedzi i premiery ksi\u0105\u017cek \u2013 wrzesie\u0144 2020 - Woblink\" \/>\n<meta property=\"og:description\" content=\"Nowe powie\u015bci Jacka Dukaja, Szczepana Twardocha, Jo Nesb\u00f8, Wioletty Grzegorzewskiej, Eleny Ferrante. A to zaledwie wierzcho\u0142ek g\u00f3ry lodowej zapowiedzi i premier ksi\u0105\u017cek jakie przyniesie nam wrzesie\u0144 2020! Jesie\u0144 to dla mi\u0142o\u015bnik\u00f3w ksi\u0105\u017cek bardzo intensywna pora roku. Opr\u00f3cz planowanych znakomitych premier odbywaj\u0105 si\u0119 m.in. Conrad Festival,...\" \/>\n<meta property=\"og:url\" content=\"https:\/\/woblink.com\/blog\/zapowiedzi-i-premiery-ksiazek-wrzesien-2020\/\" \/>\n<meta property=\"og:site_name\" content=\"Woblink\" \/>\n<meta property=\"article:publisher\" content=\"https:\/\/facebook.com\/woblink\" \/>\n<meta property=\"article:published_time\" content=\"2020-08-25T13:49:44+00:00\" \/>\n<meta property=\"article:modified_time\" content=\"2020-08-28T11:36:45+00:00\" \/>\n<meta property=\"og:image\" content=\"https:\/\/i0.wp.com\/woblink.com\/blog\/wp-content\/uploads\/2020\/08\/artykul2.jpg?fit=1011%2C690&ssl=1\" \/>\n\t<meta property=\"og:image:width\" content=\"1011\" \/>\n\t<meta property=\"og:image:height\" content=\"690\" \/>\n\t<meta property=\"og:image:type\" content=\"image\/jpeg\" \/>\n<meta name=\"author\" content=\"Redakcja Woblinka\" \/>\n<meta name=\"twitter:card\" content=\"summary_large_image\" \/>\n<meta name=\"twitter:creator\" content=\"@woblink_com\" \/>\n<meta name=\"twitter:site\" content=\"@woblink_com\" \/>\n<meta name=\"twitter:label1\" content=\"Napisane przez\" \/>\n\t<meta name=\"twitter:data1\" content=\"Redakcja Woblinka\" \/>\n\t<meta name=\"twitter:label2\" content=\"Szacowany czas czytania\" \/>\n\t<meta name=\"twitter:data2\" content=\"12 minut\" \/>\n<script type=\"application\/ld+json\" class=\"yoast-schema-graph\">{\"@context\":\"https:\/\/schema.org\",\"@graph\":[{\"@type\":\"Article\",\"@id\":\"https:\/\/woblink.com\/blog\/zapowiedzi-i-premiery-ksiazek-wrzesien-2020\/#article\",\"isPartOf\":{\"@id\":\"https:\/\/woblink.com\/blog\/zapowiedzi-i-premiery-ksiazek-wrzesien-2020\/\"},\"author\":{\"name\":\"Redakcja Woblinka\",\"@id\":\"https:\/\/woblink.com\/blog\/#\/schema\/person\/8ab6b79d64fa54209272130c4c3b1e95\"},\"headline\":\"Zapowiedzi i premiery ksi\u0105\u017cek \u2013 wrzesie\u0144 2020\",\"datePublished\":\"2020-08-25T13:49:44+00:00\",\"dateModified\":\"2020-08-28T11:36:45+00:00\",\"mainEntityOfPage\":{\"@id\":\"https:\/\/woblink.com\/blog\/zapowiedzi-i-premiery-ksiazek-wrzesien-2020\/\"},\"wordCount\":2349,\"publisher\":{\"@id\":\"https:\/\/woblink.com\/blog\/#organization\"},\"articleSection\":[\"Aktualno\u015bci\",\"Premiery ksi\u0105\u017cek\",\"Rynek wydawniczy\",\"Zapowiedzi ksi\u0105\u017cek\"],\"inLanguage\":\"pl-PL\"},{\"@type\":\"WebPage\",\"@id\":\"https:\/\/woblink.com\/blog\/zapowiedzi-i-premiery-ksiazek-wrzesien-2020\/\",\"url\":\"https:\/\/woblink.com\/blog\/zapowiedzi-i-premiery-ksiazek-wrzesien-2020\/\",\"name\":\"Zapowiedzi i premiery ksi\u0105\u017cek \u2013 wrzesie\u0144 2020 - Woblink\",\"isPartOf\":{\"@id\":\"https:\/\/woblink.com\/blog\/#website\"},\"datePublished\":\"2020-08-25T13:49:44+00:00\",\"dateModified\":\"2020-08-28T11:36:45+00:00\",\"breadcrumb\":{\"@id\":\"https:\/\/woblink.com\/blog\/zapowiedzi-i-premiery-ksiazek-wrzesien-2020\/#breadcrumb\"},\"inLanguage\":\"pl-PL\",\"potentialAction\":[{\"@type\":\"ReadAction\",\"target\":[\"https:\/\/woblink.com\/blog\/zapowiedzi-i-premiery-ksiazek-wrzesien-2020\/\"]}]},{\"@type\":\"BreadcrumbList\",\"@id\":\"https:\/\/woblink.com\/blog\/zapowiedzi-i-premiery-ksiazek-wrzesien-2020\/#breadcrumb\",\"itemListElement\":[{\"@type\":\"ListItem\",\"position\":1,\"name\":\"Strona g\u0142\u00f3wna\",\"item\":\"https:\/\/woblink.com\/blog\/\"},{\"@type\":\"ListItem\",\"position\":2,\"name\":\"Zapowiedzi i premiery ksi\u0105\u017cek \u2013 wrzesie\u0144 2020\"}]},{\"@type\":\"WebSite\",\"@id\":\"https:\/\/woblink.com\/blog\/#website\",\"url\":\"https:\/\/woblink.com\/blog\/\",\"name\":\"Woblink\",\"description\":\"najlepszy firmowy blog o ksi\u0105\u017ckach\",\"publisher\":{\"@id\":\"https:\/\/woblink.com\/blog\/#organization\"},\"potentialAction\":[{\"@type\":\"SearchAction\",\"target\":{\"@type\":\"EntryPoint\",\"urlTemplate\":\"https:\/\/woblink.com\/blog\/?s={search_term_string}\"},\"query-input\":\"required name=search_term_string\"}],\"inLanguage\":\"pl-PL\"},{\"@type\":\"Organization\",\"@id\":\"https:\/\/woblink.com\/blog\/#organization\",\"name\":\"Woblink\",\"url\":\"https:\/\/woblink.com\/blog\/\",\"logo\":{\"@type\":\"ImageObject\",\"inLanguage\":\"pl-PL\",\"@id\":\"https:\/\/woblink.com\/blog\/#\/schema\/logo\/image\/\",\"url\":\"https:\/\/i0.wp.com\/woblink.com\/blog\/wp-content\/uploads\/2019\/04\/nw_logoB.png?fit=185%2C42&ssl=1\",\"contentUrl\":\"https:\/\/i0.wp.com\/woblink.com\/blog\/wp-content\/uploads\/2019\/04\/nw_logoB.png?fit=185%2C42&ssl=1\",\"width\":185,\"height\":42,\"caption\":\"Woblink\"},\"image\":{\"@id\":\"https:\/\/woblink.com\/blog\/#\/schema\/logo\/image\/\"},\"sameAs\":[\"https:\/\/facebook.com\/woblink\",\"https:\/\/twitter.com\/woblink_com\",\"https:\/\/www.instagram.com\/woblink_com\",\"https:\/\/www.linkedin.com\/company\/woblink\/\"]},{\"@type\":\"Person\",\"@id\":\"https:\/\/woblink.com\/blog\/#\/schema\/person\/8ab6b79d64fa54209272130c4c3b1e95\",\"name\":\"Redakcja Woblinka\",\"image\":{\"@type\":\"ImageObject\",\"inLanguage\":\"pl-PL\",\"@id\":\"https:\/\/woblink.com\/blog\/#\/schema\/person\/image\/\",\"url\":\"https:\/\/secure.gravatar.com\/avatar\/f23ae80a7c9da060bee5f8310913478b?s=96&d=mm&r=g\",\"contentUrl\":\"https:\/\/secure.gravatar.com\/avatar\/f23ae80a7c9da060bee5f8310913478b?s=96&d=mm&r=g\",\"caption\":\"Redakcja Woblinka\"},\"url\":\"https:\/\/woblink.com\/blog\/author\/krasny\/\"}]}<\/script>\n<!-- \/ Yoast SEO plugin. -->","yoast_head_json":{"title":"Zapowiedzi i premiery ksi\u0105\u017cek \u2013 wrzesie\u0144 2020 - Woblink","robots":{"index":"index","follow":"follow","max-snippet":"max-snippet:-1","max-image-preview":"max-image-preview:large","max-video-preview":"max-video-preview:-1"},"canonical":"https:\/\/woblink.com\/blog\/zapowiedzi-i-premiery-ksiazek-wrzesien-2020\/","og_locale":"pl_PL","og_type":"article","og_title":"Zapowiedzi i premiery ksi\u0105\u017cek \u2013 wrzesie\u0144 2020 - Woblink","og_description":"Nowe powie\u015bci Jacka Dukaja, Szczepana Twardocha, Jo Nesb\u00f8, Wioletty Grzegorzewskiej, Eleny Ferrante. A to zaledwie wierzcho\u0142ek g\u00f3ry lodowej zapowiedzi i premier ksi\u0105\u017cek jakie przyniesie nam wrzesie\u0144 2020! Jesie\u0144 to dla mi\u0142o\u015bnik\u00f3w ksi\u0105\u017cek bardzo intensywna pora roku. Opr\u00f3cz planowanych znakomitych premier odbywaj\u0105 si\u0119 m.in. Conrad Festival,...","og_url":"https:\/\/woblink.com\/blog\/zapowiedzi-i-premiery-ksiazek-wrzesien-2020\/","og_site_name":"Woblink","article_publisher":"https:\/\/facebook.com\/woblink","article_published_time":"2020-08-25T13:49:44+00:00","article_modified_time":"2020-08-28T11:36:45+00:00","og_image":[{"width":1011,"height":690,"url":"https:\/\/i0.wp.com\/woblink.com\/blog\/wp-content\/uploads\/2020\/08\/artykul2.jpg?fit=1011%2C690&ssl=1","type":"image\/jpeg"}],"author":"Redakcja Woblinka","twitter_card":"summary_large_image","twitter_creator":"@woblink_com","twitter_site":"@woblink_com","twitter_misc":{"Napisane przez":"Redakcja Woblinka","Szacowany czas czytania":"12 minut"},"schema":{"@context":"https:\/\/schema.org","@graph":[{"@type":"Article","@id":"https:\/\/woblink.com\/blog\/zapowiedzi-i-premiery-ksiazek-wrzesien-2020\/#article","isPartOf":{"@id":"https:\/\/woblink.com\/blog\/zapowiedzi-i-premiery-ksiazek-wrzesien-2020\/"},"author":{"name":"Redakcja Woblinka","@id":"https:\/\/woblink.com\/blog\/#\/schema\/person\/8ab6b79d64fa54209272130c4c3b1e95"},"headline":"Zapowiedzi i premiery ksi\u0105\u017cek \u2013 wrzesie\u0144 2020","datePublished":"2020-08-25T13:49:44+00:00","dateModified":"2020-08-28T11:36:45+00:00","mainEntityOfPage":{"@id":"https:\/\/woblink.com\/blog\/zapowiedzi-i-premiery-ksiazek-wrzesien-2020\/"},"wordCount":2349,"publisher":{"@id":"https:\/\/woblink.com\/blog\/#organization"},"articleSection":["Aktualno\u015bci","Premiery ksi\u0105\u017cek","Rynek wydawniczy","Zapowiedzi ksi\u0105\u017cek"],"inLanguage":"pl-PL"},{"@type":"WebPage","@id":"https:\/\/woblink.com\/blog\/zapowiedzi-i-premiery-ksiazek-wrzesien-2020\/","url":"https:\/\/woblink.com\/blog\/zapowiedzi-i-premiery-ksiazek-wrzesien-2020\/","name":"Zapowiedzi i premiery ksi\u0105\u017cek \u2013 wrzesie\u0144 2020 - Woblink","isPartOf":{"@id":"https:\/\/woblink.com\/blog\/#website"},"datePublished":"2020-08-25T13:49:44+00:00","dateModified":"2020-08-28T11:36:45+00:00","breadcrumb":{"@id":"https:\/\/woblink.com\/blog\/zapowiedzi-i-premiery-ksiazek-wrzesien-2020\/#breadcrumb"},"inLanguage":"pl-PL","potentialAction":[{"@type":"ReadAction","target":["https:\/\/woblink.com\/blog\/zapowiedzi-i-premiery-ksiazek-wrzesien-2020\/"]}]},{"@type":"BreadcrumbList","@id":"https:\/\/woblink.com\/blog\/zapowiedzi-i-premiery-ksiazek-wrzesien-2020\/#breadcrumb","itemListElement":[{"@type":"ListItem","position":1,"name":"Strona g\u0142\u00f3wna","item":"https:\/\/woblink.com\/blog\/"},{"@type":"ListItem","position":2,"name":"Zapowiedzi i premiery ksi\u0105\u017cek \u2013 wrzesie\u0144 2020"}]},{"@type":"WebSite","@id":"https:\/\/woblink.com\/blog\/#website","url":"https:\/\/woblink.com\/blog\/","name":"Woblink","description":"najlepszy firmowy blog o ksi\u0105\u017ckach","publisher":{"@id":"https:\/\/woblink.com\/blog\/#organization"},"potentialAction":[{"@type":"SearchAction","target":{"@type":"EntryPoint","urlTemplate":"https:\/\/woblink.com\/blog\/?s={search_term_string}"},"query-input":"required name=search_term_string"}],"inLanguage":"pl-PL"},{"@type":"Organization","@id":"https:\/\/woblink.com\/blog\/#organization","name":"Woblink","url":"https:\/\/woblink.com\/blog\/","logo":{"@type":"ImageObject","inLanguage":"pl-PL","@id":"https:\/\/woblink.com\/blog\/#\/schema\/logo\/image\/","url":"https:\/\/i0.wp.com\/woblink.com\/blog\/wp-content\/uploads\/2019\/04\/nw_logoB.png?fit=185%2C42&ssl=1","contentUrl":"https:\/\/i0.wp.com\/woblink.com\/blog\/wp-content\/uploads\/2019\/04\/nw_logoB.png?fit=185%2C42&ssl=1","width":185,"height":42,"caption":"Woblink"},"image":{"@id":"https:\/\/woblink.com\/blog\/#\/schema\/logo\/image\/"},"sameAs":["https:\/\/facebook.com\/woblink","https:\/\/twitter.com\/woblink_com","https:\/\/www.instagram.com\/woblink_com","https:\/\/www.linkedin.com\/company\/woblink\/"]},{"@type":"Person","@id":"https:\/\/woblink.com\/blog\/#\/schema\/person\/8ab6b79d64fa54209272130c4c3b1e95","name":"Redakcja Woblinka","image":{"@type":"ImageObject","inLanguage":"pl-PL","@id":"https:\/\/woblink.com\/blog\/#\/schema\/person\/image\/","url":"https:\/\/secure.gravatar.com\/avatar\/f23ae80a7c9da060bee5f8310913478b?s=96&d=mm&r=g","contentUrl":"https:\/\/secure.gravatar.com\/avatar\/f23ae80a7c9da060bee5f8310913478b?s=96&d=mm&r=g","caption":"Redakcja Woblinka"},"url":"https:\/\/woblink.com\/blog\/author\/krasny\/"}]}},"jetpack_featured_media_url":"https:\/\/i0.wp.com\/woblink.com\/blog\/wp-content\/uploads\/2020\/08\/artykul2.jpg?fit=1011%2C690&ssl=1","_links":{"self":[{"href":"https:\/\/woblink.com\/blog\/wp-json\/wp\/v2\/posts\/3057"}],"collection":[{"href":"https:\/\/woblink.com\/blog\/wp-json\/wp\/v2\/posts"}],"about":[{"href":"https:\/\/woblink.com\/blog\/wp-json\/wp\/v2\/types\/post"}],"author":[{"embeddable":true,"href":"https:\/\/woblink.com\/blog\/wp-json\/wp\/v2\/users\/7"}],"replies":[{"embeddable":true,"href":"https:\/\/woblink.com\/blog\/wp-json\/wp\/v2\/comments?post=3057"}],"version-history":[{"count":17,"href":"https:\/\/woblink.com\/blog\/wp-json\/wp\/v2\/posts\/3057\/revisions"}],"predecessor-version":[{"id":3146,"href":"https:\/\/woblink.com\/blog\/wp-json\/wp\/v2\/posts\/3057\/revisions\/3146"}],"wp:featuredmedia":[{"embeddable":true,"href":"https:\/\/woblink.com\/blog\/wp-json\/wp\/v2\/media\/3081"}],"wp:attachment":[{"href":"https:\/\/woblink.com\/blog\/wp-json\/wp\/v2\/media?parent=3057"}],"wp:term":[{"taxonomy":"category","embeddable":true,"href":"https:\/\/woblink.com\/blog\/wp-json\/wp\/v2\/categories?post=3057"},{"taxonomy":"post_tag","embeddable":true,"href":"https:\/\/woblink.com\/blog\/wp-json\/wp\/v2\/tags?post=3057"}],"curies":[{"name":"wp","href":"https:\/\/api.w.org\/{rel}","templated":true}]}}