{"id":3091,"date":"2020-08-26T12:39:56","date_gmt":"2020-08-26T10:39:56","guid":{"rendered":"https:\/\/woblink.com\/blog\/?p=3091"},"modified":"2020-08-26T12:46:04","modified_gmt":"2020-08-26T10:46:04","slug":"ok-amen-ebookowa-przedpremiera-reportazu-niny-solomin","status":"publish","type":"post","link":"https:\/\/woblink.com\/blog\/ok-amen-ebookowa-przedpremiera-reportazu-niny-solomin\/","title":{"rendered":"Ok, amen \u2013 ebookowa przedpremiera reporta\u017cu Niny Solomin"},"content":{"rendered":"<p><strong>\u201eOk, amen. Mi\u0142o\u015b\u0107 i nienawi\u015b\u0107 w \u015bwiecie nowojorskich chasyd\u00f3w\u201d Niny Solomin to reporta\u017c pokazuj\u0105cy zamkni\u0119t\u0105 spo\u0142eczno\u015b\u0107 ultraortodoksyjnych \u017byd\u00f3w. Premiera ksi\u0105\u017cki zosta\u0142a zapowiedziana na 16 wrze\u015bnia, jednak ju\u017c od dzisiaj mo\u017cecie kupi\u0107 j\u0105, w formie ebooka, na Woblinku!<\/strong><\/p>\n<p><!--more--><\/p>\n<h3>\u201eOk, amen\u201d Niny Solomin \u2013 ebook dost\u0119pny wy\u0142\u0105cznie na Woblink.com<\/h3>\n<p>Ksi\u0105\u017cka Solomin to ekscytuj\u0105ca wyprawa do zaskakuj\u0105cego i zamkni\u0119tego dla os\u00f3b z zewn\u0105trz \u015bwiata. Przewodnikami po nowojorskim Williamsburgu s\u0105 sami rozm\u00f3wcy autorki. Dzi\u0119ki nim czytelnicy maj\u0105 szans\u0119 zajrze\u0107 do trudno dost\u0119pnej spo\u0142eczno\u015bci chasyd\u00f3w Satmar i pozna\u0107 jej cz\u0142onk\u00f3w, cz\u0119sto targanych sprzecznymi emocjami, gotowych do po\u015bwi\u0119ce\u0144, a tak\u017ce okrutnych rozwi\u0105za\u0107, aby przetrwa\u0107.<\/p>\n<p>W czasie kiedy Nina Solomin mieszka\u0142a w Williamsburgu, niedaleko centrum Nowego Jorku, ci\u0105gle mia\u0142a wra\u017cenie, \u017ce w tej dzielnicy czas zatrzyma\u0142 si\u0119 wiele lat temu. M\u0119\u017cczy\u017ani, kt\u00f3rych widywa\u0142a na ulicach chodzi w bia\u0142ych koszulach i czarnych p\u0142aszczach, mieli d\u0142ugie pejsy i brody Kobiety zawsze ubiera\u0142y si\u0119 skromnie, a peruki b\u0105d\u017a chusty by\u0142y znakiem rozpoznawczym ka\u017cdej m\u0119\u017catki. Solomin nie wiedzia\u0142a jeszcze jak wiele nakaz\u00f3w i zakaz\u00f3w rz\u0105dzi \u017cyciem tej zamkni\u0119tej przed \u015bwiatem spo\u0142eczno\u015bci.<\/p>\n<p>Je\u015bli podoba\u0142 si\u0119 wam netfliksowy serial \u201eUnorthodox\u201d koniecznie si\u0119gnijcie po reporta\u017c Niny Solomin! Wi\u0119cej ksi\u0105\u017cek poruszaj\u0105cych t\u0119, lub podobn\u0105, tematyk\u0119 znajdziecie <strong><a href=\"https:\/\/czytajpl.pl\/2020\/05\/19\/unorthodox-co-czytac-po-obejrzeniu-serialu\/\">TUTAJ<\/a><\/strong>.<\/p>\n<figure id=\"attachment_3098\" aria-describedby=\"caption-attachment-3098\" style=\"width: 198px\" class=\"wp-caption aligncenter\"><a href=\"https:\/\/woblink.com\/ebook\/ok-amen-nina-solomin-192999u\"><img decoding=\"async\" loading=\"lazy\" class=\"wp-image-3098 size-medium\" src=\"https:\/\/i0.wp.com\/woblink.com\/blog\/wp-content\/uploads\/2020\/08\/ok-amen-milosc-i-nienawisc-w-swiecie-nowojorskich-chasydow-b-iext59089720-1.jpg?resize=198%2C300&#038;ssl=1\" alt=\"Ok, amen\" width=\"198\" height=\"300\" srcset=\"https:\/\/i0.wp.com\/woblink.com\/blog\/wp-content\/uploads\/2020\/08\/ok-amen-milosc-i-nienawisc-w-swiecie-nowojorskich-chasydow-b-iext59089720-1.jpg?resize=198%2C300&amp;ssl=1 198w, https:\/\/i0.wp.com\/woblink.com\/blog\/wp-content\/uploads\/2020\/08\/ok-amen-milosc-i-nienawisc-w-swiecie-nowojorskich-chasydow-b-iext59089720-1.jpg?w=500&amp;ssl=1 500w\" sizes=\"(max-width: 198px) 100vw, 198px\" data-recalc-dims=\"1\" \/><\/a><figcaption id=\"caption-attachment-3098\" class=\"wp-caption-text\"><center><strong>Kup <a href=\"https:\/\/woblink.com\/ebook\/ok-amen-nina-solomin-192999u\">ebooka<\/a> w przedpremierze na Woblink.com<\/strong><\/center><\/figcaption><\/figure>\n<p>Nina Solomin \u2013 szwedzka dziennikarka i pisarka. Studiowa\u0142a literatur\u0119 na Uniwersytecie Sztokholmskim. W latach 90. przez rok mieszka\u0142a i pracowa\u0142a w Williamsburgu na Brooklynie, co zaowocowa\u0142o jej debiutanck\u0105 ksi\u0105\u017ck\u0105 non-fiction \u201eOk, amen\u201d. Solomin by\u0142a reporterk\u0105 oraz prezenterk\u0105 radia SR, a tak\u017ce redaktork\u0105 magazynku kulturalnego Vi.<\/p>\n","protected":false},"excerpt":{"rendered":"<p>\u201eOk, amen. Mi\u0142o\u015b\u0107 i nienawi\u015b\u0107 w \u015bwiecie nowojorskich chasyd\u00f3w\u201d Niny Solomin to reporta\u017c pokazuj\u0105cy zamkni\u0119t\u0105 spo\u0142eczno\u015b\u0107 ultraortodoksyjnych \u017byd\u00f3w. Premiera ksi\u0105\u017cki zosta\u0142a zapowiedziana na 16 wrze\u015bnia, jednak ju\u017c od dzisiaj mo\u017cecie kupi\u0107 j\u0105, w formie ebooka, na Woblinku! \u201eOk, amen\u201d Niny Solomin \u2013 ebook dost\u0119pny wy\u0142\u0105cznie&#8230;<\/p>\n","protected":false},"author":7,"featured_media":3097,"comment_status":"closed","ping_status":"open","sticky":false,"template":"","format":"standard","meta":[],"categories":[87,90,82,89,83],"tags":[],"yoast_head":"<!-- This site is optimized with the Yoast SEO plugin v20.11 - https:\/\/yoast.com\/wordpress\/plugins\/seo\/ -->\n<title>Ok, amen \u2013 ebookowa przedpremiera reporta\u017cu Niny Solomin - Woblink<\/title>\n<meta name=\"description\" content=\"\u201eOk, amen. Mi\u0142o\u015b\u0107 i nienawi\u015b\u0107 w \u015bwiecie nowojorskich chasyd\u00f3w\u201d Niny Solomin to reporta\u017c pokazuj\u0105cy zamkni\u0119t\u0105 spo\u0142eczno\u015b\u0107 ultraortodoksyjnych \u017byd\u00f3w.\" \/>\n<meta name=\"robots\" content=\"index, follow, max-snippet:-1, max-image-preview:large, max-video-preview:-1\" \/>\n<link rel=\"canonical\" href=\"https:\/\/woblink.com\/blog\/ok-amen-ebookowa-przedpremiera-reportazu-niny-solomin\/\" \/>\n<meta property=\"og:locale\" content=\"pl_PL\" \/>\n<meta property=\"og:type\" content=\"article\" \/>\n<meta property=\"og:title\" content=\"Ok, amen \u2013 ebookowa przedpremiera reporta\u017cu Niny Solomin - Woblink\" \/>\n<meta property=\"og:description\" content=\"\u201eOk, amen. Mi\u0142o\u015b\u0107 i nienawi\u015b\u0107 w \u015bwiecie nowojorskich chasyd\u00f3w\u201d Niny Solomin to reporta\u017c pokazuj\u0105cy zamkni\u0119t\u0105 spo\u0142eczno\u015b\u0107 ultraortodoksyjnych \u017byd\u00f3w.\" \/>\n<meta property=\"og:url\" content=\"https:\/\/woblink.com\/blog\/ok-amen-ebookowa-przedpremiera-reportazu-niny-solomin\/\" \/>\n<meta property=\"og:site_name\" content=\"Woblink\" \/>\n<meta property=\"article:publisher\" content=\"https:\/\/facebook.com\/woblink\" \/>\n<meta property=\"article:published_time\" content=\"2020-08-26T10:39:56+00:00\" \/>\n<meta property=\"article:modified_time\" content=\"2020-08-26T10:46:04+00:00\" \/>\n<meta property=\"og:image\" content=\"https:\/\/i0.wp.com\/woblink.com\/blog\/wp-content\/uploads\/2020\/08\/artykul-3.jpg?fit=1011%2C690&ssl=1\" \/>\n\t<meta property=\"og:image:width\" content=\"1011\" \/>\n\t<meta property=\"og:image:height\" content=\"690\" \/>\n\t<meta property=\"og:image:type\" content=\"image\/jpeg\" \/>\n<meta name=\"author\" content=\"Redakcja Woblinka\" \/>\n<meta name=\"twitter:card\" content=\"summary_large_image\" \/>\n<meta name=\"twitter:creator\" content=\"@woblink_com\" \/>\n<meta name=\"twitter:site\" content=\"@woblink_com\" \/>\n<meta name=\"twitter:label1\" content=\"Napisane przez\" \/>\n\t<meta name=\"twitter:data1\" content=\"Redakcja Woblinka\" \/>\n\t<meta name=\"twitter:label2\" content=\"Szacowany czas czytania\" \/>\n\t<meta name=\"twitter:data2\" content=\"2 minuty\" \/>\n<script type=\"application\/ld+json\" class=\"yoast-schema-graph\">{\"@context\":\"https:\/\/schema.org\",\"@graph\":[{\"@type\":\"Article\",\"@id\":\"https:\/\/woblink.com\/blog\/ok-amen-ebookowa-przedpremiera-reportazu-niny-solomin\/#article\",\"isPartOf\":{\"@id\":\"https:\/\/woblink.com\/blog\/ok-amen-ebookowa-przedpremiera-reportazu-niny-solomin\/\"},\"author\":{\"name\":\"Redakcja Woblinka\",\"@id\":\"https:\/\/woblink.com\/blog\/#\/schema\/person\/8ab6b79d64fa54209272130c4c3b1e95\"},\"headline\":\"Ok, amen \u2013 ebookowa przedpremiera reporta\u017cu Niny Solomin\",\"datePublished\":\"2020-08-26T10:39:56+00:00\",\"dateModified\":\"2020-08-26T10:46:04+00:00\",\"mainEntityOfPage\":{\"@id\":\"https:\/\/woblink.com\/blog\/ok-amen-ebookowa-przedpremiera-reportazu-niny-solomin\/\"},\"wordCount\":322,\"publisher\":{\"@id\":\"https:\/\/woblink.com\/blog\/#organization\"},\"articleSection\":[\"Aktualno\u015bci\",\"Nowo\u015bci na Woblinku\",\"Premiery ksi\u0105\u017cek\",\"Rynek wydawniczy\",\"Zapowiedzi ksi\u0105\u017cek\"],\"inLanguage\":\"pl-PL\"},{\"@type\":\"WebPage\",\"@id\":\"https:\/\/woblink.com\/blog\/ok-amen-ebookowa-przedpremiera-reportazu-niny-solomin\/\",\"url\":\"https:\/\/woblink.com\/blog\/ok-amen-ebookowa-przedpremiera-reportazu-niny-solomin\/\",\"name\":\"Ok, amen \u2013 ebookowa przedpremiera reporta\u017cu Niny Solomin - Woblink\",\"isPartOf\":{\"@id\":\"https:\/\/woblink.com\/blog\/#website\"},\"datePublished\":\"2020-08-26T10:39:56+00:00\",\"dateModified\":\"2020-08-26T10:46:04+00:00\",\"description\":\"\u201eOk, amen. Mi\u0142o\u015b\u0107 i nienawi\u015b\u0107 w \u015bwiecie nowojorskich chasyd\u00f3w\u201d Niny Solomin to reporta\u017c pokazuj\u0105cy zamkni\u0119t\u0105 spo\u0142eczno\u015b\u0107 ultraortodoksyjnych \u017byd\u00f3w.\",\"breadcrumb\":{\"@id\":\"https:\/\/woblink.com\/blog\/ok-amen-ebookowa-przedpremiera-reportazu-niny-solomin\/#breadcrumb\"},\"inLanguage\":\"pl-PL\",\"potentialAction\":[{\"@type\":\"ReadAction\",\"target\":[\"https:\/\/woblink.com\/blog\/ok-amen-ebookowa-przedpremiera-reportazu-niny-solomin\/\"]}]},{\"@type\":\"BreadcrumbList\",\"@id\":\"https:\/\/woblink.com\/blog\/ok-amen-ebookowa-przedpremiera-reportazu-niny-solomin\/#breadcrumb\",\"itemListElement\":[{\"@type\":\"ListItem\",\"position\":1,\"name\":\"Strona g\u0142\u00f3wna\",\"item\":\"https:\/\/woblink.com\/blog\/\"},{\"@type\":\"ListItem\",\"position\":2,\"name\":\"Ok, amen \u2013 ebookowa przedpremiera reporta\u017cu Niny Solomin\"}]},{\"@type\":\"WebSite\",\"@id\":\"https:\/\/woblink.com\/blog\/#website\",\"url\":\"https:\/\/woblink.com\/blog\/\",\"name\":\"Woblink\",\"description\":\"najlepszy firmowy blog o ksi\u0105\u017ckach\",\"publisher\":{\"@id\":\"https:\/\/woblink.com\/blog\/#organization\"},\"potentialAction\":[{\"@type\":\"SearchAction\",\"target\":{\"@type\":\"EntryPoint\",\"urlTemplate\":\"https:\/\/woblink.com\/blog\/?s={search_term_string}\"},\"query-input\":\"required name=search_term_string\"}],\"inLanguage\":\"pl-PL\"},{\"@type\":\"Organization\",\"@id\":\"https:\/\/woblink.com\/blog\/#organization\",\"name\":\"Woblink\",\"url\":\"https:\/\/woblink.com\/blog\/\",\"logo\":{\"@type\":\"ImageObject\",\"inLanguage\":\"pl-PL\",\"@id\":\"https:\/\/woblink.com\/blog\/#\/schema\/logo\/image\/\",\"url\":\"https:\/\/i0.wp.com\/woblink.com\/blog\/wp-content\/uploads\/2019\/04\/nw_logoB.png?fit=185%2C42&ssl=1\",\"contentUrl\":\"https:\/\/i0.wp.com\/woblink.com\/blog\/wp-content\/uploads\/2019\/04\/nw_logoB.png?fit=185%2C42&ssl=1\",\"width\":185,\"height\":42,\"caption\":\"Woblink\"},\"image\":{\"@id\":\"https:\/\/woblink.com\/blog\/#\/schema\/logo\/image\/\"},\"sameAs\":[\"https:\/\/facebook.com\/woblink\",\"https:\/\/twitter.com\/woblink_com\",\"https:\/\/www.instagram.com\/woblink_com\",\"https:\/\/www.linkedin.com\/company\/woblink\/\"]},{\"@type\":\"Person\",\"@id\":\"https:\/\/woblink.com\/blog\/#\/schema\/person\/8ab6b79d64fa54209272130c4c3b1e95\",\"name\":\"Redakcja Woblinka\",\"image\":{\"@type\":\"ImageObject\",\"inLanguage\":\"pl-PL\",\"@id\":\"https:\/\/woblink.com\/blog\/#\/schema\/person\/image\/\",\"url\":\"https:\/\/secure.gravatar.com\/avatar\/f23ae80a7c9da060bee5f8310913478b?s=96&d=mm&r=g\",\"contentUrl\":\"https:\/\/secure.gravatar.com\/avatar\/f23ae80a7c9da060bee5f8310913478b?s=96&d=mm&r=g\",\"caption\":\"Redakcja Woblinka\"},\"url\":\"https:\/\/woblink.com\/blog\/author\/krasny\/\"}]}<\/script>\n<!-- \/ Yoast SEO plugin. -->","yoast_head_json":{"title":"Ok, amen \u2013 ebookowa przedpremiera reporta\u017cu Niny Solomin - Woblink","description":"\u201eOk, amen. Mi\u0142o\u015b\u0107 i nienawi\u015b\u0107 w \u015bwiecie nowojorskich chasyd\u00f3w\u201d Niny Solomin to reporta\u017c pokazuj\u0105cy zamkni\u0119t\u0105 spo\u0142eczno\u015b\u0107 ultraortodoksyjnych \u017byd\u00f3w.","robots":{"index":"index","follow":"follow","max-snippet":"max-snippet:-1","max-image-preview":"max-image-preview:large","max-video-preview":"max-video-preview:-1"},"canonical":"https:\/\/woblink.com\/blog\/ok-amen-ebookowa-przedpremiera-reportazu-niny-solomin\/","og_locale":"pl_PL","og_type":"article","og_title":"Ok, amen \u2013 ebookowa przedpremiera reporta\u017cu Niny Solomin - Woblink","og_description":"\u201eOk, amen. Mi\u0142o\u015b\u0107 i nienawi\u015b\u0107 w \u015bwiecie nowojorskich chasyd\u00f3w\u201d Niny Solomin to reporta\u017c pokazuj\u0105cy zamkni\u0119t\u0105 spo\u0142eczno\u015b\u0107 ultraortodoksyjnych \u017byd\u00f3w.","og_url":"https:\/\/woblink.com\/blog\/ok-amen-ebookowa-przedpremiera-reportazu-niny-solomin\/","og_site_name":"Woblink","article_publisher":"https:\/\/facebook.com\/woblink","article_published_time":"2020-08-26T10:39:56+00:00","article_modified_time":"2020-08-26T10:46:04+00:00","og_image":[{"width":1011,"height":690,"url":"https:\/\/i0.wp.com\/woblink.com\/blog\/wp-content\/uploads\/2020\/08\/artykul-3.jpg?fit=1011%2C690&ssl=1","type":"image\/jpeg"}],"author":"Redakcja Woblinka","twitter_card":"summary_large_image","twitter_creator":"@woblink_com","twitter_site":"@woblink_com","twitter_misc":{"Napisane przez":"Redakcja Woblinka","Szacowany czas czytania":"2 minuty"},"schema":{"@context":"https:\/\/schema.org","@graph":[{"@type":"Article","@id":"https:\/\/woblink.com\/blog\/ok-amen-ebookowa-przedpremiera-reportazu-niny-solomin\/#article","isPartOf":{"@id":"https:\/\/woblink.com\/blog\/ok-amen-ebookowa-przedpremiera-reportazu-niny-solomin\/"},"author":{"name":"Redakcja Woblinka","@id":"https:\/\/woblink.com\/blog\/#\/schema\/person\/8ab6b79d64fa54209272130c4c3b1e95"},"headline":"Ok, amen \u2013 ebookowa przedpremiera reporta\u017cu Niny Solomin","datePublished":"2020-08-26T10:39:56+00:00","dateModified":"2020-08-26T10:46:04+00:00","mainEntityOfPage":{"@id":"https:\/\/woblink.com\/blog\/ok-amen-ebookowa-przedpremiera-reportazu-niny-solomin\/"},"wordCount":322,"publisher":{"@id":"https:\/\/woblink.com\/blog\/#organization"},"articleSection":["Aktualno\u015bci","Nowo\u015bci na Woblinku","Premiery ksi\u0105\u017cek","Rynek wydawniczy","Zapowiedzi ksi\u0105\u017cek"],"inLanguage":"pl-PL"},{"@type":"WebPage","@id":"https:\/\/woblink.com\/blog\/ok-amen-ebookowa-przedpremiera-reportazu-niny-solomin\/","url":"https:\/\/woblink.com\/blog\/ok-amen-ebookowa-przedpremiera-reportazu-niny-solomin\/","name":"Ok, amen \u2013 ebookowa przedpremiera reporta\u017cu Niny Solomin - Woblink","isPartOf":{"@id":"https:\/\/woblink.com\/blog\/#website"},"datePublished":"2020-08-26T10:39:56+00:00","dateModified":"2020-08-26T10:46:04+00:00","description":"\u201eOk, amen. Mi\u0142o\u015b\u0107 i nienawi\u015b\u0107 w \u015bwiecie nowojorskich chasyd\u00f3w\u201d Niny Solomin to reporta\u017c pokazuj\u0105cy zamkni\u0119t\u0105 spo\u0142eczno\u015b\u0107 ultraortodoksyjnych \u017byd\u00f3w.","breadcrumb":{"@id":"https:\/\/woblink.com\/blog\/ok-amen-ebookowa-przedpremiera-reportazu-niny-solomin\/#breadcrumb"},"inLanguage":"pl-PL","potentialAction":[{"@type":"ReadAction","target":["https:\/\/woblink.com\/blog\/ok-amen-ebookowa-przedpremiera-reportazu-niny-solomin\/"]}]},{"@type":"BreadcrumbList","@id":"https:\/\/woblink.com\/blog\/ok-amen-ebookowa-przedpremiera-reportazu-niny-solomin\/#breadcrumb","itemListElement":[{"@type":"ListItem","position":1,"name":"Strona g\u0142\u00f3wna","item":"https:\/\/woblink.com\/blog\/"},{"@type":"ListItem","position":2,"name":"Ok, amen \u2013 ebookowa przedpremiera reporta\u017cu Niny Solomin"}]},{"@type":"WebSite","@id":"https:\/\/woblink.com\/blog\/#website","url":"https:\/\/woblink.com\/blog\/","name":"Woblink","description":"najlepszy firmowy blog o ksi\u0105\u017ckach","publisher":{"@id":"https:\/\/woblink.com\/blog\/#organization"},"potentialAction":[{"@type":"SearchAction","target":{"@type":"EntryPoint","urlTemplate":"https:\/\/woblink.com\/blog\/?s={search_term_string}"},"query-input":"required name=search_term_string"}],"inLanguage":"pl-PL"},{"@type":"Organization","@id":"https:\/\/woblink.com\/blog\/#organization","name":"Woblink","url":"https:\/\/woblink.com\/blog\/","logo":{"@type":"ImageObject","inLanguage":"pl-PL","@id":"https:\/\/woblink.com\/blog\/#\/schema\/logo\/image\/","url":"https:\/\/i0.wp.com\/woblink.com\/blog\/wp-content\/uploads\/2019\/04\/nw_logoB.png?fit=185%2C42&ssl=1","contentUrl":"https:\/\/i0.wp.com\/woblink.com\/blog\/wp-content\/uploads\/2019\/04\/nw_logoB.png?fit=185%2C42&ssl=1","width":185,"height":42,"caption":"Woblink"},"image":{"@id":"https:\/\/woblink.com\/blog\/#\/schema\/logo\/image\/"},"sameAs":["https:\/\/facebook.com\/woblink","https:\/\/twitter.com\/woblink_com","https:\/\/www.instagram.com\/woblink_com","https:\/\/www.linkedin.com\/company\/woblink\/"]},{"@type":"Person","@id":"https:\/\/woblink.com\/blog\/#\/schema\/person\/8ab6b79d64fa54209272130c4c3b1e95","name":"Redakcja Woblinka","image":{"@type":"ImageObject","inLanguage":"pl-PL","@id":"https:\/\/woblink.com\/blog\/#\/schema\/person\/image\/","url":"https:\/\/secure.gravatar.com\/avatar\/f23ae80a7c9da060bee5f8310913478b?s=96&d=mm&r=g","contentUrl":"https:\/\/secure.gravatar.com\/avatar\/f23ae80a7c9da060bee5f8310913478b?s=96&d=mm&r=g","caption":"Redakcja Woblinka"},"url":"https:\/\/woblink.com\/blog\/author\/krasny\/"}]}},"jetpack_featured_media_url":"https:\/\/i0.wp.com\/woblink.com\/blog\/wp-content\/uploads\/2020\/08\/artykul-3.jpg?fit=1011%2C690&ssl=1","_links":{"self":[{"href":"https:\/\/woblink.com\/blog\/wp-json\/wp\/v2\/posts\/3091"}],"collection":[{"href":"https:\/\/woblink.com\/blog\/wp-json\/wp\/v2\/posts"}],"about":[{"href":"https:\/\/woblink.com\/blog\/wp-json\/wp\/v2\/types\/post"}],"author":[{"embeddable":true,"href":"https:\/\/woblink.com\/blog\/wp-json\/wp\/v2\/users\/7"}],"replies":[{"embeddable":true,"href":"https:\/\/woblink.com\/blog\/wp-json\/wp\/v2\/comments?post=3091"}],"version-history":[{"count":7,"href":"https:\/\/woblink.com\/blog\/wp-json\/wp\/v2\/posts\/3091\/revisions"}],"predecessor-version":[{"id":3106,"href":"https:\/\/woblink.com\/blog\/wp-json\/wp\/v2\/posts\/3091\/revisions\/3106"}],"wp:featuredmedia":[{"embeddable":true,"href":"https:\/\/woblink.com\/blog\/wp-json\/wp\/v2\/media\/3097"}],"wp:attachment":[{"href":"https:\/\/woblink.com\/blog\/wp-json\/wp\/v2\/media?parent=3091"}],"wp:term":[{"taxonomy":"category","embeddable":true,"href":"https:\/\/woblink.com\/blog\/wp-json\/wp\/v2\/categories?post=3091"},{"taxonomy":"post_tag","embeddable":true,"href":"https:\/\/woblink.com\/blog\/wp-json\/wp\/v2\/tags?post=3091"}],"curies":[{"name":"wp","href":"https:\/\/api.w.org\/{rel}","templated":true}]}}