{"id":3286,"date":"2020-09-15T21:25:07","date_gmt":"2020-09-15T19:25:07","guid":{"rendered":"https:\/\/woblink.com\/blog\/?p=3286"},"modified":"2020-09-16T10:17:31","modified_gmt":"2020-09-16T08:17:31","slug":"ok-amen-ksiazka-tygodnia-woblinka","status":"publish","type":"post","link":"https:\/\/woblink.com\/blog\/ok-amen-ksiazka-tygodnia-woblinka\/","title":{"rendered":"Ok, amen. Ksi\u0105\u017cka tygodnia Woblinka"},"content":{"rendered":"<p class=\"p1\"><span class=\"s1\">Od kilku lat temat ultraortodoksyjnych \u017byd\u00f3w staje si\u0119 coraz bardziej popularny. W ostatnim czasie ukaza\u0142y si\u0119 mi\u0119dzy innymi ksi\u0105\u017cka i miniserial \u201eUnorthodox\u201d, film dokumentalny \u201eJedni z nas\u201d, serial \u201eShitsel\u201d, reporta\u017c \u201eMazel Tow. Jak zosta\u0142am korepetytork\u0105 w domu ortodoksyjnych \u017byd\u00f3w\u201d i w ko\u0144cu ksi\u0105\u017cka \u201eOk, amen\u201d. W spo\u0142eczno\u015bci chasyd\u00f3w intryguje przede wszystkim ich \u015bcis\u0142a izolacja od \u015bwiata zewn\u0119trznego, przestrzeganie szeregu surowych zasad dotycz\u0105cych ka\u017cdego aspektu ich \u017cycia czy odrzucenie wi\u0119kszo\u015bci atrakcji \u015bwieckiej rzeczywisto\u015bci. Reporta\u017c Niny Solomin pozwala zajrze\u0107 do niedost\u0119pnego na co dzie\u0144 \u015bwiata i pozna\u0107 cz\u0142onk\u00f3w spo\u0142eczno\u015bci Satmar.<\/span><\/p>\n<p><!--more--><\/p>\n<p class=\"p1\"><span class=\"s1\">Autorka<span class=\"Apple-converted-space\">\u00a0 <\/span>na pocz\u0105tku reporta\u017cu pokr\u00f3tce przybli\u017ca histori\u0119 chasydyzmu, gdy\u017c jej poznanie jest konieczne do nabrania w\u0142a\u015bciwego spojrzenia na wsp\u00f3\u0142czesny dw\u00f3r Satmar. To ruch chasydzki, kt\u00f3ry skupia przede wszystkich \u017byd\u00f3w o korzeniach rumu\u0144skich i w\u0119gierskich. Wsp\u00f3\u0142cze\u015bnie jest jednym z najbardziej wp\u0142ywowych i najwi\u0119kszych ruch\u00f3w chasydzkich. Jego cz\u0142onkowie kojarzeni s\u0105 przede wszystkim z antysyjonistycznym stanowiskiem, nie uznaj\u0105 tak\u017ce pa\u0144stwa Izrael. Na to, jak wygl\u0105da dzisiaj, w znacz\u0105cym stopniu wp\u0142yn\u0105\u0142 Holocaust. R\u00f3wnie\u017c od Zag\u0142ady rozpocz\u0119\u0142o si\u0119 zainteresowanie Solomin tematyk\u0105 ortodoksyjnych \u017byd\u00f3w. Jej matka przysz\u0142a na \u015bwiat w latach trzydziestych w Polsce i straci\u0142a podczas wojny znaczn\u0105 cz\u0119\u015b\u0107 rodziny.<\/span><\/p>\n<figure id=\"attachment_3288\" aria-describedby=\"caption-attachment-3288\" style=\"width: 198px\" class=\"wp-caption aligncenter\"><a href=\"https:\/\/woblink.com\/ebook\/ok-amen-nina-solomin-192999u\"><img decoding=\"async\" loading=\"lazy\" class=\"wp-image-3288 size-medium\" src=\"https:\/\/i0.wp.com\/woblink.com\/blog\/wp-content\/uploads\/2020\/09\/5f60c799bc53d.jpeg?resize=198%2C300&#038;ssl=1\" alt=\"ok amen woblink ksi\u0105\u017cka tygodnia\" width=\"198\" height=\"300\" srcset=\"https:\/\/i0.wp.com\/woblink.com\/blog\/wp-content\/uploads\/2020\/09\/5f60c799bc53d.jpeg?resize=198%2C300&amp;ssl=1 198w, https:\/\/i0.wp.com\/woblink.com\/blog\/wp-content\/uploads\/2020\/09\/5f60c799bc53d.jpeg?w=564&amp;ssl=1 564w\" sizes=\"(max-width: 198px) 100vw, 198px\" data-recalc-dims=\"1\" \/><\/a><figcaption id=\"caption-attachment-3288\" class=\"wp-caption-text\"><center><strong>Kup <a href=\"https:\/\/woblink.com\/ebook\/ok-amen-nina-solomin-192999u\">ebooka<\/a> na Woblink.com<\/strong><\/center><\/figcaption><\/figure>\n<p class=\"p1\"><span class=\"s1\">Nina Solomin jest szwedzk\u0105 dziennikark\u0105 i pisark\u0105 o polsko-rosyjskich korzeniach (jej matka to polska \u017byd\u00f3wka). Pracowa\u0142a mi\u0119dzy innymi dla jednego z najwi\u0119kszych szwedzkich dziennik\u00f3w oraz Szwedzkiego Radia. Pod koniec lat dziewi\u0119\u0107dziesi\u0105tych zamieszka\u0142a w Williamsburgu, pe\u0142nej wielu r\u00f3\u017cnych grup etnicznych dzielnicy po\u0142o\u017conej w p\u00f3\u0142nocnej cz\u0119\u015bci Brooklynu w Nowym Jorku. Rozpocz\u0119\u0142a<span class=\"Apple-converted-space\">\u00a0 <\/span>tam prac\u0119 nad reporta\u017cem o chasydach, kt\u00f3ry nieoczekiwanie przerodzi\u0142 si\u0119 w ksi\u0105\u017ck\u0119 \u201eOk, amen\u201d. <\/span><\/p>\n<p class=\"p1\"><span class=\"s1\">Pocz\u0105tkowo nie mog\u0142a dotrze\u0107 do tamtejszych chasyd\u00f3w, gdy\u017c unikali jej, nie chcieli nawi\u0105zywa\u0107 z ni\u0105 \u017cadnych kontakt\u00f3w, a nawet nie patrzyli w jej stron\u0119. Do czasu, kiedy jeden z ortodoksyjnych \u017byd\u00f3w sam zapuka\u0142 do jej drzwi. By\u0142 to moment prze\u0142omowy, kt\u00f3ry pozwoli\u0142 Ninie zajrze\u0107 do hermetycznego \u015bwiata i pozna\u0107 nieco lepiej jego cz\u0142onk\u00f3w \u2013 od tych najbardziej religijnych po tych przestrzegaj\u0105cych regu\u0142y mniej surowo. W \u201eOk, amen\u201d zawar\u0142a rozmowy z poznanymi chasydami, opowiedziane przez nich historie, przemy\u015blenia, opinie o \u015bwiecie ortodoksyjnej wiary. Dzi\u0119ki autorce mia\u0142am okazj\u0119 \u201epozna\u0107\u201d nie tylko osoby b\u0119d\u0105ce chasydami od pokole\u0144, ale tak\u017ce Chav\u0119 oraz Pinchasa, kt\u00f3rzy wychowywali si\u0119 w \u015bwieckich rodzinach, a potem do\u0142\u0105czyli do spo\u0142eczno\u015bci Satmar i wzi\u0119li \u015blub ju\u017c wewn\u0105trz diaspory chasydzkiej. <\/span><\/p>\n<p class=\"p1\"><span class=\"s1\">Inn\u0105 bohaterk\u0105 jest urodzona w chasydzkiej rodzinie Necha. Kobieta porzuci\u0142a religijne \u017cycie, jednak nadal ma w Williamsburgu rodzin\u0119 i przyjaci\u00f3\u0142. Jedn\u0105 z najbardziej intryguj\u0105cych postaci w reporta\u017cu jest Sam \u017cyj\u0105cy we wsp\u00f3lnocie, ale my\u015bl\u0105cy o niej bardzo krytycznie. Opowiada autorce o wadach chasydyzmu i naiwno\u015bci cz\u0142onk\u00f3w spo\u0142eczno\u015bci, za przyk\u0142ady podaj\u0105c wydarzenia ze swojego \u017cycia. Opr\u00f3cz os\u00f3b, Nina Solomin opisuje tak\u017ce wydarzenia, w jakich bra\u0142a udzia\u0142 podczas pobytu w Williamsburgu. Uczestniczy\u0142a w \u015blubach, uroczysto\u015bciach religijnych, wsp\u00f3lnie ze swoimi rozm\u00f3wcami obchodzi\u0142a Szabas, Jom Kipur, Sukot i szereg innych \u015bwi\u0105t \u2013 wszystkie opisa\u0142a w swojej ksi\u0105\u017cce.<\/span><\/p>\n<p class=\"p1\"><span class=\"s1\">Wspominane ju\u017c \u201eUnorthodox\u201d, zar\u00f3wno serial od Netflixa, jak i autobiograficzna ksi\u0105\u017cka Deborah Feldman czy dokument \u201eJedni z nas\u201d w re\u017cyserii Heidi Ewing, pokazuj\u0105 ciemne strony chasydzkiego \u015bwiata, z kt\u00f3rego bohaterowie pragn\u0105 uciec za wszelk\u0105 cen\u0119. W \u201eOk, amen\u201d szczeg\u00f3lnie podoba\u0142o mi si\u0119 to, \u017ce Nina Solomin pokazuje ortodoksyjnych \u017byd\u00f3w z zupe\u0142nie innej strony \u2013 jako normalnych ludzi, targanych takimi samymi uczuciami jak ludzie spoza spo\u0142eczno\u015bci, a przede wszystkim bardzo r\u00f3\u017cnorodnych. Nie traktuje ich jako grupy, ale jako jednostki. Co prawda wszyscy bohaterowie reporta\u017cu nale\u017c\u0105 do chasyd\u00f3w Satmar, ale autorka w \u017cadnym momencie nie zak\u0142ada, \u017ce ka\u017cdy z nich jest taki sam. Tym samym prze\u0142amuje stereotypowe spojrzenie na ortodoksyjnych \u017byd\u00f3w. Jest to o tyle wa\u017cne, \u017ce stawia ich w szerszym \u015bwietle.<\/span><\/p>\n<blockquote>\n<p class=\"p1\"><span class=\"s1\"><i>Uzyska\u0142am odpowiedzi na wiele pyta\u0144, jednak kiedy opuszcza\u0142am Williamsburg, w mojej g\u0142owie roi\u0142o si\u0119 od ludzi. Wi\u0119kszo\u015b\u0107 z nich mia\u0142a obraz \u015bwiata i pogl\u0105dy, z kt\u00f3rymi w \u017caden spos\u00f3b nie mog\u0142abym si\u0119 zgodzi\u0107. Ale byli to ludzie z krwi i ko\u015bci, maj\u0105cy swoje rado\u015bci i troski, pie\u015bni i momenty milczenia, obawy i imponuj\u0105ce wewn\u0119trzne ciep\u0142o.<\/i><\/span><\/p>\n<\/blockquote>\n<p class=\"p1\"><span class=\"s1\"> Mimo \u017cydowskiego pochodzenia autorka nie jest cz\u0119\u015bci\u0105 spo\u0142eczno\u015bci chasydzkiej. Patrzy wi\u0119c na \u015bwiat oczami osoby z zewn\u0105trz. Dziwi\u0105 i szokuj\u0105 j\u0105 te same rzeczy, kt\u00f3re prawdopodobnie b\u0119d\u0105 zaskakiwa\u0107 czytelnik\u00f3w. Co jednak szczeg\u00f3lnie wa\u017cne, Solomin nawet je\u015bli nie rozumie zasad rz\u0105dz\u0105cych chasydami, czy ich post\u0119powania, nie kpi z nich, nie deprecjonuje ich stylu \u017cycia. Do swoich bohater\u00f3w zawsze podchodzi z otwarto\u015bci\u0105 i rozumieniem \u2013 nawet kiedy oni nie odp\u0142acaj\u0105 si\u0119 tym samym.\u00a0<\/span><\/p>\n<p class=\"p1\"><span class=\"s1\">Ksi\u0105\u017cka \u201eOk, amen\u201d powinna przypa\u015b\u0107 do gustu mi\u0142o\u015bnikom literatury non-fiction w nieco fabularyzowanej formie, osobom ciekawym \u015bwiata i innych kultur. To tak\u017ce ksi\u0105\u017cka dla tych, kt\u00f3rzy widzieli, b\u0105d\u017a czytali \u201eUnorthodox\u201d i chcieliby dowiedzie\u0107 si\u0119 wi\u0119cej o ortodoksyjnych \u017bydach. Reporta\u017c jest bardzo sprawnie napisany, jednak czytelnicy, kt\u00f3rym przeszkadza lekki, wspomnieniowy i pe\u0142ny osobistych komentarzy autora styl mog\u0105 by\u0107 troch\u0119 zawiedzeni. Moim zdaniem nie by\u0142a to wada. Wr\u0119cz przeciwnie, dzi\u0119ki temu ksi\u0105\u017ck\u0119 Solomin czyta\u0142o si\u0119 jak wci\u0105gaj\u0105c\u0105 powie\u015b\u0107. Na koniec czu\u0142am pewien niedosyt, ale tylko dlatego, \u017ce z ch\u0119ci\u0105 pozna\u0142abym dalsze losy bohater\u00f3w ksi\u0105\u017cki. Gdyby autorka powr\u00f3ci\u0142a po latach do Williamsburga aby ponownie spotka\u0107 si\u0119 z Samem, Juditch, Chav\u0105 czy Pinchasem by napisa\u0107 ci\u0105g dalszy \u201eOk, amen\u201d si\u0119gn\u0119\u0142abym po t\u0119 ksi\u0105\u017ck\u0119 bez wahania. <\/span><\/p>\n<p class=\"p1\"><span class=\"s1\">Wydarzenia, na podstawie kt\u00f3rych powsta\u0142 reporta\u017c Niny Solomin, mia\u0142y miejsce pod koniec lat dziewi\u0119\u0107dziesi\u0105tych ubieg\u0142ego wieku. Jak wi\u0119c obecnie wygl\u0105da \u017cycie chasyd\u00f3w w Williamsburgu? W przedmowie do \u201eOk, amen\u201d przeczyta\u0142am, \u017ce spo\u0142eczno\u015b\u0107 ta szczeg\u00f3lnie ucierpia\u0142a z powodu pandemii. Jest to spowodowane prowadzonym przez ortodoksyjnych \u017byd\u00f3w, bardzo kolektywnym, stylem \u017cycia wype\u0142nionym cz\u0119stymi spotkaniami czy to w synagogach czy na licznych weselach. Mimo tego, jak pisze Nina Solomin, wiele wskazuje na to, \u017ce po zako\u0144czeniu pandemii \u017cycie spo\u0142eczno\u015bci Satmar b\u0119dzie nadal toczy\u0142o si\u0119 w niezmienionej formie, a kolejne pokolenia wci\u0105\u017c b\u0119d\u0105 kontynuowa\u0107 przestrzeganie praw i obowi\u0105zk\u00f3w dyktowanych przez religi\u0119 oraz za wszelk\u0105 cen\u0119 stara\u0107 si\u0119 zachowa\u0107 piel\u0119gnowany od dawna spos\u00f3b \u017cycia. <\/span><\/p>\n","protected":false},"excerpt":{"rendered":"<p>Od kilku lat temat ultraortodoksyjnych \u017byd\u00f3w staje si\u0119 coraz bardziej popularny. W ostatnim czasie ukaza\u0142y si\u0119 mi\u0119dzy innymi ksi\u0105\u017cka i miniserial \u201eUnorthodox\u201d, film dokumentalny \u201eJedni z nas\u201d, serial \u201eShitsel\u201d, reporta\u017c \u201eMazel Tow. Jak zosta\u0142am korepetytork\u0105 w domu ortodoksyjnych \u017byd\u00f3w\u201d i w ko\u0144cu ksi\u0105\u017cka \u201eOk, amen\u201d&#8230;.<\/p>\n","protected":false},"author":8,"featured_media":3287,"comment_status":"closed","ping_status":"open","sticky":false,"template":"","format":"standard","meta":[],"categories":[93,90,80,72],"tags":[],"yoast_head":"<!-- This site is optimized with the Yoast SEO plugin v20.11 - https:\/\/yoast.com\/wordpress\/plugins\/seo\/ -->\n<title>Ok, amen. Ksi\u0105\u017cka tygodnia Woblinka - Woblink<\/title>\n<meta name=\"description\" content=\"W ostatnim czasie ukaza\u0142o si\u0119 kilka film\u00f3w i ksi\u0105\u017cek na temat \u017cycia ultraortodoksyjnych \u017byd\u00f3w. W\u015br\u00f3d nich ksi\u0105\u017cka \u201eOk, amen\u201d autorstwa Niny Solomin.\" \/>\n<meta name=\"robots\" content=\"index, follow, max-snippet:-1, max-image-preview:large, max-video-preview:-1\" \/>\n<link rel=\"canonical\" href=\"https:\/\/woblink.com\/blog\/ok-amen-ksiazka-tygodnia-woblinka\/\" \/>\n<meta property=\"og:locale\" content=\"pl_PL\" \/>\n<meta property=\"og:type\" content=\"article\" \/>\n<meta property=\"og:title\" content=\"Ok, amen. Ksi\u0105\u017cka tygodnia Woblinka - Woblink\" \/>\n<meta property=\"og:description\" content=\"W ostatnim czasie ukaza\u0142o si\u0119 kilka film\u00f3w i ksi\u0105\u017cek na temat \u017cycia ultraortodoksyjnych \u017byd\u00f3w. W\u015br\u00f3d nich ksi\u0105\u017cka \u201eOk, amen\u201d autorstwa Niny Solomin.\" \/>\n<meta property=\"og:url\" content=\"https:\/\/woblink.com\/blog\/ok-amen-ksiazka-tygodnia-woblinka\/\" \/>\n<meta property=\"og:site_name\" content=\"Woblink\" \/>\n<meta property=\"article:publisher\" content=\"https:\/\/facebook.com\/woblink\" \/>\n<meta property=\"article:published_time\" content=\"2020-09-15T19:25:07+00:00\" \/>\n<meta property=\"article:modified_time\" content=\"2020-09-16T08:17:31+00:00\" \/>\n<meta property=\"og:image\" content=\"https:\/\/i0.wp.com\/woblink.com\/blog\/wp-content\/uploads\/2020\/09\/ksiazka_tygodnia_artykul.jpg?fit=1011%2C690&ssl=1\" \/>\n\t<meta property=\"og:image:width\" content=\"1011\" \/>\n\t<meta property=\"og:image:height\" content=\"690\" \/>\n\t<meta property=\"og:image:type\" content=\"image\/jpeg\" \/>\n<meta name=\"author\" content=\"Martyna Latkowska\" \/>\n<meta name=\"twitter:card\" content=\"summary_large_image\" \/>\n<meta name=\"twitter:creator\" content=\"@woblink_com\" \/>\n<meta name=\"twitter:site\" content=\"@woblink_com\" \/>\n<meta name=\"twitter:label1\" content=\"Napisane przez\" \/>\n\t<meta name=\"twitter:data1\" content=\"Martyna Latkowska\" \/>\n\t<meta name=\"twitter:label2\" content=\"Szacowany czas czytania\" \/>\n\t<meta name=\"twitter:data2\" content=\"6 minut\" \/>\n<script type=\"application\/ld+json\" class=\"yoast-schema-graph\">{\"@context\":\"https:\/\/schema.org\",\"@graph\":[{\"@type\":\"Article\",\"@id\":\"https:\/\/woblink.com\/blog\/ok-amen-ksiazka-tygodnia-woblinka\/#article\",\"isPartOf\":{\"@id\":\"https:\/\/woblink.com\/blog\/ok-amen-ksiazka-tygodnia-woblinka\/\"},\"author\":{\"name\":\"Martyna Latkowska\",\"@id\":\"https:\/\/woblink.com\/blog\/#\/schema\/person\/d06fc73a6248316414fcea8f9e4bddaf\"},\"headline\":\"Ok, amen. Ksi\u0105\u017cka tygodnia Woblinka\",\"datePublished\":\"2020-09-15T19:25:07+00:00\",\"dateModified\":\"2020-09-16T08:17:31+00:00\",\"mainEntityOfPage\":{\"@id\":\"https:\/\/woblink.com\/blog\/ok-amen-ksiazka-tygodnia-woblinka\/\"},\"wordCount\":1173,\"publisher\":{\"@id\":\"https:\/\/woblink.com\/blog\/#organization\"},\"articleSection\":[\"Ksi\u0105\u017cki tygodnia\",\"Nowo\u015bci na Woblinku\",\"O ksi\u0105\u017ckach\",\"Recenzje ksi\u0105\u017cek\"],\"inLanguage\":\"pl-PL\"},{\"@type\":\"WebPage\",\"@id\":\"https:\/\/woblink.com\/blog\/ok-amen-ksiazka-tygodnia-woblinka\/\",\"url\":\"https:\/\/woblink.com\/blog\/ok-amen-ksiazka-tygodnia-woblinka\/\",\"name\":\"Ok, amen. Ksi\u0105\u017cka tygodnia Woblinka - Woblink\",\"isPartOf\":{\"@id\":\"https:\/\/woblink.com\/blog\/#website\"},\"datePublished\":\"2020-09-15T19:25:07+00:00\",\"dateModified\":\"2020-09-16T08:17:31+00:00\",\"description\":\"W ostatnim czasie ukaza\u0142o si\u0119 kilka film\u00f3w i ksi\u0105\u017cek na temat \u017cycia ultraortodoksyjnych \u017byd\u00f3w. W\u015br\u00f3d nich ksi\u0105\u017cka \u201eOk, amen\u201d autorstwa Niny Solomin.\",\"breadcrumb\":{\"@id\":\"https:\/\/woblink.com\/blog\/ok-amen-ksiazka-tygodnia-woblinka\/#breadcrumb\"},\"inLanguage\":\"pl-PL\",\"potentialAction\":[{\"@type\":\"ReadAction\",\"target\":[\"https:\/\/woblink.com\/blog\/ok-amen-ksiazka-tygodnia-woblinka\/\"]}]},{\"@type\":\"BreadcrumbList\",\"@id\":\"https:\/\/woblink.com\/blog\/ok-amen-ksiazka-tygodnia-woblinka\/#breadcrumb\",\"itemListElement\":[{\"@type\":\"ListItem\",\"position\":1,\"name\":\"Strona g\u0142\u00f3wna\",\"item\":\"https:\/\/woblink.com\/blog\/\"},{\"@type\":\"ListItem\",\"position\":2,\"name\":\"Ok, amen. Ksi\u0105\u017cka tygodnia Woblinka\"}]},{\"@type\":\"WebSite\",\"@id\":\"https:\/\/woblink.com\/blog\/#website\",\"url\":\"https:\/\/woblink.com\/blog\/\",\"name\":\"Woblink\",\"description\":\"najlepszy firmowy blog o ksi\u0105\u017ckach\",\"publisher\":{\"@id\":\"https:\/\/woblink.com\/blog\/#organization\"},\"potentialAction\":[{\"@type\":\"SearchAction\",\"target\":{\"@type\":\"EntryPoint\",\"urlTemplate\":\"https:\/\/woblink.com\/blog\/?s={search_term_string}\"},\"query-input\":\"required name=search_term_string\"}],\"inLanguage\":\"pl-PL\"},{\"@type\":\"Organization\",\"@id\":\"https:\/\/woblink.com\/blog\/#organization\",\"name\":\"Woblink\",\"url\":\"https:\/\/woblink.com\/blog\/\",\"logo\":{\"@type\":\"ImageObject\",\"inLanguage\":\"pl-PL\",\"@id\":\"https:\/\/woblink.com\/blog\/#\/schema\/logo\/image\/\",\"url\":\"https:\/\/i0.wp.com\/woblink.com\/blog\/wp-content\/uploads\/2019\/04\/nw_logoB.png?fit=185%2C42&ssl=1\",\"contentUrl\":\"https:\/\/i0.wp.com\/woblink.com\/blog\/wp-content\/uploads\/2019\/04\/nw_logoB.png?fit=185%2C42&ssl=1\",\"width\":185,\"height\":42,\"caption\":\"Woblink\"},\"image\":{\"@id\":\"https:\/\/woblink.com\/blog\/#\/schema\/logo\/image\/\"},\"sameAs\":[\"https:\/\/facebook.com\/woblink\",\"https:\/\/twitter.com\/woblink_com\",\"https:\/\/www.instagram.com\/woblink_com\",\"https:\/\/www.linkedin.com\/company\/woblink\/\"]},{\"@type\":\"Person\",\"@id\":\"https:\/\/woblink.com\/blog\/#\/schema\/person\/d06fc73a6248316414fcea8f9e4bddaf\",\"name\":\"Martyna Latkowska\",\"image\":{\"@type\":\"ImageObject\",\"inLanguage\":\"pl-PL\",\"@id\":\"https:\/\/woblink.com\/blog\/#\/schema\/person\/image\/\",\"url\":\"https:\/\/secure.gravatar.com\/avatar\/3641413a23450aabd0b2d5a09b6e1936?s=96&d=mm&r=g\",\"contentUrl\":\"https:\/\/secure.gravatar.com\/avatar\/3641413a23450aabd0b2d5a09b6e1936?s=96&d=mm&r=g\",\"caption\":\"Martyna Latkowska\"},\"url\":\"https:\/\/woblink.com\/blog\/author\/gancarczyk\/\"}]}<\/script>\n<!-- \/ Yoast SEO plugin. -->","yoast_head_json":{"title":"Ok, amen. Ksi\u0105\u017cka tygodnia Woblinka - Woblink","description":"W ostatnim czasie ukaza\u0142o si\u0119 kilka film\u00f3w i ksi\u0105\u017cek na temat \u017cycia ultraortodoksyjnych \u017byd\u00f3w. W\u015br\u00f3d nich ksi\u0105\u017cka \u201eOk, amen\u201d autorstwa Niny Solomin.","robots":{"index":"index","follow":"follow","max-snippet":"max-snippet:-1","max-image-preview":"max-image-preview:large","max-video-preview":"max-video-preview:-1"},"canonical":"https:\/\/woblink.com\/blog\/ok-amen-ksiazka-tygodnia-woblinka\/","og_locale":"pl_PL","og_type":"article","og_title":"Ok, amen. Ksi\u0105\u017cka tygodnia Woblinka - Woblink","og_description":"W ostatnim czasie ukaza\u0142o si\u0119 kilka film\u00f3w i ksi\u0105\u017cek na temat \u017cycia ultraortodoksyjnych \u017byd\u00f3w. W\u015br\u00f3d nich ksi\u0105\u017cka \u201eOk, amen\u201d autorstwa Niny Solomin.","og_url":"https:\/\/woblink.com\/blog\/ok-amen-ksiazka-tygodnia-woblinka\/","og_site_name":"Woblink","article_publisher":"https:\/\/facebook.com\/woblink","article_published_time":"2020-09-15T19:25:07+00:00","article_modified_time":"2020-09-16T08:17:31+00:00","og_image":[{"width":1011,"height":690,"url":"https:\/\/i0.wp.com\/woblink.com\/blog\/wp-content\/uploads\/2020\/09\/ksiazka_tygodnia_artykul.jpg?fit=1011%2C690&ssl=1","type":"image\/jpeg"}],"author":"Martyna Latkowska","twitter_card":"summary_large_image","twitter_creator":"@woblink_com","twitter_site":"@woblink_com","twitter_misc":{"Napisane przez":"Martyna Latkowska","Szacowany czas czytania":"6 minut"},"schema":{"@context":"https:\/\/schema.org","@graph":[{"@type":"Article","@id":"https:\/\/woblink.com\/blog\/ok-amen-ksiazka-tygodnia-woblinka\/#article","isPartOf":{"@id":"https:\/\/woblink.com\/blog\/ok-amen-ksiazka-tygodnia-woblinka\/"},"author":{"name":"Martyna Latkowska","@id":"https:\/\/woblink.com\/blog\/#\/schema\/person\/d06fc73a6248316414fcea8f9e4bddaf"},"headline":"Ok, amen. Ksi\u0105\u017cka tygodnia Woblinka","datePublished":"2020-09-15T19:25:07+00:00","dateModified":"2020-09-16T08:17:31+00:00","mainEntityOfPage":{"@id":"https:\/\/woblink.com\/blog\/ok-amen-ksiazka-tygodnia-woblinka\/"},"wordCount":1173,"publisher":{"@id":"https:\/\/woblink.com\/blog\/#organization"},"articleSection":["Ksi\u0105\u017cki tygodnia","Nowo\u015bci na Woblinku","O ksi\u0105\u017ckach","Recenzje ksi\u0105\u017cek"],"inLanguage":"pl-PL"},{"@type":"WebPage","@id":"https:\/\/woblink.com\/blog\/ok-amen-ksiazka-tygodnia-woblinka\/","url":"https:\/\/woblink.com\/blog\/ok-amen-ksiazka-tygodnia-woblinka\/","name":"Ok, amen. Ksi\u0105\u017cka tygodnia Woblinka - Woblink","isPartOf":{"@id":"https:\/\/woblink.com\/blog\/#website"},"datePublished":"2020-09-15T19:25:07+00:00","dateModified":"2020-09-16T08:17:31+00:00","description":"W ostatnim czasie ukaza\u0142o si\u0119 kilka film\u00f3w i ksi\u0105\u017cek na temat \u017cycia ultraortodoksyjnych \u017byd\u00f3w. W\u015br\u00f3d nich ksi\u0105\u017cka \u201eOk, amen\u201d autorstwa Niny Solomin.","breadcrumb":{"@id":"https:\/\/woblink.com\/blog\/ok-amen-ksiazka-tygodnia-woblinka\/#breadcrumb"},"inLanguage":"pl-PL","potentialAction":[{"@type":"ReadAction","target":["https:\/\/woblink.com\/blog\/ok-amen-ksiazka-tygodnia-woblinka\/"]}]},{"@type":"BreadcrumbList","@id":"https:\/\/woblink.com\/blog\/ok-amen-ksiazka-tygodnia-woblinka\/#breadcrumb","itemListElement":[{"@type":"ListItem","position":1,"name":"Strona g\u0142\u00f3wna","item":"https:\/\/woblink.com\/blog\/"},{"@type":"ListItem","position":2,"name":"Ok, amen. Ksi\u0105\u017cka tygodnia Woblinka"}]},{"@type":"WebSite","@id":"https:\/\/woblink.com\/blog\/#website","url":"https:\/\/woblink.com\/blog\/","name":"Woblink","description":"najlepszy firmowy blog o ksi\u0105\u017ckach","publisher":{"@id":"https:\/\/woblink.com\/blog\/#organization"},"potentialAction":[{"@type":"SearchAction","target":{"@type":"EntryPoint","urlTemplate":"https:\/\/woblink.com\/blog\/?s={search_term_string}"},"query-input":"required name=search_term_string"}],"inLanguage":"pl-PL"},{"@type":"Organization","@id":"https:\/\/woblink.com\/blog\/#organization","name":"Woblink","url":"https:\/\/woblink.com\/blog\/","logo":{"@type":"ImageObject","inLanguage":"pl-PL","@id":"https:\/\/woblink.com\/blog\/#\/schema\/logo\/image\/","url":"https:\/\/i0.wp.com\/woblink.com\/blog\/wp-content\/uploads\/2019\/04\/nw_logoB.png?fit=185%2C42&ssl=1","contentUrl":"https:\/\/i0.wp.com\/woblink.com\/blog\/wp-content\/uploads\/2019\/04\/nw_logoB.png?fit=185%2C42&ssl=1","width":185,"height":42,"caption":"Woblink"},"image":{"@id":"https:\/\/woblink.com\/blog\/#\/schema\/logo\/image\/"},"sameAs":["https:\/\/facebook.com\/woblink","https:\/\/twitter.com\/woblink_com","https:\/\/www.instagram.com\/woblink_com","https:\/\/www.linkedin.com\/company\/woblink\/"]},{"@type":"Person","@id":"https:\/\/woblink.com\/blog\/#\/schema\/person\/d06fc73a6248316414fcea8f9e4bddaf","name":"Martyna Latkowska","image":{"@type":"ImageObject","inLanguage":"pl-PL","@id":"https:\/\/woblink.com\/blog\/#\/schema\/person\/image\/","url":"https:\/\/secure.gravatar.com\/avatar\/3641413a23450aabd0b2d5a09b6e1936?s=96&d=mm&r=g","contentUrl":"https:\/\/secure.gravatar.com\/avatar\/3641413a23450aabd0b2d5a09b6e1936?s=96&d=mm&r=g","caption":"Martyna Latkowska"},"url":"https:\/\/woblink.com\/blog\/author\/gancarczyk\/"}]}},"jetpack_featured_media_url":"https:\/\/i0.wp.com\/woblink.com\/blog\/wp-content\/uploads\/2020\/09\/ksiazka_tygodnia_artykul.jpg?fit=1011%2C690&ssl=1","_links":{"self":[{"href":"https:\/\/woblink.com\/blog\/wp-json\/wp\/v2\/posts\/3286"}],"collection":[{"href":"https:\/\/woblink.com\/blog\/wp-json\/wp\/v2\/posts"}],"about":[{"href":"https:\/\/woblink.com\/blog\/wp-json\/wp\/v2\/types\/post"}],"author":[{"embeddable":true,"href":"https:\/\/woblink.com\/blog\/wp-json\/wp\/v2\/users\/8"}],"replies":[{"embeddable":true,"href":"https:\/\/woblink.com\/blog\/wp-json\/wp\/v2\/comments?post=3286"}],"version-history":[{"count":1,"href":"https:\/\/woblink.com\/blog\/wp-json\/wp\/v2\/posts\/3286\/revisions"}],"predecessor-version":[{"id":3289,"href":"https:\/\/woblink.com\/blog\/wp-json\/wp\/v2\/posts\/3286\/revisions\/3289"}],"wp:featuredmedia":[{"embeddable":true,"href":"https:\/\/woblink.com\/blog\/wp-json\/wp\/v2\/media\/3287"}],"wp:attachment":[{"href":"https:\/\/woblink.com\/blog\/wp-json\/wp\/v2\/media?parent=3286"}],"wp:term":[{"taxonomy":"category","embeddable":true,"href":"https:\/\/woblink.com\/blog\/wp-json\/wp\/v2\/categories?post=3286"},{"taxonomy":"post_tag","embeddable":true,"href":"https:\/\/woblink.com\/blog\/wp-json\/wp\/v2\/tags?post=3286"}],"curies":[{"name":"wp","href":"https:\/\/api.w.org\/{rel}","templated":true}]}}