{"id":3629,"date":"2020-11-10T16:54:47","date_gmt":"2020-11-10T15:54:47","guid":{"rendered":"https:\/\/woblink.com\/blog\/?p=3629"},"modified":"2020-11-10T16:54:47","modified_gmt":"2020-11-10T15:54:47","slug":"czytaj-pl-2020-o-ksiazkach-ktore-znalazly-sie-w-akcji","status":"publish","type":"post","link":"https:\/\/woblink.com\/blog\/czytaj-pl-2020-o-ksiazkach-ktore-znalazly-sie-w-akcji\/","title":{"rendered":"Czytaj PL 2020: O ksi\u0105\u017ckach, kt\u00f3re znalaz\u0142y si\u0119 w akcji"},"content":{"rendered":"<p><strong>2 listopada 2020 roku wystartowa\u0142a sz\u00f3sta edycja akcji Czytaj PL, czyli najwi\u0119kszej akcji w Polsce promuj\u0105cej czytelnictwo. Dzi\u0119ki niej, przez ca\u0142y listopad, czytelnicy w Polsce i za granic\u0105 maj\u0105 mo\u017cliwo\u015b\u0107 darmowego wypo\u017cyczania 12 ebook\u00f3w i audiobook\u00f3w. Przedstawiamy wam ksi\u0105\u017cki, kt\u00f3re znalaz\u0142y si\u0119 w akcji Czytaj PL 2020!<\/strong><\/p>\n<p><!--more--><\/p>\n<h3><strong>Ksi\u0105\u017cki, kt\u00f3re znalaz\u0142y si\u0119 w akcji Czytaj PL 2020<\/strong><\/h3>\n<p>W ramach tegorocznej edycji akcji dost\u0119pne b\u0119dzie 12 wyj\u0105tkowych bestseller\u00f3w \u2013 osiem powie\u015bci i cztery ksi\u0105\u017cki non-fiction. Znajdziecie tu zar\u00f3wno literatur\u0119 pi\u0119kn\u0105, fantastyk\u0119, krymina\u0142y, jak i przejmuj\u0105cy reporta\u017c, esej oraz poradnik. A\u017c dziesi\u0119c z dwunastu ksi\u0105\u017cek znajdziecie w formie ebooka i audiobooka.<\/p>\n<h4>Jakub \u0106wiek \u201eTopiel\u201d<br \/>\n(Wydawnictwo Marginesy)<br \/>\nebook i audiobook<\/h4>\n<p>\u201eTopiel\u201d to pe\u0142na popkulturowych nawi\u0105za\u0144, rasowa powie\u015b\u0107 obyczajowa z elementami thrillera i krymina\u0142u. Jakub \u0106wiek osadzi\u0142 j\u0105 w realiach katastrofalnej powodzi z 1997 roku. Autor, \u015bwiadek oraz uczestnik \u00f3wczesnych wydarze\u0144, kre\u015bli anga\u017cuj\u0105c\u0105, momentami straszn\u0105 opowie\u015b\u0107 o przyspieszonej lekcji dojrzewania, a tak\u017ce rozlicza si\u0119 z nostalgi\u0105 lat dziewi\u0119\u0107dziesi\u0105tych. \u201eTopiel\u201d opisywana jest jako po\u0142\u0105czenie netflixowego serialu Stranger Things z powie\u015bci\u0105 \u201eTo\u201d Stephena Kinga.<\/p>\n<p>Ko\u0144cem lipca 1997 roku \u017co\u0142nierze z Ukrainy pomagaj\u0105cy powodzianom dokonuj\u0105 mro\u017c\u0105cego krew w \u017cy\u0142ach odkrycia w korycie rzeki. Na po\u0142amanym i zanurzonym w wodzie drzewie wisi cia\u0142o ch\u0142opca, kt\u00f3ry zagin\u0105\u0142 dwa tygodnie temu. Nieca\u0142y miesi\u0105c wcze\u015bniej dla czw\u00f3rki m\u0142odych ch\u0142opak\u00f3w zaczynaj\u0105 si\u0119 wakacje. Nie przeszkadza im padaj\u0105cy deszcz i powodziowe alarmy \u2013 mimo wszystko to b\u0119dzie ich lato! Trzy dni p\u00f3\u017aniej zaczyna si\u0119 Pow\u00f3d\u017a Stulecia, kt\u00f3ra wywo\u0142a lawin\u0119 wydarze\u0144, kt\u00f3re doprowadz\u0105 do \u015bmierci jednego z ch\u0142opc\u00f3w\u2026<\/p>\n<h4><img decoding=\"async\" loading=\"lazy\" class=\"size-medium wp-image-14020 aligncenter\" src=\"https:\/\/i0.wp.com\/czytajpl.pl\/wp-content\/uploads\/2020\/11\/5ed6ccd9ca0c1-193x300.jpeg?resize=193%2C300&#038;ssl=1\" alt=\"\" width=\"193\" height=\"300\" data-recalc-dims=\"1\" \/><br \/>\nWojtek Drewniak \u201eHistoria bez cenzury 5. I straszno, i \u015bmieszno \u2013 PRL\u201d<br \/>\n(Wydawnictwo Znak)<br \/>\nebook<\/h4>\n<p>Autor najpopularniejszego w Polsce kana\u0142u o historii powraca z kolejn\u0105 ksi\u0105\u017ck\u0105. Tym razem Wojtek Drewniak skupia si\u0119 na historii PRL-u. Jak ju\u017c zd\u0105\u017cy\u0142 nas przyzwyczai\u0107, nie zabraknie du\u017cej dawki czarnego humoru i mro\u017c\u0105cych krew w \u017cy\u0142ach ciekawostek. W pi\u0105tej ods\u0142onie \u201eHistorii bez cenzury\u201d znajdziecie mas\u0119 informacji o tym, jak wygl\u0105da\u0142o \u017cycie \u201eza komuny\u201d, kto m\u00f3g\u0142 je\u017adzi\u0107 na wakacje i dlaczego, jak wygl\u0105da\u0142y programy informacyjne w telewizji, kt\u00f3ra nadawa\u0142a tylko dwa programy. A do tego opowie\u015bci o wszechobecnych kolejkach, pustych sklepach i milicji.<\/p>\n<h4><img decoding=\"async\" loading=\"lazy\" class=\"size-medium wp-image-14021 aligncenter\" src=\"https:\/\/i0.wp.com\/czytajpl.pl\/wp-content\/uploads\/2020\/11\/5f85b6ed7ff33-191x300.jpeg?resize=191%2C300&#038;ssl=1\" alt=\"\" width=\"191\" height=\"300\" data-recalc-dims=\"1\" \/><br \/>\nPaulina Hendel \u201eStra\u017cnik\u201d<br \/>\n(We Need YA)<br \/>\nebook i audiobook<\/h4>\n<p>\u201eStra\u017cnik\u201d to powie\u015b\u0107 otwieraj\u0105ca debiutancki cykl Pauliny Hendel, autorki bestsellerowej serii \u201e\u017bniwiarz\u201d.<br \/>\nHubert budzi si\u0119 w ciemnym, zamkni\u0119tym pomieszczeniu maj\u0105c na sobie przetarte spodnie i star\u0105 koszul\u0119. Zamiast w Pary\u017cu, jest w Polsce. W dodatku jest ranny i wygl\u0105da ca\u0142kowicie inaczej. Szybko okazuje si\u0119, \u017ce od wycieczki do Francji min\u0119\u0142o a\u017c siedem lat, a Hubert nie jest ju\u017c nastolatkiem. Co wi\u0119cej, zmieni\u0142 si\u0119 nie tylko on, ale ca\u0142y \u015bwiat. Zarazy i epidemie dziesi\u0105tkowa\u0142y ludzko\u015b\u0107, zdobycze techniki zosta\u0142y zniszczone, a ze swoich kryj\u00f3wek wysz\u0142y znane z ludowych przekaz\u00f3w demony. Hubert b\u0119dzie musia\u0142 rozwi\u0105za\u0107 zagadk\u0119 przesz\u0142o\u015bci i odnale\u017a\u0107 si\u0119 w nowej rzeczywisto\u015bci.<\/p>\n<h4><img decoding=\"async\" loading=\"lazy\" class=\"size-medium wp-image-14022 aligncenter\" src=\"https:\/\/i0.wp.com\/czytajpl.pl\/wp-content\/uploads\/2020\/11\/5e8190fb34820-211x300.jpeg?resize=211%2C300&#038;ssl=1\" alt=\"\" width=\"211\" height=\"300\" data-recalc-dims=\"1\" \/><br \/>\nMiko\u0142aj \u0141ozi\u0144ski \u201eStramer\u201d<br \/>\n(Wydawnictwo Literackie)<br \/>\nebook i audiobook<\/h4>\n<p>Najnowsza ksi\u0105\u017cka Miko\u0142aja \u0141ozi\u0144skiego to rozpisana na kilka pokole\u0144 saga rodzinna o osobistych dramatach, mi\u0142o\u015bci, zdradzie i rozstaniach. W \u201eStramerze\u201d poznajemy losy \u017cydowskiej rodziny Stramer\u00f3w, kt\u00f3ra zamieszkuje jednoizbowe mieszkanie przy ulicy Goldhammera w Tarnowie. Fabu\u0142\u0119 \u015bledzimy z perspektywy r\u00f3\u017cnych postaci. Na pocz\u0105tku poznajemy Nathana i Rywk\u0119 \u2013 m\u0142ode ma\u0142\u017ce\u0144stwo, kt\u00f3re na pocz\u0105tku XX wieku decyduje si\u0119 na za\u0142o\u017cenie rodziny. On jest biznesmenem, kt\u00f3ry jednak nie odnosi \u017cadnych powa\u017cnych sukces\u00f3w. Rywka za\u015b jest ostoj\u0105 domowego ciep\u0142a, jest postaci\u0105 do kt\u00f3rej wszyscy zwracaj\u0105 si\u0119 z problemami, w poszukiwaniu pocieszenia i dobrej energii. Nast\u0119pnie poznajemy Bena, brata Nathana, kt\u00f3ry ze Stan\u00f3w Zjednoczonych przesy\u0142a Nathanowi pieni\u0105dze na kolejne interesy. Z czasem w rodzinie Stramer\u00f3w pojawiaj\u0105 si\u0119 dzieci \u2013 czterech ch\u0142opc\u00f3w i dwie dziewczynki. Historia XX wieku dopada rodzin\u0119 Stramer\u00f3w, w ich \u017cycie wdziera si\u0119 Zag\u0142ada, kt\u00f3ra na zawsze zmienia ich \u017cycie.<\/p>\n<h4><img decoding=\"async\" loading=\"lazy\" class=\"size-medium wp-image-14023 aligncenter\" src=\"https:\/\/i0.wp.com\/czytajpl.pl\/wp-content\/uploads\/2020\/11\/5f9b5913dbcb4-188x300.jpeg?resize=188%2C300&#038;ssl=1\" alt=\"\" width=\"188\" height=\"300\" data-recalc-dims=\"1\" \/><br \/>\nKarolina Macios \u201eCzarne morze\u201d<br \/>\n(Wielka Litera)<br \/>\nebook i audiobook<\/h4>\n<p>Joanna od dziecka posiada nietypowy dar, kt\u00f3ry bywa r\u00f3wnie\u017c przekle\u0144stwem. Dotyk innych ludzi sprawia, \u017ce kobieta widzi ich tajemnice i wspomnienia, kt\u00f3re chcieliby ukry\u0107 przed \u015bwiatem zewn\u0119trznym. W czasie rodzinnego spaceru po klifie nagle dzieje si\u0119 co\u015b, co sprawia, \u017ce Joanna i jej m\u0105\u017c chc\u0105 jak najszybciej wr\u00f3ci\u0107 do Wroc\u0142awia. Jednak w drodze do domu ulegaj\u0105 wypadkowi. Joanna budzi si\u0119 w szpitalu \u2013 ma wstrz\u0105\u015bnienie m\u00f3zgu i problemy z pami\u0119ci\u0105. Po powrocie do domu bohaterka nie zastaje w nim swojej c\u00f3reczki, kt\u00f3ra podobno jest u te\u015bci\u00f3w. Stopniowo Joanna traci kontakt ze \u015bwiatem, a wspomnienia z przesz\u0142o\u015bci mieszaj\u0105 si\u0119 z tera\u017aniejszo\u015bci\u0105. Co sta\u0142o si\u0119 na klifie i gdzie jest c\u00f3rka kobiety?<br \/>\n\u201eCzarne morze\u201d to pierwszy tytu\u0142 z serii thriller\u00f3w psychologicznych Karoliny Macios.<\/p>\n<h4><img decoding=\"async\" loading=\"lazy\" class=\"size-medium wp-image-14024 aligncenter\" src=\"https:\/\/i0.wp.com\/czytajpl.pl\/wp-content\/uploads\/2020\/11\/5e819ce92fa07-198x300.jpeg?resize=198%2C300&#038;ssl=1\" alt=\"\" width=\"198\" height=\"300\" data-recalc-dims=\"1\" \/><br \/>\nAndri Sn\u00e6r Magnason \u201eO czasie i wodzie\u201d<br \/>\n(Karakter)<br \/>\nebook<\/h4>\n<p>\u201eO czasie i wodzie\u201d to po\u0142\u0105czenie eseju i reporta\u017cu. Autorem ksi\u0105\u017cki jest Andri Sn\u00e6r Magnason, islandzki pisarz, poeta i dzia\u0142acz na rzecz ochrony \u015brodowiska. Ponadto z wykszta\u0142cenia jest literaturoznawc\u0105. W swojej karierze nie tylko pisa\u0142, ale r\u00f3wnie\u017c tworzy\u0142 filmy. W 2016 roku startowa\u0142 w wyborach prezydenckich na Islandii.<\/p>\n<p>Jak wskazuje tytu\u0142, g\u0142\u00f3wnymi \u201ebohaterami\u201d ksi\u0105\u017cki s\u0105 czas i woda. Czas oznacza nie tylko to co by\u0142o, ale r\u00f3wnie\u017c to, co nas czeka. Magnason pisze o tym, jak du\u017cy wp\u0142yw na na przysz\u0142o\u015b\u0107 planety teraz, ma przesz\u0142o\u015b\u0107 oraz to co robimy teraz. Chodzi oczywi\u015bcie o zmiany klimatyczne, topnienie lodowc\u00f3w, zanieczyszczenie i zakwaszenie ocean\u00f3w. Magnason, w eseistycznej formie, \u0142\u0105cz\u0105c twarde fakty z mitologiami, w\u0142asnymi prze\u017cyciami i refleksjami, kre\u015bli obraz wsp\u00f3\u0142czesnego \u015bwiata, problem\u00f3w z jakimi musimy si\u0119 zmierzy\u0107 by uratowa\u0107 nasz\u0105 planet\u0119 przed niechybn\u0105 katastrof\u0105. To nie tylko bardzo wa\u017cna i potrzebna, ale tak\u017ce znakomicie napisana ksi\u0105\u017cka, kt\u00f3r\u0105 powinien przeczyta\u0107 ka\u017cdy, komu nie s\u0105 oboj\u0119tne losy naszej planety.<\/p>\n<h4><img decoding=\"async\" loading=\"lazy\" class=\"size-medium wp-image-14025 aligncenter\" src=\"https:\/\/i0.wp.com\/czytajpl.pl\/wp-content\/uploads\/2020\/11\/5f2bdaaec0a3d-175x300.png?resize=175%2C300&#038;ssl=1\" alt=\"\" width=\"175\" height=\"300\" data-recalc-dims=\"1\" \/><br \/>\nJakub Ma\u0142ecki \u201eHoryzont\u201d<br \/>\n(Wydawnictwo SQN)<br \/>\nebook i audiobook<\/h4>\n<p>Bardzo nam mi\u0142o, \u017ce kolejny raz mo\u017cemy w naszej akcji go\u015bci\u0107 Kub\u0119 Ma\u0142eckiego. W poprzednich edycjach Czytaj PL mogli\u015bcie czyta\u0107 i s\u0142ucha\u0107 \u201e\u015alady\u201d oaz \u201eNikt nie idzie\u201d. \u201eHoryzont\u201d to opowie\u015b\u0107 o przyja\u017ani, t\u0119sknocie i odwadze. Bohaterami powie\u015bci s\u0105 s\u0105siaduj\u0105cy ze sob\u0105 Maniek i Zuza. On \u2013 by\u0142y saper, kt\u00f3ry pr\u00f3buje u\u0142o\u017cy\u0107 \u017cycie po odbyciu misji w Afganistanie. \u017beby m\u00f3c wreszcie wr\u00f3ci\u0107 do normalno\u015bci pr\u00f3buje spisa\u0107 swoje wspomnienia. Ona \u2013 dziewczyna walcz\u0105ca o to, by zacz\u0105\u0107 \u017cy\u0107 na w\u0142asny rachunek. Na drodze do samodzielno\u015bci staje jej jednak rodzinna tajemnica. Pozornie nic, poza mieszkaniem na warszawskim Mokotowie, ich nie \u0142\u0105czy. Problem z przystosowaniem si\u0119 do otoczenia jednak coraz bardziej ich przyci\u0105ga.<\/p>\n<h4><img decoding=\"async\" loading=\"lazy\" class=\"size-medium wp-image-14026 aligncenter\" src=\"https:\/\/i0.wp.com\/czytajpl.pl\/wp-content\/uploads\/2020\/11\/5e81774fc73db-209x300.png?resize=209%2C300&#038;ssl=1\" alt=\"\" width=\"209\" height=\"300\" data-recalc-dims=\"1\" \/><br \/>\nRobert Ma\u0142ecki \u201eZadra\u201d<br \/>\n(Czwarta Strona)<br \/>\nebook i audiobook<\/h4>\n<p>\u201eZadra\u201d to trzeci tom bestsellerowej serii kryminalnej Roberta Ma\u0142eckiego z komisarzem Bernardem Grossem w roli g\u0142\u00f3wnej.Tym razem autor zabiera czytelnik\u00f3w do Grodna, gdzie komisarz Gross bada spraw\u0119 ko\u015bci odnalezionych w pobliskim lesie. Tropy zawiod\u0105 go do sprawy tajemniczego zagini\u0119cia pary student\u00f3w, do jakiego dosz\u0142o szesna\u015bcie lat temu. \u015aledztwo z ka\u017cd\u0105 chwil\u0105 b\u0119dzie stawa\u0142o si\u0119 coraz bardziej skomplikowane, a przedarcie si\u0119 przez pl\u0105tanin\u0119 wspomnie\u0144 sk\u0142\u00f3conych ze sob\u0105 rodzin dw\u00f3jki zaginionych oka\u017ce si\u0119 niezwykle trudne. Prawda, do kt\u00f3rej chce dotrze\u0107 Gross jest bardziej wstrz\u0105saj\u0105ca, ni\u017c mog\u0142oby si\u0119 to wydawa\u0107.<\/p>\n<h4><img decoding=\"async\" loading=\"lazy\" class=\"size-medium wp-image-14027 aligncenter\" src=\"https:\/\/i0.wp.com\/czytajpl.pl\/wp-content\/uploads\/2020\/11\/5e81788fbbfbd-188x300.jpeg?resize=188%2C300&#038;ssl=1\" alt=\"\" width=\"188\" height=\"300\" data-recalc-dims=\"1\" \/><br \/>\nRemigiusz Mr\u00f3z \u201eG\u0142osy z za\u015bwiat\u00f3w\u201d<br \/>\n(Wydawnictwo Filia)<br \/>\nebook i audiobook<\/h4>\n<p>Ksi\u0105\u017cka \u201eG\u0142osy z za\u015bwiat\u00f3w\u201d jest kontynuacj\u0105 powie\u015bci \u201eListy zza grobu\u201d, kt\u00f3r\u0105 mogli\u015bcie czyta\u0107 i s\u0142ucha\u0107 w <strong><a href=\"https:\/\/czytajpl.pl\/2019\/10\/30\/czytaj-pl-2019-ksiazki-ktore-znalazly-sie-w-akcji\/\">zesz\u0142orocznej edycji akcji Czytaj PL<\/a><\/strong>. Seweryn Zaorski chce na nowo u\u0142o\u017cy\u0107 sobie \u017cycie, jednak niespodziewanie do \u017ceromickiego zak\u0142adu patomorfologii zaczynaj\u0105 trafia\u0107 zw\u0142oki ma\u0142ych dzieci z ca\u0142ej okolicy. Nikt nie potrafi rozwi\u0105za\u0107 zagadki \u015bmierci m\u0142odych ofiar \u2013 nic nie wskazuje na to, \u017ce zosta\u0142y zamordowane. Zaorski jest przekonany, \u017ce stoi za tym co\u015b wi\u0119cej&#8230;. Kto zabija dzieci? I dlaczego? Tymczasem Kaja Burzy\u0144ska mierzy si\u0119 z coraz bardziej skomplikowanym \u017cyciem rodzinnym i g\u0142osami tych, kt\u00f3rych ma na sumieniu.<\/p>\n<h4><img decoding=\"async\" loading=\"lazy\" class=\"size-medium wp-image-14028 aligncenter\" src=\"https:\/\/i0.wp.com\/czytajpl.pl\/wp-content\/uploads\/2020\/11\/5e817d9e13ef1-199x300.jpeg?resize=199%2C300&#038;ssl=1\" alt=\"\" width=\"199\" height=\"300\" data-recalc-dims=\"1\" \/><br \/>\nDominika S\u0142owik \u201eZimowla\u201d<br \/>\n(Wydawnictwo Znak)<br \/>\nebook i audiobook<\/h4>\n<p>Akcja powie\u015bci rozgrywa si\u0119 w Cukr\u00f3wce \u2013 ma\u0142ym miasteczku po\u0142o\u017conym w Dolinie Zmornickiej, w kt\u00f3rym \u017cycie p\u0142ynie bardzo powoli. Pewnego dnia zaczynaj\u0105 si\u0119 w nim dzia\u0107 dziwne rzeczy. Szar\u0105 codzienno\u015b\u0107 przerywaj\u0105 nietypowe zachowania jej mieszka\u0144c\u00f3w i tajemnicze zdarzenia, jak chocia\u017cby mimowolne dzwonienie ko\u015bcielnych dzwon\u00f3w. Za t\u0119 powie\u015b\u0107 Dominika S\u0142owik otrzyma\u0142a Paszport Polityki w kategorii literatura.<\/p>\n<h4><img decoding=\"async\" loading=\"lazy\" class=\"size-medium wp-image-14029 aligncenter\" src=\"https:\/\/i0.wp.com\/czytajpl.pl\/wp-content\/uploads\/2020\/11\/5e816736ae5d9-215x300.jpeg?resize=215%2C300&#038;ssl=1\" alt=\"\" width=\"215\" height=\"300\" data-recalc-dims=\"1\" \/><br \/>\nStefanie Stahl \u201eKochaj najlepiej, jak potrafisz\u201d<br \/>\n(Wydawnictwo Otwarte)<br \/>\nebook i audiobook<\/h4>\n<p>Stephanie Stahl to znana niemiecka terapeutka, psycholo\u017cka i autorka bestsellerowych poradnik\u00f3w. W \u201eKochaj najlepiej, jak potrafisz\u201d bierze na warsztat relacje mi\u0119dzyludzkie i przekonuje, \u017ce ka\u017cdy cz\u0142owiek ma potencja\u0142, aby stworzy\u0107 satysfakcjonuj\u0105cy zwi\u0105zek. Stahl pokazuje, jak wa\u017cne dla p\u00f3\u017aniejszych relacji jest dzieci\u0144stwo i ukszta\u0142towana w nim emocjonalno\u015b\u0107 oraz wra\u017cliwo\u015b\u0107. Podpowiada tak\u017ce jak zadba\u0107 o siebie oraz o swoje wewn\u0119trzne ja, a proponowane w ksi\u0105\u017cce \u0107wiczenia pozwol\u0105 czytelnikowi na chwil\u0119 autorefleksji.<\/p>\n<h4><img decoding=\"async\" loading=\"lazy\" class=\"size-medium wp-image-14030 aligncenter\" src=\"https:\/\/i0.wp.com\/czytajpl.pl\/wp-content\/uploads\/2020\/11\/5e817be417e33-198x300.jpeg?resize=198%2C300&#038;ssl=1\" alt=\"\" width=\"198\" height=\"300\" data-recalc-dims=\"1\" \/><br \/>\nMariusz Szczygie\u0142 \u201eNie ma\u201d<br \/>\n(Dowody na Istnienie)<br \/>\nebook i audiobook<\/h4>\n<p>Za \u201eNie ma\u201d Mariusz Szczygie\u0142 otrzyma\u0142 Nagrod\u0119 Literack\u0105 \u201eNike\u201d, zar\u00f3wno wyborem jury, jak i czytelnik\u00f3w. To pr\u00f3ba literackiego uchwycenia tego czego&#8230; no w\u0142a\u015bnie \u2013 nie ma. W ksi\u0105\u017cce znalaz\u0142o si\u0119 kilka eksperymentalnych tekst\u00f3w, w tym reporta\u017c zapisany w formie dokumentu w Excelu. Nie mog\u0142o tutaj zabrakn\u0105\u0107 tekst\u00f3w o Czechach i Pradze \u2013 ukochanym mie\u015bcie Szczyg\u0142a. S\u0105 tu zatem teksty o pierwszej wizycie ojca autora w stolice Czech, czeskiej poetce czy s\u0142ynnej willi pa\u0144stwa M\u00fcller\u00f3w. W\u015br\u00f3d tekst\u00f3w znalaz\u0142y si\u0119 te\u017c wa\u017cne reporta\u017ce o Polsce. Warto zwr\u00f3ci\u0107 te\u017c uwag\u0119 na zapiski z wyprawy reporta\u017cysty do Budapesztu, podczas kt\u00f3rej odwiedzi\u0142 antykwariat, w kt\u00f3rym mo\u017cna kupowa\u0107 rzeczy po zmar\u0142ych. Szczerze polecamy przes\u0142uchanie audiobooka, kt\u00f3rego czytaj\u0105 Maciej Stuhr, Maja Ostaszewska oraz sam autor \u2013 Mariusz Szczygie\u0142.<\/p>\n<p><img decoding=\"async\" loading=\"lazy\" class=\"size-medium wp-image-14031 aligncenter\" src=\"https:\/\/i0.wp.com\/czytajpl.pl\/wp-content\/uploads\/2020\/11\/5e81856e37857-190x300.jpeg?resize=190%2C300&#038;ssl=1\" alt=\"\" width=\"190\" height=\"300\" data-recalc-dims=\"1\" \/><\/p>\n","protected":false},"excerpt":{"rendered":"<p>2 listopada 2020 roku wystartowa\u0142a sz\u00f3sta edycja akcji Czytaj PL, czyli najwi\u0119kszej akcji w Polsce promuj\u0105cej czytelnictwo. Dzi\u0119ki niej, przez ca\u0142y listopad, czytelnicy w Polsce i za granic\u0105 maj\u0105 mo\u017cliwo\u015b\u0107 darmowego wypo\u017cyczania 12 ebook\u00f3w i audiobook\u00f3w. Przedstawiamy wam ksi\u0105\u017cki, kt\u00f3re znalaz\u0142y si\u0119 w akcji Czytaj&#8230;<\/p>\n","protected":false},"author":7,"featured_media":3630,"comment_status":"closed","ping_status":"open","sticky":false,"template":"","format":"standard","meta":[],"categories":[87],"tags":[],"yoast_head":"<!-- This site is optimized with the Yoast SEO plugin v20.11 - https:\/\/yoast.com\/wordpress\/plugins\/seo\/ -->\n<title>Czytaj PL 2020: O ksi\u0105\u017ckach, kt\u00f3re znalaz\u0142y si\u0119 w akcji - Woblink<\/title>\n<meta name=\"robots\" content=\"index, follow, max-snippet:-1, max-image-preview:large, max-video-preview:-1\" \/>\n<link rel=\"canonical\" href=\"https:\/\/woblink.com\/blog\/czytaj-pl-2020-o-ksiazkach-ktore-znalazly-sie-w-akcji\/\" \/>\n<meta property=\"og:locale\" content=\"pl_PL\" \/>\n<meta property=\"og:type\" content=\"article\" \/>\n<meta property=\"og:title\" content=\"Czytaj PL 2020: O ksi\u0105\u017ckach, kt\u00f3re znalaz\u0142y si\u0119 w akcji - Woblink\" \/>\n<meta property=\"og:description\" content=\"2 listopada 2020 roku wystartowa\u0142a sz\u00f3sta edycja akcji Czytaj PL, czyli najwi\u0119kszej akcji w Polsce promuj\u0105cej czytelnictwo. Dzi\u0119ki niej, przez ca\u0142y listopad, czytelnicy w Polsce i za granic\u0105 maj\u0105 mo\u017cliwo\u015b\u0107 darmowego wypo\u017cyczania 12 ebook\u00f3w i audiobook\u00f3w. Przedstawiamy wam ksi\u0105\u017cki, kt\u00f3re znalaz\u0142y si\u0119 w akcji Czytaj...\" \/>\n<meta property=\"og:url\" content=\"https:\/\/woblink.com\/blog\/czytaj-pl-2020-o-ksiazkach-ktore-znalazly-sie-w-akcji\/\" \/>\n<meta property=\"og:site_name\" content=\"Woblink\" \/>\n<meta property=\"article:publisher\" content=\"https:\/\/facebook.com\/woblink\" \/>\n<meta property=\"article:published_time\" content=\"2020-11-10T15:54:47+00:00\" \/>\n<meta property=\"og:image\" content=\"https:\/\/i0.wp.com\/woblink.com\/blog\/wp-content\/uploads\/2020\/11\/12-tytulow-1.png?fit=1011%2C690&ssl=1\" \/>\n\t<meta property=\"og:image:width\" content=\"1011\" \/>\n\t<meta property=\"og:image:height\" content=\"690\" \/>\n\t<meta property=\"og:image:type\" content=\"image\/png\" \/>\n<meta name=\"author\" content=\"Redakcja Woblinka\" \/>\n<meta name=\"twitter:card\" content=\"summary_large_image\" \/>\n<meta name=\"twitter:creator\" content=\"@woblink_com\" \/>\n<meta name=\"twitter:site\" content=\"@woblink_com\" \/>\n<meta name=\"twitter:label1\" content=\"Napisane przez\" \/>\n\t<meta name=\"twitter:data1\" content=\"Redakcja Woblinka\" \/>\n\t<meta name=\"twitter:label2\" content=\"Szacowany czas czytania\" \/>\n\t<meta name=\"twitter:data2\" content=\"9 minut\" \/>\n<script type=\"application\/ld+json\" class=\"yoast-schema-graph\">{\"@context\":\"https:\/\/schema.org\",\"@graph\":[{\"@type\":\"Article\",\"@id\":\"https:\/\/woblink.com\/blog\/czytaj-pl-2020-o-ksiazkach-ktore-znalazly-sie-w-akcji\/#article\",\"isPartOf\":{\"@id\":\"https:\/\/woblink.com\/blog\/czytaj-pl-2020-o-ksiazkach-ktore-znalazly-sie-w-akcji\/\"},\"author\":{\"name\":\"Redakcja Woblinka\",\"@id\":\"https:\/\/woblink.com\/blog\/#\/schema\/person\/8ab6b79d64fa54209272130c4c3b1e95\"},\"headline\":\"Czytaj PL 2020: O ksi\u0105\u017ckach, kt\u00f3re znalaz\u0142y si\u0119 w akcji\",\"datePublished\":\"2020-11-10T15:54:47+00:00\",\"dateModified\":\"2020-11-10T15:54:47+00:00\",\"mainEntityOfPage\":{\"@id\":\"https:\/\/woblink.com\/blog\/czytaj-pl-2020-o-ksiazkach-ktore-znalazly-sie-w-akcji\/\"},\"wordCount\":1785,\"publisher\":{\"@id\":\"https:\/\/woblink.com\/blog\/#organization\"},\"articleSection\":[\"Aktualno\u015bci\"],\"inLanguage\":\"pl-PL\"},{\"@type\":\"WebPage\",\"@id\":\"https:\/\/woblink.com\/blog\/czytaj-pl-2020-o-ksiazkach-ktore-znalazly-sie-w-akcji\/\",\"url\":\"https:\/\/woblink.com\/blog\/czytaj-pl-2020-o-ksiazkach-ktore-znalazly-sie-w-akcji\/\",\"name\":\"Czytaj PL 2020: O ksi\u0105\u017ckach, kt\u00f3re znalaz\u0142y si\u0119 w akcji - Woblink\",\"isPartOf\":{\"@id\":\"https:\/\/woblink.com\/blog\/#website\"},\"datePublished\":\"2020-11-10T15:54:47+00:00\",\"dateModified\":\"2020-11-10T15:54:47+00:00\",\"breadcrumb\":{\"@id\":\"https:\/\/woblink.com\/blog\/czytaj-pl-2020-o-ksiazkach-ktore-znalazly-sie-w-akcji\/#breadcrumb\"},\"inLanguage\":\"pl-PL\",\"potentialAction\":[{\"@type\":\"ReadAction\",\"target\":[\"https:\/\/woblink.com\/blog\/czytaj-pl-2020-o-ksiazkach-ktore-znalazly-sie-w-akcji\/\"]}]},{\"@type\":\"BreadcrumbList\",\"@id\":\"https:\/\/woblink.com\/blog\/czytaj-pl-2020-o-ksiazkach-ktore-znalazly-sie-w-akcji\/#breadcrumb\",\"itemListElement\":[{\"@type\":\"ListItem\",\"position\":1,\"name\":\"Strona g\u0142\u00f3wna\",\"item\":\"https:\/\/woblink.com\/blog\/\"},{\"@type\":\"ListItem\",\"position\":2,\"name\":\"Czytaj PL 2020: O ksi\u0105\u017ckach, kt\u00f3re znalaz\u0142y si\u0119 w akcji\"}]},{\"@type\":\"WebSite\",\"@id\":\"https:\/\/woblink.com\/blog\/#website\",\"url\":\"https:\/\/woblink.com\/blog\/\",\"name\":\"Woblink\",\"description\":\"najlepszy firmowy blog o ksi\u0105\u017ckach\",\"publisher\":{\"@id\":\"https:\/\/woblink.com\/blog\/#organization\"},\"potentialAction\":[{\"@type\":\"SearchAction\",\"target\":{\"@type\":\"EntryPoint\",\"urlTemplate\":\"https:\/\/woblink.com\/blog\/?s={search_term_string}\"},\"query-input\":\"required name=search_term_string\"}],\"inLanguage\":\"pl-PL\"},{\"@type\":\"Organization\",\"@id\":\"https:\/\/woblink.com\/blog\/#organization\",\"name\":\"Woblink\",\"url\":\"https:\/\/woblink.com\/blog\/\",\"logo\":{\"@type\":\"ImageObject\",\"inLanguage\":\"pl-PL\",\"@id\":\"https:\/\/woblink.com\/blog\/#\/schema\/logo\/image\/\",\"url\":\"https:\/\/i0.wp.com\/woblink.com\/blog\/wp-content\/uploads\/2019\/04\/nw_logoB.png?fit=185%2C42&ssl=1\",\"contentUrl\":\"https:\/\/i0.wp.com\/woblink.com\/blog\/wp-content\/uploads\/2019\/04\/nw_logoB.png?fit=185%2C42&ssl=1\",\"width\":185,\"height\":42,\"caption\":\"Woblink\"},\"image\":{\"@id\":\"https:\/\/woblink.com\/blog\/#\/schema\/logo\/image\/\"},\"sameAs\":[\"https:\/\/facebook.com\/woblink\",\"https:\/\/twitter.com\/woblink_com\",\"https:\/\/www.instagram.com\/woblink_com\",\"https:\/\/www.linkedin.com\/company\/woblink\/\"]},{\"@type\":\"Person\",\"@id\":\"https:\/\/woblink.com\/blog\/#\/schema\/person\/8ab6b79d64fa54209272130c4c3b1e95\",\"name\":\"Redakcja Woblinka\",\"image\":{\"@type\":\"ImageObject\",\"inLanguage\":\"pl-PL\",\"@id\":\"https:\/\/woblink.com\/blog\/#\/schema\/person\/image\/\",\"url\":\"https:\/\/secure.gravatar.com\/avatar\/f23ae80a7c9da060bee5f8310913478b?s=96&d=mm&r=g\",\"contentUrl\":\"https:\/\/secure.gravatar.com\/avatar\/f23ae80a7c9da060bee5f8310913478b?s=96&d=mm&r=g\",\"caption\":\"Redakcja Woblinka\"},\"url\":\"https:\/\/woblink.com\/blog\/author\/krasny\/\"}]}<\/script>\n<!-- \/ Yoast SEO plugin. -->","yoast_head_json":{"title":"Czytaj PL 2020: O ksi\u0105\u017ckach, kt\u00f3re znalaz\u0142y si\u0119 w akcji - Woblink","robots":{"index":"index","follow":"follow","max-snippet":"max-snippet:-1","max-image-preview":"max-image-preview:large","max-video-preview":"max-video-preview:-1"},"canonical":"https:\/\/woblink.com\/blog\/czytaj-pl-2020-o-ksiazkach-ktore-znalazly-sie-w-akcji\/","og_locale":"pl_PL","og_type":"article","og_title":"Czytaj PL 2020: O ksi\u0105\u017ckach, kt\u00f3re znalaz\u0142y si\u0119 w akcji - Woblink","og_description":"2 listopada 2020 roku wystartowa\u0142a sz\u00f3sta edycja akcji Czytaj PL, czyli najwi\u0119kszej akcji w Polsce promuj\u0105cej czytelnictwo. Dzi\u0119ki niej, przez ca\u0142y listopad, czytelnicy w Polsce i za granic\u0105 maj\u0105 mo\u017cliwo\u015b\u0107 darmowego wypo\u017cyczania 12 ebook\u00f3w i audiobook\u00f3w. Przedstawiamy wam ksi\u0105\u017cki, kt\u00f3re znalaz\u0142y si\u0119 w akcji Czytaj...","og_url":"https:\/\/woblink.com\/blog\/czytaj-pl-2020-o-ksiazkach-ktore-znalazly-sie-w-akcji\/","og_site_name":"Woblink","article_publisher":"https:\/\/facebook.com\/woblink","article_published_time":"2020-11-10T15:54:47+00:00","og_image":[{"width":1011,"height":690,"url":"https:\/\/i0.wp.com\/woblink.com\/blog\/wp-content\/uploads\/2020\/11\/12-tytulow-1.png?fit=1011%2C690&ssl=1","type":"image\/png"}],"author":"Redakcja Woblinka","twitter_card":"summary_large_image","twitter_creator":"@woblink_com","twitter_site":"@woblink_com","twitter_misc":{"Napisane przez":"Redakcja Woblinka","Szacowany czas czytania":"9 minut"},"schema":{"@context":"https:\/\/schema.org","@graph":[{"@type":"Article","@id":"https:\/\/woblink.com\/blog\/czytaj-pl-2020-o-ksiazkach-ktore-znalazly-sie-w-akcji\/#article","isPartOf":{"@id":"https:\/\/woblink.com\/blog\/czytaj-pl-2020-o-ksiazkach-ktore-znalazly-sie-w-akcji\/"},"author":{"name":"Redakcja Woblinka","@id":"https:\/\/woblink.com\/blog\/#\/schema\/person\/8ab6b79d64fa54209272130c4c3b1e95"},"headline":"Czytaj PL 2020: O ksi\u0105\u017ckach, kt\u00f3re znalaz\u0142y si\u0119 w akcji","datePublished":"2020-11-10T15:54:47+00:00","dateModified":"2020-11-10T15:54:47+00:00","mainEntityOfPage":{"@id":"https:\/\/woblink.com\/blog\/czytaj-pl-2020-o-ksiazkach-ktore-znalazly-sie-w-akcji\/"},"wordCount":1785,"publisher":{"@id":"https:\/\/woblink.com\/blog\/#organization"},"articleSection":["Aktualno\u015bci"],"inLanguage":"pl-PL"},{"@type":"WebPage","@id":"https:\/\/woblink.com\/blog\/czytaj-pl-2020-o-ksiazkach-ktore-znalazly-sie-w-akcji\/","url":"https:\/\/woblink.com\/blog\/czytaj-pl-2020-o-ksiazkach-ktore-znalazly-sie-w-akcji\/","name":"Czytaj PL 2020: O ksi\u0105\u017ckach, kt\u00f3re znalaz\u0142y si\u0119 w akcji - Woblink","isPartOf":{"@id":"https:\/\/woblink.com\/blog\/#website"},"datePublished":"2020-11-10T15:54:47+00:00","dateModified":"2020-11-10T15:54:47+00:00","breadcrumb":{"@id":"https:\/\/woblink.com\/blog\/czytaj-pl-2020-o-ksiazkach-ktore-znalazly-sie-w-akcji\/#breadcrumb"},"inLanguage":"pl-PL","potentialAction":[{"@type":"ReadAction","target":["https:\/\/woblink.com\/blog\/czytaj-pl-2020-o-ksiazkach-ktore-znalazly-sie-w-akcji\/"]}]},{"@type":"BreadcrumbList","@id":"https:\/\/woblink.com\/blog\/czytaj-pl-2020-o-ksiazkach-ktore-znalazly-sie-w-akcji\/#breadcrumb","itemListElement":[{"@type":"ListItem","position":1,"name":"Strona g\u0142\u00f3wna","item":"https:\/\/woblink.com\/blog\/"},{"@type":"ListItem","position":2,"name":"Czytaj PL 2020: O ksi\u0105\u017ckach, kt\u00f3re znalaz\u0142y si\u0119 w akcji"}]},{"@type":"WebSite","@id":"https:\/\/woblink.com\/blog\/#website","url":"https:\/\/woblink.com\/blog\/","name":"Woblink","description":"najlepszy firmowy blog o ksi\u0105\u017ckach","publisher":{"@id":"https:\/\/woblink.com\/blog\/#organization"},"potentialAction":[{"@type":"SearchAction","target":{"@type":"EntryPoint","urlTemplate":"https:\/\/woblink.com\/blog\/?s={search_term_string}"},"query-input":"required name=search_term_string"}],"inLanguage":"pl-PL"},{"@type":"Organization","@id":"https:\/\/woblink.com\/blog\/#organization","name":"Woblink","url":"https:\/\/woblink.com\/blog\/","logo":{"@type":"ImageObject","inLanguage":"pl-PL","@id":"https:\/\/woblink.com\/blog\/#\/schema\/logo\/image\/","url":"https:\/\/i0.wp.com\/woblink.com\/blog\/wp-content\/uploads\/2019\/04\/nw_logoB.png?fit=185%2C42&ssl=1","contentUrl":"https:\/\/i0.wp.com\/woblink.com\/blog\/wp-content\/uploads\/2019\/04\/nw_logoB.png?fit=185%2C42&ssl=1","width":185,"height":42,"caption":"Woblink"},"image":{"@id":"https:\/\/woblink.com\/blog\/#\/schema\/logo\/image\/"},"sameAs":["https:\/\/facebook.com\/woblink","https:\/\/twitter.com\/woblink_com","https:\/\/www.instagram.com\/woblink_com","https:\/\/www.linkedin.com\/company\/woblink\/"]},{"@type":"Person","@id":"https:\/\/woblink.com\/blog\/#\/schema\/person\/8ab6b79d64fa54209272130c4c3b1e95","name":"Redakcja Woblinka","image":{"@type":"ImageObject","inLanguage":"pl-PL","@id":"https:\/\/woblink.com\/blog\/#\/schema\/person\/image\/","url":"https:\/\/secure.gravatar.com\/avatar\/f23ae80a7c9da060bee5f8310913478b?s=96&d=mm&r=g","contentUrl":"https:\/\/secure.gravatar.com\/avatar\/f23ae80a7c9da060bee5f8310913478b?s=96&d=mm&r=g","caption":"Redakcja Woblinka"},"url":"https:\/\/woblink.com\/blog\/author\/krasny\/"}]}},"jetpack_featured_media_url":"https:\/\/i0.wp.com\/woblink.com\/blog\/wp-content\/uploads\/2020\/11\/12-tytulow-1.png?fit=1011%2C690&ssl=1","_links":{"self":[{"href":"https:\/\/woblink.com\/blog\/wp-json\/wp\/v2\/posts\/3629"}],"collection":[{"href":"https:\/\/woblink.com\/blog\/wp-json\/wp\/v2\/posts"}],"about":[{"href":"https:\/\/woblink.com\/blog\/wp-json\/wp\/v2\/types\/post"}],"author":[{"embeddable":true,"href":"https:\/\/woblink.com\/blog\/wp-json\/wp\/v2\/users\/7"}],"replies":[{"embeddable":true,"href":"https:\/\/woblink.com\/blog\/wp-json\/wp\/v2\/comments?post=3629"}],"version-history":[{"count":1,"href":"https:\/\/woblink.com\/blog\/wp-json\/wp\/v2\/posts\/3629\/revisions"}],"predecessor-version":[{"id":3631,"href":"https:\/\/woblink.com\/blog\/wp-json\/wp\/v2\/posts\/3629\/revisions\/3631"}],"wp:featuredmedia":[{"embeddable":true,"href":"https:\/\/woblink.com\/blog\/wp-json\/wp\/v2\/media\/3630"}],"wp:attachment":[{"href":"https:\/\/woblink.com\/blog\/wp-json\/wp\/v2\/media?parent=3629"}],"wp:term":[{"taxonomy":"category","embeddable":true,"href":"https:\/\/woblink.com\/blog\/wp-json\/wp\/v2\/categories?post=3629"},{"taxonomy":"post_tag","embeddable":true,"href":"https:\/\/woblink.com\/blog\/wp-json\/wp\/v2\/tags?post=3629"}],"curies":[{"name":"wp","href":"https:\/\/api.w.org\/{rel}","templated":true}]}}