{"id":3643,"date":"2020-12-01T11:15:14","date_gmt":"2020-12-01T10:15:14","guid":{"rendered":"https:\/\/woblink.com\/blog\/?p=3643"},"modified":"2020-12-01T11:16:02","modified_gmt":"2020-12-01T10:16:02","slug":"rok-2021-rokiem-stanislawa-lema","status":"publish","type":"post","link":"https:\/\/woblink.com\/blog\/rok-2021-rokiem-stanislawa-lema\/","title":{"rendered":"Rok 2021 rokiem Stanis\u0142awa Lema"},"content":{"rendered":"<p class=\"p3\"><span class=\"s1\"><b>Jeden z najwybitniejszych polskich prozaik\u00f3w, najszerzej t\u0142umaczony polski autor, wybitny mieszkaniec Krakowa zosta\u0142 w\u0142a\u015bnie uhonorowany ustaw\u0105 Sejmu RP ustanawiaj\u0105c\u0105 rok 2021 Rokiem Lema. Nie mog\u0142o by\u0107 lepszego powodu, by to w\u0142a\u015bnie Lem zosta\u0142 literackim patronem nadchodz\u0105cego roku \u2013 12 wrze\u015bnia b\u0119dziemy obchodzi\u0107 setn\u0105 rocznic\u0119 urodzin autora \u201eSolaris\u201d.<\/b><\/span><\/p>\n<p><!--more--><\/p>\n<h3><strong>Rok 2021 rokiem Stanis\u0142awa Lema<\/strong><\/h3>\n<p class=\"p3\"><span class=\"s1\">KBF \u2013 instytucja kultury miasta Krakowa, operator programu Krak\u00f3w Miasto Literatury UNESCO \u2013 wsp\u00f3lnie z Wydawnictwem Literackim i Fundacj\u0105 Instytut Polska Przysz\u0142o\u015bci im. Stanis\u0142awa Lema w marcu tego roku wystosowa\u0142 list do Marsza\u0142ek Sejmu El\u017cbiety Witek z poparciem inicjatywy uchwalenia Roku Lema. 27 listopada, wraz z przyj\u0119ciem przez Sejm RP uchwa\u0142y og\u0142aszaj\u0105cej Rok Lema, te starania doczeka\u0142y si\u0119 szcz\u0119\u015bliwego fina\u0142u. <\/span><\/p>\n<p class=\"p3\"><span class=\"s1\"><i>To najlepszy spos\u00f3b, by uczci\u0107 jubileusz przypadaj\u0105cy na przysz\u0142y rok \u2013 stulecie urodzin Stanis\u0142awa Lema. Cieszymy si\u0119, \u017ce najcz\u0119\u015bciej t\u0142umaczony polski autor, kt\u00f3rego ksi\u0105\u017cki zosta\u0142y opublikowane w 45 j\u0119zykach w milionach egzemplarzy, stanie si\u0119 patronem nie tylko tych rocznicowych dzia\u0142a\u0144, kt\u00f3re planujemy tutaj, w Krakowie \u2013 Rok Lema og\u0142oszony dzi\u015b przez Sejm RP b\u0119dzie stymulowa\u0142 przysz\u0142oroczn\u0105 scen\u0119 literack\u0105 w ca\u0142ej Polsce <\/i>\u2013 skomentowa\u0142a og\u0142oszenie Izabela B\u0142aszczyk, Dyrektor KBF. <i>Ciesz\u0119 si\u0119 z decyzji o uchwaleniu Roku Lema i mam nadziej\u0119, \u017ce dla czytelnik\u00f3w na ca\u0142ym \u015bwiecie b\u0119dzie to okazja do kolejnego bliskiego spotkania z tw\u00f3rczo\u015bci\u0105 Mistrza. Mam r\u00f3wnie\u017c przekonanie, \u017ce to spotkanie przerodzi si\u0119 w wieloletni\u0105, literack\u0105 podr\u00f3\u017c, kt\u00f3rej stacj\u0105 w\u0119z\u0142ow\u0105 b\u0119dzie otwarcie Planety Lem w Krakowie <\/i>\u2013 m\u00f3wi Wojciech Zemek, wieloletni sekretarz pisarza.<\/span><\/p>\n<figure id=\"attachment_3283\" aria-describedby=\"caption-attachment-3283\" style=\"width: 200px\" class=\"wp-caption aligncenter\"><a href=\"https:\/\/woblink.com\/ebook\/solaris-stanislaw-lem-3988u\"><img decoding=\"async\" loading=\"lazy\" class=\"wp-image-3283 size-medium\" src=\"https:\/\/i0.wp.com\/woblink.com\/blog\/wp-content\/uploads\/2020\/09\/5e8176dab63bc.jpeg?resize=200%2C300&#038;ssl=1\" alt=\"stanis\u0142aw lem promocja\" width=\"200\" height=\"300\" srcset=\"https:\/\/i0.wp.com\/woblink.com\/blog\/wp-content\/uploads\/2020\/09\/5e8176dab63bc.jpeg?resize=200%2C300&amp;ssl=1 200w, https:\/\/i0.wp.com\/woblink.com\/blog\/wp-content\/uploads\/2020\/09\/5e8176dab63bc.jpeg?w=480&amp;ssl=1 480w\" sizes=\"(max-width: 200px) 100vw, 200px\" data-recalc-dims=\"1\" \/><\/a><figcaption id=\"caption-attachment-3283\" class=\"wp-caption-text\"><center><strong>Kup <a href=\"https:\/\/woblink.com\/ebook\/solaris-stanislaw-lem-3988u\">ebooka<\/a> na Woblink.com<\/strong><\/center><\/figcaption><\/figure>\n<h3><strong>Krak\u00f3w Miasto Literatury UNESCO i Rok Stanis\u0142awa Lema<\/strong><\/h3>\n<p class=\"p3\"><span class=\"s1\">Krak\u00f3w Miasto Literatury UNESCO przygotowuje si\u0119 do Roku Stanis\u0142awa Lema ju\u017c od kilku lat. Dzieje si\u0119 tak za spraw\u0105 dzia\u0142a\u0144 podj\u0119tych na rzecz budowy Planety Lem oraz corocznie organizowanych obchod\u00f3w urodzin pisarza. Centrum Literatury i J\u0119zyka Planeta Lem jest pierwsz\u0105 tego typu inwestycj\u0105 w Polsce \u2013 to po\u0142\u0105czenie wielofunkcjonalnego centrum literackiego z nowoczesn\u0105 przestrzeni\u0105 ekspozycyjn\u0105. Pracownia projektowa JEMS Architekci przygotowa\u0142a ju\u017c koncepcj\u0119 wielobran\u017cow\u0105 przysz\u0142ego centrum, a w tym momencie opracowywana jest pe\u0142na dokumentacja architektoniczno-budowlana. W przysz\u0142ym roku planowane jest pozyskanie pozwolenia na budow\u0119, co umo\u017cliwi rozpocz\u0119cie procedury zam\u00f3wienia na roboty budowlane. Do momentu powstania Planety Lem inkubatorem pomys\u0142\u00f3w na prowadzenie nowego centrum literackiego zostanie Pa\u0142ac Potockich, w kt\u00f3rym od przysz\u0142ego roku b\u0119dzie realizowany program Krakowa Miasta Literatury UNESCO.<\/span><\/p>\n<blockquote class=\"wp-embedded-content\" data-secret=\"66BpI2Yn9H\"><p><a href=\"https:\/\/woblink.com\/blog\/stanislaw-lem-5-ksiazek-ktore-musisz-przeczytac\/\">Stanis\u0142aw Lem \u2013 5 ksi\u0105\u017cek, kt\u00f3re musisz przeczyta\u0107<\/a><\/p><\/blockquote>\n<p><iframe class=\"wp-embedded-content\" sandbox=\"allow-scripts\" security=\"restricted\" style=\"position: absolute; clip: rect(1px, 1px, 1px, 1px);\" title=\"&#8222;Stanis\u0142aw Lem \u2013 5 ksi\u0105\u017cek, kt\u00f3re musisz przeczyta\u0107&#8221; &#8212; Woblink\" src=\"https:\/\/woblink.com\/blog\/stanislaw-lem-5-ksiazek-ktore-musisz-przeczytac\/embed\/#?secret=66BpI2Yn9H\" data-secret=\"66BpI2Yn9H\" width=\"500\" height=\"282\" frameborder=\"0\" marginwidth=\"0\" marginheight=\"0\" scrolling=\"no\"><\/iframe><\/p>\n<h3><strong>Obchody Roku Lema w Krakowie<\/strong><\/h3>\n<p class=\"p3\"><span class=\"s1\">Krakowskie obchody Roku Lema zapowiadaj\u0105 si\u0119 bardzo r\u00f3\u017cnorodnie. G\u0142\u00f3wnym wydarzeniem b\u0119d\u0105 same urodziny pisarza, kt\u00f3re w 2021 roku odb\u0119d\u0105 si\u0119 w dniach 12-14 wrze\u015bnia w Centrum Kongresowym ICE Krak\u00f3w. Stanis\u0142aw Lem b\u0119dzie te\u017c bohaterem licznych tradycyjnych wydarze\u0144, od Festiwalu Literatury dla Dzieci po Festiwal Sacrum Profanum. Posta\u0107 i tw\u00f3rczo\u015b\u0107 Lema znajd\u0105 swoje miejsce a to na deskach teatr\u00f3w, a to w utworach muzycznych, na sympozjach i konferencjach planowanych na ten rok, a kontekst programu uzupe\u0142ni\u0105 ksi\u0105\u017cki, kt\u00f3rych huczne premiery planuje Wydawnictwo Literackie.<\/span><\/p>\n<figure id=\"attachment_3281\" aria-describedby=\"caption-attachment-3281\" style=\"width: 200px\" class=\"wp-caption aligncenter\"><a href=\"https:\/\/woblink.com\/ebook\/kongres-futurologiczny-stanislaw-lem-3987u\"><img decoding=\"async\" loading=\"lazy\" class=\"wp-image-3281 size-medium\" src=\"https:\/\/i0.wp.com\/woblink.com\/blog\/wp-content\/uploads\/2020\/09\/5e8176d6ea7d5.jpeg?resize=200%2C300&#038;ssl=1\" alt=\"Stanis\u0142aw Lem kongres futurologiczny promocja cyfrant\" width=\"200\" height=\"300\" srcset=\"https:\/\/i0.wp.com\/woblink.com\/blog\/wp-content\/uploads\/2020\/09\/5e8176d6ea7d5.jpeg?resize=200%2C300&amp;ssl=1 200w, https:\/\/i0.wp.com\/woblink.com\/blog\/wp-content\/uploads\/2020\/09\/5e8176d6ea7d5.jpeg?w=480&amp;ssl=1 480w\" sizes=\"(max-width: 200px) 100vw, 200px\" data-recalc-dims=\"1\" \/><\/a><figcaption id=\"caption-attachment-3281\" class=\"wp-caption-text\"><center><strong>Kup <a href=\"https:\/\/woblink.com\/ebook\/kongres-futurologiczny-stanislaw-lem-3987u\">ebooka<\/a> na Woblink.com<\/strong><\/center><\/figcaption><\/figure>\n<h3>\u00a0<strong>100 rocznica urodzin Stanis\u0142awa Lema<\/strong><\/h3>\n<p class=\"p3\"><span class=\"s1\">Wszystkie wydarzenia po\u015bwi\u0119cone 100. rocznicy urodzin Stanis\u0142awa Lema b\u0119d\u0105 zbierane w specjalnym serwisie roklema.pl. Znajd\u0105 si\u0119 w nim te\u017c zapowiedzi nowych wyda\u0144 ksi\u0105\u017cek i niepublikowane wcze\u015bniej materia\u0142y, a tak\u017ce konkursy z nagrodami. Strona roklema.pl stanie si\u0119 najlepszym \u017ar\u00f3d\u0142em wiedzy o tym, jak i gdzie \u015bwi\u0119towa\u0107 urodziny polskiego tw\u00f3rcy \u2013 wielkiej postaci literatury XX wieku. Serwis b\u0119dzie prowadzony przez portal lem.pl z udzia\u0142em partner\u00f3w realizuj\u0105cych lemowskie programy, w tym Wydawnictwa Literackiego, Instytutu Adama Mickiewicza, Instytutu Polska Przysz\u0142o\u015bci im. Stanis\u0142awa Lema i KBF.<\/span><\/p>\n","protected":false},"excerpt":{"rendered":"<p>Jeden z najwybitniejszych polskich prozaik\u00f3w, najszerzej t\u0142umaczony polski autor, wybitny mieszkaniec Krakowa zosta\u0142 w\u0142a\u015bnie uhonorowany ustaw\u0105 Sejmu RP ustanawiaj\u0105c\u0105 rok 2021 Rokiem Lema. Nie mog\u0142o by\u0107 lepszego powodu, by to w\u0142a\u015bnie Lem zosta\u0142 literackim patronem nadchodz\u0105cego roku \u2013 12 wrze\u015bnia b\u0119dziemy obchodzi\u0107 setn\u0105 rocznic\u0119 urodzin&#8230;<\/p>\n","protected":false},"author":7,"featured_media":3645,"comment_status":"closed","ping_status":"open","sticky":false,"template":"","format":"standard","meta":[],"categories":[87,80,72],"tags":[],"yoast_head":"<!-- This site is optimized with the Yoast SEO plugin v20.11 - https:\/\/yoast.com\/wordpress\/plugins\/seo\/ -->\n<title>Rok 2021 rokiem Stanis\u0142awa Lema - Woblink<\/title>\n<meta name=\"description\" content=\"Jeden z najwybitniejszych polskich prozaik\u00f3w, najszerzej t\u0142umaczony polski autor zosta\u0142 uhonorowany ustaw\u0105 ustanawiaj\u0105c\u0105 rok 2021 Rokiem Stanis\u0142awa Lema.\" \/>\n<meta name=\"robots\" content=\"index, follow, max-snippet:-1, max-image-preview:large, max-video-preview:-1\" \/>\n<link rel=\"canonical\" href=\"https:\/\/woblink.com\/blog\/rok-2021-rokiem-stanislawa-lema\/\" \/>\n<meta property=\"og:locale\" content=\"pl_PL\" \/>\n<meta property=\"og:type\" content=\"article\" \/>\n<meta property=\"og:title\" content=\"Rok 2021 rokiem Stanis\u0142awa Lema - Woblink\" \/>\n<meta property=\"og:description\" content=\"Jeden z najwybitniejszych polskich prozaik\u00f3w, najszerzej t\u0142umaczony polski autor zosta\u0142 uhonorowany ustaw\u0105 ustanawiaj\u0105c\u0105 rok 2021 Rokiem Stanis\u0142awa Lema.\" \/>\n<meta property=\"og:url\" content=\"https:\/\/woblink.com\/blog\/rok-2021-rokiem-stanislawa-lema\/\" \/>\n<meta property=\"og:site_name\" content=\"Woblink\" \/>\n<meta property=\"article:publisher\" content=\"https:\/\/facebook.com\/woblink\" \/>\n<meta property=\"article:published_time\" content=\"2020-12-01T10:15:14+00:00\" \/>\n<meta property=\"article:modified_time\" content=\"2020-12-01T10:16:02+00:00\" \/>\n<meta property=\"og:image\" content=\"https:\/\/i0.wp.com\/woblink.com\/blog\/wp-content\/uploads\/2020\/12\/LEM-ZDJECIE_HD.jpg?fit=1080%2C608&ssl=1\" \/>\n\t<meta property=\"og:image:width\" content=\"1080\" \/>\n\t<meta property=\"og:image:height\" content=\"608\" \/>\n\t<meta property=\"og:image:type\" content=\"image\/jpeg\" \/>\n<meta name=\"author\" content=\"Redakcja Woblinka\" \/>\n<meta name=\"twitter:card\" content=\"summary_large_image\" \/>\n<meta name=\"twitter:creator\" content=\"@woblink_com\" \/>\n<meta name=\"twitter:site\" content=\"@woblink_com\" \/>\n<meta name=\"twitter:label1\" content=\"Napisane przez\" \/>\n\t<meta name=\"twitter:data1\" content=\"Redakcja Woblinka\" \/>\n\t<meta name=\"twitter:label2\" content=\"Szacowany czas czytania\" \/>\n\t<meta name=\"twitter:data2\" content=\"3 minuty\" \/>\n<script type=\"application\/ld+json\" class=\"yoast-schema-graph\">{\"@context\":\"https:\/\/schema.org\",\"@graph\":[{\"@type\":\"Article\",\"@id\":\"https:\/\/woblink.com\/blog\/rok-2021-rokiem-stanislawa-lema\/#article\",\"isPartOf\":{\"@id\":\"https:\/\/woblink.com\/blog\/rok-2021-rokiem-stanislawa-lema\/\"},\"author\":{\"name\":\"Redakcja Woblinka\",\"@id\":\"https:\/\/woblink.com\/blog\/#\/schema\/person\/8ab6b79d64fa54209272130c4c3b1e95\"},\"headline\":\"Rok 2021 rokiem Stanis\u0142awa Lema\",\"datePublished\":\"2020-12-01T10:15:14+00:00\",\"dateModified\":\"2020-12-01T10:16:02+00:00\",\"mainEntityOfPage\":{\"@id\":\"https:\/\/woblink.com\/blog\/rok-2021-rokiem-stanislawa-lema\/\"},\"wordCount\":667,\"publisher\":{\"@id\":\"https:\/\/woblink.com\/blog\/#organization\"},\"articleSection\":[\"Aktualno\u015bci\",\"O ksi\u0105\u017ckach\",\"Recenzje ksi\u0105\u017cek\"],\"inLanguage\":\"pl-PL\"},{\"@type\":\"WebPage\",\"@id\":\"https:\/\/woblink.com\/blog\/rok-2021-rokiem-stanislawa-lema\/\",\"url\":\"https:\/\/woblink.com\/blog\/rok-2021-rokiem-stanislawa-lema\/\",\"name\":\"Rok 2021 rokiem Stanis\u0142awa Lema - Woblink\",\"isPartOf\":{\"@id\":\"https:\/\/woblink.com\/blog\/#website\"},\"datePublished\":\"2020-12-01T10:15:14+00:00\",\"dateModified\":\"2020-12-01T10:16:02+00:00\",\"description\":\"Jeden z najwybitniejszych polskich prozaik\u00f3w, najszerzej t\u0142umaczony polski autor zosta\u0142 uhonorowany ustaw\u0105 ustanawiaj\u0105c\u0105 rok 2021 Rokiem Stanis\u0142awa Lema.\",\"breadcrumb\":{\"@id\":\"https:\/\/woblink.com\/blog\/rok-2021-rokiem-stanislawa-lema\/#breadcrumb\"},\"inLanguage\":\"pl-PL\",\"potentialAction\":[{\"@type\":\"ReadAction\",\"target\":[\"https:\/\/woblink.com\/blog\/rok-2021-rokiem-stanislawa-lema\/\"]}]},{\"@type\":\"BreadcrumbList\",\"@id\":\"https:\/\/woblink.com\/blog\/rok-2021-rokiem-stanislawa-lema\/#breadcrumb\",\"itemListElement\":[{\"@type\":\"ListItem\",\"position\":1,\"name\":\"Strona g\u0142\u00f3wna\",\"item\":\"https:\/\/woblink.com\/blog\/\"},{\"@type\":\"ListItem\",\"position\":2,\"name\":\"Rok 2021 rokiem Stanis\u0142awa Lema\"}]},{\"@type\":\"WebSite\",\"@id\":\"https:\/\/woblink.com\/blog\/#website\",\"url\":\"https:\/\/woblink.com\/blog\/\",\"name\":\"Woblink\",\"description\":\"najlepszy firmowy blog o ksi\u0105\u017ckach\",\"publisher\":{\"@id\":\"https:\/\/woblink.com\/blog\/#organization\"},\"potentialAction\":[{\"@type\":\"SearchAction\",\"target\":{\"@type\":\"EntryPoint\",\"urlTemplate\":\"https:\/\/woblink.com\/blog\/?s={search_term_string}\"},\"query-input\":\"required name=search_term_string\"}],\"inLanguage\":\"pl-PL\"},{\"@type\":\"Organization\",\"@id\":\"https:\/\/woblink.com\/blog\/#organization\",\"name\":\"Woblink\",\"url\":\"https:\/\/woblink.com\/blog\/\",\"logo\":{\"@type\":\"ImageObject\",\"inLanguage\":\"pl-PL\",\"@id\":\"https:\/\/woblink.com\/blog\/#\/schema\/logo\/image\/\",\"url\":\"https:\/\/i0.wp.com\/woblink.com\/blog\/wp-content\/uploads\/2019\/04\/nw_logoB.png?fit=185%2C42&ssl=1\",\"contentUrl\":\"https:\/\/i0.wp.com\/woblink.com\/blog\/wp-content\/uploads\/2019\/04\/nw_logoB.png?fit=185%2C42&ssl=1\",\"width\":185,\"height\":42,\"caption\":\"Woblink\"},\"image\":{\"@id\":\"https:\/\/woblink.com\/blog\/#\/schema\/logo\/image\/\"},\"sameAs\":[\"https:\/\/facebook.com\/woblink\",\"https:\/\/twitter.com\/woblink_com\",\"https:\/\/www.instagram.com\/woblink_com\",\"https:\/\/www.linkedin.com\/company\/woblink\/\"]},{\"@type\":\"Person\",\"@id\":\"https:\/\/woblink.com\/blog\/#\/schema\/person\/8ab6b79d64fa54209272130c4c3b1e95\",\"name\":\"Redakcja Woblinka\",\"image\":{\"@type\":\"ImageObject\",\"inLanguage\":\"pl-PL\",\"@id\":\"https:\/\/woblink.com\/blog\/#\/schema\/person\/image\/\",\"url\":\"https:\/\/secure.gravatar.com\/avatar\/f23ae80a7c9da060bee5f8310913478b?s=96&d=mm&r=g\",\"contentUrl\":\"https:\/\/secure.gravatar.com\/avatar\/f23ae80a7c9da060bee5f8310913478b?s=96&d=mm&r=g\",\"caption\":\"Redakcja Woblinka\"},\"url\":\"https:\/\/woblink.com\/blog\/author\/krasny\/\"}]}<\/script>\n<!-- \/ Yoast SEO plugin. -->","yoast_head_json":{"title":"Rok 2021 rokiem Stanis\u0142awa Lema - Woblink","description":"Jeden z najwybitniejszych polskich prozaik\u00f3w, najszerzej t\u0142umaczony polski autor zosta\u0142 uhonorowany ustaw\u0105 ustanawiaj\u0105c\u0105 rok 2021 Rokiem Stanis\u0142awa Lema.","robots":{"index":"index","follow":"follow","max-snippet":"max-snippet:-1","max-image-preview":"max-image-preview:large","max-video-preview":"max-video-preview:-1"},"canonical":"https:\/\/woblink.com\/blog\/rok-2021-rokiem-stanislawa-lema\/","og_locale":"pl_PL","og_type":"article","og_title":"Rok 2021 rokiem Stanis\u0142awa Lema - Woblink","og_description":"Jeden z najwybitniejszych polskich prozaik\u00f3w, najszerzej t\u0142umaczony polski autor zosta\u0142 uhonorowany ustaw\u0105 ustanawiaj\u0105c\u0105 rok 2021 Rokiem Stanis\u0142awa Lema.","og_url":"https:\/\/woblink.com\/blog\/rok-2021-rokiem-stanislawa-lema\/","og_site_name":"Woblink","article_publisher":"https:\/\/facebook.com\/woblink","article_published_time":"2020-12-01T10:15:14+00:00","article_modified_time":"2020-12-01T10:16:02+00:00","og_image":[{"width":1080,"height":608,"url":"https:\/\/i0.wp.com\/woblink.com\/blog\/wp-content\/uploads\/2020\/12\/LEM-ZDJECIE_HD.jpg?fit=1080%2C608&ssl=1","type":"image\/jpeg"}],"author":"Redakcja Woblinka","twitter_card":"summary_large_image","twitter_creator":"@woblink_com","twitter_site":"@woblink_com","twitter_misc":{"Napisane przez":"Redakcja Woblinka","Szacowany czas czytania":"3 minuty"},"schema":{"@context":"https:\/\/schema.org","@graph":[{"@type":"Article","@id":"https:\/\/woblink.com\/blog\/rok-2021-rokiem-stanislawa-lema\/#article","isPartOf":{"@id":"https:\/\/woblink.com\/blog\/rok-2021-rokiem-stanislawa-lema\/"},"author":{"name":"Redakcja Woblinka","@id":"https:\/\/woblink.com\/blog\/#\/schema\/person\/8ab6b79d64fa54209272130c4c3b1e95"},"headline":"Rok 2021 rokiem Stanis\u0142awa Lema","datePublished":"2020-12-01T10:15:14+00:00","dateModified":"2020-12-01T10:16:02+00:00","mainEntityOfPage":{"@id":"https:\/\/woblink.com\/blog\/rok-2021-rokiem-stanislawa-lema\/"},"wordCount":667,"publisher":{"@id":"https:\/\/woblink.com\/blog\/#organization"},"articleSection":["Aktualno\u015bci","O ksi\u0105\u017ckach","Recenzje ksi\u0105\u017cek"],"inLanguage":"pl-PL"},{"@type":"WebPage","@id":"https:\/\/woblink.com\/blog\/rok-2021-rokiem-stanislawa-lema\/","url":"https:\/\/woblink.com\/blog\/rok-2021-rokiem-stanislawa-lema\/","name":"Rok 2021 rokiem Stanis\u0142awa Lema - Woblink","isPartOf":{"@id":"https:\/\/woblink.com\/blog\/#website"},"datePublished":"2020-12-01T10:15:14+00:00","dateModified":"2020-12-01T10:16:02+00:00","description":"Jeden z najwybitniejszych polskich prozaik\u00f3w, najszerzej t\u0142umaczony polski autor zosta\u0142 uhonorowany ustaw\u0105 ustanawiaj\u0105c\u0105 rok 2021 Rokiem Stanis\u0142awa Lema.","breadcrumb":{"@id":"https:\/\/woblink.com\/blog\/rok-2021-rokiem-stanislawa-lema\/#breadcrumb"},"inLanguage":"pl-PL","potentialAction":[{"@type":"ReadAction","target":["https:\/\/woblink.com\/blog\/rok-2021-rokiem-stanislawa-lema\/"]}]},{"@type":"BreadcrumbList","@id":"https:\/\/woblink.com\/blog\/rok-2021-rokiem-stanislawa-lema\/#breadcrumb","itemListElement":[{"@type":"ListItem","position":1,"name":"Strona g\u0142\u00f3wna","item":"https:\/\/woblink.com\/blog\/"},{"@type":"ListItem","position":2,"name":"Rok 2021 rokiem Stanis\u0142awa Lema"}]},{"@type":"WebSite","@id":"https:\/\/woblink.com\/blog\/#website","url":"https:\/\/woblink.com\/blog\/","name":"Woblink","description":"najlepszy firmowy blog o ksi\u0105\u017ckach","publisher":{"@id":"https:\/\/woblink.com\/blog\/#organization"},"potentialAction":[{"@type":"SearchAction","target":{"@type":"EntryPoint","urlTemplate":"https:\/\/woblink.com\/blog\/?s={search_term_string}"},"query-input":"required name=search_term_string"}],"inLanguage":"pl-PL"},{"@type":"Organization","@id":"https:\/\/woblink.com\/blog\/#organization","name":"Woblink","url":"https:\/\/woblink.com\/blog\/","logo":{"@type":"ImageObject","inLanguage":"pl-PL","@id":"https:\/\/woblink.com\/blog\/#\/schema\/logo\/image\/","url":"https:\/\/i0.wp.com\/woblink.com\/blog\/wp-content\/uploads\/2019\/04\/nw_logoB.png?fit=185%2C42&ssl=1","contentUrl":"https:\/\/i0.wp.com\/woblink.com\/blog\/wp-content\/uploads\/2019\/04\/nw_logoB.png?fit=185%2C42&ssl=1","width":185,"height":42,"caption":"Woblink"},"image":{"@id":"https:\/\/woblink.com\/blog\/#\/schema\/logo\/image\/"},"sameAs":["https:\/\/facebook.com\/woblink","https:\/\/twitter.com\/woblink_com","https:\/\/www.instagram.com\/woblink_com","https:\/\/www.linkedin.com\/company\/woblink\/"]},{"@type":"Person","@id":"https:\/\/woblink.com\/blog\/#\/schema\/person\/8ab6b79d64fa54209272130c4c3b1e95","name":"Redakcja Woblinka","image":{"@type":"ImageObject","inLanguage":"pl-PL","@id":"https:\/\/woblink.com\/blog\/#\/schema\/person\/image\/","url":"https:\/\/secure.gravatar.com\/avatar\/f23ae80a7c9da060bee5f8310913478b?s=96&d=mm&r=g","contentUrl":"https:\/\/secure.gravatar.com\/avatar\/f23ae80a7c9da060bee5f8310913478b?s=96&d=mm&r=g","caption":"Redakcja Woblinka"},"url":"https:\/\/woblink.com\/blog\/author\/krasny\/"}]}},"jetpack_featured_media_url":"https:\/\/i0.wp.com\/woblink.com\/blog\/wp-content\/uploads\/2020\/12\/LEM-ZDJECIE_HD.jpg?fit=1080%2C608&ssl=1","_links":{"self":[{"href":"https:\/\/woblink.com\/blog\/wp-json\/wp\/v2\/posts\/3643"}],"collection":[{"href":"https:\/\/woblink.com\/blog\/wp-json\/wp\/v2\/posts"}],"about":[{"href":"https:\/\/woblink.com\/blog\/wp-json\/wp\/v2\/types\/post"}],"author":[{"embeddable":true,"href":"https:\/\/woblink.com\/blog\/wp-json\/wp\/v2\/users\/7"}],"replies":[{"embeddable":true,"href":"https:\/\/woblink.com\/blog\/wp-json\/wp\/v2\/comments?post=3643"}],"version-history":[{"count":2,"href":"https:\/\/woblink.com\/blog\/wp-json\/wp\/v2\/posts\/3643\/revisions"}],"predecessor-version":[{"id":3648,"href":"https:\/\/woblink.com\/blog\/wp-json\/wp\/v2\/posts\/3643\/revisions\/3648"}],"wp:featuredmedia":[{"embeddable":true,"href":"https:\/\/woblink.com\/blog\/wp-json\/wp\/v2\/media\/3645"}],"wp:attachment":[{"href":"https:\/\/woblink.com\/blog\/wp-json\/wp\/v2\/media?parent=3643"}],"wp:term":[{"taxonomy":"category","embeddable":true,"href":"https:\/\/woblink.com\/blog\/wp-json\/wp\/v2\/categories?post=3643"},{"taxonomy":"post_tag","embeddable":true,"href":"https:\/\/woblink.com\/blog\/wp-json\/wp\/v2\/tags?post=3643"}],"curies":[{"name":"wp","href":"https:\/\/api.w.org\/{rel}","templated":true}]}}