{"id":3988,"date":"2021-01-28T12:13:53","date_gmt":"2021-01-28T11:13:53","guid":{"rendered":"https:\/\/woblink.com\/blog\/?p=3988"},"modified":"2021-01-28T12:14:35","modified_gmt":"2021-01-28T11:14:35","slug":"najciekawsze-ebookowe-premiery-styczen-2021","status":"publish","type":"post","link":"https:\/\/woblink.com\/blog\/najciekawsze-ebookowe-premiery-styczen-2021\/","title":{"rendered":"Najciekawsze ebookowe premiery \u2013 stycze\u0144 2021"},"content":{"rendered":"<p><strong>Nowe powie\u015bci Mai Lunde, Remigiusza Mroza, J\u0119drzeja Pasierskiego oraz JP Delaney. Kolejny poradnik bestsellerowej autorki Stefanie Stahl i pasjonuj\u0105ce reporta\u017ce Wydawnictwa Czarne. A to tylko wierzcho\u0142ek g\u00f3ry wartych uwagi premier, jakie przyni\u00f3s\u0142 nam pocz\u0105tek 2021 roku. Oto najciekawsze ebookowe premiery \u2013 stycze\u0144 2021!<\/strong><\/p>\n<p><!--more--><\/p>\n<h2 style=\"text-align: center;\">Najciekawsze ebookowe premiery \u2013 stycze\u0144 2021<\/h2>\n<h3 style=\"text-align: center;\"><strong>13 stycznia 2021<\/strong><\/h3>\n<h3>Ostatni \u2013 Maja Lunde, t\u0142um. Mateusz Topa<br \/>\nWydawnictwo Literackie<\/h3>\n<p>\u201eOstatni\u201d to trzecia cz\u0119\u015b\u0107 klimatycznej tetralogii Mai Lunde po\u015bwi\u0119conej zmianom klimatycznym i z\u0142ej kondycji planety. Podobnie jak w poprzednich powie\u015bciach nale\u017c\u0105cych do bestsellerowej serii, autorka przedstawia histori\u0119 na trzech p\u0142aszczyznach czasowych. Tym razem Lunde przenosi czytelnik\u00f3w do Sankt Petersburga (1881 rok), Mongolii (1992 rok) oraz Norwegii (2064 rok).<\/p>\n<figure id=\"attachment_3993\" aria-describedby=\"caption-attachment-3993\" style=\"width: 192px\" class=\"wp-caption aligncenter\"><a href=\"https:\/\/woblink.com\/ebook\/ostatni-maja-lunde-203558u\"><img decoding=\"async\" loading=\"lazy\" class=\"wp-image-3993 size-medium\" src=\"https:\/\/i0.wp.com\/woblink.com\/blog\/wp-content\/uploads\/2021\/01\/6008c42152dbc.jpeg?resize=192%2C300&#038;ssl=1\" alt=\"\" width=\"192\" height=\"300\" srcset=\"https:\/\/i0.wp.com\/woblink.com\/blog\/wp-content\/uploads\/2021\/01\/6008c42152dbc.jpeg?resize=192%2C300&amp;ssl=1 192w, https:\/\/i0.wp.com\/woblink.com\/blog\/wp-content\/uploads\/2021\/01\/6008c42152dbc.jpeg?w=547&amp;ssl=1 547w\" sizes=\"(max-width: 192px) 100vw, 192px\" data-recalc-dims=\"1\" \/><\/a><figcaption id=\"caption-attachment-3993\" class=\"wp-caption-text\"><center><strong>Kup <a href=\"https:\/\/woblink.com\/ebook\/ostatni-maja-lunde-203558u\">ebooka<\/a> na Woblink.com<\/strong><\/center><\/figcaption><\/figure>\n<h3>Halibut na Ksi\u0119\u017cycu \u2013 David Vann, t\u0142um. Dobromi\u0142y Jankowskiej<br \/>\nWydawnictwo Pauza<\/h3>\n<p>Ksi\u0105\u017cka \u201eHalibut na Ksi\u0119\u017cycu\u201d ukaza\u0142a si\u0119 dziesi\u0119\u0107 lat po \u201eLegendzie o samob\u00f3jstwie\u201d. To swego rodzaju odpowied\u017a autora na samob\u00f3jstwo ojca. David Vann kre\u015bli ponur\u0105 rzeczywisto\u015b\u0107 cz\u0142owieka mierz\u0105cego si\u0119 z traum\u0105 i opowiada o poczuciu beznadziei, trudnych relacjach rodzinnych oraz poszukiwaniu blisko\u015bci.<\/p>\n<figure id=\"attachment_3994\" aria-describedby=\"caption-attachment-3994\" style=\"width: 216px\" class=\"wp-caption aligncenter\"><a href=\"https:\/\/woblink.com\/ebook\/halibut-na-ksiezycu-dobromila-jankowska-david-vann-ewa-pawlowska-204727u\"><img decoding=\"async\" loading=\"lazy\" class=\"wp-image-3994 size-medium\" src=\"https:\/\/i0.wp.com\/woblink.com\/blog\/wp-content\/uploads\/2021\/01\/5ffec11e987c4.jpeg?resize=216%2C300&#038;ssl=1\" alt=\"\" width=\"216\" height=\"300\" srcset=\"https:\/\/i0.wp.com\/woblink.com\/blog\/wp-content\/uploads\/2021\/01\/5ffec11e987c4.jpeg?resize=216%2C300&amp;ssl=1 216w, https:\/\/i0.wp.com\/woblink.com\/blog\/wp-content\/uploads\/2021\/01\/5ffec11e987c4.jpeg?w=570&amp;ssl=1 570w\" sizes=\"(max-width: 216px) 100vw, 216px\" data-recalc-dims=\"1\" \/><\/a><figcaption id=\"caption-attachment-3994\" class=\"wp-caption-text\"><center><strong>Kup <a href=\"https:\/\/woblink.com\/ebook\/halibut-na-ksiezycu-dobromila-jankowska-david-vann-ewa-pawlowska-204727u\">ebooka<\/a> na Woblink.com<\/strong><\/center><\/figcaption><\/figure>\n<h3>Harald. Czterdzie\u015bci lat na Spitsbergenie \u2013 Birger Amundsen, t\u0142um. Karolina Drozdowska<br \/>\nWydawnictwo Czarne<\/h3>\n<p>Tytu\u0142owy Harald Soleim to g\u0142\u00f3wny bohater reporta\u017cu Birgera Amundsena. W 1977 roku trafi\u0142 na Svalbard, gdzie zamierza\u0142 zosta\u0107 na rok, a potem wyruszy\u0107 w podr\u00f3\u017c po Ameryce Po\u0142udniowej. Nieoczekiwanie Spitsbergen sta\u0142 si\u0119 jego domem na kolejne czterdzie\u015bci lat.<\/p>\n<figure id=\"attachment_3995\" aria-describedby=\"caption-attachment-3995\" style=\"width: 187px\" class=\"wp-caption aligncenter\"><a href=\"https:\/\/woblink.com\/ebook\/harald-amundsen-birger-203596u\"><img decoding=\"async\" loading=\"lazy\" class=\"wp-image-3995 size-medium\" src=\"https:\/\/i0.wp.com\/woblink.com\/blog\/wp-content\/uploads\/2021\/01\/5ffed561b9a5a.jpeg?resize=187%2C300&#038;ssl=1\" alt=\"\" width=\"187\" height=\"300\" srcset=\"https:\/\/i0.wp.com\/woblink.com\/blog\/wp-content\/uploads\/2021\/01\/5ffed561b9a5a.jpeg?resize=187%2C300&amp;ssl=1 187w, https:\/\/i0.wp.com\/woblink.com\/blog\/wp-content\/uploads\/2021\/01\/5ffed561b9a5a.jpeg?w=532&amp;ssl=1 532w\" sizes=\"(max-width: 187px) 100vw, 187px\" data-recalc-dims=\"1\" \/><\/a><figcaption id=\"caption-attachment-3995\" class=\"wp-caption-text\"><center><strong>Kup <a href=\"https:\/\/woblink.com\/ebook\/harald-amundsen-birger-203596u\">ebooka<\/a> na Woblink.com<\/strong><\/center><\/figcaption><\/figure>\n<h3>Trans. Wyznania anarchistki, kt\u00f3ra zdradzi\u0142a punk rocka \u2013 Laura Jane Grace, Dan Ozzi, t\u0142um. Rafa\u0142 Lisowski<br \/>\nWydawnictwo Czarne<\/h3>\n<p>\u201eTrans\u201d \u2013 najnowszy tytu\u0142 w kultowej Serii Ameryka\u0144skiej Wydawnictwa Czarnego. To autobiograficzna historia gitarzystki i wokalistki punkrockowego zespo\u0142u Against Me!, Laury Jane Grace b\u0119d\u0105ca opowie\u015bci\u0105 o poszukiwaniu to\u017csamo\u015bci, buncie i ameryka\u0144skich punkowcach.<\/p>\n<figure id=\"attachment_3996\" aria-describedby=\"caption-attachment-3996\" style=\"width: 187px\" class=\"wp-caption aligncenter\"><a href=\"https:\/\/woblink.com\/ebook\/trans-dan-ozzi-laura-jane-grace-203236u\"><img decoding=\"async\" loading=\"lazy\" class=\"wp-image-3996 size-medium\" src=\"https:\/\/i0.wp.com\/woblink.com\/blog\/wp-content\/uploads\/2021\/01\/5ffe397092c6a.jpeg?resize=187%2C300&#038;ssl=1\" alt=\"\" width=\"187\" height=\"300\" srcset=\"https:\/\/i0.wp.com\/woblink.com\/blog\/wp-content\/uploads\/2021\/01\/5ffe397092c6a.jpeg?resize=187%2C300&amp;ssl=1 187w, https:\/\/i0.wp.com\/woblink.com\/blog\/wp-content\/uploads\/2021\/01\/5ffe397092c6a.jpeg?w=532&amp;ssl=1 532w\" sizes=\"(max-width: 187px) 100vw, 187px\" data-recalc-dims=\"1\" \/><\/a><figcaption id=\"caption-attachment-3996\" class=\"wp-caption-text\"><center><strong>Kup <a href=\"https:\/\/woblink.com\/ebook\/trans-dan-ozzi-laura-jane-grace-203236u\">ebooka<\/a> na Woblink.com<\/strong><\/center><\/figcaption><\/figure>\n<h3>Jak nie ba\u0107 si\u0119 blisko\u015bci? O budowaniu dobrych wi\u0119zi \u2013 Stefanie Stahl, t\u0142um. Sylwia Mi\u0142kowska, Marta Ksi\u0105\u017ckiewicz<br \/>\nWydawnictwo Otwarte<\/h3>\n<p>\u201eJak nie ba\u0107 si\u0119 blisko\u015bci?\u201d to kolejny poradnik Stefanie Stahl, autorki takich bestseller\u00f3w jak \u201eKochaj najlepiej, jak potrafisz\u201d i \u201eOdkryj swoje wewn\u0119trzne dziecko\u201d. Tym razem Stahl podpowiada jak zbudowa\u0107 szcz\u0119\u015bliwy, satysfakcjonuj\u0105cy zwi\u0105zek i dobre relacje z bliskimi osobami.<\/p>\n<figure id=\"attachment_3997\" aria-describedby=\"caption-attachment-3997\" style=\"width: 199px\" class=\"wp-caption aligncenter\"><a href=\"https:\/\/woblink.com\/ebook\/jak-nie-ba-c-sie-blisko-sci-o-budowaniu-dobrych-wiezi-stefanie-stahl-marta-ksiazkiewicz-sylwia-milkowska-204172u\"><img decoding=\"async\" loading=\"lazy\" class=\"wp-image-3997 size-medium\" src=\"https:\/\/i0.wp.com\/woblink.com\/blog\/wp-content\/uploads\/2021\/01\/5ff23ae5717ba.jpeg?resize=199%2C300&#038;ssl=1\" alt=\"\" width=\"199\" height=\"300\" srcset=\"https:\/\/i0.wp.com\/woblink.com\/blog\/wp-content\/uploads\/2021\/01\/5ff23ae5717ba.jpeg?resize=199%2C300&amp;ssl=1 199w, https:\/\/i0.wp.com\/woblink.com\/blog\/wp-content\/uploads\/2021\/01\/5ff23ae5717ba.jpeg?w=568&amp;ssl=1 568w\" sizes=\"(max-width: 199px) 100vw, 199px\" data-recalc-dims=\"1\" \/><\/a><figcaption id=\"caption-attachment-3997\" class=\"wp-caption-text\"><center><strong>Kup <a href=\"https:\/\/woblink.com\/ebook\/jak-nie-ba-c-sie-blisko-sci-o-budowaniu-dobrych-wiezi-stefanie-stahl-marta-ksiazkiewicz-sylwia-milkowska-204172u\">ebooka<\/a> na Woblink.com<\/strong><\/center><\/figcaption><\/figure>\n<h3 style=\"text-align: center;\"><strong>20 stycznia 2021<\/strong><\/h3>\n<h3>Obumar\u0142a. B\u00f3l, s\u0142abo\u015b\u0107, \u015bmiertelno\u015b\u0107, medycyna, sztuka, czasy, sny, dane, wyczerpanie, rak i opieka \u2013 Anne Boyer, t\u0142um. Karolina Iwaszkiewicz<br \/>\nWydawnictwo Czarne<\/h3>\n<p>Anne Boyer pisze w swojej ksi\u0105\u017cce o tym, \u017ce choroba nigdy nie jest neutralna, leczenie nie jest wolne od ideologii, a \u015bmiertelno\u015b\u0107 od polityki. W \u201eObumar\u0142ej\u201d mierzy si\u0119 z pr\u00f3b\u0105 znalezienia j\u0119zyka do opisywania procesu chorowania. Autorka wchodzi w dialog z intelektualistami, kt\u00f3rzy prze\u017cywali swoj\u0105 w\u0142asn\u0105 chorob\u0119 m.in. z tw\u00f3rczo\u015bci\u0105 Susan Sontag i Virginii Woolf.<\/p>\n<figure id=\"attachment_3998\" aria-describedby=\"caption-attachment-3998\" style=\"width: 194px\" class=\"wp-caption aligncenter\"><a href=\"https:\/\/woblink.com\/ebook\/obumarla-boyer-anne-203595u\"><img decoding=\"async\" loading=\"lazy\" class=\"wp-image-3998 size-medium\" src=\"https:\/\/i0.wp.com\/woblink.com\/blog\/wp-content\/uploads\/2021\/01\/60077286a2fcd.jpeg?resize=194%2C300&#038;ssl=1\" alt=\"\" width=\"194\" height=\"300\" srcset=\"https:\/\/i0.wp.com\/woblink.com\/blog\/wp-content\/uploads\/2021\/01\/60077286a2fcd.jpeg?resize=194%2C300&amp;ssl=1 194w, https:\/\/i0.wp.com\/woblink.com\/blog\/wp-content\/uploads\/2021\/01\/60077286a2fcd.jpeg?w=553&amp;ssl=1 553w\" sizes=\"(max-width: 194px) 100vw, 194px\" data-recalc-dims=\"1\" \/><\/a><figcaption id=\"caption-attachment-3998\" class=\"wp-caption-text\"><center><strong>Kup <a href=\"https:\/\/woblink.com\/ebook\/obumarla-boyer-anne-203595u\">ebooka<\/a> na Woblink.com<\/strong><\/center><\/figcaption><\/figure>\n<h3 style=\"text-align: center;\"><strong>27 stycznia 2021<\/strong><\/h3>\n<h3>Szalona mi\u0142o\u015b\u0107. Nie chc\u0119 innego jak Putin \u2013 Barbara W\u0142odarczyk<br \/>\nWydawnictwo Literackie<\/h3>\n<p>Barbara W\u0142odarczyk, reporterka i d\u0142ugoletnia korespondentka telewizji polskiej w Moskwie, w \u201eSzalonej mi\u0142o\u015bci\u201d pisze o tym, co Rosjanie my\u015bl\u0105 o swoim prezydencie, kiedy powsta\u0142 nowy rosyjski nacjonalizm, a tak\u017ce kim tak naprawd\u0119 jest W\u0142adimir Putin. Jej przewodnikami po wsp\u00f3\u0142czesnej Rosji s\u0105 zwykli, a jednocze\u015bnie bardzo charakterystyczni, ludzie \u2013 sprzedawca figurek, szefowa fundacji czy ko\u0142chozowy kierowca. Rozm\u00f3wcy W\u0142odarczyk reprezentuj\u0105 cechy i postawy obecne w rosyjskim spo\u0142ecze\u0144stwie.<\/p>\n<figure id=\"attachment_4005\" aria-describedby=\"caption-attachment-4005\" style=\"width: 187px\" class=\"wp-caption aligncenter\"><a href=\"https:\/\/woblink.com\/ebook\/szalona-milo-s-c-chce-takiego-jak-putin-barbara-wlodarczyk-203608u\"><img decoding=\"async\" loading=\"lazy\" class=\"wp-image-4005 size-medium\" src=\"https:\/\/i0.wp.com\/woblink.com\/blog\/wp-content\/uploads\/2021\/01\/6010ad07a816c.jpeg?resize=187%2C300&#038;ssl=1\" alt=\"\" width=\"187\" height=\"300\" srcset=\"https:\/\/i0.wp.com\/woblink.com\/blog\/wp-content\/uploads\/2021\/01\/6010ad07a816c.jpeg?resize=187%2C300&amp;ssl=1 187w, https:\/\/i0.wp.com\/woblink.com\/blog\/wp-content\/uploads\/2021\/01\/6010ad07a816c.jpeg?w=534&amp;ssl=1 534w\" sizes=\"(max-width: 187px) 100vw, 187px\" data-recalc-dims=\"1\" \/><\/a><figcaption id=\"caption-attachment-4005\" class=\"wp-caption-text\"><center><strong>Kup <a href=\"https:\/\/woblink.com\/ebook\/szalona-milo-s-c-chce-takiego-jak-putin-barbara-wlodarczyk-203608u\">ebooka<\/a> na Woblink.com<\/strong><\/center><\/figcaption><\/figure>\n<h3>Szepty spoza nico\u015bci \u2013 Remigiusz Mr\u00f3z<br \/>\nWydawnictwo Filia<\/h3>\n<p>\u201eSzepty spoza nico\u015bci\u201d to najnowsza powie\u015b\u0107 <strong><a href=\"https:\/\/czytajpl.pl\/2017\/03\/05\/jak-tworzy-i-co-czyta-remigiusz-mroz-znany-tez-jako-ove-logmansbo\/\">Remigiusza Mroza<\/a><\/strong> i trzecia cz\u0119\u015b\u0107 bestsellerowej serii z patomorfologiem Sewerynem Zaorskim. Tym razem m\u0119\u017cczyzna po raz ostatni wraca do \u017beromic, aby sprzeda\u0107 dom i odci\u0105\u0107 si\u0119 od tragicznej przesz\u0142o\u015bci. Formalno\u015bci dotycz\u0105ca umowy przed\u0142u\u017caj\u0105 si\u0119. Wygl\u0105da to tak, jakby kto\u015b umy\u015blnie chcia\u0142 zatrzyma\u0107 Seweryna w \u017beromicach. Niespodziewanie policja otrzymuje anonimowe zg\u0142oszenie, \u017ce w pobliskich lasach znajduj\u0105 si\u0119 po\u0107wiartowane zw\u0142oki m\u0119\u017cczyzny. Zaorski nie zamierza bra\u0107 udzia\u0142u w \u015bledztwie. Wszystko zmienia si\u0119, kiedy o pomoc prosi go Kaja Burzy\u0144ska.<\/p>\n<figure id=\"attachment_4006\" aria-describedby=\"caption-attachment-4006\" style=\"width: 199px\" class=\"wp-caption aligncenter\"><a href=\"https:\/\/woblink.com\/ebook\/szepty-spoza-nico-sci-remigiusz-mr-oz-204975u\"><img decoding=\"async\" loading=\"lazy\" class=\"wp-image-4006 size-medium\" src=\"https:\/\/i0.wp.com\/woblink.com\/blog\/wp-content\/uploads\/2021\/01\/601099ad3434f.jpeg?resize=199%2C300&#038;ssl=1\" alt=\"\" width=\"199\" height=\"300\" srcset=\"https:\/\/i0.wp.com\/woblink.com\/blog\/wp-content\/uploads\/2021\/01\/601099ad3434f.jpeg?resize=199%2C300&amp;ssl=1 199w, https:\/\/i0.wp.com\/woblink.com\/blog\/wp-content\/uploads\/2021\/01\/601099ad3434f.jpeg?w=566&amp;ssl=1 566w\" sizes=\"(max-width: 199px) 100vw, 199px\" data-recalc-dims=\"1\" \/><\/a><figcaption id=\"caption-attachment-4006\" class=\"wp-caption-text\"><center><strong>Kup <a href=\"https:\/\/woblink.com\/ebook\/szepty-spoza-nico-sci-remigiusz-mr-oz-204975u\">ebooka<\/a> na Woblink.com<\/strong><\/center><\/figcaption><\/figure>\n<h3>K\u0142amczuch \u2013 J\u0119drzej Pasierski<br \/>\nWydawnictwo Czarne<\/h3>\n<p>\u201eK\u0142amczuch\u201d jest najnowsz\u0105 powie\u015bci\u0105 J\u0119drzeja Pasierskiego, laureata Nagrody Wielkiego Kalibru 2020. To czwarty tom serii kryminalnej z Nin\u0105 Warwi\u0142ow w roli g\u0142\u00f3wnej. G\u0142\u00f3wna bohaterska powraca na Beskid Niski. Tym razem chce sp\u0119dzi\u0107 spokojny urlop w towarzystwie swojej c\u00f3rki. Niespodziewanie idylliczny wypoczynek przerywa morderstwo do jakiego dosz\u0142o w okolicy. Nina Warwi\u0142ow nie mo\u017ce oprze\u0107 si\u0119 pokusie rozwi\u0105zania sprawy.<\/p>\n<figure id=\"attachment_4007\" aria-describedby=\"caption-attachment-4007\" style=\"width: 183px\" class=\"wp-caption aligncenter\"><a href=\"https:\/\/woblink.com\/ebook\/klamczuch-jedrzej-pasierski-203594u\"><img decoding=\"async\" loading=\"lazy\" class=\"wp-image-4007 size-medium\" src=\"https:\/\/i0.wp.com\/woblink.com\/blog\/wp-content\/uploads\/2021\/01\/6010ad09e098f.jpeg?resize=183%2C300&#038;ssl=1\" alt=\"\" width=\"183\" height=\"300\" srcset=\"https:\/\/i0.wp.com\/woblink.com\/blog\/wp-content\/uploads\/2021\/01\/6010ad09e098f.jpeg?resize=183%2C300&amp;ssl=1 183w, https:\/\/i0.wp.com\/woblink.com\/blog\/wp-content\/uploads\/2021\/01\/6010ad09e098f.jpeg?w=521&amp;ssl=1 521w\" sizes=\"(max-width: 183px) 100vw, 183px\" data-recalc-dims=\"1\" \/><\/a><figcaption id=\"caption-attachment-4007\" class=\"wp-caption-text\"><center><strong>Kup <a href=\"https:\/\/woblink.com\/ebook\/klamczuch-jedrzej-pasierski-203594u\">ebooka<\/a> na Woblink.com<\/strong><\/center><\/figcaption><\/figure>\n<h3>Minus 100 stopni. Pierwsze zimowe wyj\u015bcie na Mount McKinley \u2013 Art Davidson, t\u0142um. Jan Dzierzgowski<br \/>\nWydawnictwo Czarne<\/h3>\n<p>Wyprawa na McKinley (obecnie Denali) wpisa\u0142a si\u0119 na sta\u0142e do g\u00f3rskiej klasyki. Od tamtemu czasu sporo si\u0119 zmieni\u0142o, ale nie zmieni\u0142y si\u0119 same g\u00f3ry \u2013 s\u0105 tak samo wymagaj\u0105ce i niebezpieczne jak dawniej. Ksi\u0105\u017cka Arta Davidsona to pe\u0142na szczeg\u00f3\u0142\u00f3w relacja uczestnika pierwszej zako\u0144czonej sukcesem zimowej wyprawy na McKinley. Opowiada o tym, gdzie s\u0105 granic\u0119 ludzkiej mo\u017cliwo\u015bci, jak silne s\u0105 wi\u0119zi mi\u0119dzy lud\u017ami. Pisze tak\u017ce o ambicji, woli przetrwania i odpowiedzialno\u015bci za innych.<\/p>\n<figure id=\"attachment_4008\" aria-describedby=\"caption-attachment-4008\" style=\"width: 187px\" class=\"wp-caption aligncenter\"><a href=\"https:\/\/woblink.com\/ebook\/minus-100-stopni-davidson-art-203593u\"><img decoding=\"async\" loading=\"lazy\" class=\"wp-image-4008 size-medium\" src=\"https:\/\/i0.wp.com\/woblink.com\/blog\/wp-content\/uploads\/2021\/01\/6010ad094ca97.jpeg?resize=187%2C300&#038;ssl=1\" alt=\"\" width=\"187\" height=\"300\" srcset=\"https:\/\/i0.wp.com\/woblink.com\/blog\/wp-content\/uploads\/2021\/01\/6010ad094ca97.jpeg?resize=187%2C300&amp;ssl=1 187w, https:\/\/i0.wp.com\/woblink.com\/blog\/wp-content\/uploads\/2021\/01\/6010ad094ca97.jpeg?w=532&amp;ssl=1 532w\" sizes=\"(max-width: 187px) 100vw, 187px\" data-recalc-dims=\"1\" \/><\/a><figcaption id=\"caption-attachment-4008\" class=\"wp-caption-text\"><center><strong>Kup <a href=\"https:\/\/woblink.com\/ebook\/minus-100-stopni-davidson-art-203593u\">ebooka<\/a> na Woblink.com<\/strong><\/center><\/figcaption><\/figure>\n<h3>W b\u0142ogiej nie\u015bwiadomo\u015bci \u2013 JP Delaney, t\u0142um. Anna Dobrza\u0144ska<br \/>\nWydawnictwo Otwarte<\/h3>\n<p>\u017bycie Pete&#8217;a i jego partnerki Maddie nieoczekiwanie wywraca si\u0119 do g\u00f3ry nogami, kiedy nieznajomy m\u0119\u017cczyzna oznajmia, \u017ce dwuletni syn pary nie jest ich dzieckiem. W jednej chwili rzeczywisto\u015b\u0107 Maddie i Pete&#8217;a zmienia si\u0119 w koszmar. Nie wiedz\u0105 jednak, \u017ce prawdziwe niebezpiecze\u0144stwo dopiero nadchodzi.<\/p>\n<figure id=\"attachment_4004\" aria-describedby=\"caption-attachment-4004\" style=\"width: 199px\" class=\"wp-caption aligncenter\"><a href=\"https:\/\/woblink.com\/ebook\/w-blogiej-nie-swiadomo-sci-anna-dobrza-nska-jp-delaney-204757u\"><img decoding=\"async\" loading=\"lazy\" class=\"wp-image-4004 size-medium\" src=\"https:\/\/i0.wp.com\/woblink.com\/blog\/wp-content\/uploads\/2021\/01\/6009a140ac3e8.jpeg?resize=199%2C300&#038;ssl=1\" alt=\"\" width=\"199\" height=\"300\" srcset=\"https:\/\/i0.wp.com\/woblink.com\/blog\/wp-content\/uploads\/2021\/01\/6009a140ac3e8.jpeg?resize=199%2C300&amp;ssl=1 199w, https:\/\/i0.wp.com\/woblink.com\/blog\/wp-content\/uploads\/2021\/01\/6009a140ac3e8.jpeg?w=567&amp;ssl=1 567w\" sizes=\"(max-width: 199px) 100vw, 199px\" data-recalc-dims=\"1\" \/><\/a><figcaption id=\"caption-attachment-4004\" class=\"wp-caption-text\"><center><strong>Kup <a href=\"https:\/\/woblink.com\/ebook\/w-blogiej-nie-swiadomo-sci-anna-dobrza-nska-jp-delaney-204757u\">ebooka<\/a> na Woblink.com<\/strong><\/center><\/figcaption><\/figure>\n<h3>Arystokratka na kr\u00f3lewskim dworze \u2013 Ev\u017een Bo\u010dek, t\u0142um. Miros\u0142aw \u015amigielski<br \/>\nWydawnictwo Stara Szko\u0142a<\/h3>\n<p>Ev\u017een Bo\u010dek powraca z pi\u0105t\u0105 cz\u0119\u015bci\u0105 przezabawnej serii o przygodach arystokratki Marii, jej rodzic\u00f3w i szalonego personelu zamku Kostka. Tym razem Maria dostaje zaproszenie na kr\u00f3lewski dw\u00f3r. Kogo zabierze razem ze sob\u0105? Czy podr\u00f3\u017c przebiegnie planowo? I jak powa\u017cne koronowane g\u0142owy przyjm\u0105 przedstawicieli zamku Kostka?<\/p>\n<figure id=\"attachment_4009\" aria-describedby=\"caption-attachment-4009\" style=\"width: 195px\" class=\"wp-caption aligncenter\"><a href=\"https:\/\/woblink.com\/ebook\/arystokratka-na-kr-olewskim-dworze-evzen-bocek-204980u\"><img decoding=\"async\" loading=\"lazy\" class=\"wp-image-4009 size-medium\" src=\"https:\/\/i0.wp.com\/woblink.com\/blog\/wp-content\/uploads\/2021\/01\/60109ce181dd6.jpeg?resize=195%2C300&#038;ssl=1\" alt=\"\" width=\"195\" height=\"300\" srcset=\"https:\/\/i0.wp.com\/woblink.com\/blog\/wp-content\/uploads\/2021\/01\/60109ce181dd6.jpeg?resize=195%2C300&amp;ssl=1 195w, https:\/\/i0.wp.com\/woblink.com\/blog\/wp-content\/uploads\/2021\/01\/60109ce181dd6.jpeg?w=557&amp;ssl=1 557w\" sizes=\"(max-width: 195px) 100vw, 195px\" data-recalc-dims=\"1\" \/><\/a><figcaption id=\"caption-attachment-4009\" class=\"wp-caption-text\"><center><strong>Kup <a href=\"https:\/\/woblink.com\/ebook\/arystokratka-na-kr-olewskim-dworze-evzen-bocek-204980u\">ebooka<\/a> na Woblink.com<\/strong><\/center><\/figcaption><\/figure>\n<h3>Stos \u2013 Greta Drawska<br \/>\nWydawnictwo Znak<\/h3>\n<p>\u201eStos\u201d to drugi tom nowej serii kryminalnej klimatem przywodz\u0105cej na my\u015bl serial \u201eTrue Detective\u201d. Na G\u00f3rze Czarownic dochodzi do nowej zbrodni. Usta ofiary s\u0105 spi\u0119te mosi\u0119\u017cn\u0105 k\u0142\u00f3dk\u0105. Okazuje si\u0119, \u017ce zabita zosta\u0142a miejscowa wielbicielka plotek i tarota. Czy kto\u015b chcia\u0142 uciszy\u0107 ja na zawsze? Zanim Piotr Dere\u0144 i Wanda Just wpadaj\u0105 na jakikolwiek trop, o morderstwie robi si\u0119 ju\u017c g\u0142o\u015bno. Brutalne tajemnice sprzed lat zaczynaj\u0105 o sobie przypomina\u0107&#8230;<\/p>\n<figure id=\"attachment_4010\" aria-describedby=\"caption-attachment-4010\" style=\"width: 211px\" class=\"wp-caption aligncenter\"><a href=\"https:\/\/woblink.com\/ebook\/stos-greta-drawska-204950u\"><img decoding=\"async\" loading=\"lazy\" class=\"wp-image-4010 size-medium\" src=\"https:\/\/i0.wp.com\/woblink.com\/blog\/wp-content\/uploads\/2021\/01\/600766cc2bc80.jpeg?resize=211%2C300&#038;ssl=1\" alt=\"\" width=\"211\" height=\"300\" srcset=\"https:\/\/i0.wp.com\/woblink.com\/blog\/wp-content\/uploads\/2021\/01\/600766cc2bc80.jpeg?resize=211%2C300&amp;ssl=1 211w, https:\/\/i0.wp.com\/woblink.com\/blog\/wp-content\/uploads\/2021\/01\/600766cc2bc80.jpeg?w=570&amp;ssl=1 570w\" sizes=\"(max-width: 211px) 100vw, 211px\" data-recalc-dims=\"1\" \/><\/a><figcaption id=\"caption-attachment-4010\" class=\"wp-caption-text\"><center><strong>Kup <a href=\"https:\/\/woblink.com\/ebook\/stos-greta-drawska-204950u\">ebooka<\/a> na Woblink.com<\/strong><\/center><\/figcaption><\/figure>\n<h3>Wyborny trup \u2013 Agustina Bazterrica, t\u0142um. Patrycja Zarawska<br \/>\nWydawnictwo Mova<\/h3>\n<p>Dystopijna i niezwykle prowokuj\u0105ca opowie\u015b\u0107 o ludzkiej moralno\u015bci i \u017c\u0105dzach. Po Przemianie handel &#8222;specjalnym mi\u0119sem&#8221; kwitnie. Pogr\u0105\u017cony w rozpaczy po stracie bliskiej osoby Marco, syn rze\u017anika, ze smutkiem patrzy na upadek ludzkiej moralno\u015bci. Niespodziewanie otrzymuje prezent od jednego z kontrahent\u00f3w. To \u017cywa samica. Marco zdaje sobie spraw\u0119 z tego, \u017ce domowe hodowle s\u0105 zakazane \u2013 mo\u017ce j\u0105 sprzeda\u0107 albo zrobi\u0107 uczt\u0119. Mo\u017ce te\u017c zacz\u0105\u0107 \u0142ama\u0107 zasady, kt\u00f3re sam tworzy\u0142.<\/p>\n<figure id=\"attachment_4011\" aria-describedby=\"caption-attachment-4011\" style=\"width: 196px\" class=\"wp-caption aligncenter\"><a href=\"https:\/\/woblink.com\/ebook\/wyborny-trup-agustina-bazterrica-204236u\"><img decoding=\"async\" loading=\"lazy\" class=\"wp-image-4011 size-medium\" src=\"https:\/\/i0.wp.com\/woblink.com\/blog\/wp-content\/uploads\/2021\/01\/60109f02b8ca5.jpeg?resize=196%2C300&#038;ssl=1\" alt=\"\" width=\"196\" height=\"300\" srcset=\"https:\/\/i0.wp.com\/woblink.com\/blog\/wp-content\/uploads\/2021\/01\/60109f02b8ca5.jpeg?resize=196%2C300&amp;ssl=1 196w, https:\/\/i0.wp.com\/woblink.com\/blog\/wp-content\/uploads\/2021\/01\/60109f02b8ca5.jpeg?w=560&amp;ssl=1 560w\" sizes=\"(max-width: 196px) 100vw, 196px\" data-recalc-dims=\"1\" \/><\/a><figcaption id=\"caption-attachment-4011\" class=\"wp-caption-text\"><center><strong>Kup <a href=\"https:\/\/woblink.com\/ebook\/wyborny-trup-agustina-bazterrica-204236u\">ebooka<\/a> na Woblink.com<\/strong><\/center><\/figcaption><\/figure>\n<figure id=\"attachment_3847\" class=\"wp-caption aligncenter\" aria-describedby=\"caption-attachment-3847\"><figcaption id=\"caption-attachment-3847\" class=\"wp-caption-text\"><center><\/center><\/figcaption><\/figure>\n<p>Wi\u0119cej najlepszych nowo\u015bci stycznia, w promocyjnych cenach, znajdziecie <strong><a href=\"https:\/\/woblink.com\/katalog\/promocje?promocje=5827\">TUTAJ<\/a><\/strong>. Promocja na najciekawsze premiery stycznia trwa do 2 lutego 2021 roku.<\/p>\n<p><a href=\"https:\/\/woblink.com\/katalog\/promocje?promocje=5827\"><img decoding=\"async\" loading=\"lazy\" class=\"aligncenter wp-image-4012 size-full\" src=\"https:\/\/i0.wp.com\/woblink.com\/blog\/wp-content\/uploads\/2021\/01\/2431185-promowizard-banner.jpg?resize=763%2C400&#038;ssl=1\" alt=\"\" width=\"763\" height=\"400\" srcset=\"https:\/\/i0.wp.com\/woblink.com\/blog\/wp-content\/uploads\/2021\/01\/2431185-promowizard-banner.jpg?w=763&amp;ssl=1 763w, https:\/\/i0.wp.com\/woblink.com\/blog\/wp-content\/uploads\/2021\/01\/2431185-promowizard-banner.jpg?resize=300%2C157&amp;ssl=1 300w, https:\/\/i0.wp.com\/woblink.com\/blog\/wp-content\/uploads\/2021\/01\/2431185-promowizard-banner.jpg?resize=600%2C315&amp;ssl=1 600w\" sizes=\"(max-width: 763px) 100vw, 763px\" data-recalc-dims=\"1\" \/><\/a><\/p>\n","protected":false},"excerpt":{"rendered":"<p>Nowe powie\u015bci Mai Lunde, Remigiusza Mroza, J\u0119drzeja Pasierskiego oraz JP Delaney. Kolejny poradnik bestsellerowej autorki Stefanie Stahl i pasjonuj\u0105ce reporta\u017ce Wydawnictwa Czarne. A to tylko wierzcho\u0142ek g\u00f3ry wartych uwagi premier, jakie przyni\u00f3s\u0142 nam pocz\u0105tek 2021 roku. Oto najciekawsze ebookowe premiery \u2013 stycze\u0144 2021! Najciekawsze ebookowe&#8230;<\/p>\n","protected":false},"author":7,"featured_media":4016,"comment_status":"closed","ping_status":"open","sticky":false,"template":"","format":"standard","meta":[],"categories":[87,90,80,82,89,83],"tags":[],"yoast_head":"<!-- This site is optimized with the Yoast SEO plugin v20.11 - https:\/\/yoast.com\/wordpress\/plugins\/seo\/ -->\n<title>Najciekawsze ebookowe premiery \u2013 stycze\u0144 2021 - Woblink<\/title>\n<meta name=\"description\" content=\"Nowe powie\u015bci Mai Lunde, Remigiusza Mroza, J\u0119drzeja Pasierskiego i JP Delaney. Oto najciekawsze ebookowe premiery \u2013 stycze\u0144 2021!\" \/>\n<meta name=\"robots\" content=\"index, follow, max-snippet:-1, max-image-preview:large, max-video-preview:-1\" \/>\n<link rel=\"canonical\" href=\"https:\/\/woblink.com\/blog\/najciekawsze-ebookowe-premiery-styczen-2021\/\" \/>\n<meta property=\"og:locale\" content=\"pl_PL\" \/>\n<meta property=\"og:type\" content=\"article\" \/>\n<meta property=\"og:title\" content=\"Najciekawsze ebookowe premiery \u2013 stycze\u0144 2021 - Woblink\" \/>\n<meta property=\"og:description\" content=\"Nowe powie\u015bci Mai Lunde, Remigiusza Mroza, J\u0119drzeja Pasierskiego i JP Delaney. Oto najciekawsze ebookowe premiery \u2013 stycze\u0144 2021!\" \/>\n<meta property=\"og:url\" content=\"https:\/\/woblink.com\/blog\/najciekawsze-ebookowe-premiery-styczen-2021\/\" \/>\n<meta property=\"og:site_name\" content=\"Woblink\" \/>\n<meta property=\"article:publisher\" content=\"https:\/\/facebook.com\/woblink\" \/>\n<meta property=\"article:published_time\" content=\"2021-01-28T11:13:53+00:00\" \/>\n<meta property=\"article:modified_time\" content=\"2021-01-28T11:14:35+00:00\" \/>\n<meta property=\"og:image\" content=\"https:\/\/i0.wp.com\/woblink.com\/blog\/wp-content\/uploads\/2021\/01\/artykul2-2.jpg?fit=1011%2C690&ssl=1\" \/>\n\t<meta property=\"og:image:width\" content=\"1011\" \/>\n\t<meta property=\"og:image:height\" content=\"690\" \/>\n\t<meta property=\"og:image:type\" content=\"image\/jpeg\" \/>\n<meta name=\"author\" content=\"Redakcja Woblinka\" \/>\n<meta name=\"twitter:card\" content=\"summary_large_image\" \/>\n<meta name=\"twitter:creator\" content=\"@woblink_com\" \/>\n<meta name=\"twitter:site\" content=\"@woblink_com\" \/>\n<meta name=\"twitter:label1\" content=\"Napisane przez\" \/>\n\t<meta name=\"twitter:data1\" content=\"Redakcja Woblinka\" \/>\n\t<meta name=\"twitter:label2\" content=\"Szacowany czas czytania\" \/>\n\t<meta name=\"twitter:data2\" content=\"7 minut\" \/>\n<script type=\"application\/ld+json\" class=\"yoast-schema-graph\">{\"@context\":\"https:\/\/schema.org\",\"@graph\":[{\"@type\":\"Article\",\"@id\":\"https:\/\/woblink.com\/blog\/najciekawsze-ebookowe-premiery-styczen-2021\/#article\",\"isPartOf\":{\"@id\":\"https:\/\/woblink.com\/blog\/najciekawsze-ebookowe-premiery-styczen-2021\/\"},\"author\":{\"name\":\"Redakcja Woblinka\",\"@id\":\"https:\/\/woblink.com\/blog\/#\/schema\/person\/8ab6b79d64fa54209272130c4c3b1e95\"},\"headline\":\"Najciekawsze ebookowe premiery \u2013 stycze\u0144 2021\",\"datePublished\":\"2021-01-28T11:13:53+00:00\",\"dateModified\":\"2021-01-28T11:14:35+00:00\",\"mainEntityOfPage\":{\"@id\":\"https:\/\/woblink.com\/blog\/najciekawsze-ebookowe-premiery-styczen-2021\/\"},\"wordCount\":1324,\"publisher\":{\"@id\":\"https:\/\/woblink.com\/blog\/#organization\"},\"articleSection\":[\"Aktualno\u015bci\",\"Nowo\u015bci na Woblinku\",\"O ksi\u0105\u017ckach\",\"Premiery ksi\u0105\u017cek\",\"Rynek wydawniczy\",\"Zapowiedzi ksi\u0105\u017cek\"],\"inLanguage\":\"pl-PL\"},{\"@type\":\"WebPage\",\"@id\":\"https:\/\/woblink.com\/blog\/najciekawsze-ebookowe-premiery-styczen-2021\/\",\"url\":\"https:\/\/woblink.com\/blog\/najciekawsze-ebookowe-premiery-styczen-2021\/\",\"name\":\"Najciekawsze ebookowe premiery \u2013 stycze\u0144 2021 - Woblink\",\"isPartOf\":{\"@id\":\"https:\/\/woblink.com\/blog\/#website\"},\"datePublished\":\"2021-01-28T11:13:53+00:00\",\"dateModified\":\"2021-01-28T11:14:35+00:00\",\"description\":\"Nowe powie\u015bci Mai Lunde, Remigiusza Mroza, J\u0119drzeja Pasierskiego i JP Delaney. Oto najciekawsze ebookowe premiery \u2013 stycze\u0144 2021!\",\"breadcrumb\":{\"@id\":\"https:\/\/woblink.com\/blog\/najciekawsze-ebookowe-premiery-styczen-2021\/#breadcrumb\"},\"inLanguage\":\"pl-PL\",\"potentialAction\":[{\"@type\":\"ReadAction\",\"target\":[\"https:\/\/woblink.com\/blog\/najciekawsze-ebookowe-premiery-styczen-2021\/\"]}]},{\"@type\":\"BreadcrumbList\",\"@id\":\"https:\/\/woblink.com\/blog\/najciekawsze-ebookowe-premiery-styczen-2021\/#breadcrumb\",\"itemListElement\":[{\"@type\":\"ListItem\",\"position\":1,\"name\":\"Strona g\u0142\u00f3wna\",\"item\":\"https:\/\/woblink.com\/blog\/\"},{\"@type\":\"ListItem\",\"position\":2,\"name\":\"Najciekawsze ebookowe premiery \u2013 stycze\u0144 2021\"}]},{\"@type\":\"WebSite\",\"@id\":\"https:\/\/woblink.com\/blog\/#website\",\"url\":\"https:\/\/woblink.com\/blog\/\",\"name\":\"Woblink\",\"description\":\"najlepszy firmowy blog o ksi\u0105\u017ckach\",\"publisher\":{\"@id\":\"https:\/\/woblink.com\/blog\/#organization\"},\"potentialAction\":[{\"@type\":\"SearchAction\",\"target\":{\"@type\":\"EntryPoint\",\"urlTemplate\":\"https:\/\/woblink.com\/blog\/?s={search_term_string}\"},\"query-input\":\"required name=search_term_string\"}],\"inLanguage\":\"pl-PL\"},{\"@type\":\"Organization\",\"@id\":\"https:\/\/woblink.com\/blog\/#organization\",\"name\":\"Woblink\",\"url\":\"https:\/\/woblink.com\/blog\/\",\"logo\":{\"@type\":\"ImageObject\",\"inLanguage\":\"pl-PL\",\"@id\":\"https:\/\/woblink.com\/blog\/#\/schema\/logo\/image\/\",\"url\":\"https:\/\/i0.wp.com\/woblink.com\/blog\/wp-content\/uploads\/2019\/04\/nw_logoB.png?fit=185%2C42&ssl=1\",\"contentUrl\":\"https:\/\/i0.wp.com\/woblink.com\/blog\/wp-content\/uploads\/2019\/04\/nw_logoB.png?fit=185%2C42&ssl=1\",\"width\":185,\"height\":42,\"caption\":\"Woblink\"},\"image\":{\"@id\":\"https:\/\/woblink.com\/blog\/#\/schema\/logo\/image\/\"},\"sameAs\":[\"https:\/\/facebook.com\/woblink\",\"https:\/\/twitter.com\/woblink_com\",\"https:\/\/www.instagram.com\/woblink_com\",\"https:\/\/www.linkedin.com\/company\/woblink\/\"]},{\"@type\":\"Person\",\"@id\":\"https:\/\/woblink.com\/blog\/#\/schema\/person\/8ab6b79d64fa54209272130c4c3b1e95\",\"name\":\"Redakcja Woblinka\",\"image\":{\"@type\":\"ImageObject\",\"inLanguage\":\"pl-PL\",\"@id\":\"https:\/\/woblink.com\/blog\/#\/schema\/person\/image\/\",\"url\":\"https:\/\/secure.gravatar.com\/avatar\/f23ae80a7c9da060bee5f8310913478b?s=96&d=mm&r=g\",\"contentUrl\":\"https:\/\/secure.gravatar.com\/avatar\/f23ae80a7c9da060bee5f8310913478b?s=96&d=mm&r=g\",\"caption\":\"Redakcja Woblinka\"},\"url\":\"https:\/\/woblink.com\/blog\/author\/krasny\/\"}]}<\/script>\n<!-- \/ Yoast SEO plugin. -->","yoast_head_json":{"title":"Najciekawsze ebookowe premiery \u2013 stycze\u0144 2021 - Woblink","description":"Nowe powie\u015bci Mai Lunde, Remigiusza Mroza, J\u0119drzeja Pasierskiego i JP Delaney. Oto najciekawsze ebookowe premiery \u2013 stycze\u0144 2021!","robots":{"index":"index","follow":"follow","max-snippet":"max-snippet:-1","max-image-preview":"max-image-preview:large","max-video-preview":"max-video-preview:-1"},"canonical":"https:\/\/woblink.com\/blog\/najciekawsze-ebookowe-premiery-styczen-2021\/","og_locale":"pl_PL","og_type":"article","og_title":"Najciekawsze ebookowe premiery \u2013 stycze\u0144 2021 - Woblink","og_description":"Nowe powie\u015bci Mai Lunde, Remigiusza Mroza, J\u0119drzeja Pasierskiego i JP Delaney. Oto najciekawsze ebookowe premiery \u2013 stycze\u0144 2021!","og_url":"https:\/\/woblink.com\/blog\/najciekawsze-ebookowe-premiery-styczen-2021\/","og_site_name":"Woblink","article_publisher":"https:\/\/facebook.com\/woblink","article_published_time":"2021-01-28T11:13:53+00:00","article_modified_time":"2021-01-28T11:14:35+00:00","og_image":[{"width":1011,"height":690,"url":"https:\/\/i0.wp.com\/woblink.com\/blog\/wp-content\/uploads\/2021\/01\/artykul2-2.jpg?fit=1011%2C690&ssl=1","type":"image\/jpeg"}],"author":"Redakcja Woblinka","twitter_card":"summary_large_image","twitter_creator":"@woblink_com","twitter_site":"@woblink_com","twitter_misc":{"Napisane przez":"Redakcja Woblinka","Szacowany czas czytania":"7 minut"},"schema":{"@context":"https:\/\/schema.org","@graph":[{"@type":"Article","@id":"https:\/\/woblink.com\/blog\/najciekawsze-ebookowe-premiery-styczen-2021\/#article","isPartOf":{"@id":"https:\/\/woblink.com\/blog\/najciekawsze-ebookowe-premiery-styczen-2021\/"},"author":{"name":"Redakcja Woblinka","@id":"https:\/\/woblink.com\/blog\/#\/schema\/person\/8ab6b79d64fa54209272130c4c3b1e95"},"headline":"Najciekawsze ebookowe premiery \u2013 stycze\u0144 2021","datePublished":"2021-01-28T11:13:53+00:00","dateModified":"2021-01-28T11:14:35+00:00","mainEntityOfPage":{"@id":"https:\/\/woblink.com\/blog\/najciekawsze-ebookowe-premiery-styczen-2021\/"},"wordCount":1324,"publisher":{"@id":"https:\/\/woblink.com\/blog\/#organization"},"articleSection":["Aktualno\u015bci","Nowo\u015bci na Woblinku","O ksi\u0105\u017ckach","Premiery ksi\u0105\u017cek","Rynek wydawniczy","Zapowiedzi ksi\u0105\u017cek"],"inLanguage":"pl-PL"},{"@type":"WebPage","@id":"https:\/\/woblink.com\/blog\/najciekawsze-ebookowe-premiery-styczen-2021\/","url":"https:\/\/woblink.com\/blog\/najciekawsze-ebookowe-premiery-styczen-2021\/","name":"Najciekawsze ebookowe premiery \u2013 stycze\u0144 2021 - Woblink","isPartOf":{"@id":"https:\/\/woblink.com\/blog\/#website"},"datePublished":"2021-01-28T11:13:53+00:00","dateModified":"2021-01-28T11:14:35+00:00","description":"Nowe powie\u015bci Mai Lunde, Remigiusza Mroza, J\u0119drzeja Pasierskiego i JP Delaney. Oto najciekawsze ebookowe premiery \u2013 stycze\u0144 2021!","breadcrumb":{"@id":"https:\/\/woblink.com\/blog\/najciekawsze-ebookowe-premiery-styczen-2021\/#breadcrumb"},"inLanguage":"pl-PL","potentialAction":[{"@type":"ReadAction","target":["https:\/\/woblink.com\/blog\/najciekawsze-ebookowe-premiery-styczen-2021\/"]}]},{"@type":"BreadcrumbList","@id":"https:\/\/woblink.com\/blog\/najciekawsze-ebookowe-premiery-styczen-2021\/#breadcrumb","itemListElement":[{"@type":"ListItem","position":1,"name":"Strona g\u0142\u00f3wna","item":"https:\/\/woblink.com\/blog\/"},{"@type":"ListItem","position":2,"name":"Najciekawsze ebookowe premiery \u2013 stycze\u0144 2021"}]},{"@type":"WebSite","@id":"https:\/\/woblink.com\/blog\/#website","url":"https:\/\/woblink.com\/blog\/","name":"Woblink","description":"najlepszy firmowy blog o ksi\u0105\u017ckach","publisher":{"@id":"https:\/\/woblink.com\/blog\/#organization"},"potentialAction":[{"@type":"SearchAction","target":{"@type":"EntryPoint","urlTemplate":"https:\/\/woblink.com\/blog\/?s={search_term_string}"},"query-input":"required name=search_term_string"}],"inLanguage":"pl-PL"},{"@type":"Organization","@id":"https:\/\/woblink.com\/blog\/#organization","name":"Woblink","url":"https:\/\/woblink.com\/blog\/","logo":{"@type":"ImageObject","inLanguage":"pl-PL","@id":"https:\/\/woblink.com\/blog\/#\/schema\/logo\/image\/","url":"https:\/\/i0.wp.com\/woblink.com\/blog\/wp-content\/uploads\/2019\/04\/nw_logoB.png?fit=185%2C42&ssl=1","contentUrl":"https:\/\/i0.wp.com\/woblink.com\/blog\/wp-content\/uploads\/2019\/04\/nw_logoB.png?fit=185%2C42&ssl=1","width":185,"height":42,"caption":"Woblink"},"image":{"@id":"https:\/\/woblink.com\/blog\/#\/schema\/logo\/image\/"},"sameAs":["https:\/\/facebook.com\/woblink","https:\/\/twitter.com\/woblink_com","https:\/\/www.instagram.com\/woblink_com","https:\/\/www.linkedin.com\/company\/woblink\/"]},{"@type":"Person","@id":"https:\/\/woblink.com\/blog\/#\/schema\/person\/8ab6b79d64fa54209272130c4c3b1e95","name":"Redakcja Woblinka","image":{"@type":"ImageObject","inLanguage":"pl-PL","@id":"https:\/\/woblink.com\/blog\/#\/schema\/person\/image\/","url":"https:\/\/secure.gravatar.com\/avatar\/f23ae80a7c9da060bee5f8310913478b?s=96&d=mm&r=g","contentUrl":"https:\/\/secure.gravatar.com\/avatar\/f23ae80a7c9da060bee5f8310913478b?s=96&d=mm&r=g","caption":"Redakcja Woblinka"},"url":"https:\/\/woblink.com\/blog\/author\/krasny\/"}]}},"jetpack_featured_media_url":"https:\/\/i0.wp.com\/woblink.com\/blog\/wp-content\/uploads\/2021\/01\/artykul2-2.jpg?fit=1011%2C690&ssl=1","_links":{"self":[{"href":"https:\/\/woblink.com\/blog\/wp-json\/wp\/v2\/posts\/3988"}],"collection":[{"href":"https:\/\/woblink.com\/blog\/wp-json\/wp\/v2\/posts"}],"about":[{"href":"https:\/\/woblink.com\/blog\/wp-json\/wp\/v2\/types\/post"}],"author":[{"embeddable":true,"href":"https:\/\/woblink.com\/blog\/wp-json\/wp\/v2\/users\/7"}],"replies":[{"embeddable":true,"href":"https:\/\/woblink.com\/blog\/wp-json\/wp\/v2\/comments?post=3988"}],"version-history":[{"count":11,"href":"https:\/\/woblink.com\/blog\/wp-json\/wp\/v2\/posts\/3988\/revisions"}],"predecessor-version":[{"id":4019,"href":"https:\/\/woblink.com\/blog\/wp-json\/wp\/v2\/posts\/3988\/revisions\/4019"}],"wp:featuredmedia":[{"embeddable":true,"href":"https:\/\/woblink.com\/blog\/wp-json\/wp\/v2\/media\/4016"}],"wp:attachment":[{"href":"https:\/\/woblink.com\/blog\/wp-json\/wp\/v2\/media?parent=3988"}],"wp:term":[{"taxonomy":"category","embeddable":true,"href":"https:\/\/woblink.com\/blog\/wp-json\/wp\/v2\/categories?post=3988"},{"taxonomy":"post_tag","embeddable":true,"href":"https:\/\/woblink.com\/blog\/wp-json\/wp\/v2\/tags?post=3988"}],"curies":[{"name":"wp","href":"https:\/\/api.w.org\/{rel}","templated":true}]}}