{"id":4214,"date":"2021-02-18T17:53:52","date_gmt":"2021-02-18T16:53:52","guid":{"rendered":"https:\/\/woblink.com\/blog\/?p=4214"},"modified":"2021-02-18T17:53:52","modified_gmt":"2021-02-18T16:53:52","slug":"wydawnictwo-literackie-uruchamia-podcast-wlot","status":"publish","type":"post","link":"https:\/\/woblink.com\/blog\/wydawnictwo-literackie-uruchamia-podcast-wlot\/","title":{"rendered":"Wydawnictwo Literackie uruchamia podcast \u201eWLot\u201d"},"content":{"rendered":"<p><strong>Wydawnictwo Literackie uruchamia nowy podcast. \u201eWLot\u201d ma by\u0107 cykliczn\u0105 audycj\u0105, w kt\u00f3rej prezentowane b\u0119d\u0105 ksi\u0105\u017cki krakowskiej oficyny \u2013 g\u0142\u00f3wnie zapowiedzi i premiery, ale nie b\u0119dzie brakowa\u0142o te\u017c temat\u00f3w wa\u017cnych dla ca\u0142ego rynku ksi\u0105\u017cki.<\/strong><\/p>\n<p><!--more--><\/p>\n<p>\u2013 Podcasty staj\u0105 si\u0119 coraz popularniejsze, trend przybiera na sile. Zauwa\u017camy to i chcemy wykorzysta\u0107 w promocji ksi\u0105\u017cek \u2013 m\u00f3wi Marcin Baniak, Dyrektor Dzia\u0142u Promocji WL i zarazem prowadz\u0105cy nowy program. \u2013 Od dawna jeste\u015bmy jako marka obecni na takich platformach jak Spotify i Soundcloud. Wydawnictwo Literackie jako jedno z pierwszych postanowi\u0142o za ich po\u015brednictwem dociera\u0107 np. do s\u0142uchaczy audiobook\u00f3w. Teraz chcemy zaoferowa\u0107 czytelnikom now\u0105 form\u0119, zbli\u017con\u0105 do audycji radiowej. Ma to by\u0107, jak sugeruje sama nazwa, \u201ewlot\u201d, czyli przegl\u0105d tego, co ciekawe w najnowszej ofercie, zaproszenie do d\u017awi\u0119kowego obcowania z naszymi ksi\u0105\u017ckami.<\/p>\n<p>Go\u015b\u0107mi pierwszej ods\u0142ony \u201eWlotu\u201d s\u0105 Wojciech Zemek, sekretarz Stanis\u0142awa Lema, kt\u00f3ry opowiada o swojej wsp\u00f3\u0142pracy z genialnym pisarzem i planach zwi\u0105zanych z Rokiem Lema. W drugiej cz\u0119\u015bci wyst\u0119puje debiutantka Monika Drzazgowska, autorka powie\u015bci \u201eSzalej\u201d.<\/p>\n<figure id=\"attachment_4215\" aria-describedby=\"caption-attachment-4215\" style=\"width: 187px\" class=\"wp-caption aligncenter\"><img decoding=\"async\" loading=\"lazy\" class=\"wp-image-4215 size-medium\" src=\"https:\/\/i0.wp.com\/woblink.com\/blog\/wp-content\/uploads\/2021\/02\/602c5dec9b75d.jpeg?resize=187%2C300&#038;ssl=1\" alt=\"szalej wlot podcast wydawnictwo literackie\" width=\"187\" height=\"300\" srcset=\"https:\/\/i0.wp.com\/woblink.com\/blog\/wp-content\/uploads\/2021\/02\/602c5dec9b75d.jpeg?resize=187%2C300&amp;ssl=1 187w, https:\/\/i0.wp.com\/woblink.com\/blog\/wp-content\/uploads\/2021\/02\/602c5dec9b75d.jpeg?w=534&amp;ssl=1 534w\" sizes=\"(max-width: 187px) 100vw, 187px\" data-recalc-dims=\"1\" \/><figcaption id=\"caption-attachment-4215\" class=\"wp-caption-text\"><center><strong>Kup <a href=\"https:\/\/woblink.com\/ebook\/szalej-monika-drzazgowska-202615u\">ebooka<\/a> na Woblink.com<\/strong><\/center><\/figcaption><\/figure>\n<p>\u2013\u00a0 Ju\u017c pierwszy program pokazuje rozpi\u0119to\u015b\u0107 temat\u00f3w \u2013 dodaje Marcin Baniak. \u2013 Z jednej strony legenda, pisarz, kt\u00f3ry z WLem zwi\u0105zany by\u0142 od 1955 roku, z drugiej m\u0142oda pisarka, kt\u00f3ra prezentuje publiczno\u015bci sw\u0105 pierwsz\u0105 powie\u015b\u0107. Wojciech Zemek opowiada o pierwszym spotkaniu z Lemem, przytacza liczne anegdoty. Dla wielu s\u0142uchaczy mo\u017ce to by\u0107 ciekawy \u201eWLot\u201d w tw\u00f3rczo\u015b\u0107 Lema.<\/p>\n<p>Z kolei Monika Drzazgowska podsuwa s\u0142uchaczom mo\u017cliwe tropy interpretacji swojej pierwszej powie\u015bci\u201d.<\/p>\n<p>Podcastu \u201eWLot\u201d mo\u017cna s\u0142ucha\u0107 za po\u015brednictwem platform Spotify (<strong><a href=\"https:\/\/open.spotify.com\/episode\/3JM1vS63lTiEff3Nxhmx13\">TUTAJ<\/a><\/strong>), Soundcloud (<strong><a href=\"https:\/\/soundcloud.com\/radiowl\/wlot-01\">TUTAJ<\/a><\/strong>) i Youtube (<strong><a href=\"https:\/\/www.youtube.com\/watch?v=7D-mXhVTlu0&amp;feature=youtu.be&amp;ab_channel=WydawnictwoLiterackie\">TUTAJ<\/a><\/strong>).<\/p>\n","protected":false},"excerpt":{"rendered":"<p>Wydawnictwo Literackie uruchamia nowy podcast. \u201eWLot\u201d ma by\u0107 cykliczn\u0105 audycj\u0105, w kt\u00f3rej prezentowane b\u0119d\u0105 ksi\u0105\u017cki krakowskiej oficyny \u2013 g\u0142\u00f3wnie zapowiedzi i premiery, ale nie b\u0119dzie brakowa\u0142o te\u017c temat\u00f3w wa\u017cnych dla ca\u0142ego rynku ksi\u0105\u017cki. \u2013 Podcasty staj\u0105 si\u0119 coraz popularniejsze, trend przybiera na sile. Zauwa\u017camy to&#8230;<\/p>\n","protected":false},"author":7,"featured_media":4217,"comment_status":"closed","ping_status":"open","sticky":false,"template":"","format":"standard","meta":[],"categories":[87,89],"tags":[],"yoast_head":"<!-- This site is optimized with the Yoast SEO plugin v20.11 - https:\/\/yoast.com\/wordpress\/plugins\/seo\/ -->\n<title>Wydawnictwo Literackie uruchamia podcast \u201eWLot\u201d - Woblink<\/title>\n<meta name=\"description\" content=\"Wydawnictwo Literackie uruchamia nowy podcast. \u201eWLot\u201d ma by\u0107 cykliczn\u0105 audycj\u0105, w kt\u00f3rej prezentowane b\u0119d\u0105 ksi\u0105\u017cki krakowskiej oficyny.\" \/>\n<meta name=\"robots\" content=\"index, follow, max-snippet:-1, max-image-preview:large, max-video-preview:-1\" \/>\n<link rel=\"canonical\" href=\"https:\/\/woblink.com\/blog\/wydawnictwo-literackie-uruchamia-podcast-wlot\/\" \/>\n<meta property=\"og:locale\" content=\"pl_PL\" \/>\n<meta property=\"og:type\" content=\"article\" \/>\n<meta property=\"og:title\" content=\"Wydawnictwo Literackie uruchamia podcast \u201eWLot\u201d - Woblink\" \/>\n<meta property=\"og:description\" content=\"Wydawnictwo Literackie uruchamia nowy podcast. \u201eWLot\u201d ma by\u0107 cykliczn\u0105 audycj\u0105, w kt\u00f3rej prezentowane b\u0119d\u0105 ksi\u0105\u017cki krakowskiej oficyny.\" \/>\n<meta property=\"og:url\" content=\"https:\/\/woblink.com\/blog\/wydawnictwo-literackie-uruchamia-podcast-wlot\/\" \/>\n<meta property=\"og:site_name\" content=\"Woblink\" \/>\n<meta property=\"article:publisher\" content=\"https:\/\/facebook.com\/woblink\" \/>\n<meta property=\"article:published_time\" content=\"2021-02-18T16:53:52+00:00\" \/>\n<meta property=\"og:image\" content=\"https:\/\/i0.wp.com\/woblink.com\/blog\/wp-content\/uploads\/2021\/02\/Zrzut-ekranu-2021-02-18-o-17.52.29.png?fit=1439%2C888&ssl=1\" \/>\n\t<meta property=\"og:image:width\" content=\"1439\" \/>\n\t<meta property=\"og:image:height\" content=\"888\" \/>\n\t<meta property=\"og:image:type\" content=\"image\/png\" \/>\n<meta name=\"author\" content=\"Redakcja Woblinka\" \/>\n<meta name=\"twitter:card\" content=\"summary_large_image\" \/>\n<meta name=\"twitter:creator\" content=\"@woblink_com\" \/>\n<meta name=\"twitter:site\" content=\"@woblink_com\" \/>\n<meta name=\"twitter:label1\" content=\"Napisane przez\" \/>\n\t<meta name=\"twitter:data1\" content=\"Redakcja Woblinka\" \/>\n\t<meta name=\"twitter:label2\" content=\"Szacowany czas czytania\" \/>\n\t<meta name=\"twitter:data2\" content=\"1 minuta\" \/>\n<script type=\"application\/ld+json\" class=\"yoast-schema-graph\">{\"@context\":\"https:\/\/schema.org\",\"@graph\":[{\"@type\":\"Article\",\"@id\":\"https:\/\/woblink.com\/blog\/wydawnictwo-literackie-uruchamia-podcast-wlot\/#article\",\"isPartOf\":{\"@id\":\"https:\/\/woblink.com\/blog\/wydawnictwo-literackie-uruchamia-podcast-wlot\/\"},\"author\":{\"name\":\"Redakcja Woblinka\",\"@id\":\"https:\/\/woblink.com\/blog\/#\/schema\/person\/8ab6b79d64fa54209272130c4c3b1e95\"},\"headline\":\"Wydawnictwo Literackie uruchamia podcast \u201eWLot\u201d\",\"datePublished\":\"2021-02-18T16:53:52+00:00\",\"dateModified\":\"2021-02-18T16:53:52+00:00\",\"mainEntityOfPage\":{\"@id\":\"https:\/\/woblink.com\/blog\/wydawnictwo-literackie-uruchamia-podcast-wlot\/\"},\"wordCount\":302,\"publisher\":{\"@id\":\"https:\/\/woblink.com\/blog\/#organization\"},\"articleSection\":[\"Aktualno\u015bci\",\"Rynek wydawniczy\"],\"inLanguage\":\"pl-PL\"},{\"@type\":\"WebPage\",\"@id\":\"https:\/\/woblink.com\/blog\/wydawnictwo-literackie-uruchamia-podcast-wlot\/\",\"url\":\"https:\/\/woblink.com\/blog\/wydawnictwo-literackie-uruchamia-podcast-wlot\/\",\"name\":\"Wydawnictwo Literackie uruchamia podcast \u201eWLot\u201d - Woblink\",\"isPartOf\":{\"@id\":\"https:\/\/woblink.com\/blog\/#website\"},\"datePublished\":\"2021-02-18T16:53:52+00:00\",\"dateModified\":\"2021-02-18T16:53:52+00:00\",\"description\":\"Wydawnictwo Literackie uruchamia nowy podcast. \u201eWLot\u201d ma by\u0107 cykliczn\u0105 audycj\u0105, w kt\u00f3rej prezentowane b\u0119d\u0105 ksi\u0105\u017cki krakowskiej oficyny.\",\"breadcrumb\":{\"@id\":\"https:\/\/woblink.com\/blog\/wydawnictwo-literackie-uruchamia-podcast-wlot\/#breadcrumb\"},\"inLanguage\":\"pl-PL\",\"potentialAction\":[{\"@type\":\"ReadAction\",\"target\":[\"https:\/\/woblink.com\/blog\/wydawnictwo-literackie-uruchamia-podcast-wlot\/\"]}]},{\"@type\":\"BreadcrumbList\",\"@id\":\"https:\/\/woblink.com\/blog\/wydawnictwo-literackie-uruchamia-podcast-wlot\/#breadcrumb\",\"itemListElement\":[{\"@type\":\"ListItem\",\"position\":1,\"name\":\"Strona g\u0142\u00f3wna\",\"item\":\"https:\/\/woblink.com\/blog\/\"},{\"@type\":\"ListItem\",\"position\":2,\"name\":\"Wydawnictwo Literackie uruchamia podcast \u201eWLot\u201d\"}]},{\"@type\":\"WebSite\",\"@id\":\"https:\/\/woblink.com\/blog\/#website\",\"url\":\"https:\/\/woblink.com\/blog\/\",\"name\":\"Woblink\",\"description\":\"najlepszy firmowy blog o ksi\u0105\u017ckach\",\"publisher\":{\"@id\":\"https:\/\/woblink.com\/blog\/#organization\"},\"potentialAction\":[{\"@type\":\"SearchAction\",\"target\":{\"@type\":\"EntryPoint\",\"urlTemplate\":\"https:\/\/woblink.com\/blog\/?s={search_term_string}\"},\"query-input\":\"required name=search_term_string\"}],\"inLanguage\":\"pl-PL\"},{\"@type\":\"Organization\",\"@id\":\"https:\/\/woblink.com\/blog\/#organization\",\"name\":\"Woblink\",\"url\":\"https:\/\/woblink.com\/blog\/\",\"logo\":{\"@type\":\"ImageObject\",\"inLanguage\":\"pl-PL\",\"@id\":\"https:\/\/woblink.com\/blog\/#\/schema\/logo\/image\/\",\"url\":\"https:\/\/i0.wp.com\/woblink.com\/blog\/wp-content\/uploads\/2019\/04\/nw_logoB.png?fit=185%2C42&ssl=1\",\"contentUrl\":\"https:\/\/i0.wp.com\/woblink.com\/blog\/wp-content\/uploads\/2019\/04\/nw_logoB.png?fit=185%2C42&ssl=1\",\"width\":185,\"height\":42,\"caption\":\"Woblink\"},\"image\":{\"@id\":\"https:\/\/woblink.com\/blog\/#\/schema\/logo\/image\/\"},\"sameAs\":[\"https:\/\/facebook.com\/woblink\",\"https:\/\/twitter.com\/woblink_com\",\"https:\/\/www.instagram.com\/woblink_com\",\"https:\/\/www.linkedin.com\/company\/woblink\/\"]},{\"@type\":\"Person\",\"@id\":\"https:\/\/woblink.com\/blog\/#\/schema\/person\/8ab6b79d64fa54209272130c4c3b1e95\",\"name\":\"Redakcja Woblinka\",\"image\":{\"@type\":\"ImageObject\",\"inLanguage\":\"pl-PL\",\"@id\":\"https:\/\/woblink.com\/blog\/#\/schema\/person\/image\/\",\"url\":\"https:\/\/secure.gravatar.com\/avatar\/f23ae80a7c9da060bee5f8310913478b?s=96&d=mm&r=g\",\"contentUrl\":\"https:\/\/secure.gravatar.com\/avatar\/f23ae80a7c9da060bee5f8310913478b?s=96&d=mm&r=g\",\"caption\":\"Redakcja Woblinka\"},\"url\":\"https:\/\/woblink.com\/blog\/author\/krasny\/\"}]}<\/script>\n<!-- \/ Yoast SEO plugin. -->","yoast_head_json":{"title":"Wydawnictwo Literackie uruchamia podcast \u201eWLot\u201d - Woblink","description":"Wydawnictwo Literackie uruchamia nowy podcast. \u201eWLot\u201d ma by\u0107 cykliczn\u0105 audycj\u0105, w kt\u00f3rej prezentowane b\u0119d\u0105 ksi\u0105\u017cki krakowskiej oficyny.","robots":{"index":"index","follow":"follow","max-snippet":"max-snippet:-1","max-image-preview":"max-image-preview:large","max-video-preview":"max-video-preview:-1"},"canonical":"https:\/\/woblink.com\/blog\/wydawnictwo-literackie-uruchamia-podcast-wlot\/","og_locale":"pl_PL","og_type":"article","og_title":"Wydawnictwo Literackie uruchamia podcast \u201eWLot\u201d - Woblink","og_description":"Wydawnictwo Literackie uruchamia nowy podcast. \u201eWLot\u201d ma by\u0107 cykliczn\u0105 audycj\u0105, w kt\u00f3rej prezentowane b\u0119d\u0105 ksi\u0105\u017cki krakowskiej oficyny.","og_url":"https:\/\/woblink.com\/blog\/wydawnictwo-literackie-uruchamia-podcast-wlot\/","og_site_name":"Woblink","article_publisher":"https:\/\/facebook.com\/woblink","article_published_time":"2021-02-18T16:53:52+00:00","og_image":[{"width":1439,"height":888,"url":"https:\/\/i0.wp.com\/woblink.com\/blog\/wp-content\/uploads\/2021\/02\/Zrzut-ekranu-2021-02-18-o-17.52.29.png?fit=1439%2C888&ssl=1","type":"image\/png"}],"author":"Redakcja Woblinka","twitter_card":"summary_large_image","twitter_creator":"@woblink_com","twitter_site":"@woblink_com","twitter_misc":{"Napisane przez":"Redakcja Woblinka","Szacowany czas czytania":"1 minuta"},"schema":{"@context":"https:\/\/schema.org","@graph":[{"@type":"Article","@id":"https:\/\/woblink.com\/blog\/wydawnictwo-literackie-uruchamia-podcast-wlot\/#article","isPartOf":{"@id":"https:\/\/woblink.com\/blog\/wydawnictwo-literackie-uruchamia-podcast-wlot\/"},"author":{"name":"Redakcja Woblinka","@id":"https:\/\/woblink.com\/blog\/#\/schema\/person\/8ab6b79d64fa54209272130c4c3b1e95"},"headline":"Wydawnictwo Literackie uruchamia podcast \u201eWLot\u201d","datePublished":"2021-02-18T16:53:52+00:00","dateModified":"2021-02-18T16:53:52+00:00","mainEntityOfPage":{"@id":"https:\/\/woblink.com\/blog\/wydawnictwo-literackie-uruchamia-podcast-wlot\/"},"wordCount":302,"publisher":{"@id":"https:\/\/woblink.com\/blog\/#organization"},"articleSection":["Aktualno\u015bci","Rynek wydawniczy"],"inLanguage":"pl-PL"},{"@type":"WebPage","@id":"https:\/\/woblink.com\/blog\/wydawnictwo-literackie-uruchamia-podcast-wlot\/","url":"https:\/\/woblink.com\/blog\/wydawnictwo-literackie-uruchamia-podcast-wlot\/","name":"Wydawnictwo Literackie uruchamia podcast \u201eWLot\u201d - Woblink","isPartOf":{"@id":"https:\/\/woblink.com\/blog\/#website"},"datePublished":"2021-02-18T16:53:52+00:00","dateModified":"2021-02-18T16:53:52+00:00","description":"Wydawnictwo Literackie uruchamia nowy podcast. \u201eWLot\u201d ma by\u0107 cykliczn\u0105 audycj\u0105, w kt\u00f3rej prezentowane b\u0119d\u0105 ksi\u0105\u017cki krakowskiej oficyny.","breadcrumb":{"@id":"https:\/\/woblink.com\/blog\/wydawnictwo-literackie-uruchamia-podcast-wlot\/#breadcrumb"},"inLanguage":"pl-PL","potentialAction":[{"@type":"ReadAction","target":["https:\/\/woblink.com\/blog\/wydawnictwo-literackie-uruchamia-podcast-wlot\/"]}]},{"@type":"BreadcrumbList","@id":"https:\/\/woblink.com\/blog\/wydawnictwo-literackie-uruchamia-podcast-wlot\/#breadcrumb","itemListElement":[{"@type":"ListItem","position":1,"name":"Strona g\u0142\u00f3wna","item":"https:\/\/woblink.com\/blog\/"},{"@type":"ListItem","position":2,"name":"Wydawnictwo Literackie uruchamia podcast \u201eWLot\u201d"}]},{"@type":"WebSite","@id":"https:\/\/woblink.com\/blog\/#website","url":"https:\/\/woblink.com\/blog\/","name":"Woblink","description":"najlepszy firmowy blog o ksi\u0105\u017ckach","publisher":{"@id":"https:\/\/woblink.com\/blog\/#organization"},"potentialAction":[{"@type":"SearchAction","target":{"@type":"EntryPoint","urlTemplate":"https:\/\/woblink.com\/blog\/?s={search_term_string}"},"query-input":"required name=search_term_string"}],"inLanguage":"pl-PL"},{"@type":"Organization","@id":"https:\/\/woblink.com\/blog\/#organization","name":"Woblink","url":"https:\/\/woblink.com\/blog\/","logo":{"@type":"ImageObject","inLanguage":"pl-PL","@id":"https:\/\/woblink.com\/blog\/#\/schema\/logo\/image\/","url":"https:\/\/i0.wp.com\/woblink.com\/blog\/wp-content\/uploads\/2019\/04\/nw_logoB.png?fit=185%2C42&ssl=1","contentUrl":"https:\/\/i0.wp.com\/woblink.com\/blog\/wp-content\/uploads\/2019\/04\/nw_logoB.png?fit=185%2C42&ssl=1","width":185,"height":42,"caption":"Woblink"},"image":{"@id":"https:\/\/woblink.com\/blog\/#\/schema\/logo\/image\/"},"sameAs":["https:\/\/facebook.com\/woblink","https:\/\/twitter.com\/woblink_com","https:\/\/www.instagram.com\/woblink_com","https:\/\/www.linkedin.com\/company\/woblink\/"]},{"@type":"Person","@id":"https:\/\/woblink.com\/blog\/#\/schema\/person\/8ab6b79d64fa54209272130c4c3b1e95","name":"Redakcja Woblinka","image":{"@type":"ImageObject","inLanguage":"pl-PL","@id":"https:\/\/woblink.com\/blog\/#\/schema\/person\/image\/","url":"https:\/\/secure.gravatar.com\/avatar\/f23ae80a7c9da060bee5f8310913478b?s=96&d=mm&r=g","contentUrl":"https:\/\/secure.gravatar.com\/avatar\/f23ae80a7c9da060bee5f8310913478b?s=96&d=mm&r=g","caption":"Redakcja Woblinka"},"url":"https:\/\/woblink.com\/blog\/author\/krasny\/"}]}},"jetpack_featured_media_url":"https:\/\/i0.wp.com\/woblink.com\/blog\/wp-content\/uploads\/2021\/02\/Zrzut-ekranu-2021-02-18-o-17.52.29.png?fit=1439%2C888&ssl=1","_links":{"self":[{"href":"https:\/\/woblink.com\/blog\/wp-json\/wp\/v2\/posts\/4214"}],"collection":[{"href":"https:\/\/woblink.com\/blog\/wp-json\/wp\/v2\/posts"}],"about":[{"href":"https:\/\/woblink.com\/blog\/wp-json\/wp\/v2\/types\/post"}],"author":[{"embeddable":true,"href":"https:\/\/woblink.com\/blog\/wp-json\/wp\/v2\/users\/7"}],"replies":[{"embeddable":true,"href":"https:\/\/woblink.com\/blog\/wp-json\/wp\/v2\/comments?post=4214"}],"version-history":[{"count":1,"href":"https:\/\/woblink.com\/blog\/wp-json\/wp\/v2\/posts\/4214\/revisions"}],"predecessor-version":[{"id":4218,"href":"https:\/\/woblink.com\/blog\/wp-json\/wp\/v2\/posts\/4214\/revisions\/4218"}],"wp:featuredmedia":[{"embeddable":true,"href":"https:\/\/woblink.com\/blog\/wp-json\/wp\/v2\/media\/4217"}],"wp:attachment":[{"href":"https:\/\/woblink.com\/blog\/wp-json\/wp\/v2\/media?parent=4214"}],"wp:term":[{"taxonomy":"category","embeddable":true,"href":"https:\/\/woblink.com\/blog\/wp-json\/wp\/v2\/categories?post=4214"},{"taxonomy":"post_tag","embeddable":true,"href":"https:\/\/woblink.com\/blog\/wp-json\/wp\/v2\/tags?post=4214"}],"curies":[{"name":"wp","href":"https:\/\/api.w.org\/{rel}","templated":true}]}}