{"id":4249,"date":"2021-02-24T16:17:51","date_gmt":"2021-02-24T15:17:51","guid":{"rendered":"https:\/\/woblink.com\/blog\/?p=4249"},"modified":"2021-02-25T10:32:07","modified_gmt":"2021-02-25T09:32:07","slug":"seriale-na-podstawie-ksiazek-na-ktore-czekamy-2021","status":"publish","type":"post","link":"https:\/\/woblink.com\/blog\/seriale-na-podstawie-ksiazek-na-ktore-czekamy-2021\/","title":{"rendered":"Seriale na podstawie ksi\u0105\u017cek, na kt\u00f3re czekamy (2021)"},"content":{"rendered":"<p><b>\u201eW\u0142adca Pier\u015bcieni\u201d, \u201eKajko i Kokosz\u201d, \u201eKolej podziemna\u201d \u2013 to zaledwie pocz\u0105tek listy seriali na podstawie ksi\u0105\u017cek, kt\u00f3re b\u0119dziemy mogli obejrze\u0107 jeszcze w tym roku na r\u00f3\u017cnych platformach streamingowych. Przygotowali\u015bmy dla was list\u0119 najciekawszych premier oraz ksi\u0105\u017cki, kt\u00f3re pos\u0142u\u017cy\u0142y za inspiracj\u0119 do tworzenia scenariuszy. Oto seriale na podstawie ksi\u0105\u017cek, na kt\u00f3re czekamy w 2021 roku!<\/b><\/p>\n<p><!--more--><\/p>\n<h3><b>My, dzieci z dworca zoo, HBO \u2013 27 lutego 2021<\/b><b><br \/>\n<\/b><b>Na podstawie \u201eMy, dzieci z dworca ZOO\u201d Christiane F.<\/b><\/h3>\n<figure id=\"attachment_4250\" aria-describedby=\"caption-attachment-4250\" style=\"width: 216px\" class=\"wp-caption aligncenter\"><a href=\"https:\/\/woblink.com\/ksiazka\/my-dzieci-z-dworca-zoo-christiane-f--99801\"><img decoding=\"async\" loading=\"lazy\" class=\"wp-image-4250 size-medium\" src=\"https:\/\/i0.wp.com\/woblink.com\/blog\/wp-content\/uploads\/2021\/02\/5fbf97561632b-1.jpeg?resize=216%2C300&#038;ssl=1\" alt=\"my dzieci z dworca zoo serial 2021\" width=\"216\" height=\"300\" srcset=\"https:\/\/i0.wp.com\/woblink.com\/blog\/wp-content\/uploads\/2021\/02\/5fbf97561632b-1.jpeg?resize=216%2C300&amp;ssl=1 216w, https:\/\/i0.wp.com\/woblink.com\/blog\/wp-content\/uploads\/2021\/02\/5fbf97561632b-1.jpeg?w=500&amp;ssl=1 500w\" sizes=\"(max-width: 216px) 100vw, 216px\" data-recalc-dims=\"1\" \/><\/a><figcaption id=\"caption-attachment-4250\" class=\"wp-caption-text\"><center><b>Znajd\u017a <a href=\"https:\/\/woblink.com\/ksiazka\/my-dzieci-z-dworca-zoo-christiane-f--99801\">ksi\u0105\u017ck\u0119<\/a> na Woblink.com<\/b><\/center><\/figcaption><\/figure>\n<p><span style=\"font-weight: 400;\">\u201eMy, dzieci z dworca ZOO\u201d to serial, na kt\u00f3ry przyjdzie nam czeka\u0107 najkr\u00f3cej, bo zaledwie kilka dni. O\u015bmioodcinkowa produkcja HBO b\u0119dzie mia\u0142a swoj\u0105 premier\u0119 27 lutego. Serial powsta\u0142 na podstawie g\u0142o\u015bnej ksi\u0105\u017cki z 1978 roku, pod tym samym tytu\u0142em, poruszaj\u0105cej problem wzrostu fali narkomani w\u015br\u00f3d berli\u0144skiej m\u0142odzie\u017cy w latach 1975-1977. Literacki pierwowz\u00f3r jest tekstem spisanym z zapisu rozm\u00f3w z nastoletni\u0105 narkomank\u0105 z Zachodniego Berlina, Christiane F. Dziewczyna opowiada histori\u0119 swoj\u0105 i uzale\u017cnionych r\u00f3wie\u015bnik\u00f3w, m\u00f3wi o na\u0142ogu, pr\u00f3bach zerwania z nim czy sposobach zdobywania pieni\u0119dzy na heroin\u0119. Opowie\u015b\u0107 Christiane przeplata si\u0119 z relacj\u0105 jej matki, kierownika klubu spotka\u0144 dla nastolatk\u00f3w, policjantki pracuj\u0105cej\u00a0 w wywiadzie antynarkotykowym i pracownik\u00f3w socjalnych.<\/span><\/p>\n<p><iframe loading=\"lazy\" title=\"My, dzieci z dworca ZOO - trailer HBO GO\" width=\"500\" height=\"281\" src=\"https:\/\/www.youtube.com\/embed\/BjpkSzJ8Bi0?feature=oembed&#038;enablejsapi=1&#038;origin=https:\/\/woblink.com\" frameborder=\"0\" allow=\"accelerometer; autoplay; clipboard-write; encrypted-media; gyroscope; picture-in-picture\" allowfullscreen><\/iframe><\/p>\n<p>&nbsp;<\/p>\n<h3><b>Kajko i Kokosz, Netflix \u2013 28 lutego 2021<\/b><b><br \/>\n<\/b><b>Na podstawie serii komiks\u00f3w Janusza Christy<\/b><\/h3>\n<figure id=\"attachment_4253\" aria-describedby=\"caption-attachment-4253\" style=\"width: 223px\" class=\"wp-caption aligncenter\"><a href=\"https:\/\/woblink.com\/ksiazka\/kajko-i-kokosz-szkola-latania-janusz-christa-203787\"><img decoding=\"async\" loading=\"lazy\" class=\"wp-image-4253 size-medium\" src=\"https:\/\/i0.wp.com\/woblink.com\/blog\/wp-content\/uploads\/2021\/02\/5fe2f2b3044e3-1.jpeg?resize=223%2C300&#038;ssl=1\" alt=\"kajko i kokosz netflix zapowied\u017a serial \" width=\"223\" height=\"300\" srcset=\"https:\/\/i0.wp.com\/woblink.com\/blog\/wp-content\/uploads\/2021\/02\/5fe2f2b3044e3-1.jpeg?resize=223%2C300&amp;ssl=1 223w, https:\/\/i0.wp.com\/woblink.com\/blog\/wp-content\/uploads\/2021\/02\/5fe2f2b3044e3-1.jpeg?w=500&amp;ssl=1 500w\" sizes=\"(max-width: 223px) 100vw, 223px\" data-recalc-dims=\"1\" \/><\/a><figcaption id=\"caption-attachment-4253\" class=\"wp-caption-text\"><center><b>Znajd\u017a <a href=\"https:\/\/woblink.com\/ksiazka\/kajko-i-kokosz-szkola-latania-janusz-christa-203787\">komiks<\/a> na Woblink.com<\/b><\/center><\/figcaption><\/figure>\n<p><span style=\"font-weight: 400;\">W\u015br\u00f3d najbli\u017cszych zapowiedzi Netflixa znajduje si\u0119 r\u00f3wnie\u017c polska produkcja \u2013 animowana adaptacja przyg\u00f3d Kajko i Kokosza, dw\u00f3ch s\u0142owia\u0144skich woj\u00f3w, bohater\u00f3w kultowego komiksu Janusza Christy. Pierwszy sezon serialu, kt\u00f3rego premiera odb\u0119dzie si\u0119 ju\u017c 28 lutego, b\u0119dzie sk\u0142ada\u0142 si\u0119 z 26 odcink\u00f3w. Dla tych, kt\u00f3rzy nie znaj\u0105 komiksowego pierwowzoru powiemy tylko jedno \u2013 Kajko i Kokosz zrobi\u0105 wszystko by obroni\u0107 Mirmi\u0142owo, sw\u00f3j rodzinny gr\u00f3d przed najazdem z\u0142owrogich zb\u00f3jcerzy.<\/span><\/p>\n<p><iframe loading=\"lazy\" title=\"Kajko i Kokosz | Oficjalny zwiastun | Netflix\" width=\"500\" height=\"281\" src=\"https:\/\/www.youtube.com\/embed\/fmOmlOGfx7c?feature=oembed&#038;enablejsapi=1&#038;origin=https:\/\/woblink.com\" frameborder=\"0\" allow=\"accelerometer; autoplay; clipboard-write; encrypted-media; gyroscope; picture-in-picture\" allowfullscreen><\/iframe><\/p>\n<h3><b>Cie\u0144 i Ko\u015b\u0107, Netflix \u2013 23 kwietnia 2021<\/b><b><br \/>\n<\/b><b>Na podstawie trylogii Grisza (\u201eCier\u0144 i ko\u015b\u0107\u201d, \u201eObl\u0119\u017cenie i nawa\u0142nica\u201d, \u201eRuina i rewolta\u201d) Leigh Bardugo<\/b><\/h3>\n<figure id=\"attachment_4254\" aria-describedby=\"caption-attachment-4254\" style=\"width: 179px\" class=\"wp-caption aligncenter\"><a href=\"https:\/\/woblink.com\/ksiazka\/oblezenie-i-nawalnica-leigh-bardugo-161340\"><img decoding=\"async\" loading=\"lazy\" class=\"wp-image-4254 size-medium\" src=\"https:\/\/i0.wp.com\/woblink.com\/blog\/wp-content\/uploads\/2021\/02\/5fb7856f4f7b3.jpeg?resize=179%2C300&#038;ssl=1\" alt=\"obl\u0119\u017cenie i nawa\u0142nica serial seriale\" width=\"179\" height=\"300\" srcset=\"https:\/\/i0.wp.com\/woblink.com\/blog\/wp-content\/uploads\/2021\/02\/5fb7856f4f7b3.jpeg?resize=179%2C300&amp;ssl=1 179w, https:\/\/i0.wp.com\/woblink.com\/blog\/wp-content\/uploads\/2021\/02\/5fb7856f4f7b3.jpeg?w=500&amp;ssl=1 500w\" sizes=\"(max-width: 179px) 100vw, 179px\" data-recalc-dims=\"1\" \/><\/a><figcaption id=\"caption-attachment-4254\" class=\"wp-caption-text\"><center><b>Znajd\u017a <a href=\"https:\/\/woblink.com\/ksiazka\/oblezenie-i-nawalnica-leigh-bardugo-161340\">ksi\u0105\u017ck\u0119<\/a> na Woblink.com<\/b><\/center><\/figcaption><\/figure>\n<p><span style=\"font-weight: 400;\">Kolejnym tytu\u0142em na li\u015bcie jest \u201eCie\u0144 i Ko\u015b\u0107\u201d. Produkcja Netflixa, kt\u00f3ra planowo ma ukaza\u0107 si\u0119 23 kwietnia, to serial fantasy b\u0119d\u0105cy adaptacj\u0105 trylogii Grisza Leigh Bardugo. G\u0142\u00f3wna bohaterka, Alina Starkov, to m\u0142oda wojowniczka dysponuj\u0105ca magiczn\u0105 moc\u0105, kt\u00f3ra mo\u017ce zjednoczy\u0107 jej \u015bwiat i ocali\u0107 go przed Fa\u0142d\u0105 Cienia, postaci\u0105 nienaturalnego mroku roj\u0105c\u0105 si\u0119 od gro\u017anych potwor\u00f3w. Aby ocali\u0107 sw\u00f3j dom, b\u0119dzie musia\u0142a wybiera\u0107 mi\u0119dzy mi\u0142o\u015bci\u0105 a moc\u0105.<\/span><\/p>\n<p><iframe loading=\"lazy\" title=\"Cie\u0144 i ko\u015b\u0107 | Teaser z dat\u0105 premiery | Netflix\" width=\"500\" height=\"281\" src=\"https:\/\/www.youtube.com\/embed\/lBWWrJP57xE?feature=oembed&#038;enablejsapi=1&#038;origin=https:\/\/woblink.com\" frameborder=\"0\" allow=\"accelerometer; autoplay; clipboard-write; encrypted-media; gyroscope; picture-in-picture\" allowfullscreen><\/iframe><\/p>\n<p>&nbsp;<\/p>\n<h3><b>Foundation, Apple TV+ \u2013 2021<\/b><b><br \/>\n<\/b><b>Na podstawie cyklu Fundacja Isaaca Asimova<\/b><\/h3>\n<figure id=\"attachment_7818\" aria-describedby=\"caption-attachment-7818\" style=\"width: 200px\" class=\"wp-caption aligncenter\"><a href=\"https:\/\/woblink.com\/ebook\/fundacja-1-preludium-fundacji-isaac-asimov-edward-szmigiel-10193\"><img decoding=\"async\" loading=\"lazy\" class=\"wp-image-7818 size-medium\" src=\"https:\/\/i0.wp.com\/czytajpl.pl\/wp-content\/uploads\/2018\/04\/847402-pdw_book_cover-200x300.jpg?resize=200%2C300\" alt=\"asimov ksi\u0105\u017cka fundacja serial \" width=\"200\" height=\"300\" data-recalc-dims=\"1\" \/><\/a><figcaption id=\"caption-attachment-7818\" class=\"wp-caption-text\"><center><strong><a href=\"https:\/\/woblink.com\/ebook\/fundacja-1-preludium-fundacji-isaac-asimov-edward-szmigiel-10193\">Znajd\u017a na Woblinku<\/a><\/strong><\/center><\/figcaption><\/figure>\n<p><span style=\"font-weight: 400;\">Z dalszych tegorocznych plan\u00f3w warto wypatrywa\u0107 daty premiery \u201eFundacji\u201d, adaptacji kultowego cyklu Isaaca Asimova. Jak podaj\u0105 producenci Apple TV+, serial najprawdopodobniej uka\u017ce si\u0119 na jesie\u0144. Wed\u0142ug zapowiedzi, fabu\u0142a serialu b\u0119dzie skupia\u0107 si\u0119 na grupie wyrzutk\u00f3w, kt\u00f3rzy chc\u0105 odbudowa\u0107 cywilizacj\u0119 i uratowa\u0107 ludzko\u015b\u0107 przed upadkiem Galaktycznego Imperium. Re\u017cyserem \u201eFundacji\u201d jest Rupert Sanders, odpowiedzialny za takie filmy, jak \u201eGhost in the Shell\u201di \u201eKr\u00f3lewna \u015anie\u017cka i \u0141owca\u201d. W jednej z g\u0142\u00f3wnych zobaczymy Jareda Harrisa, o kt\u00f3rym g\u0142o\u015bno by\u0142o przy okazji premiery \u201eCzarnobyla\u201d. W jednym z najlepiej ocenianych seriali w historii, aktor wcieli\u0142 si\u0119 w rol\u0119 Walerija Legasowa. Na swoim koncie ma ponadto role w \u201eThe Crown\u201d czy \u201eMad Menie\u201d oraz takich filmach, jak \u201eSherlock Holmes: Gra Cieni\u201d, \u201eCiekawy przypadek Benjamina Buttona\u201d, \u201eKryptonim U.N.C.L.E.\u201d i \u201eTerror\u201d. Ponadto na ekranach zobaczymy m.in. Lee Pace&#8217;a (\u201eStra\u017cnicy Galaktyki\u201d, \u201eHobbit\u201d) i Laur\u0119 Birn (\u201eSerce lwa\u201d, \u201eKrocz\u0105c w\u015br\u00f3d cieni\u201d).<\/span><\/p>\n<p><span style=\"font-weight: 400;\">\u201eFundacja\u201d Asimova to jeden z najg\u0142o\u015bniejszych literackich cykli science-fiction. G\u0142\u00f3wnym bohaterem serii jest Hari Seldon, matematyk, tw\u00f3rca psychohistorii \u2013 nauki pozwalaj\u0105cej przewidywa\u0107 przysz\u0142o\u015b\u0107 danych cywilizacji. W celu skumulowania jak najwi\u0119kszej wiedzy, Seldon gromadzi wok\u00f3\u0142 siebie najwybitniejszych my\u015blicieli i naukowc\u00f3w. Jego g\u0142\u00f3wnym celem jest stworzenie nowego, trwa\u0142ego Imperium, w przeciwie\u0144stwie do tego istniej\u0105cego, odpornego na kryzysy.<\/span><\/p>\n<p><iframe loading=\"lazy\" title=\"Foundation \u2014 Teaser | Apple TV+\" width=\"500\" height=\"281\" src=\"https:\/\/www.youtube.com\/embed\/xgbPSA94Rqg?feature=oembed&#038;enablejsapi=1&#038;origin=https:\/\/woblink.com\" frameborder=\"0\" allow=\"accelerometer; autoplay; clipboard-write; encrypted-media; gyroscope; picture-in-picture\" allowfullscreen><\/iframe><\/p>\n<h3><b>Lisey\u2019s Story, Apple TV+ \u2013 2021<\/b><b><br \/>\n<\/b><b>Na podstawie \u201eHistorii Lisey\u201d Stephena Kinga<\/b><\/h3>\n<figure id=\"attachment_4258\" aria-describedby=\"caption-attachment-4258\" style=\"width: 209px\" class=\"wp-caption aligncenter\"><a href=\"https:\/\/woblink.com\/ksiazka\/historia-lisey-stephen-king-83192\"><img decoding=\"async\" loading=\"lazy\" class=\"wp-image-4258 size-medium\" src=\"https:\/\/i0.wp.com\/woblink.com\/blog\/wp-content\/uploads\/2021\/02\/5fb313fa4eabd.jpeg?resize=209%2C300&#038;ssl=1\" alt=\"historia lisey stephen king serial ksi\u0105\u017cka\" width=\"209\" height=\"300\" srcset=\"https:\/\/i0.wp.com\/woblink.com\/blog\/wp-content\/uploads\/2021\/02\/5fb313fa4eabd.jpeg?resize=209%2C300&amp;ssl=1 209w, https:\/\/i0.wp.com\/woblink.com\/blog\/wp-content\/uploads\/2021\/02\/5fb313fa4eabd.jpeg?w=300&amp;ssl=1 300w\" sizes=\"(max-width: 209px) 100vw, 209px\" data-recalc-dims=\"1\" \/><\/a><figcaption id=\"caption-attachment-4258\" class=\"wp-caption-text\"><center><b>Znajd\u017a <a href=\"https:\/\/woblink.com\/ksiazka\/historia-lisey-stephen-king-83192\">ksi\u0105\u017ck\u0119<\/a>, <a href=\"https:\/\/woblink.com\/ebook\/historia-lisey-stephen-king-3216u\">ebooka<\/a> lub <a href=\"https:\/\/woblink.com\/audiobook\/historia-lisey-stephen-king-189878\">audiobooka<\/a> na Woblink.com<\/b><\/center><\/figcaption><\/figure>\n<p><span style=\"font-weight: 400;\">W 2021 roku ma ukaza\u0107 si\u0119 tak\u017ce serial \u201eHistoria Lisey\u201d bazuj\u0105cy na powie\u015bci Stephena Kinga z 2006 roku pod tym samym tytu\u0142em. Za produkcj\u0119 odpowiada J.J. Abrams znany mi\u0119dzy innymi z \u201eZagubionych\u201d, \u201eStar Treka\u201d czy \u201eGwiezdnych wojen\u201d (\u201ePrzebudzenie Mocy\u201d i \u201eSkywalker. Odrodzenie\u201d). Re\u017cyserem serialu jest Pablo Larrain, a w g\u0142\u00f3wnej roli zobaczymy Julianne Moore. Miniserial b\u0119dzie dost\u0119pny na platformie Apple TV+.\u00a0<\/span><\/p>\n<p><span style=\"font-weight: 400;\">\u201eHistoria Lisey\u201d Stephena Kinga to najbardziej osobista i szczera powie\u015b\u0107 autora. Jak sam m\u00f3wi, to opowie\u015b\u0107 o mi\u0142o\u015bci, ma\u0142\u017ce\u0144stwie, szale\u0144stwie i \u0142\u0105cz\u0105cych ludzi wi\u0119zach krwi. Lisey, po \u015bmierci swojego m\u0119\u017ca Scotta, b\u0119dzie musia\u0142a stawi\u0107 czo\u0142a demonom m\u0119\u017ca i stalkerowi z obsesj\u0105 na punkcie tw\u00f3rczo\u015bci Scotta. <\/span><span style=\"font-weight: 400;\"><br \/>\n<\/span><\/p>\n<p><iframe loading=\"lazy\" title=\"Lisey&#039;s Story : first look from the Stephen King \/ JJ Abrams series, from the Apple TV Promo\" width=\"500\" height=\"281\" src=\"https:\/\/www.youtube.com\/embed\/76mn9lLAhsA?feature=oembed&#038;enablejsapi=1&#038;origin=https:\/\/woblink.com\" frameborder=\"0\" allow=\"accelerometer; autoplay; clipboard-write; encrypted-media; gyroscope; picture-in-picture\" allowfullscreen><\/iframe><\/p>\n<h3><b>Sandman, Netflix \u2013 2021?<\/b><b><br \/>\n<\/b><b>Na podstawie serii komiks\u00f3w \u201eSandman\u201d Neila Gaimana<\/b><\/h3>\n<figure id=\"attachment_4268\" aria-describedby=\"caption-attachment-4268\" style=\"width: 198px\" class=\"wp-caption aligncenter\"><a href=\"https:\/\/woblink.com\/ksiazka\/sandman-uniwersum-neil-gaiman-simon-spurrier-kat-howard-hopkinson-nalo-watters-dan-172993\"><img decoding=\"async\" loading=\"lazy\" class=\"wp-image-4268 size-medium\" src=\"https:\/\/i0.wp.com\/woblink.com\/blog\/wp-content\/uploads\/2021\/02\/5fb795b31d0bc-1.jpeg?resize=198%2C300&#038;ssl=1\" alt=\"sandman seriale na podstawie ksi\u0105\u017cek 2021\" width=\"198\" height=\"300\" srcset=\"https:\/\/i0.wp.com\/woblink.com\/blog\/wp-content\/uploads\/2021\/02\/5fb795b31d0bc-1.jpeg?resize=198%2C300&amp;ssl=1 198w, https:\/\/i0.wp.com\/woblink.com\/blog\/wp-content\/uploads\/2021\/02\/5fb795b31d0bc-1.jpeg?w=500&amp;ssl=1 500w\" sizes=\"(max-width: 198px) 100vw, 198px\" data-recalc-dims=\"1\" \/><\/a><figcaption id=\"caption-attachment-4268\" class=\"wp-caption-text\"><center><strong><a href=\"https:\/\/woblink.com\/ksiazka\/sandman-uniwersum-neil-gaiman-simon-spurrier-kat-howard-hopkinson-nalo-watters-dan-172993\">Znajd\u017a na Woblinku<\/a><\/strong><\/center><\/figcaption><\/figure>\n<p><span style=\"font-weight: 400;\">W 2021 roku, po latach niepowodze\u0144, najprawdopodobniej b\u0119dziemy mieli okazj\u0119 obejrze\u0107 serialow\u0105 ekranizacj\u0119 kultowego komiksu Neila Gaimana \u201eSandman\u201d. Produkcja ma by\u0107 dost\u0119pna pod koniec roku.\u00a0<\/span><\/p>\n<p><span style=\"font-weight: 400;\">G\u0142\u00f3wn\u0105 postaci\u0105 serii Gaimana jest uosobienie pana krainy sennych marze\u0144 \u2013 zwanego Snem, a tak\u017ce Morfeuszem. Sen jest bratem sze\u015bciorga Niesko\u0144czonych. Jego rodze\u0144stwem s\u0105 \u015amier\u0107, Zniszczenie, Los, Rozpacz, Po\u017c\u0105danie i Maligna. Po latach Sen zostaje uwolniony z niewoli pewnego maga. Teraz chce odbudowa\u0107 swoje kr\u00f3lestwo, jednak wcze\u015bniej b\u0119dzie musia\u0142 zmierzy\u0107 si\u0119 z konsekwencjami swoich dawnych czyn\u00f3w.\u00a0<\/span><\/p>\n<p><span style=\"font-weight: 400;\">Serial od Netflixa ma by\u0107 po\u0142\u0105czeniem wsp\u00f3\u0142czesnego mitu, mrocznej fantazji po\u0142\u0105czonej z wsp\u00f3\u0142czesn\u0105 fikcj\u0105 i dramatem historycznym. W g\u0142\u00f3wnej roli wyst\u0105pi Tom Sturridge.\u00a0<\/span><\/p>\n<p><iframe loading=\"lazy\" title=\"Official Trailer | The Sandman | Audible | DC\" width=\"500\" height=\"281\" src=\"https:\/\/www.youtube.com\/embed\/aGxIeEWpS-Y?feature=oembed&#038;enablejsapi=1&#038;origin=https:\/\/woblink.com\" frameborder=\"0\" allow=\"accelerometer; autoplay; clipboard-write; encrypted-media; gyroscope; picture-in-picture\" allowfullscreen><\/iframe><\/p>\n<h3><b>\u201eW\u0142adca pier\u015bcieni\u201d, Amazon \u2013 jesie\u0144 2021 (?)<\/b><b><br \/>\n<\/b><b>Na podstawie powie\u015bci J.R.R. Tolkiena<\/b><\/h3>\n<figure id=\"attachment_4264\" aria-describedby=\"caption-attachment-4264\" style=\"width: 200px\" class=\"wp-caption aligncenter\"><a href=\"https:\/\/woblink.com\/ksiazka\/wladca-pier-scieni-j-r-r-tolkien-142754\"><img decoding=\"async\" loading=\"lazy\" class=\"wp-image-4264 size-medium\" src=\"https:\/\/i0.wp.com\/woblink.com\/blog\/wp-content\/uploads\/2021\/02\/5fb64c8c94485.jpeg?resize=200%2C300&#038;ssl=1\" alt=\"w\u0142adca pier\u015bcieni seriale serial tolkien\" width=\"200\" height=\"300\" srcset=\"https:\/\/i0.wp.com\/woblink.com\/blog\/wp-content\/uploads\/2021\/02\/5fb64c8c94485.jpeg?resize=200%2C300&amp;ssl=1 200w, https:\/\/i0.wp.com\/woblink.com\/blog\/wp-content\/uploads\/2021\/02\/5fb64c8c94485.jpeg?w=500&amp;ssl=1 500w\" sizes=\"(max-width: 200px) 100vw, 200px\" data-recalc-dims=\"1\" \/><\/a><figcaption id=\"caption-attachment-4264\" class=\"wp-caption-text\"><center><b>Znajd\u017a <a href=\"https:\/\/woblink.com\/ksiazka\/wladca-pier-scieni-j-r-r-tolkien-142754\">ksi\u0105\u017ck\u0119<\/a> lub <a href=\"https:\/\/woblink.com\/ebook\/wladca-pier-scieni-tom-1-3-j-r-r-tolkien-6896u\">ebooka<\/a> na Woblink.com<\/b><\/center><\/figcaption><\/figure>\n<p><span style=\"font-weight: 400;\">\u201eW\u0142adcy Pier\u015bcieni\u201d nie trzeba nikomu przedstawia\u0107. To nie tylko jedna z najwa\u017cniejszych serii literackich na \u015bwiecie. Ogromnym sukcesem okaza\u0142a si\u0119 r\u00f3wnie\u017c filmowa adaptacja trylogii w re\u017cyserii Petera Jacksona. Tw\u00f3rc\u00f3w \u201eDru\u017cyny Pier\u015bcienia\u201d, \u201eDw\u00f3ch wie\u017c\u201d i \u201ePowrotu kr\u00f3la\u201d wyr\u00f3\u017cniono \u0142\u0105cznie szesnastoma Oscarami. Teraz przyszed\u0142 czas na serial. Po prawa do stworzenia prequela sagi si\u0119gn\u0105\u0142 Amazon, kt\u00f3remu do tej pory nie uda\u0142o si\u0119 podbi\u0107 rynku telewizyjnego. Amazon zap\u0142aci\u0142 za licencj\u0119 rekordowe 250 milion\u00f3w dolar\u00f3w. Wydaje si\u0119, \u017ce od sukcesu \u201eThe Lord of The Rings\u201d zale\u017ce\u0107 b\u0119dzie przysz\u0142o\u015b\u0107 Amazon Studios. Za re\u017cyseri\u0119 odpowiedzialny jest J.A. Bayona, hiszpa\u0144ski tw\u00f3rca takich film\u00f3w, jak \u201eNiemo\u017cliwe\u201d, \u201eSiedem minut po p\u00f3\u0142nocy\u201d i \u201eSierociniec\u201d.<\/span><\/p>\n<p><span style=\"font-weight: 400;\">Akcja serialu b\u0119dzie rozgrywa\u0107 si\u0119 tysi\u0105ce lat przed wydarzeniami ukazanymi w &#8222;Hobbicie&#8221; i &#8222;W\u0142adcy Pier\u015bcieni, czyli w Drugiej Erze \u015ar\u00f3dziemia. Wed\u0142ug ksi\u0105\u017cek Tolkiena by\u0142 to mroczny okres rz\u0105d\u00f3w Saurona. W tym czasie wykuto Pier\u015bcienie W\u0142adzy. W serialu b\u0119dziemy \u015bledzi\u0107 losy znanych ju\u017c bohater\u00f3w (Sauron, Galadriela), jak i zupe\u0142nie nowych postaci, wyst\u0119puj\u0105cych w ksi\u0105\u017ckach ukazuj\u0105cych histori\u0119 chronologicznie sprzed \u201eW\u0142adcy Pier\u015bcieni\u201d i \u201eHobbita\u201d. Producenci zapewniaj\u0105, \u017ce postaci zaw\u0119druj\u0105 \u201ea\u017c po najdalsze zak\u0105tki mapy\u201d kontynentu wykreowanego przez J.R.R. Tolkiena, zatem na ekranie pojawi\u0105 si\u0119 G\u00f3ry Mgliste, kr\u00f3lestwo N\u00famenoru oraz tajemnicze lasy Lindonu. Premiera \u201eThe Lord of the Rings\u201d planowana jest na jesie\u0144 2021 roku, ale prawdopodobnie, z przyczyn pandemicznych, mo\u017ce si\u0119 op\u00f3\u017ani\u0107.<\/span><\/p>\n<h3><b>Kolej podziemna, Amazon \u2013 2021<br \/>\n<\/b><b>Na podstawie \u201eKolei podziemnej\u201d Colsona Whiteheada\u00a0<\/b><\/h3>\n<figure id=\"attachment_6098\" aria-describedby=\"caption-attachment-6098\" style=\"width: 200px\" class=\"wp-caption aligncenter\"><a href=\"https:\/\/woblink.com\/ebook\/kolej-podziemna-rafal-lisowski-colson-whitehead-33350\"><img decoding=\"async\" loading=\"lazy\" class=\"wp-image-6098 size-medium\" src=\"https:\/\/i0.wp.com\/czytajpl.pl\/wp-content\/uploads\/2017\/11\/1253981-kolej-podziemna-czarna-krew-ameryki-200x300.jpg?resize=200%2C300\" alt=\"kolej podziemna colson whitehead serial\" width=\"200\" height=\"300\" data-recalc-dims=\"1\" \/><\/a><figcaption id=\"caption-attachment-6098\" class=\"wp-caption-text\"><center><strong>Kup <a href=\"https:\/\/woblink.com\/ebook\/kolej-podziemna-rafal-lisowski-colson-whitehead-33350\">ebooka<\/a>, <a href=\"https:\/\/woblink.com\/ksiazka\/kolej-podziemna-czarna-krew-ameryki-colson-whitehead-65084\">ksi\u0105\u017ck\u0119<\/a> lub <a href=\"https:\/\/woblink.com\/audiobook\/kolej-podziemna-czarna-krew-ameryki-colson-whitehead-161831\">audiobooka<\/a><\/strong><\/center><\/figcaption><\/figure>\n<p><span style=\"font-weight: 400;\">2017 rok bez w\u0105tpienia nale\u017ca\u0142 do Colsona Whiteheada, w\u00f3wczas ameryka\u0144ski pisarz otrzyma\u0142 Nagrod\u0119 Bookera, Pulitzera oraz National Book Awards za powie\u015b\u0107 \u201eKolej podziemna\u201d. Czy serialowa adaptacja podzieli sukces ksi\u0105\u017cki? Tego dowiemy si\u0119 ju\u017c w tym roku. Re\u017cyserem serialu jest Barry Jenkins, tw\u00f3rca oscarowych film\u00f3w \u201eMoonlight\u201d i \u201eGdyby ulica Beale umia\u0142a m\u00f3wi\u0107\u201d. Cho\u0107 jeszcze nie znamy dok\u0142adnej premiery \u201eKolei podziemnej\u201d, to wiemy, \u017ce Amazon zako\u0144czy\u0142 zdj\u0119cia, a w styczniu opublikowa\u0142 trailer. Przedstawiono w nim bohater\u00f3w serialu, a w tle s\u0142ycha\u0107 muzyk\u0119 Nicholasa Britella, znanego ze wsp\u00f3\u0142pracy z Jenkinsem przy kilku poprzednich produkcjach.\u00a0<\/span><\/p>\n<p><span style=\"font-weight: 400;\">Ksi\u0105\u017cka Whiteheada to opowie\u015b\u0107 o piekle ameryka\u0144skich plantacji, na kt\u00f3rych pracowali czarnosk\u00f3rzy niewolnicy. Jedyn\u0105 szans\u0105 na spr\u00f3bowanie normalnego \u017cycia by\u0142a ucieczka spod panowania w\u0142a\u015bciela do Meksyku, Kanady lub stan\u00f3w, w kt\u00f3rych zniesiono niewolnictwo b\u0105d\u017a znacznie je ograniczono. Tytu\u0142owa kolej podziemna by\u0142a systemem kryj\u00f3wek, dr\u00f3g, miejsc i organizacji, kt\u00f3re umo\u017cliwia\u0142y ucieczk\u0119. W ca\u0142y proces zaanga\u017cowani byli abolicjoni\u015bci \u2013 zwykle biali zwolennicy r\u00f3wno\u015bci, kt\u00f3rzy pomagali ciemnosk\u00f3rym niewolnikom. \u201eKolej podziemna\u201d to nie tylko kronika mrocznej historii niewolnictwa, ale r\u00f3wnie\u017c pokrzepiaj\u0105ca opowie\u015b\u0107 o ludzkiej solidarno\u015bci i d\u0105\u017ceniu do wolno\u015bci i szcz\u0119\u015bcia.<\/span><\/p>\n<p><iframe loading=\"lazy\" title=\"The Underground Railroad Limited Series Teaser | &#039;In Aeternum&#039; | Rotten Tomatoes TV\" width=\"500\" height=\"281\" src=\"https:\/\/www.youtube.com\/embed\/OGJo5HOIOf8?feature=oembed&#038;enablejsapi=1&#038;origin=https:\/\/woblink.com\" frameborder=\"0\" allow=\"accelerometer; autoplay; clipboard-write; encrypted-media; gyroscope; picture-in-picture\" allowfullscreen><\/iframe><\/p>\n<h3><b>Nine Perfect Strangers, Hulu \u2013 2021<\/b><b><br \/>\n<\/b><b>Na podstawie \u201eDziewi\u0119ciorga nieznajomych\u201d Liane Moriarty<\/b><\/h3>\n<figure id=\"attachment_4262\" aria-describedby=\"caption-attachment-4262\" style=\"width: 193px\" class=\"wp-caption aligncenter\"><a href=\"https:\/\/woblink.com\/ebook\/dziewiecioro-nieznajomych-liane-moriarty-169356u\"><img decoding=\"async\" loading=\"lazy\" class=\"wp-image-4262 size-medium\" src=\"https:\/\/i0.wp.com\/woblink.com\/blog\/wp-content\/uploads\/2021\/02\/5e817eb5c1aad.jpeg?resize=193%2C300&#038;ssl=1\" alt=\"dziewi\u0119cioro nieznajomych serial \" width=\"193\" height=\"300\" srcset=\"https:\/\/i0.wp.com\/woblink.com\/blog\/wp-content\/uploads\/2021\/02\/5e817eb5c1aad.jpeg?resize=193%2C300&amp;ssl=1 193w, https:\/\/i0.wp.com\/woblink.com\/blog\/wp-content\/uploads\/2021\/02\/5e817eb5c1aad.jpeg?w=550&amp;ssl=1 550w\" sizes=\"(max-width: 193px) 100vw, 193px\" data-recalc-dims=\"1\" \/><\/a><figcaption id=\"caption-attachment-4262\" class=\"wp-caption-text\"><center><strong>Kup <a href=\"https:\/\/woblink.com\/ebook\/dziewiecioro-nieznajomych-liane-moriarty-169356u\">ebooka<\/a>, <a href=\"https:\/\/woblink.com\/ebook\/dziewiecioro-nieznajomych-liane-moriarty-169356u\">ksi\u0105\u017ck\u0119<\/a> lub <a href=\"https:\/\/woblink.com\/audiobook\/dziewiecioro-nieznajomych-liane-moriarty-180234\">audiobooka<\/a><\/strong><\/center><\/figcaption><\/figure>\n<p><span style=\"font-weight: 400;\">List\u0119 zamyka serial \u201eNine Perfect Strangers\u201d, kt\u00f3ry ma ukaza\u0107 si\u0119 w tym roku na platformie Hulu. Produkcja jest adaptacj\u0105 powie\u015bci \u201eDziesi\u0119cioro nieznajomych\u201d Liane Moriarty, autorki bestsellerowych \u201eWielkich k\u0142amstewek\u201d, serialowego hitu HBO. W powie\u015bci Moriarty dziewi\u0119cioro nieznajomych przyje\u017cd\u017ca do owianego tajemnic\u0105 o\u015brodka, aby ca\u0142kowicie oczy\u015bci\u0107 swoje cia\u0142a oraz umys\u0142y. Przemycaj\u0105 zabronione u\u017cywki, ksi\u0105\u017cki i w\u0142asne tajemnice, kt\u00f3re szybko wyjd\u0105 na jaw.\u00a0<\/span><\/p>\n<p><span style=\"font-weight: 400;\">W \u201eNine Perfect Strangers\u201d w g\u0142\u00f3wnych rolach wyst\u0105pi\u0105 mi\u0119dzy innymi Nicole Kidman, Melissa McCarthy, Luke Evans, Melvin Gregg.\u00a0<\/span><\/p>\n","protected":false},"excerpt":{"rendered":"<p>\u201eW\u0142adca Pier\u015bcieni\u201d, \u201eKajko i Kokosz\u201d, \u201eKolej podziemna\u201d \u2013 to zaledwie pocz\u0105tek listy seriali na podstawie ksi\u0105\u017cek, kt\u00f3re b\u0119dziemy mogli obejrze\u0107 jeszcze w tym roku na r\u00f3\u017cnych platformach streamingowych. Przygotowali\u015bmy dla was list\u0119 najciekawszych premier oraz ksi\u0105\u017cki, kt\u00f3re pos\u0142u\u017cy\u0142y za inspiracj\u0119 do tworzenia scenariuszy. Oto seriale&#8230;<\/p>\n","protected":false},"author":7,"featured_media":4261,"comment_status":"closed","ping_status":"open","sticky":false,"template":"","format":"standard","meta":[],"categories":[87,97,96,84,95],"tags":[],"yoast_head":"<!-- This site is optimized with the Yoast SEO plugin v20.11 - https:\/\/yoast.com\/wordpress\/plugins\/seo\/ -->\n<title>Seriale na podstawie ksi\u0105\u017cek, na kt\u00f3re czekamy (2021) - Woblink<\/title>\n<meta name=\"description\" content=\"\u201eW\u0142adca Pier\u015bcieni\u201d, \u201eKajko i Kokosz\u201d, \u201eKolej podziemna\u201d \u2013 to seriale na podstawie ksi\u0105\u017cek, na kt\u00f3re czekamy w 2021 roku!\" \/>\n<meta name=\"robots\" content=\"index, follow, max-snippet:-1, max-image-preview:large, max-video-preview:-1\" \/>\n<link rel=\"canonical\" href=\"https:\/\/woblink.com\/blog\/seriale-na-podstawie-ksiazek-na-ktore-czekamy-2021\/\" \/>\n<meta property=\"og:locale\" content=\"pl_PL\" \/>\n<meta property=\"og:type\" content=\"article\" \/>\n<meta property=\"og:title\" content=\"Seriale na podstawie ksi\u0105\u017cek, na kt\u00f3re czekamy (2021) - Woblink\" \/>\n<meta property=\"og:description\" content=\"\u201eW\u0142adca Pier\u015bcieni\u201d, \u201eKajko i Kokosz\u201d, \u201eKolej podziemna\u201d \u2013 to seriale na podstawie ksi\u0105\u017cek, na kt\u00f3re czekamy w 2021 roku!\" \/>\n<meta property=\"og:url\" content=\"https:\/\/woblink.com\/blog\/seriale-na-podstawie-ksiazek-na-ktore-czekamy-2021\/\" \/>\n<meta property=\"og:site_name\" content=\"Woblink\" \/>\n<meta property=\"article:publisher\" content=\"https:\/\/facebook.com\/woblink\" \/>\n<meta property=\"article:published_time\" content=\"2021-02-24T15:17:51+00:00\" \/>\n<meta property=\"article:modified_time\" content=\"2021-02-25T09:32:07+00:00\" \/>\n<meta property=\"og:image\" content=\"https:\/\/i0.wp.com\/woblink.com\/blog\/wp-content\/uploads\/2021\/02\/artyku\u0142_seriale.jpg?fit=1011%2C690&ssl=1\" \/>\n\t<meta property=\"og:image:width\" content=\"1011\" \/>\n\t<meta property=\"og:image:height\" content=\"690\" \/>\n\t<meta property=\"og:image:type\" content=\"image\/jpeg\" \/>\n<meta name=\"author\" content=\"Redakcja Woblinka\" \/>\n<meta name=\"twitter:card\" content=\"summary_large_image\" \/>\n<meta name=\"twitter:creator\" content=\"@woblink_com\" \/>\n<meta name=\"twitter:site\" content=\"@woblink_com\" \/>\n<meta name=\"twitter:label1\" content=\"Napisane przez\" \/>\n\t<meta name=\"twitter:data1\" content=\"Redakcja Woblinka\" \/>\n\t<meta name=\"twitter:label2\" content=\"Szacowany czas czytania\" \/>\n\t<meta name=\"twitter:data2\" content=\"9 minut\" \/>\n<script type=\"application\/ld+json\" class=\"yoast-schema-graph\">{\"@context\":\"https:\/\/schema.org\",\"@graph\":[{\"@type\":\"Article\",\"@id\":\"https:\/\/woblink.com\/blog\/seriale-na-podstawie-ksiazek-na-ktore-czekamy-2021\/#article\",\"isPartOf\":{\"@id\":\"https:\/\/woblink.com\/blog\/seriale-na-podstawie-ksiazek-na-ktore-czekamy-2021\/\"},\"author\":{\"name\":\"Redakcja Woblinka\",\"@id\":\"https:\/\/woblink.com\/blog\/#\/schema\/person\/8ab6b79d64fa54209272130c4c3b1e95\"},\"headline\":\"Seriale na podstawie ksi\u0105\u017cek, na kt\u00f3re czekamy (2021)\",\"datePublished\":\"2021-02-24T15:17:51+00:00\",\"dateModified\":\"2021-02-25T09:32:07+00:00\",\"mainEntityOfPage\":{\"@id\":\"https:\/\/woblink.com\/blog\/seriale-na-podstawie-ksiazek-na-ktore-czekamy-2021\/\"},\"wordCount\":1750,\"publisher\":{\"@id\":\"https:\/\/woblink.com\/blog\/#organization\"},\"articleSection\":[\"Aktualno\u015bci\",\"Audiobooki\",\"Ebooki\",\"Filmy na podstawie ksi\u0105\u017cek\",\"Ksi\u0105\u017cki papierowe\"],\"inLanguage\":\"pl-PL\"},{\"@type\":\"WebPage\",\"@id\":\"https:\/\/woblink.com\/blog\/seriale-na-podstawie-ksiazek-na-ktore-czekamy-2021\/\",\"url\":\"https:\/\/woblink.com\/blog\/seriale-na-podstawie-ksiazek-na-ktore-czekamy-2021\/\",\"name\":\"Seriale na podstawie ksi\u0105\u017cek, na kt\u00f3re czekamy (2021) - Woblink\",\"isPartOf\":{\"@id\":\"https:\/\/woblink.com\/blog\/#website\"},\"datePublished\":\"2021-02-24T15:17:51+00:00\",\"dateModified\":\"2021-02-25T09:32:07+00:00\",\"description\":\"\u201eW\u0142adca Pier\u015bcieni\u201d, \u201eKajko i Kokosz\u201d, \u201eKolej podziemna\u201d \u2013 to seriale na podstawie ksi\u0105\u017cek, na kt\u00f3re czekamy w 2021 roku!\",\"breadcrumb\":{\"@id\":\"https:\/\/woblink.com\/blog\/seriale-na-podstawie-ksiazek-na-ktore-czekamy-2021\/#breadcrumb\"},\"inLanguage\":\"pl-PL\",\"potentialAction\":[{\"@type\":\"ReadAction\",\"target\":[\"https:\/\/woblink.com\/blog\/seriale-na-podstawie-ksiazek-na-ktore-czekamy-2021\/\"]}]},{\"@type\":\"BreadcrumbList\",\"@id\":\"https:\/\/woblink.com\/blog\/seriale-na-podstawie-ksiazek-na-ktore-czekamy-2021\/#breadcrumb\",\"itemListElement\":[{\"@type\":\"ListItem\",\"position\":1,\"name\":\"Strona g\u0142\u00f3wna\",\"item\":\"https:\/\/woblink.com\/blog\/\"},{\"@type\":\"ListItem\",\"position\":2,\"name\":\"Seriale na podstawie ksi\u0105\u017cek, na kt\u00f3re czekamy (2021)\"}]},{\"@type\":\"WebSite\",\"@id\":\"https:\/\/woblink.com\/blog\/#website\",\"url\":\"https:\/\/woblink.com\/blog\/\",\"name\":\"Woblink\",\"description\":\"najlepszy firmowy blog o ksi\u0105\u017ckach\",\"publisher\":{\"@id\":\"https:\/\/woblink.com\/blog\/#organization\"},\"potentialAction\":[{\"@type\":\"SearchAction\",\"target\":{\"@type\":\"EntryPoint\",\"urlTemplate\":\"https:\/\/woblink.com\/blog\/?s={search_term_string}\"},\"query-input\":\"required name=search_term_string\"}],\"inLanguage\":\"pl-PL\"},{\"@type\":\"Organization\",\"@id\":\"https:\/\/woblink.com\/blog\/#organization\",\"name\":\"Woblink\",\"url\":\"https:\/\/woblink.com\/blog\/\",\"logo\":{\"@type\":\"ImageObject\",\"inLanguage\":\"pl-PL\",\"@id\":\"https:\/\/woblink.com\/blog\/#\/schema\/logo\/image\/\",\"url\":\"https:\/\/i0.wp.com\/woblink.com\/blog\/wp-content\/uploads\/2019\/04\/nw_logoB.png?fit=185%2C42&ssl=1\",\"contentUrl\":\"https:\/\/i0.wp.com\/woblink.com\/blog\/wp-content\/uploads\/2019\/04\/nw_logoB.png?fit=185%2C42&ssl=1\",\"width\":185,\"height\":42,\"caption\":\"Woblink\"},\"image\":{\"@id\":\"https:\/\/woblink.com\/blog\/#\/schema\/logo\/image\/\"},\"sameAs\":[\"https:\/\/facebook.com\/woblink\",\"https:\/\/twitter.com\/woblink_com\",\"https:\/\/www.instagram.com\/woblink_com\",\"https:\/\/www.linkedin.com\/company\/woblink\/\"]},{\"@type\":\"Person\",\"@id\":\"https:\/\/woblink.com\/blog\/#\/schema\/person\/8ab6b79d64fa54209272130c4c3b1e95\",\"name\":\"Redakcja Woblinka\",\"image\":{\"@type\":\"ImageObject\",\"inLanguage\":\"pl-PL\",\"@id\":\"https:\/\/woblink.com\/blog\/#\/schema\/person\/image\/\",\"url\":\"https:\/\/secure.gravatar.com\/avatar\/f23ae80a7c9da060bee5f8310913478b?s=96&d=mm&r=g\",\"contentUrl\":\"https:\/\/secure.gravatar.com\/avatar\/f23ae80a7c9da060bee5f8310913478b?s=96&d=mm&r=g\",\"caption\":\"Redakcja Woblinka\"},\"url\":\"https:\/\/woblink.com\/blog\/author\/krasny\/\"}]}<\/script>\n<!-- \/ Yoast SEO plugin. -->","yoast_head_json":{"title":"Seriale na podstawie ksi\u0105\u017cek, na kt\u00f3re czekamy (2021) - Woblink","description":"\u201eW\u0142adca Pier\u015bcieni\u201d, \u201eKajko i Kokosz\u201d, \u201eKolej podziemna\u201d \u2013 to seriale na podstawie ksi\u0105\u017cek, na kt\u00f3re czekamy w 2021 roku!","robots":{"index":"index","follow":"follow","max-snippet":"max-snippet:-1","max-image-preview":"max-image-preview:large","max-video-preview":"max-video-preview:-1"},"canonical":"https:\/\/woblink.com\/blog\/seriale-na-podstawie-ksiazek-na-ktore-czekamy-2021\/","og_locale":"pl_PL","og_type":"article","og_title":"Seriale na podstawie ksi\u0105\u017cek, na kt\u00f3re czekamy (2021) - Woblink","og_description":"\u201eW\u0142adca Pier\u015bcieni\u201d, \u201eKajko i Kokosz\u201d, \u201eKolej podziemna\u201d \u2013 to seriale na podstawie ksi\u0105\u017cek, na kt\u00f3re czekamy w 2021 roku!","og_url":"https:\/\/woblink.com\/blog\/seriale-na-podstawie-ksiazek-na-ktore-czekamy-2021\/","og_site_name":"Woblink","article_publisher":"https:\/\/facebook.com\/woblink","article_published_time":"2021-02-24T15:17:51+00:00","article_modified_time":"2021-02-25T09:32:07+00:00","og_image":[{"width":1011,"height":690,"url":"https:\/\/i0.wp.com\/woblink.com\/blog\/wp-content\/uploads\/2021\/02\/artyku\u0142_seriale.jpg?fit=1011%2C690&ssl=1","type":"image\/jpeg"}],"author":"Redakcja Woblinka","twitter_card":"summary_large_image","twitter_creator":"@woblink_com","twitter_site":"@woblink_com","twitter_misc":{"Napisane przez":"Redakcja Woblinka","Szacowany czas czytania":"9 minut"},"schema":{"@context":"https:\/\/schema.org","@graph":[{"@type":"Article","@id":"https:\/\/woblink.com\/blog\/seriale-na-podstawie-ksiazek-na-ktore-czekamy-2021\/#article","isPartOf":{"@id":"https:\/\/woblink.com\/blog\/seriale-na-podstawie-ksiazek-na-ktore-czekamy-2021\/"},"author":{"name":"Redakcja Woblinka","@id":"https:\/\/woblink.com\/blog\/#\/schema\/person\/8ab6b79d64fa54209272130c4c3b1e95"},"headline":"Seriale na podstawie ksi\u0105\u017cek, na kt\u00f3re czekamy (2021)","datePublished":"2021-02-24T15:17:51+00:00","dateModified":"2021-02-25T09:32:07+00:00","mainEntityOfPage":{"@id":"https:\/\/woblink.com\/blog\/seriale-na-podstawie-ksiazek-na-ktore-czekamy-2021\/"},"wordCount":1750,"publisher":{"@id":"https:\/\/woblink.com\/blog\/#organization"},"articleSection":["Aktualno\u015bci","Audiobooki","Ebooki","Filmy na podstawie ksi\u0105\u017cek","Ksi\u0105\u017cki papierowe"],"inLanguage":"pl-PL"},{"@type":"WebPage","@id":"https:\/\/woblink.com\/blog\/seriale-na-podstawie-ksiazek-na-ktore-czekamy-2021\/","url":"https:\/\/woblink.com\/blog\/seriale-na-podstawie-ksiazek-na-ktore-czekamy-2021\/","name":"Seriale na podstawie ksi\u0105\u017cek, na kt\u00f3re czekamy (2021) - Woblink","isPartOf":{"@id":"https:\/\/woblink.com\/blog\/#website"},"datePublished":"2021-02-24T15:17:51+00:00","dateModified":"2021-02-25T09:32:07+00:00","description":"\u201eW\u0142adca Pier\u015bcieni\u201d, \u201eKajko i Kokosz\u201d, \u201eKolej podziemna\u201d \u2013 to seriale na podstawie ksi\u0105\u017cek, na kt\u00f3re czekamy w 2021 roku!","breadcrumb":{"@id":"https:\/\/woblink.com\/blog\/seriale-na-podstawie-ksiazek-na-ktore-czekamy-2021\/#breadcrumb"},"inLanguage":"pl-PL","potentialAction":[{"@type":"ReadAction","target":["https:\/\/woblink.com\/blog\/seriale-na-podstawie-ksiazek-na-ktore-czekamy-2021\/"]}]},{"@type":"BreadcrumbList","@id":"https:\/\/woblink.com\/blog\/seriale-na-podstawie-ksiazek-na-ktore-czekamy-2021\/#breadcrumb","itemListElement":[{"@type":"ListItem","position":1,"name":"Strona g\u0142\u00f3wna","item":"https:\/\/woblink.com\/blog\/"},{"@type":"ListItem","position":2,"name":"Seriale na podstawie ksi\u0105\u017cek, na kt\u00f3re czekamy (2021)"}]},{"@type":"WebSite","@id":"https:\/\/woblink.com\/blog\/#website","url":"https:\/\/woblink.com\/blog\/","name":"Woblink","description":"najlepszy firmowy blog o ksi\u0105\u017ckach","publisher":{"@id":"https:\/\/woblink.com\/blog\/#organization"},"potentialAction":[{"@type":"SearchAction","target":{"@type":"EntryPoint","urlTemplate":"https:\/\/woblink.com\/blog\/?s={search_term_string}"},"query-input":"required name=search_term_string"}],"inLanguage":"pl-PL"},{"@type":"Organization","@id":"https:\/\/woblink.com\/blog\/#organization","name":"Woblink","url":"https:\/\/woblink.com\/blog\/","logo":{"@type":"ImageObject","inLanguage":"pl-PL","@id":"https:\/\/woblink.com\/blog\/#\/schema\/logo\/image\/","url":"https:\/\/i0.wp.com\/woblink.com\/blog\/wp-content\/uploads\/2019\/04\/nw_logoB.png?fit=185%2C42&ssl=1","contentUrl":"https:\/\/i0.wp.com\/woblink.com\/blog\/wp-content\/uploads\/2019\/04\/nw_logoB.png?fit=185%2C42&ssl=1","width":185,"height":42,"caption":"Woblink"},"image":{"@id":"https:\/\/woblink.com\/blog\/#\/schema\/logo\/image\/"},"sameAs":["https:\/\/facebook.com\/woblink","https:\/\/twitter.com\/woblink_com","https:\/\/www.instagram.com\/woblink_com","https:\/\/www.linkedin.com\/company\/woblink\/"]},{"@type":"Person","@id":"https:\/\/woblink.com\/blog\/#\/schema\/person\/8ab6b79d64fa54209272130c4c3b1e95","name":"Redakcja Woblinka","image":{"@type":"ImageObject","inLanguage":"pl-PL","@id":"https:\/\/woblink.com\/blog\/#\/schema\/person\/image\/","url":"https:\/\/secure.gravatar.com\/avatar\/f23ae80a7c9da060bee5f8310913478b?s=96&d=mm&r=g","contentUrl":"https:\/\/secure.gravatar.com\/avatar\/f23ae80a7c9da060bee5f8310913478b?s=96&d=mm&r=g","caption":"Redakcja Woblinka"},"url":"https:\/\/woblink.com\/blog\/author\/krasny\/"}]}},"jetpack_featured_media_url":"https:\/\/i0.wp.com\/woblink.com\/blog\/wp-content\/uploads\/2021\/02\/artyku\u0142_seriale.jpg?fit=1011%2C690&ssl=1","_links":{"self":[{"href":"https:\/\/woblink.com\/blog\/wp-json\/wp\/v2\/posts\/4249"}],"collection":[{"href":"https:\/\/woblink.com\/blog\/wp-json\/wp\/v2\/posts"}],"about":[{"href":"https:\/\/woblink.com\/blog\/wp-json\/wp\/v2\/types\/post"}],"author":[{"embeddable":true,"href":"https:\/\/woblink.com\/blog\/wp-json\/wp\/v2\/users\/7"}],"replies":[{"embeddable":true,"href":"https:\/\/woblink.com\/blog\/wp-json\/wp\/v2\/comments?post=4249"}],"version-history":[{"count":5,"href":"https:\/\/woblink.com\/blog\/wp-json\/wp\/v2\/posts\/4249\/revisions"}],"predecessor-version":[{"id":4266,"href":"https:\/\/woblink.com\/blog\/wp-json\/wp\/v2\/posts\/4249\/revisions\/4266"}],"wp:featuredmedia":[{"embeddable":true,"href":"https:\/\/woblink.com\/blog\/wp-json\/wp\/v2\/media\/4261"}],"wp:attachment":[{"href":"https:\/\/woblink.com\/blog\/wp-json\/wp\/v2\/media?parent=4249"}],"wp:term":[{"taxonomy":"category","embeddable":true,"href":"https:\/\/woblink.com\/blog\/wp-json\/wp\/v2\/categories?post=4249"},{"taxonomy":"post_tag","embeddable":true,"href":"https:\/\/woblink.com\/blog\/wp-json\/wp\/v2\/tags?post=4249"}],"curies":[{"name":"wp","href":"https:\/\/api.w.org\/{rel}","templated":true}]}}