{"id":4301,"date":"2021-02-26T14:44:34","date_gmt":"2021-02-26T13:44:34","guid":{"rendered":"https:\/\/woblink.com\/blog\/?p=4301"},"modified":"2021-02-26T14:44:34","modified_gmt":"2021-02-26T13:44:34","slug":"ksiazki-roku-2020-wg-magazynu-literackiego-ksiazki","status":"publish","type":"post","link":"https:\/\/woblink.com\/blog\/ksiazki-roku-2020-wg-magazynu-literackiego-ksiazki\/","title":{"rendered":"Ksi\u0105\u017cki Roku 2020 wg Magazynu Literackiego KSI\u0104\u017bKI"},"content":{"rendered":"<p><strong>Po raz dziewi\u0119tnasty redakcja \u201eMagazynu Literackiego KSI\u0104\u017bKI\u201d przyzna\u0142a Nagrody za Ksi\u0105\u017cki Roku. Tym razem og\u0142oszenie wynik\u00f3w odby\u0142o si\u0119 26 lutego online na profilu Magazynu Literackiego KSI\u0104\u017bKI na Facebooku.<\/strong><\/p>\n<p><!--more-->Przez ca\u0142y rok, co miesi\u0105c, zesp\u00f3\u0142 redakcyjny Magazynu Literackiego KSI\u0104\u017bKI, wybiera cztery tytu\u0142y warte szczeg\u00f3lnej uwagi \u2013 ze wzgl\u0119du na warto\u015bci poznawcze, literackie czy artystyczne. Wybrane pozycje otrzymuj\u0105 tytu\u0142 KSI\u0104\u017bKI MIESI\u0104CA.<\/p>\n<p>W ten spos\u00f3b przez ca\u0142y rok powstaje lista 48 tytu\u0142\u00f3w. Spo\u015br\u00f3d KSI\u0104\u017bEK MIESI\u0104CA zostaje wybranych pi\u0119\u0107 najwa\u017cniejszych tytu\u0142\u00f3w, kt\u00f3re otrzymuj\u0105 tytu\u0142 KSI\u0104\u017bEK ROKU.<\/p>\n<blockquote><p>\u2013 Rok by\u0142 trudny, ale potwierdzi\u0142, \u017ce w naszej bran\u017cy jest wiele energii i profesjonalizmu. Oceniamy, \u017ce silni uczestnicy rynku obronili si\u0119 mimo ogromnych trudno\u015bci. Spad\u0142o zapotrzebowanie na papiery graficzne, bo drukuje si\u0119 mniej katalog\u00f3w i gazetek dla sieci handlowych, ale ksi\u0105\u017cek drukuje si\u0119 ci\u0105gle bardzo du\u017co, wi\u0119c poligrafia ma co robi\u0107. Wyra\u017anie wzros\u0142a sprzeda\u017c internetowa. Dotkliwe straty nast\u0105pi\u0142y natomiast w segmencie ksi\u0119garskim, chocia\u017c samorz\u0105dy podejmuj\u0105 widoczne ju\u017c inicjatywy pomocowe w kilku miastach, czekamy te\u017c na zapowiedziane wsparcie ze strony resortu kultury i Instytutu Ksi\u0105\u017cki<\/p><\/blockquote>\n<p>\u2013 powiedzia\u0142\u00a0<strong>Piotr Dobro\u0142\u0119cki<\/strong>, redaktor naczelny \u201eMagazynu Literackiego KSI\u0104\u017bKI\u201d.<\/p>\n<h3><strong>Ksi\u0105\u017cki Roku 2020<\/strong><\/h3>\n<h4><strong>\u201eTalita\u201d \u2013 Pawe\u0142 Huelle, Znak<\/strong><\/h4>\n<figure id=\"attachment_4303\" aria-describedby=\"caption-attachment-4303\" style=\"width: 211px\" class=\"wp-caption aligncenter\"><a href=\"https:\/\/woblink.com\/ksiazka\/talita-pawel-huelle-195726\"><img decoding=\"async\" loading=\"lazy\" class=\"wp-image-4303 size-medium\" src=\"https:\/\/i0.wp.com\/woblink.com\/blog\/wp-content\/uploads\/2021\/02\/5f72d428e6037.jpeg?resize=211%2C300&#038;ssl=1\" alt=\"Pawe\u0142 Huelle\" width=\"211\" height=\"300\" srcset=\"https:\/\/i0.wp.com\/woblink.com\/blog\/wp-content\/uploads\/2021\/02\/5f72d428e6037.jpeg?resize=211%2C300&amp;ssl=1 211w, https:\/\/i0.wp.com\/woblink.com\/blog\/wp-content\/uploads\/2021\/02\/5f72d428e6037.jpeg?w=351&amp;ssl=1 351w\" sizes=\"(max-width: 211px) 100vw, 211px\" data-recalc-dims=\"1\" \/><\/a><figcaption id=\"caption-attachment-4303\" class=\"wp-caption-text\"><center><b>Znajd\u017a <a href=\"https:\/\/woblink.com\/ksiazka\/talita-pawel-huelle-195726\">ksi\u0105\u017ck\u0119<\/a> na Woblink.com<\/b><\/center><\/figcaption><\/figure>\n<h4><strong>\u201eOd jednego Lucypera\u201d \u2013 Anna Dziewit-Meller, Wydawnictwo Literackie<\/strong><\/h4>\n<figure id=\"attachment_4304\" aria-describedby=\"caption-attachment-4304\" style=\"width: 191px\" class=\"wp-caption aligncenter\"><a href=\"https:\/\/woblink.com\/ebook\/od-jednego-lucypera-anna-dziewit-meller-188371u\"><img decoding=\"async\" loading=\"lazy\" class=\"wp-image-4304 size-medium\" src=\"https:\/\/i0.wp.com\/woblink.com\/blog\/wp-content\/uploads\/2021\/02\/5f8634490311c.png?resize=191%2C300&#038;ssl=1\" alt=\"od jednego lucypera ksi\u0105\u017cki roku magazyn ksi\u0105\u017cki 2020\" width=\"191\" height=\"300\" srcset=\"https:\/\/i0.wp.com\/woblink.com\/blog\/wp-content\/uploads\/2021\/02\/5f8634490311c.png?resize=191%2C300&amp;ssl=1 191w, https:\/\/i0.wp.com\/woblink.com\/blog\/wp-content\/uploads\/2021\/02\/5f8634490311c.png?resize=420%2C660&amp;ssl=1 420w, https:\/\/i0.wp.com\/woblink.com\/blog\/wp-content\/uploads\/2021\/02\/5f8634490311c.png?w=544&amp;ssl=1 544w\" sizes=\"(max-width: 191px) 100vw, 191px\" data-recalc-dims=\"1\" \/><\/a><figcaption id=\"caption-attachment-4304\" class=\"wp-caption-text\"><center><b>Znajd\u017a <a href=\"https:\/\/woblink.com\/ebook\/od-jednego-lucypera-anna-dziewit-meller-188371u\">ebooka<\/a> lub <a href=\"https:\/\/woblink.com\/audiobook\/od-jednego-lucypera-anna-dziewit-meller-196723\">audiobooka<\/a> na Woblink.com<\/b><\/center><\/figcaption><\/figure>\n<h4><strong>\u201eM. Syn stulecia\u201d \u2013 Antonio Scurati, t\u0142um. Alina Paw\u0142owska-Zampino, Sonia Draga<\/strong><\/h4>\n<figure id=\"attachment_4305\" aria-describedby=\"caption-attachment-4305\" style=\"width: 185px\" class=\"wp-caption aligncenter\"><a href=\"https:\/\/woblink.com\/ksiazka\/m-syn-stulecia-scurati-antonio-180846\"><img decoding=\"async\" loading=\"lazy\" class=\"wp-image-4305 size-medium\" src=\"https:\/\/i0.wp.com\/woblink.com\/blog\/wp-content\/uploads\/2021\/02\/5fc0cc874cdc5.jpeg?resize=185%2C300&#038;ssl=1\" alt=\"syn stulecia ksi\u0105\u017cki roku magazyn ksia\u017cki\" width=\"185\" height=\"300\" srcset=\"https:\/\/i0.wp.com\/woblink.com\/blog\/wp-content\/uploads\/2021\/02\/5fc0cc874cdc5.jpeg?resize=185%2C300&amp;ssl=1 185w, https:\/\/i0.wp.com\/woblink.com\/blog\/wp-content\/uploads\/2021\/02\/5fc0cc874cdc5.jpeg?w=500&amp;ssl=1 500w\" sizes=\"(max-width: 185px) 100vw, 185px\" data-recalc-dims=\"1\" \/><\/a><figcaption id=\"caption-attachment-4305\" class=\"wp-caption-text\"><center><b>Znajd\u017a <a href=\"https:\/\/woblink.com\/ksiazka\/m-syn-stulecia-scurati-antonio-180846\">ksi\u0105\u017ck\u0119<\/a> lub <a href=\"https:\/\/woblink.com\/audiobook\/m-syn-stulecia-scurati-antonio-202969\">audiobooka<\/a> na Woblink.com<\/b><\/center><\/figcaption><\/figure>\n<h4><strong>\u201eLato 1920\u201d \u2013 Joanna Roli\u0144ska, Bellona<\/strong><\/h4>\n<figure id=\"attachment_4306\" aria-describedby=\"caption-attachment-4306\" style=\"width: 202px\" class=\"wp-caption aligncenter\"><a href=\"https:\/\/woblink.com\/ksiazka\/lato-1920-roli-nska-joanna-190150\"><img decoding=\"async\" loading=\"lazy\" class=\"wp-image-4306 size-medium\" src=\"https:\/\/i0.wp.com\/woblink.com\/blog\/wp-content\/uploads\/2021\/02\/5fc0e3e4c76b1.jpeg?resize=202%2C300&#038;ssl=1\" alt=\"lato 1920 bellona ksi\u0105\u017cki roku 2020\" width=\"202\" height=\"300\" srcset=\"https:\/\/i0.wp.com\/woblink.com\/blog\/wp-content\/uploads\/2021\/02\/5fc0e3e4c76b1.jpeg?resize=202%2C300&amp;ssl=1 202w, https:\/\/i0.wp.com\/woblink.com\/blog\/wp-content\/uploads\/2021\/02\/5fc0e3e4c76b1.jpeg?w=500&amp;ssl=1 500w\" sizes=\"(max-width: 202px) 100vw, 202px\" data-recalc-dims=\"1\" \/><\/a><figcaption id=\"caption-attachment-4306\" class=\"wp-caption-text\"><center><b>Znajd\u017a <a href=\"https:\/\/woblink.com\/ksiazka\/lato-1920-roli-nska-joanna-190150\">ksi\u0105\u017ck\u0119<\/a> lub <a href=\"https:\/\/woblink.com\/audiobook\/lato-1920-roli-nska-joanna-195963\">audiobooka<\/a> na Woblink.com<\/b><\/center><\/figcaption><\/figure>\n<h4><strong>\u201eBiblioteka szale\u0144ca\u201d \u2013 Edwarda Brooke-Hitching, t\u0142um. Janusza Szczepa\u0144ski, Rebis<\/strong><\/h4>\n<p><img decoding=\"async\" loading=\"lazy\" class=\"size-medium wp-image-4307 aligncenter\" src=\"https:\/\/i0.wp.com\/woblink.com\/blog\/wp-content\/uploads\/2021\/02\/845318-352x500.jpg?resize=211%2C300&#038;ssl=1\" alt=\"\" width=\"211\" height=\"300\" srcset=\"https:\/\/i0.wp.com\/woblink.com\/blog\/wp-content\/uploads\/2021\/02\/845318-352x500.jpg?resize=211%2C300&amp;ssl=1 211w, https:\/\/i0.wp.com\/woblink.com\/blog\/wp-content\/uploads\/2021\/02\/845318-352x500.jpg?resize=352%2C500&amp;ssl=1 352w\" sizes=\"(max-width: 211px) 100vw, 211px\" data-recalc-dims=\"1\" \/><\/p>\n<h4><strong>\u201eHetman Chrystusa\u201d \u2013 Jolanta Sosnowska, Bia\u0142y Kruk<\/strong><\/h4>\n<figure id=\"attachment_4308\" aria-describedby=\"caption-attachment-4308\" style=\"width: 242px\" class=\"wp-caption aligncenter\"><a href=\"https:\/\/woblink.com\/ksiazka\/hetman-chrystusa-biografia-swietego-jana-pawla-ii-tom-1-lata-1978-1982-jolanta-sosnowska-124725\"><img decoding=\"async\" loading=\"lazy\" class=\"wp-image-4308 size-medium\" src=\"https:\/\/i0.wp.com\/woblink.com\/blog\/wp-content\/uploads\/2021\/02\/5fb6213ae1ec1.jpeg?resize=242%2C300&#038;ssl=1\" alt=\"hetman chrystusa najlepsze ksi\u0105\u017cki ksi\u0105\u017cki roku 2020\" width=\"242\" height=\"300\" srcset=\"https:\/\/i0.wp.com\/woblink.com\/blog\/wp-content\/uploads\/2021\/02\/5fb6213ae1ec1.jpeg?resize=242%2C300&amp;ssl=1 242w, https:\/\/i0.wp.com\/woblink.com\/blog\/wp-content\/uploads\/2021\/02\/5fb6213ae1ec1.jpeg?w=500&amp;ssl=1 500w\" sizes=\"(max-width: 242px) 100vw, 242px\" data-recalc-dims=\"1\" \/><\/a><figcaption id=\"caption-attachment-4308\" class=\"wp-caption-text\"><center><b>Znajd\u017a <a href=\"https:\/\/woblink.com\/ksiazka\/hetman-chrystusa-biografia-swietego-jana-pawla-ii-tom-1-lata-1978-1982-jolanta-sosnowska-124725\">ksi\u0105\u017ck\u0119<\/a> na Woblink.com<\/b><\/center><\/figcaption><\/figure>\n<h3><strong>Audiobook Roku 2020<\/strong><\/h3>\n<p>Nagrod\u0119\u00a0<strong>Audiobook Roku 2020<\/strong>\u00a0przyznawan\u0105 wsp\u00f3lnie z Audioteka.pl otrzyma\u0142o Wydawnictwo Albatros \u00a0za s\u0142uchowisko\u00a0<strong>\u201eUpadek gigant\u00f3w\u201d Kena Folleta<\/strong>\u00a0w przek\u0142adzie Zbigniewa A. Kr\u00f3lickiego i Grzegorza Ko\u0142odziejczyka.<\/p>\n<p><img decoding=\"async\" loading=\"lazy\" class=\"size-medium wp-image-4310 aligncenter\" src=\"https:\/\/i0.wp.com\/woblink.com\/blog\/wp-content\/uploads\/2021\/02\/6x99906680660.jpg?resize=300%2C300&#038;ssl=1\" alt=\"\" width=\"300\" height=\"300\" srcset=\"https:\/\/i0.wp.com\/woblink.com\/blog\/wp-content\/uploads\/2021\/02\/6x99906680660.jpg?resize=300%2C300&amp;ssl=1 300w, https:\/\/i0.wp.com\/woblink.com\/blog\/wp-content\/uploads\/2021\/02\/6x99906680660.jpg?resize=150%2C150&amp;ssl=1 150w, https:\/\/i0.wp.com\/woblink.com\/blog\/wp-content\/uploads\/2021\/02\/6x99906680660.jpg?resize=100%2C100&amp;ssl=1 100w, https:\/\/i0.wp.com\/woblink.com\/blog\/wp-content\/uploads\/2021\/02\/6x99906680660.jpg?w=560&amp;ssl=1 560w\" sizes=\"(max-width: 300px) 100vw, 300px\" data-recalc-dims=\"1\" \/><\/p>\n<h3><strong>Wydawnictwo Roku 2020<\/strong><\/h3>\n<p>Tytu\u0142 Wydawcy Roku 2020 otrzyma\u0142o\u00a0<strong><a href=\"https:\/\/wydawnictwopauza.pl\/\">Wydawnictwo Pauza<\/a>\u00a0<\/strong>za \u201eambitn\u0105, pobudzaj\u0105c\u0105 intelektualnie literatur\u0119, za konsekwencj\u0119 w pod\u0105\u017caniu w\u0142asn\u0105 drog\u0105, za stworzenie silnej i rozpoznawalnej marki, kt\u00f3ra w \u015bwiadomo\u015bci czytelnik\u00f3w i bran\u017cy sta\u0142a si\u0119 symbolem jako\u015bci\u201d. Warto przypomnie\u0107, \u017ce Pauza specjalizuje si\u0119 w wydawaniu ambitnej, wsp\u00f3\u0142czesnej prozy zagranicznej. Wydawnictwo dba zar\u00f3wno o dobry dob\u00f3r tytu\u0142\u00f3w, jak i rzeteln\u0105 prac\u0119 translatorsk\u0105 i edytorsk\u0105.<\/p>\n<p>W 2020 roku nak\u0142adem Wydawnictwa Pauza ukaza\u0142y si\u0119 takie ksi\u0105\u017cki, jak \u201e<strong><a href=\"https:\/\/woblink.com\/ebook\/doro-sli-karolina-drozdowska-ewa-pawlowska-marie-aubert-189023u\">Doro\u015bli<\/a><\/strong>\u201d Marie Aubert, \u201e<strong><a href=\"https:\/\/woblink.com\/ebook\/turbulencje-dobromila-jankowska-szalay-david-ewa-pawlowska-189946u\">Turbulencje<\/a><\/strong>\u201d Davida Szalaya, \u201e<strong><a href=\"https:\/\/woblink.com\/ebook\/nocny-prom-do-tangeru-lukasz-buchalski-kamila-buchalska-kevin-barry-184188u\">Nocny prom do Tangeru<\/a><\/strong>\u201d Kevina Barry&#8217;ego i \u201e<strong><a href=\"https:\/\/woblink.com\/ebook\/pelnia-milo-sci-dobromila-jankowska-ewa-pawlowska-sigrid-nunez-195659u\">Pe\u0142nia mi\u0142o\u015bci<\/a><\/strong>\u201d Sigrid Nunez.<\/p>\n<figure id=\"attachment_4309\" aria-describedby=\"caption-attachment-4309\" style=\"width: 211px\" class=\"wp-caption aligncenter\"><a href=\"https:\/\/woblink.com\/ebook\/doro-sli-karolina-drozdowska-ewa-pawlowska-marie-aubert-189023u\"><img decoding=\"async\" loading=\"lazy\" class=\"wp-image-4309 size-medium\" src=\"https:\/\/i0.wp.com\/woblink.com\/blog\/wp-content\/uploads\/2021\/02\/5ef1a812c2b59-1.jpeg?resize=211%2C300&#038;ssl=1\" alt=\"pauza wydawnictwo roku ksi\u0105\u017cki roku 2020\" width=\"211\" height=\"300\" srcset=\"https:\/\/i0.wp.com\/woblink.com\/blog\/wp-content\/uploads\/2021\/02\/5ef1a812c2b59-1.jpeg?resize=211%2C300&amp;ssl=1 211w, https:\/\/i0.wp.com\/woblink.com\/blog\/wp-content\/uploads\/2021\/02\/5ef1a812c2b59-1.jpeg?w=570&amp;ssl=1 570w\" sizes=\"(max-width: 211px) 100vw, 211px\" data-recalc-dims=\"1\" \/><\/a><figcaption id=\"caption-attachment-4309\" class=\"wp-caption-text\"><center><b>Znajd\u017a <a href=\"https:\/\/woblink.com\/ksiazka\/doro-sli-marie-aubert-189494\">ksi\u0105\u017ck\u0119<\/a> lub <a href=\"https:\/\/woblink.com\/ebook\/doro-sli-karolina-drozdowska-ewa-pawlowska-marie-aubert-189023u\">ebooka<\/a> na Woblink.com<\/b><\/center><\/figcaption><\/figure>\n<h3><strong>Cz\u0142owiek Roku 2020<\/strong><\/h3>\n<p>Tytu\u0142em\u00a0<strong>Cz\u0142owieka Roku 2020<\/strong>\u00a0zesp\u00f3\u0142 redakcyjny uhonorowa\u0142\u00a0<strong>J\u0119drka Biega\u0144skiego<\/strong>\u00a0\u201eza wielkie serce i zapa\u0142 do dzia\u0142a\u0144 spo\u0142ecznych, za bezcenne inicjatywy na rzecz niezale\u017cnych ksi\u0119gar\u0144 i\u00a0<em>za koordynacj\u0119\u00a0<\/em>akcji Ksi\u0105\u017cka Na Telefon, kt\u00f3ra pomog\u0142a przetrwa\u0107 trudny okres wielu wspania\u0142ym miejscom\u201d.<\/p>\n<p>&nbsp;<\/p>\n","protected":false},"excerpt":{"rendered":"<p>Po raz dziewi\u0119tnasty redakcja \u201eMagazynu Literackiego KSI\u0104\u017bKI\u201d przyzna\u0142a Nagrody za Ksi\u0105\u017cki Roku. Tym razem og\u0142oszenie wynik\u00f3w odby\u0142o si\u0119 26 lutego online na profilu Magazynu Literackiego KSI\u0104\u017bKI na Facebooku. Przez ca\u0142y rok, co miesi\u0105c, zesp\u00f3\u0142 redakcyjny Magazynu Literackiego KSI\u0104\u017bKI, wybiera cztery tytu\u0142y warte szczeg\u00f3lnej uwagi \u2013&#8230;<\/p>\n","protected":false},"author":7,"featured_media":4311,"comment_status":"closed","ping_status":"open","sticky":false,"template":"","format":"standard","meta":[],"categories":[87,97,95,79,89],"tags":[],"yoast_head":"<!-- This site is optimized with the Yoast SEO plugin v20.11 - https:\/\/yoast.com\/wordpress\/plugins\/seo\/ -->\n<title>Ksi\u0105\u017cki Roku 2020 wg Magazynu Literackiego KSI\u0104\u017bKI - Woblink<\/title>\n<meta name=\"description\" content=\"Po raz dziewi\u0119tnasty redakcja \u201eMagazynu Literackiego KSI\u0104\u017bKI\u201d przyzna\u0142a Nagrody za Ksi\u0105\u017cki Roku. Oto Ksi\u0105\u017cki Roku 2020!\" \/>\n<meta name=\"robots\" content=\"index, follow, max-snippet:-1, max-image-preview:large, max-video-preview:-1\" \/>\n<link rel=\"canonical\" href=\"https:\/\/woblink.com\/blog\/ksiazki-roku-2020-wg-magazynu-literackiego-ksiazki\/\" \/>\n<meta property=\"og:locale\" content=\"pl_PL\" \/>\n<meta property=\"og:type\" content=\"article\" \/>\n<meta property=\"og:title\" content=\"Ksi\u0105\u017cki Roku 2020 wg Magazynu Literackiego KSI\u0104\u017bKI - Woblink\" \/>\n<meta property=\"og:description\" content=\"Po raz dziewi\u0119tnasty redakcja \u201eMagazynu Literackiego KSI\u0104\u017bKI\u201d przyzna\u0142a Nagrody za Ksi\u0105\u017cki Roku. Oto Ksi\u0105\u017cki Roku 2020!\" \/>\n<meta property=\"og:url\" content=\"https:\/\/woblink.com\/blog\/ksiazki-roku-2020-wg-magazynu-literackiego-ksiazki\/\" \/>\n<meta property=\"og:site_name\" content=\"Woblink\" \/>\n<meta property=\"article:publisher\" content=\"https:\/\/facebook.com\/woblink\" \/>\n<meta property=\"article:published_time\" content=\"2021-02-26T13:44:34+00:00\" \/>\n<meta property=\"og:image\" content=\"https:\/\/i0.wp.com\/woblink.com\/blog\/wp-content\/uploads\/2021\/02\/ksia\u0328z\u0307ki-roku-2020-2.png?fit=1011%2C690&ssl=1\" \/>\n\t<meta property=\"og:image:width\" content=\"1011\" \/>\n\t<meta property=\"og:image:height\" content=\"690\" \/>\n\t<meta property=\"og:image:type\" content=\"image\/png\" \/>\n<meta name=\"author\" content=\"Redakcja Woblinka\" \/>\n<meta name=\"twitter:card\" content=\"summary_large_image\" \/>\n<meta name=\"twitter:creator\" content=\"@woblink_com\" \/>\n<meta name=\"twitter:site\" content=\"@woblink_com\" \/>\n<meta name=\"twitter:label1\" content=\"Napisane przez\" \/>\n\t<meta name=\"twitter:data1\" content=\"Redakcja Woblinka\" \/>\n\t<meta name=\"twitter:label2\" content=\"Szacowany czas czytania\" \/>\n\t<meta name=\"twitter:data2\" content=\"3 minuty\" \/>\n<script type=\"application\/ld+json\" class=\"yoast-schema-graph\">{\"@context\":\"https:\/\/schema.org\",\"@graph\":[{\"@type\":\"Article\",\"@id\":\"https:\/\/woblink.com\/blog\/ksiazki-roku-2020-wg-magazynu-literackiego-ksiazki\/#article\",\"isPartOf\":{\"@id\":\"https:\/\/woblink.com\/blog\/ksiazki-roku-2020-wg-magazynu-literackiego-ksiazki\/\"},\"author\":{\"name\":\"Redakcja Woblinka\",\"@id\":\"https:\/\/woblink.com\/blog\/#\/schema\/person\/8ab6b79d64fa54209272130c4c3b1e95\"},\"headline\":\"Ksi\u0105\u017cki Roku 2020 wg Magazynu Literackiego KSI\u0104\u017bKI\",\"datePublished\":\"2021-02-26T13:44:34+00:00\",\"dateModified\":\"2021-02-26T13:44:34+00:00\",\"mainEntityOfPage\":{\"@id\":\"https:\/\/woblink.com\/blog\/ksiazki-roku-2020-wg-magazynu-literackiego-ksiazki\/\"},\"wordCount\":555,\"publisher\":{\"@id\":\"https:\/\/woblink.com\/blog\/#organization\"},\"articleSection\":[\"Aktualno\u015bci\",\"Audiobooki\",\"Ksi\u0105\u017cki papierowe\",\"Nagrody literackie\",\"Rynek wydawniczy\"],\"inLanguage\":\"pl-PL\"},{\"@type\":\"WebPage\",\"@id\":\"https:\/\/woblink.com\/blog\/ksiazki-roku-2020-wg-magazynu-literackiego-ksiazki\/\",\"url\":\"https:\/\/woblink.com\/blog\/ksiazki-roku-2020-wg-magazynu-literackiego-ksiazki\/\",\"name\":\"Ksi\u0105\u017cki Roku 2020 wg Magazynu Literackiego KSI\u0104\u017bKI - Woblink\",\"isPartOf\":{\"@id\":\"https:\/\/woblink.com\/blog\/#website\"},\"datePublished\":\"2021-02-26T13:44:34+00:00\",\"dateModified\":\"2021-02-26T13:44:34+00:00\",\"description\":\"Po raz dziewi\u0119tnasty redakcja \u201eMagazynu Literackiego KSI\u0104\u017bKI\u201d przyzna\u0142a Nagrody za Ksi\u0105\u017cki Roku. Oto Ksi\u0105\u017cki Roku 2020!\",\"breadcrumb\":{\"@id\":\"https:\/\/woblink.com\/blog\/ksiazki-roku-2020-wg-magazynu-literackiego-ksiazki\/#breadcrumb\"},\"inLanguage\":\"pl-PL\",\"potentialAction\":[{\"@type\":\"ReadAction\",\"target\":[\"https:\/\/woblink.com\/blog\/ksiazki-roku-2020-wg-magazynu-literackiego-ksiazki\/\"]}]},{\"@type\":\"BreadcrumbList\",\"@id\":\"https:\/\/woblink.com\/blog\/ksiazki-roku-2020-wg-magazynu-literackiego-ksiazki\/#breadcrumb\",\"itemListElement\":[{\"@type\":\"ListItem\",\"position\":1,\"name\":\"Strona g\u0142\u00f3wna\",\"item\":\"https:\/\/woblink.com\/blog\/\"},{\"@type\":\"ListItem\",\"position\":2,\"name\":\"Ksi\u0105\u017cki Roku 2020 wg Magazynu Literackiego KSI\u0104\u017bKI\"}]},{\"@type\":\"WebSite\",\"@id\":\"https:\/\/woblink.com\/blog\/#website\",\"url\":\"https:\/\/woblink.com\/blog\/\",\"name\":\"Woblink\",\"description\":\"najlepszy firmowy blog o ksi\u0105\u017ckach\",\"publisher\":{\"@id\":\"https:\/\/woblink.com\/blog\/#organization\"},\"potentialAction\":[{\"@type\":\"SearchAction\",\"target\":{\"@type\":\"EntryPoint\",\"urlTemplate\":\"https:\/\/woblink.com\/blog\/?s={search_term_string}\"},\"query-input\":\"required name=search_term_string\"}],\"inLanguage\":\"pl-PL\"},{\"@type\":\"Organization\",\"@id\":\"https:\/\/woblink.com\/blog\/#organization\",\"name\":\"Woblink\",\"url\":\"https:\/\/woblink.com\/blog\/\",\"logo\":{\"@type\":\"ImageObject\",\"inLanguage\":\"pl-PL\",\"@id\":\"https:\/\/woblink.com\/blog\/#\/schema\/logo\/image\/\",\"url\":\"https:\/\/i0.wp.com\/woblink.com\/blog\/wp-content\/uploads\/2019\/04\/nw_logoB.png?fit=185%2C42&ssl=1\",\"contentUrl\":\"https:\/\/i0.wp.com\/woblink.com\/blog\/wp-content\/uploads\/2019\/04\/nw_logoB.png?fit=185%2C42&ssl=1\",\"width\":185,\"height\":42,\"caption\":\"Woblink\"},\"image\":{\"@id\":\"https:\/\/woblink.com\/blog\/#\/schema\/logo\/image\/\"},\"sameAs\":[\"https:\/\/facebook.com\/woblink\",\"https:\/\/twitter.com\/woblink_com\",\"https:\/\/www.instagram.com\/woblink_com\",\"https:\/\/www.linkedin.com\/company\/woblink\/\"]},{\"@type\":\"Person\",\"@id\":\"https:\/\/woblink.com\/blog\/#\/schema\/person\/8ab6b79d64fa54209272130c4c3b1e95\",\"name\":\"Redakcja Woblinka\",\"image\":{\"@type\":\"ImageObject\",\"inLanguage\":\"pl-PL\",\"@id\":\"https:\/\/woblink.com\/blog\/#\/schema\/person\/image\/\",\"url\":\"https:\/\/secure.gravatar.com\/avatar\/f23ae80a7c9da060bee5f8310913478b?s=96&d=mm&r=g\",\"contentUrl\":\"https:\/\/secure.gravatar.com\/avatar\/f23ae80a7c9da060bee5f8310913478b?s=96&d=mm&r=g\",\"caption\":\"Redakcja Woblinka\"},\"url\":\"https:\/\/woblink.com\/blog\/author\/krasny\/\"}]}<\/script>\n<!-- \/ Yoast SEO plugin. -->","yoast_head_json":{"title":"Ksi\u0105\u017cki Roku 2020 wg Magazynu Literackiego KSI\u0104\u017bKI - Woblink","description":"Po raz dziewi\u0119tnasty redakcja \u201eMagazynu Literackiego KSI\u0104\u017bKI\u201d przyzna\u0142a Nagrody za Ksi\u0105\u017cki Roku. Oto Ksi\u0105\u017cki Roku 2020!","robots":{"index":"index","follow":"follow","max-snippet":"max-snippet:-1","max-image-preview":"max-image-preview:large","max-video-preview":"max-video-preview:-1"},"canonical":"https:\/\/woblink.com\/blog\/ksiazki-roku-2020-wg-magazynu-literackiego-ksiazki\/","og_locale":"pl_PL","og_type":"article","og_title":"Ksi\u0105\u017cki Roku 2020 wg Magazynu Literackiego KSI\u0104\u017bKI - Woblink","og_description":"Po raz dziewi\u0119tnasty redakcja \u201eMagazynu Literackiego KSI\u0104\u017bKI\u201d przyzna\u0142a Nagrody za Ksi\u0105\u017cki Roku. Oto Ksi\u0105\u017cki Roku 2020!","og_url":"https:\/\/woblink.com\/blog\/ksiazki-roku-2020-wg-magazynu-literackiego-ksiazki\/","og_site_name":"Woblink","article_publisher":"https:\/\/facebook.com\/woblink","article_published_time":"2021-02-26T13:44:34+00:00","og_image":[{"width":1011,"height":690,"url":"https:\/\/i0.wp.com\/woblink.com\/blog\/wp-content\/uploads\/2021\/02\/ksia\u0328z\u0307ki-roku-2020-2.png?fit=1011%2C690&ssl=1","type":"image\/png"}],"author":"Redakcja Woblinka","twitter_card":"summary_large_image","twitter_creator":"@woblink_com","twitter_site":"@woblink_com","twitter_misc":{"Napisane przez":"Redakcja Woblinka","Szacowany czas czytania":"3 minuty"},"schema":{"@context":"https:\/\/schema.org","@graph":[{"@type":"Article","@id":"https:\/\/woblink.com\/blog\/ksiazki-roku-2020-wg-magazynu-literackiego-ksiazki\/#article","isPartOf":{"@id":"https:\/\/woblink.com\/blog\/ksiazki-roku-2020-wg-magazynu-literackiego-ksiazki\/"},"author":{"name":"Redakcja Woblinka","@id":"https:\/\/woblink.com\/blog\/#\/schema\/person\/8ab6b79d64fa54209272130c4c3b1e95"},"headline":"Ksi\u0105\u017cki Roku 2020 wg Magazynu Literackiego KSI\u0104\u017bKI","datePublished":"2021-02-26T13:44:34+00:00","dateModified":"2021-02-26T13:44:34+00:00","mainEntityOfPage":{"@id":"https:\/\/woblink.com\/blog\/ksiazki-roku-2020-wg-magazynu-literackiego-ksiazki\/"},"wordCount":555,"publisher":{"@id":"https:\/\/woblink.com\/blog\/#organization"},"articleSection":["Aktualno\u015bci","Audiobooki","Ksi\u0105\u017cki papierowe","Nagrody literackie","Rynek wydawniczy"],"inLanguage":"pl-PL"},{"@type":"WebPage","@id":"https:\/\/woblink.com\/blog\/ksiazki-roku-2020-wg-magazynu-literackiego-ksiazki\/","url":"https:\/\/woblink.com\/blog\/ksiazki-roku-2020-wg-magazynu-literackiego-ksiazki\/","name":"Ksi\u0105\u017cki Roku 2020 wg Magazynu Literackiego KSI\u0104\u017bKI - Woblink","isPartOf":{"@id":"https:\/\/woblink.com\/blog\/#website"},"datePublished":"2021-02-26T13:44:34+00:00","dateModified":"2021-02-26T13:44:34+00:00","description":"Po raz dziewi\u0119tnasty redakcja \u201eMagazynu Literackiego KSI\u0104\u017bKI\u201d przyzna\u0142a Nagrody za Ksi\u0105\u017cki Roku. Oto Ksi\u0105\u017cki Roku 2020!","breadcrumb":{"@id":"https:\/\/woblink.com\/blog\/ksiazki-roku-2020-wg-magazynu-literackiego-ksiazki\/#breadcrumb"},"inLanguage":"pl-PL","potentialAction":[{"@type":"ReadAction","target":["https:\/\/woblink.com\/blog\/ksiazki-roku-2020-wg-magazynu-literackiego-ksiazki\/"]}]},{"@type":"BreadcrumbList","@id":"https:\/\/woblink.com\/blog\/ksiazki-roku-2020-wg-magazynu-literackiego-ksiazki\/#breadcrumb","itemListElement":[{"@type":"ListItem","position":1,"name":"Strona g\u0142\u00f3wna","item":"https:\/\/woblink.com\/blog\/"},{"@type":"ListItem","position":2,"name":"Ksi\u0105\u017cki Roku 2020 wg Magazynu Literackiego KSI\u0104\u017bKI"}]},{"@type":"WebSite","@id":"https:\/\/woblink.com\/blog\/#website","url":"https:\/\/woblink.com\/blog\/","name":"Woblink","description":"najlepszy firmowy blog o ksi\u0105\u017ckach","publisher":{"@id":"https:\/\/woblink.com\/blog\/#organization"},"potentialAction":[{"@type":"SearchAction","target":{"@type":"EntryPoint","urlTemplate":"https:\/\/woblink.com\/blog\/?s={search_term_string}"},"query-input":"required name=search_term_string"}],"inLanguage":"pl-PL"},{"@type":"Organization","@id":"https:\/\/woblink.com\/blog\/#organization","name":"Woblink","url":"https:\/\/woblink.com\/blog\/","logo":{"@type":"ImageObject","inLanguage":"pl-PL","@id":"https:\/\/woblink.com\/blog\/#\/schema\/logo\/image\/","url":"https:\/\/i0.wp.com\/woblink.com\/blog\/wp-content\/uploads\/2019\/04\/nw_logoB.png?fit=185%2C42&ssl=1","contentUrl":"https:\/\/i0.wp.com\/woblink.com\/blog\/wp-content\/uploads\/2019\/04\/nw_logoB.png?fit=185%2C42&ssl=1","width":185,"height":42,"caption":"Woblink"},"image":{"@id":"https:\/\/woblink.com\/blog\/#\/schema\/logo\/image\/"},"sameAs":["https:\/\/facebook.com\/woblink","https:\/\/twitter.com\/woblink_com","https:\/\/www.instagram.com\/woblink_com","https:\/\/www.linkedin.com\/company\/woblink\/"]},{"@type":"Person","@id":"https:\/\/woblink.com\/blog\/#\/schema\/person\/8ab6b79d64fa54209272130c4c3b1e95","name":"Redakcja Woblinka","image":{"@type":"ImageObject","inLanguage":"pl-PL","@id":"https:\/\/woblink.com\/blog\/#\/schema\/person\/image\/","url":"https:\/\/secure.gravatar.com\/avatar\/f23ae80a7c9da060bee5f8310913478b?s=96&d=mm&r=g","contentUrl":"https:\/\/secure.gravatar.com\/avatar\/f23ae80a7c9da060bee5f8310913478b?s=96&d=mm&r=g","caption":"Redakcja Woblinka"},"url":"https:\/\/woblink.com\/blog\/author\/krasny\/"}]}},"jetpack_featured_media_url":"https:\/\/i0.wp.com\/woblink.com\/blog\/wp-content\/uploads\/2021\/02\/ksia\u0328z\u0307ki-roku-2020-2.png?fit=1011%2C690&ssl=1","_links":{"self":[{"href":"https:\/\/woblink.com\/blog\/wp-json\/wp\/v2\/posts\/4301"}],"collection":[{"href":"https:\/\/woblink.com\/blog\/wp-json\/wp\/v2\/posts"}],"about":[{"href":"https:\/\/woblink.com\/blog\/wp-json\/wp\/v2\/types\/post"}],"author":[{"embeddable":true,"href":"https:\/\/woblink.com\/blog\/wp-json\/wp\/v2\/users\/7"}],"replies":[{"embeddable":true,"href":"https:\/\/woblink.com\/blog\/wp-json\/wp\/v2\/comments?post=4301"}],"version-history":[{"count":1,"href":"https:\/\/woblink.com\/blog\/wp-json\/wp\/v2\/posts\/4301\/revisions"}],"predecessor-version":[{"id":4312,"href":"https:\/\/woblink.com\/blog\/wp-json\/wp\/v2\/posts\/4301\/revisions\/4312"}],"wp:featuredmedia":[{"embeddable":true,"href":"https:\/\/woblink.com\/blog\/wp-json\/wp\/v2\/media\/4311"}],"wp:attachment":[{"href":"https:\/\/woblink.com\/blog\/wp-json\/wp\/v2\/media?parent=4301"}],"wp:term":[{"taxonomy":"category","embeddable":true,"href":"https:\/\/woblink.com\/blog\/wp-json\/wp\/v2\/categories?post=4301"},{"taxonomy":"post_tag","embeddable":true,"href":"https:\/\/woblink.com\/blog\/wp-json\/wp\/v2\/tags?post=4301"}],"curies":[{"name":"wp","href":"https:\/\/api.w.org\/{rel}","templated":true}]}}