{"id":4340,"date":"2021-03-08T15:52:42","date_gmt":"2021-03-08T14:52:42","guid":{"rendered":"https:\/\/woblink.com\/blog\/?p=4340"},"modified":"2026-02-17T16:03:16","modified_gmt":"2026-02-17T15:03:16","slug":"biografie-kobiet-na-dzien-kobiet","status":"publish","type":"post","link":"https:\/\/woblink.com\/blog\/biografie-kobiet-na-dzien-kobiet\/","title":{"rendered":"Biografie kobiet na Dzie\u0144 Kobiet"},"content":{"rendered":"<div style=\"text-align: right;\">Wpis zaktualizowany: 15.02.2026<\/div>\n<div><\/div>\n<div style=\"font-weight: bold;\">8 marca w wielu krajach \u015bwiata obchodzi si\u0119 Dzie\u0144 Kobiet. Wyb\u00f3r tej daty najprawdopodobniej \u0142\u0105czy si\u0119 z wydarzeniem, do jakiego dosz\u0142o 8 marca 1908 roku w Nowym Jorku. W\u00f3wczas na ulice miasta wysz\u0142o 15 tysi\u0119cy pracownic zak\u0142ad\u00f3w odzie\u017cowych, kt\u00f3re domaga\u0142y si\u0119 praw politycznych i ekonomicznych dla kobiet. Z okazji nadchodz\u0105cego \u015bwi\u0119ta postanowili\u015bmy zebra\u0107 dla was kilka interesuj\u0105cych tytu\u0142\u00f3w po\u015bwi\u0119conych wyj\u0105tkowym kobietom \u2013 zach\u0119camy do przeczytania artyku\u0142u!<\/div>\n<p><b>Spis tre\u015bci<\/b><\/p>\n<ul>\n<li><a href=\"#najlepsze-biografie-kobiet-z-okazji-dnia-kobiet\">Najlepsze biografie kobiet z okazji Dnia Kobiet<\/a><\/li>\n<li><a href=\"#top-ksiazki---biografie-slawnych-kobiet\">TOP ksi\u0105\u017cki &#8211; biografie s\u0142awnych kobiet<\/a>\n<ul>\n<li><a href=\"#kamala-harris-pierwsza-biografia--dan-morain\">Kamala Harris. Pierwsza biografia \u2013 Dan Morain<\/a><\/li>\n<li><a href=\"#osiecka-nikomu-nie-zal-pieknych-kobiet--zofia-turowska\">Osiecka. Nikomu nie \u017cal pi\u0119knych kobiet \u2013 Zofia Turowska<\/a><\/li>\n<li><a href=\"#maggie-smith-biografia--michael-coveney\">Maggie Smith. Biografia \u2013 Michael Coveney<\/a><\/li>\n<li><a href=\"#sendlerowa-w-ukryciu--anna-bikont\">Sendlerowa. W ukryciu \u2013 Anna Bikont<\/a><\/li>\n<li><a href=\"#walentynowicz-anna-szuka-raju--dorota-karas-marek-sterlingow\">Walentynowicz. Anna szuka raju \u2013 Dorota Kara\u015b, Marek Sterlingow<\/a><\/li>\n<li><a href=\"#spowiedz-marilyn-monroe-szczera-rozmowa-z-ikona-wszech-czasow--anna-lerke\">Spowied\u017a Marilyn Monroe. Szczera rozmowa z ikon\u0105 wszech czas\u00f3w \u2013 Anna Lerke<\/a><\/li>\n<li><a href=\"#poselki--olga-wiechnik\">Pose\u0142ki \u2013 Olga Wiechnik<\/a><\/li>\n<li><a href=\"#ja-tamara-powiesc-o-tamarze-lempickiej--grzegorz-musial\">Ja, Tamara. Powie\u015b\u0107 o Tamarze \u0141empickiej \u2013 Grzegorz Musia\u0142<\/a><\/li>\n<li><a href=\"#kobiety44-prawdziwe-historie-kobiet-w-powstanczej-warszawie--agnieszka-cubala\">Kobiety`44. Prawdziwe historie kobiet w powsta\u0144czej Warszawie \u2013 Agnieszka Cuba\u0142a<\/a><\/li>\n<li><a href=\"#pierwsza-dama-jolanta-kwasniewska-w-rozmowie-z-emilia-padol--emilia-padol-jolanta-kwasniewska\">Pierwsza dama. Jolanta Kwa\u015bniewska w rozmowie z Emili\u0105 Pado\u0142 \u2013 Emilia Pado\u0142, Jolanta Kwa\u015bniewska<\/a><\/li>\n<\/ul>\n<\/li>\n<\/ul>\n<p><!--more--><\/p>\n<h2 id=\"najlepsze-biografie-kobiet-z-okazji-dnia-kobiet\">Najlepsze biografie kobiet z okazji Dnia Kobiet<\/h2>\n<p><strong>Z okazji Dnia Kobiet wybrali\u015bmy dla TOP 10 zr\u00f3\u017cnicowanych biografii kobiet<\/strong> \u2013 wyr\u00f3\u017cnili\u015bmy ksi\u0105\u017cki o bohaterkach walki o r\u00f3wno\u015b\u0107, sprawiedliwo\u015b\u0107 oraz kobiety kultury. Zach\u0119camy do zapoznania si\u0119 z naszymi propozycjami!<\/p>\n<p><a href=\"https:\/\/woblink.com\/katalog\/ksiazki\/promocje?promocje=7098\"><img decoding=\"async\" loading=\"lazy\" class=\"aligncenter wp-image-6579\" src=\"https:\/\/i0.wp.com\/woblink.com\/blog\/wp-content\/uploads\/3100369-promowizard-banner.jpeg?resize=778%2C243&#038;ssl=1\" alt=\"promocje na biografie kobiet z okazji dnia kobiet\" width=\"778\" height=\"243\" srcset=\"https:\/\/i0.wp.com\/woblink.com\/blog\/wp-content\/uploads\/3100369-promowizard-banner.jpeg?resize=1024%2C320&amp;ssl=1 1024w, https:\/\/i0.wp.com\/woblink.com\/blog\/wp-content\/uploads\/3100369-promowizard-banner.jpeg?resize=300%2C94&amp;ssl=1 300w, https:\/\/i0.wp.com\/woblink.com\/blog\/wp-content\/uploads\/3100369-promowizard-banner.jpeg?resize=768%2C240&amp;ssl=1 768w, https:\/\/i0.wp.com\/woblink.com\/blog\/wp-content\/uploads\/3100369-promowizard-banner.jpeg?resize=600%2C188&amp;ssl=1 600w, https:\/\/i0.wp.com\/woblink.com\/blog\/wp-content\/uploads\/3100369-promowizard-banner.jpeg?w=1920&amp;ssl=1 1920w\" sizes=\"(max-width: 778px) 100vw, 778px\" data-recalc-dims=\"1\" \/><\/a><\/p>\n<h2 id=\"top-ksiazki---biografie-slawnych-kobiet\">TOP ksi\u0105\u017cki &#8211; biografie s\u0142awnych kobiet<\/h2>\n<h3 id=\"kamala-harris-pierwsza-biografia--dan-morain\">Kamala Harris. Pierwsza biografia \u2013 Dan Morain<\/h3>\n<p><span style=\"font-weight: 400;\"><strong>\u201e<\/strong><a href=\"https:\/\/woblink.com\/ebook\/kamala-harris-pierwsza-biografia-dan-morain-207570u\">Kamala Harris<\/a><strong>\u201d Dana Moriana to pierwsza biografia ameryka\u0144skiej prawniczki i polityczki hindusko-jamajskiego pochodzenia, kt\u00f3ra w styczniu 2021 roku zosta\u0142a wiceprezydentk\u0105 Stan\u00f3w Zjednoczonych<\/strong>. Kamala Harris, jako prokuratorka, zawsze stawa\u0142a po stronie ofiar. Pot\u0119pi\u0142a dzia\u0142ania podj\u0119te przez policj\u0119 po \u015bmierci George\u2019a Floyda. Niejednokrotnie pokazywa\u0142a, \u017ce jest zdecydowan\u0105 i twarda negocjatork\u0105. <\/span><\/p>\n<p>Ksi\u0105\u017cka Dana Moriana to nie tylko niezwyk\u0142a opowie\u015b\u0107 o dziewczynie z Kaliforni, kt\u00f3ra zapisa\u0142a si\u0119 na kartach historii jako jedna z najwa\u017cniejszych kobiet w Ameryce. To tak\u017ce interesuj\u0105ca podr\u00f3\u017c po samych Stanach Zjednoczonych: wielokulturowym, fascynuj\u0105cym i pe\u0142nym sprzeczno\u015bci kraju. <strong>Jeste\u015bcie ciekawi jej historii? W takim razie zach\u0119camy do zapoznania si\u0119 z ni\u0105 w formie e-booka na stronie naszej ksi\u0119garni!<\/strong><\/p>\n<figure id=\"attachment_4220\" aria-describedby=\"caption-attachment-4220\" style=\"width: 205px\" class=\"wp-caption aligncenter\"><a href=\"https:\/\/woblink.com\/ebook\/kamala-harris-pierwsza-biografia-przedsprzedaz-mieczyslaw-gody-n-aleksandra-gietka-ostrowska-dan-morain-dominika-chyli-nska-filip-gody-n-207570u\" rel=\"nofollow\"><img decoding=\"async\" loading=\"lazy\" class=\"wp-image-4220 size-medium\" src=\"https:\/\/i0.wp.com\/woblink.com\/blog\/wp-content\/uploads\/2021\/02\/602ef18a267ff.jpeg?resize=205%2C300&#038;ssl=1\" alt=\"biografie kobiet: Kamala Harris\" width=\"205\" height=\"300\" srcset=\"https:\/\/i0.wp.com\/woblink.com\/blog\/wp-content\/uploads\/2021\/02\/602ef18a267ff.jpeg?resize=205%2C300&amp;ssl=1 205w, https:\/\/i0.wp.com\/woblink.com\/blog\/wp-content\/uploads\/2021\/02\/602ef18a267ff.jpeg?w=570&amp;ssl=1 570w\" sizes=\"(max-width: 205px) 100vw, 205px\" data-recalc-dims=\"1\" \/><\/a><figcaption id=\"caption-attachment-4220\" class=\"wp-caption-text\"><center><strong>Znajd\u017a ebooka w przedsprzeda\u017cy na Woblink.com<\/strong><\/center><\/figcaption><\/figure>\n<h3 id=\"osiecka-nikomu-nie-zal-pieknych-kobiet--zofia-turowska\">Osiecka. Nikomu nie \u017cal pi\u0119knych kobiet \u2013 Zofia Turowska<\/h3>\n<p><span style=\"font-weight: 400;\"><strong>Ksi\u0105\u017cka Zofii Turowskiej to nietypowy, ale najlepszy z dotychczasowych portret Agnieszki Osieckiej<\/strong>, poetki, dziennikarki, autorki przesz\u0142o dwustu tekst\u00f3w piosenek, kilku powie\u015bci, telewizyjnych spektakli i znanego has\u0142a \u201eCoca-Cola to jest to!\u201d, matki, \u017cony, kochanki. Turowska pokazuje Osieck\u0105 jak kobiet\u0119 pe\u0142n\u0105 \u017cycia, woln\u0105, nie poddaj\u0105c\u0105 si\u0119 konwenansom. Historie mi\u0142osne artystki, jej zwi\u0105zki ma\u0142\u017ce\u0144skie czy partnerskie opisuje z wielkim wyczuciem i dyskrecj\u0105. <strong>W \u201eOsieckiej\u201d czytelnik znajdzie wiele fragment\u00f3w jej tw\u00f3rczo\u015bci, zapiski z pami\u0119tnik\u00f3w, a tak\u017ce listy pisane do rodziny i przyjaci\u00f3\u0142 &#8211; to wybitna ksi\u0105\u017cka biograficzna o kobiecie znanej wi\u0119kszo\u015bci Polak\u00f3w<\/strong>.<\/span><\/p>\n<figure id=\"attachment_4377\" aria-describedby=\"caption-attachment-4377\" style=\"width: 198px\" class=\"wp-caption aligncenter\"><a href=\"https:\/\/woblink.com\/ksiazka\/osiecka-nikomu-nie-zal-pieknych-kobiet-zofia-turowska-195113\" rel=\"nofollow\"><img decoding=\"async\" loading=\"lazy\" class=\"wp-image-4377 size-medium\" src=\"https:\/\/i0.wp.com\/woblink.com\/blog\/wp-content\/uploads\/2021\/03\/5fc0f5cce572e.jpeg?resize=198%2C300&#038;ssl=1\" alt=\"biografie kobiet: nikomu nie \u017cal, pi\u0119knych kobiet\" width=\"198\" height=\"300\" srcset=\"https:\/\/i0.wp.com\/woblink.com\/blog\/wp-content\/uploads\/2021\/03\/5fc0f5cce572e.jpeg?resize=198%2C300&amp;ssl=1 198w, https:\/\/i0.wp.com\/woblink.com\/blog\/wp-content\/uploads\/2021\/03\/5fc0f5cce572e.jpeg?w=500&amp;ssl=1 500w\" sizes=\"(max-width: 198px) 100vw, 198px\" data-recalc-dims=\"1\" \/><\/a><figcaption id=\"caption-attachment-4377\" class=\"wp-caption-text\"><center><b>&#8222;<\/b><a href=\"https:\/\/woblink.com\/ebook\/osiecka-zofia-turowska-195945u\">Osiecka<\/a><b>&#8221; na Woblink.com<\/b><span style=\"font-family: -apple-system, BlinkMacSystemFont, 'Segoe UI', Roboto, Oxygen-Sans, Ubuntu, Cantarell, 'Helvetica Neue', sans-serif; font-size: 16px;\">\u00a0\u00a0<\/span><\/center><\/figcaption><\/figure>\n<h3 id=\"maggie-smith-biografia--michael-coveney\">Maggie Smith. Biografia \u2013 Michael Coveney<\/h3>\n<p>Je\u015bli fascynuj\u0105 Ci\u0119 silne osobowo\u015bci i d\u0142ugie, konsekwentnie budowane kariery, \u201eMaggie Smith. Biografia\u201d b\u0119dzie \u015bwietnym wyborem. <strong>To opowie\u015b\u0107 o aktorce, kt\u00f3ra nie musia\u0142a krzycze\u0107, aby zosta\u0107 zauwa\u017con\u0105 \u2013 wystarczy\u0142 jej drobny gest i charakterystyczne, ironiczne spojrzenie.<\/strong> Cho\u0107 zdoby\u0142a najwa\u017cniejsze nagrody \u015bwiata filmu i teatru, dla wielu widz\u00f3w na zawsze pozostanie profesor McGonagall lub b\u0142yskotliw\u0105 hrabin\u0105 Violet z \u201eDownton Abbey\u201d. To inspiruj\u0105ca historia o tym, kiedy warto sta\u0107 w cieniu, a kiedy lepiej pozwoli\u0107 sobie zab\u0142ysn\u0105\u0107.<\/p>\n<figure id=\"attachment_14423\" aria-describedby=\"caption-attachment-14423\" style=\"width: 196px\" class=\"wp-caption aligncenter\"><a href=\"https:\/\/woblink.com\/ebook\/maggie-smith-biografia-michael-coveney-380149u\" rel=\"nofollow\"><img decoding=\"async\" loading=\"lazy\" class=\"wp-image-14423 size-medium\" src=\"https:\/\/i0.wp.com\/woblink.com\/blog\/wp-content\/uploads\/biografia-maggie-smith.jpeg?resize=196%2C300&#038;ssl=1\" alt=\"biografia maggie smith\" width=\"196\" height=\"300\" srcset=\"https:\/\/i0.wp.com\/woblink.com\/blog\/wp-content\/uploads\/biografia-maggie-smith.jpeg?resize=196%2C300&amp;ssl=1 196w, https:\/\/i0.wp.com\/woblink.com\/blog\/wp-content\/uploads\/biografia-maggie-smith.jpeg?w=559&amp;ssl=1 559w\" sizes=\"(max-width: 196px) 100vw, 196px\" data-recalc-dims=\"1\" \/><\/a><figcaption id=\"caption-attachment-14423\" class=\"wp-caption-text\"><center><b>Znajd\u017a <\/b><a href=\"https:\/\/woblink.com\/ebook\/maggie-smith-biografia-michael-coveney-380149u\">Biografi\u0119 Maggie Smith<\/a><b>\u00a0na Woblink.com<\/b><\/center><\/figcaption><\/figure>\n<h3 id=\"sendlerowa-w-ukryciu--anna-bikont\">Sendlerowa. W ukryciu \u2013 Anna Bikont<\/h3>\n<p><span style=\"font-weight: 400;\">\u201e<a href=\"https:\/\/woblink.com\/audiobook\/sendlerowa-w-ukryciu-anna-bikont-147346\">Sendlerowa<\/a>\u201d <strong>Anny Bikont to niezwyk\u0142a opowie\u015b\u0107 o bohaterskich Polkach i uratowanych przez nie setkach dzieci<\/strong>. Autorka na kartach ksi\u0105\u017cki opowiada historie os\u00f3b, przede wszystkim kobiet, kt\u00f3re od 1942 roku do ko\u0144ca okupacji za wszelk\u0105 cen\u0119 stara\u0142y si\u0119 ocali\u0107 dzieci z warszawskiego getta. W\u015br\u00f3d nich wyr\u00f3\u017cnia\u0142a si\u0119 Irena Sendlerowa \u2013 symbol odwa\u017cnych ludzi, nieboj\u0105cych si\u0119 ryzykowa\u0107 w\u0142asnym \u017cyciem, aby ratowa\u0107 s\u0142abszych i przeciwstawia\u0107 si\u0119 z\u0142u. <strong>Tej pozycji nie mog\u0142o zabrakn\u0105\u0107 w zestawieniu najlepszych biografii kobiet!<\/strong>\u00a0<\/span><\/p>\n<figure id=\"attachment_4379\" aria-describedby=\"caption-attachment-4379\" style=\"width: 186px\" class=\"wp-caption aligncenter\"><a href=\"https:\/\/woblink.com\/ksiazka\/sendlerowa-w-ukryciu-anna-bikont-69532\" rel=\"nofollow\"><img decoding=\"async\" loading=\"lazy\" class=\"wp-image-4379 size-medium\" src=\"https:\/\/i0.wp.com\/woblink.com\/blog\/wp-content\/uploads\/2021\/03\/5fa347b244bff.jpeg?resize=186%2C300&#038;ssl=1\" alt=\"Biografie kobiet: woblink sendlerowa\" width=\"186\" height=\"300\" srcset=\"https:\/\/i0.wp.com\/woblink.com\/blog\/wp-content\/uploads\/2021\/03\/5fa347b244bff.jpeg?resize=186%2C300&amp;ssl=1 186w, https:\/\/i0.wp.com\/woblink.com\/blog\/wp-content\/uploads\/2021\/03\/5fa347b244bff.jpeg?w=530&amp;ssl=1 530w\" sizes=\"(max-width: 186px) 100vw, 186px\" data-recalc-dims=\"1\" \/><\/a><figcaption id=\"caption-attachment-4379\" class=\"wp-caption-text\"><center><b>Znajd\u017a ksi\u0105\u017ck\u0119 lub audiobooka na Woblink.com<\/b><\/center><\/figcaption><\/figure>\n<h3 id=\"walentynowicz-anna-szuka-raju--dorota-karas-marek-sterlingow\">Walentynowicz. Anna szuka raju \u2013 Dorota Kara\u015b, Marek Sterlingow<\/h3>\n<p><span style=\"font-weight: 400;\"><strong>To opowie\u015b\u0107 o kobiecie-historii \u2013 legendzie \u201eSolidarno\u015bci\u201d, \u201eBohaterce Sierpnia \u201980\u201d, \u201eprzoduj\u0105cej spawaczce\u201d<\/strong>. Dorota Kara\u015b i Marek Sterlingow podj\u0119li si\u0119 trudnego zadania, opisania burzliwego \u017cyciorysu kobiety, kt\u00f3rej losy wi\u0105za\u0142y si\u0119 z wieloma dramatycznymi zwrotami i kontrowersyjnymi decyzjami. To tak\u017ce ksi\u0105\u017cka o tym, \u017ce czyjego\u015b \u017cycia nie da si\u0119 ocenia\u0107 w jednoznaczny spos\u00f3b \u2013 nie ma ludzi idealnych.<\/span><\/p>\n<figure id=\"attachment_14315\" aria-describedby=\"caption-attachment-14315\" style=\"width: 211px\" class=\"wp-caption aligncenter\"><a href=\"https:\/\/woblink.com\/ebook\/walentynowicz-anna-szuka-raju-dorota-kara-s-marek-sterlingow-182145u\" rel=\"nofollow\"><img decoding=\"async\" loading=\"lazy\" class=\"wp-image-14315 size-medium\" src=\"https:\/\/i0.wp.com\/czytajpl.pl\/wp-content\/uploads\/2021\/01\/786804-352x500-1-211x300.jpg?resize=211%2C300&#038;ssl=1\" alt=\"Biografie kobiet: anna szuka raju\" width=\"211\" height=\"300\" data-recalc-dims=\"1\" \/><\/a><figcaption id=\"caption-attachment-14315\" class=\"wp-caption-text\"><center><b>Znajd\u017a ksi\u0105\u017ck\u0119 lub ebooka na Woblink.com<\/b><\/center><\/figcaption><\/figure>\n<h3 id=\"spowiedz-marilyn-monroe-szczera-rozmowa-z-ikona-wszech-czasow--anna-lerke\">Spowied\u017a Marilyn Monroe. Szczera rozmowa z ikon\u0105 wszech czas\u00f3w \u2013 Anna Lerke<\/h3>\n<p><strong>Za wizerunkiem kultowej blondynki i legendarnej pi\u0119kno\u015bci kryje si\u0119 du\u017co bardziej z\u0142o\u017cona i bolesna historia.<\/strong> Je\u015bli chcesz pozna\u0107 prawdziwe oblicze Marilyn Monroe &#8211; ksi\u0105\u017cka \u201e<a href=\"https:\/\/woblink.com\/ebook\/spowiedz-marilyn-monroe-anna-lerke-436152u?szukaj=monroe&amp;gdzie=ebooks\">Spowied\u017a Marilyn Monroe. Szczera rozmowa z ikon\u0105 wszech czas\u00f3w<\/a>\u201d Ci to umo\u017cliwi. Poznasz drog\u0119 Normy Jean, jak\u0105 musia\u0142a przeby\u0107 od czas\u00f3w trudnego dzieci\u0144stwa, do momentu, gdy sta\u0142a si\u0119 legend\u0105 kina. To tak\u017ce opowie\u015b\u0107 o cenie s\u0142awy \u2013 samotno\u015bci, uzale\u017cnieniach, kryzysach psychicznych i \u017cyciu pod nieustann\u0105 presj\u0105. Czytaj\u0105c biografi\u0119 mo\u017cna \u0142atwiej zrozumie\u0107, w jaki spos\u00f3b wizerunek medialny r\u00f3\u017cni si\u0119 od tego, jaka jest prawda.<\/p>\n<figure id=\"attachment_2320\" aria-describedby=\"caption-attachment-2320\" style=\"width: 209px\" class=\"wp-caption aligncenter\"><a href=\"https:\/\/woblink.com\/ebook\/spowiedz-marilyn-monroe-anna-lerke-436152u\" rel=\"nofollow\"><img decoding=\"async\" loading=\"lazy\" class=\"wp-image-2320 size-medium\" src=\"https:\/\/i0.wp.com\/woblink.com\/image-cache\/sellable_cover\/products\/images\/6927c4b7f1d72.jpeg?resize=209%2C300&#038;ssl=1\" alt=\"Spowied\u017a Marilyn Monroe\" width=\"209\" height=\"300\" data-recalc-dims=\"1\" \/><\/a><figcaption id=\"caption-attachment-2320\" class=\"wp-caption-text\"><center><strong>Kup ebooka lub ksi\u0105\u017ck\u0119 na Woblink.com<\/strong><\/center><\/figcaption><\/figure>\n<h3 id=\"poselki--olga-wiechnik\">Pose\u0142ki \u2013 Olga Wiechnik<\/h3>\n<p>Warto przyjrze\u0107 si\u0119 temu, co dzia\u0142o si\u0119 mi\u0119dzy 100-leciem Bitwy Warszawskiej, a a 100-leciem odzyskania niepodleg\u0142o\u015bci. Cho\u0107 oficjalnie Polska sta\u0142a si\u0119 wolna 11 listopada 1918 roku, to na kolejne miesi\u0105ce i lata przypad\u0142y najwa\u017cniejsze wydarzenia zwi\u0105zane z odbudow\u0105 kraju po 123 latach trzech r\u00f3\u017cnych zabor\u00f3w. Jednym z nich by\u0142y pierwsze wolne wybory do jednoizbowego Sejmu Ustawodawczego. Z perspektywy praw kobiet by\u0142 to prze\u0142omowy dzie\u0144 \u2013 pierwszy raz w polskiej historii g\u0142osowa\u0107 i kandydowa\u0107 (!) do niego mog\u0142y kobiety. <strong>Wsr\u00f3d 442 pos\u0142\u00f3w znalaz\u0142o si\u0119 8 kobiet \u2013 pose\u0142ek. To im po\u015bwi\u0119cony jest reporta\u017c Olgi Wiechnik pt.<\/strong> &#8222;<a href=\"https:\/\/woblink.com\/ebook\/poselki-osiem-pierwszych-kobiet-wiechnik-olga-146833u\">Pose\u0142ki<\/a>&#8222;. <strong>To ksi\u0105\u017cka o silnych kobietach, kt\u00f3re mia\u0142y wp\u0142yw na losy Polski, kt\u00f3r\u0105 musisz przeczyta\u0107!\u00a0<\/strong><\/p>\n<figure id=\"attachment_3018\" aria-describedby=\"caption-attachment-3018\" style=\"width: 201px\" class=\"wp-caption aligncenter\"><a href=\"https:\/\/woblink.com\/ebook\/poselki-osiem-pierwszych-kobiet-wiechnik-olga-42495\" rel=\"nofollow\"><img decoding=\"async\" loading=\"lazy\" class=\"wp-image-3018 size-medium\" src=\"https:\/\/i0.wp.com\/woblink.com\/blog\/wp-content\/uploads\/2020\/08\/5e8198b2c0359.jpeg?resize=201%2C300&#038;ssl=1\" alt=\"Biografie kobiet: pose\u0142ki\" width=\"201\" height=\"300\" srcset=\"https:\/\/i0.wp.com\/woblink.com\/blog\/wp-content\/uploads\/2020\/08\/5e8198b2c0359.jpeg?resize=201%2C300&amp;ssl=1 201w, https:\/\/i0.wp.com\/woblink.com\/blog\/wp-content\/uploads\/2020\/08\/5e8198b2c0359.jpeg?w=570&amp;ssl=1 570w\" sizes=\"(max-width: 201px) 100vw, 201px\" data-recalc-dims=\"1\" \/><\/a><figcaption id=\"caption-attachment-3018\" class=\"wp-caption-text\"><center><strong>Kup ebooka, audiobooka lub ksi\u0105\u017ck\u0119 na Woblink.com<\/strong><\/center><\/figcaption><\/figure>\n<h3 id=\"ja-tamara-powiesc-o-tamarze-lempickiej--grzegorz-musial\">Ja, Tamara. Powie\u015b\u0107 o Tamarze \u0141empickiej \u2013 Grzegorz Musia\u0142<\/h3>\n<p><strong>Opowie\u015b\u0107 o Tamarze \u0141empickiej to co\u015b wi\u0119cej ni\u017c historia wybitnej malarki \u2013 to studium bezkompromisowej osobowo\u015bci.<\/strong> Je\u015bli interesuj\u0105 Ci\u0119 losy kobiet, kt\u00f3re wyprzedza\u0142y swoj\u0105 epok\u0119 i nie ba\u0142y si\u0119 \u017cy\u0107 wed\u0142ug w\u0142asnych zasad \u2013 <a href=\"https:\/\/woblink.com\/ebook\/ja-tamara-powiesc-o-tamarze-lempickiej-grzegorz-musial-186013u\">\u201eJa, Tamara. Powie\u015b\u0107 o Tamarze \u0141empickiej\u201d<\/a> b\u0119dzie dla Ciebie fascynuj\u0105c\u0105 lektur\u0105. \u0141empicka nie tylko tworzy\u0142a zachwycaj\u0105ce obrazy, ale te\u017c prowadzi\u0142a \u017cycie pe\u0142ne nami\u0119tno\u015bci, skandali i artystycznych eksperyment\u00f3w. Pary\u017c mi\u0119dzywojnia, wielkie nazwiska \u015bwiata sztuki, polityczne napi\u0119cia i osobiste dramaty tworz\u0105 barwne t\u0142o dla historii kobiety, kt\u00f3ra nie uznawa\u0142a p\u00f3\u0142\u015brodk\u00f3w.<\/p>\n<figure id=\"attachment_14308\" aria-describedby=\"caption-attachment-14308\" style=\"width: 199px\" class=\"wp-caption aligncenter\"><a href=\"https:\/\/woblink.com\/ebook\/ja-tamara-powiesc-o-tamarze-lempickiej-grzegorz-musial-186013u\" rel=\"nofollow\"><img decoding=\"async\" loading=\"lazy\" class=\"wp-image-14308 size-medium\" src=\"https:\/\/i0.wp.com\/woblink.com\/image-cache\/sellable_cover\/products\/images\/67453da7bbccf.jpeg?resize=199%2C300&#038;ssl=1\" alt=\"Ja, Tamara. Powie\u015b\u0107 o Tamarze \u0141empickiej\" width=\"199\" height=\"300\" data-recalc-dims=\"1\" \/><\/a><figcaption id=\"caption-attachment-14308\" class=\"wp-caption-text\"><center><b>Znajd\u017a ksi\u0105\u017ck\u0119, audiobooka lub ebooka na Woblink.com<\/b><\/center><\/figcaption><\/figure>\n<h3 id=\"kobiety44-prawdziwe-historie-kobiet-w-powstanczej-warszawie--agnieszka-cubala\">Kobiety`44. Prawdziwe historie kobiet w powsta\u0144czej Warszawie \u2013 Agnieszka Cuba\u0142a<\/h3>\n<p>Je\u015bli temat Powstania Warszawskiego wydaje Ci si\u0119 dobrze znany, ta ksi\u0105\u017cka poka\u017ce Ci go z zupe\u0142nie innej perspektywy. <a href=\"https:\/\/woblink.com\/ebook\/kobiety-44-agnieszka-cubala-192786u\">\u201eKobiety`44. Prawdziwe historie kobiet w powsta\u0144czej Warszawie\u201d<\/a> oddaje g\u0142os tym, kt\u00f3rych do\u015bwiadczenia przez lata pozostawa\u0142y na marginesie oficjalnej narracji. <strong>To historie nie tylko o bohaterstwie, ale te\u017c o strachu, codziennym przetrwaniu, traumie i moralnych dylematach.<\/strong> Dzi\u0119ki wspomnieniom aktorek, pisarek, \u0142\u0105czniczek i sanitariuszek przekonasz si\u0119, jak wygl\u0105da\u0142a wojna z punktu widzenia kobiet.<\/p>\n<figure id=\"attachment_10487\" aria-describedby=\"caption-attachment-10487\" style=\"width: 200px\" class=\"wp-caption aligncenter\"><a href=\"https:\/\/woblink.com\/ebook\/kobiety-44-agnieszka-cubala-192786u\" rel=\"nofollow\"><img decoding=\"async\" loading=\"lazy\" class=\"wp-image-10487 size-medium\" src=\"https:\/\/i0.wp.com\/woblink.com\/image-cache\/sellable_cover\/products\/images\/6778a1c068fdf.jpeg?resize=200%2C300&#038;ssl=1\" alt=\"Kobiety 44\" width=\"200\" height=\"300\" data-recalc-dims=\"1\" \/><\/a><figcaption id=\"caption-attachment-10487\" class=\"wp-caption-text\"><center><strong>Kup ksi\u0105\u017ck\u0119, ebooka lub audiobooka na Woblink.com<\/strong><\/center><\/figcaption><\/figure>\n<h3 id=\"pierwsza-dama-jolanta-kwasniewska-w-rozmowie-z-emilia-padol--emilia-padol-jolanta-kwasniewska\">Pierwsza dama. Jolanta Kwa\u015bniewska w rozmowie z Emili\u0105 Pado\u0142 \u2013 Emilia Pado\u0142, Jolanta Kwa\u015bniewska<\/h3>\n<p>Rozmowa z Jolant\u0105 Kwa\u015bniewsk\u0105 to ciekawa propozycja dla wszystkich, kt\u00f3rzy chc\u0105 zajrze\u0107 za kulisy \u017cycia publicznego i dowiedzie\u0107 si\u0119, jak naprawd\u0119 wygl\u0105da rola pierwszej damy. <strong>To tak\u017ce opowie\u015b\u0107 o wyzwaniach dnia codziennego, presji opinii publicznej i budowaniu w\u0142asnej niezale\u017cno\u015bci.<\/strong> Znajdziesz tu zar\u00f3wno osobiste wspomnienia, jak i praktyczne refleksje o sile konsekwencji, wizerunku i relacjach. \u201e<a href=\"https:\/\/woblink.com\/ksiazka\/pierwsza-dama-jolanta-kwasniewska-w-rozmowie-z-emilia-padol--356118\">Pierwsza dama. Jolanta Kwa\u015bniewska w rozmowie z Emili\u0105 Pado\u0142<\/a>\u201d to inspiruj\u0105ca historia o tym, jak wykorzysta\u0107 swoj\u0105 pozycj\u0119, aby okazywa\u0107 pomoc innym i jak nie zgubi\u0107 przy tym siebie.<\/p>\n<figure id=\"attachment_4381\" aria-describedby=\"caption-attachment-4381\" style=\"width: 233px\" class=\"wp-caption aligncenter\"><a href=\"https:\/\/woblink.com\/ksiazka\/pierwsza-dama-jolanta-kwasniewska-w-rozmowie-z-emilia-padol--356118\" rel=\"nofollow\"><img decoding=\"async\" loading=\"lazy\" class=\"wp-image-4381 size-medium\" src=\"https:\/\/i0.wp.com\/woblink.com\/image-cache\/sellable_cover\/products\/images\/66eea5b609872.jpeg?resize=233%2C300&#038;ssl=1\" alt=\"Pierwsza Dama. Jolanta Kwa\u015bniewska w rozmowie z Emili\u0105 Padol\" width=\"233\" height=\"300\" data-recalc-dims=\"1\" \/><\/a><figcaption id=\"caption-attachment-4381\" class=\"wp-caption-text\"><center><strong>Kup <a href=\"https:\/\/woblink.com\/ksiazka\/pierwsza-dama-jolanta-kwasniewska-w-rozmowie-z-emilia-padol--356118\"> ksi\u0105\u017ck\u0119 Pierwsza Dama. Jolanta Kwa\u015bniewska w rozmowie z Emili\u0105 Padol<\/a> na Woblink.com<\/strong><\/center><\/figcaption><\/figure>\n<p>Lubisz historie oparte na faktach? W takim razie koniecznie przeczytaj artyku\u0142, w kt\u00f3rym zebrali\u015bmy <a href=\"https:\/\/woblink.com\/blog\/woblink-poleca-wydawnictwo-poznanskie-reportaze\/\">Najlepsze reporta\u017ce Wydawnictwa Pozna\u0144skiego<\/a>!<\/p>\n","protected":false},"excerpt":{"rendered":"<p>Wpis zaktualizowany: 15.02.2026 8 marca w wielu krajach \u015bwiata obchodzi si\u0119 Dzie\u0144 Kobiet. Wyb\u00f3r tej daty najprawdopodobniej \u0142\u0105czy si\u0119 z wydarzeniem, do jakiego dosz\u0142o 8 marca 1908 roku w Nowym Jorku. W\u00f3wczas na ulice miasta wysz\u0142o 15 tysi\u0119cy pracownic zak\u0142ad\u00f3w odzie\u017cowych, kt\u00f3re domaga\u0142y si\u0119 praw&#8230;<\/p>\n","protected":false},"author":8,"featured_media":6577,"comment_status":"closed","ping_status":"open","sticky":false,"template":"","format":"standard","meta":[],"categories":[87,86,96,90,80,89],"tags":[],"yoast_head":"<!-- This site is optimized with the Yoast SEO plugin v20.11 - https:\/\/yoast.com\/wordpress\/plugins\/seo\/ -->\n<title>Biografie kobiet - najlepsze ksi\u0105\u017cki na Dzie\u0144 Kobiet | Woblink blog<\/title>\n<meta name=\"description\" content=\"Poszukujesz prezentu na Dzie\u0144 Kobiet? Poznaj ksi\u0105\u017cki o s\u0142awnych kobietach, kt\u00f3re powinna przeczyta\u0107 ka\u017cda kobieta. Poznaj najlepsze biografie kobiet!\" \/>\n<meta name=\"robots\" content=\"index, follow, max-snippet:-1, max-image-preview:large, max-video-preview:-1\" \/>\n<link rel=\"canonical\" href=\"https:\/\/woblink.com\/blog\/biografie-kobiet-na-dzien-kobiet\/\" \/>\n<meta property=\"og:locale\" content=\"pl_PL\" \/>\n<meta property=\"og:type\" content=\"article\" \/>\n<meta property=\"og:title\" content=\"Biografie kobiet - najlepsze ksi\u0105\u017cki na Dzie\u0144 Kobiet | Woblink blog\" \/>\n<meta property=\"og:description\" content=\"Poszukujesz prezentu na Dzie\u0144 Kobiet? Poznaj ksi\u0105\u017cki o s\u0142awnych kobietach, kt\u00f3re powinna przeczyta\u0107 ka\u017cda kobieta. Poznaj najlepsze biografie kobiet!\" \/>\n<meta property=\"og:url\" content=\"https:\/\/woblink.com\/blog\/biografie-kobiet-na-dzien-kobiet\/\" \/>\n<meta property=\"og:site_name\" content=\"Woblink\" \/>\n<meta property=\"article:publisher\" content=\"https:\/\/facebook.com\/woblink\" \/>\n<meta property=\"article:published_time\" content=\"2021-03-08T14:52:42+00:00\" \/>\n<meta property=\"article:modified_time\" content=\"2026-02-17T15:03:16+00:00\" \/>\n<meta property=\"og:image\" content=\"https:\/\/woblink.com\/blog\/wp-content\/uploads\/biografie_kobiet.jpeg\" \/>\n\t<meta property=\"og:image:width\" content=\"1011\" \/>\n\t<meta property=\"og:image:height\" content=\"690\" \/>\n\t<meta property=\"og:image:type\" content=\"image\/jpeg\" \/>\n<meta name=\"author\" content=\"Martyna Latkowska\" \/>\n<meta name=\"twitter:card\" content=\"summary_large_image\" \/>\n<meta name=\"twitter:creator\" content=\"@woblink_com\" \/>\n<meta name=\"twitter:site\" content=\"@woblink_com\" \/>\n<meta name=\"twitter:label1\" content=\"Napisane przez\" \/>\n\t<meta name=\"twitter:data1\" content=\"Martyna Latkowska\" \/>\n\t<meta name=\"twitter:label2\" content=\"Szacowany czas czytania\" \/>\n\t<meta name=\"twitter:data2\" content=\"10 minut\" \/>\n<script type=\"application\/ld+json\" class=\"yoast-schema-graph\">{\"@context\":\"https:\/\/schema.org\",\"@graph\":[{\"@type\":\"Article\",\"@id\":\"https:\/\/woblink.com\/blog\/biografie-kobiet-na-dzien-kobiet\/#article\",\"isPartOf\":{\"@id\":\"https:\/\/woblink.com\/blog\/biografie-kobiet-na-dzien-kobiet\/\"},\"author\":{\"name\":\"Martyna Latkowska\",\"@id\":\"https:\/\/woblink.com\/blog\/#\/schema\/person\/d06fc73a6248316414fcea8f9e4bddaf\"},\"headline\":\"Biografie kobiet na Dzie\u0144 Kobiet\",\"datePublished\":\"2021-03-08T14:52:42+00:00\",\"dateModified\":\"2026-02-17T15:03:16+00:00\",\"mainEntityOfPage\":{\"@id\":\"https:\/\/woblink.com\/blog\/biografie-kobiet-na-dzien-kobiet\/\"},\"wordCount\":1490,\"publisher\":{\"@id\":\"https:\/\/woblink.com\/blog\/#organization\"},\"articleSection\":[\"Aktualno\u015bci\",\"Ciekawostki o pisarzach\",\"Ebooki\",\"Nowo\u015bci na Woblinku\",\"O ksi\u0105\u017ckach\",\"Rynek wydawniczy\"],\"inLanguage\":\"pl-PL\"},{\"@type\":\"WebPage\",\"@id\":\"https:\/\/woblink.com\/blog\/biografie-kobiet-na-dzien-kobiet\/\",\"url\":\"https:\/\/woblink.com\/blog\/biografie-kobiet-na-dzien-kobiet\/\",\"name\":\"Biografie kobiet - najlepsze ksi\u0105\u017cki na Dzie\u0144 Kobiet | Woblink blog\",\"isPartOf\":{\"@id\":\"https:\/\/woblink.com\/blog\/#website\"},\"datePublished\":\"2021-03-08T14:52:42+00:00\",\"dateModified\":\"2026-02-17T15:03:16+00:00\",\"description\":\"Poszukujesz prezentu na Dzie\u0144 Kobiet? Poznaj ksi\u0105\u017cki o s\u0142awnych kobietach, kt\u00f3re powinna przeczyta\u0107 ka\u017cda kobieta. Poznaj najlepsze biografie kobiet!\",\"breadcrumb\":{\"@id\":\"https:\/\/woblink.com\/blog\/biografie-kobiet-na-dzien-kobiet\/#breadcrumb\"},\"inLanguage\":\"pl-PL\",\"potentialAction\":[{\"@type\":\"ReadAction\",\"target\":[\"https:\/\/woblink.com\/blog\/biografie-kobiet-na-dzien-kobiet\/\"]}]},{\"@type\":\"BreadcrumbList\",\"@id\":\"https:\/\/woblink.com\/blog\/biografie-kobiet-na-dzien-kobiet\/#breadcrumb\",\"itemListElement\":[{\"@type\":\"ListItem\",\"position\":1,\"name\":\"Strona g\u0142\u00f3wna\",\"item\":\"https:\/\/woblink.com\/blog\/\"},{\"@type\":\"ListItem\",\"position\":2,\"name\":\"Biografie kobiet na Dzie\u0144 Kobiet\"}]},{\"@type\":\"WebSite\",\"@id\":\"https:\/\/woblink.com\/blog\/#website\",\"url\":\"https:\/\/woblink.com\/blog\/\",\"name\":\"Woblink\",\"description\":\"najlepszy firmowy blog o ksi\u0105\u017ckach\",\"publisher\":{\"@id\":\"https:\/\/woblink.com\/blog\/#organization\"},\"potentialAction\":[{\"@type\":\"SearchAction\",\"target\":{\"@type\":\"EntryPoint\",\"urlTemplate\":\"https:\/\/woblink.com\/blog\/?s={search_term_string}\"},\"query-input\":\"required name=search_term_string\"}],\"inLanguage\":\"pl-PL\"},{\"@type\":\"Organization\",\"@id\":\"https:\/\/woblink.com\/blog\/#organization\",\"name\":\"Woblink\",\"url\":\"https:\/\/woblink.com\/blog\/\",\"logo\":{\"@type\":\"ImageObject\",\"inLanguage\":\"pl-PL\",\"@id\":\"https:\/\/woblink.com\/blog\/#\/schema\/logo\/image\/\",\"url\":\"https:\/\/i0.wp.com\/woblink.com\/blog\/wp-content\/uploads\/2019\/04\/nw_logoB.png?fit=185%2C42&ssl=1\",\"contentUrl\":\"https:\/\/i0.wp.com\/woblink.com\/blog\/wp-content\/uploads\/2019\/04\/nw_logoB.png?fit=185%2C42&ssl=1\",\"width\":185,\"height\":42,\"caption\":\"Woblink\"},\"image\":{\"@id\":\"https:\/\/woblink.com\/blog\/#\/schema\/logo\/image\/\"},\"sameAs\":[\"https:\/\/facebook.com\/woblink\",\"https:\/\/twitter.com\/woblink_com\",\"https:\/\/www.instagram.com\/woblink_com\",\"https:\/\/www.linkedin.com\/company\/woblink\/\"]},{\"@type\":\"Person\",\"@id\":\"https:\/\/woblink.com\/blog\/#\/schema\/person\/d06fc73a6248316414fcea8f9e4bddaf\",\"name\":\"Martyna Latkowska\",\"image\":{\"@type\":\"ImageObject\",\"inLanguage\":\"pl-PL\",\"@id\":\"https:\/\/woblink.com\/blog\/#\/schema\/person\/image\/\",\"url\":\"https:\/\/secure.gravatar.com\/avatar\/3641413a23450aabd0b2d5a09b6e1936?s=96&d=mm&r=g\",\"contentUrl\":\"https:\/\/secure.gravatar.com\/avatar\/3641413a23450aabd0b2d5a09b6e1936?s=96&d=mm&r=g\",\"caption\":\"Martyna Latkowska\"},\"url\":\"https:\/\/woblink.com\/blog\/author\/gancarczyk\/\"}]}<\/script>\n<!-- \/ Yoast SEO plugin. -->","yoast_head_json":{"title":"Biografie kobiet - najlepsze ksi\u0105\u017cki na Dzie\u0144 Kobiet | Woblink blog","description":"Poszukujesz prezentu na Dzie\u0144 Kobiet? Poznaj ksi\u0105\u017cki o s\u0142awnych kobietach, kt\u00f3re powinna przeczyta\u0107 ka\u017cda kobieta. Poznaj najlepsze biografie kobiet!","robots":{"index":"index","follow":"follow","max-snippet":"max-snippet:-1","max-image-preview":"max-image-preview:large","max-video-preview":"max-video-preview:-1"},"canonical":"https:\/\/woblink.com\/blog\/biografie-kobiet-na-dzien-kobiet\/","og_locale":"pl_PL","og_type":"article","og_title":"Biografie kobiet - najlepsze ksi\u0105\u017cki na Dzie\u0144 Kobiet | Woblink blog","og_description":"Poszukujesz prezentu na Dzie\u0144 Kobiet? Poznaj ksi\u0105\u017cki o s\u0142awnych kobietach, kt\u00f3re powinna przeczyta\u0107 ka\u017cda kobieta. Poznaj najlepsze biografie kobiet!","og_url":"https:\/\/woblink.com\/blog\/biografie-kobiet-na-dzien-kobiet\/","og_site_name":"Woblink","article_publisher":"https:\/\/facebook.com\/woblink","article_published_time":"2021-03-08T14:52:42+00:00","article_modified_time":"2026-02-17T15:03:16+00:00","og_image":[{"width":1011,"height":690,"url":"https:\/\/woblink.com\/blog\/wp-content\/uploads\/biografie_kobiet.jpeg","type":"image\/jpeg"}],"author":"Martyna Latkowska","twitter_card":"summary_large_image","twitter_creator":"@woblink_com","twitter_site":"@woblink_com","twitter_misc":{"Napisane przez":"Martyna Latkowska","Szacowany czas czytania":"10 minut"},"schema":{"@context":"https:\/\/schema.org","@graph":[{"@type":"Article","@id":"https:\/\/woblink.com\/blog\/biografie-kobiet-na-dzien-kobiet\/#article","isPartOf":{"@id":"https:\/\/woblink.com\/blog\/biografie-kobiet-na-dzien-kobiet\/"},"author":{"name":"Martyna Latkowska","@id":"https:\/\/woblink.com\/blog\/#\/schema\/person\/d06fc73a6248316414fcea8f9e4bddaf"},"headline":"Biografie kobiet na Dzie\u0144 Kobiet","datePublished":"2021-03-08T14:52:42+00:00","dateModified":"2026-02-17T15:03:16+00:00","mainEntityOfPage":{"@id":"https:\/\/woblink.com\/blog\/biografie-kobiet-na-dzien-kobiet\/"},"wordCount":1490,"publisher":{"@id":"https:\/\/woblink.com\/blog\/#organization"},"articleSection":["Aktualno\u015bci","Ciekawostki o pisarzach","Ebooki","Nowo\u015bci na Woblinku","O ksi\u0105\u017ckach","Rynek wydawniczy"],"inLanguage":"pl-PL"},{"@type":"WebPage","@id":"https:\/\/woblink.com\/blog\/biografie-kobiet-na-dzien-kobiet\/","url":"https:\/\/woblink.com\/blog\/biografie-kobiet-na-dzien-kobiet\/","name":"Biografie kobiet - najlepsze ksi\u0105\u017cki na Dzie\u0144 Kobiet | Woblink blog","isPartOf":{"@id":"https:\/\/woblink.com\/blog\/#website"},"datePublished":"2021-03-08T14:52:42+00:00","dateModified":"2026-02-17T15:03:16+00:00","description":"Poszukujesz prezentu na Dzie\u0144 Kobiet? Poznaj ksi\u0105\u017cki o s\u0142awnych kobietach, kt\u00f3re powinna przeczyta\u0107 ka\u017cda kobieta. Poznaj najlepsze biografie kobiet!","breadcrumb":{"@id":"https:\/\/woblink.com\/blog\/biografie-kobiet-na-dzien-kobiet\/#breadcrumb"},"inLanguage":"pl-PL","potentialAction":[{"@type":"ReadAction","target":["https:\/\/woblink.com\/blog\/biografie-kobiet-na-dzien-kobiet\/"]}]},{"@type":"BreadcrumbList","@id":"https:\/\/woblink.com\/blog\/biografie-kobiet-na-dzien-kobiet\/#breadcrumb","itemListElement":[{"@type":"ListItem","position":1,"name":"Strona g\u0142\u00f3wna","item":"https:\/\/woblink.com\/blog\/"},{"@type":"ListItem","position":2,"name":"Biografie kobiet na Dzie\u0144 Kobiet"}]},{"@type":"WebSite","@id":"https:\/\/woblink.com\/blog\/#website","url":"https:\/\/woblink.com\/blog\/","name":"Woblink","description":"najlepszy firmowy blog o ksi\u0105\u017ckach","publisher":{"@id":"https:\/\/woblink.com\/blog\/#organization"},"potentialAction":[{"@type":"SearchAction","target":{"@type":"EntryPoint","urlTemplate":"https:\/\/woblink.com\/blog\/?s={search_term_string}"},"query-input":"required name=search_term_string"}],"inLanguage":"pl-PL"},{"@type":"Organization","@id":"https:\/\/woblink.com\/blog\/#organization","name":"Woblink","url":"https:\/\/woblink.com\/blog\/","logo":{"@type":"ImageObject","inLanguage":"pl-PL","@id":"https:\/\/woblink.com\/blog\/#\/schema\/logo\/image\/","url":"https:\/\/i0.wp.com\/woblink.com\/blog\/wp-content\/uploads\/2019\/04\/nw_logoB.png?fit=185%2C42&ssl=1","contentUrl":"https:\/\/i0.wp.com\/woblink.com\/blog\/wp-content\/uploads\/2019\/04\/nw_logoB.png?fit=185%2C42&ssl=1","width":185,"height":42,"caption":"Woblink"},"image":{"@id":"https:\/\/woblink.com\/blog\/#\/schema\/logo\/image\/"},"sameAs":["https:\/\/facebook.com\/woblink","https:\/\/twitter.com\/woblink_com","https:\/\/www.instagram.com\/woblink_com","https:\/\/www.linkedin.com\/company\/woblink\/"]},{"@type":"Person","@id":"https:\/\/woblink.com\/blog\/#\/schema\/person\/d06fc73a6248316414fcea8f9e4bddaf","name":"Martyna Latkowska","image":{"@type":"ImageObject","inLanguage":"pl-PL","@id":"https:\/\/woblink.com\/blog\/#\/schema\/person\/image\/","url":"https:\/\/secure.gravatar.com\/avatar\/3641413a23450aabd0b2d5a09b6e1936?s=96&d=mm&r=g","contentUrl":"https:\/\/secure.gravatar.com\/avatar\/3641413a23450aabd0b2d5a09b6e1936?s=96&d=mm&r=g","caption":"Martyna Latkowska"},"url":"https:\/\/woblink.com\/blog\/author\/gancarczyk\/"}]}},"jetpack_featured_media_url":"https:\/\/i0.wp.com\/woblink.com\/blog\/wp-content\/uploads\/biografie_kobiet.jpeg?fit=1011%2C690&ssl=1","_links":{"self":[{"href":"https:\/\/woblink.com\/blog\/wp-json\/wp\/v2\/posts\/4340"}],"collection":[{"href":"https:\/\/woblink.com\/blog\/wp-json\/wp\/v2\/posts"}],"about":[{"href":"https:\/\/woblink.com\/blog\/wp-json\/wp\/v2\/types\/post"}],"author":[{"embeddable":true,"href":"https:\/\/woblink.com\/blog\/wp-json\/wp\/v2\/users\/8"}],"replies":[{"embeddable":true,"href":"https:\/\/woblink.com\/blog\/wp-json\/wp\/v2\/comments?post=4340"}],"version-history":[{"count":13,"href":"https:\/\/woblink.com\/blog\/wp-json\/wp\/v2\/posts\/4340\/revisions"}],"predecessor-version":[{"id":14428,"href":"https:\/\/woblink.com\/blog\/wp-json\/wp\/v2\/posts\/4340\/revisions\/14428"}],"wp:featuredmedia":[{"embeddable":true,"href":"https:\/\/woblink.com\/blog\/wp-json\/wp\/v2\/media\/6577"}],"wp:attachment":[{"href":"https:\/\/woblink.com\/blog\/wp-json\/wp\/v2\/media?parent=4340"}],"wp:term":[{"taxonomy":"category","embeddable":true,"href":"https:\/\/woblink.com\/blog\/wp-json\/wp\/v2\/categories?post=4340"},{"taxonomy":"post_tag","embeddable":true,"href":"https:\/\/woblink.com\/blog\/wp-json\/wp\/v2\/tags?post=4340"}],"curies":[{"name":"wp","href":"https:\/\/api.w.org\/{rel}","templated":true}]}}