{"id":4348,"date":"2021-03-05T21:01:44","date_gmt":"2021-03-05T20:01:44","guid":{"rendered":"https:\/\/woblink.com\/blog\/?p=4348"},"modified":"2021-03-05T21:05:27","modified_gmt":"2021-03-05T20:05:27","slug":"olsnienia-2021-joanna-bator-laureatka-za-gorzko-gorzko","status":"publish","type":"post","link":"https:\/\/woblink.com\/blog\/olsnienia-2021-joanna-bator-laureatka-za-gorzko-gorzko\/","title":{"rendered":"O!L\u015bnienia 2021: Joanna Bator laureatk\u0105 za \u201eGorzko, gorzko\u201d"},"content":{"rendered":"<p><strong>Joanna Bator zosta\u0142a laureatk\u0105 plebiscytu O!L\u015bnienia \u2013 Nagr\u00f3d Kulturalnych Onetu i Miasta Krak\u00f3w, w kategorii literatura. Wyr\u00f3\u017cnienie otrzyma\u0142a za swoj\u0105 najnowsz\u0105 powie\u015b\u0107 pt. \u201eGorzko, gorzko\u201d. Zwyci\u0119zc\u00f3w poznali\u015bmy 5 marca o godz. 20.00, podczas uroczysto\u015bci wr\u0119czenia nagr\u00f3d, kt\u00f3ra transmitowana by\u0142a na fanpage&#8217;u Onetu.<\/strong><\/p>\n<p><!--more--><\/p>\n<h3><strong>Joanna Bator laureatk\u0105 plebiscytu O!L\u015bnienia za \u201eGorzko, gorzko\u201d<\/strong><\/h3>\n<p>Tegoroczn\u0105 laureatk\u0105 plebiscytu O!L\u015bnienia \u2013 Nagr\u00f3d Kulturalnych Onetu i Miasta Krak\u00f3w \u2013 w kategorii literatura zosta\u0142a Joanna Bator, za powie\u015b\u0107 \u201eGorzko, gorzko\u201d. Jury nominuj\u0105c pisark\u0119 tak uzasadnia\u0142o sw\u00f3j wyb\u00f3r: \u201eza misternie utkan\u0105 powie\u015b\u0107 o trzech pokoleniach kobiet, kt\u00f3re pr\u00f3buj\u0105 wywalczy\u0107 sobie prawo do niezale\u017cno\u015bci\u201d. Serdecznie gratulujemy autorce oraz Wydawnictwu Znak.<\/p>\n<figure id=\"attachment_4142\" aria-describedby=\"caption-attachment-4142\" style=\"width: 210px\" class=\"wp-caption aligncenter\"><a href=\"https:\/\/woblink.com\/ebook\/gorzko-gorzko-joanna-bator-201242u\"><img decoding=\"async\" loading=\"lazy\" class=\"wp-image-4142 size-medium\" src=\"https:\/\/i0.wp.com\/woblink.com\/blog\/wp-content\/uploads\/2021\/02\/5fbf9fbe8f34a-2.jpeg?resize=210%2C300&#038;ssl=1\" alt=\"Gorzko Gorzko Joanna Bator O!L\u015bnienia\" width=\"210\" height=\"300\" srcset=\"https:\/\/i0.wp.com\/woblink.com\/blog\/wp-content\/uploads\/2021\/02\/5fbf9fbe8f34a-2.jpeg?resize=210%2C300&amp;ssl=1 210w, https:\/\/i0.wp.com\/woblink.com\/blog\/wp-content\/uploads\/2021\/02\/5fbf9fbe8f34a-2.jpeg?w=570&amp;ssl=1 570w\" sizes=\"(max-width: 210px) 100vw, 210px\" data-recalc-dims=\"1\" \/><\/a><figcaption id=\"caption-attachment-4142\" class=\"wp-caption-text\"><center><strong>Kup <a href=\"https:\/\/woblink.com\/ebook\/gorzko-gorzko-joanna-bator-201242u\">ebooka<\/a> lub <a href=\"https:\/\/woblink.com\/ksiazka\/gorzko-gorzko--202006\">ksi\u0105\u017ck\u0119<\/a> na Woblink.com<\/strong><\/center><\/figcaption><\/figure>\n<p>\u201e<strong><a href=\"https:\/\/woblink.com\/audiobook\/gorzko-gorzko-joanna-bator-208543\">Gorzko, gorzko<\/a><\/strong>\u201d to saga rodzinna, w kt\u00f3rej Joanna Bator przedstawi\u0142a losy czterech pokole\u0144 kobiet. Histori\u0119 Berty, Barbary i Violetty opowiada Kalina, kt\u00f3ra mozolnie stara si\u0119 zrekonstruowa\u0107 pami\u0119\u0107 swojej naznaczonej traum\u0105 rodziny. W tym czasie odnajduje brakuj\u0105ce elementy rodzinnej historii, stara si\u0119 zszy\u0107 j\u0105 w ca\u0142o\u015b\u0107.<\/p>\n<h3>\u201eGorzko, gorzko\u201d w formie audiobooka<\/h3>\n<p>Cho\u0107 powie\u015b\u0107 \u201e<strong><a href=\"https:\/\/woblink.com\/audiobook\/gorzko-gorzko-joanna-bator-208543\">Gorzko, gorzko<\/a><\/strong>\u201d ukaza\u0142a si\u0119 25 listopada 2020 roku, to dopiero od 1 marca w ksi\u0119garni internetowej Woblink mo\u017cecie kupi\u0107 t\u0119 ksi\u0105\u017ck\u0119 r\u00f3wnie\u017c w formie audiobooka. Ksi\u0105\u017ck\u0119 czyta Anna Maria Buczek.<\/p>\n<figure id=\"attachment_4315\" aria-describedby=\"caption-attachment-4315\" style=\"width: 150px\" class=\"wp-caption aligncenter\"><a href=\"https:\/\/woblink.com\/audiobook\/gorzko-gorzko-joanna-bator-208543\"><img decoding=\"async\" loading=\"lazy\" class=\"wp-image-4315 size-thumbnail\" src=\"https:\/\/i0.wp.com\/woblink.com\/blog\/wp-content\/uploads\/2021\/03\/6034f71654738.jpg?resize=150%2C150&#038;ssl=1\" alt=\"gorzko gorzko premiera audiobooka\" width=\"150\" height=\"150\" srcset=\"https:\/\/i0.wp.com\/woblink.com\/blog\/wp-content\/uploads\/2021\/03\/6034f71654738.jpg?resize=150%2C150&amp;ssl=1 150w, https:\/\/i0.wp.com\/woblink.com\/blog\/wp-content\/uploads\/2021\/03\/6034f71654738.jpg?resize=300%2C300&amp;ssl=1 300w, https:\/\/i0.wp.com\/woblink.com\/blog\/wp-content\/uploads\/2021\/03\/6034f71654738.jpg?resize=100%2C100&amp;ssl=1 100w, https:\/\/i0.wp.com\/woblink.com\/blog\/wp-content\/uploads\/2021\/03\/6034f71654738.jpg?w=570&amp;ssl=1 570w\" sizes=\"(max-width: 150px) 100vw, 150px\" data-recalc-dims=\"1\" \/><\/a><figcaption id=\"caption-attachment-4315\" class=\"wp-caption-text\"><center><strong>Kup <a href=\"https:\/\/woblink.com\/audiobook\/gorzko-gorzko-joanna-bator-208543\">audiobooka<\/a> na Woblink.com<\/strong><\/center><\/figcaption><\/figure>\n<h2>O!L\u015bnienia \u2013 Nagrody Kulturalne Onetu i Miasta Krak\u00f3w<\/h2>\n<p style=\"font-weight: 400;\">12 lutego wystartowa\u0142o g\u0142osowanie w plebiscycie O!L\u015bnienia \u2013 Nagr\u00f3d Kulturalnych Onetu i Miasta Krak\u00f3w. Nominacje dla artyst\u00f3w za 2020 rok zosta\u0142y og\u0142oszone w programie Katarzyny Janowskiej \u201eRezerwacja\u201d w Onecie. Plebiscyt trwa\u0142 do ko\u0144ca lutego. 5 marca o godz. 20.00, rozpocz\u0119\u0142a si\u0119 uroczysto\u015b\u0107 wr\u0119czenia nagr\u00f3d, kt\u00f3ra odby\u0142a si\u0119 Pa\u0142acu Potockich w Krakowie. Mo\u017cna j\u0105 b\u0119dzie obejrze\u0107 w kana\u0142ach spo\u0142eczno\u015bciowych Onetu oraz na platformie PLAY KRAK\u00d3W. W sobot\u0119, 6 marca o godzinie 15.50 retransmisj\u0119 wr\u0119czenia nagr\u00f3d poka\u017ce TVN.<\/p>\n<p>O wynikach decydowali internauci, kt\u00f3rzy do p\u00f3\u0142nocy 28 lutego na stronie <a href=\"http:\/\/www.olsnienia.onet.pl\/\">www.olsnienia.onet.pl<\/a> mogli oddawa\u0107 g\u0142osy w nast\u0119puj\u0105cych 8 kategoriach konkursowych: <strong>Film, Literatura, Sztuki Wizualne, Muzyka Popularna, Muzyka Klasyczna i Jazz, Teatr, Serial oraz Herosi Kultury.<\/strong><\/p>\n<p>Zwyci\u0119zc\u00f3w w pozosta\u0142ych kategoriach mo\u017cecie pozna\u0107 wchodz\u0105c na stron\u0119 <strong><a href=\"https:\/\/kultura.onet.pl\/\">Onet Kultura<\/a><\/strong>.<\/p>\n<p style=\"font-weight: 400;\">\n","protected":false},"excerpt":{"rendered":"<p>Joanna Bator zosta\u0142a laureatk\u0105 plebiscytu O!L\u015bnienia \u2013 Nagr\u00f3d Kulturalnych Onetu i Miasta Krak\u00f3w, w kategorii literatura. Wyr\u00f3\u017cnienie otrzyma\u0142a za swoj\u0105 najnowsz\u0105 powie\u015b\u0107 pt. \u201eGorzko, gorzko\u201d. Zwyci\u0119zc\u00f3w poznali\u015bmy 5 marca o godz. 20.00, podczas uroczysto\u015bci wr\u0119czenia nagr\u00f3d, kt\u00f3ra transmitowana by\u0142a na fanpage&#8217;u Onetu. Joanna Bator laureatk\u0105&#8230;<\/p>\n","protected":false},"author":7,"featured_media":4349,"comment_status":"closed","ping_status":"open","sticky":false,"template":"","format":"standard","meta":[],"categories":[87,79],"tags":[],"yoast_head":"<!-- This site is optimized with the Yoast SEO plugin v20.11 - https:\/\/yoast.com\/wordpress\/plugins\/seo\/ -->\n<title>O!L\u015bnienia 2021: Joanna Bator laureatk\u0105 za \u201eGorzko, gorzko\u201d - Woblink<\/title>\n<meta name=\"description\" content=\"Joanna Bator laureatk\u0105 plebiscytu O!L\u015bnienia \u2013 Nagr\u00f3d Kulturalnych Onetu i m. Krak\u00f3w w kategorii literatura, kt\u00f3re otrzyma\u0142a za powie\u015b\u0107 \u201eGorzko, gorzko\u201d.\" \/>\n<meta name=\"robots\" content=\"index, follow, max-snippet:-1, max-image-preview:large, max-video-preview:-1\" \/>\n<link rel=\"canonical\" href=\"https:\/\/woblink.com\/blog\/olsnienia-2021-joanna-bator-laureatka-za-gorzko-gorzko\/\" \/>\n<meta property=\"og:locale\" content=\"pl_PL\" \/>\n<meta property=\"og:type\" content=\"article\" \/>\n<meta property=\"og:title\" content=\"O!L\u015bnienia 2021: Joanna Bator laureatk\u0105 za \u201eGorzko, gorzko\u201d - Woblink\" \/>\n<meta property=\"og:description\" content=\"Joanna Bator laureatk\u0105 plebiscytu O!L\u015bnienia \u2013 Nagr\u00f3d Kulturalnych Onetu i m. Krak\u00f3w w kategorii literatura, kt\u00f3re otrzyma\u0142a za powie\u015b\u0107 \u201eGorzko, gorzko\u201d.\" \/>\n<meta property=\"og:url\" content=\"https:\/\/woblink.com\/blog\/olsnienia-2021-joanna-bator-laureatka-za-gorzko-gorzko\/\" \/>\n<meta property=\"og:site_name\" content=\"Woblink\" \/>\n<meta property=\"article:publisher\" content=\"https:\/\/facebook.com\/woblink\" \/>\n<meta property=\"article:published_time\" content=\"2021-03-05T20:01:44+00:00\" \/>\n<meta property=\"article:modified_time\" content=\"2021-03-05T20:05:27+00:00\" \/>\n<meta property=\"og:image\" content=\"https:\/\/i0.wp.com\/woblink.com\/blog\/wp-content\/uploads\/2021\/03\/joanna-bator.png?fit=1011%2C690&ssl=1\" \/>\n\t<meta property=\"og:image:width\" content=\"1011\" \/>\n\t<meta property=\"og:image:height\" content=\"690\" \/>\n\t<meta property=\"og:image:type\" content=\"image\/png\" \/>\n<meta name=\"author\" content=\"Redakcja Woblinka\" \/>\n<meta name=\"twitter:card\" content=\"summary_large_image\" \/>\n<meta name=\"twitter:creator\" content=\"@woblink_com\" \/>\n<meta name=\"twitter:site\" content=\"@woblink_com\" \/>\n<meta name=\"twitter:label1\" content=\"Napisane przez\" \/>\n\t<meta name=\"twitter:data1\" content=\"Redakcja Woblinka\" \/>\n\t<meta name=\"twitter:label2\" content=\"Szacowany czas czytania\" \/>\n\t<meta name=\"twitter:data2\" content=\"2 minuty\" \/>\n<script type=\"application\/ld+json\" class=\"yoast-schema-graph\">{\"@context\":\"https:\/\/schema.org\",\"@graph\":[{\"@type\":\"Article\",\"@id\":\"https:\/\/woblink.com\/blog\/olsnienia-2021-joanna-bator-laureatka-za-gorzko-gorzko\/#article\",\"isPartOf\":{\"@id\":\"https:\/\/woblink.com\/blog\/olsnienia-2021-joanna-bator-laureatka-za-gorzko-gorzko\/\"},\"author\":{\"name\":\"Redakcja Woblinka\",\"@id\":\"https:\/\/woblink.com\/blog\/#\/schema\/person\/8ab6b79d64fa54209272130c4c3b1e95\"},\"headline\":\"O!L\u015bnienia 2021: Joanna Bator laureatk\u0105 za \u201eGorzko, gorzko\u201d\",\"datePublished\":\"2021-03-05T20:01:44+00:00\",\"dateModified\":\"2021-03-05T20:05:27+00:00\",\"mainEntityOfPage\":{\"@id\":\"https:\/\/woblink.com\/blog\/olsnienia-2021-joanna-bator-laureatka-za-gorzko-gorzko\/\"},\"wordCount\":412,\"publisher\":{\"@id\":\"https:\/\/woblink.com\/blog\/#organization\"},\"articleSection\":[\"Aktualno\u015bci\",\"Nagrody literackie\"],\"inLanguage\":\"pl-PL\"},{\"@type\":\"WebPage\",\"@id\":\"https:\/\/woblink.com\/blog\/olsnienia-2021-joanna-bator-laureatka-za-gorzko-gorzko\/\",\"url\":\"https:\/\/woblink.com\/blog\/olsnienia-2021-joanna-bator-laureatka-za-gorzko-gorzko\/\",\"name\":\"O!L\u015bnienia 2021: Joanna Bator laureatk\u0105 za \u201eGorzko, gorzko\u201d - Woblink\",\"isPartOf\":{\"@id\":\"https:\/\/woblink.com\/blog\/#website\"},\"datePublished\":\"2021-03-05T20:01:44+00:00\",\"dateModified\":\"2021-03-05T20:05:27+00:00\",\"description\":\"Joanna Bator laureatk\u0105 plebiscytu O!L\u015bnienia \u2013 Nagr\u00f3d Kulturalnych Onetu i m. Krak\u00f3w w kategorii literatura, kt\u00f3re otrzyma\u0142a za powie\u015b\u0107 \u201eGorzko, gorzko\u201d.\",\"breadcrumb\":{\"@id\":\"https:\/\/woblink.com\/blog\/olsnienia-2021-joanna-bator-laureatka-za-gorzko-gorzko\/#breadcrumb\"},\"inLanguage\":\"pl-PL\",\"potentialAction\":[{\"@type\":\"ReadAction\",\"target\":[\"https:\/\/woblink.com\/blog\/olsnienia-2021-joanna-bator-laureatka-za-gorzko-gorzko\/\"]}]},{\"@type\":\"BreadcrumbList\",\"@id\":\"https:\/\/woblink.com\/blog\/olsnienia-2021-joanna-bator-laureatka-za-gorzko-gorzko\/#breadcrumb\",\"itemListElement\":[{\"@type\":\"ListItem\",\"position\":1,\"name\":\"Strona g\u0142\u00f3wna\",\"item\":\"https:\/\/woblink.com\/blog\/\"},{\"@type\":\"ListItem\",\"position\":2,\"name\":\"O!L\u015bnienia 2021: Joanna Bator laureatk\u0105 za \u201eGorzko, gorzko\u201d\"}]},{\"@type\":\"WebSite\",\"@id\":\"https:\/\/woblink.com\/blog\/#website\",\"url\":\"https:\/\/woblink.com\/blog\/\",\"name\":\"Woblink\",\"description\":\"najlepszy firmowy blog o ksi\u0105\u017ckach\",\"publisher\":{\"@id\":\"https:\/\/woblink.com\/blog\/#organization\"},\"potentialAction\":[{\"@type\":\"SearchAction\",\"target\":{\"@type\":\"EntryPoint\",\"urlTemplate\":\"https:\/\/woblink.com\/blog\/?s={search_term_string}\"},\"query-input\":\"required name=search_term_string\"}],\"inLanguage\":\"pl-PL\"},{\"@type\":\"Organization\",\"@id\":\"https:\/\/woblink.com\/blog\/#organization\",\"name\":\"Woblink\",\"url\":\"https:\/\/woblink.com\/blog\/\",\"logo\":{\"@type\":\"ImageObject\",\"inLanguage\":\"pl-PL\",\"@id\":\"https:\/\/woblink.com\/blog\/#\/schema\/logo\/image\/\",\"url\":\"https:\/\/i0.wp.com\/woblink.com\/blog\/wp-content\/uploads\/2019\/04\/nw_logoB.png?fit=185%2C42&ssl=1\",\"contentUrl\":\"https:\/\/i0.wp.com\/woblink.com\/blog\/wp-content\/uploads\/2019\/04\/nw_logoB.png?fit=185%2C42&ssl=1\",\"width\":185,\"height\":42,\"caption\":\"Woblink\"},\"image\":{\"@id\":\"https:\/\/woblink.com\/blog\/#\/schema\/logo\/image\/\"},\"sameAs\":[\"https:\/\/facebook.com\/woblink\",\"https:\/\/twitter.com\/woblink_com\",\"https:\/\/www.instagram.com\/woblink_com\",\"https:\/\/www.linkedin.com\/company\/woblink\/\"]},{\"@type\":\"Person\",\"@id\":\"https:\/\/woblink.com\/blog\/#\/schema\/person\/8ab6b79d64fa54209272130c4c3b1e95\",\"name\":\"Redakcja Woblinka\",\"image\":{\"@type\":\"ImageObject\",\"inLanguage\":\"pl-PL\",\"@id\":\"https:\/\/woblink.com\/blog\/#\/schema\/person\/image\/\",\"url\":\"https:\/\/secure.gravatar.com\/avatar\/f23ae80a7c9da060bee5f8310913478b?s=96&d=mm&r=g\",\"contentUrl\":\"https:\/\/secure.gravatar.com\/avatar\/f23ae80a7c9da060bee5f8310913478b?s=96&d=mm&r=g\",\"caption\":\"Redakcja Woblinka\"},\"url\":\"https:\/\/woblink.com\/blog\/author\/krasny\/\"}]}<\/script>\n<!-- \/ Yoast SEO plugin. -->","yoast_head_json":{"title":"O!L\u015bnienia 2021: Joanna Bator laureatk\u0105 za \u201eGorzko, gorzko\u201d - Woblink","description":"Joanna Bator laureatk\u0105 plebiscytu O!L\u015bnienia \u2013 Nagr\u00f3d Kulturalnych Onetu i m. Krak\u00f3w w kategorii literatura, kt\u00f3re otrzyma\u0142a za powie\u015b\u0107 \u201eGorzko, gorzko\u201d.","robots":{"index":"index","follow":"follow","max-snippet":"max-snippet:-1","max-image-preview":"max-image-preview:large","max-video-preview":"max-video-preview:-1"},"canonical":"https:\/\/woblink.com\/blog\/olsnienia-2021-joanna-bator-laureatka-za-gorzko-gorzko\/","og_locale":"pl_PL","og_type":"article","og_title":"O!L\u015bnienia 2021: Joanna Bator laureatk\u0105 za \u201eGorzko, gorzko\u201d - Woblink","og_description":"Joanna Bator laureatk\u0105 plebiscytu O!L\u015bnienia \u2013 Nagr\u00f3d Kulturalnych Onetu i m. Krak\u00f3w w kategorii literatura, kt\u00f3re otrzyma\u0142a za powie\u015b\u0107 \u201eGorzko, gorzko\u201d.","og_url":"https:\/\/woblink.com\/blog\/olsnienia-2021-joanna-bator-laureatka-za-gorzko-gorzko\/","og_site_name":"Woblink","article_publisher":"https:\/\/facebook.com\/woblink","article_published_time":"2021-03-05T20:01:44+00:00","article_modified_time":"2021-03-05T20:05:27+00:00","og_image":[{"width":1011,"height":690,"url":"https:\/\/i0.wp.com\/woblink.com\/blog\/wp-content\/uploads\/2021\/03\/joanna-bator.png?fit=1011%2C690&ssl=1","type":"image\/png"}],"author":"Redakcja Woblinka","twitter_card":"summary_large_image","twitter_creator":"@woblink_com","twitter_site":"@woblink_com","twitter_misc":{"Napisane przez":"Redakcja Woblinka","Szacowany czas czytania":"2 minuty"},"schema":{"@context":"https:\/\/schema.org","@graph":[{"@type":"Article","@id":"https:\/\/woblink.com\/blog\/olsnienia-2021-joanna-bator-laureatka-za-gorzko-gorzko\/#article","isPartOf":{"@id":"https:\/\/woblink.com\/blog\/olsnienia-2021-joanna-bator-laureatka-za-gorzko-gorzko\/"},"author":{"name":"Redakcja Woblinka","@id":"https:\/\/woblink.com\/blog\/#\/schema\/person\/8ab6b79d64fa54209272130c4c3b1e95"},"headline":"O!L\u015bnienia 2021: Joanna Bator laureatk\u0105 za \u201eGorzko, gorzko\u201d","datePublished":"2021-03-05T20:01:44+00:00","dateModified":"2021-03-05T20:05:27+00:00","mainEntityOfPage":{"@id":"https:\/\/woblink.com\/blog\/olsnienia-2021-joanna-bator-laureatka-za-gorzko-gorzko\/"},"wordCount":412,"publisher":{"@id":"https:\/\/woblink.com\/blog\/#organization"},"articleSection":["Aktualno\u015bci","Nagrody literackie"],"inLanguage":"pl-PL"},{"@type":"WebPage","@id":"https:\/\/woblink.com\/blog\/olsnienia-2021-joanna-bator-laureatka-za-gorzko-gorzko\/","url":"https:\/\/woblink.com\/blog\/olsnienia-2021-joanna-bator-laureatka-za-gorzko-gorzko\/","name":"O!L\u015bnienia 2021: Joanna Bator laureatk\u0105 za \u201eGorzko, gorzko\u201d - Woblink","isPartOf":{"@id":"https:\/\/woblink.com\/blog\/#website"},"datePublished":"2021-03-05T20:01:44+00:00","dateModified":"2021-03-05T20:05:27+00:00","description":"Joanna Bator laureatk\u0105 plebiscytu O!L\u015bnienia \u2013 Nagr\u00f3d Kulturalnych Onetu i m. Krak\u00f3w w kategorii literatura, kt\u00f3re otrzyma\u0142a za powie\u015b\u0107 \u201eGorzko, gorzko\u201d.","breadcrumb":{"@id":"https:\/\/woblink.com\/blog\/olsnienia-2021-joanna-bator-laureatka-za-gorzko-gorzko\/#breadcrumb"},"inLanguage":"pl-PL","potentialAction":[{"@type":"ReadAction","target":["https:\/\/woblink.com\/blog\/olsnienia-2021-joanna-bator-laureatka-za-gorzko-gorzko\/"]}]},{"@type":"BreadcrumbList","@id":"https:\/\/woblink.com\/blog\/olsnienia-2021-joanna-bator-laureatka-za-gorzko-gorzko\/#breadcrumb","itemListElement":[{"@type":"ListItem","position":1,"name":"Strona g\u0142\u00f3wna","item":"https:\/\/woblink.com\/blog\/"},{"@type":"ListItem","position":2,"name":"O!L\u015bnienia 2021: Joanna Bator laureatk\u0105 za \u201eGorzko, gorzko\u201d"}]},{"@type":"WebSite","@id":"https:\/\/woblink.com\/blog\/#website","url":"https:\/\/woblink.com\/blog\/","name":"Woblink","description":"najlepszy firmowy blog o ksi\u0105\u017ckach","publisher":{"@id":"https:\/\/woblink.com\/blog\/#organization"},"potentialAction":[{"@type":"SearchAction","target":{"@type":"EntryPoint","urlTemplate":"https:\/\/woblink.com\/blog\/?s={search_term_string}"},"query-input":"required name=search_term_string"}],"inLanguage":"pl-PL"},{"@type":"Organization","@id":"https:\/\/woblink.com\/blog\/#organization","name":"Woblink","url":"https:\/\/woblink.com\/blog\/","logo":{"@type":"ImageObject","inLanguage":"pl-PL","@id":"https:\/\/woblink.com\/blog\/#\/schema\/logo\/image\/","url":"https:\/\/i0.wp.com\/woblink.com\/blog\/wp-content\/uploads\/2019\/04\/nw_logoB.png?fit=185%2C42&ssl=1","contentUrl":"https:\/\/i0.wp.com\/woblink.com\/blog\/wp-content\/uploads\/2019\/04\/nw_logoB.png?fit=185%2C42&ssl=1","width":185,"height":42,"caption":"Woblink"},"image":{"@id":"https:\/\/woblink.com\/blog\/#\/schema\/logo\/image\/"},"sameAs":["https:\/\/facebook.com\/woblink","https:\/\/twitter.com\/woblink_com","https:\/\/www.instagram.com\/woblink_com","https:\/\/www.linkedin.com\/company\/woblink\/"]},{"@type":"Person","@id":"https:\/\/woblink.com\/blog\/#\/schema\/person\/8ab6b79d64fa54209272130c4c3b1e95","name":"Redakcja Woblinka","image":{"@type":"ImageObject","inLanguage":"pl-PL","@id":"https:\/\/woblink.com\/blog\/#\/schema\/person\/image\/","url":"https:\/\/secure.gravatar.com\/avatar\/f23ae80a7c9da060bee5f8310913478b?s=96&d=mm&r=g","contentUrl":"https:\/\/secure.gravatar.com\/avatar\/f23ae80a7c9da060bee5f8310913478b?s=96&d=mm&r=g","caption":"Redakcja Woblinka"},"url":"https:\/\/woblink.com\/blog\/author\/krasny\/"}]}},"jetpack_featured_media_url":"https:\/\/i0.wp.com\/woblink.com\/blog\/wp-content\/uploads\/2021\/03\/joanna-bator.png?fit=1011%2C690&ssl=1","_links":{"self":[{"href":"https:\/\/woblink.com\/blog\/wp-json\/wp\/v2\/posts\/4348"}],"collection":[{"href":"https:\/\/woblink.com\/blog\/wp-json\/wp\/v2\/posts"}],"about":[{"href":"https:\/\/woblink.com\/blog\/wp-json\/wp\/v2\/types\/post"}],"author":[{"embeddable":true,"href":"https:\/\/woblink.com\/blog\/wp-json\/wp\/v2\/users\/7"}],"replies":[{"embeddable":true,"href":"https:\/\/woblink.com\/blog\/wp-json\/wp\/v2\/comments?post=4348"}],"version-history":[{"count":2,"href":"https:\/\/woblink.com\/blog\/wp-json\/wp\/v2\/posts\/4348\/revisions"}],"predecessor-version":[{"id":4351,"href":"https:\/\/woblink.com\/blog\/wp-json\/wp\/v2\/posts\/4348\/revisions\/4351"}],"wp:featuredmedia":[{"embeddable":true,"href":"https:\/\/woblink.com\/blog\/wp-json\/wp\/v2\/media\/4349"}],"wp:attachment":[{"href":"https:\/\/woblink.com\/blog\/wp-json\/wp\/v2\/media?parent=4348"}],"wp:term":[{"taxonomy":"category","embeddable":true,"href":"https:\/\/woblink.com\/blog\/wp-json\/wp\/v2\/categories?post=4348"},{"taxonomy":"post_tag","embeddable":true,"href":"https:\/\/woblink.com\/blog\/wp-json\/wp\/v2\/tags?post=4348"}],"curies":[{"name":"wp","href":"https:\/\/api.w.org\/{rel}","templated":true}]}}