{"id":4406,"date":"2021-03-16T11:41:38","date_gmt":"2021-03-16T10:41:38","guid":{"rendered":"https:\/\/woblink.com\/blog\/?p=4406"},"modified":"2021-03-16T11:41:38","modified_gmt":"2021-03-16T10:41:38","slug":"dziela-szymborskiej-w-bibliotece-konca-swiata","status":"publish","type":"post","link":"https:\/\/woblink.com\/blog\/dziela-szymborskiej-w-bibliotece-konca-swiata\/","title":{"rendered":"Dzie\u0142a Szymborskiej w Bibliotece Ko\u0144ca \u015awiata"},"content":{"rendered":"<p><strong>Jak informuje Fundacja Wis\u0142awy Szymborskiej, Wydawnictwo Znak oraz Piql Polska, wszystkie dzie\u0142a Wis\u0142awy Szymborskiej zostan\u0105 zdeponowane w \u015awiatowym Archiwum Arktycznym na Spitsbergenie. Przekazanie cyfrowych wersji dzie\u0142 noblistki do \u201eBiblioteki Ko\u0144ca \u015awiata\u201d nast\u0105pi 8 kwietnia 2021 roku.<\/strong><\/p>\n<p><!--more--><\/p>\n<h3>Wis\u0142awa Szymborska w Bibliotece Ko\u0144ca \u015awiata<\/h3>\n<p>No\u015bnik, na kt\u00f3rym zapisane zosta\u0142y wszystkie dzie\u0142a Wis\u0142awy Szymborskiej, mo\u017ce przetrwa\u0107 ponad 500 lat! Obecnie dysk znajduje si\u0119 w Fundacji Wis\u0142awy Szymborskiej w Krakowie. Zarejestrowane na nim zosta\u0142y wszystkie teksty poetyckie, prozatorskie, felietony i listy, kt\u00f3re wysz\u0142y spod pi\u00f3ra noblistki i zosta\u0142y opublikowane do tej pory.\u00a0 Dzie\u0142a zapisano na specjalistycznej ta\u015bmie \u015bwiat\u0142oczu\u0142ej &#8211; piqlFilm. Obecnie jest to najbezpieczniejszy i najtrwalszy no\u015bnik danych na \u015bwiecie.<\/p>\n<figure id=\"attachment_4409\" aria-describedby=\"caption-attachment-4409\" style=\"width: 201px\" class=\"wp-caption aligncenter\"><a href=\"https:\/\/woblink.com\/autor\/wislawa-szymborska-4850\"><img decoding=\"async\" loading=\"lazy\" class=\"wp-image-4409 size-medium\" src=\"https:\/\/i0.wp.com\/woblink.com\/blog\/wp-content\/uploads\/2021\/03\/5fc0de94e6749-1.jpeg?resize=201%2C300&#038;ssl=1\" alt=\"wis\u0142awa szymborska biblioteka ko\u0144ca \u015bwiata \" width=\"201\" height=\"300\" srcset=\"https:\/\/i0.wp.com\/woblink.com\/blog\/wp-content\/uploads\/2021\/03\/5fc0de94e6749-1.jpeg?resize=201%2C300&amp;ssl=1 201w, https:\/\/i0.wp.com\/woblink.com\/blog\/wp-content\/uploads\/2021\/03\/5fc0de94e6749-1.jpeg?w=335&amp;ssl=1 335w\" sizes=\"(max-width: 201px) 100vw, 201px\" data-recalc-dims=\"1\" \/><\/a><figcaption id=\"caption-attachment-4409\" class=\"wp-caption-text\"><center><strong>Ksi\u0105\u017cki <a href=\"https:\/\/woblink.com\/autor\/wislawa-szymborska-4850\">Wis\u0142awy Szymborskiej w formie papierowej<\/a> znajdziecie na Woblink.com<\/strong><\/center><\/figcaption><\/figure>\n<h3>\u015awiatowe Archiwum Arktyczne<\/h3>\n<p>\u015awiatowe Archiwum Arktyczne zosta\u0142o za\u0142o\u017cone w 2017 roku przez norwesk\u0105 firm\u0119 Piql, kt\u00f3ra opracowa\u0142a t\u0119 innowacyjn\u0105 technologi\u0119 zapisu danych na analogowym no\u015bniku. Misj\u0105 firmy jest zapewnienie ochrony wa\u017cnym dzie\u0142om kultury. Je\u015bli archiwa narodowe ulegn\u0105 zniszczeniu, np. w wyniku konflikt\u00f3w zbrojnych czy katastrof klimatycznych, najwa\u017cniejsze dzie\u0142a ludzko\u015bci b\u0119dzie mo\u017cna odzyska\u0107 ze spitsberge\u0144skiej biblioteki.<\/p>\n<p>Przez cztery lata istnienia \u015awiatowego Archiwum Arktycznego pozyskano do niego dane mi\u0119dzy innymi z Europejskiej Agencji Kosmicznej, Muzeum Narodowego Norwegii, a tak\u017ce z Biblioteki Watyka\u0144skiej. Od pa\u017adziernika 2020 roku jest tu r\u00f3wnie\u017c zdeponowana tw\u00f3rczo\u015b\u0107 Olgi Tokarczuk.<\/p>\n<p style=\"text-align: right;\">Fotografie u\u017cyte w artykule wykona\u0142 Micha\u0142 Lichta\u0144ski<\/p>\n<blockquote class=\"wp-embedded-content\" data-secret=\"UWfb85l8bV\"><p><a href=\"https:\/\/czytajpl.pl\/2018\/02\/01\/kicz-woody-allen-kfc-ciekawostki-o-wislawie-szymborskiej\/\">Kicz, Woody Allen i KFC \u2013 ciekawostki o Wis\u0142awie Szymborskiej<\/a><\/p><\/blockquote>\n<p><iframe class=\"wp-embedded-content\" sandbox=\"allow-scripts\" security=\"restricted\" style=\"position: absolute; clip: rect(1px, 1px, 1px, 1px);\" title=\"&#8222;Kicz, Woody Allen i KFC \u2013 ciekawostki o Wis\u0142awie Szymborskiej&#8221; &#8212; Czytaj PL\" src=\"https:\/\/czytajpl.pl\/2018\/02\/01\/kicz-woody-allen-kfc-ciekawostki-o-wislawie-szymborskiej\/embed\/#?secret=UWfb85l8bV\" data-secret=\"UWfb85l8bV\" width=\"500\" height=\"282\" frameborder=\"0\" marginwidth=\"0\" marginheight=\"0\" scrolling=\"no\"><\/iframe><\/p>\n<p style=\"text-align: right;\">\n","protected":false},"excerpt":{"rendered":"<p>Jak informuje Fundacja Wis\u0142awy Szymborskiej, Wydawnictwo Znak oraz Piql Polska, wszystkie dzie\u0142a Wis\u0142awy Szymborskiej zostan\u0105 zdeponowane w \u015awiatowym Archiwum Arktycznym na Spitsbergenie. Przekazanie cyfrowych wersji dzie\u0142 noblistki do \u201eBiblioteki Ko\u0144ca \u015awiata\u201d nast\u0105pi 8 kwietnia 2021 roku. Wis\u0142awa Szymborska w Bibliotece Ko\u0144ca \u015awiata No\u015bnik, na kt\u00f3rym&#8230;<\/p>\n","protected":false},"author":7,"featured_media":4407,"comment_status":"closed","ping_status":"open","sticky":false,"template":"","format":"standard","meta":[],"categories":[87,86,80],"tags":[],"yoast_head":"<!-- This site is optimized with the Yoast SEO plugin v20.11 - https:\/\/yoast.com\/wordpress\/plugins\/seo\/ -->\n<title>Dzie\u0142a Szymborskiej w Bibliotece Ko\u0144ca \u015awiata - Woblink<\/title>\n<meta name=\"description\" content=\"Wszystkie dzie\u0142a Wis\u0142awy Szymborskiej zostan\u0105 zdeponowane w Bibliotece Ko\u0144ca \u015awiata, kt\u00f3ra znajduje si\u0119 na Spitsbergenie.\" \/>\n<meta name=\"robots\" content=\"index, follow, max-snippet:-1, max-image-preview:large, max-video-preview:-1\" \/>\n<link rel=\"canonical\" href=\"https:\/\/woblink.com\/blog\/dziela-szymborskiej-w-bibliotece-konca-swiata\/\" \/>\n<meta property=\"og:locale\" content=\"pl_PL\" \/>\n<meta property=\"og:type\" content=\"article\" \/>\n<meta property=\"og:title\" content=\"Dzie\u0142a Szymborskiej w Bibliotece Ko\u0144ca \u015awiata - Woblink\" \/>\n<meta property=\"og:description\" content=\"Wszystkie dzie\u0142a Wis\u0142awy Szymborskiej zostan\u0105 zdeponowane w Bibliotece Ko\u0144ca \u015awiata, kt\u00f3ra znajduje si\u0119 na Spitsbergenie.\" \/>\n<meta property=\"og:url\" content=\"https:\/\/woblink.com\/blog\/dziela-szymborskiej-w-bibliotece-konca-swiata\/\" \/>\n<meta property=\"og:site_name\" content=\"Woblink\" \/>\n<meta property=\"article:publisher\" content=\"https:\/\/facebook.com\/woblink\" \/>\n<meta property=\"article:published_time\" content=\"2021-03-16T10:41:38+00:00\" \/>\n<meta property=\"og:image\" content=\"https:\/\/i0.wp.com\/woblink.com\/blog\/wp-content\/uploads\/2021\/03\/piql_szyborska_znak.png?fit=1011%2C690&ssl=1\" \/>\n\t<meta property=\"og:image:width\" content=\"1011\" \/>\n\t<meta property=\"og:image:height\" content=\"690\" \/>\n\t<meta property=\"og:image:type\" content=\"image\/png\" \/>\n<meta name=\"author\" content=\"Redakcja Woblinka\" \/>\n<meta name=\"twitter:card\" content=\"summary_large_image\" \/>\n<meta name=\"twitter:creator\" content=\"@woblink_com\" \/>\n<meta name=\"twitter:site\" content=\"@woblink_com\" \/>\n<meta name=\"twitter:label1\" content=\"Napisane przez\" \/>\n\t<meta name=\"twitter:data1\" content=\"Redakcja Woblinka\" \/>\n\t<meta name=\"twitter:label2\" content=\"Szacowany czas czytania\" \/>\n\t<meta name=\"twitter:data2\" content=\"1 minuta\" \/>\n<script type=\"application\/ld+json\" class=\"yoast-schema-graph\">{\"@context\":\"https:\/\/schema.org\",\"@graph\":[{\"@type\":\"Article\",\"@id\":\"https:\/\/woblink.com\/blog\/dziela-szymborskiej-w-bibliotece-konca-swiata\/#article\",\"isPartOf\":{\"@id\":\"https:\/\/woblink.com\/blog\/dziela-szymborskiej-w-bibliotece-konca-swiata\/\"},\"author\":{\"name\":\"Redakcja Woblinka\",\"@id\":\"https:\/\/woblink.com\/blog\/#\/schema\/person\/8ab6b79d64fa54209272130c4c3b1e95\"},\"headline\":\"Dzie\u0142a Szymborskiej w Bibliotece Ko\u0144ca \u015awiata\",\"datePublished\":\"2021-03-16T10:41:38+00:00\",\"dateModified\":\"2021-03-16T10:41:38+00:00\",\"mainEntityOfPage\":{\"@id\":\"https:\/\/woblink.com\/blog\/dziela-szymborskiej-w-bibliotece-konca-swiata\/\"},\"wordCount\":278,\"publisher\":{\"@id\":\"https:\/\/woblink.com\/blog\/#organization\"},\"articleSection\":[\"Aktualno\u015bci\",\"Ciekawostki o pisarzach\",\"O ksi\u0105\u017ckach\"],\"inLanguage\":\"pl-PL\"},{\"@type\":\"WebPage\",\"@id\":\"https:\/\/woblink.com\/blog\/dziela-szymborskiej-w-bibliotece-konca-swiata\/\",\"url\":\"https:\/\/woblink.com\/blog\/dziela-szymborskiej-w-bibliotece-konca-swiata\/\",\"name\":\"Dzie\u0142a Szymborskiej w Bibliotece Ko\u0144ca \u015awiata - Woblink\",\"isPartOf\":{\"@id\":\"https:\/\/woblink.com\/blog\/#website\"},\"datePublished\":\"2021-03-16T10:41:38+00:00\",\"dateModified\":\"2021-03-16T10:41:38+00:00\",\"description\":\"Wszystkie dzie\u0142a Wis\u0142awy Szymborskiej zostan\u0105 zdeponowane w Bibliotece Ko\u0144ca \u015awiata, kt\u00f3ra znajduje si\u0119 na Spitsbergenie.\",\"breadcrumb\":{\"@id\":\"https:\/\/woblink.com\/blog\/dziela-szymborskiej-w-bibliotece-konca-swiata\/#breadcrumb\"},\"inLanguage\":\"pl-PL\",\"potentialAction\":[{\"@type\":\"ReadAction\",\"target\":[\"https:\/\/woblink.com\/blog\/dziela-szymborskiej-w-bibliotece-konca-swiata\/\"]}]},{\"@type\":\"BreadcrumbList\",\"@id\":\"https:\/\/woblink.com\/blog\/dziela-szymborskiej-w-bibliotece-konca-swiata\/#breadcrumb\",\"itemListElement\":[{\"@type\":\"ListItem\",\"position\":1,\"name\":\"Strona g\u0142\u00f3wna\",\"item\":\"https:\/\/woblink.com\/blog\/\"},{\"@type\":\"ListItem\",\"position\":2,\"name\":\"Dzie\u0142a Szymborskiej w Bibliotece Ko\u0144ca \u015awiata\"}]},{\"@type\":\"WebSite\",\"@id\":\"https:\/\/woblink.com\/blog\/#website\",\"url\":\"https:\/\/woblink.com\/blog\/\",\"name\":\"Woblink\",\"description\":\"najlepszy firmowy blog o ksi\u0105\u017ckach\",\"publisher\":{\"@id\":\"https:\/\/woblink.com\/blog\/#organization\"},\"potentialAction\":[{\"@type\":\"SearchAction\",\"target\":{\"@type\":\"EntryPoint\",\"urlTemplate\":\"https:\/\/woblink.com\/blog\/?s={search_term_string}\"},\"query-input\":\"required name=search_term_string\"}],\"inLanguage\":\"pl-PL\"},{\"@type\":\"Organization\",\"@id\":\"https:\/\/woblink.com\/blog\/#organization\",\"name\":\"Woblink\",\"url\":\"https:\/\/woblink.com\/blog\/\",\"logo\":{\"@type\":\"ImageObject\",\"inLanguage\":\"pl-PL\",\"@id\":\"https:\/\/woblink.com\/blog\/#\/schema\/logo\/image\/\",\"url\":\"https:\/\/i0.wp.com\/woblink.com\/blog\/wp-content\/uploads\/2019\/04\/nw_logoB.png?fit=185%2C42&ssl=1\",\"contentUrl\":\"https:\/\/i0.wp.com\/woblink.com\/blog\/wp-content\/uploads\/2019\/04\/nw_logoB.png?fit=185%2C42&ssl=1\",\"width\":185,\"height\":42,\"caption\":\"Woblink\"},\"image\":{\"@id\":\"https:\/\/woblink.com\/blog\/#\/schema\/logo\/image\/\"},\"sameAs\":[\"https:\/\/facebook.com\/woblink\",\"https:\/\/twitter.com\/woblink_com\",\"https:\/\/www.instagram.com\/woblink_com\",\"https:\/\/www.linkedin.com\/company\/woblink\/\"]},{\"@type\":\"Person\",\"@id\":\"https:\/\/woblink.com\/blog\/#\/schema\/person\/8ab6b79d64fa54209272130c4c3b1e95\",\"name\":\"Redakcja Woblinka\",\"image\":{\"@type\":\"ImageObject\",\"inLanguage\":\"pl-PL\",\"@id\":\"https:\/\/woblink.com\/blog\/#\/schema\/person\/image\/\",\"url\":\"https:\/\/secure.gravatar.com\/avatar\/f23ae80a7c9da060bee5f8310913478b?s=96&d=mm&r=g\",\"contentUrl\":\"https:\/\/secure.gravatar.com\/avatar\/f23ae80a7c9da060bee5f8310913478b?s=96&d=mm&r=g\",\"caption\":\"Redakcja Woblinka\"},\"url\":\"https:\/\/woblink.com\/blog\/author\/krasny\/\"}]}<\/script>\n<!-- \/ Yoast SEO plugin. -->","yoast_head_json":{"title":"Dzie\u0142a Szymborskiej w Bibliotece Ko\u0144ca \u015awiata - Woblink","description":"Wszystkie dzie\u0142a Wis\u0142awy Szymborskiej zostan\u0105 zdeponowane w Bibliotece Ko\u0144ca \u015awiata, kt\u00f3ra znajduje si\u0119 na Spitsbergenie.","robots":{"index":"index","follow":"follow","max-snippet":"max-snippet:-1","max-image-preview":"max-image-preview:large","max-video-preview":"max-video-preview:-1"},"canonical":"https:\/\/woblink.com\/blog\/dziela-szymborskiej-w-bibliotece-konca-swiata\/","og_locale":"pl_PL","og_type":"article","og_title":"Dzie\u0142a Szymborskiej w Bibliotece Ko\u0144ca \u015awiata - Woblink","og_description":"Wszystkie dzie\u0142a Wis\u0142awy Szymborskiej zostan\u0105 zdeponowane w Bibliotece Ko\u0144ca \u015awiata, kt\u00f3ra znajduje si\u0119 na Spitsbergenie.","og_url":"https:\/\/woblink.com\/blog\/dziela-szymborskiej-w-bibliotece-konca-swiata\/","og_site_name":"Woblink","article_publisher":"https:\/\/facebook.com\/woblink","article_published_time":"2021-03-16T10:41:38+00:00","og_image":[{"width":1011,"height":690,"url":"https:\/\/i0.wp.com\/woblink.com\/blog\/wp-content\/uploads\/2021\/03\/piql_szyborska_znak.png?fit=1011%2C690&ssl=1","type":"image\/png"}],"author":"Redakcja Woblinka","twitter_card":"summary_large_image","twitter_creator":"@woblink_com","twitter_site":"@woblink_com","twitter_misc":{"Napisane przez":"Redakcja Woblinka","Szacowany czas czytania":"1 minuta"},"schema":{"@context":"https:\/\/schema.org","@graph":[{"@type":"Article","@id":"https:\/\/woblink.com\/blog\/dziela-szymborskiej-w-bibliotece-konca-swiata\/#article","isPartOf":{"@id":"https:\/\/woblink.com\/blog\/dziela-szymborskiej-w-bibliotece-konca-swiata\/"},"author":{"name":"Redakcja Woblinka","@id":"https:\/\/woblink.com\/blog\/#\/schema\/person\/8ab6b79d64fa54209272130c4c3b1e95"},"headline":"Dzie\u0142a Szymborskiej w Bibliotece Ko\u0144ca \u015awiata","datePublished":"2021-03-16T10:41:38+00:00","dateModified":"2021-03-16T10:41:38+00:00","mainEntityOfPage":{"@id":"https:\/\/woblink.com\/blog\/dziela-szymborskiej-w-bibliotece-konca-swiata\/"},"wordCount":278,"publisher":{"@id":"https:\/\/woblink.com\/blog\/#organization"},"articleSection":["Aktualno\u015bci","Ciekawostki o pisarzach","O ksi\u0105\u017ckach"],"inLanguage":"pl-PL"},{"@type":"WebPage","@id":"https:\/\/woblink.com\/blog\/dziela-szymborskiej-w-bibliotece-konca-swiata\/","url":"https:\/\/woblink.com\/blog\/dziela-szymborskiej-w-bibliotece-konca-swiata\/","name":"Dzie\u0142a Szymborskiej w Bibliotece Ko\u0144ca \u015awiata - Woblink","isPartOf":{"@id":"https:\/\/woblink.com\/blog\/#website"},"datePublished":"2021-03-16T10:41:38+00:00","dateModified":"2021-03-16T10:41:38+00:00","description":"Wszystkie dzie\u0142a Wis\u0142awy Szymborskiej zostan\u0105 zdeponowane w Bibliotece Ko\u0144ca \u015awiata, kt\u00f3ra znajduje si\u0119 na Spitsbergenie.","breadcrumb":{"@id":"https:\/\/woblink.com\/blog\/dziela-szymborskiej-w-bibliotece-konca-swiata\/#breadcrumb"},"inLanguage":"pl-PL","potentialAction":[{"@type":"ReadAction","target":["https:\/\/woblink.com\/blog\/dziela-szymborskiej-w-bibliotece-konca-swiata\/"]}]},{"@type":"BreadcrumbList","@id":"https:\/\/woblink.com\/blog\/dziela-szymborskiej-w-bibliotece-konca-swiata\/#breadcrumb","itemListElement":[{"@type":"ListItem","position":1,"name":"Strona g\u0142\u00f3wna","item":"https:\/\/woblink.com\/blog\/"},{"@type":"ListItem","position":2,"name":"Dzie\u0142a Szymborskiej w Bibliotece Ko\u0144ca \u015awiata"}]},{"@type":"WebSite","@id":"https:\/\/woblink.com\/blog\/#website","url":"https:\/\/woblink.com\/blog\/","name":"Woblink","description":"najlepszy firmowy blog o ksi\u0105\u017ckach","publisher":{"@id":"https:\/\/woblink.com\/blog\/#organization"},"potentialAction":[{"@type":"SearchAction","target":{"@type":"EntryPoint","urlTemplate":"https:\/\/woblink.com\/blog\/?s={search_term_string}"},"query-input":"required name=search_term_string"}],"inLanguage":"pl-PL"},{"@type":"Organization","@id":"https:\/\/woblink.com\/blog\/#organization","name":"Woblink","url":"https:\/\/woblink.com\/blog\/","logo":{"@type":"ImageObject","inLanguage":"pl-PL","@id":"https:\/\/woblink.com\/blog\/#\/schema\/logo\/image\/","url":"https:\/\/i0.wp.com\/woblink.com\/blog\/wp-content\/uploads\/2019\/04\/nw_logoB.png?fit=185%2C42&ssl=1","contentUrl":"https:\/\/i0.wp.com\/woblink.com\/blog\/wp-content\/uploads\/2019\/04\/nw_logoB.png?fit=185%2C42&ssl=1","width":185,"height":42,"caption":"Woblink"},"image":{"@id":"https:\/\/woblink.com\/blog\/#\/schema\/logo\/image\/"},"sameAs":["https:\/\/facebook.com\/woblink","https:\/\/twitter.com\/woblink_com","https:\/\/www.instagram.com\/woblink_com","https:\/\/www.linkedin.com\/company\/woblink\/"]},{"@type":"Person","@id":"https:\/\/woblink.com\/blog\/#\/schema\/person\/8ab6b79d64fa54209272130c4c3b1e95","name":"Redakcja Woblinka","image":{"@type":"ImageObject","inLanguage":"pl-PL","@id":"https:\/\/woblink.com\/blog\/#\/schema\/person\/image\/","url":"https:\/\/secure.gravatar.com\/avatar\/f23ae80a7c9da060bee5f8310913478b?s=96&d=mm&r=g","contentUrl":"https:\/\/secure.gravatar.com\/avatar\/f23ae80a7c9da060bee5f8310913478b?s=96&d=mm&r=g","caption":"Redakcja Woblinka"},"url":"https:\/\/woblink.com\/blog\/author\/krasny\/"}]}},"jetpack_featured_media_url":"https:\/\/i0.wp.com\/woblink.com\/blog\/wp-content\/uploads\/2021\/03\/piql_szyborska_znak.png?fit=1011%2C690&ssl=1","_links":{"self":[{"href":"https:\/\/woblink.com\/blog\/wp-json\/wp\/v2\/posts\/4406"}],"collection":[{"href":"https:\/\/woblink.com\/blog\/wp-json\/wp\/v2\/posts"}],"about":[{"href":"https:\/\/woblink.com\/blog\/wp-json\/wp\/v2\/types\/post"}],"author":[{"embeddable":true,"href":"https:\/\/woblink.com\/blog\/wp-json\/wp\/v2\/users\/7"}],"replies":[{"embeddable":true,"href":"https:\/\/woblink.com\/blog\/wp-json\/wp\/v2\/comments?post=4406"}],"version-history":[{"count":1,"href":"https:\/\/woblink.com\/blog\/wp-json\/wp\/v2\/posts\/4406\/revisions"}],"predecessor-version":[{"id":4410,"href":"https:\/\/woblink.com\/blog\/wp-json\/wp\/v2\/posts\/4406\/revisions\/4410"}],"wp:featuredmedia":[{"embeddable":true,"href":"https:\/\/woblink.com\/blog\/wp-json\/wp\/v2\/media\/4407"}],"wp:attachment":[{"href":"https:\/\/woblink.com\/blog\/wp-json\/wp\/v2\/media?parent=4406"}],"wp:term":[{"taxonomy":"category","embeddable":true,"href":"https:\/\/woblink.com\/blog\/wp-json\/wp\/v2\/categories?post=4406"},{"taxonomy":"post_tag","embeddable":true,"href":"https:\/\/woblink.com\/blog\/wp-json\/wp\/v2\/tags?post=4406"}],"curies":[{"name":"wp","href":"https:\/\/api.w.org\/{rel}","templated":true}]}}