{"id":4566,"date":"2021-04-28T14:35:34","date_gmt":"2021-04-28T12:35:34","guid":{"rendered":"https:\/\/woblink.com\/blog\/?p=4566"},"modified":"2021-04-28T14:39:27","modified_gmt":"2021-04-28T12:39:27","slug":"przedsprzedaz-carlos-ruiz-zafon-katarzyna-bonda-andy-weir","status":"publish","type":"post","link":"https:\/\/woblink.com\/blog\/przedsprzedaz-carlos-ruiz-zafon-katarzyna-bonda-andy-weir\/","title":{"rendered":"Przedsprzeda\u017c: Carlos Ruiz Zaf\u00f3n, Katarzyna Bonda, Andy Weir"},"content":{"rendered":"<p><strong>5 maja swoj\u0105 premier\u0119 b\u0119dzie mia\u0142a ostatnia ksi\u0105\u017cka Carlosa Ruiza Zaf\u00f3na pt. \u201eMiasto z mg\u0142y\u201d. To zbi\u00f3r opowiada\u0144 b\u0119d\u0105cy poszerzeniem literackiego \u015bwiata Cmentarza Zapomnianych Ksi\u0105\u017cek. Dodatkowo, r\u00f3wnie\u017c 5 maja, na naszym rynku wydawniczym pojawi\u0105 si\u0119 najnowsze powie\u015bci Katarzyny Bondy pt. \u201eNikt nie musi wiedzie\u0107\u201d i Andy&#8217;ego Weira \u201eProjekt Hail Mary\u201d. Ju\u017c teraz ebooki wszystkich trzech tytu\u0142\u00f3w, w przedsprzeda\u017cy, znajdziecie w ksi\u0119garni internetowej Woblink.com! Przedsprzeda\u017c gwarantuje, \u017ce pe\u0142ne pliki pojawi\u0105 si\u0119 na waszej p\u00f3\u0142ce od razu w dniu premiery.<\/strong><\/p>\n<p><!--more--><\/p>\n<h3>\u201eMiasto z mg\u0142y\u201d Carlos Ruiz Zaf\u00f3n \u2013 przedsprzeda\u017c<\/h3>\n<p><strong>Uwaga! Pami\u0119taj, \u017ce kupujesz ksi\u0105\u017ck\u0119 w przedsprzeda\u017cy, pe\u0142ny plik pojawi si\u0119 na Twojej wirtualnej p\u00f3\u0142ce w dniu premiery, czyli 5 maja. Nie zapomnij o od\u015bwie\u017ceniu p\u00f3\u0142ki.\u00a0<\/strong><\/p>\n<p>\u201eMiasto z mg\u0142y\u201d jest ostatni\u0105 ksi\u0105\u017ck\u0105 Carlosa Ruiza Zaf\u00f3na b\u0119d\u0105ca poszerzeniem literackiego \u015bwiata Cmentarza Zapomnianych Ksi\u0105\u017cek. To zbi\u00f3r jedenastu opowiada\u0144 maj\u0105cych w sobie wszystkie najbardziej charakterystyczne cechy pisarstwa Zaf\u00f3na. Ka\u017cde z nich jest pe\u0142ne specyficznej atmosfery jego najpopularniejszych ksi\u0105\u017cek \u2013 smutku, zadumy i dystansu. Czytelnicy znajd\u0105 w nich r\u00f3wnie\u017c nawi\u0105zania do serii o Cmentarzu Zapomnianych Ksi\u0105\u017cek.<\/p>\n<p><strong>Opis wydawcy:<\/strong><br \/>\nM\u0142ody ch\u0142opak odkrywa, \u017ce chce zosta\u0107 pisarzem, kiedy jego opowie\u015bci zaciekawiaj\u0105 bogat\u0105 dziewczyn\u0119, kt\u00f3ra skrad\u0142a mu serce. Budowniczy ucieka z Konstantynopola z projektami sekretnej biblioteki. Dziwny d\u017centelmen zach\u0119ca Cervantesa do napisania ksi\u0105\u017cki, jaka jeszcze nigdy nie powsta\u0142a. Gaud\u00ed, p\u0142yn\u0105cy na pok\u0142adzie transatlantyku zachwyca si\u0119 par\u0105 i \u015bwiat\u0142em \u0336 materi\u0105, z kt\u00f3rej powinny by\u0107 zrobione miasta.<\/p>\n<figure id=\"attachment_4567\" aria-describedby=\"caption-attachment-4567\" style=\"width: 211px\" class=\"wp-caption aligncenter\"><a href=\"https:\/\/woblink.com\/ebook\/miasto-z-mgly-przedsprzedaz-carlos-ruiz-zaf-on-katarzyna-okrasko-carlos-marrodan-casas-213106u\"><img decoding=\"async\" loading=\"lazy\" class=\"wp-image-4567 size-medium\" src=\"https:\/\/i0.wp.com\/woblink.com\/blog\/wp-content\/uploads\/2021\/04\/608889bf18695.jpeg?resize=211%2C300&#038;ssl=1\" alt=\"Przedsprzeda\u017c: Miasto z mg\u0142y\" width=\"211\" height=\"300\" srcset=\"https:\/\/i0.wp.com\/woblink.com\/blog\/wp-content\/uploads\/2021\/04\/608889bf18695.jpeg?resize=211%2C300&amp;ssl=1 211w, https:\/\/i0.wp.com\/woblink.com\/blog\/wp-content\/uploads\/2021\/04\/608889bf18695.jpeg?w=570&amp;ssl=1 570w\" sizes=\"(max-width: 211px) 100vw, 211px\" data-recalc-dims=\"1\" \/><\/a><figcaption id=\"caption-attachment-4567\" class=\"wp-caption-text\"><center><strong>Kup <a href=\"https:\/\/woblink.com\/ebook\/miasto-z-mgly-przedsprzedaz-carlos-ruiz-zaf-on-katarzyna-okrasko-carlos-marrodan-casas-213106u\">ebooka w przedsprzeda\u017cy<\/a> na Woblink.com<\/strong><\/center><\/figcaption><\/figure>\n<h3>\u201eNikt nie musi wiedzie\u0107\u201d Katarzyna Bonda \u2013 przedsprzeda\u017c<\/h3>\n<p><strong>Uwaga! Pami\u0119taj, \u017ce kupujesz ksi\u0105\u017ck\u0119 w przedsprzeda\u017cy, pe\u0142ny plik pojawi si\u0119 na Twojej wirtualnej p\u00f3\u0142ce w dniu premiery, czyli 5 maja. Nie zapomnij o od\u015bwie\u017ceniu p\u00f3\u0142ki.\u00a0<\/strong><\/p>\n<p>Po prawie dziesi\u0119ciu latach przerwy <strong><a href=\"https:\/\/czytajpl.pl\/2017\/05\/01\/jak-zaczac-czytac-ksiazki-katarzyny-bondy\/\">Katarzyna Bonda<\/a><\/strong>, autorka bestsellerowych krymina\u0142\u00f3w, powraca do swojej bestsellerowej serii z psychologiem \u015bledczym Hubertem Meyerem. Tym razem bohater b\u0119dzie musia\u0142 zmierzy\u0107 si\u0119 z najtrudniejszym \u015bledztwem w jego ca\u0142ej karierze.<\/p>\n<p><strong>Opis wydawcy:<\/strong><br \/>\nTylko on, telewizor i bateria tequili. Tak Hubert Meyer postanawia sp\u0119dzi\u0107 sw\u00f3j trzynastodniowy urlop. Ten plan si\u0119 jednak nie powiedzie. Nieznajoma kobieta zaczyna n\u0119ka\u0107 go dziwnymi esemesami, a wkr\u00f3tce potem niezapowiedzian\u0105 wizyt\u0119 sk\u0142adaj\u0105 mu zaprzyja\u017anieni policjanci razem z prokurator Weronik\u0105 Rudy. P\u00f3\u0142 roku wcze\u015bniej jeden z funkcjonariuszy zastrzeli\u0142 Jap\u0119, niebezpiecznego gangstera. \u017beby ocali\u0107 policjanta przed gro\u017c\u0105c\u0105 mu kar\u0105, Meyer ma sporz\u0105dzi\u0107 ekspertyz\u0119 kt\u00f3ra, skieruje \u015bledztwo na lewe tory. \u015amier\u0107 Japy zosta\u0142aby wtedy uznana za gangsterskie porachunki. Potrzebna jest jednak \u201eprzykrywka\u201d, zast\u0119pcza sprawa, nad kt\u00f3r\u0105 \u015bledczy b\u0119d\u0105 oficjalnie pracowa\u0107.<\/p>\n<p>Wyb\u00f3r pada na morderstwo w Mosznej, gdzie na drodze prowadz\u0105cej do zamku porzucono zmasakrowane cia\u0142o m\u0142odego ch\u0142opaka. Kiedy Meyer i Rudy pr\u00f3buj\u0105 odkry\u0107 to\u017csamo\u015b\u0107 sprawcy, ten dokonuje kolejnych zbrodni. \u015aledczy przes\u0142uchuj\u0105 kolejnych \u015bwiadk\u00f3w. Trop wci\u0105\u017c si\u0119 urywa. Za murami starego zamku a\u017c buzuje od konflikt\u00f3w. To b\u0119dzie najtrudniejsze i najbardziej ryzykowne \u015bledztwo w ca\u0142ej karierze Meyera.<\/p>\n<figure id=\"attachment_4568\" aria-describedby=\"caption-attachment-4568\" style=\"width: 211px\" class=\"wp-caption aligncenter\"><a href=\"https:\/\/woblink.com\/ebook\/nikt-nie-musi-wiedzie-c-przedsprzedaz-katarzyna-bonda-213135u\"><img decoding=\"async\" loading=\"lazy\" class=\"wp-image-4568 size-medium\" src=\"https:\/\/i0.wp.com\/woblink.com\/blog\/wp-content\/uploads\/2021\/04\/608889c18807e.jpeg?resize=211%2C300&#038;ssl=1\" alt=\"Przedsprzeda\u017c: Nikt nie musi wiedzie\u0107\" width=\"211\" height=\"300\" srcset=\"https:\/\/i0.wp.com\/woblink.com\/blog\/wp-content\/uploads\/2021\/04\/608889c18807e.jpeg?resize=211%2C300&amp;ssl=1 211w, https:\/\/i0.wp.com\/woblink.com\/blog\/wp-content\/uploads\/2021\/04\/608889c18807e.jpeg?w=570&amp;ssl=1 570w\" sizes=\"(max-width: 211px) 100vw, 211px\" data-recalc-dims=\"1\" \/><\/a><figcaption id=\"caption-attachment-4568\" class=\"wp-caption-text\"><center><strong>Kup <a href=\"https:\/\/woblink.com\/ebook\/nikt-nie-musi-wiedzie-c-przedsprzedaz-katarzyna-bonda-213135u\">ebooka w przedsprzeda\u017cy<\/a> na Woblink.com<\/strong><\/center><\/figcaption><\/figure>\n<h3>\u201eProjekt Hail Mary\u201d Andy Weir \u2013 przedsprzeda\u017c<\/h3>\n<p><strong>Uwaga! Pami\u0119taj, \u017ce kupujesz ksi\u0105\u017ck\u0119 w przedsprzeda\u017cy, pe\u0142ny plik pojawi si\u0119 na Twojej wirtualnej p\u00f3\u0142ce w dniu premiery, czyli 5 maja. Nie zapomnij o od\u015bwie\u017ceniu p\u00f3\u0142ki.\u00a0<\/strong><\/p>\n<p>\u201eProjekt Hail Mary\u201d to najnowsza ksi\u0105\u017cka Andy&#8217;ego Weira, autora \u201eMarsjanina\u201d, na podstawie kt\u00f3rego powsta\u0142 g\u0142o\u015bny film w re\u017cyserii Ridleya Scotta. Tym razem autor opowiada histori\u0119 samotnego astronauty, kt\u00f3ry jako jedyny mo\u017ce uratowa\u0107 Ziemi\u0119 przed nadchodz\u0105c\u0105 katastrof\u0105.<\/p>\n<p><strong>Opis wydawcy:<\/strong><br \/>\nZ za\u0142ogi, kt\u00f3ra wyruszy\u0142a na strace\u0144cz\u0105 misj\u0119 ostatniej szansy, prze\u017cy\u0142 jedynie Ryland Grace. Teraz od niego zale\u017cy, czy ludzko\u015b\u0107 przetrwa.<br \/>\nTylko \u017ce on na razie nie ma o tym poj\u0119cia. Z pocz\u0105tku nawet nie pami\u0119ta, kim jest, wi\u0119c sk\u0105d ma wiedzie\u0107, czego si\u0119 podj\u0105\u0142 i jak ma tego dokona\u0107?<br \/>\nNa razie wie tylko tyle, \u017ce przez bardzo d\u0142ugi czas by\u0142 pogr\u0105\u017cony w \u015bpi\u0105czce. A po przebudzeniu znalaz\u0142 si\u0119 niewyobra\u017calnie daleko od domu. Ca\u0142kiem sam, je\u015bli nie liczy\u0107 cia\u0142 zmar\u0142ych towarzyszy.<br \/>\nCzas p\u0142ynie nieub\u0142aganie, a oddalony o lata \u015bwietlne od innych ludzi Grace jest zdany wy\u0142\u0105cznie na siebie.<br \/>\nAle czy na pewno?<\/p>\n<figure id=\"attachment_4571\" aria-describedby=\"caption-attachment-4571\" style=\"width: 211px\" class=\"wp-caption aligncenter\"><a href=\"https:\/\/woblink.com\/ebook\/projekt-hail-mary-przedsprzedaz-andy-weir-radoslaw-madejski-212947u\"><img decoding=\"async\" loading=\"lazy\" class=\"wp-image-4571 size-medium\" src=\"https:\/\/i0.wp.com\/woblink.com\/blog\/wp-content\/uploads\/2021\/04\/6088899d0ccc7.jpeg?resize=211%2C300&#038;ssl=1\" alt=\"Przedsprzeda\u017c: Projekt Hail Mary\" width=\"211\" height=\"300\" srcset=\"https:\/\/i0.wp.com\/woblink.com\/blog\/wp-content\/uploads\/2021\/04\/6088899d0ccc7.jpeg?resize=211%2C300&amp;ssl=1 211w, https:\/\/i0.wp.com\/woblink.com\/blog\/wp-content\/uploads\/2021\/04\/6088899d0ccc7.jpeg?w=570&amp;ssl=1 570w\" sizes=\"(max-width: 211px) 100vw, 211px\" data-recalc-dims=\"1\" \/><\/a><figcaption id=\"caption-attachment-4571\" class=\"wp-caption-text\"><center><strong>Kup <a href=\"https:\/\/woblink.com\/ebook\/projekt-hail-mary-przedsprzedaz-andy-weir-radoslaw-madejski-212947u\">ebooka w przedsprzeda\u017cy<\/a> na Woblink.com<\/strong><\/center><\/figcaption><\/figure>\n<p>Z okazji przedsprzeda\u017cy najnowszych powie\u015bci Carlosa Ruiza Zaf\u00f3na, Katarzyny Bondy i Andy&#8217;ego Weira przygotowali\u015bmy dla was wyj\u0105tkow\u0105 promocj\u0119. Znajdziecie w niej inne ksi\u0105\u017cki autor\u00f3w w promocyjnych cenach.<\/p>\n<p><a href=\"https:\/\/woblink.com\/katalog\/ebooki\/promocje?promocje=6099&amp;sort=year_desc\"><img decoding=\"async\" loading=\"lazy\" class=\"aligncenter wp-image-4570 size-full\" src=\"https:\/\/i0.wp.com\/woblink.com\/blog\/wp-content\/uploads\/2021\/04\/2583302-promowizard-banner.jpg?resize=763%2C400&#038;ssl=1\" alt=\"\" width=\"763\" height=\"400\" srcset=\"https:\/\/i0.wp.com\/woblink.com\/blog\/wp-content\/uploads\/2021\/04\/2583302-promowizard-banner.jpg?w=763&amp;ssl=1 763w, https:\/\/i0.wp.com\/woblink.com\/blog\/wp-content\/uploads\/2021\/04\/2583302-promowizard-banner.jpg?resize=300%2C157&amp;ssl=1 300w, https:\/\/i0.wp.com\/woblink.com\/blog\/wp-content\/uploads\/2021\/04\/2583302-promowizard-banner.jpg?resize=600%2C315&amp;ssl=1 600w\" sizes=\"(max-width: 763px) 100vw, 763px\" data-recalc-dims=\"1\" \/><\/a><\/p>\n","protected":false},"excerpt":{"rendered":"<p>5 maja swoj\u0105 premier\u0119 b\u0119dzie mia\u0142a ostatnia ksi\u0105\u017cka Carlosa Ruiza Zaf\u00f3na pt. \u201eMiasto z mg\u0142y\u201d. To zbi\u00f3r opowiada\u0144 b\u0119d\u0105cy poszerzeniem literackiego \u015bwiata Cmentarza Zapomnianych Ksi\u0105\u017cek. Dodatkowo, r\u00f3wnie\u017c 5 maja, na naszym rynku wydawniczym pojawi\u0105 si\u0119 najnowsze powie\u015bci Katarzyny Bondy pt. \u201eNikt nie musi wiedzie\u0107\u201d i&#8230;<\/p>\n","protected":false},"author":7,"featured_media":4572,"comment_status":"closed","ping_status":"open","sticky":false,"template":"","format":"standard","meta":[],"categories":[87,90,82,89,83],"tags":[],"yoast_head":"<!-- This site is optimized with the Yoast SEO plugin v20.11 - https:\/\/yoast.com\/wordpress\/plugins\/seo\/ -->\n<title>Przedsprzeda\u017c: Carlos Ruiz Zaf\u00f3n, Katarzyna Bonda, Andy Weir - Woblink<\/title>\n<meta name=\"description\" content=\"Przedsprzeda\u017c: \u201eMiasto z mg\u0142y\u201d Carlosa Ruiza Zaf\u00f3na, \u201eNikt nie musi wiedzie\u0107\u201d Katarzyny Bondy i \u201eProjekt Hail Mary\u201dAndy&#039;ego Weira dost\u0119pne na Woblink.com.\" \/>\n<meta name=\"robots\" content=\"index, follow, max-snippet:-1, max-image-preview:large, max-video-preview:-1\" \/>\n<link rel=\"canonical\" href=\"https:\/\/woblink.com\/blog\/przedsprzedaz-carlos-ruiz-zafon-katarzyna-bonda-andy-weir\/\" \/>\n<meta property=\"og:locale\" content=\"pl_PL\" \/>\n<meta property=\"og:type\" content=\"article\" \/>\n<meta property=\"og:title\" content=\"Przedsprzeda\u017c: Carlos Ruiz Zaf\u00f3n, Katarzyna Bonda, Andy Weir - Woblink\" \/>\n<meta property=\"og:description\" content=\"Przedsprzeda\u017c: \u201eMiasto z mg\u0142y\u201d Carlosa Ruiza Zaf\u00f3na, \u201eNikt nie musi wiedzie\u0107\u201d Katarzyny Bondy i \u201eProjekt Hail Mary\u201dAndy&#039;ego Weira dost\u0119pne na Woblink.com.\" \/>\n<meta property=\"og:url\" content=\"https:\/\/woblink.com\/blog\/przedsprzedaz-carlos-ruiz-zafon-katarzyna-bonda-andy-weir\/\" \/>\n<meta property=\"og:site_name\" content=\"Woblink\" \/>\n<meta property=\"article:publisher\" content=\"https:\/\/facebook.com\/woblink\" \/>\n<meta property=\"article:published_time\" content=\"2021-04-28T12:35:34+00:00\" \/>\n<meta property=\"article:modified_time\" content=\"2021-04-28T12:39:27+00:00\" \/>\n<meta property=\"og:image\" content=\"https:\/\/i0.wp.com\/woblink.com\/blog\/wp-content\/uploads\/2021\/04\/artykul.jpg?fit=1011%2C690&ssl=1\" \/>\n\t<meta property=\"og:image:width\" content=\"1011\" \/>\n\t<meta property=\"og:image:height\" content=\"690\" \/>\n\t<meta property=\"og:image:type\" content=\"image\/jpeg\" \/>\n<meta name=\"author\" content=\"Redakcja Woblinka\" \/>\n<meta name=\"twitter:card\" content=\"summary_large_image\" \/>\n<meta name=\"twitter:creator\" content=\"@woblink_com\" \/>\n<meta name=\"twitter:site\" content=\"@woblink_com\" \/>\n<meta name=\"twitter:label1\" content=\"Napisane przez\" \/>\n\t<meta name=\"twitter:data1\" content=\"Redakcja Woblinka\" \/>\n\t<meta name=\"twitter:label2\" content=\"Szacowany czas czytania\" \/>\n\t<meta name=\"twitter:data2\" content=\"4 minuty\" \/>\n<script type=\"application\/ld+json\" class=\"yoast-schema-graph\">{\"@context\":\"https:\/\/schema.org\",\"@graph\":[{\"@type\":\"Article\",\"@id\":\"https:\/\/woblink.com\/blog\/przedsprzedaz-carlos-ruiz-zafon-katarzyna-bonda-andy-weir\/#article\",\"isPartOf\":{\"@id\":\"https:\/\/woblink.com\/blog\/przedsprzedaz-carlos-ruiz-zafon-katarzyna-bonda-andy-weir\/\"},\"author\":{\"name\":\"Redakcja Woblinka\",\"@id\":\"https:\/\/woblink.com\/blog\/#\/schema\/person\/8ab6b79d64fa54209272130c4c3b1e95\"},\"headline\":\"Przedsprzeda\u017c: Carlos Ruiz Zaf\u00f3n, Katarzyna Bonda, Andy Weir\",\"datePublished\":\"2021-04-28T12:35:34+00:00\",\"dateModified\":\"2021-04-28T12:39:27+00:00\",\"mainEntityOfPage\":{\"@id\":\"https:\/\/woblink.com\/blog\/przedsprzedaz-carlos-ruiz-zafon-katarzyna-bonda-andy-weir\/\"},\"wordCount\":820,\"publisher\":{\"@id\":\"https:\/\/woblink.com\/blog\/#organization\"},\"articleSection\":[\"Aktualno\u015bci\",\"Nowo\u015bci na Woblinku\",\"Premiery ksi\u0105\u017cek\",\"Rynek wydawniczy\",\"Zapowiedzi ksi\u0105\u017cek\"],\"inLanguage\":\"pl-PL\"},{\"@type\":\"WebPage\",\"@id\":\"https:\/\/woblink.com\/blog\/przedsprzedaz-carlos-ruiz-zafon-katarzyna-bonda-andy-weir\/\",\"url\":\"https:\/\/woblink.com\/blog\/przedsprzedaz-carlos-ruiz-zafon-katarzyna-bonda-andy-weir\/\",\"name\":\"Przedsprzeda\u017c: Carlos Ruiz Zaf\u00f3n, Katarzyna Bonda, Andy Weir - Woblink\",\"isPartOf\":{\"@id\":\"https:\/\/woblink.com\/blog\/#website\"},\"datePublished\":\"2021-04-28T12:35:34+00:00\",\"dateModified\":\"2021-04-28T12:39:27+00:00\",\"description\":\"Przedsprzeda\u017c: \u201eMiasto z mg\u0142y\u201d Carlosa Ruiza Zaf\u00f3na, \u201eNikt nie musi wiedzie\u0107\u201d Katarzyny Bondy i \u201eProjekt Hail Mary\u201dAndy'ego Weira dost\u0119pne na Woblink.com.\",\"breadcrumb\":{\"@id\":\"https:\/\/woblink.com\/blog\/przedsprzedaz-carlos-ruiz-zafon-katarzyna-bonda-andy-weir\/#breadcrumb\"},\"inLanguage\":\"pl-PL\",\"potentialAction\":[{\"@type\":\"ReadAction\",\"target\":[\"https:\/\/woblink.com\/blog\/przedsprzedaz-carlos-ruiz-zafon-katarzyna-bonda-andy-weir\/\"]}]},{\"@type\":\"BreadcrumbList\",\"@id\":\"https:\/\/woblink.com\/blog\/przedsprzedaz-carlos-ruiz-zafon-katarzyna-bonda-andy-weir\/#breadcrumb\",\"itemListElement\":[{\"@type\":\"ListItem\",\"position\":1,\"name\":\"Strona g\u0142\u00f3wna\",\"item\":\"https:\/\/woblink.com\/blog\/\"},{\"@type\":\"ListItem\",\"position\":2,\"name\":\"Przedsprzeda\u017c: Carlos Ruiz Zaf\u00f3n, Katarzyna Bonda, Andy Weir\"}]},{\"@type\":\"WebSite\",\"@id\":\"https:\/\/woblink.com\/blog\/#website\",\"url\":\"https:\/\/woblink.com\/blog\/\",\"name\":\"Woblink\",\"description\":\"najlepszy firmowy blog o ksi\u0105\u017ckach\",\"publisher\":{\"@id\":\"https:\/\/woblink.com\/blog\/#organization\"},\"potentialAction\":[{\"@type\":\"SearchAction\",\"target\":{\"@type\":\"EntryPoint\",\"urlTemplate\":\"https:\/\/woblink.com\/blog\/?s={search_term_string}\"},\"query-input\":\"required name=search_term_string\"}],\"inLanguage\":\"pl-PL\"},{\"@type\":\"Organization\",\"@id\":\"https:\/\/woblink.com\/blog\/#organization\",\"name\":\"Woblink\",\"url\":\"https:\/\/woblink.com\/blog\/\",\"logo\":{\"@type\":\"ImageObject\",\"inLanguage\":\"pl-PL\",\"@id\":\"https:\/\/woblink.com\/blog\/#\/schema\/logo\/image\/\",\"url\":\"https:\/\/i0.wp.com\/woblink.com\/blog\/wp-content\/uploads\/2019\/04\/nw_logoB.png?fit=185%2C42&ssl=1\",\"contentUrl\":\"https:\/\/i0.wp.com\/woblink.com\/blog\/wp-content\/uploads\/2019\/04\/nw_logoB.png?fit=185%2C42&ssl=1\",\"width\":185,\"height\":42,\"caption\":\"Woblink\"},\"image\":{\"@id\":\"https:\/\/woblink.com\/blog\/#\/schema\/logo\/image\/\"},\"sameAs\":[\"https:\/\/facebook.com\/woblink\",\"https:\/\/twitter.com\/woblink_com\",\"https:\/\/www.instagram.com\/woblink_com\",\"https:\/\/www.linkedin.com\/company\/woblink\/\"]},{\"@type\":\"Person\",\"@id\":\"https:\/\/woblink.com\/blog\/#\/schema\/person\/8ab6b79d64fa54209272130c4c3b1e95\",\"name\":\"Redakcja Woblinka\",\"image\":{\"@type\":\"ImageObject\",\"inLanguage\":\"pl-PL\",\"@id\":\"https:\/\/woblink.com\/blog\/#\/schema\/person\/image\/\",\"url\":\"https:\/\/secure.gravatar.com\/avatar\/f23ae80a7c9da060bee5f8310913478b?s=96&d=mm&r=g\",\"contentUrl\":\"https:\/\/secure.gravatar.com\/avatar\/f23ae80a7c9da060bee5f8310913478b?s=96&d=mm&r=g\",\"caption\":\"Redakcja Woblinka\"},\"url\":\"https:\/\/woblink.com\/blog\/author\/krasny\/\"}]}<\/script>\n<!-- \/ Yoast SEO plugin. -->","yoast_head_json":{"title":"Przedsprzeda\u017c: Carlos Ruiz Zaf\u00f3n, Katarzyna Bonda, Andy Weir - Woblink","description":"Przedsprzeda\u017c: \u201eMiasto z mg\u0142y\u201d Carlosa Ruiza Zaf\u00f3na, \u201eNikt nie musi wiedzie\u0107\u201d Katarzyny Bondy i \u201eProjekt Hail Mary\u201dAndy'ego Weira dost\u0119pne na Woblink.com.","robots":{"index":"index","follow":"follow","max-snippet":"max-snippet:-1","max-image-preview":"max-image-preview:large","max-video-preview":"max-video-preview:-1"},"canonical":"https:\/\/woblink.com\/blog\/przedsprzedaz-carlos-ruiz-zafon-katarzyna-bonda-andy-weir\/","og_locale":"pl_PL","og_type":"article","og_title":"Przedsprzeda\u017c: Carlos Ruiz Zaf\u00f3n, Katarzyna Bonda, Andy Weir - Woblink","og_description":"Przedsprzeda\u017c: \u201eMiasto z mg\u0142y\u201d Carlosa Ruiza Zaf\u00f3na, \u201eNikt nie musi wiedzie\u0107\u201d Katarzyny Bondy i \u201eProjekt Hail Mary\u201dAndy'ego Weira dost\u0119pne na Woblink.com.","og_url":"https:\/\/woblink.com\/blog\/przedsprzedaz-carlos-ruiz-zafon-katarzyna-bonda-andy-weir\/","og_site_name":"Woblink","article_publisher":"https:\/\/facebook.com\/woblink","article_published_time":"2021-04-28T12:35:34+00:00","article_modified_time":"2021-04-28T12:39:27+00:00","og_image":[{"width":1011,"height":690,"url":"https:\/\/i0.wp.com\/woblink.com\/blog\/wp-content\/uploads\/2021\/04\/artykul.jpg?fit=1011%2C690&ssl=1","type":"image\/jpeg"}],"author":"Redakcja Woblinka","twitter_card":"summary_large_image","twitter_creator":"@woblink_com","twitter_site":"@woblink_com","twitter_misc":{"Napisane przez":"Redakcja Woblinka","Szacowany czas czytania":"4 minuty"},"schema":{"@context":"https:\/\/schema.org","@graph":[{"@type":"Article","@id":"https:\/\/woblink.com\/blog\/przedsprzedaz-carlos-ruiz-zafon-katarzyna-bonda-andy-weir\/#article","isPartOf":{"@id":"https:\/\/woblink.com\/blog\/przedsprzedaz-carlos-ruiz-zafon-katarzyna-bonda-andy-weir\/"},"author":{"name":"Redakcja Woblinka","@id":"https:\/\/woblink.com\/blog\/#\/schema\/person\/8ab6b79d64fa54209272130c4c3b1e95"},"headline":"Przedsprzeda\u017c: Carlos Ruiz Zaf\u00f3n, Katarzyna Bonda, Andy Weir","datePublished":"2021-04-28T12:35:34+00:00","dateModified":"2021-04-28T12:39:27+00:00","mainEntityOfPage":{"@id":"https:\/\/woblink.com\/blog\/przedsprzedaz-carlos-ruiz-zafon-katarzyna-bonda-andy-weir\/"},"wordCount":820,"publisher":{"@id":"https:\/\/woblink.com\/blog\/#organization"},"articleSection":["Aktualno\u015bci","Nowo\u015bci na Woblinku","Premiery ksi\u0105\u017cek","Rynek wydawniczy","Zapowiedzi ksi\u0105\u017cek"],"inLanguage":"pl-PL"},{"@type":"WebPage","@id":"https:\/\/woblink.com\/blog\/przedsprzedaz-carlos-ruiz-zafon-katarzyna-bonda-andy-weir\/","url":"https:\/\/woblink.com\/blog\/przedsprzedaz-carlos-ruiz-zafon-katarzyna-bonda-andy-weir\/","name":"Przedsprzeda\u017c: Carlos Ruiz Zaf\u00f3n, Katarzyna Bonda, Andy Weir - Woblink","isPartOf":{"@id":"https:\/\/woblink.com\/blog\/#website"},"datePublished":"2021-04-28T12:35:34+00:00","dateModified":"2021-04-28T12:39:27+00:00","description":"Przedsprzeda\u017c: \u201eMiasto z mg\u0142y\u201d Carlosa Ruiza Zaf\u00f3na, \u201eNikt nie musi wiedzie\u0107\u201d Katarzyny Bondy i \u201eProjekt Hail Mary\u201dAndy'ego Weira dost\u0119pne na Woblink.com.","breadcrumb":{"@id":"https:\/\/woblink.com\/blog\/przedsprzedaz-carlos-ruiz-zafon-katarzyna-bonda-andy-weir\/#breadcrumb"},"inLanguage":"pl-PL","potentialAction":[{"@type":"ReadAction","target":["https:\/\/woblink.com\/blog\/przedsprzedaz-carlos-ruiz-zafon-katarzyna-bonda-andy-weir\/"]}]},{"@type":"BreadcrumbList","@id":"https:\/\/woblink.com\/blog\/przedsprzedaz-carlos-ruiz-zafon-katarzyna-bonda-andy-weir\/#breadcrumb","itemListElement":[{"@type":"ListItem","position":1,"name":"Strona g\u0142\u00f3wna","item":"https:\/\/woblink.com\/blog\/"},{"@type":"ListItem","position":2,"name":"Przedsprzeda\u017c: Carlos Ruiz Zaf\u00f3n, Katarzyna Bonda, Andy Weir"}]},{"@type":"WebSite","@id":"https:\/\/woblink.com\/blog\/#website","url":"https:\/\/woblink.com\/blog\/","name":"Woblink","description":"najlepszy firmowy blog o ksi\u0105\u017ckach","publisher":{"@id":"https:\/\/woblink.com\/blog\/#organization"},"potentialAction":[{"@type":"SearchAction","target":{"@type":"EntryPoint","urlTemplate":"https:\/\/woblink.com\/blog\/?s={search_term_string}"},"query-input":"required name=search_term_string"}],"inLanguage":"pl-PL"},{"@type":"Organization","@id":"https:\/\/woblink.com\/blog\/#organization","name":"Woblink","url":"https:\/\/woblink.com\/blog\/","logo":{"@type":"ImageObject","inLanguage":"pl-PL","@id":"https:\/\/woblink.com\/blog\/#\/schema\/logo\/image\/","url":"https:\/\/i0.wp.com\/woblink.com\/blog\/wp-content\/uploads\/2019\/04\/nw_logoB.png?fit=185%2C42&ssl=1","contentUrl":"https:\/\/i0.wp.com\/woblink.com\/blog\/wp-content\/uploads\/2019\/04\/nw_logoB.png?fit=185%2C42&ssl=1","width":185,"height":42,"caption":"Woblink"},"image":{"@id":"https:\/\/woblink.com\/blog\/#\/schema\/logo\/image\/"},"sameAs":["https:\/\/facebook.com\/woblink","https:\/\/twitter.com\/woblink_com","https:\/\/www.instagram.com\/woblink_com","https:\/\/www.linkedin.com\/company\/woblink\/"]},{"@type":"Person","@id":"https:\/\/woblink.com\/blog\/#\/schema\/person\/8ab6b79d64fa54209272130c4c3b1e95","name":"Redakcja Woblinka","image":{"@type":"ImageObject","inLanguage":"pl-PL","@id":"https:\/\/woblink.com\/blog\/#\/schema\/person\/image\/","url":"https:\/\/secure.gravatar.com\/avatar\/f23ae80a7c9da060bee5f8310913478b?s=96&d=mm&r=g","contentUrl":"https:\/\/secure.gravatar.com\/avatar\/f23ae80a7c9da060bee5f8310913478b?s=96&d=mm&r=g","caption":"Redakcja Woblinka"},"url":"https:\/\/woblink.com\/blog\/author\/krasny\/"}]}},"jetpack_featured_media_url":"https:\/\/i0.wp.com\/woblink.com\/blog\/wp-content\/uploads\/2021\/04\/artykul.jpg?fit=1011%2C690&ssl=1","_links":{"self":[{"href":"https:\/\/woblink.com\/blog\/wp-json\/wp\/v2\/posts\/4566"}],"collection":[{"href":"https:\/\/woblink.com\/blog\/wp-json\/wp\/v2\/posts"}],"about":[{"href":"https:\/\/woblink.com\/blog\/wp-json\/wp\/v2\/types\/post"}],"author":[{"embeddable":true,"href":"https:\/\/woblink.com\/blog\/wp-json\/wp\/v2\/users\/7"}],"replies":[{"embeddable":true,"href":"https:\/\/woblink.com\/blog\/wp-json\/wp\/v2\/comments?post=4566"}],"version-history":[{"count":3,"href":"https:\/\/woblink.com\/blog\/wp-json\/wp\/v2\/posts\/4566\/revisions"}],"predecessor-version":[{"id":4598,"href":"https:\/\/woblink.com\/blog\/wp-json\/wp\/v2\/posts\/4566\/revisions\/4598"}],"wp:featuredmedia":[{"embeddable":true,"href":"https:\/\/woblink.com\/blog\/wp-json\/wp\/v2\/media\/4572"}],"wp:attachment":[{"href":"https:\/\/woblink.com\/blog\/wp-json\/wp\/v2\/media?parent=4566"}],"wp:term":[{"taxonomy":"category","embeddable":true,"href":"https:\/\/woblink.com\/blog\/wp-json\/wp\/v2\/categories?post=4566"},{"taxonomy":"post_tag","embeddable":true,"href":"https:\/\/woblink.com\/blog\/wp-json\/wp\/v2\/tags?post=4566"}],"curies":[{"name":"wp","href":"https:\/\/api.w.org\/{rel}","templated":true}]}}