{"id":4592,"date":"2021-05-04T12:20:50","date_gmt":"2021-05-04T10:20:50","guid":{"rendered":"https:\/\/woblink.com\/blog\/?p=4592"},"modified":"2021-05-04T12:20:59","modified_gmt":"2021-05-04T10:20:59","slug":"wilkolak-przedsprzedaz-nowej-powiesci-wojciecha-chmielarza","status":"publish","type":"post","link":"https:\/\/woblink.com\/blog\/wilkolak-przedsprzedaz-nowej-powiesci-wojciecha-chmielarza\/","title":{"rendered":"Wilko\u0142ak \u2013 przedsprzeda\u017c nowej powie\u015bci Wojciecha Chmielarza"},"content":{"rendered":"<p><strong>19 maja uka\u017ce si\u0119 najnowsza powie\u015b\u0107 Wojciecha Chmielarza pt. \u201eWilko\u0142ak\u201d, w kt\u00f3rej powraca detektyw Dawid Wolski \u2013 znany czytelnikom z takich powie\u015bci jak \u201eWampir\u201d i \u201eZombie\u201d. W\u0142a\u015bnie rozpocz\u0119li\u015bmy przedsprzeda\u017c ebooka tego tytu\u0142u: mo\u017cecie kupi\u0107 go ju\u017c dzi\u015b, a pe\u0142ne pliki pojawi\u0105 si\u0119 na waszej p\u00f3\u0142ce od razu w dniu premiery.<\/strong><\/p>\n<p><!--more--><\/p>\n<h3>\u201eWilko\u0142ak\u201d \u2013 powr\u00f3t detektywa Dawida Wolskiego<\/h3>\n<p>19 maja uka\u017ce si\u0119 najnowszy krymina\u0142 \u201eWilko\u0142ak\u201d Wojciecha Chmielarza, nagradzanego autora krymina\u0142\u00f3w, thriller\u00f3w i ksi\u0105\u017cek sensacyjnych. Powie\u015b\u0107 jest tak\u017ce wielkim powrotem detektywa Dawida Wolskiego, kt\u00f3rego losy czytelnicy mogli pozna\u0107 we wcze\u015bniejszych tytu\u0142ach Chmielarza takich jak \u201e<a href=\"https:\/\/woblink.com\/ebook\/wampir-wojciech-chmielarz-18367u\"><strong>Wampir<\/strong><\/a>\u201d i \u201e<strong><a href=\"https:\/\/woblink.com\/ebook\/zombie-wojciech-chmielarz-29605u\">Zombie<\/a><\/strong>\u201d.\u00a0 Dodatkowo obecnie trwa ostatni etap sprzeda\u017cy praw do filmu i serialu na podstawie powie\u015bci!<\/p>\n<p><strong>Opis wydawcy:<\/strong><\/p>\n<p>Prywatny detektyw Dawid Wolski nie spocznie. Na cmentarzu, na pogrzebie swojego ojca, mecenasa Wolskiego, kt\u00f3ry doprowadzi\u0142 do uwolnienia mordercy Igi, kobiety jego \u017cycia \u2013 widzi j\u0105 z daleka i ju\u017c wie, \u017ce przesz\u0142o\u015b\u0107 wr\u00f3ci\u0142a i niemo\u017cliwe sta\u0142o si\u0119 mo\u017cliwe. Dziewczyna jest dziesi\u0119\u0107 lat starsza, zmieniona, ale to Iga. Tylko on j\u0105 zobaczy\u0142, tylko on j\u0105 rozpozna\u0142. Nikt mu nie wierzy, lecz on jest pewien \u2013 Iga \u017cyje. \u017byje i z jakiego\u015b powodu znowu znika. Od chwili jej \u015bmierci Wolski wie, \u017ce co\u015b jest nie tak i teraz ma pretekst, \u017ceby to sprawdzi\u0107. Dopuszcza si\u0119 profanacji i w niebezpieczn\u0105 gr\u0119 wci\u0105ga jedynego przyjaznego mu cz\u0142owieka \u2013 prokuratora Adama G\u00f3rnika. Prawda oka\u017ce si\u0119 jednak zbyt trudna do przyj\u0119cia, ale dla Wolskiego nie ma ratunku\u2026<\/p>\n<figure id=\"attachment_4597\" aria-describedby=\"caption-attachment-4597\" style=\"width: 193px\" class=\"wp-caption aligncenter\"><a href=\"https:\/\/woblink.com\/ebook\/wilkolak-przedsprzedaz-wojciech-chmielarz-213137u\"><img decoding=\"async\" loading=\"lazy\" class=\"wp-image-4597 size-medium\" src=\"https:\/\/i0.wp.com\/woblink.com\/blog\/wp-content\/uploads\/2021\/05\/609072665b21c.jpeg?resize=193%2C300&#038;ssl=1\" alt=\"Wilko\u0142ak\" width=\"193\" height=\"300\" srcset=\"https:\/\/i0.wp.com\/woblink.com\/blog\/wp-content\/uploads\/2021\/05\/609072665b21c.jpeg?resize=193%2C300&amp;ssl=1 193w, https:\/\/i0.wp.com\/woblink.com\/blog\/wp-content\/uploads\/2021\/05\/609072665b21c.jpeg?w=550&amp;ssl=1 550w\" sizes=\"(max-width: 193px) 100vw, 193px\" data-recalc-dims=\"1\" \/><\/a><figcaption id=\"caption-attachment-4597\" class=\"wp-caption-text\"><center><strong>Kup <a href=\"https:\/\/woblink.com\/ebook\/wilkolak-przedsprzedaz-wojciech-chmielarz-213137u\">ebooka w przedsprzeda\u017cy<\/a> na Woblink.com<\/strong><\/center><\/figcaption><\/figure>\n<p>Z okazji przedsprzeda\u017cy najnowszej powiesi Wojciecha Chmielarza przygotowali\u015bmy specjaln\u0105 <strong><a href=\"https:\/\/woblink.com\/katalog\/ebooki\/promocje?promocje=6120&amp;sort=year_desc\">promocj\u0119<\/a><\/strong>, w kt\u00f3rej znajdziecie pozosta\u0142e tytu\u0142y autora do -55%!<\/p>\n<p><a href=\"https:\/\/woblink.com\/katalog\/ebooki\/promocje?promocje=6120&amp;sort=year_desc\"><img decoding=\"async\" loading=\"lazy\" class=\"aligncenter wp-image-4595 size-full\" src=\"https:\/\/i0.wp.com\/woblink.com\/blog\/wp-content\/uploads\/2021\/05\/2590543-promowizard-banner.jpg?resize=763%2C400&#038;ssl=1\" alt=\"\" width=\"763\" height=\"400\" srcset=\"https:\/\/i0.wp.com\/woblink.com\/blog\/wp-content\/uploads\/2021\/05\/2590543-promowizard-banner.jpg?w=763&amp;ssl=1 763w, https:\/\/i0.wp.com\/woblink.com\/blog\/wp-content\/uploads\/2021\/05\/2590543-promowizard-banner.jpg?resize=300%2C157&amp;ssl=1 300w, https:\/\/i0.wp.com\/woblink.com\/blog\/wp-content\/uploads\/2021\/05\/2590543-promowizard-banner.jpg?resize=600%2C315&amp;ssl=1 600w\" sizes=\"(max-width: 763px) 100vw, 763px\" data-recalc-dims=\"1\" \/><\/a><\/p>\n<p><strong>Uwaga! Pami\u0119taj, \u017ce kupujesz ksi\u0105\u017ck\u0119 \u201eWilko\u0142ak\u201d w przedsprzeda\u017cy, pe\u0142ny plik pojawi si\u0119 na Twojej wirtualnej p\u00f3\u0142ce w dniu premiery, czyli 19 maja. Nie zapomnij o od\u015bwie\u017ceniu p\u00f3\u0142ki.\u00a0<\/strong><\/p>\n<p>&nbsp;<\/p>\n","protected":false},"excerpt":{"rendered":"<p>19 maja uka\u017ce si\u0119 najnowsza powie\u015b\u0107 Wojciecha Chmielarza pt. \u201eWilko\u0142ak\u201d, w kt\u00f3rej powraca detektyw Dawid Wolski \u2013 znany czytelnikom z takich powie\u015bci jak \u201eWampir\u201d i \u201eZombie\u201d. W\u0142a\u015bnie rozpocz\u0119li\u015bmy przedsprzeda\u017c ebooka tego tytu\u0142u: mo\u017cecie kupi\u0107 go ju\u017c dzi\u015b, a pe\u0142ne pliki pojawi\u0105 si\u0119 na waszej p\u00f3\u0142ce&#8230;<\/p>\n","protected":false},"author":7,"featured_media":4599,"comment_status":"closed","ping_status":"open","sticky":false,"template":"","format":"standard","meta":[],"categories":[76,90,82,81,89],"tags":[],"yoast_head":"<!-- This site is optimized with the Yoast SEO plugin v20.11 - https:\/\/yoast.com\/wordpress\/plugins\/seo\/ -->\n<title>Wilko\u0142ak \u2013 przedsprzeda\u017c nowej powie\u015bci Wojciecha Chmielarza - Woblink<\/title>\n<meta name=\"description\" content=\"19 maja uka\u017ce si\u0119 najnowsza powie\u015b\u0107 Wojciecha Chmielarza pt. \u201eWilko\u0142ak\u201d, w kt\u00f3rej powraca doskonale zany czytelnikom detektyw Dawid Wolski.\" \/>\n<meta name=\"robots\" content=\"index, follow, max-snippet:-1, max-image-preview:large, max-video-preview:-1\" \/>\n<link rel=\"canonical\" href=\"https:\/\/woblink.com\/blog\/wilkolak-przedsprzedaz-nowej-powiesci-wojciecha-chmielarza\/\" \/>\n<meta property=\"og:locale\" content=\"pl_PL\" \/>\n<meta property=\"og:type\" content=\"article\" \/>\n<meta property=\"og:title\" content=\"Wilko\u0142ak \u2013 przedsprzeda\u017c nowej powie\u015bci Wojciecha Chmielarza - Woblink\" \/>\n<meta property=\"og:description\" content=\"19 maja uka\u017ce si\u0119 najnowsza powie\u015b\u0107 Wojciecha Chmielarza pt. \u201eWilko\u0142ak\u201d, w kt\u00f3rej powraca doskonale zany czytelnikom detektyw Dawid Wolski.\" \/>\n<meta property=\"og:url\" content=\"https:\/\/woblink.com\/blog\/wilkolak-przedsprzedaz-nowej-powiesci-wojciecha-chmielarza\/\" \/>\n<meta property=\"og:site_name\" content=\"Woblink\" \/>\n<meta property=\"article:publisher\" content=\"https:\/\/facebook.com\/woblink\" \/>\n<meta property=\"article:published_time\" content=\"2021-05-04T10:20:50+00:00\" \/>\n<meta property=\"article:modified_time\" content=\"2021-05-04T10:20:59+00:00\" \/>\n<meta property=\"og:image\" content=\"https:\/\/i0.wp.com\/woblink.com\/blog\/wp-content\/uploads\/2021\/05\/artykul3.jpg?fit=1011%2C690&ssl=1\" \/>\n\t<meta property=\"og:image:width\" content=\"1011\" \/>\n\t<meta property=\"og:image:height\" content=\"690\" \/>\n\t<meta property=\"og:image:type\" content=\"image\/jpeg\" \/>\n<meta name=\"author\" content=\"Redakcja Woblinka\" \/>\n<meta name=\"twitter:card\" content=\"summary_large_image\" \/>\n<meta name=\"twitter:creator\" content=\"@woblink_com\" \/>\n<meta name=\"twitter:site\" content=\"@woblink_com\" \/>\n<meta name=\"twitter:label1\" content=\"Napisane przez\" \/>\n\t<meta name=\"twitter:data1\" content=\"Redakcja Woblinka\" \/>\n\t<meta name=\"twitter:label2\" content=\"Szacowany czas czytania\" \/>\n\t<meta name=\"twitter:data2\" content=\"2 minuty\" \/>\n<script type=\"application\/ld+json\" class=\"yoast-schema-graph\">{\"@context\":\"https:\/\/schema.org\",\"@graph\":[{\"@type\":\"Article\",\"@id\":\"https:\/\/woblink.com\/blog\/wilkolak-przedsprzedaz-nowej-powiesci-wojciecha-chmielarza\/#article\",\"isPartOf\":{\"@id\":\"https:\/\/woblink.com\/blog\/wilkolak-przedsprzedaz-nowej-powiesci-wojciecha-chmielarza\/\"},\"author\":{\"name\":\"Redakcja Woblinka\",\"@id\":\"https:\/\/woblink.com\/blog\/#\/schema\/person\/8ab6b79d64fa54209272130c4c3b1e95\"},\"headline\":\"Wilko\u0142ak \u2013 przedsprzeda\u017c nowej powie\u015bci Wojciecha Chmielarza\",\"datePublished\":\"2021-05-04T10:20:50+00:00\",\"dateModified\":\"2021-05-04T10:20:59+00:00\",\"mainEntityOfPage\":{\"@id\":\"https:\/\/woblink.com\/blog\/wilkolak-przedsprzedaz-nowej-powiesci-wojciecha-chmielarza\/\"},\"wordCount\":344,\"publisher\":{\"@id\":\"https:\/\/woblink.com\/blog\/#organization\"},\"articleSection\":[\"Krymina\u0142\",\"Nowo\u015bci na Woblinku\",\"Premiery ksi\u0105\u017cek\",\"Rankingi ksi\u0105\u017cek\",\"Rynek wydawniczy\"],\"inLanguage\":\"pl-PL\"},{\"@type\":\"WebPage\",\"@id\":\"https:\/\/woblink.com\/blog\/wilkolak-przedsprzedaz-nowej-powiesci-wojciecha-chmielarza\/\",\"url\":\"https:\/\/woblink.com\/blog\/wilkolak-przedsprzedaz-nowej-powiesci-wojciecha-chmielarza\/\",\"name\":\"Wilko\u0142ak \u2013 przedsprzeda\u017c nowej powie\u015bci Wojciecha Chmielarza - Woblink\",\"isPartOf\":{\"@id\":\"https:\/\/woblink.com\/blog\/#website\"},\"datePublished\":\"2021-05-04T10:20:50+00:00\",\"dateModified\":\"2021-05-04T10:20:59+00:00\",\"description\":\"19 maja uka\u017ce si\u0119 najnowsza powie\u015b\u0107 Wojciecha Chmielarza pt. \u201eWilko\u0142ak\u201d, w kt\u00f3rej powraca doskonale zany czytelnikom detektyw Dawid Wolski.\",\"breadcrumb\":{\"@id\":\"https:\/\/woblink.com\/blog\/wilkolak-przedsprzedaz-nowej-powiesci-wojciecha-chmielarza\/#breadcrumb\"},\"inLanguage\":\"pl-PL\",\"potentialAction\":[{\"@type\":\"ReadAction\",\"target\":[\"https:\/\/woblink.com\/blog\/wilkolak-przedsprzedaz-nowej-powiesci-wojciecha-chmielarza\/\"]}]},{\"@type\":\"BreadcrumbList\",\"@id\":\"https:\/\/woblink.com\/blog\/wilkolak-przedsprzedaz-nowej-powiesci-wojciecha-chmielarza\/#breadcrumb\",\"itemListElement\":[{\"@type\":\"ListItem\",\"position\":1,\"name\":\"Strona g\u0142\u00f3wna\",\"item\":\"https:\/\/woblink.com\/blog\/\"},{\"@type\":\"ListItem\",\"position\":2,\"name\":\"Wilko\u0142ak \u2013 przedsprzeda\u017c nowej powie\u015bci Wojciecha Chmielarza\"}]},{\"@type\":\"WebSite\",\"@id\":\"https:\/\/woblink.com\/blog\/#website\",\"url\":\"https:\/\/woblink.com\/blog\/\",\"name\":\"Woblink\",\"description\":\"najlepszy firmowy blog o ksi\u0105\u017ckach\",\"publisher\":{\"@id\":\"https:\/\/woblink.com\/blog\/#organization\"},\"potentialAction\":[{\"@type\":\"SearchAction\",\"target\":{\"@type\":\"EntryPoint\",\"urlTemplate\":\"https:\/\/woblink.com\/blog\/?s={search_term_string}\"},\"query-input\":\"required name=search_term_string\"}],\"inLanguage\":\"pl-PL\"},{\"@type\":\"Organization\",\"@id\":\"https:\/\/woblink.com\/blog\/#organization\",\"name\":\"Woblink\",\"url\":\"https:\/\/woblink.com\/blog\/\",\"logo\":{\"@type\":\"ImageObject\",\"inLanguage\":\"pl-PL\",\"@id\":\"https:\/\/woblink.com\/blog\/#\/schema\/logo\/image\/\",\"url\":\"https:\/\/i0.wp.com\/woblink.com\/blog\/wp-content\/uploads\/2019\/04\/nw_logoB.png?fit=185%2C42&ssl=1\",\"contentUrl\":\"https:\/\/i0.wp.com\/woblink.com\/blog\/wp-content\/uploads\/2019\/04\/nw_logoB.png?fit=185%2C42&ssl=1\",\"width\":185,\"height\":42,\"caption\":\"Woblink\"},\"image\":{\"@id\":\"https:\/\/woblink.com\/blog\/#\/schema\/logo\/image\/\"},\"sameAs\":[\"https:\/\/facebook.com\/woblink\",\"https:\/\/twitter.com\/woblink_com\",\"https:\/\/www.instagram.com\/woblink_com\",\"https:\/\/www.linkedin.com\/company\/woblink\/\"]},{\"@type\":\"Person\",\"@id\":\"https:\/\/woblink.com\/blog\/#\/schema\/person\/8ab6b79d64fa54209272130c4c3b1e95\",\"name\":\"Redakcja Woblinka\",\"image\":{\"@type\":\"ImageObject\",\"inLanguage\":\"pl-PL\",\"@id\":\"https:\/\/woblink.com\/blog\/#\/schema\/person\/image\/\",\"url\":\"https:\/\/secure.gravatar.com\/avatar\/f23ae80a7c9da060bee5f8310913478b?s=96&d=mm&r=g\",\"contentUrl\":\"https:\/\/secure.gravatar.com\/avatar\/f23ae80a7c9da060bee5f8310913478b?s=96&d=mm&r=g\",\"caption\":\"Redakcja Woblinka\"},\"url\":\"https:\/\/woblink.com\/blog\/author\/krasny\/\"}]}<\/script>\n<!-- \/ Yoast SEO plugin. -->","yoast_head_json":{"title":"Wilko\u0142ak \u2013 przedsprzeda\u017c nowej powie\u015bci Wojciecha Chmielarza - Woblink","description":"19 maja uka\u017ce si\u0119 najnowsza powie\u015b\u0107 Wojciecha Chmielarza pt. \u201eWilko\u0142ak\u201d, w kt\u00f3rej powraca doskonale zany czytelnikom detektyw Dawid Wolski.","robots":{"index":"index","follow":"follow","max-snippet":"max-snippet:-1","max-image-preview":"max-image-preview:large","max-video-preview":"max-video-preview:-1"},"canonical":"https:\/\/woblink.com\/blog\/wilkolak-przedsprzedaz-nowej-powiesci-wojciecha-chmielarza\/","og_locale":"pl_PL","og_type":"article","og_title":"Wilko\u0142ak \u2013 przedsprzeda\u017c nowej powie\u015bci Wojciecha Chmielarza - Woblink","og_description":"19 maja uka\u017ce si\u0119 najnowsza powie\u015b\u0107 Wojciecha Chmielarza pt. \u201eWilko\u0142ak\u201d, w kt\u00f3rej powraca doskonale zany czytelnikom detektyw Dawid Wolski.","og_url":"https:\/\/woblink.com\/blog\/wilkolak-przedsprzedaz-nowej-powiesci-wojciecha-chmielarza\/","og_site_name":"Woblink","article_publisher":"https:\/\/facebook.com\/woblink","article_published_time":"2021-05-04T10:20:50+00:00","article_modified_time":"2021-05-04T10:20:59+00:00","og_image":[{"width":1011,"height":690,"url":"https:\/\/i0.wp.com\/woblink.com\/blog\/wp-content\/uploads\/2021\/05\/artykul3.jpg?fit=1011%2C690&ssl=1","type":"image\/jpeg"}],"author":"Redakcja Woblinka","twitter_card":"summary_large_image","twitter_creator":"@woblink_com","twitter_site":"@woblink_com","twitter_misc":{"Napisane przez":"Redakcja Woblinka","Szacowany czas czytania":"2 minuty"},"schema":{"@context":"https:\/\/schema.org","@graph":[{"@type":"Article","@id":"https:\/\/woblink.com\/blog\/wilkolak-przedsprzedaz-nowej-powiesci-wojciecha-chmielarza\/#article","isPartOf":{"@id":"https:\/\/woblink.com\/blog\/wilkolak-przedsprzedaz-nowej-powiesci-wojciecha-chmielarza\/"},"author":{"name":"Redakcja Woblinka","@id":"https:\/\/woblink.com\/blog\/#\/schema\/person\/8ab6b79d64fa54209272130c4c3b1e95"},"headline":"Wilko\u0142ak \u2013 przedsprzeda\u017c nowej powie\u015bci Wojciecha Chmielarza","datePublished":"2021-05-04T10:20:50+00:00","dateModified":"2021-05-04T10:20:59+00:00","mainEntityOfPage":{"@id":"https:\/\/woblink.com\/blog\/wilkolak-przedsprzedaz-nowej-powiesci-wojciecha-chmielarza\/"},"wordCount":344,"publisher":{"@id":"https:\/\/woblink.com\/blog\/#organization"},"articleSection":["Krymina\u0142","Nowo\u015bci na Woblinku","Premiery ksi\u0105\u017cek","Rankingi ksi\u0105\u017cek","Rynek wydawniczy"],"inLanguage":"pl-PL"},{"@type":"WebPage","@id":"https:\/\/woblink.com\/blog\/wilkolak-przedsprzedaz-nowej-powiesci-wojciecha-chmielarza\/","url":"https:\/\/woblink.com\/blog\/wilkolak-przedsprzedaz-nowej-powiesci-wojciecha-chmielarza\/","name":"Wilko\u0142ak \u2013 przedsprzeda\u017c nowej powie\u015bci Wojciecha Chmielarza - Woblink","isPartOf":{"@id":"https:\/\/woblink.com\/blog\/#website"},"datePublished":"2021-05-04T10:20:50+00:00","dateModified":"2021-05-04T10:20:59+00:00","description":"19 maja uka\u017ce si\u0119 najnowsza powie\u015b\u0107 Wojciecha Chmielarza pt. \u201eWilko\u0142ak\u201d, w kt\u00f3rej powraca doskonale zany czytelnikom detektyw Dawid Wolski.","breadcrumb":{"@id":"https:\/\/woblink.com\/blog\/wilkolak-przedsprzedaz-nowej-powiesci-wojciecha-chmielarza\/#breadcrumb"},"inLanguage":"pl-PL","potentialAction":[{"@type":"ReadAction","target":["https:\/\/woblink.com\/blog\/wilkolak-przedsprzedaz-nowej-powiesci-wojciecha-chmielarza\/"]}]},{"@type":"BreadcrumbList","@id":"https:\/\/woblink.com\/blog\/wilkolak-przedsprzedaz-nowej-powiesci-wojciecha-chmielarza\/#breadcrumb","itemListElement":[{"@type":"ListItem","position":1,"name":"Strona g\u0142\u00f3wna","item":"https:\/\/woblink.com\/blog\/"},{"@type":"ListItem","position":2,"name":"Wilko\u0142ak \u2013 przedsprzeda\u017c nowej powie\u015bci Wojciecha Chmielarza"}]},{"@type":"WebSite","@id":"https:\/\/woblink.com\/blog\/#website","url":"https:\/\/woblink.com\/blog\/","name":"Woblink","description":"najlepszy firmowy blog o ksi\u0105\u017ckach","publisher":{"@id":"https:\/\/woblink.com\/blog\/#organization"},"potentialAction":[{"@type":"SearchAction","target":{"@type":"EntryPoint","urlTemplate":"https:\/\/woblink.com\/blog\/?s={search_term_string}"},"query-input":"required name=search_term_string"}],"inLanguage":"pl-PL"},{"@type":"Organization","@id":"https:\/\/woblink.com\/blog\/#organization","name":"Woblink","url":"https:\/\/woblink.com\/blog\/","logo":{"@type":"ImageObject","inLanguage":"pl-PL","@id":"https:\/\/woblink.com\/blog\/#\/schema\/logo\/image\/","url":"https:\/\/i0.wp.com\/woblink.com\/blog\/wp-content\/uploads\/2019\/04\/nw_logoB.png?fit=185%2C42&ssl=1","contentUrl":"https:\/\/i0.wp.com\/woblink.com\/blog\/wp-content\/uploads\/2019\/04\/nw_logoB.png?fit=185%2C42&ssl=1","width":185,"height":42,"caption":"Woblink"},"image":{"@id":"https:\/\/woblink.com\/blog\/#\/schema\/logo\/image\/"},"sameAs":["https:\/\/facebook.com\/woblink","https:\/\/twitter.com\/woblink_com","https:\/\/www.instagram.com\/woblink_com","https:\/\/www.linkedin.com\/company\/woblink\/"]},{"@type":"Person","@id":"https:\/\/woblink.com\/blog\/#\/schema\/person\/8ab6b79d64fa54209272130c4c3b1e95","name":"Redakcja Woblinka","image":{"@type":"ImageObject","inLanguage":"pl-PL","@id":"https:\/\/woblink.com\/blog\/#\/schema\/person\/image\/","url":"https:\/\/secure.gravatar.com\/avatar\/f23ae80a7c9da060bee5f8310913478b?s=96&d=mm&r=g","contentUrl":"https:\/\/secure.gravatar.com\/avatar\/f23ae80a7c9da060bee5f8310913478b?s=96&d=mm&r=g","caption":"Redakcja Woblinka"},"url":"https:\/\/woblink.com\/blog\/author\/krasny\/"}]}},"jetpack_featured_media_url":"https:\/\/i0.wp.com\/woblink.com\/blog\/wp-content\/uploads\/2021\/05\/artykul3.jpg?fit=1011%2C690&ssl=1","_links":{"self":[{"href":"https:\/\/woblink.com\/blog\/wp-json\/wp\/v2\/posts\/4592"}],"collection":[{"href":"https:\/\/woblink.com\/blog\/wp-json\/wp\/v2\/posts"}],"about":[{"href":"https:\/\/woblink.com\/blog\/wp-json\/wp\/v2\/types\/post"}],"author":[{"embeddable":true,"href":"https:\/\/woblink.com\/blog\/wp-json\/wp\/v2\/users\/7"}],"replies":[{"embeddable":true,"href":"https:\/\/woblink.com\/blog\/wp-json\/wp\/v2\/comments?post=4592"}],"version-history":[{"count":4,"href":"https:\/\/woblink.com\/blog\/wp-json\/wp\/v2\/posts\/4592\/revisions"}],"predecessor-version":[{"id":4659,"href":"https:\/\/woblink.com\/blog\/wp-json\/wp\/v2\/posts\/4592\/revisions\/4659"}],"wp:featuredmedia":[{"embeddable":true,"href":"https:\/\/woblink.com\/blog\/wp-json\/wp\/v2\/media\/4599"}],"wp:attachment":[{"href":"https:\/\/woblink.com\/blog\/wp-json\/wp\/v2\/media?parent=4592"}],"wp:term":[{"taxonomy":"category","embeddable":true,"href":"https:\/\/woblink.com\/blog\/wp-json\/wp\/v2\/categories?post=4592"},{"taxonomy":"post_tag","embeddable":true,"href":"https:\/\/woblink.com\/blog\/wp-json\/wp\/v2\/tags?post=4592"}],"curies":[{"name":"wp","href":"https:\/\/api.w.org\/{rel}","templated":true}]}}