{"id":4593,"date":"2021-05-05T14:43:49","date_gmt":"2021-05-05T12:43:49","guid":{"rendered":"https:\/\/woblink.com\/blog\/?p=4593"},"modified":"2021-05-05T14:54:42","modified_gmt":"2021-05-05T12:54:42","slug":"maj-2021-najciekawsze-ebookowe-nowosci-woblinka","status":"publish","type":"post","link":"https:\/\/woblink.com\/blog\/maj-2021-najciekawsze-ebookowe-nowosci-woblinka\/","title":{"rendered":"Maj 2021 \u2013 najciekawsze ebookowe nowo\u015bci Woblinka"},"content":{"rendered":"<p><strong>Maj dopiero co si\u0119 rozpocz\u0105\u0142, a my ju\u017c nie mo\u017cemy narzeka\u0107 na brak wartych uwagi nowo\u015bci! W tym miesi\u0105cu ukaza\u0142y si\u0119 mi\u0119dzy innymi ostatnia ksi\u0105\u017cka Carlosa Ruiza Zaf\u00f3na oraz nowe powie\u015bci Katarzyny Bondy, Maxa Czornyja i Hanny Gre\u0144. Swoj\u0105 premier\u0119 mia\u0142o tak\u017ce t\u0142umaczenie powie\u015bci \u201eNiepok\u00f3j przychodzi o zmierzchu\u201d Marieke Lucas Rijneveld, laureatki Nagrody Bookera 2020. A to tylko cz\u0119\u015b\u0107 najciekawszych ebookowych nowo\u015bci Woblinka.<\/strong><\/p>\n<p><!--more--><\/p>\n<h2 style=\"text-align: center;\">Maj 2021 \u2013 najciekawsze ebookowe nowo\u015bci Woblinka<\/h2>\n<h4><strong>Nikt nie musi wiedzie\u0107 \u2013 Katarzyna Bonda<br \/>\nWydawnictwo Muza<br \/>\n<\/strong><\/h4>\n<p>Po prawie dziesi\u0119cioletniej przerwie Katarzyna Bonda powraca do swojej bestsellerowej serii kryminalnej z psychologiem \u015bledczym Hubertem Meyerem. Tym razem bohaterowi przyjdzie zmierzy\u0107 si\u0119 z najtrudniejszym \u015bledztwem w ca\u0142ej jego dotychczasowej karierze.<\/p>\n<figure id=\"attachment_4614\" aria-describedby=\"caption-attachment-4614\" style=\"width: 211px\" class=\"wp-caption aligncenter\"><a href=\"https:\/\/woblink.com\/ebook\/nikt-nie-musi-wiedzie-c-katarzyna-bonda-213135u\"><img decoding=\"async\" loading=\"lazy\" class=\"wp-image-4614 size-medium\" src=\"https:\/\/i0.wp.com\/woblink.com\/blog\/wp-content\/uploads\/2021\/05\/6092103364ee3.jpeg?resize=211%2C300&#038;ssl=1\" alt=\"nowo\u015bci: Nikt nie musi wiedzie\u0107\" width=\"211\" height=\"300\" srcset=\"https:\/\/i0.wp.com\/woblink.com\/blog\/wp-content\/uploads\/2021\/05\/6092103364ee3.jpeg?resize=211%2C300&amp;ssl=1 211w, https:\/\/i0.wp.com\/woblink.com\/blog\/wp-content\/uploads\/2021\/05\/6092103364ee3.jpeg?w=570&amp;ssl=1 570w\" sizes=\"(max-width: 211px) 100vw, 211px\" data-recalc-dims=\"1\" \/><\/a><figcaption id=\"caption-attachment-4614\" class=\"wp-caption-text\"><center><strong>Kup <a href=\"https:\/\/woblink.com\/ebook\/nikt-nie-musi-wiedzie-c-katarzyna-bonda-213135u\">ebooka<\/a> na Woblink.com<\/strong><\/center><\/figcaption><\/figure>\n<h4><strong>Miasto z mg\u0142y \u2013 Carlos Ruiz Zaf\u00f3n, t\u0142um. Carlos Marrodan Casas, Katarzyna Okrasko <\/strong><br \/>\n<strong>Wydawnictwo Muza<\/strong><\/h4>\n<p>Maj przyni\u00f3s\u0142 premier\u0119 najnowszej i ostatniej ksi\u0105\u017cki <strong><a href=\"https:\/\/czytajpl.pl\/2018\/09\/26\/carlos-ruiz-zafon-jak-zaczac-czytac-jego-ksiazki\/\">Carlosa Ruiza Zaf\u00f3na<\/a><\/strong>, kt\u00f3ra jest poszerzeniem literackiego \u015bwiata Cmentarza Zapomnianych Ksi\u0105\u017cek. \u201eMiasto z mg\u0142y\u201d to zbi\u00f3r pe\u0142nych specyficznej atmosfery opowiada\u0144. Ka\u017cde z nich ma w sobie najbardziej charakterystyczne cechy pi\u00f3ra pisarza, a czytelnicy znajd\u0105 w nich nawi\u0105zania do cyklu o Cmentarzy Zapomnianych Ksi\u0105\u017cek.<\/p>\n<figure id=\"attachment_4613\" aria-describedby=\"caption-attachment-4613\" style=\"width: 211px\" class=\"wp-caption aligncenter\"><a href=\"https:\/\/woblink.com\/ebook\/miasto-z-mgly-carlos-ruiz-zaf-on-katarzyna-okrasko-carlos-marrodan-casas-213106u\"><img decoding=\"async\" loading=\"lazy\" class=\"wp-image-4613 size-medium\" src=\"https:\/\/i0.wp.com\/woblink.com\/blog\/wp-content\/uploads\/2021\/05\/6092108d4e50f.jpeg?resize=211%2C300&#038;ssl=1\" alt=\"\" width=\"211\" height=\"300\" srcset=\"https:\/\/i0.wp.com\/woblink.com\/blog\/wp-content\/uploads\/2021\/05\/6092108d4e50f.jpeg?resize=211%2C300&amp;ssl=1 211w, https:\/\/i0.wp.com\/woblink.com\/blog\/wp-content\/uploads\/2021\/05\/6092108d4e50f.jpeg?w=570&amp;ssl=1 570w\" sizes=\"(max-width: 211px) 100vw, 211px\" data-recalc-dims=\"1\" \/><\/a><figcaption id=\"caption-attachment-4613\" class=\"wp-caption-text\"><center><strong>Kup <a href=\"https:\/\/woblink.com\/ebook\/miasto-z-mgly-carlos-ruiz-zaf-on-katarzyna-okrasko-carlos-marrodan-casas-213106u\">ebooka<\/a> na Woblink.com<\/strong><\/center><\/figcaption><\/figure>\n<h4><strong>Projekt Hail Mary \u2013 Andy Weir, t\u0142um. Rados\u0142aw Madejski\u00a0<\/strong><br \/>\n<strong>Wydawnictwo Akurat<\/strong><\/h4>\n<p>\u201eProjekt Hail Mary\u201d jest najnowsz\u0105 powie\u015bci\u0105 Andy\u2019ego Weira, autora bestsellerowego \u201eMarsjanina\u201d, na podstawie kt\u00f3rego zrealizowano popularny film z Mattem Damonem w roli g\u0142\u00f3wnej. Tym razem Weir serwuje czytelnikom opowie\u015b\u0107 o samotnych astronaucie, kt\u00f3ry mo\u017ce uratowa\u0107 ca\u0142\u0105 planet\u0119 przed nadchodz\u0105c\u0105 katastrof\u0105.<\/p>\n<figure id=\"attachment_4612\" aria-describedby=\"caption-attachment-4612\" style=\"width: 211px\" class=\"wp-caption aligncenter\"><a href=\"https:\/\/woblink.com\/ebook\/projekt-hail-mary-andy-weir-radoslaw-madejski-212947u\"><img decoding=\"async\" loading=\"lazy\" class=\"wp-image-4612 size-medium\" src=\"https:\/\/i0.wp.com\/woblink.com\/blog\/wp-content\/uploads\/2021\/05\/6092112f11838.jpeg?resize=211%2C300&#038;ssl=1\" alt=\"nowo\u015bci: Projekt Hail Mary\" width=\"211\" height=\"300\" srcset=\"https:\/\/i0.wp.com\/woblink.com\/blog\/wp-content\/uploads\/2021\/05\/6092112f11838.jpeg?resize=211%2C300&amp;ssl=1 211w, https:\/\/i0.wp.com\/woblink.com\/blog\/wp-content\/uploads\/2021\/05\/6092112f11838.jpeg?w=570&amp;ssl=1 570w\" sizes=\"(max-width: 211px) 100vw, 211px\" data-recalc-dims=\"1\" \/><\/a><figcaption id=\"caption-attachment-4612\" class=\"wp-caption-text\"><center><strong>Kup <a href=\"https:\/\/woblink.com\/ebook\/projekt-hail-mary-andy-weir-radoslaw-madejski-212947u\">ebooka<\/a> na Woblink.com<\/strong><\/center><\/figcaption><\/figure>\n<h4><strong>Niepok\u00f3j przychodzi o zmierzchu \u2013 Marieke Lucas Rijneveld, t\u0142um. Jerzy Koch\u00a0<\/strong><br \/>\n<strong>Wydawnictwo Literackie<\/strong><\/h4>\n<p>\u201eNiepok\u00f3j przychodzi o zmierzchu\u201d to debiutancka ksi\u0105\u017cka Marieke Lucas Rijneveld, 30-letniej Holenderki, kt\u00f3ra w\u0142a\u015bnie za ten tytu\u0142 zosta\u0142a uhonorowana nagrod\u0105 The International Man Booker Prize 2020. To niezwykle emocjonalna opowie\u015b\u0107 o rodzinie, kt\u00f3ra musi zmierzy\u0107 si\u0119 z nieoczekiwan\u0105 tragedi\u0105. W wypadku ginie brat narratorki, ma\u0142ej dziewczynki. Dziesi\u0119ciolatka stopniowo pr\u00f3buje poradzi\u0107 sobie z jego \u015bmierci\u0105. Ksi\u0105\u017cka zosta\u0142a cz\u0119\u015bciowo zainspirowana \u017cyciem autorki. Kiedy Rijneveld mia\u0142a zaledwie trzy latka zmar\u0142 jej starszy brat.<\/p>\n<figure id=\"attachment_4611\" aria-describedby=\"caption-attachment-4611\" style=\"width: 208px\" class=\"wp-caption aligncenter\"><a href=\"https:\/\/woblink.com\/ebook\/niepok-oj-przychodzi-o-zmierzchu-marieke-lucas-rijneveld-210730u\"><img decoding=\"async\" loading=\"lazy\" class=\"wp-image-4611 size-medium\" src=\"https:\/\/i0.wp.com\/woblink.com\/blog\/wp-content\/uploads\/2021\/05\/60778462a7e60.jpeg?resize=208%2C300&#038;ssl=1\" alt=\"\" width=\"208\" height=\"300\" srcset=\"https:\/\/i0.wp.com\/woblink.com\/blog\/wp-content\/uploads\/2021\/05\/60778462a7e60.jpeg?resize=208%2C300&amp;ssl=1 208w, https:\/\/i0.wp.com\/woblink.com\/blog\/wp-content\/uploads\/2021\/05\/60778462a7e60.jpeg?w=570&amp;ssl=1 570w\" sizes=\"(max-width: 208px) 100vw, 208px\" data-recalc-dims=\"1\" \/><\/a><figcaption id=\"caption-attachment-4611\" class=\"wp-caption-text\"><center><strong>Kup <a href=\"https:\/\/woblink.com\/ebook\/niepok-oj-przychodzi-o-zmierzchu-marieke-lucas-rijneveld-210730u\">ebooka<\/a> na Woblink.com<\/strong><\/center><\/figcaption><\/figure>\n<h4><strong>Krew \u2013 Max Czornyj<\/strong><br \/>\n<strong>Wydawnictwo Filia<\/strong><\/h4>\n<p>\u201eKrew\u201d to najnowsza powie\u015b\u0107 Maxa Czornyja, w kt\u00f3rej powraca komisarz Dery\u0142o. Tym razem dochodzi do makabrycznego morderstwa kobiety. Na miejscu zbrodni zab\u00f3jca zostawia przera\u017caj\u0105c\u0105 wiadomo\u015b\u0107. Kto jest jej adresatem? Czy mog\u0105 by\u0107 nimi komisarze Dery\u0142o i Haler?<\/p>\n<figure id=\"attachment_4610\" aria-describedby=\"caption-attachment-4610\" style=\"width: 196px\" class=\"wp-caption aligncenter\"><a href=\"https:\/\/woblink.com\/ebook\/krew-max-czornyj-213683u\"><img decoding=\"async\" loading=\"lazy\" class=\"wp-image-4610 size-medium\" src=\"https:\/\/i0.wp.com\/woblink.com\/blog\/wp-content\/uploads\/2021\/05\/6091c42d697d8.jpeg?resize=196%2C300&#038;ssl=1\" alt=\"nowo\u015bci: Krew\" width=\"196\" height=\"300\" srcset=\"https:\/\/i0.wp.com\/woblink.com\/blog\/wp-content\/uploads\/2021\/05\/6091c42d697d8.jpeg?resize=196%2C300&amp;ssl=1 196w, https:\/\/i0.wp.com\/woblink.com\/blog\/wp-content\/uploads\/2021\/05\/6091c42d697d8.jpeg?w=558&amp;ssl=1 558w\" sizes=\"(max-width: 196px) 100vw, 196px\" data-recalc-dims=\"1\" \/><\/a><figcaption id=\"caption-attachment-4610\" class=\"wp-caption-text\"><center><strong>Kup <a href=\"https:\/\/woblink.com\/ebook\/krew-max-czornyj-213683u\">ebooka<\/a> na Woblink.com<\/strong><\/center><\/figcaption><\/figure>\n<h4><strong>Miasto g\u0142upc\u00f3w \u2013 Hanna Gre\u0144<\/strong><br \/>\n<strong>Wydawnictwo Czwarta Strona<\/strong><\/h4>\n<p>W swoim najnowszym kryminale Hanna Gre\u0144 opowiada o rodzinnej tragedii sprzeda lat i nierozwik\u0142anej zbrodni. Magdalena i Krzysztof Witeccy dowiaduj\u0105 si\u0119, \u017ce nied\u0142ugo zostan\u0105 rodzicami. Postanawiaj\u0105 wyprowadzi\u0107 si\u0119 na wie\u015b. Podczas remontu nowego domu dowiaduj\u0105 si\u0119 o tajemniczej kl\u0105twie, kt\u00f3ra ci\u0105\u017cy nad ogrodem na ty\u0142ach posesji. Pono\u0107 dosz\u0142o tam kiedy\u015b do morderstwa, a ofiara \u2013 zwana Bia\u0142\u0105 Matyld\u0105 \u2013 ma wci\u0105\u017c nawiedza\u0107 to miejsce i czyha\u0107 na ci\u0119\u017carne kobiety&#8230;<\/p>\n<figure id=\"attachment_4609\" aria-describedby=\"caption-attachment-4609\" style=\"width: 198px\" class=\"wp-caption aligncenter\"><a href=\"https:\/\/woblink.com\/ebook\/miasto-glupc-ow-hanna-gre-n-213671u\"><img decoding=\"async\" loading=\"lazy\" class=\"wp-image-4609 size-medium\" src=\"https:\/\/i0.wp.com\/woblink.com\/blog\/wp-content\/uploads\/2021\/05\/6091c4062b0f8.jpeg?resize=198%2C300&#038;ssl=1\" alt=\"\" width=\"198\" height=\"300\" srcset=\"https:\/\/i0.wp.com\/woblink.com\/blog\/wp-content\/uploads\/2021\/05\/6091c4062b0f8.jpeg?resize=198%2C300&amp;ssl=1 198w, https:\/\/i0.wp.com\/woblink.com\/blog\/wp-content\/uploads\/2021\/05\/6091c4062b0f8.jpeg?w=563&amp;ssl=1 563w\" sizes=\"(max-width: 198px) 100vw, 198px\" data-recalc-dims=\"1\" \/><\/a><figcaption id=\"caption-attachment-4609\" class=\"wp-caption-text\"><center><strong>Kup <a href=\"https:\/\/woblink.com\/ebook\/miasto-glupc-ow-hanna-gre-n-213671u\">ebooka<\/a> na Woblink.com<\/strong><\/center><\/figcaption><\/figure>\n<h4><strong>Kraw\u0119d\u017a \u2013 Lidia Yuknavitch, t\u0142um. Kaja Gucio\u00a0<\/strong><br \/>\n<strong>Wydawnictwo Czarne<\/strong><\/h4>\n<p>\u201eKraw\u0119d\u017a\u201d jest brutalnym, odwa\u017cnym i prowokuj\u0105cym zbiorem opowiada\u0144. Wszystkie histori\u0119 dziej\u0105 si\u0119 w \u015bwiecie skupionym na ciele, po\u017c\u0105daniu i b\u00f3lu. Anastazja trafia do domu kobiety hoduj\u0105cej dzieci na organy. Przemycona do USA nastolatka zostaje zmuszona do prostytucji. Pewna kobieta przeprowadza na siostrze sztuczn\u0105 inseminacj\u0119.<\/p>\n<figure id=\"attachment_4603\" aria-describedby=\"caption-attachment-4603\" style=\"width: 191px\" class=\"wp-caption aligncenter\"><a href=\"https:\/\/woblink.com\/ebook\/krawed-z-lidia-yuknavitch-212445u\"><img decoding=\"async\" loading=\"lazy\" class=\"wp-image-4603 size-medium\" src=\"https:\/\/i0.wp.com\/woblink.com\/blog\/wp-content\/uploads\/2021\/05\/607eff8f94e64.jpeg?resize=191%2C300&#038;ssl=1\" alt=\"\" width=\"191\" height=\"300\" srcset=\"https:\/\/i0.wp.com\/woblink.com\/blog\/wp-content\/uploads\/2021\/05\/607eff8f94e64.jpeg?resize=191%2C300&amp;ssl=1 191w, https:\/\/i0.wp.com\/woblink.com\/blog\/wp-content\/uploads\/2021\/05\/607eff8f94e64.jpeg?resize=420%2C660&amp;ssl=1 420w, https:\/\/i0.wp.com\/woblink.com\/blog\/wp-content\/uploads\/2021\/05\/607eff8f94e64.jpeg?w=545&amp;ssl=1 545w\" sizes=\"(max-width: 191px) 100vw, 191px\" data-recalc-dims=\"1\" \/><\/a><figcaption id=\"caption-attachment-4603\" class=\"wp-caption-text\"><center><strong>Kup <a href=\"https:\/\/woblink.com\/ebook\/krawed-z-lidia-yuknavitch-212445u\">ebooka<\/a> na Woblink.com<\/strong><\/center><\/figcaption><\/figure>\n<h4><strong>Malowane henn\u0105 \u2013 Alka Joshi, t\u0142um. Agnieszka Jacewicz\u00a0<\/strong><br \/>\n<strong>Wydawnictwo Rebis<\/strong><\/h4>\n<p>\u201eMalowane henn\u0105\u201d to tytu\u0142 polecany przez Reese Witherspoon, b\u0119d\u0105cy elektryzuj\u0105c\u0105 opowie\u015bci\u0105 o zmaganiach kobiety, kt\u00f3ra chce pod\u0105\u017ca\u0107 w\u0142asn\u0105 drog\u0105 w spo\u0142ecze\u0144stwie znajduj\u0105cym si\u0119 na granicy mi\u0119dzy tradycj\u0105, a nowoczesno\u015bci\u0105. Bohaterka ucieka od m\u0119\u017ca i zostaje wybitn\u0105 hennistk\u0105. Szybko staje si\u0119 rozchwytywan\u0105 artystk\u0105 i powierniczk\u0105 klientek z najwy\u017cszych klas. Poznaje ich sekrety, ale nikomu nie mo\u017ce zdradzi\u0107 w\u0142asnego. Plotki i zawi\u015b\u0107 mog\u0142yby zniszczy\u0107 jej marzenie o wolno\u015bci.<\/p>\n<figure id=\"attachment_4606\" aria-describedby=\"caption-attachment-4606\" style=\"width: 188px\" class=\"wp-caption aligncenter\"><a href=\"https:\/\/woblink.com\/ebook\/malowane-henna-joshi-alka-213141u\"><img decoding=\"async\" loading=\"lazy\" class=\"wp-image-4606 size-medium\" src=\"https:\/\/i0.wp.com\/woblink.com\/blog\/wp-content\/uploads\/2021\/05\/60883a07ce82b.jpeg?resize=188%2C300&#038;ssl=1\" alt=\"nowo\u015bci: Malowane henn\u0105\" width=\"188\" height=\"300\" srcset=\"https:\/\/i0.wp.com\/woblink.com\/blog\/wp-content\/uploads\/2021\/05\/60883a07ce82b.jpeg?resize=188%2C300&amp;ssl=1 188w, https:\/\/i0.wp.com\/woblink.com\/blog\/wp-content\/uploads\/2021\/05\/60883a07ce82b.jpeg?w=537&amp;ssl=1 537w\" sizes=\"(max-width: 188px) 100vw, 188px\" data-recalc-dims=\"1\" \/><\/a><figcaption id=\"caption-attachment-4606\" class=\"wp-caption-text\"><center><strong>Kup <a href=\"https:\/\/woblink.com\/ebook\/malowane-henna-joshi-alka-213141u\">ebooka<\/a> na Woblink.com<\/strong><\/center><\/figcaption><\/figure>\n<h4><strong>Nieobliczalni \u2013 Thomas Enger Jorn Lier Horst, t\u0142um. Milena Skoczko <\/strong><br \/>\n<strong>Wydawnictwo Smak S\u0142owa<\/strong><\/h4>\n<p>Autorzy popularnych serii kryminalnych, Thomas Enger i Jorn Lier Horst, ponownie \u0142\u0105cz\u0105 swoje si\u0142y w kolejnej ods\u0142onie cyklu ze \u015bledczym Alexandrem Blixem oraz dziennikark\u0105 Emm\u0105 Ramm w rolach g\u0142\u00f3wnych.\u00a0 W trzeciej cz\u0119\u015bci para bohater\u00f3w trafia do pokoju przes\u0142ucha\u0144 \u2013 ka\u017cde z nich sk\u0142ada wyja\u015bnienia w sprawie tego samego wydarzenia. Blix zabi\u0142 m\u0119\u017cczyzn\u0119, a jego c\u00f3rka walczy o \u017cycie.<\/p>\n<figure id=\"attachment_4604\" aria-describedby=\"caption-attachment-4604\" style=\"width: 200px\" class=\"wp-caption aligncenter\"><a href=\"https:\/\/woblink.com\/ebook\/nieobliczalni-thomas-enger-jorn-lier-horst-210091u\"><img decoding=\"async\" loading=\"lazy\" class=\"wp-image-4604 size-medium\" src=\"https:\/\/i0.wp.com\/woblink.com\/blog\/wp-content\/uploads\/2021\/05\/606a556d240c7.png?resize=200%2C300&#038;ssl=1\" alt=\"\" width=\"200\" height=\"300\" srcset=\"https:\/\/i0.wp.com\/woblink.com\/blog\/wp-content\/uploads\/2021\/05\/606a556d240c7.png?resize=200%2C300&amp;ssl=1 200w, https:\/\/i0.wp.com\/woblink.com\/blog\/wp-content\/uploads\/2021\/05\/606a556d240c7.png?w=570&amp;ssl=1 570w\" sizes=\"(max-width: 200px) 100vw, 200px\" data-recalc-dims=\"1\" \/><\/a><figcaption id=\"caption-attachment-4604\" class=\"wp-caption-text\"><center><strong>Kup <a href=\"https:\/\/woblink.com\/ebook\/nieobliczalni-thomas-enger-jorn-lier-horst-210091u\">ebooka<\/a> na Woblink.com<\/strong><\/center><\/figcaption><\/figure>\n<h3>WZNOWIENIA:<\/h3>\n<h4><strong>Jak \u017cy\u0107 d\u0142ugo. Dlaczego si\u0119 starzejemy i czy naprawd\u0119 musimy \u2013 David Sinclair, Matthew LaPlante, t\u0142um. Agnieszka My\u015bliwy<\/strong><br \/>\n<strong>Wydawnictwo Znak<\/strong><\/h4>\n<p>W maju ukaza\u0142y si\u0119 tak\u017ce warte uwagi wznowienia. Jednym z nich jest bestseller New York Timesa \u201eJak \u017cy\u0107 d\u0142ugo. Dlaczego si\u0119 starzejemy i naprawd\u0119 musimy\u201d Davida Sinclaira i Matthew LaPlante;a. Sinclaira to \u015bwiatowy autorytet w dziedzinie d\u0142ugowieczno\u015bci oraz genetyki, kt\u00f3ry twierdzi, \u017ce starzenie si\u0119 jest chorob\u0105 \u2013 i \u017ce mo\u017cna j\u0105 leczy\u0107. W swojej ksi\u0105\u017cce przedstawia badania u\u015bwiadamiaj\u0105ce, w jaki spos\u00f3b mo\u017cna spowolni\u0107, a nawet odwr\u00f3ci\u0107 ten proces.<\/p>\n<figure id=\"attachment_4607\" aria-describedby=\"caption-attachment-4607\" style=\"width: 210px\" class=\"wp-caption aligncenter\"><a href=\"https:\/\/woblink.com\/ebook\/jak-zy-c-dlugo-dlaczego-sie-starzejemy-i-czy-naprawde-musimy-agnieszka-my-sliwy-david-sinclair-matthew-laplante-212283u\"><img decoding=\"async\" loading=\"lazy\" class=\"wp-image-4607 size-medium\" src=\"https:\/\/i0.wp.com\/woblink.com\/blog\/wp-content\/uploads\/2021\/05\/608a882e62f50.jpeg?resize=210%2C300&#038;ssl=1\" alt=\"\" width=\"210\" height=\"300\" srcset=\"https:\/\/i0.wp.com\/woblink.com\/blog\/wp-content\/uploads\/2021\/05\/608a882e62f50.jpeg?resize=210%2C300&amp;ssl=1 210w, https:\/\/i0.wp.com\/woblink.com\/blog\/wp-content\/uploads\/2021\/05\/608a882e62f50.jpeg?w=570&amp;ssl=1 570w\" sizes=\"(max-width: 210px) 100vw, 210px\" data-recalc-dims=\"1\" \/><\/a><figcaption id=\"caption-attachment-4607\" class=\"wp-caption-text\"><center><strong>Kup <a href=\"https:\/\/woblink.com\/ebook\/jak-zy-c-dlugo-dlaczego-sie-starzejemy-i-czy-naprawde-musimy-agnieszka-my-sliwy-david-sinclair-matthew-laplante-212283u\">ebooka<\/a> na Woblink.com<\/strong><\/center><\/figcaption><\/figure>\n<h4><strong>Trzecia Rzesza na haju. Narkotyki w hitlerowskich Niemczech \u2013 Norman Ohler, t\u0142um. Bartosz Nowacki\u00a0<\/strong><br \/>\n<strong>Wydawnictwo Pozna\u0144skie<\/strong><\/h4>\n<p>Kolejnym interesuj\u0105cym wznowieniem jest ksi\u0105\u017cka Normana Ohlera \u201eTrzecia Rzesza na haju\u201d b\u0119d\u0105ca jedn\u0105 z najbardziej kontrowersyjnych ksi\u0105\u017cek o hitlerowskich Niemczech w ostatnim czasie. Autor dokonuje analizy narkotykowej rzeczywisto\u015bci Trzeciej Rzeszy. Pisze mi\u0119dzy innymi o berli\u0144skich zak\u0142adach chemicznych produkuj\u0105cych metamfetamin\u0119 na masow\u0105 skal\u0119, przes\u0142uchiwaniu wi\u0119\u017ani\u00f3w za pomoc\u0105 meskaliny czy sprzedawaniu heroiny jako leku przeciwb\u00f3lowego.<\/p>\n<figure id=\"attachment_4608\" aria-describedby=\"caption-attachment-4608\" style=\"width: 198px\" class=\"wp-caption aligncenter\"><a href=\"https:\/\/woblink.com\/ebook\/trzecia-rzesza-na-haju-norman-ohler-bartosz-nowacki-213673u\"><img decoding=\"async\" loading=\"lazy\" class=\"wp-image-4608 size-medium\" src=\"https:\/\/i0.wp.com\/woblink.com\/blog\/wp-content\/uploads\/2021\/05\/6091c42834740.jpeg?resize=198%2C300&#038;ssl=1\" alt=\"\" width=\"198\" height=\"300\" srcset=\"https:\/\/i0.wp.com\/woblink.com\/blog\/wp-content\/uploads\/2021\/05\/6091c42834740.jpeg?resize=198%2C300&amp;ssl=1 198w, https:\/\/i0.wp.com\/woblink.com\/blog\/wp-content\/uploads\/2021\/05\/6091c42834740.jpeg?w=563&amp;ssl=1 563w\" sizes=\"(max-width: 198px) 100vw, 198px\" data-recalc-dims=\"1\" \/><\/a><figcaption id=\"caption-attachment-4608\" class=\"wp-caption-text\"><center><strong>Kup <a href=\"https:\/\/woblink.com\/ebook\/trzecia-rzesza-na-haju-norman-ohler-bartosz-nowacki-213673u\">ebooka<\/a> na Woblink.com<\/strong><\/center><\/figcaption><\/figure>\n<p>Wszystkie powy\u017csze ksi\u0105\u017cki \u2013 i wiele innych \u2013 znajdziecie w <strong><a href=\"https:\/\/woblink.com\/katalog\/ebooki\/promocje?promocje=6127\">promocji<\/a><\/strong>, kt\u00f3ra b\u0119dzie trwa\u0142a do 11 maja 2021 roku.<\/p>\n<p><a href=\"https:\/\/woblink.com\/katalog\/ebooki\/promocje?promocje=6127\"><img decoding=\"async\" loading=\"lazy\" class=\"aligncenter wp-image-4615 size-full\" src=\"https:\/\/i0.wp.com\/woblink.com\/blog\/wp-content\/uploads\/2021\/05\/2591316-promowizard-banner.jpg?resize=763%2C400&#038;ssl=1\" alt=\"\" width=\"763\" height=\"400\" srcset=\"https:\/\/i0.wp.com\/woblink.com\/blog\/wp-content\/uploads\/2021\/05\/2591316-promowizard-banner.jpg?w=763&amp;ssl=1 763w, https:\/\/i0.wp.com\/woblink.com\/blog\/wp-content\/uploads\/2021\/05\/2591316-promowizard-banner.jpg?resize=300%2C157&amp;ssl=1 300w, https:\/\/i0.wp.com\/woblink.com\/blog\/wp-content\/uploads\/2021\/05\/2591316-promowizard-banner.jpg?resize=600%2C315&amp;ssl=1 600w\" sizes=\"(max-width: 763px) 100vw, 763px\" data-recalc-dims=\"1\" \/><\/a><\/p>\n","protected":false},"excerpt":{"rendered":"<p>Maj dopiero co si\u0119 rozpocz\u0105\u0142, a my ju\u017c nie mo\u017cemy narzeka\u0107 na brak wartych uwagi nowo\u015bci! W tym miesi\u0105cu ukaza\u0142y si\u0119 mi\u0119dzy innymi ostatnia ksi\u0105\u017cka Carlosa Ruiza Zaf\u00f3na oraz nowe powie\u015bci Katarzyny Bondy, Maxa Czornyja i Hanny Gre\u0144. Swoj\u0105 premier\u0119 mia\u0142o tak\u017ce t\u0142umaczenie powie\u015bci \u201eNiepok\u00f3j&#8230;<\/p>\n","protected":false},"author":7,"featured_media":4616,"comment_status":"closed","ping_status":"open","sticky":false,"template":"","format":"standard","meta":[],"categories":[96,90,82,89],"tags":[],"yoast_head":"<!-- This site is optimized with the Yoast SEO plugin v20.11 - https:\/\/yoast.com\/wordpress\/plugins\/seo\/ -->\n<title>Maj 2021 \u2013 najciekawsze ebookowe nowo\u015bci Woblinka - Woblink<\/title>\n<meta name=\"description\" content=\"W maju ukaza\u0142y si\u0119 ostatnia ksi\u0105\u017cka Carlosa Ruiza Zaf\u00f3na oraz nowe powie\u015bci Katarzyny Bondy i Hanny Gre\u0144. A to tylko cz\u0119\u015b\u0107 ebookowych nowo\u015bci Woblinka.\" \/>\n<meta name=\"robots\" content=\"index, follow, max-snippet:-1, max-image-preview:large, max-video-preview:-1\" \/>\n<link rel=\"canonical\" href=\"https:\/\/woblink.com\/blog\/maj-2021-najciekawsze-ebookowe-nowosci-woblinka\/\" \/>\n<meta property=\"og:locale\" content=\"pl_PL\" \/>\n<meta property=\"og:type\" content=\"article\" \/>\n<meta property=\"og:title\" content=\"Maj 2021 \u2013 najciekawsze ebookowe nowo\u015bci Woblinka - Woblink\" \/>\n<meta property=\"og:description\" content=\"W maju ukaza\u0142y si\u0119 ostatnia ksi\u0105\u017cka Carlosa Ruiza Zaf\u00f3na oraz nowe powie\u015bci Katarzyny Bondy i Hanny Gre\u0144. A to tylko cz\u0119\u015b\u0107 ebookowych nowo\u015bci Woblinka.\" \/>\n<meta property=\"og:url\" content=\"https:\/\/woblink.com\/blog\/maj-2021-najciekawsze-ebookowe-nowosci-woblinka\/\" \/>\n<meta property=\"og:site_name\" content=\"Woblink\" \/>\n<meta property=\"article:publisher\" content=\"https:\/\/facebook.com\/woblink\" \/>\n<meta property=\"article:published_time\" content=\"2021-05-05T12:43:49+00:00\" \/>\n<meta property=\"article:modified_time\" content=\"2021-05-05T12:54:42+00:00\" \/>\n<meta property=\"og:image\" content=\"https:\/\/i0.wp.com\/woblink.com\/blog\/wp-content\/uploads\/2021\/05\/artykul2.jpg?fit=1011%2C690&ssl=1\" \/>\n\t<meta property=\"og:image:width\" content=\"1011\" \/>\n\t<meta property=\"og:image:height\" content=\"690\" \/>\n\t<meta property=\"og:image:type\" content=\"image\/jpeg\" \/>\n<meta name=\"author\" content=\"Redakcja Woblinka\" \/>\n<meta name=\"twitter:card\" content=\"summary_large_image\" \/>\n<meta name=\"twitter:creator\" content=\"@woblink_com\" \/>\n<meta name=\"twitter:site\" content=\"@woblink_com\" \/>\n<meta name=\"twitter:label1\" content=\"Napisane przez\" \/>\n\t<meta name=\"twitter:data1\" content=\"Redakcja Woblinka\" \/>\n\t<meta name=\"twitter:label2\" content=\"Szacowany czas czytania\" \/>\n\t<meta name=\"twitter:data2\" content=\"5 minut\" \/>\n<script type=\"application\/ld+json\" class=\"yoast-schema-graph\">{\"@context\":\"https:\/\/schema.org\",\"@graph\":[{\"@type\":\"Article\",\"@id\":\"https:\/\/woblink.com\/blog\/maj-2021-najciekawsze-ebookowe-nowosci-woblinka\/#article\",\"isPartOf\":{\"@id\":\"https:\/\/woblink.com\/blog\/maj-2021-najciekawsze-ebookowe-nowosci-woblinka\/\"},\"author\":{\"name\":\"Redakcja Woblinka\",\"@id\":\"https:\/\/woblink.com\/blog\/#\/schema\/person\/8ab6b79d64fa54209272130c4c3b1e95\"},\"headline\":\"Maj 2021 \u2013 najciekawsze ebookowe nowo\u015bci Woblinka\",\"datePublished\":\"2021-05-05T12:43:49+00:00\",\"dateModified\":\"2021-05-05T12:54:42+00:00\",\"mainEntityOfPage\":{\"@id\":\"https:\/\/woblink.com\/blog\/maj-2021-najciekawsze-ebookowe-nowosci-woblinka\/\"},\"wordCount\":1072,\"publisher\":{\"@id\":\"https:\/\/woblink.com\/blog\/#organization\"},\"articleSection\":[\"Ebooki\",\"Nowo\u015bci na Woblinku\",\"Premiery ksi\u0105\u017cek\",\"Rynek wydawniczy\"],\"inLanguage\":\"pl-PL\"},{\"@type\":\"WebPage\",\"@id\":\"https:\/\/woblink.com\/blog\/maj-2021-najciekawsze-ebookowe-nowosci-woblinka\/\",\"url\":\"https:\/\/woblink.com\/blog\/maj-2021-najciekawsze-ebookowe-nowosci-woblinka\/\",\"name\":\"Maj 2021 \u2013 najciekawsze ebookowe nowo\u015bci Woblinka - Woblink\",\"isPartOf\":{\"@id\":\"https:\/\/woblink.com\/blog\/#website\"},\"datePublished\":\"2021-05-05T12:43:49+00:00\",\"dateModified\":\"2021-05-05T12:54:42+00:00\",\"description\":\"W maju ukaza\u0142y si\u0119 ostatnia ksi\u0105\u017cka Carlosa Ruiza Zaf\u00f3na oraz nowe powie\u015bci Katarzyny Bondy i Hanny Gre\u0144. A to tylko cz\u0119\u015b\u0107 ebookowych nowo\u015bci Woblinka.\",\"breadcrumb\":{\"@id\":\"https:\/\/woblink.com\/blog\/maj-2021-najciekawsze-ebookowe-nowosci-woblinka\/#breadcrumb\"},\"inLanguage\":\"pl-PL\",\"potentialAction\":[{\"@type\":\"ReadAction\",\"target\":[\"https:\/\/woblink.com\/blog\/maj-2021-najciekawsze-ebookowe-nowosci-woblinka\/\"]}]},{\"@type\":\"BreadcrumbList\",\"@id\":\"https:\/\/woblink.com\/blog\/maj-2021-najciekawsze-ebookowe-nowosci-woblinka\/#breadcrumb\",\"itemListElement\":[{\"@type\":\"ListItem\",\"position\":1,\"name\":\"Strona g\u0142\u00f3wna\",\"item\":\"https:\/\/woblink.com\/blog\/\"},{\"@type\":\"ListItem\",\"position\":2,\"name\":\"Maj 2021 \u2013 najciekawsze ebookowe nowo\u015bci Woblinka\"}]},{\"@type\":\"WebSite\",\"@id\":\"https:\/\/woblink.com\/blog\/#website\",\"url\":\"https:\/\/woblink.com\/blog\/\",\"name\":\"Woblink\",\"description\":\"najlepszy firmowy blog o ksi\u0105\u017ckach\",\"publisher\":{\"@id\":\"https:\/\/woblink.com\/blog\/#organization\"},\"potentialAction\":[{\"@type\":\"SearchAction\",\"target\":{\"@type\":\"EntryPoint\",\"urlTemplate\":\"https:\/\/woblink.com\/blog\/?s={search_term_string}\"},\"query-input\":\"required name=search_term_string\"}],\"inLanguage\":\"pl-PL\"},{\"@type\":\"Organization\",\"@id\":\"https:\/\/woblink.com\/blog\/#organization\",\"name\":\"Woblink\",\"url\":\"https:\/\/woblink.com\/blog\/\",\"logo\":{\"@type\":\"ImageObject\",\"inLanguage\":\"pl-PL\",\"@id\":\"https:\/\/woblink.com\/blog\/#\/schema\/logo\/image\/\",\"url\":\"https:\/\/i0.wp.com\/woblink.com\/blog\/wp-content\/uploads\/2019\/04\/nw_logoB.png?fit=185%2C42&ssl=1\",\"contentUrl\":\"https:\/\/i0.wp.com\/woblink.com\/blog\/wp-content\/uploads\/2019\/04\/nw_logoB.png?fit=185%2C42&ssl=1\",\"width\":185,\"height\":42,\"caption\":\"Woblink\"},\"image\":{\"@id\":\"https:\/\/woblink.com\/blog\/#\/schema\/logo\/image\/\"},\"sameAs\":[\"https:\/\/facebook.com\/woblink\",\"https:\/\/twitter.com\/woblink_com\",\"https:\/\/www.instagram.com\/woblink_com\",\"https:\/\/www.linkedin.com\/company\/woblink\/\"]},{\"@type\":\"Person\",\"@id\":\"https:\/\/woblink.com\/blog\/#\/schema\/person\/8ab6b79d64fa54209272130c4c3b1e95\",\"name\":\"Redakcja Woblinka\",\"image\":{\"@type\":\"ImageObject\",\"inLanguage\":\"pl-PL\",\"@id\":\"https:\/\/woblink.com\/blog\/#\/schema\/person\/image\/\",\"url\":\"https:\/\/secure.gravatar.com\/avatar\/f23ae80a7c9da060bee5f8310913478b?s=96&d=mm&r=g\",\"contentUrl\":\"https:\/\/secure.gravatar.com\/avatar\/f23ae80a7c9da060bee5f8310913478b?s=96&d=mm&r=g\",\"caption\":\"Redakcja Woblinka\"},\"url\":\"https:\/\/woblink.com\/blog\/author\/krasny\/\"}]}<\/script>\n<!-- \/ Yoast SEO plugin. -->","yoast_head_json":{"title":"Maj 2021 \u2013 najciekawsze ebookowe nowo\u015bci Woblinka - Woblink","description":"W maju ukaza\u0142y si\u0119 ostatnia ksi\u0105\u017cka Carlosa Ruiza Zaf\u00f3na oraz nowe powie\u015bci Katarzyny Bondy i Hanny Gre\u0144. A to tylko cz\u0119\u015b\u0107 ebookowych nowo\u015bci Woblinka.","robots":{"index":"index","follow":"follow","max-snippet":"max-snippet:-1","max-image-preview":"max-image-preview:large","max-video-preview":"max-video-preview:-1"},"canonical":"https:\/\/woblink.com\/blog\/maj-2021-najciekawsze-ebookowe-nowosci-woblinka\/","og_locale":"pl_PL","og_type":"article","og_title":"Maj 2021 \u2013 najciekawsze ebookowe nowo\u015bci Woblinka - Woblink","og_description":"W maju ukaza\u0142y si\u0119 ostatnia ksi\u0105\u017cka Carlosa Ruiza Zaf\u00f3na oraz nowe powie\u015bci Katarzyny Bondy i Hanny Gre\u0144. A to tylko cz\u0119\u015b\u0107 ebookowych nowo\u015bci Woblinka.","og_url":"https:\/\/woblink.com\/blog\/maj-2021-najciekawsze-ebookowe-nowosci-woblinka\/","og_site_name":"Woblink","article_publisher":"https:\/\/facebook.com\/woblink","article_published_time":"2021-05-05T12:43:49+00:00","article_modified_time":"2021-05-05T12:54:42+00:00","og_image":[{"width":1011,"height":690,"url":"https:\/\/i0.wp.com\/woblink.com\/blog\/wp-content\/uploads\/2021\/05\/artykul2.jpg?fit=1011%2C690&ssl=1","type":"image\/jpeg"}],"author":"Redakcja Woblinka","twitter_card":"summary_large_image","twitter_creator":"@woblink_com","twitter_site":"@woblink_com","twitter_misc":{"Napisane przez":"Redakcja Woblinka","Szacowany czas czytania":"5 minut"},"schema":{"@context":"https:\/\/schema.org","@graph":[{"@type":"Article","@id":"https:\/\/woblink.com\/blog\/maj-2021-najciekawsze-ebookowe-nowosci-woblinka\/#article","isPartOf":{"@id":"https:\/\/woblink.com\/blog\/maj-2021-najciekawsze-ebookowe-nowosci-woblinka\/"},"author":{"name":"Redakcja Woblinka","@id":"https:\/\/woblink.com\/blog\/#\/schema\/person\/8ab6b79d64fa54209272130c4c3b1e95"},"headline":"Maj 2021 \u2013 najciekawsze ebookowe nowo\u015bci Woblinka","datePublished":"2021-05-05T12:43:49+00:00","dateModified":"2021-05-05T12:54:42+00:00","mainEntityOfPage":{"@id":"https:\/\/woblink.com\/blog\/maj-2021-najciekawsze-ebookowe-nowosci-woblinka\/"},"wordCount":1072,"publisher":{"@id":"https:\/\/woblink.com\/blog\/#organization"},"articleSection":["Ebooki","Nowo\u015bci na Woblinku","Premiery ksi\u0105\u017cek","Rynek wydawniczy"],"inLanguage":"pl-PL"},{"@type":"WebPage","@id":"https:\/\/woblink.com\/blog\/maj-2021-najciekawsze-ebookowe-nowosci-woblinka\/","url":"https:\/\/woblink.com\/blog\/maj-2021-najciekawsze-ebookowe-nowosci-woblinka\/","name":"Maj 2021 \u2013 najciekawsze ebookowe nowo\u015bci Woblinka - Woblink","isPartOf":{"@id":"https:\/\/woblink.com\/blog\/#website"},"datePublished":"2021-05-05T12:43:49+00:00","dateModified":"2021-05-05T12:54:42+00:00","description":"W maju ukaza\u0142y si\u0119 ostatnia ksi\u0105\u017cka Carlosa Ruiza Zaf\u00f3na oraz nowe powie\u015bci Katarzyny Bondy i Hanny Gre\u0144. A to tylko cz\u0119\u015b\u0107 ebookowych nowo\u015bci Woblinka.","breadcrumb":{"@id":"https:\/\/woblink.com\/blog\/maj-2021-najciekawsze-ebookowe-nowosci-woblinka\/#breadcrumb"},"inLanguage":"pl-PL","potentialAction":[{"@type":"ReadAction","target":["https:\/\/woblink.com\/blog\/maj-2021-najciekawsze-ebookowe-nowosci-woblinka\/"]}]},{"@type":"BreadcrumbList","@id":"https:\/\/woblink.com\/blog\/maj-2021-najciekawsze-ebookowe-nowosci-woblinka\/#breadcrumb","itemListElement":[{"@type":"ListItem","position":1,"name":"Strona g\u0142\u00f3wna","item":"https:\/\/woblink.com\/blog\/"},{"@type":"ListItem","position":2,"name":"Maj 2021 \u2013 najciekawsze ebookowe nowo\u015bci Woblinka"}]},{"@type":"WebSite","@id":"https:\/\/woblink.com\/blog\/#website","url":"https:\/\/woblink.com\/blog\/","name":"Woblink","description":"najlepszy firmowy blog o ksi\u0105\u017ckach","publisher":{"@id":"https:\/\/woblink.com\/blog\/#organization"},"potentialAction":[{"@type":"SearchAction","target":{"@type":"EntryPoint","urlTemplate":"https:\/\/woblink.com\/blog\/?s={search_term_string}"},"query-input":"required name=search_term_string"}],"inLanguage":"pl-PL"},{"@type":"Organization","@id":"https:\/\/woblink.com\/blog\/#organization","name":"Woblink","url":"https:\/\/woblink.com\/blog\/","logo":{"@type":"ImageObject","inLanguage":"pl-PL","@id":"https:\/\/woblink.com\/blog\/#\/schema\/logo\/image\/","url":"https:\/\/i0.wp.com\/woblink.com\/blog\/wp-content\/uploads\/2019\/04\/nw_logoB.png?fit=185%2C42&ssl=1","contentUrl":"https:\/\/i0.wp.com\/woblink.com\/blog\/wp-content\/uploads\/2019\/04\/nw_logoB.png?fit=185%2C42&ssl=1","width":185,"height":42,"caption":"Woblink"},"image":{"@id":"https:\/\/woblink.com\/blog\/#\/schema\/logo\/image\/"},"sameAs":["https:\/\/facebook.com\/woblink","https:\/\/twitter.com\/woblink_com","https:\/\/www.instagram.com\/woblink_com","https:\/\/www.linkedin.com\/company\/woblink\/"]},{"@type":"Person","@id":"https:\/\/woblink.com\/blog\/#\/schema\/person\/8ab6b79d64fa54209272130c4c3b1e95","name":"Redakcja Woblinka","image":{"@type":"ImageObject","inLanguage":"pl-PL","@id":"https:\/\/woblink.com\/blog\/#\/schema\/person\/image\/","url":"https:\/\/secure.gravatar.com\/avatar\/f23ae80a7c9da060bee5f8310913478b?s=96&d=mm&r=g","contentUrl":"https:\/\/secure.gravatar.com\/avatar\/f23ae80a7c9da060bee5f8310913478b?s=96&d=mm&r=g","caption":"Redakcja Woblinka"},"url":"https:\/\/woblink.com\/blog\/author\/krasny\/"}]}},"jetpack_featured_media_url":"https:\/\/i0.wp.com\/woblink.com\/blog\/wp-content\/uploads\/2021\/05\/artykul2.jpg?fit=1011%2C690&ssl=1","_links":{"self":[{"href":"https:\/\/woblink.com\/blog\/wp-json\/wp\/v2\/posts\/4593"}],"collection":[{"href":"https:\/\/woblink.com\/blog\/wp-json\/wp\/v2\/posts"}],"about":[{"href":"https:\/\/woblink.com\/blog\/wp-json\/wp\/v2\/types\/post"}],"author":[{"embeddable":true,"href":"https:\/\/woblink.com\/blog\/wp-json\/wp\/v2\/users\/7"}],"replies":[{"embeddable":true,"href":"https:\/\/woblink.com\/blog\/wp-json\/wp\/v2\/comments?post=4593"}],"version-history":[{"count":5,"href":"https:\/\/woblink.com\/blog\/wp-json\/wp\/v2\/posts\/4593\/revisions"}],"predecessor-version":[{"id":4619,"href":"https:\/\/woblink.com\/blog\/wp-json\/wp\/v2\/posts\/4593\/revisions\/4619"}],"wp:featuredmedia":[{"embeddable":true,"href":"https:\/\/woblink.com\/blog\/wp-json\/wp\/v2\/media\/4616"}],"wp:attachment":[{"href":"https:\/\/woblink.com\/blog\/wp-json\/wp\/v2\/media?parent=4593"}],"wp:term":[{"taxonomy":"category","embeddable":true,"href":"https:\/\/woblink.com\/blog\/wp-json\/wp\/v2\/categories?post=4593"},{"taxonomy":"post_tag","embeddable":true,"href":"https:\/\/woblink.com\/blog\/wp-json\/wp\/v2\/tags?post=4593"}],"curies":[{"name":"wp","href":"https:\/\/api.w.org\/{rel}","templated":true}]}}