{"id":4622,"date":"2021-05-06T15:51:45","date_gmt":"2021-05-06T13:51:45","guid":{"rendered":"https:\/\/woblink.com\/blog\/?p=4622"},"modified":"2021-05-06T15:53:10","modified_gmt":"2021-05-06T13:53:10","slug":"dzien-z-wydawnictwem-czarne-wszystkie-ebooki-do-45","status":"publish","type":"post","link":"https:\/\/woblink.com\/blog\/dzien-z-wydawnictwem-czarne-wszystkie-ebooki-do-45\/","title":{"rendered":"Dzie\u0144 z Wydawnictwem Czarne \u2013 wszystkie ebooki do -45%!"},"content":{"rendered":"<p><strong>Tylko dzi\u015b, 6 maja 2021 roku mamy dla was wyj\u0105tkow\u0105 promocj\u0119. Ca\u0142a oferta ebook\u00f3w Wydawnictwa Czarne zosta\u0142a przeceniona nawet do -45%! Zobaczcie koniecznie, jakie tytu\u0142y warto kupi\u0107. Polecamy wam zar\u00f3wno \u015bwie\u017ce nowo\u015bci wydawnicze, jak i ksi\u0105\u017cki z poprzednich lat, kt\u00f3re koniecznie musicie nadrobi\u0107.<\/strong><\/p>\n<p><!--more--><\/p>\n<h3><a href=\"https:\/\/woblink.com\/katalog\/ebooki\/promocje?promocje=6122\"><img decoding=\"async\" loading=\"lazy\" class=\"aligncenter wp-image-4625 size-medium\" src=\"https:\/\/i0.wp.com\/woblink.com\/blog\/wp-content\/uploads\/2021\/05\/artyku\u0142_czarne.jpeg?resize=300%2C205&#038;ssl=1\" alt=\"promocja wydawnictwa czarne -45%\" width=\"300\" height=\"205\" srcset=\"https:\/\/i0.wp.com\/woblink.com\/blog\/wp-content\/uploads\/2021\/05\/artyku\u0142_czarne.jpeg?resize=300%2C205&amp;ssl=1 300w, https:\/\/i0.wp.com\/woblink.com\/blog\/wp-content\/uploads\/2021\/05\/artyku\u0142_czarne.jpeg?resize=768%2C524&amp;ssl=1 768w, https:\/\/i0.wp.com\/woblink.com\/blog\/wp-content\/uploads\/2021\/05\/artyku\u0142_czarne.jpeg?resize=600%2C409&amp;ssl=1 600w, https:\/\/i0.wp.com\/woblink.com\/blog\/wp-content\/uploads\/2021\/05\/artyku\u0142_czarne.jpeg?w=1011&amp;ssl=1 1011w\" sizes=\"(max-width: 300px) 100vw, 300px\" data-recalc-dims=\"1\" \/><\/a><\/h3>\n<h3><strong>Nowo\u015bci<\/strong><\/h3>\n<p>W wyj\u0105tkowej promocji z Wydawnictwem Czarne warto zwr\u00f3ci\u0107 uwag\u0119 na najnowsze publikacje. W promocji znalaz\u0142y si\u0119 m.in. najnowsze powie\u015bci Andrzeja Stasiuka pt. \u201e<strong><a href=\"https:\/\/woblink.com\/ebook\/przew-oz-andrzej-stasiuk-210176u\">Przew\u00f3z<\/a><\/strong>\u201d oraz \u201e<strong><a href=\"https:\/\/woblink.com\/ebook\/lyski-licza-do-trzech-olga-hund-209172u\">\u0141yski licz do trzech<\/a><\/strong>\u201d \u2013 drug\u0105 powie\u015b\u0107 Olgi Hund, laureatki Nagrody Literackiej im. Witolda Gombrowicza i Nagrody im. Josepha Conrada.\u00a0W swojej najnowszej powie\u015bci Andrzej Stasiuk zabiera czytelnik\u00f3w do czas\u00f3w II wojny \u015bwiatowej. Akcja powie\u015bci rozgrywa wok\u00f3\u0142 rzeki, kt\u00f3ra dzieli strefy okupacyjne polski na hitlerowsk\u0105 i stalinowsk\u0105. W\u015br\u00f3d bohater\u00f3w ksi\u0105\u017cki, obok przewo\u017anika, kt\u00f3ry za pieni\u0105dze, pod os\u0142on\u0105 nocy przerzuca ludzi mi\u0119dzy brzegami rzeki, s\u0105 ukrywaj\u0105cy si\u0119 w lesie partyzanci, \u017bydzi, ch\u0142opi i uciekinierzy, kt\u00f3rzy marz\u0105 o przedostaniu si\u0119 do Birobid\u017canu.<\/p>\n<p>W\u015br\u00f3d reporta\u017cy warto zwr\u00f3ci\u0107 uwag\u0119 na wyj\u0105tkow\u0105 ksi\u0105\u017ck\u0119 w dorobku <strong><a href=\"https:\/\/woblink.com\/autor\/haruki-murakami-3659\">Harukiego Murakamiego<\/a><\/strong>, czyli \u201e<strong><a href=\"https:\/\/woblink.com\/ebook\/podziemie-haruki-murakami-208079u\">Podziemie<\/a><\/strong>\u201d o zamachu terrorystycznym w tokijskim metrze, kt\u00f3rego 20 marca 1995 roku dokona\u0142a sekta \u014cmu. W\u00f3wczas w tokijskim metrze grupa jej cz\u0142onk\u00f3w rozpyli\u0142a truj\u0105cy sarin, w wyniku czego zmar\u0142o kilka os\u00f3b, a u kilkuset stwierdzono trwa\u0142y uszczerbek na zdrowiu.<\/p>\n<p>W promocji znajdziecie r\u00f3wnie\u017c reporta\u017c \u201e<strong><a href=\"https:\/\/woblink.com\/ebook\/czerwony-snieg-na-etnie-pawel-smole-nski-jaroslaw-mikolajewski-208086u\">Czerwony \u015bnieg na Etnie<\/a><\/strong>\u201d \u2013 czyli efekt wsp\u00f3\u0142pracy dw\u00f3ch reporta\u017cyst\u00f3w \u2013 Paw\u0142a Smole\u0144skiego i Jaros\u0142awa Miko\u0142ajewskiego, prezentuj\u0105cych zupe\u0142nie inne podej\u015bcie do pisania. Dzi\u0119ki temu powsta\u0142 unikalny obraz Sycylii, autorzy kre\u015bl\u0105c barwny portret wyspiarskiej rzeczywisto\u015bci, \u0142\u0105cz\u0105 reportersk\u0105 wnikliwo\u015b\u0107 z poetyck\u0105 czu\u0142o\u015bci\u0105.<\/p>\n<p>Mi\u0142o\u015bnikom latania i samolot\u00f3w polecamy za\u015b reporta\u017c Jana Pelczara pt. \u201e<strong><a href=\"https:\/\/woblink.com\/ebook\/lece-jan-pelczar-211593u\">Lec\u0119<\/a><\/strong>\u201d, czyli efekt setek rozm\u00f3w z pilotami i cz\u0142onkami za\u0142ogi lotniczej, dyspozytorami i administratorami lot\u00f3w, kt\u00f3rzy dziel\u0105 si\u0119 swoj\u0105 wiedz\u0105, do\u015bwiadczeniami i obawami zwi\u0105zanymi z lataniem rejsowymi samolotami.<\/p>\n<p>Spragnionym polityki proponujemy reporta\u017c Dawida Krawczyka pt. \u201e<strong><a href=\"https:\/\/woblink.com\/ebook\/cyrk-polski-krawczyk-dawid-205085u\">Cyrk polski<\/a><\/strong>\u201d. Autor ksi\u0105\u017cki sp\u0119dzi\u0142 kilka miesi\u0119cy dzie\u0144 w dzie\u0144 pod\u0105\u017caj\u0105c za sztabami najwi\u0119kszych polskich partii w trakcie kilku kampanii wyborczych. W tym czasie by\u0142 \u015bwiadkiem wielu spotka\u0144, koncert\u00f3w, happening\u00f3w, odpust\u00f3w, kt\u00f3re towarzyszy\u0142y politycznej agitacji. Krawczyk skupi\u0142 si\u0119 na tym, by opisa\u0107 to co dzia\u0142o si\u0119 wok\u00f3\u0142 wiec\u00f3w wyborczych, jednocze\u015bnie staraj\u0105c si\u0119 odzwierciedli\u0107 nastroje ludzi, kt\u00f3rzy w nich uczestniczyli.<\/p>\n<p><a href=\"https:\/\/woblink.com\/katalog\/ebooki\/promocje?promocje=6122\"><img decoding=\"async\" loading=\"lazy\" class=\"aligncenter wp-image-4624 size-large\" src=\"https:\/\/i0.wp.com\/woblink.com\/blog\/wp-content\/uploads\/2021\/05\/czarne_woblink_dzien-1.png?resize=1024%2C341&#038;ssl=1\" alt=\"promocja wydawnictwa czarne\" width=\"1024\" height=\"341\" srcset=\"https:\/\/i0.wp.com\/woblink.com\/blog\/wp-content\/uploads\/2021\/05\/czarne_woblink_dzien-1.png?resize=1024%2C341&amp;ssl=1 1024w, https:\/\/i0.wp.com\/woblink.com\/blog\/wp-content\/uploads\/2021\/05\/czarne_woblink_dzien-1.png?resize=300%2C100&amp;ssl=1 300w, https:\/\/i0.wp.com\/woblink.com\/blog\/wp-content\/uploads\/2021\/05\/czarne_woblink_dzien-1.png?resize=768%2C256&amp;ssl=1 768w, https:\/\/i0.wp.com\/woblink.com\/blog\/wp-content\/uploads\/2021\/05\/czarne_woblink_dzien-1.png?resize=600%2C200&amp;ssl=1 600w, https:\/\/i0.wp.com\/woblink.com\/blog\/wp-content\/uploads\/2021\/05\/czarne_woblink_dzien-1.png?w=1500&amp;ssl=1 1500w\" sizes=\"(max-width: 1000px) 100vw, 1000px\" data-recalc-dims=\"1\" \/><\/a><\/p>\n<h3><strong>Gor\u0105ce tytu\u0142y<\/strong><\/h3>\n<p>Bez dw\u00f3ch zda\u0144 jednym z najwa\u017cniejszych tytu\u0142\u00f3w w tej promocji jest \u201eNomadland\u201d, czyli jeden z najg\u0142o\u015bniejszych reporta\u017cy ostatnich lat. Dlaczego warto si\u0119gn\u0105\u0107 po t\u0119 ksi\u0105\u017ck\u0119? Odpowied\u017a znajdziecie w naszym artykule poni\u017cej. Przypominamy, \u017ce <strong><a href=\"https:\/\/www.filmweb.pl\/film\/Nomadland-2020-837168\">film<\/a><\/strong>, kt\u00f3ry powsta\u0142 na podstawie ksi\u0105\u017cki otrzyma\u0142 w tym roku a\u017c trzy Oscary \u2013 w kategoriach najlepszy film, najlepsza rola \u017ce\u0144ska oraz najlepsza re\u017cyseria.<\/p>\n<blockquote class=\"wp-embedded-content\" data-secret=\"RTciiplk32\"><p><a href=\"https:\/\/woblink.com\/blog\/dlaczego-warto-przeczytac-nomadland-przed-obejrzeniem-filmu\/\">Dlaczego warto przeczyta\u0107 \u201eNomadland\u201d przed obejrzeniem filmu?<\/a><\/p><\/blockquote>\n<p><iframe class=\"wp-embedded-content\" sandbox=\"allow-scripts\" security=\"restricted\" style=\"position: absolute; clip: rect(1px, 1px, 1px, 1px);\" title=\"&#8222;Dlaczego warto przeczyta\u0107 \u201eNomadland\u201d przed obejrzeniem filmu?&#8221; &#8212; Woblink\" src=\"https:\/\/woblink.com\/blog\/dlaczego-warto-przeczytac-nomadland-przed-obejrzeniem-filmu\/embed\/#?secret=RTciiplk32\" data-secret=\"RTciiplk32\" width=\"500\" height=\"282\" frameborder=\"0\" marginwidth=\"0\" marginheight=\"0\" scrolling=\"no\"><\/iframe><\/p>\n<p>Szczeg\u00f3lnie polecamy ubieg\u0142oroczne reporta\u017ce, kt\u00f3re spotka\u0142y si\u0119 z dobrym przyj\u0119ciem czytelnik\u00f3w i krytyk\u00f3w. Najlepsze reporta\u017ce 2020 roku, wyr\u00f3\u017cnione przez u\u017cytkownik\u00f3w grupy \u201eCzytamy reporta\u017ce\u201d, znajdziecie w naszym artykule poni\u017cej. W pierwszej kolejno\u015bci warto wspomnie\u0107 o znakomitym reporta\u017cu Zbigniewa Rokity pt. \u201e<strong><a href=\"https:\/\/woblink.com\/ebook\/kaj-s-zbigniew-rokita-193178u\">Kaj\u015b<\/a><\/strong>\u201d, czyli wyj\u0105tkowej opowie\u015bci o G\u00f3rnym \u015al\u0105sku. Niezwykle ciekawie o Mo\u0142dawii, kraju rozerwanym mi\u0119dzy Rumuni\u0119 a Ukrain\u0119 (a tak naprawd\u0119 Rosj\u0119) napisa\u0142 w swojej ksi\u0105\u017cce Kamil Ca\u0142us. Jego \u201e<strong><a href=\"https:\/\/woblink.com\/ksiazka\/moldawia-pa-nstwo-niekonieczne-kamil-calus-178827\">Mo\u0142dawia. Pa\u0144stwo niekonieczne<\/a><\/strong>\u201d to znakomity reporta\u017c o mechanizmach w\u0142adzy, propagandzie i niefortunno\u015bci znalezienia si\u0119 w newralgicznym miejscu na mapie \u015bwiata. Trzecia z wyr\u00f3\u017cnionych ksi\u0105\u017cek to reporta\u017c <strong><a href=\"https:\/\/woblink.com\/ebook\/san-francisco-dzialoszy-nska-kossow-magda-189326u\">Magdy Dzia\u0142oszy\u0144skiej-Kossow<\/a><\/strong> o mie\u015bcie b\u0119d\u0105cym symbolem wolno\u015bci i kontrkultury, czyli zbudowanym w po\u0142owie XIX wieku dzi\u0119ki gor\u0105czce z\u0142ota <strong><a href=\"https:\/\/woblink.com\/ebook\/san-francisco-dzialoszy-nska-kossow-magda-189326u\">San Francisco<\/a><\/strong>.<\/p>\n<blockquote class=\"wp-embedded-content\" data-secret=\"tBwbveVZ9m\"><p><a href=\"https:\/\/woblink.com\/blog\/najlepsze-polskie-reportaze-2020-roku-wg-czytamy-reportaze\/\">Najlepsze polskie reporta\u017ce 2020 roku wg Czytamy reporta\u017ce<\/a><\/p><\/blockquote>\n<p><iframe class=\"wp-embedded-content\" sandbox=\"allow-scripts\" security=\"restricted\" style=\"position: absolute; clip: rect(1px, 1px, 1px, 1px);\" title=\"&#8222;Najlepsze polskie reporta\u017ce 2020 roku wg Czytamy reporta\u017ce&#8221; &#8212; Woblink\" src=\"https:\/\/woblink.com\/blog\/najlepsze-polskie-reportaze-2020-roku-wg-czytamy-reportaze\/embed\/#?secret=tBwbveVZ9m\" data-secret=\"tBwbveVZ9m\" width=\"500\" height=\"282\" frameborder=\"0\" marginwidth=\"0\" marginheight=\"0\" scrolling=\"no\"><\/iframe><\/p>\n<p>W ubieg\u0142ym roku Nagrod\u0119 Wielkiego Kalibru, najwa\u017cniejsz\u0105 nagrod\u0119 przyznawan\u0105 autorom krymina\u0142\u00f3w w Polsce, otrzyma\u0142 J\u0119drzej Pasierski, autor cyklu kryminalnego z Nin\u0105 Warwi\u0142ow w roli g\u0142\u00f3wnej. Jego ksi\u0105\u017cki r\u00f3wnie\u017c znalaz\u0142y si\u0119 w tej wyj\u0105tkowej promocji, dlatego szczerze polecemy zar\u00f3wno drugi tom cyklu, za kt\u00f3ry otrzyma\u0142 wyr\u00f3\u017cnienie, czyli \u201e<strong><a href=\"https:\/\/woblink.com\/ebook\/roztopy-jedrzej-pasierski-139870u\">Roztopy<\/a><\/strong>\u201d, jak i pozosta\u0142e cz\u0119\u015bci \u2013 \u201e<strong><a href=\"https:\/\/woblink.com\/ebook\/dom-bez-klamek-jedrzej-pasierski-124614u\">Dom bez klamek<\/a><\/strong>\u201d, \u201e<strong><a href=\"https:\/\/woblink.com\/ebook\/czerwony-swit-jedrzej-pasierski-177478u\">Czerwony \u015bwit<\/a><\/strong>\u201d i \u201e<strong><a href=\"https:\/\/woblink.com\/ebook\/klamczuch-jedrzej-pasierski-203594u\">K\u0142amczuch<\/a><\/strong>\u201d.<\/p>\n<p>Wi\u0119cej ksi\u0105\u017cek z promocji znajdziecie <strong><a href=\"https:\/\/woblink.com\/katalog\/ebooki\/promocje?promocje=6122\">tutaj<\/a><\/strong>.<\/p>\n<p>&nbsp;<\/p>\n<p>&nbsp;<\/p>\n","protected":false},"excerpt":{"rendered":"<p>Tylko dzi\u015b, 6 maja 2021 roku mamy dla was wyj\u0105tkow\u0105 promocj\u0119. Ca\u0142a oferta ebook\u00f3w Wydawnictwa Czarne zosta\u0142a przeceniona nawet do -45%! Zobaczcie koniecznie, jakie tytu\u0142y warto kupi\u0107. Polecamy wam zar\u00f3wno \u015bwie\u017ce nowo\u015bci wydawnicze, jak i ksi\u0105\u017cki z poprzednich lat, kt\u00f3re koniecznie musicie nadrobi\u0107. Nowo\u015bci W&#8230;<\/p>\n","protected":false},"author":7,"featured_media":4625,"comment_status":"closed","ping_status":"open","sticky":false,"template":"","format":"standard","meta":[],"categories":[87,96],"tags":[],"yoast_head":"<!-- This site is optimized with the Yoast SEO plugin v20.11 - https:\/\/yoast.com\/wordpress\/plugins\/seo\/ -->\n<title>Dzie\u0144 z Wydawnictwem Czarne \u2013 wszystkie ebooki do -45%! - Woblink<\/title>\n<meta name=\"description\" content=\"Tylko dzi\u015b, 6 maja 2021 roku mamy dla was wyj\u0105tkow\u0105 promocj\u0119. Ca\u0142a oferta ebook\u00f3w Wydawnictwa Czarne zosta\u0142a przeceniona nawet do -45%!\" \/>\n<meta name=\"robots\" content=\"index, follow, max-snippet:-1, max-image-preview:large, max-video-preview:-1\" \/>\n<link rel=\"canonical\" href=\"https:\/\/woblink.com\/blog\/dzien-z-wydawnictwem-czarne-wszystkie-ebooki-do-45\/\" \/>\n<meta property=\"og:locale\" content=\"pl_PL\" \/>\n<meta property=\"og:type\" content=\"article\" \/>\n<meta property=\"og:title\" content=\"Dzie\u0144 z Wydawnictwem Czarne \u2013 wszystkie ebooki do -45%! - Woblink\" \/>\n<meta property=\"og:description\" content=\"Tylko dzi\u015b, 6 maja 2021 roku mamy dla was wyj\u0105tkow\u0105 promocj\u0119. Ca\u0142a oferta ebook\u00f3w Wydawnictwa Czarne zosta\u0142a przeceniona nawet do -45%!\" \/>\n<meta property=\"og:url\" content=\"https:\/\/woblink.com\/blog\/dzien-z-wydawnictwem-czarne-wszystkie-ebooki-do-45\/\" \/>\n<meta property=\"og:site_name\" content=\"Woblink\" \/>\n<meta property=\"article:publisher\" content=\"https:\/\/facebook.com\/woblink\" \/>\n<meta property=\"article:published_time\" content=\"2021-05-06T13:51:45+00:00\" \/>\n<meta property=\"article:modified_time\" content=\"2021-05-06T13:53:10+00:00\" \/>\n<meta property=\"og:image\" content=\"https:\/\/i0.wp.com\/woblink.com\/blog\/wp-content\/uploads\/2021\/05\/artyku\u0142_czarne.jpeg?fit=1011%2C690&ssl=1\" \/>\n\t<meta property=\"og:image:width\" content=\"1011\" \/>\n\t<meta property=\"og:image:height\" content=\"690\" \/>\n\t<meta property=\"og:image:type\" content=\"image\/jpeg\" \/>\n<meta name=\"author\" content=\"Redakcja Woblinka\" \/>\n<meta name=\"twitter:card\" content=\"summary_large_image\" \/>\n<meta name=\"twitter:creator\" content=\"@woblink_com\" \/>\n<meta name=\"twitter:site\" content=\"@woblink_com\" \/>\n<meta name=\"twitter:label1\" content=\"Napisane przez\" \/>\n\t<meta name=\"twitter:data1\" content=\"Redakcja Woblinka\" \/>\n\t<meta name=\"twitter:label2\" content=\"Szacowany czas czytania\" \/>\n\t<meta name=\"twitter:data2\" content=\"4 minuty\" \/>\n<script type=\"application\/ld+json\" class=\"yoast-schema-graph\">{\"@context\":\"https:\/\/schema.org\",\"@graph\":[{\"@type\":\"Article\",\"@id\":\"https:\/\/woblink.com\/blog\/dzien-z-wydawnictwem-czarne-wszystkie-ebooki-do-45\/#article\",\"isPartOf\":{\"@id\":\"https:\/\/woblink.com\/blog\/dzien-z-wydawnictwem-czarne-wszystkie-ebooki-do-45\/\"},\"author\":{\"name\":\"Redakcja Woblinka\",\"@id\":\"https:\/\/woblink.com\/blog\/#\/schema\/person\/8ab6b79d64fa54209272130c4c3b1e95\"},\"headline\":\"Dzie\u0144 z Wydawnictwem Czarne \u2013 wszystkie ebooki do -45%!\",\"datePublished\":\"2021-05-06T13:51:45+00:00\",\"dateModified\":\"2021-05-06T13:53:10+00:00\",\"mainEntityOfPage\":{\"@id\":\"https:\/\/woblink.com\/blog\/dzien-z-wydawnictwem-czarne-wszystkie-ebooki-do-45\/\"},\"wordCount\":765,\"publisher\":{\"@id\":\"https:\/\/woblink.com\/blog\/#organization\"},\"articleSection\":[\"Aktualno\u015bci\",\"Ebooki\"],\"inLanguage\":\"pl-PL\"},{\"@type\":\"WebPage\",\"@id\":\"https:\/\/woblink.com\/blog\/dzien-z-wydawnictwem-czarne-wszystkie-ebooki-do-45\/\",\"url\":\"https:\/\/woblink.com\/blog\/dzien-z-wydawnictwem-czarne-wszystkie-ebooki-do-45\/\",\"name\":\"Dzie\u0144 z Wydawnictwem Czarne \u2013 wszystkie ebooki do -45%! - Woblink\",\"isPartOf\":{\"@id\":\"https:\/\/woblink.com\/blog\/#website\"},\"datePublished\":\"2021-05-06T13:51:45+00:00\",\"dateModified\":\"2021-05-06T13:53:10+00:00\",\"description\":\"Tylko dzi\u015b, 6 maja 2021 roku mamy dla was wyj\u0105tkow\u0105 promocj\u0119. Ca\u0142a oferta ebook\u00f3w Wydawnictwa Czarne zosta\u0142a przeceniona nawet do -45%!\",\"breadcrumb\":{\"@id\":\"https:\/\/woblink.com\/blog\/dzien-z-wydawnictwem-czarne-wszystkie-ebooki-do-45\/#breadcrumb\"},\"inLanguage\":\"pl-PL\",\"potentialAction\":[{\"@type\":\"ReadAction\",\"target\":[\"https:\/\/woblink.com\/blog\/dzien-z-wydawnictwem-czarne-wszystkie-ebooki-do-45\/\"]}]},{\"@type\":\"BreadcrumbList\",\"@id\":\"https:\/\/woblink.com\/blog\/dzien-z-wydawnictwem-czarne-wszystkie-ebooki-do-45\/#breadcrumb\",\"itemListElement\":[{\"@type\":\"ListItem\",\"position\":1,\"name\":\"Strona g\u0142\u00f3wna\",\"item\":\"https:\/\/woblink.com\/blog\/\"},{\"@type\":\"ListItem\",\"position\":2,\"name\":\"Dzie\u0144 z Wydawnictwem Czarne \u2013 wszystkie ebooki do -45%!\"}]},{\"@type\":\"WebSite\",\"@id\":\"https:\/\/woblink.com\/blog\/#website\",\"url\":\"https:\/\/woblink.com\/blog\/\",\"name\":\"Woblink\",\"description\":\"najlepszy firmowy blog o ksi\u0105\u017ckach\",\"publisher\":{\"@id\":\"https:\/\/woblink.com\/blog\/#organization\"},\"potentialAction\":[{\"@type\":\"SearchAction\",\"target\":{\"@type\":\"EntryPoint\",\"urlTemplate\":\"https:\/\/woblink.com\/blog\/?s={search_term_string}\"},\"query-input\":\"required name=search_term_string\"}],\"inLanguage\":\"pl-PL\"},{\"@type\":\"Organization\",\"@id\":\"https:\/\/woblink.com\/blog\/#organization\",\"name\":\"Woblink\",\"url\":\"https:\/\/woblink.com\/blog\/\",\"logo\":{\"@type\":\"ImageObject\",\"inLanguage\":\"pl-PL\",\"@id\":\"https:\/\/woblink.com\/blog\/#\/schema\/logo\/image\/\",\"url\":\"https:\/\/i0.wp.com\/woblink.com\/blog\/wp-content\/uploads\/2019\/04\/nw_logoB.png?fit=185%2C42&ssl=1\",\"contentUrl\":\"https:\/\/i0.wp.com\/woblink.com\/blog\/wp-content\/uploads\/2019\/04\/nw_logoB.png?fit=185%2C42&ssl=1\",\"width\":185,\"height\":42,\"caption\":\"Woblink\"},\"image\":{\"@id\":\"https:\/\/woblink.com\/blog\/#\/schema\/logo\/image\/\"},\"sameAs\":[\"https:\/\/facebook.com\/woblink\",\"https:\/\/twitter.com\/woblink_com\",\"https:\/\/www.instagram.com\/woblink_com\",\"https:\/\/www.linkedin.com\/company\/woblink\/\"]},{\"@type\":\"Person\",\"@id\":\"https:\/\/woblink.com\/blog\/#\/schema\/person\/8ab6b79d64fa54209272130c4c3b1e95\",\"name\":\"Redakcja Woblinka\",\"image\":{\"@type\":\"ImageObject\",\"inLanguage\":\"pl-PL\",\"@id\":\"https:\/\/woblink.com\/blog\/#\/schema\/person\/image\/\",\"url\":\"https:\/\/secure.gravatar.com\/avatar\/f23ae80a7c9da060bee5f8310913478b?s=96&d=mm&r=g\",\"contentUrl\":\"https:\/\/secure.gravatar.com\/avatar\/f23ae80a7c9da060bee5f8310913478b?s=96&d=mm&r=g\",\"caption\":\"Redakcja Woblinka\"},\"url\":\"https:\/\/woblink.com\/blog\/author\/krasny\/\"}]}<\/script>\n<!-- \/ Yoast SEO plugin. -->","yoast_head_json":{"title":"Dzie\u0144 z Wydawnictwem Czarne \u2013 wszystkie ebooki do -45%! - Woblink","description":"Tylko dzi\u015b, 6 maja 2021 roku mamy dla was wyj\u0105tkow\u0105 promocj\u0119. Ca\u0142a oferta ebook\u00f3w Wydawnictwa Czarne zosta\u0142a przeceniona nawet do -45%!","robots":{"index":"index","follow":"follow","max-snippet":"max-snippet:-1","max-image-preview":"max-image-preview:large","max-video-preview":"max-video-preview:-1"},"canonical":"https:\/\/woblink.com\/blog\/dzien-z-wydawnictwem-czarne-wszystkie-ebooki-do-45\/","og_locale":"pl_PL","og_type":"article","og_title":"Dzie\u0144 z Wydawnictwem Czarne \u2013 wszystkie ebooki do -45%! - Woblink","og_description":"Tylko dzi\u015b, 6 maja 2021 roku mamy dla was wyj\u0105tkow\u0105 promocj\u0119. Ca\u0142a oferta ebook\u00f3w Wydawnictwa Czarne zosta\u0142a przeceniona nawet do -45%!","og_url":"https:\/\/woblink.com\/blog\/dzien-z-wydawnictwem-czarne-wszystkie-ebooki-do-45\/","og_site_name":"Woblink","article_publisher":"https:\/\/facebook.com\/woblink","article_published_time":"2021-05-06T13:51:45+00:00","article_modified_time":"2021-05-06T13:53:10+00:00","og_image":[{"width":1011,"height":690,"url":"https:\/\/i0.wp.com\/woblink.com\/blog\/wp-content\/uploads\/2021\/05\/artyku\u0142_czarne.jpeg?fit=1011%2C690&ssl=1","type":"image\/jpeg"}],"author":"Redakcja Woblinka","twitter_card":"summary_large_image","twitter_creator":"@woblink_com","twitter_site":"@woblink_com","twitter_misc":{"Napisane przez":"Redakcja Woblinka","Szacowany czas czytania":"4 minuty"},"schema":{"@context":"https:\/\/schema.org","@graph":[{"@type":"Article","@id":"https:\/\/woblink.com\/blog\/dzien-z-wydawnictwem-czarne-wszystkie-ebooki-do-45\/#article","isPartOf":{"@id":"https:\/\/woblink.com\/blog\/dzien-z-wydawnictwem-czarne-wszystkie-ebooki-do-45\/"},"author":{"name":"Redakcja Woblinka","@id":"https:\/\/woblink.com\/blog\/#\/schema\/person\/8ab6b79d64fa54209272130c4c3b1e95"},"headline":"Dzie\u0144 z Wydawnictwem Czarne \u2013 wszystkie ebooki do -45%!","datePublished":"2021-05-06T13:51:45+00:00","dateModified":"2021-05-06T13:53:10+00:00","mainEntityOfPage":{"@id":"https:\/\/woblink.com\/blog\/dzien-z-wydawnictwem-czarne-wszystkie-ebooki-do-45\/"},"wordCount":765,"publisher":{"@id":"https:\/\/woblink.com\/blog\/#organization"},"articleSection":["Aktualno\u015bci","Ebooki"],"inLanguage":"pl-PL"},{"@type":"WebPage","@id":"https:\/\/woblink.com\/blog\/dzien-z-wydawnictwem-czarne-wszystkie-ebooki-do-45\/","url":"https:\/\/woblink.com\/blog\/dzien-z-wydawnictwem-czarne-wszystkie-ebooki-do-45\/","name":"Dzie\u0144 z Wydawnictwem Czarne \u2013 wszystkie ebooki do -45%! - Woblink","isPartOf":{"@id":"https:\/\/woblink.com\/blog\/#website"},"datePublished":"2021-05-06T13:51:45+00:00","dateModified":"2021-05-06T13:53:10+00:00","description":"Tylko dzi\u015b, 6 maja 2021 roku mamy dla was wyj\u0105tkow\u0105 promocj\u0119. Ca\u0142a oferta ebook\u00f3w Wydawnictwa Czarne zosta\u0142a przeceniona nawet do -45%!","breadcrumb":{"@id":"https:\/\/woblink.com\/blog\/dzien-z-wydawnictwem-czarne-wszystkie-ebooki-do-45\/#breadcrumb"},"inLanguage":"pl-PL","potentialAction":[{"@type":"ReadAction","target":["https:\/\/woblink.com\/blog\/dzien-z-wydawnictwem-czarne-wszystkie-ebooki-do-45\/"]}]},{"@type":"BreadcrumbList","@id":"https:\/\/woblink.com\/blog\/dzien-z-wydawnictwem-czarne-wszystkie-ebooki-do-45\/#breadcrumb","itemListElement":[{"@type":"ListItem","position":1,"name":"Strona g\u0142\u00f3wna","item":"https:\/\/woblink.com\/blog\/"},{"@type":"ListItem","position":2,"name":"Dzie\u0144 z Wydawnictwem Czarne \u2013 wszystkie ebooki do -45%!"}]},{"@type":"WebSite","@id":"https:\/\/woblink.com\/blog\/#website","url":"https:\/\/woblink.com\/blog\/","name":"Woblink","description":"najlepszy firmowy blog o ksi\u0105\u017ckach","publisher":{"@id":"https:\/\/woblink.com\/blog\/#organization"},"potentialAction":[{"@type":"SearchAction","target":{"@type":"EntryPoint","urlTemplate":"https:\/\/woblink.com\/blog\/?s={search_term_string}"},"query-input":"required name=search_term_string"}],"inLanguage":"pl-PL"},{"@type":"Organization","@id":"https:\/\/woblink.com\/blog\/#organization","name":"Woblink","url":"https:\/\/woblink.com\/blog\/","logo":{"@type":"ImageObject","inLanguage":"pl-PL","@id":"https:\/\/woblink.com\/blog\/#\/schema\/logo\/image\/","url":"https:\/\/i0.wp.com\/woblink.com\/blog\/wp-content\/uploads\/2019\/04\/nw_logoB.png?fit=185%2C42&ssl=1","contentUrl":"https:\/\/i0.wp.com\/woblink.com\/blog\/wp-content\/uploads\/2019\/04\/nw_logoB.png?fit=185%2C42&ssl=1","width":185,"height":42,"caption":"Woblink"},"image":{"@id":"https:\/\/woblink.com\/blog\/#\/schema\/logo\/image\/"},"sameAs":["https:\/\/facebook.com\/woblink","https:\/\/twitter.com\/woblink_com","https:\/\/www.instagram.com\/woblink_com","https:\/\/www.linkedin.com\/company\/woblink\/"]},{"@type":"Person","@id":"https:\/\/woblink.com\/blog\/#\/schema\/person\/8ab6b79d64fa54209272130c4c3b1e95","name":"Redakcja Woblinka","image":{"@type":"ImageObject","inLanguage":"pl-PL","@id":"https:\/\/woblink.com\/blog\/#\/schema\/person\/image\/","url":"https:\/\/secure.gravatar.com\/avatar\/f23ae80a7c9da060bee5f8310913478b?s=96&d=mm&r=g","contentUrl":"https:\/\/secure.gravatar.com\/avatar\/f23ae80a7c9da060bee5f8310913478b?s=96&d=mm&r=g","caption":"Redakcja Woblinka"},"url":"https:\/\/woblink.com\/blog\/author\/krasny\/"}]}},"jetpack_featured_media_url":"https:\/\/i0.wp.com\/woblink.com\/blog\/wp-content\/uploads\/2021\/05\/artyku\u0142_czarne.jpeg?fit=1011%2C690&ssl=1","_links":{"self":[{"href":"https:\/\/woblink.com\/blog\/wp-json\/wp\/v2\/posts\/4622"}],"collection":[{"href":"https:\/\/woblink.com\/blog\/wp-json\/wp\/v2\/posts"}],"about":[{"href":"https:\/\/woblink.com\/blog\/wp-json\/wp\/v2\/types\/post"}],"author":[{"embeddable":true,"href":"https:\/\/woblink.com\/blog\/wp-json\/wp\/v2\/users\/7"}],"replies":[{"embeddable":true,"href":"https:\/\/woblink.com\/blog\/wp-json\/wp\/v2\/comments?post=4622"}],"version-history":[{"count":2,"href":"https:\/\/woblink.com\/blog\/wp-json\/wp\/v2\/posts\/4622\/revisions"}],"predecessor-version":[{"id":4630,"href":"https:\/\/woblink.com\/blog\/wp-json\/wp\/v2\/posts\/4622\/revisions\/4630"}],"wp:featuredmedia":[{"embeddable":true,"href":"https:\/\/woblink.com\/blog\/wp-json\/wp\/v2\/media\/4625"}],"wp:attachment":[{"href":"https:\/\/woblink.com\/blog\/wp-json\/wp\/v2\/media?parent=4622"}],"wp:term":[{"taxonomy":"category","embeddable":true,"href":"https:\/\/woblink.com\/blog\/wp-json\/wp\/v2\/categories?post=4622"},{"taxonomy":"post_tag","embeddable":true,"href":"https:\/\/woblink.com\/blog\/wp-json\/wp\/v2\/tags?post=4622"}],"curies":[{"name":"wp","href":"https:\/\/api.w.org\/{rel}","templated":true}]}}