{"id":4775,"date":"2021-06-01T13:40:17","date_gmt":"2021-06-01T11:40:17","guid":{"rendered":"https:\/\/woblink.com\/blog\/?p=4775"},"modified":"2025-11-28T10:12:39","modified_gmt":"2025-11-28T09:12:39","slug":"czerwcowe-premiery-wydawnictwa-marginesy-2021","status":"publish","type":"post","link":"https:\/\/woblink.com\/blog\/czerwcowe-premiery-wydawnictwa-marginesy-2021\/","title":{"rendered":"Czerwcowe premiery Wydawnictwa Marginesy 2021"},"content":{"rendered":"<p><strong>Prze\u0142om maja i czerwca to zwykle okres gor\u0105cych premier wydawniczych. Tym razem zebrali\u015bmy dla was najciekawsze zapowiedzi Wydawnictwa Marginesy. W\u015br\u00f3d nich m.in. najnowsza powie\u015b\u0107 Anny Ka\u0144toch, \u015bwie\u017co upieczonej laureatki Nagrody Wielkiego Kalibru, wznowienia dzie\u0142 Isabel Allende i J\u00fcrgena Thorwalda oraz ksi\u0105\u017cka&#8230; o je\u017cach!<\/strong><\/p>\n<p><!--more--><\/p>\n<h3><strong>Anna Ka\u0144toch \u2013 Lato utraconych<\/strong><\/h3>\n<p>Wcze\u015bniejsze losy policjantki, kt\u00f3ra jako nastolatka straci\u0142a brata podczas tajemniczej wycieczki w g\u00f3ry.<\/p>\n<p>Jest rok 1999. W starej le\u015bnicz\u00f3wce niedaleko Rudnika dochodzi do krwawej zbrodni \u2013 nieznany sprawca atakuje sp\u0119dzaj\u0105c\u0105 tam wakacje pi\u0119cioosobow\u0105 rodzin\u0119. Udaje si\u0119 prze\u017cy\u0107 jedynie najstarszemu z dzieci. Okazuje si\u0119, \u017ce ch\u0142opak to odnaleziona zaledwie kilka miesi\u0119cy wcze\u015bniej ofiara porwania. Dwana\u015bcie lat wcze\u015bniej ma\u0142y Kuba znikn\u0105\u0142 bez \u015bladu nad Czarnym Stawem G\u0105sienicowym, a teraz, kiedy uda\u0142o mu si\u0119 wr\u00f3ci\u0107 do domu, wkroczy\u0142 w nowy koszmar. Czy obie te sprawy co\u015b \u0142\u0105czy? Jakie z\u0142o prze\u015bladuje ch\u0142opca? I dlaczego?<\/p>\n<p>Do \u015bledztwa zostaje przydzielona Krystyna Lesi\u0144ska, do\u015bwiadczona policjantka specjalizuj\u0105ca si\u0119 w nieoczywistych sprawach. Kobieta r\u00f3wnocze\u015bnie mierzy si\u0119 z w\u0142asnymi demonami \u2013 niedawn\u0105, nag\u0142\u0105 \u015bmierci\u0105 m\u0119\u017ca i wci\u0105\u017c niedaj\u0105cym jej spokoju zagini\u0119ciem brata. Sprawa Poga\u0144skiego M\u0142yna to dla niej gra o wysok\u0105 stawk\u0119, poka\u017ce bowiem, czy Lesi\u0144ska jest jeszcze w stanie pracowa\u0107, czy nadszed\u0142 ju\u017c czas, by z\u0142o\u017cy\u0142a bro\u0144 i odesz\u0142a.<\/p>\n<p>Lato utraconych to pe\u0142na napi\u0119cia i czaj\u0105cej si\u0119 grozy powie\u015b\u0107 kryminalna, zagl\u0105daj\u0105ca w najmroczniejsze zakamarki ludzkiej duszy. Autorka z w\u0142a\u015bciwym sobie kunsztem pokazuje, jak strach potrafi zatru\u0107 nawet najszcz\u0119\u015bliwsze \u017cycie i za\u015blepi\u0107 nawet najbystrzejsze umys\u0142y.<\/p>\n<p><img decoding=\"async\" loading=\"lazy\" class=\"size-medium wp-image-4772 aligncenter\" src=\"https:\/\/i0.wp.com\/woblink.com\/blog\/wp-content\/uploads\/2021\/05\/lato-utraconych-w-iext72160685.jpeg?resize=193%2C300&#038;ssl=1\" alt=\"\" width=\"193\" height=\"300\" srcset=\"https:\/\/i0.wp.com\/woblink.com\/blog\/wp-content\/uploads\/2021\/05\/lato-utraconych-w-iext72160685.jpeg?resize=193%2C300&amp;ssl=1 193w, https:\/\/i0.wp.com\/woblink.com\/blog\/wp-content\/uploads\/2021\/05\/lato-utraconych-w-iext72160685.jpeg?w=225&amp;ssl=1 225w\" sizes=\"(max-width: 193px) 100vw, 193px\" data-recalc-dims=\"1\" \/><\/p>\n<h3><strong>Isabel Allende \u2013 C\u00f3rka fortuny<\/strong><\/h3>\n<p>Ile cz\u0142owiek jest w stanie zrobi\u0107 dla mi\u0142o\u015bci? Jak wiele mo\u017ce dla niej po\u015bwi\u0119ci\u0107?<\/p>\n<p>Chile, po\u0142owa XIX wieku. Przed drzwiami domu bogatej rodziny zostaje znaleziona male\u0144ka Eliza, niemowl\u0119 zawini\u0119te w m\u0119sk\u0105 kamizelk\u0119 i w\u0142o\u017cone do skrzynki po marsylskim mydle. Zaskoczone tym rodze\u0144stwo przygarnia dziecko i tworzy dla niego dostatni dom. Jednak \u017cycie Elizy nie b\u0119dzie spokojne. Wype\u0142ni\u0105 je niebezpiecze\u0144stwa, dramatyczne prze\u017cycia i odmiana losu. Kiedy dziewczyna zakocha si\u0119 pierwsz\u0105 \u2013pe\u0142nej determinacji \u2013 mi\u0142o\u015bci\u0105 w niew\u0142a\u015bciwym m\u0119\u017cczy\u017anie, a ten ucieknie z kraju, postanowi wyruszy\u0107 za nim do Ameryki, kt\u00f3ra prze\u017cywa gor\u0105czk\u0119 z\u0142ota i najazd tych, kt\u00f3rzy chc\u0105 si\u0119 dorobi\u0107 fortuny. Eliza pozna ludzi prawych i zdeprawowanych, pomocnych i tych, kt\u00f3rzy b\u0119d\u0105 chcieli j\u0105 wykorzysta\u0107. Podczas poszukiwa\u0144 trafi do pierwszych kalifornijskich miast, o ile tak mo\u017cna nazwa\u0107 skromne budy, burdele i wi\u0119zienie. Zetknie si\u0119 z bezprawiem, bied\u0105 i rozczarowaniem, a tak\u017ce z pe\u0142nymi \u015blepej nadziei poszukiwaczami.<\/p>\n<p>Isabel Allende po raz kolejny udowodni\u0142a swoje mistrzostwo. Brawurowo po\u0142\u0105czy\u0142a romans, powie\u015b\u0107 historyczno-obyczajow\u0105 ze spor\u0105 dawk\u0105 awanturniczych przyg\u00f3d. C\u00f3rka fortuny to wspania\u0142a opowie\u015b\u0107 o m\u0105dro\u015bci kobiet i o dziewczynie, kt\u00f3ra postanowi\u0142a uciec ze z\u0142otej klatki, \u017ceby odnale\u017a\u0107 przeznaczenie.<\/p>\n<p><img decoding=\"async\" loading=\"lazy\" class=\"size-medium wp-image-4778 aligncenter\" src=\"https:\/\/i0.wp.com\/woblink.com\/blog\/wp-content\/uploads\/2021\/06\/fff39c33f29401664152876681280a23_full.jpeg?resize=198%2C300&#038;ssl=1\" alt=\"\" width=\"198\" height=\"300\" srcset=\"https:\/\/i0.wp.com\/woblink.com\/blog\/wp-content\/uploads\/2021\/06\/fff39c33f29401664152876681280a23_full.jpeg?resize=198%2C300&amp;ssl=1 198w, https:\/\/i0.wp.com\/woblink.com\/blog\/wp-content\/uploads\/2021\/06\/fff39c33f29401664152876681280a23_full.jpeg?resize=768%2C1165&amp;ssl=1 768w, https:\/\/i0.wp.com\/woblink.com\/blog\/wp-content\/uploads\/2021\/06\/fff39c33f29401664152876681280a23_full.jpeg?resize=675%2C1024&amp;ssl=1 675w, https:\/\/i0.wp.com\/woblink.com\/blog\/wp-content\/uploads\/2021\/06\/fff39c33f29401664152876681280a23_full.jpeg?resize=600%2C910&amp;ssl=1 600w, https:\/\/i0.wp.com\/woblink.com\/blog\/wp-content\/uploads\/2021\/06\/fff39c33f29401664152876681280a23_full.jpeg?w=1400&amp;ssl=1 1400w\" sizes=\"(max-width: 198px) 100vw, 198px\" data-recalc-dims=\"1\" \/><\/p>\n<h3><strong>J\u00fcrgen Thorwald \u2013 Pacjenci<\/strong><\/h3>\n<p>Sztuczna nerka, nowe serce. O pocz\u0105tkach transplantologii<\/p>\n<p>Autor bestsellerowych Ginekolog\u00f3w i Stulecia chirurg\u00f3w.<\/p>\n<p>Tym razem J\u00fcrgen Thorwald opowiada o powstaniu i rozwoju jednej z najtrudniejszych, a zarazem najbardziej fascynuj\u0105cych dziedzin medycyny \u2013 transplantologii.<\/p>\n<p>Opisuj\u0105c historie pacjent\u00f3w, Thorwald kre\u015bli dzieje jednego z naj\u015bmielszych pomys\u0142\u00f3w ludzko\u015bci \u2013 wymieniania uszkodzonych narz\u0105d\u00f3w na nowe. Autor oddaje g\u0142os cichym bohaterom medycyny \u2013 chorym, kt\u00f3rych wola \u017cycia i odwaga, by podda\u0107 si\u0119 nowatorskim i ryzykownym zabiegom, przyczyni\u0142y si\u0119 do uratowania ludzkich istnie\u0144. Dzi\u0119ki nim lekarze, odkrywcy i konstruktorzy mogli zbudowa\u0107 i udoskonali\u0107 p\u0142ucoserce, wykorzysta\u0107 kawa\u0142ek celofanu do pierwszych dializ i przeszczepi\u0107 nerk\u0119. A\u017c w ko\u0144cu dokona\u0107 niemo\u017cliwego \u2013 sprawi\u0107, \u017ce w czyjej\u015b klatce piersiowej zabije serce innego cz\u0142owieka.<\/p>\n<p>Wszystko to dzia\u0142o si\u0119 zadziwiaj\u0105co niedawno. J\u00fcrgen Thorwald pokazuje, \u017ce histori\u0119 medycyny tworz\u0105 losy pojedynczych ludzi i ka\u017cda z tych os\u00f3b ma tak samo istotne znacznie \u2013 niezale\u017cnie od tego, czy stoi przy stole operacyjnym, czy na nim le\u017cy.<\/p>\n<p>Dzi\u015b transplantologia jest jedn\u0105 z najszybciej rozwijaj\u0105cych si\u0119 ga\u0142\u0119zi medycyny. Literacki talent autora sprawia, \u017ce opowie\u015b\u0107 o jej narodzinach czyta si\u0119 jak wci\u0105gaj\u0105c\u0105 powie\u015b\u0107.<\/p>\n<p><img decoding=\"async\" loading=\"lazy\" class=\"size-medium wp-image-4777 aligncenter\" src=\"https:\/\/i0.wp.com\/woblink.com\/blog\/wp-content\/uploads\/2021\/06\/ca913255673075bbde688cc04ba1ae32_full.jpeg?resize=198%2C300&#038;ssl=1\" alt=\"\" width=\"198\" height=\"300\" srcset=\"https:\/\/i0.wp.com\/woblink.com\/blog\/wp-content\/uploads\/2021\/06\/ca913255673075bbde688cc04ba1ae32_full.jpeg?resize=198%2C300&amp;ssl=1 198w, https:\/\/i0.wp.com\/woblink.com\/blog\/wp-content\/uploads\/2021\/06\/ca913255673075bbde688cc04ba1ae32_full.jpeg?resize=768%2C1161&amp;ssl=1 768w, https:\/\/i0.wp.com\/woblink.com\/blog\/wp-content\/uploads\/2021\/06\/ca913255673075bbde688cc04ba1ae32_full.jpeg?resize=678%2C1024&amp;ssl=1 678w, https:\/\/i0.wp.com\/woblink.com\/blog\/wp-content\/uploads\/2021\/06\/ca913255673075bbde688cc04ba1ae32_full.jpeg?resize=600%2C907&amp;ssl=1 600w, https:\/\/i0.wp.com\/woblink.com\/blog\/wp-content\/uploads\/2021\/06\/ca913255673075bbde688cc04ba1ae32_full.jpeg?w=1400&amp;ssl=1 1400w\" sizes=\"(max-width: 198px) 100vw, 198px\" data-recalc-dims=\"1\" \/><\/p>\n<p>&nbsp;<\/p>\n<h3><strong>Stefan Ahnhem \u2013 X sposob\u00f3w na \u015bmier\u0107<\/strong><\/h3>\n<p>Mroczny, pe\u0142en napi\u0119cia thriller pi\u00f3ra jednego z najciekawszych wsp\u00f3\u0142czesnych skandynawskich pisarzy.<\/p>\n<p>Szwedzka policja zmaga si\u0119 z seri\u0105 wymy\u015blnych i przera\u017caj\u0105co brutalnych zab\u00f3jstw. Nic w nich nie ma sensu: brak wyra\u017anego motywu, a metody zmieniaj\u0105 si\u0119 przy ka\u017cdej zbrodni. Jedna z ofiar zosta\u0142a utopiona noc\u0105 we w\u0142asnym \u0142\u00f3\u017cku. Inn\u0105 przywi\u0105zano i zamkni\u0119to w hermetycznym kokonie, by powoli si\u0119 dusi\u0142a. Kolejne torturowano, rozcz\u0142onkowano, zad\u017agano, zastrzelono, otruto\u2026 A wszystko z mro\u017c\u0105c\u0105 krew w \u017cy\u0142ach precyzj\u0105. Jak wygra\u0107 z kim\u015b, kogo dzia\u0142a\u0144 nie spos\u00f3b przewidzie\u0107?<\/p>\n<p>W tym samym czasie prywatne \u015bledztwo Fabiana Riska w sprawie rzekomo samob\u00f3jczej \u015bmierci kolegi z wydzia\u0142u w ko\u0144cu nabiera tempa. Policjant niespodziewanie zyskuje sojusznika, na \u015bwiat\u0142o dzienne wychodz\u0105 r\u00f3wnie\u017c nowe dowody. Tylko dlaczego Fabianowi wydaje si\u0119, \u017ce nieustannie jest o krok do ty\u0142u?<\/p>\n<p>Pi\u0105ta cz\u0119\u015b\u0107 popularnej serii o Fabianie Risku i jego walce z przest\u0119pczo\u015bci\u0105, kontynuuj\u0105ca w\u0105tki podj\u0119te w Motywie X. Cykl zosta\u0142 przet\u0142umaczony na kilkana\u015bcie j\u0119zyk\u00f3w, sprzedano te\u017c prawa do jego adaptacji filmowej, nad kt\u00f3r\u0105 trwaj\u0105 prace.<\/p>\n<p><img decoding=\"async\" loading=\"lazy\" class=\"size-medium wp-image-4782 aligncenter\" src=\"https:\/\/i0.wp.com\/woblink.com\/blog\/wp-content\/uploads\/2021\/06\/63ada96368aa6d3a1f189ab1a07f935f_full.jpeg?resize=193%2C300&#038;ssl=1\" alt=\"\" width=\"193\" height=\"300\" srcset=\"https:\/\/i0.wp.com\/woblink.com\/blog\/wp-content\/uploads\/2021\/06\/63ada96368aa6d3a1f189ab1a07f935f_full.jpeg?resize=193%2C300&amp;ssl=1 193w, https:\/\/i0.wp.com\/woblink.com\/blog\/wp-content\/uploads\/2021\/06\/63ada96368aa6d3a1f189ab1a07f935f_full.jpeg?resize=768%2C1195&amp;ssl=1 768w, https:\/\/i0.wp.com\/woblink.com\/blog\/wp-content\/uploads\/2021\/06\/63ada96368aa6d3a1f189ab1a07f935f_full.jpeg?resize=658%2C1024&amp;ssl=1 658w, https:\/\/i0.wp.com\/woblink.com\/blog\/wp-content\/uploads\/2021\/06\/63ada96368aa6d3a1f189ab1a07f935f_full.jpeg?resize=600%2C934&amp;ssl=1 600w, https:\/\/i0.wp.com\/woblink.com\/blog\/wp-content\/uploads\/2021\/06\/63ada96368aa6d3a1f189ab1a07f935f_full.jpeg?w=980&amp;ssl=1 980w\" sizes=\"(max-width: 193px) 100vw, 193px\" data-recalc-dims=\"1\" \/><\/p>\n<p>&nbsp;<\/p>\n<h3><strong>Hugh Warwick \u2013 Je\u017ce. Naje\u017cona k\u0142opotami nami\u0119tno\u015b\u0107<\/strong><\/h3>\n<p>Prosz\u0119 pa\u0144stwa, oto je\u017c, je\u017c ma kolce wzd\u0142u\u017c i wszerz \u2013 a opr\u00f3cz tego to niezwykle ciekawe i urocze zwierz\u0119, kt\u00f3re \u017cyje tu\u017c obok nas. W\u0119druje przez pola i po obrze\u017cach las\u00f3w, myszkuje w parkach i ogrodach, nocami przemyka przez ulic\u0119.<\/p>\n<p>Dlaczego je\u017ce s\u0105 tak fascynuj\u0105ce? Hugh Warwick \u2013 do\u017cywotni cz\u0142onek Brytyjskiego Towarzystwa Ochrony Je\u017cy \u2013 bada dziwaczny humor z nimi zwi\u0105zany i towarzysz\u0105ce im mity (nieszcz\u0119sne jab\u0142ko na grzbiecie). Obala tak\u017ce kilka nies\u0142usznych oskar\u017ce\u0144 i stara si\u0119 wyja\u015bni\u0107, sk\u0105d w nas ta naje\u017cona k\u0142opotami nami\u0119tno\u015b\u0107. Chocia\u017c Mi\u0119dzynarodowe Igrzyska Olimpijskie Je\u017cy potrafi\u0105 przerosn\u0105\u0107 nawet jego&#8230;<\/p>\n<p>Oto oda do pokornego je\u017ca napisana przez je\u017cowego fanatyka. Opowie\u015b\u0107 o tym, czym w\u0142a\u015bciwie je\u017ce si\u0119 zajmuj\u0105 i co m\u00f3wi\u0105 o naszej potrzebie kontaktu z dzik\u0105 przyrod\u0105, a tak\u017ce o zmianach \u015brodowiska. To podr\u00f3\u017c w czasie (si\u0119gaj\u0105ca miocenu), przez kultur\u0119 (co o je\u017cach s\u0105dzili Herodot i Beatrix Potter) i w przestrzeni, bo Warwick przemierza Hebrydy Zewn\u0119trzne, szuka rzadkiej odmiany je\u017ca w Japonii i czo\u0142ga si\u0119 przez pola w Shropshire.<\/p>\n<p><img decoding=\"async\" loading=\"lazy\" class=\"size-medium wp-image-4781 aligncenter\" src=\"https:\/\/i0.wp.com\/woblink.com\/blog\/wp-content\/uploads\/2021\/06\/a4b50227b922355d83a28f7c1d12cb0f_full.jpeg?resize=193%2C300&#038;ssl=1\" alt=\"\" width=\"193\" height=\"300\" srcset=\"https:\/\/i0.wp.com\/woblink.com\/blog\/wp-content\/uploads\/2021\/06\/a4b50227b922355d83a28f7c1d12cb0f_full.jpeg?resize=193%2C300&amp;ssl=1 193w, https:\/\/i0.wp.com\/woblink.com\/blog\/wp-content\/uploads\/2021\/06\/a4b50227b922355d83a28f7c1d12cb0f_full.jpeg?w=500&amp;ssl=1 500w\" sizes=\"(max-width: 193px) 100vw, 193px\" data-recalc-dims=\"1\" \/><\/p>\n","protected":false},"excerpt":{"rendered":"<p>Prze\u0142om maja i czerwca to zwykle okres gor\u0105cych premier wydawniczych. Tym razem zebrali\u015bmy dla was najciekawsze zapowiedzi Wydawnictwa Marginesy. W\u015br\u00f3d nich m.in. najnowsza powie\u015b\u0107 Anny Ka\u0144toch, \u015bwie\u017co upieczonej laureatki Nagrody Wielkiego Kalibru, wznowienia dzie\u0142 Isabel Allende i J\u00fcrgena Thorwalda oraz ksi\u0105\u017cka&#8230; o je\u017cach! Anna Ka\u0144toch&#8230;<\/p>\n","protected":false},"author":7,"featured_media":4776,"comment_status":"closed","ping_status":"open","sticky":false,"template":"","format":"standard","meta":[],"categories":[82],"tags":[],"yoast_head":"<!-- This site is optimized with the Yoast SEO plugin v20.11 - https:\/\/yoast.com\/wordpress\/plugins\/seo\/ -->\n<title>Czerwcowe premiery Wydawnictwa Marginesy 2021 - Woblink<\/title>\n<meta name=\"description\" content=\"Prze\u0142om maja i czerwca to zwykle okres gor\u0105cych premier wydawniczych. Tym razem zebrali\u015bmy dla was najciekawsze zapowiedzi Wydawnictwa Marginesy\" \/>\n<meta name=\"robots\" content=\"index, follow, max-snippet:-1, max-image-preview:large, max-video-preview:-1\" \/>\n<link rel=\"canonical\" href=\"https:\/\/woblink.com\/blog\/czerwcowe-premiery-wydawnictwa-marginesy-2021\/\" \/>\n<meta property=\"og:locale\" content=\"pl_PL\" \/>\n<meta property=\"og:type\" content=\"article\" \/>\n<meta property=\"og:title\" content=\"Czerwcowe premiery Wydawnictwa Marginesy 2021 - Woblink\" \/>\n<meta property=\"og:description\" content=\"Prze\u0142om maja i czerwca to zwykle okres gor\u0105cych premier wydawniczych. Tym razem zebrali\u015bmy dla was najciekawsze zapowiedzi Wydawnictwa Marginesy\" \/>\n<meta property=\"og:url\" content=\"https:\/\/woblink.com\/blog\/czerwcowe-premiery-wydawnictwa-marginesy-2021\/\" \/>\n<meta property=\"og:site_name\" content=\"Woblink\" \/>\n<meta property=\"article:publisher\" content=\"https:\/\/facebook.com\/woblink\" \/>\n<meta property=\"article:published_time\" content=\"2021-06-01T11:40:17+00:00\" \/>\n<meta property=\"article:modified_time\" content=\"2025-11-28T09:12:39+00:00\" \/>\n<meta property=\"og:image\" content=\"https:\/\/woblink.com\/blog\/wp-content\/uploads\/2021\/06\/marginesy_zapowiedzi.png\" \/>\n\t<meta property=\"og:image:width\" content=\"1011\" \/>\n\t<meta property=\"og:image:height\" content=\"690\" \/>\n\t<meta property=\"og:image:type\" content=\"image\/png\" \/>\n<meta name=\"author\" content=\"Redakcja Woblinka\" \/>\n<meta name=\"twitter:card\" content=\"summary_large_image\" \/>\n<meta name=\"twitter:creator\" content=\"@woblink_com\" \/>\n<meta name=\"twitter:site\" content=\"@woblink_com\" \/>\n<meta name=\"twitter:label1\" content=\"Napisane przez\" \/>\n\t<meta name=\"twitter:data1\" content=\"Redakcja Woblinka\" \/>\n\t<meta name=\"twitter:label2\" content=\"Szacowany czas czytania\" \/>\n\t<meta name=\"twitter:data2\" content=\"6 minut\" \/>\n<script type=\"application\/ld+json\" class=\"yoast-schema-graph\">{\"@context\":\"https:\/\/schema.org\",\"@graph\":[{\"@type\":\"Article\",\"@id\":\"https:\/\/woblink.com\/blog\/czerwcowe-premiery-wydawnictwa-marginesy-2021\/#article\",\"isPartOf\":{\"@id\":\"https:\/\/woblink.com\/blog\/czerwcowe-premiery-wydawnictwa-marginesy-2021\/\"},\"author\":{\"name\":\"Redakcja Woblinka\",\"@id\":\"https:\/\/woblink.com\/blog\/#\/schema\/person\/8ab6b79d64fa54209272130c4c3b1e95\"},\"headline\":\"Czerwcowe premiery Wydawnictwa Marginesy 2021\",\"datePublished\":\"2021-06-01T11:40:17+00:00\",\"dateModified\":\"2025-11-28T09:12:39+00:00\",\"mainEntityOfPage\":{\"@id\":\"https:\/\/woblink.com\/blog\/czerwcowe-premiery-wydawnictwa-marginesy-2021\/\"},\"wordCount\":1150,\"publisher\":{\"@id\":\"https:\/\/woblink.com\/blog\/#organization\"},\"articleSection\":[\"Premiery ksi\u0105\u017cek\"],\"inLanguage\":\"pl-PL\"},{\"@type\":\"WebPage\",\"@id\":\"https:\/\/woblink.com\/blog\/czerwcowe-premiery-wydawnictwa-marginesy-2021\/\",\"url\":\"https:\/\/woblink.com\/blog\/czerwcowe-premiery-wydawnictwa-marginesy-2021\/\",\"name\":\"Czerwcowe premiery Wydawnictwa Marginesy 2021 - Woblink\",\"isPartOf\":{\"@id\":\"https:\/\/woblink.com\/blog\/#website\"},\"datePublished\":\"2021-06-01T11:40:17+00:00\",\"dateModified\":\"2025-11-28T09:12:39+00:00\",\"description\":\"Prze\u0142om maja i czerwca to zwykle okres gor\u0105cych premier wydawniczych. Tym razem zebrali\u015bmy dla was najciekawsze zapowiedzi Wydawnictwa Marginesy\",\"breadcrumb\":{\"@id\":\"https:\/\/woblink.com\/blog\/czerwcowe-premiery-wydawnictwa-marginesy-2021\/#breadcrumb\"},\"inLanguage\":\"pl-PL\",\"potentialAction\":[{\"@type\":\"ReadAction\",\"target\":[\"https:\/\/woblink.com\/blog\/czerwcowe-premiery-wydawnictwa-marginesy-2021\/\"]}]},{\"@type\":\"BreadcrumbList\",\"@id\":\"https:\/\/woblink.com\/blog\/czerwcowe-premiery-wydawnictwa-marginesy-2021\/#breadcrumb\",\"itemListElement\":[{\"@type\":\"ListItem\",\"position\":1,\"name\":\"Strona g\u0142\u00f3wna\",\"item\":\"https:\/\/woblink.com\/blog\/\"},{\"@type\":\"ListItem\",\"position\":2,\"name\":\"Czerwcowe premiery Wydawnictwa Marginesy 2021\"}]},{\"@type\":\"WebSite\",\"@id\":\"https:\/\/woblink.com\/blog\/#website\",\"url\":\"https:\/\/woblink.com\/blog\/\",\"name\":\"Woblink\",\"description\":\"najlepszy firmowy blog o ksi\u0105\u017ckach\",\"publisher\":{\"@id\":\"https:\/\/woblink.com\/blog\/#organization\"},\"potentialAction\":[{\"@type\":\"SearchAction\",\"target\":{\"@type\":\"EntryPoint\",\"urlTemplate\":\"https:\/\/woblink.com\/blog\/?s={search_term_string}\"},\"query-input\":\"required name=search_term_string\"}],\"inLanguage\":\"pl-PL\"},{\"@type\":\"Organization\",\"@id\":\"https:\/\/woblink.com\/blog\/#organization\",\"name\":\"Woblink\",\"url\":\"https:\/\/woblink.com\/blog\/\",\"logo\":{\"@type\":\"ImageObject\",\"inLanguage\":\"pl-PL\",\"@id\":\"https:\/\/woblink.com\/blog\/#\/schema\/logo\/image\/\",\"url\":\"https:\/\/i0.wp.com\/woblink.com\/blog\/wp-content\/uploads\/2019\/04\/nw_logoB.png?fit=185%2C42&ssl=1\",\"contentUrl\":\"https:\/\/i0.wp.com\/woblink.com\/blog\/wp-content\/uploads\/2019\/04\/nw_logoB.png?fit=185%2C42&ssl=1\",\"width\":185,\"height\":42,\"caption\":\"Woblink\"},\"image\":{\"@id\":\"https:\/\/woblink.com\/blog\/#\/schema\/logo\/image\/\"},\"sameAs\":[\"https:\/\/facebook.com\/woblink\",\"https:\/\/twitter.com\/woblink_com\",\"https:\/\/www.instagram.com\/woblink_com\",\"https:\/\/www.linkedin.com\/company\/woblink\/\"]},{\"@type\":\"Person\",\"@id\":\"https:\/\/woblink.com\/blog\/#\/schema\/person\/8ab6b79d64fa54209272130c4c3b1e95\",\"name\":\"Redakcja Woblinka\",\"image\":{\"@type\":\"ImageObject\",\"inLanguage\":\"pl-PL\",\"@id\":\"https:\/\/woblink.com\/blog\/#\/schema\/person\/image\/\",\"url\":\"https:\/\/secure.gravatar.com\/avatar\/f23ae80a7c9da060bee5f8310913478b?s=96&d=mm&r=g\",\"contentUrl\":\"https:\/\/secure.gravatar.com\/avatar\/f23ae80a7c9da060bee5f8310913478b?s=96&d=mm&r=g\",\"caption\":\"Redakcja Woblinka\"},\"url\":\"https:\/\/woblink.com\/blog\/author\/krasny\/\"}]}<\/script>\n<!-- \/ Yoast SEO plugin. -->","yoast_head_json":{"title":"Czerwcowe premiery Wydawnictwa Marginesy 2021 - Woblink","description":"Prze\u0142om maja i czerwca to zwykle okres gor\u0105cych premier wydawniczych. Tym razem zebrali\u015bmy dla was najciekawsze zapowiedzi Wydawnictwa Marginesy","robots":{"index":"index","follow":"follow","max-snippet":"max-snippet:-1","max-image-preview":"max-image-preview:large","max-video-preview":"max-video-preview:-1"},"canonical":"https:\/\/woblink.com\/blog\/czerwcowe-premiery-wydawnictwa-marginesy-2021\/","og_locale":"pl_PL","og_type":"article","og_title":"Czerwcowe premiery Wydawnictwa Marginesy 2021 - Woblink","og_description":"Prze\u0142om maja i czerwca to zwykle okres gor\u0105cych premier wydawniczych. Tym razem zebrali\u015bmy dla was najciekawsze zapowiedzi Wydawnictwa Marginesy","og_url":"https:\/\/woblink.com\/blog\/czerwcowe-premiery-wydawnictwa-marginesy-2021\/","og_site_name":"Woblink","article_publisher":"https:\/\/facebook.com\/woblink","article_published_time":"2021-06-01T11:40:17+00:00","article_modified_time":"2025-11-28T09:12:39+00:00","og_image":[{"width":1011,"height":690,"url":"https:\/\/woblink.com\/blog\/wp-content\/uploads\/2021\/06\/marginesy_zapowiedzi.png","type":"image\/png"}],"author":"Redakcja Woblinka","twitter_card":"summary_large_image","twitter_creator":"@woblink_com","twitter_site":"@woblink_com","twitter_misc":{"Napisane przez":"Redakcja Woblinka","Szacowany czas czytania":"6 minut"},"schema":{"@context":"https:\/\/schema.org","@graph":[{"@type":"Article","@id":"https:\/\/woblink.com\/blog\/czerwcowe-premiery-wydawnictwa-marginesy-2021\/#article","isPartOf":{"@id":"https:\/\/woblink.com\/blog\/czerwcowe-premiery-wydawnictwa-marginesy-2021\/"},"author":{"name":"Redakcja Woblinka","@id":"https:\/\/woblink.com\/blog\/#\/schema\/person\/8ab6b79d64fa54209272130c4c3b1e95"},"headline":"Czerwcowe premiery Wydawnictwa Marginesy 2021","datePublished":"2021-06-01T11:40:17+00:00","dateModified":"2025-11-28T09:12:39+00:00","mainEntityOfPage":{"@id":"https:\/\/woblink.com\/blog\/czerwcowe-premiery-wydawnictwa-marginesy-2021\/"},"wordCount":1150,"publisher":{"@id":"https:\/\/woblink.com\/blog\/#organization"},"articleSection":["Premiery ksi\u0105\u017cek"],"inLanguage":"pl-PL"},{"@type":"WebPage","@id":"https:\/\/woblink.com\/blog\/czerwcowe-premiery-wydawnictwa-marginesy-2021\/","url":"https:\/\/woblink.com\/blog\/czerwcowe-premiery-wydawnictwa-marginesy-2021\/","name":"Czerwcowe premiery Wydawnictwa Marginesy 2021 - Woblink","isPartOf":{"@id":"https:\/\/woblink.com\/blog\/#website"},"datePublished":"2021-06-01T11:40:17+00:00","dateModified":"2025-11-28T09:12:39+00:00","description":"Prze\u0142om maja i czerwca to zwykle okres gor\u0105cych premier wydawniczych. Tym razem zebrali\u015bmy dla was najciekawsze zapowiedzi Wydawnictwa Marginesy","breadcrumb":{"@id":"https:\/\/woblink.com\/blog\/czerwcowe-premiery-wydawnictwa-marginesy-2021\/#breadcrumb"},"inLanguage":"pl-PL","potentialAction":[{"@type":"ReadAction","target":["https:\/\/woblink.com\/blog\/czerwcowe-premiery-wydawnictwa-marginesy-2021\/"]}]},{"@type":"BreadcrumbList","@id":"https:\/\/woblink.com\/blog\/czerwcowe-premiery-wydawnictwa-marginesy-2021\/#breadcrumb","itemListElement":[{"@type":"ListItem","position":1,"name":"Strona g\u0142\u00f3wna","item":"https:\/\/woblink.com\/blog\/"},{"@type":"ListItem","position":2,"name":"Czerwcowe premiery Wydawnictwa Marginesy 2021"}]},{"@type":"WebSite","@id":"https:\/\/woblink.com\/blog\/#website","url":"https:\/\/woblink.com\/blog\/","name":"Woblink","description":"najlepszy firmowy blog o ksi\u0105\u017ckach","publisher":{"@id":"https:\/\/woblink.com\/blog\/#organization"},"potentialAction":[{"@type":"SearchAction","target":{"@type":"EntryPoint","urlTemplate":"https:\/\/woblink.com\/blog\/?s={search_term_string}"},"query-input":"required name=search_term_string"}],"inLanguage":"pl-PL"},{"@type":"Organization","@id":"https:\/\/woblink.com\/blog\/#organization","name":"Woblink","url":"https:\/\/woblink.com\/blog\/","logo":{"@type":"ImageObject","inLanguage":"pl-PL","@id":"https:\/\/woblink.com\/blog\/#\/schema\/logo\/image\/","url":"https:\/\/i0.wp.com\/woblink.com\/blog\/wp-content\/uploads\/2019\/04\/nw_logoB.png?fit=185%2C42&ssl=1","contentUrl":"https:\/\/i0.wp.com\/woblink.com\/blog\/wp-content\/uploads\/2019\/04\/nw_logoB.png?fit=185%2C42&ssl=1","width":185,"height":42,"caption":"Woblink"},"image":{"@id":"https:\/\/woblink.com\/blog\/#\/schema\/logo\/image\/"},"sameAs":["https:\/\/facebook.com\/woblink","https:\/\/twitter.com\/woblink_com","https:\/\/www.instagram.com\/woblink_com","https:\/\/www.linkedin.com\/company\/woblink\/"]},{"@type":"Person","@id":"https:\/\/woblink.com\/blog\/#\/schema\/person\/8ab6b79d64fa54209272130c4c3b1e95","name":"Redakcja Woblinka","image":{"@type":"ImageObject","inLanguage":"pl-PL","@id":"https:\/\/woblink.com\/blog\/#\/schema\/person\/image\/","url":"https:\/\/secure.gravatar.com\/avatar\/f23ae80a7c9da060bee5f8310913478b?s=96&d=mm&r=g","contentUrl":"https:\/\/secure.gravatar.com\/avatar\/f23ae80a7c9da060bee5f8310913478b?s=96&d=mm&r=g","caption":"Redakcja Woblinka"},"url":"https:\/\/woblink.com\/blog\/author\/krasny\/"}]}},"jetpack_featured_media_url":"https:\/\/i0.wp.com\/woblink.com\/blog\/wp-content\/uploads\/2021\/06\/marginesy_zapowiedzi.png?fit=1011%2C690&ssl=1","_links":{"self":[{"href":"https:\/\/woblink.com\/blog\/wp-json\/wp\/v2\/posts\/4775"}],"collection":[{"href":"https:\/\/woblink.com\/blog\/wp-json\/wp\/v2\/posts"}],"about":[{"href":"https:\/\/woblink.com\/blog\/wp-json\/wp\/v2\/types\/post"}],"author":[{"embeddable":true,"href":"https:\/\/woblink.com\/blog\/wp-json\/wp\/v2\/users\/7"}],"replies":[{"embeddable":true,"href":"https:\/\/woblink.com\/blog\/wp-json\/wp\/v2\/comments?post=4775"}],"version-history":[{"count":1,"href":"https:\/\/woblink.com\/blog\/wp-json\/wp\/v2\/posts\/4775\/revisions"}],"predecessor-version":[{"id":4783,"href":"https:\/\/woblink.com\/blog\/wp-json\/wp\/v2\/posts\/4775\/revisions\/4783"}],"wp:featuredmedia":[{"embeddable":true,"href":"https:\/\/woblink.com\/blog\/wp-json\/wp\/v2\/media\/4776"}],"wp:attachment":[{"href":"https:\/\/woblink.com\/blog\/wp-json\/wp\/v2\/media?parent=4775"}],"wp:term":[{"taxonomy":"category","embeddable":true,"href":"https:\/\/woblink.com\/blog\/wp-json\/wp\/v2\/categories?post=4775"},{"taxonomy":"post_tag","embeddable":true,"href":"https:\/\/woblink.com\/blog\/wp-json\/wp\/v2\/tags?post=4775"}],"curies":[{"name":"wp","href":"https:\/\/api.w.org\/{rel}","templated":true}]}}