{"id":4830,"date":"2021-06-10T13:24:34","date_gmt":"2021-06-10T11:24:34","guid":{"rendered":"https:\/\/woblink.com\/blog\/?p=4830"},"modified":"2021-06-10T13:24:34","modified_gmt":"2021-06-10T11:24:34","slug":"noc-audiobookow-ponad-150-audiobookow-od-349-do-1849","status":"publish","type":"post","link":"https:\/\/woblink.com\/blog\/noc-audiobookow-ponad-150-audiobookow-od-349-do-1849\/","title":{"rendered":"Noc Audiobook\u00f3w \u2013 ponad 150 audiobook\u00f3w od 3,49 do 18,49!"},"content":{"rendered":"<p><strong>Powracamy z kolejn\u0105 bezsenn\u0105 Noc\u0105 Audiobook\u00f3w! Ju\u017c dzi\u015b od godziny 18.00 do 6:00 nast\u0119pnego dnia w naszej ksi\u0119garni internetowej znajdziecie ponad 150 audiobook\u00f3w w wyj\u0105tkowych cenach od 3,49 z\u0142 do 18,49 z\u0142.\u00a0<\/strong><\/p>\n<p><!--more--><\/p>\n<h3><b>Noc Audiobook\u00f3w!<\/b><\/h3>\n<p><span style=\"font-weight: 400;\">Tylko tej nocy, z 10 na 11 czerwca, w naszym sklepie mo\u017cecie upolowa\u0107 niezwyk\u0142e audiobooki przecenione nawet o 70%! W promocji z okazji Nocy Audiobook\u00f3w znajdziecie ponad 150 wartych uwagi tytu\u0142\u00f3w w cenach od 3,49 z\u0142 do 18,49 z\u0142. \u017beby u\u0142atwi\u0107 wam wyb\u00f3r i nocne \u0142owy, przedstawiamy dziesi\u0119\u0107 najciekawszych pozycji, kt\u00f3re znalaz\u0142y si\u0119 w promocji.\u00a0<\/span><\/p>\n<p><img decoding=\"async\" loading=\"lazy\" class=\"aligncenter wp-image-4842 \" src=\"https:\/\/i0.wp.com\/woblink.com\/blog\/wp-content\/uploads\/2021\/06\/1_baner_bezokladek_tlo2.jpeg?resize=616%2C323&#038;ssl=1\" alt=\"noc audiobook\u00f3w czerwiec 2021\" width=\"616\" height=\"323\" srcset=\"https:\/\/i0.wp.com\/woblink.com\/blog\/wp-content\/uploads\/2021\/06\/1_baner_bezokladek_tlo2.jpeg?w=763&amp;ssl=1 763w, https:\/\/i0.wp.com\/woblink.com\/blog\/wp-content\/uploads\/2021\/06\/1_baner_bezokladek_tlo2.jpeg?resize=300%2C157&amp;ssl=1 300w, https:\/\/i0.wp.com\/woblink.com\/blog\/wp-content\/uploads\/2021\/06\/1_baner_bezokladek_tlo2.jpeg?resize=600%2C315&amp;ssl=1 600w\" sizes=\"(max-width: 616px) 100vw, 616px\" data-recalc-dims=\"1\" \/><\/p>\n<h3><strong>Operacja Rafael \u2013 Marek Kozubal, Marcin Fali\u0144ski, Czarna Owca, 14,99<\/strong><\/h3>\n<figure id=\"attachment_4831\" aria-describedby=\"caption-attachment-4831\" style=\"width: 300px\" class=\"wp-caption aligncenter\"><a href=\"https:\/\/woblink.com\/audiobook\/operacja-rafael-marek-kozubal-marcin-fali-nski-162054\"><img decoding=\"async\" loading=\"lazy\" class=\"wp-image-4831 size-medium\" src=\"https:\/\/i0.wp.com\/woblink.com\/blog\/wp-content\/uploads\/2021\/06\/5e3dfa198f1d0.jpeg?resize=300%2C285&#038;ssl=1\" alt=\"Noc audiobook\u00f3w\" width=\"300\" height=\"285\" srcset=\"https:\/\/i0.wp.com\/woblink.com\/blog\/wp-content\/uploads\/2021\/06\/5e3dfa198f1d0.jpeg?resize=300%2C285&amp;ssl=1 300w, https:\/\/i0.wp.com\/woblink.com\/blog\/wp-content\/uploads\/2021\/06\/5e3dfa198f1d0.jpeg?w=570&amp;ssl=1 570w\" sizes=\"(max-width: 300px) 100vw, 300px\" data-recalc-dims=\"1\" \/><\/a><figcaption id=\"caption-attachment-4831\" class=\"wp-caption-text\"><center><strong>Kup <a href=\"https:\/\/woblink.com\/audiobook\/operacja-rafael-marek-kozubal-marcin-fali-nski-162054\">audiobooka<\/a> na Woblink.com<\/strong><\/center><\/figcaption><\/figure>\n<h3><strong>Miedzianka. Historia znikania \u2013 Filip Springer, Czarne, 12,99<\/strong><\/h3>\n<p>\u201eMiedzianka\u201d to wyj\u0105tkowy reporta\u017c Filipa Springera dokumentuj\u0105cy histori\u0119 znikania. Coppferberge, Kopferberg, Kupferberg, Miedzianka \u2013 tak na przestrzeni wiek\u00f3w nazywa\u0142o si\u0119 niewielkie \u015bl\u0105skie miasteczko, przez przesz\u0142o 400 lat posiadaj\u0105ce prawa miejskie. Teraz to niewielka wie\u015b, w kt\u00f3rej mieszka blisko 100 os\u00f3b.Co doprowadzi\u0142o do upadku Miedzianki? Wojna? Przemys\u0142 g\u00f3rniczy? Zniszczenia zwi\u0105zane z wydobywaniem uranu przez Rosjan? Na te pytania stara\u0142 si\u0119 znale\u017a\u0107 odpowiedzi Filip Springer, kt\u00f3ry po\u015bwi\u0119ci\u0142 \u201eMiedziance\u201d ponad dwa lata.<\/p>\n<figure id=\"attachment_4841\" aria-describedby=\"caption-attachment-4841\" style=\"width: 192px\" class=\"wp-caption aligncenter\"><a href=\"https:\/\/woblink.com\/audiobook\/miedzianka-historia-znikania-filip-springer-24669\"><img decoding=\"async\" loading=\"lazy\" class=\"wp-image-4841 size-medium\" src=\"https:\/\/i0.wp.com\/woblink.com\/blog\/wp-content\/uploads\/2021\/06\/5e8a6b7338955.jpeg?resize=192%2C300&#038;ssl=1\" alt=\"miedzianka noc audiobook\u00f3w\" width=\"192\" height=\"300\" srcset=\"https:\/\/i0.wp.com\/woblink.com\/blog\/wp-content\/uploads\/2021\/06\/5e8a6b7338955.jpeg?resize=192%2C300&amp;ssl=1 192w, https:\/\/i0.wp.com\/woblink.com\/blog\/wp-content\/uploads\/2021\/06\/5e8a6b7338955.jpeg?w=548&amp;ssl=1 548w\" sizes=\"(max-width: 192px) 100vw, 192px\" data-recalc-dims=\"1\" \/><\/a><figcaption id=\"caption-attachment-4841\" class=\"wp-caption-text\"><center><strong>Kup <a href=\"https:\/\/woblink.com\/audiobook\/miedzianka-historia-znikania-filip-springer-24669\">audiobooka<\/a> na Woblink.com<\/strong><\/center><\/figcaption><\/figure>\n<h3><strong>Kr\u00f3l \u2013 Szczepan Twardoch, Wydawnictwo Literackie, 14,99 z\u0142<\/strong><\/h3>\n<p>Jednym z najlepszych k\u0105sk\u00f3w w promocji na pewno jest \u201eKr\u00f3l\u201d \u2013 bestsellerowa powie\u015b\u0107 Szczepana Twardocha. G\u0142\u00f3wna o\u015b fabularna ksi\u0105\u017cki rozgrywa si\u0119 pod koniec lat 30. XX wieku w Warszawie. W stolicy daje si\u0119 wyczu\u0107 napi\u0119cie zbli\u017caj\u0105cej si\u0119 wojny. Na ulicach \u015bcieraj\u0105 si\u0119 ze sob\u0105 nacjonali\u015bci z socjalistami. Na dodatek podsycane s\u0105 nastroje antysemickie \u2013 na uniwersytetach wprowadzone zostaj\u0105 getta \u0142awkowe. G\u0142\u00f3wnym bohaterem powie\u015bci jest Jakub Szapiro, zawodowy bokser \u017cydowskiego klubu Makabi. Po godzinach Szapiro schodzi do gangsterskiego podziemia. U boku Kuma Kaplicy \u2013 starego PPS-owskiego bojownika, socjalisty i herszta za\u0142atwia interesy i pomaga w utrzymaniu wp\u0142yw\u00f3w swojego prze\u0142o\u017conego. \u201eKr\u00f3l\u201d to rasowa powie\u015b\u0107 sensacyjna, nie brakuje w niej gangsterskich porachunk\u00f3w, pi\u0119knych kobiet, drogich samochod\u00f3w, spektakularnych po\u015bcig\u00f3w i wstrz\u0105saj\u0105cych zwrot\u00f3w akcji.<\/p>\n<figure id=\"attachment_3758\" aria-describedby=\"caption-attachment-3758\" style=\"width: 300px\" class=\"wp-caption aligncenter\"><a href=\"https:\/\/woblink.com\/audiobook\/kr-ol-szczepan-twardoch-25328\"><img decoding=\"async\" loading=\"lazy\" class=\"wp-image-3758 size-medium\" src=\"https:\/\/i0.wp.com\/woblink.com\/blog\/wp-content\/uploads\/2020\/12\/5f98b60755932.jpeg?resize=300%2C300&#038;ssl=1\" alt=\"bestsellery woblinka audiobook kr\u00f3l szczepan twardoch\" width=\"300\" height=\"300\" srcset=\"https:\/\/i0.wp.com\/woblink.com\/blog\/wp-content\/uploads\/2020\/12\/5f98b60755932.jpeg?resize=300%2C300&amp;ssl=1 300w, https:\/\/i0.wp.com\/woblink.com\/blog\/wp-content\/uploads\/2020\/12\/5f98b60755932.jpeg?resize=150%2C150&amp;ssl=1 150w, https:\/\/i0.wp.com\/woblink.com\/blog\/wp-content\/uploads\/2020\/12\/5f98b60755932.jpeg?resize=100%2C100&amp;ssl=1 100w, https:\/\/i0.wp.com\/woblink.com\/blog\/wp-content\/uploads\/2020\/12\/5f98b60755932.jpeg?w=570&amp;ssl=1 570w\" sizes=\"(max-width: 300px) 100vw, 300px\" data-recalc-dims=\"1\" \/><\/a><figcaption id=\"caption-attachment-3758\" class=\"wp-caption-text\"><center><strong>Kup <a href=\"https:\/\/woblink.com\/audiobook\/kr-ol-szczepan-twardoch-25328\">audiobooka<\/a> na Woblink.com<\/strong><\/center><\/figcaption><\/figure>\n<h3><strong>\u00a0Lista Lucyfera \u2013 Krzysztof Bochus, Skarpa Warszawska, 10,99 z\u0142\u00a0<\/strong><\/h3>\n<p>\u201eLista Lucyfera\u201d to drugi tom cyklu z Adamem Bergiem w roli g\u0142\u00f3wnej. To przewrotny thriller o samotno\u015bci i z\u0142u. Autor ponownie zabiera czytelnik\u00f3w na Pomorze. W Tr\u00f3jmie\u015bcie dochodzi do serii niezwykle brutalnych morderstw. Sprawca postanawia skontaktowa\u0107 si\u0119 z redaktorem Bergiem. Przy pomocy dziennikarza morderca komunikuje si\u0119 z opini\u0105 publiczn\u0105 \u2013 Lucyfer, jak sam siebie zwie, zdradza swoje kolejne kroki.<\/p>\n<figure id=\"attachment_4839\" aria-describedby=\"caption-attachment-4839\" style=\"width: 270px\" class=\"wp-caption aligncenter\"><a href=\"https:\/\/woblink.com\/audiobook\/lista-lucyfera-krzysztof-bochus-183526\"><img decoding=\"async\" loading=\"lazy\" class=\"wp-image-4839 size-full\" src=\"https:\/\/i0.wp.com\/woblink.com\/blog\/wp-content\/uploads\/2021\/06\/lista-lucyfera-duze.png?resize=270%2C270&#038;ssl=1\" alt=\"lsta lucyfera noc audiobook\u00f3w 2021\" width=\"270\" height=\"270\" srcset=\"https:\/\/i0.wp.com\/woblink.com\/blog\/wp-content\/uploads\/2021\/06\/lista-lucyfera-duze.png?w=270&amp;ssl=1 270w, https:\/\/i0.wp.com\/woblink.com\/blog\/wp-content\/uploads\/2021\/06\/lista-lucyfera-duze.png?resize=150%2C150&amp;ssl=1 150w, https:\/\/i0.wp.com\/woblink.com\/blog\/wp-content\/uploads\/2021\/06\/lista-lucyfera-duze.png?resize=100%2C100&amp;ssl=1 100w\" sizes=\"(max-width: 270px) 100vw, 270px\" data-recalc-dims=\"1\" \/><\/a><figcaption id=\"caption-attachment-4839\" class=\"wp-caption-text\"><center><strong>Kup <a href=\"https:\/\/woblink.com\/audiobook\/lista-lucyfera-krzysztof-bochus-183526\">audiobooka<\/a> na Woblink.com<\/strong><\/center><\/figcaption><\/figure>\n<h3><strong>\u201eFarma lalek\u201d \u2013 Wojciech Chmielarz, Aleksandria, 10,99 z\u0142<\/strong><\/h3>\n<p>\u201eFarma lalek\u201d to drugi tom cyklu z Jakubem Mortk\u0105 w roli g\u0142\u00f3wnej. Mortka dostaje sta\u017c w niewielkiej miejscowo\u015bci w Karkonoszach. Trafia tam nieprzypadkowo \u2013 \u015bledczy ma odpocz\u0105\u0107 i powa\u017cnie przemy\u015ble\u0107 swoje \u017cycie. Niestety nie dane mu jest odetchn\u0105\u0107 \u2013 w okolicy znika nastolatka \u2013 Marta. Policji bardzo sprawnie i szybko udaje si\u0119 z\u0142apa\u0107 m\u0119\u017cczyzn\u0119, kt\u00f3ry przyznaje si\u0119 do pope\u0142nienia zbrodni. Mortka ma przeczucie, \u017ce sprawa jest trudniejsza ni\u017c si\u0119 wydaje. \u015alady prowadz\u0105 go do uranowych sztolni, kt\u00f3re skrywaj\u0105 wiele tajemnic.<\/p>\n<figure id=\"attachment_4840\" aria-describedby=\"caption-attachment-4840\" style=\"width: 209px\" class=\"wp-caption aligncenter\"><a href=\"https:\/\/woblink.com\/audiobook\/farma-lalek-wojciech-chmielarz-28324\"><img decoding=\"async\" loading=\"lazy\" class=\"wp-image-4840 size-medium\" src=\"https:\/\/i0.wp.com\/woblink.com\/blog\/wp-content\/uploads\/2021\/06\/58c0277750df1.jpeg?resize=209%2C300&#038;ssl=1\" alt=\"noc audiobook\u00f3w chmielarz farma lalek 2021\" width=\"209\" height=\"300\" srcset=\"https:\/\/i0.wp.com\/woblink.com\/blog\/wp-content\/uploads\/2021\/06\/58c0277750df1.jpeg?resize=209%2C300&amp;ssl=1 209w, https:\/\/i0.wp.com\/woblink.com\/blog\/wp-content\/uploads\/2021\/06\/58c0277750df1.jpeg?w=570&amp;ssl=1 570w\" sizes=\"(max-width: 209px) 100vw, 209px\" data-recalc-dims=\"1\" \/><\/a><figcaption id=\"caption-attachment-4840\" class=\"wp-caption-text\"><center><strong>Kup <a href=\"https:\/\/woblink.com\/audiobook\/farma-lalek-wojciech-chmielarz-28324\">audiobooka<\/a> na Woblink.com<\/strong><\/center><\/figcaption><\/figure>\n<h3><b>Jak czyta\u0107 ludzi &#8211; radzi agent FBI \u2013 Robin Dreeke Cameron Stauth, t\u0142um. Ma\u0142gorzata Maruszkin, czyta Maciej Jab\u0142o\u0144ski, Wydawnictwa Kompania Mediowa, 11,99 z\u0142<\/b><\/h3>\n<p><span style=\"font-weight: 400;\">Audiobook \u201eJak czyta\u0107 ludzi\u201d od d\u0142u\u017cszego czasu nie znika z pierwszego miejsca listy top 100 bestsellerowych tytu\u0142\u00f3w na Woblinku. To pierwsza publikacja by\u0142ego agenta i Szefa Programu Analizy Behawioralnej FBI, Robina Dreeke\u2019a, jaka ukaza\u0142a si\u0119 w polskim t\u0142umaczeniu. Ksi\u0105\u017cka Dreeke;a jest kluczem do odczytywania intencji, d\u0105\u017ce\u0144 oraz motywacji innych ludzi. By\u0142y agent FBI dzieli si\u0119 w niej z wypracowanym przez siebie system umo\u017cliwiaj\u0105cym diagnoz\u0119 i przewidywanie ludzkich zachowa\u0144.\u00a0\u00a0<\/span><\/p>\n<figure id=\"attachment_4838\" aria-describedby=\"caption-attachment-4838\" style=\"width: 300px\" class=\"wp-caption aligncenter\"><a href=\"https:\/\/woblink.com\/audiobook\/jak-czyta-c-ludzi-radzi-agent-fbi-robin-dreeke-cameron-stauth-189899\"><img decoding=\"async\" loading=\"lazy\" class=\"wp-image-4838 size-medium\" src=\"https:\/\/i0.wp.com\/woblink.com\/blog\/wp-content\/uploads\/2021\/06\/5efb382aea4d5.jpeg?resize=300%2C300&#038;ssl=1\" alt=\"jak czyta\u0107 ludzi inwestuj w siebie\" width=\"300\" height=\"300\" srcset=\"https:\/\/i0.wp.com\/woblink.com\/blog\/wp-content\/uploads\/2021\/06\/5efb382aea4d5.jpeg?resize=300%2C300&amp;ssl=1 300w, https:\/\/i0.wp.com\/woblink.com\/blog\/wp-content\/uploads\/2021\/06\/5efb382aea4d5.jpeg?resize=150%2C150&amp;ssl=1 150w, https:\/\/i0.wp.com\/woblink.com\/blog\/wp-content\/uploads\/2021\/06\/5efb382aea4d5.jpeg?resize=100%2C100&amp;ssl=1 100w, https:\/\/i0.wp.com\/woblink.com\/blog\/wp-content\/uploads\/2021\/06\/5efb382aea4d5.jpeg?w=570&amp;ssl=1 570w\" sizes=\"(max-width: 300px) 100vw, 300px\" data-recalc-dims=\"1\" \/><\/a><figcaption id=\"caption-attachment-4838\" class=\"wp-caption-text\"><center><strong>Kup <a href=\"https:\/\/woblink.com\/audiobook\/jak-czyta-c-ludzi-radzi-agent-fbi-robin-dreeke-cameron-stauth-189899\">audiobooka<\/a> na Woblink.com<\/strong><\/center><\/figcaption><\/figure>\n<h3><b>Jask\u00f3\u0142ki z Czarnobyla \u2013 Audic Morgan, t\u0142um. Pawe\u0142 \u0141api\u0144ski, czyta Leszek Filipowicz, Wydawnictwo Kobiece, 16,99 z\u0142\u00a0\u00a0<\/b><\/h3>\n<p><span style=\"font-weight: 400;\">W promocji z okazji Nocy Audiobook\u00f3w znalaz\u0142a si\u0119 tak\u017ce powie\u015b\u0107 \u201eJask\u00f3\u0142ki z Czarnobyla\u201d za kt\u00f3r\u0105 jej autor, Morgan Audic, zosta\u0142 w tym roku uhonorowany \u201eZ\u0142otym Pociskiem\u201d w kategorii najlepsza zagraniczna powie\u015b\u0107 kryminalna. Audic w swojej ksi\u0105\u017cce powraca do tragedii, do jakiej w 1986 roku dosz\u0142o w elektrowni atomowej w Czarnobylu. Na terenie dawnej zony t\u0142umnie przyje\u017cd\u017caj\u0105 zafascynowani katastrof\u0105 tury\u015bci. Podczas jednej z wycieczek zostaj\u0105 odnalezione zw\u0142oki m\u0119\u017cczyzny. Sprawa zostaje przydzielona Aleksandrowi Ryba\u0142ko, kt\u00f3ry mieszka\u0142 w Prypeci jako dziecko, ornitolo\u017cce Ninie i pracuj\u0105cemu od kilku lat w Czarnobylu policjantowi Josifowi Melnykowi. Czy uda im si\u0119 rozwi\u0105za\u0107 makabryczn\u0105 zagadk\u0119? I czy ta \u015bmier\u0107 ma zwi\u0105zek z inn\u0105, maj\u0105c\u0105 miejsce w dzie\u0144 czarnobylskiej katastrofy.\u00a0<\/span><\/p>\n<figure id=\"attachment_4833\" aria-describedby=\"caption-attachment-4833\" style=\"width: 300px\" class=\"wp-caption aligncenter\"><a href=\"https:\/\/woblink.com\/audiobook\/jask-olki-z-czarnobyla-morgan-audic-193404\"><img decoding=\"async\" loading=\"lazy\" class=\"wp-image-4833 size-medium\" src=\"https:\/\/i0.wp.com\/woblink.com\/blog\/wp-content\/uploads\/2021\/06\/5f5251e09348d.jpeg?resize=300%2C300&#038;ssl=1\" alt=\"Jask\u00f3\u0142ki z Czarnobyla audiobook\u00f3w noc\" width=\"300\" height=\"300\" srcset=\"https:\/\/i0.wp.com\/woblink.com\/blog\/wp-content\/uploads\/2021\/06\/5f5251e09348d.jpeg?resize=300%2C300&amp;ssl=1 300w, https:\/\/i0.wp.com\/woblink.com\/blog\/wp-content\/uploads\/2021\/06\/5f5251e09348d.jpeg?resize=150%2C150&amp;ssl=1 150w, https:\/\/i0.wp.com\/woblink.com\/blog\/wp-content\/uploads\/2021\/06\/5f5251e09348d.jpeg?resize=100%2C100&amp;ssl=1 100w, https:\/\/i0.wp.com\/woblink.com\/blog\/wp-content\/uploads\/2021\/06\/5f5251e09348d.jpeg?w=570&amp;ssl=1 570w\" sizes=\"(max-width: 300px) 100vw, 300px\" data-recalc-dims=\"1\" \/><\/a><figcaption id=\"caption-attachment-4833\" class=\"wp-caption-text\"><center><strong>Kup <a href=\"https:\/\/woblink.com\/audiobook\/jask-olki-z-czarnobyla-morgan-audic-193404\">audiobooka<\/a> na Woblink.com<\/strong><\/center><\/figcaption><\/figure>\n<h3><b>C\u00f3reczka \u2013 Kathryn Croft, t\u0142um. Julita Mastalerz, czyta Ewa Abart, Wydawnictwo S\u0142owne, 14,99 z\u0142<\/b><\/h3>\n<p><span style=\"font-weight: 400;\">\u201eC\u00f3reczka\u201d Kathryn Croft to pe\u0142en mroku thriller psychologiczny, w kt\u00f3rym napi\u0119cie i niepok\u00f3j rosn\u0105 z ka\u017cd\u0105 stron\u0105. Osiemna\u015bcie lat temu kto\u015b uprowadzi\u0142 p\u00f3\u0142roczn\u0105 c\u00f3reczk\u0119 Simone Porter, Helen\u0119. Kobieta i jej m\u0105\u017c Matt nigdy nie pogodzili si\u0119 z tragedi\u0105, jaka ich spotka\u0142a. Niespodziewanie z Simone kontaktuje si\u0119 m\u0142oda kobieta imieniem Grace, kt\u00f3ra twierdzi, \u017ce ma informacje o zaginionej Helenie. Nied\u0142ugo p\u00f3\u017aniej znika. Simone wyrusza na poszukiwanie tajemniczej kobiety \u2013 tylko Grace mo\u017ce wiedzie\u0107, co sta\u0142o si\u0119 z jej c\u00f3rk\u0105.<\/span><\/p>\n<figure id=\"attachment_4834\" aria-describedby=\"caption-attachment-4834\" style=\"width: 300px\" class=\"wp-caption aligncenter\"><a href=\"https:\/\/woblink.com\/audiobook\/c-oreczka-kathryn-croft-208653\"><img decoding=\"async\" loading=\"lazy\" class=\"wp-image-4834 size-medium\" src=\"https:\/\/i0.wp.com\/woblink.com\/blog\/wp-content\/uploads\/2021\/06\/6036807be29e9.jpeg?resize=300%2C284&#038;ssl=1\" alt=\"c\u00f3reczka audiobook noc audiobook\u00f3w\" width=\"300\" height=\"284\" srcset=\"https:\/\/i0.wp.com\/woblink.com\/blog\/wp-content\/uploads\/2021\/06\/6036807be29e9.jpeg?resize=300%2C284&amp;ssl=1 300w, https:\/\/i0.wp.com\/woblink.com\/blog\/wp-content\/uploads\/2021\/06\/6036807be29e9.jpeg?w=570&amp;ssl=1 570w\" sizes=\"(max-width: 300px) 100vw, 300px\" data-recalc-dims=\"1\" \/><\/a><figcaption id=\"caption-attachment-4834\" class=\"wp-caption-text\"><center><strong>Kup <a href=\"https:\/\/woblink.com\/audiobook\/c-oreczka-kathryn-croft-208653\">audiobooka<\/a> na Woblink.com<\/strong><\/center><\/figcaption><\/figure>\n<h3><b>Izbica, Izbica \u2013 Rafa\u0142 Hetman, czyta Andrzej Ferenc, Wydawnictwo Czarne, 18,49 z\u0142<\/b><\/h3>\n<p><span style=\"font-weight: 400;\">W swoim reporta\u017cu Rafa\u0142 Hetman, opowiada o postaciach, o kt\u00f3rych dotychczas uparcie milczano, pisze o wsp\u00f3\u0142czesnej Izbicy w odniesieniu do jej wojennej historii. Bohaterami \u201eIzbicy, Izbicy\u201d s\u0105 mi\u0119dzy innymi w\u0142a\u015bcicielka piekarni, katolicki ksi\u0105dz o \u017cydowskich pochodzeniu, pragn\u0105cy zemsty aptekarz czy ch\u0142opak z kul\u0105 w szcz\u0119ce. Z szeregu rozm\u00f3w, dokument\u00f3w i \u015bwiadectw tworzy wnikliwy portret polsko-\u017cydowskiej przesz\u0142o\u015bci. Hetman podejmuje r\u00f3wnie\u017c takie tematy jak pu\u0142apki ludzkiej pami\u0119ci czy konsekwencje milczenia.\u00a0<\/span><\/p>\n<figure id=\"attachment_4835\" aria-describedby=\"caption-attachment-4835\" style=\"width: 300px\" class=\"wp-caption aligncenter\"><a href=\"https:\/\/woblink.com\/audiobook\/izbica-izbica-rafal-hetman-213093\"><img decoding=\"async\" loading=\"lazy\" class=\"wp-image-4835 size-medium\" src=\"https:\/\/i0.wp.com\/woblink.com\/blog\/wp-content\/uploads\/2021\/06\/60a5a8faf1719.jpeg?resize=300%2C300&#038;ssl=1\" alt=\"izbica izbica noc audiobook\u00f3w\" width=\"300\" height=\"300\" srcset=\"https:\/\/i0.wp.com\/woblink.com\/blog\/wp-content\/uploads\/2021\/06\/60a5a8faf1719.jpeg?resize=300%2C300&amp;ssl=1 300w, https:\/\/i0.wp.com\/woblink.com\/blog\/wp-content\/uploads\/2021\/06\/60a5a8faf1719.jpeg?resize=150%2C150&amp;ssl=1 150w, https:\/\/i0.wp.com\/woblink.com\/blog\/wp-content\/uploads\/2021\/06\/60a5a8faf1719.jpeg?resize=100%2C100&amp;ssl=1 100w, https:\/\/i0.wp.com\/woblink.com\/blog\/wp-content\/uploads\/2021\/06\/60a5a8faf1719.jpeg?w=570&amp;ssl=1 570w\" sizes=\"(max-width: 300px) 100vw, 300px\" data-recalc-dims=\"1\" \/><\/a><figcaption id=\"caption-attachment-4835\" class=\"wp-caption-text\"><center><strong>Kup <a href=\"https:\/\/woblink.com\/audiobook\/izbica-izbica-rafal-hetman-213093\">audiobooka<\/a> na Woblink.com<\/strong><\/center><\/figcaption><\/figure>\n<h3><b>Cukierku, ty \u0142obuzie! \u2013 Waldemar Cicho\u0144, czyta Janusz Zadura, Wydawnictwo Aleksandria: 8,99 z\u0142<\/b><\/h3>\n<p><span style=\"font-weight: 400;\">Tytu\u0142owy Cukierek to ma\u0142y, pr\u0119gowany dachowiec, kt\u00f3ry zostaje przygarni\u0119ty przez rodzin\u0119 Marcelego. Uroczy kociak szybko okazuje si\u0119 wielkim rozrabiak\u0105 wyrywaj\u0105cym \u017cycie rodziny do g\u00f3ry nogami. Cukierek prze\u017cywa najr\u00f3\u017cniejsze przygody \u2013 ucieka z domu, zostaje bohaterem literackim, dekoruje choink\u0119, symuluje chorob\u0119 i zostaje pasa\u017cerem zdalnie sterowanej ci\u0119\u017car\u00f3wki. Ceni sobie dobr\u0105 zabaw\u0119 oraz niezale\u017cno\u015b\u0107, przez co, oczywi\u015bcie niechc\u0105cy!, przysparza\u0107 problem\u00f3w swoim opiekunom. Ksi\u0105\u017cka \u201eCukierku, ty \u0142obuzie\u201d otwiera bestsellerow\u0105 seri\u0119 dla dzieci, kt\u00f3ra w 2017 roku zosta\u0142a wpisana na list\u0119 lektur szkolnych Ministerstwa Edukacji Narodowej (klasy I-III). T\u0119 pe\u0142n\u0105 humoru histori\u0119 uwielbiaj\u0105 zar\u00f3wno dzieci, jak i ca\u0142kiem ju\u017c doro\u015bli czytelnicy.\u00a0<\/span><\/p>\n<figure id=\"attachment_4836\" aria-describedby=\"caption-attachment-4836\" style=\"width: 300px\" class=\"wp-caption aligncenter\"><a href=\"https:\/\/woblink.com\/audiobook\/cukierku-ty-lobuzie-waldemar-cicho-n-186242\"><img decoding=\"async\" loading=\"lazy\" class=\"wp-image-4836 size-medium\" src=\"https:\/\/i0.wp.com\/woblink.com\/blog\/wp-content\/uploads\/2021\/06\/5ea19bd491e78.jpeg?resize=300%2C268&#038;ssl=1\" alt=\"noc audiobook\u00f3w cukierku ty \u0142obuzie\" width=\"300\" height=\"268\" srcset=\"https:\/\/i0.wp.com\/woblink.com\/blog\/wp-content\/uploads\/2021\/06\/5ea19bd491e78.jpeg?resize=300%2C268&amp;ssl=1 300w, https:\/\/i0.wp.com\/woblink.com\/blog\/wp-content\/uploads\/2021\/06\/5ea19bd491e78.jpeg?w=570&amp;ssl=1 570w\" sizes=\"(max-width: 300px) 100vw, 300px\" data-recalc-dims=\"1\" \/><\/a><figcaption id=\"caption-attachment-4836\" class=\"wp-caption-text\"><center><strong>Kup <a href=\"https:\/\/woblink.com\/audiobook\/cukierku-ty-lobuzie-waldemar-cicho-n-186242\">audiobooka<\/a> na Woblink.com<\/strong><\/center><\/figcaption><\/figure>\n<p><span style=\"font-weight: 400;\">Pe\u0142n\u0105 list\u0119 tytu\u0142\u00f3w, jakie znalaz\u0142y si\u0119 w promocji z okazji nocy audiobook\u00f3w znajdziecie TUTAJ.<\/span><\/p>\n<p>&nbsp;<\/p>\n","protected":false},"excerpt":{"rendered":"<p>Powracamy z kolejn\u0105 bezsenn\u0105 Noc\u0105 Audiobook\u00f3w! Ju\u017c dzi\u015b od godziny 18.00 do 6:00 nast\u0119pnego dnia w naszej ksi\u0119garni internetowej znajdziecie ponad 150 audiobook\u00f3w w wyj\u0105tkowych cenach od 3,49 z\u0142 do 18,49 z\u0142.\u00a0 Noc Audiobook\u00f3w! Tylko tej nocy, z 10 na 11 czerwca, w naszym sklepie&#8230;<\/p>\n","protected":false},"author":7,"featured_media":4832,"comment_status":"closed","ping_status":"open","sticky":false,"template":"","format":"standard","meta":[],"categories":[87],"tags":[],"yoast_head":"<!-- This site is optimized with the Yoast SEO plugin v20.11 - https:\/\/yoast.com\/wordpress\/plugins\/seo\/ -->\n<title>Noc Audiobook\u00f3w \u2013 ponad 150 audiobook\u00f3w od 3,49 do 18,49! - Woblink<\/title>\n<meta name=\"description\" content=\"Kolejna bezsenna Noc Audiobook\u00f3w przed nami! Ju\u017c dzi\u015b od godziny 18.00 do 6:00 nast\u0119pnego dnia w naszej ksi\u0119garni internetowej znajdziecie ponad 150 audiobook\u00f3w w wyj\u0105tkowych cenach od 3,49 z\u0142 do 18,49 z\u0142.\u00a0\" \/>\n<meta name=\"robots\" content=\"index, follow, max-snippet:-1, max-image-preview:large, max-video-preview:-1\" \/>\n<link rel=\"canonical\" href=\"https:\/\/woblink.com\/blog\/noc-audiobookow-ponad-150-audiobookow-od-349-do-1849\/\" \/>\n<meta property=\"og:locale\" content=\"pl_PL\" \/>\n<meta property=\"og:type\" content=\"article\" \/>\n<meta property=\"og:title\" content=\"Noc Audiobook\u00f3w \u2013 ponad 150 audiobook\u00f3w od 3,49 do 18,49! - Woblink\" \/>\n<meta property=\"og:description\" content=\"Kolejna bezsenna Noc Audiobook\u00f3w przed nami! Ju\u017c dzi\u015b od godziny 18.00 do 6:00 nast\u0119pnego dnia w naszej ksi\u0119garni internetowej znajdziecie ponad 150 audiobook\u00f3w w wyj\u0105tkowych cenach od 3,49 z\u0142 do 18,49 z\u0142.\u00a0\" \/>\n<meta property=\"og:url\" content=\"https:\/\/woblink.com\/blog\/noc-audiobookow-ponad-150-audiobookow-od-349-do-1849\/\" \/>\n<meta property=\"og:site_name\" content=\"Woblink\" \/>\n<meta property=\"article:publisher\" content=\"https:\/\/facebook.com\/woblink\" \/>\n<meta property=\"article:published_time\" content=\"2021-06-10T11:24:34+00:00\" \/>\n<meta property=\"og:image\" content=\"https:\/\/i0.wp.com\/woblink.com\/blog\/wp-content\/uploads\/2021\/06\/noc_audiobooko\u0301w_2021.jpeg?fit=1011%2C690&ssl=1\" \/>\n\t<meta property=\"og:image:width\" content=\"1011\" \/>\n\t<meta property=\"og:image:height\" content=\"690\" \/>\n\t<meta property=\"og:image:type\" content=\"image\/jpeg\" \/>\n<meta name=\"author\" content=\"Redakcja Woblinka\" \/>\n<meta name=\"twitter:card\" content=\"summary_large_image\" \/>\n<meta name=\"twitter:creator\" content=\"@woblink_com\" \/>\n<meta name=\"twitter:site\" content=\"@woblink_com\" \/>\n<meta name=\"twitter:label1\" content=\"Napisane przez\" \/>\n\t<meta name=\"twitter:data1\" content=\"Redakcja Woblinka\" \/>\n\t<meta name=\"twitter:label2\" content=\"Szacowany czas czytania\" \/>\n\t<meta name=\"twitter:data2\" content=\"6 minut\" \/>\n<script type=\"application\/ld+json\" class=\"yoast-schema-graph\">{\"@context\":\"https:\/\/schema.org\",\"@graph\":[{\"@type\":\"Article\",\"@id\":\"https:\/\/woblink.com\/blog\/noc-audiobookow-ponad-150-audiobookow-od-349-do-1849\/#article\",\"isPartOf\":{\"@id\":\"https:\/\/woblink.com\/blog\/noc-audiobookow-ponad-150-audiobookow-od-349-do-1849\/\"},\"author\":{\"name\":\"Redakcja Woblinka\",\"@id\":\"https:\/\/woblink.com\/blog\/#\/schema\/person\/8ab6b79d64fa54209272130c4c3b1e95\"},\"headline\":\"Noc Audiobook\u00f3w \u2013 ponad 150 audiobook\u00f3w od 3,49 do 18,49!\",\"datePublished\":\"2021-06-10T11:24:34+00:00\",\"dateModified\":\"2021-06-10T11:24:34+00:00\",\"mainEntityOfPage\":{\"@id\":\"https:\/\/woblink.com\/blog\/noc-audiobookow-ponad-150-audiobookow-od-349-do-1849\/\"},\"wordCount\":1233,\"publisher\":{\"@id\":\"https:\/\/woblink.com\/blog\/#organization\"},\"articleSection\":[\"Aktualno\u015bci\"],\"inLanguage\":\"pl-PL\"},{\"@type\":\"WebPage\",\"@id\":\"https:\/\/woblink.com\/blog\/noc-audiobookow-ponad-150-audiobookow-od-349-do-1849\/\",\"url\":\"https:\/\/woblink.com\/blog\/noc-audiobookow-ponad-150-audiobookow-od-349-do-1849\/\",\"name\":\"Noc Audiobook\u00f3w \u2013 ponad 150 audiobook\u00f3w od 3,49 do 18,49! - Woblink\",\"isPartOf\":{\"@id\":\"https:\/\/woblink.com\/blog\/#website\"},\"datePublished\":\"2021-06-10T11:24:34+00:00\",\"dateModified\":\"2021-06-10T11:24:34+00:00\",\"description\":\"Kolejna bezsenna Noc Audiobook\u00f3w przed nami! Ju\u017c dzi\u015b od godziny 18.00 do 6:00 nast\u0119pnego dnia w naszej ksi\u0119garni internetowej znajdziecie ponad 150 audiobook\u00f3w w wyj\u0105tkowych cenach od 3,49 z\u0142 do 18,49 z\u0142.\u00a0\",\"breadcrumb\":{\"@id\":\"https:\/\/woblink.com\/blog\/noc-audiobookow-ponad-150-audiobookow-od-349-do-1849\/#breadcrumb\"},\"inLanguage\":\"pl-PL\",\"potentialAction\":[{\"@type\":\"ReadAction\",\"target\":[\"https:\/\/woblink.com\/blog\/noc-audiobookow-ponad-150-audiobookow-od-349-do-1849\/\"]}]},{\"@type\":\"BreadcrumbList\",\"@id\":\"https:\/\/woblink.com\/blog\/noc-audiobookow-ponad-150-audiobookow-od-349-do-1849\/#breadcrumb\",\"itemListElement\":[{\"@type\":\"ListItem\",\"position\":1,\"name\":\"Strona g\u0142\u00f3wna\",\"item\":\"https:\/\/woblink.com\/blog\/\"},{\"@type\":\"ListItem\",\"position\":2,\"name\":\"Noc Audiobook\u00f3w \u2013 ponad 150 audiobook\u00f3w od 3,49 do 18,49!\"}]},{\"@type\":\"WebSite\",\"@id\":\"https:\/\/woblink.com\/blog\/#website\",\"url\":\"https:\/\/woblink.com\/blog\/\",\"name\":\"Woblink\",\"description\":\"najlepszy firmowy blog o ksi\u0105\u017ckach\",\"publisher\":{\"@id\":\"https:\/\/woblink.com\/blog\/#organization\"},\"potentialAction\":[{\"@type\":\"SearchAction\",\"target\":{\"@type\":\"EntryPoint\",\"urlTemplate\":\"https:\/\/woblink.com\/blog\/?s={search_term_string}\"},\"query-input\":\"required name=search_term_string\"}],\"inLanguage\":\"pl-PL\"},{\"@type\":\"Organization\",\"@id\":\"https:\/\/woblink.com\/blog\/#organization\",\"name\":\"Woblink\",\"url\":\"https:\/\/woblink.com\/blog\/\",\"logo\":{\"@type\":\"ImageObject\",\"inLanguage\":\"pl-PL\",\"@id\":\"https:\/\/woblink.com\/blog\/#\/schema\/logo\/image\/\",\"url\":\"https:\/\/i0.wp.com\/woblink.com\/blog\/wp-content\/uploads\/2019\/04\/nw_logoB.png?fit=185%2C42&ssl=1\",\"contentUrl\":\"https:\/\/i0.wp.com\/woblink.com\/blog\/wp-content\/uploads\/2019\/04\/nw_logoB.png?fit=185%2C42&ssl=1\",\"width\":185,\"height\":42,\"caption\":\"Woblink\"},\"image\":{\"@id\":\"https:\/\/woblink.com\/blog\/#\/schema\/logo\/image\/\"},\"sameAs\":[\"https:\/\/facebook.com\/woblink\",\"https:\/\/twitter.com\/woblink_com\",\"https:\/\/www.instagram.com\/woblink_com\",\"https:\/\/www.linkedin.com\/company\/woblink\/\"]},{\"@type\":\"Person\",\"@id\":\"https:\/\/woblink.com\/blog\/#\/schema\/person\/8ab6b79d64fa54209272130c4c3b1e95\",\"name\":\"Redakcja Woblinka\",\"image\":{\"@type\":\"ImageObject\",\"inLanguage\":\"pl-PL\",\"@id\":\"https:\/\/woblink.com\/blog\/#\/schema\/person\/image\/\",\"url\":\"https:\/\/secure.gravatar.com\/avatar\/f23ae80a7c9da060bee5f8310913478b?s=96&d=mm&r=g\",\"contentUrl\":\"https:\/\/secure.gravatar.com\/avatar\/f23ae80a7c9da060bee5f8310913478b?s=96&d=mm&r=g\",\"caption\":\"Redakcja Woblinka\"},\"url\":\"https:\/\/woblink.com\/blog\/author\/krasny\/\"}]}<\/script>\n<!-- \/ Yoast SEO plugin. -->","yoast_head_json":{"title":"Noc Audiobook\u00f3w \u2013 ponad 150 audiobook\u00f3w od 3,49 do 18,49! - Woblink","description":"Kolejna bezsenna Noc Audiobook\u00f3w przed nami! Ju\u017c dzi\u015b od godziny 18.00 do 6:00 nast\u0119pnego dnia w naszej ksi\u0119garni internetowej znajdziecie ponad 150 audiobook\u00f3w w wyj\u0105tkowych cenach od 3,49 z\u0142 do 18,49 z\u0142.\u00a0","robots":{"index":"index","follow":"follow","max-snippet":"max-snippet:-1","max-image-preview":"max-image-preview:large","max-video-preview":"max-video-preview:-1"},"canonical":"https:\/\/woblink.com\/blog\/noc-audiobookow-ponad-150-audiobookow-od-349-do-1849\/","og_locale":"pl_PL","og_type":"article","og_title":"Noc Audiobook\u00f3w \u2013 ponad 150 audiobook\u00f3w od 3,49 do 18,49! - Woblink","og_description":"Kolejna bezsenna Noc Audiobook\u00f3w przed nami! Ju\u017c dzi\u015b od godziny 18.00 do 6:00 nast\u0119pnego dnia w naszej ksi\u0119garni internetowej znajdziecie ponad 150 audiobook\u00f3w w wyj\u0105tkowych cenach od 3,49 z\u0142 do 18,49 z\u0142.\u00a0","og_url":"https:\/\/woblink.com\/blog\/noc-audiobookow-ponad-150-audiobookow-od-349-do-1849\/","og_site_name":"Woblink","article_publisher":"https:\/\/facebook.com\/woblink","article_published_time":"2021-06-10T11:24:34+00:00","og_image":[{"width":1011,"height":690,"url":"https:\/\/i0.wp.com\/woblink.com\/blog\/wp-content\/uploads\/2021\/06\/noc_audiobooko\u0301w_2021.jpeg?fit=1011%2C690&ssl=1","type":"image\/jpeg"}],"author":"Redakcja Woblinka","twitter_card":"summary_large_image","twitter_creator":"@woblink_com","twitter_site":"@woblink_com","twitter_misc":{"Napisane przez":"Redakcja Woblinka","Szacowany czas czytania":"6 minut"},"schema":{"@context":"https:\/\/schema.org","@graph":[{"@type":"Article","@id":"https:\/\/woblink.com\/blog\/noc-audiobookow-ponad-150-audiobookow-od-349-do-1849\/#article","isPartOf":{"@id":"https:\/\/woblink.com\/blog\/noc-audiobookow-ponad-150-audiobookow-od-349-do-1849\/"},"author":{"name":"Redakcja Woblinka","@id":"https:\/\/woblink.com\/blog\/#\/schema\/person\/8ab6b79d64fa54209272130c4c3b1e95"},"headline":"Noc Audiobook\u00f3w \u2013 ponad 150 audiobook\u00f3w od 3,49 do 18,49!","datePublished":"2021-06-10T11:24:34+00:00","dateModified":"2021-06-10T11:24:34+00:00","mainEntityOfPage":{"@id":"https:\/\/woblink.com\/blog\/noc-audiobookow-ponad-150-audiobookow-od-349-do-1849\/"},"wordCount":1233,"publisher":{"@id":"https:\/\/woblink.com\/blog\/#organization"},"articleSection":["Aktualno\u015bci"],"inLanguage":"pl-PL"},{"@type":"WebPage","@id":"https:\/\/woblink.com\/blog\/noc-audiobookow-ponad-150-audiobookow-od-349-do-1849\/","url":"https:\/\/woblink.com\/blog\/noc-audiobookow-ponad-150-audiobookow-od-349-do-1849\/","name":"Noc Audiobook\u00f3w \u2013 ponad 150 audiobook\u00f3w od 3,49 do 18,49! - Woblink","isPartOf":{"@id":"https:\/\/woblink.com\/blog\/#website"},"datePublished":"2021-06-10T11:24:34+00:00","dateModified":"2021-06-10T11:24:34+00:00","description":"Kolejna bezsenna Noc Audiobook\u00f3w przed nami! Ju\u017c dzi\u015b od godziny 18.00 do 6:00 nast\u0119pnego dnia w naszej ksi\u0119garni internetowej znajdziecie ponad 150 audiobook\u00f3w w wyj\u0105tkowych cenach od 3,49 z\u0142 do 18,49 z\u0142.\u00a0","breadcrumb":{"@id":"https:\/\/woblink.com\/blog\/noc-audiobookow-ponad-150-audiobookow-od-349-do-1849\/#breadcrumb"},"inLanguage":"pl-PL","potentialAction":[{"@type":"ReadAction","target":["https:\/\/woblink.com\/blog\/noc-audiobookow-ponad-150-audiobookow-od-349-do-1849\/"]}]},{"@type":"BreadcrumbList","@id":"https:\/\/woblink.com\/blog\/noc-audiobookow-ponad-150-audiobookow-od-349-do-1849\/#breadcrumb","itemListElement":[{"@type":"ListItem","position":1,"name":"Strona g\u0142\u00f3wna","item":"https:\/\/woblink.com\/blog\/"},{"@type":"ListItem","position":2,"name":"Noc Audiobook\u00f3w \u2013 ponad 150 audiobook\u00f3w od 3,49 do 18,49!"}]},{"@type":"WebSite","@id":"https:\/\/woblink.com\/blog\/#website","url":"https:\/\/woblink.com\/blog\/","name":"Woblink","description":"najlepszy firmowy blog o ksi\u0105\u017ckach","publisher":{"@id":"https:\/\/woblink.com\/blog\/#organization"},"potentialAction":[{"@type":"SearchAction","target":{"@type":"EntryPoint","urlTemplate":"https:\/\/woblink.com\/blog\/?s={search_term_string}"},"query-input":"required name=search_term_string"}],"inLanguage":"pl-PL"},{"@type":"Organization","@id":"https:\/\/woblink.com\/blog\/#organization","name":"Woblink","url":"https:\/\/woblink.com\/blog\/","logo":{"@type":"ImageObject","inLanguage":"pl-PL","@id":"https:\/\/woblink.com\/blog\/#\/schema\/logo\/image\/","url":"https:\/\/i0.wp.com\/woblink.com\/blog\/wp-content\/uploads\/2019\/04\/nw_logoB.png?fit=185%2C42&ssl=1","contentUrl":"https:\/\/i0.wp.com\/woblink.com\/blog\/wp-content\/uploads\/2019\/04\/nw_logoB.png?fit=185%2C42&ssl=1","width":185,"height":42,"caption":"Woblink"},"image":{"@id":"https:\/\/woblink.com\/blog\/#\/schema\/logo\/image\/"},"sameAs":["https:\/\/facebook.com\/woblink","https:\/\/twitter.com\/woblink_com","https:\/\/www.instagram.com\/woblink_com","https:\/\/www.linkedin.com\/company\/woblink\/"]},{"@type":"Person","@id":"https:\/\/woblink.com\/blog\/#\/schema\/person\/8ab6b79d64fa54209272130c4c3b1e95","name":"Redakcja Woblinka","image":{"@type":"ImageObject","inLanguage":"pl-PL","@id":"https:\/\/woblink.com\/blog\/#\/schema\/person\/image\/","url":"https:\/\/secure.gravatar.com\/avatar\/f23ae80a7c9da060bee5f8310913478b?s=96&d=mm&r=g","contentUrl":"https:\/\/secure.gravatar.com\/avatar\/f23ae80a7c9da060bee5f8310913478b?s=96&d=mm&r=g","caption":"Redakcja Woblinka"},"url":"https:\/\/woblink.com\/blog\/author\/krasny\/"}]}},"jetpack_featured_media_url":"https:\/\/i0.wp.com\/woblink.com\/blog\/wp-content\/uploads\/2021\/06\/noc_audiobooko\u0301w_2021.jpeg?fit=1011%2C690&ssl=1","_links":{"self":[{"href":"https:\/\/woblink.com\/blog\/wp-json\/wp\/v2\/posts\/4830"}],"collection":[{"href":"https:\/\/woblink.com\/blog\/wp-json\/wp\/v2\/posts"}],"about":[{"href":"https:\/\/woblink.com\/blog\/wp-json\/wp\/v2\/types\/post"}],"author":[{"embeddable":true,"href":"https:\/\/woblink.com\/blog\/wp-json\/wp\/v2\/users\/7"}],"replies":[{"embeddable":true,"href":"https:\/\/woblink.com\/blog\/wp-json\/wp\/v2\/comments?post=4830"}],"version-history":[{"count":2,"href":"https:\/\/woblink.com\/blog\/wp-json\/wp\/v2\/posts\/4830\/revisions"}],"predecessor-version":[{"id":7605,"href":"https:\/\/woblink.com\/blog\/wp-json\/wp\/v2\/posts\/4830\/revisions\/7605"}],"wp:featuredmedia":[{"embeddable":true,"href":"https:\/\/woblink.com\/blog\/wp-json\/wp\/v2\/media\/4832"}],"wp:attachment":[{"href":"https:\/\/woblink.com\/blog\/wp-json\/wp\/v2\/media?parent=4830"}],"wp:term":[{"taxonomy":"category","embeddable":true,"href":"https:\/\/woblink.com\/blog\/wp-json\/wp\/v2\/categories?post=4830"},{"taxonomy":"post_tag","embeddable":true,"href":"https:\/\/woblink.com\/blog\/wp-json\/wp\/v2\/tags?post=4830"}],"curies":[{"name":"wp","href":"https:\/\/api.w.org\/{rel}","templated":true}]}}