{"id":4845,"date":"2021-06-11T11:59:15","date_gmt":"2021-06-11T09:59:15","guid":{"rendered":"https:\/\/woblink.com\/blog\/?p=4845"},"modified":"2021-06-11T13:26:28","modified_gmt":"2021-06-11T11:26:28","slug":"nowa-lista-lektur-szkolnych-bez-konwickiego-swietlickiego-i-kosika","status":"publish","type":"post","link":"https:\/\/woblink.com\/blog\/nowa-lista-lektur-szkolnych-bez-konwickiego-swietlickiego-i-kosika\/","title":{"rendered":"Nowa lista lektur szkolnych bez Konwickiego, \u015awietlickiego i Kosika?"},"content":{"rendered":"<p><strong>W minion\u0105 \u015brod\u0119 projekt Ministerstwa Edukacji i Nauki w sprawie nowej listy lektur szkolnych dla wszystkich etap\u00f3w kszta\u0142cenia zosta\u0142 skierowany do konsultacji. W wykazie znalaz\u0142y si\u0119 teksty o Janie Pawle II, utwory Zofii Kossak-Szczucka i powie\u015b\u0107 Nichoklasa Sparksa. Zabrak\u0142o takich ksi\u0105\u017cek jak \u201eFelix, Net i Nika\u201d Rafa\u0142a Kosika, \u201eStowarzyszenie umar\u0142ych poet\u00f3w\u201d Nancy H. Kleinbaum i innych, kt\u00f3re uznano za \u201epromuj\u0105ce warto\u015bci niezgodne z tre\u015bciami podstawy programowej\u201d. <\/strong><\/p>\n<p><strong><!--more--><\/strong><\/p>\n<h3>Nowa lista lektur szkolnych<\/h3>\n<p>9 czerwca MEiN skierowa\u0142o do konsultacji projekt dotycz\u0105cy zmian w wykazie lektur dla szk\u00f3\u0142 podstawowych, ponadpodstawowych oraz bran\u017cowych I stopnia. Zgodnie z tym, co ju\u017c wcze\u015bniej zapowiedzia\u0142 Przemys\u0142aw Czarnek, Minister Edukacji i Nauki, uczniowie poznaj\u0105 wi\u0119cej tekst\u00f3w Jana Paw\u0142a II. Zmian jednak jest znacznie wi\u0119cej. Z kanonu zniknie na przyk\u0142ad poezja Marcina \u015awietlickiego, \u201eFelix, Net i Nika. Gang Niewidzialnych Ludzi\u201d Rafa\u0142a Kosika, \u201eWinnetou\u201d Karola Maya czy \u201eMa\u0142a apokalipsa\u201d Tadeusza Konwickiego. Jako argument za takimi zmianami MEiN t\u0142umaczy\u0142o, \u017ce &#8222;w projekcie zaproponowano usuni\u0119cie z listy lektur obowi\u0105zkowych pozycji ksi\u0105\u017ckowych, w kt\u00f3rych zastrze\u017cenia budzi warstwa sk\u0142adniowo-leksykalna j\u0119zyka oraz zawarto\u015b\u0107 merytoryczna (m.in. kreacja \u015bwiata przedstawionego)&#8221; \u2013 przyk\u0142adowo wiersze \u015awietlickiego &#8222;nie reprezentuj\u0105 warto\u015bci, kt\u00f3re wpisane zosta\u0142y w podstawie programowej&#8221;, a \u201eMa\u0142a apokalipsa\u201d Konwickiego uznana zosta\u0142a za niepo\u017c\u0105dan\u0105 \u201eze wzgl\u0119du na niejednoznaczne przes\u0142anie p\u0142yn\u0105ce z utworu\u201d. Dodatkowo zaproponowano tak\u017ce wprowadzenie do listy lektur, g\u0142\u00f3wnie uzupe\u0142niaj\u0105cych, wiele nowych tytu\u0142\u00f3w.<\/p>\n<h3>Nowa lista lektur szkolnych: Klasy I-III<\/h3>\n<p>Z listy lektur dla klas I-III znikn\u0119\u0142y cztery ksi\u0105\u017cki: \u201e<strong><a href=\"https:\/\/woblink.com\/ebook\/oto-jest-kasia-mira-jaworczakowa-hanna-czajkowska-5117u\">Oto jest Kasia<\/a><\/strong>\u201d Miry Jaworczakowej, \u201e<strong><a href=\"https:\/\/woblink.com\/ksiazka\/zaczarowana-zagroda-alina-centkiewicz-czeslaw-centkiewicz-92554\">Zaczarowana zagroda<\/a><\/strong>\u201d Aliny i Czes\u0142awa Centkiewicz\u00f3w, \u201e<strong><a href=\"https:\/\/woblink.com\/audiobook\/spos-ob-na-elfa-marcin-palasz-177824\">Spos\u00f3b na Elfa<\/a><\/strong>\u201d Marcina Pa\u0142asza i \u201e<strong><a href=\"https:\/\/woblink.com\/ksiazka\/kto-z-was-chcialby-rozweseli-c-pechowego-nosorozca-leszek-kolakowski-202363\">Kto z was chcia\u0142by rozweseli\u0107 pechowego nosoro\u017cca<\/a><\/strong>\u201d Leszka Ko\u0142akowskiego. Dodano nast\u0119puj\u0105ce tytu\u0142y: \u201eKt\u00f3r\u0119dy do Yellowstone? Dzika podr\u00f3\u017c po parkach narodowych\u201d Aleksandry i Daniela Mizieli\u0144skich, \u201e<strong><a href=\"https:\/\/woblink.com\/ksiazka\/w-scibscy-gellner-dorota-105742\">W\u015bcibscy<\/a><\/strong>\u201d Doroty Gellner, \u201eLolek. Opowiadania o dzieci\u0144stwie Karola Wojty\u0142y\u201d (fragmenty) Piotra Kordyasza, \u201e<strong><a href=\"https:\/\/woblink.com\/ksiazka\/piaskowy-wilk-lind-asa-104156\">Piaskowy Wilk<\/a><\/strong>\u201d \u00c5sy Lind \u201e<strong><a href=\"https:\/\/woblink.com\/ksiazka\/mania-dziewczyna-inna-niz-wszystkie-grodek-julita-73714\">Mania, dziewczyna inna ni\u017c wszystkie. Opowie\u015b\u0107 o Marii Sk\u0142odowskiej-Curie<\/a><\/strong>\u201d Julity Grodek,, oraz \u201e<strong><a href=\"https:\/\/woblink.com\/audiobook\/klopoty-kacperka-goreckiego-skrzata-zofia-kossak-165960\">K\u0142opoty Kacperka g\u00f3reckiego skrzata<\/a><\/strong>\u201d Zofii Kossak-Szczuckiej.<\/p>\n<h3>Nowa lista lektur szkolnych: Klasy IV-VIII<\/h3>\n<p>Z wykazu lektur obowi\u0105zkowych dla klas IV-VI znikn\u0119\u0142a bestsellerowa ksi\u0105\u017cka dla m\u0142odzie\u017cy \u201e<strong><a href=\"https:\/\/woblink.com\/ebook\/felix-net-i-nika-oraz-gang-niewidzialnych-ludzi-rafal-kosik-1496u\">Felix, Net i Nika. Gang Niewidzialnych Ludzi<\/a><\/strong>\u201d Rafa\u0142a Kosika. Lektur\u0105 obowi\u0105zkow\u0105 nie b\u0119dzie ju\u017c tak\u017ce \u201e<strong><a href=\"https:\/\/woblink.com\/ksiazka\/ziele-na-kraterze-melchior-wa-nkowicz-77089\">Ziele na kraterze<\/a><\/strong>\u201d Melchiora Wa\u0144kowicza, kt\u00f3re zosta\u0142o przeniesione na list\u0119 uzupe\u0142niaj\u0105c\u0105. Do tej ostatniej dodano szereg nowych tytu\u0142\u00f3w: \u201e<strong><a href=\"https:\/\/woblink.com\/ebook\/kubu-s-puchatek-a-a-milne-irena-tuwim-ernest-h-shepard-11755u\">Kubu\u015b Puchatek<\/a><\/strong>\u201d A. A. Milne, \u201e<strong><a href=\"https:\/\/woblink.com\/ebook\/pinokio-carlo-collodi-31485u\">Pinokio<\/a><\/strong>\u201d Carlo Collodiego, \u201e<strong><a href=\"https:\/\/woblink.com\/ebook\/poslaniec-kr-ola-louis-de-wohl-28638u\">Pos\u0142aniec kr\u00f3la<\/a><\/strong>\u201d Louisa de Wohla, \u201e<strong><a href=\"https:\/\/woblink.com\/ebook\/zwiadowcy-1-ruiny-gorlanu-john-flanagan-4570u\">Zwiadowcy. Ksi\u0119ga 1. Ruiny Gorlanu<\/a><\/strong>\u201d Johna Flanagana, \u201eTopsy i Lupus\u201d Zofii Kossak-Szczuckiej, \u201e<strong><a href=\"https:\/\/woblink.com\/ksiazka\/czerwona-kartka-dla-sprezyny-jacek-podsiadlo-185965\">Czerwona kartka dla Spr\u0119\u017cyny<\/a><\/strong>\u201d Jacka Podsiad\u0142y, \u201eS\u0142o\u0144 Birara\u201d Ferdynanda Antoniego Ossendowskiego, \u201eRzeka\u201d Emilii Kiere\u015b, \u201eTecumseh\u201d Longina Jana Okonia i \u201eKlechdy sezamowe\u201d Boles\u0142awa Le\u015bmiana.<\/p>\n<p>Uczniowie klas VII-VIII nie b\u0119d\u0105 ju\u017c mieli obowi\u0105zku czytania \u201e<strong><a href=\"https:\/\/woblink.com\/ebook\/stowarzyszenie-umarlych-poet-ow-nancy-h-kleinbaum-4727u\">Stowarzyszenia Umar\u0142ych Poet\u00f3w<\/a><\/strong>&#8221; Nancy H. Kleinbaum, za to na li\u015bcie lektur uzupe\u0142niaj\u0105cych znajd\u0105 takie utwory jak \u201eZemsta\u201d i \u201ePlac\u00f3wka\u201d Boles\u0142awa Prusa, \u201e<strong><a href=\"https:\/\/woblink.com\/ebook\/jesienna-milo-s-c-nicholas-sparks-andrzej-szulc-205691u\">Jesienna mi\u0142o\u015b\u0107<\/a><\/strong>\u201d Nicolasa Sparksa, \u201e<strong><a href=\"https:\/\/woblink.com\/ksiazka\/wielki-rybak-lloyd-c-douglas-118060\">Wielki Rybak<\/a><\/strong>\u201d Lloyda C. Douglasa, \u201eNie l\u0119kajcie si\u0119! Rozmowy z Janem Paw\u0142em II\u201d Andr\u00e9 Frossarda, \u201eBursztyny\u201d Zofii Kossak-Szczuckiej (wybrane opowiadanie) oraz \u201eS\u0105d Ozyrysa\u201d Henryka Sienkiewicza.<\/p>\n<h3>Nowa lista lektur szkolnych: Szko\u0142y ponadpodstawowe<\/h3>\n<p>W\u015br\u00f3d lektur dla szk\u00f3\u0142 ponadpodstawowych zabraknie wierszy Marcina \u015awietlickiego, a dla zakresu rozszerzonego \u201eMitologii\u201d, cz\u0119\u015b\u0107 II Rzym Jana Parandowskiego, \u201e<strong><a href=\"https:\/\/woblink.com\/ebook\/wielki-testament-francois-villon-194815u\">Wielkiego testamentu<\/a><\/strong>\u201d (fragmenty) Fran\u00e7ois Villona, \u201eAntygony w Nowym Jorku\u201d Janusza G\u0142owackiego, \u201e\u017bywot\u00f3w \u015bwi\u0119tych\u201d (fragmenty) Piotra Skargi i \u201e<strong><a href=\"https:\/\/woblink.com\/audiobook\/mala-apokalipsa-tadeusz-konwicki-167437?\">Ma\u0142ej apokalipsy<\/a><\/strong>\u201d Tadeusza Konwickiego.<\/p>\n<p>Do list uzupe\u0142niaj\u0105cy dodano dla zakresu podstawowego wybrane opowiadania Jaros\u0142awa Iwaszkiewicza, \u201e<strong><a href=\"https:\/\/woblink.com\/ebook\/wladca-pier-scieni-tom-1-3-j-r-r-tolkien-6896u\">W\u0142adc\u0119 pier\u015bcieni. Dru\u017cyna pier\u015bcienia<\/a><\/strong>\u201d J. R. R. Tolkiena, \u201eListy do Matki\u201d (fragmenty) Juliusza S\u0142owackiego, \u201eListy z podr\u00f3\u017cy do Ameryki\u201d (fragmenty) Henryka Sienkiewicza, \u201eRaport Witolda\u201d Witolda Pileckiego, \u201e<strong><a href=\"https:\/\/woblink.com\/ebook\/ludzie-bezdomni-stefan-zeromski-21777u\">Ludzi bezdomni<\/a><\/strong>\u201d Stefana \u017beromskiego, \u201e<strong><a href=\"https:\/\/woblink.com\/ksiazka\/pozoga-wspomniena-z-wolynia-1917-1919-zofia-kossak-175152\">Po\u017cog\u0119. Wspomnienia z Wo\u0142ynia 1917\u20131919<\/a><\/strong>\u201d Zofii Kossak-Szczuckiej, wybrane wiersze Ryszarda Krynickiego i Adama Zagajewskiego oraz \u201e<strong><a href=\"https:\/\/woblink.com\/ksiazka\/anus-mundi-kielar-wieslaw-144167\">Anus mundi<\/a><\/strong>\u201d Wies\u0142awa Kielara. Z kolei dla uczni\u00f3w z rozszerzonym j\u0119zykiem polskim wybrano takie dodatkowe tytu\u0142y jak \u201eB\u0142ogos\u0142awiona wina\u201d Zofii Kossak-Szczuckiej, \u201eOjciec wolnych ludzi. Opowie\u015b\u0107 o Prymasie Wyszy\u0144skim\u201d Paw\u0142a Zuchniewicza, \u201ePrzekroczy\u0107 pr\u00f3g nadziei\u201d (fragmenty), \u201eTryptyk rzymski&#8221;, \u201ePami\u0119\u0107 i to\u017csamo\u015b\u0107&#8221; (fragmenty), \u201eFides et ratio&#8221; (fragmenty) Jana Paw\u0142a II, \u201eGdy brat staje si\u0119 katem\u201d Krystyny Lubienieckiej-Baraniak, \u201e<strong><a href=\"https:\/\/woblink.com\/ebook\/mocni-ludzie-antoni-ferdynand-ossendowski-9920u\">Mocni ludzie<\/a><\/strong>&#8221; i \u201e<strong><a href=\"https:\/\/woblink.com\/ebook\/zwierzeta-ludzie-bogowie-ferdynand-antoni-ossendowski-23710u\">Zwierz\u0119ta, ludzie, bogowie<\/a><\/strong>\u201d Ferdynanda Antoniego Ossendowskiego, \u201ePrzed sklepem jubilera. Medytacja o sakramencie ma\u0142\u017ce\u0144stwa przechodz\u0105ca chwilami w dramat\u201d Karola Wojty\u0142y oraz \u201eZapiski wi\u0119zienne&#8221; Stefana Wyszy\u0144skiego, .<\/p>\n<p>Zaproponowane zmiany w kanonie lektury przekazano do konsultacji spo\u0142ecznych i uzgodnie\u0144 mi\u0119dzyresortowych, kt\u00f3re maj\u0105 trwa\u0107 do 8 lipca bie\u017c\u0105cego roku.<\/p>\n","protected":false},"excerpt":{"rendered":"<p>W minion\u0105 \u015brod\u0119 projekt Ministerstwa Edukacji i Nauki w sprawie nowej listy lektur szkolnych dla wszystkich etap\u00f3w kszta\u0142cenia zosta\u0142 skierowany do konsultacji. W wykazie znalaz\u0142y si\u0119 teksty o Janie Pawle II, utwory Zofii Kossak-Szczucka i powie\u015b\u0107 Nichoklasa Sparksa. Zabrak\u0142o takich ksi\u0105\u017cek jak \u201eFelix, Net i&#8230;<\/p>\n","protected":false},"author":7,"featured_media":4846,"comment_status":"closed","ping_status":"open","sticky":false,"template":"","format":"standard","meta":[],"categories":[87],"tags":[],"yoast_head":"<!-- This site is optimized with the Yoast SEO plugin v20.11 - https:\/\/yoast.com\/wordpress\/plugins\/seo\/ -->\n<title>Nowa lista lektur szkolnych bez Konwickiego, \u015awietlickiego i Kosika? - Woblink<\/title>\n<meta name=\"description\" content=\"Nowa lista lektur szkolnych zaproponowana przez Ministra Edukacji i Nauki, Przemys\u0142awa Czarnka, \u2013 bez Konwickiego, \u015awietlickiego i Kosika.\" \/>\n<meta name=\"robots\" content=\"index, follow, max-snippet:-1, max-image-preview:large, max-video-preview:-1\" \/>\n<link rel=\"canonical\" href=\"https:\/\/woblink.com\/blog\/nowa-lista-lektur-szkolnych-bez-konwickiego-swietlickiego-i-kosika\/\" \/>\n<meta property=\"og:locale\" content=\"pl_PL\" \/>\n<meta property=\"og:type\" content=\"article\" \/>\n<meta property=\"og:title\" content=\"Nowa lista lektur szkolnych bez Konwickiego, \u015awietlickiego i Kosika? - Woblink\" \/>\n<meta property=\"og:description\" content=\"Nowa lista lektur szkolnych zaproponowana przez Ministra Edukacji i Nauki, Przemys\u0142awa Czarnka, \u2013 bez Konwickiego, \u015awietlickiego i Kosika.\" \/>\n<meta property=\"og:url\" content=\"https:\/\/woblink.com\/blog\/nowa-lista-lektur-szkolnych-bez-konwickiego-swietlickiego-i-kosika\/\" \/>\n<meta property=\"og:site_name\" content=\"Woblink\" \/>\n<meta property=\"article:publisher\" content=\"https:\/\/facebook.com\/woblink\" \/>\n<meta property=\"article:published_time\" content=\"2021-06-11T09:59:15+00:00\" \/>\n<meta property=\"article:modified_time\" content=\"2021-06-11T11:26:28+00:00\" \/>\n<meta property=\"og:image\" content=\"https:\/\/i0.wp.com\/woblink.com\/blog\/wp-content\/uploads\/2021\/06\/lektury.png?fit=1011%2C690&ssl=1\" \/>\n\t<meta property=\"og:image:width\" content=\"1011\" \/>\n\t<meta property=\"og:image:height\" content=\"690\" \/>\n\t<meta property=\"og:image:type\" content=\"image\/png\" \/>\n<meta name=\"author\" content=\"Redakcja Woblinka\" \/>\n<meta name=\"twitter:card\" content=\"summary_large_image\" \/>\n<meta name=\"twitter:creator\" content=\"@woblink_com\" \/>\n<meta name=\"twitter:site\" content=\"@woblink_com\" \/>\n<meta name=\"twitter:label1\" content=\"Napisane przez\" \/>\n\t<meta name=\"twitter:data1\" content=\"Redakcja Woblinka\" \/>\n\t<meta name=\"twitter:label2\" content=\"Szacowany czas czytania\" \/>\n\t<meta name=\"twitter:data2\" content=\"4 minuty\" \/>\n<script type=\"application\/ld+json\" class=\"yoast-schema-graph\">{\"@context\":\"https:\/\/schema.org\",\"@graph\":[{\"@type\":\"Article\",\"@id\":\"https:\/\/woblink.com\/blog\/nowa-lista-lektur-szkolnych-bez-konwickiego-swietlickiego-i-kosika\/#article\",\"isPartOf\":{\"@id\":\"https:\/\/woblink.com\/blog\/nowa-lista-lektur-szkolnych-bez-konwickiego-swietlickiego-i-kosika\/\"},\"author\":{\"name\":\"Redakcja Woblinka\",\"@id\":\"https:\/\/woblink.com\/blog\/#\/schema\/person\/8ab6b79d64fa54209272130c4c3b1e95\"},\"headline\":\"Nowa lista lektur szkolnych bez Konwickiego, \u015awietlickiego i Kosika?\",\"datePublished\":\"2021-06-11T09:59:15+00:00\",\"dateModified\":\"2021-06-11T11:26:28+00:00\",\"mainEntityOfPage\":{\"@id\":\"https:\/\/woblink.com\/blog\/nowa-lista-lektur-szkolnych-bez-konwickiego-swietlickiego-i-kosika\/\"},\"wordCount\":816,\"publisher\":{\"@id\":\"https:\/\/woblink.com\/blog\/#organization\"},\"articleSection\":[\"Aktualno\u015bci\"],\"inLanguage\":\"pl-PL\"},{\"@type\":\"WebPage\",\"@id\":\"https:\/\/woblink.com\/blog\/nowa-lista-lektur-szkolnych-bez-konwickiego-swietlickiego-i-kosika\/\",\"url\":\"https:\/\/woblink.com\/blog\/nowa-lista-lektur-szkolnych-bez-konwickiego-swietlickiego-i-kosika\/\",\"name\":\"Nowa lista lektur szkolnych bez Konwickiego, \u015awietlickiego i Kosika? - Woblink\",\"isPartOf\":{\"@id\":\"https:\/\/woblink.com\/blog\/#website\"},\"datePublished\":\"2021-06-11T09:59:15+00:00\",\"dateModified\":\"2021-06-11T11:26:28+00:00\",\"description\":\"Nowa lista lektur szkolnych zaproponowana przez Ministra Edukacji i Nauki, Przemys\u0142awa Czarnka, \u2013 bez Konwickiego, \u015awietlickiego i Kosika.\",\"breadcrumb\":{\"@id\":\"https:\/\/woblink.com\/blog\/nowa-lista-lektur-szkolnych-bez-konwickiego-swietlickiego-i-kosika\/#breadcrumb\"},\"inLanguage\":\"pl-PL\",\"potentialAction\":[{\"@type\":\"ReadAction\",\"target\":[\"https:\/\/woblink.com\/blog\/nowa-lista-lektur-szkolnych-bez-konwickiego-swietlickiego-i-kosika\/\"]}]},{\"@type\":\"BreadcrumbList\",\"@id\":\"https:\/\/woblink.com\/blog\/nowa-lista-lektur-szkolnych-bez-konwickiego-swietlickiego-i-kosika\/#breadcrumb\",\"itemListElement\":[{\"@type\":\"ListItem\",\"position\":1,\"name\":\"Strona g\u0142\u00f3wna\",\"item\":\"https:\/\/woblink.com\/blog\/\"},{\"@type\":\"ListItem\",\"position\":2,\"name\":\"Nowa lista lektur szkolnych bez Konwickiego, \u015awietlickiego i Kosika?\"}]},{\"@type\":\"WebSite\",\"@id\":\"https:\/\/woblink.com\/blog\/#website\",\"url\":\"https:\/\/woblink.com\/blog\/\",\"name\":\"Woblink\",\"description\":\"najlepszy firmowy blog o ksi\u0105\u017ckach\",\"publisher\":{\"@id\":\"https:\/\/woblink.com\/blog\/#organization\"},\"potentialAction\":[{\"@type\":\"SearchAction\",\"target\":{\"@type\":\"EntryPoint\",\"urlTemplate\":\"https:\/\/woblink.com\/blog\/?s={search_term_string}\"},\"query-input\":\"required name=search_term_string\"}],\"inLanguage\":\"pl-PL\"},{\"@type\":\"Organization\",\"@id\":\"https:\/\/woblink.com\/blog\/#organization\",\"name\":\"Woblink\",\"url\":\"https:\/\/woblink.com\/blog\/\",\"logo\":{\"@type\":\"ImageObject\",\"inLanguage\":\"pl-PL\",\"@id\":\"https:\/\/woblink.com\/blog\/#\/schema\/logo\/image\/\",\"url\":\"https:\/\/i0.wp.com\/woblink.com\/blog\/wp-content\/uploads\/2019\/04\/nw_logoB.png?fit=185%2C42&ssl=1\",\"contentUrl\":\"https:\/\/i0.wp.com\/woblink.com\/blog\/wp-content\/uploads\/2019\/04\/nw_logoB.png?fit=185%2C42&ssl=1\",\"width\":185,\"height\":42,\"caption\":\"Woblink\"},\"image\":{\"@id\":\"https:\/\/woblink.com\/blog\/#\/schema\/logo\/image\/\"},\"sameAs\":[\"https:\/\/facebook.com\/woblink\",\"https:\/\/twitter.com\/woblink_com\",\"https:\/\/www.instagram.com\/woblink_com\",\"https:\/\/www.linkedin.com\/company\/woblink\/\"]},{\"@type\":\"Person\",\"@id\":\"https:\/\/woblink.com\/blog\/#\/schema\/person\/8ab6b79d64fa54209272130c4c3b1e95\",\"name\":\"Redakcja Woblinka\",\"image\":{\"@type\":\"ImageObject\",\"inLanguage\":\"pl-PL\",\"@id\":\"https:\/\/woblink.com\/blog\/#\/schema\/person\/image\/\",\"url\":\"https:\/\/secure.gravatar.com\/avatar\/f23ae80a7c9da060bee5f8310913478b?s=96&d=mm&r=g\",\"contentUrl\":\"https:\/\/secure.gravatar.com\/avatar\/f23ae80a7c9da060bee5f8310913478b?s=96&d=mm&r=g\",\"caption\":\"Redakcja Woblinka\"},\"url\":\"https:\/\/woblink.com\/blog\/author\/krasny\/\"}]}<\/script>\n<!-- \/ Yoast SEO plugin. -->","yoast_head_json":{"title":"Nowa lista lektur szkolnych bez Konwickiego, \u015awietlickiego i Kosika? - Woblink","description":"Nowa lista lektur szkolnych zaproponowana przez Ministra Edukacji i Nauki, Przemys\u0142awa Czarnka, \u2013 bez Konwickiego, \u015awietlickiego i Kosika.","robots":{"index":"index","follow":"follow","max-snippet":"max-snippet:-1","max-image-preview":"max-image-preview:large","max-video-preview":"max-video-preview:-1"},"canonical":"https:\/\/woblink.com\/blog\/nowa-lista-lektur-szkolnych-bez-konwickiego-swietlickiego-i-kosika\/","og_locale":"pl_PL","og_type":"article","og_title":"Nowa lista lektur szkolnych bez Konwickiego, \u015awietlickiego i Kosika? - Woblink","og_description":"Nowa lista lektur szkolnych zaproponowana przez Ministra Edukacji i Nauki, Przemys\u0142awa Czarnka, \u2013 bez Konwickiego, \u015awietlickiego i Kosika.","og_url":"https:\/\/woblink.com\/blog\/nowa-lista-lektur-szkolnych-bez-konwickiego-swietlickiego-i-kosika\/","og_site_name":"Woblink","article_publisher":"https:\/\/facebook.com\/woblink","article_published_time":"2021-06-11T09:59:15+00:00","article_modified_time":"2021-06-11T11:26:28+00:00","og_image":[{"width":1011,"height":690,"url":"https:\/\/i0.wp.com\/woblink.com\/blog\/wp-content\/uploads\/2021\/06\/lektury.png?fit=1011%2C690&ssl=1","type":"image\/png"}],"author":"Redakcja Woblinka","twitter_card":"summary_large_image","twitter_creator":"@woblink_com","twitter_site":"@woblink_com","twitter_misc":{"Napisane przez":"Redakcja Woblinka","Szacowany czas czytania":"4 minuty"},"schema":{"@context":"https:\/\/schema.org","@graph":[{"@type":"Article","@id":"https:\/\/woblink.com\/blog\/nowa-lista-lektur-szkolnych-bez-konwickiego-swietlickiego-i-kosika\/#article","isPartOf":{"@id":"https:\/\/woblink.com\/blog\/nowa-lista-lektur-szkolnych-bez-konwickiego-swietlickiego-i-kosika\/"},"author":{"name":"Redakcja Woblinka","@id":"https:\/\/woblink.com\/blog\/#\/schema\/person\/8ab6b79d64fa54209272130c4c3b1e95"},"headline":"Nowa lista lektur szkolnych bez Konwickiego, \u015awietlickiego i Kosika?","datePublished":"2021-06-11T09:59:15+00:00","dateModified":"2021-06-11T11:26:28+00:00","mainEntityOfPage":{"@id":"https:\/\/woblink.com\/blog\/nowa-lista-lektur-szkolnych-bez-konwickiego-swietlickiego-i-kosika\/"},"wordCount":816,"publisher":{"@id":"https:\/\/woblink.com\/blog\/#organization"},"articleSection":["Aktualno\u015bci"],"inLanguage":"pl-PL"},{"@type":"WebPage","@id":"https:\/\/woblink.com\/blog\/nowa-lista-lektur-szkolnych-bez-konwickiego-swietlickiego-i-kosika\/","url":"https:\/\/woblink.com\/blog\/nowa-lista-lektur-szkolnych-bez-konwickiego-swietlickiego-i-kosika\/","name":"Nowa lista lektur szkolnych bez Konwickiego, \u015awietlickiego i Kosika? - Woblink","isPartOf":{"@id":"https:\/\/woblink.com\/blog\/#website"},"datePublished":"2021-06-11T09:59:15+00:00","dateModified":"2021-06-11T11:26:28+00:00","description":"Nowa lista lektur szkolnych zaproponowana przez Ministra Edukacji i Nauki, Przemys\u0142awa Czarnka, \u2013 bez Konwickiego, \u015awietlickiego i Kosika.","breadcrumb":{"@id":"https:\/\/woblink.com\/blog\/nowa-lista-lektur-szkolnych-bez-konwickiego-swietlickiego-i-kosika\/#breadcrumb"},"inLanguage":"pl-PL","potentialAction":[{"@type":"ReadAction","target":["https:\/\/woblink.com\/blog\/nowa-lista-lektur-szkolnych-bez-konwickiego-swietlickiego-i-kosika\/"]}]},{"@type":"BreadcrumbList","@id":"https:\/\/woblink.com\/blog\/nowa-lista-lektur-szkolnych-bez-konwickiego-swietlickiego-i-kosika\/#breadcrumb","itemListElement":[{"@type":"ListItem","position":1,"name":"Strona g\u0142\u00f3wna","item":"https:\/\/woblink.com\/blog\/"},{"@type":"ListItem","position":2,"name":"Nowa lista lektur szkolnych bez Konwickiego, \u015awietlickiego i Kosika?"}]},{"@type":"WebSite","@id":"https:\/\/woblink.com\/blog\/#website","url":"https:\/\/woblink.com\/blog\/","name":"Woblink","description":"najlepszy firmowy blog o ksi\u0105\u017ckach","publisher":{"@id":"https:\/\/woblink.com\/blog\/#organization"},"potentialAction":[{"@type":"SearchAction","target":{"@type":"EntryPoint","urlTemplate":"https:\/\/woblink.com\/blog\/?s={search_term_string}"},"query-input":"required name=search_term_string"}],"inLanguage":"pl-PL"},{"@type":"Organization","@id":"https:\/\/woblink.com\/blog\/#organization","name":"Woblink","url":"https:\/\/woblink.com\/blog\/","logo":{"@type":"ImageObject","inLanguage":"pl-PL","@id":"https:\/\/woblink.com\/blog\/#\/schema\/logo\/image\/","url":"https:\/\/i0.wp.com\/woblink.com\/blog\/wp-content\/uploads\/2019\/04\/nw_logoB.png?fit=185%2C42&ssl=1","contentUrl":"https:\/\/i0.wp.com\/woblink.com\/blog\/wp-content\/uploads\/2019\/04\/nw_logoB.png?fit=185%2C42&ssl=1","width":185,"height":42,"caption":"Woblink"},"image":{"@id":"https:\/\/woblink.com\/blog\/#\/schema\/logo\/image\/"},"sameAs":["https:\/\/facebook.com\/woblink","https:\/\/twitter.com\/woblink_com","https:\/\/www.instagram.com\/woblink_com","https:\/\/www.linkedin.com\/company\/woblink\/"]},{"@type":"Person","@id":"https:\/\/woblink.com\/blog\/#\/schema\/person\/8ab6b79d64fa54209272130c4c3b1e95","name":"Redakcja Woblinka","image":{"@type":"ImageObject","inLanguage":"pl-PL","@id":"https:\/\/woblink.com\/blog\/#\/schema\/person\/image\/","url":"https:\/\/secure.gravatar.com\/avatar\/f23ae80a7c9da060bee5f8310913478b?s=96&d=mm&r=g","contentUrl":"https:\/\/secure.gravatar.com\/avatar\/f23ae80a7c9da060bee5f8310913478b?s=96&d=mm&r=g","caption":"Redakcja Woblinka"},"url":"https:\/\/woblink.com\/blog\/author\/krasny\/"}]}},"jetpack_featured_media_url":"https:\/\/i0.wp.com\/woblink.com\/blog\/wp-content\/uploads\/2021\/06\/lektury.png?fit=1011%2C690&ssl=1","_links":{"self":[{"href":"https:\/\/woblink.com\/blog\/wp-json\/wp\/v2\/posts\/4845"}],"collection":[{"href":"https:\/\/woblink.com\/blog\/wp-json\/wp\/v2\/posts"}],"about":[{"href":"https:\/\/woblink.com\/blog\/wp-json\/wp\/v2\/types\/post"}],"author":[{"embeddable":true,"href":"https:\/\/woblink.com\/blog\/wp-json\/wp\/v2\/users\/7"}],"replies":[{"embeddable":true,"href":"https:\/\/woblink.com\/blog\/wp-json\/wp\/v2\/comments?post=4845"}],"version-history":[{"count":5,"href":"https:\/\/woblink.com\/blog\/wp-json\/wp\/v2\/posts\/4845\/revisions"}],"predecessor-version":[{"id":4851,"href":"https:\/\/woblink.com\/blog\/wp-json\/wp\/v2\/posts\/4845\/revisions\/4851"}],"wp:featuredmedia":[{"embeddable":true,"href":"https:\/\/woblink.com\/blog\/wp-json\/wp\/v2\/media\/4846"}],"wp:attachment":[{"href":"https:\/\/woblink.com\/blog\/wp-json\/wp\/v2\/media?parent=4845"}],"wp:term":[{"taxonomy":"category","embeddable":true,"href":"https:\/\/woblink.com\/blog\/wp-json\/wp\/v2\/categories?post=4845"},{"taxonomy":"post_tag","embeddable":true,"href":"https:\/\/woblink.com\/blog\/wp-json\/wp\/v2\/tags?post=4845"}],"curies":[{"name":"wp","href":"https:\/\/api.w.org\/{rel}","templated":true}]}}