{"id":4924,"date":"2021-07-02T16:49:26","date_gmt":"2021-07-02T14:49:26","guid":{"rendered":"https:\/\/woblink.com\/blog\/?p=4924"},"modified":"2021-07-14T12:39:38","modified_gmt":"2021-07-14T10:39:38","slug":"lato-2021-premiery-i-zapowiedzi-ksiazek-na-wakacje","status":"publish","type":"post","link":"https:\/\/woblink.com\/blog\/lato-2021-premiery-i-zapowiedzi-ksiazek-na-wakacje\/","title":{"rendered":"Lato 2021 \u2013 premiery i zapowiedzi ksi\u0105\u017cek na wakacje"},"content":{"rendered":"<p><strong>Od kilku dni trwa kalendarzowe lato, dla wielu z was oznacza to planowanie urlopu. Warto zatem zwr\u00f3ci\u0107 uwag\u0119 na zapowiedzi ksi\u0105\u017cek, kt\u00f3rych premiery maj\u0105 odby\u0107 si\u0119 tego lata. A jest z czego wybiera\u0107. Niebawem uka\u017c\u0105 si\u0119 ksi\u0105\u017cki Louise Gl\u00fcck, ubieg\u0142orocznej noblistki, nowe powie\u015b\u0107i Stephena Kinga, Remigiusza Mroza, Katarzyny Puzy\u0144skiej i Ali Smith. Ponadto swoj\u0105 premier\u0119 b\u0119dzie mia\u0142a \u201eRomantika\u201d \u2013 kontynuacja kontrowersyjnej \u201ePolski przydro\u017cnej\u201d Piotra Mareckiego. Hitem wakacji mo\u017ce jednak okaza\u0107 si\u0119 ksi\u0105\u017cka Fran Lebowitz pt. \u201eNie w humorze\u201d.<\/strong><\/p>\n<p><!--more--><\/p>\n<h2>Premiera 7 lipca<\/h2>\n<h3>Szczury z Via Veneto \u2013 Piotr K\u0119pi\u0144ski, Wydawnictwo Czarne<\/h3>\n<p>Piotr K\u0119pi\u0144ski opowiada o miejscu od setek lat targanego nami\u0119tno\u015bciami. W swoje ksi\u0105\u017cce \u0142\u0105czy czujno\u015b\u0107 obserwatora z zaanga\u017cowaniem mieszka\u0144ca. Opisuje W\u0142ochy z perspektywy osoby, kt\u00f3r\u0105 kraj fascynuje od lat. K\u0119pi\u0144ski spaceruje ulicami Rzymu, Sieny, Matery i Cilento, opowiada o Sardynii, rzymskich cmentarzach i mafii.<\/p>\n<figure id=\"attachment_4940\" aria-describedby=\"caption-attachment-4940\" style=\"width: 192px\" class=\"wp-caption aligncenter\"><a href=\"https:\/\/woblink.com\/ebook\/szczury-z-via-veneto-piotr-kepi-nski-218086u\"><img decoding=\"async\" loading=\"lazy\" class=\"wp-image-4940 size-medium\" src=\"https:\/\/i0.wp.com\/woblink.com\/blog\/wp-content\/uploads\/2021\/07\/large_szczury_z_via_veneto.jpeg?resize=192%2C300&#038;ssl=1\" alt=\"lato 2021 piotr k\u0119pi\u0144ski premiery zapowiedzi \" width=\"192\" height=\"300\" srcset=\"https:\/\/i0.wp.com\/woblink.com\/blog\/wp-content\/uploads\/2021\/07\/large_szczury_z_via_veneto.jpeg?resize=192%2C300&amp;ssl=1 192w, https:\/\/i0.wp.com\/woblink.com\/blog\/wp-content\/uploads\/2021\/07\/large_szczury_z_via_veneto.jpeg?w=380&amp;ssl=1 380w\" sizes=\"(max-width: 192px) 100vw, 192px\" data-recalc-dims=\"1\" \/><\/a><figcaption id=\"caption-attachment-4940\" class=\"wp-caption-text\"><center><strong>Kup <a href=\"https:\/\/woblink.com\/ebook\/szczury-z-via-veneto-piotr-kepi-nski-218086u\">ebooka<\/a> lub <a href=\"https:\/\/woblink.com\/ksiazka\/szczury-z-via-veneto-piotr-kepi-nski-220750\">ksi\u0105\u017ck\u0119 papierow\u0105<\/a> na Woblink.com<\/strong><\/center><\/figcaption><\/figure>\n<h3>Domy pisarzy \u2013 Marzena Mr\u00f3z-Bajon, Wydawnictwo\u00a0Marginesy<\/h3>\n<p>Je\u015bli jeste\u015bcie ciekawi jak mieszkali Mi\u0142osz, Capote, Wilde, Faulkner, Bu\u0142hakow, Mann i wielu innych wybitnych pisarzy, to koniecznie si\u0119gnijcie po ksi\u0105\u017ck\u0119 Marzeny Mr\u00f3z-Bajon. Autorka odwiedzi\u0142a miejsca, kt\u00f3rych mieszkali autorzy wielkich powie\u015bci \u2013 zwiedzi\u0142a m.in. Buenos Aires, Lim\u0119, Lubek\u0119 i wiele innych.<\/p>\n<figure id=\"attachment_4941\" aria-describedby=\"caption-attachment-4941\" style=\"width: 198px\" class=\"wp-caption aligncenter\"><a href=\"https:\/\/woblink.com\/ebook\/domy-pisarzy-mr-oz-bajon-marzena-218373u\"><img decoding=\"async\" loading=\"lazy\" class=\"wp-image-4941 size-medium\" src=\"https:\/\/i0.wp.com\/woblink.com\/blog\/wp-content\/uploads\/2021\/07\/ebd35eadb0dac742ba90ea0d709f8319_full.jpeg?resize=198%2C300&#038;ssl=1\" alt=\"domy pisarzy lato 2021 zapowied\u017a \" width=\"198\" height=\"300\" srcset=\"https:\/\/i0.wp.com\/woblink.com\/blog\/wp-content\/uploads\/2021\/07\/ebd35eadb0dac742ba90ea0d709f8319_full.jpeg?resize=198%2C300&amp;ssl=1 198w, https:\/\/i0.wp.com\/woblink.com\/blog\/wp-content\/uploads\/2021\/07\/ebd35eadb0dac742ba90ea0d709f8319_full.jpeg?resize=768%2C1165&amp;ssl=1 768w, https:\/\/i0.wp.com\/woblink.com\/blog\/wp-content\/uploads\/2021\/07\/ebd35eadb0dac742ba90ea0d709f8319_full.jpeg?resize=675%2C1024&amp;ssl=1 675w, https:\/\/i0.wp.com\/woblink.com\/blog\/wp-content\/uploads\/2021\/07\/ebd35eadb0dac742ba90ea0d709f8319_full.jpeg?resize=600%2C910&amp;ssl=1 600w, https:\/\/i0.wp.com\/woblink.com\/blog\/wp-content\/uploads\/2021\/07\/ebd35eadb0dac742ba90ea0d709f8319_full.jpeg?w=1400&amp;ssl=1 1400w\" sizes=\"(max-width: 198px) 100vw, 198px\" data-recalc-dims=\"1\" \/><\/a><figcaption id=\"caption-attachment-4941\" class=\"wp-caption-text\"><center><strong>Kup <a href=\"https:\/\/woblink.com\/ebook\/domy-pisarzy-mr-oz-bajon-marzena-218373u\">ebooka<\/a> lub <a href=\"https:\/\/woblink.com\/ksiazka\/domy-pisarzy-mr-oz-bajon-marzena-216696\">ksi\u0105\u017ck\u0119 papierow\u0105<\/a> na Woblink.com<\/strong><\/center><\/figcaption><\/figure>\n<h2><strong>Premiera 8 lipca<\/strong><\/h2>\n<h3><strong>Ararat \u2013 Louise Gl\u00fcck, Wydawnictwo A5, t\u0142um. Krystyna D\u0105browska<\/strong><\/h3>\n<p>Louise Gl\u00fcck nie jest poetk\u0105, kt\u00f3ra my\u015bli w kategoriach jednego, odr\u0119bnego wiersza, istniej\u0105cego niezale\u017cnie od innych &#8211; ona przewa\u017cnie komponuje cykle poetyckie, w kt\u00f3rych pojedyncze wiersze dope\u0142niaj\u0105 si\u0119 jak kamyki w mozaice. Wiersze w &#8222;Araracie&#8221; maj\u0105 narracyjn\u0105 ci\u0105g\u0142o\u015b\u0107, uk\u0142adaj\u0105 si\u0119 w opowie\u015b\u0107 o rodzinie&#8221; \u2013 tak m\u00f3wi o premierowym na polskim rynku tomie poezji ubieg\u0142orocznej noblistki Krystyna D\u0105browska. \u201eArarat&#8221; to pierwsze spotkanie polskiego czytelnika z tw\u00f3rczo\u015bci\u0105 Louise Gl\u00fcck.<\/p>\n<p><img decoding=\"async\" loading=\"lazy\" class=\"aligncenter wp-image-4942 size-medium\" src=\"https:\/\/i0.wp.com\/woblink.com\/blog\/wp-content\/uploads\/2021\/07\/louise-glueck-ararat-cover-okladka.jpeg?resize=202%2C300&#038;ssl=1\" alt=\"ararat louise gluck 2021 wydawnictwo a5\" width=\"202\" height=\"300\" srcset=\"https:\/\/i0.wp.com\/woblink.com\/blog\/wp-content\/uploads\/2021\/07\/louise-glueck-ararat-cover-okladka.jpeg?resize=202%2C300&amp;ssl=1 202w, https:\/\/i0.wp.com\/woblink.com\/blog\/wp-content\/uploads\/2021\/07\/louise-glueck-ararat-cover-okladka.jpeg?w=269&amp;ssl=1 269w\" sizes=\"(max-width: 202px) 100vw, 202px\" data-recalc-dims=\"1\" \/><\/p>\n<h2>Premiera 13 lipca<\/h2>\n<h3>Martwiec (Lipowo tom 13) \u2013 Katarzyna Puzy\u0144ska, Wydawnictwo Pr\u00f3szy\u0144ski i S-ka<\/h3>\n<p>W wakacje uka\u017ce si\u0119 trzynasty tom sagi o Lipowie Katarzyny Puzy\u0144skiej. Tym razem aspirant Daniel Podg\u00f3rski staje przed zadaniem rozwi\u0105zania dw\u00f3ch, zagadkowych i by\u0107 mo\u017ce powi\u0105zanych ze sob\u0105 spraw. Pierwsza z nich dotyczy zagini\u0119cia lokalnego autobusu, razem z kierow\u0105 i wszystkimi pasa\u017cerami. Po jakim\u015b czasie jedna z podr\u00f3\u017cnych wraca, jednak nie pami\u0119ta, co si\u0119 wydarzy\u0142o. Kiedy pami\u0119\u0107 zaczyna jej wraca\u0107, zostaje zamordowana. Druga dotyczy pochowanej \u017cywcem dziewczyny. Matka, kt\u00f3ra zg\u0142osi\u0142a spraw\u0119, straci\u0142a ju\u017c jedno dziecko \u2013 przed rokiem zamordowano jej syna i pozbawiono go g\u0142owy. Policja odnajduje czaszk\u0119 ch\u0142opaka. Pojawiaj\u0105 si\u0119 w\u0105tpliwo\u015bci co do przyczyny \u015bmierci ch\u0142opaka. Dodatkowo Podg\u00f3rski zmaga si\u0119 z wyj\u0105tkowo wrogo nastawion\u0105 kole\u017cank\u0105, podinspektor Mari Carmen Sikor\u0105.<\/p>\n<figure id=\"attachment_4925\" aria-describedby=\"caption-attachment-4925\" style=\"width: 196px\" class=\"wp-caption aligncenter\"><a href=\"https:\/\/woblink.com\/ebook\/martwiec-katarzyna-puzy-nska-219224u\"><img decoding=\"async\" loading=\"lazy\" class=\"wp-image-4925 size-medium\" src=\"https:\/\/i0.wp.com\/woblink.com\/blog\/wp-content\/uploads\/2021\/07\/4299906752442.jpg?resize=196%2C300&#038;ssl=1\" alt=\"katarzyna puzy\u0144ska martwiec lato 2021\" width=\"196\" height=\"300\" srcset=\"https:\/\/i0.wp.com\/woblink.com\/blog\/wp-content\/uploads\/2021\/07\/4299906752442.jpg?resize=196%2C300&amp;ssl=1 196w, https:\/\/i0.wp.com\/woblink.com\/blog\/wp-content\/uploads\/2021\/07\/4299906752442.jpg?resize=768%2C1174&amp;ssl=1 768w, https:\/\/i0.wp.com\/woblink.com\/blog\/wp-content\/uploads\/2021\/07\/4299906752442.jpg?resize=670%2C1024&amp;ssl=1 670w, https:\/\/i0.wp.com\/woblink.com\/blog\/wp-content\/uploads\/2021\/07\/4299906752442.jpg?resize=600%2C917&amp;ssl=1 600w, https:\/\/i0.wp.com\/woblink.com\/blog\/wp-content\/uploads\/2021\/07\/4299906752442.jpg?w=785&amp;ssl=1 785w\" sizes=\"(max-width: 196px) 100vw, 196px\" data-recalc-dims=\"1\" \/><\/a><figcaption id=\"caption-attachment-4925\" class=\"wp-caption-text\"><center><strong>Kup <a href=\"https:\/\/woblink.com\/ebook\/martwiec-katarzyna-puzy-nska-219224u\">ebooka<\/a> na Woblink.com<\/strong><\/center><\/figcaption><\/figure>\n<h2>Premiera 14 lipca<\/h2>\n<h3>Lato \u2013 Ali Smith, t\u0142um. Jerzy Koz\u0142owski, Wydawnictwo W.A.B.<\/h3>\n<p>Lipiec przyniesie premier\u0119 czwartej ksi\u0105\u017cki z serii \u201ePory roku\u201d Ali Smith \u2013 \u201eLato\u201d. Autorka prezentuje czytelnikom opowie\u015b\u0107 o ludziach w momencie poprzedzaj\u0105cym zmiany. W tera\u017aniejszo\u015bci Sacha ma \u015bwiadomo\u015b\u0107 tego, \u017ce \u015bwiat zmaga si\u0119 z problemami. Robert, jej brat, stwarza problemy, a rodzice je maj\u0105. \u015awiat pogr\u0105\u017ca si\u0119 w kryzysie, a ten najgorszy jeszcze si\u0119 nawet nie zacz\u0105\u0142. W przesz\u0142o\u015bci trwa cudowne lato&#8230;<\/p>\n<p><img decoding=\"async\" loading=\"lazy\" class=\"aligncenter wp-image-4926 size-medium\" src=\"https:\/\/i0.wp.com\/woblink.com\/blog\/wp-content\/uploads\/2021\/07\/x999906752309.jpg?resize=201%2C300&#038;ssl=1\" alt=\"ali smith wab lato 2021 premiery lato\" width=\"201\" height=\"300\" srcset=\"https:\/\/i0.wp.com\/woblink.com\/blog\/wp-content\/uploads\/2021\/07\/x999906752309.jpg?resize=201%2C300&amp;ssl=1 201w, https:\/\/i0.wp.com\/woblink.com\/blog\/wp-content\/uploads\/2021\/07\/x999906752309.jpg?resize=768%2C1148&amp;ssl=1 768w, https:\/\/i0.wp.com\/woblink.com\/blog\/wp-content\/uploads\/2021\/07\/x999906752309.jpg?resize=685%2C1024&amp;ssl=1 685w, https:\/\/i0.wp.com\/woblink.com\/blog\/wp-content\/uploads\/2021\/07\/x999906752309.jpg?resize=600%2C897&amp;ssl=1 600w, https:\/\/i0.wp.com\/woblink.com\/blog\/wp-content\/uploads\/2021\/07\/x999906752309.jpg?w=803&amp;ssl=1 803w\" sizes=\"(max-width: 201px) 100vw, 201px\" data-recalc-dims=\"1\" \/><\/p>\n<h3><strong>Majorka. Nie tylko pod palm\u0105 \u2013 Anna Klara Majewska, Wielka Litera<\/strong><\/h3>\n<p>Po Gozo, Wenecji, Lizbonie, Brukseli, Sztokholmie i Wiedniu, wydawnictwo Wielka Litera przedstawia kolejny nietypowy przewodnik. Tym razem w podr\u00f3\u017c niecodzienn\u0105 po Majorce zabierze czytelnik\u00f3w Anna Klara Majewska.<\/p>\n<figure id=\"attachment_4943\" aria-describedby=\"caption-attachment-4943\" style=\"width: 204px\" class=\"wp-caption aligncenter\"><a href=\"https:\/\/woblink.com\/ebook\/majorka-anna-klara-majewska-220729u\"><img decoding=\"async\" loading=\"lazy\" class=\"wp-image-4943 size-medium\" src=\"https:\/\/i0.wp.com\/woblink.com\/blog\/wp-content\/uploads\/2021\/07\/Majorka-nie-tylko-pod-palma-Anna-Klara-Majewska-698x1024.jpeg?resize=204%2C300&#038;ssl=1\" alt=\"majorka 2021 majewska lato zapowiedzi\" width=\"204\" height=\"300\" srcset=\"https:\/\/i0.wp.com\/woblink.com\/blog\/wp-content\/uploads\/2021\/07\/Majorka-nie-tylko-pod-palma-Anna-Klara-Majewska-698x1024.jpeg?resize=204%2C300&amp;ssl=1 204w, https:\/\/i0.wp.com\/woblink.com\/blog\/wp-content\/uploads\/2021\/07\/Majorka-nie-tylko-pod-palma-Anna-Klara-Majewska-698x1024.jpeg?resize=698%2C1024&amp;ssl=1 698w, https:\/\/i0.wp.com\/woblink.com\/blog\/wp-content\/uploads\/2021\/07\/Majorka-nie-tylko-pod-palma-Anna-Klara-Majewska-698x1024.jpeg?resize=600%2C880&amp;ssl=1 600w\" sizes=\"(max-width: 204px) 100vw, 204px\" data-recalc-dims=\"1\" \/><\/a><figcaption id=\"caption-attachment-4943\" class=\"wp-caption-text\"><center><strong>Kup <a href=\"https:\/\/woblink.com\/ebook\/majorka-anna-klara-majewska-220729u\">ebooka<\/a> lub <a href=\"https:\/\/woblink.com\/ksiazka\/majorka-nie-tylko-pod-palma-anna-klara-majewska-218036\">ksi\u0105\u017ck\u0119 papierow\u0105<\/a> na Woblink.com<\/strong><\/center><\/figcaption><\/figure>\n<h3>Szatan w naszym domu. Kulisy \u015bledztwa w sprawie przemocy rytualnej \u2013 Lawrence Wright, t\u0142um. Agnieszka Wilga, Wydawnictwo Czarne<\/h3>\n<p>\u201eSzatan w naszym domu\u201d to historia niesamowitej i zdumiewaj\u0105cej sprawy. Lawrence Wright, jeden z czo\u0142owym ameryka\u0144skich reporter\u00f3w, z chirurgiczn\u0105 precyzj\u0105 rekonstruuje przebieg niezwyk\u0142ego \u015bledztwa w sprawie Paula Ingrama, zast\u0119pcy szeryfa w stanie Waszyngton. M\u0119\u017cczyzna w 1988 roku zosta\u0142 oskar\u017cony przez swoje c\u00f3rki o wykorzystywanie seksualne. Stopniowo zarzuty zacz\u0119\u0142y obejmowa\u0107 tak\u017ce tortury i gwa\u0142ty. W kolejnych zeznaniach m\u00f3wiono o tym, \u017ce w satanistycznych, krwawych rytua\u0142ach brali udzia\u0142 rodzina Ingram\u00f3w, a tak\u017ce pracownicy biura szeryfa. W ca\u0142ych Stanach Zjednoczonych zacz\u0119to odnotowywa\u0107 przypadki \u201eodzyskanych wspomnie\u0144\u201d, a zg\u0142osze\u0144 dotycz\u0105cych dzia\u0142a\u0144 sekt satanistycznych przybywa\u0142o. Nawet ma\u0142\u017ce\u0144stwo Ingram\u00f3w zacz\u0119\u0142o przypomina\u0107 sobie wydarzenia, w kt\u00f3rym mieli bra\u0107 udzia\u0142.<\/p>\n<figure id=\"attachment_4927\" aria-describedby=\"caption-attachment-4927\" style=\"width: 187px\" class=\"wp-caption aligncenter\"><a href=\"https:\/\/woblink.com\/ebook\/szatan-w-naszym-domu-lawrence-wright-218089u\"><img decoding=\"async\" loading=\"lazy\" class=\"wp-image-4927 size-medium\" src=\"https:\/\/i0.wp.com\/woblink.com\/blog\/wp-content\/uploads\/2021\/07\/x999906762709.jpg?resize=187%2C300&#038;ssl=1\" alt=\"\" width=\"187\" height=\"300\" srcset=\"https:\/\/i0.wp.com\/woblink.com\/blog\/wp-content\/uploads\/2021\/07\/x999906762709.jpg?resize=187%2C300&amp;ssl=1 187w, https:\/\/i0.wp.com\/woblink.com\/blog\/wp-content\/uploads\/2021\/07\/x999906762709.jpg?resize=637%2C1024&amp;ssl=1 637w, https:\/\/i0.wp.com\/woblink.com\/blog\/wp-content\/uploads\/2021\/07\/x999906762709.jpg?resize=600%2C965&amp;ssl=1 600w, https:\/\/i0.wp.com\/woblink.com\/blog\/wp-content\/uploads\/2021\/07\/x999906762709.jpg?w=746&amp;ssl=1 746w\" sizes=\"(max-width: 187px) 100vw, 187px\" data-recalc-dims=\"1\" \/><\/a><figcaption id=\"caption-attachment-4927\" class=\"wp-caption-text\"><center><strong>Kup <a href=\"https:\/\/woblink.com\/ebook\/szatan-w-naszym-domu-lawrence-wright-218089u\">ebooka<\/a> na Woblink.com<\/strong><\/center><\/figcaption><\/figure>\n<h3>Wybaczam ci \u2013 Remigiusz Mr\u00f3z, Wydawnictwo Czwarta Strona<\/h3>\n<p>Remigiusz Mr\u00f3z nie zwalnia tempa i w te wakacje wraca z now\u0105 powie\u015bci\u0105 pt. \u201eWybaczam ci\u201d. Ksi\u0105\u017cka nie jest kontynuacj\u0105 \u017cadnej z serii autora, a osobnym tytu\u0142em. Tym razem Mr\u00f3z postawi\u0142 na thriller psychologiczny o ma\u0142\u017ce\u0144skich sekretach, mrocznych tajemnicach i podst\u0119pnej grze pozor\u00f3w. Ina Kobryn wiedzie spokojne \u017cycie. Wszystko zmienia si\u0119, kiedy na laptopie m\u0119\u017ca znajduje wiadomo\u015b\u0107 od nieznajomej dziewczyny o tre\u015bci \u201ewybaczam ci\u201d. Nast\u0119pnego dnia okazuje si\u0119, \u017ce nadawczyni pope\u0142ni\u0142a samob\u00f3jstwo. M\u0105\u017c Iny twierdzi, \u017ce nie ma poj\u0119cia kim by\u0142a samob\u00f3jczyni, a tajemnicza wiadomo\u015b\u0107 znika.<\/p>\n<figure id=\"attachment_4928\" aria-describedby=\"caption-attachment-4928\" style=\"width: 198px\" class=\"wp-caption aligncenter\"><a href=\"https:\/\/woblink.com\/ebook\/wybaczam-ci-remigiusz-mr-oz-219054u\"><img decoding=\"async\" loading=\"lazy\" class=\"wp-image-4928 size-medium\" src=\"https:\/\/i0.wp.com\/woblink.com\/blog\/wp-content\/uploads\/2021\/07\/7399906767573.jpg?resize=198%2C300&#038;ssl=1\" alt=\"\" width=\"198\" height=\"300\" srcset=\"https:\/\/i0.wp.com\/woblink.com\/blog\/wp-content\/uploads\/2021\/07\/7399906767573.jpg?resize=198%2C300&amp;ssl=1 198w, https:\/\/i0.wp.com\/woblink.com\/blog\/wp-content\/uploads\/2021\/07\/7399906767573.jpg?resize=768%2C1167&amp;ssl=1 768w, https:\/\/i0.wp.com\/woblink.com\/blog\/wp-content\/uploads\/2021\/07\/7399906767573.jpg?resize=674%2C1024&amp;ssl=1 674w, https:\/\/i0.wp.com\/woblink.com\/blog\/wp-content\/uploads\/2021\/07\/7399906767573.jpg?resize=600%2C911&amp;ssl=1 600w, https:\/\/i0.wp.com\/woblink.com\/blog\/wp-content\/uploads\/2021\/07\/7399906767573.jpg?w=790&amp;ssl=1 790w\" sizes=\"(max-width: 198px) 100vw, 198px\" data-recalc-dims=\"1\" \/><\/a><figcaption id=\"caption-attachment-4928\" class=\"wp-caption-text\"><center><strong>Kup <a href=\"https:\/\/woblink.com\/ebook\/wybaczam-ci-remigiusz-mr-oz-219054u\">ebooka<\/a> lub <a href=\"https:\/\/woblink.com\/audiobook\/wybaczam-ci-remigiusz-mr-oz-220737\">audiobooka<\/a> na Woblink.com<\/strong><\/center><\/figcaption><\/figure>\n<h3>Pe\u0142nik \u2013 Anna Lewicka, Wydawnictwo Jaguar<\/h3>\n<p>\u201ePe\u0142nik\u201d to nastrojowa powie\u015b\u0107 grozy, kt\u00f3rej akcja dzieje si\u0119 w klimatycznej Kotlinie K\u0142odzkiej. Emilia, po odziedziczeniu dworku po zmar\u0142ej ciotce, porzuca karier\u0119 prawniczki i wraca w rodzinne strony. Opr\u00f3cz pi\u0119knego domostwa i obietnicy nowego startu czekaj\u0105 tam na ni\u0105 mroczne sekrety, tajne stowarzyszenia, zagadkowa przesz\u0142o\u015b\u0107, legendy kryj\u0105ce w sobie ziarno prawdy, a przede wszystkim le\u015bne ost\u0119py Kotliny.<\/p>\n<figure id=\"attachment_4929\" aria-describedby=\"caption-attachment-4929\" style=\"width: 203px\" class=\"wp-caption aligncenter\"><a href=\"https:\/\/woblink.com\/ebook\/pelnik-anna-lewicka-219666u\"><img decoding=\"async\" loading=\"lazy\" class=\"wp-image-4929 size-medium\" src=\"https:\/\/i0.wp.com\/woblink.com\/blog\/wp-content\/uploads\/2021\/07\/4599906764945.jpg?resize=203%2C300&#038;ssl=1\" alt=\"\" width=\"203\" height=\"300\" srcset=\"https:\/\/i0.wp.com\/woblink.com\/blog\/wp-content\/uploads\/2021\/07\/4599906764945.jpg?resize=203%2C300&amp;ssl=1 203w, https:\/\/i0.wp.com\/woblink.com\/blog\/wp-content\/uploads\/2021\/07\/4599906764945.jpg?resize=768%2C1136&amp;ssl=1 768w, https:\/\/i0.wp.com\/woblink.com\/blog\/wp-content\/uploads\/2021\/07\/4599906764945.jpg?resize=692%2C1024&amp;ssl=1 692w, https:\/\/i0.wp.com\/woblink.com\/blog\/wp-content\/uploads\/2021\/07\/4599906764945.jpg?resize=600%2C888&amp;ssl=1 600w, https:\/\/i0.wp.com\/woblink.com\/blog\/wp-content\/uploads\/2021\/07\/4599906764945.jpg?w=811&amp;ssl=1 811w\" sizes=\"(max-width: 203px) 100vw, 203px\" data-recalc-dims=\"1\" \/><\/a><figcaption id=\"caption-attachment-4929\" class=\"wp-caption-text\"><center><strong>Kup <a href=\"https:\/\/woblink.com\/ebook\/pelnik-anna-lewicka-219666u\">ebooka<\/a> lub <a href=\"https:\/\/woblink.com\/ksiazka\/pelnik-anna-lewicka-218059\">ksi\u0105\u017ck\u0119 papierow\u0105<\/a> na Woblink.com<\/strong><\/center><\/figcaption><\/figure>\n<h2>Premiera 27 lipca<\/h2>\n<h3><strong>Wyznanie \u2013 Domenico Starnone, t\u0142um. Katarzyna Sk\u00f3rska, Wydawnictwo Pauza<\/strong><\/h3>\n<p>Najnowsz\u0105 ksi\u0105\u017ck\u0105 Wydawnictwa Pauza b\u0119dzie powie\u015b\u0107 w\u0142oskiego pisarza Domenico Starnone. To trzecia ksi\u0105\u017cka Neapolczyka, kt\u00f3ra ukazuje si\u0119 po polsku. Wcze\u015bniej Wydawnictwo W.A.B. opublikowa\u0142o jego \u201eSznur\u00f3wki\u201d i \u201e<strong><a href=\"https:\/\/woblink.com\/ksiazka\/psikus-starnone-domenico-78579\">Psikus<\/a><\/strong>\u201d. Starnone jest pisarzem wielu presti\u017cowych nagr\u00f3d. Na swoim koncie ma mi\u0119dzy innymi Premio Strega, najwa\u017cniejsz\u0105 w\u0142osk\u0105 nagrod\u0119 literack\u0105. Ponadto nominowany by\u0142 do National Book Award. \u201eWyznanie\u201d to opowie\u015b\u0107 o nauczycielu, kt\u00f3ry wpl\u0105tuje si\u0119 w romans ze swoj\u0105 dawn\u0105 uczennic\u0105. Pietro nie jest do ko\u0144ca \u015bwiadomy, \u017ce wyznanie, kt\u00f3re uczyni\u0142 Teresie ca\u0142kowicie zmieni jego \u017cycie. Starnone przedstawia losy swojego bohatera na przestrzeni kilku dekad.<\/p>\n<p><img decoding=\"async\" loading=\"lazy\" class=\"size-medium wp-image-4997 aligncenter\" src=\"https:\/\/i0.wp.com\/woblink.com\/blog\/wp-content\/uploads\/2021\/07\/domenico-starnone-wyznanie-cover-okladka.jpeg?resize=210%2C300&#038;ssl=1\" alt=\"\" width=\"210\" height=\"300\" srcset=\"https:\/\/i0.wp.com\/woblink.com\/blog\/wp-content\/uploads\/2021\/07\/domenico-starnone-wyznanie-cover-okladka.jpeg?resize=210%2C300&amp;ssl=1 210w, https:\/\/i0.wp.com\/woblink.com\/blog\/wp-content\/uploads\/2021\/07\/domenico-starnone-wyznanie-cover-okladka.jpeg?w=280&amp;ssl=1 280w\" sizes=\"(max-width: 210px) 100vw, 210px\" data-recalc-dims=\"1\" \/><\/p>\n<h3><strong>Wiwat ma\u0142\u017ce\u0144stwo \u2013\u00a0Sakunosuke Oda, t\u0142um. Agnieszka Stojek, Wydawnictwo Tajfuny<\/strong><\/h3>\n<p>Sakunosuke Oda to japo\u0144ski pisarz, trzeci najwa\u017cniejszy cz\u0142onek nieoficjalnej grupy <em>buraiha<\/em>, czyli tzw. szko\u0142y dekadenckiej, do kt\u00f3rej nale\u017celi tak\u017ce Osamu Dazai i Ango Sakaguchi. \u201eWiwat ma\u0142\u017ce\u0144stwo\u201d to jedna z jego najwa\u017cniejszych ksi\u0105\u017cek. Bohaterka powie\u015bci Ch\u014dko rezygnuje z kariery gejszy i zwi\u0105zuje si\u0119 z synem handlarza akcesoriami fryzjerskimi Ry\u016bkichim. Para korzysta z miejskiego \u017cycia, cho\u0107 bardzo cz\u0119sto maj\u0105 pod g\u00f3rk\u0119. \u201eWiwat ma\u0142\u017ce\u0144stwo\u201d to s\u0142odko-gorzki, ironiczny portret Osaki \u2013 rozrywkowej, kulinarnej i kulturalnej stolicy \u015brodkowej Japonii. Ksi\u0105\u017cka zosta\u0142a wzbogacona o wst\u0119p merytoryczny Karoliny Bednarz.<\/p>\n<div id=\"nm-shop\" class=\"nm-shop header-enabled ajax-enabled nm-shop-sidebar-header images-lazyload images-show\">\n<div class=\"nm-shop-header has-categories has-filters no-sidebar no-search\">\n<div class=\"nm-shop-menu list_sep thumbnails-top\">\n<div class=\"nm-row\">\n<div class=\"col-xs-12\">\n<div id=\"nm-shop-filter-menu-wrap\"><img decoding=\"async\" loading=\"lazy\" class=\"size-medium wp-image-4998 aligncenter\" src=\"https:\/\/i0.wp.com\/woblink.com\/blog\/wp-content\/uploads\/2021\/07\/sakunosuke-oda-wiwat-malzenstwo-cover-okladka.jpeg?resize=185%2C300&#038;ssl=1\" alt=\"\" width=\"185\" height=\"300\" srcset=\"https:\/\/i0.wp.com\/woblink.com\/blog\/wp-content\/uploads\/2021\/07\/sakunosuke-oda-wiwat-malzenstwo-cover-okladka.jpeg?resize=185%2C300&amp;ssl=1 185w, https:\/\/i0.wp.com\/woblink.com\/blog\/wp-content\/uploads\/2021\/07\/sakunosuke-oda-wiwat-malzenstwo-cover-okladka.jpeg?w=247&amp;ssl=1 247w\" sizes=\"(max-width: 185px) 100vw, 185px\" data-recalc-dims=\"1\" \/><\/div>\n<\/div>\n<\/div>\n<\/div>\n<\/div>\n<\/div>\n<h3>O mr\u00f3wkach i dinozaurach &#8211; Cixin Liu, t\u0142um. Andrzej Jankowski, Dom Wydawniczy Rebis<\/h3>\n<p>Cixin Liu, autor bestsellerowej trylogii \u201eWspomnienie o przesz\u0142o\u015bci Ziemi\u201d, wraca z nowym tytu\u0142em. \u201eO mr\u00f3wkach i dinozaurach\u201d to opowie\u015b\u0107 o tajemnicach pierwszej i najwspanialszej cywilizacji ziemskiej. Mr\u00f3wki i dinozaury to stworzenia zupe\u0142nie r\u00f3\u017cne. Z biegiem czasu nawi\u0105za\u0142y jednak \u015bcis\u0142\u0105 wsp\u00f3\u0142prac\u0119, kt\u00f3rej podstaw\u0105 by\u0142y us\u0142ugi dentystyczne. Wi\u0119cej o tej niezwyk\u0142ej relacji i Ziemi okresu kredy przeczytacie w ksi\u0105\u017cce autora \u201eProblemu trzech cia\u0142\u201d.<\/p>\n<p><img decoding=\"async\" loading=\"lazy\" class=\"aligncenter wp-image-4930 size-medium\" src=\"https:\/\/i0.wp.com\/woblink.com\/blog\/wp-content\/uploads\/2021\/07\/x299906763202.jpg?resize=196%2C300&#038;ssl=1\" alt=\"cixin liu lato 2021 rebis\" width=\"196\" height=\"300\" srcset=\"https:\/\/i0.wp.com\/woblink.com\/blog\/wp-content\/uploads\/2021\/07\/x299906763202.jpg?resize=196%2C300&amp;ssl=1 196w, https:\/\/i0.wp.com\/woblink.com\/blog\/wp-content\/uploads\/2021\/07\/x299906763202.jpg?resize=768%2C1176&amp;ssl=1 768w, https:\/\/i0.wp.com\/woblink.com\/blog\/wp-content\/uploads\/2021\/07\/x299906763202.jpg?resize=669%2C1024&amp;ssl=1 669w, https:\/\/i0.wp.com\/woblink.com\/blog\/wp-content\/uploads\/2021\/07\/x299906763202.jpg?resize=600%2C918&amp;ssl=1 600w, https:\/\/i0.wp.com\/woblink.com\/blog\/wp-content\/uploads\/2021\/07\/x299906763202.jpg?w=784&amp;ssl=1 784w\" sizes=\"(max-width: 196px) 100vw, 196px\" data-recalc-dims=\"1\" \/><\/p>\n<h2>Premiera 28 lipca<\/h2>\n<h3><strong>Kraj niespokojnego poranka. Pami\u0119\u0107 i bunt w Korei Po\u0142udniowej \u2013 Roman Husarski, Wydawnictwo Czarne<\/strong><\/h3>\n<p>Korea Po\u0142udniowa kojarzy si\u0119 wsp\u00f3\u0142cze\u015bnie z kimchi, k-popem i oscarowymi produkcjami. To kraj, kt\u00f3ry w kontrze do Korei P\u00f3\u0142nocnej, uchodzi za tolerancyjny, kolorowy, na tyle bezpieczny, by w 2002 roku organizowa\u0107 mistrzostwa \u015bwiata w pi\u0142ce no\u017cnej. Pod t\u0105 mask\u0105 kryje si\u0119 jednak trudna historia i jeszcze trudniejsza wsp\u00f3\u0142czesno\u015b\u0107. Roman Husarki opowiada o kraju wielkich kontrast\u00f3w, gdzie ub\u00f3stwo kontrastuje z ub\u00f3stwem, religie konkuruj\u0105 ze sob\u0105 niczym globalne korporacje, a tak\u017ce o skomplikowanych relacjach Korei Po\u0142udniowej z Japoni\u0105 i Kore\u0105 P\u00f3\u0142nocn\u0105.<\/p>\n<p><img decoding=\"async\" loading=\"lazy\" class=\"aligncenter wp-image-4944 size-medium\" src=\"https:\/\/i0.wp.com\/woblink.com\/blog\/wp-content\/uploads\/2021\/07\/korea_czarne_reportaz\u0307.jpeg?resize=187%2C300&#038;ssl=1\" alt=\"lato 2021 kraj niespokojnego poranka\" width=\"187\" height=\"300\" srcset=\"https:\/\/i0.wp.com\/woblink.com\/blog\/wp-content\/uploads\/2021\/07\/korea_czarne_reportaz\u0307.jpeg?resize=187%2C300&amp;ssl=1 187w, https:\/\/i0.wp.com\/woblink.com\/blog\/wp-content\/uploads\/2021\/07\/korea_czarne_reportaz\u0307.jpeg?w=380&amp;ssl=1 380w\" sizes=\"(max-width: 187px) 100vw, 187px\" data-recalc-dims=\"1\" \/><\/p>\n<h3>Ostatni dom na zapomnianej ulicy \u2013 Catriona Ward, t\u0142um. Martyna Tomczak, Wydawnictwo Czwarta Strona<\/h3>\n<p>\u201eOstatni dom na zapomnianej ulicy\u201d to idealny krymina\u0142 na urlop: pe\u0142na tajemnic i k\u0142amstw historia o seryjnym mordercy, porwanym dziecku, \u015bmierci i zem\u015bcie. A tak\u017ce o pewnym domu na ko\u0144cu ulicy, kt\u00f3ry kryje dawno pogrzebane sekrety.<\/p>\n<p><img decoding=\"async\" loading=\"lazy\" class=\"size-medium wp-image-4932 aligncenter\" src=\"https:\/\/i0.wp.com\/woblink.com\/blog\/wp-content\/uploads\/2021\/07\/2699906767326.jpg?resize=198%2C300&#038;ssl=1\" alt=\"\" width=\"198\" height=\"300\" srcset=\"https:\/\/i0.wp.com\/woblink.com\/blog\/wp-content\/uploads\/2021\/07\/2699906767326.jpg?resize=198%2C300&amp;ssl=1 198w, https:\/\/i0.wp.com\/woblink.com\/blog\/wp-content\/uploads\/2021\/07\/2699906767326.jpg?resize=768%2C1167&amp;ssl=1 768w, https:\/\/i0.wp.com\/woblink.com\/blog\/wp-content\/uploads\/2021\/07\/2699906767326.jpg?resize=674%2C1024&amp;ssl=1 674w, https:\/\/i0.wp.com\/woblink.com\/blog\/wp-content\/uploads\/2021\/07\/2699906767326.jpg?resize=600%2C911&amp;ssl=1 600w, https:\/\/i0.wp.com\/woblink.com\/blog\/wp-content\/uploads\/2021\/07\/2699906767326.jpg?w=790&amp;ssl=1 790w\" sizes=\"(max-width: 198px) 100vw, 198px\" data-recalc-dims=\"1\" \/><\/p>\n<h3><strong>Piotr Marecki &#8211; Romantika, Wydawnictwo Czarne<\/strong><\/h3>\n<p>Po kontrowersyjnej \u201ePolsce przydro\u017cnej\u201d, kt\u00f3ra rozbudzi\u0142a gor\u0105ce dyskusje w \u015bwiecie literackim w ca\u0142ej Polsce, przyszed\u0142 czas na kontynuacje opowie\u015bci-drogi Piotra Mareckiego. W \u201eRomantice\u201d autor za\u0142adowanym po brzegi Oplem, tym razem nie samotnie, a wraz ze swoj\u0105 \u017con\u0105, przemierza i opisuje kraj z perspektywy bocznych dr\u00f3g.<\/p>\n<p><img decoding=\"async\" loading=\"lazy\" class=\"aligncenter wp-image-4946 size-medium\" src=\"https:\/\/i0.wp.com\/woblink.com\/blog\/wp-content\/uploads\/2021\/07\/marecki_romantika_okladka.jpeg?resize=186%2C300&#038;ssl=1\" alt=\"romantika piotr marecki lato 2021 \" width=\"186\" height=\"300\" srcset=\"https:\/\/i0.wp.com\/woblink.com\/blog\/wp-content\/uploads\/2021\/07\/marecki_romantika_okladka.jpeg?resize=186%2C300&amp;ssl=1 186w, https:\/\/i0.wp.com\/woblink.com\/blog\/wp-content\/uploads\/2021\/07\/marecki_romantika_okladka.jpeg?resize=768%2C1235&amp;ssl=1 768w, https:\/\/i0.wp.com\/woblink.com\/blog\/wp-content\/uploads\/2021\/07\/marecki_romantika_okladka.jpeg?resize=637%2C1024&amp;ssl=1 637w, https:\/\/i0.wp.com\/woblink.com\/blog\/wp-content\/uploads\/2021\/07\/marecki_romantika_okladka.jpeg?resize=600%2C965&amp;ssl=1 600w, https:\/\/i0.wp.com\/woblink.com\/blog\/wp-content\/uploads\/2021\/07\/marecki_romantika_okladka.jpeg?w=1630&amp;ssl=1 1630w\" sizes=\"(max-width: 186px) 100vw, 186px\" data-recalc-dims=\"1\" \/><\/p>\n<h2>Premiera 3 sierpnia<\/h2>\n<h3>Billy Summers \u2013 Stephen King, t\u0142um. Tomasz Wilusz, Wydawnictwo Pr\u00f3szy\u0144ski i Ska<\/h3>\n<p>Na pocz\u0105tku sierpnia pojawi si\u0119 najnowsza, druga w tym roku, powie\u015b\u0107 mistrza grozy Stephena Kinga. Tym razem ameryka\u0144ski pisarz si\u0119ga po krymina\u0142 i przedstawia czytelnikom opowie\u015b\u0107 o wojnie. To tak\u017ce laurka dla ma\u0142ych ameryka\u0144skich miasteczek oraz ich mieszka\u0144c\u00f3w. Powie\u015b\u0107 nosi tytu\u0142 \u201eBilly Summers\u201d. Jej g\u0142\u00f3wny bohater jest zab\u00f3jc\u0105 do wynaj\u0119cia, kt\u00f3ry przyjmuje zlecenia wy\u0142\u0105cznie na z\u0142ych ludzi. Przed emerytur\u0105 postanawia wzi\u0105\u0107 jeszcze jedn\u0105, ostatni\u0105 robot\u0119. Co mo\u017ce p\u00f3j\u015b\u0107 nie tak?<\/p>\n<p><img decoding=\"async\" loading=\"lazy\" class=\"aligncenter wp-image-4933 size-medium\" src=\"https:\/\/i0.wp.com\/woblink.com\/blog\/wp-content\/uploads\/2021\/07\/5899906764058.jpg?resize=212%2C300&#038;ssl=1\" alt=\"lato 2021 stephen king premiery zapowiedzi\" width=\"212\" height=\"300\" srcset=\"https:\/\/i0.wp.com\/woblink.com\/blog\/wp-content\/uploads\/2021\/07\/5899906764058.jpg?resize=212%2C300&amp;ssl=1 212w, https:\/\/i0.wp.com\/woblink.com\/blog\/wp-content\/uploads\/2021\/07\/5899906764058.jpg?resize=768%2C1086&amp;ssl=1 768w, https:\/\/i0.wp.com\/woblink.com\/blog\/wp-content\/uploads\/2021\/07\/5899906764058.jpg?resize=724%2C1024&amp;ssl=1 724w, https:\/\/i0.wp.com\/woblink.com\/blog\/wp-content\/uploads\/2021\/07\/5899906764058.jpg?resize=600%2C848&amp;ssl=1 600w, https:\/\/i0.wp.com\/woblink.com\/blog\/wp-content\/uploads\/2021\/07\/5899906764058.jpg?w=849&amp;ssl=1 849w\" sizes=\"(max-width: 212px) 100vw, 212px\" data-recalc-dims=\"1\" \/><\/p>\n<h2>Premiera 4 sierpnia<\/h2>\n<h3>Kasz\u00ebb\u00eb \u2013 Tomasz S\u0142omczy\u0144ski, Wydawnictwo Czarne<\/h3>\n<p>Kaszuby to wyj\u0105tkowy rejon naszego kraju \u2013 z w\u0142asnym j\u0119zykiem i histori\u0105, \u015bwiadome swojej odr\u0119bno\u015bci. Tomasz S\u0142omczy\u0144ski w swoim reporta\u017cu opowiada o z\u0142o\u017conej to\u017csamo\u015bci Kaszub\u00f3w, ich przesz\u0142o\u015bci, a tak\u017ce o wsp\u00f3\u0142czesnych problemach. Rozmawia z miejscowymi i przyjezdnymi, uczy si\u0119 j\u0119zyka, poznaje lokalne historie oraz zwyczaje. Dzi\u0119ki temu czytelnicy mog\u0105 dowiedzie\u0107 si\u0119 czego\u015b wi\u0119cej o tym niesamowitym regionie Polski.<\/p>\n<p><img decoding=\"async\" loading=\"lazy\" class=\"aligncenter wp-image-4934 size-medium\" src=\"https:\/\/i0.wp.com\/woblink.com\/blog\/wp-content\/uploads\/2021\/07\/8799906767587.jpg?resize=193%2C300&#038;ssl=1\" alt=\"lato 2021 kaszebe premiery zapowiedzi\" width=\"193\" height=\"300\" srcset=\"https:\/\/i0.wp.com\/woblink.com\/blog\/wp-content\/uploads\/2021\/07\/8799906767587.jpg?resize=193%2C300&amp;ssl=1 193w, https:\/\/i0.wp.com\/woblink.com\/blog\/wp-content\/uploads\/2021\/07\/8799906767587.jpg?resize=768%2C1197&amp;ssl=1 768w, https:\/\/i0.wp.com\/woblink.com\/blog\/wp-content\/uploads\/2021\/07\/8799906767587.jpg?resize=657%2C1024&amp;ssl=1 657w, https:\/\/i0.wp.com\/woblink.com\/blog\/wp-content\/uploads\/2021\/07\/8799906767587.jpg?resize=600%2C935&amp;ssl=1 600w, https:\/\/i0.wp.com\/woblink.com\/blog\/wp-content\/uploads\/2021\/07\/8799906767587.jpg?w=770&amp;ssl=1 770w\" sizes=\"(max-width: 193px) 100vw, 193px\" data-recalc-dims=\"1\" \/><\/p>\n<h2>Premiera 11 sierpnia<\/h2>\n<h3>Nie w humorze \u2013 Fran Lebowitz, t\u0142um. \u0141ukasz Witczak, Wydawnictwo Znak<\/h3>\n<p>Idealn\u0105 wakacyjn\u0105 lektur\u0105 b\u0119dzie b\u0142yskotliwy zbi\u00f3r dowcipnych felieton\u00f3w Fran Lebowitz, gwiazdy dokumentalnej produkcji Netflixa \u201e<strong><a href=\"https:\/\/www.netflix.com\/pl\/title\/81078137\">Udawaj, \u017ce to miasto<\/a><\/strong>\u201d w re\u017cyserii Martina Scorsese. Lebowitz, \u017cywa legenda Nowego Jorku, pisze o wszystkim: od dzieci, przez rozmowy o seksie, po nowojorskich w\u0142a\u015bcicieli kamienic.<\/p>\n<p><img decoding=\"async\" loading=\"lazy\" class=\"aligncenter wp-image-4931 size-medium\" src=\"https:\/\/i0.wp.com\/woblink.com\/blog\/wp-content\/uploads\/2021\/07\/nie-w-humorze-b-iext72763283.jpg?resize=195%2C300&#038;ssl=1\" alt=\"fran lebowitz lato 2021 premiery zapowiedzi\" width=\"195\" height=\"300\" srcset=\"https:\/\/i0.wp.com\/woblink.com\/blog\/wp-content\/uploads\/2021\/07\/nie-w-humorze-b-iext72763283.jpg?resize=195%2C300&amp;ssl=1 195w, https:\/\/i0.wp.com\/woblink.com\/blog\/wp-content\/uploads\/2021\/07\/nie-w-humorze-b-iext72763283.jpg?w=325&amp;ssl=1 325w\" sizes=\"(max-width: 195px) 100vw, 195px\" data-recalc-dims=\"1\" \/><\/p>\n<h3>Jak si\u0119 dogadywa\u0107 mimo r\u00f3\u017cnic? Instrukcja obs\u0142ugi typ\u00f3w osobowo\u015bci \u2013 Stefanie Stahl, t\u0142um. Sylwia Mi\u0142kowska, Marta Ksi\u0105\u017ckiewicz, Wydawnictwo Otwarte<\/h3>\n<p>\u201eJak si\u0119 dogadywa\u0107 mimo r\u00f3\u017cni\u0107\u201d to kolejny tytu\u0142 Stefanie Stahl, autorki bestsellerowych poradnik\u00f3w psychologicznych. Niemiecka psycholo\u017cka i psychoterapeutka skupia si\u0119 na komunikacji \u2013 w rodzinie, zwi\u0105zku, pracy. Przygl\u0105da si\u0119 mechanizmom wp\u0142ywaj\u0105cym na zachowanie, odczuwanie i my\u015blenie danego cz\u0142owieka. Pomaga zrozumie\u0107, dlaczego kontakt z jedn\u0105 osob\u0105 jest prosty, a z kim\u015b innym ci\u0119\u017cko si\u0119 porozumie\u0107. Dzi\u0119ki praktycznym wskaz\u00f3wkom u\u0142atwia komunikacj\u0119 z osobami o innych typach osobowo\u015bci.<\/p>\n<p><img decoding=\"async\" loading=\"lazy\" class=\"size-medium wp-image-4935 aligncenter\" src=\"https:\/\/i0.wp.com\/woblink.com\/blog\/wp-content\/uploads\/2021\/07\/4199906761541.jpg?resize=199%2C300&#038;ssl=1\" alt=\"\" width=\"199\" height=\"300\" srcset=\"https:\/\/i0.wp.com\/woblink.com\/blog\/wp-content\/uploads\/2021\/07\/4199906761541.jpg?resize=199%2C300&amp;ssl=1 199w, https:\/\/i0.wp.com\/woblink.com\/blog\/wp-content\/uploads\/2021\/07\/4199906761541.jpg?resize=768%2C1158&amp;ssl=1 768w, https:\/\/i0.wp.com\/woblink.com\/blog\/wp-content\/uploads\/2021\/07\/4199906761541.jpg?resize=679%2C1024&amp;ssl=1 679w, https:\/\/i0.wp.com\/woblink.com\/blog\/wp-content\/uploads\/2021\/07\/4199906761541.jpg?resize=600%2C905&amp;ssl=1 600w, https:\/\/i0.wp.com\/woblink.com\/blog\/wp-content\/uploads\/2021\/07\/4199906761541.jpg?w=796&amp;ssl=1 796w\" sizes=\"(max-width: 199px) 100vw, 199px\" data-recalc-dims=\"1\" \/><\/p>\n<h3>Doktor Anna (Uczniowie Hippokratesa tom 2) \u2013 A\u0142bena Grabowska, Wydawnictwo Marginesy<\/h3>\n<p>A\u0142bena Grabowska wraca z kolejn\u0105 cz\u0119\u015bci\u0105 cyklu \u201eUczniowie Hippokratesa\u201d b\u0119d\u0105cej niezwykle interesuj\u0105c\u0105 opowie\u015bci\u0105 o XIX-wiecznej medycynie i uk\u0142onem pisarki w stron\u0119 \u015brodowiska medycznego. W \u201eDoktor Annie\u201d prezentuje opart\u0105 na faktach histori\u0119 pierwszej dyplomowanej lekarki praktykuj\u0105cej na polskich ziemiach.<\/p>\n<p><img decoding=\"async\" loading=\"lazy\" class=\"aligncenter wp-image-4936 size-medium\" src=\"https:\/\/i0.wp.com\/woblink.com\/blog\/wp-content\/uploads\/2021\/07\/9199906767191.jpg?resize=198%2C300&#038;ssl=1\" alt=\"lato 2021 premiery ksi\u0105\u017cek a\u0142bena doktor anna\" width=\"198\" height=\"300\" srcset=\"https:\/\/i0.wp.com\/woblink.com\/blog\/wp-content\/uploads\/2021\/07\/9199906767191.jpg?resize=198%2C300&amp;ssl=1 198w, https:\/\/i0.wp.com\/woblink.com\/blog\/wp-content\/uploads\/2021\/07\/9199906767191.jpg?resize=768%2C1165&amp;ssl=1 768w, https:\/\/i0.wp.com\/woblink.com\/blog\/wp-content\/uploads\/2021\/07\/9199906767191.jpg?resize=675%2C1024&amp;ssl=1 675w, https:\/\/i0.wp.com\/woblink.com\/blog\/wp-content\/uploads\/2021\/07\/9199906767191.jpg?resize=600%2C910&amp;ssl=1 600w, https:\/\/i0.wp.com\/woblink.com\/blog\/wp-content\/uploads\/2021\/07\/9199906767191.jpg?w=791&amp;ssl=1 791w\" sizes=\"(max-width: 198px) 100vw, 198px\" data-recalc-dims=\"1\" \/><\/p>\n<h2>Premiera sierpie\u0144<\/h2>\n<h3>Wojna \u2013 Jos\u00e9 Jorge Letria, ilustracje Andr\u00e9 Letria, t\u0142um. Katarzyna Okrasko, Wydawnictwo Dwie Siostry<\/h3>\n<p>To stworzona przez ojca i syna niezwyk\u0142a, malarsko-poetycka opowie\u015b\u0107 o wojnie. Poruszaj\u0105ce dzie\u0142o jest adresowane do wszystkich czytelnik\u00f3w, niezale\u017cnie od wieku. \u201eWojna\u201d zosta\u0142a doceniona zar\u00f3wno przez czytelnik\u00f3w, jak i krytyk\u00f3w \u2013 tytu\u0142 zosta\u0142 wpisany na list\u0119 Bia\u0142ych Kruk\u00f3w, zosta\u0142 zaprezentowany na wystawie na Mi\u0119dzynarodowych Targach Ksi\u0105\u017cki dla Dzieci w Bolonii i otrzyma\u0142 takie wyr\u00f3\u017cnienia jak Grand Prix w Nami Concours, NY Rights Fair Talking Pictures Award czy Excellence Award w konkursie Communication Arts Illustration Annual.<\/p>\n<p><img decoding=\"async\" loading=\"lazy\" class=\"aligncenter wp-image-4937 size-medium\" src=\"https:\/\/i0.wp.com\/woblink.com\/blog\/wp-content\/uploads\/2021\/07\/phpThumb_generated_thumbnailjpg.jpg?resize=245%2C300&#038;ssl=1\" alt=\"lato 2021 wojna premiera zapowiedzi\" width=\"245\" height=\"300\" srcset=\"https:\/\/i0.wp.com\/woblink.com\/blog\/wp-content\/uploads\/2021\/07\/phpThumb_generated_thumbnailjpg.jpg?resize=245%2C300&amp;ssl=1 245w, https:\/\/i0.wp.com\/woblink.com\/blog\/wp-content\/uploads\/2021\/07\/phpThumb_generated_thumbnailjpg.jpg?resize=768%2C940&amp;ssl=1 768w, https:\/\/i0.wp.com\/woblink.com\/blog\/wp-content\/uploads\/2021\/07\/phpThumb_generated_thumbnailjpg.jpg?resize=836%2C1024&amp;ssl=1 836w, https:\/\/i0.wp.com\/woblink.com\/blog\/wp-content\/uploads\/2021\/07\/phpThumb_generated_thumbnailjpg.jpg?resize=600%2C735&amp;ssl=1 600w, https:\/\/i0.wp.com\/woblink.com\/blog\/wp-content\/uploads\/2021\/07\/phpThumb_generated_thumbnailjpg.jpg?w=980&amp;ssl=1 980w\" sizes=\"(max-width: 245px) 100vw, 245px\" data-recalc-dims=\"1\" \/><\/p>\n<h2>18 sierpnia 2021<\/h2>\n<h3><strong>Za otrzymane \u0142aski \u2013 Valeria Parrella, t\u0142um. Katarzyna Sk\u00f3rska, Wydawnictwo Pauza<\/strong><\/h3>\n<p>\u201eZa otrzymane \u0142aski\u201d to zbi\u00f3r czterech opowiada\u0144 Valerii Parrelli, w kt\u00f3rych centralny punktem jest Neapol \u2013 miasto t\u0119tni\u0105ce \u017cyciem, wype\u0142nione chaosem, przemoc\u0105 i szale\u0144stwem. Parrelli pisze o wielopokoleniowych rodzinach, kt\u00f3re coraz cz\u0119\u015bciej zast\u0119puj\u0105 wybieraj\u0105ce samotno\u015b\u0107 jednostki, kt\u00f3re chc\u0105 wyrwa\u0107 si\u0119 z wi\u0119z\u00f3w tradycji. Autorka przedstawia intymne opowie\u015bci o bohaterkach d\u0105\u017c\u0105cych do realizacji w\u0142asnych pragnie\u0144.<\/p>\n<p><img decoding=\"async\" loading=\"lazy\" class=\"size-medium wp-image-5000 aligncenter\" src=\"https:\/\/i0.wp.com\/woblink.com\/blog\/wp-content\/uploads\/2021\/07\/za-otrzymane-laski-b-iext73686089.jpeg?resize=206%2C300&#038;ssl=1\" alt=\"\" width=\"206\" height=\"300\" srcset=\"https:\/\/i0.wp.com\/woblink.com\/blog\/wp-content\/uploads\/2021\/07\/za-otrzymane-laski-b-iext73686089.jpeg?resize=206%2C300&amp;ssl=1 206w, https:\/\/i0.wp.com\/woblink.com\/blog\/wp-content\/uploads\/2021\/07\/za-otrzymane-laski-b-iext73686089.jpeg?resize=600%2C872&amp;ssl=1 600w, https:\/\/i0.wp.com\/woblink.com\/blog\/wp-content\/uploads\/2021\/07\/za-otrzymane-laski-b-iext73686089.jpeg?w=611&amp;ssl=1 611w\" sizes=\"(max-width: 206px) 100vw, 206px\" data-recalc-dims=\"1\" \/><\/p>\n<h2><strong>1 wrze\u015bnia 2021<\/strong><\/h2>\n<h3><strong>Izmir \u2013 Marcelina Szumer-Brysz, Wydawnictwo Czarne<\/strong><\/h3>\n<p>\u201eIzmir\u201d to druga, po \u201eWr\u00f3\u017c\u0105c z fus\u00f3w\u201d ksi\u0105\u017cka Marceliny Szumer-Brysz, kt\u00f3ra uka\u017ce si\u0119 nak\u0142adem Wydawnictwa Czarne. To opowie\u015b\u0107 o mie\u015bcie, kt\u00f3re uznawane jest za jedno z najbardziej egalitarnych i wolnych miejsc w Turcji. Jednak wsp\u00f3\u0142czesny Izmir to miasto wielu kontrast\u00f3w, w kt\u00f3rym obok g\u0142o\u015bnych klub\u00f3w, sex shop\u00f3w i centr\u00f3w wielokulturowych mieszkaj\u0105 gorliwi wyznawcy islamu, konserwaty\u015bci i ludzie korzystaj\u0105cy tylko z przedmiot\u00f3w <em>halal<\/em>.<\/p>\n<p><img decoding=\"async\" loading=\"lazy\" class=\"size-medium wp-image-4999 aligncenter\" src=\"https:\/\/i0.wp.com\/woblink.com\/blog\/wp-content\/uploads\/2021\/07\/large_Izmir.Miasto_Giaur_w.jpg?resize=184%2C300&#038;ssl=1\" alt=\"\" width=\"184\" height=\"300\" srcset=\"https:\/\/i0.wp.com\/woblink.com\/blog\/wp-content\/uploads\/2021\/07\/large_Izmir.Miasto_Giaur_w.jpg?resize=184%2C300&amp;ssl=1 184w, https:\/\/i0.wp.com\/woblink.com\/blog\/wp-content\/uploads\/2021\/07\/large_Izmir.Miasto_Giaur_w.jpg?w=380&amp;ssl=1 380w\" sizes=\"(max-width: 184px) 100vw, 184px\" data-recalc-dims=\"1\" \/><\/p>\n","protected":false},"excerpt":{"rendered":"<p>Od kilku dni trwa kalendarzowe lato, dla wielu z was oznacza to planowanie urlopu. Warto zatem zwr\u00f3ci\u0107 uwag\u0119 na zapowiedzi ksi\u0105\u017cek, kt\u00f3rych premiery maj\u0105 odby\u0107 si\u0119 tego lata. A jest z czego wybiera\u0107. Niebawem uka\u017c\u0105 si\u0119 ksi\u0105\u017cki Louise Gl\u00fcck, ubieg\u0142orocznej noblistki, nowe powie\u015b\u0107i Stephena Kinga,&#8230;<\/p>\n","protected":false},"author":7,"featured_media":5001,"comment_status":"closed","ping_status":"open","sticky":false,"template":"","format":"standard","meta":[],"categories":[87,89,83],"tags":[],"yoast_head":"<!-- This site is optimized with the Yoast SEO plugin v20.11 - https:\/\/yoast.com\/wordpress\/plugins\/seo\/ -->\n<title>Lato 2021 \u2013 premiery i zapowiedzi ksi\u0105\u017cek na wakacje - Woblink<\/title>\n<meta name=\"description\" content=\"Lato 2021 przyniesie znakomite premiery ksi\u0105\u017cek. W\u015br\u00f3d nich zbi\u00f3r poezji Louise Gl\u00fcck, ubieg\u0142orocznej noblistki, nowe powie\u015b\u0107i Stephena Kinga, Remigiusza Mroza, Katarzyny Puzy\u0144skiej i Ali Smith, nowa ksia\u017cka Piotra Mareckiego i zbi\u00f3r tekst\u00f3w Fran Lebowitz.\" \/>\n<meta name=\"robots\" content=\"index, follow, max-snippet:-1, max-image-preview:large, max-video-preview:-1\" \/>\n<link rel=\"canonical\" href=\"https:\/\/woblink.com\/blog\/lato-2021-premiery-i-zapowiedzi-ksiazek-na-wakacje\/\" \/>\n<meta property=\"og:locale\" content=\"pl_PL\" \/>\n<meta property=\"og:type\" content=\"article\" \/>\n<meta property=\"og:title\" content=\"Lato 2021 \u2013 premiery i zapowiedzi ksi\u0105\u017cek na wakacje - Woblink\" \/>\n<meta property=\"og:description\" content=\"Lato 2021 przyniesie znakomite premiery ksi\u0105\u017cek. W\u015br\u00f3d nich zbi\u00f3r poezji Louise Gl\u00fcck, ubieg\u0142orocznej noblistki, nowe powie\u015b\u0107i Stephena Kinga, Remigiusza Mroza, Katarzyny Puzy\u0144skiej i Ali Smith, nowa ksia\u017cka Piotra Mareckiego i zbi\u00f3r tekst\u00f3w Fran Lebowitz.\" \/>\n<meta property=\"og:url\" content=\"https:\/\/woblink.com\/blog\/lato-2021-premiery-i-zapowiedzi-ksiazek-na-wakacje\/\" \/>\n<meta property=\"og:site_name\" content=\"Woblink\" \/>\n<meta property=\"article:publisher\" content=\"https:\/\/facebook.com\/woblink\" \/>\n<meta property=\"article:published_time\" content=\"2021-07-02T14:49:26+00:00\" \/>\n<meta property=\"article:modified_time\" content=\"2021-07-14T10:39:38+00:00\" \/>\n<meta property=\"og:image\" content=\"https:\/\/i0.wp.com\/woblink.com\/blog\/wp-content\/uploads\/2021\/07\/zapowiedzi-wakacje-2021.png?fit=1011%2C690&ssl=1\" \/>\n\t<meta property=\"og:image:width\" content=\"1011\" \/>\n\t<meta property=\"og:image:height\" content=\"690\" \/>\n\t<meta property=\"og:image:type\" content=\"image\/png\" \/>\n<meta name=\"author\" content=\"Redakcja Woblinka\" \/>\n<meta name=\"twitter:card\" content=\"summary_large_image\" \/>\n<meta name=\"twitter:creator\" content=\"@woblink_com\" \/>\n<meta name=\"twitter:site\" content=\"@woblink_com\" \/>\n<meta name=\"twitter:label1\" content=\"Napisane przez\" \/>\n\t<meta name=\"twitter:data1\" content=\"Redakcja Woblinka\" \/>\n\t<meta name=\"twitter:label2\" content=\"Szacowany czas czytania\" \/>\n\t<meta name=\"twitter:data2\" content=\"11 minut\" \/>\n<script type=\"application\/ld+json\" class=\"yoast-schema-graph\">{\"@context\":\"https:\/\/schema.org\",\"@graph\":[{\"@type\":\"Article\",\"@id\":\"https:\/\/woblink.com\/blog\/lato-2021-premiery-i-zapowiedzi-ksiazek-na-wakacje\/#article\",\"isPartOf\":{\"@id\":\"https:\/\/woblink.com\/blog\/lato-2021-premiery-i-zapowiedzi-ksiazek-na-wakacje\/\"},\"author\":{\"name\":\"Redakcja Woblinka\",\"@id\":\"https:\/\/woblink.com\/blog\/#\/schema\/person\/8ab6b79d64fa54209272130c4c3b1e95\"},\"headline\":\"Lato 2021 \u2013 premiery i zapowiedzi ksi\u0105\u017cek na wakacje\",\"datePublished\":\"2021-07-02T14:49:26+00:00\",\"dateModified\":\"2021-07-14T10:39:38+00:00\",\"mainEntityOfPage\":{\"@id\":\"https:\/\/woblink.com\/blog\/lato-2021-premiery-i-zapowiedzi-ksiazek-na-wakacje\/\"},\"wordCount\":2256,\"publisher\":{\"@id\":\"https:\/\/woblink.com\/blog\/#organization\"},\"articleSection\":[\"Aktualno\u015bci\",\"Rynek wydawniczy\",\"Zapowiedzi ksi\u0105\u017cek\"],\"inLanguage\":\"pl-PL\"},{\"@type\":\"WebPage\",\"@id\":\"https:\/\/woblink.com\/blog\/lato-2021-premiery-i-zapowiedzi-ksiazek-na-wakacje\/\",\"url\":\"https:\/\/woblink.com\/blog\/lato-2021-premiery-i-zapowiedzi-ksiazek-na-wakacje\/\",\"name\":\"Lato 2021 \u2013 premiery i zapowiedzi ksi\u0105\u017cek na wakacje - Woblink\",\"isPartOf\":{\"@id\":\"https:\/\/woblink.com\/blog\/#website\"},\"datePublished\":\"2021-07-02T14:49:26+00:00\",\"dateModified\":\"2021-07-14T10:39:38+00:00\",\"description\":\"Lato 2021 przyniesie znakomite premiery ksi\u0105\u017cek. W\u015br\u00f3d nich zbi\u00f3r poezji Louise Gl\u00fcck, ubieg\u0142orocznej noblistki, nowe powie\u015b\u0107i Stephena Kinga, Remigiusza Mroza, Katarzyny Puzy\u0144skiej i Ali Smith, nowa ksia\u017cka Piotra Mareckiego i zbi\u00f3r tekst\u00f3w Fran Lebowitz.\",\"breadcrumb\":{\"@id\":\"https:\/\/woblink.com\/blog\/lato-2021-premiery-i-zapowiedzi-ksiazek-na-wakacje\/#breadcrumb\"},\"inLanguage\":\"pl-PL\",\"potentialAction\":[{\"@type\":\"ReadAction\",\"target\":[\"https:\/\/woblink.com\/blog\/lato-2021-premiery-i-zapowiedzi-ksiazek-na-wakacje\/\"]}]},{\"@type\":\"BreadcrumbList\",\"@id\":\"https:\/\/woblink.com\/blog\/lato-2021-premiery-i-zapowiedzi-ksiazek-na-wakacje\/#breadcrumb\",\"itemListElement\":[{\"@type\":\"ListItem\",\"position\":1,\"name\":\"Strona g\u0142\u00f3wna\",\"item\":\"https:\/\/woblink.com\/blog\/\"},{\"@type\":\"ListItem\",\"position\":2,\"name\":\"Lato 2021 \u2013 premiery i zapowiedzi ksi\u0105\u017cek na wakacje\"}]},{\"@type\":\"WebSite\",\"@id\":\"https:\/\/woblink.com\/blog\/#website\",\"url\":\"https:\/\/woblink.com\/blog\/\",\"name\":\"Woblink\",\"description\":\"najlepszy firmowy blog o ksi\u0105\u017ckach\",\"publisher\":{\"@id\":\"https:\/\/woblink.com\/blog\/#organization\"},\"potentialAction\":[{\"@type\":\"SearchAction\",\"target\":{\"@type\":\"EntryPoint\",\"urlTemplate\":\"https:\/\/woblink.com\/blog\/?s={search_term_string}\"},\"query-input\":\"required name=search_term_string\"}],\"inLanguage\":\"pl-PL\"},{\"@type\":\"Organization\",\"@id\":\"https:\/\/woblink.com\/blog\/#organization\",\"name\":\"Woblink\",\"url\":\"https:\/\/woblink.com\/blog\/\",\"logo\":{\"@type\":\"ImageObject\",\"inLanguage\":\"pl-PL\",\"@id\":\"https:\/\/woblink.com\/blog\/#\/schema\/logo\/image\/\",\"url\":\"https:\/\/i0.wp.com\/woblink.com\/blog\/wp-content\/uploads\/2019\/04\/nw_logoB.png?fit=185%2C42&ssl=1\",\"contentUrl\":\"https:\/\/i0.wp.com\/woblink.com\/blog\/wp-content\/uploads\/2019\/04\/nw_logoB.png?fit=185%2C42&ssl=1\",\"width\":185,\"height\":42,\"caption\":\"Woblink\"},\"image\":{\"@id\":\"https:\/\/woblink.com\/blog\/#\/schema\/logo\/image\/\"},\"sameAs\":[\"https:\/\/facebook.com\/woblink\",\"https:\/\/twitter.com\/woblink_com\",\"https:\/\/www.instagram.com\/woblink_com\",\"https:\/\/www.linkedin.com\/company\/woblink\/\"]},{\"@type\":\"Person\",\"@id\":\"https:\/\/woblink.com\/blog\/#\/schema\/person\/8ab6b79d64fa54209272130c4c3b1e95\",\"name\":\"Redakcja Woblinka\",\"image\":{\"@type\":\"ImageObject\",\"inLanguage\":\"pl-PL\",\"@id\":\"https:\/\/woblink.com\/blog\/#\/schema\/person\/image\/\",\"url\":\"https:\/\/secure.gravatar.com\/avatar\/f23ae80a7c9da060bee5f8310913478b?s=96&d=mm&r=g\",\"contentUrl\":\"https:\/\/secure.gravatar.com\/avatar\/f23ae80a7c9da060bee5f8310913478b?s=96&d=mm&r=g\",\"caption\":\"Redakcja Woblinka\"},\"url\":\"https:\/\/woblink.com\/blog\/author\/krasny\/\"}]}<\/script>\n<!-- \/ Yoast SEO plugin. -->","yoast_head_json":{"title":"Lato 2021 \u2013 premiery i zapowiedzi ksi\u0105\u017cek na wakacje - Woblink","description":"Lato 2021 przyniesie znakomite premiery ksi\u0105\u017cek. W\u015br\u00f3d nich zbi\u00f3r poezji Louise Gl\u00fcck, ubieg\u0142orocznej noblistki, nowe powie\u015b\u0107i Stephena Kinga, Remigiusza Mroza, Katarzyny Puzy\u0144skiej i Ali Smith, nowa ksia\u017cka Piotra Mareckiego i zbi\u00f3r tekst\u00f3w Fran Lebowitz.","robots":{"index":"index","follow":"follow","max-snippet":"max-snippet:-1","max-image-preview":"max-image-preview:large","max-video-preview":"max-video-preview:-1"},"canonical":"https:\/\/woblink.com\/blog\/lato-2021-premiery-i-zapowiedzi-ksiazek-na-wakacje\/","og_locale":"pl_PL","og_type":"article","og_title":"Lato 2021 \u2013 premiery i zapowiedzi ksi\u0105\u017cek na wakacje - Woblink","og_description":"Lato 2021 przyniesie znakomite premiery ksi\u0105\u017cek. W\u015br\u00f3d nich zbi\u00f3r poezji Louise Gl\u00fcck, ubieg\u0142orocznej noblistki, nowe powie\u015b\u0107i Stephena Kinga, Remigiusza Mroza, Katarzyny Puzy\u0144skiej i Ali Smith, nowa ksia\u017cka Piotra Mareckiego i zbi\u00f3r tekst\u00f3w Fran Lebowitz.","og_url":"https:\/\/woblink.com\/blog\/lato-2021-premiery-i-zapowiedzi-ksiazek-na-wakacje\/","og_site_name":"Woblink","article_publisher":"https:\/\/facebook.com\/woblink","article_published_time":"2021-07-02T14:49:26+00:00","article_modified_time":"2021-07-14T10:39:38+00:00","og_image":[{"width":1011,"height":690,"url":"https:\/\/i0.wp.com\/woblink.com\/blog\/wp-content\/uploads\/2021\/07\/zapowiedzi-wakacje-2021.png?fit=1011%2C690&ssl=1","type":"image\/png"}],"author":"Redakcja Woblinka","twitter_card":"summary_large_image","twitter_creator":"@woblink_com","twitter_site":"@woblink_com","twitter_misc":{"Napisane przez":"Redakcja Woblinka","Szacowany czas czytania":"11 minut"},"schema":{"@context":"https:\/\/schema.org","@graph":[{"@type":"Article","@id":"https:\/\/woblink.com\/blog\/lato-2021-premiery-i-zapowiedzi-ksiazek-na-wakacje\/#article","isPartOf":{"@id":"https:\/\/woblink.com\/blog\/lato-2021-premiery-i-zapowiedzi-ksiazek-na-wakacje\/"},"author":{"name":"Redakcja Woblinka","@id":"https:\/\/woblink.com\/blog\/#\/schema\/person\/8ab6b79d64fa54209272130c4c3b1e95"},"headline":"Lato 2021 \u2013 premiery i zapowiedzi ksi\u0105\u017cek na wakacje","datePublished":"2021-07-02T14:49:26+00:00","dateModified":"2021-07-14T10:39:38+00:00","mainEntityOfPage":{"@id":"https:\/\/woblink.com\/blog\/lato-2021-premiery-i-zapowiedzi-ksiazek-na-wakacje\/"},"wordCount":2256,"publisher":{"@id":"https:\/\/woblink.com\/blog\/#organization"},"articleSection":["Aktualno\u015bci","Rynek wydawniczy","Zapowiedzi ksi\u0105\u017cek"],"inLanguage":"pl-PL"},{"@type":"WebPage","@id":"https:\/\/woblink.com\/blog\/lato-2021-premiery-i-zapowiedzi-ksiazek-na-wakacje\/","url":"https:\/\/woblink.com\/blog\/lato-2021-premiery-i-zapowiedzi-ksiazek-na-wakacje\/","name":"Lato 2021 \u2013 premiery i zapowiedzi ksi\u0105\u017cek na wakacje - Woblink","isPartOf":{"@id":"https:\/\/woblink.com\/blog\/#website"},"datePublished":"2021-07-02T14:49:26+00:00","dateModified":"2021-07-14T10:39:38+00:00","description":"Lato 2021 przyniesie znakomite premiery ksi\u0105\u017cek. W\u015br\u00f3d nich zbi\u00f3r poezji Louise Gl\u00fcck, ubieg\u0142orocznej noblistki, nowe powie\u015b\u0107i Stephena Kinga, Remigiusza Mroza, Katarzyny Puzy\u0144skiej i Ali Smith, nowa ksia\u017cka Piotra Mareckiego i zbi\u00f3r tekst\u00f3w Fran Lebowitz.","breadcrumb":{"@id":"https:\/\/woblink.com\/blog\/lato-2021-premiery-i-zapowiedzi-ksiazek-na-wakacje\/#breadcrumb"},"inLanguage":"pl-PL","potentialAction":[{"@type":"ReadAction","target":["https:\/\/woblink.com\/blog\/lato-2021-premiery-i-zapowiedzi-ksiazek-na-wakacje\/"]}]},{"@type":"BreadcrumbList","@id":"https:\/\/woblink.com\/blog\/lato-2021-premiery-i-zapowiedzi-ksiazek-na-wakacje\/#breadcrumb","itemListElement":[{"@type":"ListItem","position":1,"name":"Strona g\u0142\u00f3wna","item":"https:\/\/woblink.com\/blog\/"},{"@type":"ListItem","position":2,"name":"Lato 2021 \u2013 premiery i zapowiedzi ksi\u0105\u017cek na wakacje"}]},{"@type":"WebSite","@id":"https:\/\/woblink.com\/blog\/#website","url":"https:\/\/woblink.com\/blog\/","name":"Woblink","description":"najlepszy firmowy blog o ksi\u0105\u017ckach","publisher":{"@id":"https:\/\/woblink.com\/blog\/#organization"},"potentialAction":[{"@type":"SearchAction","target":{"@type":"EntryPoint","urlTemplate":"https:\/\/woblink.com\/blog\/?s={search_term_string}"},"query-input":"required name=search_term_string"}],"inLanguage":"pl-PL"},{"@type":"Organization","@id":"https:\/\/woblink.com\/blog\/#organization","name":"Woblink","url":"https:\/\/woblink.com\/blog\/","logo":{"@type":"ImageObject","inLanguage":"pl-PL","@id":"https:\/\/woblink.com\/blog\/#\/schema\/logo\/image\/","url":"https:\/\/i0.wp.com\/woblink.com\/blog\/wp-content\/uploads\/2019\/04\/nw_logoB.png?fit=185%2C42&ssl=1","contentUrl":"https:\/\/i0.wp.com\/woblink.com\/blog\/wp-content\/uploads\/2019\/04\/nw_logoB.png?fit=185%2C42&ssl=1","width":185,"height":42,"caption":"Woblink"},"image":{"@id":"https:\/\/woblink.com\/blog\/#\/schema\/logo\/image\/"},"sameAs":["https:\/\/facebook.com\/woblink","https:\/\/twitter.com\/woblink_com","https:\/\/www.instagram.com\/woblink_com","https:\/\/www.linkedin.com\/company\/woblink\/"]},{"@type":"Person","@id":"https:\/\/woblink.com\/blog\/#\/schema\/person\/8ab6b79d64fa54209272130c4c3b1e95","name":"Redakcja Woblinka","image":{"@type":"ImageObject","inLanguage":"pl-PL","@id":"https:\/\/woblink.com\/blog\/#\/schema\/person\/image\/","url":"https:\/\/secure.gravatar.com\/avatar\/f23ae80a7c9da060bee5f8310913478b?s=96&d=mm&r=g","contentUrl":"https:\/\/secure.gravatar.com\/avatar\/f23ae80a7c9da060bee5f8310913478b?s=96&d=mm&r=g","caption":"Redakcja Woblinka"},"url":"https:\/\/woblink.com\/blog\/author\/krasny\/"}]}},"jetpack_featured_media_url":"https:\/\/i0.wp.com\/woblink.com\/blog\/wp-content\/uploads\/2021\/07\/zapowiedzi-wakacje-2021.png?fit=1011%2C690&ssl=1","_links":{"self":[{"href":"https:\/\/woblink.com\/blog\/wp-json\/wp\/v2\/posts\/4924"}],"collection":[{"href":"https:\/\/woblink.com\/blog\/wp-json\/wp\/v2\/posts"}],"about":[{"href":"https:\/\/woblink.com\/blog\/wp-json\/wp\/v2\/types\/post"}],"author":[{"embeddable":true,"href":"https:\/\/woblink.com\/blog\/wp-json\/wp\/v2\/users\/7"}],"replies":[{"embeddable":true,"href":"https:\/\/woblink.com\/blog\/wp-json\/wp\/v2\/comments?post=4924"}],"version-history":[{"count":6,"href":"https:\/\/woblink.com\/blog\/wp-json\/wp\/v2\/posts\/4924\/revisions"}],"predecessor-version":[{"id":5002,"href":"https:\/\/woblink.com\/blog\/wp-json\/wp\/v2\/posts\/4924\/revisions\/5002"}],"wp:featuredmedia":[{"embeddable":true,"href":"https:\/\/woblink.com\/blog\/wp-json\/wp\/v2\/media\/5001"}],"wp:attachment":[{"href":"https:\/\/woblink.com\/blog\/wp-json\/wp\/v2\/media?parent=4924"}],"wp:term":[{"taxonomy":"category","embeddable":true,"href":"https:\/\/woblink.com\/blog\/wp-json\/wp\/v2\/categories?post=4924"},{"taxonomy":"post_tag","embeddable":true,"href":"https:\/\/woblink.com\/blog\/wp-json\/wp\/v2\/tags?post=4924"}],"curies":[{"name":"wp","href":"https:\/\/api.w.org\/{rel}","templated":true}]}}