{"id":4949,"date":"2021-07-05T15:44:30","date_gmt":"2021-07-05T13:44:30","guid":{"rendered":"https:\/\/woblink.com\/blog\/?p=4949"},"modified":"2021-07-06T10:30:57","modified_gmt":"2021-07-06T08:30:57","slug":"wieslaw-mysliwski-laureatem-nagrody-polskiego-pen-clubu-im-jana-parandowskiego","status":"publish","type":"post","link":"https:\/\/woblink.com\/blog\/wieslaw-mysliwski-laureatem-nagrody-polskiego-pen-clubu-im-jana-parandowskiego\/","title":{"rendered":"Wies\u0142aw My\u015bliwski laureatem Nagrody Polskiego PEN Clubu im. Jana Parandowskiego"},"content":{"rendered":"<p class=\"page-title\"><strong>Wies\u0142aw My\u015bliwski otrzyma\u0142 od Polskiego PEN Clubu Nagrod\u0119 im. Jana Parandowskiego. Uroczysto\u015b\u0107 wr\u0119czenia Nagrody odby\u0142a si\u0119 5 lipca 2021. Zapis z wydarzenia mo\u017cna obejrze\u0107 na profilu Polskiego PEN Clubu na Facebooku lub platformie Play Krak\u00f3w.<\/strong><\/p>\n<p><!--more--><\/p>\n<div class=\"entry-content\">\n<h3><strong>Nagroda Polskiego PEN Clubu dla Wies\u0142awa My\u015bliwskiego<\/strong><\/h3>\n<p>Przyznawana od ponad trzydziestu lat Nagroda Polskiego PEN Clubu im. Jana Parandowskiego, honoruj\u0105ca tw\u00f3rczo\u015b\u0107 literack\u0105 w duchu jej patrona, zosta\u0142a ustanowiona przez Iren\u0119 Parandowsk\u0105, wdow\u0119 po wieloletnim prezesie Polskiego PEN Clubu. Pierwszym laureatem nagrody by\u0142 Jerzy Turowicz, a w ostatnich latach uhonorowano ni\u0105 <strong><a href=\"https:\/\/woblink.com\/autor\/ryszard-krynicki-7963\">Ryszarda Krynickiego<\/a><\/strong>, <strong><a href=\"https:\/\/woblink.com\/autor\/adam-zagajewski-7965\">Adama Zagajewskiego<\/a><\/strong>, <strong><a href=\"https:\/\/woblink.com\/autor\/jozef-hen-4333\">J\u00f3zefa Hena<\/a><\/strong>, <strong><a href=\"https:\/\/woblink.com\/autor\/maria-janion-17326\">Mari\u0119 Janion<\/a><\/strong> czy <strong><a href=\"https:\/\/woblink.com\/autor\/piotr-matywiecki-12283\">Piotra Matywieckiego<\/a><\/strong>. Zarz\u0105d Polskiego PEN Clubu w roku 2020 postanowi\u0142 przyzna\u0107 Nagrod\u0119 Wies\u0142awowi My\u015bliwskiemu. Fundatorem Nagrody jest Fundacja Trzy Tr\u0105by.<\/p>\n<figure id=\"attachment_1850\" aria-describedby=\"caption-attachment-1850\" style=\"width: 200px\" class=\"wp-caption aligncenter\"><a href=\"https:\/\/woblink.com\/ebook\/traktat-o-luskaniu-fasoli-2018-wieslaw-mysliwski-51087\"><img decoding=\"async\" loading=\"lazy\" class=\"wp-image-1850 size-medium\" src=\"https:\/\/i0.wp.com\/woblink.com\/blog\/wp-content\/uploads\/2020\/03\/2320868-traktat-o-luskaniu-fasoli-2018.jpg?resize=200%2C300&#038;ssl=1\" alt=\"znak promocja my\u015bliwski\" width=\"200\" height=\"300\" srcset=\"https:\/\/i0.wp.com\/woblink.com\/blog\/wp-content\/uploads\/2020\/03\/2320868-traktat-o-luskaniu-fasoli-2018.jpg?resize=200%2C300&amp;ssl=1 200w, https:\/\/i0.wp.com\/woblink.com\/blog\/wp-content\/uploads\/2020\/03\/2320868-traktat-o-luskaniu-fasoli-2018.jpg?w=570&amp;ssl=1 570w\" sizes=\"(max-width: 200px) 100vw, 200px\" data-recalc-dims=\"1\" \/><\/a><figcaption id=\"caption-attachment-1850\" class=\"wp-caption-text\"><center><strong>Kup <a href=\"https:\/\/woblink.com\/ebook\/traktat-o-luskaniu-fasoli-2018-wieslaw-mysliwski-51087\">ebooka<\/a> na Woblink.com<\/strong><\/center><\/figcaption><\/figure>\n<p>\u201eO \u017cadnym innym polskim pisarzu nie mo\u017cna dzisiaj powiedzie\u0107, \u017ce jest pisarzem d\u0142ugiego trwania. D\u0142ugiego trwania nie w sensie obecno\u015bci na scenie literatury polskiej, ale podej\u015bcia do \u015bwiata, wizji \u015bwiata w jego dziele literackim. To t\u0142umaczy bardzo wiele. Tw\u00f3rczo\u015b\u0107 naszego laureata zaliczano kiedy\u015b do literatury ch\u0142opskiej. W jednym z wywiad\u00f3w powiedzia\u0142, \u017ce ch\u0119tnie si\u0119 odnosi do kultury ch\u0142opskiej, ale w sensie og\u00f3lnoludzkim, a nie jako folkloru. To d\u0142ugie trwanie daje w\u0142a\u015bnie ci\u0105g\u0142o\u015b\u0107 kultury. Ci\u0105g\u0142o\u015b\u0107 \u017cycia i trwania to przedmiot tw\u00f3rczo\u015bci Wies\u0142awa My\u015bliwskiego\u201d \u2013 m\u00f3wi o laureacie prezes Polskiego PEN Clubu Adam Pomorski.<\/p>\n<p><iframe loading=\"lazy\" title=\"Wies\u0142aw My\u015bliwski odbiera Nagrod\u0119 Polskiego PEN Clubu im. Jana Parandowskiego\" width=\"500\" height=\"281\" src=\"https:\/\/www.youtube.com\/embed\/yA0pxZ59YBc?feature=oembed&#038;enablejsapi=1&#038;origin=https:\/\/woblink.com\" frameborder=\"0\" allow=\"accelerometer; autoplay; clipboard-write; encrypted-media; gyroscope; picture-in-picture\" allowfullscreen><\/iframe><\/p>\n<h3><strong>Wies\u0142aw My\u015bliwski \u2013 autor wielokrotnie nagradzany<\/strong><\/h3>\n<p>Wies\u0142aw My\u015bliwski jest autorem dwukrotnie uhonorowanym Nagrod\u0105 Nike \u2013 za powie\u015bci \u201e<strong><a href=\"https:\/\/woblink.com\/ebook\/widnokrag-wieslaw-my-sliwski-8437u\">Widnokr\u0105g<\/a><\/strong>\u201d i \u201e<strong><a href=\"https:\/\/woblink.com\/ebook\/traktat-o-luskaniu-fasoli-2018-wieslaw-mysliwski-51087\">Traktat o \u0142uskaniu fasoli<\/a><\/strong>\u201d. W swoim dorobku ma nie tylko powie\u015bci, ale r\u00f3wnie\u017c dramaty. Utwory My\u015bliwskiego by\u0142y wystawiane w teatrach, Teatrze Telewizji i Teatrze Polskiego Radia, jak r\u00f3wnie\u017c filmowane. Jest laureatem wielu nagr\u00f3d i wyr\u00f3\u017cnie\u0144, m.in. Nagrody W.S. Reymonta, Nagrody im. Jurzykowskiego, Nagrody Literackiej Gdynia, a tak\u017ce nagr\u00f3d zagranicznych, w tym The Best Translated Book Award, kt\u00f3r\u0105 otrzyma\u0142 w USA wraz z t\u0142umaczem Billem Johnsonem za \u201eKamie\u0144 na kamieniu\u201d. Ksi\u0105\u017cki My\u015bliwskiego by\u0142y przek\u0142adane na wiele j\u0119zyk\u00f3w.<\/p>\n<h3><strong>Uroczysto\u015b\u0107 wr\u0119czenia Nagrody Polskiego PEN Clubu<\/strong><\/h3>\n<p>Uroczysto\u015b\u0107 wr\u0119czenia Nagrody co roku przyci\u0105ga\u0142a do siedziby Polskiego PEN Clubu liczn\u0105 publiczno\u015b\u0107. Tym razem odby\u0142a si\u0119 ona wy\u0142\u0105cznie internetowo \u2013 5 lipca o godz. 18.00. Rozmow\u0119 z Wies\u0142awem My\u015bliwskim poprowadzi\u0142 Tomasz Boche\u0144ski, a laudacje na cze\u015b\u0107 laureata wyg\u0142osili Iwona Smolka, Ma\u0142gorzata Szczurek i Wojciech Bonowicz. Wydarzenie jest kontynuacj\u0105 wsp\u00f3\u0142pracy Polskiego PEN Clubu z Krakowskim Biurem Festiwalowym oraz Krakowem \u2013 Miastem Literatury UNESCO. Nagranie uroczysto\u015bci jest dost\u0119pne na facebookowych profilach Polskiego PEN Clubu, Krakowa Miasta Literatury UNESCO oraz partnerskich instytucji. Nagranie b\u0119dzie tak\u017ce dost\u0119pne na stronach internetowych organizator\u00f3w wydarzenia oraz platformie <strong><a href=\"https:\/\/playkrakow.com\/\">PLAY KRAK\u00d3W<\/a><\/strong>.<\/p>\n<h3><strong>Polski PEN Club<\/strong><\/h3>\n<p>Za\u0142o\u017cony w 1921 roku w Londynie PEN (od pierwszych liter angielskich s\u0142\u00f3w \u201epoets, essayists, novelists\u201d, czyli \u201epoeci, esei\u015bci, powie\u015bciopisarze\u201d, tworz\u0105cych wyraz \u201epen\u201d \u2013 \u201epi\u00f3ro\u201d) opowiada si\u0119 za swobodn\u0105 wymian\u0105 tw\u00f3rczo\u015bci, przeciw antagonizmom narodowym, klasowym, rasowym oraz dyktaturom i cenzurze. Cz\u0142onkowie PEN \u2013 pisarze i humani\u015bci \u2013 zobowi\u0105zuj\u0105 si\u0119 przestrzega\u0107 zasad Mi\u0119dzynarodowej Karty PEN: deklaracji ideowej ruchu. Polski PEN Club dzia\u0142a od 1925 roku, a jego pierwszym prezesem by\u0142 Stefan \u017beromski. Najd\u0142u\u017cej urz\u0119duj\u0105cym prezesem Polskiego PEN Clubu by\u0142 patron nagrody Jan Parandowski, kt\u00f3ry pe\u0142ni\u0142 t\u0119 funkcj\u0119 w latach 1933-1978.<\/p>\n<\/div>\n","protected":false},"excerpt":{"rendered":"<p>Wies\u0142aw My\u015bliwski otrzyma\u0142 od Polskiego PEN Clubu Nagrod\u0119 im. Jana Parandowskiego. Uroczysto\u015b\u0107 wr\u0119czenia Nagrody odby\u0142a si\u0119 5 lipca 2021. Zapis z wydarzenia mo\u017cna obejrze\u0107 na profilu Polskiego PEN Clubu na Facebooku lub platformie Play Krak\u00f3w. Nagroda Polskiego PEN Clubu dla Wies\u0142awa My\u015bliwskiego Przyznawana od ponad&#8230;<\/p>\n","protected":false},"author":7,"featured_media":4950,"comment_status":"closed","ping_status":"open","sticky":false,"template":"","format":"standard","meta":[],"categories":[87],"tags":[],"yoast_head":"<!-- This site is optimized with the Yoast SEO plugin v20.11 - https:\/\/yoast.com\/wordpress\/plugins\/seo\/ -->\n<title>Wies\u0142aw My\u015bliwski laureatem Nagrody Polskiego PEN Clubu im. Jana Parandowskiego - Woblink<\/title>\n<meta name=\"description\" content=\"Wies\u0142aw My\u015bliwski otrzyma od Polskiego PEN Clubu Nagrod\u0119 im. Jana Parandowskiego. Uroczysto\u015b\u0107 wr\u0119czenia Nagrody b\u0119dzie mo\u017cna obejrze\u0107 ju\u017c 5 lipca 2021 m.in. na profilu Polskiego PEN Clubu na Facebooku.\" \/>\n<meta name=\"robots\" content=\"index, follow, max-snippet:-1, max-image-preview:large, max-video-preview:-1\" \/>\n<link rel=\"canonical\" href=\"https:\/\/woblink.com\/blog\/wieslaw-mysliwski-laureatem-nagrody-polskiego-pen-clubu-im-jana-parandowskiego\/\" \/>\n<meta property=\"og:locale\" content=\"pl_PL\" \/>\n<meta property=\"og:type\" content=\"article\" \/>\n<meta property=\"og:title\" content=\"Wies\u0142aw My\u015bliwski laureatem Nagrody Polskiego PEN Clubu im. Jana Parandowskiego - Woblink\" \/>\n<meta property=\"og:description\" content=\"Wies\u0142aw My\u015bliwski otrzyma od Polskiego PEN Clubu Nagrod\u0119 im. Jana Parandowskiego. Uroczysto\u015b\u0107 wr\u0119czenia Nagrody b\u0119dzie mo\u017cna obejrze\u0107 ju\u017c 5 lipca 2021 m.in. na profilu Polskiego PEN Clubu na Facebooku.\" \/>\n<meta property=\"og:url\" content=\"https:\/\/woblink.com\/blog\/wieslaw-mysliwski-laureatem-nagrody-polskiego-pen-clubu-im-jana-parandowskiego\/\" \/>\n<meta property=\"og:site_name\" content=\"Woblink\" \/>\n<meta property=\"article:publisher\" content=\"https:\/\/facebook.com\/woblink\" \/>\n<meta property=\"article:published_time\" content=\"2021-07-05T13:44:30+00:00\" \/>\n<meta property=\"article:modified_time\" content=\"2021-07-06T08:30:57+00:00\" \/>\n<meta property=\"og:image\" content=\"https:\/\/i0.wp.com\/woblink.com\/blog\/wp-content\/uploads\/2021\/07\/mys\u0301liwski-pen-club.png?fit=1011%2C690&ssl=1\" \/>\n\t<meta property=\"og:image:width\" content=\"1011\" \/>\n\t<meta property=\"og:image:height\" content=\"690\" \/>\n\t<meta property=\"og:image:type\" content=\"image\/png\" \/>\n<meta name=\"author\" content=\"Redakcja Woblinka\" \/>\n<meta name=\"twitter:card\" content=\"summary_large_image\" \/>\n<meta name=\"twitter:creator\" content=\"@woblink_com\" \/>\n<meta name=\"twitter:site\" content=\"@woblink_com\" \/>\n<meta name=\"twitter:label1\" content=\"Napisane przez\" \/>\n\t<meta name=\"twitter:data1\" content=\"Redakcja Woblinka\" \/>\n\t<meta name=\"twitter:label2\" content=\"Szacowany czas czytania\" \/>\n\t<meta name=\"twitter:data2\" content=\"3 minuty\" \/>\n<script type=\"application\/ld+json\" class=\"yoast-schema-graph\">{\"@context\":\"https:\/\/schema.org\",\"@graph\":[{\"@type\":\"Article\",\"@id\":\"https:\/\/woblink.com\/blog\/wieslaw-mysliwski-laureatem-nagrody-polskiego-pen-clubu-im-jana-parandowskiego\/#article\",\"isPartOf\":{\"@id\":\"https:\/\/woblink.com\/blog\/wieslaw-mysliwski-laureatem-nagrody-polskiego-pen-clubu-im-jana-parandowskiego\/\"},\"author\":{\"name\":\"Redakcja Woblinka\",\"@id\":\"https:\/\/woblink.com\/blog\/#\/schema\/person\/8ab6b79d64fa54209272130c4c3b1e95\"},\"headline\":\"Wies\u0142aw My\u015bliwski laureatem Nagrody Polskiego PEN Clubu im. Jana Parandowskiego\",\"datePublished\":\"2021-07-05T13:44:30+00:00\",\"dateModified\":\"2021-07-06T08:30:57+00:00\",\"mainEntityOfPage\":{\"@id\":\"https:\/\/woblink.com\/blog\/wieslaw-mysliwski-laureatem-nagrody-polskiego-pen-clubu-im-jana-parandowskiego\/\"},\"wordCount\":617,\"publisher\":{\"@id\":\"https:\/\/woblink.com\/blog\/#organization\"},\"articleSection\":[\"Aktualno\u015bci\"],\"inLanguage\":\"pl-PL\"},{\"@type\":\"WebPage\",\"@id\":\"https:\/\/woblink.com\/blog\/wieslaw-mysliwski-laureatem-nagrody-polskiego-pen-clubu-im-jana-parandowskiego\/\",\"url\":\"https:\/\/woblink.com\/blog\/wieslaw-mysliwski-laureatem-nagrody-polskiego-pen-clubu-im-jana-parandowskiego\/\",\"name\":\"Wies\u0142aw My\u015bliwski laureatem Nagrody Polskiego PEN Clubu im. Jana Parandowskiego - Woblink\",\"isPartOf\":{\"@id\":\"https:\/\/woblink.com\/blog\/#website\"},\"datePublished\":\"2021-07-05T13:44:30+00:00\",\"dateModified\":\"2021-07-06T08:30:57+00:00\",\"description\":\"Wies\u0142aw My\u015bliwski otrzyma od Polskiego PEN Clubu Nagrod\u0119 im. Jana Parandowskiego. Uroczysto\u015b\u0107 wr\u0119czenia Nagrody b\u0119dzie mo\u017cna obejrze\u0107 ju\u017c 5 lipca 2021 m.in. na profilu Polskiego PEN Clubu na Facebooku.\",\"breadcrumb\":{\"@id\":\"https:\/\/woblink.com\/blog\/wieslaw-mysliwski-laureatem-nagrody-polskiego-pen-clubu-im-jana-parandowskiego\/#breadcrumb\"},\"inLanguage\":\"pl-PL\",\"potentialAction\":[{\"@type\":\"ReadAction\",\"target\":[\"https:\/\/woblink.com\/blog\/wieslaw-mysliwski-laureatem-nagrody-polskiego-pen-clubu-im-jana-parandowskiego\/\"]}]},{\"@type\":\"BreadcrumbList\",\"@id\":\"https:\/\/woblink.com\/blog\/wieslaw-mysliwski-laureatem-nagrody-polskiego-pen-clubu-im-jana-parandowskiego\/#breadcrumb\",\"itemListElement\":[{\"@type\":\"ListItem\",\"position\":1,\"name\":\"Strona g\u0142\u00f3wna\",\"item\":\"https:\/\/woblink.com\/blog\/\"},{\"@type\":\"ListItem\",\"position\":2,\"name\":\"Wies\u0142aw My\u015bliwski laureatem Nagrody Polskiego PEN Clubu im. Jana Parandowskiego\"}]},{\"@type\":\"WebSite\",\"@id\":\"https:\/\/woblink.com\/blog\/#website\",\"url\":\"https:\/\/woblink.com\/blog\/\",\"name\":\"Woblink\",\"description\":\"najlepszy firmowy blog o ksi\u0105\u017ckach\",\"publisher\":{\"@id\":\"https:\/\/woblink.com\/blog\/#organization\"},\"potentialAction\":[{\"@type\":\"SearchAction\",\"target\":{\"@type\":\"EntryPoint\",\"urlTemplate\":\"https:\/\/woblink.com\/blog\/?s={search_term_string}\"},\"query-input\":\"required name=search_term_string\"}],\"inLanguage\":\"pl-PL\"},{\"@type\":\"Organization\",\"@id\":\"https:\/\/woblink.com\/blog\/#organization\",\"name\":\"Woblink\",\"url\":\"https:\/\/woblink.com\/blog\/\",\"logo\":{\"@type\":\"ImageObject\",\"inLanguage\":\"pl-PL\",\"@id\":\"https:\/\/woblink.com\/blog\/#\/schema\/logo\/image\/\",\"url\":\"https:\/\/i0.wp.com\/woblink.com\/blog\/wp-content\/uploads\/2019\/04\/nw_logoB.png?fit=185%2C42&ssl=1\",\"contentUrl\":\"https:\/\/i0.wp.com\/woblink.com\/blog\/wp-content\/uploads\/2019\/04\/nw_logoB.png?fit=185%2C42&ssl=1\",\"width\":185,\"height\":42,\"caption\":\"Woblink\"},\"image\":{\"@id\":\"https:\/\/woblink.com\/blog\/#\/schema\/logo\/image\/\"},\"sameAs\":[\"https:\/\/facebook.com\/woblink\",\"https:\/\/twitter.com\/woblink_com\",\"https:\/\/www.instagram.com\/woblink_com\",\"https:\/\/www.linkedin.com\/company\/woblink\/\"]},{\"@type\":\"Person\",\"@id\":\"https:\/\/woblink.com\/blog\/#\/schema\/person\/8ab6b79d64fa54209272130c4c3b1e95\",\"name\":\"Redakcja Woblinka\",\"image\":{\"@type\":\"ImageObject\",\"inLanguage\":\"pl-PL\",\"@id\":\"https:\/\/woblink.com\/blog\/#\/schema\/person\/image\/\",\"url\":\"https:\/\/secure.gravatar.com\/avatar\/f23ae80a7c9da060bee5f8310913478b?s=96&d=mm&r=g\",\"contentUrl\":\"https:\/\/secure.gravatar.com\/avatar\/f23ae80a7c9da060bee5f8310913478b?s=96&d=mm&r=g\",\"caption\":\"Redakcja Woblinka\"},\"url\":\"https:\/\/woblink.com\/blog\/author\/krasny\/\"}]}<\/script>\n<!-- \/ Yoast SEO plugin. -->","yoast_head_json":{"title":"Wies\u0142aw My\u015bliwski laureatem Nagrody Polskiego PEN Clubu im. Jana Parandowskiego - Woblink","description":"Wies\u0142aw My\u015bliwski otrzyma od Polskiego PEN Clubu Nagrod\u0119 im. Jana Parandowskiego. Uroczysto\u015b\u0107 wr\u0119czenia Nagrody b\u0119dzie mo\u017cna obejrze\u0107 ju\u017c 5 lipca 2021 m.in. na profilu Polskiego PEN Clubu na Facebooku.","robots":{"index":"index","follow":"follow","max-snippet":"max-snippet:-1","max-image-preview":"max-image-preview:large","max-video-preview":"max-video-preview:-1"},"canonical":"https:\/\/woblink.com\/blog\/wieslaw-mysliwski-laureatem-nagrody-polskiego-pen-clubu-im-jana-parandowskiego\/","og_locale":"pl_PL","og_type":"article","og_title":"Wies\u0142aw My\u015bliwski laureatem Nagrody Polskiego PEN Clubu im. Jana Parandowskiego - Woblink","og_description":"Wies\u0142aw My\u015bliwski otrzyma od Polskiego PEN Clubu Nagrod\u0119 im. Jana Parandowskiego. Uroczysto\u015b\u0107 wr\u0119czenia Nagrody b\u0119dzie mo\u017cna obejrze\u0107 ju\u017c 5 lipca 2021 m.in. na profilu Polskiego PEN Clubu na Facebooku.","og_url":"https:\/\/woblink.com\/blog\/wieslaw-mysliwski-laureatem-nagrody-polskiego-pen-clubu-im-jana-parandowskiego\/","og_site_name":"Woblink","article_publisher":"https:\/\/facebook.com\/woblink","article_published_time":"2021-07-05T13:44:30+00:00","article_modified_time":"2021-07-06T08:30:57+00:00","og_image":[{"width":1011,"height":690,"url":"https:\/\/i0.wp.com\/woblink.com\/blog\/wp-content\/uploads\/2021\/07\/mys\u0301liwski-pen-club.png?fit=1011%2C690&ssl=1","type":"image\/png"}],"author":"Redakcja Woblinka","twitter_card":"summary_large_image","twitter_creator":"@woblink_com","twitter_site":"@woblink_com","twitter_misc":{"Napisane przez":"Redakcja Woblinka","Szacowany czas czytania":"3 minuty"},"schema":{"@context":"https:\/\/schema.org","@graph":[{"@type":"Article","@id":"https:\/\/woblink.com\/blog\/wieslaw-mysliwski-laureatem-nagrody-polskiego-pen-clubu-im-jana-parandowskiego\/#article","isPartOf":{"@id":"https:\/\/woblink.com\/blog\/wieslaw-mysliwski-laureatem-nagrody-polskiego-pen-clubu-im-jana-parandowskiego\/"},"author":{"name":"Redakcja Woblinka","@id":"https:\/\/woblink.com\/blog\/#\/schema\/person\/8ab6b79d64fa54209272130c4c3b1e95"},"headline":"Wies\u0142aw My\u015bliwski laureatem Nagrody Polskiego PEN Clubu im. Jana Parandowskiego","datePublished":"2021-07-05T13:44:30+00:00","dateModified":"2021-07-06T08:30:57+00:00","mainEntityOfPage":{"@id":"https:\/\/woblink.com\/blog\/wieslaw-mysliwski-laureatem-nagrody-polskiego-pen-clubu-im-jana-parandowskiego\/"},"wordCount":617,"publisher":{"@id":"https:\/\/woblink.com\/blog\/#organization"},"articleSection":["Aktualno\u015bci"],"inLanguage":"pl-PL"},{"@type":"WebPage","@id":"https:\/\/woblink.com\/blog\/wieslaw-mysliwski-laureatem-nagrody-polskiego-pen-clubu-im-jana-parandowskiego\/","url":"https:\/\/woblink.com\/blog\/wieslaw-mysliwski-laureatem-nagrody-polskiego-pen-clubu-im-jana-parandowskiego\/","name":"Wies\u0142aw My\u015bliwski laureatem Nagrody Polskiego PEN Clubu im. Jana Parandowskiego - Woblink","isPartOf":{"@id":"https:\/\/woblink.com\/blog\/#website"},"datePublished":"2021-07-05T13:44:30+00:00","dateModified":"2021-07-06T08:30:57+00:00","description":"Wies\u0142aw My\u015bliwski otrzyma od Polskiego PEN Clubu Nagrod\u0119 im. Jana Parandowskiego. Uroczysto\u015b\u0107 wr\u0119czenia Nagrody b\u0119dzie mo\u017cna obejrze\u0107 ju\u017c 5 lipca 2021 m.in. na profilu Polskiego PEN Clubu na Facebooku.","breadcrumb":{"@id":"https:\/\/woblink.com\/blog\/wieslaw-mysliwski-laureatem-nagrody-polskiego-pen-clubu-im-jana-parandowskiego\/#breadcrumb"},"inLanguage":"pl-PL","potentialAction":[{"@type":"ReadAction","target":["https:\/\/woblink.com\/blog\/wieslaw-mysliwski-laureatem-nagrody-polskiego-pen-clubu-im-jana-parandowskiego\/"]}]},{"@type":"BreadcrumbList","@id":"https:\/\/woblink.com\/blog\/wieslaw-mysliwski-laureatem-nagrody-polskiego-pen-clubu-im-jana-parandowskiego\/#breadcrumb","itemListElement":[{"@type":"ListItem","position":1,"name":"Strona g\u0142\u00f3wna","item":"https:\/\/woblink.com\/blog\/"},{"@type":"ListItem","position":2,"name":"Wies\u0142aw My\u015bliwski laureatem Nagrody Polskiego PEN Clubu im. Jana Parandowskiego"}]},{"@type":"WebSite","@id":"https:\/\/woblink.com\/blog\/#website","url":"https:\/\/woblink.com\/blog\/","name":"Woblink","description":"najlepszy firmowy blog o ksi\u0105\u017ckach","publisher":{"@id":"https:\/\/woblink.com\/blog\/#organization"},"potentialAction":[{"@type":"SearchAction","target":{"@type":"EntryPoint","urlTemplate":"https:\/\/woblink.com\/blog\/?s={search_term_string}"},"query-input":"required name=search_term_string"}],"inLanguage":"pl-PL"},{"@type":"Organization","@id":"https:\/\/woblink.com\/blog\/#organization","name":"Woblink","url":"https:\/\/woblink.com\/blog\/","logo":{"@type":"ImageObject","inLanguage":"pl-PL","@id":"https:\/\/woblink.com\/blog\/#\/schema\/logo\/image\/","url":"https:\/\/i0.wp.com\/woblink.com\/blog\/wp-content\/uploads\/2019\/04\/nw_logoB.png?fit=185%2C42&ssl=1","contentUrl":"https:\/\/i0.wp.com\/woblink.com\/blog\/wp-content\/uploads\/2019\/04\/nw_logoB.png?fit=185%2C42&ssl=1","width":185,"height":42,"caption":"Woblink"},"image":{"@id":"https:\/\/woblink.com\/blog\/#\/schema\/logo\/image\/"},"sameAs":["https:\/\/facebook.com\/woblink","https:\/\/twitter.com\/woblink_com","https:\/\/www.instagram.com\/woblink_com","https:\/\/www.linkedin.com\/company\/woblink\/"]},{"@type":"Person","@id":"https:\/\/woblink.com\/blog\/#\/schema\/person\/8ab6b79d64fa54209272130c4c3b1e95","name":"Redakcja Woblinka","image":{"@type":"ImageObject","inLanguage":"pl-PL","@id":"https:\/\/woblink.com\/blog\/#\/schema\/person\/image\/","url":"https:\/\/secure.gravatar.com\/avatar\/f23ae80a7c9da060bee5f8310913478b?s=96&d=mm&r=g","contentUrl":"https:\/\/secure.gravatar.com\/avatar\/f23ae80a7c9da060bee5f8310913478b?s=96&d=mm&r=g","caption":"Redakcja Woblinka"},"url":"https:\/\/woblink.com\/blog\/author\/krasny\/"}]}},"jetpack_featured_media_url":"https:\/\/i0.wp.com\/woblink.com\/blog\/wp-content\/uploads\/2021\/07\/mys\u0301liwski-pen-club.png?fit=1011%2C690&ssl=1","_links":{"self":[{"href":"https:\/\/woblink.com\/blog\/wp-json\/wp\/v2\/posts\/4949"}],"collection":[{"href":"https:\/\/woblink.com\/blog\/wp-json\/wp\/v2\/posts"}],"about":[{"href":"https:\/\/woblink.com\/blog\/wp-json\/wp\/v2\/types\/post"}],"author":[{"embeddable":true,"href":"https:\/\/woblink.com\/blog\/wp-json\/wp\/v2\/users\/7"}],"replies":[{"embeddable":true,"href":"https:\/\/woblink.com\/blog\/wp-json\/wp\/v2\/comments?post=4949"}],"version-history":[{"count":4,"href":"https:\/\/woblink.com\/blog\/wp-json\/wp\/v2\/posts\/4949\/revisions"}],"predecessor-version":[{"id":4952,"href":"https:\/\/woblink.com\/blog\/wp-json\/wp\/v2\/posts\/4949\/revisions\/4952"}],"wp:featuredmedia":[{"embeddable":true,"href":"https:\/\/woblink.com\/blog\/wp-json\/wp\/v2\/media\/4950"}],"wp:attachment":[{"href":"https:\/\/woblink.com\/blog\/wp-json\/wp\/v2\/media?parent=4949"}],"wp:term":[{"taxonomy":"category","embeddable":true,"href":"https:\/\/woblink.com\/blog\/wp-json\/wp\/v2\/categories?post=4949"},{"taxonomy":"post_tag","embeddable":true,"href":"https:\/\/woblink.com\/blog\/wp-json\/wp\/v2\/tags?post=4949"}],"curies":[{"name":"wp","href":"https:\/\/api.w.org\/{rel}","templated":true}]}}