{"id":4990,"date":"2021-07-12T11:09:15","date_gmt":"2021-07-12T09:09:15","guid":{"rendered":"https:\/\/woblink.com\/blog\/?p=4990"},"modified":"2021-07-12T11:09:15","modified_gmt":"2021-07-12T09:09:15","slug":"nagroda-im-wislawy-szymborskiej-znamy-laureatki-za-rok-2019-i-2020","status":"publish","type":"post","link":"https:\/\/woblink.com\/blog\/nagroda-im-wislawy-szymborskiej-znamy-laureatki-za-rok-2019-i-2020\/","title":{"rendered":"Nagroda im. Wis\u0142awy Szymborskiej \u2013 znamy laureatki za rok 2019 i 2020"},"content":{"rendered":"<p class=\"p4\"><strong><span class=\"s1\">Na uroczystej gali 10 lipca 2021 r. w Pa\u0142acu Potockich w Krakowie podczas Festiwalu Mi\u0142osza og\u0142oszono laureatki Nagrody im. Wis\u0142awy Szymborskiej za rok 2019 i 2020. Anna Adamowicz i Genowefa Jakubowska-Fija\u0142kowska otrzymaj\u0105 po 50 tys. z\u0142otych oraz statuetk\u0119; pozostali nominowani dostan\u0105 po 4 000 z\u0142otych.<span class=\"Apple-converted-space\">\u00a0<\/span><\/span><\/strong><\/p>\n<p><!--more--><\/p>\n<h3><strong>Nagroda im. Wis\u0142awy Szymborskiej za rok 2019<\/strong><\/h3>\n<p class=\"p4\"><span class=\"s1\"><b>Nagrod\u0119 im. Wis\u0142awy Szymborskiej za rok 2019 otrzyma\u0142a Anna Adamowicz za tom <i>Animalia<\/i> wydany przez Biuro Literackie.<span class=\"Apple-converted-space\">\u00a0<\/span><\/b><\/span><\/p>\n<p class=\"p4\"><span class=\"s1\"><i>Wi\u0119\u017a ze \u015bwiatem zwierz\u0119cym jest tak mocna, \u017ce los wsp\u00f3\u0142bratymc\u00f3w, krzywdzonych i zabijanych, przenosi si\u0119 w obszar do\u015bwiadcze\u0144 wewn\u0119trznych. Tak dzia\u0142a solidarno\u015b\u0107 gatunk\u00f3w oraz \u2013 wsp\u00f3\u0142czucie. Schowa\u0107 w sobie ofiary<span class=\"Apple-converted-space\">\u00a0 <\/span>eksperyment\u00f3w podsycanych potrzeb\u0105 zabijania \u2013 to podj\u0105\u0107 pr\u00f3b\u0119 ocalenia. Jako\u015b\u0107 wys\u0142owienia, oryginalno\u015b\u0107 artystycznych uj\u0119\u0107, w kt\u00f3rych signum osobistego zaanga\u017cowania stowarzysza si\u0119 z dystansuj\u0105c\u0105 ironi\u0105, a tak\u017ce i mo\u017ce przede wszystkim<span class=\"Apple-converted-space\">\u00a0 <\/span>zesp\u00f3\u0142 humanistycznych przes\u0142a\u0144 pozwala my\u015ble\u0107 o tym zbiorze jako niezwyk\u0142ym i wybitnym<span class=\"Apple-converted-space\">\u00a0 <\/span>osi\u0105gni\u0119ciu poetyckim.<span class=\"Apple-converted-space\">\u00a0<\/span><\/i><\/span><\/p>\n<p class=\"p6\" style=\"text-align: right;\"><span style=\"font-size: 14px;\"><span class=\"s1\">Z laudacji prof. Wojciecha Lig\u0119zy,<span class=\"Apple-converted-space\">\u00a0<\/span><\/span><span class=\"s1\">przewodnicz\u0105cego kapitu\u0142y Nagrody za rok 2019.<\/span><\/span><\/p>\n<h3><\/h3>\n<figure id=\"attachment_4670\" aria-describedby=\"caption-attachment-4670\" style=\"width: 225px\" class=\"wp-caption aligncenter\"><a href=\"https:\/\/woblink.com\/ksiazka\/animalia-adamowicz-anna-141276\"><img decoding=\"async\" loading=\"lazy\" class=\"wp-image-4670 size-medium\" src=\"https:\/\/i0.wp.com\/woblink.com\/blog\/wp-content\/uploads\/2021\/05\/Adamowicz-Anna_Animalia.jpg?resize=225%2C300&#038;ssl=1\" alt=\"animalia nagroda im. wis\u0142awy szymborskiej\" width=\"225\" height=\"300\" srcset=\"https:\/\/i0.wp.com\/woblink.com\/blog\/wp-content\/uploads\/2021\/05\/Adamowicz-Anna_Animalia.jpg?resize=225%2C300&amp;ssl=1 225w, https:\/\/i0.wp.com\/woblink.com\/blog\/wp-content\/uploads\/2021\/05\/Adamowicz-Anna_Animalia.jpg?resize=768%2C1024&amp;ssl=1 768w, https:\/\/i0.wp.com\/woblink.com\/blog\/wp-content\/uploads\/2021\/05\/Adamowicz-Anna_Animalia.jpg?resize=600%2C800&amp;ssl=1 600w, https:\/\/i0.wp.com\/woblink.com\/blog\/wp-content\/uploads\/2021\/05\/Adamowicz-Anna_Animalia.jpg?w=886&amp;ssl=1 886w\" sizes=\"(max-width: 225px) 100vw, 225px\" data-recalc-dims=\"1\" \/><\/a><figcaption id=\"caption-attachment-4670\" class=\"wp-caption-text\"><center><strong>Kup <a href=\"https:\/\/woblink.com\/ksiazka\/animalia-adamowicz-anna-141276\">wydanie papierowe<\/a> na Woblink.com<\/strong><\/center><\/figcaption><\/figure>\n<h3><\/h3>\n<h3><strong>Nagroda im. Wis\u0142awy Szymborskiej za rok 2020<\/strong><\/h3>\n<p class=\"p8\"><span class=\"s1\"><b>Nagrod\u0119 im. Wis\u0142awy Szymborskiej za rok 2020 otrzyma\u0142a Genowefa Jakubowska-Fija\u0142kowska za tom Ro\u015bliny mi\u0119so\u017cerne wydany przez Instytut Miko\u0142owski.<span class=\"Apple-converted-space\">\u00a0<\/span><\/b><\/span><\/p>\n<p class=\"p8\"><span class=\"s1\"><i>Rozpoznawalny autorski sznyt, ostra si\u0142a ra\u017cenia tej poezji oraz bezpardonowa prostota, kt\u00f3rej nie nale\u017cy myli\u0107 z powierzchowno\u015bci\u0105, docieraj\u0105 do odbiorcy niczym miotacz ognia. Po lekturze takich wierszy, trzeba na nowo przymierzy\u0107 si\u0119 do refleksji nad \u015bwiatem w\u0142asnym i cudzym, zweryfikowa\u0107 poczucie wsp\u00f3lnoty i poczucie osobno\u015bci. To poezja, kt\u00f3ra ka\u017ce nam konfrontowa\u0107 wygodne \u00e0 priori do\u015bwiadczalnej kategorii \u201esiebie\u201d i tego, co wydaje si\u0119 pozostawa\u0107 poza poetyckim \u201eja\u201d.<span class=\"Apple-converted-space\">\u00a0<\/span><\/i><\/span><\/p>\n<p class=\"p6\" style=\"text-align: right;\"><span style=\"font-size: 14px;\"><span class=\"s1\">Z laudacji prof. Dorota Walczak-Delanois,<span class=\"Apple-converted-space\">\u00a0<\/span><\/span><span class=\"s1\">przewodnicz\u0105cej kapitu\u0142y Nagrody za rok 2020.<span class=\"Apple-converted-space\">\u00a0<\/span><\/span><\/span><\/p>\n<p><img decoding=\"async\" loading=\"lazy\" class=\"size-medium wp-image-4676 aligncenter\" src=\"https:\/\/i0.wp.com\/woblink.com\/blog\/wp-content\/uploads\/2021\/05\/Jakubowska-Fijaa\u0328kowska-Genowefa_Roe\u0307liny-mi\u00a9sol\u0301erne.jpg?resize=213%2C300&#038;ssl=1\" alt=\"\" width=\"213\" height=\"300\" srcset=\"https:\/\/i0.wp.com\/woblink.com\/blog\/wp-content\/uploads\/2021\/05\/Jakubowska-Fijaa\u0328kowska-Genowefa_Roe\u0307liny-mi\u00a9sol\u0301erne.jpg?resize=213%2C300&amp;ssl=1 213w, https:\/\/i0.wp.com\/woblink.com\/blog\/wp-content\/uploads\/2021\/05\/Jakubowska-Fijaa\u0328kowska-Genowefa_Roe\u0307liny-mi\u00a9sol\u0301erne.jpg?resize=600%2C845&amp;ssl=1 600w, https:\/\/i0.wp.com\/woblink.com\/blog\/wp-content\/uploads\/2021\/05\/Jakubowska-Fijaa\u0328kowska-Genowefa_Roe\u0307liny-mi\u00a9sol\u0301erne.jpg?w=710&amp;ssl=1 710w\" sizes=\"(max-width: 213px) 100vw, 213px\" data-recalc-dims=\"1\" \/><\/p>\n<h3><strong>Jury Nagrody im. Wis\u0142awy Szymborskiej<\/strong><\/h3>\n<p class=\"p8\"><span class=\"s1\">Wyboru dokona\u0142a kapitu\u0142a w sk\u0142adzie: <b>Andrej Chadanowicz<\/b> (Bia\u0142oru\u015b), <b>Xavier Farr\u00e9 <\/b>(Hiszpania), <b>Wojciech Lig\u0119za<\/b> (Polska), <b>Antonia Lloyd-Jones<\/b> (Wielka Brytania), <b>Karol Maliszewski<\/b> (Polska), <b>Alina \u015awie\u015bciak<\/b> (Polska), <b>Dorota Walczak-Delanois<\/b> (Polska, Belgia)<b>.<\/b><\/span><\/p>\n<p class=\"p4\" style=\"text-align: right;\"><span class=\"s1\"><b>Szczeg\u00f3\u0142owe informacje o Nagrodzie na stronie: <\/b><a href=\"http:\/\/nagrodaszymborskiej.pl\/\">nagrodaszymborskiej.pl<\/a><\/span><\/p>\n","protected":false},"excerpt":{"rendered":"<p>Na uroczystej gali 10 lipca 2021 r. w Pa\u0142acu Potockich w Krakowie podczas Festiwalu Mi\u0142osza og\u0142oszono laureatki Nagrody im. Wis\u0142awy Szymborskiej za rok 2019 i 2020. Anna Adamowicz i Genowefa Jakubowska-Fija\u0142kowska otrzymaj\u0105 po 50 tys. z\u0142otych oraz statuetk\u0119; pozostali nominowani dostan\u0105 po 4 000 z\u0142otych.\u00a0&#8230;<\/p>\n","protected":false},"author":7,"featured_media":4991,"comment_status":"closed","ping_status":"open","sticky":false,"template":"","format":"standard","meta":[],"categories":[87,79],"tags":[],"yoast_head":"<!-- This site is optimized with the Yoast SEO plugin v20.11 - https:\/\/yoast.com\/wordpress\/plugins\/seo\/ -->\n<title>Nagroda im. Wis\u0142awy Szymborskiej \u2013 znamy laureatki za rok 2019 i 2020 - Woblink<\/title>\n<meta name=\"description\" content=\"Nagroda im. Wis\u0142awy Szymborskiej: na uroczystej gali 10 lipca 2021 r. w Pa\u0142acu Potockich w Krakowie og\u0142oszono laureatki Nagrody za rok 2019 i 2020.\" \/>\n<meta name=\"robots\" content=\"index, follow, max-snippet:-1, max-image-preview:large, max-video-preview:-1\" \/>\n<link rel=\"canonical\" href=\"https:\/\/woblink.com\/blog\/nagroda-im-wislawy-szymborskiej-znamy-laureatki-za-rok-2019-i-2020\/\" \/>\n<meta property=\"og:locale\" content=\"pl_PL\" \/>\n<meta property=\"og:type\" content=\"article\" \/>\n<meta property=\"og:title\" content=\"Nagroda im. Wis\u0142awy Szymborskiej \u2013 znamy laureatki za rok 2019 i 2020 - Woblink\" \/>\n<meta property=\"og:description\" content=\"Nagroda im. Wis\u0142awy Szymborskiej: na uroczystej gali 10 lipca 2021 r. w Pa\u0142acu Potockich w Krakowie og\u0142oszono laureatki Nagrody za rok 2019 i 2020.\" \/>\n<meta property=\"og:url\" content=\"https:\/\/woblink.com\/blog\/nagroda-im-wislawy-szymborskiej-znamy-laureatki-za-rok-2019-i-2020\/\" \/>\n<meta property=\"og:site_name\" content=\"Woblink\" \/>\n<meta property=\"article:publisher\" content=\"https:\/\/facebook.com\/woblink\" \/>\n<meta property=\"article:published_time\" content=\"2021-07-12T09:09:15+00:00\" \/>\n<meta property=\"og:image\" content=\"https:\/\/i0.wp.com\/woblink.com\/blog\/wp-content\/uploads\/2021\/07\/nagroda_szymborskiej_laureaci.png?fit=1011%2C690&ssl=1\" \/>\n\t<meta property=\"og:image:width\" content=\"1011\" \/>\n\t<meta property=\"og:image:height\" content=\"690\" \/>\n\t<meta property=\"og:image:type\" content=\"image\/png\" \/>\n<meta name=\"author\" content=\"Redakcja Woblinka\" \/>\n<meta name=\"twitter:card\" content=\"summary_large_image\" \/>\n<meta name=\"twitter:creator\" content=\"@woblink_com\" \/>\n<meta name=\"twitter:site\" content=\"@woblink_com\" \/>\n<meta name=\"twitter:label1\" content=\"Napisane przez\" \/>\n\t<meta name=\"twitter:data1\" content=\"Redakcja Woblinka\" \/>\n\t<meta name=\"twitter:label2\" content=\"Szacowany czas czytania\" \/>\n\t<meta name=\"twitter:data2\" content=\"2 minuty\" \/>\n<script type=\"application\/ld+json\" class=\"yoast-schema-graph\">{\"@context\":\"https:\/\/schema.org\",\"@graph\":[{\"@type\":\"Article\",\"@id\":\"https:\/\/woblink.com\/blog\/nagroda-im-wislawy-szymborskiej-znamy-laureatki-za-rok-2019-i-2020\/#article\",\"isPartOf\":{\"@id\":\"https:\/\/woblink.com\/blog\/nagroda-im-wislawy-szymborskiej-znamy-laureatki-za-rok-2019-i-2020\/\"},\"author\":{\"name\":\"Redakcja Woblinka\",\"@id\":\"https:\/\/woblink.com\/blog\/#\/schema\/person\/8ab6b79d64fa54209272130c4c3b1e95\"},\"headline\":\"Nagroda im. Wis\u0142awy Szymborskiej \u2013 znamy laureatki za rok 2019 i 2020\",\"datePublished\":\"2021-07-12T09:09:15+00:00\",\"dateModified\":\"2021-07-12T09:09:15+00:00\",\"mainEntityOfPage\":{\"@id\":\"https:\/\/woblink.com\/blog\/nagroda-im-wislawy-szymborskiej-znamy-laureatki-za-rok-2019-i-2020\/\"},\"wordCount\":367,\"publisher\":{\"@id\":\"https:\/\/woblink.com\/blog\/#organization\"},\"articleSection\":[\"Aktualno\u015bci\",\"Nagrody literackie\"],\"inLanguage\":\"pl-PL\"},{\"@type\":\"WebPage\",\"@id\":\"https:\/\/woblink.com\/blog\/nagroda-im-wislawy-szymborskiej-znamy-laureatki-za-rok-2019-i-2020\/\",\"url\":\"https:\/\/woblink.com\/blog\/nagroda-im-wislawy-szymborskiej-znamy-laureatki-za-rok-2019-i-2020\/\",\"name\":\"Nagroda im. Wis\u0142awy Szymborskiej \u2013 znamy laureatki za rok 2019 i 2020 - Woblink\",\"isPartOf\":{\"@id\":\"https:\/\/woblink.com\/blog\/#website\"},\"datePublished\":\"2021-07-12T09:09:15+00:00\",\"dateModified\":\"2021-07-12T09:09:15+00:00\",\"description\":\"Nagroda im. Wis\u0142awy Szymborskiej: na uroczystej gali 10 lipca 2021 r. w Pa\u0142acu Potockich w Krakowie og\u0142oszono laureatki Nagrody za rok 2019 i 2020.\",\"breadcrumb\":{\"@id\":\"https:\/\/woblink.com\/blog\/nagroda-im-wislawy-szymborskiej-znamy-laureatki-za-rok-2019-i-2020\/#breadcrumb\"},\"inLanguage\":\"pl-PL\",\"potentialAction\":[{\"@type\":\"ReadAction\",\"target\":[\"https:\/\/woblink.com\/blog\/nagroda-im-wislawy-szymborskiej-znamy-laureatki-za-rok-2019-i-2020\/\"]}]},{\"@type\":\"BreadcrumbList\",\"@id\":\"https:\/\/woblink.com\/blog\/nagroda-im-wislawy-szymborskiej-znamy-laureatki-za-rok-2019-i-2020\/#breadcrumb\",\"itemListElement\":[{\"@type\":\"ListItem\",\"position\":1,\"name\":\"Strona g\u0142\u00f3wna\",\"item\":\"https:\/\/woblink.com\/blog\/\"},{\"@type\":\"ListItem\",\"position\":2,\"name\":\"Nagroda im. Wis\u0142awy Szymborskiej \u2013 znamy laureatki za rok 2019 i 2020\"}]},{\"@type\":\"WebSite\",\"@id\":\"https:\/\/woblink.com\/blog\/#website\",\"url\":\"https:\/\/woblink.com\/blog\/\",\"name\":\"Woblink\",\"description\":\"najlepszy firmowy blog o ksi\u0105\u017ckach\",\"publisher\":{\"@id\":\"https:\/\/woblink.com\/blog\/#organization\"},\"potentialAction\":[{\"@type\":\"SearchAction\",\"target\":{\"@type\":\"EntryPoint\",\"urlTemplate\":\"https:\/\/woblink.com\/blog\/?s={search_term_string}\"},\"query-input\":\"required name=search_term_string\"}],\"inLanguage\":\"pl-PL\"},{\"@type\":\"Organization\",\"@id\":\"https:\/\/woblink.com\/blog\/#organization\",\"name\":\"Woblink\",\"url\":\"https:\/\/woblink.com\/blog\/\",\"logo\":{\"@type\":\"ImageObject\",\"inLanguage\":\"pl-PL\",\"@id\":\"https:\/\/woblink.com\/blog\/#\/schema\/logo\/image\/\",\"url\":\"https:\/\/i0.wp.com\/woblink.com\/blog\/wp-content\/uploads\/2019\/04\/nw_logoB.png?fit=185%2C42&ssl=1\",\"contentUrl\":\"https:\/\/i0.wp.com\/woblink.com\/blog\/wp-content\/uploads\/2019\/04\/nw_logoB.png?fit=185%2C42&ssl=1\",\"width\":185,\"height\":42,\"caption\":\"Woblink\"},\"image\":{\"@id\":\"https:\/\/woblink.com\/blog\/#\/schema\/logo\/image\/\"},\"sameAs\":[\"https:\/\/facebook.com\/woblink\",\"https:\/\/twitter.com\/woblink_com\",\"https:\/\/www.instagram.com\/woblink_com\",\"https:\/\/www.linkedin.com\/company\/woblink\/\"]},{\"@type\":\"Person\",\"@id\":\"https:\/\/woblink.com\/blog\/#\/schema\/person\/8ab6b79d64fa54209272130c4c3b1e95\",\"name\":\"Redakcja Woblinka\",\"image\":{\"@type\":\"ImageObject\",\"inLanguage\":\"pl-PL\",\"@id\":\"https:\/\/woblink.com\/blog\/#\/schema\/person\/image\/\",\"url\":\"https:\/\/secure.gravatar.com\/avatar\/f23ae80a7c9da060bee5f8310913478b?s=96&d=mm&r=g\",\"contentUrl\":\"https:\/\/secure.gravatar.com\/avatar\/f23ae80a7c9da060bee5f8310913478b?s=96&d=mm&r=g\",\"caption\":\"Redakcja Woblinka\"},\"url\":\"https:\/\/woblink.com\/blog\/author\/krasny\/\"}]}<\/script>\n<!-- \/ Yoast SEO plugin. -->","yoast_head_json":{"title":"Nagroda im. Wis\u0142awy Szymborskiej \u2013 znamy laureatki za rok 2019 i 2020 - Woblink","description":"Nagroda im. Wis\u0142awy Szymborskiej: na uroczystej gali 10 lipca 2021 r. w Pa\u0142acu Potockich w Krakowie og\u0142oszono laureatki Nagrody za rok 2019 i 2020.","robots":{"index":"index","follow":"follow","max-snippet":"max-snippet:-1","max-image-preview":"max-image-preview:large","max-video-preview":"max-video-preview:-1"},"canonical":"https:\/\/woblink.com\/blog\/nagroda-im-wislawy-szymborskiej-znamy-laureatki-za-rok-2019-i-2020\/","og_locale":"pl_PL","og_type":"article","og_title":"Nagroda im. Wis\u0142awy Szymborskiej \u2013 znamy laureatki za rok 2019 i 2020 - Woblink","og_description":"Nagroda im. Wis\u0142awy Szymborskiej: na uroczystej gali 10 lipca 2021 r. w Pa\u0142acu Potockich w Krakowie og\u0142oszono laureatki Nagrody za rok 2019 i 2020.","og_url":"https:\/\/woblink.com\/blog\/nagroda-im-wislawy-szymborskiej-znamy-laureatki-za-rok-2019-i-2020\/","og_site_name":"Woblink","article_publisher":"https:\/\/facebook.com\/woblink","article_published_time":"2021-07-12T09:09:15+00:00","og_image":[{"width":1011,"height":690,"url":"https:\/\/i0.wp.com\/woblink.com\/blog\/wp-content\/uploads\/2021\/07\/nagroda_szymborskiej_laureaci.png?fit=1011%2C690&ssl=1","type":"image\/png"}],"author":"Redakcja Woblinka","twitter_card":"summary_large_image","twitter_creator":"@woblink_com","twitter_site":"@woblink_com","twitter_misc":{"Napisane przez":"Redakcja Woblinka","Szacowany czas czytania":"2 minuty"},"schema":{"@context":"https:\/\/schema.org","@graph":[{"@type":"Article","@id":"https:\/\/woblink.com\/blog\/nagroda-im-wislawy-szymborskiej-znamy-laureatki-za-rok-2019-i-2020\/#article","isPartOf":{"@id":"https:\/\/woblink.com\/blog\/nagroda-im-wislawy-szymborskiej-znamy-laureatki-za-rok-2019-i-2020\/"},"author":{"name":"Redakcja Woblinka","@id":"https:\/\/woblink.com\/blog\/#\/schema\/person\/8ab6b79d64fa54209272130c4c3b1e95"},"headline":"Nagroda im. Wis\u0142awy Szymborskiej \u2013 znamy laureatki za rok 2019 i 2020","datePublished":"2021-07-12T09:09:15+00:00","dateModified":"2021-07-12T09:09:15+00:00","mainEntityOfPage":{"@id":"https:\/\/woblink.com\/blog\/nagroda-im-wislawy-szymborskiej-znamy-laureatki-za-rok-2019-i-2020\/"},"wordCount":367,"publisher":{"@id":"https:\/\/woblink.com\/blog\/#organization"},"articleSection":["Aktualno\u015bci","Nagrody literackie"],"inLanguage":"pl-PL"},{"@type":"WebPage","@id":"https:\/\/woblink.com\/blog\/nagroda-im-wislawy-szymborskiej-znamy-laureatki-za-rok-2019-i-2020\/","url":"https:\/\/woblink.com\/blog\/nagroda-im-wislawy-szymborskiej-znamy-laureatki-za-rok-2019-i-2020\/","name":"Nagroda im. Wis\u0142awy Szymborskiej \u2013 znamy laureatki za rok 2019 i 2020 - Woblink","isPartOf":{"@id":"https:\/\/woblink.com\/blog\/#website"},"datePublished":"2021-07-12T09:09:15+00:00","dateModified":"2021-07-12T09:09:15+00:00","description":"Nagroda im. Wis\u0142awy Szymborskiej: na uroczystej gali 10 lipca 2021 r. w Pa\u0142acu Potockich w Krakowie og\u0142oszono laureatki Nagrody za rok 2019 i 2020.","breadcrumb":{"@id":"https:\/\/woblink.com\/blog\/nagroda-im-wislawy-szymborskiej-znamy-laureatki-za-rok-2019-i-2020\/#breadcrumb"},"inLanguage":"pl-PL","potentialAction":[{"@type":"ReadAction","target":["https:\/\/woblink.com\/blog\/nagroda-im-wislawy-szymborskiej-znamy-laureatki-za-rok-2019-i-2020\/"]}]},{"@type":"BreadcrumbList","@id":"https:\/\/woblink.com\/blog\/nagroda-im-wislawy-szymborskiej-znamy-laureatki-za-rok-2019-i-2020\/#breadcrumb","itemListElement":[{"@type":"ListItem","position":1,"name":"Strona g\u0142\u00f3wna","item":"https:\/\/woblink.com\/blog\/"},{"@type":"ListItem","position":2,"name":"Nagroda im. Wis\u0142awy Szymborskiej \u2013 znamy laureatki za rok 2019 i 2020"}]},{"@type":"WebSite","@id":"https:\/\/woblink.com\/blog\/#website","url":"https:\/\/woblink.com\/blog\/","name":"Woblink","description":"najlepszy firmowy blog o ksi\u0105\u017ckach","publisher":{"@id":"https:\/\/woblink.com\/blog\/#organization"},"potentialAction":[{"@type":"SearchAction","target":{"@type":"EntryPoint","urlTemplate":"https:\/\/woblink.com\/blog\/?s={search_term_string}"},"query-input":"required name=search_term_string"}],"inLanguage":"pl-PL"},{"@type":"Organization","@id":"https:\/\/woblink.com\/blog\/#organization","name":"Woblink","url":"https:\/\/woblink.com\/blog\/","logo":{"@type":"ImageObject","inLanguage":"pl-PL","@id":"https:\/\/woblink.com\/blog\/#\/schema\/logo\/image\/","url":"https:\/\/i0.wp.com\/woblink.com\/blog\/wp-content\/uploads\/2019\/04\/nw_logoB.png?fit=185%2C42&ssl=1","contentUrl":"https:\/\/i0.wp.com\/woblink.com\/blog\/wp-content\/uploads\/2019\/04\/nw_logoB.png?fit=185%2C42&ssl=1","width":185,"height":42,"caption":"Woblink"},"image":{"@id":"https:\/\/woblink.com\/blog\/#\/schema\/logo\/image\/"},"sameAs":["https:\/\/facebook.com\/woblink","https:\/\/twitter.com\/woblink_com","https:\/\/www.instagram.com\/woblink_com","https:\/\/www.linkedin.com\/company\/woblink\/"]},{"@type":"Person","@id":"https:\/\/woblink.com\/blog\/#\/schema\/person\/8ab6b79d64fa54209272130c4c3b1e95","name":"Redakcja Woblinka","image":{"@type":"ImageObject","inLanguage":"pl-PL","@id":"https:\/\/woblink.com\/blog\/#\/schema\/person\/image\/","url":"https:\/\/secure.gravatar.com\/avatar\/f23ae80a7c9da060bee5f8310913478b?s=96&d=mm&r=g","contentUrl":"https:\/\/secure.gravatar.com\/avatar\/f23ae80a7c9da060bee5f8310913478b?s=96&d=mm&r=g","caption":"Redakcja Woblinka"},"url":"https:\/\/woblink.com\/blog\/author\/krasny\/"}]}},"jetpack_featured_media_url":"https:\/\/i0.wp.com\/woblink.com\/blog\/wp-content\/uploads\/2021\/07\/nagroda_szymborskiej_laureaci.png?fit=1011%2C690&ssl=1","_links":{"self":[{"href":"https:\/\/woblink.com\/blog\/wp-json\/wp\/v2\/posts\/4990"}],"collection":[{"href":"https:\/\/woblink.com\/blog\/wp-json\/wp\/v2\/posts"}],"about":[{"href":"https:\/\/woblink.com\/blog\/wp-json\/wp\/v2\/types\/post"}],"author":[{"embeddable":true,"href":"https:\/\/woblink.com\/blog\/wp-json\/wp\/v2\/users\/7"}],"replies":[{"embeddable":true,"href":"https:\/\/woblink.com\/blog\/wp-json\/wp\/v2\/comments?post=4990"}],"version-history":[{"count":1,"href":"https:\/\/woblink.com\/blog\/wp-json\/wp\/v2\/posts\/4990\/revisions"}],"predecessor-version":[{"id":4992,"href":"https:\/\/woblink.com\/blog\/wp-json\/wp\/v2\/posts\/4990\/revisions\/4992"}],"wp:featuredmedia":[{"embeddable":true,"href":"https:\/\/woblink.com\/blog\/wp-json\/wp\/v2\/media\/4991"}],"wp:attachment":[{"href":"https:\/\/woblink.com\/blog\/wp-json\/wp\/v2\/media?parent=4990"}],"wp:term":[{"taxonomy":"category","embeddable":true,"href":"https:\/\/woblink.com\/blog\/wp-json\/wp\/v2\/categories?post=4990"},{"taxonomy":"post_tag","embeddable":true,"href":"https:\/\/woblink.com\/blog\/wp-json\/wp\/v2\/tags?post=4990"}],"curies":[{"name":"wp","href":"https:\/\/api.w.org\/{rel}","templated":true}]}}