{"id":514,"date":"2019-05-23T14:17:10","date_gmt":"2019-05-23T12:17:10","guid":{"rendered":"https:\/\/woblink.com\/blog\/?p=514"},"modified":"2019-05-23T15:50:23","modified_gmt":"2019-05-23T13:50:23","slug":"nagroda-literacka-nike-2019-nominowani","status":"publish","type":"post","link":"https:\/\/woblink.com\/blog\/nagroda-literacka-nike-2019-nominowani\/","title":{"rendered":"Nagroda Literacka Nike 2019 \u2013 nominowani"},"content":{"rendered":"<p><strong>Poznali\u015bmy nominowanych do tegorocznej Nagrody Literackiej Nike! 23 maja o godzinie 13.00, podczas Targ\u00f3w Ksi\u0105\u017cki w Warszawie, do wiadomo\u015bci publicznej zosta\u0142a przekazana informacja o dwudziestu nominowanych do tegorocznej edycji najwa\u017cniej polskiej nagrody literackiej. Nagroda Literacka Nike zostanie przyznana po raz dwudziesty trzeci. Laureata b\u0105d\u017a laureatk\u0119 poznamy na jesie\u0144.<\/strong><\/p>\n<p><!--more--><\/p>\n<h4 style=\"text-align: center;\"><b>\u201eKontener\u201d, Marek Bie\u0144czyk, Wielka Litera<\/b><\/h4>\n<figure id=\"attachment_531\" aria-describedby=\"caption-attachment-531\" style=\"width: 211px\" class=\"wp-caption aligncenter\"><a href=\"https:\/\/woblink.com\/ebook\/kontener-marek-bienczyk-40071\"><img decoding=\"async\" loading=\"lazy\" class=\"wp-image-531 size-medium\" src=\"https:\/\/i0.wp.com\/woblink.com\/blog\/wp-content\/uploads\/2019\/05\/kontener.jpg?resize=211%2C300&#038;ssl=1\" alt=\"Kontener\" width=\"211\" height=\"300\" srcset=\"https:\/\/i0.wp.com\/woblink.com\/blog\/wp-content\/uploads\/2019\/05\/kontener.jpg?resize=211%2C300&amp;ssl=1 211w, https:\/\/i0.wp.com\/woblink.com\/blog\/wp-content\/uploads\/2019\/05\/kontener.jpg?w=352&amp;ssl=1 352w\" sizes=\"(max-width: 211px) 100vw, 211px\" data-recalc-dims=\"1\" \/><\/a><figcaption id=\"caption-attachment-531\" class=\"wp-caption-text\"><center><strong>Kup <a href=\"https:\/\/woblink.com\/ebook\/kontener-marek-bienczyk-40071\">ebooka<\/a> lub <a href=\"https:\/\/woblink.com\/ksiazka\/kontener-bienczyk-marek-135316\">ksi\u0105\u017ck\u0119 <\/a>na Woblink.com<\/strong><\/center><\/figcaption><\/figure>\n<p>\u201eKontener\u201d to najbardziej osobista ksi\u0105\u017cka Marka Bie\u0144czyka. Pierwotnie mia\u0142a to by\u0107 ksi\u0105\u017cka o oddechu \u2013 nerwowym i p\u0142ytkim od smogu. Ostatecznie wyszed\u0142 zbi\u00f3r kr\u00f3tkich przemy\u015ble\u0144 o pami\u0119ci, literaturze, przemijaniu, ucieczce od siebie, \u017ca\u0142obie.<\/p>\n<div class=\"mceTemp\"><\/div>\n<h4 style=\"text-align: center;\"><strong>\u201eT\u0142umacz mi\u0119dzy innymi\u201d, Jerzy Jarniewicz, Ossolineum<\/strong><\/h4>\n<figure id=\"attachment_546\" aria-describedby=\"caption-attachment-546\" style=\"width: 198px\" class=\"wp-caption aligncenter\"><a href=\"https:\/\/woblink.com\/ksiazka\/tlumacz-miedzy-innymi-szkice-o-przekladach-jezykach-i-literaturze-jarniewicz-jerzy-133870\"><img decoding=\"async\" loading=\"lazy\" class=\"wp-image-546 size-medium\" src=\"https:\/\/i0.wp.com\/woblink.com\/blog\/wp-content\/uploads\/2019\/05\/big_Jarniewcz_big_front_300dpi_2n3N1.jpg?resize=198%2C300&#038;ssl=1\" alt=\"T\u0142umacz mi\u0119dzy innymi\" width=\"198\" height=\"300\" srcset=\"https:\/\/i0.wp.com\/woblink.com\/blog\/wp-content\/uploads\/2019\/05\/big_Jarniewcz_big_front_300dpi_2n3N1.jpg?resize=198%2C300&amp;ssl=1 198w, https:\/\/i0.wp.com\/woblink.com\/blog\/wp-content\/uploads\/2019\/05\/big_Jarniewcz_big_front_300dpi_2n3N1.jpg?resize=768%2C1164&amp;ssl=1 768w, https:\/\/i0.wp.com\/woblink.com\/blog\/wp-content\/uploads\/2019\/05\/big_Jarniewcz_big_front_300dpi_2n3N1.jpg?resize=675%2C1024&amp;ssl=1 675w, https:\/\/i0.wp.com\/woblink.com\/blog\/wp-content\/uploads\/2019\/05\/big_Jarniewcz_big_front_300dpi_2n3N1.jpg?resize=600%2C910&amp;ssl=1 600w, https:\/\/i0.wp.com\/woblink.com\/blog\/wp-content\/uploads\/2019\/05\/big_Jarniewcz_big_front_300dpi_2n3N1.jpg?w=1000&amp;ssl=1 1000w\" sizes=\"(max-width: 198px) 100vw, 198px\" data-recalc-dims=\"1\" \/><\/a><figcaption id=\"caption-attachment-546\" class=\"wp-caption-text\"><center><strong>Kup <a href=\"https:\/\/woblink.com\/ksiazka\/tlumacz-miedzy-innymi-szkice-o-przekladach-jezykach-i-literaturze-jarniewicz-jerzy-133870\">ksi\u0105\u017ck\u0119<\/a> na Woblink.com<\/strong><\/center><\/figcaption><\/figure>\n<p><span style=\"font-weight: 400;\">W tej ksi\u0105\u017cce Jarniewicz rozwija koncepcj\u0119 tw\u00f3rczego i autorskiego charakteru pracy t\u0142umacza, kt\u00f3ry wyst\u0119puje jednocze\u015bnie w takich rolach jak pisarz, antologista, krytyk i popularyzator. <\/span><\/p>\n<h4 style=\"text-align: center;\"><b>\u201eOta Pavel. Pod powierzchni\u0105\u201d, Aleksander Kaczorowski, Czarne<\/b><\/h4>\n<figure id=\"attachment_545\" aria-describedby=\"caption-attachment-545\" style=\"width: 186px\" class=\"wp-caption aligncenter\"><a href=\"https:\/\/woblink.com\/ebook\/ota-pavel-pod-powierzchnia-aleksander-kaczorowski-37990\"><img decoding=\"async\" loading=\"lazy\" class=\"wp-image-545 size-medium\" src=\"https:\/\/i0.wp.com\/woblink.com\/blog\/wp-content\/uploads\/2019\/05\/large_ota_pavel.jpg?resize=186%2C300&#038;ssl=1\" alt=\"Ota Pavel\" width=\"186\" height=\"300\" srcset=\"https:\/\/i0.wp.com\/woblink.com\/blog\/wp-content\/uploads\/2019\/05\/large_ota_pavel.jpg?resize=186%2C300&amp;ssl=1 186w, https:\/\/i0.wp.com\/woblink.com\/blog\/wp-content\/uploads\/2019\/05\/large_ota_pavel.jpg?w=380&amp;ssl=1 380w\" sizes=\"(max-width: 186px) 100vw, 186px\" data-recalc-dims=\"1\" \/><\/a><figcaption id=\"caption-attachment-545\" class=\"wp-caption-text\"><center><strong>Kup <a href=\"https:\/\/woblink.com\/ebook\/ota-pavel-pod-powierzchnia-aleksander-kaczorowski-37990\">ebooka<\/a> lub <a href=\"https:\/\/woblink.com\/ksiazka\/ota-pavel-pod-powierzchnia-kaczorowski-aleksander-123244\">ksi\u0105\u017ck\u0119 <\/a>na Woblink.com<\/strong><\/center><\/figcaption><\/figure>\n<p><span style=\"font-weight: 400;\">Biografia Ota Pavela napisana przez Kaczorowskiego to wyj\u0105tkowy portret genialnego pisarza, syna czeskiego \u017byda na kt\u00f3rym Holocaust odcisn\u0105\u0142 swoje pi\u0119tno. Pavel nie zazna\u0142 wielkiej s\u0142awy czy splendor\u00f3w ale, pozostaj\u0105c na wskro\u015b czeskim pisarzem, wpisa\u0142 si\u0119 w tradycj\u0119 \u015brodkowoeuropejskiej literatury \u017cydowskiej. <\/span><\/p>\n<h4 style=\"text-align: center;\"><span style=\"font-weight: 400;\"><strong>\u201eAutoportret z martw\u0105 natur\u0105. Ostatnie wiersze Nazara Honczara\u201d, Aneta Kami\u0144ska, WBPiCAK,<\/strong> <\/span><\/h4>\n<p><img decoding=\"async\" loading=\"lazy\" class=\"size-medium wp-image-544 aligncenter\" src=\"https:\/\/i0.wp.com\/woblink.com\/blog\/wp-content\/uploads\/2019\/05\/2e4536f5889e28541f8b86b06bdabba3.jpg?resize=225%2C300&#038;ssl=1\" alt=\"\" width=\"225\" height=\"300\" srcset=\"https:\/\/i0.wp.com\/woblink.com\/blog\/wp-content\/uploads\/2019\/05\/2e4536f5889e28541f8b86b06bdabba3.jpg?resize=225%2C300&amp;ssl=1 225w, https:\/\/i0.wp.com\/woblink.com\/blog\/wp-content\/uploads\/2019\/05\/2e4536f5889e28541f8b86b06bdabba3.jpg?resize=768%2C1022&amp;ssl=1 768w, https:\/\/i0.wp.com\/woblink.com\/blog\/wp-content\/uploads\/2019\/05\/2e4536f5889e28541f8b86b06bdabba3.jpg?resize=770%2C1024&amp;ssl=1 770w, https:\/\/i0.wp.com\/woblink.com\/blog\/wp-content\/uploads\/2019\/05\/2e4536f5889e28541f8b86b06bdabba3.jpg?resize=600%2C798&amp;ssl=1 600w, https:\/\/i0.wp.com\/woblink.com\/blog\/wp-content\/uploads\/2019\/05\/2e4536f5889e28541f8b86b06bdabba3.jpg?w=1860&amp;ssl=1 1860w\" sizes=\"(max-width: 225px) 100vw, 225px\" data-recalc-dims=\"1\" \/><\/p>\n<p><span style=\"font-weight: 400;\">To zbi\u00f3r ostatnich wierszy poety Nazara Honczara rozszerzony o tekst t\u0142umaczki jego wierszy, przybli\u017caj\u0105cy posta\u0107 tego artysty, performera i poety. <\/span><\/p>\n<h4 style=\"text-align: center;\"><strong>\u201ePrymityw. Epopeja narodowa\u201d, Marcin Ko\u0142odziejczyk, Wielka Litera<\/strong><\/h4>\n<figure id=\"attachment_543\" aria-describedby=\"caption-attachment-543\" style=\"width: 211px\" class=\"wp-caption aligncenter\"><a href=\"https:\/\/woblink.com\/ebook\/prymityw-epopeja-narodowa-marcin-kolodziejczyk-37526\"><img decoding=\"async\" loading=\"lazy\" class=\"wp-image-543 size-medium\" src=\"https:\/\/i0.wp.com\/woblink.com\/blog\/wp-content\/uploads\/2019\/05\/656701-352x500.jpg?resize=211%2C300&#038;ssl=1\" alt=\"Prymityw\" width=\"211\" height=\"300\" srcset=\"https:\/\/i0.wp.com\/woblink.com\/blog\/wp-content\/uploads\/2019\/05\/656701-352x500.jpg?resize=211%2C300&amp;ssl=1 211w, https:\/\/i0.wp.com\/woblink.com\/blog\/wp-content\/uploads\/2019\/05\/656701-352x500.jpg?resize=352%2C500&amp;ssl=1 352w\" sizes=\"(max-width: 211px) 100vw, 211px\" data-recalc-dims=\"1\" \/><\/a><figcaption id=\"caption-attachment-543\" class=\"wp-caption-text\"><center><strong>Kup <a href=\"https:\/\/woblink.com\/ebook\/prymityw-epopeja-narodowa-marcin-kolodziejczyk-37526\">ebooka<\/a> lub <a href=\"https:\/\/woblink.com\/ksiazka\/prymityw-epopeja-narodowa-kolodziejczyk-marcin-77968\">ksi\u0105\u017ck\u0119 <\/a>na Woblink.com<\/strong><\/center><\/figcaption><\/figure>\n<p><span style=\"font-weight: 400;\">\u201c<strong><a href=\"https:\/\/woblink.com\/ebook\/prymityw-epopeja-narodowa-marcin-kolodziejczyk-37526\">Prymityw. Epopeja narodowa<\/a><\/strong>\u201d jest debiutem dziennikarza i reportera Marcina Ko\u0142odziejczyka jako prozaika. Autor skoncentrowa\u0142 si\u0119 na ukazaniu przegl\u0105du zamieszkuj\u0105ce Warszaw\u0119 spo\u0142ecze\u0144stwa, od \u017cyj\u0105cych na zasi\u0142kach socjalnych po marz\u0105cych o lepszym \u017cyciu przyjezdnych. <\/span><\/p>\n<h4 style=\"text-align: center;\"><strong>\u201eDo nielicznego grona szcz\u0119\u015bliwych\u201d, Marcin Kr\u00f3l, Iskry<\/strong><\/h4>\n<figure id=\"attachment_542\" aria-describedby=\"caption-attachment-542\" style=\"width: 211px\" class=\"wp-caption aligncenter\"><a href=\"https:\/\/woblink.com\/ksiazka\/do-nielicznego-grona-szczesliwych-krol-marcin-136568\"><img decoding=\"async\" loading=\"lazy\" class=\"wp-image-542 size-medium\" src=\"https:\/\/i0.wp.com\/woblink.com\/blog\/wp-content\/uploads\/2019\/05\/711976-352x500.jpg?resize=211%2C300&#038;ssl=1\" alt=\"Do nielicznego grona szcz\u0119\u015bliwych\" width=\"211\" height=\"300\" srcset=\"https:\/\/i0.wp.com\/woblink.com\/blog\/wp-content\/uploads\/2019\/05\/711976-352x500.jpg?resize=211%2C300&amp;ssl=1 211w, https:\/\/i0.wp.com\/woblink.com\/blog\/wp-content\/uploads\/2019\/05\/711976-352x500.jpg?resize=352%2C500&amp;ssl=1 352w\" sizes=\"(max-width: 211px) 100vw, 211px\" data-recalc-dims=\"1\" \/><\/a><figcaption id=\"caption-attachment-542\" class=\"wp-caption-text\"><center><strong>Kup <a href=\"https:\/\/woblink.com\/ksiazka\/do-nielicznego-grona-szczesliwych-krol-marcin-136568\">ksi\u0105\u017ck\u0119<\/a> na Woblink.com<\/strong><\/center><\/figcaption><\/figure>\n<p>W swoim najnowszym eseju Marcin Kr\u00f3l stara si\u0119 znale\u017a\u0107 odpowied\u017a na pytanie, w kt\u00f3rym miejscu obecnie, w obliczu ogromnych zmian znajduje si\u0119 ludzko\u015b\u0107. Kr\u00f3l pisze o kondycji wsp\u00f3\u0142czesnej demokracji, przep\u0142ywie informacji oraz niebezpiecze\u0144stwach wsp\u00f3\u0142czesno\u015bci i najbli\u017cszej przysz\u0142o\u015bci.<\/p>\n<h4 style=\"text-align: center;\"><strong>\u201eM\u0142yny Bo\u017ce. Zapiski o Ko\u015bciele i Zag\u0142adzie\u201d, Jacek Leociak, Czarne<\/strong><\/h4>\n<figure id=\"attachment_541\" aria-describedby=\"caption-attachment-541\" style=\"width: 182px\" class=\"wp-caption aligncenter\"><a href=\"https:\/\/woblink.com\/ksiazka\/mlyny-boze-zapiski-o-kosciele-i-zagladzie-leociak-jacek-76001\"><img decoding=\"async\" loading=\"lazy\" class=\"wp-image-541 size-medium\" src=\"https:\/\/i0.wp.com\/woblink.com\/blog\/wp-content\/uploads\/2019\/05\/large_mlyny_boze_popr.jpg?resize=182%2C300&#038;ssl=1\" alt=\"M\u0142yny Bo\u017ce\" width=\"182\" height=\"300\" srcset=\"https:\/\/i0.wp.com\/woblink.com\/blog\/wp-content\/uploads\/2019\/05\/large_mlyny_boze_popr.jpg?resize=182%2C300&amp;ssl=1 182w, https:\/\/i0.wp.com\/woblink.com\/blog\/wp-content\/uploads\/2019\/05\/large_mlyny_boze_popr.jpg?w=380&amp;ssl=1 380w\" sizes=\"(max-width: 182px) 100vw, 182px\" data-recalc-dims=\"1\" \/><\/a><figcaption id=\"caption-attachment-541\" class=\"wp-caption-text\"><center><strong>Kup <a href=\"https:\/\/woblink.com\/ebook\/mlyny-boze-zapiski-o-kosciele-i-zagladzie-jacek-leociak-36838\">ebooka<\/a> lub <a href=\"https:\/\/woblink.com\/ksiazka\/mlyny-boze-zapiski-o-kosciele-i-zagladzie-leociak-jacek-76001\">ksi\u0105\u017ck\u0119 <\/a>na Woblink.com<\/strong><\/center><\/figcaption><\/figure>\n<p>W\u015br\u00f3d Polak\u00f3w ratuj\u0105cych \u017byd\u00f3w w czasie Zag\u0142ady, du\u017cy odsetek stanowili ludzie Ko\u015bcio\u0142a \u2013 duchowni, siostry zakonne i mnisi. Leociak podejmuje r\u00f3wnie\u017c te kwestie, o kt\u00f3rych nie m\u00f3wi si\u0119 na co dzie\u0144. \u201e<strong><a href=\"https:\/\/woblink.com\/ebook\/mlyny-boze-zapiski-o-kosciele-i-zagladzie-jacek-leociak-36838\">M\u0142yny bo\u017ce<\/a><\/strong>\u201d to zapiski zar\u00f3wno o szeregowych przedstawicielach Ko\u015bcio\u0142a, jak i stosunku \u00f3wczesnego papie\u017ca, Piusa XII, do sprawy Holokaustu.<\/p>\n<h4 style=\"text-align: center;\"><strong>\u201eCzerwone listy. Esej frankistowskie o literaturze polskiej\u201d, Adam Lipszyc, Austeria<\/strong><\/h4>\n<figure id=\"attachment_540\" aria-describedby=\"caption-attachment-540\" style=\"width: 212px\" class=\"wp-caption aligncenter\"><a href=\"https:\/\/woblink.com\/ksiazka\/czerwone-listy-eseje-frankistowskie-o-literaturze-polskiej-lipszyc-adam-77226\"><img decoding=\"async\" loading=\"lazy\" class=\"wp-image-540 size-medium\" src=\"https:\/\/i0.wp.com\/woblink.com\/blog\/wp-content\/uploads\/2019\/05\/czerwone-listy.jpg?resize=212%2C300&#038;ssl=1\" alt=\"Czerwone listy\" width=\"212\" height=\"300\" srcset=\"https:\/\/i0.wp.com\/woblink.com\/blog\/wp-content\/uploads\/2019\/05\/czerwone-listy.jpg?resize=212%2C300&amp;ssl=1 212w, https:\/\/i0.wp.com\/woblink.com\/blog\/wp-content\/uploads\/2019\/05\/czerwone-listy.jpg?w=495&amp;ssl=1 495w\" sizes=\"(max-width: 212px) 100vw, 212px\" data-recalc-dims=\"1\" \/><\/a><figcaption id=\"caption-attachment-540\" class=\"wp-caption-text\"><center><strong>Kup <a href=\"https:\/\/woblink.com\/ksiazka\/czerwone-listy-eseje-frankistowskie-o-literaturze-polskiej-lipszyc-adam-77226\">ksi\u0105\u017ck\u0119<\/a> na Woblink.com<\/strong><\/center><\/figcaption><\/figure>\n<p>\u201e<strong><a href=\"https:\/\/woblink.com\/ksiazka\/czerwone-listy-eseje-frankistowskie-o-literaturze-polskiej-lipszyc-adam-77226\">Czerwone listy<\/a><\/strong>\u201d to zbi\u00f3r esej\u00f3w Adama Lipszyca, w kt\u00f3rych autor bierze na warsztat dzie\u0142a takich pisarzy jak Brunon Schulz, Miron Bia\u0142oszewski, Julian Kornhauser czy Barbara Klicka.<\/p>\n<h4 style=\"text-align: center;\"><strong>\u201eSen Kolumba\u201d, Emil Marat, WAB, Warszawa<\/strong><\/h4>\n<figure id=\"attachment_538\" aria-describedby=\"caption-attachment-538\" style=\"width: 211px\" class=\"wp-caption aligncenter\"><a href=\"https:\/\/woblink.com\/ksiazka\/sen-kolumba-marat-emil-127474\"><img decoding=\"async\" loading=\"lazy\" class=\"wp-image-538 size-medium\" src=\"https:\/\/i0.wp.com\/woblink.com\/blog\/wp-content\/uploads\/2019\/05\/676321-352x500.jpg?resize=211%2C300&#038;ssl=1\" alt=\"Sen Kolumba\" width=\"211\" height=\"300\" srcset=\"https:\/\/i0.wp.com\/woblink.com\/blog\/wp-content\/uploads\/2019\/05\/676321-352x500.jpg?resize=211%2C300&amp;ssl=1 211w, https:\/\/i0.wp.com\/woblink.com\/blog\/wp-content\/uploads\/2019\/05\/676321-352x500.jpg?resize=352%2C500&amp;ssl=1 352w\" sizes=\"(max-width: 211px) 100vw, 211px\" data-recalc-dims=\"1\" \/><\/a><figcaption id=\"caption-attachment-538\" class=\"wp-caption-text\"><center><strong>Kup <a href=\"https:\/\/woblink.com\/ksiazka\/sen-kolumba-marat-emil-127474\">ksi\u0105\u017ck\u0119<\/a> na Woblink.com<\/strong><\/center><\/figcaption><\/figure>\n<p>W ksi\u0105\u017cce b\u0119d\u0105cej wypadkow\u0105 biografii, eseju, reporta\u017cu i powie\u015bci historycznej, Emil Marat snuje opowie\u015b\u0107 o \u201e<strong><a href=\"https:\/\/woblink.com\/ksiazka\/sen-kolumba-marat-emil-127474\">Kolumbie<\/a><\/strong>\u201d \u2013 cz\u0142owieku, kt\u00f3rego pseudonimem zosta\u0142o nazwane ca\u0142e pokolenie. Jego barwny i tragiczny \u017cyciorys m\u00f3g\u0142by by\u0107 wykorzystany jako inspiracja do kilku scenariuszy filmowych.<\/p>\n<h4 style=\"text-align: center;\"><strong>\u201eInni ludzie\u201d, Dorota Mas\u0142owska, Wydawnictwo Literackie<\/strong><\/h4>\n<figure id=\"attachment_537\" aria-describedby=\"caption-attachment-537\" style=\"width: 300px\" class=\"wp-caption aligncenter\"><a href=\"https:\/\/woblink.com\/ksiazka\/inni-ludzie-maslowska-dorota-123253\"><img decoding=\"async\" loading=\"lazy\" class=\"wp-image-537 size-medium\" src=\"https:\/\/i0.wp.com\/woblink.com\/blog\/wp-content\/uploads\/2019\/05\/681676-352x500.jpg?resize=300%2C300&#038;ssl=1\" alt=\"Inni Ludzie\" width=\"300\" height=\"300\" srcset=\"https:\/\/i0.wp.com\/woblink.com\/blog\/wp-content\/uploads\/2019\/05\/681676-352x500.jpg?resize=300%2C300&amp;ssl=1 300w, https:\/\/i0.wp.com\/woblink.com\/blog\/wp-content\/uploads\/2019\/05\/681676-352x500.jpg?resize=150%2C150&amp;ssl=1 150w, https:\/\/i0.wp.com\/woblink.com\/blog\/wp-content\/uploads\/2019\/05\/681676-352x500.jpg?resize=100%2C100&amp;ssl=1 100w, https:\/\/i0.wp.com\/woblink.com\/blog\/wp-content\/uploads\/2019\/05\/681676-352x500.jpg?resize=352%2C500&amp;ssl=1 352w\" sizes=\"(max-width: 300px) 100vw, 300px\" data-recalc-dims=\"1\" \/><\/a><figcaption id=\"caption-attachment-537\" class=\"wp-caption-text\"><center><strong>Kup <a href=\"https:\/\/woblink.com\/ebook\/inni-ludzie-dorota-maslowska-37611\">ebooka<\/a> lub <a href=\"https:\/\/woblink.com\/ksiazka\/inni-ludzie-maslowska-dorota-123253\">ksi\u0105\u017ck\u0119 <\/a>na Woblink.com<\/strong><\/center><\/figcaption><\/figure>\n<p>W swojej najnowszej ksi\u0105\u017cce Dorota Mas\u0142owska powraca do stylistyki znanej z \u201ePawia kr\u00f3lowej\u201d. W formie raperskiego monologu przedstawia perypetie wsp\u00f3\u0142czesnych warszawiak\u00f3w, z\u017ceranych przez codzienno\u015b\u0107, w\u0142asne problemy, s\u0142abo\u015bci, narkotyki, zdrady i pieni\u0105dze.<\/p>\n<h4 style=\"text-align: center;\"><strong>\u201eDo czasu\u201d, Piotr Matywiecki, Wydawnictwo Literackie<\/strong><\/h4>\n<figure id=\"attachment_536\" aria-describedby=\"caption-attachment-536\" style=\"width: 192px\" class=\"wp-caption aligncenter\"><a href=\"https:\/\/woblink.com\/ksiazka\/do-czasu-matywiecki-piotr-75142\"><img decoding=\"async\" loading=\"lazy\" class=\"wp-image-536 size-medium\" src=\"https:\/\/i0.wp.com\/woblink.com\/blog\/wp-content\/uploads\/2019\/05\/Matywiecki_Do-czasu_m.jpg?resize=192%2C300&#038;ssl=1\" alt=\"Do czasu\" width=\"192\" height=\"300\" srcset=\"https:\/\/i0.wp.com\/woblink.com\/blog\/wp-content\/uploads\/2019\/05\/Matywiecki_Do-czasu_m.jpg?resize=192%2C300&amp;ssl=1 192w, https:\/\/i0.wp.com\/woblink.com\/blog\/wp-content\/uploads\/2019\/05\/Matywiecki_Do-czasu_m.jpg?resize=654%2C1024&amp;ssl=1 654w, https:\/\/i0.wp.com\/woblink.com\/blog\/wp-content\/uploads\/2019\/05\/Matywiecki_Do-czasu_m.jpg?resize=600%2C939&amp;ssl=1 600w, https:\/\/i0.wp.com\/woblink.com\/blog\/wp-content\/uploads\/2019\/05\/Matywiecki_Do-czasu_m.jpg?w=709&amp;ssl=1 709w\" sizes=\"(max-width: 192px) 100vw, 192px\" data-recalc-dims=\"1\" \/><\/a><figcaption id=\"caption-attachment-536\" class=\"wp-caption-text\"><center><strong>Kup <a href=\"https:\/\/woblink.com\/ebook\/do-czasu-piotr-matywiecki-36406\">ebooka<\/a> lub <a href=\"https:\/\/woblink.com\/ksiazka\/do-czasu-matywiecki-piotr-75142\">ksi\u0105\u017ck\u0119 <\/a>na Woblink.com<\/strong><\/center><\/figcaption><\/figure>\n<p>W\u015br\u00f3d tegorocznych nominowanych do Nagrody Literackiej Nike znalaz\u0142o si\u0119 kilka tom\u00f3w poetyckich. W\u015br\u00f3d nominowanych znalaz\u0142 si\u0119 tez Piotr Matywiecki ze swoim tomikiem \u201eDo czasu\u201d, znany z takich ksi\u0105\u017cek jak \u201eKt\u00f3r\u0119dy na zawsze\u201d czy \u201eStary gmach\u201d.<\/p>\n<h4 style=\"text-align: center;\"><strong>\u201eMordercze ballady\u201d, Marta Podg\u00f3rnik, Biuro Literackie<\/strong><\/h4>\n<figure id=\"attachment_535\" aria-describedby=\"caption-attachment-535\" style=\"width: 226px\" class=\"wp-caption aligncenter\"><a href=\"https:\/\/woblink.com\/ksiazka\/mordercze-ballady-podgornik-marta-141417\"><img decoding=\"async\" loading=\"lazy\" class=\"wp-image-535 size-medium\" src=\"https:\/\/i0.wp.com\/woblink.com\/blog\/wp-content\/uploads\/2019\/05\/6870b66e4aa5ada2cbd2bc2f98c5.jpg?resize=226%2C300&#038;ssl=1\" alt=\"Mordercze ballady\" width=\"226\" height=\"300\" srcset=\"https:\/\/i0.wp.com\/woblink.com\/blog\/wp-content\/uploads\/2019\/05\/6870b66e4aa5ada2cbd2bc2f98c5.jpg?resize=226%2C300&amp;ssl=1 226w, https:\/\/i0.wp.com\/woblink.com\/blog\/wp-content\/uploads\/2019\/05\/6870b66e4aa5ada2cbd2bc2f98c5.jpg?resize=600%2C796&amp;ssl=1 600w, https:\/\/i0.wp.com\/woblink.com\/blog\/wp-content\/uploads\/2019\/05\/6870b66e4aa5ada2cbd2bc2f98c5.jpg?w=721&amp;ssl=1 721w\" sizes=\"(max-width: 226px) 100vw, 226px\" data-recalc-dims=\"1\" \/><\/a><figcaption id=\"caption-attachment-535\" class=\"wp-caption-text\"><center><strong>Kup <a href=\"https:\/\/woblink.com\/ksiazka\/mordercze-ballady-podgornik-marta-141417\">ksi\u0105\u017ck\u0119<\/a> na Woblink.com<\/strong><\/center><\/figcaption><\/figure>\n<p>Marta Podg\u00f3rnik powraca z niezwykle intymnymi i osobistymi wierszami. Opr\u00f3cz nominacji do Nagrody Literackiej Nike ma szanse na Nagrod\u0119 im. Wis\u0142awy Szymborskiej.<\/p>\n<h4 style=\"text-align: center;\"><strong>\u201eB\u0142oto s\u0142odsze ni\u017c mi\u00f3d\u201d, Ma\u0142gorzata Rejmer, Czarne<\/strong><\/h4>\n<figure id=\"attachment_533\" aria-describedby=\"caption-attachment-533\" style=\"width: 193px\" class=\"wp-caption aligncenter\"><a href=\"https:\/\/woblink.com\/ksiazka\/bloto-slodsze-niz-miod-glosy-komunistycznej-albanii-rejmer-malgorzata-134274\"><img decoding=\"async\" loading=\"lazy\" class=\"wp-image-533 size-medium\" src=\"https:\/\/i0.wp.com\/woblink.com\/blog\/wp-content\/uploads\/2019\/05\/large_b_oto.jpg?resize=193%2C300&#038;ssl=1\" alt=\"B\u0142oto s\u0142odsze ni\u017c mi\u00f3d\" width=\"193\" height=\"300\" srcset=\"https:\/\/i0.wp.com\/woblink.com\/blog\/wp-content\/uploads\/2019\/05\/large_b_oto.jpg?resize=193%2C300&amp;ssl=1 193w, https:\/\/i0.wp.com\/woblink.com\/blog\/wp-content\/uploads\/2019\/05\/large_b_oto.jpg?w=380&amp;ssl=1 380w\" sizes=\"(max-width: 193px) 100vw, 193px\" data-recalc-dims=\"1\" \/><\/a><figcaption id=\"caption-attachment-533\" class=\"wp-caption-text\"><center><strong>Kup <a href=\"https:\/\/woblink.com\/ebook\/bloto-slodsze-niz-miod-glosy-komunistycznej-albanii-malgorzata-rejmer-39831\">ebooka<\/a> lub <a href=\"https:\/\/woblink.com\/ksiazka\/bloto-slodsze-niz-miod-glosy-komunistycznej-albanii-rejmer-malgorzata-134274\">ksi\u0105\u017ck\u0119 <\/a>na Woblink.com<\/strong><\/center><\/figcaption><\/figure>\n<p>Wyr\u00f3\u017cniona Paszportem Polityki ksi\u0105\u017cka Ma\u0142gorzaty Rejmer o re\u017cimie komunistycznym Envera Hod\u017cy ma szans\u0119 tak\u017ce na Nagrod\u0119 Literack\u0105 Nik\u0119.<\/p>\n<h4 style=\"text-align: center;\"><strong>\u201eKr\u00f3tka wymiana ognia\u201d, Zyta Rudzka, WAB<\/strong><\/h4>\n<figure id=\"attachment_525\" aria-describedby=\"caption-attachment-525\" style=\"width: 211px\" class=\"wp-caption aligncenter\"><a href=\"https:\/\/woblink.com\/ksiazka\/krotka-wymiana-ognia-rudzka-zyta-77112\"><img decoding=\"async\" loading=\"lazy\" class=\"wp-image-525 size-medium\" src=\"https:\/\/i0.wp.com\/woblink.com\/blog\/wp-content\/uploads\/2019\/05\/KROTKAWYMIANAOGNIA.jpg?resize=211%2C300&#038;ssl=1\" alt=\"Kr\u00f3tka wymiana ognia\" width=\"211\" height=\"300\" srcset=\"https:\/\/i0.wp.com\/woblink.com\/blog\/wp-content\/uploads\/2019\/05\/KROTKAWYMIANAOGNIA.jpg?resize=211%2C300&amp;ssl=1 211w, https:\/\/i0.wp.com\/woblink.com\/blog\/wp-content\/uploads\/2019\/05\/KROTKAWYMIANAOGNIA.jpg?w=352&amp;ssl=1 352w\" sizes=\"(max-width: 211px) 100vw, 211px\" data-recalc-dims=\"1\" \/><\/a><figcaption id=\"caption-attachment-525\" class=\"wp-caption-text\"><center><strong>Kup <a href=\"https:\/\/woblink.com\/ksiazka\/krotka-wymiana-ognia-rudzka-zyta-77112\">ksi\u0105\u017ck\u0119<\/a> na Woblink.com<\/strong><\/center><\/figcaption><\/figure>\n<p>Zyta Rudzka powraca po kilkunastu latach z bardzo poruszaj\u0105c\u0105 powie\u015bci\u0105, w kt\u00f3rej podejmuje mi\u0142osnego piek\u0142a. Z fragment\u00f3w r\u00f3\u017cnych opowie\u015bci, tworzy obraz rozpadu rodziny. <strong><a href=\"https:\/\/woblink.com\/ksiazka\/krotka-wymiana-ognia-rudzka-zyta-77112\">\u201eKr\u00f3tka wymiana ognia\u201d<\/a> <\/strong>zosta\u0142a nominowana no <strong>Nagrody Literackiej Nike<\/strong>, <strong>O!L\u015bnie\u0144 Onetu<\/strong>, <strong>Warszawskiej Nagrody Literackiej<\/strong> oraz <strong>Literackiej Nagrody Gdynia<\/strong>.<\/p>\n<h4 style=\"text-align: center;\"><strong>\u201eTurysta polski w ZSRR\u201d, Juliusz Strachota, korporacja ha!art<\/strong><\/h4>\n<figure id=\"attachment_523\" aria-describedby=\"caption-attachment-523\" style=\"width: 213px\" class=\"wp-caption aligncenter\"><a href=\"https:\/\/woblink.com\/ksiazka\/turysta-polski-w-zsrr-strachota-juliusz-146123\"><img decoding=\"async\" loading=\"lazy\" class=\"wp-image-523 size-medium\" src=\"https:\/\/i0.wp.com\/woblink.com\/blog\/wp-content\/uploads\/2019\/05\/turysta-polski-w-zsrr-b-iext53506278.jpg?resize=213%2C300&#038;ssl=1\" alt=\"Turysta polski w ZSRR\" width=\"213\" height=\"300\" srcset=\"https:\/\/i0.wp.com\/woblink.com\/blog\/wp-content\/uploads\/2019\/05\/turysta-polski-w-zsrr-b-iext53506278.jpg?resize=213%2C300&amp;ssl=1 213w, https:\/\/i0.wp.com\/woblink.com\/blog\/wp-content\/uploads\/2019\/05\/turysta-polski-w-zsrr-b-iext53506278.jpg?w=568&amp;ssl=1 568w\" sizes=\"(max-width: 213px) 100vw, 213px\" data-recalc-dims=\"1\" \/><\/a><figcaption id=\"caption-attachment-523\" class=\"wp-caption-text\"><center><strong>Kup <a href=\"https:\/\/woblink.com\/ksiazka\/turysta-polski-w-zsrr-strachota-juliusz-146123\">ksi\u0105\u017ck\u0119<\/a> na Woblink.com<\/strong><\/center><\/figcaption><\/figure>\n<p>Juliusz Strachota w swojej ksi\u0105\u017cce igra z czytelnikiem. Na wst\u0119pie narrator przyznaje, \u017ce p\u00f3\u0142 \u017cycia zmy\u015bla\u0142 i sp\u0119dzi\u0142 sporo czasu w zak\u0142adzie psychiatrycznym. Nast\u0119pnie snuje swoj\u0105 opowie\u015b\u0107 z pogranicza fantazji i pami\u0119ci. Ciekawym uzupe\u0142nieniem ksi\u0105\u017cki jest, systematycznie prowadzony przez autora, profil na <strong><a href=\"https:\/\/www.instagram.com\/turystapolski\/?hl=pl\">Instagramie<\/a><\/strong>.<\/p>\n<p style=\"text-align: center;\"><strong>\u201eNie ma\u201d, Mariusz Szczygie\u0142, Dowody na Istnienie<\/strong><\/p>\n<figure id=\"attachment_520\" aria-describedby=\"caption-attachment-520\" style=\"width: 211px\" class=\"wp-caption aligncenter\"><a href=\"https:\/\/woblink.com\/ksiazka\/nie-ma-szczygiel-mariusz-135529\"><img decoding=\"async\" loading=\"lazy\" class=\"wp-image-520 size-medium\" src=\"https:\/\/i0.wp.com\/woblink.com\/blog\/wp-content\/uploads\/2019\/05\/NIE-MA.jpg?resize=211%2C300&#038;ssl=1\" alt=\"Nie ma\" width=\"211\" height=\"300\" srcset=\"https:\/\/i0.wp.com\/woblink.com\/blog\/wp-content\/uploads\/2019\/05\/NIE-MA.jpg?resize=211%2C300&amp;ssl=1 211w, https:\/\/i0.wp.com\/woblink.com\/blog\/wp-content\/uploads\/2019\/05\/NIE-MA.jpg?w=352&amp;ssl=1 352w\" sizes=\"(max-width: 211px) 100vw, 211px\" data-recalc-dims=\"1\" \/><\/a><figcaption id=\"caption-attachment-520\" class=\"wp-caption-text\"><center><strong>Kup <a href=\"https:\/\/woblink.com\/ksiazka\/nie-ma-szczygiel-mariusz-135529\">ksi\u0105\u017ck\u0119<\/a> na Woblink.com<\/strong><\/center><\/figcaption><\/figure>\n<p>\u201e<a href=\"https:\/\/woblink.com\/ksiazka\/nie-ma-szczygiel-mariusz-135529\"><strong>Nie ma<\/strong><\/a>\u201d to pr\u00f3ba literackiego opisania tego czego&#8230; no w\u0142a\u015bnie \u2013 nie ma. A podj\u0105\u0142 si\u0119 tego zadania nie byle kto, a sam Mariusz Szczygie\u0142, jeden z najwa\u017cniejszych przedstawicieli \u015brodowiska reporterskiego w naszym kraju.<\/p>\n<p style=\"text-align: center;\"><strong>\u201ePod kl\u0105tw\u0105. Spo\u0142eczny portret pogromu kieleckiego\u201d, Joanna Tokarska-Bakir, Czarna Owca<\/strong><\/p>\n<figure id=\"attachment_522\" aria-describedby=\"caption-attachment-522\" style=\"width: 212px\" class=\"wp-caption aligncenter\"><a href=\"https:\/\/woblink.com\/ksiazka\/pod-klatwa-tom-1-spoleczny-portret-pogromu-kieleckiego-tokarska-bakir-joanna-75764\"><img decoding=\"async\" loading=\"lazy\" class=\"wp-image-522 size-medium\" src=\"https:\/\/i0.wp.com\/woblink.com\/blog\/wp-content\/uploads\/2019\/05\/PODKLATWA.jpg?resize=212%2C300&#038;ssl=1\" alt=\"Pod kl\u0105tw\u0105\" width=\"212\" height=\"300\" srcset=\"https:\/\/i0.wp.com\/woblink.com\/blog\/wp-content\/uploads\/2019\/05\/PODKLATWA.jpg?resize=212%2C300&amp;ssl=1 212w, https:\/\/i0.wp.com\/woblink.com\/blog\/wp-content\/uploads\/2019\/05\/PODKLATWA.jpg?resize=768%2C1085&amp;ssl=1 768w, https:\/\/i0.wp.com\/woblink.com\/blog\/wp-content\/uploads\/2019\/05\/PODKLATWA.jpg?resize=725%2C1024&amp;ssl=1 725w, https:\/\/i0.wp.com\/woblink.com\/blog\/wp-content\/uploads\/2019\/05\/PODKLATWA.jpg?resize=600%2C847&amp;ssl=1 600w, https:\/\/i0.wp.com\/woblink.com\/blog\/wp-content\/uploads\/2019\/05\/PODKLATWA.jpg?w=1400&amp;ssl=1 1400w\" sizes=\"(max-width: 212px) 100vw, 212px\" data-recalc-dims=\"1\" \/><\/a><figcaption id=\"caption-attachment-522\" class=\"wp-caption-text\"><center><strong>Kup <a href=\"https:\/\/woblink.com\/ebook\/pod-klatwa-spoleczny-portret-pogromu-kieleckiego-tom-1-joanna-tokarska-bakir-36716\">ebooka<\/a> lub <a href=\"https:\/\/woblink.com\/ksiazka\/pod-klatwa-tom-1-spoleczny-portret-pogromu-kieleckiego-tokarska-bakir-joanna-75764\">ksi\u0105\u017ck\u0119 <\/a>na Woblink.com<\/strong><\/center><\/figcaption><\/figure>\n<p><strong><a href=\"https:\/\/woblink.com\/ebook\/pod-klatwa-spoleczny-portret-pogromu-kieleckiego-tom-1-joanna-tokarska-bakir-36716\">\u201ePod kl\u0105tw\u0105\u201d<\/a> <\/strong>to wa\u017cny g\u0142os w dyskusji o pogromie kieleckim. Z up\u0142ywem lat ten temat nie traci na aktualno\u015bci, czego dowodem jest ksi\u0105\u017cka Joanny Tokarskiej-Bakir.<\/p>\n<p style=\"text-align: center;\"><strong>\u201eKr\u00f3lestwo\u201d Szczepan Twardoch , Wydawnictwo Literackie<\/strong><\/p>\n<figure id=\"attachment_521\" aria-describedby=\"caption-attachment-521\" style=\"width: 212px\" class=\"wp-caption aligncenter\"><a href=\"https:\/\/woblink.com\/ebook\/krolestwo-szczepan-twardoch-40148\"><img decoding=\"async\" loading=\"lazy\" class=\"wp-image-521 size-medium\" src=\"https:\/\/i0.wp.com\/woblink.com\/blog\/wp-content\/uploads\/2019\/05\/krolestwo-w-iext53306207.jpg?resize=212%2C300&#038;ssl=1\" alt=\"Kr\u00f3lestwo\" width=\"212\" height=\"300\" srcset=\"https:\/\/i0.wp.com\/woblink.com\/blog\/wp-content\/uploads\/2019\/05\/krolestwo-w-iext53306207.jpg?resize=212%2C300&amp;ssl=1 212w, https:\/\/i0.wp.com\/woblink.com\/blog\/wp-content\/uploads\/2019\/05\/krolestwo-w-iext53306207.jpg?w=247&amp;ssl=1 247w\" sizes=\"(max-width: 212px) 100vw, 212px\" data-recalc-dims=\"1\" \/><\/a><figcaption id=\"caption-attachment-521\" class=\"wp-caption-text\"><center><strong>Kup <a href=\"https:\/\/woblink.com\/ebook\/krolestwo-szczepan-twardoch-40148\">ebooka<\/a> lub <a href=\"https:\/\/woblink.com\/ksiazka\/krolestwo-twardoch-szczepan-138972\">ksi\u0105\u017ck\u0119 <\/a>na Woblink.com<\/strong><\/center><\/figcaption><\/figure>\n<p>Kontynuacja bestsellerowego \u201e<strong><a href=\"https:\/\/woblink.com\/ebook\/krol-szczepan-twardoch-27664\">Kr\u00f3la<\/a><\/strong>\u201d. Rzecz dzieje si\u0119 po wydarzeniach opisanych w poprzedniej ksi\u0105\u017cce Twardocha. Tym razem g\u0142\u00f3wnym narratorem jest Ryfka, kt\u00f3ra opiekuje si\u0119 w zdewastowanej Warszawie Jakubem Szapiro.<\/p>\n<h4 style=\"text-align: center;\"><strong>\u201eHirszfeldowie. Zrozumie\u0107 krew\u201d, Urszula Glensk, Universitas<\/strong><\/h4>\n<figure id=\"attachment_547\" aria-describedby=\"caption-attachment-547\" style=\"width: 186px\" class=\"wp-caption aligncenter\"><a href=\"https:\/\/woblink.com\/ksiazka\/hirszfeldowie-zrozumiec-krew-glensk-urszula-140354\"><img decoding=\"async\" loading=\"lazy\" class=\"wp-image-547 size-medium\" src=\"https:\/\/i0.wp.com\/woblink.com\/blog\/wp-content\/uploads\/2019\/05\/hirszfeldowie-zrozumiec-krewbig923958.jpg?resize=186%2C300&#038;ssl=1\" alt=\"Hirszfeldowie\" width=\"186\" height=\"300\" srcset=\"https:\/\/i0.wp.com\/woblink.com\/blog\/wp-content\/uploads\/2019\/05\/hirszfeldowie-zrozumiec-krewbig923958.jpg?resize=186%2C300&amp;ssl=1 186w, https:\/\/i0.wp.com\/woblink.com\/blog\/wp-content\/uploads\/2019\/05\/hirszfeldowie-zrozumiec-krewbig923958.jpg?w=600&amp;ssl=1 600w\" sizes=\"(max-width: 186px) 100vw, 186px\" data-recalc-dims=\"1\" \/><\/a><figcaption id=\"caption-attachment-547\" class=\"wp-caption-text\"><center><strong>Kup <a href=\"https:\/\/woblink.com\/ksiazka\/hirszfeldowie-zrozumiec-krew-glensk-urszula-140354\">ksi\u0105\u017ck\u0119<\/a> na Woblink.com<\/strong><\/center><\/figcaption><\/figure>\n<h4 style=\"text-align: center;\"><b>\u201eGramatyka bieli. Antropologia do\u015bwiadcze\u0144 granicznych\u201d, Dariusz Czaja, Pasa\u017ce<\/b><\/h4>\n<figure id=\"attachment_532\" aria-describedby=\"caption-attachment-532\" style=\"width: 211px\" class=\"wp-caption aligncenter\"><a href=\"https:\/\/woblink.com\/ksiazka\/gramatyka-bieli-czaja-dariusz-140470\"><img decoding=\"async\" loading=\"lazy\" class=\"wp-image-532 size-medium\" src=\"https:\/\/i0.wp.com\/woblink.com\/blog\/wp-content\/uploads\/2019\/05\/gramatykabieli.jpg?resize=211%2C300&#038;ssl=1\" alt=\"Gramatyka bieli\" width=\"211\" height=\"300\" srcset=\"https:\/\/i0.wp.com\/woblink.com\/blog\/wp-content\/uploads\/2019\/05\/gramatykabieli.jpg?resize=211%2C300&amp;ssl=1 211w, https:\/\/i0.wp.com\/woblink.com\/blog\/wp-content\/uploads\/2019\/05\/gramatykabieli.jpg?resize=768%2C1090&amp;ssl=1 768w, https:\/\/i0.wp.com\/woblink.com\/blog\/wp-content\/uploads\/2019\/05\/gramatykabieli.jpg?resize=722%2C1024&amp;ssl=1 722w, https:\/\/i0.wp.com\/woblink.com\/blog\/wp-content\/uploads\/2019\/05\/gramatykabieli.jpg?resize=600%2C851&amp;ssl=1 600w, https:\/\/i0.wp.com\/woblink.com\/blog\/wp-content\/uploads\/2019\/05\/gramatykabieli.jpg?w=874&amp;ssl=1 874w\" sizes=\"(max-width: 211px) 100vw, 211px\" data-recalc-dims=\"1\" \/><\/a><figcaption id=\"caption-attachment-532\" class=\"wp-caption-text\"><center><strong>Kup <a href=\"https:\/\/woblink.com\/ksiazka\/gramatyka-bieli-czaja-dariusz-140470\">ksi\u0105\u017ck\u0119<\/a> na Woblink.com<\/strong><\/center><\/figcaption><\/figure>\n","protected":false},"excerpt":{"rendered":"<p>Poznali\u015bmy nominowanych do tegorocznej Nagrody Literackiej Nike! 23 maja o godzinie 13.00, podczas Targ\u00f3w Ksi\u0105\u017cki w Warszawie, do wiadomo\u015bci publicznej zosta\u0142a przekazana informacja o dwudziestu nominowanych do tegorocznej edycji najwa\u017cniej polskiej nagrody literackiej. Nagroda Literacka Nike zostanie przyznana po raz dwudziesty trzeci. Laureata b\u0105d\u017a laureatk\u0119&#8230;<\/p>\n","protected":false},"author":7,"featured_media":548,"comment_status":"closed","ping_status":"open","sticky":false,"template":"","format":"standard","meta":[],"categories":[87,73,79,90,72,89],"tags":[],"yoast_head":"<!-- This site is optimized with the Yoast SEO plugin v20.11 - https:\/\/yoast.com\/wordpress\/plugins\/seo\/ -->\n<title>Nagroda Literacka Nike 2019 \u2013 nominowani - Woblink<\/title>\n<meta name=\"description\" content=\"W tym roku Nagroda Literacka Nike zostanie przyznana po raz dwudziesty trzeci. Poznali\u015bmy tegorocznych nominowanych. W\u015br\u00f3d nich Twardoch, Mas\u0142owska...\" \/>\n<meta name=\"robots\" content=\"index, follow, max-snippet:-1, max-image-preview:large, max-video-preview:-1\" \/>\n<link rel=\"canonical\" href=\"https:\/\/woblink.com\/blog\/nagroda-literacka-nike-2019-nominowani\/\" \/>\n<meta property=\"og:locale\" content=\"pl_PL\" \/>\n<meta property=\"og:type\" content=\"article\" \/>\n<meta property=\"og:title\" content=\"Nagroda Literacka Nike 2019 \u2013 nominowani - Woblink\" \/>\n<meta property=\"og:description\" content=\"W tym roku Nagroda Literacka Nike zostanie przyznana po raz dwudziesty trzeci. Poznali\u015bmy tegorocznych nominowanych. W\u015br\u00f3d nich Twardoch, Mas\u0142owska...\" \/>\n<meta property=\"og:url\" content=\"https:\/\/woblink.com\/blog\/nagroda-literacka-nike-2019-nominowani\/\" \/>\n<meta property=\"og:site_name\" content=\"Woblink\" \/>\n<meta property=\"article:publisher\" content=\"https:\/\/facebook.com\/woblink\" \/>\n<meta property=\"article:published_time\" content=\"2019-05-23T12:17:10+00:00\" \/>\n<meta property=\"article:modified_time\" content=\"2019-05-23T13:50:23+00:00\" \/>\n<meta property=\"og:image\" content=\"https:\/\/i0.wp.com\/woblink.com\/blog\/wp-content\/uploads\/2019\/05\/NIKE.png?fit=1011%2C690&ssl=1\" \/>\n\t<meta property=\"og:image:width\" content=\"1011\" \/>\n\t<meta property=\"og:image:height\" content=\"690\" \/>\n\t<meta property=\"og:image:type\" content=\"image\/png\" \/>\n<meta name=\"author\" content=\"Redakcja Woblinka\" \/>\n<meta name=\"twitter:card\" content=\"summary_large_image\" \/>\n<meta name=\"twitter:creator\" content=\"@woblink_com\" \/>\n<meta name=\"twitter:site\" content=\"@woblink_com\" \/>\n<meta name=\"twitter:label1\" content=\"Napisane przez\" \/>\n\t<meta name=\"twitter:data1\" content=\"Redakcja Woblinka\" \/>\n\t<meta name=\"twitter:label2\" content=\"Szacowany czas czytania\" \/>\n\t<meta name=\"twitter:data2\" content=\"6 minut\" \/>\n<script type=\"application\/ld+json\" class=\"yoast-schema-graph\">{\"@context\":\"https:\/\/schema.org\",\"@graph\":[{\"@type\":\"Article\",\"@id\":\"https:\/\/woblink.com\/blog\/nagroda-literacka-nike-2019-nominowani\/#article\",\"isPartOf\":{\"@id\":\"https:\/\/woblink.com\/blog\/nagroda-literacka-nike-2019-nominowani\/\"},\"author\":{\"name\":\"Redakcja Woblinka\",\"@id\":\"https:\/\/woblink.com\/blog\/#\/schema\/person\/8ab6b79d64fa54209272130c4c3b1e95\"},\"headline\":\"Nagroda Literacka Nike 2019 \u2013 nominowani\",\"datePublished\":\"2019-05-23T12:17:10+00:00\",\"dateModified\":\"2019-05-23T13:50:23+00:00\",\"mainEntityOfPage\":{\"@id\":\"https:\/\/woblink.com\/blog\/nagroda-literacka-nike-2019-nominowani\/\"},\"wordCount\":1204,\"publisher\":{\"@id\":\"https:\/\/woblink.com\/blog\/#organization\"},\"articleSection\":[\"Aktualno\u015bci\",\"Kategorie ksi\u0105\u017cek\",\"Nagrody literackie\",\"Nowo\u015bci na Woblinku\",\"Recenzje ksi\u0105\u017cek\",\"Rynek wydawniczy\"],\"inLanguage\":\"pl-PL\"},{\"@type\":\"WebPage\",\"@id\":\"https:\/\/woblink.com\/blog\/nagroda-literacka-nike-2019-nominowani\/\",\"url\":\"https:\/\/woblink.com\/blog\/nagroda-literacka-nike-2019-nominowani\/\",\"name\":\"Nagroda Literacka Nike 2019 \u2013 nominowani - Woblink\",\"isPartOf\":{\"@id\":\"https:\/\/woblink.com\/blog\/#website\"},\"datePublished\":\"2019-05-23T12:17:10+00:00\",\"dateModified\":\"2019-05-23T13:50:23+00:00\",\"description\":\"W tym roku Nagroda Literacka Nike zostanie przyznana po raz dwudziesty trzeci. Poznali\u015bmy tegorocznych nominowanych. W\u015br\u00f3d nich Twardoch, Mas\u0142owska...\",\"breadcrumb\":{\"@id\":\"https:\/\/woblink.com\/blog\/nagroda-literacka-nike-2019-nominowani\/#breadcrumb\"},\"inLanguage\":\"pl-PL\",\"potentialAction\":[{\"@type\":\"ReadAction\",\"target\":[\"https:\/\/woblink.com\/blog\/nagroda-literacka-nike-2019-nominowani\/\"]}]},{\"@type\":\"BreadcrumbList\",\"@id\":\"https:\/\/woblink.com\/blog\/nagroda-literacka-nike-2019-nominowani\/#breadcrumb\",\"itemListElement\":[{\"@type\":\"ListItem\",\"position\":1,\"name\":\"Strona g\u0142\u00f3wna\",\"item\":\"https:\/\/woblink.com\/blog\/\"},{\"@type\":\"ListItem\",\"position\":2,\"name\":\"Nagroda Literacka Nike 2019 \u2013 nominowani\"}]},{\"@type\":\"WebSite\",\"@id\":\"https:\/\/woblink.com\/blog\/#website\",\"url\":\"https:\/\/woblink.com\/blog\/\",\"name\":\"Woblink\",\"description\":\"najlepszy firmowy blog o ksi\u0105\u017ckach\",\"publisher\":{\"@id\":\"https:\/\/woblink.com\/blog\/#organization\"},\"potentialAction\":[{\"@type\":\"SearchAction\",\"target\":{\"@type\":\"EntryPoint\",\"urlTemplate\":\"https:\/\/woblink.com\/blog\/?s={search_term_string}\"},\"query-input\":\"required name=search_term_string\"}],\"inLanguage\":\"pl-PL\"},{\"@type\":\"Organization\",\"@id\":\"https:\/\/woblink.com\/blog\/#organization\",\"name\":\"Woblink\",\"url\":\"https:\/\/woblink.com\/blog\/\",\"logo\":{\"@type\":\"ImageObject\",\"inLanguage\":\"pl-PL\",\"@id\":\"https:\/\/woblink.com\/blog\/#\/schema\/logo\/image\/\",\"url\":\"https:\/\/i0.wp.com\/woblink.com\/blog\/wp-content\/uploads\/2019\/04\/nw_logoB.png?fit=185%2C42&ssl=1\",\"contentUrl\":\"https:\/\/i0.wp.com\/woblink.com\/blog\/wp-content\/uploads\/2019\/04\/nw_logoB.png?fit=185%2C42&ssl=1\",\"width\":185,\"height\":42,\"caption\":\"Woblink\"},\"image\":{\"@id\":\"https:\/\/woblink.com\/blog\/#\/schema\/logo\/image\/\"},\"sameAs\":[\"https:\/\/facebook.com\/woblink\",\"https:\/\/twitter.com\/woblink_com\",\"https:\/\/www.instagram.com\/woblink_com\",\"https:\/\/www.linkedin.com\/company\/woblink\/\"]},{\"@type\":\"Person\",\"@id\":\"https:\/\/woblink.com\/blog\/#\/schema\/person\/8ab6b79d64fa54209272130c4c3b1e95\",\"name\":\"Redakcja Woblinka\",\"image\":{\"@type\":\"ImageObject\",\"inLanguage\":\"pl-PL\",\"@id\":\"https:\/\/woblink.com\/blog\/#\/schema\/person\/image\/\",\"url\":\"https:\/\/secure.gravatar.com\/avatar\/f23ae80a7c9da060bee5f8310913478b?s=96&d=mm&r=g\",\"contentUrl\":\"https:\/\/secure.gravatar.com\/avatar\/f23ae80a7c9da060bee5f8310913478b?s=96&d=mm&r=g\",\"caption\":\"Redakcja Woblinka\"},\"url\":\"https:\/\/woblink.com\/blog\/author\/krasny\/\"}]}<\/script>\n<!-- \/ Yoast SEO plugin. -->","yoast_head_json":{"title":"Nagroda Literacka Nike 2019 \u2013 nominowani - Woblink","description":"W tym roku Nagroda Literacka Nike zostanie przyznana po raz dwudziesty trzeci. Poznali\u015bmy tegorocznych nominowanych. W\u015br\u00f3d nich Twardoch, Mas\u0142owska...","robots":{"index":"index","follow":"follow","max-snippet":"max-snippet:-1","max-image-preview":"max-image-preview:large","max-video-preview":"max-video-preview:-1"},"canonical":"https:\/\/woblink.com\/blog\/nagroda-literacka-nike-2019-nominowani\/","og_locale":"pl_PL","og_type":"article","og_title":"Nagroda Literacka Nike 2019 \u2013 nominowani - Woblink","og_description":"W tym roku Nagroda Literacka Nike zostanie przyznana po raz dwudziesty trzeci. Poznali\u015bmy tegorocznych nominowanych. W\u015br\u00f3d nich Twardoch, Mas\u0142owska...","og_url":"https:\/\/woblink.com\/blog\/nagroda-literacka-nike-2019-nominowani\/","og_site_name":"Woblink","article_publisher":"https:\/\/facebook.com\/woblink","article_published_time":"2019-05-23T12:17:10+00:00","article_modified_time":"2019-05-23T13:50:23+00:00","og_image":[{"width":1011,"height":690,"url":"https:\/\/i0.wp.com\/woblink.com\/blog\/wp-content\/uploads\/2019\/05\/NIKE.png?fit=1011%2C690&ssl=1","type":"image\/png"}],"author":"Redakcja Woblinka","twitter_card":"summary_large_image","twitter_creator":"@woblink_com","twitter_site":"@woblink_com","twitter_misc":{"Napisane przez":"Redakcja Woblinka","Szacowany czas czytania":"6 minut"},"schema":{"@context":"https:\/\/schema.org","@graph":[{"@type":"Article","@id":"https:\/\/woblink.com\/blog\/nagroda-literacka-nike-2019-nominowani\/#article","isPartOf":{"@id":"https:\/\/woblink.com\/blog\/nagroda-literacka-nike-2019-nominowani\/"},"author":{"name":"Redakcja Woblinka","@id":"https:\/\/woblink.com\/blog\/#\/schema\/person\/8ab6b79d64fa54209272130c4c3b1e95"},"headline":"Nagroda Literacka Nike 2019 \u2013 nominowani","datePublished":"2019-05-23T12:17:10+00:00","dateModified":"2019-05-23T13:50:23+00:00","mainEntityOfPage":{"@id":"https:\/\/woblink.com\/blog\/nagroda-literacka-nike-2019-nominowani\/"},"wordCount":1204,"publisher":{"@id":"https:\/\/woblink.com\/blog\/#organization"},"articleSection":["Aktualno\u015bci","Kategorie ksi\u0105\u017cek","Nagrody literackie","Nowo\u015bci na Woblinku","Recenzje ksi\u0105\u017cek","Rynek wydawniczy"],"inLanguage":"pl-PL"},{"@type":"WebPage","@id":"https:\/\/woblink.com\/blog\/nagroda-literacka-nike-2019-nominowani\/","url":"https:\/\/woblink.com\/blog\/nagroda-literacka-nike-2019-nominowani\/","name":"Nagroda Literacka Nike 2019 \u2013 nominowani - Woblink","isPartOf":{"@id":"https:\/\/woblink.com\/blog\/#website"},"datePublished":"2019-05-23T12:17:10+00:00","dateModified":"2019-05-23T13:50:23+00:00","description":"W tym roku Nagroda Literacka Nike zostanie przyznana po raz dwudziesty trzeci. Poznali\u015bmy tegorocznych nominowanych. W\u015br\u00f3d nich Twardoch, Mas\u0142owska...","breadcrumb":{"@id":"https:\/\/woblink.com\/blog\/nagroda-literacka-nike-2019-nominowani\/#breadcrumb"},"inLanguage":"pl-PL","potentialAction":[{"@type":"ReadAction","target":["https:\/\/woblink.com\/blog\/nagroda-literacka-nike-2019-nominowani\/"]}]},{"@type":"BreadcrumbList","@id":"https:\/\/woblink.com\/blog\/nagroda-literacka-nike-2019-nominowani\/#breadcrumb","itemListElement":[{"@type":"ListItem","position":1,"name":"Strona g\u0142\u00f3wna","item":"https:\/\/woblink.com\/blog\/"},{"@type":"ListItem","position":2,"name":"Nagroda Literacka Nike 2019 \u2013 nominowani"}]},{"@type":"WebSite","@id":"https:\/\/woblink.com\/blog\/#website","url":"https:\/\/woblink.com\/blog\/","name":"Woblink","description":"najlepszy firmowy blog o ksi\u0105\u017ckach","publisher":{"@id":"https:\/\/woblink.com\/blog\/#organization"},"potentialAction":[{"@type":"SearchAction","target":{"@type":"EntryPoint","urlTemplate":"https:\/\/woblink.com\/blog\/?s={search_term_string}"},"query-input":"required name=search_term_string"}],"inLanguage":"pl-PL"},{"@type":"Organization","@id":"https:\/\/woblink.com\/blog\/#organization","name":"Woblink","url":"https:\/\/woblink.com\/blog\/","logo":{"@type":"ImageObject","inLanguage":"pl-PL","@id":"https:\/\/woblink.com\/blog\/#\/schema\/logo\/image\/","url":"https:\/\/i0.wp.com\/woblink.com\/blog\/wp-content\/uploads\/2019\/04\/nw_logoB.png?fit=185%2C42&ssl=1","contentUrl":"https:\/\/i0.wp.com\/woblink.com\/blog\/wp-content\/uploads\/2019\/04\/nw_logoB.png?fit=185%2C42&ssl=1","width":185,"height":42,"caption":"Woblink"},"image":{"@id":"https:\/\/woblink.com\/blog\/#\/schema\/logo\/image\/"},"sameAs":["https:\/\/facebook.com\/woblink","https:\/\/twitter.com\/woblink_com","https:\/\/www.instagram.com\/woblink_com","https:\/\/www.linkedin.com\/company\/woblink\/"]},{"@type":"Person","@id":"https:\/\/woblink.com\/blog\/#\/schema\/person\/8ab6b79d64fa54209272130c4c3b1e95","name":"Redakcja Woblinka","image":{"@type":"ImageObject","inLanguage":"pl-PL","@id":"https:\/\/woblink.com\/blog\/#\/schema\/person\/image\/","url":"https:\/\/secure.gravatar.com\/avatar\/f23ae80a7c9da060bee5f8310913478b?s=96&d=mm&r=g","contentUrl":"https:\/\/secure.gravatar.com\/avatar\/f23ae80a7c9da060bee5f8310913478b?s=96&d=mm&r=g","caption":"Redakcja Woblinka"},"url":"https:\/\/woblink.com\/blog\/author\/krasny\/"}]}},"jetpack_featured_media_url":"https:\/\/i0.wp.com\/woblink.com\/blog\/wp-content\/uploads\/2019\/05\/NIKE.png?fit=1011%2C690&ssl=1","_links":{"self":[{"href":"https:\/\/woblink.com\/blog\/wp-json\/wp\/v2\/posts\/514"}],"collection":[{"href":"https:\/\/woblink.com\/blog\/wp-json\/wp\/v2\/posts"}],"about":[{"href":"https:\/\/woblink.com\/blog\/wp-json\/wp\/v2\/types\/post"}],"author":[{"embeddable":true,"href":"https:\/\/woblink.com\/blog\/wp-json\/wp\/v2\/users\/7"}],"replies":[{"embeddable":true,"href":"https:\/\/woblink.com\/blog\/wp-json\/wp\/v2\/comments?post=514"}],"version-history":[{"count":10,"href":"https:\/\/woblink.com\/blog\/wp-json\/wp\/v2\/posts\/514\/revisions"}],"predecessor-version":[{"id":559,"href":"https:\/\/woblink.com\/blog\/wp-json\/wp\/v2\/posts\/514\/revisions\/559"}],"wp:featuredmedia":[{"embeddable":true,"href":"https:\/\/woblink.com\/blog\/wp-json\/wp\/v2\/media\/548"}],"wp:attachment":[{"href":"https:\/\/woblink.com\/blog\/wp-json\/wp\/v2\/media?parent=514"}],"wp:term":[{"taxonomy":"category","embeddable":true,"href":"https:\/\/woblink.com\/blog\/wp-json\/wp\/v2\/categories?post=514"},{"taxonomy":"post_tag","embeddable":true,"href":"https:\/\/woblink.com\/blog\/wp-json\/wp\/v2\/tags?post=514"}],"curies":[{"name":"wp","href":"https:\/\/api.w.org\/{rel}","templated":true}]}}