{"id":5257,"date":"2021-10-04T15:31:43","date_gmt":"2021-10-04T13:31:43","guid":{"rendered":"https:\/\/woblink.com\/blog\/?p=5257"},"modified":"2021-10-04T15:32:07","modified_gmt":"2021-10-04T13:32:07","slug":"dlug-honorowy-przedsprzedaz-ksiazki-wojciecha-chmielarza","status":"publish","type":"post","link":"https:\/\/woblink.com\/blog\/dlug-honorowy-przedsprzedaz-ksiazki-wojciecha-chmielarza\/","title":{"rendered":"D\u0142ug honorowy \u2013 przedsprzeda\u017c ksi\u0105\u017cki Wojciecha Chmielarza"},"content":{"rendered":"<p><strong>13 pa\u017adziernika, nak\u0142adem Wydawnictwa Marginesy, uka\u017ce si\u0119 \u201eD\u0142ug honorowy\u201d Wojciecha Chmielarza. To kontynuacja pierwszej sensacyjnej powie\u015bci autora pt. \u201eProsta sprawa\u201d z zesz\u0142ego roku. Jednak ju\u017c teraz mo\u017cecie kupi\u0107 j\u0105 w przedsprzeda\u017cy na Woblink.com!<\/strong><\/p>\n<p><!--more--><\/p>\n<h3>D\u0142ug honorowy \u2013 Wojciech Chmielarz<\/h3>\n<p>\u201eD\u0142ug honorowy\u201d to najnowszy tytu\u0142 pi\u00f3ra Wojciecha Chmielarza, autora bestsellerowego cyklu kryminalnego z Jakubem Mortk\u0105 oraz zekranizowanego przez Canal+ \u201e\u017bmijowiska\u201d. Powie\u015b\u0107 jest pe\u0142n\u0105 akcji kontynuacj\u0105 los\u00f3w bohater\u00f3w znanych czytelnikom z pisanej podczas lockdownu i publikowanej w odcinkach na Facebooku \u201eProstej sprawy\u201d.<\/p>\n<p>Najnowsz\u0105 powie\u015b\u0107 Chmielarza, w przedsprzeda\u017cy, znajdziecie u nas ju\u017c dzi\u015b! Kupicie j\u0105 w promocyjnej cenie 24,90 z\u0142. Pami\u0119tajcie \u2013 pe\u0142en plik pojawi si\u0119 na p\u00f3\u0142ce w dniu premiery, czyli 13 pa\u017adziernika.<\/p>\n<figure id=\"attachment_5286\" aria-describedby=\"caption-attachment-5286\" style=\"width: 193px\" class=\"wp-caption aligncenter\"><a href=\"https:\/\/woblink.com\/ebook\/dlug-honorowy-przedsprzedaz-wojciech-chmielarz-226503u\"><img decoding=\"async\" loading=\"lazy\" class=\"wp-image-5286 size-medium\" src=\"https:\/\/i0.wp.com\/woblink.com\/blog\/wp-content\/uploads\/2021\/10\/6154e21b56082.jpeg?resize=193%2C300&#038;ssl=1\" alt=\"D\u0142ug honorowy\" width=\"193\" height=\"300\" srcset=\"https:\/\/i0.wp.com\/woblink.com\/blog\/wp-content\/uploads\/2021\/10\/6154e21b56082.jpeg?resize=193%2C300&amp;ssl=1 193w, https:\/\/i0.wp.com\/woblink.com\/blog\/wp-content\/uploads\/2021\/10\/6154e21b56082.jpeg?w=550&amp;ssl=1 550w\" sizes=\"(max-width: 193px) 100vw, 193px\" data-recalc-dims=\"1\" \/><\/a><figcaption id=\"caption-attachment-5286\" class=\"wp-caption-text\"><center><strong>Kup <a href=\"https:\/\/woblink.com\/ebook\/dlug-honorowy-przedsprzedaz-wojciech-chmielarz-226503u\">ebooka w przedsprzeda\u017cy<\/a> na Woblink.com<\/strong><\/center><\/figcaption><\/figure>\n<p><strong>Opis wydawcy:<\/strong><\/p>\n<p>Powie\u015b\u0107 sensacyjna mistrza krymina\u0142u. O czaj\u0105cym si\u0119 w ludziach z\u0142u i o d\u0142ugach, kt\u00f3re zawsze trzeba sp\u0142aca\u0107.<\/p>\n<p>Wilki to niewielka wie\u015b zagubiona gdzie\u015b nad jeziorem w wojew\u00f3dztwie lubuskim. Miejscow\u0105 spo\u0142eczno\u015bci\u0105 wstrz\u0105sn\u0119\u0142a tragedia, kiedy zamordowano tam m\u0142od\u0105 dziewczyn\u0119, kt\u00f3rej zmasakrowane, na wp\u00f3\u0142 zw\u0119glone cia\u0142o odnaleziono na dryfuj\u0105cej po jeziorze \u0142odzi. Policja szybko typuje podejrzanego \u2013 mieszkaj\u0105cego niedaleko miejsca zbrodni w\u0142a\u015bciciela \u0142ajby, Traszk\u0119, znanego ze sk\u0142onno\u015bci do agresji odludka. S\u0105 jednak osoby, kt\u00f3re nie wierz\u0105 w jego win\u0119.<\/p>\n<p>Bezimienny bohater, znany z\u00a0<i>Prostej sprawy<\/i>, pojawia si\u0119 w Wilkach, nadszed\u0142 bowiem czas, by sp\u0142aci\u0142 u Czarnego zaci\u0105gni\u0119ty d\u0142ug: ma pom\u00f3c w wytropieniu prawdziwego mordercy. Czarny jest przekonany o niewinno\u015bci Traszki.<\/p>\n<p>Szybko wychodzi te\u017c na jaw, \u017ce zab\u00f3jstwo Oli to tylko jedna z wielu tajemnic, od lat tocz\u0105cych niepozorn\u0105 wie\u015b jak choroba, i dalsze grzebanie w przesz\u0142o\u015bci mo\u017ce by\u0107 \u015bmiertelne niebezpieczne.<\/p>\n<p>Dotarcie do prawdy b\u0119dzie wymaga\u0142o zmierzenia si\u0119 z wci\u0105\u017c wisz\u0105cym nad okolic\u0105 widmem dawnych zbrodni, kt\u00f3re mia\u0142y nigdy nie wyj\u015b\u0107 na jaw, g\u0142\u0119boko zakorzenionymi uprzedzeniami, grup\u0105 holenderskich diler\u00f3w i wyj\u0105tkowo przedsi\u0119biorcz\u0105 so\u0142tysk\u0105, bez kt\u00f3rej zgody w Wilkach nie dzieje si\u0119 nic.<\/p>\n<p><a href=\"https:\/\/woblink.com\/katalog\/ebooki\/promocje?promocje=6626&amp;sort=year_desc\"><img decoding=\"async\" loading=\"lazy\" class=\"aligncenter wp-image-5288 size-large\" src=\"https:\/\/i0.wp.com\/woblink.com\/blog\/wp-content\/uploads\/2021\/10\/2812079-promowizard-banner.jpg?resize=1024%2C320&#038;ssl=1\" alt=\"\" width=\"1024\" height=\"320\" srcset=\"https:\/\/i0.wp.com\/woblink.com\/blog\/wp-content\/uploads\/2021\/10\/2812079-promowizard-banner.jpg?resize=1024%2C320&amp;ssl=1 1024w, https:\/\/i0.wp.com\/woblink.com\/blog\/wp-content\/uploads\/2021\/10\/2812079-promowizard-banner.jpg?resize=300%2C94&amp;ssl=1 300w, https:\/\/i0.wp.com\/woblink.com\/blog\/wp-content\/uploads\/2021\/10\/2812079-promowizard-banner.jpg?resize=768%2C240&amp;ssl=1 768w, https:\/\/i0.wp.com\/woblink.com\/blog\/wp-content\/uploads\/2021\/10\/2812079-promowizard-banner.jpg?resize=600%2C188&amp;ssl=1 600w, https:\/\/i0.wp.com\/woblink.com\/blog\/wp-content\/uploads\/2021\/10\/2812079-promowizard-banner.jpg?w=1920&amp;ssl=1 1920w\" sizes=\"(max-width: 1000px) 100vw, 1000px\" data-recalc-dims=\"1\" \/><\/a><\/p>\n","protected":false},"excerpt":{"rendered":"<p>13 pa\u017adziernika, nak\u0142adem Wydawnictwa Marginesy, uka\u017ce si\u0119 \u201eD\u0142ug honorowy\u201d Wojciecha Chmielarza. To kontynuacja pierwszej sensacyjnej powie\u015bci autora pt. \u201eProsta sprawa\u201d z zesz\u0142ego roku. Jednak ju\u017c teraz mo\u017cecie kupi\u0107 j\u0105 w przedsprzeda\u017cy na Woblink.com! D\u0142ug honorowy \u2013 Wojciech Chmielarz \u201eD\u0142ug honorowy\u201d to najnowszy tytu\u0142 pi\u00f3ra Wojciecha&#8230;<\/p>\n","protected":false},"author":7,"featured_media":5285,"comment_status":"closed","ping_status":"open","sticky":false,"template":"","format":"standard","meta":[],"categories":[87,90,80,82,89,83],"tags":[],"yoast_head":"<!-- This site is optimized with the Yoast SEO plugin v20.11 - https:\/\/yoast.com\/wordpress\/plugins\/seo\/ -->\n<title>D\u0142ug honorowy \u2013 przedsprzeda\u017c ksi\u0105\u017cki Wojciecha Chmielarza - Woblink<\/title>\n<meta name=\"description\" content=\"13 pa\u017adziernika, nak\u0142adem Wydawnictwa Marginesy, uka\u017ce si\u0119 \u201eD\u0142ug honorowy\u201d Wojciecha Chmielarza. To kontynuacja powie\u015bci \u201eProsta sprawa\u201d.\" \/>\n<meta name=\"robots\" content=\"index, follow, max-snippet:-1, max-image-preview:large, max-video-preview:-1\" \/>\n<link rel=\"canonical\" href=\"https:\/\/woblink.com\/blog\/dlug-honorowy-przedsprzedaz-ksiazki-wojciecha-chmielarza\/\" \/>\n<meta property=\"og:locale\" content=\"pl_PL\" \/>\n<meta property=\"og:type\" content=\"article\" \/>\n<meta property=\"og:title\" content=\"D\u0142ug honorowy \u2013 przedsprzeda\u017c ksi\u0105\u017cki Wojciecha Chmielarza - Woblink\" \/>\n<meta property=\"og:description\" content=\"13 pa\u017adziernika, nak\u0142adem Wydawnictwa Marginesy, uka\u017ce si\u0119 \u201eD\u0142ug honorowy\u201d Wojciecha Chmielarza. To kontynuacja powie\u015bci \u201eProsta sprawa\u201d.\" \/>\n<meta property=\"og:url\" content=\"https:\/\/woblink.com\/blog\/dlug-honorowy-przedsprzedaz-ksiazki-wojciecha-chmielarza\/\" \/>\n<meta property=\"og:site_name\" content=\"Woblink\" \/>\n<meta property=\"article:publisher\" content=\"https:\/\/facebook.com\/woblink\" \/>\n<meta property=\"article:published_time\" content=\"2021-10-04T13:31:43+00:00\" \/>\n<meta property=\"article:modified_time\" content=\"2021-10-04T13:32:07+00:00\" \/>\n<meta property=\"og:image\" content=\"https:\/\/i0.wp.com\/woblink.com\/blog\/wp-content\/uploads\/2021\/10\/artykul.jpg?fit=1011%2C690&ssl=1\" \/>\n\t<meta property=\"og:image:width\" content=\"1011\" \/>\n\t<meta property=\"og:image:height\" content=\"690\" \/>\n\t<meta property=\"og:image:type\" content=\"image\/jpeg\" \/>\n<meta name=\"author\" content=\"Redakcja Woblinka\" \/>\n<meta name=\"twitter:card\" content=\"summary_large_image\" \/>\n<meta name=\"twitter:creator\" content=\"@woblink_com\" \/>\n<meta name=\"twitter:site\" content=\"@woblink_com\" \/>\n<meta name=\"twitter:label1\" content=\"Napisane przez\" \/>\n\t<meta name=\"twitter:data1\" content=\"Redakcja Woblinka\" \/>\n\t<meta name=\"twitter:label2\" content=\"Szacowany czas czytania\" \/>\n\t<meta name=\"twitter:data2\" content=\"2 minuty\" \/>\n<script type=\"application\/ld+json\" class=\"yoast-schema-graph\">{\"@context\":\"https:\/\/schema.org\",\"@graph\":[{\"@type\":\"Article\",\"@id\":\"https:\/\/woblink.com\/blog\/dlug-honorowy-przedsprzedaz-ksiazki-wojciecha-chmielarza\/#article\",\"isPartOf\":{\"@id\":\"https:\/\/woblink.com\/blog\/dlug-honorowy-przedsprzedaz-ksiazki-wojciecha-chmielarza\/\"},\"author\":{\"name\":\"Redakcja Woblinka\",\"@id\":\"https:\/\/woblink.com\/blog\/#\/schema\/person\/8ab6b79d64fa54209272130c4c3b1e95\"},\"headline\":\"D\u0142ug honorowy \u2013 przedsprzeda\u017c ksi\u0105\u017cki Wojciecha Chmielarza\",\"datePublished\":\"2021-10-04T13:31:43+00:00\",\"dateModified\":\"2021-10-04T13:32:07+00:00\",\"mainEntityOfPage\":{\"@id\":\"https:\/\/woblink.com\/blog\/dlug-honorowy-przedsprzedaz-ksiazki-wojciecha-chmielarza\/\"},\"wordCount\":371,\"publisher\":{\"@id\":\"https:\/\/woblink.com\/blog\/#organization\"},\"articleSection\":[\"Aktualno\u015bci\",\"Nowo\u015bci na Woblinku\",\"O ksi\u0105\u017ckach\",\"Premiery ksi\u0105\u017cek\",\"Rynek wydawniczy\",\"Zapowiedzi ksi\u0105\u017cek\"],\"inLanguage\":\"pl-PL\"},{\"@type\":\"WebPage\",\"@id\":\"https:\/\/woblink.com\/blog\/dlug-honorowy-przedsprzedaz-ksiazki-wojciecha-chmielarza\/\",\"url\":\"https:\/\/woblink.com\/blog\/dlug-honorowy-przedsprzedaz-ksiazki-wojciecha-chmielarza\/\",\"name\":\"D\u0142ug honorowy \u2013 przedsprzeda\u017c ksi\u0105\u017cki Wojciecha Chmielarza - Woblink\",\"isPartOf\":{\"@id\":\"https:\/\/woblink.com\/blog\/#website\"},\"datePublished\":\"2021-10-04T13:31:43+00:00\",\"dateModified\":\"2021-10-04T13:32:07+00:00\",\"description\":\"13 pa\u017adziernika, nak\u0142adem Wydawnictwa Marginesy, uka\u017ce si\u0119 \u201eD\u0142ug honorowy\u201d Wojciecha Chmielarza. To kontynuacja powie\u015bci \u201eProsta sprawa\u201d.\",\"breadcrumb\":{\"@id\":\"https:\/\/woblink.com\/blog\/dlug-honorowy-przedsprzedaz-ksiazki-wojciecha-chmielarza\/#breadcrumb\"},\"inLanguage\":\"pl-PL\",\"potentialAction\":[{\"@type\":\"ReadAction\",\"target\":[\"https:\/\/woblink.com\/blog\/dlug-honorowy-przedsprzedaz-ksiazki-wojciecha-chmielarza\/\"]}]},{\"@type\":\"BreadcrumbList\",\"@id\":\"https:\/\/woblink.com\/blog\/dlug-honorowy-przedsprzedaz-ksiazki-wojciecha-chmielarza\/#breadcrumb\",\"itemListElement\":[{\"@type\":\"ListItem\",\"position\":1,\"name\":\"Strona g\u0142\u00f3wna\",\"item\":\"https:\/\/woblink.com\/blog\/\"},{\"@type\":\"ListItem\",\"position\":2,\"name\":\"D\u0142ug honorowy \u2013 przedsprzeda\u017c ksi\u0105\u017cki Wojciecha Chmielarza\"}]},{\"@type\":\"WebSite\",\"@id\":\"https:\/\/woblink.com\/blog\/#website\",\"url\":\"https:\/\/woblink.com\/blog\/\",\"name\":\"Woblink\",\"description\":\"najlepszy firmowy blog o ksi\u0105\u017ckach\",\"publisher\":{\"@id\":\"https:\/\/woblink.com\/blog\/#organization\"},\"potentialAction\":[{\"@type\":\"SearchAction\",\"target\":{\"@type\":\"EntryPoint\",\"urlTemplate\":\"https:\/\/woblink.com\/blog\/?s={search_term_string}\"},\"query-input\":\"required name=search_term_string\"}],\"inLanguage\":\"pl-PL\"},{\"@type\":\"Organization\",\"@id\":\"https:\/\/woblink.com\/blog\/#organization\",\"name\":\"Woblink\",\"url\":\"https:\/\/woblink.com\/blog\/\",\"logo\":{\"@type\":\"ImageObject\",\"inLanguage\":\"pl-PL\",\"@id\":\"https:\/\/woblink.com\/blog\/#\/schema\/logo\/image\/\",\"url\":\"https:\/\/i0.wp.com\/woblink.com\/blog\/wp-content\/uploads\/2019\/04\/nw_logoB.png?fit=185%2C42&ssl=1\",\"contentUrl\":\"https:\/\/i0.wp.com\/woblink.com\/blog\/wp-content\/uploads\/2019\/04\/nw_logoB.png?fit=185%2C42&ssl=1\",\"width\":185,\"height\":42,\"caption\":\"Woblink\"},\"image\":{\"@id\":\"https:\/\/woblink.com\/blog\/#\/schema\/logo\/image\/\"},\"sameAs\":[\"https:\/\/facebook.com\/woblink\",\"https:\/\/twitter.com\/woblink_com\",\"https:\/\/www.instagram.com\/woblink_com\",\"https:\/\/www.linkedin.com\/company\/woblink\/\"]},{\"@type\":\"Person\",\"@id\":\"https:\/\/woblink.com\/blog\/#\/schema\/person\/8ab6b79d64fa54209272130c4c3b1e95\",\"name\":\"Redakcja Woblinka\",\"image\":{\"@type\":\"ImageObject\",\"inLanguage\":\"pl-PL\",\"@id\":\"https:\/\/woblink.com\/blog\/#\/schema\/person\/image\/\",\"url\":\"https:\/\/secure.gravatar.com\/avatar\/f23ae80a7c9da060bee5f8310913478b?s=96&d=mm&r=g\",\"contentUrl\":\"https:\/\/secure.gravatar.com\/avatar\/f23ae80a7c9da060bee5f8310913478b?s=96&d=mm&r=g\",\"caption\":\"Redakcja Woblinka\"},\"url\":\"https:\/\/woblink.com\/blog\/author\/krasny\/\"}]}<\/script>\n<!-- \/ Yoast SEO plugin. -->","yoast_head_json":{"title":"D\u0142ug honorowy \u2013 przedsprzeda\u017c ksi\u0105\u017cki Wojciecha Chmielarza - Woblink","description":"13 pa\u017adziernika, nak\u0142adem Wydawnictwa Marginesy, uka\u017ce si\u0119 \u201eD\u0142ug honorowy\u201d Wojciecha Chmielarza. To kontynuacja powie\u015bci \u201eProsta sprawa\u201d.","robots":{"index":"index","follow":"follow","max-snippet":"max-snippet:-1","max-image-preview":"max-image-preview:large","max-video-preview":"max-video-preview:-1"},"canonical":"https:\/\/woblink.com\/blog\/dlug-honorowy-przedsprzedaz-ksiazki-wojciecha-chmielarza\/","og_locale":"pl_PL","og_type":"article","og_title":"D\u0142ug honorowy \u2013 przedsprzeda\u017c ksi\u0105\u017cki Wojciecha Chmielarza - Woblink","og_description":"13 pa\u017adziernika, nak\u0142adem Wydawnictwa Marginesy, uka\u017ce si\u0119 \u201eD\u0142ug honorowy\u201d Wojciecha Chmielarza. To kontynuacja powie\u015bci \u201eProsta sprawa\u201d.","og_url":"https:\/\/woblink.com\/blog\/dlug-honorowy-przedsprzedaz-ksiazki-wojciecha-chmielarza\/","og_site_name":"Woblink","article_publisher":"https:\/\/facebook.com\/woblink","article_published_time":"2021-10-04T13:31:43+00:00","article_modified_time":"2021-10-04T13:32:07+00:00","og_image":[{"width":1011,"height":690,"url":"https:\/\/i0.wp.com\/woblink.com\/blog\/wp-content\/uploads\/2021\/10\/artykul.jpg?fit=1011%2C690&ssl=1","type":"image\/jpeg"}],"author":"Redakcja Woblinka","twitter_card":"summary_large_image","twitter_creator":"@woblink_com","twitter_site":"@woblink_com","twitter_misc":{"Napisane przez":"Redakcja Woblinka","Szacowany czas czytania":"2 minuty"},"schema":{"@context":"https:\/\/schema.org","@graph":[{"@type":"Article","@id":"https:\/\/woblink.com\/blog\/dlug-honorowy-przedsprzedaz-ksiazki-wojciecha-chmielarza\/#article","isPartOf":{"@id":"https:\/\/woblink.com\/blog\/dlug-honorowy-przedsprzedaz-ksiazki-wojciecha-chmielarza\/"},"author":{"name":"Redakcja Woblinka","@id":"https:\/\/woblink.com\/blog\/#\/schema\/person\/8ab6b79d64fa54209272130c4c3b1e95"},"headline":"D\u0142ug honorowy \u2013 przedsprzeda\u017c ksi\u0105\u017cki Wojciecha Chmielarza","datePublished":"2021-10-04T13:31:43+00:00","dateModified":"2021-10-04T13:32:07+00:00","mainEntityOfPage":{"@id":"https:\/\/woblink.com\/blog\/dlug-honorowy-przedsprzedaz-ksiazki-wojciecha-chmielarza\/"},"wordCount":371,"publisher":{"@id":"https:\/\/woblink.com\/blog\/#organization"},"articleSection":["Aktualno\u015bci","Nowo\u015bci na Woblinku","O ksi\u0105\u017ckach","Premiery ksi\u0105\u017cek","Rynek wydawniczy","Zapowiedzi ksi\u0105\u017cek"],"inLanguage":"pl-PL"},{"@type":"WebPage","@id":"https:\/\/woblink.com\/blog\/dlug-honorowy-przedsprzedaz-ksiazki-wojciecha-chmielarza\/","url":"https:\/\/woblink.com\/blog\/dlug-honorowy-przedsprzedaz-ksiazki-wojciecha-chmielarza\/","name":"D\u0142ug honorowy \u2013 przedsprzeda\u017c ksi\u0105\u017cki Wojciecha Chmielarza - Woblink","isPartOf":{"@id":"https:\/\/woblink.com\/blog\/#website"},"datePublished":"2021-10-04T13:31:43+00:00","dateModified":"2021-10-04T13:32:07+00:00","description":"13 pa\u017adziernika, nak\u0142adem Wydawnictwa Marginesy, uka\u017ce si\u0119 \u201eD\u0142ug honorowy\u201d Wojciecha Chmielarza. To kontynuacja powie\u015bci \u201eProsta sprawa\u201d.","breadcrumb":{"@id":"https:\/\/woblink.com\/blog\/dlug-honorowy-przedsprzedaz-ksiazki-wojciecha-chmielarza\/#breadcrumb"},"inLanguage":"pl-PL","potentialAction":[{"@type":"ReadAction","target":["https:\/\/woblink.com\/blog\/dlug-honorowy-przedsprzedaz-ksiazki-wojciecha-chmielarza\/"]}]},{"@type":"BreadcrumbList","@id":"https:\/\/woblink.com\/blog\/dlug-honorowy-przedsprzedaz-ksiazki-wojciecha-chmielarza\/#breadcrumb","itemListElement":[{"@type":"ListItem","position":1,"name":"Strona g\u0142\u00f3wna","item":"https:\/\/woblink.com\/blog\/"},{"@type":"ListItem","position":2,"name":"D\u0142ug honorowy \u2013 przedsprzeda\u017c ksi\u0105\u017cki Wojciecha Chmielarza"}]},{"@type":"WebSite","@id":"https:\/\/woblink.com\/blog\/#website","url":"https:\/\/woblink.com\/blog\/","name":"Woblink","description":"najlepszy firmowy blog o ksi\u0105\u017ckach","publisher":{"@id":"https:\/\/woblink.com\/blog\/#organization"},"potentialAction":[{"@type":"SearchAction","target":{"@type":"EntryPoint","urlTemplate":"https:\/\/woblink.com\/blog\/?s={search_term_string}"},"query-input":"required name=search_term_string"}],"inLanguage":"pl-PL"},{"@type":"Organization","@id":"https:\/\/woblink.com\/blog\/#organization","name":"Woblink","url":"https:\/\/woblink.com\/blog\/","logo":{"@type":"ImageObject","inLanguage":"pl-PL","@id":"https:\/\/woblink.com\/blog\/#\/schema\/logo\/image\/","url":"https:\/\/i0.wp.com\/woblink.com\/blog\/wp-content\/uploads\/2019\/04\/nw_logoB.png?fit=185%2C42&ssl=1","contentUrl":"https:\/\/i0.wp.com\/woblink.com\/blog\/wp-content\/uploads\/2019\/04\/nw_logoB.png?fit=185%2C42&ssl=1","width":185,"height":42,"caption":"Woblink"},"image":{"@id":"https:\/\/woblink.com\/blog\/#\/schema\/logo\/image\/"},"sameAs":["https:\/\/facebook.com\/woblink","https:\/\/twitter.com\/woblink_com","https:\/\/www.instagram.com\/woblink_com","https:\/\/www.linkedin.com\/company\/woblink\/"]},{"@type":"Person","@id":"https:\/\/woblink.com\/blog\/#\/schema\/person\/8ab6b79d64fa54209272130c4c3b1e95","name":"Redakcja Woblinka","image":{"@type":"ImageObject","inLanguage":"pl-PL","@id":"https:\/\/woblink.com\/blog\/#\/schema\/person\/image\/","url":"https:\/\/secure.gravatar.com\/avatar\/f23ae80a7c9da060bee5f8310913478b?s=96&d=mm&r=g","contentUrl":"https:\/\/secure.gravatar.com\/avatar\/f23ae80a7c9da060bee5f8310913478b?s=96&d=mm&r=g","caption":"Redakcja Woblinka"},"url":"https:\/\/woblink.com\/blog\/author\/krasny\/"}]}},"jetpack_featured_media_url":"https:\/\/i0.wp.com\/woblink.com\/blog\/wp-content\/uploads\/2021\/10\/artykul.jpg?fit=1011%2C690&ssl=1","_links":{"self":[{"href":"https:\/\/woblink.com\/blog\/wp-json\/wp\/v2\/posts\/5257"}],"collection":[{"href":"https:\/\/woblink.com\/blog\/wp-json\/wp\/v2\/posts"}],"about":[{"href":"https:\/\/woblink.com\/blog\/wp-json\/wp\/v2\/types\/post"}],"author":[{"embeddable":true,"href":"https:\/\/woblink.com\/blog\/wp-json\/wp\/v2\/users\/7"}],"replies":[{"embeddable":true,"href":"https:\/\/woblink.com\/blog\/wp-json\/wp\/v2\/comments?post=5257"}],"version-history":[{"count":5,"href":"https:\/\/woblink.com\/blog\/wp-json\/wp\/v2\/posts\/5257\/revisions"}],"predecessor-version":[{"id":5292,"href":"https:\/\/woblink.com\/blog\/wp-json\/wp\/v2\/posts\/5257\/revisions\/5292"}],"wp:featuredmedia":[{"embeddable":true,"href":"https:\/\/woblink.com\/blog\/wp-json\/wp\/v2\/media\/5285"}],"wp:attachment":[{"href":"https:\/\/woblink.com\/blog\/wp-json\/wp\/v2\/media?parent=5257"}],"wp:term":[{"taxonomy":"category","embeddable":true,"href":"https:\/\/woblink.com\/blog\/wp-json\/wp\/v2\/categories?post=5257"},{"taxonomy":"post_tag","embeddable":true,"href":"https:\/\/woblink.com\/blog\/wp-json\/wp\/v2\/tags?post=5257"}],"curies":[{"name":"wp","href":"https:\/\/api.w.org\/{rel}","templated":true}]}}