{"id":5367,"date":"2021-10-21T10:28:03","date_gmt":"2021-10-21T08:28:03","guid":{"rendered":"https:\/\/woblink.com\/blog\/?p=5367"},"modified":"2021-10-21T10:28:03","modified_gmt":"2021-10-21T08:28:03","slug":"2544-zl-tyle-srednio-polak-lub-polka-wydali-na-ksiazki-w-2020-roku","status":"publish","type":"post","link":"https:\/\/woblink.com\/blog\/2544-zl-tyle-srednio-polak-lub-polka-wydali-na-ksiazki-w-2020-roku\/","title":{"rendered":"25,44 z\u0142 \u2013 tyle \u015brednio Polak lub Polka wydali na ksi\u0105\u017cki w 2020 roku"},"content":{"rendered":"<p><strong>Wed\u0142ug informacji podanych przez portal rynek-ksiazki.pl, w 2020 roku Polacy \u015brednio wydali\u00a0na ksi\u0105\u017cki i inne wydawnictwa (bez podr\u0119cznik\u00f3w szkolnych oraz innych wydawnictw przeznaczonych do nauki) 25,44 z\u0142 na osob\u0119. \u015arednia jest wy\u017csza o 1,44 z\u0142 w por\u00f3wnaniu do roku 2019, gdy wydali\u015bmy na ksi\u0105\u017cki 24 z\u0142 na g\u0142ow\u0119.\u00a0<\/strong><\/p>\n<p><!--more--><\/p>\n<p><strong>Wydatki na kultur\u0119 w dobie koronawirusa<\/strong><\/p>\n<p>Nie ma si\u0119 co dziwi\u0107, \u017ce wydatki na kultur\u0119 we wszystkich rodzajach gospodarstw domowych drastycznie spad\u0142y. W zwi\u0105zku z obostrzeniami w 2020 roku przez wiele miesi\u0119cy zamkni\u0119te by\u0142y kina, teatry, wiele koncert\u00f3w zosta\u0142o prze\u0142o\u017conych lub odwo\u0142anych. W ubieg\u0142ym roku przeci\u0119tnie wydali\u015bmy 306,84 z\u0142 na kultur\u0119. To a\u017c 16% mniej ni\u017c w roku 2019, gdy \u015brednio wydali\u015bmy 364,68 z\u0142.<\/p>\n<p>Wzrost nast\u0105pi\u0142 jednak w \u015brednich wydatkach na ksi\u0105\u017cki. W 2020 roku Polacy \u015brednio wydali na ksi\u0105\u017cki i inne wydawnictwa (bez podr\u0119cznik\u00f3w szkolnych oraz innych wydawnictw przeznaczonych do nauki) 25,44 z\u0142 na osob\u0119. To oznacza wzrost o przesz\u0142o 1,40 na osob\u0119 w por\u00f3wnaniu do roku 2019. Wed\u0142ug raportu \u201eKultura 2020 roku\u201d sporz\u0105dzonego i opracowanego przez GUS, udzia\u0142 wydatk\u00f3w na ksi\u0105\u017cki w ca\u0142kowitych wydatkach na kultur\u0119 wyni\u00f3s\u0142 8,3 proc. To o blisko 2 punkty procentowe wi\u0119cej ni\u017c w 2019 roku, kiedy ten udzia\u0142 stanowi\u0142 6,6 proc.<\/p>\n<p>Wi\u0119cej danych i informacji znajdziecie na portalu <strong><a href=\"https:\/\/rynek-ksiazki.pl\/aktualnosci\/2544-zl-tyle-wydaje-polak-rocznie-na-ksiazki\/\">Rynek Ksi\u0105\u017cki<\/a><\/strong>.<\/p>\n<p>&nbsp;<\/p>\n<p>&nbsp;<\/p>\n<p>&nbsp;<\/p>\n","protected":false},"excerpt":{"rendered":"<p>Wed\u0142ug informacji podanych przez portal rynek-ksiazki.pl, w 2020 roku Polacy \u015brednio wydali\u00a0na ksi\u0105\u017cki i inne wydawnictwa (bez podr\u0119cznik\u00f3w szkolnych oraz innych wydawnictw przeznaczonych do nauki) 25,44 z\u0142 na osob\u0119. \u015arednia jest wy\u017csza o 1,44 z\u0142 w por\u00f3wnaniu do roku 2019, gdy wydali\u015bmy na ksi\u0105\u017cki 24&#8230;<\/p>\n","protected":false},"author":7,"featured_media":5368,"comment_status":"closed","ping_status":"open","sticky":false,"template":"","format":"standard","meta":[],"categories":[87,89],"tags":[],"yoast_head":"<!-- This site is optimized with the Yoast SEO plugin v20.11 - https:\/\/yoast.com\/wordpress\/plugins\/seo\/ -->\n<title>25,44 z\u0142 \u2013 tyle \u015brednio Polak lub Polka wydali na ksi\u0105\u017cki w 2020 roku - Woblink<\/title>\n<meta name=\"robots\" content=\"index, follow, max-snippet:-1, max-image-preview:large, max-video-preview:-1\" \/>\n<link rel=\"canonical\" href=\"https:\/\/woblink.com\/blog\/2544-zl-tyle-srednio-polak-lub-polka-wydali-na-ksiazki-w-2020-roku\/\" \/>\n<meta property=\"og:locale\" content=\"pl_PL\" \/>\n<meta property=\"og:type\" content=\"article\" \/>\n<meta property=\"og:title\" content=\"25,44 z\u0142 \u2013 tyle \u015brednio Polak lub Polka wydali na ksi\u0105\u017cki w 2020 roku - Woblink\" \/>\n<meta property=\"og:description\" content=\"Wed\u0142ug informacji podanych przez portal rynek-ksiazki.pl, w 2020 roku Polacy \u015brednio wydali\u00a0na ksi\u0105\u017cki i inne wydawnictwa (bez podr\u0119cznik\u00f3w szkolnych oraz innych wydawnictw przeznaczonych do nauki) 25,44 z\u0142 na osob\u0119. \u015arednia jest wy\u017csza o 1,44 z\u0142 w por\u00f3wnaniu do roku 2019, gdy wydali\u015bmy na ksi\u0105\u017cki 24...\" \/>\n<meta property=\"og:url\" content=\"https:\/\/woblink.com\/blog\/2544-zl-tyle-srednio-polak-lub-polka-wydali-na-ksiazki-w-2020-roku\/\" \/>\n<meta property=\"og:site_name\" content=\"Woblink\" \/>\n<meta property=\"article:publisher\" content=\"https:\/\/facebook.com\/woblink\" \/>\n<meta property=\"article:published_time\" content=\"2021-10-21T08:28:03+00:00\" \/>\n<meta property=\"og:image\" content=\"https:\/\/i0.wp.com\/woblink.com\/blog\/wp-content\/uploads\/2021\/10\/pawel-czerwinski-FtQPiDsBvZU-unsplash.jpg?fit=3000%2C2000&ssl=1\" \/>\n\t<meta property=\"og:image:width\" content=\"3000\" \/>\n\t<meta property=\"og:image:height\" content=\"2000\" \/>\n\t<meta property=\"og:image:type\" content=\"image\/jpeg\" \/>\n<meta name=\"author\" content=\"Redakcja Woblinka\" \/>\n<meta name=\"twitter:card\" content=\"summary_large_image\" \/>\n<meta name=\"twitter:creator\" content=\"@woblink_com\" \/>\n<meta name=\"twitter:site\" content=\"@woblink_com\" \/>\n<meta name=\"twitter:label1\" content=\"Napisane przez\" \/>\n\t<meta name=\"twitter:data1\" content=\"Redakcja Woblinka\" \/>\n\t<meta name=\"twitter:label2\" content=\"Szacowany czas czytania\" \/>\n\t<meta name=\"twitter:data2\" content=\"1 minuta\" \/>\n<script type=\"application\/ld+json\" class=\"yoast-schema-graph\">{\"@context\":\"https:\/\/schema.org\",\"@graph\":[{\"@type\":\"Article\",\"@id\":\"https:\/\/woblink.com\/blog\/2544-zl-tyle-srednio-polak-lub-polka-wydali-na-ksiazki-w-2020-roku\/#article\",\"isPartOf\":{\"@id\":\"https:\/\/woblink.com\/blog\/2544-zl-tyle-srednio-polak-lub-polka-wydali-na-ksiazki-w-2020-roku\/\"},\"author\":{\"name\":\"Redakcja Woblinka\",\"@id\":\"https:\/\/woblink.com\/blog\/#\/schema\/person\/8ab6b79d64fa54209272130c4c3b1e95\"},\"headline\":\"25,44 z\u0142 \u2013 tyle \u015brednio Polak lub Polka wydali na ksi\u0105\u017cki w 2020 roku\",\"datePublished\":\"2021-10-21T08:28:03+00:00\",\"dateModified\":\"2021-10-21T08:28:03+00:00\",\"mainEntityOfPage\":{\"@id\":\"https:\/\/woblink.com\/blog\/2544-zl-tyle-srednio-polak-lub-polka-wydali-na-ksiazki-w-2020-roku\/\"},\"wordCount\":242,\"publisher\":{\"@id\":\"https:\/\/woblink.com\/blog\/#organization\"},\"articleSection\":[\"Aktualno\u015bci\",\"Rynek wydawniczy\"],\"inLanguage\":\"pl-PL\"},{\"@type\":\"WebPage\",\"@id\":\"https:\/\/woblink.com\/blog\/2544-zl-tyle-srednio-polak-lub-polka-wydali-na-ksiazki-w-2020-roku\/\",\"url\":\"https:\/\/woblink.com\/blog\/2544-zl-tyle-srednio-polak-lub-polka-wydali-na-ksiazki-w-2020-roku\/\",\"name\":\"25,44 z\u0142 \u2013 tyle \u015brednio Polak lub Polka wydali na ksi\u0105\u017cki w 2020 roku - Woblink\",\"isPartOf\":{\"@id\":\"https:\/\/woblink.com\/blog\/#website\"},\"datePublished\":\"2021-10-21T08:28:03+00:00\",\"dateModified\":\"2021-10-21T08:28:03+00:00\",\"breadcrumb\":{\"@id\":\"https:\/\/woblink.com\/blog\/2544-zl-tyle-srednio-polak-lub-polka-wydali-na-ksiazki-w-2020-roku\/#breadcrumb\"},\"inLanguage\":\"pl-PL\",\"potentialAction\":[{\"@type\":\"ReadAction\",\"target\":[\"https:\/\/woblink.com\/blog\/2544-zl-tyle-srednio-polak-lub-polka-wydali-na-ksiazki-w-2020-roku\/\"]}]},{\"@type\":\"BreadcrumbList\",\"@id\":\"https:\/\/woblink.com\/blog\/2544-zl-tyle-srednio-polak-lub-polka-wydali-na-ksiazki-w-2020-roku\/#breadcrumb\",\"itemListElement\":[{\"@type\":\"ListItem\",\"position\":1,\"name\":\"Strona g\u0142\u00f3wna\",\"item\":\"https:\/\/woblink.com\/blog\/\"},{\"@type\":\"ListItem\",\"position\":2,\"name\":\"25,44 z\u0142 \u2013 tyle \u015brednio Polak lub Polka wydali na ksi\u0105\u017cki w 2020 roku\"}]},{\"@type\":\"WebSite\",\"@id\":\"https:\/\/woblink.com\/blog\/#website\",\"url\":\"https:\/\/woblink.com\/blog\/\",\"name\":\"Woblink\",\"description\":\"najlepszy firmowy blog o ksi\u0105\u017ckach\",\"publisher\":{\"@id\":\"https:\/\/woblink.com\/blog\/#organization\"},\"potentialAction\":[{\"@type\":\"SearchAction\",\"target\":{\"@type\":\"EntryPoint\",\"urlTemplate\":\"https:\/\/woblink.com\/blog\/?s={search_term_string}\"},\"query-input\":\"required name=search_term_string\"}],\"inLanguage\":\"pl-PL\"},{\"@type\":\"Organization\",\"@id\":\"https:\/\/woblink.com\/blog\/#organization\",\"name\":\"Woblink\",\"url\":\"https:\/\/woblink.com\/blog\/\",\"logo\":{\"@type\":\"ImageObject\",\"inLanguage\":\"pl-PL\",\"@id\":\"https:\/\/woblink.com\/blog\/#\/schema\/logo\/image\/\",\"url\":\"https:\/\/i0.wp.com\/woblink.com\/blog\/wp-content\/uploads\/2019\/04\/nw_logoB.png?fit=185%2C42&ssl=1\",\"contentUrl\":\"https:\/\/i0.wp.com\/woblink.com\/blog\/wp-content\/uploads\/2019\/04\/nw_logoB.png?fit=185%2C42&ssl=1\",\"width\":185,\"height\":42,\"caption\":\"Woblink\"},\"image\":{\"@id\":\"https:\/\/woblink.com\/blog\/#\/schema\/logo\/image\/\"},\"sameAs\":[\"https:\/\/facebook.com\/woblink\",\"https:\/\/twitter.com\/woblink_com\",\"https:\/\/www.instagram.com\/woblink_com\",\"https:\/\/www.linkedin.com\/company\/woblink\/\"]},{\"@type\":\"Person\",\"@id\":\"https:\/\/woblink.com\/blog\/#\/schema\/person\/8ab6b79d64fa54209272130c4c3b1e95\",\"name\":\"Redakcja Woblinka\",\"image\":{\"@type\":\"ImageObject\",\"inLanguage\":\"pl-PL\",\"@id\":\"https:\/\/woblink.com\/blog\/#\/schema\/person\/image\/\",\"url\":\"https:\/\/secure.gravatar.com\/avatar\/f23ae80a7c9da060bee5f8310913478b?s=96&d=mm&r=g\",\"contentUrl\":\"https:\/\/secure.gravatar.com\/avatar\/f23ae80a7c9da060bee5f8310913478b?s=96&d=mm&r=g\",\"caption\":\"Redakcja Woblinka\"},\"url\":\"https:\/\/woblink.com\/blog\/author\/krasny\/\"}]}<\/script>\n<!-- \/ Yoast SEO plugin. -->","yoast_head_json":{"title":"25,44 z\u0142 \u2013 tyle \u015brednio Polak lub Polka wydali na ksi\u0105\u017cki w 2020 roku - Woblink","robots":{"index":"index","follow":"follow","max-snippet":"max-snippet:-1","max-image-preview":"max-image-preview:large","max-video-preview":"max-video-preview:-1"},"canonical":"https:\/\/woblink.com\/blog\/2544-zl-tyle-srednio-polak-lub-polka-wydali-na-ksiazki-w-2020-roku\/","og_locale":"pl_PL","og_type":"article","og_title":"25,44 z\u0142 \u2013 tyle \u015brednio Polak lub Polka wydali na ksi\u0105\u017cki w 2020 roku - Woblink","og_description":"Wed\u0142ug informacji podanych przez portal rynek-ksiazki.pl, w 2020 roku Polacy \u015brednio wydali\u00a0na ksi\u0105\u017cki i inne wydawnictwa (bez podr\u0119cznik\u00f3w szkolnych oraz innych wydawnictw przeznaczonych do nauki) 25,44 z\u0142 na osob\u0119. \u015arednia jest wy\u017csza o 1,44 z\u0142 w por\u00f3wnaniu do roku 2019, gdy wydali\u015bmy na ksi\u0105\u017cki 24...","og_url":"https:\/\/woblink.com\/blog\/2544-zl-tyle-srednio-polak-lub-polka-wydali-na-ksiazki-w-2020-roku\/","og_site_name":"Woblink","article_publisher":"https:\/\/facebook.com\/woblink","article_published_time":"2021-10-21T08:28:03+00:00","og_image":[{"width":3000,"height":2000,"url":"https:\/\/i0.wp.com\/woblink.com\/blog\/wp-content\/uploads\/2021\/10\/pawel-czerwinski-FtQPiDsBvZU-unsplash.jpg?fit=3000%2C2000&ssl=1","type":"image\/jpeg"}],"author":"Redakcja Woblinka","twitter_card":"summary_large_image","twitter_creator":"@woblink_com","twitter_site":"@woblink_com","twitter_misc":{"Napisane przez":"Redakcja Woblinka","Szacowany czas czytania":"1 minuta"},"schema":{"@context":"https:\/\/schema.org","@graph":[{"@type":"Article","@id":"https:\/\/woblink.com\/blog\/2544-zl-tyle-srednio-polak-lub-polka-wydali-na-ksiazki-w-2020-roku\/#article","isPartOf":{"@id":"https:\/\/woblink.com\/blog\/2544-zl-tyle-srednio-polak-lub-polka-wydali-na-ksiazki-w-2020-roku\/"},"author":{"name":"Redakcja Woblinka","@id":"https:\/\/woblink.com\/blog\/#\/schema\/person\/8ab6b79d64fa54209272130c4c3b1e95"},"headline":"25,44 z\u0142 \u2013 tyle \u015brednio Polak lub Polka wydali na ksi\u0105\u017cki w 2020 roku","datePublished":"2021-10-21T08:28:03+00:00","dateModified":"2021-10-21T08:28:03+00:00","mainEntityOfPage":{"@id":"https:\/\/woblink.com\/blog\/2544-zl-tyle-srednio-polak-lub-polka-wydali-na-ksiazki-w-2020-roku\/"},"wordCount":242,"publisher":{"@id":"https:\/\/woblink.com\/blog\/#organization"},"articleSection":["Aktualno\u015bci","Rynek wydawniczy"],"inLanguage":"pl-PL"},{"@type":"WebPage","@id":"https:\/\/woblink.com\/blog\/2544-zl-tyle-srednio-polak-lub-polka-wydali-na-ksiazki-w-2020-roku\/","url":"https:\/\/woblink.com\/blog\/2544-zl-tyle-srednio-polak-lub-polka-wydali-na-ksiazki-w-2020-roku\/","name":"25,44 z\u0142 \u2013 tyle \u015brednio Polak lub Polka wydali na ksi\u0105\u017cki w 2020 roku - Woblink","isPartOf":{"@id":"https:\/\/woblink.com\/blog\/#website"},"datePublished":"2021-10-21T08:28:03+00:00","dateModified":"2021-10-21T08:28:03+00:00","breadcrumb":{"@id":"https:\/\/woblink.com\/blog\/2544-zl-tyle-srednio-polak-lub-polka-wydali-na-ksiazki-w-2020-roku\/#breadcrumb"},"inLanguage":"pl-PL","potentialAction":[{"@type":"ReadAction","target":["https:\/\/woblink.com\/blog\/2544-zl-tyle-srednio-polak-lub-polka-wydali-na-ksiazki-w-2020-roku\/"]}]},{"@type":"BreadcrumbList","@id":"https:\/\/woblink.com\/blog\/2544-zl-tyle-srednio-polak-lub-polka-wydali-na-ksiazki-w-2020-roku\/#breadcrumb","itemListElement":[{"@type":"ListItem","position":1,"name":"Strona g\u0142\u00f3wna","item":"https:\/\/woblink.com\/blog\/"},{"@type":"ListItem","position":2,"name":"25,44 z\u0142 \u2013 tyle \u015brednio Polak lub Polka wydali na ksi\u0105\u017cki w 2020 roku"}]},{"@type":"WebSite","@id":"https:\/\/woblink.com\/blog\/#website","url":"https:\/\/woblink.com\/blog\/","name":"Woblink","description":"najlepszy firmowy blog o ksi\u0105\u017ckach","publisher":{"@id":"https:\/\/woblink.com\/blog\/#organization"},"potentialAction":[{"@type":"SearchAction","target":{"@type":"EntryPoint","urlTemplate":"https:\/\/woblink.com\/blog\/?s={search_term_string}"},"query-input":"required name=search_term_string"}],"inLanguage":"pl-PL"},{"@type":"Organization","@id":"https:\/\/woblink.com\/blog\/#organization","name":"Woblink","url":"https:\/\/woblink.com\/blog\/","logo":{"@type":"ImageObject","inLanguage":"pl-PL","@id":"https:\/\/woblink.com\/blog\/#\/schema\/logo\/image\/","url":"https:\/\/i0.wp.com\/woblink.com\/blog\/wp-content\/uploads\/2019\/04\/nw_logoB.png?fit=185%2C42&ssl=1","contentUrl":"https:\/\/i0.wp.com\/woblink.com\/blog\/wp-content\/uploads\/2019\/04\/nw_logoB.png?fit=185%2C42&ssl=1","width":185,"height":42,"caption":"Woblink"},"image":{"@id":"https:\/\/woblink.com\/blog\/#\/schema\/logo\/image\/"},"sameAs":["https:\/\/facebook.com\/woblink","https:\/\/twitter.com\/woblink_com","https:\/\/www.instagram.com\/woblink_com","https:\/\/www.linkedin.com\/company\/woblink\/"]},{"@type":"Person","@id":"https:\/\/woblink.com\/blog\/#\/schema\/person\/8ab6b79d64fa54209272130c4c3b1e95","name":"Redakcja Woblinka","image":{"@type":"ImageObject","inLanguage":"pl-PL","@id":"https:\/\/woblink.com\/blog\/#\/schema\/person\/image\/","url":"https:\/\/secure.gravatar.com\/avatar\/f23ae80a7c9da060bee5f8310913478b?s=96&d=mm&r=g","contentUrl":"https:\/\/secure.gravatar.com\/avatar\/f23ae80a7c9da060bee5f8310913478b?s=96&d=mm&r=g","caption":"Redakcja Woblinka"},"url":"https:\/\/woblink.com\/blog\/author\/krasny\/"}]}},"jetpack_featured_media_url":"https:\/\/i0.wp.com\/woblink.com\/blog\/wp-content\/uploads\/2021\/10\/pawel-czerwinski-FtQPiDsBvZU-unsplash.jpg?fit=3000%2C2000&ssl=1","_links":{"self":[{"href":"https:\/\/woblink.com\/blog\/wp-json\/wp\/v2\/posts\/5367"}],"collection":[{"href":"https:\/\/woblink.com\/blog\/wp-json\/wp\/v2\/posts"}],"about":[{"href":"https:\/\/woblink.com\/blog\/wp-json\/wp\/v2\/types\/post"}],"author":[{"embeddable":true,"href":"https:\/\/woblink.com\/blog\/wp-json\/wp\/v2\/users\/7"}],"replies":[{"embeddable":true,"href":"https:\/\/woblink.com\/blog\/wp-json\/wp\/v2\/comments?post=5367"}],"version-history":[{"count":1,"href":"https:\/\/woblink.com\/blog\/wp-json\/wp\/v2\/posts\/5367\/revisions"}],"predecessor-version":[{"id":5369,"href":"https:\/\/woblink.com\/blog\/wp-json\/wp\/v2\/posts\/5367\/revisions\/5369"}],"wp:featuredmedia":[{"embeddable":true,"href":"https:\/\/woblink.com\/blog\/wp-json\/wp\/v2\/media\/5368"}],"wp:attachment":[{"href":"https:\/\/woblink.com\/blog\/wp-json\/wp\/v2\/media?parent=5367"}],"wp:term":[{"taxonomy":"category","embeddable":true,"href":"https:\/\/woblink.com\/blog\/wp-json\/wp\/v2\/categories?post=5367"},{"taxonomy":"post_tag","embeddable":true,"href":"https:\/\/woblink.com\/blog\/wp-json\/wp\/v2\/tags?post=5367"}],"curies":[{"name":"wp","href":"https:\/\/api.w.org\/{rel}","templated":true}]}}