{"id":6155,"date":"2022-01-31T14:44:12","date_gmt":"2022-01-31T13:44:12","guid":{"rendered":"https:\/\/woblink.com\/blog\/?p=6155"},"modified":"2023-02-09T10:15:38","modified_gmt":"2023-02-09T09:15:38","slug":"anne-z-zielonych-szczytow-nowe-tlumaczenie-jednej-z-najpopularniejszych-powiesci-wszech-czasow","status":"publish","type":"post","link":"https:\/\/woblink.com\/blog\/anne-z-zielonych-szczytow-nowe-tlumaczenie-jednej-z-najpopularniejszych-powiesci-wszech-czasow\/","title":{"rendered":"\u201eAnne z Zielonych Szczyt\u00f3w\u201d \u2013 nowe t\u0142umaczenie jednej z najpopularniejszych powie\u015bci wszech czas\u00f3w"},"content":{"rendered":"<p>\u201e<strong>Ania z Zielonego Wzg\u00f3rza\u201d to jedna z najpopularniejszych powie\u015bci wszech czas\u00f3w. Pierwsze polskie t\u0142umaczenie ksi\u0105\u017cki Lucy Maud Montgomery ukaza\u0142o si\u0119 w 1911 roku. Nieca\u0142y tydzie\u0144 temu na naszym rynku wydawniczym pojawi\u0142a si\u0119 \u201eAnne z Zielonych Szczyt\u00f3w\u201d. To \u015bwie\u017ce wydanie uwielbianej powie\u015bci w nowym, bli\u017cszym orygina\u0142owi przek\u0142adzie Anny Ba\u0144kowskiej.<\/strong><\/p>\n<p><!--more--><\/p>\n<h3>\u201eAnia z Zielonego Wzg\u00f3rza\u201d \u2013 t\u0142umaczenie, kt\u00f3re jako pierwsze pojawi\u0142o si\u0119 na rynku<\/h3>\n<p>\u201eAnia z Zielonego Wzg\u00f3rza\u201d (oryginalny tytu\u0142: \u201eAnne of Green Gables&#8221;) Lucy Maud Montgomery to opowie\u015b\u0107 o losach osieroconej jedenastolatki, Ani Shirley. Dziewczynka trafia pod opiek\u0119 rodze\u0144stwa Maryli i Mateusza Cuthbert\u00f3w w Avonlea. G\u0142\u00f3wna bohaterka, \u017cywio\u0142owa, niesforna i inteligentna, wprowadza w spokojne \u017cycie rodze\u0144stwa sporo zamieszania. Pierwsze polskie t\u0142umaczenie powie\u015bci ukaza\u0142o si\u0119 w 1911 roku nak\u0142adem Wydawnictwa M. Arcta. Dokona\u0142a go Rozalia Bernsteinowa i to w\u0142a\u015bnie ona nada\u0142a ksi\u0105\u017cce tytu\u0142 \u201eAnia z Zielonego Wzg\u00f3rza\u201d. Jak w rozmowie z Polsk\u0105 Agencj\u0105 Prasow\u0105 wyja\u015bni\u0142a Anna Ba\u0144kowska: &#8222;To Rozalia Bernsteinowa prze\u0142o\u017cy\u0142a \u00bbGreen Gables\u00ab jako \u00bbZielone Wzg\u00f3rze\u00ab. Jak to si\u0119 sta\u0142o? T\u0142umaczka podczas pracy posi\u0142kowa\u0142a si\u0119 szwedzkim wydaniem ksi\u0105\u017cki i to w\u0142a\u015bnie tam dokonano takiego przek\u0142adu. I tak w polskiej tradycji t\u0142umacze\u0144 zosta\u0142o&#8221;.<\/p>\n<h3>\u201eAnne z Zielonych Szczyt\u00f3w\u201d nowe wydanie w przek\u0142adzie Anny Ba\u0144kowskiej<\/h3>\n<p><a href=\"https:\/\/woblink.com\/ebook\/anne-z-zielonych-szczyt-ow-lucy-maud-montgomery-235293u\"><img decoding=\"async\" loading=\"lazy\" class=\"wp-image-6159 size-medium\" src=\"https:\/\/i0.wp.com\/woblink.com\/blog\/wp-content\/uploads\/61f0816b8c7a3.jpeg?resize=197%2C300&#038;ssl=1\" alt=\"Anne z Zielonych Szczyt\u00f3w\" width=\"197\" height=\"300\" srcset=\"https:\/\/i0.wp.com\/woblink.com\/blog\/wp-content\/uploads\/61f0816b8c7a3.jpeg?resize=197%2C300&amp;ssl=1 197w, https:\/\/i0.wp.com\/woblink.com\/blog\/wp-content\/uploads\/61f0816b8c7a3.jpeg?w=562&amp;ssl=1 562w\" sizes=\"(max-width: 197px) 100vw, 197px\" data-recalc-dims=\"1\" \/><\/a><\/p>\n<p><center><strong>Znajd\u017a <a href=\"https:\/\/woblink.com\/ksiazka\/anne-z-zielonych-szczyt-ow-lucy-maud-montgomery-234824\">ksi\u0105\u017ck\u0119<\/a> lub <a href=\"https:\/\/woblink.com\/ebook\/anne-z-zielonych-szczyt-ow-lucy-maud-montgomery-235293u\">ebooka<\/a> na Woblink.com<\/strong><\/center>&nbsp;<\/p>\n<p><strong>\u201eAnia z Zielonego Wzg\u00f3rza\u201d &#8211; nowe t\u0142umaczenie<\/strong> kultowej powie\u015bci pi\u00f3ra kanadyjskiej pisarki budzi wiele skrajnych emocji. Cz\u0119\u015b\u0107 czytelnik\u00f3w cieszy si\u0119, \u017ce b\u0119dzie mog\u0142a si\u0119gn\u0105\u0107 po nowy, bli\u017cszy orygina\u0142owi przek\u0142ad i tym samym znowu czyta\u0107 histori\u0119 rudow\u0142osej bohaterki niejako &#8222;po raz pierwszy&#8221;. Inni drwi\u0105 z tytu\u0142owych szczyt\u00f3w czy nawet zarzucaj\u0105 t\u0142umaczce szukanie &#8222;taniego poklasku&#8221;, &#8222;profanacj\u0119&#8221; i &#8222;zniszczenie dzieci\u0144stwa&#8221;. Krytykom nowego przek\u0142adu nie podobaj\u0105 si\u0119 zmiany np. w imionach g\u0142\u00f3wnych bohater\u00f3w, jednak najwi\u0119cej kontrowersji wzbudzi\u0142 sam tytu\u0142 powie\u015bci. W rozmowie z \u201eWysokimi Obcasami\u201d Anna Ba\u0144kowska przyzna\u0142a, \u017ce podj\u0119\u0142a tak\u0105, a nie inn\u0105 decyzj\u0119, gdy\u017c &#8222;Montgomery by\u0142a ogromnie przywi\u0105zana do s\u0142owa \u00bbgable\u00ab \u2013 nawet dwa wiersze o tym napisa\u0142a \u2013 i dla mnie to przes\u0105dzi\u0142o spraw\u0119. Ale zanim zmian\u0119 wprowadzi\u0142am w \u017cycie, skonsultowa\u0142am to z wydawnictwem, bo wiem, \u017ce to jest zmiana powa\u017cna&#8221;. Jak wyja\u015bni\u0142a Ba\u0144kowska &#8222;Gables&#8221; to &#8222;szczyty&#8221;, a samo poj\u0119cie jest \u015bci\u015ble zwi\u0105zane z architektur\u0105 i charakterystycznymi dla stron, w kt\u00f3rych rozgrywa\u0142a si\u0119 akcja powie\u015bci &#8222;szczytowymi&#8221; dachami.<\/p>\n<h4>Wi\u0119cej o jej podej\u015bciu do przek\u0142adu przeczytamy we wst\u0119pie do \u201eAnne z Zielonych Szczyt\u00f3w\u201d:<\/h4>\n<blockquote><p>Oddaj\u0105c Czytelniczkom i Czytelnikom nowy przek\u0142ad jednej z najbardziej kultowych powie\u015bci, jestem \u015bwiadoma \u201ezdrady\u201d pope\u0142nianej wobec pokolenia ich matek i bab\u0107, do kt\u00f3rych zreszt\u0105 zaliczam te\u017c siebie. Tak jest \u2013 razem z wydawc\u0105 tego przek\u0142adu doszli\u015bmy do wniosku, \u017ce w czasach, kiedy wszystkie dzieci wiedz\u0105, \u017ce \u017cadna ma\u0142a Kanadyjka nie ma na imi\u0119 Ania, Janka czy Zosia, a \u017caden Kanadyjczyk nie nazywa si\u0119 Mateusz czy Karolek, pora przywr\u00f3ci\u0107 wszystkim, nie tylko wybranym (jak w poprzednich przek\u0142adach), bohaterkom i bohaterom ksi\u0105\u017cki ich prawdziwe imiona, nazwom geograficznym na Wyspie Ksi\u0119cia Edwarda za\u015b ich oryginalne brzmienie. Podejmuj\u0105c si\u0119 kolejnego przek\u0142adu (a w ostatnich latach nast\u0105pi\u0142 prawdziwy ich wysyp), postawi\u0142am sobie za cel jak naj\u015bci\u015blejsz\u0105 wierno\u015b\u0107 wobec orygina\u0142u i reali\u00f3w \u017cycia w wiosce Avonlea, kt\u00f3ra chocia\u017c fikcyjna, mia\u0142a jednak sw\u00f3j pierwowz\u00f3r w prawdziwej miejscowo\u015bci Cavendish. [\u2026] Podsumowuj\u0105c, przyznaj\u0119 si\u0119 do winy: zabi\u0142am Ani\u0119, zburzy\u0142am Zielone Wzg\u00f3rze i pozbawi\u0142am je pokoiku na facjatce. Prosz\u0119 jednak o \u0142agodny wymiar kary, zwa\u017cywszy na to, \u017ce kto\u015b kiedy\u015b musia\u0142 si\u0119 podj\u0105\u0107 tego niewdzi\u0119cznego zadania.<\/p><\/blockquote>\n<h3>\u201eAnne z Zielonych Szczyt\u00f3w\u201d \u2013 opis<\/h3>\n<p>\u201eAnne z Zielonych Szczyt\u00f3w\u201d to kultowa powie\u015b\u0107 w nowym, znacznie bli\u017cszym orygina\u0142owi, t\u0142umaczeniu. G\u0142\u00f3wna bohaterka, jedenastoletnia Anne Shirley, zostaje adoptowana i wyrusza w podr\u00f3\u017c do wyczekanego domu. Na miejscu okazuje si\u0119, \u017ce dosz\u0142o do pomy\u0142ki. Rodze\u0144stwo Marilla i Matthew Cuthbert mia\u0142o w planach adopcj\u0119 ch\u0142opca, aby ten m\u00f3g\u0142 pomaga\u0107 im w gospodarstwie. Marilla chce odes\u0142a\u0107 dziewczynk\u0119, ale gadatliwa Anne b\u0142yskawicznie zaskarbia sobie ogromn\u0105 sympati\u0119 Matthew i ostatecznie zostaje w Avonlea. Z czasem Cuthbertowie nie b\u0119d\u0105 potrafili wyobrazi\u0107 sobie bez niej \u017cycia. Ta pe\u0142na ciep\u0142a i humoru opowie\u015b\u0107 o dorastaniu, mi\u0142o\u015bci oraz przyja\u017ani poruszy\u0142a serca wielu czytelnik\u00f3w na ca\u0142ym \u015bwiecie. Zaczytywa\u0142y si\u0119 w niej mi\u0119dzy innymi Aretha Franklin, Margaret Atwood, Alice Munro czy ksi\u0119\u017cna Kate.<\/p>\n<h3>Nowe t\u0142umaczenie &#8222;Ani z Zielonego Wzg\u00f3rza&#8221; a kolejne tomy z serii<\/h3>\n<p>Wydawnictwo Marginesy, w odpowiedzi na pytania czytelnik\u00f3w, zdradzi\u0142o daty premier kolejnych tom\u00f3w z serii. \u201eAnne z Avonlea\u201d uka\u017ce si\u0119 1 czerwca, a \u201eAnne z Redmondu\u201d znajdzie si\u0119 w ksi\u0119garniach w sierpniu. Wydanie kolejnych tom\u00f3w jest zaplanowane na 2023 rok.<br \/>\n<iframe loading=\"lazy\" style=\"border: none; overflow: hidden;\" src=\"https:\/\/www.facebook.com\/plugins\/post.php?href=https%3A%2F%2Fwww.facebook.com%2Fwydawnictwomarginesy%2Fposts%2F7011200715620227&amp;show_text=true&amp;width=500\" width=\"500\" height=\"673\" frameborder=\"0\" scrolling=\"no\" allowfullscreen=\"allowfullscreen\"><\/iframe><\/p>\n","protected":false},"excerpt":{"rendered":"<p>\u201eAnia z Zielonego Wzg\u00f3rza\u201d to jedna z najpopularniejszych powie\u015bci wszech czas\u00f3w. Pierwsze polskie t\u0142umaczenie ksi\u0105\u017cki Lucy Maud Montgomery ukaza\u0142o si\u0119 w 1911 roku. Nieca\u0142y tydzie\u0144 temu na naszym rynku wydawniczym pojawi\u0142a si\u0119 \u201eAnne z Zielonych Szczyt\u00f3w\u201d. To \u015bwie\u017ce wydanie uwielbianej powie\u015bci w nowym, bli\u017cszym orygina\u0142owi&#8230;<\/p>\n","protected":false},"author":7,"featured_media":6169,"comment_status":"closed","ping_status":"open","sticky":false,"template":"","format":"standard","meta":[],"categories":[87,89],"tags":[],"yoast_head":"<!-- This site is optimized with the Yoast SEO plugin v20.11 - https:\/\/yoast.com\/wordpress\/plugins\/seo\/ -->\n<title>&quot;Ania z Zielonych Szczyt\u00f3w&quot; - nowe t\u0142umaczenie kultowej powie\u015bci - Woblink<\/title>\n<meta name=\"description\" content=\"26.01 swoj\u0105 premier\u0119 mia\u0142a \u201eAnne z Zielonych Szczyt\u00f3w\u201d - nowe t\u0142umaczenie uwielbianej powie\u015bci w nowym, bli\u017cszym orygina\u0142owi przek\u0142adzie Anny Ba\u0144kowskiej.\" \/>\n<meta name=\"robots\" content=\"index, follow, max-snippet:-1, max-image-preview:large, max-video-preview:-1\" \/>\n<link rel=\"canonical\" href=\"https:\/\/woblink.com\/blog\/anne-z-zielonych-szczytow-nowe-tlumaczenie-jednej-z-najpopularniejszych-powiesci-wszech-czasow\/\" \/>\n<meta property=\"og:locale\" content=\"pl_PL\" \/>\n<meta property=\"og:type\" content=\"article\" \/>\n<meta property=\"og:title\" content=\"&quot;Ania z Zielonych Szczyt\u00f3w&quot; - nowe t\u0142umaczenie kultowej powie\u015bci - Woblink\" \/>\n<meta property=\"og:description\" content=\"26.01 swoj\u0105 premier\u0119 mia\u0142a \u201eAnne z Zielonych Szczyt\u00f3w\u201d - nowe t\u0142umaczenie uwielbianej powie\u015bci w nowym, bli\u017cszym orygina\u0142owi przek\u0142adzie Anny Ba\u0144kowskiej.\" \/>\n<meta property=\"og:url\" content=\"https:\/\/woblink.com\/blog\/anne-z-zielonych-szczytow-nowe-tlumaczenie-jednej-z-najpopularniejszych-powiesci-wszech-czasow\/\" \/>\n<meta property=\"og:site_name\" content=\"Woblink\" \/>\n<meta property=\"article:publisher\" content=\"https:\/\/facebook.com\/woblink\" \/>\n<meta property=\"article:published_time\" content=\"2022-01-31T13:44:12+00:00\" \/>\n<meta property=\"article:modified_time\" content=\"2023-02-09T09:15:38+00:00\" \/>\n<meta property=\"og:image\" content=\"https:\/\/i0.wp.com\/woblink.com\/blog\/wp-content\/uploads\/ane-1.png?fit=1011%2C690&ssl=1\" \/>\n\t<meta property=\"og:image:width\" content=\"1011\" \/>\n\t<meta property=\"og:image:height\" content=\"690\" \/>\n\t<meta property=\"og:image:type\" content=\"image\/png\" \/>\n<meta name=\"author\" content=\"Redakcja Woblinka\" \/>\n<meta name=\"twitter:card\" content=\"summary_large_image\" \/>\n<meta name=\"twitter:creator\" content=\"@woblink_com\" \/>\n<meta name=\"twitter:site\" content=\"@woblink_com\" \/>\n<meta name=\"twitter:label1\" content=\"Napisane przez\" \/>\n\t<meta name=\"twitter:data1\" content=\"Redakcja Woblinka\" \/>\n\t<meta name=\"twitter:label2\" content=\"Szacowany czas czytania\" \/>\n\t<meta name=\"twitter:data2\" content=\"4 minuty\" \/>\n<script type=\"application\/ld+json\" class=\"yoast-schema-graph\">{\"@context\":\"https:\/\/schema.org\",\"@graph\":[{\"@type\":\"Article\",\"@id\":\"https:\/\/woblink.com\/blog\/anne-z-zielonych-szczytow-nowe-tlumaczenie-jednej-z-najpopularniejszych-powiesci-wszech-czasow\/#article\",\"isPartOf\":{\"@id\":\"https:\/\/woblink.com\/blog\/anne-z-zielonych-szczytow-nowe-tlumaczenie-jednej-z-najpopularniejszych-powiesci-wszech-czasow\/\"},\"author\":{\"name\":\"Redakcja Woblinka\",\"@id\":\"https:\/\/woblink.com\/blog\/#\/schema\/person\/8ab6b79d64fa54209272130c4c3b1e95\"},\"headline\":\"\u201eAnne z Zielonych Szczyt\u00f3w\u201d \u2013 nowe t\u0142umaczenie jednej z najpopularniejszych powie\u015bci wszech czas\u00f3w\",\"datePublished\":\"2022-01-31T13:44:12+00:00\",\"dateModified\":\"2023-02-09T09:15:38+00:00\",\"mainEntityOfPage\":{\"@id\":\"https:\/\/woblink.com\/blog\/anne-z-zielonych-szczytow-nowe-tlumaczenie-jednej-z-najpopularniejszych-powiesci-wszech-czasow\/\"},\"wordCount\":878,\"publisher\":{\"@id\":\"https:\/\/woblink.com\/blog\/#organization\"},\"articleSection\":[\"Aktualno\u015bci\",\"Rynek wydawniczy\"],\"inLanguage\":\"pl-PL\"},{\"@type\":\"WebPage\",\"@id\":\"https:\/\/woblink.com\/blog\/anne-z-zielonych-szczytow-nowe-tlumaczenie-jednej-z-najpopularniejszych-powiesci-wszech-czasow\/\",\"url\":\"https:\/\/woblink.com\/blog\/anne-z-zielonych-szczytow-nowe-tlumaczenie-jednej-z-najpopularniejszych-powiesci-wszech-czasow\/\",\"name\":\"\\\"Ania z Zielonych Szczyt\u00f3w\\\" - nowe t\u0142umaczenie kultowej powie\u015bci - Woblink\",\"isPartOf\":{\"@id\":\"https:\/\/woblink.com\/blog\/#website\"},\"datePublished\":\"2022-01-31T13:44:12+00:00\",\"dateModified\":\"2023-02-09T09:15:38+00:00\",\"description\":\"26.01 swoj\u0105 premier\u0119 mia\u0142a \u201eAnne z Zielonych Szczyt\u00f3w\u201d - nowe t\u0142umaczenie uwielbianej powie\u015bci w nowym, bli\u017cszym orygina\u0142owi przek\u0142adzie Anny Ba\u0144kowskiej.\",\"breadcrumb\":{\"@id\":\"https:\/\/woblink.com\/blog\/anne-z-zielonych-szczytow-nowe-tlumaczenie-jednej-z-najpopularniejszych-powiesci-wszech-czasow\/#breadcrumb\"},\"inLanguage\":\"pl-PL\",\"potentialAction\":[{\"@type\":\"ReadAction\",\"target\":[\"https:\/\/woblink.com\/blog\/anne-z-zielonych-szczytow-nowe-tlumaczenie-jednej-z-najpopularniejszych-powiesci-wszech-czasow\/\"]}]},{\"@type\":\"BreadcrumbList\",\"@id\":\"https:\/\/woblink.com\/blog\/anne-z-zielonych-szczytow-nowe-tlumaczenie-jednej-z-najpopularniejszych-powiesci-wszech-czasow\/#breadcrumb\",\"itemListElement\":[{\"@type\":\"ListItem\",\"position\":1,\"name\":\"Strona g\u0142\u00f3wna\",\"item\":\"https:\/\/woblink.com\/blog\/\"},{\"@type\":\"ListItem\",\"position\":2,\"name\":\"\u201eAnne z Zielonych Szczyt\u00f3w\u201d \u2013 nowe t\u0142umaczenie jednej z najpopularniejszych powie\u015bci wszech czas\u00f3w\"}]},{\"@type\":\"WebSite\",\"@id\":\"https:\/\/woblink.com\/blog\/#website\",\"url\":\"https:\/\/woblink.com\/blog\/\",\"name\":\"Woblink\",\"description\":\"najlepszy firmowy blog o ksi\u0105\u017ckach\",\"publisher\":{\"@id\":\"https:\/\/woblink.com\/blog\/#organization\"},\"potentialAction\":[{\"@type\":\"SearchAction\",\"target\":{\"@type\":\"EntryPoint\",\"urlTemplate\":\"https:\/\/woblink.com\/blog\/?s={search_term_string}\"},\"query-input\":\"required name=search_term_string\"}],\"inLanguage\":\"pl-PL\"},{\"@type\":\"Organization\",\"@id\":\"https:\/\/woblink.com\/blog\/#organization\",\"name\":\"Woblink\",\"url\":\"https:\/\/woblink.com\/blog\/\",\"logo\":{\"@type\":\"ImageObject\",\"inLanguage\":\"pl-PL\",\"@id\":\"https:\/\/woblink.com\/blog\/#\/schema\/logo\/image\/\",\"url\":\"https:\/\/i0.wp.com\/woblink.com\/blog\/wp-content\/uploads\/2019\/04\/nw_logoB.png?fit=185%2C42&ssl=1\",\"contentUrl\":\"https:\/\/i0.wp.com\/woblink.com\/blog\/wp-content\/uploads\/2019\/04\/nw_logoB.png?fit=185%2C42&ssl=1\",\"width\":185,\"height\":42,\"caption\":\"Woblink\"},\"image\":{\"@id\":\"https:\/\/woblink.com\/blog\/#\/schema\/logo\/image\/\"},\"sameAs\":[\"https:\/\/facebook.com\/woblink\",\"https:\/\/twitter.com\/woblink_com\",\"https:\/\/www.instagram.com\/woblink_com\",\"https:\/\/www.linkedin.com\/company\/woblink\/\"]},{\"@type\":\"Person\",\"@id\":\"https:\/\/woblink.com\/blog\/#\/schema\/person\/8ab6b79d64fa54209272130c4c3b1e95\",\"name\":\"Redakcja Woblinka\",\"image\":{\"@type\":\"ImageObject\",\"inLanguage\":\"pl-PL\",\"@id\":\"https:\/\/woblink.com\/blog\/#\/schema\/person\/image\/\",\"url\":\"https:\/\/secure.gravatar.com\/avatar\/f23ae80a7c9da060bee5f8310913478b?s=96&d=mm&r=g\",\"contentUrl\":\"https:\/\/secure.gravatar.com\/avatar\/f23ae80a7c9da060bee5f8310913478b?s=96&d=mm&r=g\",\"caption\":\"Redakcja Woblinka\"},\"url\":\"https:\/\/woblink.com\/blog\/author\/krasny\/\"}]}<\/script>\n<!-- \/ Yoast SEO plugin. -->","yoast_head_json":{"title":"\"Ania z Zielonych Szczyt\u00f3w\" - nowe t\u0142umaczenie kultowej powie\u015bci - Woblink","description":"26.01 swoj\u0105 premier\u0119 mia\u0142a \u201eAnne z Zielonych Szczyt\u00f3w\u201d - nowe t\u0142umaczenie uwielbianej powie\u015bci w nowym, bli\u017cszym orygina\u0142owi przek\u0142adzie Anny Ba\u0144kowskiej.","robots":{"index":"index","follow":"follow","max-snippet":"max-snippet:-1","max-image-preview":"max-image-preview:large","max-video-preview":"max-video-preview:-1"},"canonical":"https:\/\/woblink.com\/blog\/anne-z-zielonych-szczytow-nowe-tlumaczenie-jednej-z-najpopularniejszych-powiesci-wszech-czasow\/","og_locale":"pl_PL","og_type":"article","og_title":"\"Ania z Zielonych Szczyt\u00f3w\" - nowe t\u0142umaczenie kultowej powie\u015bci - Woblink","og_description":"26.01 swoj\u0105 premier\u0119 mia\u0142a \u201eAnne z Zielonych Szczyt\u00f3w\u201d - nowe t\u0142umaczenie uwielbianej powie\u015bci w nowym, bli\u017cszym orygina\u0142owi przek\u0142adzie Anny Ba\u0144kowskiej.","og_url":"https:\/\/woblink.com\/blog\/anne-z-zielonych-szczytow-nowe-tlumaczenie-jednej-z-najpopularniejszych-powiesci-wszech-czasow\/","og_site_name":"Woblink","article_publisher":"https:\/\/facebook.com\/woblink","article_published_time":"2022-01-31T13:44:12+00:00","article_modified_time":"2023-02-09T09:15:38+00:00","og_image":[{"width":1011,"height":690,"url":"https:\/\/i0.wp.com\/woblink.com\/blog\/wp-content\/uploads\/ane-1.png?fit=1011%2C690&ssl=1","type":"image\/png"}],"author":"Redakcja Woblinka","twitter_card":"summary_large_image","twitter_creator":"@woblink_com","twitter_site":"@woblink_com","twitter_misc":{"Napisane przez":"Redakcja Woblinka","Szacowany czas czytania":"4 minuty"},"schema":{"@context":"https:\/\/schema.org","@graph":[{"@type":"Article","@id":"https:\/\/woblink.com\/blog\/anne-z-zielonych-szczytow-nowe-tlumaczenie-jednej-z-najpopularniejszych-powiesci-wszech-czasow\/#article","isPartOf":{"@id":"https:\/\/woblink.com\/blog\/anne-z-zielonych-szczytow-nowe-tlumaczenie-jednej-z-najpopularniejszych-powiesci-wszech-czasow\/"},"author":{"name":"Redakcja Woblinka","@id":"https:\/\/woblink.com\/blog\/#\/schema\/person\/8ab6b79d64fa54209272130c4c3b1e95"},"headline":"\u201eAnne z Zielonych Szczyt\u00f3w\u201d \u2013 nowe t\u0142umaczenie jednej z najpopularniejszych powie\u015bci wszech czas\u00f3w","datePublished":"2022-01-31T13:44:12+00:00","dateModified":"2023-02-09T09:15:38+00:00","mainEntityOfPage":{"@id":"https:\/\/woblink.com\/blog\/anne-z-zielonych-szczytow-nowe-tlumaczenie-jednej-z-najpopularniejszych-powiesci-wszech-czasow\/"},"wordCount":878,"publisher":{"@id":"https:\/\/woblink.com\/blog\/#organization"},"articleSection":["Aktualno\u015bci","Rynek wydawniczy"],"inLanguage":"pl-PL"},{"@type":"WebPage","@id":"https:\/\/woblink.com\/blog\/anne-z-zielonych-szczytow-nowe-tlumaczenie-jednej-z-najpopularniejszych-powiesci-wszech-czasow\/","url":"https:\/\/woblink.com\/blog\/anne-z-zielonych-szczytow-nowe-tlumaczenie-jednej-z-najpopularniejszych-powiesci-wszech-czasow\/","name":"\"Ania z Zielonych Szczyt\u00f3w\" - nowe t\u0142umaczenie kultowej powie\u015bci - Woblink","isPartOf":{"@id":"https:\/\/woblink.com\/blog\/#website"},"datePublished":"2022-01-31T13:44:12+00:00","dateModified":"2023-02-09T09:15:38+00:00","description":"26.01 swoj\u0105 premier\u0119 mia\u0142a \u201eAnne z Zielonych Szczyt\u00f3w\u201d - nowe t\u0142umaczenie uwielbianej powie\u015bci w nowym, bli\u017cszym orygina\u0142owi przek\u0142adzie Anny Ba\u0144kowskiej.","breadcrumb":{"@id":"https:\/\/woblink.com\/blog\/anne-z-zielonych-szczytow-nowe-tlumaczenie-jednej-z-najpopularniejszych-powiesci-wszech-czasow\/#breadcrumb"},"inLanguage":"pl-PL","potentialAction":[{"@type":"ReadAction","target":["https:\/\/woblink.com\/blog\/anne-z-zielonych-szczytow-nowe-tlumaczenie-jednej-z-najpopularniejszych-powiesci-wszech-czasow\/"]}]},{"@type":"BreadcrumbList","@id":"https:\/\/woblink.com\/blog\/anne-z-zielonych-szczytow-nowe-tlumaczenie-jednej-z-najpopularniejszych-powiesci-wszech-czasow\/#breadcrumb","itemListElement":[{"@type":"ListItem","position":1,"name":"Strona g\u0142\u00f3wna","item":"https:\/\/woblink.com\/blog\/"},{"@type":"ListItem","position":2,"name":"\u201eAnne z Zielonych Szczyt\u00f3w\u201d \u2013 nowe t\u0142umaczenie jednej z najpopularniejszych powie\u015bci wszech czas\u00f3w"}]},{"@type":"WebSite","@id":"https:\/\/woblink.com\/blog\/#website","url":"https:\/\/woblink.com\/blog\/","name":"Woblink","description":"najlepszy firmowy blog o ksi\u0105\u017ckach","publisher":{"@id":"https:\/\/woblink.com\/blog\/#organization"},"potentialAction":[{"@type":"SearchAction","target":{"@type":"EntryPoint","urlTemplate":"https:\/\/woblink.com\/blog\/?s={search_term_string}"},"query-input":"required name=search_term_string"}],"inLanguage":"pl-PL"},{"@type":"Organization","@id":"https:\/\/woblink.com\/blog\/#organization","name":"Woblink","url":"https:\/\/woblink.com\/blog\/","logo":{"@type":"ImageObject","inLanguage":"pl-PL","@id":"https:\/\/woblink.com\/blog\/#\/schema\/logo\/image\/","url":"https:\/\/i0.wp.com\/woblink.com\/blog\/wp-content\/uploads\/2019\/04\/nw_logoB.png?fit=185%2C42&ssl=1","contentUrl":"https:\/\/i0.wp.com\/woblink.com\/blog\/wp-content\/uploads\/2019\/04\/nw_logoB.png?fit=185%2C42&ssl=1","width":185,"height":42,"caption":"Woblink"},"image":{"@id":"https:\/\/woblink.com\/blog\/#\/schema\/logo\/image\/"},"sameAs":["https:\/\/facebook.com\/woblink","https:\/\/twitter.com\/woblink_com","https:\/\/www.instagram.com\/woblink_com","https:\/\/www.linkedin.com\/company\/woblink\/"]},{"@type":"Person","@id":"https:\/\/woblink.com\/blog\/#\/schema\/person\/8ab6b79d64fa54209272130c4c3b1e95","name":"Redakcja Woblinka","image":{"@type":"ImageObject","inLanguage":"pl-PL","@id":"https:\/\/woblink.com\/blog\/#\/schema\/person\/image\/","url":"https:\/\/secure.gravatar.com\/avatar\/f23ae80a7c9da060bee5f8310913478b?s=96&d=mm&r=g","contentUrl":"https:\/\/secure.gravatar.com\/avatar\/f23ae80a7c9da060bee5f8310913478b?s=96&d=mm&r=g","caption":"Redakcja Woblinka"},"url":"https:\/\/woblink.com\/blog\/author\/krasny\/"}]}},"jetpack_featured_media_url":"https:\/\/i0.wp.com\/woblink.com\/blog\/wp-content\/uploads\/ane-1.png?fit=1011%2C690&ssl=1","_links":{"self":[{"href":"https:\/\/woblink.com\/blog\/wp-json\/wp\/v2\/posts\/6155"}],"collection":[{"href":"https:\/\/woblink.com\/blog\/wp-json\/wp\/v2\/posts"}],"about":[{"href":"https:\/\/woblink.com\/blog\/wp-json\/wp\/v2\/types\/post"}],"author":[{"embeddable":true,"href":"https:\/\/woblink.com\/blog\/wp-json\/wp\/v2\/users\/7"}],"replies":[{"embeddable":true,"href":"https:\/\/woblink.com\/blog\/wp-json\/wp\/v2\/comments?post=6155"}],"version-history":[{"count":11,"href":"https:\/\/woblink.com\/blog\/wp-json\/wp\/v2\/posts\/6155\/revisions"}],"predecessor-version":[{"id":9783,"href":"https:\/\/woblink.com\/blog\/wp-json\/wp\/v2\/posts\/6155\/revisions\/9783"}],"wp:featuredmedia":[{"embeddable":true,"href":"https:\/\/woblink.com\/blog\/wp-json\/wp\/v2\/media\/6169"}],"wp:attachment":[{"href":"https:\/\/woblink.com\/blog\/wp-json\/wp\/v2\/media?parent=6155"}],"wp:term":[{"taxonomy":"category","embeddable":true,"href":"https:\/\/woblink.com\/blog\/wp-json\/wp\/v2\/categories?post=6155"},{"taxonomy":"post_tag","embeddable":true,"href":"https:\/\/woblink.com\/blog\/wp-json\/wp\/v2\/tags?post=6155"}],"curies":[{"name":"wp","href":"https:\/\/api.w.org\/{rel}","templated":true}]}}