{"id":6222,"date":"2022-02-04T15:51:56","date_gmt":"2022-02-04T14:51:56","guid":{"rendered":"https:\/\/woblink.com\/blog\/?p=6222"},"modified":"2022-02-04T15:51:56","modified_gmt":"2022-02-04T14:51:56","slug":"olsnienia-2022-literackie-nominacje-do-nagrod-kulturalnych-onetu","status":"publish","type":"post","link":"https:\/\/woblink.com\/blog\/olsnienia-2022-literackie-nominacje-do-nagrod-kulturalnych-onetu\/","title":{"rendered":"O!L\u015bnienia 2022 \u2013 literackie\u00a0nominacje do nagr\u00f3d kulturalnych Onetu"},"content":{"rendered":"<p><strong>Poznali\u015bmy tegoroczne nominacje do O!L\u015bnie\u0144 \u2013 Nagr\u00f3d Kulturalnych Onetu i Miasta Krak\u00f3w. Tradycyjnie nagrody zostan\u0105 przyznane w kategoriach Film, Literatura, Sztuki Wizualne, Muzyka Popularna, Muzyka Klasyczna, Balet i Jazz, Teatr oraz Serial. O tym, kto zdob\u0119dzie statuetki, decyduj\u0105 internauci. Plebiscyt trwa do p\u00f3\u0142nocy 25 lutego. a zwyci\u0119zc\u00f3w\/zwyci\u0119\u017cczynie poznamy 4 marca, podczas uroczysto\u015bci wr\u0119czenia nagr\u00f3d w ICE Krak\u00f3w Congress Centre.<\/strong><\/p>\n<p><!--more--><\/p>\n<h3><strong>O!L\u015bnienia 2022 \u2013 Nagrody Kulturalne Onetu i Miasta Krak\u00f3w.\u00a0<\/strong><\/h3>\n<p>W porannym programie \u201eRezerwacja\u201d, prowadzonym przez Katarzyn\u0119 Janowsk\u0105, zaprezentowani zostali nominowani do tegorocznych Nagr\u00f3d Kulturalnych Onetu i Miasta Krak\u00f3w.\u00a0Tradycyjnie nagrody zostan\u0105 przyznane w kategoriach Film, Literatura, Sztuki Wizualne, Muzyka Popularna, Muzyka Klasyczna, Balet i Jazz, Teatr oraz Serial. O tym, kto zdob\u0119dzie statuetki, decyduj\u0105 internauci. Plebiscyt trwa do p\u00f3\u0142nocy 25 lutego. a zwyci\u0119zc\u00f3w\/zwyci\u0119\u017cczynie poznamy 4 marca, podczas uroczysto\u015bci wr\u0119czenia nagr\u00f3d w ICE Krak\u00f3w Congress Centre. Nas, rzecz jasna, najbardziej interesuj\u0105 nominowani w kategorii literatura!<\/p>\n<p>&nbsp;<\/p>\n<h3><strong>O!L\u015bnienia 2022 \u2013 nominowani w kategorii literatura<\/strong><\/h3>\n<h4><strong>Agnieszka Gajewska \u2013 Wyp\u0119dzony z Wysokiego Zamku, Wydawnictwo Literackie<\/strong><\/h4>\n<p>Agnieszka Gajewska zosta\u0142a nominowana do O!L\u015bnie\u0144 \u201eza pierwsz\u0105 tak szeroko zakrojon\u0105 biografi\u0119 Stanis\u0142awa Lema. Psychologiczny portret pisarza, w kt\u00f3rego tw\u00f3rczo\u015bci science fiction, jak ods\u0142ania autorka, odbija\u0142y si\u0119 wojenne prze\u017cycia i traumy\u201d.<\/p>\n<figure id=\"attachment_6246\" aria-describedby=\"caption-attachment-6246\" style=\"width: 210px\" class=\"wp-caption aligncenter\"><a href=\"https:\/\/woblink.com\/ebook\/stanislaw-lem-wypedzony-z-wysokiego-zamku-agnieszka-gajewska-227338u\"><img decoding=\"async\" loading=\"lazy\" class=\"wp-image-6246 size-medium\" src=\"https:\/\/i0.wp.com\/woblink.com\/blog\/wp-content\/uploads\/61b005faddd21.jpeg?resize=210%2C300&#038;ssl=1\" alt=\"stanis\u0142aw lem o!l\u015bnienia literackie nagroda 2022\" width=\"210\" height=\"300\" srcset=\"https:\/\/i0.wp.com\/woblink.com\/blog\/wp-content\/uploads\/61b005faddd21.jpeg?resize=210%2C300&amp;ssl=1 210w, https:\/\/i0.wp.com\/woblink.com\/blog\/wp-content\/uploads\/61b005faddd21.jpeg?w=570&amp;ssl=1 570w\" sizes=\"(max-width: 210px) 100vw, 210px\" data-recalc-dims=\"1\" \/><\/a><figcaption id=\"caption-attachment-6246\" class=\"wp-caption-text\"><center><b>Znajd\u017a <a href=\"https:\/\/woblink.com\/ksiazka\/stanislaw-lem-wypedzony-z-wysokiego-zamku-agnieszka-gajewska-227657\">ksi\u0105\u017ck\u0119<\/a> lub <a href=\"https:\/\/woblink.com\/ebook\/stanislaw-lem-wypedzony-z-wysokiego-zamku-agnieszka-gajewska-227338u\">ebooka<\/a> na Woblink.com<\/b><\/center><\/figcaption><\/figure>\n<p><strong>Opis wydawcy:<\/strong><\/p>\n<p>O tw\u00f3rczo\u015bci i literackich zmaganiach Stanis\u0142awa Lema napisano ju\u017c wiele. Jako cz\u0142owiek wci\u0105\u017c pozostaje jednak zagadk\u0105. Bardzo oszcz\u0119dnie opowiada\u0142 o swoim \u017cyciu prywatnym \u2013 wymawia\u0142 si\u0119 s\u0142ab\u0105 pami\u0119ci\u0105, zostawia\u0142 niedopowiedzenia i przytacza\u0142 zabawne anegdoty, gdy pada\u0142y trudne pytania.<\/p>\n<p>Co rz\u0105dzi\u0142o jego \u015bwiatem? Przemilczana trauma i ucieczka przed bolesnymi wspomnieniami? Wyparta to\u017csamo\u015b\u0107 \u017cydowska i potrzeba przynale\u017cno\u015bci do wsp\u00f3lnoty? Nieprzejednany dystans do \u015bwiata? L\u0119ki czy geniusz? Czego si\u0119 ba\u0142, przed czym ucieka\u0142?<\/p>\n<p>Literaturoznawczyni i badaczka jego tw\u00f3rczo\u015bci Agnieszka Gajewska dotar\u0142a do nowych \u017ar\u00f3de\u0142 (archiwa lwowskie, archiwa bezpieki, archiwa prywatne), z kt\u00f3rych nikt wcze\u015bniej nie korzysta\u0142. Dzi\u0119ki nim nie tylko udaje jej si\u0119 zrekonstruowa\u0107 \u017cycie \u017cydowskiej inteligencji i przedwojennego wielokulturowego Lwowa, ale r\u00f3wnie\u017c postawi\u0107 mocno udokumentowan\u0105 tez\u0119: do\u015bwiadczenie wojny i ocalenie z Zag\u0142ady mia\u0142o fundamentalny wp\u0142yw na Stanis\u0142awa Lema i jego tw\u00f3rczo\u015b\u0107, kt\u00f3ra pe\u0142na jest zakamuflowanych odniesie\u0144 do jego \u017cyciowych do\u015bwiadcze\u0144.<\/p>\n<h4><strong>Andrzej Stasiuk \u2013 Przew\u00f3z, Wydawnictwo Czarne<\/strong><\/h4>\n<p>Andrzej Stasiuk otrzyma\u0142 nominacj\u0119 do O!L\u015bnie\u0144 \u201eza poprowadzon\u0105 z rozmachem powie\u015b\u0107 historyczn\u0105 ze \u015bwietnymi postaciami kobiet. Pisarz pokazuje, jak bardzo przesz\u0142o\u015b\u0107 wp\u0142ywa na nasz\u0105 wsp\u00f3\u0142czesno\u015b\u0107. Rzecz dzieje si\u0119 w czasie II wojny na granicy nad Bugiem. Dzi\u015b znowu patrzymy w tamtym kierunku na tych, kt\u00f3rzy w poszukiwaniu lepszego \u017cycia, pr\u00f3buj\u0105 j\u0105 przekroczy\u0107\u201d.<\/p>\n<figure id=\"attachment_6240\" aria-describedby=\"caption-attachment-6240\" style=\"width: 184px\" class=\"wp-caption aligncenter\"><a href=\"https:\/\/woblink.com\/ksiazka\/przew-oz-andrzej-stasiuk-210460\"><img decoding=\"async\" loading=\"lazy\" class=\"wp-image-6240 size-medium\" src=\"https:\/\/i0.wp.com\/woblink.com\/blog\/wp-content\/uploads\/60ce875f3b262.jpeg?resize=184%2C300&#038;ssl=1\" alt=\"stasiuk o!l\u015bnienia nagrody onet ksi\u0105\u017cka przew\u00f3z 2022\" width=\"184\" height=\"300\" srcset=\"https:\/\/i0.wp.com\/woblink.com\/blog\/wp-content\/uploads\/60ce875f3b262.jpeg?resize=184%2C300&amp;ssl=1 184w, https:\/\/i0.wp.com\/woblink.com\/blog\/wp-content\/uploads\/60ce875f3b262.jpeg?w=524&amp;ssl=1 524w\" sizes=\"(max-width: 184px) 100vw, 184px\" data-recalc-dims=\"1\" \/><\/a><figcaption id=\"caption-attachment-6240\" class=\"wp-caption-text\"><center><b>Znajd\u017a <a href=\"https:\/\/woblink.com\/ksiazka\/przew-oz-andrzej-stasiuk-210460\">ksi\u0105\u017ck\u0119<\/a>, <a href=\"https:\/\/woblink.com\/audiobook\/przew-oz-andrzej-stasiuk-215395\">audiobooka<\/a> lub <a href=\"https:\/\/woblink.com\/ebook\/przew-oz-andrzej-stasiuk-210176u\">ebooka<\/a> na Woblink.com<\/b><\/center><\/figcaption><\/figure>\n<p><strong>Opis wydawcy:<\/strong><\/p>\n<p>Gor\u0105cy czerwiec 1941 roku. Jasne ksi\u0119\u017cycowe noce, niskie bagienne \u0142\u0105ki, cienisty sad i zimna \u017cy\u0142a rzeki, kt\u00f3ra podzieli\u0142a \u015bwiat na p\u00f3\u0142. Na jednym brzegu Niemcy, \u017celazny w\u0105\u017c czo\u0142g\u00f3w, ci\u0119\u017car\u00f3wek, maszyn. Na drugim Rosjanie. Po\u015brodku wiejski przewo\u017anik, kt\u00f3ry z jednego brzegu na drugi wozi noc\u0105 ka\u017cdego, kto zap\u0142aci. \u017bydowskie rodze\u0144stwo, kt\u00f3re w drodze do wy\u015bnionej Ziemi Obiecanej, chowa si\u0119 w stodole tu\u017c obok ka\u0142u\u017c \u015bwi\u0144skich wn\u0119trzno\u015bci. Ch\u0142opcy z partyzantki, wierz\u0105cy jeszcze, \u017ce wojna jest przygod\u0105, wykonuj\u0105 wyroki, kt\u00f3rych nie rozumiej\u0105. Ich dow\u00f3dca czeka na rozkazy. Zanim nadejd\u0105, ka\u017ce liczy\u0107 czo\u0142gi i nad kolejnym butelkami bimbru, w\u015br\u00f3d roju much przekonuje, \u017ce ju\u017c wkr\u00f3tce b\u0119dzie po kolana brodzi\u0142 we krwi wrog\u00f3w. Wszyscy przychodz\u0105 do kobiety, przykucni\u0119tej, bosej, hardej. Czekaj\u0105, upa\u0142 m\u0105ci umys\u0142y.<\/p>\n<p>A pewien ma\u0142y ch\u0142opiec widzi, s\u0142yszy i zapami\u0119tuje to wszystko: grzmot nadlatuj\u0105cych samolot\u00f3w, dr\u017cenie ziemi. Po latach narrator pr\u00f3buje opowiedzie\u0107 histori\u0119, kt\u00f3rej nie opowiedzia\u0142 mu ojciec.<\/p>\n<h4><strong>Jakub \u017bulczyk \u2013 Informacja zwrotna, \u015awiat Ksi\u0105\u017cki<\/strong><\/h4>\n<p>Jakub \u017bulczyk zosta\u0142 nominowany do O!L\u015bnie\u0144 \u201eza doskonale naszkicowany portret zak\u0142amanego \u015bwiata alkoholika, jego toksycznego wp\u0142ywu na najbli\u017cszych i mroku, w jaki wci\u0105ga wszystkich, kt\u00f3rzy si\u0119 do niego zbli\u017c\u0105. W tle z\u0142odziejska reprywatyzacja w Warszawie i zab\u00f3jstwo Jolanty Brzeskiej. Mocne i zasysaj\u0105ce\u201d.<\/p>\n<figure id=\"attachment_6248\" aria-describedby=\"caption-attachment-6248\" style=\"width: 204px\" class=\"wp-caption aligncenter\"><a href=\"https:\/\/woblink.com\/ksiazka\/informacja-zwrotna-jakub-zulczyk-215265\"><img decoding=\"async\" loading=\"lazy\" class=\"wp-image-6248 size-medium\" src=\"https:\/\/i0.wp.com\/woblink.com\/blog\/wp-content\/uploads\/60a755094cb9d.jpeg?resize=204%2C300&#038;ssl=1\" alt=\"informacja zwrotna \u017culczyk o!l\u015bnienia 2022\" width=\"204\" height=\"300\" srcset=\"https:\/\/i0.wp.com\/woblink.com\/blog\/wp-content\/uploads\/60a755094cb9d.jpeg?resize=204%2C300&amp;ssl=1 204w, https:\/\/i0.wp.com\/woblink.com\/blog\/wp-content\/uploads\/60a755094cb9d.jpeg?w=381&amp;ssl=1 381w\" sizes=\"(max-width: 204px) 100vw, 204px\" data-recalc-dims=\"1\" \/><\/a><figcaption id=\"caption-attachment-6248\" class=\"wp-caption-text\"><center><b>Znajd\u017a <a href=\"https:\/\/woblink.com\/ksiazka\/informacja-zwrotna-jakub-zulczyk-215265\">ksi\u0105\u017ck\u0119<\/a> lub <a href=\"https:\/\/woblink.com\/audiobook\/informacja-zwrotna-jakub-zulczyk-227867\">ebooka<\/a> na Woblink.com<\/b><\/center><\/figcaption><\/figure>\n<p><strong>Opis wydawcy:<\/strong><\/p>\n<p>Syn Marcina Kani, \u017cyj\u0105cego z tantiem\u00f3w by\u0142ego muzyka, tw\u00f3rcy jednego z najwi\u0119kszych polskich hit\u00f3w, pewnego dnia znika bez \u015bladu. Jedyne, co po sobie pozostawia to zakrwawione prze\u015bcierad\u0142a. Kania wie, \u017ce poprzedniego wieczoru widzia\u0142 si\u0119 z synem. Jednak prawie nic z tego spotkania nie pami\u0119ta. Zapi\u0142.<\/p>\n<p>Kania, alkoholik lecz\u0105cy si\u0119 z choroby w o\u015brodku &#8222;Jutro&#8221;, wyrusza w szale\u0144cz\u0105 podr\u00f3\u017c w poszukiwaniu syna. Ta odyseja po mie\u015bcie, w kt\u00f3rym ka\u017cde z miejsc ma swoja brudn\u0105 tajemnic\u0119, popchnie go w najmroczniejsze rejony ludzkiego psyche, naprowadzi na trop najwi\u0119kszej w polskich dziejach afery reprywatyzacyjnej oraz skonfrontuje ze z\u0142em, kt\u00f3re wyrz\u0105dzi\u0142 swojej rodzinie.<\/p>\n<p>Klucz do odkupienia i odnalezienia syna tkwi w jego wyniszczonym przez alkohol umy\u015ble. Musi sobie tylko przypomnie\u0107.<\/p>\n<p>Jaka b\u0119dzie informacja zwrotna?<\/p>\n","protected":false},"excerpt":{"rendered":"<p>Poznali\u015bmy tegoroczne nominacje do O!L\u015bnie\u0144 \u2013 Nagr\u00f3d Kulturalnych Onetu i Miasta Krak\u00f3w. Tradycyjnie nagrody zostan\u0105 przyznane w kategoriach Film, Literatura, Sztuki Wizualne, Muzyka Popularna, Muzyka Klasyczna, Balet i Jazz, Teatr oraz Serial. O tym, kto zdob\u0119dzie statuetki, decyduj\u0105 internauci. Plebiscyt trwa do p\u00f3\u0142nocy 25 lutego&#8230;.<\/p>\n","protected":false},"author":7,"featured_media":6228,"comment_status":"closed","ping_status":"open","sticky":false,"template":"","format":"standard","meta":[],"categories":[87,79],"tags":[],"yoast_head":"<!-- This site is optimized with the Yoast SEO plugin v20.11 - https:\/\/yoast.com\/wordpress\/plugins\/seo\/ -->\n<title>O!L\u015bnienia 2022 \u2013 literackie\u00a0nominacje do nagr\u00f3d kulturalnych Onetu - Woblink<\/title>\n<meta name=\"description\" content=\"O!L\u015bnienia 2022: poznali\u015bmy nominacje do Nagr\u00f3d Kulturalnych Onetu i Miasta Krak\u00f3w. W kategorii literatura nominowani zostali Andrzej Stasiuk, Jakub \u017bulczyk i Agnieszka Gajewska.\" \/>\n<meta name=\"robots\" content=\"index, follow, max-snippet:-1, max-image-preview:large, max-video-preview:-1\" \/>\n<link rel=\"canonical\" href=\"https:\/\/woblink.com\/blog\/olsnienia-2022-literackie-nominacje-do-nagrod-kulturalnych-onetu\/\" \/>\n<meta property=\"og:locale\" content=\"pl_PL\" \/>\n<meta property=\"og:type\" content=\"article\" \/>\n<meta property=\"og:title\" content=\"O!L\u015bnienia 2022 \u2013 literackie\u00a0nominacje do nagr\u00f3d kulturalnych Onetu - Woblink\" \/>\n<meta property=\"og:description\" content=\"O!L\u015bnienia 2022: poznali\u015bmy nominacje do Nagr\u00f3d Kulturalnych Onetu i Miasta Krak\u00f3w. W kategorii literatura nominowani zostali Andrzej Stasiuk, Jakub \u017bulczyk i Agnieszka Gajewska.\" \/>\n<meta property=\"og:url\" content=\"https:\/\/woblink.com\/blog\/olsnienia-2022-literackie-nominacje-do-nagrod-kulturalnych-onetu\/\" \/>\n<meta property=\"og:site_name\" content=\"Woblink\" \/>\n<meta property=\"article:publisher\" content=\"https:\/\/facebook.com\/woblink\" \/>\n<meta property=\"article:published_time\" content=\"2022-02-04T14:51:56+00:00\" \/>\n<meta property=\"og:image\" content=\"https:\/\/i0.wp.com\/woblink.com\/blog\/wp-content\/uploads\/olsnienia_onet.png?fit=1011%2C690&ssl=1\" \/>\n\t<meta property=\"og:image:width\" content=\"1011\" \/>\n\t<meta property=\"og:image:height\" content=\"690\" \/>\n\t<meta property=\"og:image:type\" content=\"image\/png\" \/>\n<meta name=\"author\" content=\"Redakcja Woblinka\" \/>\n<meta name=\"twitter:card\" content=\"summary_large_image\" \/>\n<meta name=\"twitter:creator\" content=\"@woblink_com\" \/>\n<meta name=\"twitter:site\" content=\"@woblink_com\" \/>\n<meta name=\"twitter:label1\" content=\"Napisane przez\" \/>\n\t<meta name=\"twitter:data1\" content=\"Redakcja Woblinka\" \/>\n\t<meta name=\"twitter:label2\" content=\"Szacowany czas czytania\" \/>\n\t<meta name=\"twitter:data2\" content=\"4 minuty\" \/>\n<script type=\"application\/ld+json\" class=\"yoast-schema-graph\">{\"@context\":\"https:\/\/schema.org\",\"@graph\":[{\"@type\":\"Article\",\"@id\":\"https:\/\/woblink.com\/blog\/olsnienia-2022-literackie-nominacje-do-nagrod-kulturalnych-onetu\/#article\",\"isPartOf\":{\"@id\":\"https:\/\/woblink.com\/blog\/olsnienia-2022-literackie-nominacje-do-nagrod-kulturalnych-onetu\/\"},\"author\":{\"name\":\"Redakcja Woblinka\",\"@id\":\"https:\/\/woblink.com\/blog\/#\/schema\/person\/8ab6b79d64fa54209272130c4c3b1e95\"},\"headline\":\"O!L\u015bnienia 2022 \u2013 literackie\u00a0nominacje do nagr\u00f3d kulturalnych Onetu\",\"datePublished\":\"2022-02-04T14:51:56+00:00\",\"dateModified\":\"2022-02-04T14:51:56+00:00\",\"mainEntityOfPage\":{\"@id\":\"https:\/\/woblink.com\/blog\/olsnienia-2022-literackie-nominacje-do-nagrod-kulturalnych-onetu\/\"},\"wordCount\":907,\"publisher\":{\"@id\":\"https:\/\/woblink.com\/blog\/#organization\"},\"articleSection\":[\"Aktualno\u015bci\",\"Nagrody literackie\"],\"inLanguage\":\"pl-PL\"},{\"@type\":\"WebPage\",\"@id\":\"https:\/\/woblink.com\/blog\/olsnienia-2022-literackie-nominacje-do-nagrod-kulturalnych-onetu\/\",\"url\":\"https:\/\/woblink.com\/blog\/olsnienia-2022-literackie-nominacje-do-nagrod-kulturalnych-onetu\/\",\"name\":\"O!L\u015bnienia 2022 \u2013 literackie\u00a0nominacje do nagr\u00f3d kulturalnych Onetu - Woblink\",\"isPartOf\":{\"@id\":\"https:\/\/woblink.com\/blog\/#website\"},\"datePublished\":\"2022-02-04T14:51:56+00:00\",\"dateModified\":\"2022-02-04T14:51:56+00:00\",\"description\":\"O!L\u015bnienia 2022: poznali\u015bmy nominacje do Nagr\u00f3d Kulturalnych Onetu i Miasta Krak\u00f3w. W kategorii literatura nominowani zostali Andrzej Stasiuk, Jakub \u017bulczyk i Agnieszka Gajewska.\",\"breadcrumb\":{\"@id\":\"https:\/\/woblink.com\/blog\/olsnienia-2022-literackie-nominacje-do-nagrod-kulturalnych-onetu\/#breadcrumb\"},\"inLanguage\":\"pl-PL\",\"potentialAction\":[{\"@type\":\"ReadAction\",\"target\":[\"https:\/\/woblink.com\/blog\/olsnienia-2022-literackie-nominacje-do-nagrod-kulturalnych-onetu\/\"]}]},{\"@type\":\"BreadcrumbList\",\"@id\":\"https:\/\/woblink.com\/blog\/olsnienia-2022-literackie-nominacje-do-nagrod-kulturalnych-onetu\/#breadcrumb\",\"itemListElement\":[{\"@type\":\"ListItem\",\"position\":1,\"name\":\"Strona g\u0142\u00f3wna\",\"item\":\"https:\/\/woblink.com\/blog\/\"},{\"@type\":\"ListItem\",\"position\":2,\"name\":\"O!L\u015bnienia 2022 \u2013 literackie\u00a0nominacje do nagr\u00f3d kulturalnych Onetu\"}]},{\"@type\":\"WebSite\",\"@id\":\"https:\/\/woblink.com\/blog\/#website\",\"url\":\"https:\/\/woblink.com\/blog\/\",\"name\":\"Woblink\",\"description\":\"najlepszy firmowy blog o ksi\u0105\u017ckach\",\"publisher\":{\"@id\":\"https:\/\/woblink.com\/blog\/#organization\"},\"potentialAction\":[{\"@type\":\"SearchAction\",\"target\":{\"@type\":\"EntryPoint\",\"urlTemplate\":\"https:\/\/woblink.com\/blog\/?s={search_term_string}\"},\"query-input\":\"required name=search_term_string\"}],\"inLanguage\":\"pl-PL\"},{\"@type\":\"Organization\",\"@id\":\"https:\/\/woblink.com\/blog\/#organization\",\"name\":\"Woblink\",\"url\":\"https:\/\/woblink.com\/blog\/\",\"logo\":{\"@type\":\"ImageObject\",\"inLanguage\":\"pl-PL\",\"@id\":\"https:\/\/woblink.com\/blog\/#\/schema\/logo\/image\/\",\"url\":\"https:\/\/i0.wp.com\/woblink.com\/blog\/wp-content\/uploads\/2019\/04\/nw_logoB.png?fit=185%2C42&ssl=1\",\"contentUrl\":\"https:\/\/i0.wp.com\/woblink.com\/blog\/wp-content\/uploads\/2019\/04\/nw_logoB.png?fit=185%2C42&ssl=1\",\"width\":185,\"height\":42,\"caption\":\"Woblink\"},\"image\":{\"@id\":\"https:\/\/woblink.com\/blog\/#\/schema\/logo\/image\/\"},\"sameAs\":[\"https:\/\/facebook.com\/woblink\",\"https:\/\/twitter.com\/woblink_com\",\"https:\/\/www.instagram.com\/woblink_com\",\"https:\/\/www.linkedin.com\/company\/woblink\/\"]},{\"@type\":\"Person\",\"@id\":\"https:\/\/woblink.com\/blog\/#\/schema\/person\/8ab6b79d64fa54209272130c4c3b1e95\",\"name\":\"Redakcja Woblinka\",\"image\":{\"@type\":\"ImageObject\",\"inLanguage\":\"pl-PL\",\"@id\":\"https:\/\/woblink.com\/blog\/#\/schema\/person\/image\/\",\"url\":\"https:\/\/secure.gravatar.com\/avatar\/f23ae80a7c9da060bee5f8310913478b?s=96&d=mm&r=g\",\"contentUrl\":\"https:\/\/secure.gravatar.com\/avatar\/f23ae80a7c9da060bee5f8310913478b?s=96&d=mm&r=g\",\"caption\":\"Redakcja Woblinka\"},\"url\":\"https:\/\/woblink.com\/blog\/author\/krasny\/\"}]}<\/script>\n<!-- \/ Yoast SEO plugin. -->","yoast_head_json":{"title":"O!L\u015bnienia 2022 \u2013 literackie\u00a0nominacje do nagr\u00f3d kulturalnych Onetu - Woblink","description":"O!L\u015bnienia 2022: poznali\u015bmy nominacje do Nagr\u00f3d Kulturalnych Onetu i Miasta Krak\u00f3w. W kategorii literatura nominowani zostali Andrzej Stasiuk, Jakub \u017bulczyk i Agnieszka Gajewska.","robots":{"index":"index","follow":"follow","max-snippet":"max-snippet:-1","max-image-preview":"max-image-preview:large","max-video-preview":"max-video-preview:-1"},"canonical":"https:\/\/woblink.com\/blog\/olsnienia-2022-literackie-nominacje-do-nagrod-kulturalnych-onetu\/","og_locale":"pl_PL","og_type":"article","og_title":"O!L\u015bnienia 2022 \u2013 literackie\u00a0nominacje do nagr\u00f3d kulturalnych Onetu - Woblink","og_description":"O!L\u015bnienia 2022: poznali\u015bmy nominacje do Nagr\u00f3d Kulturalnych Onetu i Miasta Krak\u00f3w. W kategorii literatura nominowani zostali Andrzej Stasiuk, Jakub \u017bulczyk i Agnieszka Gajewska.","og_url":"https:\/\/woblink.com\/blog\/olsnienia-2022-literackie-nominacje-do-nagrod-kulturalnych-onetu\/","og_site_name":"Woblink","article_publisher":"https:\/\/facebook.com\/woblink","article_published_time":"2022-02-04T14:51:56+00:00","og_image":[{"width":1011,"height":690,"url":"https:\/\/i0.wp.com\/woblink.com\/blog\/wp-content\/uploads\/olsnienia_onet.png?fit=1011%2C690&ssl=1","type":"image\/png"}],"author":"Redakcja Woblinka","twitter_card":"summary_large_image","twitter_creator":"@woblink_com","twitter_site":"@woblink_com","twitter_misc":{"Napisane przez":"Redakcja Woblinka","Szacowany czas czytania":"4 minuty"},"schema":{"@context":"https:\/\/schema.org","@graph":[{"@type":"Article","@id":"https:\/\/woblink.com\/blog\/olsnienia-2022-literackie-nominacje-do-nagrod-kulturalnych-onetu\/#article","isPartOf":{"@id":"https:\/\/woblink.com\/blog\/olsnienia-2022-literackie-nominacje-do-nagrod-kulturalnych-onetu\/"},"author":{"name":"Redakcja Woblinka","@id":"https:\/\/woblink.com\/blog\/#\/schema\/person\/8ab6b79d64fa54209272130c4c3b1e95"},"headline":"O!L\u015bnienia 2022 \u2013 literackie\u00a0nominacje do nagr\u00f3d kulturalnych Onetu","datePublished":"2022-02-04T14:51:56+00:00","dateModified":"2022-02-04T14:51:56+00:00","mainEntityOfPage":{"@id":"https:\/\/woblink.com\/blog\/olsnienia-2022-literackie-nominacje-do-nagrod-kulturalnych-onetu\/"},"wordCount":907,"publisher":{"@id":"https:\/\/woblink.com\/blog\/#organization"},"articleSection":["Aktualno\u015bci","Nagrody literackie"],"inLanguage":"pl-PL"},{"@type":"WebPage","@id":"https:\/\/woblink.com\/blog\/olsnienia-2022-literackie-nominacje-do-nagrod-kulturalnych-onetu\/","url":"https:\/\/woblink.com\/blog\/olsnienia-2022-literackie-nominacje-do-nagrod-kulturalnych-onetu\/","name":"O!L\u015bnienia 2022 \u2013 literackie\u00a0nominacje do nagr\u00f3d kulturalnych Onetu - Woblink","isPartOf":{"@id":"https:\/\/woblink.com\/blog\/#website"},"datePublished":"2022-02-04T14:51:56+00:00","dateModified":"2022-02-04T14:51:56+00:00","description":"O!L\u015bnienia 2022: poznali\u015bmy nominacje do Nagr\u00f3d Kulturalnych Onetu i Miasta Krak\u00f3w. W kategorii literatura nominowani zostali Andrzej Stasiuk, Jakub \u017bulczyk i Agnieszka Gajewska.","breadcrumb":{"@id":"https:\/\/woblink.com\/blog\/olsnienia-2022-literackie-nominacje-do-nagrod-kulturalnych-onetu\/#breadcrumb"},"inLanguage":"pl-PL","potentialAction":[{"@type":"ReadAction","target":["https:\/\/woblink.com\/blog\/olsnienia-2022-literackie-nominacje-do-nagrod-kulturalnych-onetu\/"]}]},{"@type":"BreadcrumbList","@id":"https:\/\/woblink.com\/blog\/olsnienia-2022-literackie-nominacje-do-nagrod-kulturalnych-onetu\/#breadcrumb","itemListElement":[{"@type":"ListItem","position":1,"name":"Strona g\u0142\u00f3wna","item":"https:\/\/woblink.com\/blog\/"},{"@type":"ListItem","position":2,"name":"O!L\u015bnienia 2022 \u2013 literackie\u00a0nominacje do nagr\u00f3d kulturalnych Onetu"}]},{"@type":"WebSite","@id":"https:\/\/woblink.com\/blog\/#website","url":"https:\/\/woblink.com\/blog\/","name":"Woblink","description":"najlepszy firmowy blog o ksi\u0105\u017ckach","publisher":{"@id":"https:\/\/woblink.com\/blog\/#organization"},"potentialAction":[{"@type":"SearchAction","target":{"@type":"EntryPoint","urlTemplate":"https:\/\/woblink.com\/blog\/?s={search_term_string}"},"query-input":"required name=search_term_string"}],"inLanguage":"pl-PL"},{"@type":"Organization","@id":"https:\/\/woblink.com\/blog\/#organization","name":"Woblink","url":"https:\/\/woblink.com\/blog\/","logo":{"@type":"ImageObject","inLanguage":"pl-PL","@id":"https:\/\/woblink.com\/blog\/#\/schema\/logo\/image\/","url":"https:\/\/i0.wp.com\/woblink.com\/blog\/wp-content\/uploads\/2019\/04\/nw_logoB.png?fit=185%2C42&ssl=1","contentUrl":"https:\/\/i0.wp.com\/woblink.com\/blog\/wp-content\/uploads\/2019\/04\/nw_logoB.png?fit=185%2C42&ssl=1","width":185,"height":42,"caption":"Woblink"},"image":{"@id":"https:\/\/woblink.com\/blog\/#\/schema\/logo\/image\/"},"sameAs":["https:\/\/facebook.com\/woblink","https:\/\/twitter.com\/woblink_com","https:\/\/www.instagram.com\/woblink_com","https:\/\/www.linkedin.com\/company\/woblink\/"]},{"@type":"Person","@id":"https:\/\/woblink.com\/blog\/#\/schema\/person\/8ab6b79d64fa54209272130c4c3b1e95","name":"Redakcja Woblinka","image":{"@type":"ImageObject","inLanguage":"pl-PL","@id":"https:\/\/woblink.com\/blog\/#\/schema\/person\/image\/","url":"https:\/\/secure.gravatar.com\/avatar\/f23ae80a7c9da060bee5f8310913478b?s=96&d=mm&r=g","contentUrl":"https:\/\/secure.gravatar.com\/avatar\/f23ae80a7c9da060bee5f8310913478b?s=96&d=mm&r=g","caption":"Redakcja Woblinka"},"url":"https:\/\/woblink.com\/blog\/author\/krasny\/"}]}},"jetpack_featured_media_url":"https:\/\/i0.wp.com\/woblink.com\/blog\/wp-content\/uploads\/olsnienia_onet.png?fit=1011%2C690&ssl=1","_links":{"self":[{"href":"https:\/\/woblink.com\/blog\/wp-json\/wp\/v2\/posts\/6222"}],"collection":[{"href":"https:\/\/woblink.com\/blog\/wp-json\/wp\/v2\/posts"}],"about":[{"href":"https:\/\/woblink.com\/blog\/wp-json\/wp\/v2\/types\/post"}],"author":[{"embeddable":true,"href":"https:\/\/woblink.com\/blog\/wp-json\/wp\/v2\/users\/7"}],"replies":[{"embeddable":true,"href":"https:\/\/woblink.com\/blog\/wp-json\/wp\/v2\/comments?post=6222"}],"version-history":[{"count":1,"href":"https:\/\/woblink.com\/blog\/wp-json\/wp\/v2\/posts\/6222\/revisions"}],"predecessor-version":[{"id":6251,"href":"https:\/\/woblink.com\/blog\/wp-json\/wp\/v2\/posts\/6222\/revisions\/6251"}],"wp:featuredmedia":[{"embeddable":true,"href":"https:\/\/woblink.com\/blog\/wp-json\/wp\/v2\/media\/6228"}],"wp:attachment":[{"href":"https:\/\/woblink.com\/blog\/wp-json\/wp\/v2\/media?parent=6222"}],"wp:term":[{"taxonomy":"category","embeddable":true,"href":"https:\/\/woblink.com\/blog\/wp-json\/wp\/v2\/categories?post=6222"},{"taxonomy":"post_tag","embeddable":true,"href":"https:\/\/woblink.com\/blog\/wp-json\/wp\/v2\/tags?post=6222"}],"curies":[{"name":"wp","href":"https:\/\/api.w.org\/{rel}","templated":true}]}}