{"id":6700,"date":"2022-03-16T12:02:44","date_gmt":"2022-03-16T11:02:44","guid":{"rendered":"https:\/\/woblink.com\/blog\/?p=6700"},"modified":"2022-03-16T12:17:12","modified_gmt":"2022-03-16T11:17:12","slug":"witamy-wydawnictwo-artrage-na-woblinku","status":"publish","type":"post","link":"https:\/\/woblink.com\/blog\/witamy-wydawnictwo-artrage-na-woblinku\/","title":{"rendered":"Witamy wydawnictwo ArtRage na Woblinku"},"content":{"rendered":"<p><strong>Mamy dla was wspania\u0142e wie\u015bci! Serdecznie witamy Wydawnictwo ArtRage w naszych woblinkowych progach! Od dzi\u015b w naszej ksi\u0119garni internetowej mo\u017cecie kupowa\u0107 ksi\u0105\u017cki wydane przez ArtRage w formie ebooka.<\/strong><\/p>\n<p><!--more--><\/p>\n<h3><strong>Czym jest ArtRage?<\/strong><\/h3>\n<p>Do niedawna <a href=\"https:\/\/artrage.pl\/publication\"><strong>ArtRage<\/strong><\/a> by\u0142 tylko (albo a\u017c!) serwisem oferuj\u0105cym niecodzienn\u0105 sprzeda\u017c dzie\u0142 kultury, zar\u00f3wno w formie papierowej jak i cyfrowej. Na portalu mo\u017cna kupi\u0107 ksi\u0105\u017cki, komiksy, gry planszowe, a nawet oryginalne printy prac przer\u00f3\u017cnych artyst\u00f3w. Najpopularniejsze s\u0105 podzielone tematycznie pakiety, kt\u00f3re dost\u0119pne s\u0105 tylko przez okre\u015blony czas.<\/p>\n<p><img decoding=\"async\" loading=\"lazy\" class=\"aligncenter wp-image-6708\" src=\"https:\/\/i0.wp.com\/woblink.com\/blog\/wp-content\/uploads\/pobrane.png?resize=135%2C135&#038;ssl=1\" alt=\"artrage wydawnictwo woblink ebooki\" width=\"135\" height=\"135\" srcset=\"https:\/\/i0.wp.com\/woblink.com\/blog\/wp-content\/uploads\/pobrane.png?w=225&amp;ssl=1 225w, https:\/\/i0.wp.com\/woblink.com\/blog\/wp-content\/uploads\/pobrane.png?resize=150%2C150&amp;ssl=1 150w, https:\/\/i0.wp.com\/woblink.com\/blog\/wp-content\/uploads\/pobrane.png?resize=100%2C100&amp;ssl=1 100w\" sizes=\"(max-width: 135px) 100vw, 135px\" data-recalc-dims=\"1\" \/><\/p>\n<p>W 2022 roku ArtRage zdecydowa\u0142 si\u0119 na rozszerzenie dzia\u0142alno\u015bci i rozpocz\u0105\u0142 dzia\u0142alno\u015b\u0107 wydawnicz\u0105. W tegorocznej ofercie ArtRage ukaza\u0142y b\u0105d\u017a uka\u017c\u0105 si\u0119 od\u015bwie\u017cone klasyki literatury, wsp\u00f3\u0142czesna nagradzana proza oraz literackie debiuty. Z wielk\u0105 rado\u015bci\u0105 informujemy, \u017ce w ofercie Woblinka znajdziecie ebooki ksi\u0105\u017cek wydawanych przez <strong><a href=\"https:\/\/artrage.pl\/publication\">ArtRage<\/a><\/strong>.<\/p>\n<h3><strong>Pierwsze publikacje Wydawnictwa ArtRage<\/strong><\/h3>\n<p>Pierwsz\u0105 ksi\u0105\u017ck\u0105, kt\u00f3ra ukaza\u0142a si\u0119 nak\u0142adem wydawnictwa by\u0142a, wydana wsp\u00f3lnie z Wydawnictwem Ksi\u0105\u017ckowe Klimaty powie\u015b\u0107 \u201e<strong><a href=\"https:\/\/woblink.com\/ebook\/nazwij-to-snem-waclaw-niepok-olczycki-henry-roth-241196u\">Nazwij to snem<\/a><\/strong>\u201d. Ksi\u0105\u017cka pierwotnie ukaza\u0142a si\u0119 w 1934 roku i pocz\u0105tkowo, wbrew przychylnym opiniom krytyk\u00f3w, nie odnios\u0142a sukcesu. Drugie \u017cycie i sukces przynios\u0142o jej drugie wydanie, kt\u00f3re ukaza\u0142o si\u0119 trzydzie\u015bci lat p\u00f3\u017aniej. <span class=\"s1\">Przy drugim wej\u015bciu na rynek, \u201eNazwij to snem\u201d odnios\u0142o spektakularny sukces i w kr\u00f3tkim czasie sprzeda\u0142o si\u0119 w ponad milionie egzemplarzy! <\/span><span class=\"s1\">Powie\u015b\u0107 znalaz\u0142a si\u0119 na opublikowanej w 2005 roku li\u015bcie 100 najlepszych powie\u015bci napisanych w j\u0119zyku angielskim po 1923 roku magazynu TIME.<\/span><\/p>\n<p>Bohaterem ksi\u0105\u017cki jest\u00a0<span class=\"s1\">Dawid Schearl, ma\u0142y ch\u0142opiec, syn \u017cydowskich imigrant\u00f3w, mieszkaj\u0105cy z rodzin\u0105 w nowojorskich slumsach. Wraz z nim poznajemy brutalny i bezwzgl\u0119dny, pe\u0142en konflikt\u00f3w \u015bwiat ludzi staraj\u0105cych u\u0142o\u017cy\u0107 sobie \u017cycie na obczy\u017anie. Nowego, obcego miasta, w kt\u00f3rym trudno si\u0119 zadomowi\u0107 nie r\u00f3wnowa\u017c\u0105 ch\u0142opcu niestety trudne stosunki rodzinne.<\/span><\/p>\n<figure id=\"attachment_6707\" aria-describedby=\"caption-attachment-6707\" style=\"width: 212px\" class=\"wp-caption aligncenter\"><a href=\"https:\/\/woblink.com\/ebook\/nazwij-to-snem-waclaw-niepok-olczycki-henry-roth-241196u\"><img decoding=\"async\" loading=\"lazy\" class=\"wp-image-6707 size-medium\" src=\"https:\/\/i0.wp.com\/woblink.com\/blog\/wp-content\/uploads\/620ce9679f515.jpeg?resize=212%2C300&#038;ssl=1\" alt=\"art rage henry roth wydawnictwo powie\u015b\u0107 nazwij to snem\" width=\"212\" height=\"300\" srcset=\"https:\/\/i0.wp.com\/woblink.com\/blog\/wp-content\/uploads\/620ce9679f515.jpeg?resize=212%2C300&amp;ssl=1 212w, https:\/\/i0.wp.com\/woblink.com\/blog\/wp-content\/uploads\/620ce9679f515.jpeg?w=570&amp;ssl=1 570w\" sizes=\"(max-width: 212px) 100vw, 212px\" data-recalc-dims=\"1\" \/><\/a><figcaption id=\"caption-attachment-6707\" class=\"wp-caption-text\"><center><strong>Kup <a href=\"https:\/\/woblink.com\/ebook\/nazwij-to-snem-waclaw-niepok-olczycki-henry-roth-241196u\">ebooka<\/a> na Woblink.com<\/strong><\/center><\/figcaption><\/figure>\n<p>Najnowsz\u0105 publikacj\u0105 ArtRage jest kr\u00f3tka powie\u015b\u0107 \u201eOni\u201d autorstwa Kay Dick. Podobnie jak wymieniona ju\u017c tutaj ksi\u0105\u017cka Rotha, to ksi\u0105\u017cka, kt\u00f3ra <span class=\"s1\">wzbudzi\u0142a zachwyt w momencie wydania, po czym zosta\u0142a zapomniana na ponad cztery dekady. Obecnie powie\u015b\u0107 Kay Dick, uznawana za dystopijny majstersztyk, ukazuje si\u0119 po raz pierwszy we Francji, Stanach Zjednoczonych, Niemczech i Polsce.<\/span><\/p>\n<figure id=\"attachment_6701\" aria-describedby=\"caption-attachment-6701\" style=\"width: 212px\" class=\"wp-caption aligncenter\"><a href=\"https:\/\/woblink.com\/ebook\/oni-dorota-konowrocka-sawa-kay-dick-238844u\"><img decoding=\"async\" loading=\"lazy\" class=\"wp-image-6701 size-medium\" src=\"https:\/\/i0.wp.com\/woblink.com\/blog\/wp-content\/uploads\/62311a7d3528d.jpeg?resize=212%2C300&#038;ssl=1\" alt=\"kay dick oni artrage wydawnictwo ksi\u0105\u017cki\" width=\"212\" height=\"300\" srcset=\"https:\/\/i0.wp.com\/woblink.com\/blog\/wp-content\/uploads\/62311a7d3528d.jpeg?resize=212%2C300&amp;ssl=1 212w, https:\/\/i0.wp.com\/woblink.com\/blog\/wp-content\/uploads\/62311a7d3528d.jpeg?w=570&amp;ssl=1 570w\" sizes=\"(max-width: 212px) 100vw, 212px\" data-recalc-dims=\"1\" \/><\/a><figcaption id=\"caption-attachment-6701\" class=\"wp-caption-text\"><center><strong>Kup <a href=\"https:\/\/woblink.com\/ebook\/oni-dorota-konowrocka-sawa-kay-dick-238844u\">ebooka<\/a> na Woblink.com<\/strong><\/center><\/figcaption><\/figure>\n<h3><strong>Zapowiedzi Wydawnictwa ArtRage<\/strong><\/h3>\n<h4 style=\"text-align: center;\"><strong>Nona Fernandez \u2013 Strefa mroku, t\u0142um. Agata Ostrowska, ArtRage<\/strong><\/h4>\n<p>Akcja powie\u015bci rozpoczyna si\u0119 w 1984 roku, w samym \u015brodku rz\u0105d\u00f3w Pinocheta. W Chile znikaj\u0105 setki ludzi, dziesi\u0105tki tysi\u0119cy trafiaj\u0105 do wi\u0119zie\u0144. Do siedziby dysydenckiej gazety wchodzi cz\u0142onek tajnej policji. M\u0119\u017cczyzna pragnie si\u0119 wyspowiada\u0107 \u2013 jego zdj\u0119cie i tytu\u0142 z ok\u0142adki \u2013 \u201eTorturowa\u0142em\u201d prze\u015bladuj\u0105 narratork\u0119 przez ca\u0142e doros\u0142e \u017cycie. Nona Fernandez swoj\u0105 \u201eStref\u0105 mroku\u201d udowadnia, \u017ce nadal mo\u017cna napisa\u0107 co\u015b nowego, \u015bwie\u017cego na temat zbrodniczych dyktatur XX wieku. Autorka mieszka fikcj\u0119 z dokumentem \u2013 w fabu\u0142\u0119 zwinnie wplata reporterskie fragmenty i wspomnienia, tworz\u0105c niebywa\u0142\u0105 rekonstrukcj\u0119 ludzkiego dramatu. Jak pisa\u0142 Ariel Dorfman na \u0142amach \u201eNew York Timesa\u201d \u2013 \u201e[\u201eStrefa mroku\u201d] to szalenie nowatorsk\u0105 powie\u015b\u0107, kt\u00f3ra wnosi wiele do literatury nie tylko w Chile\u201d. \u201eStrefa mroku\u201d by\u0142a nominowana do National Book Award w kategorii \u201eLiteratura w przek\u0142adzie\u201d<\/p>\n<p><img decoding=\"async\" loading=\"lazy\" class=\"size-medium wp-image-6713 aligncenter\" src=\"https:\/\/i0.wp.com\/woblink.com\/blog\/wp-content\/uploads\/strefa_mroku_na_strone.png?resize=213%2C300&#038;ssl=1\" alt=\"\" width=\"213\" height=\"300\" srcset=\"https:\/\/i0.wp.com\/woblink.com\/blog\/wp-content\/uploads\/strefa_mroku_na_strone.png?resize=213%2C300&amp;ssl=1 213w, https:\/\/i0.wp.com\/woblink.com\/blog\/wp-content\/uploads\/strefa_mroku_na_strone.png?resize=768%2C1082&amp;ssl=1 768w, https:\/\/i0.wp.com\/woblink.com\/blog\/wp-content\/uploads\/strefa_mroku_na_strone.png?resize=727%2C1024&amp;ssl=1 727w, https:\/\/i0.wp.com\/woblink.com\/blog\/wp-content\/uploads\/strefa_mroku_na_strone.png?resize=600%2C846&amp;ssl=1 600w, https:\/\/i0.wp.com\/woblink.com\/blog\/wp-content\/uploads\/strefa_mroku_na_strone.png?w=1718&amp;ssl=1 1718w\" sizes=\"(max-width: 213px) 100vw, 213px\" data-recalc-dims=\"1\" \/><\/p>\n<h4 style=\"text-align: center;\"><strong>Verena Kessler \u2013 Duchy z miasteczka Demmin, t\u0142um. Ma\u0142gorzata Grali\u0144ska, ArtRage, Ksi\u0105\u017ckowe Klimaty<\/strong><\/h4>\n<p>\u201eDuchy z miasteczka Demmin\u201d to debiut niemieckiej pisarki Vereny Kessler. Centralnym punktem fabu\u0142y powie\u015bci jest zbiorowe samob\u00f3jstwo blisko tysi\u0105ca mieszka\u0144c\u00f3w miasteczka Demmin, kt\u00f3re pope\u0142nili wiosn\u0105 1945 roku w obawie przed zbli\u017caj\u0105c\u0105 si\u0119 Armi\u0105 Czerwon\u0105.<\/p>\n<p>Bohaterka ksi\u0105\u017cka \u2013 Larry \u2013 jest nastolatk\u0105 marz\u0105c\u0105, by w przysz\u0142o\u015bci zosta\u0107 reporterk\u0105 wojenn\u0105 i ca\u0142e swoje \u017cycie podporz\u0105dkowuje realizacji tego marzenia. We wspomnieniach starszych mieszka\u0144c\u00f3w powraca jednak przesz\u0142o\u015b\u0107. Larry obserwuje \u017cycie pani Dohlberg, s\u0105siadka, kt\u00f3ra by\u0142a uczestniczk\u0105 tragicznych wydarze\u0144 wiosny 1945 roku. Dziewi\u0119\u0107dziesi\u0119ciolatka wci\u0105\u017c wraca my\u015bl\u0105 do tego, co sta\u0142o si\u0119 w miasteczku u schy\u0142ku wojny. I cho\u0107 Larry i pani Dohlberg mieszkaj\u0105 obok siebie, nigdy ze sob\u0105 nie rozmawiaj\u0105. Ani o tera\u017aniejszo\u015bci, ani o przesz\u0142o\u015bci.<\/p>\n<p><img decoding=\"async\" loading=\"lazy\" class=\"size-medium wp-image-6712 aligncenter\" src=\"https:\/\/i0.wp.com\/woblink.com\/blog\/wp-content\/uploads\/duchy-na-strone.png?resize=213%2C300&#038;ssl=1\" alt=\"\" width=\"213\" height=\"300\" srcset=\"https:\/\/i0.wp.com\/woblink.com\/blog\/wp-content\/uploads\/duchy-na-strone.png?resize=213%2C300&amp;ssl=1 213w, https:\/\/i0.wp.com\/woblink.com\/blog\/wp-content\/uploads\/duchy-na-strone.png?resize=768%2C1083&amp;ssl=1 768w, https:\/\/i0.wp.com\/woblink.com\/blog\/wp-content\/uploads\/duchy-na-strone.png?resize=726%2C1024&amp;ssl=1 726w, https:\/\/i0.wp.com\/woblink.com\/blog\/wp-content\/uploads\/duchy-na-strone.png?resize=600%2C846&amp;ssl=1 600w, https:\/\/i0.wp.com\/woblink.com\/blog\/wp-content\/uploads\/duchy-na-strone.png?w=859&amp;ssl=1 859w\" sizes=\"(max-width: 213px) 100vw, 213px\" data-recalc-dims=\"1\" \/><\/p>\n<h4 class=\"p1\" style=\"text-align: center;\"><span class=\"s1\"><b>Charles Yu \u2013 Interior Chinatown, prze\u0142. Aga Zano, ArtRage<br \/>\nPOWIE\u015a\u0106<\/b><\/span><\/h4>\n<p class=\"p2\" style=\"text-align: center;\"><span class=\"s1\"><b>Powie\u015b\u0107 nagrodzona w 2020 roku National Book Award<\/b>.<\/span><\/p>\n<p>W czerwcu 2022 roku uka\u017ce si\u0119 kolejna wa\u017cna premiera w t\u0142umaczeniu Agi Zano. Tym razem to nagrodzona National Book Award opowie\u015b\u0107 o tym, co oznaczaj\u0105 azjatyckie korzenie w Stanach Zjednoczonych. Charles Yu wyrasta na jeden z najwa\u017cniejszych m\u0142odych g\u0142os\u00f3w ameryka\u0144skiej literatury. Autor \u017congluje motywami zaczerpni\u0119tymi z historii, popkultury, ameryka\u0144skich dzielnic azjatyckich korzeni i hollywoodzkich film\u00f3w kung-fu. Na dodatek wszystko<span class=\"s1\">\u00a0to w przezabawnej, inteligentnej prozie zapisanej w formie scenariusza filmowego.<\/span><\/p>\n<p><img decoding=\"async\" loading=\"lazy\" class=\"size-medium wp-image-6638 aligncenter\" src=\"https:\/\/i0.wp.com\/woblink.com\/blog\/wp-content\/uploads\/Ucieczka-z-Chinatown-copy-2-kopia.jpg?resize=187%2C300&#038;ssl=1\" alt=\"\" width=\"187\" height=\"300\" srcset=\"https:\/\/i0.wp.com\/woblink.com\/blog\/wp-content\/uploads\/Ucieczka-z-Chinatown-copy-2-kopia.jpg?resize=187%2C300&amp;ssl=1 187w, https:\/\/i0.wp.com\/woblink.com\/blog\/wp-content\/uploads\/Ucieczka-z-Chinatown-copy-2-kopia.jpg?resize=640%2C1024&amp;ssl=1 640w, https:\/\/i0.wp.com\/woblink.com\/blog\/wp-content\/uploads\/Ucieczka-z-Chinatown-copy-2-kopia.jpg?resize=600%2C960&amp;ssl=1 600w, https:\/\/i0.wp.com\/woblink.com\/blog\/wp-content\/uploads\/Ucieczka-z-Chinatown-copy-2-kopia.jpg?w=738&amp;ssl=1 738w\" sizes=\"(max-width: 187px) 100vw, 187px\" data-recalc-dims=\"1\" \/><\/p>\n<p class=\"p1\" style=\"text-align: center;\"><span class=\"s1\"><b>Aleksandra Pakie\u0142a \u2013 Oto cia\u0142o moje, ArtRage<br \/>\nDEBIUT<\/b><\/span><\/p>\n<p class=\"p1\">\u201eOto cia\u0142o moje\u201d to debiut prozatorski Aleksandry Pakie\u0142y, blogerki ksi\u0105\u017ckowej, absolwentki Polskiej Szko\u0142y Reporta\u017cu, reporterki.\u00a0<span class=\"s1\"> Jej pierwsza ksi\u0105\u017cka b\u0119dzie \u201epowie\u015bci\u0105 o zaburzeniach od\u017cywiania i wp\u0142ywie wychowania katolickiego na stosunek do postrzegania w\u0142asnego cia\u0142a. To liryczno-naturalistyczna historia o dziedziczeniu rodzinnych traum, samotno\u015bci i stygmatyzacji spo\u0142ecznej. Brutalnie szczery i odwa\u017cny zapis walki z bulimi\u0105\u201d.<\/span><\/p>\n<p><img decoding=\"async\" loading=\"lazy\" class=\"size-medium wp-image-6637 aligncenter\" src=\"https:\/\/i0.wp.com\/woblink.com\/blog\/wp-content\/uploads\/photo_2022-03-09_12-44-13-2.jpg?resize=192%2C300&#038;ssl=1\" alt=\"\" width=\"192\" height=\"300\" srcset=\"https:\/\/i0.wp.com\/woblink.com\/blog\/wp-content\/uploads\/photo_2022-03-09_12-44-13-2.jpg?resize=192%2C300&amp;ssl=1 192w, https:\/\/i0.wp.com\/woblink.com\/blog\/wp-content\/uploads\/photo_2022-03-09_12-44-13-2.jpg?resize=768%2C1202&amp;ssl=1 768w, https:\/\/i0.wp.com\/woblink.com\/blog\/wp-content\/uploads\/photo_2022-03-09_12-44-13-2.jpg?resize=654%2C1024&amp;ssl=1 654w, https:\/\/i0.wp.com\/woblink.com\/blog\/wp-content\/uploads\/photo_2022-03-09_12-44-13-2.jpg?resize=600%2C939&amp;ssl=1 600w, https:\/\/i0.wp.com\/woblink.com\/blog\/wp-content\/uploads\/photo_2022-03-09_12-44-13-2.jpg?w=818&amp;ssl=1 818w\" sizes=\"(max-width: 192px) 100vw, 192px\" data-recalc-dims=\"1\" \/><\/p>\n","protected":false},"excerpt":{"rendered":"<p>Mamy dla was wspania\u0142e wie\u015bci! Serdecznie witamy Wydawnictwo ArtRage w naszych woblinkowych progach! Od dzi\u015b w naszej ksi\u0119garni internetowej mo\u017cecie kupowa\u0107 ksi\u0105\u017cki wydane przez ArtRage w formie ebooka. Czym jest ArtRage? Do niedawna ArtRage by\u0142 tylko (albo a\u017c!) serwisem oferuj\u0105cym niecodzienn\u0105 sprzeda\u017c dzie\u0142 kultury, zar\u00f3wno&#8230;<\/p>\n","protected":false},"author":7,"featured_media":6709,"comment_status":"closed","ping_status":"open","sticky":false,"template":"","format":"standard","meta":[],"categories":[87,90],"tags":[],"yoast_head":"<!-- This site is optimized with the Yoast SEO plugin v20.11 - https:\/\/yoast.com\/wordpress\/plugins\/seo\/ -->\n<title>Witamy wydawnictwo ArtRage na Woblinku - Woblink<\/title>\n<meta name=\"robots\" content=\"index, follow, max-snippet:-1, max-image-preview:large, max-video-preview:-1\" \/>\n<link rel=\"canonical\" href=\"https:\/\/woblink.com\/blog\/witamy-wydawnictwo-artrage-na-woblinku\/\" \/>\n<meta property=\"og:locale\" content=\"pl_PL\" \/>\n<meta property=\"og:type\" content=\"article\" \/>\n<meta property=\"og:title\" content=\"Witamy wydawnictwo ArtRage na Woblinku - Woblink\" \/>\n<meta property=\"og:description\" content=\"Mamy dla was wspania\u0142e wie\u015bci! Serdecznie witamy Wydawnictwo ArtRage w naszych woblinkowych progach! Od dzi\u015b w naszej ksi\u0119garni internetowej mo\u017cecie kupowa\u0107 ksi\u0105\u017cki wydane przez ArtRage w formie ebooka. Czym jest ArtRage? Do niedawna ArtRage by\u0142 tylko (albo a\u017c!) serwisem oferuj\u0105cym niecodzienn\u0105 sprzeda\u017c dzie\u0142 kultury, zar\u00f3wno...\" \/>\n<meta property=\"og:url\" content=\"https:\/\/woblink.com\/blog\/witamy-wydawnictwo-artrage-na-woblinku\/\" \/>\n<meta property=\"og:site_name\" content=\"Woblink\" \/>\n<meta property=\"article:publisher\" content=\"https:\/\/facebook.com\/woblink\" \/>\n<meta property=\"article:published_time\" content=\"2022-03-16T11:02:44+00:00\" \/>\n<meta property=\"article:modified_time\" content=\"2022-03-16T11:17:12+00:00\" \/>\n<meta property=\"og:image\" content=\"https:\/\/i0.wp.com\/woblink.com\/blog\/wp-content\/uploads\/artrage_wydawnictwo.png?fit=1618%2C1104&ssl=1\" \/>\n\t<meta property=\"og:image:width\" content=\"1618\" \/>\n\t<meta property=\"og:image:height\" content=\"1104\" \/>\n\t<meta property=\"og:image:type\" content=\"image\/png\" \/>\n<meta name=\"author\" content=\"Redakcja Woblinka\" \/>\n<meta name=\"twitter:card\" content=\"summary_large_image\" \/>\n<meta name=\"twitter:creator\" content=\"@woblink_com\" \/>\n<meta name=\"twitter:site\" content=\"@woblink_com\" \/>\n<meta name=\"twitter:label1\" content=\"Napisane przez\" \/>\n\t<meta name=\"twitter:data1\" content=\"Redakcja Woblinka\" \/>\n\t<meta name=\"twitter:label2\" content=\"Szacowany czas czytania\" \/>\n\t<meta name=\"twitter:data2\" content=\"4 minuty\" \/>\n<script type=\"application\/ld+json\" class=\"yoast-schema-graph\">{\"@context\":\"https:\/\/schema.org\",\"@graph\":[{\"@type\":\"Article\",\"@id\":\"https:\/\/woblink.com\/blog\/witamy-wydawnictwo-artrage-na-woblinku\/#article\",\"isPartOf\":{\"@id\":\"https:\/\/woblink.com\/blog\/witamy-wydawnictwo-artrage-na-woblinku\/\"},\"author\":{\"name\":\"Redakcja Woblinka\",\"@id\":\"https:\/\/woblink.com\/blog\/#\/schema\/person\/8ab6b79d64fa54209272130c4c3b1e95\"},\"headline\":\"Witamy wydawnictwo ArtRage na Woblinku\",\"datePublished\":\"2022-03-16T11:02:44+00:00\",\"dateModified\":\"2022-03-16T11:17:12+00:00\",\"mainEntityOfPage\":{\"@id\":\"https:\/\/woblink.com\/blog\/witamy-wydawnictwo-artrage-na-woblinku\/\"},\"wordCount\":888,\"publisher\":{\"@id\":\"https:\/\/woblink.com\/blog\/#organization\"},\"articleSection\":[\"Aktualno\u015bci\",\"Nowo\u015bci na Woblinku\"],\"inLanguage\":\"pl-PL\"},{\"@type\":\"WebPage\",\"@id\":\"https:\/\/woblink.com\/blog\/witamy-wydawnictwo-artrage-na-woblinku\/\",\"url\":\"https:\/\/woblink.com\/blog\/witamy-wydawnictwo-artrage-na-woblinku\/\",\"name\":\"Witamy wydawnictwo ArtRage na Woblinku - Woblink\",\"isPartOf\":{\"@id\":\"https:\/\/woblink.com\/blog\/#website\"},\"datePublished\":\"2022-03-16T11:02:44+00:00\",\"dateModified\":\"2022-03-16T11:17:12+00:00\",\"breadcrumb\":{\"@id\":\"https:\/\/woblink.com\/blog\/witamy-wydawnictwo-artrage-na-woblinku\/#breadcrumb\"},\"inLanguage\":\"pl-PL\",\"potentialAction\":[{\"@type\":\"ReadAction\",\"target\":[\"https:\/\/woblink.com\/blog\/witamy-wydawnictwo-artrage-na-woblinku\/\"]}]},{\"@type\":\"BreadcrumbList\",\"@id\":\"https:\/\/woblink.com\/blog\/witamy-wydawnictwo-artrage-na-woblinku\/#breadcrumb\",\"itemListElement\":[{\"@type\":\"ListItem\",\"position\":1,\"name\":\"Strona g\u0142\u00f3wna\",\"item\":\"https:\/\/woblink.com\/blog\/\"},{\"@type\":\"ListItem\",\"position\":2,\"name\":\"Witamy wydawnictwo ArtRage na Woblinku\"}]},{\"@type\":\"WebSite\",\"@id\":\"https:\/\/woblink.com\/blog\/#website\",\"url\":\"https:\/\/woblink.com\/blog\/\",\"name\":\"Woblink\",\"description\":\"najlepszy firmowy blog o ksi\u0105\u017ckach\",\"publisher\":{\"@id\":\"https:\/\/woblink.com\/blog\/#organization\"},\"potentialAction\":[{\"@type\":\"SearchAction\",\"target\":{\"@type\":\"EntryPoint\",\"urlTemplate\":\"https:\/\/woblink.com\/blog\/?s={search_term_string}\"},\"query-input\":\"required name=search_term_string\"}],\"inLanguage\":\"pl-PL\"},{\"@type\":\"Organization\",\"@id\":\"https:\/\/woblink.com\/blog\/#organization\",\"name\":\"Woblink\",\"url\":\"https:\/\/woblink.com\/blog\/\",\"logo\":{\"@type\":\"ImageObject\",\"inLanguage\":\"pl-PL\",\"@id\":\"https:\/\/woblink.com\/blog\/#\/schema\/logo\/image\/\",\"url\":\"https:\/\/i0.wp.com\/woblink.com\/blog\/wp-content\/uploads\/2019\/04\/nw_logoB.png?fit=185%2C42&ssl=1\",\"contentUrl\":\"https:\/\/i0.wp.com\/woblink.com\/blog\/wp-content\/uploads\/2019\/04\/nw_logoB.png?fit=185%2C42&ssl=1\",\"width\":185,\"height\":42,\"caption\":\"Woblink\"},\"image\":{\"@id\":\"https:\/\/woblink.com\/blog\/#\/schema\/logo\/image\/\"},\"sameAs\":[\"https:\/\/facebook.com\/woblink\",\"https:\/\/twitter.com\/woblink_com\",\"https:\/\/www.instagram.com\/woblink_com\",\"https:\/\/www.linkedin.com\/company\/woblink\/\"]},{\"@type\":\"Person\",\"@id\":\"https:\/\/woblink.com\/blog\/#\/schema\/person\/8ab6b79d64fa54209272130c4c3b1e95\",\"name\":\"Redakcja Woblinka\",\"image\":{\"@type\":\"ImageObject\",\"inLanguage\":\"pl-PL\",\"@id\":\"https:\/\/woblink.com\/blog\/#\/schema\/person\/image\/\",\"url\":\"https:\/\/secure.gravatar.com\/avatar\/f23ae80a7c9da060bee5f8310913478b?s=96&d=mm&r=g\",\"contentUrl\":\"https:\/\/secure.gravatar.com\/avatar\/f23ae80a7c9da060bee5f8310913478b?s=96&d=mm&r=g\",\"caption\":\"Redakcja Woblinka\"},\"url\":\"https:\/\/woblink.com\/blog\/author\/krasny\/\"}]}<\/script>\n<!-- \/ Yoast SEO plugin. -->","yoast_head_json":{"title":"Witamy wydawnictwo ArtRage na Woblinku - Woblink","robots":{"index":"index","follow":"follow","max-snippet":"max-snippet:-1","max-image-preview":"max-image-preview:large","max-video-preview":"max-video-preview:-1"},"canonical":"https:\/\/woblink.com\/blog\/witamy-wydawnictwo-artrage-na-woblinku\/","og_locale":"pl_PL","og_type":"article","og_title":"Witamy wydawnictwo ArtRage na Woblinku - Woblink","og_description":"Mamy dla was wspania\u0142e wie\u015bci! Serdecznie witamy Wydawnictwo ArtRage w naszych woblinkowych progach! Od dzi\u015b w naszej ksi\u0119garni internetowej mo\u017cecie kupowa\u0107 ksi\u0105\u017cki wydane przez ArtRage w formie ebooka. Czym jest ArtRage? Do niedawna ArtRage by\u0142 tylko (albo a\u017c!) serwisem oferuj\u0105cym niecodzienn\u0105 sprzeda\u017c dzie\u0142 kultury, zar\u00f3wno...","og_url":"https:\/\/woblink.com\/blog\/witamy-wydawnictwo-artrage-na-woblinku\/","og_site_name":"Woblink","article_publisher":"https:\/\/facebook.com\/woblink","article_published_time":"2022-03-16T11:02:44+00:00","article_modified_time":"2022-03-16T11:17:12+00:00","og_image":[{"width":1618,"height":1104,"url":"https:\/\/i0.wp.com\/woblink.com\/blog\/wp-content\/uploads\/artrage_wydawnictwo.png?fit=1618%2C1104&ssl=1","type":"image\/png"}],"author":"Redakcja Woblinka","twitter_card":"summary_large_image","twitter_creator":"@woblink_com","twitter_site":"@woblink_com","twitter_misc":{"Napisane przez":"Redakcja Woblinka","Szacowany czas czytania":"4 minuty"},"schema":{"@context":"https:\/\/schema.org","@graph":[{"@type":"Article","@id":"https:\/\/woblink.com\/blog\/witamy-wydawnictwo-artrage-na-woblinku\/#article","isPartOf":{"@id":"https:\/\/woblink.com\/blog\/witamy-wydawnictwo-artrage-na-woblinku\/"},"author":{"name":"Redakcja Woblinka","@id":"https:\/\/woblink.com\/blog\/#\/schema\/person\/8ab6b79d64fa54209272130c4c3b1e95"},"headline":"Witamy wydawnictwo ArtRage na Woblinku","datePublished":"2022-03-16T11:02:44+00:00","dateModified":"2022-03-16T11:17:12+00:00","mainEntityOfPage":{"@id":"https:\/\/woblink.com\/blog\/witamy-wydawnictwo-artrage-na-woblinku\/"},"wordCount":888,"publisher":{"@id":"https:\/\/woblink.com\/blog\/#organization"},"articleSection":["Aktualno\u015bci","Nowo\u015bci na Woblinku"],"inLanguage":"pl-PL"},{"@type":"WebPage","@id":"https:\/\/woblink.com\/blog\/witamy-wydawnictwo-artrage-na-woblinku\/","url":"https:\/\/woblink.com\/blog\/witamy-wydawnictwo-artrage-na-woblinku\/","name":"Witamy wydawnictwo ArtRage na Woblinku - Woblink","isPartOf":{"@id":"https:\/\/woblink.com\/blog\/#website"},"datePublished":"2022-03-16T11:02:44+00:00","dateModified":"2022-03-16T11:17:12+00:00","breadcrumb":{"@id":"https:\/\/woblink.com\/blog\/witamy-wydawnictwo-artrage-na-woblinku\/#breadcrumb"},"inLanguage":"pl-PL","potentialAction":[{"@type":"ReadAction","target":["https:\/\/woblink.com\/blog\/witamy-wydawnictwo-artrage-na-woblinku\/"]}]},{"@type":"BreadcrumbList","@id":"https:\/\/woblink.com\/blog\/witamy-wydawnictwo-artrage-na-woblinku\/#breadcrumb","itemListElement":[{"@type":"ListItem","position":1,"name":"Strona g\u0142\u00f3wna","item":"https:\/\/woblink.com\/blog\/"},{"@type":"ListItem","position":2,"name":"Witamy wydawnictwo ArtRage na Woblinku"}]},{"@type":"WebSite","@id":"https:\/\/woblink.com\/blog\/#website","url":"https:\/\/woblink.com\/blog\/","name":"Woblink","description":"najlepszy firmowy blog o ksi\u0105\u017ckach","publisher":{"@id":"https:\/\/woblink.com\/blog\/#organization"},"potentialAction":[{"@type":"SearchAction","target":{"@type":"EntryPoint","urlTemplate":"https:\/\/woblink.com\/blog\/?s={search_term_string}"},"query-input":"required name=search_term_string"}],"inLanguage":"pl-PL"},{"@type":"Organization","@id":"https:\/\/woblink.com\/blog\/#organization","name":"Woblink","url":"https:\/\/woblink.com\/blog\/","logo":{"@type":"ImageObject","inLanguage":"pl-PL","@id":"https:\/\/woblink.com\/blog\/#\/schema\/logo\/image\/","url":"https:\/\/i0.wp.com\/woblink.com\/blog\/wp-content\/uploads\/2019\/04\/nw_logoB.png?fit=185%2C42&ssl=1","contentUrl":"https:\/\/i0.wp.com\/woblink.com\/blog\/wp-content\/uploads\/2019\/04\/nw_logoB.png?fit=185%2C42&ssl=1","width":185,"height":42,"caption":"Woblink"},"image":{"@id":"https:\/\/woblink.com\/blog\/#\/schema\/logo\/image\/"},"sameAs":["https:\/\/facebook.com\/woblink","https:\/\/twitter.com\/woblink_com","https:\/\/www.instagram.com\/woblink_com","https:\/\/www.linkedin.com\/company\/woblink\/"]},{"@type":"Person","@id":"https:\/\/woblink.com\/blog\/#\/schema\/person\/8ab6b79d64fa54209272130c4c3b1e95","name":"Redakcja Woblinka","image":{"@type":"ImageObject","inLanguage":"pl-PL","@id":"https:\/\/woblink.com\/blog\/#\/schema\/person\/image\/","url":"https:\/\/secure.gravatar.com\/avatar\/f23ae80a7c9da060bee5f8310913478b?s=96&d=mm&r=g","contentUrl":"https:\/\/secure.gravatar.com\/avatar\/f23ae80a7c9da060bee5f8310913478b?s=96&d=mm&r=g","caption":"Redakcja Woblinka"},"url":"https:\/\/woblink.com\/blog\/author\/krasny\/"}]}},"jetpack_featured_media_url":"https:\/\/i0.wp.com\/woblink.com\/blog\/wp-content\/uploads\/artrage_wydawnictwo.png?fit=1618%2C1104&ssl=1","_links":{"self":[{"href":"https:\/\/woblink.com\/blog\/wp-json\/wp\/v2\/posts\/6700"}],"collection":[{"href":"https:\/\/woblink.com\/blog\/wp-json\/wp\/v2\/posts"}],"about":[{"href":"https:\/\/woblink.com\/blog\/wp-json\/wp\/v2\/types\/post"}],"author":[{"embeddable":true,"href":"https:\/\/woblink.com\/blog\/wp-json\/wp\/v2\/users\/7"}],"replies":[{"embeddable":true,"href":"https:\/\/woblink.com\/blog\/wp-json\/wp\/v2\/comments?post=6700"}],"version-history":[{"count":5,"href":"https:\/\/woblink.com\/blog\/wp-json\/wp\/v2\/posts\/6700\/revisions"}],"predecessor-version":[{"id":6715,"href":"https:\/\/woblink.com\/blog\/wp-json\/wp\/v2\/posts\/6700\/revisions\/6715"}],"wp:featuredmedia":[{"embeddable":true,"href":"https:\/\/woblink.com\/blog\/wp-json\/wp\/v2\/media\/6709"}],"wp:attachment":[{"href":"https:\/\/woblink.com\/blog\/wp-json\/wp\/v2\/media?parent=6700"}],"wp:term":[{"taxonomy":"category","embeddable":true,"href":"https:\/\/woblink.com\/blog\/wp-json\/wp\/v2\/categories?post=6700"},{"taxonomy":"post_tag","embeddable":true,"href":"https:\/\/woblink.com\/blog\/wp-json\/wp\/v2\/tags?post=6700"}],"curies":[{"name":"wp","href":"https:\/\/api.w.org\/{rel}","templated":true}]}}