{"id":6719,"date":"2022-03-16T16:41:47","date_gmt":"2022-03-16T15:41:47","guid":{"rendered":"https:\/\/woblink.com\/blog\/?p=6719"},"modified":"2022-03-16T16:42:01","modified_gmt":"2022-03-16T15:42:01","slug":"wieslaw-mysliwski-nominowany-do-european-literature-prize-2022","status":"publish","type":"post","link":"https:\/\/woblink.com\/blog\/wieslaw-mysliwski-nominowany-do-european-literature-prize-2022\/","title":{"rendered":"Wies\u0142aw My\u015bliwski nominowany do European Literature Prize 2022"},"content":{"rendered":"<p style=\"font-weight: 400;\"><strong>Powie\u015b\u0107 \u201eUcho Igielne\u201d Wies\u0142awa My\u015bliwskiego w przek\u0142adzie Karola Lesmana znalaz\u0142a si\u0119 na li\u015bcie 20 tytu\u0142\u00f3w nominowanych do European Literature Prize 2022. Do nagrody nominowane s\u0105 najlepsze opowie\u015bci prze\u0142o\u017cone na j\u0119zyk holenderski, kt\u00f3re ukaza\u0142y si\u0119 w Holandii w roku poprzedzaj\u0105cym.<\/strong><\/p>\n<p><!--more--><\/p>\n<h3 style=\"font-weight: 400;\"><strong>\u201eUcho Igielne\u201d nominowane do European Literature Prize 2022<\/strong><\/h3>\n<p style=\"font-weight: 400;\">\u201eUcho Igielne\u201d Wies\u0142awa My\u015bliwskiego w przek\u0142adzie Karola Lesmana zosta\u0142a nominowana do European Literature Prize 2022. Powie\u015b\u0107 znalaz\u0142a si\u0119 na tzw. longli\u015bcie, na kt\u00f3rej znalaz\u0142o si\u0119 20 tytu\u0142\u00f3w prze\u0142o\u017conych na j\u0119zyk holenderki, kt\u00f3re ukaza\u0142y si\u0119 w roku poprzedzaj\u0105cym przyznanie nagrody. Powie\u015b\u0107 Wies\u0142awa My\u015bliwskiego jest jedynym tytu\u0142em z Polski, jaki znalaz\u0142 si\u0119 na li\u015bcie wybranych ksi\u0105\u017cek. Ksi\u0105\u017cka ukaza\u0142a si\u0119 w Kr\u00f3lestwie Niderland\u00f3w nak\u0142adem wydawnictwa Querido we wrze\u015bniu 2021 roku. Wsr\u00f3d nominowanych ksi\u0105\u017cek znalaz\u0142y si\u0119 powie\u015bci takich autor\u00f3w i autorek jak Roy Jacobsen, Herv\u00e9 Le Tellier, Sally Rooney czy Elif Shafak.<\/p>\n<figure id=\"attachment_6721\" aria-describedby=\"caption-attachment-6721\" style=\"width: 207px\" class=\"wp-caption aligncenter\"><a href=\"https:\/\/woblink.com\/ebook\/ucho-igielne-wieslaw-my-sliwski-134601u\"><img decoding=\"async\" loading=\"lazy\" class=\"wp-image-6721 size-medium\" src=\"https:\/\/i0.wp.com\/woblink.com\/blog\/wp-content\/uploads\/5e815d3e66871.jpeg?resize=207%2C300&#038;ssl=1\" alt=\"wies\u0142aw my\u015bliwki ucho igielne european literature prize 2022\" width=\"207\" height=\"300\" srcset=\"https:\/\/i0.wp.com\/woblink.com\/blog\/wp-content\/uploads\/5e815d3e66871.jpeg?resize=207%2C300&amp;ssl=1 207w, https:\/\/i0.wp.com\/woblink.com\/blog\/wp-content\/uploads\/5e815d3e66871.jpeg?w=570&amp;ssl=1 570w\" sizes=\"(max-width: 207px) 100vw, 207px\" data-recalc-dims=\"1\" \/><\/a><figcaption id=\"caption-attachment-6721\" class=\"wp-caption-text\"><center><strong>Kup <a href=\"https:\/\/woblink.com\/ebook\/ucho-igielne-wieslaw-my-sliwski-134601u\">ebooka<\/a>, <a href=\"https:\/\/woblink.com\/audiobook\/ucho-igielne-wieslaw-my-sliwski-183909\">audiobooka<\/a> lub <a href=\"https:\/\/woblink.com\/ksiazka\/ucho-igielne-wieslaw-my-sliwski-136735\">ksi\u0105\u017ck\u0119 papierow\u0105<\/a> na Woblink.com<\/strong><\/center><\/figcaption><\/figure>\n<h3 style=\"font-weight: 400;\"><strong>European Literature Prize 2022 \u2013 d\u0142uga lista nominowanych<\/strong><\/h3>\n<p>Do European Literature Prize 2022 nominowano dwadzie\u015bcia ksi\u0105\u017cek z trzynastu kraj\u00f3w, przet\u0142umaczonych z jedenastu j\u0119zyk\u00f3w (zastosowali\u015bmy polskie tytu\u0142y, je\u015bli ksi\u0105\u017cka ukaza\u0142a si\u0119 w j\u0119zyku polskim):<\/p>\n<ul>\n<li>\u201eVang de haas\u201d \u2013 Lana Basta\u0161i\u0107, z serbsko-chorwackiego prze\u0142o\u017cy\u0142 Pavle Trkulja (Meulenhoff)<\/li>\n<li>\u201eErfgoed\u201d \u2013 Miguel Bonnefoy; z j\u0119zyka francuskiego prze\u0142o\u017cy\u0142a Liesbeth van Nes (De Bezige Bij)<\/li>\n<li>\u201eHet geluk van de wolf\u201d \u2013 Paolo Cognetti, t\u0142umaczone z j\u0119zyka w\u0142oskiego: Yond Boeke i Patty Krone (De Bezige Bij)<\/li>\n<li>\u201eBia\u0142e morze\u201d \u2013 Roy Jacobsen, t\u0142umaczenie z norweskiego: Paula Stevens (De Bezige Bij)<\/li>\n<li>\u201eP\u0142yn\u0105c w ciemno\u015bciach\u201d Tomasz J\u0119drowski, t\u0142umaczenie z angielskiego: Maaike Bijnsdorp en Lucie Schaap (Meulenhoff)<\/li>\n<li>\u201eOsebolvan\u201d \u2013 Marit Kapla, t\u0142umaczenie z j\u0119zyka szwedzkiego: Janny Middelbeek-Oortgiesen (Atlas Contact)<\/li>\n<li>\u201eEurotrash\u201d \u2013 Christian Kracht, t\u0142umaczenie z j\u0119zyka du\u0144skiego: Peter Claessens (De Arbeiderspers)<\/li>\n<li>\u201eAnomalia\u201d \u2013 Herv\u00e9 Le Tellier, t\u0142umaczenie z j\u0119zyka francuskiego: Andreas Dijkzeul (Xander Uitgevers)<\/li>\n<li>\u201eNocilla-trilogie\u201d \u2013 Agust\u00edn Fern\u00e1ndez Mallo, t\u0142umaczenie z j\u0119zyka hiszpa\u0144skiego: Adri Boon (Koppernik)<\/li>\n<li>\u201eHet bal der gekken\u201d \u2013 Victoria Mas, t\u0142umaczenie z j\u0119zyka francuskiego: Andreas Dijkzeul (Spectrum)<\/li>\n<li>\u201eUcho Igielne\u201d \u2013 Wies\u0142aw My\u015bliwski, t\u0142umaczenie z j\u0119zyka polskiego: Karol Lesman (Querido)<\/li>\n<li>\u201eOpen water\u201d \u2013 Caleb Azumah Nelson, t\u0142umaczenie z j\u0119zyka angielskiego Adi\u00eblle Westercappel (Querido)<\/li>\n<li>\u201eEen geest in de keel\u201d \u2013 Doireann N\u00ed Ghr\u00edofa, t\u0142umaczenie z j\u0119zyka angielskiego Caroline Meijer (Van Oorschot)<\/li>\n<li>\u201eDe wereld is niet stuk te krijgen\u201d \u2013 Maxim Osipov, t\u0142umaczenie z j\u0119zyka rosyjskiego: Yolanda Bloemen en Seijo Epema (Van Oorschot)<\/li>\n<li>\u201eGdzie jeste\u015b, pi\u0119kny \u015bwiecie\u201d \u2013 Sally Rooney, t\u0142umaczenie z j\u0119zyka angielskiego: Gerda Baardman i Jan de Nijs (Ambo | Anthos)<\/li>\n<li>\u201eVerzamelde werken\u201d \u2013 Lydia Sandgren, t\u0142umaczenie z j\u0119zyka szwedzkiego: Eline Jongsma i Janny Middelbeek-Oortgiesen (Oevers)<\/li>\n<li>\u201eM. M\u0105\u017c opatrzno\u015bciowy\u201d \u2013 Antonio Scurati, t\u0142umaczenie z j\u0119zyka w\u0142oskiego: Jan van der Haar (Podium)<\/li>\n<li>\u201eHet eiland van de verdwenen bomen\u201d van Elif Shafak, t\u0142umaczenie z j\u0119zyka angielskiego: Manon Smits (Nieuw Amsterdam)<\/li>\n<li>\u201eHet geknetter in de sterren\u201d \u2013 J\u00f3n Kalman Stef\u00e1nsson, t\u0142umaczenie z j\u0119zyka islandzkiego: Marcel Otten (Ambo | Anthos)<\/li>\n<li>\u201eOnder buren\u201d \u2013 Juli Zeh, t\u0142umaczenie z du\u0144skiego: Annemarie Vlaming (Ambo Anthos)<br \/>\nWoensdag Vertalersgelukdag<\/li>\n<\/ul>\n<p>Wyboru dokona\u0142y presti\u017cowe holenderskie ksi\u0119garnie:<\/p>\n<p>Ksi\u0119garnie Athenaeum, Amsterdam<br \/>\nKsi\u0119garnia Ateneum, Haarlem<br \/>\nKsi\u0119garnia Bijleveld, Utrecht<br \/>\nKsi\u0119garnia Blokker, Heemstede<br \/>\nKsi\u0119garnia Broekhuis, Hengelo<br \/>\nDekker v.d. Ksi\u0119garnie Vegt, Nijmegen<br \/>\nKsi\u0119garnia Dominikan\u00f3w, Maastricht<br \/>\nKsi\u0119garnia Gianotten Mutsaers, Tilburg<br \/>\nKsi\u0119garnia Godert Walter, Groningen<br \/>\nKsi\u0119garnia Hijman niepoprawnie, Arnhem<br \/>\nKsi\u0119garnia Maximus Hillegersberg, Rotterdam<br \/>\nPanteon Boekholt, Amsterdam<br \/>\nKsi\u0119garnia Van Rossum, Amsterdam<br \/>\nKsi\u0119garnia Van Pampus, Amsterdam<br \/>\nKsi\u0119garnia Van Pierre, Eindhoven<br \/>\nKsi\u0119garnia Savannah Bay, Utrecht<br \/>\nKsi\u0119garnia Van der Velde, Leeuwarden<\/p>\n<h3><strong>Ucho Igielne \u2013 powie\u015b\u0107 dwukrotnego laureata Nagrody Literackiej Nike<\/strong><\/h3>\n<p><strong>Opis wydawcy:<\/strong><\/p>\n<p>Pi\u0119kna, g\u0142\u0119boka literatura, w kt\u00f3rej przenikliwo\u015b\u0107 obserwacji i swoista czu\u0142o\u015b\u0107 wobec cz\u0142owieka splataj\u0105 si\u0119 z wymiarem symbolicznym \u201eUcho igielne\u201d to poruszaj\u0105ca medytacja nad ludzkim losem, pami\u0119ci\u0105 i histori\u0105, zagadkowo\u015bci\u0105 intymnych relacji, a przede wszystkim nad tajemnic\u0105 spotkania m\u0142odo\u015bci i staro\u015bci. W powie\u015bci My\u015bliwskiego jak w lustrze odbija si\u0119 kawa\u0142 polskiej historii ze wszystkim, co w niej dramatyczne, bolesne, przemilczane i niewypowiedziane. Przede wszystkim jednak jest to rzecz o tym, jak up\u0142ywaj\u0105cy czas odciska pi\u0119tno na ludzkim do\u015bwiadczaniu siebie i \u015bwiata.<\/p>\n<p><strong>Fragment ksi\u0105\u017cki:<\/strong><\/p>\n<p>\u201ePi\u0119kna, g\u0142\u0119boka literatura, w kt\u00f3rej przenikliwo\u015b\u0107 obserwacji i swoista czu\u0142o\u015b\u0107 wobec cz\u0142owieka splataj\u0105 si\u0119 z wymiarem symbolicznym. Bieg\u0142em przez t\u0119 dawn\u0105 dzik\u0105, zielon\u0105 dolin\u0119 do \u201eUcha igielnego\u201d. Sta\u0142 ju\u017c na brzegu tych spadzistych schod\u00f3w, stuka\u0142 lask\u0105 w schodek poni\u017cej, sprawdzaj\u0105c, o ile g\u0142\u0119biej musi teraz zst\u0105pi\u0107 ni\u017c poprzednim razem. Widocznie stwierdzi\u0142, \u017ce jest du\u017co g\u0142\u0119biej, bo podobnie sprawdzi\u0142 i nast\u0119pny schodek, i nast\u0119pny. Jak mo\u017cna by\u0107 takim starym, pomy\u015bla\u0142em, a nawet zez\u0142o\u015bci\u0142o mnie to. W jego wieku ju\u017c ma\u0142o co ze \u015bwiata zostaje, wi\u0119c gdzie on idzie, po co?\u201d<\/p>\n<p><strong><a href=\"https:\/\/woblink.com\/autor\/wieslaw-mysliwski-7596\">Wies\u0142aw My\u015bliwski<\/a><\/strong> \u2013 jeden z najwa\u017cniejszych polskich pisarzy, dwukrotnie uhonorowany literack\u0105 Nagrod\u0105 NIKE. Jego ksi\u0105\u017cki t\u0142umaczono na wiele j\u0119zyk\u00f3w, m.in. hiszpa\u0144ski, francuski, niderlandzki, hebrajski, czeski, litewski, w\u0142oski i s\u0142owacki<\/p>\n<p>\u201eUcho igielne\u201c w formie <strong><a href=\"https:\/\/woblink.com\/ebook\/ucho-igielne-wieslaw-mysliwski-39968\">ebooka<\/a><\/strong>, <strong><a href=\"https:\/\/woblink.com\/audiobook\/ucho-igielne-wieslaw-mysliwski-183909\">audiobooka<\/a><\/strong> i <strong><a href=\"https:\/\/woblink.com\/ksiazka\/ucho-igielne-wieslaw-mysliwski-136735\">ksi\u0105\u017cki papierowej<\/a><\/strong> mo\u017cecie kupi\u0107 na Woblink.com<\/p>\n<p><strong>Fragmentu audiobooka mo\u017cecie pos\u0142ucha\u0107 tutaj:<\/strong><\/p>\n<p><iframe loading=\"lazy\" title=\"&quot;Ucho igielne&quot; Wies\u0142aw My\u015bliwski I Audiobook I Fragment\" width=\"500\" height=\"281\" src=\"https:\/\/www.youtube.com\/embed\/t3-NhcGNvAQ?feature=oembed&#038;enablejsapi=1&#038;origin=https:\/\/woblink.com\" frameborder=\"0\" allow=\"accelerometer; autoplay; clipboard-write; encrypted-media; gyroscope; picture-in-picture\" allowfullscreen><\/iframe><\/p>\n","protected":false},"excerpt":{"rendered":"<p>Powie\u015b\u0107 \u201eUcho Igielne\u201d Wies\u0142awa My\u015bliwskiego w przek\u0142adzie Karola Lesmana znalaz\u0142a si\u0119 na li\u015bcie 20 tytu\u0142\u00f3w nominowanych do European Literature Prize 2022. Do nagrody nominowane s\u0105 najlepsze opowie\u015bci prze\u0142o\u017cone na j\u0119zyk holenderski, kt\u00f3re ukaza\u0142y si\u0119 w Holandii w roku poprzedzaj\u0105cym. \u201eUcho Igielne\u201d nominowane do European Literature&#8230;<\/p>\n","protected":false},"author":7,"featured_media":6723,"comment_status":"closed","ping_status":"open","sticky":false,"template":"","format":"standard","meta":[],"categories":[87,79],"tags":[],"yoast_head":"<!-- This site is optimized with the Yoast SEO plugin v20.11 - https:\/\/yoast.com\/wordpress\/plugins\/seo\/ -->\n<title>Wies\u0142aw My\u015bliwski nominowany do European Literature Prize 2022 - Woblink<\/title>\n<meta name=\"description\" content=\"Powie\u015b\u0107 \u201eUcho Igielne\u201d Wies\u0142awa My\u015bliwskiego w przek\u0142adzie Karola Lesmana znalaz\u0142a si\u0119 na li\u015bcie 20 tytu\u0142\u00f3w nominowanych do European Literature Prize 2022.\" \/>\n<meta name=\"robots\" content=\"index, follow, max-snippet:-1, max-image-preview:large, max-video-preview:-1\" \/>\n<link rel=\"canonical\" href=\"https:\/\/woblink.com\/blog\/wieslaw-mysliwski-nominowany-do-european-literature-prize-2022\/\" \/>\n<meta property=\"og:locale\" content=\"pl_PL\" \/>\n<meta property=\"og:type\" content=\"article\" \/>\n<meta property=\"og:title\" content=\"Wies\u0142aw My\u015bliwski nominowany do European Literature Prize 2022 - Woblink\" \/>\n<meta property=\"og:description\" content=\"Powie\u015b\u0107 \u201eUcho Igielne\u201d Wies\u0142awa My\u015bliwskiego w przek\u0142adzie Karola Lesmana znalaz\u0142a si\u0119 na li\u015bcie 20 tytu\u0142\u00f3w nominowanych do European Literature Prize 2022.\" \/>\n<meta property=\"og:url\" content=\"https:\/\/woblink.com\/blog\/wieslaw-mysliwski-nominowany-do-european-literature-prize-2022\/\" \/>\n<meta property=\"og:site_name\" content=\"Woblink\" \/>\n<meta property=\"article:publisher\" content=\"https:\/\/facebook.com\/woblink\" \/>\n<meta property=\"article:published_time\" content=\"2022-03-16T15:41:47+00:00\" \/>\n<meta property=\"article:modified_time\" content=\"2022-03-16T15:42:01+00:00\" \/>\n<meta property=\"og:image\" content=\"https:\/\/i0.wp.com\/woblink.com\/blog\/wp-content\/uploads\/mysliwski.png?fit=1011%2C690&ssl=1\" \/>\n\t<meta property=\"og:image:width\" content=\"1011\" \/>\n\t<meta property=\"og:image:height\" content=\"690\" \/>\n\t<meta property=\"og:image:type\" content=\"image\/png\" \/>\n<meta name=\"author\" content=\"Redakcja Woblinka\" \/>\n<meta name=\"twitter:card\" content=\"summary_large_image\" \/>\n<meta name=\"twitter:creator\" content=\"@woblink_com\" \/>\n<meta name=\"twitter:site\" content=\"@woblink_com\" \/>\n<meta name=\"twitter:label1\" content=\"Napisane przez\" \/>\n\t<meta name=\"twitter:data1\" content=\"Redakcja Woblinka\" \/>\n\t<meta name=\"twitter:label2\" content=\"Szacowany czas czytania\" \/>\n\t<meta name=\"twitter:data2\" content=\"5 minut\" \/>\n<script type=\"application\/ld+json\" class=\"yoast-schema-graph\">{\"@context\":\"https:\/\/schema.org\",\"@graph\":[{\"@type\":\"Article\",\"@id\":\"https:\/\/woblink.com\/blog\/wieslaw-mysliwski-nominowany-do-european-literature-prize-2022\/#article\",\"isPartOf\":{\"@id\":\"https:\/\/woblink.com\/blog\/wieslaw-mysliwski-nominowany-do-european-literature-prize-2022\/\"},\"author\":{\"name\":\"Redakcja Woblinka\",\"@id\":\"https:\/\/woblink.com\/blog\/#\/schema\/person\/8ab6b79d64fa54209272130c4c3b1e95\"},\"headline\":\"Wies\u0142aw My\u015bliwski nominowany do European Literature Prize 2022\",\"datePublished\":\"2022-03-16T15:41:47+00:00\",\"dateModified\":\"2022-03-16T15:42:01+00:00\",\"mainEntityOfPage\":{\"@id\":\"https:\/\/woblink.com\/blog\/wieslaw-mysliwski-nominowany-do-european-literature-prize-2022\/\"},\"wordCount\":958,\"publisher\":{\"@id\":\"https:\/\/woblink.com\/blog\/#organization\"},\"articleSection\":[\"Aktualno\u015bci\",\"Nagrody literackie\"],\"inLanguage\":\"pl-PL\"},{\"@type\":\"WebPage\",\"@id\":\"https:\/\/woblink.com\/blog\/wieslaw-mysliwski-nominowany-do-european-literature-prize-2022\/\",\"url\":\"https:\/\/woblink.com\/blog\/wieslaw-mysliwski-nominowany-do-european-literature-prize-2022\/\",\"name\":\"Wies\u0142aw My\u015bliwski nominowany do European Literature Prize 2022 - Woblink\",\"isPartOf\":{\"@id\":\"https:\/\/woblink.com\/blog\/#website\"},\"datePublished\":\"2022-03-16T15:41:47+00:00\",\"dateModified\":\"2022-03-16T15:42:01+00:00\",\"description\":\"Powie\u015b\u0107 \u201eUcho Igielne\u201d Wies\u0142awa My\u015bliwskiego w przek\u0142adzie Karola Lesmana znalaz\u0142a si\u0119 na li\u015bcie 20 tytu\u0142\u00f3w nominowanych do European Literature Prize 2022.\",\"breadcrumb\":{\"@id\":\"https:\/\/woblink.com\/blog\/wieslaw-mysliwski-nominowany-do-european-literature-prize-2022\/#breadcrumb\"},\"inLanguage\":\"pl-PL\",\"potentialAction\":[{\"@type\":\"ReadAction\",\"target\":[\"https:\/\/woblink.com\/blog\/wieslaw-mysliwski-nominowany-do-european-literature-prize-2022\/\"]}]},{\"@type\":\"BreadcrumbList\",\"@id\":\"https:\/\/woblink.com\/blog\/wieslaw-mysliwski-nominowany-do-european-literature-prize-2022\/#breadcrumb\",\"itemListElement\":[{\"@type\":\"ListItem\",\"position\":1,\"name\":\"Strona g\u0142\u00f3wna\",\"item\":\"https:\/\/woblink.com\/blog\/\"},{\"@type\":\"ListItem\",\"position\":2,\"name\":\"Wies\u0142aw My\u015bliwski nominowany do European Literature Prize 2022\"}]},{\"@type\":\"WebSite\",\"@id\":\"https:\/\/woblink.com\/blog\/#website\",\"url\":\"https:\/\/woblink.com\/blog\/\",\"name\":\"Woblink\",\"description\":\"najlepszy firmowy blog o ksi\u0105\u017ckach\",\"publisher\":{\"@id\":\"https:\/\/woblink.com\/blog\/#organization\"},\"potentialAction\":[{\"@type\":\"SearchAction\",\"target\":{\"@type\":\"EntryPoint\",\"urlTemplate\":\"https:\/\/woblink.com\/blog\/?s={search_term_string}\"},\"query-input\":\"required name=search_term_string\"}],\"inLanguage\":\"pl-PL\"},{\"@type\":\"Organization\",\"@id\":\"https:\/\/woblink.com\/blog\/#organization\",\"name\":\"Woblink\",\"url\":\"https:\/\/woblink.com\/blog\/\",\"logo\":{\"@type\":\"ImageObject\",\"inLanguage\":\"pl-PL\",\"@id\":\"https:\/\/woblink.com\/blog\/#\/schema\/logo\/image\/\",\"url\":\"https:\/\/i0.wp.com\/woblink.com\/blog\/wp-content\/uploads\/2019\/04\/nw_logoB.png?fit=185%2C42&ssl=1\",\"contentUrl\":\"https:\/\/i0.wp.com\/woblink.com\/blog\/wp-content\/uploads\/2019\/04\/nw_logoB.png?fit=185%2C42&ssl=1\",\"width\":185,\"height\":42,\"caption\":\"Woblink\"},\"image\":{\"@id\":\"https:\/\/woblink.com\/blog\/#\/schema\/logo\/image\/\"},\"sameAs\":[\"https:\/\/facebook.com\/woblink\",\"https:\/\/twitter.com\/woblink_com\",\"https:\/\/www.instagram.com\/woblink_com\",\"https:\/\/www.linkedin.com\/company\/woblink\/\"]},{\"@type\":\"Person\",\"@id\":\"https:\/\/woblink.com\/blog\/#\/schema\/person\/8ab6b79d64fa54209272130c4c3b1e95\",\"name\":\"Redakcja Woblinka\",\"image\":{\"@type\":\"ImageObject\",\"inLanguage\":\"pl-PL\",\"@id\":\"https:\/\/woblink.com\/blog\/#\/schema\/person\/image\/\",\"url\":\"https:\/\/secure.gravatar.com\/avatar\/f23ae80a7c9da060bee5f8310913478b?s=96&d=mm&r=g\",\"contentUrl\":\"https:\/\/secure.gravatar.com\/avatar\/f23ae80a7c9da060bee5f8310913478b?s=96&d=mm&r=g\",\"caption\":\"Redakcja Woblinka\"},\"url\":\"https:\/\/woblink.com\/blog\/author\/krasny\/\"}]}<\/script>\n<!-- \/ Yoast SEO plugin. -->","yoast_head_json":{"title":"Wies\u0142aw My\u015bliwski nominowany do European Literature Prize 2022 - Woblink","description":"Powie\u015b\u0107 \u201eUcho Igielne\u201d Wies\u0142awa My\u015bliwskiego w przek\u0142adzie Karola Lesmana znalaz\u0142a si\u0119 na li\u015bcie 20 tytu\u0142\u00f3w nominowanych do European Literature Prize 2022.","robots":{"index":"index","follow":"follow","max-snippet":"max-snippet:-1","max-image-preview":"max-image-preview:large","max-video-preview":"max-video-preview:-1"},"canonical":"https:\/\/woblink.com\/blog\/wieslaw-mysliwski-nominowany-do-european-literature-prize-2022\/","og_locale":"pl_PL","og_type":"article","og_title":"Wies\u0142aw My\u015bliwski nominowany do European Literature Prize 2022 - Woblink","og_description":"Powie\u015b\u0107 \u201eUcho Igielne\u201d Wies\u0142awa My\u015bliwskiego w przek\u0142adzie Karola Lesmana znalaz\u0142a si\u0119 na li\u015bcie 20 tytu\u0142\u00f3w nominowanych do European Literature Prize 2022.","og_url":"https:\/\/woblink.com\/blog\/wieslaw-mysliwski-nominowany-do-european-literature-prize-2022\/","og_site_name":"Woblink","article_publisher":"https:\/\/facebook.com\/woblink","article_published_time":"2022-03-16T15:41:47+00:00","article_modified_time":"2022-03-16T15:42:01+00:00","og_image":[{"width":1011,"height":690,"url":"https:\/\/i0.wp.com\/woblink.com\/blog\/wp-content\/uploads\/mysliwski.png?fit=1011%2C690&ssl=1","type":"image\/png"}],"author":"Redakcja Woblinka","twitter_card":"summary_large_image","twitter_creator":"@woblink_com","twitter_site":"@woblink_com","twitter_misc":{"Napisane przez":"Redakcja Woblinka","Szacowany czas czytania":"5 minut"},"schema":{"@context":"https:\/\/schema.org","@graph":[{"@type":"Article","@id":"https:\/\/woblink.com\/blog\/wieslaw-mysliwski-nominowany-do-european-literature-prize-2022\/#article","isPartOf":{"@id":"https:\/\/woblink.com\/blog\/wieslaw-mysliwski-nominowany-do-european-literature-prize-2022\/"},"author":{"name":"Redakcja Woblinka","@id":"https:\/\/woblink.com\/blog\/#\/schema\/person\/8ab6b79d64fa54209272130c4c3b1e95"},"headline":"Wies\u0142aw My\u015bliwski nominowany do European Literature Prize 2022","datePublished":"2022-03-16T15:41:47+00:00","dateModified":"2022-03-16T15:42:01+00:00","mainEntityOfPage":{"@id":"https:\/\/woblink.com\/blog\/wieslaw-mysliwski-nominowany-do-european-literature-prize-2022\/"},"wordCount":958,"publisher":{"@id":"https:\/\/woblink.com\/blog\/#organization"},"articleSection":["Aktualno\u015bci","Nagrody literackie"],"inLanguage":"pl-PL"},{"@type":"WebPage","@id":"https:\/\/woblink.com\/blog\/wieslaw-mysliwski-nominowany-do-european-literature-prize-2022\/","url":"https:\/\/woblink.com\/blog\/wieslaw-mysliwski-nominowany-do-european-literature-prize-2022\/","name":"Wies\u0142aw My\u015bliwski nominowany do European Literature Prize 2022 - Woblink","isPartOf":{"@id":"https:\/\/woblink.com\/blog\/#website"},"datePublished":"2022-03-16T15:41:47+00:00","dateModified":"2022-03-16T15:42:01+00:00","description":"Powie\u015b\u0107 \u201eUcho Igielne\u201d Wies\u0142awa My\u015bliwskiego w przek\u0142adzie Karola Lesmana znalaz\u0142a si\u0119 na li\u015bcie 20 tytu\u0142\u00f3w nominowanych do European Literature Prize 2022.","breadcrumb":{"@id":"https:\/\/woblink.com\/blog\/wieslaw-mysliwski-nominowany-do-european-literature-prize-2022\/#breadcrumb"},"inLanguage":"pl-PL","potentialAction":[{"@type":"ReadAction","target":["https:\/\/woblink.com\/blog\/wieslaw-mysliwski-nominowany-do-european-literature-prize-2022\/"]}]},{"@type":"BreadcrumbList","@id":"https:\/\/woblink.com\/blog\/wieslaw-mysliwski-nominowany-do-european-literature-prize-2022\/#breadcrumb","itemListElement":[{"@type":"ListItem","position":1,"name":"Strona g\u0142\u00f3wna","item":"https:\/\/woblink.com\/blog\/"},{"@type":"ListItem","position":2,"name":"Wies\u0142aw My\u015bliwski nominowany do European Literature Prize 2022"}]},{"@type":"WebSite","@id":"https:\/\/woblink.com\/blog\/#website","url":"https:\/\/woblink.com\/blog\/","name":"Woblink","description":"najlepszy firmowy blog o ksi\u0105\u017ckach","publisher":{"@id":"https:\/\/woblink.com\/blog\/#organization"},"potentialAction":[{"@type":"SearchAction","target":{"@type":"EntryPoint","urlTemplate":"https:\/\/woblink.com\/blog\/?s={search_term_string}"},"query-input":"required name=search_term_string"}],"inLanguage":"pl-PL"},{"@type":"Organization","@id":"https:\/\/woblink.com\/blog\/#organization","name":"Woblink","url":"https:\/\/woblink.com\/blog\/","logo":{"@type":"ImageObject","inLanguage":"pl-PL","@id":"https:\/\/woblink.com\/blog\/#\/schema\/logo\/image\/","url":"https:\/\/i0.wp.com\/woblink.com\/blog\/wp-content\/uploads\/2019\/04\/nw_logoB.png?fit=185%2C42&ssl=1","contentUrl":"https:\/\/i0.wp.com\/woblink.com\/blog\/wp-content\/uploads\/2019\/04\/nw_logoB.png?fit=185%2C42&ssl=1","width":185,"height":42,"caption":"Woblink"},"image":{"@id":"https:\/\/woblink.com\/blog\/#\/schema\/logo\/image\/"},"sameAs":["https:\/\/facebook.com\/woblink","https:\/\/twitter.com\/woblink_com","https:\/\/www.instagram.com\/woblink_com","https:\/\/www.linkedin.com\/company\/woblink\/"]},{"@type":"Person","@id":"https:\/\/woblink.com\/blog\/#\/schema\/person\/8ab6b79d64fa54209272130c4c3b1e95","name":"Redakcja Woblinka","image":{"@type":"ImageObject","inLanguage":"pl-PL","@id":"https:\/\/woblink.com\/blog\/#\/schema\/person\/image\/","url":"https:\/\/secure.gravatar.com\/avatar\/f23ae80a7c9da060bee5f8310913478b?s=96&d=mm&r=g","contentUrl":"https:\/\/secure.gravatar.com\/avatar\/f23ae80a7c9da060bee5f8310913478b?s=96&d=mm&r=g","caption":"Redakcja Woblinka"},"url":"https:\/\/woblink.com\/blog\/author\/krasny\/"}]}},"jetpack_featured_media_url":"https:\/\/i0.wp.com\/woblink.com\/blog\/wp-content\/uploads\/mysliwski.png?fit=1011%2C690&ssl=1","_links":{"self":[{"href":"https:\/\/woblink.com\/blog\/wp-json\/wp\/v2\/posts\/6719"}],"collection":[{"href":"https:\/\/woblink.com\/blog\/wp-json\/wp\/v2\/posts"}],"about":[{"href":"https:\/\/woblink.com\/blog\/wp-json\/wp\/v2\/types\/post"}],"author":[{"embeddable":true,"href":"https:\/\/woblink.com\/blog\/wp-json\/wp\/v2\/users\/7"}],"replies":[{"embeddable":true,"href":"https:\/\/woblink.com\/blog\/wp-json\/wp\/v2\/comments?post=6719"}],"version-history":[{"count":1,"href":"https:\/\/woblink.com\/blog\/wp-json\/wp\/v2\/posts\/6719\/revisions"}],"predecessor-version":[{"id":6722,"href":"https:\/\/woblink.com\/blog\/wp-json\/wp\/v2\/posts\/6719\/revisions\/6722"}],"wp:featuredmedia":[{"embeddable":true,"href":"https:\/\/woblink.com\/blog\/wp-json\/wp\/v2\/media\/6723"}],"wp:attachment":[{"href":"https:\/\/woblink.com\/blog\/wp-json\/wp\/v2\/media?parent=6719"}],"wp:term":[{"taxonomy":"category","embeddable":true,"href":"https:\/\/woblink.com\/blog\/wp-json\/wp\/v2\/categories?post=6719"},{"taxonomy":"post_tag","embeddable":true,"href":"https:\/\/woblink.com\/blog\/wp-json\/wp\/v2\/tags?post=6719"}],"curies":[{"name":"wp","href":"https:\/\/api.w.org\/{rel}","templated":true}]}}