{"id":6842,"date":"2022-03-24T14:02:16","date_gmt":"2022-03-24T13:02:16","guid":{"rendered":"https:\/\/woblink.com\/blog\/?p=6842"},"modified":"2022-03-24T14:02:16","modified_gmt":"2022-03-24T13:02:16","slug":"mroz-bonda-lackberg-premiery-ksiazek-mistrzow-kryminalu","status":"publish","type":"post","link":"https:\/\/woblink.com\/blog\/mroz-bonda-lackberg-premiery-ksiazek-mistrzow-kryminalu\/","title":{"rendered":"Mr\u00f3z, Bonda, L\u00e4ckberg \u2013 premiery ksi\u0105\u017cek mistrz\u00f3w krymina\u0142u"},"content":{"rendered":"<p><strong>Niecz\u0119sto si\u0119 zdarza, \u017ceby w tym samym czasie ukazywa\u0142y si\u0119 ksi\u0105\u017cki tak popularnych pisarzy. W ksi\u0119garni internetowej Woblink mo\u017cecie ju\u017c kupi\u0107 najnowsze powie\u015bci Camilli L\u00e4ckberg, Remigiusza Mroza i Katarzyny Bondy! \u201eMentalista\u201d, \u201eO w\u0142os\u201d i \u201eSkazanie\u201d to bez w\u0105tpienie jedne z najciekawszych gatunkowych premier tego p\u00f3\u0142rocza!<\/strong><\/p>\n<p><!--more--><\/p>\n<h3><strong>Premiery ksi\u0105\u017cek mistrz\u00f3w krymina\u0142\u00f3w we wszystkich formatach<\/strong><\/h3>\n<p>Wszystkie trzy premiery \u2013 \u201e<strong><a href=\"https:\/\/woblink.com\/ebook\/mentalista-henrik-fexeus-camilla-l-ackberg-237904u\">Mentalista<\/a><\/strong>\u201d <strong><a href=\"https:\/\/woblink.com\/autor\/camilla-l-ckberg-4256\">Camilli L\u00e4ckberg<\/a><\/strong> i <strong><a href=\"https:\/\/woblink.com\/katalog?autor=Henrik+Fexeus\">Henrika Fexeusa<\/a><\/strong>, \u201e<strong><a href=\"https:\/\/woblink.com\/ebook\/o-wlos-katarzyna-bonda-242555u\">O w\u0142os<\/a><\/strong>\u201d <strong><a href=\"https:\/\/woblink.com\/autor\/katarzyna-bonda-7417\">Katarzyny Bondy<\/a><\/strong> i \u201e<strong><a href=\"https:\/\/woblink.com\/ebook\/skazanie-remigiusz-mr-oz-243948u\">Skazanie<\/a><\/strong>\u201d <strong><a href=\"https:\/\/woblink.com\/autor\/remigiusz-mroz-7808\">Remigiusza Mroza<\/a><\/strong> dost\u0119pne s\u0105 w trzech formatach \u2013 w formie ebooka, audiobooka oraz papierowej.<\/p>\n<h3 style=\"text-align: center;\">\u201eO w\u0142os\u201d \u2013 Katarzyna Bonda, Wydawnictwo Muza SA<\/h3>\n<figure id=\"attachment_6677\" aria-describedby=\"caption-attachment-6677\" style=\"width: 192px\" class=\"wp-caption aligncenter\"><a href=\"https:\/\/woblink.com\/ebook\/o-wlos-katarzyna-bonda-242555u\"><img decoding=\"async\" loading=\"lazy\" class=\"wp-image-6677 size-medium\" src=\"https:\/\/i0.wp.com\/woblink.com\/blog\/wp-content\/uploads\/o-wlos-b-iext104990017.jpg?resize=192%2C300&#038;ssl=1\" alt=\"O w\u0142os premiera Bonda ksi\u0105\u017cka audiobook papierowa\" width=\"192\" height=\"300\" srcset=\"https:\/\/i0.wp.com\/woblink.com\/blog\/wp-content\/uploads\/o-wlos-b-iext104990017.jpg?resize=192%2C300&amp;ssl=1 192w, https:\/\/i0.wp.com\/woblink.com\/blog\/wp-content\/uploads\/o-wlos-b-iext104990017.jpg?resize=654%2C1024&amp;ssl=1 654w, https:\/\/i0.wp.com\/woblink.com\/blog\/wp-content\/uploads\/o-wlos-b-iext104990017.jpg?resize=600%2C940&amp;ssl=1 600w, https:\/\/i0.wp.com\/woblink.com\/blog\/wp-content\/uploads\/o-wlos-b-iext104990017.jpg?w=766&amp;ssl=1 766w\" sizes=\"(max-width: 192px) 100vw, 192px\" data-recalc-dims=\"1\" \/><\/a><figcaption id=\"caption-attachment-6677\" class=\"wp-caption-text\"><center><strong>Kup <a href=\"https:\/\/woblink.com\/ebook\/o-wlos-katarzyna-bonda-242555u\">ebooka<\/a>, <a href=\"https:\/\/woblink.com\/audiobook\/o-wlos-katarzyna-bonda-244003\">audiobooka<\/a> lub <a href=\"https:\/\/woblink.com\/ksiazka\/o-wlos-katarzyna-bonda-242314\">ksi\u0105\u017ck\u0119 papierow\u0105<\/a> na Woblink.com<\/strong><\/center><\/figcaption><\/figure>\n<p>\u201eO w\u0142os\u201d to powie\u015b\u0107 otwieraj\u0105ca now\u0105 seri\u0119 kryminaln\u0105 <strong><a href=\"https:\/\/czytajpl.pl\/2017\/05\/01\/jak-zaczac-czytac-ksiazki-katarzyny-bondy\/\">Katarzyny Bondy<\/a><\/strong> z detektywem Jakubem Sobierskim w roli g\u0142\u00f3wnej. W Lesie Kabackim dosz\u0142o do morderstwa dw\u00f3ch m\u0142odych dziewczyn. Policjanci dawno nie widzieli tak zbezczeszczonych zw\u0142ok. W trakcie przeszukiwania okolicy \u015bledczy trafiaj\u0105 na spi\u0119ty zielon\u0105 wst\u0105\u017ceczk\u0105 pukiel blond w\u0142os\u00f3w, kt\u00f3ry nie nale\u017ca\u0142 do \u017cadnej z ofiar. Kosiarz z Kabat sieje postrach w\u015br\u00f3d pracownic agencji towarzyskich, w\u015br\u00f3d kt\u00f3rych wypatruje kolejnych ofiar. Sytuacj\u0119 komplikuj\u0119 to, \u017ce \u015bwiat prostytutek i alfons\u00f3w nie jest dost\u0119pny dla pracownik\u00f3w s\u0142u\u017cb. Do akcji wkracza detektyw Jakub Sobieski. Okazuje si\u0119, \u017ce tropy prowadz\u0105 do zagadkowej zbrodni z przesz\u0142o\u015bci. Czy Sobieski zdo\u0142a namierzy\u0107 sprawc\u0119, nim dojdzie do kolejnej tragedii?<\/p>\n<h3 style=\"text-align: center;\">\u201eSkazanie\u201d Remigiusz Mr\u00f3z, Czwarta Strona<\/h3>\n<p style=\"text-align: center;\">Premiera: 23 marca<\/p>\n<figure id=\"attachment_6679\" aria-describedby=\"caption-attachment-6679\" style=\"width: 198px\" class=\"wp-caption aligncenter\"><a href=\"https:\/\/woblink.com\/ebook\/skazanie-remigiusz-mr-oz-243948u\"><img decoding=\"async\" loading=\"lazy\" class=\"wp-image-6679 size-medium\" src=\"https:\/\/i0.wp.com\/woblink.com\/blog\/wp-content\/uploads\/6799906843267.jpg?resize=198%2C300&#038;ssl=1\" alt=\"skazanie remigiusz mr\u00f3z premiera mistrz\u00f3w krymina\u0142u ksi\u0105\u017cka audiobook ebook\" width=\"198\" height=\"300\" srcset=\"https:\/\/i0.wp.com\/woblink.com\/blog\/wp-content\/uploads\/6799906843267.jpg?resize=198%2C300&amp;ssl=1 198w, https:\/\/i0.wp.com\/woblink.com\/blog\/wp-content\/uploads\/6799906843267.jpg?w=369&amp;ssl=1 369w\" sizes=\"(max-width: 198px) 100vw, 198px\" data-recalc-dims=\"1\" \/><\/a><figcaption id=\"caption-attachment-6679\" class=\"wp-caption-text\"><center><strong>Kup <a href=\"https:\/\/woblink.com\/ebook\/skazanie-remigiusz-mr-oz-243948u\">ebooka<\/a>, <a href=\"https:\/\/woblink.com\/audiobook\/skazanie-remigiusz-mr-oz-244266\">audiobooka<\/a> lub <a href=\"https:\/\/woblink.com\/ksiazka\/skazanie-joanna-chylka-tom-15-remigiusz-mr-oz-243669\">ksi\u0105\u017ck\u0119 papierow\u0105<\/a> na Woblink.com<\/strong><\/center><\/figcaption><\/figure>\n<p>Remigiusz Mr\u00f3z nie zwalnia tempa i wydaje ju\u017c drug\u0105 ksi\u0105\u017ck\u0119 w tym roku. Tym razem ma dla czytelnik\u00f3w pi\u0119tnasty tom bestsellerowej serii o charyzmatycznej Joannie Chy\u0142ce. Po odzyskaniu prawa do wykonywania zawodu bohaterka liczy na podj\u0119cie g\u0142o\u015bnej obrony maj\u0105cej odratowa\u0107 jej karier\u0119. Jednak Chy\u0142ka otrzymuj\u0119 spraw\u0119, kt\u00f3rej nie chcia\u0142 prowadzi\u0107 nikt inny. Dodatkowo to ona b\u0119dzie mia\u0142a wyst\u0105pi\u0107 w charakterze oskar\u017cyciela subsydiarnego. Zg\u0142asza si\u0119 do niej matka m\u0142odej samob\u00f3jczyni. Kobieta twierdzi, \u017ce ma dowody, \u017ce jej c\u00f3rka nie odebra\u0142a sobie \u017cycia. Prokuratorzy raz za razem umarzaj\u0105 post\u0119powanie w tej sprawie, a Joanna Chy\u0142ka szybko orientuje si\u0119, \u017ce dosz\u0142o zar\u00f3wno do uchybie\u0144 proceduralnych, jak i manipulacji.<\/p>\n<h3 style=\"text-align: center;\">\u201eMentalista\u201d \u2013 Camilla L\u00e4ckberg, Henrik Fexeus, Wydawnictwo Czarna Owca<\/h3>\n<figure id=\"attachment_6680\" aria-describedby=\"caption-attachment-6680\" style=\"width: 187px\" class=\"wp-caption aligncenter\"><a href=\"https:\/\/woblink.com\/ebook\/mentalista-henrik-fexeus-camilla-l-ackberg-237904u\"><img decoding=\"async\" loading=\"lazy\" class=\"wp-image-6680 size-medium\" src=\"https:\/\/i0.wp.com\/woblink.com\/blog\/wp-content\/uploads\/mentalista-b-iext105095921.jpg?resize=187%2C300&#038;ssl=1\" alt=\"mentalista camilla lackberg ksi\u0105\u017cka ebook audiobook premiera mistrz\u00f3w krymina\u0142u\" width=\"187\" height=\"300\" srcset=\"https:\/\/i0.wp.com\/woblink.com\/blog\/wp-content\/uploads\/mentalista-b-iext105095921.jpg?resize=187%2C300&amp;ssl=1 187w, https:\/\/i0.wp.com\/woblink.com\/blog\/wp-content\/uploads\/mentalista-b-iext105095921.jpg?resize=638%2C1024&amp;ssl=1 638w, https:\/\/i0.wp.com\/woblink.com\/blog\/wp-content\/uploads\/mentalista-b-iext105095921.jpg?resize=600%2C963&amp;ssl=1 600w, https:\/\/i0.wp.com\/woblink.com\/blog\/wp-content\/uploads\/mentalista-b-iext105095921.jpg?w=748&amp;ssl=1 748w\" sizes=\"(max-width: 187px) 100vw, 187px\" data-recalc-dims=\"1\" \/><\/a><figcaption id=\"caption-attachment-6680\" class=\"wp-caption-text\"><center><strong>Kup <a href=\"https:\/\/woblink.com\/ebook\/mentalista-henrik-fexeus-camilla-l-ackberg-237904u\">ebooka<\/a>, <a href=\"https:\/\/woblink.com\/audiobook\/mentalista-henrik-fexeus-camilla-l-ackberg-241334\">audiobooka<\/a> lub <a href=\"https:\/\/woblink.com\/ksiazka\/mentalista-camilla-l-ackberg-henrik-fexeus-239012\">ksi\u0105\u017ck\u0119 papierow\u0105<\/a> na Woblink.com<\/strong><\/center><\/figcaption><\/figure>\n<p>\u201eMentalista\u201d to pierwsza cz\u0119\u015b\u0107 nowej serii kryminalnej bestsellerowej szwedzkiej pisaki Camilli L\u00e4ckberg i Henrika Fexeusa, jednego z topowych prelegent\u00f3w w Szwecji oraz wielokrotnie nagradzanego mentalisty. W samym centrum Sztokholmu zostaje odkryta skrzynia ze zw\u0142okami kobiety przebitej mieczami. Czy to nieudana magiczna sztuczka czy brutalne morderstwo? Prowadz\u0105ca \u015bledztwo inspektor Mina Dabiri udaje si\u0119 po pomoc do Vincenta Waldera, mentalisty b\u0119d\u0105cego ekspertem od mowy cia\u0142a i \u015bwiata iluzji. Nied\u0142ugo p\u00f3\u017aniej okazuje si\u0119, \u017ce ta sprawa jest podobna do jednej z wcze\u015bniejszych zbrodni. Dla Miny i Vincenta staje si\u0119 jasne, \u017ce \u015bcigaj\u0105 seryjnego morderc\u0119. Czy odnajd\u0105 go nim b\u0119dzie za p\u00f3\u017ano?<\/p>\n","protected":false},"excerpt":{"rendered":"<p>Niecz\u0119sto si\u0119 zdarza, \u017ceby w tym samym czasie ukazywa\u0142y si\u0119 ksi\u0105\u017cki tak popularnych pisarzy. W ksi\u0119garni internetowej Woblink mo\u017cecie ju\u017c kupi\u0107 najnowsze powie\u015bci Camilli L\u00e4ckberg, Remigiusza Mroza i Katarzyny Bondy! \u201eMentalista\u201d, \u201eO w\u0142os\u201d i \u201eSkazanie\u201d to bez w\u0105tpienie jedne z najciekawszych gatunkowych premier tego p\u00f3\u0142rocza!&#8230;<\/p>\n","protected":false},"author":7,"featured_media":6844,"comment_status":"closed","ping_status":"open","sticky":false,"template":"","format":"standard","meta":[],"categories":[87,90],"tags":[],"yoast_head":"<!-- This site is optimized with the Yoast SEO plugin v20.11 - https:\/\/yoast.com\/wordpress\/plugins\/seo\/ -->\n<title>Mr\u00f3z, Bonda, L\u00e4ckberg \u2013 premiery ksi\u0105\u017cek mistrz\u00f3w krymina\u0142u - Woblink<\/title>\n<meta name=\"description\" content=\"W ksi\u0119garni internetowej Woblink mo\u017cecie kupi\u0107 nowe ksi\u0105\u017cki Remigiusza Mroza, Katarzyny Bondy i Camilli L\u00e4ckberg w formie ebooka, audiobooka i papierowej.\" \/>\n<meta name=\"robots\" content=\"index, follow, max-snippet:-1, max-image-preview:large, max-video-preview:-1\" \/>\n<link rel=\"canonical\" href=\"https:\/\/woblink.com\/blog\/mroz-bonda-lackberg-premiery-ksiazek-mistrzow-kryminalu\/\" \/>\n<meta property=\"og:locale\" content=\"pl_PL\" \/>\n<meta property=\"og:type\" content=\"article\" \/>\n<meta property=\"og:title\" content=\"Mr\u00f3z, Bonda, L\u00e4ckberg \u2013 premiery ksi\u0105\u017cek mistrz\u00f3w krymina\u0142u - Woblink\" \/>\n<meta property=\"og:description\" content=\"W ksi\u0119garni internetowej Woblink mo\u017cecie kupi\u0107 nowe ksi\u0105\u017cki Remigiusza Mroza, Katarzyny Bondy i Camilli L\u00e4ckberg w formie ebooka, audiobooka i papierowej.\" \/>\n<meta property=\"og:url\" content=\"https:\/\/woblink.com\/blog\/mroz-bonda-lackberg-premiery-ksiazek-mistrzow-kryminalu\/\" \/>\n<meta property=\"og:site_name\" content=\"Woblink\" \/>\n<meta property=\"article:publisher\" content=\"https:\/\/facebook.com\/woblink\" \/>\n<meta property=\"article:published_time\" content=\"2022-03-24T13:02:16+00:00\" \/>\n<meta property=\"og:image\" content=\"https:\/\/i0.wp.com\/woblink.com\/blog\/wp-content\/uploads\/lackberg_mroz_bonda.jpeg?fit=1011%2C690&ssl=1\" \/>\n\t<meta property=\"og:image:width\" content=\"1011\" \/>\n\t<meta property=\"og:image:height\" content=\"690\" \/>\n\t<meta property=\"og:image:type\" content=\"image\/jpeg\" \/>\n<meta name=\"author\" content=\"Redakcja Woblinka\" \/>\n<meta name=\"twitter:card\" content=\"summary_large_image\" \/>\n<meta name=\"twitter:creator\" content=\"@woblink_com\" \/>\n<meta name=\"twitter:site\" content=\"@woblink_com\" \/>\n<meta name=\"twitter:label1\" content=\"Napisane przez\" \/>\n\t<meta name=\"twitter:data1\" content=\"Redakcja Woblinka\" \/>\n\t<meta name=\"twitter:label2\" content=\"Szacowany czas czytania\" \/>\n\t<meta name=\"twitter:data2\" content=\"3 minuty\" \/>\n<script type=\"application\/ld+json\" class=\"yoast-schema-graph\">{\"@context\":\"https:\/\/schema.org\",\"@graph\":[{\"@type\":\"Article\",\"@id\":\"https:\/\/woblink.com\/blog\/mroz-bonda-lackberg-premiery-ksiazek-mistrzow-kryminalu\/#article\",\"isPartOf\":{\"@id\":\"https:\/\/woblink.com\/blog\/mroz-bonda-lackberg-premiery-ksiazek-mistrzow-kryminalu\/\"},\"author\":{\"name\":\"Redakcja Woblinka\",\"@id\":\"https:\/\/woblink.com\/blog\/#\/schema\/person\/8ab6b79d64fa54209272130c4c3b1e95\"},\"headline\":\"Mr\u00f3z, Bonda, L\u00e4ckberg \u2013 premiery ksi\u0105\u017cek mistrz\u00f3w krymina\u0142u\",\"datePublished\":\"2022-03-24T13:02:16+00:00\",\"dateModified\":\"2022-03-24T13:02:16+00:00\",\"mainEntityOfPage\":{\"@id\":\"https:\/\/woblink.com\/blog\/mroz-bonda-lackberg-premiery-ksiazek-mistrzow-kryminalu\/\"},\"wordCount\":556,\"publisher\":{\"@id\":\"https:\/\/woblink.com\/blog\/#organization\"},\"articleSection\":[\"Aktualno\u015bci\",\"Nowo\u015bci na Woblinku\"],\"inLanguage\":\"pl-PL\"},{\"@type\":\"WebPage\",\"@id\":\"https:\/\/woblink.com\/blog\/mroz-bonda-lackberg-premiery-ksiazek-mistrzow-kryminalu\/\",\"url\":\"https:\/\/woblink.com\/blog\/mroz-bonda-lackberg-premiery-ksiazek-mistrzow-kryminalu\/\",\"name\":\"Mr\u00f3z, Bonda, L\u00e4ckberg \u2013 premiery ksi\u0105\u017cek mistrz\u00f3w krymina\u0142u - Woblink\",\"isPartOf\":{\"@id\":\"https:\/\/woblink.com\/blog\/#website\"},\"datePublished\":\"2022-03-24T13:02:16+00:00\",\"dateModified\":\"2022-03-24T13:02:16+00:00\",\"description\":\"W ksi\u0119garni internetowej Woblink mo\u017cecie kupi\u0107 nowe ksi\u0105\u017cki Remigiusza Mroza, Katarzyny Bondy i Camilli L\u00e4ckberg w formie ebooka, audiobooka i papierowej.\",\"breadcrumb\":{\"@id\":\"https:\/\/woblink.com\/blog\/mroz-bonda-lackberg-premiery-ksiazek-mistrzow-kryminalu\/#breadcrumb\"},\"inLanguage\":\"pl-PL\",\"potentialAction\":[{\"@type\":\"ReadAction\",\"target\":[\"https:\/\/woblink.com\/blog\/mroz-bonda-lackberg-premiery-ksiazek-mistrzow-kryminalu\/\"]}]},{\"@type\":\"BreadcrumbList\",\"@id\":\"https:\/\/woblink.com\/blog\/mroz-bonda-lackberg-premiery-ksiazek-mistrzow-kryminalu\/#breadcrumb\",\"itemListElement\":[{\"@type\":\"ListItem\",\"position\":1,\"name\":\"Strona g\u0142\u00f3wna\",\"item\":\"https:\/\/woblink.com\/blog\/\"},{\"@type\":\"ListItem\",\"position\":2,\"name\":\"Mr\u00f3z, Bonda, L\u00e4ckberg \u2013 premiery ksi\u0105\u017cek mistrz\u00f3w krymina\u0142u\"}]},{\"@type\":\"WebSite\",\"@id\":\"https:\/\/woblink.com\/blog\/#website\",\"url\":\"https:\/\/woblink.com\/blog\/\",\"name\":\"Woblink\",\"description\":\"najlepszy firmowy blog o ksi\u0105\u017ckach\",\"publisher\":{\"@id\":\"https:\/\/woblink.com\/blog\/#organization\"},\"potentialAction\":[{\"@type\":\"SearchAction\",\"target\":{\"@type\":\"EntryPoint\",\"urlTemplate\":\"https:\/\/woblink.com\/blog\/?s={search_term_string}\"},\"query-input\":\"required name=search_term_string\"}],\"inLanguage\":\"pl-PL\"},{\"@type\":\"Organization\",\"@id\":\"https:\/\/woblink.com\/blog\/#organization\",\"name\":\"Woblink\",\"url\":\"https:\/\/woblink.com\/blog\/\",\"logo\":{\"@type\":\"ImageObject\",\"inLanguage\":\"pl-PL\",\"@id\":\"https:\/\/woblink.com\/blog\/#\/schema\/logo\/image\/\",\"url\":\"https:\/\/i0.wp.com\/woblink.com\/blog\/wp-content\/uploads\/2019\/04\/nw_logoB.png?fit=185%2C42&ssl=1\",\"contentUrl\":\"https:\/\/i0.wp.com\/woblink.com\/blog\/wp-content\/uploads\/2019\/04\/nw_logoB.png?fit=185%2C42&ssl=1\",\"width\":185,\"height\":42,\"caption\":\"Woblink\"},\"image\":{\"@id\":\"https:\/\/woblink.com\/blog\/#\/schema\/logo\/image\/\"},\"sameAs\":[\"https:\/\/facebook.com\/woblink\",\"https:\/\/twitter.com\/woblink_com\",\"https:\/\/www.instagram.com\/woblink_com\",\"https:\/\/www.linkedin.com\/company\/woblink\/\"]},{\"@type\":\"Person\",\"@id\":\"https:\/\/woblink.com\/blog\/#\/schema\/person\/8ab6b79d64fa54209272130c4c3b1e95\",\"name\":\"Redakcja Woblinka\",\"image\":{\"@type\":\"ImageObject\",\"inLanguage\":\"pl-PL\",\"@id\":\"https:\/\/woblink.com\/blog\/#\/schema\/person\/image\/\",\"url\":\"https:\/\/secure.gravatar.com\/avatar\/f23ae80a7c9da060bee5f8310913478b?s=96&d=mm&r=g\",\"contentUrl\":\"https:\/\/secure.gravatar.com\/avatar\/f23ae80a7c9da060bee5f8310913478b?s=96&d=mm&r=g\",\"caption\":\"Redakcja Woblinka\"},\"url\":\"https:\/\/woblink.com\/blog\/author\/krasny\/\"}]}<\/script>\n<!-- \/ Yoast SEO plugin. -->","yoast_head_json":{"title":"Mr\u00f3z, Bonda, L\u00e4ckberg \u2013 premiery ksi\u0105\u017cek mistrz\u00f3w krymina\u0142u - Woblink","description":"W ksi\u0119garni internetowej Woblink mo\u017cecie kupi\u0107 nowe ksi\u0105\u017cki Remigiusza Mroza, Katarzyny Bondy i Camilli L\u00e4ckberg w formie ebooka, audiobooka i papierowej.","robots":{"index":"index","follow":"follow","max-snippet":"max-snippet:-1","max-image-preview":"max-image-preview:large","max-video-preview":"max-video-preview:-1"},"canonical":"https:\/\/woblink.com\/blog\/mroz-bonda-lackberg-premiery-ksiazek-mistrzow-kryminalu\/","og_locale":"pl_PL","og_type":"article","og_title":"Mr\u00f3z, Bonda, L\u00e4ckberg \u2013 premiery ksi\u0105\u017cek mistrz\u00f3w krymina\u0142u - Woblink","og_description":"W ksi\u0119garni internetowej Woblink mo\u017cecie kupi\u0107 nowe ksi\u0105\u017cki Remigiusza Mroza, Katarzyny Bondy i Camilli L\u00e4ckberg w formie ebooka, audiobooka i papierowej.","og_url":"https:\/\/woblink.com\/blog\/mroz-bonda-lackberg-premiery-ksiazek-mistrzow-kryminalu\/","og_site_name":"Woblink","article_publisher":"https:\/\/facebook.com\/woblink","article_published_time":"2022-03-24T13:02:16+00:00","og_image":[{"width":1011,"height":690,"url":"https:\/\/i0.wp.com\/woblink.com\/blog\/wp-content\/uploads\/lackberg_mroz_bonda.jpeg?fit=1011%2C690&ssl=1","type":"image\/jpeg"}],"author":"Redakcja Woblinka","twitter_card":"summary_large_image","twitter_creator":"@woblink_com","twitter_site":"@woblink_com","twitter_misc":{"Napisane przez":"Redakcja Woblinka","Szacowany czas czytania":"3 minuty"},"schema":{"@context":"https:\/\/schema.org","@graph":[{"@type":"Article","@id":"https:\/\/woblink.com\/blog\/mroz-bonda-lackberg-premiery-ksiazek-mistrzow-kryminalu\/#article","isPartOf":{"@id":"https:\/\/woblink.com\/blog\/mroz-bonda-lackberg-premiery-ksiazek-mistrzow-kryminalu\/"},"author":{"name":"Redakcja Woblinka","@id":"https:\/\/woblink.com\/blog\/#\/schema\/person\/8ab6b79d64fa54209272130c4c3b1e95"},"headline":"Mr\u00f3z, Bonda, L\u00e4ckberg \u2013 premiery ksi\u0105\u017cek mistrz\u00f3w krymina\u0142u","datePublished":"2022-03-24T13:02:16+00:00","dateModified":"2022-03-24T13:02:16+00:00","mainEntityOfPage":{"@id":"https:\/\/woblink.com\/blog\/mroz-bonda-lackberg-premiery-ksiazek-mistrzow-kryminalu\/"},"wordCount":556,"publisher":{"@id":"https:\/\/woblink.com\/blog\/#organization"},"articleSection":["Aktualno\u015bci","Nowo\u015bci na Woblinku"],"inLanguage":"pl-PL"},{"@type":"WebPage","@id":"https:\/\/woblink.com\/blog\/mroz-bonda-lackberg-premiery-ksiazek-mistrzow-kryminalu\/","url":"https:\/\/woblink.com\/blog\/mroz-bonda-lackberg-premiery-ksiazek-mistrzow-kryminalu\/","name":"Mr\u00f3z, Bonda, L\u00e4ckberg \u2013 premiery ksi\u0105\u017cek mistrz\u00f3w krymina\u0142u - Woblink","isPartOf":{"@id":"https:\/\/woblink.com\/blog\/#website"},"datePublished":"2022-03-24T13:02:16+00:00","dateModified":"2022-03-24T13:02:16+00:00","description":"W ksi\u0119garni internetowej Woblink mo\u017cecie kupi\u0107 nowe ksi\u0105\u017cki Remigiusza Mroza, Katarzyny Bondy i Camilli L\u00e4ckberg w formie ebooka, audiobooka i papierowej.","breadcrumb":{"@id":"https:\/\/woblink.com\/blog\/mroz-bonda-lackberg-premiery-ksiazek-mistrzow-kryminalu\/#breadcrumb"},"inLanguage":"pl-PL","potentialAction":[{"@type":"ReadAction","target":["https:\/\/woblink.com\/blog\/mroz-bonda-lackberg-premiery-ksiazek-mistrzow-kryminalu\/"]}]},{"@type":"BreadcrumbList","@id":"https:\/\/woblink.com\/blog\/mroz-bonda-lackberg-premiery-ksiazek-mistrzow-kryminalu\/#breadcrumb","itemListElement":[{"@type":"ListItem","position":1,"name":"Strona g\u0142\u00f3wna","item":"https:\/\/woblink.com\/blog\/"},{"@type":"ListItem","position":2,"name":"Mr\u00f3z, Bonda, L\u00e4ckberg \u2013 premiery ksi\u0105\u017cek mistrz\u00f3w krymina\u0142u"}]},{"@type":"WebSite","@id":"https:\/\/woblink.com\/blog\/#website","url":"https:\/\/woblink.com\/blog\/","name":"Woblink","description":"najlepszy firmowy blog o ksi\u0105\u017ckach","publisher":{"@id":"https:\/\/woblink.com\/blog\/#organization"},"potentialAction":[{"@type":"SearchAction","target":{"@type":"EntryPoint","urlTemplate":"https:\/\/woblink.com\/blog\/?s={search_term_string}"},"query-input":"required name=search_term_string"}],"inLanguage":"pl-PL"},{"@type":"Organization","@id":"https:\/\/woblink.com\/blog\/#organization","name":"Woblink","url":"https:\/\/woblink.com\/blog\/","logo":{"@type":"ImageObject","inLanguage":"pl-PL","@id":"https:\/\/woblink.com\/blog\/#\/schema\/logo\/image\/","url":"https:\/\/i0.wp.com\/woblink.com\/blog\/wp-content\/uploads\/2019\/04\/nw_logoB.png?fit=185%2C42&ssl=1","contentUrl":"https:\/\/i0.wp.com\/woblink.com\/blog\/wp-content\/uploads\/2019\/04\/nw_logoB.png?fit=185%2C42&ssl=1","width":185,"height":42,"caption":"Woblink"},"image":{"@id":"https:\/\/woblink.com\/blog\/#\/schema\/logo\/image\/"},"sameAs":["https:\/\/facebook.com\/woblink","https:\/\/twitter.com\/woblink_com","https:\/\/www.instagram.com\/woblink_com","https:\/\/www.linkedin.com\/company\/woblink\/"]},{"@type":"Person","@id":"https:\/\/woblink.com\/blog\/#\/schema\/person\/8ab6b79d64fa54209272130c4c3b1e95","name":"Redakcja Woblinka","image":{"@type":"ImageObject","inLanguage":"pl-PL","@id":"https:\/\/woblink.com\/blog\/#\/schema\/person\/image\/","url":"https:\/\/secure.gravatar.com\/avatar\/f23ae80a7c9da060bee5f8310913478b?s=96&d=mm&r=g","contentUrl":"https:\/\/secure.gravatar.com\/avatar\/f23ae80a7c9da060bee5f8310913478b?s=96&d=mm&r=g","caption":"Redakcja Woblinka"},"url":"https:\/\/woblink.com\/blog\/author\/krasny\/"}]}},"jetpack_featured_media_url":"https:\/\/i0.wp.com\/woblink.com\/blog\/wp-content\/uploads\/lackberg_mroz_bonda.jpeg?fit=1011%2C690&ssl=1","_links":{"self":[{"href":"https:\/\/woblink.com\/blog\/wp-json\/wp\/v2\/posts\/6842"}],"collection":[{"href":"https:\/\/woblink.com\/blog\/wp-json\/wp\/v2\/posts"}],"about":[{"href":"https:\/\/woblink.com\/blog\/wp-json\/wp\/v2\/types\/post"}],"author":[{"embeddable":true,"href":"https:\/\/woblink.com\/blog\/wp-json\/wp\/v2\/users\/7"}],"replies":[{"embeddable":true,"href":"https:\/\/woblink.com\/blog\/wp-json\/wp\/v2\/comments?post=6842"}],"version-history":[{"count":2,"href":"https:\/\/woblink.com\/blog\/wp-json\/wp\/v2\/posts\/6842\/revisions"}],"predecessor-version":[{"id":6881,"href":"https:\/\/woblink.com\/blog\/wp-json\/wp\/v2\/posts\/6842\/revisions\/6881"}],"wp:featuredmedia":[{"embeddable":true,"href":"https:\/\/woblink.com\/blog\/wp-json\/wp\/v2\/media\/6844"}],"wp:attachment":[{"href":"https:\/\/woblink.com\/blog\/wp-json\/wp\/v2\/media?parent=6842"}],"wp:term":[{"taxonomy":"category","embeddable":true,"href":"https:\/\/woblink.com\/blog\/wp-json\/wp\/v2\/categories?post=6842"},{"taxonomy":"post_tag","embeddable":true,"href":"https:\/\/woblink.com\/blog\/wp-json\/wp\/v2\/tags?post=6842"}],"curies":[{"name":"wp","href":"https:\/\/api.w.org\/{rel}","templated":true}]}}