{"id":6849,"date":"2022-03-25T15:29:17","date_gmt":"2022-03-25T14:29:17","guid":{"rendered":"https:\/\/woblink.com\/blog\/?p=6849"},"modified":"2022-03-25T15:29:35","modified_gmt":"2022-03-25T14:29:35","slug":"niepowstrzymani-yuvala-noaha-harariego-juz-jesienia","status":"publish","type":"post","link":"https:\/\/woblink.com\/blog\/niepowstrzymani-yuvala-noaha-harariego-juz-jesienia\/","title":{"rendered":"\u201eNiepowstrzymani\u201d Yuvala Noaha Harariego ju\u017c w pa\u017adzierniku tego roku!"},"content":{"rendered":"<p><strong> Yuval Noah Harari, izraelski historyk, profesor i autor mi\u0119dzynarodowych bestseller\u00f3w, zapowiedzia\u0142 premier\u0119 swojej ksi\u0105\u017cki pt. \u201eNiepowstrzymani. Jak przej\u0119li\u015bmy w\u0142adz\u0119 nad \u015bwiatem\u201d. B\u0119dzie to pierwszy tom otwieraj\u0105cy seri\u0119 skierowan\u0105 do najm\u0142odszych czytelnik\u00f3w. Ksi\u0105\u017cka uka\u017ce si\u0119 jesieni\u0105 2022 roku \u2013 r\u00f3wnie\u017c w Polsce.<\/strong><\/p>\n<p><!--more--><\/p>\n<h3>Nowa ksi\u0105\u017cka Yuvala Noaha Harariego<\/h3>\n<p>Na Targach w Bolonii izraelski profesor, historyk i autor bestsellerowych tytu\u0142\u00f3w, Yuval Noah Harari, zapowiedzia\u0142 sw\u00f3j nowy projekt przeznaczony dla najm\u0142odszych czytelnik\u00f3w. Tom otwieraj\u0105cy seri\u0119 b\u0119dzie nosi\u0142 tytu\u0142 \u201eNiepowstrzymani. Jak przej\u0119li\u015bmy w\u0142adz\u0119 nad \u015bwiatem\u201d. Znalaz\u0142y si\u0119 w nim ilustracje hiszpa\u0144skiego artysty Ricarda Zaplany Ruiza. Ksi\u0105\u017cka uka\u017ce si\u0119 jesieni\u0105 tego roku, a ca\u0142y cykl ma sk\u0142ada\u0107 si\u0119 z czterech tom\u00f3w.<\/p>\n<p><img decoding=\"async\" loading=\"lazy\" class=\"size-medium wp-image-6854 aligncenter\" src=\"https:\/\/i0.wp.com\/woblink.com\/blog\/wp-content\/uploads\/974762-352x500.jpg?resize=211%2C300&#038;ssl=1\" alt=\"\" width=\"211\" height=\"300\" srcset=\"https:\/\/i0.wp.com\/woblink.com\/blog\/wp-content\/uploads\/974762-352x500.jpg?resize=211%2C300&amp;ssl=1 211w, https:\/\/i0.wp.com\/woblink.com\/blog\/wp-content\/uploads\/974762-352x500.jpg?resize=352%2C500&amp;ssl=1 352w\" sizes=\"(max-width: 211px) 100vw, 211px\" data-recalc-dims=\"1\" \/><\/p>\n<p>Yuval Noah Harari jest znany przede wszystkim z takich tytu\u0142\u00f3w jak \u201e<strong><a href=\"https:\/\/woblink.com\/ebook\/sapiens-od-zwierzat-do-bog-ow-yuval-noah-harari-justyn-hunia-137848u\">Sapiens. Od zwierz\u0105t do bog\u00f3w<\/a><\/strong>\u201d, \u201e<strong><a href=\"https:\/\/woblink.com\/ebook\/21-lekcji-na-xxi-wiek-yuval-noah-harari-135642u\">21 lekcji na XXI wiek<\/a><\/strong>\u201d i \u201e<strong><a href=\"https:\/\/woblink.com\/ebook\/homo-deus-kr-otka-historia-jutra-yuval-noah-harari-michal-romanek-34284u\">Homo deus. Kr\u00f3tka historia jutra<\/a><\/strong>\u201d. Ka\u017cdy z nich zosta\u0142 bestsellerem, kt\u00f3ry \u017cywo zainteresowa\u0142 czytelnik\u00f3w na ca\u0142ym \u015bwiecie. Do tej pory sprzeda\u0142y si\u0119 \u0142\u0105cznie w nak\u0142adzie przekraczaj\u0105cym 20 milion\u00f3w egzemplarzy.<\/p>\n<h3>\u201eNiepowstrzymani. Jak przej\u0119li\u015bmy w\u0142adz\u0119 nad \u015bwiatem\u201d<\/h3>\n<p>W swojej najnowsze ksi\u0105\u017cce Harari, w niezwykle barwny i wci\u0105gaj\u0105cy spos\u00f3b, przedstawia si\u0119 m\u0142odym czytelnikom i chc\u0119 wci\u0105gn\u0105\u0107 ich w pasjonuj\u0105cy \u015bwiat wiedzy. Ziemi\u0105 rz\u0105dz\u0105 ludzie &#8211; od afryka\u0144skiej sawanny po pokryt\u0105 lodem Grenlandi\u0119. Ale jak to si\u0119 sta\u0142o, \u017ce cz\u0142owiek zacz\u0105\u0142 dysponowa\u0107 tak\u0105 pot\u0119g\u0105?<\/p>\n<p>Autor w \u201eNiepowstrzymanych\u201d pokazuje, \u017ce posiadamy wielk\u0105 si\u0142\u0119 umo\u017cliwiaj\u0105c\u0105 nam tworzenie najr\u00f3\u017cniejszych, cz\u0119sto dziwnych i tajemniczych, rzeczy: od demon\u00f3w czy duch\u00f3w po korporacje i rz\u0105dy. Bestsellerowy autor odpowiada m.in. na pytania o to, jak dzi\u0119ki ogniowi uda\u0142o nam si\u0119 zmniejszy\u0107 \u017co\u0142\u0105dki, a tak\u017ce co gra w pi\u0142k\u0119 mo\u017ce powiedzie\u0107 o byciu cz\u0142owiekiem. Czytelnicy b\u0119d\u0105 mogli pozna\u0107 histori\u0119 ludzko\u015bci, jakiej wcze\u015bniej nie znali. W trakcie podr\u00f3\u017cy \u015bladami wiedzy spotkaj\u0105 gigantyczne w\u0119\u017ce, kar\u0142y czy Wielkiego Ducha Lwa mieszaj\u0105cego nad chmurami. \u201eNiepowstrzymani\u201d to ksi\u0105\u017cka nie tylko dla dzieci, ale i dla starszych czytelnik\u00f3w. Ka\u017cdy, kto kiedykolwiek zada\u0142 sobie takie pytania jak kim jestem, sk\u0105d si\u0119 tu wzi\u0105\u0142em, znajdzie w publikacji Harariego co\u015b dla siebie.<\/p>\n<p>Wydawnictwo Literackie trzyma r\u0119k\u0119 na pulsie i dzi\u0119ki temu na polskim rynku wydawniczym \u201eNiepowstrzymani\u201d uka\u017c\u0105 si\u0119 w pa\u017adzierniku bie\u017c\u0105cego roku. Jak czytamy na facebookowym profilu wydawnictwa: \u201eNad przek\u0142adem pracuje ju\u017c Micha\u0142 Romanek.\u201d<\/p>\n<p><iframe loading=\"lazy\" style=\"border: none; overflow: hidden;\" src=\"https:\/\/www.facebook.com\/plugins\/post.php?href=https%3A%2F%2Fwww.facebook.com%2Fwydawnictwoliterackie%2Fposts%2F4984329231642918&amp;show_text=true&amp;width=500\" width=\"500\" height=\"647\" frameborder=\"0\" scrolling=\"no\" allowfullscreen=\"allowfullscreen\"><\/iframe><\/p>\n<p>Zdj\u0119cie Yuvala Noaha Harariego widniej\u0105ce na grafice wyr\u00f3\u017cniaj\u0105cej: \u017ar\u00f3d\u0142o <a href=\"https:\/\/www.flickr.com\/photos\/worldeconomicforum\/49429203172\/in\/photostream\/\"><span class=\"cmsImageDescription d-inline-block articlesCmsContent__imgDesc\"><span class=\"cmsImageAuthor articlesCmsContent__imgDesc__Author\">World Economic Forum\/Flickr<\/span><\/span><\/a><\/p>\n","protected":false},"excerpt":{"rendered":"<p>Yuval Noah Harari, izraelski historyk, profesor i autor mi\u0119dzynarodowych bestseller\u00f3w, zapowiedzia\u0142 premier\u0119 swojej ksi\u0105\u017cki pt. \u201eNiepowstrzymani. Jak przej\u0119li\u015bmy w\u0142adz\u0119 nad \u015bwiatem\u201d. B\u0119dzie to pierwszy tom otwieraj\u0105cy seri\u0119 skierowan\u0105 do najm\u0142odszych czytelnik\u00f3w. Ksi\u0105\u017cka uka\u017ce si\u0119 jesieni\u0105 2022 roku \u2013 r\u00f3wnie\u017c w Polsce. Nowa ksi\u0105\u017cka Yuvala Noaha&#8230;<\/p>\n","protected":false},"author":7,"featured_media":6850,"comment_status":"closed","ping_status":"open","sticky":false,"template":"","format":"standard","meta":[],"categories":[87,89,83],"tags":[],"yoast_head":"<!-- This site is optimized with the Yoast SEO plugin v20.11 - https:\/\/yoast.com\/wordpress\/plugins\/seo\/ -->\n<title>\u201eNiepowstrzymani\u201d Yuvala Noaha Harariego ju\u017c w pa\u017adzierniku tego roku! - Woblink<\/title>\n<meta name=\"description\" content=\"Yuval Noah Harari, izraelski historyk, profesor i autor mi\u0119dzynarodowych bestseller\u00f3w, zapowiedzia\u0142 premier\u0119 swojej ksi\u0105\u017cki pt. \u201eNiepowstrzymani\u201d.\" \/>\n<meta name=\"robots\" content=\"index, follow, max-snippet:-1, max-image-preview:large, max-video-preview:-1\" \/>\n<link rel=\"canonical\" href=\"https:\/\/woblink.com\/blog\/niepowstrzymani-yuvala-noaha-harariego-juz-jesienia\/\" \/>\n<meta property=\"og:locale\" content=\"pl_PL\" \/>\n<meta property=\"og:type\" content=\"article\" \/>\n<meta property=\"og:title\" content=\"\u201eNiepowstrzymani\u201d Yuvala Noaha Harariego ju\u017c w pa\u017adzierniku tego roku! - Woblink\" \/>\n<meta property=\"og:description\" content=\"Yuval Noah Harari, izraelski historyk, profesor i autor mi\u0119dzynarodowych bestseller\u00f3w, zapowiedzia\u0142 premier\u0119 swojej ksi\u0105\u017cki pt. \u201eNiepowstrzymani\u201d.\" \/>\n<meta property=\"og:url\" content=\"https:\/\/woblink.com\/blog\/niepowstrzymani-yuvala-noaha-harariego-juz-jesienia\/\" \/>\n<meta property=\"og:site_name\" content=\"Woblink\" \/>\n<meta property=\"article:publisher\" content=\"https:\/\/facebook.com\/woblink\" \/>\n<meta property=\"article:published_time\" content=\"2022-03-25T14:29:17+00:00\" \/>\n<meta property=\"article:modified_time\" content=\"2022-03-25T14:29:35+00:00\" \/>\n<meta property=\"og:image\" content=\"https:\/\/i0.wp.com\/woblink.com\/blog\/wp-content\/uploads\/harari.png?fit=1011%2C690&ssl=1\" \/>\n\t<meta property=\"og:image:width\" content=\"1011\" \/>\n\t<meta property=\"og:image:height\" content=\"690\" \/>\n\t<meta property=\"og:image:type\" content=\"image\/png\" \/>\n<meta name=\"author\" content=\"Redakcja Woblinka\" \/>\n<meta name=\"twitter:card\" content=\"summary_large_image\" \/>\n<meta name=\"twitter:creator\" content=\"@woblink_com\" \/>\n<meta name=\"twitter:site\" content=\"@woblink_com\" \/>\n<meta name=\"twitter:label1\" content=\"Napisane przez\" \/>\n\t<meta name=\"twitter:data1\" content=\"Redakcja Woblinka\" \/>\n\t<meta name=\"twitter:label2\" content=\"Szacowany czas czytania\" \/>\n\t<meta name=\"twitter:data2\" content=\"2 minuty\" \/>\n<script type=\"application\/ld+json\" class=\"yoast-schema-graph\">{\"@context\":\"https:\/\/schema.org\",\"@graph\":[{\"@type\":\"Article\",\"@id\":\"https:\/\/woblink.com\/blog\/niepowstrzymani-yuvala-noaha-harariego-juz-jesienia\/#article\",\"isPartOf\":{\"@id\":\"https:\/\/woblink.com\/blog\/niepowstrzymani-yuvala-noaha-harariego-juz-jesienia\/\"},\"author\":{\"name\":\"Redakcja Woblinka\",\"@id\":\"https:\/\/woblink.com\/blog\/#\/schema\/person\/8ab6b79d64fa54209272130c4c3b1e95\"},\"headline\":\"\u201eNiepowstrzymani\u201d Yuvala Noaha Harariego ju\u017c w pa\u017adzierniku tego roku!\",\"datePublished\":\"2022-03-25T14:29:17+00:00\",\"dateModified\":\"2022-03-25T14:29:35+00:00\",\"mainEntityOfPage\":{\"@id\":\"https:\/\/woblink.com\/blog\/niepowstrzymani-yuvala-noaha-harariego-juz-jesienia\/\"},\"wordCount\":464,\"publisher\":{\"@id\":\"https:\/\/woblink.com\/blog\/#organization\"},\"articleSection\":[\"Aktualno\u015bci\",\"Rynek wydawniczy\",\"Zapowiedzi ksi\u0105\u017cek\"],\"inLanguage\":\"pl-PL\"},{\"@type\":\"WebPage\",\"@id\":\"https:\/\/woblink.com\/blog\/niepowstrzymani-yuvala-noaha-harariego-juz-jesienia\/\",\"url\":\"https:\/\/woblink.com\/blog\/niepowstrzymani-yuvala-noaha-harariego-juz-jesienia\/\",\"name\":\"\u201eNiepowstrzymani\u201d Yuvala Noaha Harariego ju\u017c w pa\u017adzierniku tego roku! - Woblink\",\"isPartOf\":{\"@id\":\"https:\/\/woblink.com\/blog\/#website\"},\"datePublished\":\"2022-03-25T14:29:17+00:00\",\"dateModified\":\"2022-03-25T14:29:35+00:00\",\"description\":\"Yuval Noah Harari, izraelski historyk, profesor i autor mi\u0119dzynarodowych bestseller\u00f3w, zapowiedzia\u0142 premier\u0119 swojej ksi\u0105\u017cki pt. \u201eNiepowstrzymani\u201d.\",\"breadcrumb\":{\"@id\":\"https:\/\/woblink.com\/blog\/niepowstrzymani-yuvala-noaha-harariego-juz-jesienia\/#breadcrumb\"},\"inLanguage\":\"pl-PL\",\"potentialAction\":[{\"@type\":\"ReadAction\",\"target\":[\"https:\/\/woblink.com\/blog\/niepowstrzymani-yuvala-noaha-harariego-juz-jesienia\/\"]}]},{\"@type\":\"BreadcrumbList\",\"@id\":\"https:\/\/woblink.com\/blog\/niepowstrzymani-yuvala-noaha-harariego-juz-jesienia\/#breadcrumb\",\"itemListElement\":[{\"@type\":\"ListItem\",\"position\":1,\"name\":\"Strona g\u0142\u00f3wna\",\"item\":\"https:\/\/woblink.com\/blog\/\"},{\"@type\":\"ListItem\",\"position\":2,\"name\":\"\u201eNiepowstrzymani\u201d Yuvala Noaha Harariego ju\u017c w pa\u017adzierniku tego roku!\"}]},{\"@type\":\"WebSite\",\"@id\":\"https:\/\/woblink.com\/blog\/#website\",\"url\":\"https:\/\/woblink.com\/blog\/\",\"name\":\"Woblink\",\"description\":\"najlepszy firmowy blog o ksi\u0105\u017ckach\",\"publisher\":{\"@id\":\"https:\/\/woblink.com\/blog\/#organization\"},\"potentialAction\":[{\"@type\":\"SearchAction\",\"target\":{\"@type\":\"EntryPoint\",\"urlTemplate\":\"https:\/\/woblink.com\/blog\/?s={search_term_string}\"},\"query-input\":\"required name=search_term_string\"}],\"inLanguage\":\"pl-PL\"},{\"@type\":\"Organization\",\"@id\":\"https:\/\/woblink.com\/blog\/#organization\",\"name\":\"Woblink\",\"url\":\"https:\/\/woblink.com\/blog\/\",\"logo\":{\"@type\":\"ImageObject\",\"inLanguage\":\"pl-PL\",\"@id\":\"https:\/\/woblink.com\/blog\/#\/schema\/logo\/image\/\",\"url\":\"https:\/\/i0.wp.com\/woblink.com\/blog\/wp-content\/uploads\/2019\/04\/nw_logoB.png?fit=185%2C42&ssl=1\",\"contentUrl\":\"https:\/\/i0.wp.com\/woblink.com\/blog\/wp-content\/uploads\/2019\/04\/nw_logoB.png?fit=185%2C42&ssl=1\",\"width\":185,\"height\":42,\"caption\":\"Woblink\"},\"image\":{\"@id\":\"https:\/\/woblink.com\/blog\/#\/schema\/logo\/image\/\"},\"sameAs\":[\"https:\/\/facebook.com\/woblink\",\"https:\/\/twitter.com\/woblink_com\",\"https:\/\/www.instagram.com\/woblink_com\",\"https:\/\/www.linkedin.com\/company\/woblink\/\"]},{\"@type\":\"Person\",\"@id\":\"https:\/\/woblink.com\/blog\/#\/schema\/person\/8ab6b79d64fa54209272130c4c3b1e95\",\"name\":\"Redakcja Woblinka\",\"image\":{\"@type\":\"ImageObject\",\"inLanguage\":\"pl-PL\",\"@id\":\"https:\/\/woblink.com\/blog\/#\/schema\/person\/image\/\",\"url\":\"https:\/\/secure.gravatar.com\/avatar\/f23ae80a7c9da060bee5f8310913478b?s=96&d=mm&r=g\",\"contentUrl\":\"https:\/\/secure.gravatar.com\/avatar\/f23ae80a7c9da060bee5f8310913478b?s=96&d=mm&r=g\",\"caption\":\"Redakcja Woblinka\"},\"url\":\"https:\/\/woblink.com\/blog\/author\/krasny\/\"}]}<\/script>\n<!-- \/ Yoast SEO plugin. -->","yoast_head_json":{"title":"\u201eNiepowstrzymani\u201d Yuvala Noaha Harariego ju\u017c w pa\u017adzierniku tego roku! - Woblink","description":"Yuval Noah Harari, izraelski historyk, profesor i autor mi\u0119dzynarodowych bestseller\u00f3w, zapowiedzia\u0142 premier\u0119 swojej ksi\u0105\u017cki pt. \u201eNiepowstrzymani\u201d.","robots":{"index":"index","follow":"follow","max-snippet":"max-snippet:-1","max-image-preview":"max-image-preview:large","max-video-preview":"max-video-preview:-1"},"canonical":"https:\/\/woblink.com\/blog\/niepowstrzymani-yuvala-noaha-harariego-juz-jesienia\/","og_locale":"pl_PL","og_type":"article","og_title":"\u201eNiepowstrzymani\u201d Yuvala Noaha Harariego ju\u017c w pa\u017adzierniku tego roku! - Woblink","og_description":"Yuval Noah Harari, izraelski historyk, profesor i autor mi\u0119dzynarodowych bestseller\u00f3w, zapowiedzia\u0142 premier\u0119 swojej ksi\u0105\u017cki pt. \u201eNiepowstrzymani\u201d.","og_url":"https:\/\/woblink.com\/blog\/niepowstrzymani-yuvala-noaha-harariego-juz-jesienia\/","og_site_name":"Woblink","article_publisher":"https:\/\/facebook.com\/woblink","article_published_time":"2022-03-25T14:29:17+00:00","article_modified_time":"2022-03-25T14:29:35+00:00","og_image":[{"width":1011,"height":690,"url":"https:\/\/i0.wp.com\/woblink.com\/blog\/wp-content\/uploads\/harari.png?fit=1011%2C690&ssl=1","type":"image\/png"}],"author":"Redakcja Woblinka","twitter_card":"summary_large_image","twitter_creator":"@woblink_com","twitter_site":"@woblink_com","twitter_misc":{"Napisane przez":"Redakcja Woblinka","Szacowany czas czytania":"2 minuty"},"schema":{"@context":"https:\/\/schema.org","@graph":[{"@type":"Article","@id":"https:\/\/woblink.com\/blog\/niepowstrzymani-yuvala-noaha-harariego-juz-jesienia\/#article","isPartOf":{"@id":"https:\/\/woblink.com\/blog\/niepowstrzymani-yuvala-noaha-harariego-juz-jesienia\/"},"author":{"name":"Redakcja Woblinka","@id":"https:\/\/woblink.com\/blog\/#\/schema\/person\/8ab6b79d64fa54209272130c4c3b1e95"},"headline":"\u201eNiepowstrzymani\u201d Yuvala Noaha Harariego ju\u017c w pa\u017adzierniku tego roku!","datePublished":"2022-03-25T14:29:17+00:00","dateModified":"2022-03-25T14:29:35+00:00","mainEntityOfPage":{"@id":"https:\/\/woblink.com\/blog\/niepowstrzymani-yuvala-noaha-harariego-juz-jesienia\/"},"wordCount":464,"publisher":{"@id":"https:\/\/woblink.com\/blog\/#organization"},"articleSection":["Aktualno\u015bci","Rynek wydawniczy","Zapowiedzi ksi\u0105\u017cek"],"inLanguage":"pl-PL"},{"@type":"WebPage","@id":"https:\/\/woblink.com\/blog\/niepowstrzymani-yuvala-noaha-harariego-juz-jesienia\/","url":"https:\/\/woblink.com\/blog\/niepowstrzymani-yuvala-noaha-harariego-juz-jesienia\/","name":"\u201eNiepowstrzymani\u201d Yuvala Noaha Harariego ju\u017c w pa\u017adzierniku tego roku! - Woblink","isPartOf":{"@id":"https:\/\/woblink.com\/blog\/#website"},"datePublished":"2022-03-25T14:29:17+00:00","dateModified":"2022-03-25T14:29:35+00:00","description":"Yuval Noah Harari, izraelski historyk, profesor i autor mi\u0119dzynarodowych bestseller\u00f3w, zapowiedzia\u0142 premier\u0119 swojej ksi\u0105\u017cki pt. \u201eNiepowstrzymani\u201d.","breadcrumb":{"@id":"https:\/\/woblink.com\/blog\/niepowstrzymani-yuvala-noaha-harariego-juz-jesienia\/#breadcrumb"},"inLanguage":"pl-PL","potentialAction":[{"@type":"ReadAction","target":["https:\/\/woblink.com\/blog\/niepowstrzymani-yuvala-noaha-harariego-juz-jesienia\/"]}]},{"@type":"BreadcrumbList","@id":"https:\/\/woblink.com\/blog\/niepowstrzymani-yuvala-noaha-harariego-juz-jesienia\/#breadcrumb","itemListElement":[{"@type":"ListItem","position":1,"name":"Strona g\u0142\u00f3wna","item":"https:\/\/woblink.com\/blog\/"},{"@type":"ListItem","position":2,"name":"\u201eNiepowstrzymani\u201d Yuvala Noaha Harariego ju\u017c w pa\u017adzierniku tego roku!"}]},{"@type":"WebSite","@id":"https:\/\/woblink.com\/blog\/#website","url":"https:\/\/woblink.com\/blog\/","name":"Woblink","description":"najlepszy firmowy blog o ksi\u0105\u017ckach","publisher":{"@id":"https:\/\/woblink.com\/blog\/#organization"},"potentialAction":[{"@type":"SearchAction","target":{"@type":"EntryPoint","urlTemplate":"https:\/\/woblink.com\/blog\/?s={search_term_string}"},"query-input":"required name=search_term_string"}],"inLanguage":"pl-PL"},{"@type":"Organization","@id":"https:\/\/woblink.com\/blog\/#organization","name":"Woblink","url":"https:\/\/woblink.com\/blog\/","logo":{"@type":"ImageObject","inLanguage":"pl-PL","@id":"https:\/\/woblink.com\/blog\/#\/schema\/logo\/image\/","url":"https:\/\/i0.wp.com\/woblink.com\/blog\/wp-content\/uploads\/2019\/04\/nw_logoB.png?fit=185%2C42&ssl=1","contentUrl":"https:\/\/i0.wp.com\/woblink.com\/blog\/wp-content\/uploads\/2019\/04\/nw_logoB.png?fit=185%2C42&ssl=1","width":185,"height":42,"caption":"Woblink"},"image":{"@id":"https:\/\/woblink.com\/blog\/#\/schema\/logo\/image\/"},"sameAs":["https:\/\/facebook.com\/woblink","https:\/\/twitter.com\/woblink_com","https:\/\/www.instagram.com\/woblink_com","https:\/\/www.linkedin.com\/company\/woblink\/"]},{"@type":"Person","@id":"https:\/\/woblink.com\/blog\/#\/schema\/person\/8ab6b79d64fa54209272130c4c3b1e95","name":"Redakcja Woblinka","image":{"@type":"ImageObject","inLanguage":"pl-PL","@id":"https:\/\/woblink.com\/blog\/#\/schema\/person\/image\/","url":"https:\/\/secure.gravatar.com\/avatar\/f23ae80a7c9da060bee5f8310913478b?s=96&d=mm&r=g","contentUrl":"https:\/\/secure.gravatar.com\/avatar\/f23ae80a7c9da060bee5f8310913478b?s=96&d=mm&r=g","caption":"Redakcja Woblinka"},"url":"https:\/\/woblink.com\/blog\/author\/krasny\/"}]}},"jetpack_featured_media_url":"https:\/\/i0.wp.com\/woblink.com\/blog\/wp-content\/uploads\/harari.png?fit=1011%2C690&ssl=1","_links":{"self":[{"href":"https:\/\/woblink.com\/blog\/wp-json\/wp\/v2\/posts\/6849"}],"collection":[{"href":"https:\/\/woblink.com\/blog\/wp-json\/wp\/v2\/posts"}],"about":[{"href":"https:\/\/woblink.com\/blog\/wp-json\/wp\/v2\/types\/post"}],"author":[{"embeddable":true,"href":"https:\/\/woblink.com\/blog\/wp-json\/wp\/v2\/users\/7"}],"replies":[{"embeddable":true,"href":"https:\/\/woblink.com\/blog\/wp-json\/wp\/v2\/comments?post=6849"}],"version-history":[{"count":1,"href":"https:\/\/woblink.com\/blog\/wp-json\/wp\/v2\/posts\/6849\/revisions"}],"predecessor-version":[{"id":6856,"href":"https:\/\/woblink.com\/blog\/wp-json\/wp\/v2\/posts\/6849\/revisions\/6856"}],"wp:featuredmedia":[{"embeddable":true,"href":"https:\/\/woblink.com\/blog\/wp-json\/wp\/v2\/media\/6850"}],"wp:attachment":[{"href":"https:\/\/woblink.com\/blog\/wp-json\/wp\/v2\/media?parent=6849"}],"wp:term":[{"taxonomy":"category","embeddable":true,"href":"https:\/\/woblink.com\/blog\/wp-json\/wp\/v2\/categories?post=6849"},{"taxonomy":"post_tag","embeddable":true,"href":"https:\/\/woblink.com\/blog\/wp-json\/wp\/v2\/tags?post=6849"}],"curies":[{"name":"wp","href":"https:\/\/api.w.org\/{rel}","templated":true}]}}