{"id":6876,"date":"2022-03-31T15:45:07","date_gmt":"2022-03-31T13:45:07","guid":{"rendered":"https:\/\/woblink.com\/blog\/?p=6876"},"modified":"2022-03-31T15:51:49","modified_gmt":"2022-03-31T13:51:49","slug":"powiesci-science-fiction-remigiusza-mroza-zostana-zekranizowane","status":"publish","type":"post","link":"https:\/\/woblink.com\/blog\/powiesci-science-fiction-remigiusza-mroza-zostana-zekranizowane\/","title":{"rendered":"Powie\u015bci science fiction Remigiusza Mroza zostan\u0105 zekranizowane"},"content":{"rendered":"<p><strong>Remigiusz Mr\u00f3z poinformowa\u0142, \u017ce jego powie\u015bci \u201eCh\u00f3r zapomnianych g\u0142os\u00f3w\u201d i \u201eEcho z otch\u0142ani\u201d doczekaj\u0105 si\u0119 ekranizacji. Nad projektem czuwa Platige Image \u2013 firma odpowiedzialna m.in. za \u201eWied\u017amina\u201d.<\/strong><\/p>\n<p><!--more--><\/p>\n<h3>Ekranizacja powie\u015bci science fiction Remigiusza Mroza w planach<\/h3>\n<p>W miniony poniedzia\u0142ek autor bestsellerowych powie\u015bci, Remigiusz Mr\u00f3z, podzieli\u0142 si\u0119 ze swoimi obserwatorami wiadomo\u015bci\u0105 o planowanej ekranizacji powie\u015bci science fiction pt. \u201eCh\u00f3r zapomnianych g\u0142os\u00f3w\u201d oraz \u201eEcho z otch\u0142ani\u201d. Jak poinformowa\u0142 na swoim facebookowym profilu:<\/p>\n<blockquote><p><span class=\"d2edcug0 hpfvmrgz qv66sw1b c1et5uql lr9zc1uh a8c37x1j fe6kdd0r mau55g9w c8b282yb keod5gw0 nxhoafnm aigsh9s9 d3f4x2em iv3no6db jq4qci2q a3bd9o3v b1v8xokw oo9gr5id hzawbc8m\" dir=\"auto\">Rozwojem projektu zajmuje si\u0119 Platige Image wraz ze swoim domem produkcyjnym Dobro. Ale to chyba nie niespodzianka \u2013 kt\u00f3\u017c inny m\u00f3g\u0142by to zrobi\u0107, je\u015bli nie ludzie odpowiedzialni m.in. za Wied\u017amina i nasz\u0105 tegoroczn\u0105 oscarow\u0105 nominacj\u0119? <span class=\"pq6dq46d tbxw36s4 knj5qynh kvgmc6g5 ditlmg2l oygrvhab nvdbi5me sf5mxxl7 gl3lb2sf hhz5lgdu\"><img decoding=\"async\" loading=\"lazy\" src=\"https:\/\/static.xx.fbcdn.net\/images\/emoji.php\/v9\/tb0\/1.5\/16\/1f609.png\" alt=\"\ud83d\ude09\" width=\"16\" height=\"16\" \/><\/span><\/span><\/p><\/blockquote>\n<p>Na ten moment nie wiadomo nic wi\u0119cej. Czy zapowiadana produkcja b\u0119dzie filmem czy mo\u017ce serialem? I kiedy odb\u0119dzie si\u0119 jej premiera? Nie pozostaje nam nic innego, ni\u017c uzbroi\u0107 si\u0119 cierpliwo\u015b\u0107 i \u015bledzi\u0107 profil autora w mediach spo\u0142eczno\u015bciowych.<\/p>\n<p><iframe loading=\"lazy\" style=\"border: none; overflow: hidden;\" src=\"https:\/\/www.facebook.com\/plugins\/post.php?href=https%3A%2F%2Fwww.facebook.com%2Fremigiusz.mroz%2Fposts%2F511369080353285&amp;show_text=true&amp;width=500\" width=\"500\" height=\"737\" frameborder=\"0\" scrolling=\"no\" allowfullscreen=\"allowfullscreen\"><\/iframe><\/p>\n<p>Dotychczas ekranizacji doczeka\u0142y si\u0119 dwie serie Remigiusza Mroza. Bohaterk\u0105 pierwszej z nich jest charyzmatyczna Joanna Chy\u0142ka. W drugiej pierwsze skrzypce gra Gerard Edling, behawiorysta i specjalista od kinezyki.<\/p>\n<h3>O czym s\u0105 \u201eCh\u00f3r zapomnianych g\u0142os\u00f3w\u201d i \u201eEcho z otch\u0142ani\u201d?<\/h3>\n<p>\u201eCh\u00f3r zapomnianych g\u0142os\u00f3w\u201d zosta\u0142 wydany po raz pierwszy w 2014 roku. Pi\u0119\u0107 lat p\u00f3\u017aniej powie\u015b\u0107 zosta\u0142a wznowiona. Jej akcja rozgrywa si\u0119 na pok\u0142adzie okr\u0119tu badawczego \u201eAccipiter\u201d przemierzaj\u0105cego bezkres kosmicznej pr\u00f3\u017cni. Za\u0142oga znajduje si\u0119 w stanie g\u0142\u0119bokiej kriostazy. Niespodziewanie uczestnik wyprawy, astrochemik H\u00e5kon Lindberg, budzi si\u0119 i widzi jak ginie jeden z ostatnich cz\u0142onk\u00f3w wyprawy. Opr\u00f3cz niego prze\u017cy\u0142 tylko nawigator Dija Udin Alhassan. Kto odpowiada za fiasko misji? Co sta\u0142o si\u0119 na pok\u0142adzie okr\u0119tu?<\/p>\n<figure id=\"attachment_6878\" aria-describedby=\"caption-attachment-6878\" style=\"width: 198px\" class=\"wp-caption aligncenter\"><a href=\"https:\/\/woblink.com\/ebook\/ch-or-zapomnianych-glos-ow-remigiusz-mr-oz-175925u\"><img decoding=\"async\" loading=\"lazy\" class=\"wp-image-6878 size-medium\" src=\"https:\/\/i0.wp.com\/woblink.com\/blog\/wp-content\/uploads\/5e817244ee084.jpeg?resize=198%2C300&#038;ssl=1\" alt=\"Powie\u015b\u0107 science fiction Remigiusza Mroza: &quot;Ch\u00f3r zapomnianych g\u0142os\u00f3w&quot;\" width=\"198\" height=\"300\" srcset=\"https:\/\/i0.wp.com\/woblink.com\/blog\/wp-content\/uploads\/5e817244ee084.jpeg?resize=198%2C300&amp;ssl=1 198w, https:\/\/i0.wp.com\/woblink.com\/blog\/wp-content\/uploads\/5e817244ee084.jpeg?w=565&amp;ssl=1 565w\" sizes=\"(max-width: 198px) 100vw, 198px\" data-recalc-dims=\"1\" \/><\/a><figcaption id=\"caption-attachment-6878\" class=\"wp-caption-text\"><center><strong>Kup <a href=\"https:\/\/woblink.com\/ebook\/ch-or-zapomnianych-glos-ow-remigiusz-mr-oz-175925u\">ebooka<\/a> na Woblink.com<\/strong><\/center><\/figcaption><\/figure>\n<p>\u201eEcho z otch\u0142ani\u201d (2020) to kontynuacja \u201eCh\u00f3ru zapomnianych g\u0142os\u00f3w\u00a8. Autor przedstawia dalsze losy H\u00e5kona Lindberga, Dija Udina Alhassana i Ellyse.<\/p>\n<figure id=\"attachment_6879\" aria-describedby=\"caption-attachment-6879\" style=\"width: 198px\" class=\"wp-caption aligncenter\"><a href=\"https:\/\/woblink.com\/ebook\/echo-z-otchlani-remigiusz-mr-oz-180096u\"><img decoding=\"async\" loading=\"lazy\" class=\"wp-image-6879 size-medium\" src=\"https:\/\/i0.wp.com\/woblink.com\/blog\/wp-content\/uploads\/5e9981e3a5c02.jpeg?resize=198%2C300&#038;ssl=1\" alt=\"Echo z otch\u0142ani Remigium Mr\u00f3z ebook audiobook ksi\u0105\u017cka\" width=\"198\" height=\"300\" srcset=\"https:\/\/i0.wp.com\/woblink.com\/blog\/wp-content\/uploads\/5e9981e3a5c02.jpeg?resize=198%2C300&amp;ssl=1 198w, https:\/\/i0.wp.com\/woblink.com\/blog\/wp-content\/uploads\/5e9981e3a5c02.jpeg?w=565&amp;ssl=1 565w\" sizes=\"(max-width: 198px) 100vw, 198px\" data-recalc-dims=\"1\" \/><\/a><figcaption id=\"caption-attachment-6879\" class=\"wp-caption-text\"><center><strong>Kup <a href=\"https:\/\/woblink.com\/ebook\/echo-z-otchlani-remigiusz-mr-oz-180096u\">ebooka<\/a>, <a href=\"https:\/\/woblink.com\/audiobook\/echo-z-otchlani-remigiusz-mr-oz-180460\">audiobooka<\/a> lub <a href=\"https:\/\/woblink.com\/ksiazka\/echo-z-otchlani-remigiusz-mr-oz-180778\">ksi\u0105\u017ck\u0119 papierow\u0105<\/a> na Woblink.com<\/strong><\/center><\/figcaption><\/figure>\n","protected":false},"excerpt":{"rendered":"<p>Remigiusz Mr\u00f3z poinformowa\u0142, \u017ce jego powie\u015bci \u201eCh\u00f3r zapomnianych g\u0142os\u00f3w\u201d i \u201eEcho z otch\u0142ani\u201d doczekaj\u0105 si\u0119 ekranizacji. Nad projektem czuwa Platige Image \u2013 firma odpowiedzialna m.in. za \u201eWied\u017amina\u201d. Ekranizacja powie\u015bci science fiction Remigiusza Mroza w planach W miniony poniedzia\u0142ek autor bestsellerowych powie\u015bci, Remigiusz Mr\u00f3z, podzieli\u0142 si\u0119&#8230;<\/p>\n","protected":false},"author":7,"featured_media":6877,"comment_status":"closed","ping_status":"open","sticky":false,"template":"","format":"standard","meta":[],"categories":[87,84],"tags":[],"yoast_head":"<!-- This site is optimized with the Yoast SEO plugin v20.11 - https:\/\/yoast.com\/wordpress\/plugins\/seo\/ -->\n<title>Powie\u015bci science fiction Remigiusza Mroza zostan\u0105 zekranizowane - Woblink<\/title>\n<meta name=\"description\" content=\"Powie\u015bci science fiction Remigiusza Mroza \u201eCh\u00f3r zapomnianych g\u0142os\u00f3w\u201d i \u201eEcho z otch\u0142ani\u201d doczekaj\u0105 si\u0119 ekranizacji. Nad projektem czuwa Platige Image.\" \/>\n<meta name=\"robots\" content=\"index, follow, max-snippet:-1, max-image-preview:large, max-video-preview:-1\" \/>\n<link rel=\"canonical\" href=\"https:\/\/woblink.com\/blog\/powiesci-science-fiction-remigiusza-mroza-zostana-zekranizowane\/\" \/>\n<meta property=\"og:locale\" content=\"pl_PL\" \/>\n<meta property=\"og:type\" content=\"article\" \/>\n<meta property=\"og:title\" content=\"Powie\u015bci science fiction Remigiusza Mroza zostan\u0105 zekranizowane - Woblink\" \/>\n<meta property=\"og:description\" content=\"Powie\u015bci science fiction Remigiusza Mroza \u201eCh\u00f3r zapomnianych g\u0142os\u00f3w\u201d i \u201eEcho z otch\u0142ani\u201d doczekaj\u0105 si\u0119 ekranizacji. Nad projektem czuwa Platige Image.\" \/>\n<meta property=\"og:url\" content=\"https:\/\/woblink.com\/blog\/powiesci-science-fiction-remigiusza-mroza-zostana-zekranizowane\/\" \/>\n<meta property=\"og:site_name\" content=\"Woblink\" \/>\n<meta property=\"article:publisher\" content=\"https:\/\/facebook.com\/woblink\" \/>\n<meta property=\"article:published_time\" content=\"2022-03-31T13:45:07+00:00\" \/>\n<meta property=\"article:modified_time\" content=\"2022-03-31T13:51:49+00:00\" \/>\n<meta property=\"og:image\" content=\"https:\/\/i0.wp.com\/woblink.com\/blog\/wp-content\/uploads\/mr\u00f3z.png?fit=1011%2C690&ssl=1\" \/>\n\t<meta property=\"og:image:width\" content=\"1011\" \/>\n\t<meta property=\"og:image:height\" content=\"690\" \/>\n\t<meta property=\"og:image:type\" content=\"image\/png\" \/>\n<meta name=\"author\" content=\"Redakcja Woblinka\" \/>\n<meta name=\"twitter:card\" content=\"summary_large_image\" \/>\n<meta name=\"twitter:creator\" content=\"@woblink_com\" \/>\n<meta name=\"twitter:site\" content=\"@woblink_com\" \/>\n<meta name=\"twitter:label1\" content=\"Napisane przez\" \/>\n\t<meta name=\"twitter:data1\" content=\"Redakcja Woblinka\" \/>\n\t<meta name=\"twitter:label2\" content=\"Szacowany czas czytania\" \/>\n\t<meta name=\"twitter:data2\" content=\"2 minuty\" \/>\n<script type=\"application\/ld+json\" class=\"yoast-schema-graph\">{\"@context\":\"https:\/\/schema.org\",\"@graph\":[{\"@type\":\"Article\",\"@id\":\"https:\/\/woblink.com\/blog\/powiesci-science-fiction-remigiusza-mroza-zostana-zekranizowane\/#article\",\"isPartOf\":{\"@id\":\"https:\/\/woblink.com\/blog\/powiesci-science-fiction-remigiusza-mroza-zostana-zekranizowane\/\"},\"author\":{\"name\":\"Redakcja Woblinka\",\"@id\":\"https:\/\/woblink.com\/blog\/#\/schema\/person\/8ab6b79d64fa54209272130c4c3b1e95\"},\"headline\":\"Powie\u015bci science fiction Remigiusza Mroza zostan\u0105 zekranizowane\",\"datePublished\":\"2022-03-31T13:45:07+00:00\",\"dateModified\":\"2022-03-31T13:51:49+00:00\",\"mainEntityOfPage\":{\"@id\":\"https:\/\/woblink.com\/blog\/powiesci-science-fiction-remigiusza-mroza-zostana-zekranizowane\/\"},\"wordCount\":364,\"publisher\":{\"@id\":\"https:\/\/woblink.com\/blog\/#organization\"},\"articleSection\":[\"Aktualno\u015bci\",\"Filmy na podstawie ksi\u0105\u017cek\"],\"inLanguage\":\"pl-PL\"},{\"@type\":\"WebPage\",\"@id\":\"https:\/\/woblink.com\/blog\/powiesci-science-fiction-remigiusza-mroza-zostana-zekranizowane\/\",\"url\":\"https:\/\/woblink.com\/blog\/powiesci-science-fiction-remigiusza-mroza-zostana-zekranizowane\/\",\"name\":\"Powie\u015bci science fiction Remigiusza Mroza zostan\u0105 zekranizowane - Woblink\",\"isPartOf\":{\"@id\":\"https:\/\/woblink.com\/blog\/#website\"},\"datePublished\":\"2022-03-31T13:45:07+00:00\",\"dateModified\":\"2022-03-31T13:51:49+00:00\",\"description\":\"Powie\u015bci science fiction Remigiusza Mroza \u201eCh\u00f3r zapomnianych g\u0142os\u00f3w\u201d i \u201eEcho z otch\u0142ani\u201d doczekaj\u0105 si\u0119 ekranizacji. Nad projektem czuwa Platige Image.\",\"breadcrumb\":{\"@id\":\"https:\/\/woblink.com\/blog\/powiesci-science-fiction-remigiusza-mroza-zostana-zekranizowane\/#breadcrumb\"},\"inLanguage\":\"pl-PL\",\"potentialAction\":[{\"@type\":\"ReadAction\",\"target\":[\"https:\/\/woblink.com\/blog\/powiesci-science-fiction-remigiusza-mroza-zostana-zekranizowane\/\"]}]},{\"@type\":\"BreadcrumbList\",\"@id\":\"https:\/\/woblink.com\/blog\/powiesci-science-fiction-remigiusza-mroza-zostana-zekranizowane\/#breadcrumb\",\"itemListElement\":[{\"@type\":\"ListItem\",\"position\":1,\"name\":\"Strona g\u0142\u00f3wna\",\"item\":\"https:\/\/woblink.com\/blog\/\"},{\"@type\":\"ListItem\",\"position\":2,\"name\":\"Powie\u015bci science fiction Remigiusza Mroza zostan\u0105 zekranizowane\"}]},{\"@type\":\"WebSite\",\"@id\":\"https:\/\/woblink.com\/blog\/#website\",\"url\":\"https:\/\/woblink.com\/blog\/\",\"name\":\"Woblink\",\"description\":\"najlepszy firmowy blog o ksi\u0105\u017ckach\",\"publisher\":{\"@id\":\"https:\/\/woblink.com\/blog\/#organization\"},\"potentialAction\":[{\"@type\":\"SearchAction\",\"target\":{\"@type\":\"EntryPoint\",\"urlTemplate\":\"https:\/\/woblink.com\/blog\/?s={search_term_string}\"},\"query-input\":\"required name=search_term_string\"}],\"inLanguage\":\"pl-PL\"},{\"@type\":\"Organization\",\"@id\":\"https:\/\/woblink.com\/blog\/#organization\",\"name\":\"Woblink\",\"url\":\"https:\/\/woblink.com\/blog\/\",\"logo\":{\"@type\":\"ImageObject\",\"inLanguage\":\"pl-PL\",\"@id\":\"https:\/\/woblink.com\/blog\/#\/schema\/logo\/image\/\",\"url\":\"https:\/\/i0.wp.com\/woblink.com\/blog\/wp-content\/uploads\/2019\/04\/nw_logoB.png?fit=185%2C42&ssl=1\",\"contentUrl\":\"https:\/\/i0.wp.com\/woblink.com\/blog\/wp-content\/uploads\/2019\/04\/nw_logoB.png?fit=185%2C42&ssl=1\",\"width\":185,\"height\":42,\"caption\":\"Woblink\"},\"image\":{\"@id\":\"https:\/\/woblink.com\/blog\/#\/schema\/logo\/image\/\"},\"sameAs\":[\"https:\/\/facebook.com\/woblink\",\"https:\/\/twitter.com\/woblink_com\",\"https:\/\/www.instagram.com\/woblink_com\",\"https:\/\/www.linkedin.com\/company\/woblink\/\"]},{\"@type\":\"Person\",\"@id\":\"https:\/\/woblink.com\/blog\/#\/schema\/person\/8ab6b79d64fa54209272130c4c3b1e95\",\"name\":\"Redakcja Woblinka\",\"image\":{\"@type\":\"ImageObject\",\"inLanguage\":\"pl-PL\",\"@id\":\"https:\/\/woblink.com\/blog\/#\/schema\/person\/image\/\",\"url\":\"https:\/\/secure.gravatar.com\/avatar\/f23ae80a7c9da060bee5f8310913478b?s=96&d=mm&r=g\",\"contentUrl\":\"https:\/\/secure.gravatar.com\/avatar\/f23ae80a7c9da060bee5f8310913478b?s=96&d=mm&r=g\",\"caption\":\"Redakcja Woblinka\"},\"url\":\"https:\/\/woblink.com\/blog\/author\/krasny\/\"}]}<\/script>\n<!-- \/ Yoast SEO plugin. -->","yoast_head_json":{"title":"Powie\u015bci science fiction Remigiusza Mroza zostan\u0105 zekranizowane - Woblink","description":"Powie\u015bci science fiction Remigiusza Mroza \u201eCh\u00f3r zapomnianych g\u0142os\u00f3w\u201d i \u201eEcho z otch\u0142ani\u201d doczekaj\u0105 si\u0119 ekranizacji. Nad projektem czuwa Platige Image.","robots":{"index":"index","follow":"follow","max-snippet":"max-snippet:-1","max-image-preview":"max-image-preview:large","max-video-preview":"max-video-preview:-1"},"canonical":"https:\/\/woblink.com\/blog\/powiesci-science-fiction-remigiusza-mroza-zostana-zekranizowane\/","og_locale":"pl_PL","og_type":"article","og_title":"Powie\u015bci science fiction Remigiusza Mroza zostan\u0105 zekranizowane - Woblink","og_description":"Powie\u015bci science fiction Remigiusza Mroza \u201eCh\u00f3r zapomnianych g\u0142os\u00f3w\u201d i \u201eEcho z otch\u0142ani\u201d doczekaj\u0105 si\u0119 ekranizacji. Nad projektem czuwa Platige Image.","og_url":"https:\/\/woblink.com\/blog\/powiesci-science-fiction-remigiusza-mroza-zostana-zekranizowane\/","og_site_name":"Woblink","article_publisher":"https:\/\/facebook.com\/woblink","article_published_time":"2022-03-31T13:45:07+00:00","article_modified_time":"2022-03-31T13:51:49+00:00","og_image":[{"width":1011,"height":690,"url":"https:\/\/i0.wp.com\/woblink.com\/blog\/wp-content\/uploads\/mr\u00f3z.png?fit=1011%2C690&ssl=1","type":"image\/png"}],"author":"Redakcja Woblinka","twitter_card":"summary_large_image","twitter_creator":"@woblink_com","twitter_site":"@woblink_com","twitter_misc":{"Napisane przez":"Redakcja Woblinka","Szacowany czas czytania":"2 minuty"},"schema":{"@context":"https:\/\/schema.org","@graph":[{"@type":"Article","@id":"https:\/\/woblink.com\/blog\/powiesci-science-fiction-remigiusza-mroza-zostana-zekranizowane\/#article","isPartOf":{"@id":"https:\/\/woblink.com\/blog\/powiesci-science-fiction-remigiusza-mroza-zostana-zekranizowane\/"},"author":{"name":"Redakcja Woblinka","@id":"https:\/\/woblink.com\/blog\/#\/schema\/person\/8ab6b79d64fa54209272130c4c3b1e95"},"headline":"Powie\u015bci science fiction Remigiusza Mroza zostan\u0105 zekranizowane","datePublished":"2022-03-31T13:45:07+00:00","dateModified":"2022-03-31T13:51:49+00:00","mainEntityOfPage":{"@id":"https:\/\/woblink.com\/blog\/powiesci-science-fiction-remigiusza-mroza-zostana-zekranizowane\/"},"wordCount":364,"publisher":{"@id":"https:\/\/woblink.com\/blog\/#organization"},"articleSection":["Aktualno\u015bci","Filmy na podstawie ksi\u0105\u017cek"],"inLanguage":"pl-PL"},{"@type":"WebPage","@id":"https:\/\/woblink.com\/blog\/powiesci-science-fiction-remigiusza-mroza-zostana-zekranizowane\/","url":"https:\/\/woblink.com\/blog\/powiesci-science-fiction-remigiusza-mroza-zostana-zekranizowane\/","name":"Powie\u015bci science fiction Remigiusza Mroza zostan\u0105 zekranizowane - Woblink","isPartOf":{"@id":"https:\/\/woblink.com\/blog\/#website"},"datePublished":"2022-03-31T13:45:07+00:00","dateModified":"2022-03-31T13:51:49+00:00","description":"Powie\u015bci science fiction Remigiusza Mroza \u201eCh\u00f3r zapomnianych g\u0142os\u00f3w\u201d i \u201eEcho z otch\u0142ani\u201d doczekaj\u0105 si\u0119 ekranizacji. Nad projektem czuwa Platige Image.","breadcrumb":{"@id":"https:\/\/woblink.com\/blog\/powiesci-science-fiction-remigiusza-mroza-zostana-zekranizowane\/#breadcrumb"},"inLanguage":"pl-PL","potentialAction":[{"@type":"ReadAction","target":["https:\/\/woblink.com\/blog\/powiesci-science-fiction-remigiusza-mroza-zostana-zekranizowane\/"]}]},{"@type":"BreadcrumbList","@id":"https:\/\/woblink.com\/blog\/powiesci-science-fiction-remigiusza-mroza-zostana-zekranizowane\/#breadcrumb","itemListElement":[{"@type":"ListItem","position":1,"name":"Strona g\u0142\u00f3wna","item":"https:\/\/woblink.com\/blog\/"},{"@type":"ListItem","position":2,"name":"Powie\u015bci science fiction Remigiusza Mroza zostan\u0105 zekranizowane"}]},{"@type":"WebSite","@id":"https:\/\/woblink.com\/blog\/#website","url":"https:\/\/woblink.com\/blog\/","name":"Woblink","description":"najlepszy firmowy blog o ksi\u0105\u017ckach","publisher":{"@id":"https:\/\/woblink.com\/blog\/#organization"},"potentialAction":[{"@type":"SearchAction","target":{"@type":"EntryPoint","urlTemplate":"https:\/\/woblink.com\/blog\/?s={search_term_string}"},"query-input":"required name=search_term_string"}],"inLanguage":"pl-PL"},{"@type":"Organization","@id":"https:\/\/woblink.com\/blog\/#organization","name":"Woblink","url":"https:\/\/woblink.com\/blog\/","logo":{"@type":"ImageObject","inLanguage":"pl-PL","@id":"https:\/\/woblink.com\/blog\/#\/schema\/logo\/image\/","url":"https:\/\/i0.wp.com\/woblink.com\/blog\/wp-content\/uploads\/2019\/04\/nw_logoB.png?fit=185%2C42&ssl=1","contentUrl":"https:\/\/i0.wp.com\/woblink.com\/blog\/wp-content\/uploads\/2019\/04\/nw_logoB.png?fit=185%2C42&ssl=1","width":185,"height":42,"caption":"Woblink"},"image":{"@id":"https:\/\/woblink.com\/blog\/#\/schema\/logo\/image\/"},"sameAs":["https:\/\/facebook.com\/woblink","https:\/\/twitter.com\/woblink_com","https:\/\/www.instagram.com\/woblink_com","https:\/\/www.linkedin.com\/company\/woblink\/"]},{"@type":"Person","@id":"https:\/\/woblink.com\/blog\/#\/schema\/person\/8ab6b79d64fa54209272130c4c3b1e95","name":"Redakcja Woblinka","image":{"@type":"ImageObject","inLanguage":"pl-PL","@id":"https:\/\/woblink.com\/blog\/#\/schema\/person\/image\/","url":"https:\/\/secure.gravatar.com\/avatar\/f23ae80a7c9da060bee5f8310913478b?s=96&d=mm&r=g","contentUrl":"https:\/\/secure.gravatar.com\/avatar\/f23ae80a7c9da060bee5f8310913478b?s=96&d=mm&r=g","caption":"Redakcja Woblinka"},"url":"https:\/\/woblink.com\/blog\/author\/krasny\/"}]}},"jetpack_featured_media_url":"https:\/\/i0.wp.com\/woblink.com\/blog\/wp-content\/uploads\/mr\u00f3z.png?fit=1011%2C690&ssl=1","_links":{"self":[{"href":"https:\/\/woblink.com\/blog\/wp-json\/wp\/v2\/posts\/6876"}],"collection":[{"href":"https:\/\/woblink.com\/blog\/wp-json\/wp\/v2\/posts"}],"about":[{"href":"https:\/\/woblink.com\/blog\/wp-json\/wp\/v2\/types\/post"}],"author":[{"embeddable":true,"href":"https:\/\/woblink.com\/blog\/wp-json\/wp\/v2\/users\/7"}],"replies":[{"embeddable":true,"href":"https:\/\/woblink.com\/blog\/wp-json\/wp\/v2\/comments?post=6876"}],"version-history":[{"count":2,"href":"https:\/\/woblink.com\/blog\/wp-json\/wp\/v2\/posts\/6876\/revisions"}],"predecessor-version":[{"id":6883,"href":"https:\/\/woblink.com\/blog\/wp-json\/wp\/v2\/posts\/6876\/revisions\/6883"}],"wp:featuredmedia":[{"embeddable":true,"href":"https:\/\/woblink.com\/blog\/wp-json\/wp\/v2\/media\/6877"}],"wp:attachment":[{"href":"https:\/\/woblink.com\/blog\/wp-json\/wp\/v2\/media?parent=6876"}],"wp:term":[{"taxonomy":"category","embeddable":true,"href":"https:\/\/woblink.com\/blog\/wp-json\/wp\/v2\/categories?post=6876"},{"taxonomy":"post_tag","embeddable":true,"href":"https:\/\/woblink.com\/blog\/wp-json\/wp\/v2\/tags?post=6876"}],"curies":[{"name":"wp","href":"https:\/\/api.w.org\/{rel}","templated":true}]}}