{"id":6906,"date":"2022-04-04T11:28:39","date_gmt":"2022-04-04T09:28:39","guid":{"rendered":"https:\/\/woblink.com\/blog\/?p=6906"},"modified":"2022-04-04T11:28:39","modified_gmt":"2022-04-04T09:28:39","slug":"znamy-laureatow-nagrody-literackiej-im-w-kazaneckiego","status":"publish","type":"post","link":"https:\/\/woblink.com\/blog\/znamy-laureatow-nagrody-literackiej-im-w-kazaneckiego\/","title":{"rendered":"Znamy laureat\u00f3w Nagrody Literackiej im. W. Kazaneckiego"},"content":{"rendered":"<div><strong style=\"font-family: -apple-system, BlinkMacSystemFont, 'Segoe UI', Roboto, Oxygen-Sans, Ubuntu, Cantarell, 'Helvetica Neue', sans-serif;\">W pierwszy weekend kwietnia poznali\u015bmy laureat\u00f3w Nagrody Literackiej Prezydenta Miasta Bia\u0142egostoku im. Wies\u0142awa Kazaneckiego. W g\u0142\u00f3wnej kategorii wyr\u00f3\u017cnieni zostali Justyna Kulikowska i Andrzej Stasiuk. W kategorii najlepszego polskiego debiutu poetyckiego triumfowa\u0142a Marta Stachnia\u0142ek.<\/strong><\/div>\n<div>\n<div data-content-type=\"5\" data-node-id=\"137455\" data-url=\"\/kultura-i-sztuka\/nagroda-literacka-im-w-kazaneckiego-dla-marty-stachnialek-justyny-kulikowskiej-i\">\n<p><!--more--><\/p>\n<h3><strong>Andrzej Stasiuk i Justyna Kulikowska laureatami Nagrody im. W. Kazaneckiego<\/strong><\/h3>\n<header><strong><a href=\"https:\/\/woblink.com\/katalog?autor=Kulikowska+Justyna\">Justyna Kulikowska<\/a><\/strong> za tomik wierszy \u201egift. z Podlasia\u201d (<strong><a href=\"https:\/\/www.wbp.poznan.pl\/\">WBPiCAK<\/a><\/strong>) oraz <strong><a href=\"https:\/\/woblink.com\/autor\/andrzej-stasiuk-4835\">Andrzej Stasiuk<\/a><\/strong> za ksi\u0105\u017ck\u0119 \u201e<strong><a href=\"https:\/\/woblink.com\/ebook\/przew-oz-andrzej-stasiuk-210176u\">Przew\u00f3z<\/a><\/strong>\u201d (Wydawnictwo Czarne) zdobyli ex aequo Nagrod\u0119 im. W. Kazaneckiego w g\u0142\u00f3wnej kategorii za najlepsz\u0105 ksi\u0105\u017ck\u0119 roku.\u00a0 R\u00f3wnolegle zosta\u0142a przyznana nagroda w kategorii najlepszego og\u00f3lnopolskiego debiutu poetyckiego. Tegoroczn\u0105 laureatk\u0105 zosta\u0142a Marta Stachnia\u0142ek za tomik \u201cpolski wrap\u201d (<strong><a href=\"https:\/\/www.wbp.poznan.pl\/\">WBPiCAK<\/a><\/strong>, Pozna\u0144 2021).<\/header>\n<header><\/header>\n<header><\/header>\n<header><\/header>\n<header>\n<figure id=\"attachment_4581\" aria-describedby=\"caption-attachment-4581\" style=\"width: 184px\" class=\"wp-caption aligncenter\"><a href=\"https:\/\/woblink.com\/ebook\/przew-oz-andrzej-stasiuk-210176u\"><img decoding=\"async\" loading=\"lazy\" class=\"wp-image-4581 size-medium\" src=\"https:\/\/i0.wp.com\/woblink.com\/blog\/wp-content\/uploads\/2021\/04\/stasiuk_przewoz.jpeg?resize=184%2C300&#038;ssl=1\" alt=\"nagroda kazaneckiego stasiuk \" width=\"184\" height=\"300\" srcset=\"https:\/\/i0.wp.com\/woblink.com\/blog\/wp-content\/uploads\/2021\/04\/stasiuk_przewoz.jpeg?resize=184%2C300&amp;ssl=1 184w, https:\/\/i0.wp.com\/woblink.com\/blog\/wp-content\/uploads\/2021\/04\/stasiuk_przewoz.jpeg?resize=768%2C1252&amp;ssl=1 768w, https:\/\/i0.wp.com\/woblink.com\/blog\/wp-content\/uploads\/2021\/04\/stasiuk_przewoz.jpeg?resize=628%2C1024&amp;ssl=1 628w, https:\/\/i0.wp.com\/woblink.com\/blog\/wp-content\/uploads\/2021\/04\/stasiuk_przewoz.jpeg?resize=600%2C978&amp;ssl=1 600w, https:\/\/i0.wp.com\/woblink.com\/blog\/wp-content\/uploads\/2021\/04\/stasiuk_przewoz.jpeg?w=1535&amp;ssl=1 1535w\" sizes=\"(max-width: 184px) 100vw, 184px\" data-recalc-dims=\"1\" \/><\/a><figcaption id=\"caption-attachment-4581\" class=\"wp-caption-text\"><center><strong>Kup <a href=\"https:\/\/woblink.com\/ebook\/przew-oz-andrzej-stasiuk-210176u\">ebooka<\/a> na Woblink.com<\/strong><\/center><\/figcaption><\/figure>\n<\/header>\n<header><span style=\"font-family: -apple-system, BlinkMacSystemFont, 'Segoe UI', Roboto, Oxygen-Sans, Ubuntu, Cantarell, 'Helvetica Neue', sans-serif;\">Nagrody przyzna\u0142a Kapitu\u0142a Nagrody, kt\u00f3rej przewodniczy\u0142a dr hab. Katarzyna Sawicka-Mierzy\u0144ska, na co dzie\u0144 zwi\u0105zana z Uniwersytetem w Bia\u0142ymstoku. W g\u0142\u00f3wnej kategorii oceniano 19 zg\u0142oszonych ksi\u0105\u017cek, natomiast w kategorii debiut poetycki 28. <\/span><span style=\"font-family: -apple-system, BlinkMacSystemFont, 'Segoe UI', Roboto, Oxygen-Sans, Ubuntu, Cantarell, 'Helvetica Neue', sans-serif;\">Nazwiska laureat\u00f3w og\u0142osi\u0142 i nagrody wr\u0119czy\u0142 prezydent miasta Bia\u0142egostoku Tadeusz Truskolaski.\u00a0<\/span><\/header>\n<\/div>\n<div>\n<article>\n<div>\n<p>W trakcie wr\u0119czania nagr\u00f3d prezydent Bia\u0142egostoku powiedzia\u0142, \u017ce Justyn\u0119 Kulikowsk\u0105 nagrodzono za \u201eprzejmuj\u0105ce j\u0119zykowe studium traumy\u201d. Andrzeja Stasiuka za\u015b wyr\u00f3\u017cniono \u201eza wci\u0105\u017c aktualn\u0105 powie\u015b\u0107 o wojnie i historii\u201d. Omawiaj\u0105c nominowanych, Sawicka-Mierzy\u0144ska m\u00f3wi\u0142a, \u017ce ksi\u0105\u017cka Stasiuka m\u00f3wi o \u201epami\u0119ci, zapominaniu w kilku wymiarach, indywidualnym, rodzinnym, wsp\u00f3lnotowym\u201d i sta\u0142a si\u0119 niestety prorocz\u0105 w temacie \u201ewojny i bezlitosnego \u015bcierania si\u0119 tryb\u00f3w historii kosztem jednostek\u201d.<\/p>\n<p>W trakcie gali nie mog\u0142o zabrakn\u0105\u0107 akcentu zwi\u0105zanego z sytuacj\u0105 zza wschodniej granicy Polski. Wyra\u017anie zaakcentowane zosta\u0142y s\u0142owa wsparcia dla Ukrainy i Bia\u0142orusi. Przewodnicz\u0105ca Kapitu\u0142y Nagrody, Katarzyna Sawicka-Mierzy\u0144ska, przeczyta\u0142a na scenie niezwykle aktualny i wstrz\u0105saj\u0105cy wiersz <strong><a href=\"https:\/\/woblink.com\/autor\/serhij-zadan-5518\">Serhija \u017badana<\/a><\/strong>, poety, kt\u00f3ry na co dzie\u0144 relacjonuje konflikt z teren\u00f3w obj\u0119tych wojn\u0105.<\/p>\n<figure id=\"attachment_6452\" aria-describedby=\"caption-attachment-6452\" style=\"width: 185px\" class=\"wp-caption aligncenter\"><a href=\"https:\/\/woblink.com\/ebook\/internat-serhij-zadan-142445u\"><img decoding=\"async\" loading=\"lazy\" class=\"wp-image-6452 size-medium\" src=\"https:\/\/i0.wp.com\/woblink.com\/blog\/wp-content\/uploads\/5f9b5bfaebda0-1.jpeg?resize=185%2C300&#038;ssl=1\" alt=\"internat serhij \u017cadan ebook\" width=\"185\" height=\"300\" srcset=\"https:\/\/i0.wp.com\/woblink.com\/blog\/wp-content\/uploads\/5f9b5bfaebda0-1.jpeg?resize=185%2C300&amp;ssl=1 185w, https:\/\/i0.wp.com\/woblink.com\/blog\/wp-content\/uploads\/5f9b5bfaebda0-1.jpeg?w=526&amp;ssl=1 526w\" sizes=\"(max-width: 185px) 100vw, 185px\" data-recalc-dims=\"1\" \/><\/a><figcaption id=\"caption-attachment-6452\" class=\"wp-caption-text\"><center><strong>Znajd\u017a <a href=\"https:\/\/woblink.com\/ebook\/internat-serhij-zadan-142445u\">ebooka<\/a> na Woblink.com<\/strong>\u00a0<\/center><\/figcaption><\/figure>\n<\/div>\n<h3>Nagroda Literacka im. W. Kazaneckiego<\/h3>\n<p>W 2022 roku przyznano Nagrod\u0119 Literack\u0105 im. W. Kazaneckiego po raz trzydziesty pierwszy. Tradycyjnie wyr\u00f3\u017cnienie przyznawane jest w dw\u00f3ch kategoriach. W pierwszej, za najlepsz\u0105 ksi\u0105\u017ck\u0119 roku, brane pod uwag\u0119 s\u0105 ksi\u0105\u017cki napisane przez tw\u00f3rc\u00f3w zwi\u0105zanych ze \u015brodowiskiem literackim Bia\u0142egostoku lub kt\u00f3rych tw\u00f3rczo\u015b\u0107 zwi\u0105zana jest z regionem. W drugiej kategorii, za najlepszy og\u00f3lnopolski poetycki debiut roku, wyr\u00f3\u017cniona mo\u017ce zosta\u0107 pierwsza ksi\u0105\u017cka poetycka danego autora.<\/p>\n<h3>Wies\u0142aw Kazanecki \u2013 patron nagrody<\/h3>\n<p>Patronem Nagrody Prezydenta Miasta Bia\u0142egostoku jest poeta Wies\u0142aw Kazanecki. Pisarz urodzi\u0142 si\u0119 i mieszka\u0142 w Bia\u0142ymstoku, debiutowa\u0142 w 1959 roku. Pierwsz\u0105 publikacj\u0105 Kazaneckiego by\u0142 tom wierszy pt. \u201eKamie\u0144 na kamieniu\u201d, kt\u00f3ry ukaza\u0142 si\u0119 w 1964 r. Najwi\u0119kszym sukcesem poety okaza\u0142 si\u0119 tomik \u201ePortret z nagonk\u0105\u201d z 1969 r. Pod koniec lat 60. XX wieku krytycy pisali, \u017ce wiersze Kazaneckiego by\u0142y \u201e\u015bwiadectwem zmagania si\u0119 wsp\u00f3\u0142czesnego poety z zach\u0142ann\u0105 rzeczywisto\u015bci\u0105, kt\u00f3ra dawno utraci\u0142a sw\u00f3j wymiar etyczny\u201d.<\/p>\n<h3><strong>Wideorealcja z gali przyznania Nagrody im. W. Kazaneckiego<\/strong><\/h3>\n<p>Gala wr\u0119czenia Nagrody Literackiej im. Wies\u0142awa Kazaneckiego by\u0142a transmitowana na kanale Miasta Bia\u0142ystok na YouTubie. Zapis wideo dost\u0119pny jest ju\u017c do ogl\u0105dania. Poni\u017cej znajdziecie link do materia\u0142u.<\/p>\n<p><iframe loading=\"lazy\" title=\"Wr\u0119czenie nagrody literackiej\" width=\"500\" height=\"281\" src=\"https:\/\/www.youtube.com\/embed\/jxP7_369u9k?feature=oembed&#038;enablejsapi=1&#038;origin=https:\/\/woblink.com\" frameborder=\"0\" allow=\"accelerometer; autoplay; clipboard-write; encrypted-media; gyroscope; picture-in-picture\" allowfullscreen><\/iframe><\/p>\n<\/article>\n<\/div>\n<\/div>\n","protected":false},"excerpt":{"rendered":"<p>W pierwszy weekend kwietnia poznali\u015bmy laureat\u00f3w Nagrody Literackiej Prezydenta Miasta Bia\u0142egostoku im. Wies\u0142awa Kazaneckiego. W g\u0142\u00f3wnej kategorii wyr\u00f3\u017cnieni zostali Justyna Kulikowska i Andrzej Stasiuk. W kategorii najlepszego polskiego debiutu poetyckiego triumfowa\u0142a Marta Stachnia\u0142ek. Andrzej Stasiuk i Justyna Kulikowska laureatami Nagrody im. W. Kazaneckiego Justyna Kulikowska&#8230;<\/p>\n","protected":false},"author":7,"featured_media":6908,"comment_status":"closed","ping_status":"open","sticky":false,"template":"","format":"standard","meta":[],"categories":[87,86,79],"tags":[],"yoast_head":"<!-- This site is optimized with the Yoast SEO plugin v20.11 - https:\/\/yoast.com\/wordpress\/plugins\/seo\/ -->\n<title>Znamy laureat\u00f3w Nagrody Literackiej im. W. Kazaneckiego - Woblink<\/title>\n<meta name=\"description\" content=\"Nagroda Literacka Prezydenta Miasta Bia\u0142egostoku im. Wies\u0142awa Kazaneckiego \u2013 Andrzej Stasiuk i Justyna Kulikowska laureatami w g\u0142\u00f3wnej kategorii.\" \/>\n<meta name=\"robots\" content=\"index, follow, max-snippet:-1, max-image-preview:large, max-video-preview:-1\" \/>\n<link rel=\"canonical\" href=\"https:\/\/woblink.com\/blog\/znamy-laureatow-nagrody-literackiej-im-w-kazaneckiego\/\" \/>\n<meta property=\"og:locale\" content=\"pl_PL\" \/>\n<meta property=\"og:type\" content=\"article\" \/>\n<meta property=\"og:title\" content=\"Znamy laureat\u00f3w Nagrody Literackiej im. W. Kazaneckiego - Woblink\" \/>\n<meta property=\"og:description\" content=\"Nagroda Literacka Prezydenta Miasta Bia\u0142egostoku im. Wies\u0142awa Kazaneckiego \u2013 Andrzej Stasiuk i Justyna Kulikowska laureatami w g\u0142\u00f3wnej kategorii.\" \/>\n<meta property=\"og:url\" content=\"https:\/\/woblink.com\/blog\/znamy-laureatow-nagrody-literackiej-im-w-kazaneckiego\/\" \/>\n<meta property=\"og:site_name\" content=\"Woblink\" \/>\n<meta property=\"article:publisher\" content=\"https:\/\/facebook.com\/woblink\" \/>\n<meta property=\"article:published_time\" content=\"2022-04-04T09:28:39+00:00\" \/>\n<meta property=\"og:image\" content=\"https:\/\/i0.wp.com\/woblink.com\/blog\/wp-content\/uploads\/nagroda-literacka-kazaneckiego.png?fit=1011%2C690&ssl=1\" \/>\n\t<meta property=\"og:image:width\" content=\"1011\" \/>\n\t<meta property=\"og:image:height\" content=\"690\" \/>\n\t<meta property=\"og:image:type\" content=\"image\/png\" \/>\n<meta name=\"author\" content=\"Redakcja Woblinka\" \/>\n<meta name=\"twitter:card\" content=\"summary_large_image\" \/>\n<meta name=\"twitter:creator\" content=\"@woblink_com\" \/>\n<meta name=\"twitter:site\" content=\"@woblink_com\" \/>\n<meta name=\"twitter:label1\" content=\"Napisane przez\" \/>\n\t<meta name=\"twitter:data1\" content=\"Redakcja Woblinka\" \/>\n\t<meta name=\"twitter:label2\" content=\"Szacowany czas czytania\" \/>\n\t<meta name=\"twitter:data2\" content=\"3 minuty\" \/>\n<script type=\"application\/ld+json\" class=\"yoast-schema-graph\">{\"@context\":\"https:\/\/schema.org\",\"@graph\":[{\"@type\":\"Article\",\"@id\":\"https:\/\/woblink.com\/blog\/znamy-laureatow-nagrody-literackiej-im-w-kazaneckiego\/#article\",\"isPartOf\":{\"@id\":\"https:\/\/woblink.com\/blog\/znamy-laureatow-nagrody-literackiej-im-w-kazaneckiego\/\"},\"author\":{\"name\":\"Redakcja Woblinka\",\"@id\":\"https:\/\/woblink.com\/blog\/#\/schema\/person\/8ab6b79d64fa54209272130c4c3b1e95\"},\"headline\":\"Znamy laureat\u00f3w Nagrody Literackiej im. W. Kazaneckiego\",\"datePublished\":\"2022-04-04T09:28:39+00:00\",\"dateModified\":\"2022-04-04T09:28:39+00:00\",\"mainEntityOfPage\":{\"@id\":\"https:\/\/woblink.com\/blog\/znamy-laureatow-nagrody-literackiej-im-w-kazaneckiego\/\"},\"wordCount\":566,\"publisher\":{\"@id\":\"https:\/\/woblink.com\/blog\/#organization\"},\"articleSection\":[\"Aktualno\u015bci\",\"Ciekawostki o pisarzach\",\"Nagrody literackie\"],\"inLanguage\":\"pl-PL\"},{\"@type\":\"WebPage\",\"@id\":\"https:\/\/woblink.com\/blog\/znamy-laureatow-nagrody-literackiej-im-w-kazaneckiego\/\",\"url\":\"https:\/\/woblink.com\/blog\/znamy-laureatow-nagrody-literackiej-im-w-kazaneckiego\/\",\"name\":\"Znamy laureat\u00f3w Nagrody Literackiej im. W. Kazaneckiego - Woblink\",\"isPartOf\":{\"@id\":\"https:\/\/woblink.com\/blog\/#website\"},\"datePublished\":\"2022-04-04T09:28:39+00:00\",\"dateModified\":\"2022-04-04T09:28:39+00:00\",\"description\":\"Nagroda Literacka Prezydenta Miasta Bia\u0142egostoku im. Wies\u0142awa Kazaneckiego \u2013 Andrzej Stasiuk i Justyna Kulikowska laureatami w g\u0142\u00f3wnej kategorii.\",\"breadcrumb\":{\"@id\":\"https:\/\/woblink.com\/blog\/znamy-laureatow-nagrody-literackiej-im-w-kazaneckiego\/#breadcrumb\"},\"inLanguage\":\"pl-PL\",\"potentialAction\":[{\"@type\":\"ReadAction\",\"target\":[\"https:\/\/woblink.com\/blog\/znamy-laureatow-nagrody-literackiej-im-w-kazaneckiego\/\"]}]},{\"@type\":\"BreadcrumbList\",\"@id\":\"https:\/\/woblink.com\/blog\/znamy-laureatow-nagrody-literackiej-im-w-kazaneckiego\/#breadcrumb\",\"itemListElement\":[{\"@type\":\"ListItem\",\"position\":1,\"name\":\"Strona g\u0142\u00f3wna\",\"item\":\"https:\/\/woblink.com\/blog\/\"},{\"@type\":\"ListItem\",\"position\":2,\"name\":\"Znamy laureat\u00f3w Nagrody Literackiej im. W. Kazaneckiego\"}]},{\"@type\":\"WebSite\",\"@id\":\"https:\/\/woblink.com\/blog\/#website\",\"url\":\"https:\/\/woblink.com\/blog\/\",\"name\":\"Woblink\",\"description\":\"najlepszy firmowy blog o ksi\u0105\u017ckach\",\"publisher\":{\"@id\":\"https:\/\/woblink.com\/blog\/#organization\"},\"potentialAction\":[{\"@type\":\"SearchAction\",\"target\":{\"@type\":\"EntryPoint\",\"urlTemplate\":\"https:\/\/woblink.com\/blog\/?s={search_term_string}\"},\"query-input\":\"required name=search_term_string\"}],\"inLanguage\":\"pl-PL\"},{\"@type\":\"Organization\",\"@id\":\"https:\/\/woblink.com\/blog\/#organization\",\"name\":\"Woblink\",\"url\":\"https:\/\/woblink.com\/blog\/\",\"logo\":{\"@type\":\"ImageObject\",\"inLanguage\":\"pl-PL\",\"@id\":\"https:\/\/woblink.com\/blog\/#\/schema\/logo\/image\/\",\"url\":\"https:\/\/i0.wp.com\/woblink.com\/blog\/wp-content\/uploads\/2019\/04\/nw_logoB.png?fit=185%2C42&ssl=1\",\"contentUrl\":\"https:\/\/i0.wp.com\/woblink.com\/blog\/wp-content\/uploads\/2019\/04\/nw_logoB.png?fit=185%2C42&ssl=1\",\"width\":185,\"height\":42,\"caption\":\"Woblink\"},\"image\":{\"@id\":\"https:\/\/woblink.com\/blog\/#\/schema\/logo\/image\/\"},\"sameAs\":[\"https:\/\/facebook.com\/woblink\",\"https:\/\/twitter.com\/woblink_com\",\"https:\/\/www.instagram.com\/woblink_com\",\"https:\/\/www.linkedin.com\/company\/woblink\/\"]},{\"@type\":\"Person\",\"@id\":\"https:\/\/woblink.com\/blog\/#\/schema\/person\/8ab6b79d64fa54209272130c4c3b1e95\",\"name\":\"Redakcja Woblinka\",\"image\":{\"@type\":\"ImageObject\",\"inLanguage\":\"pl-PL\",\"@id\":\"https:\/\/woblink.com\/blog\/#\/schema\/person\/image\/\",\"url\":\"https:\/\/secure.gravatar.com\/avatar\/f23ae80a7c9da060bee5f8310913478b?s=96&d=mm&r=g\",\"contentUrl\":\"https:\/\/secure.gravatar.com\/avatar\/f23ae80a7c9da060bee5f8310913478b?s=96&d=mm&r=g\",\"caption\":\"Redakcja Woblinka\"},\"url\":\"https:\/\/woblink.com\/blog\/author\/krasny\/\"}]}<\/script>\n<!-- \/ Yoast SEO plugin. -->","yoast_head_json":{"title":"Znamy laureat\u00f3w Nagrody Literackiej im. W. Kazaneckiego - Woblink","description":"Nagroda Literacka Prezydenta Miasta Bia\u0142egostoku im. Wies\u0142awa Kazaneckiego \u2013 Andrzej Stasiuk i Justyna Kulikowska laureatami w g\u0142\u00f3wnej kategorii.","robots":{"index":"index","follow":"follow","max-snippet":"max-snippet:-1","max-image-preview":"max-image-preview:large","max-video-preview":"max-video-preview:-1"},"canonical":"https:\/\/woblink.com\/blog\/znamy-laureatow-nagrody-literackiej-im-w-kazaneckiego\/","og_locale":"pl_PL","og_type":"article","og_title":"Znamy laureat\u00f3w Nagrody Literackiej im. W. Kazaneckiego - Woblink","og_description":"Nagroda Literacka Prezydenta Miasta Bia\u0142egostoku im. Wies\u0142awa Kazaneckiego \u2013 Andrzej Stasiuk i Justyna Kulikowska laureatami w g\u0142\u00f3wnej kategorii.","og_url":"https:\/\/woblink.com\/blog\/znamy-laureatow-nagrody-literackiej-im-w-kazaneckiego\/","og_site_name":"Woblink","article_publisher":"https:\/\/facebook.com\/woblink","article_published_time":"2022-04-04T09:28:39+00:00","og_image":[{"width":1011,"height":690,"url":"https:\/\/i0.wp.com\/woblink.com\/blog\/wp-content\/uploads\/nagroda-literacka-kazaneckiego.png?fit=1011%2C690&ssl=1","type":"image\/png"}],"author":"Redakcja Woblinka","twitter_card":"summary_large_image","twitter_creator":"@woblink_com","twitter_site":"@woblink_com","twitter_misc":{"Napisane przez":"Redakcja Woblinka","Szacowany czas czytania":"3 minuty"},"schema":{"@context":"https:\/\/schema.org","@graph":[{"@type":"Article","@id":"https:\/\/woblink.com\/blog\/znamy-laureatow-nagrody-literackiej-im-w-kazaneckiego\/#article","isPartOf":{"@id":"https:\/\/woblink.com\/blog\/znamy-laureatow-nagrody-literackiej-im-w-kazaneckiego\/"},"author":{"name":"Redakcja Woblinka","@id":"https:\/\/woblink.com\/blog\/#\/schema\/person\/8ab6b79d64fa54209272130c4c3b1e95"},"headline":"Znamy laureat\u00f3w Nagrody Literackiej im. W. Kazaneckiego","datePublished":"2022-04-04T09:28:39+00:00","dateModified":"2022-04-04T09:28:39+00:00","mainEntityOfPage":{"@id":"https:\/\/woblink.com\/blog\/znamy-laureatow-nagrody-literackiej-im-w-kazaneckiego\/"},"wordCount":566,"publisher":{"@id":"https:\/\/woblink.com\/blog\/#organization"},"articleSection":["Aktualno\u015bci","Ciekawostki o pisarzach","Nagrody literackie"],"inLanguage":"pl-PL"},{"@type":"WebPage","@id":"https:\/\/woblink.com\/blog\/znamy-laureatow-nagrody-literackiej-im-w-kazaneckiego\/","url":"https:\/\/woblink.com\/blog\/znamy-laureatow-nagrody-literackiej-im-w-kazaneckiego\/","name":"Znamy laureat\u00f3w Nagrody Literackiej im. W. Kazaneckiego - Woblink","isPartOf":{"@id":"https:\/\/woblink.com\/blog\/#website"},"datePublished":"2022-04-04T09:28:39+00:00","dateModified":"2022-04-04T09:28:39+00:00","description":"Nagroda Literacka Prezydenta Miasta Bia\u0142egostoku im. Wies\u0142awa Kazaneckiego \u2013 Andrzej Stasiuk i Justyna Kulikowska laureatami w g\u0142\u00f3wnej kategorii.","breadcrumb":{"@id":"https:\/\/woblink.com\/blog\/znamy-laureatow-nagrody-literackiej-im-w-kazaneckiego\/#breadcrumb"},"inLanguage":"pl-PL","potentialAction":[{"@type":"ReadAction","target":["https:\/\/woblink.com\/blog\/znamy-laureatow-nagrody-literackiej-im-w-kazaneckiego\/"]}]},{"@type":"BreadcrumbList","@id":"https:\/\/woblink.com\/blog\/znamy-laureatow-nagrody-literackiej-im-w-kazaneckiego\/#breadcrumb","itemListElement":[{"@type":"ListItem","position":1,"name":"Strona g\u0142\u00f3wna","item":"https:\/\/woblink.com\/blog\/"},{"@type":"ListItem","position":2,"name":"Znamy laureat\u00f3w Nagrody Literackiej im. W. Kazaneckiego"}]},{"@type":"WebSite","@id":"https:\/\/woblink.com\/blog\/#website","url":"https:\/\/woblink.com\/blog\/","name":"Woblink","description":"najlepszy firmowy blog o ksi\u0105\u017ckach","publisher":{"@id":"https:\/\/woblink.com\/blog\/#organization"},"potentialAction":[{"@type":"SearchAction","target":{"@type":"EntryPoint","urlTemplate":"https:\/\/woblink.com\/blog\/?s={search_term_string}"},"query-input":"required name=search_term_string"}],"inLanguage":"pl-PL"},{"@type":"Organization","@id":"https:\/\/woblink.com\/blog\/#organization","name":"Woblink","url":"https:\/\/woblink.com\/blog\/","logo":{"@type":"ImageObject","inLanguage":"pl-PL","@id":"https:\/\/woblink.com\/blog\/#\/schema\/logo\/image\/","url":"https:\/\/i0.wp.com\/woblink.com\/blog\/wp-content\/uploads\/2019\/04\/nw_logoB.png?fit=185%2C42&ssl=1","contentUrl":"https:\/\/i0.wp.com\/woblink.com\/blog\/wp-content\/uploads\/2019\/04\/nw_logoB.png?fit=185%2C42&ssl=1","width":185,"height":42,"caption":"Woblink"},"image":{"@id":"https:\/\/woblink.com\/blog\/#\/schema\/logo\/image\/"},"sameAs":["https:\/\/facebook.com\/woblink","https:\/\/twitter.com\/woblink_com","https:\/\/www.instagram.com\/woblink_com","https:\/\/www.linkedin.com\/company\/woblink\/"]},{"@type":"Person","@id":"https:\/\/woblink.com\/blog\/#\/schema\/person\/8ab6b79d64fa54209272130c4c3b1e95","name":"Redakcja Woblinka","image":{"@type":"ImageObject","inLanguage":"pl-PL","@id":"https:\/\/woblink.com\/blog\/#\/schema\/person\/image\/","url":"https:\/\/secure.gravatar.com\/avatar\/f23ae80a7c9da060bee5f8310913478b?s=96&d=mm&r=g","contentUrl":"https:\/\/secure.gravatar.com\/avatar\/f23ae80a7c9da060bee5f8310913478b?s=96&d=mm&r=g","caption":"Redakcja Woblinka"},"url":"https:\/\/woblink.com\/blog\/author\/krasny\/"}]}},"jetpack_featured_media_url":"https:\/\/i0.wp.com\/woblink.com\/blog\/wp-content\/uploads\/nagroda-literacka-kazaneckiego.png?fit=1011%2C690&ssl=1","_links":{"self":[{"href":"https:\/\/woblink.com\/blog\/wp-json\/wp\/v2\/posts\/6906"}],"collection":[{"href":"https:\/\/woblink.com\/blog\/wp-json\/wp\/v2\/posts"}],"about":[{"href":"https:\/\/woblink.com\/blog\/wp-json\/wp\/v2\/types\/post"}],"author":[{"embeddable":true,"href":"https:\/\/woblink.com\/blog\/wp-json\/wp\/v2\/users\/7"}],"replies":[{"embeddable":true,"href":"https:\/\/woblink.com\/blog\/wp-json\/wp\/v2\/comments?post=6906"}],"version-history":[{"count":1,"href":"https:\/\/woblink.com\/blog\/wp-json\/wp\/v2\/posts\/6906\/revisions"}],"predecessor-version":[{"id":6909,"href":"https:\/\/woblink.com\/blog\/wp-json\/wp\/v2\/posts\/6906\/revisions\/6909"}],"wp:featuredmedia":[{"embeddable":true,"href":"https:\/\/woblink.com\/blog\/wp-json\/wp\/v2\/media\/6908"}],"wp:attachment":[{"href":"https:\/\/woblink.com\/blog\/wp-json\/wp\/v2\/media?parent=6906"}],"wp:term":[{"taxonomy":"category","embeddable":true,"href":"https:\/\/woblink.com\/blog\/wp-json\/wp\/v2\/categories?post=6906"},{"taxonomy":"post_tag","embeddable":true,"href":"https:\/\/woblink.com\/blog\/wp-json\/wp\/v2\/tags?post=6906"}],"curies":[{"name":"wp","href":"https:\/\/api.w.org\/{rel}","templated":true}]}}